{"id":193280,"date":"2026-04-27T12:26:06","date_gmt":"2026-04-27T15:26:06","guid":{"rendered":"https:\/\/gysfm.com.ar\/inicio\/putin-se-involucra-en-el-dialogo-en-medio-oriente-e-iran-presenta-una-nueva-propuesta-sobra-el-estrecho-de-ormuz\/"},"modified":"2026-04-27T12:26:07","modified_gmt":"2026-04-27T15:26:07","slug":"putin-se-involucra-en-el-dialogo-en-medio-oriente-e-iran-presenta-una-nueva-propuesta-sobra-el-estrecho-de-ormuz","status":"publish","type":"post","link":"https:\/\/gysfm.com.ar\/inicio\/putin-se-involucra-en-el-dialogo-en-medio-oriente-e-iran-presenta-una-nueva-propuesta-sobra-el-estrecho-de-ormuz\/","title":{"rendered":"Putin se involucra en el di\u00e1logo en Medio Oriente e Ir\u00e1n presenta una nueva propuesta sobra el estrecho de Ormuz"},"content":{"rendered":"<p> <br \/>\n<\/p>\n<div>\n<p class=\"com-paragraph  --capital --s\">EL CAIRO.\u2013 Ir\u00e1n ha ofrecido <strong>poner fin a su control asfixiante sobre el estrecho de Ormuz <\/strong>a cambio de que Estados Unidos <strong>levante su bloqueo sobre el pa\u00eds y ponga fin a <\/strong><a href=\"https:\/\/www.lanacion.com.ar\/el-mundo\/guerra-de-estados-unidos-e-israel-contra-iran-en-vivo-tension-en-medio-oriente-nid26042026-2\/\" target=\"_self\" title=\"https:\/\/www.lanacion.com.ar\/el-mundo\/guerra-de-estados-unidos-e-israel-contra-iran-en-vivo-tension-en-medio-oriente-nid26042026-2\/\" class=\"com-link break-word\" data-mrf-recirculation=\"n_link_parrafo\"><strong>la guerra<\/strong><\/a>, en una propuesta que dejar\u00eda las discusiones sobre <strong>la cuesti\u00f3n m\u00e1s amplia de su programa nuclear <\/strong>para una fase posterior, afirmaron el lunes dos funcionarios regionales con conocimiento del asunto.<\/p>\n<p class=\"com-paragraph   --s\">La propuesta se dio a conocer mientras el canciller del r\u00e9gimen, Abbas Araghchi, se encontraba en San Petersburgo para una reuni\u00f3n con el presidente ruso, <strong>Vladimir Putin<\/strong>, en la que se abordaron las conversaciones de paz en Medio Oriente.<\/p>\n<p class=\"com-paragraph   --s\"><strong>\u201cLa importancia de esta conversaci\u00f3n\u201d <\/strong>entre ambos responsables \u201ces <strong>dif\u00edcil de sobrestimar<\/strong>, en vista de la evoluci\u00f3n de la situaci\u00f3n en torno a Ir\u00e1n y Medio Oriente\u201d, dijo el vocero del Kremlin, Dmtri Peskov, citado por agencias estatales rusas.<\/p>\n<p class=\"com-paragraph   --s\">Parece poco probable que el presidente norteamericano, <a href=\"https:\/\/www.lanacion.com.ar\/el-mundo\/trump-desafia-a-iran-a-negociar-mientras-su-canciller-viaja-a-moscu-para-reunirse-con-putin-nid26042026\/\" target=\"_self\" title=\"https:\/\/www.lanacion.com.ar\/el-mundo\/trump-desafia-a-iran-a-negociar-mientras-su-canciller-viaja-a-moscu-para-reunirse-con-putin-nid26042026\/\" class=\"com-link break-word\" data-mrf-recirculation=\"n_link_parrafo\"><strong>Donald Trump<\/strong><\/a>, acepte la oferta, que fue transmitida a los estadounidenses por Pakist\u00e1n y <strong>dejar\u00eda sin resolver los desacuerdos que llevaron a Estados Unidos e Israel a ir a la guerra <\/strong>el 28 de febrero.<\/p>\n<div class=\"content-media\">\n<section role=\"button\" class=\"mod-media   \">\n<figure role=\"button\" tabindex=\"0\" class=\"mod-figure \"><figcaption class=\"mod-figcaption\"><span class=\"com-text --caption --twoxs\">Mujeres musulmanas iraqu\u00edes durante una protesta contra los ataques de Estados Unidos e Israel en m\u00faltiples ciudades de Ir\u00e1n, en Bagdad, Irak, el 25 de abril de 2026<\/span><span class=\"com-text --credit --twoxs\">Hadi Mizban &#8211; AP<\/span><\/figcaption><\/figure>\n<\/section>\n<\/div>\n<p class=\"com-paragraph   --s\">Con un alto el fuego fr\u00e1gil aun en vigor, Estados Unidos e Ir\u00e1n <strong>est\u00e1n estancados en una pulseada por la estrat\u00e9gica v\u00eda mar\u00edtima<\/strong>, por la que en tiempos de paz pasa una quinta parte del petr\u00f3leo y el gas comercializados en el mundo. El bloqueo de Estados Unidos est\u00e1 dise\u00f1ado <strong>para impedir que Ir\u00e1n venda su petr\u00f3leo<\/strong>, priv\u00e1ndolo de ingresos cruciales y, al mismo tiempo, creando potencialmente una situaci\u00f3n en la que Teher\u00e1n <strong>tenga que cerrar la producci\u00f3n porque no tiene d\u00f3nde almacenar el petr\u00f3leo<\/strong>.<\/p>\n<p class=\"com-paragraph   --s\">Al mismo tiempo, <strong>el cierre del estrecho tambi\u00e9n ha puesto presi\u00f3n sobre <\/strong><a href=\"https:\/\/www.lanacion.com.ar\/estados-unidos\/las-causas-que-insluflan-la-violencia-politica-en-eeuu-y-las-alertas-que-surgen-hacia-las-elecciones-nid26042026\/\" target=\"_self\" title=\"https:\/\/www.lanacion.com.ar\/estados-unidos\/las-causas-que-insluflan-la-violencia-politica-en-eeuu-y-las-alertas-que-surgen-hacia-las-elecciones-nid26042026\/\" class=\"com-link break-word\" data-mrf-recirculation=\"n_link_parrafo\"><strong>Trump<\/strong><\/a>, ya que los precios del petr\u00f3leo y la nafta se han disparado <strong>antes de las cruciales elecciones norteamericanas de medio t\u00e9rmino<\/strong>, y ha presionado a sus aliados del Golfo, que utilizan la v\u00eda mar\u00edtima para exportar su petr\u00f3leo y gas.<\/p>\n<div class=\"content-media\">\n<section role=\"button\" class=\"mod-media   \">\n<figure role=\"button\" tabindex=\"0\" class=\"mod-figure \"><figcaption class=\"mod-figcaption\"><span class=\"com-text --caption --twoxs\">Mujeres musulmanas iraqu\u00edes durante una protesta contra los ataques de Estados Unidos e Israel en m\u00faltiples ciudades de Ir\u00e1n, en Bagdad, Irak, el 25 de abril de 2026<\/span><span class=\"com-text --credit --twoxs\">Hadi Mizban &#8211; AP<\/span><\/figcaption><\/figure>\n<\/section>\n<\/div>\n<p class=\"com-paragraph   --s\">El cierre del estrecho ha tenido adem\u00e1s efectos de gran alcance en toda la econom\u00eda mundial, <strong>elevando el precio de los fertilizantes, los alimentos y otros productos b\u00e1sicos<\/strong>.<\/p>\n<p class=\"com-paragraph   --s\">La nueva propuesta del r\u00e9gimen isl\u00e1mico <strong>aplazar\u00eda las negociaciones sobre su programa nuclear <\/strong>para una fecha posterior, por el momento sin fechas claras. Trump sostuvo desde un principio que una de las principales razones por las que fue a la guerra fue <strong>negar a Ir\u00e1n la capacidad de desarrollar armas nucleares<\/strong>.<\/p>\n<p class=\"com-paragraph   --s\">Los dos funcionarios, que ten\u00edan conocimiento de la propuesta, hablaron bajo condici\u00f3n de anonimato para referirse a <strong>las negociaciones a puerta cerrada entre funcionarios iran\u00edes y paquistan\u00edes <\/strong>de este fin de semana. El medio norteamericano Axios inform\u00f3 primero sobre la propuesta de Ir\u00e1n.<\/p>\n<div class=\"content-media\">\n<section role=\"button\" class=\"mod-media   \">\n<figure role=\"button\" tabindex=\"0\" class=\"mod-figure \"><figcaption class=\"mod-figcaption\"><span class=\"com-text --caption --twoxs\">Una mujer iraqu\u00ed sostiene un retrato del L\u00edder Supremo de Ir\u00e1n, el ayatollah Ali Khamenei, durante una protesta en Bagdad, Irak, el 25 de abril de 2026<\/span><span class=\"com-text --credit --twoxs\">Hadi Mizban &#8211; AP<\/span><\/figcaption><\/figure>\n<\/section>\n<\/div>\n<p class=\"com-paragraph   --s\">Mientras tanto, <strong>el ministro de Exteriores de Ir\u00e1n, Abbas Araghchi<\/strong>, <strong>lleg\u00f3 el lunes a Rusia <\/strong>, que durante mucho tiempo ha sido un respaldo clave de Teher\u00e1n. Por el momento, <strong>no est\u00e1 claro qu\u00e9 tipo de ayuda podr\u00eda ofrecer Mosc\u00fa en este caso<\/strong>.<\/p>\n<p class=\"com-paragraph   --s\">La agencia china Xinhua report\u00f3 que Putin recibi\u00f3 un mensaje del l\u00edder supremo de Ir\u00e1n, <strong>Mojtaba Khamenei<\/strong>, la semana pasada, pero no dio detalles sobre el contenido.<\/p>\n<p class=\"com-paragraph   --s\">\u201cPor nuestra parte, <strong>haremos todo lo que redunde \u2060en beneficio de sus intereses y de los de todos los pueblos de \u200cla regi\u00f3n<\/strong> para garantizar que se alcance la paz lo antes posible\u201d, dijo Putin a Araghchi, seg\u00fan los medios estatales rusos.<\/p>\n<p class=\"com-paragraph   --s\">\u201cLa semana pasada<strong> recib\u00ed un mensaje del l\u00edder supremo de Ir\u00e1n<\/strong>. Me gustar\u00eda pedirle que le transmita mi m\u00e1s sincero agradecimiento por ello \u200cy que le confirme que Rusia, al igual que Ir\u00e1n, tiene \u2060la intenci\u00f3n de continuar con nuestra relaci\u00f3n estrat\u00e9gica\u201d, a\u00f1adi\u00f3 \u200cPutin.<\/p>\n<p class=\"com-paragraph   --s\">La semana pasada,<strong> <\/strong><a href=\"https:\/\/www.lanacion.com.ar\/estados-unidos\/trump-toco-fondo-la-guerra-en-iran-la-inflacion-y-una-serie-de-reveses-erosionan-su-principal-nid26042026\/\" target=\"_self\" title=\"https:\/\/www.lanacion.com.ar\/estados-unidos\/trump-toco-fondo-la-guerra-en-iran-la-inflacion-y-una-serie-de-reveses-erosionan-su-principal-nid26042026\/\" class=\"com-link break-word\" data-mrf-recirculation=\"n_link_parrafo\"><strong>Trump<\/strong><\/a><strong> prorrog\u00f3 de manera indefinida el alto el fuego <\/strong>que Estados Unidos e Ir\u00e1n acordaron el 7 de abril. Aunque la tregua ha detenido en gran medida los combates, <strong>no se ha alcanzado ning\u00fan acuerdo sobre las condiciones \u200bpara poner fin a una guerra <\/strong>que ha causado miles de muertos, disparado los precios del petr\u00f3leo, avivado la inflaci\u00f3n y ensombrecido las perspectivas de crecimiento mundial.<\/p>\n<p class=\"com-paragraph   --s\">La agencia estatal de noticias iran\u00ed IRNA dijo que Araghchi aterriz\u00f3 en San Petersburgo por la ma\u00f1ana, antes de <strong>una reuni\u00f3n prevista con el presidente ruso, Vladimir Putin<\/strong>.<\/p>\n<p class=\"com-paragraph   --s\">\u201cEs una buena oportunidad <strong>para que consultemos con nuestros amigos rusos sobre los acontecimientos <\/strong>que han ocurrido en relaci\u00f3n con la guerra durante este periodo y lo que est\u00e1 pasando ahora\u201d, dijo Araghchi en una entrevista en video publicada por IRNA.<\/p>\n<div class=\"content-media\">\n<section role=\"button\" class=\"mod-media   \">\n<figure role=\"button\" tabindex=\"0\" class=\"mod-figure \"><figcaption class=\"mod-figcaption\"><span class=\"com-text --caption --twoxs\">Russian President Vladimir Putin shakes hands with Iranian Foreign Minister Abbas Araghchi during their meeting at the Boris Yeltsin Presidential Library in Saint Petersburg on April 27, 2026. (Photo by Dmitry LOVETSKY \/ POOL \/ AFP)<\/span><span class=\"com-text --credit --twoxs\">DMITRY LOVETSKY &#8211; POOL<\/span><\/figcaption><\/figure>\n<\/section>\n<\/div>\n<p class=\"com-paragraph   --s\">Adem\u00e1s, el ministro <strong>responsabiliz\u00f3 a Washington por el colapso de la \u00faltima ronda de conversaciones <\/strong>en Pakist\u00e1n, apuntando que la delegaci\u00f3n norteamericana <strong>present\u00f3 \u201cexigencias excesivas\u201d<\/strong>.<\/p>\n<p class=\"com-paragraph   --s\"><strong>\u201cEl enfoque de Estados Unidos hizo que la anterior ronda de negociaciones, pese a los avances, no lograra alcanzar sus objetivos\u201d<\/strong>, dijo Araqchi, citado por los medios estatales iran\u00edes.<\/p>\n<p class=\"com-paragraph   --s\">Durante el fin de semana, <strong>el canciller hizo dos escalas en Pakist\u00e1n y una visita a Om\u00e1n<\/strong>, que comparte el estrecho con Ir\u00e1n. Tambi\u00e9n habl\u00f3 por tel\u00e9fono con sus hom\u00f3logos de <strong>Qatar <\/strong>y <strong>Arabia Saudita <\/strong>el domingo.<\/p>\n<div class=\"content-media\">\n<section role=\"button\" class=\"mod-media   \">\n<figure role=\"button\" tabindex=\"0\" class=\"mod-figure \"><figcaption class=\"mod-figcaption\"><span class=\"com-text --caption --twoxs\">Araghchi estrechando la mano del sult\u00e1n de Om\u00e1n, Haitham bin Tariq, antes de su reuni\u00f3n en Mascate<\/span><span class=\"com-text --credit --twoxs\">&#8211; &#8211; Iran&#8217;s Foreign Ministry<\/span><\/figcaption><\/figure>\n<\/section>\n<\/div>\n<p class=\"com-paragraph   --s\">El r\u00e9gimen isl\u00e1mico quiere persuadir a Om\u00e1n para que respalde <strong>un mecanismo para cobrar peajes a los buques que pasan por el estrecho<\/strong>, seg\u00fan un funcionario regional que habl\u00f3 bajo condici\u00f3n de anonimato. La respuesta de Om\u00e1n <strong>no estaba clara de inmediato<\/strong>.<\/p>\n<p class=\"com-paragraph   --s\">El funcionario, que participa en los esfuerzos de mediaci\u00f3n, tambi\u00e9n indic\u00f3 que <a href=\"https:\/\/www.lanacion.com.ar\/el-mundo\/en-que-consiste-la-nueva-estrategia-del-regimen-irani-a-casi-dos-meses-de-iniciada-la-guerra-segun-nid24042026\/\" target=\"_self\" title=\"https:\/\/www.lanacion.com.ar\/el-mundo\/en-que-consiste-la-nueva-estrategia-del-regimen-irani-a-casi-dos-meses-de-iniciada-la-guerra-segun-nid24042026\/\" class=\"com-link break-word\" data-mrf-recirculation=\"n_link_parrafo\">Ir\u00e1n<\/a> insisti\u00f3 en <strong>poner fin al bloqueo de Estados Unidos antes de nuevas conversaciones <\/strong>y que mediadores encabezados por Pakist\u00e1n <strong>est\u00e1n tratando de salvar importantes diferencias entre los pa\u00edses<\/strong>.<\/p>\n<div class=\"content-media\">\n<section role=\"button\" class=\"mod-media   \">\n<figure role=\"button\" tabindex=\"0\" class=\"mod-figure \"><figcaption class=\"mod-figcaption\"><span class=\"com-text --caption --twoxs\">Una pancarta con la leyenda \u201cAyatollah Ali Khamenei, m\u00e1rtir\u201d se exhibe a lo largo del paseo peatonal del Lago Chitgar, en el noroeste de Teher\u00e1n, Ir\u00e1n, el 26 de abril de 2026<\/span><span class=\"com-text --credit --twoxs\">ATTA KENARE &#8211; AFP<\/span><\/figcaption><\/figure>\n<\/section>\n<\/div>\n<p class=\"com-paragraph   --s\">En simult\u00e1neo, Ir\u00e1n elabora actualmente <strong>un proyecto de ley que otorgar\u00eda a sus fuerzas armadas el control sobre el estrecho <\/strong>de Ormuz, seg\u00fan declar\u00f3 este lunes un alto cargo del r\u00e9gimen isl\u00e1mico.<\/p>\n<p class=\"com-paragraph   --s\"><strong>Ebrahim Azizi<\/strong>, presidente de la comisi\u00f3n parlamentaria de seguridad nacional encargada de examinar el texto, declar\u00f3 a la televisi\u00f3n estatal que <strong>el Ej\u00e9rcito controlar\u00eda el estrecho para, entre otras cosas, prohibir el paso de \u201cbuques hostiles\u201d<\/strong>.<\/p>\n<p class=\"com-paragraph   --s\">El proyecto prev\u00e9 tambi\u00e9n que los derechos de paso <strong>se paguen en la moneda local, el rial iran\u00ed<\/strong>.<\/p>\n<p class=\"com-paragraph   --s\">Pakist\u00e1n ha tratado de reactivar conversaciones estancadas entre Ir\u00e1n y Estados Unidos, y <strong>se esperaban negociaciones en <\/strong><a href=\"https:\/\/www.lanacion.com.ar\/el-mundo\/el-canciller-irani-viaja-a-pakistan-y-crecen-las-expectativas-por-una-nueva-ronda-de-conversaciones-nid24042026\/\" target=\"_self\" title=\"https:\/\/www.lanacion.com.ar\/el-mundo\/el-canciller-irani-viaja-a-pakistan-y-crecen-las-expectativas-por-una-nueva-ronda-de-conversaciones-nid24042026\/\" class=\"com-link break-word\" data-mrf-recirculation=\"n_link_parrafo\"><strong>Islamabad<\/strong><\/a><strong> durante el fin de semana<\/strong>. En su lugar, <a href=\"https:\/\/www.lanacion.com.ar\/el-mundo\/los-enviados-de-trump-viajan-a-pakistan-pero-iran-se-niega-a-retomar-las-conversaciones-directas-nid25042026\/\" target=\"_self\" title=\"https:\/\/www.lanacion.com.ar\/el-mundo\/los-enviados-de-trump-viajan-a-pakistan-pero-iran-se-niega-a-retomar-las-conversaciones-directas-nid25042026\/\" class=\"com-link break-word\" data-mrf-recirculation=\"n_link_parrafo\">Trump<\/a> cancel\u00f3 un viaje de sus emisarios <strong>Steve Witkoff <\/strong>y <strong>Jared Kushner<\/strong>, y <strong>sugiri\u00f3 que las conversaciones podr\u00edan realizarse por tel\u00e9fono<\/strong>.<\/p>\n<p class=\"com-paragraph   --s\">\u00ab<strong>Si quieren hablar, pueden venir a vernos o llamarnos. Ya saben, hay un tel\u00e9fono<\/strong>. \u200bTenemos l\u00edneas seguras y de buena calidad\u00bb, dijo Trump en un programa de \u200bFox News.<\/p>\n<div class=\"content-media\">\n<section role=\"button\" class=\"mod-media   \">\n<figure role=\"button\" tabindex=\"0\" class=\"mod-figure \"><figcaption class=\"mod-figcaption\"><span class=\"com-text --caption --twoxs\">Trump habla durante una conferencia de prensa en la Sala de Prensa Brady de la Casa Blanca, en Washington, Estados Unidos, el 25 de abril de 2026<\/span><span class=\"com-text --credit --twoxs\">KENT NISHIMURA &#8211; AFP<\/span><\/figcaption><\/figure>\n<\/section>\n<\/div>\n<p class=\"com-paragraph   --s\">\u201cSaben lo que tiene que incluir el acuerdo. <strong>Es muy sencillo: no pueden tener armas nucleares<\/strong>; de lo contrario, no hay raz\u00f3n para reunirse\u00bb, agreg\u00f3 el mandatario norteamericano.<\/p>\n<p class=\"com-paragraph   --s\">La agencia noticiosa Fars inform\u00f3 que, aunque se cancelaron las negociaciones, <strong>Ir\u00e1n envi\u00f3 \u201cmensajes escritos\u201d a los estadounidenses a trav\u00e9s de Pakist\u00e1n <\/strong>para definir sus l\u00edneas rojas, incluyendo el tema nuclear y el estrecho de Ormuz.<\/p>\n<div class=\"content-media\">\n<section role=\"button\" class=\"mod-media   \">\n<figure role=\"button\" tabindex=\"0\" class=\"mod-figure \"><figcaption class=\"mod-figcaption\"><span class=\"com-text --caption --twoxs\">Trump habla durante una conferencia de prensa en la Sala de Prensa Brady de la Casa Blanca, en Washington, Estados Unidos, el 25 de abril de 2026<\/span><span class=\"com-text --credit --twoxs\">MANDEL NGAN &#8211; AFP<\/span><\/figcaption><\/figure>\n<\/section>\n<\/div>\n<p class=\"com-paragraph   --s\"><a href=\"https:\/\/www.lanacion.com.ar\/estados-unidos\/abraham-newman-el-neomonarquismo-de-trump-nos-ayuda-a-comprender-por-que-eeuu-esta-tan-cerca-de-la-nid24042026\/\" target=\"_self\" title=\"https:\/\/www.lanacion.com.ar\/estados-unidos\/abraham-newman-el-neomonarquismo-de-trump-nos-ayuda-a-comprender-por-que-eeuu-esta-tan-cerca-de-la-nid24042026\/\" class=\"com-link break-word\" data-mrf-recirculation=\"n_link_parrafo\">Trump<\/a> dijo a periodistas el s\u00e1bado que despu\u00e9s de que cancelara el viaje de sus emisarios a Pakist\u00e1n, <strong>Ir\u00e1n envi\u00f3 una propuesta \u201cmucho mejor\u201d<\/strong>.<\/p>\n<p class=\"com-paragraph   --s\">No dio m\u00e1s detalles, pero subray\u00f3 que una de sus condiciones es que <strong>Ir\u00e1n \u201cno tendr\u00e1 un arma nuclear\u201d<\/strong>. Ir\u00e1n insiste en que su programa es pac\u00edfico, pero Estados Unidos quiere <strong>eliminar las reservas de uranio altamente enriquecido de Teher\u00e1n<\/strong>, que podr\u00edan utilizarse para construir una bomba.<\/p>\n<p class=\"com-paragraph   --s\">Las discrepancias entre Estados Unidos e Ir\u00e1n van m\u00e1s all\u00e1 del programa nuclear de Teher\u00e1n y el control del \u200cestrecho. <strong>Trump quiere limitar el apoyo de Ir\u00e1n a sus aliados regionales<\/strong>, incluidos los grupos terroristas <a href=\"https:\/\/www.lanacion.com.ar\/el-mundo\/guerra-de-estados-unidos-e-israel-contra-iran-en-vivo-tension-en-medio-oriente-hoy-viernes-24-de-nid24042026\/\" target=\"_self\" title=\"https:\/\/www.lanacion.com.ar\/el-mundo\/guerra-de-estados-unidos-e-israel-contra-iran-en-vivo-tension-en-medio-oriente-hoy-viernes-24-de-nid24042026\/\" class=\"com-link break-word\" data-mrf-recirculation=\"n_link_parrafo\"><strong>Hezbollah<\/strong><\/a><strong> <\/strong>en <strong>el \u200bL\u00edbano <\/strong>y <a href=\"https:\/\/www.lanacion.com.ar\/el-mundo\/palestina-vota-en-las-primeras-elecciones-desde-el-inicio-de-la-guerra-en-gaza-nid25042026\/\" target=\"_self\" title=\"https:\/\/www.lanacion.com.ar\/el-mundo\/palestina-vota-en-las-primeras-elecciones-desde-el-inicio-de-la-guerra-en-gaza-nid25042026\/\" class=\"com-link break-word\" data-mrf-recirculation=\"n_link_parrafo\"><strong>Hamas<\/strong><\/a> en <strong>Gaza<\/strong>, y frenar su capacidad para atacar a los aliados norteamericanos con misiles bal\u00edsticos. <strong>Ir\u00e1n quiere que se levanten las sanciones y que cesen los ataques israel\u00edes contra Hezbollah<\/strong>.<\/p>\n<p class=\"com-paragraph   --s\">En el L\u00edbano, <strong>los ataques israel\u00edes mataron a 14 personas <\/strong>-incluidos <strong>dos chicos<\/strong>&#8211; <strong>e hirieron a 37 el domingo<\/strong>, seg\u00fan inform\u00f3 el Ministerio de Sanidad. El Ej\u00e9rcito israel\u00ed inform\u00f3 que <strong>uno de sus soldados hab\u00eda muerto <\/strong>y advirti\u00f3 a los residentes <strong>que abandonaran siete localidades <\/strong>situadas despu\u00e9s de la \u201czona de amortiguaci\u00f3n\u201d que ocupaba antes de un alto el fuego \u200cque no ha logrado detener por completo las hostilidades.<\/p>\n<div class=\"content-media\">\n<section role=\"button\" class=\"mod-media   \">\n<figure role=\"button\" tabindex=\"0\" class=\"mod-figure \"><figcaption class=\"mod-figcaption\"><span class=\"com-text --caption --twoxs\">Se eleva humo tras una explosi\u00f3n israel\u00ed en el sur del L\u00edbano, cerca de la frontera, vista desde la Alta Galilea, en el norte de Israel, el 27 de abril de 2026<\/span><span class=\"com-text --credit --twoxs\">JALAA MAREY &#8211; AFP<\/span><\/figcaption><\/figure>\n<\/section>\n<\/div>\n<p class=\"com-paragraph   --s\"><strong>Hezbollah arrastr\u00f3 al L\u00edbano a la guerra el 2 de marzo<\/strong>, cuando dispar\u00f3 cohetes contra Israel en venganza por la muerte del l\u00edder supremo iran\u00ed, <strong>Ali Khamenei<\/strong>. Israel respondi\u00f3 <strong>con bombardeos y una invasi\u00f3n terrestre<\/strong>. Las dos partes alcanzaron una tregua pero <strong>se acusan mutuamente de violarla<\/strong>.<\/p>\n<p class=\"com-paragraph   --s\">Desde que empez\u00f3 la guerra, <strong>al menos 3375 personas han muerto en Ir\u00e1n <\/strong>y <strong>al menos 2509 personas en el L\u00edbano<\/strong>. Otras <strong>23 personas han muerto en Israel <\/strong>y <strong>m\u00e1s de una docena en estados \u00e1rabes del Golfo<\/strong>. Han muerto <strong>quince soldados israel\u00edes <\/strong>en el L\u00edbano, <strong>13 militares de Estados Unidos <\/strong>en la regi\u00f3n y <strong>seis cascos azules <\/strong>de la ONU en el sur del L\u00edbano.<\/p>\n<p class=\"com-paragraph   --s\"><strong>El alto el fuego entre Israel y Hezbollah se ha extendido por tres semanas<\/strong>. Hezbollah no ha participado en la diplomacia impulsada por Washington.<\/p>\n<p class=\"com-paragraph   --s\"><strong>Agencias AP, AFP, Reuters y Xinhua<\/strong><\/p>\n<section class=\"container-center-100 mb-40 border border-bottom border-thin border-neutral-light-700\">\n<hr\/>\n<\/section>\n<\/div>\n<p><script id=\"facebookpixel\" defer=\"\" type=\"text\/javascript\">\n        !function(f,b,e,v,n,t,s)\n        {if(f.fbq)return;n=f.fbq=function(){n.callMethod?\n        n.callMethod.apply(n,arguments):n.queue.push(arguments)};\n        if(!f._fbq)f._fbq=n;n.push=n;n.loaded=!0;n.version='2.0';\n        n.queue=[];t=b.createElement(e);t.async=!0;\n        t.src=v;s=b.getElementsByTagName(e)[0];\n        s.parentNode.insertBefore(t,s)}(window, document,'script',\n        'https:\/\/connect.facebook.net\/en_US\/fbevents.js');\n        fbq('init', '492459597522335');\n        fbq('track', 'PageView');\n    <\/script><br \/>\n<br \/><\/p>\n","protected":false},"excerpt":{"rendered":"<p>EL CAIRO.\u2013 Ir\u00e1n ha ofrecido poner fin a su control asfixiante sobre el estrecho de Ormuz a cambio de que Estados Unidos levante su bloqueo sobre el pa\u00eds y ponga fin a la guerra, en una propuesta que dejar\u00eda las discusiones sobre la cuesti\u00f3n m\u00e1s amplia de su programa nuclear para una fase posterior, afirmaron [&hellip;]<\/p>\n","protected":false},"author":2,"featured_media":193281,"comment_status":"closed","ping_status":"closed","sticky":false,"template":"","format":"standard","meta":{"footnotes":""},"categories":[26],"tags":[],"class_list":["post-193280","post","type-post","status-publish","format-standard","has-post-thumbnail","hentry","category-internacionales"],"yoast_head":"<!-- This site is optimized with the Yoast SEO plugin v24.4 - https:\/\/yoast.com\/wordpress\/plugins\/seo\/ -->\n<title>Putin se involucra en el di\u00e1logo en Medio Oriente e Ir\u00e1n presenta una nueva propuesta sobra el estrecho de Ormuz - GYS NOTICIAS |<\/title>\n<meta name=\"robots\" content=\"index, follow, max-snippet:-1, max-image-preview:large, max-video-preview:-1\" \/>\n<link rel=\"canonical\" href=\"https:\/\/gysfm.com.ar\/inicio\/putin-se-involucra-en-el-dialogo-en-medio-oriente-e-iran-presenta-una-nueva-propuesta-sobra-el-estrecho-de-ormuz\/\" \/>\n<meta property=\"og:locale\" content=\"es_ES\" \/>\n<meta property=\"og:type\" content=\"article\" \/>\n<meta property=\"og:title\" content=\"Putin se involucra en el di\u00e1logo en Medio Oriente e Ir\u00e1n presenta una nueva propuesta sobra el estrecho de Ormuz - GYS NOTICIAS |\" \/>\n<meta property=\"og:description\" content=\"EL CAIRO.\u2013 Ir\u00e1n ha ofrecido poner fin a su control asfixiante sobre el estrecho de Ormuz a cambio de que Estados Unidos levante su bloqueo sobre el pa\u00eds y ponga fin a la guerra, en una propuesta que dejar\u00eda las discusiones sobre la cuesti\u00f3n m\u00e1s amplia de su programa nuclear para una fase posterior, afirmaron [&hellip;]\" \/>\n<meta property=\"og:url\" content=\"https:\/\/gysfm.com.ar\/inicio\/putin-se-involucra-en-el-dialogo-en-medio-oriente-e-iran-presenta-una-nueva-propuesta-sobra-el-estrecho-de-ormuz\/\" \/>\n<meta property=\"og:site_name\" content=\"GYS NOTICIAS |\" \/>\n<meta property=\"article:published_time\" content=\"2026-04-27T15:26:06+00:00\" \/>\n<meta property=\"article:modified_time\" content=\"2026-04-27T15:26:07+00:00\" \/>\n<meta property=\"og:image\" content=\"https:\/\/gysfm.com.ar\/inicio\/wp-content\/uploads\/2026\/04\/el-saludo-de-vladimir-putin-y-el-canciller-irani-CEUAJYS2LFBDLLG2K4RCB37EAI.JPG\" \/>\n\t<meta property=\"og:image:width\" content=\"1200\" \/>\n\t<meta property=\"og:image:height\" content=\"800\" \/>\n\t<meta property=\"og:image:type\" content=\"image\/jpeg\" \/>\n<meta name=\"author\" content=\"Prensa G&amp;S FM\" \/>\n<meta name=\"twitter:card\" content=\"summary_large_image\" \/>\n<meta name=\"twitter:label1\" content=\"Escrito por\" \/>\n\t<meta name=\"twitter:data1\" content=\"Prensa G&amp;S FM\" \/>\n\t<meta name=\"twitter:label2\" content=\"Tiempo de lectura\" \/>\n\t<meta name=\"twitter:data2\" content=\"10 minutos\" \/>\n<script type=\"application\/ld+json\" class=\"yoast-schema-graph\">{\"@context\":\"https:\/\/schema.org\",\"@graph\":[{\"@type\":\"Article\",\"@id\":\"https:\/\/gysfm.com.ar\/inicio\/putin-se-involucra-en-el-dialogo-en-medio-oriente-e-iran-presenta-una-nueva-propuesta-sobra-el-estrecho-de-ormuz\/#article\",\"isPartOf\":{\"@id\":\"https:\/\/gysfm.com.ar\/inicio\/putin-se-involucra-en-el-dialogo-en-medio-oriente-e-iran-presenta-una-nueva-propuesta-sobra-el-estrecho-de-ormuz\/\"},\"author\":{\"name\":\"Prensa G&amp;S FM\",\"@id\":\"https:\/\/gysfm.com.ar\/inicio\/#\/schema\/person\/3abba7593ef2ad19e1be221d54383dc5\"},\"headline\":\"Putin se involucra en el di\u00e1logo en Medio Oriente e Ir\u00e1n presenta una nueva propuesta sobra el estrecho de Ormuz\",\"datePublished\":\"2026-04-27T15:26:06+00:00\",\"dateModified\":\"2026-04-27T15:26:07+00:00\",\"mainEntityOfPage\":{\"@id\":\"https:\/\/gysfm.com.ar\/inicio\/putin-se-involucra-en-el-dialogo-en-medio-oriente-e-iran-presenta-una-nueva-propuesta-sobra-el-estrecho-de-ormuz\/\"},\"wordCount\":1946,\"publisher\":{\"@id\":\"https:\/\/gysfm.com.ar\/inicio\/#organization\"},\"image\":{\"@id\":\"https:\/\/gysfm.com.ar\/inicio\/putin-se-involucra-en-el-dialogo-en-medio-oriente-e-iran-presenta-una-nueva-propuesta-sobra-el-estrecho-de-ormuz\/#primaryimage\"},\"thumbnailUrl\":\"https:\/\/gysfm.com.ar\/inicio\/wp-content\/uploads\/2026\/04\/el-saludo-de-vladimir-putin-y-el-canciller-irani-CEUAJYS2LFBDLLG2K4RCB37EAI.JPG\",\"articleSection\":[\"INTERNACIONALES\"],\"inLanguage\":\"es\"},{\"@type\":\"WebPage\",\"@id\":\"https:\/\/gysfm.com.ar\/inicio\/putin-se-involucra-en-el-dialogo-en-medio-oriente-e-iran-presenta-una-nueva-propuesta-sobra-el-estrecho-de-ormuz\/\",\"url\":\"https:\/\/gysfm.com.ar\/inicio\/putin-se-involucra-en-el-dialogo-en-medio-oriente-e-iran-presenta-una-nueva-propuesta-sobra-el-estrecho-de-ormuz\/\",\"name\":\"Putin se involucra en el di\u00e1logo en Medio Oriente e Ir\u00e1n presenta una nueva propuesta sobra el estrecho de Ormuz - GYS NOTICIAS |\",\"isPartOf\":{\"@id\":\"https:\/\/gysfm.com.ar\/inicio\/#website\"},\"primaryImageOfPage\":{\"@id\":\"https:\/\/gysfm.com.ar\/inicio\/putin-se-involucra-en-el-dialogo-en-medio-oriente-e-iran-presenta-una-nueva-propuesta-sobra-el-estrecho-de-ormuz\/#primaryimage\"},\"image\":{\"@id\":\"https:\/\/gysfm.com.ar\/inicio\/putin-se-involucra-en-el-dialogo-en-medio-oriente-e-iran-presenta-una-nueva-propuesta-sobra-el-estrecho-de-ormuz\/#primaryimage\"},\"thumbnailUrl\":\"https:\/\/gysfm.com.ar\/inicio\/wp-content\/uploads\/2026\/04\/el-saludo-de-vladimir-putin-y-el-canciller-irani-CEUAJYS2LFBDLLG2K4RCB37EAI.JPG\",\"datePublished\":\"2026-04-27T15:26:06+00:00\",\"dateModified\":\"2026-04-27T15:26:07+00:00\",\"breadcrumb\":{\"@id\":\"https:\/\/gysfm.com.ar\/inicio\/putin-se-involucra-en-el-dialogo-en-medio-oriente-e-iran-presenta-una-nueva-propuesta-sobra-el-estrecho-de-ormuz\/#breadcrumb\"},\"inLanguage\":\"es\",\"potentialAction\":[{\"@type\":\"ReadAction\",\"target\":[\"https:\/\/gysfm.com.ar\/inicio\/putin-se-involucra-en-el-dialogo-en-medio-oriente-e-iran-presenta-una-nueva-propuesta-sobra-el-estrecho-de-ormuz\/\"]}]},{\"@type\":\"ImageObject\",\"inLanguage\":\"es\",\"@id\":\"https:\/\/gysfm.com.ar\/inicio\/putin-se-involucra-en-el-dialogo-en-medio-oriente-e-iran-presenta-una-nueva-propuesta-sobra-el-estrecho-de-ormuz\/#primaryimage\",\"url\":\"https:\/\/gysfm.com.ar\/inicio\/wp-content\/uploads\/2026\/04\/el-saludo-de-vladimir-putin-y-el-canciller-irani-CEUAJYS2LFBDLLG2K4RCB37EAI.JPG\",\"contentUrl\":\"https:\/\/gysfm.com.ar\/inicio\/wp-content\/uploads\/2026\/04\/el-saludo-de-vladimir-putin-y-el-canciller-irani-CEUAJYS2LFBDLLG2K4RCB37EAI.JPG\",\"width\":1200,\"height\":800},{\"@type\":\"BreadcrumbList\",\"@id\":\"https:\/\/gysfm.com.ar\/inicio\/putin-se-involucra-en-el-dialogo-en-medio-oriente-e-iran-presenta-una-nueva-propuesta-sobra-el-estrecho-de-ormuz\/#breadcrumb\",\"itemListElement\":[{\"@type\":\"ListItem\",\"position\":1,\"name\":\"Portada\",\"item\":\"https:\/\/gysfm.com.ar\/inicio\/\"},{\"@type\":\"ListItem\",\"position\":2,\"name\":\"Putin se involucra en el di\u00e1logo en Medio Oriente e Ir\u00e1n presenta una nueva propuesta sobra el estrecho de Ormuz\"}]},{\"@type\":\"WebSite\",\"@id\":\"https:\/\/gysfm.com.ar\/inicio\/#website\",\"url\":\"https:\/\/gysfm.com.ar\/inicio\/\",\"name\":\"GYS NOTICIAS |\",\"description\":\"DIARIO - RADIO ONLINE SAN JUAN ARGENTINA\",\"publisher\":{\"@id\":\"https:\/\/gysfm.com.ar\/inicio\/#organization\"},\"potentialAction\":[{\"@type\":\"SearchAction\",\"target\":{\"@type\":\"EntryPoint\",\"urlTemplate\":\"https:\/\/gysfm.com.ar\/inicio\/?s={search_term_string}\"},\"query-input\":{\"@type\":\"PropertyValueSpecification\",\"valueRequired\":true,\"valueName\":\"search_term_string\"}}],\"inLanguage\":\"es\"},{\"@type\":\"Organization\",\"@id\":\"https:\/\/gysfm.com.ar\/inicio\/#organization\",\"name\":\"GYS NOTICIAS |\",\"url\":\"https:\/\/gysfm.com.ar\/inicio\/\",\"logo\":{\"@type\":\"ImageObject\",\"inLanguage\":\"es\",\"@id\":\"https:\/\/gysfm.com.ar\/inicio\/#\/schema\/logo\/image\/\",\"url\":\"https:\/\/gysfm.com.ar\/inicio\/wp-content\/uploads\/2023\/07\/LOGOGYS-OK.png\",\"contentUrl\":\"https:\/\/gysfm.com.ar\/inicio\/wp-content\/uploads\/2023\/07\/LOGOGYS-OK.png\",\"width\":1170,\"height\":872,\"caption\":\"GYS NOTICIAS |\"},\"image\":{\"@id\":\"https:\/\/gysfm.com.ar\/inicio\/#\/schema\/logo\/image\/\"}},{\"@type\":\"Person\",\"@id\":\"https:\/\/gysfm.com.ar\/inicio\/#\/schema\/person\/3abba7593ef2ad19e1be221d54383dc5\",\"name\":\"Prensa G&amp;S FM\",\"image\":{\"@type\":\"ImageObject\",\"inLanguage\":\"es\",\"@id\":\"https:\/\/gysfm.com.ar\/inicio\/#\/schema\/person\/image\/\",\"url\":\"https:\/\/secure.gravatar.com\/avatar\/096ec78df02049ab018702bb4ccedf659377fa92a26540b5247612077a0dbd29?s=96&d=mm&r=g\",\"contentUrl\":\"https:\/\/secure.gravatar.com\/avatar\/096ec78df02049ab018702bb4ccedf659377fa92a26540b5247612077a0dbd29?s=96&d=mm&r=g\",\"caption\":\"Prensa G&amp;S FM\"},\"sameAs\":[\"https:\/\/gysfm.com.ar\/\"],\"url\":\"https:\/\/gysfm.com.ar\/inicio\/author\/lucasm\/\"}]}<\/script>\n<!-- \/ Yoast SEO plugin. -->","yoast_head_json":{"title":"Putin se involucra en el di\u00e1logo en Medio Oriente e Ir\u00e1n presenta una nueva propuesta sobra el estrecho de Ormuz - GYS NOTICIAS |","robots":{"index":"index","follow":"follow","max-snippet":"max-snippet:-1","max-image-preview":"max-image-preview:large","max-video-preview":"max-video-preview:-1"},"canonical":"https:\/\/gysfm.com.ar\/inicio\/putin-se-involucra-en-el-dialogo-en-medio-oriente-e-iran-presenta-una-nueva-propuesta-sobra-el-estrecho-de-ormuz\/","og_locale":"es_ES","og_type":"article","og_title":"Putin se involucra en el di\u00e1logo en Medio Oriente e Ir\u00e1n presenta una nueva propuesta sobra el estrecho de Ormuz - GYS NOTICIAS |","og_description":"EL CAIRO.\u2013 Ir\u00e1n ha ofrecido poner fin a su control asfixiante sobre el estrecho de Ormuz a cambio de que Estados Unidos levante su bloqueo sobre el pa\u00eds y ponga fin a la guerra, en una propuesta que dejar\u00eda las discusiones sobre la cuesti\u00f3n m\u00e1s amplia de su programa nuclear para una fase posterior, afirmaron [&hellip;]","og_url":"https:\/\/gysfm.com.ar\/inicio\/putin-se-involucra-en-el-dialogo-en-medio-oriente-e-iran-presenta-una-nueva-propuesta-sobra-el-estrecho-de-ormuz\/","og_site_name":"GYS NOTICIAS |","article_published_time":"2026-04-27T15:26:06+00:00","article_modified_time":"2026-04-27T15:26:07+00:00","og_image":[{"width":1200,"height":800,"url":"https:\/\/gysfm.com.ar\/inicio\/wp-content\/uploads\/2026\/04\/el-saludo-de-vladimir-putin-y-el-canciller-irani-CEUAJYS2LFBDLLG2K4RCB37EAI.JPG","type":"image\/jpeg"}],"author":"Prensa G&amp;S FM","twitter_card":"summary_large_image","twitter_misc":{"Escrito por":"Prensa G&amp;S FM","Tiempo de lectura":"10 minutos"},"schema":{"@context":"https:\/\/schema.org","@graph":[{"@type":"Article","@id":"https:\/\/gysfm.com.ar\/inicio\/putin-se-involucra-en-el-dialogo-en-medio-oriente-e-iran-presenta-una-nueva-propuesta-sobra-el-estrecho-de-ormuz\/#article","isPartOf":{"@id":"https:\/\/gysfm.com.ar\/inicio\/putin-se-involucra-en-el-dialogo-en-medio-oriente-e-iran-presenta-una-nueva-propuesta-sobra-el-estrecho-de-ormuz\/"},"author":{"name":"Prensa G&amp;S FM","@id":"https:\/\/gysfm.com.ar\/inicio\/#\/schema\/person\/3abba7593ef2ad19e1be221d54383dc5"},"headline":"Putin se involucra en el di\u00e1logo en Medio Oriente e Ir\u00e1n presenta una nueva propuesta sobra el estrecho de Ormuz","datePublished":"2026-04-27T15:26:06+00:00","dateModified":"2026-04-27T15:26:07+00:00","mainEntityOfPage":{"@id":"https:\/\/gysfm.com.ar\/inicio\/putin-se-involucra-en-el-dialogo-en-medio-oriente-e-iran-presenta-una-nueva-propuesta-sobra-el-estrecho-de-ormuz\/"},"wordCount":1946,"publisher":{"@id":"https:\/\/gysfm.com.ar\/inicio\/#organization"},"image":{"@id":"https:\/\/gysfm.com.ar\/inicio\/putin-se-involucra-en-el-dialogo-en-medio-oriente-e-iran-presenta-una-nueva-propuesta-sobra-el-estrecho-de-ormuz\/#primaryimage"},"thumbnailUrl":"https:\/\/gysfm.com.ar\/inicio\/wp-content\/uploads\/2026\/04\/el-saludo-de-vladimir-putin-y-el-canciller-irani-CEUAJYS2LFBDLLG2K4RCB37EAI.JPG","articleSection":["INTERNACIONALES"],"inLanguage":"es"},{"@type":"WebPage","@id":"https:\/\/gysfm.com.ar\/inicio\/putin-se-involucra-en-el-dialogo-en-medio-oriente-e-iran-presenta-una-nueva-propuesta-sobra-el-estrecho-de-ormuz\/","url":"https:\/\/gysfm.com.ar\/inicio\/putin-se-involucra-en-el-dialogo-en-medio-oriente-e-iran-presenta-una-nueva-propuesta-sobra-el-estrecho-de-ormuz\/","name":"Putin se involucra en el di\u00e1logo en Medio Oriente e Ir\u00e1n presenta una nueva propuesta sobra el estrecho de Ormuz - GYS NOTICIAS |","isPartOf":{"@id":"https:\/\/gysfm.com.ar\/inicio\/#website"},"primaryImageOfPage":{"@id":"https:\/\/gysfm.com.ar\/inicio\/putin-se-involucra-en-el-dialogo-en-medio-oriente-e-iran-presenta-una-nueva-propuesta-sobra-el-estrecho-de-ormuz\/#primaryimage"},"image":{"@id":"https:\/\/gysfm.com.ar\/inicio\/putin-se-involucra-en-el-dialogo-en-medio-oriente-e-iran-presenta-una-nueva-propuesta-sobra-el-estrecho-de-ormuz\/#primaryimage"},"thumbnailUrl":"https:\/\/gysfm.com.ar\/inicio\/wp-content\/uploads\/2026\/04\/el-saludo-de-vladimir-putin-y-el-canciller-irani-CEUAJYS2LFBDLLG2K4RCB37EAI.JPG","datePublished":"2026-04-27T15:26:06+00:00","dateModified":"2026-04-27T15:26:07+00:00","breadcrumb":{"@id":"https:\/\/gysfm.com.ar\/inicio\/putin-se-involucra-en-el-dialogo-en-medio-oriente-e-iran-presenta-una-nueva-propuesta-sobra-el-estrecho-de-ormuz\/#breadcrumb"},"inLanguage":"es","potentialAction":[{"@type":"ReadAction","target":["https:\/\/gysfm.com.ar\/inicio\/putin-se-involucra-en-el-dialogo-en-medio-oriente-e-iran-presenta-una-nueva-propuesta-sobra-el-estrecho-de-ormuz\/"]}]},{"@type":"ImageObject","inLanguage":"es","@id":"https:\/\/gysfm.com.ar\/inicio\/putin-se-involucra-en-el-dialogo-en-medio-oriente-e-iran-presenta-una-nueva-propuesta-sobra-el-estrecho-de-ormuz\/#primaryimage","url":"https:\/\/gysfm.com.ar\/inicio\/wp-content\/uploads\/2026\/04\/el-saludo-de-vladimir-putin-y-el-canciller-irani-CEUAJYS2LFBDLLG2K4RCB37EAI.JPG","contentUrl":"https:\/\/gysfm.com.ar\/inicio\/wp-content\/uploads\/2026\/04\/el-saludo-de-vladimir-putin-y-el-canciller-irani-CEUAJYS2LFBDLLG2K4RCB37EAI.JPG","width":1200,"height":800},{"@type":"BreadcrumbList","@id":"https:\/\/gysfm.com.ar\/inicio\/putin-se-involucra-en-el-dialogo-en-medio-oriente-e-iran-presenta-una-nueva-propuesta-sobra-el-estrecho-de-ormuz\/#breadcrumb","itemListElement":[{"@type":"ListItem","position":1,"name":"Portada","item":"https:\/\/gysfm.com.ar\/inicio\/"},{"@type":"ListItem","position":2,"name":"Putin se involucra en el di\u00e1logo en Medio Oriente e Ir\u00e1n presenta una nueva propuesta sobra el estrecho de Ormuz"}]},{"@type":"WebSite","@id":"https:\/\/gysfm.com.ar\/inicio\/#website","url":"https:\/\/gysfm.com.ar\/inicio\/","name":"GYS NOTICIAS |","description":"DIARIO - RADIO ONLINE SAN JUAN ARGENTINA","publisher":{"@id":"https:\/\/gysfm.com.ar\/inicio\/#organization"},"potentialAction":[{"@type":"SearchAction","target":{"@type":"EntryPoint","urlTemplate":"https:\/\/gysfm.com.ar\/inicio\/?s={search_term_string}"},"query-input":{"@type":"PropertyValueSpecification","valueRequired":true,"valueName":"search_term_string"}}],"inLanguage":"es"},{"@type":"Organization","@id":"https:\/\/gysfm.com.ar\/inicio\/#organization","name":"GYS NOTICIAS |","url":"https:\/\/gysfm.com.ar\/inicio\/","logo":{"@type":"ImageObject","inLanguage":"es","@id":"https:\/\/gysfm.com.ar\/inicio\/#\/schema\/logo\/image\/","url":"https:\/\/gysfm.com.ar\/inicio\/wp-content\/uploads\/2023\/07\/LOGOGYS-OK.png","contentUrl":"https:\/\/gysfm.com.ar\/inicio\/wp-content\/uploads\/2023\/07\/LOGOGYS-OK.png","width":1170,"height":872,"caption":"GYS NOTICIAS |"},"image":{"@id":"https:\/\/gysfm.com.ar\/inicio\/#\/schema\/logo\/image\/"}},{"@type":"Person","@id":"https:\/\/gysfm.com.ar\/inicio\/#\/schema\/person\/3abba7593ef2ad19e1be221d54383dc5","name":"Prensa G&amp;S FM","image":{"@type":"ImageObject","inLanguage":"es","@id":"https:\/\/gysfm.com.ar\/inicio\/#\/schema\/person\/image\/","url":"https:\/\/secure.gravatar.com\/avatar\/096ec78df02049ab018702bb4ccedf659377fa92a26540b5247612077a0dbd29?s=96&d=mm&r=g","contentUrl":"https:\/\/secure.gravatar.com\/avatar\/096ec78df02049ab018702bb4ccedf659377fa92a26540b5247612077a0dbd29?s=96&d=mm&r=g","caption":"Prensa G&amp;S FM"},"sameAs":["https:\/\/gysfm.com.ar\/"],"url":"https:\/\/gysfm.com.ar\/inicio\/author\/lucasm\/"}]}},"_links":{"self":[{"href":"https:\/\/gysfm.com.ar\/inicio\/wp-json\/wp\/v2\/posts\/193280","targetHints":{"allow":["GET"]}}],"collection":[{"href":"https:\/\/gysfm.com.ar\/inicio\/wp-json\/wp\/v2\/posts"}],"about":[{"href":"https:\/\/gysfm.com.ar\/inicio\/wp-json\/wp\/v2\/types\/post"}],"author":[{"embeddable":true,"href":"https:\/\/gysfm.com.ar\/inicio\/wp-json\/wp\/v2\/users\/2"}],"replies":[{"embeddable":true,"href":"https:\/\/gysfm.com.ar\/inicio\/wp-json\/wp\/v2\/comments?post=193280"}],"version-history":[{"count":1,"href":"https:\/\/gysfm.com.ar\/inicio\/wp-json\/wp\/v2\/posts\/193280\/revisions"}],"predecessor-version":[{"id":193282,"href":"https:\/\/gysfm.com.ar\/inicio\/wp-json\/wp\/v2\/posts\/193280\/revisions\/193282"}],"wp:featuredmedia":[{"embeddable":true,"href":"https:\/\/gysfm.com.ar\/inicio\/wp-json\/wp\/v2\/media\/193281"}],"wp:attachment":[{"href":"https:\/\/gysfm.com.ar\/inicio\/wp-json\/wp\/v2\/media?parent=193280"}],"wp:term":[{"taxonomy":"category","embeddable":true,"href":"https:\/\/gysfm.com.ar\/inicio\/wp-json\/wp\/v2\/categories?post=193280"},{"taxonomy":"post_tag","embeddable":true,"href":"https:\/\/gysfm.com.ar\/inicio\/wp-json\/wp\/v2\/tags?post=193280"}],"curies":[{"name":"wp","href":"https:\/\/api.w.org\/{rel}","templated":true}]}}