{"id":193277,"date":"2026-04-27T12:16:14","date_gmt":"2026-04-27T15:16:14","guid":{"rendered":"https:\/\/gysfm.com.ar\/inicio\/las-tasas-se-desploman-en-el-mercado-pero-el-costo-de-los-prestamos-personales-sube-en-terminos-reales\/"},"modified":"2026-04-27T12:16:14","modified_gmt":"2026-04-27T15:16:14","slug":"las-tasas-se-desploman-en-el-mercado-pero-el-costo-de-los-prestamos-personales-sube-en-terminos-reales","status":"publish","type":"post","link":"https:\/\/gysfm.com.ar\/inicio\/las-tasas-se-desploman-en-el-mercado-pero-el-costo-de-los-prestamos-personales-sube-en-terminos-reales\/","title":{"rendered":"Las tasas se desploman en el mercado, pero el costo de los pr\u00e9stamos personales sube en t\u00e9rminos reales"},"content":{"rendered":"<p> <br \/>\n<\/p>\n<div id=\"\">\n<p id=\"p-1777296266792-85517\">Cuando los<strong> clientes de los bancos<\/strong> abren sus aplicaciones de celular para operar con sus cuentas o hacen lo propio desde sus computadoras a trav\u00e9s de home banking, es probable que <strong>reciban una promoci\u00f3n para obtener de pr\u00e9stamos personales.<\/strong><\/p>\n<\/p><\/div>\n<div id=\"\">\n<p id=\"p-1777296266793-35003\">Se trata de propuestas de<strong> nuevos cr\u00e9ditos por plazos de 12 a 24 meses que<\/strong> con la baja de que registran las <strong>tasas <\/strong>de inter\u00e9s de mercado, podr\u00edan resultar atractivas para los consumidores. Es de tener en cuenta que en este momento existe una <strong>suba importante de la mora de las familias con sus tarjetas de cr\u00e9dito<\/strong> y con sus pr\u00e9stamos anteriores y eso podr\u00eda llevar a generar demanda para refinanciar.<\/p>\n<\/div>\n<div id=\"\">\n<p id=\"p-1777296266793-44838\">Pero, en realidad, ocurre que las<strong> tasas para las l\u00edneas cr\u00e9ditos personales no est\u00e1n bajando a la misma velocidad de lo que caen los precios<\/strong>. En marzo de 2025, la inflaci\u00f3n interanual viajaba al 66,9%, mientras que las tasas nominales anuales de los pr\u00e9stamos personales de los bancos privados eran del 67%, con una tasa efectiva anual del orden del 100%.<\/p>\n<\/div>\n<div id=\"\">\n<p id=\"p-1777296266793-25190\">Un a\u00f1o despu\u00e9s <strong>la inflaci\u00f3n de 12 meses baj\u00f3 a 32%, pero la tasa de inter\u00e9s que cobran los bancos est\u00e1 en el 62%.<\/strong> Mientras que la tasa de inflaci\u00f3n en un a\u00f1o baj\u00f3 m\u00e1s de 30 puntos, la oferta de pesos de los bancos al p\u00fablico apenas baj\u00f3 unos 5 puntos porcentuales.<\/p>\n<p id=\"p-1777296266793-5456\">El economista de Romano Group, <strong>Salvador Vitelli,<\/strong> asegur\u00f3: \u00ab\u00a1C\u00f3mo le cuesta bajar la tasa a los pr\u00e9stamos personales!\u00bb. En un posteo en la red social X, el profesional record\u00f3 que<strong> la tasa es de \u00ab65,3% TNA, \u00faltimo dato\u00bb. \u00abEst\u00e1 en el mismo nivel que julio de 2022, s\u00f3lo que ese mes hubo 7,4% de inflaci\u00f3n\u00bb. <\/strong><\/p>\n<h2 id=\"p-1777296266793-81426\">A la espera de que bajen las tasas para empresas<\/h2>\n<p id=\"p-1777296266793-22090\">En su \u00faltimo informe, <strong>Vitelli<\/strong>, de llegada directa con el presidente Javier Milei, plantea que <strong>el costo de financiamiento va a caer. Se refiere a los pr\u00e9stamos para empresas<\/strong>.<\/p>\n<p id=\"p-1777296266793-41737\">\u00abE<strong>l Banco Central Rep\u00fablica Argentina liber\u00f3 encajes <\/strong>y requisitos de liquidez, dando un paso muy importante en dotar de liquidez al mercado. Las tasas de plazo fijo de los principales bancos<strong> se ubican por debajo del 20% anual, y esto no tardar\u00e1 en llegar a las empresas con tasas activas mucho m\u00e1s bajas\u00bb<\/strong>, se\u00f1ala Vitelli.<\/p>\n<p id=\"p-1777296266793-96660\">El consultor recuerda que \u00abexisten dos instrumentos que rigen en cr\u00e9dito en los mercados, el cambio de cheque y las financiaciones de 180 y 360 d\u00edas\u00bb. \u00abNo hay financiamiento a m\u00e1s largo plazo, las empresas no tienen garant\u00edas suficientes o bien el flujo de fondos no las habilita a grandes desembolsos de financiamiento\u00bb, explica.<\/p>\n<p id=\"p-1777296266793-91243\">En ese sentido, el analista asegura que <strong>\u00abesta baja de tasas les permitir\u00e1 a las empresas refinanciar las deudas existentes, incluyendo mayores plazos que le permitan una baja en la cuota a pagar mensualmente, <\/strong>lo que les permitir\u00e1 recuperar capital de trabajo\u00bb. \u00abSi las ventas acompa\u00f1an, tendremos una fuerte recuperaci\u00f3n de la actividad en los meses venideros\u00bb, asegur\u00f3.<\/p>\n<h2 id=\"p-1777296663721-46895\">Los pr\u00e9stamos personales caen hace 6 meses<\/h2>\n<p id=\"p-1777296266793-94432\">En cambio, seg\u00fan datos de The First Capital Group, <strong>el stock de pr\u00e9stamos personales<\/strong> en marzo subi\u00f3 2,6%, contra una inflaci\u00f3n de 3,4%, lo que implic\u00f3 una baja en t\u00e9rminos reales.<strong> \u00abSe completan seis meses consecutivos de ca\u00edda en t\u00e9rminos reales de esta operatoria.<\/strong> Las causas de este freno las podemos analizar desde la perspectiva de la oferta y la demanda de cr\u00e9ditos\u00bb, se\u00f1ala la consultora<\/p>\n<p id=\"p-1777296266793-24653\">La misma plantea que \u00abpor un lado la primera presenta mucha mayor cautela y <strong>ha restringido las propuestas al mercado y no se ha generalizado la baja de la tasa de inter\u00e9s\u00bb.<\/strong> \u00abPor el lado de la demanda, se observa una<strong> clientela menos proclive a tomar nuevas deudas<\/strong> ante la incertidumbre de los ingresos futuros y el alza de los servicios p\u00fablicos, el transporte y la energ\u00eda\u00bb, indica el estudio.<\/p>\n<h2 id=\"p-1777296266793-38432\">No sube la demanda de pesos<\/h2>\n<p id=\"p-1777296266793-36711\">La ca\u00edda de las tasas de inter\u00e9s en el mercado financiero <strong>puede resultar en realidad una mala se\u00f1al: reflejar\u00eda una baja de la demanda de moneda en una econom\u00eda que est\u00e1 aletargada.<\/strong> Aunque mejora la oferta del Banco Central de moneda local, la demanda de cr\u00e9ditos en pesos cae.<\/p>\n<p id=\"p-1777296266793-75204\">Si efectivamente el sector privado<strong> se estuviera recuperando, no tardar\u00eda en demandar cr\u00e9dito a tasas reales negativas, por lo que ser\u00eda el mismo sector privado el que le pondr\u00eda un piso a la tasa mediante la demanda para inversi\u00f3n o consumo. <\/strong>Pero lo que sucede es que, frente a la baja de la demanda de dinero y la actividad, los tenedores de pesos los colocan en t\u00edtulos que, consideran, rendir\u00e1n m\u00e1s que la devaluaci\u00f3n del d\u00f3lar, y con bajas expectativas de devaluaci\u00f3n, la tasa en pesos se acerca cada vez m\u00e1s al piso fijado por el BCRA<\/p>\n<h2 id=\"p-1777296266793-42692\">Familias endeudadas<\/h2>\n<p id=\"p-1777296266793-40823\">Seg\u00fan un relevamiento de la consultora<strong> Focus Market, seis de cada diez familias registran actualmente alg\u00fan tipo de deuda, en un escenario donde tambi\u00e9n comenz\u00f3 a crecer la morosidad<\/strong>. El estudio, elaborado sobre una muestra de 2.670 viviendas junto con datos de la Encuesta Permanente de Hogares (EPH) y estad\u00edsticas del Banco Central de la Rep\u00fablica Argentina, estim\u00f3 que los hogares acumulan deudas por m\u00e1s de $39 billones. De ese total, $32,1 billones corresponden a deuda bancaria y $6,9 billones a deuda no bancaria.<\/p>\n<\/p><\/div>\n<p><script>\n!function(f,b,e,v,n,t,s)\n{if(f.fbq)return;n=f.fbq=function(){n.callMethod?\nn.callMethod.apply(n,arguments):n.queue.push(arguments)};\nif(!f._fbq)f._fbq=n;n.push=n;n.loaded=!0;n.version='2.0';\nn.queue=[];t=b.createElement(e);t.async=!0;\nt.src=v;s=b.getElementsByTagName(e)[0];\ns.parentNode.insertBefore(t,s)}(window,document,'script',\n'https:\/\/connect.facebook.net\/en_US\/fbevents.js');\nfbq('init', '2047048335588113');\nfbq('track', 'PageView');\n<\/script><br \/>\n<br \/><\/p>\n","protected":false},"excerpt":{"rendered":"<p>Cuando los clientes de los bancos abren sus aplicaciones de celular para operar con sus cuentas o hacen lo propio desde sus computadoras a trav\u00e9s de home banking, es probable que reciban una promoci\u00f3n para obtener de pr\u00e9stamos personales. Se trata de propuestas de nuevos cr\u00e9ditos por plazos de 12 a 24 meses que con [&hellip;]<\/p>\n","protected":false},"author":1,"featured_media":156683,"comment_status":"closed","ping_status":"closed","sticky":false,"template":"","format":"standard","meta":{"footnotes":""},"categories":[28],"tags":[],"class_list":["post-193277","post","type-post","status-publish","format-standard","has-post-thumbnail","hentry","category-economia"],"yoast_head":"<!-- This site is optimized with the Yoast SEO plugin v24.4 - https:\/\/yoast.com\/wordpress\/plugins\/seo\/ -->\n<title>Las tasas se desploman en el mercado, pero el costo de los pr\u00e9stamos personales sube en t\u00e9rminos reales - GYS NOTICIAS |<\/title>\n<meta name=\"robots\" content=\"index, follow, max-snippet:-1, max-image-preview:large, max-video-preview:-1\" \/>\n<link rel=\"canonical\" href=\"https:\/\/gysfm.com.ar\/inicio\/las-tasas-se-desploman-en-el-mercado-pero-el-costo-de-los-prestamos-personales-sube-en-terminos-reales\/\" \/>\n<meta property=\"og:locale\" content=\"es_ES\" \/>\n<meta property=\"og:type\" content=\"article\" \/>\n<meta property=\"og:title\" content=\"Las tasas se desploman en el mercado, pero el costo de los pr\u00e9stamos personales sube en t\u00e9rminos reales - GYS NOTICIAS |\" \/>\n<meta property=\"og:description\" content=\"Cuando los clientes de los bancos abren sus aplicaciones de celular para operar con sus cuentas o hacen lo propio desde sus computadoras a trav\u00e9s de home banking, es probable que reciban una promoci\u00f3n para obtener de pr\u00e9stamos personales. Se trata de propuestas de nuevos cr\u00e9ditos por plazos de 12 a 24 meses que con [&hellip;]\" \/>\n<meta property=\"og:url\" content=\"https:\/\/gysfm.com.ar\/inicio\/las-tasas-se-desploman-en-el-mercado-pero-el-costo-de-los-prestamos-personales-sube-en-terminos-reales\/\" \/>\n<meta property=\"og:site_name\" content=\"GYS NOTICIAS |\" \/>\n<meta property=\"article:published_time\" content=\"2026-04-27T15:16:14+00:00\" \/>\n<meta name=\"author\" content=\"admin\" \/>\n<meta name=\"twitter:card\" content=\"summary_large_image\" \/>\n<meta name=\"twitter:label1\" content=\"Escrito por\" \/>\n\t<meta name=\"twitter:data1\" content=\"admin\" \/>\n\t<meta name=\"twitter:label2\" content=\"Tiempo de lectura\" \/>\n\t<meta name=\"twitter:data2\" content=\"5 minutos\" \/>\n<script type=\"application\/ld+json\" class=\"yoast-schema-graph\">{\"@context\":\"https:\/\/schema.org\",\"@graph\":[{\"@type\":\"Article\",\"@id\":\"https:\/\/gysfm.com.ar\/inicio\/las-tasas-se-desploman-en-el-mercado-pero-el-costo-de-los-prestamos-personales-sube-en-terminos-reales\/#article\",\"isPartOf\":{\"@id\":\"https:\/\/gysfm.com.ar\/inicio\/las-tasas-se-desploman-en-el-mercado-pero-el-costo-de-los-prestamos-personales-sube-en-terminos-reales\/\"},\"author\":{\"name\":\"admin\",\"@id\":\"https:\/\/gysfm.com.ar\/inicio\/#\/schema\/person\/5bedd7ecd35cc35548d89effafa23696\"},\"headline\":\"Las tasas se desploman en el mercado, pero el costo de los pr\u00e9stamos personales sube en t\u00e9rminos reales\",\"datePublished\":\"2026-04-27T15:16:14+00:00\",\"mainEntityOfPage\":{\"@id\":\"https:\/\/gysfm.com.ar\/inicio\/las-tasas-se-desploman-en-el-mercado-pero-el-costo-de-los-prestamos-personales-sube-en-terminos-reales\/\"},\"wordCount\":936,\"publisher\":{\"@id\":\"https:\/\/gysfm.com.ar\/inicio\/#organization\"},\"image\":{\"@id\":\"https:\/\/gysfm.com.ar\/inicio\/las-tasas-se-desploman-en-el-mercado-pero-el-costo-de-los-prestamos-personales-sube-en-terminos-reales\/#primaryimage\"},\"thumbnailUrl\":\"https:\/\/gysfm.com.ar\/inicio\/wp-content\/uploads\/2025\/10\/tasas-interes-plazo-fijo-inversiones.jpg\",\"articleSection\":[\"ECONOMIA\"],\"inLanguage\":\"es\"},{\"@type\":\"WebPage\",\"@id\":\"https:\/\/gysfm.com.ar\/inicio\/las-tasas-se-desploman-en-el-mercado-pero-el-costo-de-los-prestamos-personales-sube-en-terminos-reales\/\",\"url\":\"https:\/\/gysfm.com.ar\/inicio\/las-tasas-se-desploman-en-el-mercado-pero-el-costo-de-los-prestamos-personales-sube-en-terminos-reales\/\",\"name\":\"Las tasas se desploman en el mercado, pero el costo de los pr\u00e9stamos personales sube en t\u00e9rminos reales - GYS NOTICIAS |\",\"isPartOf\":{\"@id\":\"https:\/\/gysfm.com.ar\/inicio\/#website\"},\"primaryImageOfPage\":{\"@id\":\"https:\/\/gysfm.com.ar\/inicio\/las-tasas-se-desploman-en-el-mercado-pero-el-costo-de-los-prestamos-personales-sube-en-terminos-reales\/#primaryimage\"},\"image\":{\"@id\":\"https:\/\/gysfm.com.ar\/inicio\/las-tasas-se-desploman-en-el-mercado-pero-el-costo-de-los-prestamos-personales-sube-en-terminos-reales\/#primaryimage\"},\"thumbnailUrl\":\"https:\/\/gysfm.com.ar\/inicio\/wp-content\/uploads\/2025\/10\/tasas-interes-plazo-fijo-inversiones.jpg\",\"datePublished\":\"2026-04-27T15:16:14+00:00\",\"breadcrumb\":{\"@id\":\"https:\/\/gysfm.com.ar\/inicio\/las-tasas-se-desploman-en-el-mercado-pero-el-costo-de-los-prestamos-personales-sube-en-terminos-reales\/#breadcrumb\"},\"inLanguage\":\"es\",\"potentialAction\":[{\"@type\":\"ReadAction\",\"target\":[\"https:\/\/gysfm.com.ar\/inicio\/las-tasas-se-desploman-en-el-mercado-pero-el-costo-de-los-prestamos-personales-sube-en-terminos-reales\/\"]}]},{\"@type\":\"ImageObject\",\"inLanguage\":\"es\",\"@id\":\"https:\/\/gysfm.com.ar\/inicio\/las-tasas-se-desploman-en-el-mercado-pero-el-costo-de-los-prestamos-personales-sube-en-terminos-reales\/#primaryimage\",\"url\":\"https:\/\/gysfm.com.ar\/inicio\/wp-content\/uploads\/2025\/10\/tasas-interes-plazo-fijo-inversiones.jpg\",\"contentUrl\":\"https:\/\/gysfm.com.ar\/inicio\/wp-content\/uploads\/2025\/10\/tasas-interes-plazo-fijo-inversiones.jpg\",\"width\":1200,\"height\":675},{\"@type\":\"BreadcrumbList\",\"@id\":\"https:\/\/gysfm.com.ar\/inicio\/las-tasas-se-desploman-en-el-mercado-pero-el-costo-de-los-prestamos-personales-sube-en-terminos-reales\/#breadcrumb\",\"itemListElement\":[{\"@type\":\"ListItem\",\"position\":1,\"name\":\"Portada\",\"item\":\"https:\/\/gysfm.com.ar\/inicio\/\"},{\"@type\":\"ListItem\",\"position\":2,\"name\":\"Las tasas se desploman en el mercado, pero el costo de los pr\u00e9stamos personales sube en t\u00e9rminos reales\"}]},{\"@type\":\"WebSite\",\"@id\":\"https:\/\/gysfm.com.ar\/inicio\/#website\",\"url\":\"https:\/\/gysfm.com.ar\/inicio\/\",\"name\":\"GYS NOTICIAS |\",\"description\":\"DIARIO - RADIO ONLINE SAN JUAN ARGENTINA\",\"publisher\":{\"@id\":\"https:\/\/gysfm.com.ar\/inicio\/#organization\"},\"potentialAction\":[{\"@type\":\"SearchAction\",\"target\":{\"@type\":\"EntryPoint\",\"urlTemplate\":\"https:\/\/gysfm.com.ar\/inicio\/?s={search_term_string}\"},\"query-input\":{\"@type\":\"PropertyValueSpecification\",\"valueRequired\":true,\"valueName\":\"search_term_string\"}}],\"inLanguage\":\"es\"},{\"@type\":\"Organization\",\"@id\":\"https:\/\/gysfm.com.ar\/inicio\/#organization\",\"name\":\"GYS NOTICIAS |\",\"url\":\"https:\/\/gysfm.com.ar\/inicio\/\",\"logo\":{\"@type\":\"ImageObject\",\"inLanguage\":\"es\",\"@id\":\"https:\/\/gysfm.com.ar\/inicio\/#\/schema\/logo\/image\/\",\"url\":\"https:\/\/gysfm.com.ar\/inicio\/wp-content\/uploads\/2023\/07\/LOGOGYS-OK.png\",\"contentUrl\":\"https:\/\/gysfm.com.ar\/inicio\/wp-content\/uploads\/2023\/07\/LOGOGYS-OK.png\",\"width\":1170,\"height\":872,\"caption\":\"GYS NOTICIAS |\"},\"image\":{\"@id\":\"https:\/\/gysfm.com.ar\/inicio\/#\/schema\/logo\/image\/\"}},{\"@type\":\"Person\",\"@id\":\"https:\/\/gysfm.com.ar\/inicio\/#\/schema\/person\/5bedd7ecd35cc35548d89effafa23696\",\"name\":\"admin\",\"image\":{\"@type\":\"ImageObject\",\"inLanguage\":\"es\",\"@id\":\"https:\/\/gysfm.com.ar\/inicio\/#\/schema\/person\/image\/\",\"url\":\"https:\/\/secure.gravatar.com\/avatar\/c331d312b5243fb64d5ba28108a447b27c925295129a363082c9ea52c28d32c2?s=96&d=mm&r=g\",\"contentUrl\":\"https:\/\/secure.gravatar.com\/avatar\/c331d312b5243fb64d5ba28108a447b27c925295129a363082c9ea52c28d32c2?s=96&d=mm&r=g\",\"caption\":\"admin\"},\"sameAs\":[\"https:\/\/gysfm.com.ar\/inicio\"],\"url\":\"https:\/\/gysfm.com.ar\/inicio\/author\/admin\/\"}]}<\/script>\n<!-- \/ Yoast SEO plugin. -->","yoast_head_json":{"title":"Las tasas se desploman en el mercado, pero el costo de los pr\u00e9stamos personales sube en t\u00e9rminos reales - GYS NOTICIAS |","robots":{"index":"index","follow":"follow","max-snippet":"max-snippet:-1","max-image-preview":"max-image-preview:large","max-video-preview":"max-video-preview:-1"},"canonical":"https:\/\/gysfm.com.ar\/inicio\/las-tasas-se-desploman-en-el-mercado-pero-el-costo-de-los-prestamos-personales-sube-en-terminos-reales\/","og_locale":"es_ES","og_type":"article","og_title":"Las tasas se desploman en el mercado, pero el costo de los pr\u00e9stamos personales sube en t\u00e9rminos reales - GYS NOTICIAS |","og_description":"Cuando los clientes de los bancos abren sus aplicaciones de celular para operar con sus cuentas o hacen lo propio desde sus computadoras a trav\u00e9s de home banking, es probable que reciban una promoci\u00f3n para obtener de pr\u00e9stamos personales. Se trata de propuestas de nuevos cr\u00e9ditos por plazos de 12 a 24 meses que con [&hellip;]","og_url":"https:\/\/gysfm.com.ar\/inicio\/las-tasas-se-desploman-en-el-mercado-pero-el-costo-de-los-prestamos-personales-sube-en-terminos-reales\/","og_site_name":"GYS NOTICIAS |","article_published_time":"2026-04-27T15:16:14+00:00","author":"admin","twitter_card":"summary_large_image","twitter_misc":{"Escrito por":"admin","Tiempo de lectura":"5 minutos"},"schema":{"@context":"https:\/\/schema.org","@graph":[{"@type":"Article","@id":"https:\/\/gysfm.com.ar\/inicio\/las-tasas-se-desploman-en-el-mercado-pero-el-costo-de-los-prestamos-personales-sube-en-terminos-reales\/#article","isPartOf":{"@id":"https:\/\/gysfm.com.ar\/inicio\/las-tasas-se-desploman-en-el-mercado-pero-el-costo-de-los-prestamos-personales-sube-en-terminos-reales\/"},"author":{"name":"admin","@id":"https:\/\/gysfm.com.ar\/inicio\/#\/schema\/person\/5bedd7ecd35cc35548d89effafa23696"},"headline":"Las tasas se desploman en el mercado, pero el costo de los pr\u00e9stamos personales sube en t\u00e9rminos reales","datePublished":"2026-04-27T15:16:14+00:00","mainEntityOfPage":{"@id":"https:\/\/gysfm.com.ar\/inicio\/las-tasas-se-desploman-en-el-mercado-pero-el-costo-de-los-prestamos-personales-sube-en-terminos-reales\/"},"wordCount":936,"publisher":{"@id":"https:\/\/gysfm.com.ar\/inicio\/#organization"},"image":{"@id":"https:\/\/gysfm.com.ar\/inicio\/las-tasas-se-desploman-en-el-mercado-pero-el-costo-de-los-prestamos-personales-sube-en-terminos-reales\/#primaryimage"},"thumbnailUrl":"https:\/\/gysfm.com.ar\/inicio\/wp-content\/uploads\/2025\/10\/tasas-interes-plazo-fijo-inversiones.jpg","articleSection":["ECONOMIA"],"inLanguage":"es"},{"@type":"WebPage","@id":"https:\/\/gysfm.com.ar\/inicio\/las-tasas-se-desploman-en-el-mercado-pero-el-costo-de-los-prestamos-personales-sube-en-terminos-reales\/","url":"https:\/\/gysfm.com.ar\/inicio\/las-tasas-se-desploman-en-el-mercado-pero-el-costo-de-los-prestamos-personales-sube-en-terminos-reales\/","name":"Las tasas se desploman en el mercado, pero el costo de los pr\u00e9stamos personales sube en t\u00e9rminos reales - GYS NOTICIAS |","isPartOf":{"@id":"https:\/\/gysfm.com.ar\/inicio\/#website"},"primaryImageOfPage":{"@id":"https:\/\/gysfm.com.ar\/inicio\/las-tasas-se-desploman-en-el-mercado-pero-el-costo-de-los-prestamos-personales-sube-en-terminos-reales\/#primaryimage"},"image":{"@id":"https:\/\/gysfm.com.ar\/inicio\/las-tasas-se-desploman-en-el-mercado-pero-el-costo-de-los-prestamos-personales-sube-en-terminos-reales\/#primaryimage"},"thumbnailUrl":"https:\/\/gysfm.com.ar\/inicio\/wp-content\/uploads\/2025\/10\/tasas-interes-plazo-fijo-inversiones.jpg","datePublished":"2026-04-27T15:16:14+00:00","breadcrumb":{"@id":"https:\/\/gysfm.com.ar\/inicio\/las-tasas-se-desploman-en-el-mercado-pero-el-costo-de-los-prestamos-personales-sube-en-terminos-reales\/#breadcrumb"},"inLanguage":"es","potentialAction":[{"@type":"ReadAction","target":["https:\/\/gysfm.com.ar\/inicio\/las-tasas-se-desploman-en-el-mercado-pero-el-costo-de-los-prestamos-personales-sube-en-terminos-reales\/"]}]},{"@type":"ImageObject","inLanguage":"es","@id":"https:\/\/gysfm.com.ar\/inicio\/las-tasas-se-desploman-en-el-mercado-pero-el-costo-de-los-prestamos-personales-sube-en-terminos-reales\/#primaryimage","url":"https:\/\/gysfm.com.ar\/inicio\/wp-content\/uploads\/2025\/10\/tasas-interes-plazo-fijo-inversiones.jpg","contentUrl":"https:\/\/gysfm.com.ar\/inicio\/wp-content\/uploads\/2025\/10\/tasas-interes-plazo-fijo-inversiones.jpg","width":1200,"height":675},{"@type":"BreadcrumbList","@id":"https:\/\/gysfm.com.ar\/inicio\/las-tasas-se-desploman-en-el-mercado-pero-el-costo-de-los-prestamos-personales-sube-en-terminos-reales\/#breadcrumb","itemListElement":[{"@type":"ListItem","position":1,"name":"Portada","item":"https:\/\/gysfm.com.ar\/inicio\/"},{"@type":"ListItem","position":2,"name":"Las tasas se desploman en el mercado, pero el costo de los pr\u00e9stamos personales sube en t\u00e9rminos reales"}]},{"@type":"WebSite","@id":"https:\/\/gysfm.com.ar\/inicio\/#website","url":"https:\/\/gysfm.com.ar\/inicio\/","name":"GYS NOTICIAS |","description":"DIARIO - RADIO ONLINE SAN JUAN ARGENTINA","publisher":{"@id":"https:\/\/gysfm.com.ar\/inicio\/#organization"},"potentialAction":[{"@type":"SearchAction","target":{"@type":"EntryPoint","urlTemplate":"https:\/\/gysfm.com.ar\/inicio\/?s={search_term_string}"},"query-input":{"@type":"PropertyValueSpecification","valueRequired":true,"valueName":"search_term_string"}}],"inLanguage":"es"},{"@type":"Organization","@id":"https:\/\/gysfm.com.ar\/inicio\/#organization","name":"GYS NOTICIAS |","url":"https:\/\/gysfm.com.ar\/inicio\/","logo":{"@type":"ImageObject","inLanguage":"es","@id":"https:\/\/gysfm.com.ar\/inicio\/#\/schema\/logo\/image\/","url":"https:\/\/gysfm.com.ar\/inicio\/wp-content\/uploads\/2023\/07\/LOGOGYS-OK.png","contentUrl":"https:\/\/gysfm.com.ar\/inicio\/wp-content\/uploads\/2023\/07\/LOGOGYS-OK.png","width":1170,"height":872,"caption":"GYS NOTICIAS |"},"image":{"@id":"https:\/\/gysfm.com.ar\/inicio\/#\/schema\/logo\/image\/"}},{"@type":"Person","@id":"https:\/\/gysfm.com.ar\/inicio\/#\/schema\/person\/5bedd7ecd35cc35548d89effafa23696","name":"admin","image":{"@type":"ImageObject","inLanguage":"es","@id":"https:\/\/gysfm.com.ar\/inicio\/#\/schema\/person\/image\/","url":"https:\/\/secure.gravatar.com\/avatar\/c331d312b5243fb64d5ba28108a447b27c925295129a363082c9ea52c28d32c2?s=96&d=mm&r=g","contentUrl":"https:\/\/secure.gravatar.com\/avatar\/c331d312b5243fb64d5ba28108a447b27c925295129a363082c9ea52c28d32c2?s=96&d=mm&r=g","caption":"admin"},"sameAs":["https:\/\/gysfm.com.ar\/inicio"],"url":"https:\/\/gysfm.com.ar\/inicio\/author\/admin\/"}]}},"_links":{"self":[{"href":"https:\/\/gysfm.com.ar\/inicio\/wp-json\/wp\/v2\/posts\/193277","targetHints":{"allow":["GET"]}}],"collection":[{"href":"https:\/\/gysfm.com.ar\/inicio\/wp-json\/wp\/v2\/posts"}],"about":[{"href":"https:\/\/gysfm.com.ar\/inicio\/wp-json\/wp\/v2\/types\/post"}],"author":[{"embeddable":true,"href":"https:\/\/gysfm.com.ar\/inicio\/wp-json\/wp\/v2\/users\/1"}],"replies":[{"embeddable":true,"href":"https:\/\/gysfm.com.ar\/inicio\/wp-json\/wp\/v2\/comments?post=193277"}],"version-history":[{"count":0,"href":"https:\/\/gysfm.com.ar\/inicio\/wp-json\/wp\/v2\/posts\/193277\/revisions"}],"wp:featuredmedia":[{"embeddable":true,"href":"https:\/\/gysfm.com.ar\/inicio\/wp-json\/wp\/v2\/media\/156683"}],"wp:attachment":[{"href":"https:\/\/gysfm.com.ar\/inicio\/wp-json\/wp\/v2\/media?parent=193277"}],"wp:term":[{"taxonomy":"category","embeddable":true,"href":"https:\/\/gysfm.com.ar\/inicio\/wp-json\/wp\/v2\/categories?post=193277"},{"taxonomy":"post_tag","embeddable":true,"href":"https:\/\/gysfm.com.ar\/inicio\/wp-json\/wp\/v2\/tags?post=193277"}],"curies":[{"name":"wp","href":"https:\/\/api.w.org\/{rel}","templated":true}]}}