{"id":193275,"date":"2026-04-27T11:53:05","date_gmt":"2026-04-27T14:53:05","guid":{"rendered":"https:\/\/gysfm.com.ar\/inicio\/se-viene-un-nuevo-fin-de-semana-largo-cuantos-feriados-quedan-en-argentina-y-cuando-seran-las-proximas-escapadas\/"},"modified":"2026-04-27T11:53:05","modified_gmt":"2026-04-27T14:53:05","slug":"se-viene-un-nuevo-fin-de-semana-largo-cuantos-feriados-quedan-en-argentina-y-cuando-seran-las-proximas-escapadas","status":"publish","type":"post","link":"https:\/\/gysfm.com.ar\/inicio\/se-viene-un-nuevo-fin-de-semana-largo-cuantos-feriados-quedan-en-argentina-y-cuando-seran-las-proximas-escapadas\/","title":{"rendered":"Se viene un nuevo fin de semana largo: cu\u00e1ntos feriados quedan en Argentina y cu\u00e1ndo ser\u00e1n las pr\u00f3ximas escapadas"},"content":{"rendered":"<p><\/p>\n<div id=\"article-content\">\n<p><a target=\"_blank\" href=\"https:\/\/www.perfil.com\/noticias\/clima\/el-servicio-meteorologico-nacional-proyecta-dias-templados-y-cielos-despejados-para-el-proximo-fin-de-semana-largo-del-1-de-mayo-a35.phtml\"><strong>El calendario de feriados 2026<\/strong><\/a> en la Argentina suma una nueva pausa en la rutina laboral con la llegada del <strong>viernes 1 de mayo<\/strong>, jornada en la que se conmemora el<a target=\"_blank\" href=\"https:\/\/www.perfil.com\/noticias\/clima\/el-servicio-meteorologico-nacional-proyecta-dias-templados-y-cielos-despejados-para-el-proximo-fin-de-semana-largo-del-1-de-mayo-a35.phtml\"> <strong>D\u00eda del Trabajador<\/strong><\/a>. La fecha dar\u00e1 lugar a un fin de semana largo que se extender\u00e1 hasta <strong>el domingo 3<\/strong>, y marca el inicio de una seguidilla de \u201c<strong>mini vacaciones\u201d <\/strong>distribuidas a lo largo del a\u00f1o.<\/p>\n<p class=\"destacadoNota\"><a target=\"_blank\" href=\"https:\/\/www.perfil.com\/noticias\/clima\/el-servicio-meteorologico-nacional-proyecta-dias-templados-y-cielos-despejados-para-el-proximo-fin-de-semana-largo-del-1-de-mayo-a35.phtml\">C\u00f3mo estar\u00e1 el clima el fin de semana largo del 1 de mayo en el AMBA<\/a><\/p>\n<p>Tras este primer descanso de mayo, habr\u00e1 que esperar hasta junio para el pr\u00f3ximo fin de semana extendido. En ese mes, el traslado del feriado por<strong> <a target=\"_blank\" href=\"https:\/\/www.perfil.com\/noticias\/clima\/el-servicio-meteorologico-nacional-proyecta-dias-templados-y-cielos-despejados-para-el-proximo-fin-de-semana-largo-del-1-de-mayo-a35.phtml\">el Paso a la Inmortalidad del General Mart\u00edn Miguel de G\u00fcemes<\/a><\/strong> permitir\u00e1 una nueva pausa de tres d\u00edas consecutivos.<\/p>\n<div class=\"subscription\">\n<p>\n        Esto no les gusta a los autoritarios\n    <\/p>\n<div class=\"subscription__container\">\n<div class=\"subscription__text-wrapper\">\n<p>\n                El ejercicio del periodismo profesional y cr\u00edtico es un pilar fundamental de la democracia. Por eso molesta a quienes creen ser los due\u00f1os de la verdad.\n            <\/p>\n<\/p><\/div><\/div>\n<\/div>\n<p style=\"text-align:center\"><picture><source media=\"(max-width: 440px)\" srcset=\"https:\/\/fotos.perfil.com\/\/2026\/04\/24\/440\/0\/feriado-del-viernes-1-de-mayo-2226914.jpg?webp\"\/><source media=\"(max-width: 1019px)\" srcset=\"https:\/\/fotos.perfil.com\/\/2026\/04\/24\/712\/0\/feriado-del-viernes-1-de-mayo-2226914.jpg?webp\"\/><img decoding=\"async\" style=\"max-width: 100%; width: 100%;\" alt=\"Feriado del viernes 1\u00b0 de mayo \" src=\"https:\/\/fotos.perfil.com\/\/2026\/04\/24\/900\/0\/feriado-del-viernes-1-de-mayo-2226914.jpg?webp\" loading=\"lazy\"\/><\/picture><\/p>\n<h2>Fines de semana largos 2026: todas las fechas para planificar escapadas<\/h2>\n<p>A lo largo de 2026, el esquema de feriados nacionales configura m\u00faltiples fines de semana largos que impactan tanto en el turismo como en la organizaci\u00f3n laboral y educativa. Estas son las principales fechas confirmadas:<\/p>\n<p><strong>&#8211; Mayo:<\/strong> del viernes 1 al domingo 3<\/p>\n<p><strong>&#8211; Junio:<\/strong> del s\u00e1bado 13 al lunes 15 (G\u00fcemes)<\/p>\n<p><strong>&#8211; Julio:<\/strong> del jueves 9 al domingo 12 (con feriado puente el viernes 10)<\/p>\n<p><strong>&#8211; Agosto:<\/strong> del s\u00e1bado 15 al lunes 17 (San Mart\u00edn)<\/p>\n<p><strong>&#8211; Octubre:<\/strong> del s\u00e1bado 10 al lunes 12 (Diversidad Cultural)<\/p>\n<p><strong>&#8211; Noviembre:<\/strong> del s\u00e1bado 21 al lunes 23 (Soberan\u00eda Nacional)<\/p>\n<p><strong>&#8211; Diciembre:<\/strong> del s\u00e1bado 5 al martes 8 (fin de semana largo extendido)<\/p>\n<p>Este calendario combina feriados inamovibles, trasladables y d\u00edas no laborables, lo que permite generar per\u00edodos de descanso m\u00e1s extensos que en a\u00f1os anteriores.<\/p>\n<p class=\"destacadoNota\"><a target=\"_blank\" href=\"https:\/\/www.perfil.com\/noticias\/sociedad\/bancos-y-billeteras-virtuales-que-operaciones-realizar-durante-el-fin-de-semana-largo-del-1-de-mayo-a35.phtml\">Bancos y billeteras virtuales: qu\u00e9 operaciones se podr\u00e1n realizar durante el fin de semana largo del 1 de mayo<\/a><\/p>\n<h2>Feriados inamovibles en Argentina: qu\u00e9 fechas no cambian<\/h2>\n<p>Dentro del calendario oficial, existen fechas que no se trasladan, independientemente del d\u00eda de la semana en que caigan. En 2026, los feriados inamovibles que restan son:<\/p>\n<p>&#8211; 1 de mayo<\/p>\n<p>&#8211; 25 de mayo<\/p>\n<p>&#8211; 20 de junio<\/p>\n<p>&#8211; 9 de julio<\/p>\n<p>&#8211; 8 de diciembre<\/p>\n<p>&#8211; 25 de diciembre<\/p>\n<p>Estas jornadas suelen tener un fuerte peso hist\u00f3rico o religioso, lo que explica su car\u00e1cter fijo dentro del calendario nacional.<\/p>\n<p class=\"destacadoNota\"><a target=\"_blank\" href=\"https:\/\/www.perfil.com\/noticias\/sociedad\/bancos-y-billeteras-virtuales-que-operaciones-realizar-durante-el-fin-de-semana-largo-del-1-de-mayo-a35.phtml\">Bancos y billeteras virtuales: qu\u00e9 operaciones se podr\u00e1n realizar durante el fin de semana largo del 1 de mayo<\/a><\/p>\n<h2>Feriados trasladables: c\u00f3mo se reorganizan para generar fines de semana largos<\/h2>\n<p>Por otro lado, los feriados trasladables permiten reconfigurar el calendario para favorecer el turismo interno y el descanso. En 2026, las fechas que se mover\u00e1n son:<\/p>\n<p>&#8211; 15 de junio (en lugar del 17 de junio)<\/p>\n<p>&#8211; 17 de agosto<\/p>\n<p>&#8211; 12 de octubre<\/p>\n<p>&#8211; 23 de noviembre (por el 20 de noviembre)<\/p>\n<p>Este esquema busca agrupar los d\u00edas no laborables con los fines de semana, generando as\u00ed per\u00edodos m\u00e1s largos de descanso.<\/p>\n<h2>D\u00edas no laborables: las fechas clave que completan el calendario<\/h2>\n<p>Adem\u00e1s de los feriados, el calendario incluye d\u00edas no laborables, que suelen depender de la decisi\u00f3n de cada empleador o sector. En 2026, se destacan:<\/p>\n<p>&#8211; 10 de julio<\/p>\n<p>&#8211; 7 de diciembre<\/p>\n<p>En algunos casos, estos d\u00edas permiten extender a\u00fan m\u00e1s los fines de semana largos, como ocurre en diciembre, donde se configura uno de los per\u00edodos de descanso m\u00e1s extensos del a\u00f1o.<\/p>\n<h2> <\/h2>\n<\/p><\/div>\n<p><script>\n                !function(f,b,e,v,n,t,s)\n                {if(f.fbq)return;n=f.fbq=function(){n.callMethod?\n                    n.callMethod.apply(n,arguments):n.queue.push(arguments)};\n                    if(!f._fbq)f._fbq=n;n.push=n;n.loaded=!0;n.version='2.0';\n                    n.queue=[];t=b.createElement(e);t.async=!0;\n                    t.src=v;s=b.getElementsByTagName(e)[0];\n                    s.parentNode.insertBefore(t,s)}(window, document,'script',\n                    'https:\/\/connect.facebook.net\/en_US\/fbevents.js');\n                window.paywallConfig.facebook_pixel=\"1000228364089342\"\n            <\/script><\/p>\n","protected":false},"excerpt":{"rendered":"<p>El calendario de feriados 2026 en la Argentina suma una nueva pausa en la rutina laboral con la llegada del viernes 1 de mayo, jornada en la que se conmemora el D\u00eda del Trabajador. La fecha dar\u00e1 lugar a un fin de semana largo que se extender\u00e1 hasta el domingo 3, y marca el inicio [&hellip;]<\/p>\n","protected":false},"author":2,"featured_media":193276,"comment_status":"closed","ping_status":"closed","sticky":false,"template":"","format":"standard","meta":{"footnotes":""},"categories":[25],"tags":[],"class_list":["post-193275","post","type-post","status-publish","format-standard","has-post-thumbnail","hentry","category-nacionales"],"yoast_head":"<!-- This site is optimized with the Yoast SEO plugin v24.4 - https:\/\/yoast.com\/wordpress\/plugins\/seo\/ -->\n<title>Se viene un nuevo fin de semana largo: cu\u00e1ntos feriados quedan en Argentina y cu\u00e1ndo ser\u00e1n las pr\u00f3ximas escapadas - GYS NOTICIAS |<\/title>\n<meta name=\"robots\" content=\"index, follow, max-snippet:-1, max-image-preview:large, max-video-preview:-1\" \/>\n<link rel=\"canonical\" href=\"https:\/\/gysfm.com.ar\/inicio\/se-viene-un-nuevo-fin-de-semana-largo-cuantos-feriados-quedan-en-argentina-y-cuando-seran-las-proximas-escapadas\/\" \/>\n<meta property=\"og:locale\" content=\"es_ES\" \/>\n<meta property=\"og:type\" content=\"article\" \/>\n<meta property=\"og:title\" content=\"Se viene un nuevo fin de semana largo: cu\u00e1ntos feriados quedan en Argentina y cu\u00e1ndo ser\u00e1n las pr\u00f3ximas escapadas - GYS NOTICIAS |\" \/>\n<meta property=\"og:description\" content=\"El calendario de feriados 2026 en la Argentina suma una nueva pausa en la rutina laboral con la llegada del viernes 1 de mayo, jornada en la que se conmemora el D\u00eda del Trabajador. La fecha dar\u00e1 lugar a un fin de semana largo que se extender\u00e1 hasta el domingo 3, y marca el inicio [&hellip;]\" \/>\n<meta property=\"og:url\" content=\"https:\/\/gysfm.com.ar\/inicio\/se-viene-un-nuevo-fin-de-semana-largo-cuantos-feriados-quedan-en-argentina-y-cuando-seran-las-proximas-escapadas\/\" \/>\n<meta property=\"og:site_name\" content=\"GYS NOTICIAS |\" \/>\n<meta property=\"article:published_time\" content=\"2026-04-27T14:53:05+00:00\" \/>\n<meta property=\"og:image\" content=\"https:\/\/fotos.perfil.com\/\/2026\/04\/24\/900\/0\/feriado-del-viernes-1-de-mayo-2226914.jpg?webp\" \/>\n<meta name=\"author\" content=\"Prensa G&amp;S FM\" \/>\n<meta name=\"twitter:card\" content=\"summary_large_image\" \/>\n<meta name=\"twitter:label1\" content=\"Escrito por\" \/>\n\t<meta name=\"twitter:data1\" content=\"Prensa G&amp;S FM\" \/>\n\t<meta name=\"twitter:label2\" content=\"Tiempo de lectura\" \/>\n\t<meta name=\"twitter:data2\" content=\"3 minutos\" \/>\n<script type=\"application\/ld+json\" class=\"yoast-schema-graph\">{\"@context\":\"https:\/\/schema.org\",\"@graph\":[{\"@type\":\"Article\",\"@id\":\"https:\/\/gysfm.com.ar\/inicio\/se-viene-un-nuevo-fin-de-semana-largo-cuantos-feriados-quedan-en-argentina-y-cuando-seran-las-proximas-escapadas\/#article\",\"isPartOf\":{\"@id\":\"https:\/\/gysfm.com.ar\/inicio\/se-viene-un-nuevo-fin-de-semana-largo-cuantos-feriados-quedan-en-argentina-y-cuando-seran-las-proximas-escapadas\/\"},\"author\":{\"name\":\"Prensa G&amp;S FM\",\"@id\":\"https:\/\/gysfm.com.ar\/inicio\/#\/schema\/person\/3abba7593ef2ad19e1be221d54383dc5\"},\"headline\":\"Se viene un nuevo fin de semana largo: cu\u00e1ntos feriados quedan en Argentina y cu\u00e1ndo ser\u00e1n las pr\u00f3ximas escapadas\",\"datePublished\":\"2026-04-27T14:53:05+00:00\",\"mainEntityOfPage\":{\"@id\":\"https:\/\/gysfm.com.ar\/inicio\/se-viene-un-nuevo-fin-de-semana-largo-cuantos-feriados-quedan-en-argentina-y-cuando-seran-las-proximas-escapadas\/\"},\"wordCount\":605,\"publisher\":{\"@id\":\"https:\/\/gysfm.com.ar\/inicio\/#organization\"},\"image\":{\"@id\":\"https:\/\/gysfm.com.ar\/inicio\/se-viene-un-nuevo-fin-de-semana-largo-cuantos-feriados-quedan-en-argentina-y-cuando-seran-las-proximas-escapadas\/#primaryimage\"},\"thumbnailUrl\":\"https:\/\/gysfm.com.ar\/inicio\/wp-content\/uploads\/2026\/04\/feriado-2205484.png\",\"articleSection\":[\"NACIONALES\"],\"inLanguage\":\"es\"},{\"@type\":\"WebPage\",\"@id\":\"https:\/\/gysfm.com.ar\/inicio\/se-viene-un-nuevo-fin-de-semana-largo-cuantos-feriados-quedan-en-argentina-y-cuando-seran-las-proximas-escapadas\/\",\"url\":\"https:\/\/gysfm.com.ar\/inicio\/se-viene-un-nuevo-fin-de-semana-largo-cuantos-feriados-quedan-en-argentina-y-cuando-seran-las-proximas-escapadas\/\",\"name\":\"Se viene un nuevo fin de semana largo: cu\u00e1ntos feriados quedan en Argentina y cu\u00e1ndo ser\u00e1n las pr\u00f3ximas escapadas - GYS NOTICIAS |\",\"isPartOf\":{\"@id\":\"https:\/\/gysfm.com.ar\/inicio\/#website\"},\"primaryImageOfPage\":{\"@id\":\"https:\/\/gysfm.com.ar\/inicio\/se-viene-un-nuevo-fin-de-semana-largo-cuantos-feriados-quedan-en-argentina-y-cuando-seran-las-proximas-escapadas\/#primaryimage\"},\"image\":{\"@id\":\"https:\/\/gysfm.com.ar\/inicio\/se-viene-un-nuevo-fin-de-semana-largo-cuantos-feriados-quedan-en-argentina-y-cuando-seran-las-proximas-escapadas\/#primaryimage\"},\"thumbnailUrl\":\"https:\/\/gysfm.com.ar\/inicio\/wp-content\/uploads\/2026\/04\/feriado-2205484.png\",\"datePublished\":\"2026-04-27T14:53:05+00:00\",\"breadcrumb\":{\"@id\":\"https:\/\/gysfm.com.ar\/inicio\/se-viene-un-nuevo-fin-de-semana-largo-cuantos-feriados-quedan-en-argentina-y-cuando-seran-las-proximas-escapadas\/#breadcrumb\"},\"inLanguage\":\"es\",\"potentialAction\":[{\"@type\":\"ReadAction\",\"target\":[\"https:\/\/gysfm.com.ar\/inicio\/se-viene-un-nuevo-fin-de-semana-largo-cuantos-feriados-quedan-en-argentina-y-cuando-seran-las-proximas-escapadas\/\"]}]},{\"@type\":\"ImageObject\",\"inLanguage\":\"es\",\"@id\":\"https:\/\/gysfm.com.ar\/inicio\/se-viene-un-nuevo-fin-de-semana-largo-cuantos-feriados-quedan-en-argentina-y-cuando-seran-las-proximas-escapadas\/#primaryimage\",\"url\":\"https:\/\/gysfm.com.ar\/inicio\/wp-content\/uploads\/2026\/04\/feriado-2205484.png\",\"contentUrl\":\"https:\/\/gysfm.com.ar\/inicio\/wp-content\/uploads\/2026\/04\/feriado-2205484.png\",\"width\":1140,\"height\":641},{\"@type\":\"BreadcrumbList\",\"@id\":\"https:\/\/gysfm.com.ar\/inicio\/se-viene-un-nuevo-fin-de-semana-largo-cuantos-feriados-quedan-en-argentina-y-cuando-seran-las-proximas-escapadas\/#breadcrumb\",\"itemListElement\":[{\"@type\":\"ListItem\",\"position\":1,\"name\":\"Portada\",\"item\":\"https:\/\/gysfm.com.ar\/inicio\/\"},{\"@type\":\"ListItem\",\"position\":2,\"name\":\"Se viene un nuevo fin de semana largo: cu\u00e1ntos feriados quedan en Argentina y cu\u00e1ndo ser\u00e1n las pr\u00f3ximas escapadas\"}]},{\"@type\":\"WebSite\",\"@id\":\"https:\/\/gysfm.com.ar\/inicio\/#website\",\"url\":\"https:\/\/gysfm.com.ar\/inicio\/\",\"name\":\"GYS NOTICIAS |\",\"description\":\"DIARIO - RADIO ONLINE SAN JUAN ARGENTINA\",\"publisher\":{\"@id\":\"https:\/\/gysfm.com.ar\/inicio\/#organization\"},\"potentialAction\":[{\"@type\":\"SearchAction\",\"target\":{\"@type\":\"EntryPoint\",\"urlTemplate\":\"https:\/\/gysfm.com.ar\/inicio\/?s={search_term_string}\"},\"query-input\":{\"@type\":\"PropertyValueSpecification\",\"valueRequired\":true,\"valueName\":\"search_term_string\"}}],\"inLanguage\":\"es\"},{\"@type\":\"Organization\",\"@id\":\"https:\/\/gysfm.com.ar\/inicio\/#organization\",\"name\":\"GYS NOTICIAS |\",\"url\":\"https:\/\/gysfm.com.ar\/inicio\/\",\"logo\":{\"@type\":\"ImageObject\",\"inLanguage\":\"es\",\"@id\":\"https:\/\/gysfm.com.ar\/inicio\/#\/schema\/logo\/image\/\",\"url\":\"https:\/\/gysfm.com.ar\/inicio\/wp-content\/uploads\/2023\/07\/LOGOGYS-OK.png\",\"contentUrl\":\"https:\/\/gysfm.com.ar\/inicio\/wp-content\/uploads\/2023\/07\/LOGOGYS-OK.png\",\"width\":1170,\"height\":872,\"caption\":\"GYS NOTICIAS |\"},\"image\":{\"@id\":\"https:\/\/gysfm.com.ar\/inicio\/#\/schema\/logo\/image\/\"}},{\"@type\":\"Person\",\"@id\":\"https:\/\/gysfm.com.ar\/inicio\/#\/schema\/person\/3abba7593ef2ad19e1be221d54383dc5\",\"name\":\"Prensa G&amp;S FM\",\"image\":{\"@type\":\"ImageObject\",\"inLanguage\":\"es\",\"@id\":\"https:\/\/gysfm.com.ar\/inicio\/#\/schema\/person\/image\/\",\"url\":\"https:\/\/secure.gravatar.com\/avatar\/096ec78df02049ab018702bb4ccedf659377fa92a26540b5247612077a0dbd29?s=96&d=mm&r=g\",\"contentUrl\":\"https:\/\/secure.gravatar.com\/avatar\/096ec78df02049ab018702bb4ccedf659377fa92a26540b5247612077a0dbd29?s=96&d=mm&r=g\",\"caption\":\"Prensa G&amp;S FM\"},\"sameAs\":[\"https:\/\/gysfm.com.ar\/\"],\"url\":\"https:\/\/gysfm.com.ar\/inicio\/author\/lucasm\/\"}]}<\/script>\n<!-- \/ Yoast SEO plugin. -->","yoast_head_json":{"title":"Se viene un nuevo fin de semana largo: cu\u00e1ntos feriados quedan en Argentina y cu\u00e1ndo ser\u00e1n las pr\u00f3ximas escapadas - GYS NOTICIAS |","robots":{"index":"index","follow":"follow","max-snippet":"max-snippet:-1","max-image-preview":"max-image-preview:large","max-video-preview":"max-video-preview:-1"},"canonical":"https:\/\/gysfm.com.ar\/inicio\/se-viene-un-nuevo-fin-de-semana-largo-cuantos-feriados-quedan-en-argentina-y-cuando-seran-las-proximas-escapadas\/","og_locale":"es_ES","og_type":"article","og_title":"Se viene un nuevo fin de semana largo: cu\u00e1ntos feriados quedan en Argentina y cu\u00e1ndo ser\u00e1n las pr\u00f3ximas escapadas - GYS NOTICIAS |","og_description":"El calendario de feriados 2026 en la Argentina suma una nueva pausa en la rutina laboral con la llegada del viernes 1 de mayo, jornada en la que se conmemora el D\u00eda del Trabajador. La fecha dar\u00e1 lugar a un fin de semana largo que se extender\u00e1 hasta el domingo 3, y marca el inicio [&hellip;]","og_url":"https:\/\/gysfm.com.ar\/inicio\/se-viene-un-nuevo-fin-de-semana-largo-cuantos-feriados-quedan-en-argentina-y-cuando-seran-las-proximas-escapadas\/","og_site_name":"GYS NOTICIAS |","article_published_time":"2026-04-27T14:53:05+00:00","og_image":[{"url":"https:\/\/fotos.perfil.com\/\/2026\/04\/24\/900\/0\/feriado-del-viernes-1-de-mayo-2226914.jpg?webp","type":"","width":"","height":""}],"author":"Prensa G&amp;S FM","twitter_card":"summary_large_image","twitter_misc":{"Escrito por":"Prensa G&amp;S FM","Tiempo de lectura":"3 minutos"},"schema":{"@context":"https:\/\/schema.org","@graph":[{"@type":"Article","@id":"https:\/\/gysfm.com.ar\/inicio\/se-viene-un-nuevo-fin-de-semana-largo-cuantos-feriados-quedan-en-argentina-y-cuando-seran-las-proximas-escapadas\/#article","isPartOf":{"@id":"https:\/\/gysfm.com.ar\/inicio\/se-viene-un-nuevo-fin-de-semana-largo-cuantos-feriados-quedan-en-argentina-y-cuando-seran-las-proximas-escapadas\/"},"author":{"name":"Prensa G&amp;S FM","@id":"https:\/\/gysfm.com.ar\/inicio\/#\/schema\/person\/3abba7593ef2ad19e1be221d54383dc5"},"headline":"Se viene un nuevo fin de semana largo: cu\u00e1ntos feriados quedan en Argentina y cu\u00e1ndo ser\u00e1n las pr\u00f3ximas escapadas","datePublished":"2026-04-27T14:53:05+00:00","mainEntityOfPage":{"@id":"https:\/\/gysfm.com.ar\/inicio\/se-viene-un-nuevo-fin-de-semana-largo-cuantos-feriados-quedan-en-argentina-y-cuando-seran-las-proximas-escapadas\/"},"wordCount":605,"publisher":{"@id":"https:\/\/gysfm.com.ar\/inicio\/#organization"},"image":{"@id":"https:\/\/gysfm.com.ar\/inicio\/se-viene-un-nuevo-fin-de-semana-largo-cuantos-feriados-quedan-en-argentina-y-cuando-seran-las-proximas-escapadas\/#primaryimage"},"thumbnailUrl":"https:\/\/gysfm.com.ar\/inicio\/wp-content\/uploads\/2026\/04\/feriado-2205484.png","articleSection":["NACIONALES"],"inLanguage":"es"},{"@type":"WebPage","@id":"https:\/\/gysfm.com.ar\/inicio\/se-viene-un-nuevo-fin-de-semana-largo-cuantos-feriados-quedan-en-argentina-y-cuando-seran-las-proximas-escapadas\/","url":"https:\/\/gysfm.com.ar\/inicio\/se-viene-un-nuevo-fin-de-semana-largo-cuantos-feriados-quedan-en-argentina-y-cuando-seran-las-proximas-escapadas\/","name":"Se viene un nuevo fin de semana largo: cu\u00e1ntos feriados quedan en Argentina y cu\u00e1ndo ser\u00e1n las pr\u00f3ximas escapadas - GYS NOTICIAS |","isPartOf":{"@id":"https:\/\/gysfm.com.ar\/inicio\/#website"},"primaryImageOfPage":{"@id":"https:\/\/gysfm.com.ar\/inicio\/se-viene-un-nuevo-fin-de-semana-largo-cuantos-feriados-quedan-en-argentina-y-cuando-seran-las-proximas-escapadas\/#primaryimage"},"image":{"@id":"https:\/\/gysfm.com.ar\/inicio\/se-viene-un-nuevo-fin-de-semana-largo-cuantos-feriados-quedan-en-argentina-y-cuando-seran-las-proximas-escapadas\/#primaryimage"},"thumbnailUrl":"https:\/\/gysfm.com.ar\/inicio\/wp-content\/uploads\/2026\/04\/feriado-2205484.png","datePublished":"2026-04-27T14:53:05+00:00","breadcrumb":{"@id":"https:\/\/gysfm.com.ar\/inicio\/se-viene-un-nuevo-fin-de-semana-largo-cuantos-feriados-quedan-en-argentina-y-cuando-seran-las-proximas-escapadas\/#breadcrumb"},"inLanguage":"es","potentialAction":[{"@type":"ReadAction","target":["https:\/\/gysfm.com.ar\/inicio\/se-viene-un-nuevo-fin-de-semana-largo-cuantos-feriados-quedan-en-argentina-y-cuando-seran-las-proximas-escapadas\/"]}]},{"@type":"ImageObject","inLanguage":"es","@id":"https:\/\/gysfm.com.ar\/inicio\/se-viene-un-nuevo-fin-de-semana-largo-cuantos-feriados-quedan-en-argentina-y-cuando-seran-las-proximas-escapadas\/#primaryimage","url":"https:\/\/gysfm.com.ar\/inicio\/wp-content\/uploads\/2026\/04\/feriado-2205484.png","contentUrl":"https:\/\/gysfm.com.ar\/inicio\/wp-content\/uploads\/2026\/04\/feriado-2205484.png","width":1140,"height":641},{"@type":"BreadcrumbList","@id":"https:\/\/gysfm.com.ar\/inicio\/se-viene-un-nuevo-fin-de-semana-largo-cuantos-feriados-quedan-en-argentina-y-cuando-seran-las-proximas-escapadas\/#breadcrumb","itemListElement":[{"@type":"ListItem","position":1,"name":"Portada","item":"https:\/\/gysfm.com.ar\/inicio\/"},{"@type":"ListItem","position":2,"name":"Se viene un nuevo fin de semana largo: cu\u00e1ntos feriados quedan en Argentina y cu\u00e1ndo ser\u00e1n las pr\u00f3ximas escapadas"}]},{"@type":"WebSite","@id":"https:\/\/gysfm.com.ar\/inicio\/#website","url":"https:\/\/gysfm.com.ar\/inicio\/","name":"GYS NOTICIAS |","description":"DIARIO - RADIO ONLINE SAN JUAN ARGENTINA","publisher":{"@id":"https:\/\/gysfm.com.ar\/inicio\/#organization"},"potentialAction":[{"@type":"SearchAction","target":{"@type":"EntryPoint","urlTemplate":"https:\/\/gysfm.com.ar\/inicio\/?s={search_term_string}"},"query-input":{"@type":"PropertyValueSpecification","valueRequired":true,"valueName":"search_term_string"}}],"inLanguage":"es"},{"@type":"Organization","@id":"https:\/\/gysfm.com.ar\/inicio\/#organization","name":"GYS NOTICIAS |","url":"https:\/\/gysfm.com.ar\/inicio\/","logo":{"@type":"ImageObject","inLanguage":"es","@id":"https:\/\/gysfm.com.ar\/inicio\/#\/schema\/logo\/image\/","url":"https:\/\/gysfm.com.ar\/inicio\/wp-content\/uploads\/2023\/07\/LOGOGYS-OK.png","contentUrl":"https:\/\/gysfm.com.ar\/inicio\/wp-content\/uploads\/2023\/07\/LOGOGYS-OK.png","width":1170,"height":872,"caption":"GYS NOTICIAS |"},"image":{"@id":"https:\/\/gysfm.com.ar\/inicio\/#\/schema\/logo\/image\/"}},{"@type":"Person","@id":"https:\/\/gysfm.com.ar\/inicio\/#\/schema\/person\/3abba7593ef2ad19e1be221d54383dc5","name":"Prensa G&amp;S FM","image":{"@type":"ImageObject","inLanguage":"es","@id":"https:\/\/gysfm.com.ar\/inicio\/#\/schema\/person\/image\/","url":"https:\/\/secure.gravatar.com\/avatar\/096ec78df02049ab018702bb4ccedf659377fa92a26540b5247612077a0dbd29?s=96&d=mm&r=g","contentUrl":"https:\/\/secure.gravatar.com\/avatar\/096ec78df02049ab018702bb4ccedf659377fa92a26540b5247612077a0dbd29?s=96&d=mm&r=g","caption":"Prensa G&amp;S FM"},"sameAs":["https:\/\/gysfm.com.ar\/"],"url":"https:\/\/gysfm.com.ar\/inicio\/author\/lucasm\/"}]}},"_links":{"self":[{"href":"https:\/\/gysfm.com.ar\/inicio\/wp-json\/wp\/v2\/posts\/193275","targetHints":{"allow":["GET"]}}],"collection":[{"href":"https:\/\/gysfm.com.ar\/inicio\/wp-json\/wp\/v2\/posts"}],"about":[{"href":"https:\/\/gysfm.com.ar\/inicio\/wp-json\/wp\/v2\/types\/post"}],"author":[{"embeddable":true,"href":"https:\/\/gysfm.com.ar\/inicio\/wp-json\/wp\/v2\/users\/2"}],"replies":[{"embeddable":true,"href":"https:\/\/gysfm.com.ar\/inicio\/wp-json\/wp\/v2\/comments?post=193275"}],"version-history":[{"count":0,"href":"https:\/\/gysfm.com.ar\/inicio\/wp-json\/wp\/v2\/posts\/193275\/revisions"}],"wp:featuredmedia":[{"embeddable":true,"href":"https:\/\/gysfm.com.ar\/inicio\/wp-json\/wp\/v2\/media\/193276"}],"wp:attachment":[{"href":"https:\/\/gysfm.com.ar\/inicio\/wp-json\/wp\/v2\/media?parent=193275"}],"wp:term":[{"taxonomy":"category","embeddable":true,"href":"https:\/\/gysfm.com.ar\/inicio\/wp-json\/wp\/v2\/categories?post=193275"},{"taxonomy":"post_tag","embeddable":true,"href":"https:\/\/gysfm.com.ar\/inicio\/wp-json\/wp\/v2\/tags?post=193275"}],"curies":[{"name":"wp","href":"https:\/\/api.w.org\/{rel}","templated":true}]}}