{"id":193268,"date":"2026-04-27T10:51:09","date_gmt":"2026-04-27T13:51:09","guid":{"rendered":"https:\/\/gysfm.com.ar\/inicio\/plan-paciencia-estrategica-la-fundacion-libertad-buscara-convencer-al-circulo-rojo-de-que-la-estabilizacion-lleva-tiempo\/"},"modified":"2026-04-27T10:51:09","modified_gmt":"2026-04-27T13:51:09","slug":"plan-paciencia-estrategica-la-fundacion-libertad-buscara-convencer-al-circulo-rojo-de-que-la-estabilizacion-lleva-tiempo","status":"publish","type":"post","link":"https:\/\/gysfm.com.ar\/inicio\/plan-paciencia-estrategica-la-fundacion-libertad-buscara-convencer-al-circulo-rojo-de-que-la-estabilizacion-lleva-tiempo\/","title":{"rendered":"Plan \u00abpaciencia estrat\u00e9gica\u00bb: la Fundaci\u00f3n Libertad buscar\u00e1 convencer al c\u00edrculo rojo de que la estabilizaci\u00f3n lleva tiempo"},"content":{"rendered":"<p><\/p>\n<div id=\"article-content\">\n<p>\u201cSi ganamos, iremos en la misma direcci\u00f3n, pero m\u00e1s r\u00e1pido\u201d. La frase pertenece a <strong>Mauricio Macri<\/strong> y se la dijo a Mario Vargas Llosa durante la cena de la <a target=\"_blank\" href=\"https:\/\/www.perfil.com\/noticias\/politica\/con-faltazo-de-milei-mauricio-macri-y-santiago-caputo-se-abrazaron-en-la-cena-de-la-fundacion-libertad.phtml\"><strong>Fundaci\u00f3n Libertad<\/strong><\/a> en 2019. Siete a\u00f1os despu\u00e9s, el <em>think tank <\/em>que reunir\u00e1 una vez m\u00e1s al presidente <strong>Javier Milei<\/strong> y al expresidente <a target=\"_blank\" href=\"https:\/\/www.perfil.com\/noticias\/economia\/por-el-menor-crecimiento-bajara-la-recaudacion-25-b.phtml\">en su cena anual<\/a> intentar\u00e1 convencer al <strong>c\u00edrculo rojo<\/strong> invitado de que <strong>el actual Gobierno no fallar\u00e1 en la econom\u00eda,<\/strong> como ocurri\u00f3 durante la experiencia de Cambiemos. Ante luces amarillas que encendieron la inflaci\u00f3n, la actividad y el empleo en los \u00faltimos datos, el centro ideol\u00f3gico puso pa\u00f1os fr\u00edos.<\/p>\n<p>En las distintas mesas del Golden Center estar\u00e1n sentados no solo figuras del \u00e1mbito pol\u00edtico \u2014y todos los ojos se posar\u00e1n sobre el jefe de Gabinete, <strong>Manuel Adorni<\/strong>, en pleno cuestionamiento de su patrimonio y el cruce con el expresidente Macri\u2014 sino tambi\u00e9n empresarios de la talla de <strong>Alejandro Roemmers<\/strong> o <strong>Cristiano Rattazzi<\/strong>.<\/p>\n<p>El mensaje central que bajar\u00e1 a los empresarios en la velada es claro: <strong>exigir resultados inmediatos es un error de diagn\u00f3stico<\/strong>. El relato se sostiene en el \u00faltimo informe de coyuntura de la usina ideol\u00f3gica, en el que despliega la historia econ\u00f3mica comparada para demostrarle a los hombres y mujeres de negocios que<strong> la volatilidad <\/strong>de los resultados econ\u00f3micos <strong>es pasajera.<\/strong><\/p>\n<p class=\"destacadoNota\"><a target=\"_blank\" href=\"https:\/\/www.perfil.com\/noticias\/cordoba\/la-promesa-de-inflacion-cero-se-aleja-por-que-el-gobierno-de-milei-no-puede-domar-los-precios.phtml\">La promesa de inflaci\u00f3n cero se aleja: por qu\u00e9 el gobierno de Milei no puede domar los precios<\/a><\/p>\n<h2>La historia como espejo<\/h2>\n<p>El documento advierte al <em>establishment<\/em> que los procesos de desinflaci\u00f3n exitosos como los de Chile, Israel, y Polonia no son lineales y demoran, en promedio, <strong>entre 8 y 10 a\u00f1os (alrededor de 124 meses)<\/strong> en consolidar un \u00edndice estable por debajo del 10% anual. Seg\u00fan el an\u00e1lisis de los t\u00e9cnicos liberales, es habitual observar episodios donde la inflaci\u00f3n interrumpe transitoriamente su descenso, como ocurri\u00f3 con el rebote del <strong>3,4% en marzo<\/strong>, un dato que la Fundaci\u00f3n se\u00f1ala como un <strong>da\u00f1o colateral necesario<\/strong> producto del reacomodamiento en las tarifas de energ\u00eda.<\/p>\n<p>\u00abMientras que el programa actual se encuentra en torno a su mes 27, la evidencia comparada muestra que los procesos exitosos requirieron, en promedio, alrededor de 124 meses para consolidarse. Casos particulares como Uruguay (103 meses), Per\u00fa (89 meses), Polonia (116 meses) o Israel (151 meses) refuerzan esta idea de que se trata de trayectorias prolongadas. En este sentido, la experiencia internacional sugiere que <strong>los procesos de desinflaci\u00f3n no suelen ser lineales ni exentos de volatilidad<\/strong>. Salvo excepciones puntuales, como la convertibilidad, lo habitual es observar episodios en los cuales la inflaci\u00f3n interrumpe su descenso, registra aumentos transitorios y luego retoma la trayectoria a la baja\u00bb, indicaron los economistas.<\/p>\n<p>Y agregaron: \u00abEl conflicto en Medio Oriente parecer\u00eda encaminarse hacia una resoluci\u00f3n, y los precios del petr\u00f3leo podr\u00edan corregirse a la baja. En este sentido, no se tratar\u00eda de un proceso de aceleraci\u00f3n inflacionaria persistente, sino m\u00e1s bien de un <strong>cambio en el nivel de precios<\/strong> que, eventualmente, podr\u00eda deshacerse\u00bb.<\/p>\n<h2>Licuaci\u00f3n, motosierra y dos velocidades<\/h2>\n<p>Para los economistas que redactaron el texto, <strong>el super\u00e1vit fiscal es el ancla innegociable<\/strong>. Y en el documento reconocen que los buenos n\u00fameros se debieron a un gasto primario que cay\u00f3 fuerte, impulsado por un <strong>recorte interanual del 33,4% en los subsidios<\/strong> econ\u00f3micos. No obstante, el informe apunt\u00f3 una debilidad estructural. Parte de los n\u00fameros a favor se sostienen <strong>\u00abayudados por el hecho que gran parte del gasto social (jubilaciones, pensiones y algunas asignaciones) se ajustan por inflaci\u00f3n con un rezago de dos meses\u00bb<\/strong>. \u00abEsta situaci\u00f3n podr\u00eda revertirse si se vuelve a un sendero de desinflaci\u00f3n, obligando al Gobierno a ajustar otras partidas salvo que mejore al un\u00edsono la recaudaci\u00f3n\u00bb, reconoci\u00f3 el texto.<\/p>\n<p>Adem\u00e1s, admiti\u00f3 que la<strong> ca\u00edda estructural de la recaudaci\u00f3n es notoria<\/strong>: \u00abDesde 2022, el mes de marzo no ha podido retornar a los valores reales de $20 billones. En la acumulaci\u00f3n del primer trimestre de 2026, la recaudaci\u00f3n suma $52,36 billones reales, lo que implica <strong>una ca\u00edda del 7,6%<\/strong> respecto a los primeros tres meses de 2025&#8243;.<\/p>\n<p>El diagn\u00f3stico de la usina liberal traza un escenario de econom\u00eda de dos velocidades. Por un lado, celebran el <strong>boom exportador del sector primario<\/strong> y la acumulaci\u00f3n de m\u00e1s de <strong>USD 5.800 millones de reservas<\/strong> de un Banco Central que mantiene las tasas reales en terreno negativo. Por el otro, <strong>el mercado interno se resiente<\/strong>: el Estimador Mensual de Actividad Econ\u00f3mica (EMAE) marc\u00f3 un retroceso interanual del 2,1%, con la <strong>industria <\/strong>manufacturera (-8,7%) y el <strong>comercio <\/strong>(-7,0%) liderando la retracci\u00f3n.<\/p>\n<p class=\"destacadoNota\"><a target=\"_blank\" href=\"https:\/\/Por la crisis, Electrolux cierra su l\u00ednea de heladeras en el pa\u00eds\">Por la crisis, Electrolux cierra su l\u00ednea de heladeras en el pa\u00eds<\/a><\/p>\n<p>Mientras el mercado interno siente el impacto de la retracci\u00f3n, los economistas de la Fundaci\u00f3n se refirieron a la recesi\u00f3n industrial y comercial como una <strong>\u00abfase de reequilibrio\u00bb<\/strong> y un <strong>\u00abproceso de normalizaci\u00f3n\u00bb<\/strong>. Para los liberales, la suba de la tasa de<strong> desempleo al 7,5%<\/strong> no es una alarma sist\u00e9mica, sino la transici\u00f3n ineludible hacia una econom\u00eda traccionada casi exclusivamente por los recursos naturales y la energ\u00eda.<\/p>\n<p>En el punto sobre la apertura econ\u00f3mica aseguraron que el nuevo esquema de compras en el exterior v\u00eda <em>courier <\/em>es un elemento con <strong>\u00abefecto positivo como disciplinador de precios para el mercado interno\u00bb<\/strong>. Seg\u00fan los datos presentados, en los \u00faltimos 12 meses se importaron USD 991 millones por este rubro (apenas superior al 1% de las importaciones totales). Durante pr\u00e1cticamente todo 2024, bajo el esquema previo, \u00abel canal operaba muy por debajo de su potencial: el promedio mensual de enero a noviembre apenas alcanzaba USD 18,3 millones, menos de la mitad de los USD 38 millones mensuales registrados durante 2023. Esa brecha reflejaba una demanda reprimida que el marco regulatorio anterior no lograba canalizar hacia el comercio formal\u00bb.<\/p>\n<h2>La luz verde del sector externo y el techo de cristal internacional<\/h2>\n<p>El documento destap\u00f3 que el sector externo contin\u00faa mostrando resultados positivos, con 28 meses consecutivos de super\u00e1vit comercial de bienes. Gran parte de este logro se apoya en los precios internacionales: con la suba del precio de la energ\u00eda por causa de la guerra en Medio Oriente, la balanza energ\u00e9tica alcanz\u00f3 su super\u00e1vit m\u00e1s grande de la historia para un solo mes, totalizando <strong>USD 1.090 millones.<\/strong><\/p>\n<p>Los economistas reconocen que el optimismo tiene l\u00edmites concretos. Pese a la acumulaci\u00f3n de divisas, admiten que el tipo de cambio mayorista alcanz\u00f3 m\u00ednimos nominales. Adem\u00e1s, alertan al <em>establishment <\/em>financiero que el contexto internacional contin\u00faa operando como un factor restrictivo, limitando la posibilidad de una compresi\u00f3n significativa del riesgo pa\u00eds. En otras palabras: la macroeconom\u00eda local se fortalece puertas adentro, pero <strong>el techo de cristal de los mercados internacionales sigue bloqueando el acceso al cr\u00e9dito <\/strong>voluntario para la Argentina.<\/p>\n<p>La convocatoria suma tambi\u00e9n participaciones destacadas como la intervenci\u00f3n del ensayista peruano <strong>\u00c1lvaro Vargas Llosa<\/strong> y la Premio Nobel de la Paz, <a target=\"_blank\" href=\"https:\/\/www.perfil.com\/noticias\/internacional\/maria-corina-machado-reaparecera-en-madrid-junto-a-edmundo-gonzalez-urrutia.phtml\"><strong>Mar\u00eda Corina Machado<\/strong><\/a>, quien hablar\u00e1 en formato remoto a los invitados. Del lado del poder oficial, compartir\u00e1n espacio dirigentes de al menos diez provincias distintas junto al presidente de la C\u00e1mara de Diputados, <strong>Mart\u00edn Menem<\/strong>, y ministros de la primera l\u00ednea del Gabinete nacional: <strong>Federico Sturzenegger<\/strong> (Desregulaci\u00f3n y Transformaci\u00f3n), <strong>Diego Santilli<\/strong> (Interior), <strong>Alejandra Monteoliva<\/strong> (Seguridad) y <strong>Mario Lugones<\/strong> (Salud).<\/p>\n<p><em>AM\/ML<\/em><\/p>\n<\/p><\/div>\n<p><script>\n                !function(f,b,e,v,n,t,s)\n                {if(f.fbq)return;n=f.fbq=function(){n.callMethod?\n                    n.callMethod.apply(n,arguments):n.queue.push(arguments)};\n                    if(!f._fbq)f._fbq=n;n.push=n;n.loaded=!0;n.version='2.0';\n                    n.queue=[];t=b.createElement(e);t.async=!0;\n                    t.src=v;s=b.getElementsByTagName(e)[0];\n                    s.parentNode.insertBefore(t,s)}(window, document,'script',\n                    'https:\/\/connect.facebook.net\/en_US\/fbevents.js');\n                window.paywallConfig.facebook_pixel=\"1000228364089342\"\n            <\/script><\/p>\n","protected":false},"excerpt":{"rendered":"<p>\u201cSi ganamos, iremos en la misma direcci\u00f3n, pero m\u00e1s r\u00e1pido\u201d. La frase pertenece a Mauricio Macri y se la dijo a Mario Vargas Llosa durante la cena de la Fundaci\u00f3n Libertad en 2019. Siete a\u00f1os despu\u00e9s, el think tank que reunir\u00e1 una vez m\u00e1s al presidente Javier Milei y al expresidente en su cena anual [&hellip;]<\/p>\n","protected":false},"author":2,"featured_media":193269,"comment_status":"closed","ping_status":"closed","sticky":false,"template":"","format":"standard","meta":{"footnotes":""},"categories":[25],"tags":[],"class_list":["post-193268","post","type-post","status-publish","format-standard","has-post-thumbnail","hentry","category-nacionales"],"yoast_head":"<!-- This site is optimized with the Yoast SEO plugin v24.4 - https:\/\/yoast.com\/wordpress\/plugins\/seo\/ -->\n<title>Plan &quot;paciencia estrat\u00e9gica&quot;: la Fundaci\u00f3n Libertad buscar\u00e1 convencer al c\u00edrculo rojo de que la estabilizaci\u00f3n lleva tiempo - GYS NOTICIAS |<\/title>\n<meta name=\"robots\" content=\"index, follow, max-snippet:-1, max-image-preview:large, max-video-preview:-1\" \/>\n<link rel=\"canonical\" href=\"https:\/\/gysfm.com.ar\/inicio\/plan-paciencia-estrategica-la-fundacion-libertad-buscara-convencer-al-circulo-rojo-de-que-la-estabilizacion-lleva-tiempo\/\" \/>\n<meta property=\"og:locale\" content=\"es_ES\" \/>\n<meta property=\"og:type\" content=\"article\" \/>\n<meta property=\"og:title\" content=\"Plan &quot;paciencia estrat\u00e9gica&quot;: la Fundaci\u00f3n Libertad buscar\u00e1 convencer al c\u00edrculo rojo de que la estabilizaci\u00f3n lleva tiempo - GYS NOTICIAS |\" \/>\n<meta property=\"og:description\" content=\"\u201cSi ganamos, iremos en la misma direcci\u00f3n, pero m\u00e1s r\u00e1pido\u201d. La frase pertenece a Mauricio Macri y se la dijo a Mario Vargas Llosa durante la cena de la Fundaci\u00f3n Libertad en 2019. Siete a\u00f1os despu\u00e9s, el think tank que reunir\u00e1 una vez m\u00e1s al presidente Javier Milei y al expresidente en su cena anual [&hellip;]\" \/>\n<meta property=\"og:url\" content=\"https:\/\/gysfm.com.ar\/inicio\/plan-paciencia-estrategica-la-fundacion-libertad-buscara-convencer-al-circulo-rojo-de-que-la-estabilizacion-lleva-tiempo\/\" \/>\n<meta property=\"og:site_name\" content=\"GYS NOTICIAS |\" \/>\n<meta property=\"article:published_time\" content=\"2026-04-27T13:51:09+00:00\" \/>\n<meta name=\"author\" content=\"Prensa G&amp;S FM\" \/>\n<meta name=\"twitter:card\" content=\"summary_large_image\" \/>\n<meta name=\"twitter:label1\" content=\"Escrito por\" \/>\n\t<meta name=\"twitter:data1\" content=\"Prensa G&amp;S FM\" \/>\n\t<meta name=\"twitter:label2\" content=\"Tiempo de lectura\" \/>\n\t<meta name=\"twitter:data2\" content=\"6 minutos\" \/>\n<script type=\"application\/ld+json\" class=\"yoast-schema-graph\">{\"@context\":\"https:\/\/schema.org\",\"@graph\":[{\"@type\":\"Article\",\"@id\":\"https:\/\/gysfm.com.ar\/inicio\/plan-paciencia-estrategica-la-fundacion-libertad-buscara-convencer-al-circulo-rojo-de-que-la-estabilizacion-lleva-tiempo\/#article\",\"isPartOf\":{\"@id\":\"https:\/\/gysfm.com.ar\/inicio\/plan-paciencia-estrategica-la-fundacion-libertad-buscara-convencer-al-circulo-rojo-de-que-la-estabilizacion-lleva-tiempo\/\"},\"author\":{\"name\":\"Prensa G&amp;S FM\",\"@id\":\"https:\/\/gysfm.com.ar\/inicio\/#\/schema\/person\/3abba7593ef2ad19e1be221d54383dc5\"},\"headline\":\"Plan \u00abpaciencia estrat\u00e9gica\u00bb: la Fundaci\u00f3n Libertad buscar\u00e1 convencer al c\u00edrculo rojo de que la estabilizaci\u00f3n lleva tiempo\",\"datePublished\":\"2026-04-27T13:51:09+00:00\",\"mainEntityOfPage\":{\"@id\":\"https:\/\/gysfm.com.ar\/inicio\/plan-paciencia-estrategica-la-fundacion-libertad-buscara-convencer-al-circulo-rojo-de-que-la-estabilizacion-lleva-tiempo\/\"},\"wordCount\":1270,\"publisher\":{\"@id\":\"https:\/\/gysfm.com.ar\/inicio\/#organization\"},\"image\":{\"@id\":\"https:\/\/gysfm.com.ar\/inicio\/plan-paciencia-estrategica-la-fundacion-libertad-buscara-convencer-al-circulo-rojo-de-que-la-estabilizacion-lleva-tiempo\/#primaryimage\"},\"thumbnailUrl\":\"https:\/\/gysfm.com.ar\/inicio\/wp-content\/uploads\/2026\/04\/javier-milei-en-el-evento-de-la-fundacion-libertad-1793893.jpg\",\"articleSection\":[\"NACIONALES\"],\"inLanguage\":\"es\"},{\"@type\":\"WebPage\",\"@id\":\"https:\/\/gysfm.com.ar\/inicio\/plan-paciencia-estrategica-la-fundacion-libertad-buscara-convencer-al-circulo-rojo-de-que-la-estabilizacion-lleva-tiempo\/\",\"url\":\"https:\/\/gysfm.com.ar\/inicio\/plan-paciencia-estrategica-la-fundacion-libertad-buscara-convencer-al-circulo-rojo-de-que-la-estabilizacion-lleva-tiempo\/\",\"name\":\"Plan \\\"paciencia estrat\u00e9gica\\\": la Fundaci\u00f3n Libertad buscar\u00e1 convencer al c\u00edrculo rojo de que la estabilizaci\u00f3n lleva tiempo - GYS NOTICIAS |\",\"isPartOf\":{\"@id\":\"https:\/\/gysfm.com.ar\/inicio\/#website\"},\"primaryImageOfPage\":{\"@id\":\"https:\/\/gysfm.com.ar\/inicio\/plan-paciencia-estrategica-la-fundacion-libertad-buscara-convencer-al-circulo-rojo-de-que-la-estabilizacion-lleva-tiempo\/#primaryimage\"},\"image\":{\"@id\":\"https:\/\/gysfm.com.ar\/inicio\/plan-paciencia-estrategica-la-fundacion-libertad-buscara-convencer-al-circulo-rojo-de-que-la-estabilizacion-lleva-tiempo\/#primaryimage\"},\"thumbnailUrl\":\"https:\/\/gysfm.com.ar\/inicio\/wp-content\/uploads\/2026\/04\/javier-milei-en-el-evento-de-la-fundacion-libertad-1793893.jpg\",\"datePublished\":\"2026-04-27T13:51:09+00:00\",\"breadcrumb\":{\"@id\":\"https:\/\/gysfm.com.ar\/inicio\/plan-paciencia-estrategica-la-fundacion-libertad-buscara-convencer-al-circulo-rojo-de-que-la-estabilizacion-lleva-tiempo\/#breadcrumb\"},\"inLanguage\":\"es\",\"potentialAction\":[{\"@type\":\"ReadAction\",\"target\":[\"https:\/\/gysfm.com.ar\/inicio\/plan-paciencia-estrategica-la-fundacion-libertad-buscara-convencer-al-circulo-rojo-de-que-la-estabilizacion-lleva-tiempo\/\"]}]},{\"@type\":\"ImageObject\",\"inLanguage\":\"es\",\"@id\":\"https:\/\/gysfm.com.ar\/inicio\/plan-paciencia-estrategica-la-fundacion-libertad-buscara-convencer-al-circulo-rojo-de-que-la-estabilizacion-lleva-tiempo\/#primaryimage\",\"url\":\"https:\/\/gysfm.com.ar\/inicio\/wp-content\/uploads\/2026\/04\/javier-milei-en-el-evento-de-la-fundacion-libertad-1793893.jpg\",\"contentUrl\":\"https:\/\/gysfm.com.ar\/inicio\/wp-content\/uploads\/2026\/04\/javier-milei-en-el-evento-de-la-fundacion-libertad-1793893.jpg\",\"width\":1140,\"height\":641},{\"@type\":\"BreadcrumbList\",\"@id\":\"https:\/\/gysfm.com.ar\/inicio\/plan-paciencia-estrategica-la-fundacion-libertad-buscara-convencer-al-circulo-rojo-de-que-la-estabilizacion-lleva-tiempo\/#breadcrumb\",\"itemListElement\":[{\"@type\":\"ListItem\",\"position\":1,\"name\":\"Portada\",\"item\":\"https:\/\/gysfm.com.ar\/inicio\/\"},{\"@type\":\"ListItem\",\"position\":2,\"name\":\"Plan \u00abpaciencia estrat\u00e9gica\u00bb: la Fundaci\u00f3n Libertad buscar\u00e1 convencer al c\u00edrculo rojo de que la estabilizaci\u00f3n lleva tiempo\"}]},{\"@type\":\"WebSite\",\"@id\":\"https:\/\/gysfm.com.ar\/inicio\/#website\",\"url\":\"https:\/\/gysfm.com.ar\/inicio\/\",\"name\":\"GYS NOTICIAS |\",\"description\":\"DIARIO - RADIO ONLINE SAN JUAN ARGENTINA\",\"publisher\":{\"@id\":\"https:\/\/gysfm.com.ar\/inicio\/#organization\"},\"potentialAction\":[{\"@type\":\"SearchAction\",\"target\":{\"@type\":\"EntryPoint\",\"urlTemplate\":\"https:\/\/gysfm.com.ar\/inicio\/?s={search_term_string}\"},\"query-input\":{\"@type\":\"PropertyValueSpecification\",\"valueRequired\":true,\"valueName\":\"search_term_string\"}}],\"inLanguage\":\"es\"},{\"@type\":\"Organization\",\"@id\":\"https:\/\/gysfm.com.ar\/inicio\/#organization\",\"name\":\"GYS NOTICIAS |\",\"url\":\"https:\/\/gysfm.com.ar\/inicio\/\",\"logo\":{\"@type\":\"ImageObject\",\"inLanguage\":\"es\",\"@id\":\"https:\/\/gysfm.com.ar\/inicio\/#\/schema\/logo\/image\/\",\"url\":\"https:\/\/gysfm.com.ar\/inicio\/wp-content\/uploads\/2023\/07\/LOGOGYS-OK.png\",\"contentUrl\":\"https:\/\/gysfm.com.ar\/inicio\/wp-content\/uploads\/2023\/07\/LOGOGYS-OK.png\",\"width\":1170,\"height\":872,\"caption\":\"GYS NOTICIAS |\"},\"image\":{\"@id\":\"https:\/\/gysfm.com.ar\/inicio\/#\/schema\/logo\/image\/\"}},{\"@type\":\"Person\",\"@id\":\"https:\/\/gysfm.com.ar\/inicio\/#\/schema\/person\/3abba7593ef2ad19e1be221d54383dc5\",\"name\":\"Prensa G&amp;S FM\",\"image\":{\"@type\":\"ImageObject\",\"inLanguage\":\"es\",\"@id\":\"https:\/\/gysfm.com.ar\/inicio\/#\/schema\/person\/image\/\",\"url\":\"https:\/\/secure.gravatar.com\/avatar\/096ec78df02049ab018702bb4ccedf659377fa92a26540b5247612077a0dbd29?s=96&d=mm&r=g\",\"contentUrl\":\"https:\/\/secure.gravatar.com\/avatar\/096ec78df02049ab018702bb4ccedf659377fa92a26540b5247612077a0dbd29?s=96&d=mm&r=g\",\"caption\":\"Prensa G&amp;S FM\"},\"sameAs\":[\"https:\/\/gysfm.com.ar\/\"],\"url\":\"https:\/\/gysfm.com.ar\/inicio\/author\/lucasm\/\"}]}<\/script>\n<!-- \/ Yoast SEO plugin. -->","yoast_head_json":{"title":"Plan \"paciencia estrat\u00e9gica\": la Fundaci\u00f3n Libertad buscar\u00e1 convencer al c\u00edrculo rojo de que la estabilizaci\u00f3n lleva tiempo - GYS NOTICIAS |","robots":{"index":"index","follow":"follow","max-snippet":"max-snippet:-1","max-image-preview":"max-image-preview:large","max-video-preview":"max-video-preview:-1"},"canonical":"https:\/\/gysfm.com.ar\/inicio\/plan-paciencia-estrategica-la-fundacion-libertad-buscara-convencer-al-circulo-rojo-de-que-la-estabilizacion-lleva-tiempo\/","og_locale":"es_ES","og_type":"article","og_title":"Plan \"paciencia estrat\u00e9gica\": la Fundaci\u00f3n Libertad buscar\u00e1 convencer al c\u00edrculo rojo de que la estabilizaci\u00f3n lleva tiempo - GYS NOTICIAS |","og_description":"\u201cSi ganamos, iremos en la misma direcci\u00f3n, pero m\u00e1s r\u00e1pido\u201d. La frase pertenece a Mauricio Macri y se la dijo a Mario Vargas Llosa durante la cena de la Fundaci\u00f3n Libertad en 2019. Siete a\u00f1os despu\u00e9s, el think tank que reunir\u00e1 una vez m\u00e1s al presidente Javier Milei y al expresidente en su cena anual [&hellip;]","og_url":"https:\/\/gysfm.com.ar\/inicio\/plan-paciencia-estrategica-la-fundacion-libertad-buscara-convencer-al-circulo-rojo-de-que-la-estabilizacion-lleva-tiempo\/","og_site_name":"GYS NOTICIAS |","article_published_time":"2026-04-27T13:51:09+00:00","author":"Prensa G&amp;S FM","twitter_card":"summary_large_image","twitter_misc":{"Escrito por":"Prensa G&amp;S FM","Tiempo de lectura":"6 minutos"},"schema":{"@context":"https:\/\/schema.org","@graph":[{"@type":"Article","@id":"https:\/\/gysfm.com.ar\/inicio\/plan-paciencia-estrategica-la-fundacion-libertad-buscara-convencer-al-circulo-rojo-de-que-la-estabilizacion-lleva-tiempo\/#article","isPartOf":{"@id":"https:\/\/gysfm.com.ar\/inicio\/plan-paciencia-estrategica-la-fundacion-libertad-buscara-convencer-al-circulo-rojo-de-que-la-estabilizacion-lleva-tiempo\/"},"author":{"name":"Prensa G&amp;S FM","@id":"https:\/\/gysfm.com.ar\/inicio\/#\/schema\/person\/3abba7593ef2ad19e1be221d54383dc5"},"headline":"Plan \u00abpaciencia estrat\u00e9gica\u00bb: la Fundaci\u00f3n Libertad buscar\u00e1 convencer al c\u00edrculo rojo de que la estabilizaci\u00f3n lleva tiempo","datePublished":"2026-04-27T13:51:09+00:00","mainEntityOfPage":{"@id":"https:\/\/gysfm.com.ar\/inicio\/plan-paciencia-estrategica-la-fundacion-libertad-buscara-convencer-al-circulo-rojo-de-que-la-estabilizacion-lleva-tiempo\/"},"wordCount":1270,"publisher":{"@id":"https:\/\/gysfm.com.ar\/inicio\/#organization"},"image":{"@id":"https:\/\/gysfm.com.ar\/inicio\/plan-paciencia-estrategica-la-fundacion-libertad-buscara-convencer-al-circulo-rojo-de-que-la-estabilizacion-lleva-tiempo\/#primaryimage"},"thumbnailUrl":"https:\/\/gysfm.com.ar\/inicio\/wp-content\/uploads\/2026\/04\/javier-milei-en-el-evento-de-la-fundacion-libertad-1793893.jpg","articleSection":["NACIONALES"],"inLanguage":"es"},{"@type":"WebPage","@id":"https:\/\/gysfm.com.ar\/inicio\/plan-paciencia-estrategica-la-fundacion-libertad-buscara-convencer-al-circulo-rojo-de-que-la-estabilizacion-lleva-tiempo\/","url":"https:\/\/gysfm.com.ar\/inicio\/plan-paciencia-estrategica-la-fundacion-libertad-buscara-convencer-al-circulo-rojo-de-que-la-estabilizacion-lleva-tiempo\/","name":"Plan \"paciencia estrat\u00e9gica\": la Fundaci\u00f3n Libertad buscar\u00e1 convencer al c\u00edrculo rojo de que la estabilizaci\u00f3n lleva tiempo - GYS NOTICIAS |","isPartOf":{"@id":"https:\/\/gysfm.com.ar\/inicio\/#website"},"primaryImageOfPage":{"@id":"https:\/\/gysfm.com.ar\/inicio\/plan-paciencia-estrategica-la-fundacion-libertad-buscara-convencer-al-circulo-rojo-de-que-la-estabilizacion-lleva-tiempo\/#primaryimage"},"image":{"@id":"https:\/\/gysfm.com.ar\/inicio\/plan-paciencia-estrategica-la-fundacion-libertad-buscara-convencer-al-circulo-rojo-de-que-la-estabilizacion-lleva-tiempo\/#primaryimage"},"thumbnailUrl":"https:\/\/gysfm.com.ar\/inicio\/wp-content\/uploads\/2026\/04\/javier-milei-en-el-evento-de-la-fundacion-libertad-1793893.jpg","datePublished":"2026-04-27T13:51:09+00:00","breadcrumb":{"@id":"https:\/\/gysfm.com.ar\/inicio\/plan-paciencia-estrategica-la-fundacion-libertad-buscara-convencer-al-circulo-rojo-de-que-la-estabilizacion-lleva-tiempo\/#breadcrumb"},"inLanguage":"es","potentialAction":[{"@type":"ReadAction","target":["https:\/\/gysfm.com.ar\/inicio\/plan-paciencia-estrategica-la-fundacion-libertad-buscara-convencer-al-circulo-rojo-de-que-la-estabilizacion-lleva-tiempo\/"]}]},{"@type":"ImageObject","inLanguage":"es","@id":"https:\/\/gysfm.com.ar\/inicio\/plan-paciencia-estrategica-la-fundacion-libertad-buscara-convencer-al-circulo-rojo-de-que-la-estabilizacion-lleva-tiempo\/#primaryimage","url":"https:\/\/gysfm.com.ar\/inicio\/wp-content\/uploads\/2026\/04\/javier-milei-en-el-evento-de-la-fundacion-libertad-1793893.jpg","contentUrl":"https:\/\/gysfm.com.ar\/inicio\/wp-content\/uploads\/2026\/04\/javier-milei-en-el-evento-de-la-fundacion-libertad-1793893.jpg","width":1140,"height":641},{"@type":"BreadcrumbList","@id":"https:\/\/gysfm.com.ar\/inicio\/plan-paciencia-estrategica-la-fundacion-libertad-buscara-convencer-al-circulo-rojo-de-que-la-estabilizacion-lleva-tiempo\/#breadcrumb","itemListElement":[{"@type":"ListItem","position":1,"name":"Portada","item":"https:\/\/gysfm.com.ar\/inicio\/"},{"@type":"ListItem","position":2,"name":"Plan \u00abpaciencia estrat\u00e9gica\u00bb: la Fundaci\u00f3n Libertad buscar\u00e1 convencer al c\u00edrculo rojo de que la estabilizaci\u00f3n lleva tiempo"}]},{"@type":"WebSite","@id":"https:\/\/gysfm.com.ar\/inicio\/#website","url":"https:\/\/gysfm.com.ar\/inicio\/","name":"GYS NOTICIAS |","description":"DIARIO - RADIO ONLINE SAN JUAN ARGENTINA","publisher":{"@id":"https:\/\/gysfm.com.ar\/inicio\/#organization"},"potentialAction":[{"@type":"SearchAction","target":{"@type":"EntryPoint","urlTemplate":"https:\/\/gysfm.com.ar\/inicio\/?s={search_term_string}"},"query-input":{"@type":"PropertyValueSpecification","valueRequired":true,"valueName":"search_term_string"}}],"inLanguage":"es"},{"@type":"Organization","@id":"https:\/\/gysfm.com.ar\/inicio\/#organization","name":"GYS NOTICIAS |","url":"https:\/\/gysfm.com.ar\/inicio\/","logo":{"@type":"ImageObject","inLanguage":"es","@id":"https:\/\/gysfm.com.ar\/inicio\/#\/schema\/logo\/image\/","url":"https:\/\/gysfm.com.ar\/inicio\/wp-content\/uploads\/2023\/07\/LOGOGYS-OK.png","contentUrl":"https:\/\/gysfm.com.ar\/inicio\/wp-content\/uploads\/2023\/07\/LOGOGYS-OK.png","width":1170,"height":872,"caption":"GYS NOTICIAS |"},"image":{"@id":"https:\/\/gysfm.com.ar\/inicio\/#\/schema\/logo\/image\/"}},{"@type":"Person","@id":"https:\/\/gysfm.com.ar\/inicio\/#\/schema\/person\/3abba7593ef2ad19e1be221d54383dc5","name":"Prensa G&amp;S FM","image":{"@type":"ImageObject","inLanguage":"es","@id":"https:\/\/gysfm.com.ar\/inicio\/#\/schema\/person\/image\/","url":"https:\/\/secure.gravatar.com\/avatar\/096ec78df02049ab018702bb4ccedf659377fa92a26540b5247612077a0dbd29?s=96&d=mm&r=g","contentUrl":"https:\/\/secure.gravatar.com\/avatar\/096ec78df02049ab018702bb4ccedf659377fa92a26540b5247612077a0dbd29?s=96&d=mm&r=g","caption":"Prensa G&amp;S FM"},"sameAs":["https:\/\/gysfm.com.ar\/"],"url":"https:\/\/gysfm.com.ar\/inicio\/author\/lucasm\/"}]}},"_links":{"self":[{"href":"https:\/\/gysfm.com.ar\/inicio\/wp-json\/wp\/v2\/posts\/193268","targetHints":{"allow":["GET"]}}],"collection":[{"href":"https:\/\/gysfm.com.ar\/inicio\/wp-json\/wp\/v2\/posts"}],"about":[{"href":"https:\/\/gysfm.com.ar\/inicio\/wp-json\/wp\/v2\/types\/post"}],"author":[{"embeddable":true,"href":"https:\/\/gysfm.com.ar\/inicio\/wp-json\/wp\/v2\/users\/2"}],"replies":[{"embeddable":true,"href":"https:\/\/gysfm.com.ar\/inicio\/wp-json\/wp\/v2\/comments?post=193268"}],"version-history":[{"count":0,"href":"https:\/\/gysfm.com.ar\/inicio\/wp-json\/wp\/v2\/posts\/193268\/revisions"}],"wp:featuredmedia":[{"embeddable":true,"href":"https:\/\/gysfm.com.ar\/inicio\/wp-json\/wp\/v2\/media\/193269"}],"wp:attachment":[{"href":"https:\/\/gysfm.com.ar\/inicio\/wp-json\/wp\/v2\/media?parent=193268"}],"wp:term":[{"taxonomy":"category","embeddable":true,"href":"https:\/\/gysfm.com.ar\/inicio\/wp-json\/wp\/v2\/categories?post=193268"},{"taxonomy":"post_tag","embeddable":true,"href":"https:\/\/gysfm.com.ar\/inicio\/wp-json\/wp\/v2\/tags?post=193268"}],"curies":[{"name":"wp","href":"https:\/\/api.w.org\/{rel}","templated":true}]}}