{"id":193267,"date":"2026-04-27T10:12:20","date_gmt":"2026-04-27T13:12:20","guid":{"rendered":"https:\/\/gysfm.com.ar\/inicio\/el-gobierno-pone-un-limite-a-los-aumentos-mensuales-de-aysa-hasta-agosto-y-baja-el-ritmo-de-las-subas-de-tarifas\/"},"modified":"2026-04-27T10:12:20","modified_gmt":"2026-04-27T13:12:20","slug":"el-gobierno-pone-un-limite-a-los-aumentos-mensuales-de-aysa-hasta-agosto-y-baja-el-ritmo-de-las-subas-de-tarifas","status":"publish","type":"post","link":"https:\/\/gysfm.com.ar\/inicio\/el-gobierno-pone-un-limite-a-los-aumentos-mensuales-de-aysa-hasta-agosto-y-baja-el-ritmo-de-las-subas-de-tarifas\/","title":{"rendered":"El Gobierno pone un l\u00edmite a los aumentos mensuales de AySA hasta agosto y baja el ritmo de las subas de tarifas"},"content":{"rendered":"<p> <br \/>\n<\/p>\n<div id=\"\">\n<p id=\"p-1777285264535-83374\" data-start=\"354\" data-end=\"550\">El Gobierno defini\u00f3 <strong data-start=\"383\" data-end=\"465\">un freno a los incrementos mensuales del servicio de agua y cloacas en el AMBA<\/strong> de <strong data-start=\"480\" data-end=\"488\">AySA<\/strong>, con un esquema que regir\u00e1 desde el pr\u00f3ximo mes hasta agosto.<\/p>\n<\/p><\/div>\n<div id=\"\">\n<p id=\"p-1777285264535-36952\" data-start=\"552\" data-end=\"819\">La medida qued\u00f3 formalizada a trav\u00e9s de la Resoluci\u00f3n 14\/2026 y establece que <strong data-start=\"630\" data-end=\"703\">las subas no podr\u00e1n superar el 4% mensual entre enero y abril de 2026<\/strong>, mientras que desde mayo el tope bajar\u00e1 al 3%, siempre que el mecanismo de actualizaci\u00f3n arroje valores inferiores.<\/p>\n<\/div>\n<div id=\"\">\n<h2 id=\"p-1777285483613-15886\" data-start=\"552\" data-end=\"819\">Limitan los aumentos mensuales de AySA hasta agosto<\/h2>\n<p id=\"p-1777285264535-66898\" data-start=\"821\" data-end=\"1033\">La decisi\u00f3n fue adoptada por el <strong data-start=\"853\" data-end=\"900\">Ente Regulador de Agua y Saneamiento (ERAS)<\/strong>, que modific\u00f3 la Resoluci\u00f3n 53\/25 tras un proceso de evaluaci\u00f3n que incluy\u00f3 <strong data-start=\"977\" data-end=\"1032\">informes econ\u00f3mico-financieros presentados por AySA<\/strong>.<\/p>\n<\/div>\n<div id=\"\">\n<p id=\"p-1777285264535-94223\" data-start=\"1035\" data-end=\"1334\">Seg\u00fan lo dispuesto, el objetivo oficial es <strong data-start=\"1078\" data-end=\"1181\">equilibrar la situaci\u00f3n econ\u00f3mica de la concesionaria sin trasladar aumentos bruscos a los usuarios<\/strong>. El esquema se basa en la f\u00f3rmula aprobada por la <strong data-start=\"1232\" data-end=\"1264\">Secretar\u00eda de Obras P\u00fablicas<\/strong>, pero incorpora l\u00edmites mensuales que deber\u00e1n cumplirse durante 2026.<\/p>\n<\/div>\n<div id=\"\">\n<p id=\"p-1777285264535-49815\" data-start=\"1336\" data-end=\"1505\"> Adem\u00e1s, la empresa deber\u00e1 presentar <strong data-start=\"1372\" data-end=\"1397\">informes trimestrales<\/strong> para monitorear la evoluci\u00f3n de ingresos, gastos e inversiones, en el marco del plan de transici\u00f3n vigente.<\/p>\n<p id=\"p-1777285264535-44430\" data-start=\"1507\" data-end=\"1791\">El esquema tarifario tiene como antecedente la revisi\u00f3n iniciada en 2024, cuando <strong data-start=\"1588\" data-end=\"1667\">AySA elev\u00f3 una propuesta de adecuaci\u00f3n ante la Secretar\u00eda de Obras P\u00fablicas<\/strong>. Aunque no era obligatoria, se convoc\u00f3 a una instancia de participaci\u00f3n ciudadana para analizar el impacto de los aumentos.<\/p>\n<div contenteditable=\"false\" class=\"embed_cont type_documento\" id=\"8216677-14181300_wrap\">\n<p> Resoluci\u00f3n 14\/2026 aysa boletin oficial <span onclick=\"parent.parent.TinyMCETdcuerpo.preview_embed('8216677-14181300')\" class=\"embed_colapse less\" id=\"8216677-14181300_colapse\"\/>  <span onclick=\"parent.parent.TinyMCETdcuerpo.delete_embed('8216677-14181300')\" class=\"embed_delete less\" id=\"8216677-14181300_delete\"\/><\/p>\n<\/p><\/div>\n<p id=\"p-1777285264535-72493\" data-start=\"1793\" data-end=\"2042\">En ese contexto, la compa\u00f1\u00eda reconoci\u00f3 <strong data-start=\"1832\" data-end=\"1855\">un atraso tarifario<\/strong> y la necesidad de recomponer ingresos, pero tambi\u00e9n acord\u00f3 <strong data-start=\"1915\" data-end=\"2005\">renunciar a montos no facturados en 2025 y absorber el costo de la gradualidad en 2026<\/strong>, lo que impactar\u00e1 en sus resultados.<\/p>\n<p id=\"p-1777285264535-31716\" data-start=\"2044\" data-end=\"2393\" data-is-last-node=\"\" data-is-only-node=\"\">En los \u00faltimos informes, la empresa advirti\u00f3 que <strong data-start=\"2093\" data-end=\"2172\">la inflaci\u00f3n super\u00f3 las previsiones entre fines de 2025 y comienzos de 2026<\/strong>, lo que ralentiz\u00f3 la recomposici\u00f3n tarifaria y ampli\u00f3 el d\u00e9ficit proyectado. Frente a ese escenario, solicit\u00f3 sostener el esquema de convergencia, aunque el regulador opt\u00f3 por <strong data-start=\"2349\" data-end=\"2392\">reducir el ritmo de aumentos desde mayo<\/strong>.<\/p>\n<\/p><\/div>\n<p><script>\n!function(f,b,e,v,n,t,s)\n{if(f.fbq)return;n=f.fbq=function(){n.callMethod?\nn.callMethod.apply(n,arguments):n.queue.push(arguments)};\nif(!f._fbq)f._fbq=n;n.push=n;n.loaded=!0;n.version='2.0';\nn.queue=[];t=b.createElement(e);t.async=!0;\nt.src=v;s=b.getElementsByTagName(e)[0];\ns.parentNode.insertBefore(t,s)}(window,document,'script',\n'https:\/\/connect.facebook.net\/en_US\/fbevents.js');\nfbq('init', '2047048335588113');\nfbq('track', 'PageView');\n<\/script><br \/>\n<br \/><\/p>\n","protected":false},"excerpt":{"rendered":"<p>El Gobierno defini\u00f3 un freno a los incrementos mensuales del servicio de agua y cloacas en el AMBA de AySA, con un esquema que regir\u00e1 desde el pr\u00f3ximo mes hasta agosto. La medida qued\u00f3 formalizada a trav\u00e9s de la Resoluci\u00f3n 14\/2026 y establece que las subas no podr\u00e1n superar el 4% mensual entre enero y [&hellip;]<\/p>\n","protected":false},"author":1,"featured_media":105473,"comment_status":"closed","ping_status":"closed","sticky":false,"template":"","format":"standard","meta":{"footnotes":""},"categories":[28],"tags":[],"class_list":["post-193267","post","type-post","status-publish","format-standard","has-post-thumbnail","hentry","category-economia"],"yoast_head":"<!-- This site is optimized with the Yoast SEO plugin v24.4 - https:\/\/yoast.com\/wordpress\/plugins\/seo\/ -->\n<title>El Gobierno pone un l\u00edmite a los aumentos mensuales de AySA hasta agosto y baja el ritmo de las subas de tarifas - GYS NOTICIAS |<\/title>\n<meta name=\"robots\" content=\"index, follow, max-snippet:-1, max-image-preview:large, max-video-preview:-1\" \/>\n<link rel=\"canonical\" href=\"https:\/\/gysfm.com.ar\/inicio\/el-gobierno-pone-un-limite-a-los-aumentos-mensuales-de-aysa-hasta-agosto-y-baja-el-ritmo-de-las-subas-de-tarifas\/\" \/>\n<meta property=\"og:locale\" content=\"es_ES\" \/>\n<meta property=\"og:type\" content=\"article\" \/>\n<meta property=\"og:title\" content=\"El Gobierno pone un l\u00edmite a los aumentos mensuales de AySA hasta agosto y baja el ritmo de las subas de tarifas - GYS NOTICIAS |\" \/>\n<meta property=\"og:description\" content=\"El Gobierno defini\u00f3 un freno a los incrementos mensuales del servicio de agua y cloacas en el AMBA de AySA, con un esquema que regir\u00e1 desde el pr\u00f3ximo mes hasta agosto. La medida qued\u00f3 formalizada a trav\u00e9s de la Resoluci\u00f3n 14\/2026 y establece que las subas no podr\u00e1n superar el 4% mensual entre enero y [&hellip;]\" \/>\n<meta property=\"og:url\" content=\"https:\/\/gysfm.com.ar\/inicio\/el-gobierno-pone-un-limite-a-los-aumentos-mensuales-de-aysa-hasta-agosto-y-baja-el-ritmo-de-las-subas-de-tarifas\/\" \/>\n<meta property=\"og:site_name\" content=\"GYS NOTICIAS |\" \/>\n<meta property=\"article:published_time\" content=\"2026-04-27T13:12:20+00:00\" \/>\n<meta name=\"author\" content=\"admin\" \/>\n<meta name=\"twitter:card\" content=\"summary_large_image\" \/>\n<meta name=\"twitter:label1\" content=\"Escrito por\" \/>\n\t<meta name=\"twitter:data1\" content=\"admin\" \/>\n\t<meta name=\"twitter:label2\" content=\"Tiempo de lectura\" \/>\n\t<meta name=\"twitter:data2\" content=\"2 minutos\" \/>\n<script type=\"application\/ld+json\" class=\"yoast-schema-graph\">{\"@context\":\"https:\/\/schema.org\",\"@graph\":[{\"@type\":\"Article\",\"@id\":\"https:\/\/gysfm.com.ar\/inicio\/el-gobierno-pone-un-limite-a-los-aumentos-mensuales-de-aysa-hasta-agosto-y-baja-el-ritmo-de-las-subas-de-tarifas\/#article\",\"isPartOf\":{\"@id\":\"https:\/\/gysfm.com.ar\/inicio\/el-gobierno-pone-un-limite-a-los-aumentos-mensuales-de-aysa-hasta-agosto-y-baja-el-ritmo-de-las-subas-de-tarifas\/\"},\"author\":{\"name\":\"admin\",\"@id\":\"https:\/\/gysfm.com.ar\/inicio\/#\/schema\/person\/5bedd7ecd35cc35548d89effafa23696\"},\"headline\":\"El Gobierno pone un l\u00edmite a los aumentos mensuales de AySA hasta agosto y baja el ritmo de las subas de tarifas\",\"datePublished\":\"2026-04-27T13:12:20+00:00\",\"mainEntityOfPage\":{\"@id\":\"https:\/\/gysfm.com.ar\/inicio\/el-gobierno-pone-un-limite-a-los-aumentos-mensuales-de-aysa-hasta-agosto-y-baja-el-ritmo-de-las-subas-de-tarifas\/\"},\"wordCount\":368,\"publisher\":{\"@id\":\"https:\/\/gysfm.com.ar\/inicio\/#organization\"},\"image\":{\"@id\":\"https:\/\/gysfm.com.ar\/inicio\/el-gobierno-pone-un-limite-a-los-aumentos-mensuales-de-aysa-hasta-agosto-y-baja-el-ritmo-de-las-subas-de-tarifas\/#primaryimage\"},\"thumbnailUrl\":\"https:\/\/gysfm.com.ar\/inicio\/wp-content\/uploads\/2025\/03\/aumento-aysa.jpg\",\"articleSection\":[\"ECONOMIA\"],\"inLanguage\":\"es\"},{\"@type\":\"WebPage\",\"@id\":\"https:\/\/gysfm.com.ar\/inicio\/el-gobierno-pone-un-limite-a-los-aumentos-mensuales-de-aysa-hasta-agosto-y-baja-el-ritmo-de-las-subas-de-tarifas\/\",\"url\":\"https:\/\/gysfm.com.ar\/inicio\/el-gobierno-pone-un-limite-a-los-aumentos-mensuales-de-aysa-hasta-agosto-y-baja-el-ritmo-de-las-subas-de-tarifas\/\",\"name\":\"El Gobierno pone un l\u00edmite a los aumentos mensuales de AySA hasta agosto y baja el ritmo de las subas de tarifas - GYS NOTICIAS |\",\"isPartOf\":{\"@id\":\"https:\/\/gysfm.com.ar\/inicio\/#website\"},\"primaryImageOfPage\":{\"@id\":\"https:\/\/gysfm.com.ar\/inicio\/el-gobierno-pone-un-limite-a-los-aumentos-mensuales-de-aysa-hasta-agosto-y-baja-el-ritmo-de-las-subas-de-tarifas\/#primaryimage\"},\"image\":{\"@id\":\"https:\/\/gysfm.com.ar\/inicio\/el-gobierno-pone-un-limite-a-los-aumentos-mensuales-de-aysa-hasta-agosto-y-baja-el-ritmo-de-las-subas-de-tarifas\/#primaryimage\"},\"thumbnailUrl\":\"https:\/\/gysfm.com.ar\/inicio\/wp-content\/uploads\/2025\/03\/aumento-aysa.jpg\",\"datePublished\":\"2026-04-27T13:12:20+00:00\",\"breadcrumb\":{\"@id\":\"https:\/\/gysfm.com.ar\/inicio\/el-gobierno-pone-un-limite-a-los-aumentos-mensuales-de-aysa-hasta-agosto-y-baja-el-ritmo-de-las-subas-de-tarifas\/#breadcrumb\"},\"inLanguage\":\"es\",\"potentialAction\":[{\"@type\":\"ReadAction\",\"target\":[\"https:\/\/gysfm.com.ar\/inicio\/el-gobierno-pone-un-limite-a-los-aumentos-mensuales-de-aysa-hasta-agosto-y-baja-el-ritmo-de-las-subas-de-tarifas\/\"]}]},{\"@type\":\"ImageObject\",\"inLanguage\":\"es\",\"@id\":\"https:\/\/gysfm.com.ar\/inicio\/el-gobierno-pone-un-limite-a-los-aumentos-mensuales-de-aysa-hasta-agosto-y-baja-el-ritmo-de-las-subas-de-tarifas\/#primaryimage\",\"url\":\"https:\/\/gysfm.com.ar\/inicio\/wp-content\/uploads\/2025\/03\/aumento-aysa.jpg\",\"contentUrl\":\"https:\/\/gysfm.com.ar\/inicio\/wp-content\/uploads\/2025\/03\/aumento-aysa.jpg\",\"width\":1200,\"height\":675},{\"@type\":\"BreadcrumbList\",\"@id\":\"https:\/\/gysfm.com.ar\/inicio\/el-gobierno-pone-un-limite-a-los-aumentos-mensuales-de-aysa-hasta-agosto-y-baja-el-ritmo-de-las-subas-de-tarifas\/#breadcrumb\",\"itemListElement\":[{\"@type\":\"ListItem\",\"position\":1,\"name\":\"Portada\",\"item\":\"https:\/\/gysfm.com.ar\/inicio\/\"},{\"@type\":\"ListItem\",\"position\":2,\"name\":\"El Gobierno pone un l\u00edmite a los aumentos mensuales de AySA hasta agosto y baja el ritmo de las subas de tarifas\"}]},{\"@type\":\"WebSite\",\"@id\":\"https:\/\/gysfm.com.ar\/inicio\/#website\",\"url\":\"https:\/\/gysfm.com.ar\/inicio\/\",\"name\":\"GYS NOTICIAS |\",\"description\":\"DIARIO - RADIO ONLINE SAN JUAN ARGENTINA\",\"publisher\":{\"@id\":\"https:\/\/gysfm.com.ar\/inicio\/#organization\"},\"potentialAction\":[{\"@type\":\"SearchAction\",\"target\":{\"@type\":\"EntryPoint\",\"urlTemplate\":\"https:\/\/gysfm.com.ar\/inicio\/?s={search_term_string}\"},\"query-input\":{\"@type\":\"PropertyValueSpecification\",\"valueRequired\":true,\"valueName\":\"search_term_string\"}}],\"inLanguage\":\"es\"},{\"@type\":\"Organization\",\"@id\":\"https:\/\/gysfm.com.ar\/inicio\/#organization\",\"name\":\"GYS NOTICIAS |\",\"url\":\"https:\/\/gysfm.com.ar\/inicio\/\",\"logo\":{\"@type\":\"ImageObject\",\"inLanguage\":\"es\",\"@id\":\"https:\/\/gysfm.com.ar\/inicio\/#\/schema\/logo\/image\/\",\"url\":\"https:\/\/gysfm.com.ar\/inicio\/wp-content\/uploads\/2023\/07\/LOGOGYS-OK.png\",\"contentUrl\":\"https:\/\/gysfm.com.ar\/inicio\/wp-content\/uploads\/2023\/07\/LOGOGYS-OK.png\",\"width\":1170,\"height\":872,\"caption\":\"GYS NOTICIAS |\"},\"image\":{\"@id\":\"https:\/\/gysfm.com.ar\/inicio\/#\/schema\/logo\/image\/\"}},{\"@type\":\"Person\",\"@id\":\"https:\/\/gysfm.com.ar\/inicio\/#\/schema\/person\/5bedd7ecd35cc35548d89effafa23696\",\"name\":\"admin\",\"image\":{\"@type\":\"ImageObject\",\"inLanguage\":\"es\",\"@id\":\"https:\/\/gysfm.com.ar\/inicio\/#\/schema\/person\/image\/\",\"url\":\"https:\/\/secure.gravatar.com\/avatar\/c331d312b5243fb64d5ba28108a447b27c925295129a363082c9ea52c28d32c2?s=96&d=mm&r=g\",\"contentUrl\":\"https:\/\/secure.gravatar.com\/avatar\/c331d312b5243fb64d5ba28108a447b27c925295129a363082c9ea52c28d32c2?s=96&d=mm&r=g\",\"caption\":\"admin\"},\"sameAs\":[\"https:\/\/gysfm.com.ar\/inicio\"],\"url\":\"https:\/\/gysfm.com.ar\/inicio\/author\/admin\/\"}]}<\/script>\n<!-- \/ Yoast SEO plugin. -->","yoast_head_json":{"title":"El Gobierno pone un l\u00edmite a los aumentos mensuales de AySA hasta agosto y baja el ritmo de las subas de tarifas - GYS NOTICIAS |","robots":{"index":"index","follow":"follow","max-snippet":"max-snippet:-1","max-image-preview":"max-image-preview:large","max-video-preview":"max-video-preview:-1"},"canonical":"https:\/\/gysfm.com.ar\/inicio\/el-gobierno-pone-un-limite-a-los-aumentos-mensuales-de-aysa-hasta-agosto-y-baja-el-ritmo-de-las-subas-de-tarifas\/","og_locale":"es_ES","og_type":"article","og_title":"El Gobierno pone un l\u00edmite a los aumentos mensuales de AySA hasta agosto y baja el ritmo de las subas de tarifas - GYS NOTICIAS |","og_description":"El Gobierno defini\u00f3 un freno a los incrementos mensuales del servicio de agua y cloacas en el AMBA de AySA, con un esquema que regir\u00e1 desde el pr\u00f3ximo mes hasta agosto. La medida qued\u00f3 formalizada a trav\u00e9s de la Resoluci\u00f3n 14\/2026 y establece que las subas no podr\u00e1n superar el 4% mensual entre enero y [&hellip;]","og_url":"https:\/\/gysfm.com.ar\/inicio\/el-gobierno-pone-un-limite-a-los-aumentos-mensuales-de-aysa-hasta-agosto-y-baja-el-ritmo-de-las-subas-de-tarifas\/","og_site_name":"GYS NOTICIAS |","article_published_time":"2026-04-27T13:12:20+00:00","author":"admin","twitter_card":"summary_large_image","twitter_misc":{"Escrito por":"admin","Tiempo de lectura":"2 minutos"},"schema":{"@context":"https:\/\/schema.org","@graph":[{"@type":"Article","@id":"https:\/\/gysfm.com.ar\/inicio\/el-gobierno-pone-un-limite-a-los-aumentos-mensuales-de-aysa-hasta-agosto-y-baja-el-ritmo-de-las-subas-de-tarifas\/#article","isPartOf":{"@id":"https:\/\/gysfm.com.ar\/inicio\/el-gobierno-pone-un-limite-a-los-aumentos-mensuales-de-aysa-hasta-agosto-y-baja-el-ritmo-de-las-subas-de-tarifas\/"},"author":{"name":"admin","@id":"https:\/\/gysfm.com.ar\/inicio\/#\/schema\/person\/5bedd7ecd35cc35548d89effafa23696"},"headline":"El Gobierno pone un l\u00edmite a los aumentos mensuales de AySA hasta agosto y baja el ritmo de las subas de tarifas","datePublished":"2026-04-27T13:12:20+00:00","mainEntityOfPage":{"@id":"https:\/\/gysfm.com.ar\/inicio\/el-gobierno-pone-un-limite-a-los-aumentos-mensuales-de-aysa-hasta-agosto-y-baja-el-ritmo-de-las-subas-de-tarifas\/"},"wordCount":368,"publisher":{"@id":"https:\/\/gysfm.com.ar\/inicio\/#organization"},"image":{"@id":"https:\/\/gysfm.com.ar\/inicio\/el-gobierno-pone-un-limite-a-los-aumentos-mensuales-de-aysa-hasta-agosto-y-baja-el-ritmo-de-las-subas-de-tarifas\/#primaryimage"},"thumbnailUrl":"https:\/\/gysfm.com.ar\/inicio\/wp-content\/uploads\/2025\/03\/aumento-aysa.jpg","articleSection":["ECONOMIA"],"inLanguage":"es"},{"@type":"WebPage","@id":"https:\/\/gysfm.com.ar\/inicio\/el-gobierno-pone-un-limite-a-los-aumentos-mensuales-de-aysa-hasta-agosto-y-baja-el-ritmo-de-las-subas-de-tarifas\/","url":"https:\/\/gysfm.com.ar\/inicio\/el-gobierno-pone-un-limite-a-los-aumentos-mensuales-de-aysa-hasta-agosto-y-baja-el-ritmo-de-las-subas-de-tarifas\/","name":"El Gobierno pone un l\u00edmite a los aumentos mensuales de AySA hasta agosto y baja el ritmo de las subas de tarifas - GYS NOTICIAS |","isPartOf":{"@id":"https:\/\/gysfm.com.ar\/inicio\/#website"},"primaryImageOfPage":{"@id":"https:\/\/gysfm.com.ar\/inicio\/el-gobierno-pone-un-limite-a-los-aumentos-mensuales-de-aysa-hasta-agosto-y-baja-el-ritmo-de-las-subas-de-tarifas\/#primaryimage"},"image":{"@id":"https:\/\/gysfm.com.ar\/inicio\/el-gobierno-pone-un-limite-a-los-aumentos-mensuales-de-aysa-hasta-agosto-y-baja-el-ritmo-de-las-subas-de-tarifas\/#primaryimage"},"thumbnailUrl":"https:\/\/gysfm.com.ar\/inicio\/wp-content\/uploads\/2025\/03\/aumento-aysa.jpg","datePublished":"2026-04-27T13:12:20+00:00","breadcrumb":{"@id":"https:\/\/gysfm.com.ar\/inicio\/el-gobierno-pone-un-limite-a-los-aumentos-mensuales-de-aysa-hasta-agosto-y-baja-el-ritmo-de-las-subas-de-tarifas\/#breadcrumb"},"inLanguage":"es","potentialAction":[{"@type":"ReadAction","target":["https:\/\/gysfm.com.ar\/inicio\/el-gobierno-pone-un-limite-a-los-aumentos-mensuales-de-aysa-hasta-agosto-y-baja-el-ritmo-de-las-subas-de-tarifas\/"]}]},{"@type":"ImageObject","inLanguage":"es","@id":"https:\/\/gysfm.com.ar\/inicio\/el-gobierno-pone-un-limite-a-los-aumentos-mensuales-de-aysa-hasta-agosto-y-baja-el-ritmo-de-las-subas-de-tarifas\/#primaryimage","url":"https:\/\/gysfm.com.ar\/inicio\/wp-content\/uploads\/2025\/03\/aumento-aysa.jpg","contentUrl":"https:\/\/gysfm.com.ar\/inicio\/wp-content\/uploads\/2025\/03\/aumento-aysa.jpg","width":1200,"height":675},{"@type":"BreadcrumbList","@id":"https:\/\/gysfm.com.ar\/inicio\/el-gobierno-pone-un-limite-a-los-aumentos-mensuales-de-aysa-hasta-agosto-y-baja-el-ritmo-de-las-subas-de-tarifas\/#breadcrumb","itemListElement":[{"@type":"ListItem","position":1,"name":"Portada","item":"https:\/\/gysfm.com.ar\/inicio\/"},{"@type":"ListItem","position":2,"name":"El Gobierno pone un l\u00edmite a los aumentos mensuales de AySA hasta agosto y baja el ritmo de las subas de tarifas"}]},{"@type":"WebSite","@id":"https:\/\/gysfm.com.ar\/inicio\/#website","url":"https:\/\/gysfm.com.ar\/inicio\/","name":"GYS NOTICIAS |","description":"DIARIO - RADIO ONLINE SAN JUAN ARGENTINA","publisher":{"@id":"https:\/\/gysfm.com.ar\/inicio\/#organization"},"potentialAction":[{"@type":"SearchAction","target":{"@type":"EntryPoint","urlTemplate":"https:\/\/gysfm.com.ar\/inicio\/?s={search_term_string}"},"query-input":{"@type":"PropertyValueSpecification","valueRequired":true,"valueName":"search_term_string"}}],"inLanguage":"es"},{"@type":"Organization","@id":"https:\/\/gysfm.com.ar\/inicio\/#organization","name":"GYS NOTICIAS |","url":"https:\/\/gysfm.com.ar\/inicio\/","logo":{"@type":"ImageObject","inLanguage":"es","@id":"https:\/\/gysfm.com.ar\/inicio\/#\/schema\/logo\/image\/","url":"https:\/\/gysfm.com.ar\/inicio\/wp-content\/uploads\/2023\/07\/LOGOGYS-OK.png","contentUrl":"https:\/\/gysfm.com.ar\/inicio\/wp-content\/uploads\/2023\/07\/LOGOGYS-OK.png","width":1170,"height":872,"caption":"GYS NOTICIAS |"},"image":{"@id":"https:\/\/gysfm.com.ar\/inicio\/#\/schema\/logo\/image\/"}},{"@type":"Person","@id":"https:\/\/gysfm.com.ar\/inicio\/#\/schema\/person\/5bedd7ecd35cc35548d89effafa23696","name":"admin","image":{"@type":"ImageObject","inLanguage":"es","@id":"https:\/\/gysfm.com.ar\/inicio\/#\/schema\/person\/image\/","url":"https:\/\/secure.gravatar.com\/avatar\/c331d312b5243fb64d5ba28108a447b27c925295129a363082c9ea52c28d32c2?s=96&d=mm&r=g","contentUrl":"https:\/\/secure.gravatar.com\/avatar\/c331d312b5243fb64d5ba28108a447b27c925295129a363082c9ea52c28d32c2?s=96&d=mm&r=g","caption":"admin"},"sameAs":["https:\/\/gysfm.com.ar\/inicio"],"url":"https:\/\/gysfm.com.ar\/inicio\/author\/admin\/"}]}},"_links":{"self":[{"href":"https:\/\/gysfm.com.ar\/inicio\/wp-json\/wp\/v2\/posts\/193267","targetHints":{"allow":["GET"]}}],"collection":[{"href":"https:\/\/gysfm.com.ar\/inicio\/wp-json\/wp\/v2\/posts"}],"about":[{"href":"https:\/\/gysfm.com.ar\/inicio\/wp-json\/wp\/v2\/types\/post"}],"author":[{"embeddable":true,"href":"https:\/\/gysfm.com.ar\/inicio\/wp-json\/wp\/v2\/users\/1"}],"replies":[{"embeddable":true,"href":"https:\/\/gysfm.com.ar\/inicio\/wp-json\/wp\/v2\/comments?post=193267"}],"version-history":[{"count":0,"href":"https:\/\/gysfm.com.ar\/inicio\/wp-json\/wp\/v2\/posts\/193267\/revisions"}],"wp:featuredmedia":[{"embeddable":true,"href":"https:\/\/gysfm.com.ar\/inicio\/wp-json\/wp\/v2\/media\/105473"}],"wp:attachment":[{"href":"https:\/\/gysfm.com.ar\/inicio\/wp-json\/wp\/v2\/media?parent=193267"}],"wp:term":[{"taxonomy":"category","embeddable":true,"href":"https:\/\/gysfm.com.ar\/inicio\/wp-json\/wp\/v2\/categories?post=193267"},{"taxonomy":"post_tag","embeddable":true,"href":"https:\/\/gysfm.com.ar\/inicio\/wp-json\/wp\/v2\/tags?post=193267"}],"curies":[{"name":"wp","href":"https:\/\/api.w.org\/{rel}","templated":true}]}}