{"id":193260,"date":"2026-04-27T09:18:07","date_gmt":"2026-04-27T12:18:07","guid":{"rendered":"https:\/\/gysfm.com.ar\/inicio\/fallecio-adolfo-aristarain-el-director-argentino-de-clasicos-como-un-lugar-en-el-mundo-y-martin-hache\/"},"modified":"2026-04-27T09:18:07","modified_gmt":"2026-04-27T12:18:07","slug":"fallecio-adolfo-aristarain-el-director-argentino-de-clasicos-como-un-lugar-en-el-mundo-y-martin-hache","status":"publish","type":"post","link":"https:\/\/gysfm.com.ar\/inicio\/fallecio-adolfo-aristarain-el-director-argentino-de-clasicos-como-un-lugar-en-el-mundo-y-martin-hache\/","title":{"rendered":"Falleci\u00f3 Adolfo Aristarain, el director argentino de cl\u00e1sicos como \u00abUn lugar en el mundo\u00bb y \u00abMart\u00edn Hache\u00bb"},"content":{"rendered":"<p><\/p>\n<div id=\"article-content\">\n<p>El director de <a target=\"_blank\" href=\"https:\/\/www.perfil.com\/noticias\/protagonistas\/murio-luis-brandoni-actor-emblema-del-cine-television-y-teatro-argentinos.phtml\"><strong>cine argentino<\/strong><\/a> <strong>Adolfo Aristarain falleci\u00f3 este domingo a los 82 a\u00f1os<\/strong>. Uno de los cineastas m\u00e1s importantes de habla hispana dej\u00f3 una huella imborrable con sus obras audiovisuales, entre las que se destacan<strong> Tiempo de Revancha<\/strong> (1981), <strong>Un lugar en el Mundo<\/strong> (1992), y <strong>Mart\u00edn Hache<\/strong> (1997). <\/p>\n<p>La trayectoria del director qued\u00f3 registrada en el archivo hist\u00f3rico de la <strong>Academia de las Artes y Ciencias Cinematogr\u00e1ficas<\/strong> de la Argentina. Construyo sus obras centradas en la <strong>identidad argentina, el exilio y las relaciones familiares<\/strong>. <\/p>\n<p class=\"destacadoNota\"><a target=\"_blank\" href=\"https:\/\/442.perfil.com\/noticias\/automovilismo\/franco-colapinto-cerro-su-show-en-pista-el-rugido-del-lotus-e20-se-despidio-de-buenos-aires.phtml\">Franco Colapinto cerr\u00f3 su show en pista: el rugido del Lotus E20 se despidi\u00f3 de Buenos Aires<\/a><\/p>\n<div class=\"subscription\">\n<p>\n        Esto no les gusta a los autoritarios\n    <\/p>\n<div class=\"subscription__container\">\n<div class=\"subscription__text-wrapper\">\n<p>\n                El ejercicio del periodismo profesional y cr\u00edtico es un pilar fundamental de la democracia. Por eso molesta a quienes creen ser los due\u00f1os de la verdad.\n            <\/p>\n<\/p><\/div><\/div>\n<\/div>\n<p>Antes de ser director de cine, fue <strong>asistente en m\u00e1s de 30 pel\u00edculas<\/strong>. Vivi\u00f3 muchos a\u00f1os en <strong>Espa\u00f1a,<\/strong> donde recibi\u00f3 el \u00faltimo reconocimiento a su trayectoria: en el 2024 la<strong> Academia de Cine espa\u00f1ola<\/strong> le otorg\u00f3 la <strong>Medalla de Oro<\/strong>. <\/p>\n<h2>\u00bfQu\u00e9 impacto tuvieron las obras de Aristarain en el cine? <\/h2>\n<p>Su carrera despeg\u00f3 en la d\u00e9cada del 70, cuando en 1978 estren\u00f3 La parte del le\u00f3n que esta estableci\u00f3 un <strong>estilo narrativo preciso<\/strong> alejado de los sentimentalismos. Mas adelante, films como Tiempo de Revancha (1981) y \u00daltimos d\u00edas de la v\u00edctima (1982) <strong>definieron el cine local <\/strong>durante los a\u00f1os finales de la dictadura militar. <\/p>\n<p>El director<strong> gan\u00f3 el Premio Goya <\/strong>a la mejor pel\u00edcula extranjera de habla hispana en 1993 por Un lugar en el mundo. Dicho film represent\u00f3 un punto de inflexi\u00f3n en su carrera al <strong>capturar la crisis de valores de la clase media <\/strong>profesional argentina. <\/p>\n<p class=\"destacadoNota\"><a target=\"_blank\" href=\"https:\/\/442.perfil.com\/noticias\/automovilismo\/franco-colapinto-manejo-la-mitica-flecha-de-plata-de-fangio-en-buenos-aires.phtml\">Franco Colapinto manej\u00f3 la m\u00edtica \u00abFlecha de Plata\u00bb de Fangio en Buenos Aires<\/a><\/p>\n<p>Con la producci\u00f3n de <strong>Mart\u00edn Hache (1997)<\/strong> alcanz\u00f3 un <strong>\u00e9xito internacional<\/strong> in\u00e9dito para el cine nacional. La pel\u00edcula abord\u00f3 <strong>v\u00ednculos entre un padre y un hijo<\/strong> en el contexto del exilio en Espa\u00f1a. <\/p>\n<p>Su \u00faltima gran obra, <strong>Roma (2004)<\/strong>, funcion\u00f3 como un relato autobiogr\u00e1ficos. El film <strong>recorri\u00f3 la infancia y la juventud del protagonista<\/strong>, consolidando su legado cinematogr\u00e1fico antes de un retiro progresivo de la actividad profesional. <\/p>\n<\/p><\/div>\n<p><script>\n                !function(f,b,e,v,n,t,s)\n                {if(f.fbq)return;n=f.fbq=function(){n.callMethod?\n                    n.callMethod.apply(n,arguments):n.queue.push(arguments)};\n                    if(!f._fbq)f._fbq=n;n.push=n;n.loaded=!0;n.version='2.0';\n                    n.queue=[];t=b.createElement(e);t.async=!0;\n                    t.src=v;s=b.getElementsByTagName(e)[0];\n                    s.parentNode.insertBefore(t,s)}(window, document,'script',\n                    'https:\/\/connect.facebook.net\/en_US\/fbevents.js');\n                window.paywallConfig.facebook_pixel=\"1000228364089342\"\n            <\/script><\/p>\n","protected":false},"excerpt":{"rendered":"<p>El director de cine argentino Adolfo Aristarain falleci\u00f3 este domingo a los 82 a\u00f1os. Uno de los cineastas m\u00e1s importantes de habla hispana dej\u00f3 una huella imborrable con sus obras audiovisuales, entre las que se destacan Tiempo de Revancha (1981), Un lugar en el Mundo (1992), y Mart\u00edn Hache (1997). La trayectoria del director qued\u00f3 [&hellip;]<\/p>\n","protected":false},"author":2,"featured_media":193261,"comment_status":"closed","ping_status":"closed","sticky":false,"template":"","format":"standard","meta":{"footnotes":""},"categories":[25],"tags":[],"class_list":["post-193260","post","type-post","status-publish","format-standard","has-post-thumbnail","hentry","category-nacionales"],"yoast_head":"<!-- This site is optimized with the Yoast SEO plugin v24.4 - https:\/\/yoast.com\/wordpress\/plugins\/seo\/ -->\n<title>Falleci\u00f3 Adolfo Aristarain, el director argentino de cl\u00e1sicos como &quot;Un lugar en el mundo&quot; y &quot;Mart\u00edn Hache&quot; - GYS NOTICIAS |<\/title>\n<meta name=\"robots\" content=\"index, follow, max-snippet:-1, max-image-preview:large, max-video-preview:-1\" \/>\n<link rel=\"canonical\" href=\"https:\/\/gysfm.com.ar\/inicio\/fallecio-adolfo-aristarain-el-director-argentino-de-clasicos-como-un-lugar-en-el-mundo-y-martin-hache\/\" \/>\n<meta property=\"og:locale\" content=\"es_ES\" \/>\n<meta property=\"og:type\" content=\"article\" \/>\n<meta property=\"og:title\" content=\"Falleci\u00f3 Adolfo Aristarain, el director argentino de cl\u00e1sicos como &quot;Un lugar en el mundo&quot; y &quot;Mart\u00edn Hache&quot; - GYS NOTICIAS |\" \/>\n<meta property=\"og:description\" content=\"El director de cine argentino Adolfo Aristarain falleci\u00f3 este domingo a los 82 a\u00f1os. Uno de los cineastas m\u00e1s importantes de habla hispana dej\u00f3 una huella imborrable con sus obras audiovisuales, entre las que se destacan Tiempo de Revancha (1981), Un lugar en el Mundo (1992), y Mart\u00edn Hache (1997). La trayectoria del director qued\u00f3 [&hellip;]\" \/>\n<meta property=\"og:url\" content=\"https:\/\/gysfm.com.ar\/inicio\/fallecio-adolfo-aristarain-el-director-argentino-de-clasicos-como-un-lugar-en-el-mundo-y-martin-hache\/\" \/>\n<meta property=\"og:site_name\" content=\"GYS NOTICIAS |\" \/>\n<meta property=\"article:published_time\" content=\"2026-04-27T12:18:07+00:00\" \/>\n<meta name=\"author\" content=\"Prensa G&amp;S FM\" \/>\n<meta name=\"twitter:card\" content=\"summary_large_image\" \/>\n<meta name=\"twitter:label1\" content=\"Escrito por\" \/>\n\t<meta name=\"twitter:data1\" content=\"Prensa G&amp;S FM\" \/>\n\t<meta name=\"twitter:label2\" content=\"Tiempo de lectura\" \/>\n\t<meta name=\"twitter:data2\" content=\"2 minutos\" \/>\n<script type=\"application\/ld+json\" class=\"yoast-schema-graph\">{\"@context\":\"https:\/\/schema.org\",\"@graph\":[{\"@type\":\"Article\",\"@id\":\"https:\/\/gysfm.com.ar\/inicio\/fallecio-adolfo-aristarain-el-director-argentino-de-clasicos-como-un-lugar-en-el-mundo-y-martin-hache\/#article\",\"isPartOf\":{\"@id\":\"https:\/\/gysfm.com.ar\/inicio\/fallecio-adolfo-aristarain-el-director-argentino-de-clasicos-como-un-lugar-en-el-mundo-y-martin-hache\/\"},\"author\":{\"name\":\"Prensa G&amp;S FM\",\"@id\":\"https:\/\/gysfm.com.ar\/inicio\/#\/schema\/person\/3abba7593ef2ad19e1be221d54383dc5\"},\"headline\":\"Falleci\u00f3 Adolfo Aristarain, el director argentino de cl\u00e1sicos como \u00abUn lugar en el mundo\u00bb y \u00abMart\u00edn Hache\u00bb\",\"datePublished\":\"2026-04-27T12:18:07+00:00\",\"mainEntityOfPage\":{\"@id\":\"https:\/\/gysfm.com.ar\/inicio\/fallecio-adolfo-aristarain-el-director-argentino-de-clasicos-como-un-lugar-en-el-mundo-y-martin-hache\/\"},\"wordCount\":398,\"publisher\":{\"@id\":\"https:\/\/gysfm.com.ar\/inicio\/#organization\"},\"image\":{\"@id\":\"https:\/\/gysfm.com.ar\/inicio\/fallecio-adolfo-aristarain-el-director-argentino-de-clasicos-como-un-lugar-en-el-mundo-y-martin-hache\/#primaryimage\"},\"thumbnailUrl\":\"https:\/\/gysfm.com.ar\/inicio\/wp-content\/uploads\/2026\/04\/adolfo-aristarain-2228030.jpg\",\"articleSection\":[\"NACIONALES\"],\"inLanguage\":\"es\"},{\"@type\":\"WebPage\",\"@id\":\"https:\/\/gysfm.com.ar\/inicio\/fallecio-adolfo-aristarain-el-director-argentino-de-clasicos-como-un-lugar-en-el-mundo-y-martin-hache\/\",\"url\":\"https:\/\/gysfm.com.ar\/inicio\/fallecio-adolfo-aristarain-el-director-argentino-de-clasicos-como-un-lugar-en-el-mundo-y-martin-hache\/\",\"name\":\"Falleci\u00f3 Adolfo Aristarain, el director argentino de cl\u00e1sicos como \\\"Un lugar en el mundo\\\" y \\\"Mart\u00edn Hache\\\" - GYS NOTICIAS |\",\"isPartOf\":{\"@id\":\"https:\/\/gysfm.com.ar\/inicio\/#website\"},\"primaryImageOfPage\":{\"@id\":\"https:\/\/gysfm.com.ar\/inicio\/fallecio-adolfo-aristarain-el-director-argentino-de-clasicos-como-un-lugar-en-el-mundo-y-martin-hache\/#primaryimage\"},\"image\":{\"@id\":\"https:\/\/gysfm.com.ar\/inicio\/fallecio-adolfo-aristarain-el-director-argentino-de-clasicos-como-un-lugar-en-el-mundo-y-martin-hache\/#primaryimage\"},\"thumbnailUrl\":\"https:\/\/gysfm.com.ar\/inicio\/wp-content\/uploads\/2026\/04\/adolfo-aristarain-2228030.jpg\",\"datePublished\":\"2026-04-27T12:18:07+00:00\",\"breadcrumb\":{\"@id\":\"https:\/\/gysfm.com.ar\/inicio\/fallecio-adolfo-aristarain-el-director-argentino-de-clasicos-como-un-lugar-en-el-mundo-y-martin-hache\/#breadcrumb\"},\"inLanguage\":\"es\",\"potentialAction\":[{\"@type\":\"ReadAction\",\"target\":[\"https:\/\/gysfm.com.ar\/inicio\/fallecio-adolfo-aristarain-el-director-argentino-de-clasicos-como-un-lugar-en-el-mundo-y-martin-hache\/\"]}]},{\"@type\":\"ImageObject\",\"inLanguage\":\"es\",\"@id\":\"https:\/\/gysfm.com.ar\/inicio\/fallecio-adolfo-aristarain-el-director-argentino-de-clasicos-como-un-lugar-en-el-mundo-y-martin-hache\/#primaryimage\",\"url\":\"https:\/\/gysfm.com.ar\/inicio\/wp-content\/uploads\/2026\/04\/adolfo-aristarain-2228030.jpg\",\"contentUrl\":\"https:\/\/gysfm.com.ar\/inicio\/wp-content\/uploads\/2026\/04\/adolfo-aristarain-2228030.jpg\",\"width\":1140,\"height\":641},{\"@type\":\"BreadcrumbList\",\"@id\":\"https:\/\/gysfm.com.ar\/inicio\/fallecio-adolfo-aristarain-el-director-argentino-de-clasicos-como-un-lugar-en-el-mundo-y-martin-hache\/#breadcrumb\",\"itemListElement\":[{\"@type\":\"ListItem\",\"position\":1,\"name\":\"Portada\",\"item\":\"https:\/\/gysfm.com.ar\/inicio\/\"},{\"@type\":\"ListItem\",\"position\":2,\"name\":\"Falleci\u00f3 Adolfo Aristarain, el director argentino de cl\u00e1sicos como \u00abUn lugar en el mundo\u00bb y \u00abMart\u00edn Hache\u00bb\"}]},{\"@type\":\"WebSite\",\"@id\":\"https:\/\/gysfm.com.ar\/inicio\/#website\",\"url\":\"https:\/\/gysfm.com.ar\/inicio\/\",\"name\":\"GYS NOTICIAS |\",\"description\":\"DIARIO - RADIO ONLINE SAN JUAN ARGENTINA\",\"publisher\":{\"@id\":\"https:\/\/gysfm.com.ar\/inicio\/#organization\"},\"potentialAction\":[{\"@type\":\"SearchAction\",\"target\":{\"@type\":\"EntryPoint\",\"urlTemplate\":\"https:\/\/gysfm.com.ar\/inicio\/?s={search_term_string}\"},\"query-input\":{\"@type\":\"PropertyValueSpecification\",\"valueRequired\":true,\"valueName\":\"search_term_string\"}}],\"inLanguage\":\"es\"},{\"@type\":\"Organization\",\"@id\":\"https:\/\/gysfm.com.ar\/inicio\/#organization\",\"name\":\"GYS NOTICIAS |\",\"url\":\"https:\/\/gysfm.com.ar\/inicio\/\",\"logo\":{\"@type\":\"ImageObject\",\"inLanguage\":\"es\",\"@id\":\"https:\/\/gysfm.com.ar\/inicio\/#\/schema\/logo\/image\/\",\"url\":\"https:\/\/gysfm.com.ar\/inicio\/wp-content\/uploads\/2023\/07\/LOGOGYS-OK.png\",\"contentUrl\":\"https:\/\/gysfm.com.ar\/inicio\/wp-content\/uploads\/2023\/07\/LOGOGYS-OK.png\",\"width\":1170,\"height\":872,\"caption\":\"GYS NOTICIAS |\"},\"image\":{\"@id\":\"https:\/\/gysfm.com.ar\/inicio\/#\/schema\/logo\/image\/\"}},{\"@type\":\"Person\",\"@id\":\"https:\/\/gysfm.com.ar\/inicio\/#\/schema\/person\/3abba7593ef2ad19e1be221d54383dc5\",\"name\":\"Prensa G&amp;S FM\",\"image\":{\"@type\":\"ImageObject\",\"inLanguage\":\"es\",\"@id\":\"https:\/\/gysfm.com.ar\/inicio\/#\/schema\/person\/image\/\",\"url\":\"https:\/\/secure.gravatar.com\/avatar\/096ec78df02049ab018702bb4ccedf659377fa92a26540b5247612077a0dbd29?s=96&d=mm&r=g\",\"contentUrl\":\"https:\/\/secure.gravatar.com\/avatar\/096ec78df02049ab018702bb4ccedf659377fa92a26540b5247612077a0dbd29?s=96&d=mm&r=g\",\"caption\":\"Prensa G&amp;S FM\"},\"sameAs\":[\"https:\/\/gysfm.com.ar\/\"],\"url\":\"https:\/\/gysfm.com.ar\/inicio\/author\/lucasm\/\"}]}<\/script>\n<!-- \/ Yoast SEO plugin. -->","yoast_head_json":{"title":"Falleci\u00f3 Adolfo Aristarain, el director argentino de cl\u00e1sicos como \"Un lugar en el mundo\" y \"Mart\u00edn Hache\" - GYS NOTICIAS |","robots":{"index":"index","follow":"follow","max-snippet":"max-snippet:-1","max-image-preview":"max-image-preview:large","max-video-preview":"max-video-preview:-1"},"canonical":"https:\/\/gysfm.com.ar\/inicio\/fallecio-adolfo-aristarain-el-director-argentino-de-clasicos-como-un-lugar-en-el-mundo-y-martin-hache\/","og_locale":"es_ES","og_type":"article","og_title":"Falleci\u00f3 Adolfo Aristarain, el director argentino de cl\u00e1sicos como \"Un lugar en el mundo\" y \"Mart\u00edn Hache\" - GYS NOTICIAS |","og_description":"El director de cine argentino Adolfo Aristarain falleci\u00f3 este domingo a los 82 a\u00f1os. Uno de los cineastas m\u00e1s importantes de habla hispana dej\u00f3 una huella imborrable con sus obras audiovisuales, entre las que se destacan Tiempo de Revancha (1981), Un lugar en el Mundo (1992), y Mart\u00edn Hache (1997). La trayectoria del director qued\u00f3 [&hellip;]","og_url":"https:\/\/gysfm.com.ar\/inicio\/fallecio-adolfo-aristarain-el-director-argentino-de-clasicos-como-un-lugar-en-el-mundo-y-martin-hache\/","og_site_name":"GYS NOTICIAS |","article_published_time":"2026-04-27T12:18:07+00:00","author":"Prensa G&amp;S FM","twitter_card":"summary_large_image","twitter_misc":{"Escrito por":"Prensa G&amp;S FM","Tiempo de lectura":"2 minutos"},"schema":{"@context":"https:\/\/schema.org","@graph":[{"@type":"Article","@id":"https:\/\/gysfm.com.ar\/inicio\/fallecio-adolfo-aristarain-el-director-argentino-de-clasicos-como-un-lugar-en-el-mundo-y-martin-hache\/#article","isPartOf":{"@id":"https:\/\/gysfm.com.ar\/inicio\/fallecio-adolfo-aristarain-el-director-argentino-de-clasicos-como-un-lugar-en-el-mundo-y-martin-hache\/"},"author":{"name":"Prensa G&amp;S FM","@id":"https:\/\/gysfm.com.ar\/inicio\/#\/schema\/person\/3abba7593ef2ad19e1be221d54383dc5"},"headline":"Falleci\u00f3 Adolfo Aristarain, el director argentino de cl\u00e1sicos como \u00abUn lugar en el mundo\u00bb y \u00abMart\u00edn Hache\u00bb","datePublished":"2026-04-27T12:18:07+00:00","mainEntityOfPage":{"@id":"https:\/\/gysfm.com.ar\/inicio\/fallecio-adolfo-aristarain-el-director-argentino-de-clasicos-como-un-lugar-en-el-mundo-y-martin-hache\/"},"wordCount":398,"publisher":{"@id":"https:\/\/gysfm.com.ar\/inicio\/#organization"},"image":{"@id":"https:\/\/gysfm.com.ar\/inicio\/fallecio-adolfo-aristarain-el-director-argentino-de-clasicos-como-un-lugar-en-el-mundo-y-martin-hache\/#primaryimage"},"thumbnailUrl":"https:\/\/gysfm.com.ar\/inicio\/wp-content\/uploads\/2026\/04\/adolfo-aristarain-2228030.jpg","articleSection":["NACIONALES"],"inLanguage":"es"},{"@type":"WebPage","@id":"https:\/\/gysfm.com.ar\/inicio\/fallecio-adolfo-aristarain-el-director-argentino-de-clasicos-como-un-lugar-en-el-mundo-y-martin-hache\/","url":"https:\/\/gysfm.com.ar\/inicio\/fallecio-adolfo-aristarain-el-director-argentino-de-clasicos-como-un-lugar-en-el-mundo-y-martin-hache\/","name":"Falleci\u00f3 Adolfo Aristarain, el director argentino de cl\u00e1sicos como \"Un lugar en el mundo\" y \"Mart\u00edn Hache\" - GYS NOTICIAS |","isPartOf":{"@id":"https:\/\/gysfm.com.ar\/inicio\/#website"},"primaryImageOfPage":{"@id":"https:\/\/gysfm.com.ar\/inicio\/fallecio-adolfo-aristarain-el-director-argentino-de-clasicos-como-un-lugar-en-el-mundo-y-martin-hache\/#primaryimage"},"image":{"@id":"https:\/\/gysfm.com.ar\/inicio\/fallecio-adolfo-aristarain-el-director-argentino-de-clasicos-como-un-lugar-en-el-mundo-y-martin-hache\/#primaryimage"},"thumbnailUrl":"https:\/\/gysfm.com.ar\/inicio\/wp-content\/uploads\/2026\/04\/adolfo-aristarain-2228030.jpg","datePublished":"2026-04-27T12:18:07+00:00","breadcrumb":{"@id":"https:\/\/gysfm.com.ar\/inicio\/fallecio-adolfo-aristarain-el-director-argentino-de-clasicos-como-un-lugar-en-el-mundo-y-martin-hache\/#breadcrumb"},"inLanguage":"es","potentialAction":[{"@type":"ReadAction","target":["https:\/\/gysfm.com.ar\/inicio\/fallecio-adolfo-aristarain-el-director-argentino-de-clasicos-como-un-lugar-en-el-mundo-y-martin-hache\/"]}]},{"@type":"ImageObject","inLanguage":"es","@id":"https:\/\/gysfm.com.ar\/inicio\/fallecio-adolfo-aristarain-el-director-argentino-de-clasicos-como-un-lugar-en-el-mundo-y-martin-hache\/#primaryimage","url":"https:\/\/gysfm.com.ar\/inicio\/wp-content\/uploads\/2026\/04\/adolfo-aristarain-2228030.jpg","contentUrl":"https:\/\/gysfm.com.ar\/inicio\/wp-content\/uploads\/2026\/04\/adolfo-aristarain-2228030.jpg","width":1140,"height":641},{"@type":"BreadcrumbList","@id":"https:\/\/gysfm.com.ar\/inicio\/fallecio-adolfo-aristarain-el-director-argentino-de-clasicos-como-un-lugar-en-el-mundo-y-martin-hache\/#breadcrumb","itemListElement":[{"@type":"ListItem","position":1,"name":"Portada","item":"https:\/\/gysfm.com.ar\/inicio\/"},{"@type":"ListItem","position":2,"name":"Falleci\u00f3 Adolfo Aristarain, el director argentino de cl\u00e1sicos como \u00abUn lugar en el mundo\u00bb y \u00abMart\u00edn Hache\u00bb"}]},{"@type":"WebSite","@id":"https:\/\/gysfm.com.ar\/inicio\/#website","url":"https:\/\/gysfm.com.ar\/inicio\/","name":"GYS NOTICIAS |","description":"DIARIO - RADIO ONLINE SAN JUAN ARGENTINA","publisher":{"@id":"https:\/\/gysfm.com.ar\/inicio\/#organization"},"potentialAction":[{"@type":"SearchAction","target":{"@type":"EntryPoint","urlTemplate":"https:\/\/gysfm.com.ar\/inicio\/?s={search_term_string}"},"query-input":{"@type":"PropertyValueSpecification","valueRequired":true,"valueName":"search_term_string"}}],"inLanguage":"es"},{"@type":"Organization","@id":"https:\/\/gysfm.com.ar\/inicio\/#organization","name":"GYS NOTICIAS |","url":"https:\/\/gysfm.com.ar\/inicio\/","logo":{"@type":"ImageObject","inLanguage":"es","@id":"https:\/\/gysfm.com.ar\/inicio\/#\/schema\/logo\/image\/","url":"https:\/\/gysfm.com.ar\/inicio\/wp-content\/uploads\/2023\/07\/LOGOGYS-OK.png","contentUrl":"https:\/\/gysfm.com.ar\/inicio\/wp-content\/uploads\/2023\/07\/LOGOGYS-OK.png","width":1170,"height":872,"caption":"GYS NOTICIAS |"},"image":{"@id":"https:\/\/gysfm.com.ar\/inicio\/#\/schema\/logo\/image\/"}},{"@type":"Person","@id":"https:\/\/gysfm.com.ar\/inicio\/#\/schema\/person\/3abba7593ef2ad19e1be221d54383dc5","name":"Prensa G&amp;S FM","image":{"@type":"ImageObject","inLanguage":"es","@id":"https:\/\/gysfm.com.ar\/inicio\/#\/schema\/person\/image\/","url":"https:\/\/secure.gravatar.com\/avatar\/096ec78df02049ab018702bb4ccedf659377fa92a26540b5247612077a0dbd29?s=96&d=mm&r=g","contentUrl":"https:\/\/secure.gravatar.com\/avatar\/096ec78df02049ab018702bb4ccedf659377fa92a26540b5247612077a0dbd29?s=96&d=mm&r=g","caption":"Prensa G&amp;S FM"},"sameAs":["https:\/\/gysfm.com.ar\/"],"url":"https:\/\/gysfm.com.ar\/inicio\/author\/lucasm\/"}]}},"_links":{"self":[{"href":"https:\/\/gysfm.com.ar\/inicio\/wp-json\/wp\/v2\/posts\/193260","targetHints":{"allow":["GET"]}}],"collection":[{"href":"https:\/\/gysfm.com.ar\/inicio\/wp-json\/wp\/v2\/posts"}],"about":[{"href":"https:\/\/gysfm.com.ar\/inicio\/wp-json\/wp\/v2\/types\/post"}],"author":[{"embeddable":true,"href":"https:\/\/gysfm.com.ar\/inicio\/wp-json\/wp\/v2\/users\/2"}],"replies":[{"embeddable":true,"href":"https:\/\/gysfm.com.ar\/inicio\/wp-json\/wp\/v2\/comments?post=193260"}],"version-history":[{"count":0,"href":"https:\/\/gysfm.com.ar\/inicio\/wp-json\/wp\/v2\/posts\/193260\/revisions"}],"wp:featuredmedia":[{"embeddable":true,"href":"https:\/\/gysfm.com.ar\/inicio\/wp-json\/wp\/v2\/media\/193261"}],"wp:attachment":[{"href":"https:\/\/gysfm.com.ar\/inicio\/wp-json\/wp\/v2\/media?parent=193260"}],"wp:term":[{"taxonomy":"category","embeddable":true,"href":"https:\/\/gysfm.com.ar\/inicio\/wp-json\/wp\/v2\/categories?post=193260"},{"taxonomy":"post_tag","embeddable":true,"href":"https:\/\/gysfm.com.ar\/inicio\/wp-json\/wp\/v2\/tags?post=193260"}],"curies":[{"name":"wp","href":"https:\/\/api.w.org\/{rel}","templated":true}]}}