{"id":193259,"date":"2026-04-27T09:10:19","date_gmt":"2026-04-27T12:10:19","guid":{"rendered":"https:\/\/gysfm.com.ar\/inicio\/lanzan-kit-4-0-el-programa-del-gobierno-para-impulsar-impulsa-la-transformacion-tecnologica-de-las-pymes\/"},"modified":"2026-04-27T09:10:19","modified_gmt":"2026-04-27T12:10:19","slug":"lanzan-kit-4-0-el-programa-del-gobierno-para-impulsar-impulsa-la-transformacion-tecnologica-de-las-pymes","status":"publish","type":"post","link":"https:\/\/gysfm.com.ar\/inicio\/lanzan-kit-4-0-el-programa-del-gobierno-para-impulsar-impulsa-la-transformacion-tecnologica-de-las-pymes\/","title":{"rendered":"Lanzan Kit 4.0, el programa del Gobierno para impulsar impulsa la transformaci\u00f3n tecnol\u00f3gica de las pymes"},"content":{"rendered":"<p> <br \/>\n<\/p>\n<div id=\"\">\n<p id=\"p-1777280334209-38648\" data-start=\"282\" data-end=\"485\">La medida fue dispuesta por la<strong> Secretar\u00eda de Industria, Comercio y de la Peque\u00f1a y Mediana Empresa<\/strong> del Ministerio de Econom\u00eda, a trav\u00e9s de la Resoluci\u00f3n 8\/2026 publicada este lunes en el Bolet\u00edn Oficial.<\/p>\n<\/div>\n<div id=\"\">\n<p id=\"p-1777280334209-37435\" data-start=\"487\" data-end=\"723\">El programa ser\u00e1 financiado con recursos del Fondo Fiduciario para la Promoci\u00f3n de la Econom\u00eda del Conocimiento (FONPEC) y funcionar\u00e1 bajo un esquema de cofinanciamiento que apunta a facilitar la adopci\u00f3n de soluciones de Industria 4.0.<\/p>\n<\/div>\n<div id=\"\">\n<p id=\"p-1777280334209-47341\" data-start=\"725\" data-end=\"910\">Seg\u00fan la norma, el objetivo es mejorar la productividad, calidad y sostenibilidad de las pymes, en l\u00ednea con est\u00e1ndares internacionales, mediante mecanismos <strong>\u201csimples, \u00e1giles y masivos\u201d<\/strong>.<\/p>\n<\/div>\n<div id=\"\">\n<p id=\"p-1777280334209-42781\" data-start=\"912\" data-end=\"1171\">El diagn\u00f3stico oficial se\u00f1ala que <strong>gran parte del entramado industrial presenta brechas en digitalizaci\u00f3n y capacidades tecnol\u00f3gicas<\/strong>, lo que limita su competitividad, mientras que muchas empresas enfrentan dificultades para financiar procesos de modernizaci\u00f3n.<\/p>\n<p id=\"p-1777280334209-63183\" data-start=\"1173\" data-end=\"1417\">En ese contexto, el programa busca impulsar la incorporaci\u00f3n de herramientas como anal\u00edtica de datos, conectividad, simulaci\u00f3n o mantenimiento predictivo, a partir de <strong>soluciones provistas por empresas del sector de la econom\u00eda del conocimiento<\/strong>.<\/p>\n<h2 id=\"p-1777280066942-11291\">Qu\u00e9 empresas podr\u00e1n acceder<\/h2>\n<p id=\"p-1777280066942-66050\" data-start=\"1124\" data-end=\"1304\">La normativa establece que podr\u00e1n participar <strong data-start=\"1169\" data-end=\"1239\">pymes industriales y actividades vinculadas a procesos productivos<\/strong>, principalmente aquellas encuadradas en el sector manufacturero.<\/p>\n<p id=\"p-1777280066942-86366\" data-start=\"1306\" data-end=\"1522\">Tambi\u00e9n se incluyen servicios asociados a la producci\u00f3n, como <strong data-start=\"1368\" data-end=\"1416\">medici\u00f3n, ensayo o certificaci\u00f3n de procesos<\/strong>, y otras actividades que la autoridad de aplicaci\u00f3n considere estrat\u00e9gicas para el desarrollo industrial.<\/p>\n<div contenteditable=\"false\" class=\"embed_cont type_imagen\" id=\"8200074-Libre-478682738_wrap\">\n<p>Mujer compra estafa computadora <span onclick=\"parent.parent.TinyMCETdcuerpo.preview_embed('8200074-Libre-478682738')\" class=\"embed_colapse less\" id=\"8200074-Libre-478682738_colapse\"\/>  <span onclick=\"parent.parent.TinyMCETdcuerpo.delete_embed('8200074-Libre-478682738')\" class=\"embed_delete less\" id=\"8200074-Libre-478682738_delete\"\/><\/p>\n<div id=\"8200074-Libre-478682738_content\" class=\"embed_content\"><img loading=\"lazy\" decoding=\"async\" src=\"https:\/\/media.ambito.com\/p\/f9fea0ad58ecaf85771f7222cacce749\/adjuntos\/239\/imagenes\/043\/238\/0043238521\/mujer-compra-estafa-computadora.jpg?2026-03-17-00-49-03\" alt=\"\" title=\"\" width=\"690\" height=\"460\" id=\"8200074-Libre-478682738_embed\"\/><\/div><\/div>\n<p id=\"p-1777280066942-40453\" data-start=\"1524\" data-end=\"1724\">El objetivo es <strong data-start=\"1539\" data-end=\"1580\">reducir las brechas de digitalizaci\u00f3n<\/strong> detectadas en el entramado productivo, donde muchas empresas a\u00fan enfrentan limitaciones tecnol\u00f3gicas y dificultades para financiar inversiones.<\/p>\n<h2 id=\"p-1777280066942-48828\">C\u00f3mo funcionar\u00e1 el beneficio<\/h2>\n<p id=\"p-1777280066942-29321\" data-start=\"1760\" data-end=\"1957\">El esquema prev\u00e9 que las empresas presenten un proyecto para incorporar un servicio o \u201ckit\u201d tecnol\u00f3gico, detallando <strong data-start=\"1876\" data-end=\"1956\">el problema a resolver, el proveedor seleccionado y el monto de la inversi\u00f3n<\/strong>.<\/p>\n<p id=\"p-1777280066942-15899\" data-start=\"1959\" data-end=\"2130\">Una vez aprobado, se otorgar\u00e1 un cupo de financiamiento y, tras la ejecuci\u00f3n del proyecto, el beneficio del <strong data-start=\"2067\" data-end=\"2077\">FONPEC<\/strong> se acreditar\u00e1 en la cuenta tributaria del proveedor.<\/p>\n<p id=\"p-1777280066942-30429\" data-start=\"2132\" data-end=\"2339\">De esta manera, el sistema busca <strong data-start=\"2165\" data-end=\"2247\">garantizar que los fondos se asignen solo a proyectos efectivamente realizados<\/strong>, con controles sobre entregables t\u00e9cnicos, funcionamiento de las soluciones y capacitaci\u00f3n.<\/p>\n<p id=\"p-1777280066942-99983\" data-start=\"2341\" data-end=\"2502\">Adem\u00e1s, el mecanismo exige declaraciones juradas conjuntas para asegurar que <strong data-start=\"2418\" data-end=\"2501\">no haya sobreprecios ni acuerdos que distorsionen el uso de los fondos p\u00fablicos<\/strong>.<\/p>\n<h2 id=\"p-1777280066942-40841\">Un esquema con foco en control y trazabilidad<\/h2>\n<p id=\"p-1777280066942-10781\" data-start=\"2555\" data-end=\"2752\">El programa incluye un circuito administrativo completo que va desde la solicitud inicial hasta la validaci\u00f3n final del proyecto, con instancias de verificaci\u00f3n t\u00e9cnica y documentaci\u00f3n obligatoria.<\/p>\n<div contenteditable=\"false\" class=\"embed_cont type_imagen\" id=\"8125167-Libre-1265261381_wrap\">\n<p>Ministerio Econom\u00eda MECON <span onclick=\"parent.parent.TinyMCETdcuerpo.preview_embed('8125167-Libre-1265261381')\" class=\"embed_colapse less\" id=\"8125167-Libre-1265261381_colapse\"\/>  <span onclick=\"parent.parent.TinyMCETdcuerpo.delete_embed('8125167-Libre-1265261381')\" class=\"embed_delete less\" id=\"8125167-Libre-1265261381_delete\"\/><\/p>\n<div id=\"8125167-Libre-1265261381_content\" class=\"embed_content\"><img loading=\"lazy\" decoding=\"async\" src=\"https:\/\/media.ambito.com\/p\/bf844db7c59ff4cee512d541cf7e5e84\/adjuntos\/239\/imagenes\/042\/752\/0042752633\/ministerio-economia-mecon.jpg?2025-09-10-18-07-25\" alt=\"\" title=\"\" width=\"692\" height=\"460\" id=\"8125167-Libre-1265261381_embed\"\/><\/div><\/div>\n<p id=\"p-1777280066942-41163\" data-start=\"2754\" data-end=\"2923\">Entre otros puntos, se prev\u00e9n <strong data-start=\"2784\" data-end=\"2850\">actas de inicio, certificaci\u00f3n de avances y recepci\u00f3n conforme<\/strong>, junto con evidencia del funcionamiento de las soluciones implementadas.<\/p>\n<p id=\"p-1777280066942-22499\" data-start=\"2925\" data-end=\"3102\">Seg\u00fan el Gobierno, este dise\u00f1o apunta a <strong data-start=\"2965\" data-end=\"3038\">mejorar la transparencia, trazabilidad y eficiencia del gasto p\u00fablico<\/strong>, al tiempo que incentiva la inversi\u00f3n privada sin reemplazarla.<\/p>\n<p id=\"p-1777280066942-6796\" data-start=\"3104\" data-end=\"3265\" data-is-last-node=\"\" data-is-only-node=\"\">La autoridad de aplicaci\u00f3n ser\u00e1 la <strong data-start=\"3139\" data-end=\"3197\">Subsecretar\u00eda de Industria y Econom\u00eda del Conocimiento<\/strong>, que tendr\u00e1 a su cargo la implementaci\u00f3n y regulaci\u00f3n del programa.<\/p>\n<h2 id=\"p-1777287637741-13960\" data-start=\"3104\" data-end=\"3265\">Las claves del programa KIT 4.0<\/h2>\n<p id=\"p-1777287637741-19984\" data-start=\"1362\" data-end=\"1531\"><strong data-start=\"1362\" data-end=\"1411\">1. Diagn\u00f3stico para medir el punto de partida<\/strong><\/p>\n<p id=\"p-1777287637741-90030\">Las empresas podr\u00e1n evaluar su nivel de digitalizaci\u00f3n y recibir un mapa de oportunidades para incorporar tecnolog\u00eda.<\/p>\n<p id=\"p-1777287637741-17300\" data-start=\"1533\" data-end=\"1709\"><strong data-start=\"1533\" data-end=\"1583\">2. Asistencia t\u00e9cnica para modernizar procesos<\/strong><\/p>\n<p id=\"p-1777287637741-26089\">El programa contempla acompa\u00f1amiento especializado para implementar mejoras en producci\u00f3n, log\u00edstica, gesti\u00f3n y eficiencia.<\/p>\n<p id=\"p-1777287637741-98966\" data-start=\"1711\" data-end=\"1885\"><strong data-start=\"1711\" data-end=\"1757\">3. Vinculaci\u00f3n con soluciones tecnol\u00f3gicas<\/strong><\/p>\n<p id=\"p-1777287637741-5658\">Uno de los ejes es acercar a las pymes a proveedores y herramientas disponibles para facilitar la adopci\u00f3n de tecnolog\u00eda 4.0.<\/p>\n<p id=\"p-1777287637741-36049\" data-start=\"1887\" data-end=\"2044\"><strong data-start=\"1887\" data-end=\"1928\">4. M\u00e1s productividad y competitividad<\/strong><\/p>\n<p id=\"p-1777287637741-16866\">La apuesta oficial es que la digitalizaci\u00f3n se traduzca en mejoras de escala, eficiencia y capacidad exportadora.<\/p>\n<p id=\"p-1777287637741-70306\" data-start=\"2046\" data-end=\"2277\"><strong data-start=\"2046\" data-end=\"2083\">5. Impulso a la reconversi\u00f3n pyme<\/strong><\/p>\n<p id=\"p-1777287637741-87374\">La iniciativa se suma a otras pol\u00edticas de transformaci\u00f3n digital orientadas a fortalecer al entramado productivo frente a cambios tecnol\u00f3gicos globales.<\/p>\n<p id=\"p-1777287637741-57238\" data-start=\"2279\" data-end=\"2537\">Desde el Gobierno plantean que el programa apunta a reducir una brecha estructural: mientras grandes compa\u00f1\u00edas avanzan en automatizaci\u00f3n y digitalizaci\u00f3n, una porci\u00f3n importante del universo pyme todav\u00eda tiene dificultades para incorporar estas herramientas.<\/p>\n<p id=\"p-1777287637741-46746\" data-start=\"2539\" data-end=\"2700\">Con KIT 4.0, la apuesta oficial es acelerar esa transici\u00f3n y convertir la transformaci\u00f3n tecnol\u00f3gica en una pol\u00edtica de competitividad para el sector productivo.<\/p>\n<\/p><\/div>\n<p><script>\n!function(f,b,e,v,n,t,s)\n{if(f.fbq)return;n=f.fbq=function(){n.callMethod?\nn.callMethod.apply(n,arguments):n.queue.push(arguments)};\nif(!f._fbq)f._fbq=n;n.push=n;n.loaded=!0;n.version='2.0';\nn.queue=[];t=b.createElement(e);t.async=!0;\nt.src=v;s=b.getElementsByTagName(e)[0];\ns.parentNode.insertBefore(t,s)}(window,document,'script',\n'https:\/\/connect.facebook.net\/en_US\/fbevents.js');\nfbq('init', '2047048335588113');\nfbq('track', 'PageView');\n<\/script><br \/>\n<br \/><\/p>\n","protected":false},"excerpt":{"rendered":"<p>La medida fue dispuesta por la Secretar\u00eda de Industria, Comercio y de la Peque\u00f1a y Mediana Empresa del Ministerio de Econom\u00eda, a trav\u00e9s de la Resoluci\u00f3n 8\/2026 publicada este lunes en el Bolet\u00edn Oficial. El programa ser\u00e1 financiado con recursos del Fondo Fiduciario para la Promoci\u00f3n de la Econom\u00eda del Conocimiento (FONPEC) y funcionar\u00e1 bajo [&hellip;]<\/p>\n","protected":false},"author":1,"featured_media":171861,"comment_status":"closed","ping_status":"closed","sticky":false,"template":"","format":"standard","meta":{"footnotes":""},"categories":[28],"tags":[],"class_list":["post-193259","post","type-post","status-publish","format-standard","has-post-thumbnail","hentry","category-economia"],"yoast_head":"<!-- This site is optimized with the Yoast SEO plugin v24.4 - https:\/\/yoast.com\/wordpress\/plugins\/seo\/ -->\n<title>Lanzan Kit 4.0, el programa del Gobierno para impulsar impulsa la transformaci\u00f3n tecnol\u00f3gica de las pymes - GYS NOTICIAS |<\/title>\n<meta name=\"robots\" content=\"index, follow, max-snippet:-1, max-image-preview:large, max-video-preview:-1\" \/>\n<link rel=\"canonical\" href=\"https:\/\/gysfm.com.ar\/inicio\/lanzan-kit-4-0-el-programa-del-gobierno-para-impulsar-impulsa-la-transformacion-tecnologica-de-las-pymes\/\" \/>\n<meta property=\"og:locale\" content=\"es_ES\" \/>\n<meta property=\"og:type\" content=\"article\" \/>\n<meta property=\"og:title\" content=\"Lanzan Kit 4.0, el programa del Gobierno para impulsar impulsa la transformaci\u00f3n tecnol\u00f3gica de las pymes - GYS NOTICIAS |\" \/>\n<meta property=\"og:description\" content=\"La medida fue dispuesta por la Secretar\u00eda de Industria, Comercio y de la Peque\u00f1a y Mediana Empresa del Ministerio de Econom\u00eda, a trav\u00e9s de la Resoluci\u00f3n 8\/2026 publicada este lunes en el Bolet\u00edn Oficial. El programa ser\u00e1 financiado con recursos del Fondo Fiduciario para la Promoci\u00f3n de la Econom\u00eda del Conocimiento (FONPEC) y funcionar\u00e1 bajo [&hellip;]\" \/>\n<meta property=\"og:url\" content=\"https:\/\/gysfm.com.ar\/inicio\/lanzan-kit-4-0-el-programa-del-gobierno-para-impulsar-impulsa-la-transformacion-tecnologica-de-las-pymes\/\" \/>\n<meta property=\"og:site_name\" content=\"GYS NOTICIAS |\" \/>\n<meta property=\"article:published_time\" content=\"2026-04-27T12:10:19+00:00\" \/>\n<meta property=\"og:image\" content=\"https:\/\/media.ambito.com\/p\/f9fea0ad58ecaf85771f7222cacce749\/adjuntos\/239\/imagenes\/043\/238\/0043238521\/mujer-compra-estafa-computadora.jpg?2026-03-17-00-49-03\" \/>\n<meta name=\"author\" content=\"admin\" \/>\n<meta name=\"twitter:card\" content=\"summary_large_image\" \/>\n<meta name=\"twitter:label1\" content=\"Escrito por\" \/>\n\t<meta name=\"twitter:data1\" content=\"admin\" \/>\n\t<meta name=\"twitter:label2\" content=\"Tiempo de lectura\" \/>\n\t<meta name=\"twitter:data2\" content=\"4 minutos\" \/>\n<script type=\"application\/ld+json\" class=\"yoast-schema-graph\">{\"@context\":\"https:\/\/schema.org\",\"@graph\":[{\"@type\":\"Article\",\"@id\":\"https:\/\/gysfm.com.ar\/inicio\/lanzan-kit-4-0-el-programa-del-gobierno-para-impulsar-impulsa-la-transformacion-tecnologica-de-las-pymes\/#article\",\"isPartOf\":{\"@id\":\"https:\/\/gysfm.com.ar\/inicio\/lanzan-kit-4-0-el-programa-del-gobierno-para-impulsar-impulsa-la-transformacion-tecnologica-de-las-pymes\/\"},\"author\":{\"name\":\"admin\",\"@id\":\"https:\/\/gysfm.com.ar\/inicio\/#\/schema\/person\/5bedd7ecd35cc35548d89effafa23696\"},\"headline\":\"Lanzan Kit 4.0, el programa del Gobierno para impulsar impulsa la transformaci\u00f3n tecnol\u00f3gica de las pymes\",\"datePublished\":\"2026-04-27T12:10:19+00:00\",\"mainEntityOfPage\":{\"@id\":\"https:\/\/gysfm.com.ar\/inicio\/lanzan-kit-4-0-el-programa-del-gobierno-para-impulsar-impulsa-la-transformacion-tecnologica-de-las-pymes\/\"},\"wordCount\":746,\"publisher\":{\"@id\":\"https:\/\/gysfm.com.ar\/inicio\/#organization\"},\"image\":{\"@id\":\"https:\/\/gysfm.com.ar\/inicio\/lanzan-kit-4-0-el-programa-del-gobierno-para-impulsar-impulsa-la-transformacion-tecnologica-de-las-pymes\/#primaryimage\"},\"thumbnailUrl\":\"https:\/\/gysfm.com.ar\/inicio\/wp-content\/uploads\/2025\/12\/pymes-inteligencia-artificialjpg.jpg\",\"articleSection\":[\"ECONOMIA\"],\"inLanguage\":\"es\"},{\"@type\":\"WebPage\",\"@id\":\"https:\/\/gysfm.com.ar\/inicio\/lanzan-kit-4-0-el-programa-del-gobierno-para-impulsar-impulsa-la-transformacion-tecnologica-de-las-pymes\/\",\"url\":\"https:\/\/gysfm.com.ar\/inicio\/lanzan-kit-4-0-el-programa-del-gobierno-para-impulsar-impulsa-la-transformacion-tecnologica-de-las-pymes\/\",\"name\":\"Lanzan Kit 4.0, el programa del Gobierno para impulsar impulsa la transformaci\u00f3n tecnol\u00f3gica de las pymes - GYS NOTICIAS |\",\"isPartOf\":{\"@id\":\"https:\/\/gysfm.com.ar\/inicio\/#website\"},\"primaryImageOfPage\":{\"@id\":\"https:\/\/gysfm.com.ar\/inicio\/lanzan-kit-4-0-el-programa-del-gobierno-para-impulsar-impulsa-la-transformacion-tecnologica-de-las-pymes\/#primaryimage\"},\"image\":{\"@id\":\"https:\/\/gysfm.com.ar\/inicio\/lanzan-kit-4-0-el-programa-del-gobierno-para-impulsar-impulsa-la-transformacion-tecnologica-de-las-pymes\/#primaryimage\"},\"thumbnailUrl\":\"https:\/\/gysfm.com.ar\/inicio\/wp-content\/uploads\/2025\/12\/pymes-inteligencia-artificialjpg.jpg\",\"datePublished\":\"2026-04-27T12:10:19+00:00\",\"breadcrumb\":{\"@id\":\"https:\/\/gysfm.com.ar\/inicio\/lanzan-kit-4-0-el-programa-del-gobierno-para-impulsar-impulsa-la-transformacion-tecnologica-de-las-pymes\/#breadcrumb\"},\"inLanguage\":\"es\",\"potentialAction\":[{\"@type\":\"ReadAction\",\"target\":[\"https:\/\/gysfm.com.ar\/inicio\/lanzan-kit-4-0-el-programa-del-gobierno-para-impulsar-impulsa-la-transformacion-tecnologica-de-las-pymes\/\"]}]},{\"@type\":\"ImageObject\",\"inLanguage\":\"es\",\"@id\":\"https:\/\/gysfm.com.ar\/inicio\/lanzan-kit-4-0-el-programa-del-gobierno-para-impulsar-impulsa-la-transformacion-tecnologica-de-las-pymes\/#primaryimage\",\"url\":\"https:\/\/gysfm.com.ar\/inicio\/wp-content\/uploads\/2025\/12\/pymes-inteligencia-artificialjpg.jpg\",\"contentUrl\":\"https:\/\/gysfm.com.ar\/inicio\/wp-content\/uploads\/2025\/12\/pymes-inteligencia-artificialjpg.jpg\",\"width\":1200,\"height\":675},{\"@type\":\"BreadcrumbList\",\"@id\":\"https:\/\/gysfm.com.ar\/inicio\/lanzan-kit-4-0-el-programa-del-gobierno-para-impulsar-impulsa-la-transformacion-tecnologica-de-las-pymes\/#breadcrumb\",\"itemListElement\":[{\"@type\":\"ListItem\",\"position\":1,\"name\":\"Portada\",\"item\":\"https:\/\/gysfm.com.ar\/inicio\/\"},{\"@type\":\"ListItem\",\"position\":2,\"name\":\"Lanzan Kit 4.0, el programa del Gobierno para impulsar impulsa la transformaci\u00f3n tecnol\u00f3gica de las pymes\"}]},{\"@type\":\"WebSite\",\"@id\":\"https:\/\/gysfm.com.ar\/inicio\/#website\",\"url\":\"https:\/\/gysfm.com.ar\/inicio\/\",\"name\":\"GYS NOTICIAS |\",\"description\":\"DIARIO - RADIO ONLINE SAN JUAN ARGENTINA\",\"publisher\":{\"@id\":\"https:\/\/gysfm.com.ar\/inicio\/#organization\"},\"potentialAction\":[{\"@type\":\"SearchAction\",\"target\":{\"@type\":\"EntryPoint\",\"urlTemplate\":\"https:\/\/gysfm.com.ar\/inicio\/?s={search_term_string}\"},\"query-input\":{\"@type\":\"PropertyValueSpecification\",\"valueRequired\":true,\"valueName\":\"search_term_string\"}}],\"inLanguage\":\"es\"},{\"@type\":\"Organization\",\"@id\":\"https:\/\/gysfm.com.ar\/inicio\/#organization\",\"name\":\"GYS NOTICIAS |\",\"url\":\"https:\/\/gysfm.com.ar\/inicio\/\",\"logo\":{\"@type\":\"ImageObject\",\"inLanguage\":\"es\",\"@id\":\"https:\/\/gysfm.com.ar\/inicio\/#\/schema\/logo\/image\/\",\"url\":\"https:\/\/gysfm.com.ar\/inicio\/wp-content\/uploads\/2023\/07\/LOGOGYS-OK.png\",\"contentUrl\":\"https:\/\/gysfm.com.ar\/inicio\/wp-content\/uploads\/2023\/07\/LOGOGYS-OK.png\",\"width\":1170,\"height\":872,\"caption\":\"GYS NOTICIAS |\"},\"image\":{\"@id\":\"https:\/\/gysfm.com.ar\/inicio\/#\/schema\/logo\/image\/\"}},{\"@type\":\"Person\",\"@id\":\"https:\/\/gysfm.com.ar\/inicio\/#\/schema\/person\/5bedd7ecd35cc35548d89effafa23696\",\"name\":\"admin\",\"image\":{\"@type\":\"ImageObject\",\"inLanguage\":\"es\",\"@id\":\"https:\/\/gysfm.com.ar\/inicio\/#\/schema\/person\/image\/\",\"url\":\"https:\/\/secure.gravatar.com\/avatar\/c331d312b5243fb64d5ba28108a447b27c925295129a363082c9ea52c28d32c2?s=96&d=mm&r=g\",\"contentUrl\":\"https:\/\/secure.gravatar.com\/avatar\/c331d312b5243fb64d5ba28108a447b27c925295129a363082c9ea52c28d32c2?s=96&d=mm&r=g\",\"caption\":\"admin\"},\"sameAs\":[\"https:\/\/gysfm.com.ar\/inicio\"],\"url\":\"https:\/\/gysfm.com.ar\/inicio\/author\/admin\/\"}]}<\/script>\n<!-- \/ Yoast SEO plugin. -->","yoast_head_json":{"title":"Lanzan Kit 4.0, el programa del Gobierno para impulsar impulsa la transformaci\u00f3n tecnol\u00f3gica de las pymes - GYS NOTICIAS |","robots":{"index":"index","follow":"follow","max-snippet":"max-snippet:-1","max-image-preview":"max-image-preview:large","max-video-preview":"max-video-preview:-1"},"canonical":"https:\/\/gysfm.com.ar\/inicio\/lanzan-kit-4-0-el-programa-del-gobierno-para-impulsar-impulsa-la-transformacion-tecnologica-de-las-pymes\/","og_locale":"es_ES","og_type":"article","og_title":"Lanzan Kit 4.0, el programa del Gobierno para impulsar impulsa la transformaci\u00f3n tecnol\u00f3gica de las pymes - GYS NOTICIAS |","og_description":"La medida fue dispuesta por la Secretar\u00eda de Industria, Comercio y de la Peque\u00f1a y Mediana Empresa del Ministerio de Econom\u00eda, a trav\u00e9s de la Resoluci\u00f3n 8\/2026 publicada este lunes en el Bolet\u00edn Oficial. El programa ser\u00e1 financiado con recursos del Fondo Fiduciario para la Promoci\u00f3n de la Econom\u00eda del Conocimiento (FONPEC) y funcionar\u00e1 bajo [&hellip;]","og_url":"https:\/\/gysfm.com.ar\/inicio\/lanzan-kit-4-0-el-programa-del-gobierno-para-impulsar-impulsa-la-transformacion-tecnologica-de-las-pymes\/","og_site_name":"GYS NOTICIAS |","article_published_time":"2026-04-27T12:10:19+00:00","og_image":[{"url":"https:\/\/media.ambito.com\/p\/f9fea0ad58ecaf85771f7222cacce749\/adjuntos\/239\/imagenes\/043\/238\/0043238521\/mujer-compra-estafa-computadora.jpg?2026-03-17-00-49-03","type":"","width":"","height":""}],"author":"admin","twitter_card":"summary_large_image","twitter_misc":{"Escrito por":"admin","Tiempo de lectura":"4 minutos"},"schema":{"@context":"https:\/\/schema.org","@graph":[{"@type":"Article","@id":"https:\/\/gysfm.com.ar\/inicio\/lanzan-kit-4-0-el-programa-del-gobierno-para-impulsar-impulsa-la-transformacion-tecnologica-de-las-pymes\/#article","isPartOf":{"@id":"https:\/\/gysfm.com.ar\/inicio\/lanzan-kit-4-0-el-programa-del-gobierno-para-impulsar-impulsa-la-transformacion-tecnologica-de-las-pymes\/"},"author":{"name":"admin","@id":"https:\/\/gysfm.com.ar\/inicio\/#\/schema\/person\/5bedd7ecd35cc35548d89effafa23696"},"headline":"Lanzan Kit 4.0, el programa del Gobierno para impulsar impulsa la transformaci\u00f3n tecnol\u00f3gica de las pymes","datePublished":"2026-04-27T12:10:19+00:00","mainEntityOfPage":{"@id":"https:\/\/gysfm.com.ar\/inicio\/lanzan-kit-4-0-el-programa-del-gobierno-para-impulsar-impulsa-la-transformacion-tecnologica-de-las-pymes\/"},"wordCount":746,"publisher":{"@id":"https:\/\/gysfm.com.ar\/inicio\/#organization"},"image":{"@id":"https:\/\/gysfm.com.ar\/inicio\/lanzan-kit-4-0-el-programa-del-gobierno-para-impulsar-impulsa-la-transformacion-tecnologica-de-las-pymes\/#primaryimage"},"thumbnailUrl":"https:\/\/gysfm.com.ar\/inicio\/wp-content\/uploads\/2025\/12\/pymes-inteligencia-artificialjpg.jpg","articleSection":["ECONOMIA"],"inLanguage":"es"},{"@type":"WebPage","@id":"https:\/\/gysfm.com.ar\/inicio\/lanzan-kit-4-0-el-programa-del-gobierno-para-impulsar-impulsa-la-transformacion-tecnologica-de-las-pymes\/","url":"https:\/\/gysfm.com.ar\/inicio\/lanzan-kit-4-0-el-programa-del-gobierno-para-impulsar-impulsa-la-transformacion-tecnologica-de-las-pymes\/","name":"Lanzan Kit 4.0, el programa del Gobierno para impulsar impulsa la transformaci\u00f3n tecnol\u00f3gica de las pymes - GYS NOTICIAS |","isPartOf":{"@id":"https:\/\/gysfm.com.ar\/inicio\/#website"},"primaryImageOfPage":{"@id":"https:\/\/gysfm.com.ar\/inicio\/lanzan-kit-4-0-el-programa-del-gobierno-para-impulsar-impulsa-la-transformacion-tecnologica-de-las-pymes\/#primaryimage"},"image":{"@id":"https:\/\/gysfm.com.ar\/inicio\/lanzan-kit-4-0-el-programa-del-gobierno-para-impulsar-impulsa-la-transformacion-tecnologica-de-las-pymes\/#primaryimage"},"thumbnailUrl":"https:\/\/gysfm.com.ar\/inicio\/wp-content\/uploads\/2025\/12\/pymes-inteligencia-artificialjpg.jpg","datePublished":"2026-04-27T12:10:19+00:00","breadcrumb":{"@id":"https:\/\/gysfm.com.ar\/inicio\/lanzan-kit-4-0-el-programa-del-gobierno-para-impulsar-impulsa-la-transformacion-tecnologica-de-las-pymes\/#breadcrumb"},"inLanguage":"es","potentialAction":[{"@type":"ReadAction","target":["https:\/\/gysfm.com.ar\/inicio\/lanzan-kit-4-0-el-programa-del-gobierno-para-impulsar-impulsa-la-transformacion-tecnologica-de-las-pymes\/"]}]},{"@type":"ImageObject","inLanguage":"es","@id":"https:\/\/gysfm.com.ar\/inicio\/lanzan-kit-4-0-el-programa-del-gobierno-para-impulsar-impulsa-la-transformacion-tecnologica-de-las-pymes\/#primaryimage","url":"https:\/\/gysfm.com.ar\/inicio\/wp-content\/uploads\/2025\/12\/pymes-inteligencia-artificialjpg.jpg","contentUrl":"https:\/\/gysfm.com.ar\/inicio\/wp-content\/uploads\/2025\/12\/pymes-inteligencia-artificialjpg.jpg","width":1200,"height":675},{"@type":"BreadcrumbList","@id":"https:\/\/gysfm.com.ar\/inicio\/lanzan-kit-4-0-el-programa-del-gobierno-para-impulsar-impulsa-la-transformacion-tecnologica-de-las-pymes\/#breadcrumb","itemListElement":[{"@type":"ListItem","position":1,"name":"Portada","item":"https:\/\/gysfm.com.ar\/inicio\/"},{"@type":"ListItem","position":2,"name":"Lanzan Kit 4.0, el programa del Gobierno para impulsar impulsa la transformaci\u00f3n tecnol\u00f3gica de las pymes"}]},{"@type":"WebSite","@id":"https:\/\/gysfm.com.ar\/inicio\/#website","url":"https:\/\/gysfm.com.ar\/inicio\/","name":"GYS NOTICIAS |","description":"DIARIO - RADIO ONLINE SAN JUAN ARGENTINA","publisher":{"@id":"https:\/\/gysfm.com.ar\/inicio\/#organization"},"potentialAction":[{"@type":"SearchAction","target":{"@type":"EntryPoint","urlTemplate":"https:\/\/gysfm.com.ar\/inicio\/?s={search_term_string}"},"query-input":{"@type":"PropertyValueSpecification","valueRequired":true,"valueName":"search_term_string"}}],"inLanguage":"es"},{"@type":"Organization","@id":"https:\/\/gysfm.com.ar\/inicio\/#organization","name":"GYS NOTICIAS |","url":"https:\/\/gysfm.com.ar\/inicio\/","logo":{"@type":"ImageObject","inLanguage":"es","@id":"https:\/\/gysfm.com.ar\/inicio\/#\/schema\/logo\/image\/","url":"https:\/\/gysfm.com.ar\/inicio\/wp-content\/uploads\/2023\/07\/LOGOGYS-OK.png","contentUrl":"https:\/\/gysfm.com.ar\/inicio\/wp-content\/uploads\/2023\/07\/LOGOGYS-OK.png","width":1170,"height":872,"caption":"GYS NOTICIAS |"},"image":{"@id":"https:\/\/gysfm.com.ar\/inicio\/#\/schema\/logo\/image\/"}},{"@type":"Person","@id":"https:\/\/gysfm.com.ar\/inicio\/#\/schema\/person\/5bedd7ecd35cc35548d89effafa23696","name":"admin","image":{"@type":"ImageObject","inLanguage":"es","@id":"https:\/\/gysfm.com.ar\/inicio\/#\/schema\/person\/image\/","url":"https:\/\/secure.gravatar.com\/avatar\/c331d312b5243fb64d5ba28108a447b27c925295129a363082c9ea52c28d32c2?s=96&d=mm&r=g","contentUrl":"https:\/\/secure.gravatar.com\/avatar\/c331d312b5243fb64d5ba28108a447b27c925295129a363082c9ea52c28d32c2?s=96&d=mm&r=g","caption":"admin"},"sameAs":["https:\/\/gysfm.com.ar\/inicio"],"url":"https:\/\/gysfm.com.ar\/inicio\/author\/admin\/"}]}},"_links":{"self":[{"href":"https:\/\/gysfm.com.ar\/inicio\/wp-json\/wp\/v2\/posts\/193259","targetHints":{"allow":["GET"]}}],"collection":[{"href":"https:\/\/gysfm.com.ar\/inicio\/wp-json\/wp\/v2\/posts"}],"about":[{"href":"https:\/\/gysfm.com.ar\/inicio\/wp-json\/wp\/v2\/types\/post"}],"author":[{"embeddable":true,"href":"https:\/\/gysfm.com.ar\/inicio\/wp-json\/wp\/v2\/users\/1"}],"replies":[{"embeddable":true,"href":"https:\/\/gysfm.com.ar\/inicio\/wp-json\/wp\/v2\/comments?post=193259"}],"version-history":[{"count":0,"href":"https:\/\/gysfm.com.ar\/inicio\/wp-json\/wp\/v2\/posts\/193259\/revisions"}],"wp:featuredmedia":[{"embeddable":true,"href":"https:\/\/gysfm.com.ar\/inicio\/wp-json\/wp\/v2\/media\/171861"}],"wp:attachment":[{"href":"https:\/\/gysfm.com.ar\/inicio\/wp-json\/wp\/v2\/media?parent=193259"}],"wp:term":[{"taxonomy":"category","embeddable":true,"href":"https:\/\/gysfm.com.ar\/inicio\/wp-json\/wp\/v2\/categories?post=193259"},{"taxonomy":"post_tag","embeddable":true,"href":"https:\/\/gysfm.com.ar\/inicio\/wp-json\/wp\/v2\/tags?post=193259"}],"curies":[{"name":"wp","href":"https:\/\/api.w.org\/{rel}","templated":true}]}}