{"id":193255,"date":"2026-04-27T08:47:05","date_gmt":"2026-04-27T11:47:05","guid":{"rendered":"https:\/\/gysfm.com.ar\/inicio\/todos-los-ganadores-de-los-martin-fierro-de-la-moda-2026\/"},"modified":"2026-04-27T08:47:05","modified_gmt":"2026-04-27T11:47:05","slug":"todos-los-ganadores-de-los-martin-fierro-de-la-moda-2026","status":"publish","type":"post","link":"https:\/\/gysfm.com.ar\/inicio\/todos-los-ganadores-de-los-martin-fierro-de-la-moda-2026\/","title":{"rendered":"Todos los ganadores de los Mart\u00edn Fierro de la Moda 2026"},"content":{"rendered":"<p><\/p>\n<div id=\"article-content\">\n<p>Este domingo 26 de abril,<a target=\"_blank\" href=\"https:\/\/exitoina.perfil.com\/noticias\/television\/quien-sera-el-proximo-eliminado-de-gran-hermano-en-la-gala-del-lunes-27-de-abril-segun-las-encuestas.phtml\">\u00a0<\/a><strong><a target=\"_blank\" href=\"https:\/\/exitoina.perfil.com\/noticias\/television\/quien-sera-el-proximo-eliminado-de-gran-hermano-en-la-gala-del-lunes-27-de-abril-segun-las-encuestas.phtml\">Telefe<\/a>\u00a0<\/strong>present\u00f3\u00a0una nueva edici\u00f3n de los\u00a0<a target=\"_blank\" href=\"https:\/\/exitoina.perfil.com\/noticias\/martin-fierro-television\/martin-fierro-moda-2026-lista-completa-de-los-nominados.phtml\"><strong>Premios Mart\u00edn Fierro de la Moda<\/strong><\/a>, el reconocimiento que entrega la Asociaci\u00f3n de Periodistas de la Televisi\u00f3n y la Radiofon\u00eda Argentina (APTRA) a lo m\u00e1s destacado del 2025 de la industria de la moda en nuestro pa\u00eds.<\/p>\n<p><a target=\"_blank\" href=\"https:\/\/exitoina.perfil.com\/noticias\/television\/martin-fierro-moda-2026-quienes-son-conductores-cuando-es-donde-se-puede-ver.phtml\"><strong>La gran noche de la moda argentina<\/strong><\/a>\u00a0comenz\u00f3\u00a0a las 21 hs. con una<strong>\u00a0alfombra roja<\/strong>\u00a0impactante por la que desfilaron\u00a0los mejores talentos y dise\u00f1os, con la conducci\u00f3n del\u00a0<strong>Chino Leunis<\/strong>\u00a0y\u00a0<a target=\"_blank\" href=\"https:\/\/exitoina.perfil.com\/noticias\/destacada\/zaira-nara-impacto-con-un-vestido-transparente-en-el-escenario-de-los-martin-fierro-de-la-moda-2026.phtml\"><strong>Zaira Nara<\/strong><\/a>.\u00a0Luego se dio\u00a0inicio a la ceremonia con dos anfitriones de lujo:\u00a0<strong>Valeria Mazza<\/strong>\u00a0e\u00a0<strong>Iv\u00e1n de Pineda<\/strong>. Referentes indiscutidos del estilo y la elegancia, fueron los encargados de presentar cada una de las ternas en las distintas categor\u00edas.<\/p>\n<p>Con m\u00e1s de 300 invitados, las figuras m\u00e1s emblem\u00e1ticas y queridas de la industria se reunieron en los estudios de Telefe para disfrutar del suceso del a\u00f1o de la moda argentina. <strong>Fue una noche deslumbrante, donde la elegancia, el dise\u00f1o y la creatividad brillaron en la pantalla.<\/strong><\/p>\n<h2>\u00bfQui\u00e9nes fueron los ganadores de los\u00a0Mart\u00edn Fierro de la Moda 2026?<\/h2>\n<p><strong>Mart\u00edn Fierro de la Moda de Oro<\/strong><\/p>\n<p><strong>Mejor Estilo en Conducci\u00f3n Femenina en Programa Semanal<\/strong><\/p>\n<ul>&#13;<\/p>\n<li>Mirtha Legrand (La Noche De Mirtha)<\/li>\n<p>&#13;<\/p>\n<li><strong>Juana Viale (Almorzando Con Juana)<\/strong><\/li>\n<p>&#13;<\/p>\n<li>Tet\u00e9 Coustarot (Argentina De Pel\u00edcula)<\/li>\n<p>&#13;<\/p>\n<li>Josefina \u201cChina\u201d Ansa (Lado V)<\/li>\n<p>&#13;\n<\/ul>\n<p><strong>Mejor Estilo en Conducci\u00f3n Femenina en Programa Diario<\/strong><\/p>\n<ul>&#13;<\/p>\n<li><strong>Vero Lozano (Cort\u00e1 Por Lozano)<\/strong><\/li>\n<p>&#13;<\/p>\n<li>Yanina Latorre (Sqp)<\/li>\n<p>&#13;<\/p>\n<li>Mariana Fabbiani (Ddm)<\/li>\n<p>&#13;<\/p>\n<li>Flor De La V (Los Profesionales)<\/li>\n<p>&#13;\n<\/ul>\n<p>\u00a0<br \/>&#13;<br \/>\n<strong>Mejor Estilo En Conducci\u00f3n Masculina<\/strong><\/p>\n<ul>&#13;<\/p>\n<li>Mario Pergolini (Otro D\u00eda Perdido)<\/li>\n<p>&#13;<\/p>\n<li><strong>Iv\u00e1n De Pineda (Pasapalabra)<\/strong><\/li>\n<p>&#13;<\/p>\n<li>H\u00e9ctor Maugeri (+Caras)<\/li>\n<p>&#13;<\/p>\n<li>\u00c1ngel De Brito (Lam)<\/li>\n<p>&#13;<\/p>\n<li>Mariano I\u00fadica (Pol\u00e9mica En El Bar)<\/li>\n<p>&#13;\n<\/ul>\n<p>\u00a0<br \/>&#13;<br \/>\n<strong>Mejor Estilo Panelista Femenina<\/strong><\/p>\n<ul>&#13;<\/p>\n<li><strong>Sol P\u00e9rez (Gran Hermano)<\/strong><\/li>\n<p>&#13;<\/p>\n<li>Carolina Molinari (Puro Show)<\/li>\n<p>&#13;<\/p>\n<li>Anal\u00eda Franch\u00edn (A La Barbarossa)<\/li>\n<p>&#13;\n<\/ul>\n<p><iframe id=\"vrudo\" class=\"vrudo\" src=\"https:\/\/rudo.video\/vod\/bWrlvH?volume=0\" width=\"100%\" height=\"100%\" allowscriptaccess=\"always\" allowfullscreen=\"true\" webkitallowfullscreen=\"true\" frameborder=\"0\" scrolling=\"no\" allow=\"autoplay; fullscreen\" loading=\"lazy\"><\/iframe><\/p>\n<p><strong>Mejor Estilo Panelista Masculino<\/strong><\/p>\n<ul>&#13;<\/p>\n<li>Hern\u00e1n Drago (Los 8 Escalones)<\/li>\n<p>&#13;<\/p>\n<li>Fabi\u00e1n Paz (Ddm)<\/li>\n<p>&#13;<\/p>\n<li><strong>Lizardo Ponce (Sqp)<\/strong><\/li>\n<p>&#13;<\/p>\n<li>Gast\u00f3n Trezeguet (Gran Hermano)<\/li>\n<p>&#13;\n<\/ul>\n<p>\u00a0<br \/>&#13;<br \/>\n<strong>Actriz Con Mejor Estilo En Ficci\u00f3n<\/strong><\/p>\n<ul>&#13;<\/p>\n<li>Griselda Siciliani (Envidiosa)<\/li>\n<p>&#13;<\/p>\n<li>Monna Anton\u00f3pulos (Menem)<\/li>\n<p>&#13;<\/p>\n<li><strong>Julieta Zylberberg (Yiya)<\/strong><\/li>\n<p>&#13;<\/p>\n<li>B\u00e1rbara Lombardo (Envidiosa)<\/li>\n<p>&#13;\n<\/ul>\n<p>\u00a0<br \/>&#13;<br \/>\n<strong>Actor Con Mejor Estilo En Ficci\u00f3n<\/strong><\/p>\n<ul>&#13;<\/p>\n<li><strong>Benjam\u00edn Vicu\u00f1a (Coraz\u00f3n Delator)<\/strong><\/li>\n<p>&#13;<\/p>\n<li>Franco Masini (El Retorno)<\/li>\n<p>&#13;<\/p>\n<li>Leonardo Sbaraglia (Menem)<\/li>\n<p>&#13;\n<\/ul>\n<p>\u00a0<br \/>&#13;<br \/>\n<strong>Mejor Estilo Femenino En Big Show<\/strong><\/p>\n<ul>&#13;<\/p>\n<li>Lali Esp\u00f3sito (La Voz Argentina)<\/li>\n<p>&#13;<\/p>\n<li><strong>Sof\u00eda Gonet (Masterchef Celebrity)<\/strong><\/li>\n<p>&#13;<\/p>\n<li>Wanda Nara (Masterchef Celebrity)<\/li>\n<p>&#13;<\/p>\n<li>Carolina Pampita Ardoha\u00edn (Los 8 Escalones)<\/li>\n<p>&#13;\n<\/ul>\n<p><iframe id=\"vrudo\" class=\"vrudo\" src=\"https:\/\/rudo.video\/vod\/bWrmnM?volume=0\" width=\"100%\" height=\"100%\" allowscriptaccess=\"always\" allowfullscreen=\"true\" webkitallowfullscreen=\"true\" frameborder=\"0\" scrolling=\"no\" allow=\"autoplay; fullscreen\" loading=\"lazy\"><\/iframe><\/p>\n<p>&#13;<br \/>\n<strong>Mejor Estilo Masculino En Big Show<\/strong><\/p>\n<ul>&#13;<\/p>\n<li>Ale Sergi (La Voz Argentina)<\/li>\n<p>&#13;<\/p>\n<li><strong>Nico Occhiato (La Voz Argentina)<\/strong><\/li>\n<p>&#13;<\/p>\n<li>Luck Ra (La Voz Argentina)<\/li>\n<p>&#13;\n<\/ul>\n<p><iframe id=\"vrudo\" class=\"vrudo\" src=\"https:\/\/rudo.video\/vod\/bWrlhD?volume=0\" width=\"100%\" height=\"100%\" allowscriptaccess=\"always\" allowfullscreen=\"true\" webkitallowfullscreen=\"true\" frameborder=\"0\" scrolling=\"no\" allow=\"autoplay; fullscreen\" loading=\"lazy\"><\/iframe><\/p>\n<p>&#13;<br \/>\n<strong>Mejor Dise\u00f1ador\/A Moda Femenina<\/strong><\/p>\n<ul>&#13;<\/p>\n<li>Javier Saiach<\/li>\n<p>&#13;<\/p>\n<li><strong>Evangelina Bomparola<\/strong><\/li>\n<p>&#13;<\/p>\n<li>Marcelo Senra<\/li>\n<p>&#13;<\/p>\n<li>Juan Hern\u00e1ndez Daels<\/li>\n<p>&#13;\n<\/ul>\n<p>\u00a0<br \/>&#13;<br \/>\n<strong>Mejor Dise\u00f1ador Moda Masculina<\/strong><\/p>\n<ul>&#13;<\/p>\n<li>Mat\u00edas Carbone<\/li>\n<p>&#13;<\/p>\n<li><strong>Nicol\u00e1s Zaffora<\/strong><\/li>\n<p>&#13;<\/p>\n<li>Sebasti\u00e1n Raimondi<\/li>\n<p>&#13;\n<\/ul>\n<p>\u00a0<br \/>&#13;<br \/>\n<strong>Mejor Maquillador\/A<\/strong><\/p>\n<ul>&#13;<\/p>\n<li>Mabby Autino<\/li>\n<p>&#13;<\/p>\n<li>Vero Luna<\/li>\n<p>&#13;<\/p>\n<li><strong>Gervasio Larrivey<\/strong><\/li>\n<p>&#13;\n<\/ul>\n<p><iframe id=\"vrudo\" class=\"vrudo\" src=\"https:\/\/rudo.video\/vod\/bWrlYS?volume=0\" width=\"100%\" height=\"100%\" allowscriptaccess=\"always\" allowfullscreen=\"true\" webkitallowfullscreen=\"true\" frameborder=\"0\" scrolling=\"no\" allow=\"autoplay; fullscreen\" loading=\"lazy\"><\/iframe><\/p>\n<p>&#13;<br \/>\n<strong>Mejor Peluquero<\/strong><\/p>\n<ul>&#13;<\/p>\n<li><strong>Max Jara<\/strong><\/li>\n<p>&#13;<\/p>\n<li>Mauro Max De Brito<\/li>\n<p>&#13;<\/p>\n<li>Facu D\u00edaz (Niche Studio)<\/li>\n<p>&#13;<\/p>\n<li>Cristian Rey<\/li>\n<p>&#13;\n<\/ul>\n<p>\u00a0<br \/>&#13;<br \/>\n<strong>Mejor Estilista<\/strong><\/p>\n<ul>&#13;<\/p>\n<li><strong>Mariana Garc\u00eda Navarro \u2013 Nacho Garc\u00eda Rocha (Los Garc\u00eda)<\/strong><\/li>\n<p>&#13;<\/p>\n<li>Romina Giangreco<\/li>\n<p>&#13;<\/p>\n<li>Celina Lattanzio (Negra Negra)<\/li>\n<p>&#13;\n<\/ul>\n<p>\u00a0<br \/>&#13;<br \/>\n<strong>Mejor Influencer De Moda<\/strong><\/p>\n<ul>&#13;<\/p>\n<li><strong>Zaira Nara<\/strong><\/li>\n<p>&#13;<\/p>\n<li>Stephanie Demner<\/li>\n<p>&#13;<\/p>\n<li>Zuzu Codeu<\/li>\n<p>&#13;\n<\/ul>\n<p><iframe id=\"vrudo\" class=\"vrudo\" src=\"https:\/\/rudo.video\/vod\/bWrlD5?volume=0\" width=\"100%\" height=\"100%\" allowscriptaccess=\"always\" allowfullscreen=\"true\" webkitallowfullscreen=\"true\" frameborder=\"0\" scrolling=\"no\" allow=\"autoplay; fullscreen\" loading=\"lazy\"><\/iframe><\/p>\n<p>&#13;<br \/>\n<strong>Mejor Estilo Femenino En Streaming<\/strong><\/p>\n<ul>&#13;<\/p>\n<li>Momi Giardina (Telefe \u2013 Luzu)<\/li>\n<p>&#13;<\/p>\n<li><strong>Evelyn Botto (Olga)<\/strong><\/li>\n<p>&#13;<\/p>\n<li>Flor Jazm\u00edn Pe\u00f1a (Luzu)<\/li>\n<p>&#13;<\/p>\n<li>Nati Jota (Telfe \u2013 Olga)<\/li>\n<p>&#13;\n<\/ul>\n<p>\u00a0<br \/>&#13;<br \/>\n<strong>Mejor Estilo Masculino En Streaming<\/strong><\/p>\n<ul>&#13;<\/p>\n<li>Santi Talledo (Telefe \u2013 Luzu)<\/li>\n<p>&#13;<\/p>\n<li>Grego Rossello (Telefe)<\/li>\n<p>&#13;<\/p>\n<li><strong>Fer Dente (Olga)<\/strong><\/li>\n<p>&#13;<\/p>\n<li>Nacho Elizalde (Olga)<\/li>\n<p>&#13;\n<\/ul>\n<p>\u00a0<\/p>\n<p><iframe id=\"vrudo\" class=\"vrudo\" src=\"https:\/\/rudo.video\/vod\/bWrmeG?volume=0\" width=\"100%\" height=\"100%\" allowscriptaccess=\"always\" allowfullscreen=\"true\" webkitallowfullscreen=\"true\" frameborder=\"0\" scrolling=\"no\" allow=\"autoplay; fullscreen\" loading=\"lazy\"><\/iframe><\/p>\n<p>&#13;<br \/>\n<strong>Mejor Estilo En Redes<\/strong><\/p>\n<ul>&#13;<\/p>\n<li><strong>Carolina Pampita Ardoha\u00edn<\/strong><\/li>\n<p>&#13;<\/p>\n<li>Valentina Zenere<\/li>\n<p>&#13;<\/p>\n<li>Martita Fort<\/li>\n<p>&#13;<\/p>\n<li>Tefi Russo<\/li>\n<p>&#13;\n<\/ul>\n<p><iframe id=\"vrudo\" class=\"vrudo\" src=\"https:\/\/rudo.video\/vod\/bWrlks?volume=0\" width=\"100%\" height=\"100%\" allowscriptaccess=\"always\" allowfullscreen=\"true\" webkitallowfullscreen=\"true\" frameborder=\"0\" scrolling=\"no\" allow=\"autoplay; fullscreen\" loading=\"lazy\"><\/iframe><\/p>\n<p>&#13;<br \/>\n<strong>Nuevo Talento De La Moda<\/strong><\/p>\n<ul>&#13;<\/p>\n<li><strong>Valentina Schuchner<\/strong><\/li>\n<p>&#13;<\/p>\n<li>Luz Ballesteros<\/li>\n<p>&#13;<\/p>\n<li>Anushka Elliot<\/li>\n<p>&#13;\n<\/ul>\n<\/p><\/div>\n<p><script>\n\t(function(d, s, id) {\n\t\tvar js, fjs = d.getElementsByTagName(s)[0];\n\t\tif (d.getElementById(id)) return;\n\t\tjs = d.createElement(s);\n\t\tjs.id = id;\n\t\tjs.src=\"https:\/\/connect.facebook.net\/es_LA\/sdk.js#xfbml=1&version=v3.1\";\n\t\tfjs.parentNode.insertBefore(js, fjs);\n\t}(document, 'script', 'facebook-jssdk'));\n<\/script><\/p>\n","protected":false},"excerpt":{"rendered":"<p>Este domingo 26 de abril,\u00a0Telefe\u00a0present\u00f3\u00a0una nueva edici\u00f3n de los\u00a0Premios Mart\u00edn Fierro de la Moda, el reconocimiento que entrega la Asociaci\u00f3n de Periodistas de la Televisi\u00f3n y la Radiofon\u00eda Argentina (APTRA) a lo m\u00e1s destacado del 2025 de la industria de la moda en nuestro pa\u00eds. La gran noche de la moda argentina\u00a0comenz\u00f3\u00a0a las 21 hs. [&hellip;]<\/p>\n","protected":false},"author":2,"featured_media":193256,"comment_status":"closed","ping_status":"closed","sticky":false,"template":"","format":"standard","meta":{"footnotes":""},"categories":[25],"tags":[],"class_list":["post-193255","post","type-post","status-publish","format-standard","has-post-thumbnail","hentry","category-nacionales"],"yoast_head":"<!-- This site is optimized with the Yoast SEO plugin v24.4 - https:\/\/yoast.com\/wordpress\/plugins\/seo\/ -->\n<title>Todos los ganadores de los Mart\u00edn Fierro de la Moda 2026 - GYS NOTICIAS |<\/title>\n<meta name=\"robots\" content=\"index, follow, max-snippet:-1, max-image-preview:large, max-video-preview:-1\" \/>\n<link rel=\"canonical\" href=\"https:\/\/gysfm.com.ar\/inicio\/todos-los-ganadores-de-los-martin-fierro-de-la-moda-2026\/\" \/>\n<meta property=\"og:locale\" content=\"es_ES\" \/>\n<meta property=\"og:type\" content=\"article\" \/>\n<meta property=\"og:title\" content=\"Todos los ganadores de los Mart\u00edn Fierro de la Moda 2026 - GYS NOTICIAS |\" \/>\n<meta property=\"og:description\" content=\"Este domingo 26 de abril,\u00a0Telefe\u00a0present\u00f3\u00a0una nueva edici\u00f3n de los\u00a0Premios Mart\u00edn Fierro de la Moda, el reconocimiento que entrega la Asociaci\u00f3n de Periodistas de la Televisi\u00f3n y la Radiofon\u00eda Argentina (APTRA) a lo m\u00e1s destacado del 2025 de la industria de la moda en nuestro pa\u00eds. La gran noche de la moda argentina\u00a0comenz\u00f3\u00a0a las 21 hs. [&hellip;]\" \/>\n<meta property=\"og:url\" content=\"https:\/\/gysfm.com.ar\/inicio\/todos-los-ganadores-de-los-martin-fierro-de-la-moda-2026\/\" \/>\n<meta property=\"og:site_name\" content=\"GYS NOTICIAS |\" \/>\n<meta property=\"article:published_time\" content=\"2026-04-27T11:47:05+00:00\" \/>\n<meta name=\"author\" content=\"Prensa G&amp;S FM\" \/>\n<meta name=\"twitter:card\" content=\"summary_large_image\" \/>\n<meta name=\"twitter:label1\" content=\"Escrito por\" \/>\n\t<meta name=\"twitter:data1\" content=\"Prensa G&amp;S FM\" \/>\n\t<meta name=\"twitter:label2\" content=\"Tiempo de lectura\" \/>\n\t<meta name=\"twitter:data2\" content=\"3 minutos\" \/>\n<script type=\"application\/ld+json\" class=\"yoast-schema-graph\">{\"@context\":\"https:\/\/schema.org\",\"@graph\":[{\"@type\":\"Article\",\"@id\":\"https:\/\/gysfm.com.ar\/inicio\/todos-los-ganadores-de-los-martin-fierro-de-la-moda-2026\/#article\",\"isPartOf\":{\"@id\":\"https:\/\/gysfm.com.ar\/inicio\/todos-los-ganadores-de-los-martin-fierro-de-la-moda-2026\/\"},\"author\":{\"name\":\"Prensa G&amp;S FM\",\"@id\":\"https:\/\/gysfm.com.ar\/inicio\/#\/schema\/person\/3abba7593ef2ad19e1be221d54383dc5\"},\"headline\":\"Todos los ganadores de los Mart\u00edn Fierro de la Moda 2026\",\"datePublished\":\"2026-04-27T11:47:05+00:00\",\"mainEntityOfPage\":{\"@id\":\"https:\/\/gysfm.com.ar\/inicio\/todos-los-ganadores-de-los-martin-fierro-de-la-moda-2026\/\"},\"wordCount\":583,\"publisher\":{\"@id\":\"https:\/\/gysfm.com.ar\/inicio\/#organization\"},\"image\":{\"@id\":\"https:\/\/gysfm.com.ar\/inicio\/todos-los-ganadores-de-los-martin-fierro-de-la-moda-2026\/#primaryimage\"},\"thumbnailUrl\":\"https:\/\/gysfm.com.ar\/inicio\/wp-content\/uploads\/2026\/04\/valeria-mazzaeivan-de-pineda-2228217.jpg\",\"articleSection\":[\"NACIONALES\"],\"inLanguage\":\"es\"},{\"@type\":\"WebPage\",\"@id\":\"https:\/\/gysfm.com.ar\/inicio\/todos-los-ganadores-de-los-martin-fierro-de-la-moda-2026\/\",\"url\":\"https:\/\/gysfm.com.ar\/inicio\/todos-los-ganadores-de-los-martin-fierro-de-la-moda-2026\/\",\"name\":\"Todos los ganadores de los Mart\u00edn Fierro de la Moda 2026 - GYS NOTICIAS |\",\"isPartOf\":{\"@id\":\"https:\/\/gysfm.com.ar\/inicio\/#website\"},\"primaryImageOfPage\":{\"@id\":\"https:\/\/gysfm.com.ar\/inicio\/todos-los-ganadores-de-los-martin-fierro-de-la-moda-2026\/#primaryimage\"},\"image\":{\"@id\":\"https:\/\/gysfm.com.ar\/inicio\/todos-los-ganadores-de-los-martin-fierro-de-la-moda-2026\/#primaryimage\"},\"thumbnailUrl\":\"https:\/\/gysfm.com.ar\/inicio\/wp-content\/uploads\/2026\/04\/valeria-mazzaeivan-de-pineda-2228217.jpg\",\"datePublished\":\"2026-04-27T11:47:05+00:00\",\"breadcrumb\":{\"@id\":\"https:\/\/gysfm.com.ar\/inicio\/todos-los-ganadores-de-los-martin-fierro-de-la-moda-2026\/#breadcrumb\"},\"inLanguage\":\"es\",\"potentialAction\":[{\"@type\":\"ReadAction\",\"target\":[\"https:\/\/gysfm.com.ar\/inicio\/todos-los-ganadores-de-los-martin-fierro-de-la-moda-2026\/\"]}]},{\"@type\":\"ImageObject\",\"inLanguage\":\"es\",\"@id\":\"https:\/\/gysfm.com.ar\/inicio\/todos-los-ganadores-de-los-martin-fierro-de-la-moda-2026\/#primaryimage\",\"url\":\"https:\/\/gysfm.com.ar\/inicio\/wp-content\/uploads\/2026\/04\/valeria-mazzaeivan-de-pineda-2228217.jpg\",\"contentUrl\":\"https:\/\/gysfm.com.ar\/inicio\/wp-content\/uploads\/2026\/04\/valeria-mazzaeivan-de-pineda-2228217.jpg\",\"width\":1140,\"height\":641},{\"@type\":\"BreadcrumbList\",\"@id\":\"https:\/\/gysfm.com.ar\/inicio\/todos-los-ganadores-de-los-martin-fierro-de-la-moda-2026\/#breadcrumb\",\"itemListElement\":[{\"@type\":\"ListItem\",\"position\":1,\"name\":\"Portada\",\"item\":\"https:\/\/gysfm.com.ar\/inicio\/\"},{\"@type\":\"ListItem\",\"position\":2,\"name\":\"Todos los ganadores de los Mart\u00edn Fierro de la Moda 2026\"}]},{\"@type\":\"WebSite\",\"@id\":\"https:\/\/gysfm.com.ar\/inicio\/#website\",\"url\":\"https:\/\/gysfm.com.ar\/inicio\/\",\"name\":\"GYS NOTICIAS |\",\"description\":\"DIARIO - RADIO ONLINE SAN JUAN ARGENTINA\",\"publisher\":{\"@id\":\"https:\/\/gysfm.com.ar\/inicio\/#organization\"},\"potentialAction\":[{\"@type\":\"SearchAction\",\"target\":{\"@type\":\"EntryPoint\",\"urlTemplate\":\"https:\/\/gysfm.com.ar\/inicio\/?s={search_term_string}\"},\"query-input\":{\"@type\":\"PropertyValueSpecification\",\"valueRequired\":true,\"valueName\":\"search_term_string\"}}],\"inLanguage\":\"es\"},{\"@type\":\"Organization\",\"@id\":\"https:\/\/gysfm.com.ar\/inicio\/#organization\",\"name\":\"GYS NOTICIAS |\",\"url\":\"https:\/\/gysfm.com.ar\/inicio\/\",\"logo\":{\"@type\":\"ImageObject\",\"inLanguage\":\"es\",\"@id\":\"https:\/\/gysfm.com.ar\/inicio\/#\/schema\/logo\/image\/\",\"url\":\"https:\/\/gysfm.com.ar\/inicio\/wp-content\/uploads\/2023\/07\/LOGOGYS-OK.png\",\"contentUrl\":\"https:\/\/gysfm.com.ar\/inicio\/wp-content\/uploads\/2023\/07\/LOGOGYS-OK.png\",\"width\":1170,\"height\":872,\"caption\":\"GYS NOTICIAS |\"},\"image\":{\"@id\":\"https:\/\/gysfm.com.ar\/inicio\/#\/schema\/logo\/image\/\"}},{\"@type\":\"Person\",\"@id\":\"https:\/\/gysfm.com.ar\/inicio\/#\/schema\/person\/3abba7593ef2ad19e1be221d54383dc5\",\"name\":\"Prensa G&amp;S FM\",\"image\":{\"@type\":\"ImageObject\",\"inLanguage\":\"es\",\"@id\":\"https:\/\/gysfm.com.ar\/inicio\/#\/schema\/person\/image\/\",\"url\":\"https:\/\/secure.gravatar.com\/avatar\/096ec78df02049ab018702bb4ccedf659377fa92a26540b5247612077a0dbd29?s=96&d=mm&r=g\",\"contentUrl\":\"https:\/\/secure.gravatar.com\/avatar\/096ec78df02049ab018702bb4ccedf659377fa92a26540b5247612077a0dbd29?s=96&d=mm&r=g\",\"caption\":\"Prensa G&amp;S FM\"},\"sameAs\":[\"https:\/\/gysfm.com.ar\/\"],\"url\":\"https:\/\/gysfm.com.ar\/inicio\/author\/lucasm\/\"}]}<\/script>\n<!-- \/ Yoast SEO plugin. -->","yoast_head_json":{"title":"Todos los ganadores de los Mart\u00edn Fierro de la Moda 2026 - GYS NOTICIAS |","robots":{"index":"index","follow":"follow","max-snippet":"max-snippet:-1","max-image-preview":"max-image-preview:large","max-video-preview":"max-video-preview:-1"},"canonical":"https:\/\/gysfm.com.ar\/inicio\/todos-los-ganadores-de-los-martin-fierro-de-la-moda-2026\/","og_locale":"es_ES","og_type":"article","og_title":"Todos los ganadores de los Mart\u00edn Fierro de la Moda 2026 - GYS NOTICIAS |","og_description":"Este domingo 26 de abril,\u00a0Telefe\u00a0present\u00f3\u00a0una nueva edici\u00f3n de los\u00a0Premios Mart\u00edn Fierro de la Moda, el reconocimiento que entrega la Asociaci\u00f3n de Periodistas de la Televisi\u00f3n y la Radiofon\u00eda Argentina (APTRA) a lo m\u00e1s destacado del 2025 de la industria de la moda en nuestro pa\u00eds. La gran noche de la moda argentina\u00a0comenz\u00f3\u00a0a las 21 hs. [&hellip;]","og_url":"https:\/\/gysfm.com.ar\/inicio\/todos-los-ganadores-de-los-martin-fierro-de-la-moda-2026\/","og_site_name":"GYS NOTICIAS |","article_published_time":"2026-04-27T11:47:05+00:00","author":"Prensa G&amp;S FM","twitter_card":"summary_large_image","twitter_misc":{"Escrito por":"Prensa G&amp;S FM","Tiempo de lectura":"3 minutos"},"schema":{"@context":"https:\/\/schema.org","@graph":[{"@type":"Article","@id":"https:\/\/gysfm.com.ar\/inicio\/todos-los-ganadores-de-los-martin-fierro-de-la-moda-2026\/#article","isPartOf":{"@id":"https:\/\/gysfm.com.ar\/inicio\/todos-los-ganadores-de-los-martin-fierro-de-la-moda-2026\/"},"author":{"name":"Prensa G&amp;S FM","@id":"https:\/\/gysfm.com.ar\/inicio\/#\/schema\/person\/3abba7593ef2ad19e1be221d54383dc5"},"headline":"Todos los ganadores de los Mart\u00edn Fierro de la Moda 2026","datePublished":"2026-04-27T11:47:05+00:00","mainEntityOfPage":{"@id":"https:\/\/gysfm.com.ar\/inicio\/todos-los-ganadores-de-los-martin-fierro-de-la-moda-2026\/"},"wordCount":583,"publisher":{"@id":"https:\/\/gysfm.com.ar\/inicio\/#organization"},"image":{"@id":"https:\/\/gysfm.com.ar\/inicio\/todos-los-ganadores-de-los-martin-fierro-de-la-moda-2026\/#primaryimage"},"thumbnailUrl":"https:\/\/gysfm.com.ar\/inicio\/wp-content\/uploads\/2026\/04\/valeria-mazzaeivan-de-pineda-2228217.jpg","articleSection":["NACIONALES"],"inLanguage":"es"},{"@type":"WebPage","@id":"https:\/\/gysfm.com.ar\/inicio\/todos-los-ganadores-de-los-martin-fierro-de-la-moda-2026\/","url":"https:\/\/gysfm.com.ar\/inicio\/todos-los-ganadores-de-los-martin-fierro-de-la-moda-2026\/","name":"Todos los ganadores de los Mart\u00edn Fierro de la Moda 2026 - GYS NOTICIAS |","isPartOf":{"@id":"https:\/\/gysfm.com.ar\/inicio\/#website"},"primaryImageOfPage":{"@id":"https:\/\/gysfm.com.ar\/inicio\/todos-los-ganadores-de-los-martin-fierro-de-la-moda-2026\/#primaryimage"},"image":{"@id":"https:\/\/gysfm.com.ar\/inicio\/todos-los-ganadores-de-los-martin-fierro-de-la-moda-2026\/#primaryimage"},"thumbnailUrl":"https:\/\/gysfm.com.ar\/inicio\/wp-content\/uploads\/2026\/04\/valeria-mazzaeivan-de-pineda-2228217.jpg","datePublished":"2026-04-27T11:47:05+00:00","breadcrumb":{"@id":"https:\/\/gysfm.com.ar\/inicio\/todos-los-ganadores-de-los-martin-fierro-de-la-moda-2026\/#breadcrumb"},"inLanguage":"es","potentialAction":[{"@type":"ReadAction","target":["https:\/\/gysfm.com.ar\/inicio\/todos-los-ganadores-de-los-martin-fierro-de-la-moda-2026\/"]}]},{"@type":"ImageObject","inLanguage":"es","@id":"https:\/\/gysfm.com.ar\/inicio\/todos-los-ganadores-de-los-martin-fierro-de-la-moda-2026\/#primaryimage","url":"https:\/\/gysfm.com.ar\/inicio\/wp-content\/uploads\/2026\/04\/valeria-mazzaeivan-de-pineda-2228217.jpg","contentUrl":"https:\/\/gysfm.com.ar\/inicio\/wp-content\/uploads\/2026\/04\/valeria-mazzaeivan-de-pineda-2228217.jpg","width":1140,"height":641},{"@type":"BreadcrumbList","@id":"https:\/\/gysfm.com.ar\/inicio\/todos-los-ganadores-de-los-martin-fierro-de-la-moda-2026\/#breadcrumb","itemListElement":[{"@type":"ListItem","position":1,"name":"Portada","item":"https:\/\/gysfm.com.ar\/inicio\/"},{"@type":"ListItem","position":2,"name":"Todos los ganadores de los Mart\u00edn Fierro de la Moda 2026"}]},{"@type":"WebSite","@id":"https:\/\/gysfm.com.ar\/inicio\/#website","url":"https:\/\/gysfm.com.ar\/inicio\/","name":"GYS NOTICIAS |","description":"DIARIO - RADIO ONLINE SAN JUAN ARGENTINA","publisher":{"@id":"https:\/\/gysfm.com.ar\/inicio\/#organization"},"potentialAction":[{"@type":"SearchAction","target":{"@type":"EntryPoint","urlTemplate":"https:\/\/gysfm.com.ar\/inicio\/?s={search_term_string}"},"query-input":{"@type":"PropertyValueSpecification","valueRequired":true,"valueName":"search_term_string"}}],"inLanguage":"es"},{"@type":"Organization","@id":"https:\/\/gysfm.com.ar\/inicio\/#organization","name":"GYS NOTICIAS |","url":"https:\/\/gysfm.com.ar\/inicio\/","logo":{"@type":"ImageObject","inLanguage":"es","@id":"https:\/\/gysfm.com.ar\/inicio\/#\/schema\/logo\/image\/","url":"https:\/\/gysfm.com.ar\/inicio\/wp-content\/uploads\/2023\/07\/LOGOGYS-OK.png","contentUrl":"https:\/\/gysfm.com.ar\/inicio\/wp-content\/uploads\/2023\/07\/LOGOGYS-OK.png","width":1170,"height":872,"caption":"GYS NOTICIAS |"},"image":{"@id":"https:\/\/gysfm.com.ar\/inicio\/#\/schema\/logo\/image\/"}},{"@type":"Person","@id":"https:\/\/gysfm.com.ar\/inicio\/#\/schema\/person\/3abba7593ef2ad19e1be221d54383dc5","name":"Prensa G&amp;S FM","image":{"@type":"ImageObject","inLanguage":"es","@id":"https:\/\/gysfm.com.ar\/inicio\/#\/schema\/person\/image\/","url":"https:\/\/secure.gravatar.com\/avatar\/096ec78df02049ab018702bb4ccedf659377fa92a26540b5247612077a0dbd29?s=96&d=mm&r=g","contentUrl":"https:\/\/secure.gravatar.com\/avatar\/096ec78df02049ab018702bb4ccedf659377fa92a26540b5247612077a0dbd29?s=96&d=mm&r=g","caption":"Prensa G&amp;S FM"},"sameAs":["https:\/\/gysfm.com.ar\/"],"url":"https:\/\/gysfm.com.ar\/inicio\/author\/lucasm\/"}]}},"_links":{"self":[{"href":"https:\/\/gysfm.com.ar\/inicio\/wp-json\/wp\/v2\/posts\/193255","targetHints":{"allow":["GET"]}}],"collection":[{"href":"https:\/\/gysfm.com.ar\/inicio\/wp-json\/wp\/v2\/posts"}],"about":[{"href":"https:\/\/gysfm.com.ar\/inicio\/wp-json\/wp\/v2\/types\/post"}],"author":[{"embeddable":true,"href":"https:\/\/gysfm.com.ar\/inicio\/wp-json\/wp\/v2\/users\/2"}],"replies":[{"embeddable":true,"href":"https:\/\/gysfm.com.ar\/inicio\/wp-json\/wp\/v2\/comments?post=193255"}],"version-history":[{"count":0,"href":"https:\/\/gysfm.com.ar\/inicio\/wp-json\/wp\/v2\/posts\/193255\/revisions"}],"wp:featuredmedia":[{"embeddable":true,"href":"https:\/\/gysfm.com.ar\/inicio\/wp-json\/wp\/v2\/media\/193256"}],"wp:attachment":[{"href":"https:\/\/gysfm.com.ar\/inicio\/wp-json\/wp\/v2\/media?parent=193255"}],"wp:term":[{"taxonomy":"category","embeddable":true,"href":"https:\/\/gysfm.com.ar\/inicio\/wp-json\/wp\/v2\/categories?post=193255"},{"taxonomy":"post_tag","embeddable":true,"href":"https:\/\/gysfm.com.ar\/inicio\/wp-json\/wp\/v2\/tags?post=193255"}],"curies":[{"name":"wp","href":"https:\/\/api.w.org\/{rel}","templated":true}]}}