{"id":193252,"date":"2026-04-27T08:22:05","date_gmt":"2026-04-27T11:22:05","guid":{"rendered":"https:\/\/gysfm.com.ar\/inicio\/trump-confirmo-que-el-agresor-fue-detenido-tras-el-tiroteo-una-persona-enferma\/"},"modified":"2026-04-27T08:22:06","modified_gmt":"2026-04-27T11:22:06","slug":"trump-confirmo-que-el-agresor-fue-detenido-tras-el-tiroteo-una-persona-enferma","status":"publish","type":"post","link":"https:\/\/gysfm.com.ar\/inicio\/trump-confirmo-que-el-agresor-fue-detenido-tras-el-tiroteo-una-persona-enferma\/","title":{"rendered":"Trump confirm\u00f3 que el agresor fue detenido tras el tiroteo: \u201cUna persona enferma\u201d"},"content":{"rendered":"<p> <br \/>\n<\/p>\n<div>\n<p class=\"com-paragraph  --capital --s\">El presidente de <a href=\"https:\/\/www.lanacion.com.ar\/estados-unidos\/evacuaron-a-trump-de-la-casa-blanca-por-una-amenaza-durante-una-cena-con-periodistas-nid25042026\/\" target=\"_self\" title=\"https:\/\/www.lanacion.com.ar\/estados-unidos\/evacuaron-a-trump-de-la-casa-blanca-por-una-amenaza-durante-una-cena-con-periodistas-nid25042026\/\" class=\"com-link break-word\" data-mrf-recirculation=\"n_link_parrafo\">Estados Unidos<\/a>, <a href=\"https:\/\/www.lanacion.com.ar\/el-mundo\/los-videos-del-momento-de-la-evacuacion-a-donald-trump-nid25042026\/\" target=\"_self\" title=\"https:\/\/www.lanacion.com.ar\/el-mundo\/los-videos-del-momento-de-la-evacuacion-a-donald-trump-nid25042026\/\" class=\"com-link break-word\" data-mrf-recirculation=\"n_link_parrafo\"><strong>Donald Trump<\/strong><\/a>, encabez\u00f3 este s\u00e1bado por la noche una conferencia de prensa despu\u00e9s de haber tenido que ser evacuado de la cena anual de corresponsales de la Casa Blanca tras escucharse disparos. El mandatario valor\u00f3 la actuaci\u00f3n de las fuerzas de seguridad y habl\u00f3 sobre la detenci\u00f3n del sospechoso. <strong>\u201cTodo est\u00e1 bajo control\u201d<\/strong>, asegur\u00f3.<\/p>\n<p class=\"com-paragraph   --s\">\u201cUn hombre embisti\u00f3 un puesto de control de seguridad armado con m\u00faltiples armas y fue reducido por algunos miembros muy valientes del Servicio Secreto\u201d, relat\u00f3 Trump. <\/p>\n<p class=\"com-paragraph   --s\">El sospechoso fue <strong>detenido<\/strong>, seg\u00fan confirm\u00f3 el propio Trump, quien luego difundi\u00f3 una imagen del agresor en sus redes sociales. Las autoridades identificaron al <strong>hombre bajo custodia como Cole Tomas Allen, de 31 a\u00f1os, residente de Torrance, California<\/strong>. \u201cEs una persona enferma\u201d, dijo luego el mandatario y a\u00f1adi\u00f3: \u201cCreen que era un <strong>lobo solitario<\/strong>\u201d.<\/p>\n<p class=\"com-paragraph   --s\"><strong>\u201cNo es la primera vez en los \u00faltimos a\u00f1os que nuestra rep\u00fablica ha sido atacada por un aspirante a asesino que buscaba matar\u201d<\/strong>, afirm\u00f3.<\/p>\n<div class=\"content-media\">\n<section role=\"button\" class=\"mod-media   \">\n<figure role=\"button\" tabindex=\"0\" class=\"mod-figure \"><figcaption class=\"mod-figcaption\"><span class=\"com-text --caption --twoxs\">El presidente estadounidense, Donald Trump, protagoniz\u00f3 una rueda de prensa en la Sala de Prensa Brady de la Casa Blanca (Foto de Mandel NGAN \/ AFP)<br \/>\n<\/span><span class=\"com-text --credit --twoxs\">MANDEL NGAN &#8211; AFP<\/span><\/figcaption><\/figure>\n<\/section>\n<\/div>\n<p class=\"com-paragraph   --s\">Tambi\u00e9n indic\u00f3 que<strong> un agente \u201crecibi\u00f3 un disparo, pero se salv\u00f3\u201d <\/strong>y a agreg\u00f3, en el marco de la conferencia de prensa, que se pudo salvar porque llevaba puesto su chaleco antibalas. \u201cLe dispararon desde muy cerca, con un arma muy potente y el chaleco hizo su trabajo. Acabo de hablar con \u00e9l y est\u00e1 muy bien\u201d.<\/p>\n<p class=\"com-paragraph   --s\">El presidente de EE.UU. explic\u00f3 que por situaciones como la sucedida este s\u00e1bado por la noche es que est\u00e1n planeando hacer una nueva sala en la Casa Blanca, \u201cmucho m\u00e1s segura, <strong>a prueba de drones y con vidrio a prueba de balas\u201d<\/strong>, detall\u00f3. <strong>\u201cHoy necesitamos niveles de seguridad que probablemente nadie haya visto antes\u201d<\/strong>, sostuvo. <\/p>\n<div class=\"content-media\">\n<section role=\"button\" class=\"mod-media   \">\n<figure role=\"button\" tabindex=\"0\" class=\"mod-figure \"><figcaption class=\"mod-figcaption\"><span class=\"com-text --caption --twoxs\">Kash Patel, director del FBI, tambi\u00e9n tom\u00f3 la palabra en la conferencia de prensa brindada en la Casa Blanca<\/span><\/figcaption><\/figure>\n<\/section>\n<\/div>\n<p class=\"com-paragraph   --s\">Tambi\u00e9n tom\u00f3 el micr\u00f3fono el <strong>director del FBI, Kash Patel<\/strong>, quien dijo que se examinar\u00e1 de manera exhaustiva el historial de la persona detenida. \u201cEse proceso ya ha comenzado. <strong>Analizaremos todas las pruebas de inmediato para asegurarnos de proteger este pa\u00eds\u201d<\/strong>, asegur\u00f3.<\/p>\n<p class=\"com-paragraph   --s\">Por su parte, <strong>Todd Blanche<\/strong>, fiscal general adjunto interino de Estados Unidos fue consultado sobre los cargos por los que ser\u00e1 acusado el sospechoso. <strong>\u201cDeber\u00edan ser evidentes por s\u00ed mismos, dada la conducta<\/strong>. Como oir\u00e1n, habr\u00e1 m\u00faltiples cargos relacionados con el tiroteo en torno a la posesi\u00f3n de armas de fuego y cualquier otra cosa que podamos imputar a este tipo\u201d, marc\u00f3.<\/p>\n<p class=\"com-paragraph   --s\">El mandatario comparti\u00f3 un mensaje despu\u00e9s de ser evacuado mediante su cuenta de Truth Social. Inform\u00f3 que <strong>el agresor fue detenido <\/strong>y pidi\u00f3 que el evento continuara con normalidad.<\/p>\n<p class=\"com-paragraph   --s\">\u201cUna noche memorable en Washington. El Servicio Secreto y las fuerzas del orden hicieron un trabajo fant\u00e1stico. Actuaron con rapidez y valent\u00eda. <strong>El tirador fue detenido y he recomendado que \u2018el espect\u00e1culo contin\u00fae\u2019<\/strong>, pero seguiremos las indicaciones de las fuerzas del orden. Tomar\u00e1 una decisi\u00f3n breve\u201d, expres\u00f3 el jefe de la Casa Blanca.<\/p>\n<p class=\"com-paragraph   --s\">Adem\u00e1s sigui\u00f3: \u201cIndependientemente de la decisi\u00f3n, la noche ser\u00e1 muy diferente a lo planeado y, sencillamente, tendremos que repetirla\u201d.<\/p>\n<div class=\"content-media\">\n<section role=\"button\" class=\"mod-media   \">\n<figure role=\"button\" tabindex=\"0\" class=\"mod-figure \"><figcaption class=\"mod-figcaption\"><span class=\"com-text --caption --twoxs\">Trump confirm\u00f3 que el tirador fue detenido y habl\u00f3 del ataque<\/span><\/figcaption><\/figure>\n<\/section>\n<\/div>\n<p class=\"com-paragraph   --s\">Minutos m\u00e1s tarde, Trump public\u00f3 otro mensaje en la red social, donde confirm\u00f3 que los agentes le solicitaron que abandone la cena para seguir el protocolo y anticip\u00f3 que dar\u00e1 una conferencia de prensa desde la Casa Blanca. \u201cLa primera dama, el vicepresidente y todos los miembros del Gabinete se encuentran en perfecto estado de salud. He hablado con todos los representantes encargados del evento y lo reprogramaremos en un plazo de 30 d\u00edas\u201d, se\u00f1al\u00f3.<\/p>\n<section class=\"container-center-100 mb-40 border border-bottom border-thin border-neutral-light-700\">\n<hr\/>\n<\/section>\n<\/div>\n<p><script id=\"facebookpixel\" defer=\"\" type=\"text\/javascript\">\n        !function(f,b,e,v,n,t,s)\n        {if(f.fbq)return;n=f.fbq=function(){n.callMethod?\n        n.callMethod.apply(n,arguments):n.queue.push(arguments)};\n        if(!f._fbq)f._fbq=n;n.push=n;n.loaded=!0;n.version='2.0';\n        n.queue=[];t=b.createElement(e);t.async=!0;\n        t.src=v;s=b.getElementsByTagName(e)[0];\n        s.parentNode.insertBefore(t,s)}(window, document,'script',\n        'https:\/\/connect.facebook.net\/en_US\/fbevents.js');\n        fbq('init', '492459597522335');\n        fbq('track', 'PageView');\n    <\/script><br \/>\n<br \/><\/p>\n","protected":false},"excerpt":{"rendered":"<p>El presidente de Estados Unidos, Donald Trump, encabez\u00f3 este s\u00e1bado por la noche una conferencia de prensa despu\u00e9s de haber tenido que ser evacuado de la cena anual de corresponsales de la Casa Blanca tras escucharse disparos. El mandatario valor\u00f3 la actuaci\u00f3n de las fuerzas de seguridad y habl\u00f3 sobre la detenci\u00f3n del sospechoso. \u201cTodo [&hellip;]<\/p>\n","protected":false},"author":2,"featured_media":193253,"comment_status":"closed","ping_status":"closed","sticky":false,"template":"","format":"standard","meta":{"footnotes":""},"categories":[26],"tags":[],"class_list":["post-193252","post","type-post","status-publish","format-standard","has-post-thumbnail","hentry","category-internacionales"],"yoast_head":"<!-- This site is optimized with the Yoast SEO plugin v24.4 - https:\/\/yoast.com\/wordpress\/plugins\/seo\/ -->\n<title>Trump confirm\u00f3 que el agresor fue detenido tras el tiroteo: \u201cUna persona enferma\u201d - GYS NOTICIAS |<\/title>\n<meta name=\"robots\" content=\"index, follow, max-snippet:-1, max-image-preview:large, max-video-preview:-1\" \/>\n<link rel=\"canonical\" href=\"https:\/\/gysfm.com.ar\/inicio\/trump-confirmo-que-el-agresor-fue-detenido-tras-el-tiroteo-una-persona-enferma\/\" \/>\n<meta property=\"og:locale\" content=\"es_ES\" \/>\n<meta property=\"og:type\" content=\"article\" \/>\n<meta property=\"og:title\" content=\"Trump confirm\u00f3 que el agresor fue detenido tras el tiroteo: \u201cUna persona enferma\u201d - GYS NOTICIAS |\" \/>\n<meta property=\"og:description\" content=\"El presidente de Estados Unidos, Donald Trump, encabez\u00f3 este s\u00e1bado por la noche una conferencia de prensa despu\u00e9s de haber tenido que ser evacuado de la cena anual de corresponsales de la Casa Blanca tras escucharse disparos. El mandatario valor\u00f3 la actuaci\u00f3n de las fuerzas de seguridad y habl\u00f3 sobre la detenci\u00f3n del sospechoso. \u201cTodo [&hellip;]\" \/>\n<meta property=\"og:url\" content=\"https:\/\/gysfm.com.ar\/inicio\/trump-confirmo-que-el-agresor-fue-detenido-tras-el-tiroteo-una-persona-enferma\/\" \/>\n<meta property=\"og:site_name\" content=\"GYS NOTICIAS |\" \/>\n<meta property=\"article:published_time\" content=\"2026-04-27T11:22:05+00:00\" \/>\n<meta property=\"article:modified_time\" content=\"2026-04-27T11:22:06+00:00\" \/>\n<meta property=\"og:image\" content=\"https:\/\/gysfm.com.ar\/inicio\/wp-content\/uploads\/2026\/04\/el-presidente-de-estados-unidos-donald-trump-62YH2EXK5RD4PAGOW7O6UIDCVI.jpg\" \/>\n\t<meta property=\"og:image:width\" content=\"1200\" \/>\n\t<meta property=\"og:image:height\" content=\"800\" \/>\n\t<meta property=\"og:image:type\" content=\"image\/jpeg\" \/>\n<meta name=\"author\" content=\"Prensa G&amp;S FM\" \/>\n<meta name=\"twitter:card\" content=\"summary_large_image\" \/>\n<meta name=\"twitter:label1\" content=\"Escrito por\" \/>\n\t<meta name=\"twitter:data1\" content=\"Prensa G&amp;S FM\" \/>\n\t<meta name=\"twitter:label2\" content=\"Tiempo de lectura\" \/>\n\t<meta name=\"twitter:data2\" content=\"3 minutos\" \/>\n<script type=\"application\/ld+json\" class=\"yoast-schema-graph\">{\"@context\":\"https:\/\/schema.org\",\"@graph\":[{\"@type\":\"Article\",\"@id\":\"https:\/\/gysfm.com.ar\/inicio\/trump-confirmo-que-el-agresor-fue-detenido-tras-el-tiroteo-una-persona-enferma\/#article\",\"isPartOf\":{\"@id\":\"https:\/\/gysfm.com.ar\/inicio\/trump-confirmo-que-el-agresor-fue-detenido-tras-el-tiroteo-una-persona-enferma\/\"},\"author\":{\"name\":\"Prensa G&amp;S FM\",\"@id\":\"https:\/\/gysfm.com.ar\/inicio\/#\/schema\/person\/3abba7593ef2ad19e1be221d54383dc5\"},\"headline\":\"Trump confirm\u00f3 que el agresor fue detenido tras el tiroteo: \u201cUna persona enferma\u201d\",\"datePublished\":\"2026-04-27T11:22:05+00:00\",\"dateModified\":\"2026-04-27T11:22:06+00:00\",\"mainEntityOfPage\":{\"@id\":\"https:\/\/gysfm.com.ar\/inicio\/trump-confirmo-que-el-agresor-fue-detenido-tras-el-tiroteo-una-persona-enferma\/\"},\"wordCount\":661,\"publisher\":{\"@id\":\"https:\/\/gysfm.com.ar\/inicio\/#organization\"},\"image\":{\"@id\":\"https:\/\/gysfm.com.ar\/inicio\/trump-confirmo-que-el-agresor-fue-detenido-tras-el-tiroteo-una-persona-enferma\/#primaryimage\"},\"thumbnailUrl\":\"https:\/\/gysfm.com.ar\/inicio\/wp-content\/uploads\/2026\/04\/el-presidente-de-estados-unidos-donald-trump-62YH2EXK5RD4PAGOW7O6UIDCVI.jpg\",\"articleSection\":[\"INTERNACIONALES\"],\"inLanguage\":\"es\"},{\"@type\":\"WebPage\",\"@id\":\"https:\/\/gysfm.com.ar\/inicio\/trump-confirmo-que-el-agresor-fue-detenido-tras-el-tiroteo-una-persona-enferma\/\",\"url\":\"https:\/\/gysfm.com.ar\/inicio\/trump-confirmo-que-el-agresor-fue-detenido-tras-el-tiroteo-una-persona-enferma\/\",\"name\":\"Trump confirm\u00f3 que el agresor fue detenido tras el tiroteo: \u201cUna persona enferma\u201d - GYS NOTICIAS |\",\"isPartOf\":{\"@id\":\"https:\/\/gysfm.com.ar\/inicio\/#website\"},\"primaryImageOfPage\":{\"@id\":\"https:\/\/gysfm.com.ar\/inicio\/trump-confirmo-que-el-agresor-fue-detenido-tras-el-tiroteo-una-persona-enferma\/#primaryimage\"},\"image\":{\"@id\":\"https:\/\/gysfm.com.ar\/inicio\/trump-confirmo-que-el-agresor-fue-detenido-tras-el-tiroteo-una-persona-enferma\/#primaryimage\"},\"thumbnailUrl\":\"https:\/\/gysfm.com.ar\/inicio\/wp-content\/uploads\/2026\/04\/el-presidente-de-estados-unidos-donald-trump-62YH2EXK5RD4PAGOW7O6UIDCVI.jpg\",\"datePublished\":\"2026-04-27T11:22:05+00:00\",\"dateModified\":\"2026-04-27T11:22:06+00:00\",\"breadcrumb\":{\"@id\":\"https:\/\/gysfm.com.ar\/inicio\/trump-confirmo-que-el-agresor-fue-detenido-tras-el-tiroteo-una-persona-enferma\/#breadcrumb\"},\"inLanguage\":\"es\",\"potentialAction\":[{\"@type\":\"ReadAction\",\"target\":[\"https:\/\/gysfm.com.ar\/inicio\/trump-confirmo-que-el-agresor-fue-detenido-tras-el-tiroteo-una-persona-enferma\/\"]}]},{\"@type\":\"ImageObject\",\"inLanguage\":\"es\",\"@id\":\"https:\/\/gysfm.com.ar\/inicio\/trump-confirmo-que-el-agresor-fue-detenido-tras-el-tiroteo-una-persona-enferma\/#primaryimage\",\"url\":\"https:\/\/gysfm.com.ar\/inicio\/wp-content\/uploads\/2026\/04\/el-presidente-de-estados-unidos-donald-trump-62YH2EXK5RD4PAGOW7O6UIDCVI.jpg\",\"contentUrl\":\"https:\/\/gysfm.com.ar\/inicio\/wp-content\/uploads\/2026\/04\/el-presidente-de-estados-unidos-donald-trump-62YH2EXK5RD4PAGOW7O6UIDCVI.jpg\",\"width\":1200,\"height\":800},{\"@type\":\"BreadcrumbList\",\"@id\":\"https:\/\/gysfm.com.ar\/inicio\/trump-confirmo-que-el-agresor-fue-detenido-tras-el-tiroteo-una-persona-enferma\/#breadcrumb\",\"itemListElement\":[{\"@type\":\"ListItem\",\"position\":1,\"name\":\"Portada\",\"item\":\"https:\/\/gysfm.com.ar\/inicio\/\"},{\"@type\":\"ListItem\",\"position\":2,\"name\":\"Trump confirm\u00f3 que el agresor fue detenido tras el tiroteo: \u201cUna persona enferma\u201d\"}]},{\"@type\":\"WebSite\",\"@id\":\"https:\/\/gysfm.com.ar\/inicio\/#website\",\"url\":\"https:\/\/gysfm.com.ar\/inicio\/\",\"name\":\"GYS NOTICIAS |\",\"description\":\"DIARIO - RADIO ONLINE SAN JUAN ARGENTINA\",\"publisher\":{\"@id\":\"https:\/\/gysfm.com.ar\/inicio\/#organization\"},\"potentialAction\":[{\"@type\":\"SearchAction\",\"target\":{\"@type\":\"EntryPoint\",\"urlTemplate\":\"https:\/\/gysfm.com.ar\/inicio\/?s={search_term_string}\"},\"query-input\":{\"@type\":\"PropertyValueSpecification\",\"valueRequired\":true,\"valueName\":\"search_term_string\"}}],\"inLanguage\":\"es\"},{\"@type\":\"Organization\",\"@id\":\"https:\/\/gysfm.com.ar\/inicio\/#organization\",\"name\":\"GYS NOTICIAS |\",\"url\":\"https:\/\/gysfm.com.ar\/inicio\/\",\"logo\":{\"@type\":\"ImageObject\",\"inLanguage\":\"es\",\"@id\":\"https:\/\/gysfm.com.ar\/inicio\/#\/schema\/logo\/image\/\",\"url\":\"https:\/\/gysfm.com.ar\/inicio\/wp-content\/uploads\/2023\/07\/LOGOGYS-OK.png\",\"contentUrl\":\"https:\/\/gysfm.com.ar\/inicio\/wp-content\/uploads\/2023\/07\/LOGOGYS-OK.png\",\"width\":1170,\"height\":872,\"caption\":\"GYS NOTICIAS |\"},\"image\":{\"@id\":\"https:\/\/gysfm.com.ar\/inicio\/#\/schema\/logo\/image\/\"}},{\"@type\":\"Person\",\"@id\":\"https:\/\/gysfm.com.ar\/inicio\/#\/schema\/person\/3abba7593ef2ad19e1be221d54383dc5\",\"name\":\"Prensa G&amp;S FM\",\"image\":{\"@type\":\"ImageObject\",\"inLanguage\":\"es\",\"@id\":\"https:\/\/gysfm.com.ar\/inicio\/#\/schema\/person\/image\/\",\"url\":\"https:\/\/secure.gravatar.com\/avatar\/096ec78df02049ab018702bb4ccedf659377fa92a26540b5247612077a0dbd29?s=96&d=mm&r=g\",\"contentUrl\":\"https:\/\/secure.gravatar.com\/avatar\/096ec78df02049ab018702bb4ccedf659377fa92a26540b5247612077a0dbd29?s=96&d=mm&r=g\",\"caption\":\"Prensa G&amp;S FM\"},\"sameAs\":[\"https:\/\/gysfm.com.ar\/\"],\"url\":\"https:\/\/gysfm.com.ar\/inicio\/author\/lucasm\/\"}]}<\/script>\n<!-- \/ Yoast SEO plugin. -->","yoast_head_json":{"title":"Trump confirm\u00f3 que el agresor fue detenido tras el tiroteo: \u201cUna persona enferma\u201d - GYS NOTICIAS |","robots":{"index":"index","follow":"follow","max-snippet":"max-snippet:-1","max-image-preview":"max-image-preview:large","max-video-preview":"max-video-preview:-1"},"canonical":"https:\/\/gysfm.com.ar\/inicio\/trump-confirmo-que-el-agresor-fue-detenido-tras-el-tiroteo-una-persona-enferma\/","og_locale":"es_ES","og_type":"article","og_title":"Trump confirm\u00f3 que el agresor fue detenido tras el tiroteo: \u201cUna persona enferma\u201d - GYS NOTICIAS |","og_description":"El presidente de Estados Unidos, Donald Trump, encabez\u00f3 este s\u00e1bado por la noche una conferencia de prensa despu\u00e9s de haber tenido que ser evacuado de la cena anual de corresponsales de la Casa Blanca tras escucharse disparos. El mandatario valor\u00f3 la actuaci\u00f3n de las fuerzas de seguridad y habl\u00f3 sobre la detenci\u00f3n del sospechoso. \u201cTodo [&hellip;]","og_url":"https:\/\/gysfm.com.ar\/inicio\/trump-confirmo-que-el-agresor-fue-detenido-tras-el-tiroteo-una-persona-enferma\/","og_site_name":"GYS NOTICIAS |","article_published_time":"2026-04-27T11:22:05+00:00","article_modified_time":"2026-04-27T11:22:06+00:00","og_image":[{"width":1200,"height":800,"url":"https:\/\/gysfm.com.ar\/inicio\/wp-content\/uploads\/2026\/04\/el-presidente-de-estados-unidos-donald-trump-62YH2EXK5RD4PAGOW7O6UIDCVI.jpg","type":"image\/jpeg"}],"author":"Prensa G&amp;S FM","twitter_card":"summary_large_image","twitter_misc":{"Escrito por":"Prensa G&amp;S FM","Tiempo de lectura":"3 minutos"},"schema":{"@context":"https:\/\/schema.org","@graph":[{"@type":"Article","@id":"https:\/\/gysfm.com.ar\/inicio\/trump-confirmo-que-el-agresor-fue-detenido-tras-el-tiroteo-una-persona-enferma\/#article","isPartOf":{"@id":"https:\/\/gysfm.com.ar\/inicio\/trump-confirmo-que-el-agresor-fue-detenido-tras-el-tiroteo-una-persona-enferma\/"},"author":{"name":"Prensa G&amp;S FM","@id":"https:\/\/gysfm.com.ar\/inicio\/#\/schema\/person\/3abba7593ef2ad19e1be221d54383dc5"},"headline":"Trump confirm\u00f3 que el agresor fue detenido tras el tiroteo: \u201cUna persona enferma\u201d","datePublished":"2026-04-27T11:22:05+00:00","dateModified":"2026-04-27T11:22:06+00:00","mainEntityOfPage":{"@id":"https:\/\/gysfm.com.ar\/inicio\/trump-confirmo-que-el-agresor-fue-detenido-tras-el-tiroteo-una-persona-enferma\/"},"wordCount":661,"publisher":{"@id":"https:\/\/gysfm.com.ar\/inicio\/#organization"},"image":{"@id":"https:\/\/gysfm.com.ar\/inicio\/trump-confirmo-que-el-agresor-fue-detenido-tras-el-tiroteo-una-persona-enferma\/#primaryimage"},"thumbnailUrl":"https:\/\/gysfm.com.ar\/inicio\/wp-content\/uploads\/2026\/04\/el-presidente-de-estados-unidos-donald-trump-62YH2EXK5RD4PAGOW7O6UIDCVI.jpg","articleSection":["INTERNACIONALES"],"inLanguage":"es"},{"@type":"WebPage","@id":"https:\/\/gysfm.com.ar\/inicio\/trump-confirmo-que-el-agresor-fue-detenido-tras-el-tiroteo-una-persona-enferma\/","url":"https:\/\/gysfm.com.ar\/inicio\/trump-confirmo-que-el-agresor-fue-detenido-tras-el-tiroteo-una-persona-enferma\/","name":"Trump confirm\u00f3 que el agresor fue detenido tras el tiroteo: \u201cUna persona enferma\u201d - GYS NOTICIAS |","isPartOf":{"@id":"https:\/\/gysfm.com.ar\/inicio\/#website"},"primaryImageOfPage":{"@id":"https:\/\/gysfm.com.ar\/inicio\/trump-confirmo-que-el-agresor-fue-detenido-tras-el-tiroteo-una-persona-enferma\/#primaryimage"},"image":{"@id":"https:\/\/gysfm.com.ar\/inicio\/trump-confirmo-que-el-agresor-fue-detenido-tras-el-tiroteo-una-persona-enferma\/#primaryimage"},"thumbnailUrl":"https:\/\/gysfm.com.ar\/inicio\/wp-content\/uploads\/2026\/04\/el-presidente-de-estados-unidos-donald-trump-62YH2EXK5RD4PAGOW7O6UIDCVI.jpg","datePublished":"2026-04-27T11:22:05+00:00","dateModified":"2026-04-27T11:22:06+00:00","breadcrumb":{"@id":"https:\/\/gysfm.com.ar\/inicio\/trump-confirmo-que-el-agresor-fue-detenido-tras-el-tiroteo-una-persona-enferma\/#breadcrumb"},"inLanguage":"es","potentialAction":[{"@type":"ReadAction","target":["https:\/\/gysfm.com.ar\/inicio\/trump-confirmo-que-el-agresor-fue-detenido-tras-el-tiroteo-una-persona-enferma\/"]}]},{"@type":"ImageObject","inLanguage":"es","@id":"https:\/\/gysfm.com.ar\/inicio\/trump-confirmo-que-el-agresor-fue-detenido-tras-el-tiroteo-una-persona-enferma\/#primaryimage","url":"https:\/\/gysfm.com.ar\/inicio\/wp-content\/uploads\/2026\/04\/el-presidente-de-estados-unidos-donald-trump-62YH2EXK5RD4PAGOW7O6UIDCVI.jpg","contentUrl":"https:\/\/gysfm.com.ar\/inicio\/wp-content\/uploads\/2026\/04\/el-presidente-de-estados-unidos-donald-trump-62YH2EXK5RD4PAGOW7O6UIDCVI.jpg","width":1200,"height":800},{"@type":"BreadcrumbList","@id":"https:\/\/gysfm.com.ar\/inicio\/trump-confirmo-que-el-agresor-fue-detenido-tras-el-tiroteo-una-persona-enferma\/#breadcrumb","itemListElement":[{"@type":"ListItem","position":1,"name":"Portada","item":"https:\/\/gysfm.com.ar\/inicio\/"},{"@type":"ListItem","position":2,"name":"Trump confirm\u00f3 que el agresor fue detenido tras el tiroteo: \u201cUna persona enferma\u201d"}]},{"@type":"WebSite","@id":"https:\/\/gysfm.com.ar\/inicio\/#website","url":"https:\/\/gysfm.com.ar\/inicio\/","name":"GYS NOTICIAS |","description":"DIARIO - RADIO ONLINE SAN JUAN ARGENTINA","publisher":{"@id":"https:\/\/gysfm.com.ar\/inicio\/#organization"},"potentialAction":[{"@type":"SearchAction","target":{"@type":"EntryPoint","urlTemplate":"https:\/\/gysfm.com.ar\/inicio\/?s={search_term_string}"},"query-input":{"@type":"PropertyValueSpecification","valueRequired":true,"valueName":"search_term_string"}}],"inLanguage":"es"},{"@type":"Organization","@id":"https:\/\/gysfm.com.ar\/inicio\/#organization","name":"GYS NOTICIAS |","url":"https:\/\/gysfm.com.ar\/inicio\/","logo":{"@type":"ImageObject","inLanguage":"es","@id":"https:\/\/gysfm.com.ar\/inicio\/#\/schema\/logo\/image\/","url":"https:\/\/gysfm.com.ar\/inicio\/wp-content\/uploads\/2023\/07\/LOGOGYS-OK.png","contentUrl":"https:\/\/gysfm.com.ar\/inicio\/wp-content\/uploads\/2023\/07\/LOGOGYS-OK.png","width":1170,"height":872,"caption":"GYS NOTICIAS |"},"image":{"@id":"https:\/\/gysfm.com.ar\/inicio\/#\/schema\/logo\/image\/"}},{"@type":"Person","@id":"https:\/\/gysfm.com.ar\/inicio\/#\/schema\/person\/3abba7593ef2ad19e1be221d54383dc5","name":"Prensa G&amp;S FM","image":{"@type":"ImageObject","inLanguage":"es","@id":"https:\/\/gysfm.com.ar\/inicio\/#\/schema\/person\/image\/","url":"https:\/\/secure.gravatar.com\/avatar\/096ec78df02049ab018702bb4ccedf659377fa92a26540b5247612077a0dbd29?s=96&d=mm&r=g","contentUrl":"https:\/\/secure.gravatar.com\/avatar\/096ec78df02049ab018702bb4ccedf659377fa92a26540b5247612077a0dbd29?s=96&d=mm&r=g","caption":"Prensa G&amp;S FM"},"sameAs":["https:\/\/gysfm.com.ar\/"],"url":"https:\/\/gysfm.com.ar\/inicio\/author\/lucasm\/"}]}},"_links":{"self":[{"href":"https:\/\/gysfm.com.ar\/inicio\/wp-json\/wp\/v2\/posts\/193252","targetHints":{"allow":["GET"]}}],"collection":[{"href":"https:\/\/gysfm.com.ar\/inicio\/wp-json\/wp\/v2\/posts"}],"about":[{"href":"https:\/\/gysfm.com.ar\/inicio\/wp-json\/wp\/v2\/types\/post"}],"author":[{"embeddable":true,"href":"https:\/\/gysfm.com.ar\/inicio\/wp-json\/wp\/v2\/users\/2"}],"replies":[{"embeddable":true,"href":"https:\/\/gysfm.com.ar\/inicio\/wp-json\/wp\/v2\/comments?post=193252"}],"version-history":[{"count":1,"href":"https:\/\/gysfm.com.ar\/inicio\/wp-json\/wp\/v2\/posts\/193252\/revisions"}],"predecessor-version":[{"id":193254,"href":"https:\/\/gysfm.com.ar\/inicio\/wp-json\/wp\/v2\/posts\/193252\/revisions\/193254"}],"wp:featuredmedia":[{"embeddable":true,"href":"https:\/\/gysfm.com.ar\/inicio\/wp-json\/wp\/v2\/media\/193253"}],"wp:attachment":[{"href":"https:\/\/gysfm.com.ar\/inicio\/wp-json\/wp\/v2\/media?parent=193252"}],"wp:term":[{"taxonomy":"category","embeddable":true,"href":"https:\/\/gysfm.com.ar\/inicio\/wp-json\/wp\/v2\/categories?post=193252"},{"taxonomy":"post_tag","embeddable":true,"href":"https:\/\/gysfm.com.ar\/inicio\/wp-json\/wp\/v2\/tags?post=193252"}],"curies":[{"name":"wp","href":"https:\/\/api.w.org\/{rel}","templated":true}]}}