{"id":193250,"date":"2026-04-27T08:15:53","date_gmt":"2026-04-27T11:15:53","guid":{"rendered":"https:\/\/gysfm.com.ar\/inicio\/como-estara-el-clima-hoy-lunes-27-de-abril-en-ciudad-de-buenos-aires\/"},"modified":"2026-04-27T08:15:53","modified_gmt":"2026-04-27T11:15:53","slug":"como-estara-el-clima-hoy-lunes-27-de-abril-en-ciudad-de-buenos-aires","status":"publish","type":"post","link":"https:\/\/gysfm.com.ar\/inicio\/como-estara-el-clima-hoy-lunes-27-de-abril-en-ciudad-de-buenos-aires\/","title":{"rendered":"C\u00f3mo estar\u00e1 el clima hoy lunes 27 de abril en Ciudad de Buenos Aires"},"content":{"rendered":"<p><\/p>\n<div id=\"article-content\">\n<p>Este <strong>lunes<\/strong>, la <strong>Ciudad de Buenos Aires y el AMBA <\/strong>experimentar\u00e1n condiciones meteorol\u00f3gicas inestables con <strong>vientos fuertes del sector sudoeste<\/strong>. El Servicio Meteorol\u00f3gico Nacional mantiene <strong>alertas <\/strong>vigentes por vientos que impactar\u00e1n en la rutina diaria. La temperatura m\u00e1xima alcanzar\u00e1 los 16\u00b0C, exigiendo el uso de abrigo durante toda la jornada ante el descenso t\u00e9rmico previsto.<\/p>\n<h2>Pron\u00f3stico en Ciudad de Buenos Aires y el Conurbano bonaerense para hoy 27 de abril<\/h2>\n<p>La Ciudad de Buenos Aires presentar\u00e1 una <strong>jornada ventosa<\/strong>, con r\u00e1fagas que alcanzar\u00e1n los 31 km\/h. La temperatura m\u00ednima ser\u00e1 de 8\u00b0C y la m\u00e1xima llegar\u00e1 a los <strong>16\u00b0C.<\/strong> El <strong>cielo se mantendr\u00e1 mayormente despejado<\/strong> pero con una sensaci\u00f3n t\u00e9rmica que ser\u00e1 inferior debido a la intensidad del viento. La humedad promedio rondar\u00e1 el 61%, sin probabilidades de precipitaciones para la jornada.<\/p>\n<div style=\"text-align:center\">\n<figure class=\"image\" style=\"display:inline-block\"><picture><source media=\"(max-width: 440px)\" srcset=\"https:\/\/fotos.perfil.com\/\/2026\/04\/27\/440\/0\/pronostico-buenos-aires-lunes-27-de-abril-2228222.jpg?webp\"\/><source media=\"(max-width: 1019px)\" srcset=\"https:\/\/fotos.perfil.com\/\/2026\/04\/27\/712\/0\/pronostico-buenos-aires-lunes-27-de-abril-2228222.jpg?webp\"\/><img decoding=\"async\" style=\"max-width: 100%; width: 100%;\" alt=\"Pron\u00f3stico Buenos Aires lunes 27 de abril\" src=\"https:\/\/fotos.perfil.com\/\/2026\/04\/27\/900\/0\/pronostico-buenos-aires-lunes-27-de-abril-2228222.jpg?webp\" loading=\"lazy\"\/><\/picture><figcaption>Clima lunes 27 de abril<\/figcaption><\/figure>\n<\/p><\/div>\n<p>En el Conurbano bonaerense, el panorama meteorol\u00f3gico se presentar\u00e1 con mayor rigor debido a las <strong>alertas por vientos que afectan a zonas costeras <\/strong>y \u00e1reas del centro y sur de la provincia. Los residentes deber\u00e1n tomar precauciones ante el viento constante. La amplitud t\u00e9rmica ser\u00e1 similar a la de Capital, aunque las zonas m\u00e1s expuestas sentir\u00e1n con mayor fuerza el descenso de la temperatura.<\/p>\n<div class=\"subscription\">\n<p>\n        Esto no les gusta a los autoritarios\n    <\/p>\n<div class=\"subscription__container\">\n<div class=\"subscription__text-wrapper\">\n<p>\n                El ejercicio del periodismo profesional y cr\u00edtico es un pilar fundamental de la democracia. Por eso molesta a quienes creen ser los due\u00f1os de la verdad.\n            <\/p>\n<\/p><\/div><\/div>\n<\/div>\n<h2>Alertas y clima en el resto de Argentina<\/h2>\n<p>El Servicio Meteorol\u00f3gico Nacional emiti\u00f3 una<strong> alerta naranja por vientos fuertes <\/strong>que afectar\u00e1n la <strong>costa este <\/strong>de la provincia de Buenos Aires, desde General Lavalle hasta General Alvarado. En estos sectores, las r\u00e1fagas podr\u00e1n superar los 100 km\/h, representando un riesgo significativo. Se recomienda evitar actividades al aire libre y asegurar objetos que puedan desplazarse por el viento.<\/p>\n<p class=\"destacadoNota\"><a target=\"_blank\" href=\"https:\/\/www.perfil.com\/noticias\/sociedad\/se-viene-un-nuevo-fin-de-semana-largo-cuantos-feriados-quedan-en-argentina-y-cuando-seran-las-proximas-escapadas.phtml\">Se viene un nuevo fin de semana largo: cu\u00e1ntos feriados quedan en Argentina y cu\u00e1ndo ser\u00e1n las pr\u00f3ximas escapadas<\/a><\/p>\n<p>Otras provincias como<strong> Santa Fe, Entre R\u00edos, La Pampa, C\u00f3rdoba, San Luis, Mendoza, R\u00edo Negro y Chubut <\/strong>tambi\u00e9n se encontrar\u00e1n bajo <strong>alerta amarilla por vientos intensos<\/strong> del sector oeste y sudoeste. En el <strong>sur <\/strong>del pa\u00eds, adem\u00e1s, se anticipan <strong>lluvias <\/strong>de variada intensidad. Las autoridades sugieren mantenerse informados y seguir las recomendaciones oficiales para prevenir inconvenientes ante estos fen\u00f3menos meteorol\u00f3gicos.<\/p>\n<h2>Pron\u00f3stico extendido<\/h2>\n<p>Para los pr\u00f3ximos d\u00edas, la masa de aire fr\u00edo dominar\u00e1 las condiciones meteorol\u00f3gicas en la regi\u00f3n central del pa\u00eds. El<strong> martes y mi\u00e9rcoles mantendr\u00e1n temperaturas frescas<\/strong>, con m\u00ednimas que se ubicar\u00e1n cerca de los 7\u00b0C y m\u00e1ximas que no superar\u00e1n los 17\u00b0C, consolidando un ambiente oto\u00f1al marcado. No se anticipan, por el momento, grandes ingresos de humedad ni precipitaciones relevantes para el \u00e1rea metropolitana.<\/p>\n<p>Hacia el<strong> final de la semana<\/strong>, se observar\u00e1 una rotaci\u00f3n de los vientos hacia el sector norte, lo que favorecer\u00e1 un <strong>gradual ascenso de la temperatura<\/strong>. Este cambio permitir\u00e1 que las ma\u00f1anas sean menos g\u00e9lidas y las tardes m\u00e1s agradables. La estabilidad atmosf\u00e9rica se mantendr\u00e1 predominante, ofreciendo jornadas con mayor presencia de sol y condiciones propicias para las actividades habituales al aire libre.<\/p>\n<\/p><\/div>\n<p><script>\n                !function(f,b,e,v,n,t,s)\n                {if(f.fbq)return;n=f.fbq=function(){n.callMethod?\n                    n.callMethod.apply(n,arguments):n.queue.push(arguments)};\n                    if(!f._fbq)f._fbq=n;n.push=n;n.loaded=!0;n.version='2.0';\n                    n.queue=[];t=b.createElement(e);t.async=!0;\n                    t.src=v;s=b.getElementsByTagName(e)[0];\n                    s.parentNode.insertBefore(t,s)}(window, document,'script',\n                    'https:\/\/connect.facebook.net\/en_US\/fbevents.js');\n                window.paywallConfig.facebook_pixel=\"1000228364089342\"\n            <\/script><\/p>\n","protected":false},"excerpt":{"rendered":"<p>Este lunes, la Ciudad de Buenos Aires y el AMBA experimentar\u00e1n condiciones meteorol\u00f3gicas inestables con vientos fuertes del sector sudoeste. El Servicio Meteorol\u00f3gico Nacional mantiene alertas vigentes por vientos que impactar\u00e1n en la rutina diaria. La temperatura m\u00e1xima alcanzar\u00e1 los 16\u00b0C, exigiendo el uso de abrigo durante toda la jornada ante el descenso t\u00e9rmico previsto. [&hellip;]<\/p>\n","protected":false},"author":2,"featured_media":193251,"comment_status":"closed","ping_status":"closed","sticky":false,"template":"","format":"standard","meta":{"footnotes":""},"categories":[25],"tags":[],"class_list":["post-193250","post","type-post","status-publish","format-standard","has-post-thumbnail","hentry","category-nacionales"],"yoast_head":"<!-- This site is optimized with the Yoast SEO plugin v24.4 - https:\/\/yoast.com\/wordpress\/plugins\/seo\/ -->\n<title>C\u00f3mo estar\u00e1 el clima hoy lunes 27 de abril en Ciudad de Buenos Aires - GYS NOTICIAS |<\/title>\n<meta name=\"robots\" content=\"index, follow, max-snippet:-1, max-image-preview:large, max-video-preview:-1\" \/>\n<link rel=\"canonical\" href=\"https:\/\/gysfm.com.ar\/inicio\/como-estara-el-clima-hoy-lunes-27-de-abril-en-ciudad-de-buenos-aires\/\" \/>\n<meta property=\"og:locale\" content=\"es_ES\" \/>\n<meta property=\"og:type\" content=\"article\" \/>\n<meta property=\"og:title\" content=\"C\u00f3mo estar\u00e1 el clima hoy lunes 27 de abril en Ciudad de Buenos Aires - GYS NOTICIAS |\" \/>\n<meta property=\"og:description\" content=\"Este lunes, la Ciudad de Buenos Aires y el AMBA experimentar\u00e1n condiciones meteorol\u00f3gicas inestables con vientos fuertes del sector sudoeste. El Servicio Meteorol\u00f3gico Nacional mantiene alertas vigentes por vientos que impactar\u00e1n en la rutina diaria. La temperatura m\u00e1xima alcanzar\u00e1 los 16\u00b0C, exigiendo el uso de abrigo durante toda la jornada ante el descenso t\u00e9rmico previsto. [&hellip;]\" \/>\n<meta property=\"og:url\" content=\"https:\/\/gysfm.com.ar\/inicio\/como-estara-el-clima-hoy-lunes-27-de-abril-en-ciudad-de-buenos-aires\/\" \/>\n<meta property=\"og:site_name\" content=\"GYS NOTICIAS |\" \/>\n<meta property=\"article:published_time\" content=\"2026-04-27T11:15:53+00:00\" \/>\n<meta property=\"og:image\" content=\"https:\/\/fotos.perfil.com\/\/2026\/04\/27\/900\/0\/pronostico-buenos-aires-lunes-27-de-abril-2228222.jpg?webp\" \/>\n<meta name=\"author\" content=\"Prensa G&amp;S FM\" \/>\n<meta name=\"twitter:card\" content=\"summary_large_image\" \/>\n<meta name=\"twitter:label1\" content=\"Escrito por\" \/>\n\t<meta name=\"twitter:data1\" content=\"Prensa G&amp;S FM\" \/>\n\t<meta name=\"twitter:label2\" content=\"Tiempo de lectura\" \/>\n\t<meta name=\"twitter:data2\" content=\"3 minutos\" \/>\n<script type=\"application\/ld+json\" class=\"yoast-schema-graph\">{\"@context\":\"https:\/\/schema.org\",\"@graph\":[{\"@type\":\"Article\",\"@id\":\"https:\/\/gysfm.com.ar\/inicio\/como-estara-el-clima-hoy-lunes-27-de-abril-en-ciudad-de-buenos-aires\/#article\",\"isPartOf\":{\"@id\":\"https:\/\/gysfm.com.ar\/inicio\/como-estara-el-clima-hoy-lunes-27-de-abril-en-ciudad-de-buenos-aires\/\"},\"author\":{\"name\":\"Prensa G&amp;S FM\",\"@id\":\"https:\/\/gysfm.com.ar\/inicio\/#\/schema\/person\/3abba7593ef2ad19e1be221d54383dc5\"},\"headline\":\"C\u00f3mo estar\u00e1 el clima hoy lunes 27 de abril en Ciudad de Buenos Aires\",\"datePublished\":\"2026-04-27T11:15:53+00:00\",\"mainEntityOfPage\":{\"@id\":\"https:\/\/gysfm.com.ar\/inicio\/como-estara-el-clima-hoy-lunes-27-de-abril-en-ciudad-de-buenos-aires\/\"},\"wordCount\":575,\"publisher\":{\"@id\":\"https:\/\/gysfm.com.ar\/inicio\/#organization\"},\"image\":{\"@id\":\"https:\/\/gysfm.com.ar\/inicio\/como-estara-el-clima-hoy-lunes-27-de-abril-en-ciudad-de-buenos-aires\/#primaryimage\"},\"thumbnailUrl\":\"https:\/\/gysfm.com.ar\/inicio\/wp-content\/uploads\/2026\/04\/clima-buenos-aires-20250922-2104118.jpg\",\"articleSection\":[\"NACIONALES\"],\"inLanguage\":\"es\"},{\"@type\":\"WebPage\",\"@id\":\"https:\/\/gysfm.com.ar\/inicio\/como-estara-el-clima-hoy-lunes-27-de-abril-en-ciudad-de-buenos-aires\/\",\"url\":\"https:\/\/gysfm.com.ar\/inicio\/como-estara-el-clima-hoy-lunes-27-de-abril-en-ciudad-de-buenos-aires\/\",\"name\":\"C\u00f3mo estar\u00e1 el clima hoy lunes 27 de abril en Ciudad de Buenos Aires - GYS NOTICIAS |\",\"isPartOf\":{\"@id\":\"https:\/\/gysfm.com.ar\/inicio\/#website\"},\"primaryImageOfPage\":{\"@id\":\"https:\/\/gysfm.com.ar\/inicio\/como-estara-el-clima-hoy-lunes-27-de-abril-en-ciudad-de-buenos-aires\/#primaryimage\"},\"image\":{\"@id\":\"https:\/\/gysfm.com.ar\/inicio\/como-estara-el-clima-hoy-lunes-27-de-abril-en-ciudad-de-buenos-aires\/#primaryimage\"},\"thumbnailUrl\":\"https:\/\/gysfm.com.ar\/inicio\/wp-content\/uploads\/2026\/04\/clima-buenos-aires-20250922-2104118.jpg\",\"datePublished\":\"2026-04-27T11:15:53+00:00\",\"breadcrumb\":{\"@id\":\"https:\/\/gysfm.com.ar\/inicio\/como-estara-el-clima-hoy-lunes-27-de-abril-en-ciudad-de-buenos-aires\/#breadcrumb\"},\"inLanguage\":\"es\",\"potentialAction\":[{\"@type\":\"ReadAction\",\"target\":[\"https:\/\/gysfm.com.ar\/inicio\/como-estara-el-clima-hoy-lunes-27-de-abril-en-ciudad-de-buenos-aires\/\"]}]},{\"@type\":\"ImageObject\",\"inLanguage\":\"es\",\"@id\":\"https:\/\/gysfm.com.ar\/inicio\/como-estara-el-clima-hoy-lunes-27-de-abril-en-ciudad-de-buenos-aires\/#primaryimage\",\"url\":\"https:\/\/gysfm.com.ar\/inicio\/wp-content\/uploads\/2026\/04\/clima-buenos-aires-20250922-2104118.jpg\",\"contentUrl\":\"https:\/\/gysfm.com.ar\/inicio\/wp-content\/uploads\/2026\/04\/clima-buenos-aires-20250922-2104118.jpg\",\"width\":1140,\"height\":641},{\"@type\":\"BreadcrumbList\",\"@id\":\"https:\/\/gysfm.com.ar\/inicio\/como-estara-el-clima-hoy-lunes-27-de-abril-en-ciudad-de-buenos-aires\/#breadcrumb\",\"itemListElement\":[{\"@type\":\"ListItem\",\"position\":1,\"name\":\"Portada\",\"item\":\"https:\/\/gysfm.com.ar\/inicio\/\"},{\"@type\":\"ListItem\",\"position\":2,\"name\":\"C\u00f3mo estar\u00e1 el clima hoy lunes 27 de abril en Ciudad de Buenos Aires\"}]},{\"@type\":\"WebSite\",\"@id\":\"https:\/\/gysfm.com.ar\/inicio\/#website\",\"url\":\"https:\/\/gysfm.com.ar\/inicio\/\",\"name\":\"GYS NOTICIAS |\",\"description\":\"DIARIO - RADIO ONLINE SAN JUAN ARGENTINA\",\"publisher\":{\"@id\":\"https:\/\/gysfm.com.ar\/inicio\/#organization\"},\"potentialAction\":[{\"@type\":\"SearchAction\",\"target\":{\"@type\":\"EntryPoint\",\"urlTemplate\":\"https:\/\/gysfm.com.ar\/inicio\/?s={search_term_string}\"},\"query-input\":{\"@type\":\"PropertyValueSpecification\",\"valueRequired\":true,\"valueName\":\"search_term_string\"}}],\"inLanguage\":\"es\"},{\"@type\":\"Organization\",\"@id\":\"https:\/\/gysfm.com.ar\/inicio\/#organization\",\"name\":\"GYS NOTICIAS |\",\"url\":\"https:\/\/gysfm.com.ar\/inicio\/\",\"logo\":{\"@type\":\"ImageObject\",\"inLanguage\":\"es\",\"@id\":\"https:\/\/gysfm.com.ar\/inicio\/#\/schema\/logo\/image\/\",\"url\":\"https:\/\/gysfm.com.ar\/inicio\/wp-content\/uploads\/2023\/07\/LOGOGYS-OK.png\",\"contentUrl\":\"https:\/\/gysfm.com.ar\/inicio\/wp-content\/uploads\/2023\/07\/LOGOGYS-OK.png\",\"width\":1170,\"height\":872,\"caption\":\"GYS NOTICIAS |\"},\"image\":{\"@id\":\"https:\/\/gysfm.com.ar\/inicio\/#\/schema\/logo\/image\/\"}},{\"@type\":\"Person\",\"@id\":\"https:\/\/gysfm.com.ar\/inicio\/#\/schema\/person\/3abba7593ef2ad19e1be221d54383dc5\",\"name\":\"Prensa G&amp;S FM\",\"image\":{\"@type\":\"ImageObject\",\"inLanguage\":\"es\",\"@id\":\"https:\/\/gysfm.com.ar\/inicio\/#\/schema\/person\/image\/\",\"url\":\"https:\/\/secure.gravatar.com\/avatar\/096ec78df02049ab018702bb4ccedf659377fa92a26540b5247612077a0dbd29?s=96&d=mm&r=g\",\"contentUrl\":\"https:\/\/secure.gravatar.com\/avatar\/096ec78df02049ab018702bb4ccedf659377fa92a26540b5247612077a0dbd29?s=96&d=mm&r=g\",\"caption\":\"Prensa G&amp;S FM\"},\"sameAs\":[\"https:\/\/gysfm.com.ar\/\"],\"url\":\"https:\/\/gysfm.com.ar\/inicio\/author\/lucasm\/\"}]}<\/script>\n<!-- \/ Yoast SEO plugin. -->","yoast_head_json":{"title":"C\u00f3mo estar\u00e1 el clima hoy lunes 27 de abril en Ciudad de Buenos Aires - GYS NOTICIAS |","robots":{"index":"index","follow":"follow","max-snippet":"max-snippet:-1","max-image-preview":"max-image-preview:large","max-video-preview":"max-video-preview:-1"},"canonical":"https:\/\/gysfm.com.ar\/inicio\/como-estara-el-clima-hoy-lunes-27-de-abril-en-ciudad-de-buenos-aires\/","og_locale":"es_ES","og_type":"article","og_title":"C\u00f3mo estar\u00e1 el clima hoy lunes 27 de abril en Ciudad de Buenos Aires - GYS NOTICIAS |","og_description":"Este lunes, la Ciudad de Buenos Aires y el AMBA experimentar\u00e1n condiciones meteorol\u00f3gicas inestables con vientos fuertes del sector sudoeste. El Servicio Meteorol\u00f3gico Nacional mantiene alertas vigentes por vientos que impactar\u00e1n en la rutina diaria. La temperatura m\u00e1xima alcanzar\u00e1 los 16\u00b0C, exigiendo el uso de abrigo durante toda la jornada ante el descenso t\u00e9rmico previsto. [&hellip;]","og_url":"https:\/\/gysfm.com.ar\/inicio\/como-estara-el-clima-hoy-lunes-27-de-abril-en-ciudad-de-buenos-aires\/","og_site_name":"GYS NOTICIAS |","article_published_time":"2026-04-27T11:15:53+00:00","og_image":[{"url":"https:\/\/fotos.perfil.com\/\/2026\/04\/27\/900\/0\/pronostico-buenos-aires-lunes-27-de-abril-2228222.jpg?webp","type":"","width":"","height":""}],"author":"Prensa G&amp;S FM","twitter_card":"summary_large_image","twitter_misc":{"Escrito por":"Prensa G&amp;S FM","Tiempo de lectura":"3 minutos"},"schema":{"@context":"https:\/\/schema.org","@graph":[{"@type":"Article","@id":"https:\/\/gysfm.com.ar\/inicio\/como-estara-el-clima-hoy-lunes-27-de-abril-en-ciudad-de-buenos-aires\/#article","isPartOf":{"@id":"https:\/\/gysfm.com.ar\/inicio\/como-estara-el-clima-hoy-lunes-27-de-abril-en-ciudad-de-buenos-aires\/"},"author":{"name":"Prensa G&amp;S FM","@id":"https:\/\/gysfm.com.ar\/inicio\/#\/schema\/person\/3abba7593ef2ad19e1be221d54383dc5"},"headline":"C\u00f3mo estar\u00e1 el clima hoy lunes 27 de abril en Ciudad de Buenos Aires","datePublished":"2026-04-27T11:15:53+00:00","mainEntityOfPage":{"@id":"https:\/\/gysfm.com.ar\/inicio\/como-estara-el-clima-hoy-lunes-27-de-abril-en-ciudad-de-buenos-aires\/"},"wordCount":575,"publisher":{"@id":"https:\/\/gysfm.com.ar\/inicio\/#organization"},"image":{"@id":"https:\/\/gysfm.com.ar\/inicio\/como-estara-el-clima-hoy-lunes-27-de-abril-en-ciudad-de-buenos-aires\/#primaryimage"},"thumbnailUrl":"https:\/\/gysfm.com.ar\/inicio\/wp-content\/uploads\/2026\/04\/clima-buenos-aires-20250922-2104118.jpg","articleSection":["NACIONALES"],"inLanguage":"es"},{"@type":"WebPage","@id":"https:\/\/gysfm.com.ar\/inicio\/como-estara-el-clima-hoy-lunes-27-de-abril-en-ciudad-de-buenos-aires\/","url":"https:\/\/gysfm.com.ar\/inicio\/como-estara-el-clima-hoy-lunes-27-de-abril-en-ciudad-de-buenos-aires\/","name":"C\u00f3mo estar\u00e1 el clima hoy lunes 27 de abril en Ciudad de Buenos Aires - GYS NOTICIAS |","isPartOf":{"@id":"https:\/\/gysfm.com.ar\/inicio\/#website"},"primaryImageOfPage":{"@id":"https:\/\/gysfm.com.ar\/inicio\/como-estara-el-clima-hoy-lunes-27-de-abril-en-ciudad-de-buenos-aires\/#primaryimage"},"image":{"@id":"https:\/\/gysfm.com.ar\/inicio\/como-estara-el-clima-hoy-lunes-27-de-abril-en-ciudad-de-buenos-aires\/#primaryimage"},"thumbnailUrl":"https:\/\/gysfm.com.ar\/inicio\/wp-content\/uploads\/2026\/04\/clima-buenos-aires-20250922-2104118.jpg","datePublished":"2026-04-27T11:15:53+00:00","breadcrumb":{"@id":"https:\/\/gysfm.com.ar\/inicio\/como-estara-el-clima-hoy-lunes-27-de-abril-en-ciudad-de-buenos-aires\/#breadcrumb"},"inLanguage":"es","potentialAction":[{"@type":"ReadAction","target":["https:\/\/gysfm.com.ar\/inicio\/como-estara-el-clima-hoy-lunes-27-de-abril-en-ciudad-de-buenos-aires\/"]}]},{"@type":"ImageObject","inLanguage":"es","@id":"https:\/\/gysfm.com.ar\/inicio\/como-estara-el-clima-hoy-lunes-27-de-abril-en-ciudad-de-buenos-aires\/#primaryimage","url":"https:\/\/gysfm.com.ar\/inicio\/wp-content\/uploads\/2026\/04\/clima-buenos-aires-20250922-2104118.jpg","contentUrl":"https:\/\/gysfm.com.ar\/inicio\/wp-content\/uploads\/2026\/04\/clima-buenos-aires-20250922-2104118.jpg","width":1140,"height":641},{"@type":"BreadcrumbList","@id":"https:\/\/gysfm.com.ar\/inicio\/como-estara-el-clima-hoy-lunes-27-de-abril-en-ciudad-de-buenos-aires\/#breadcrumb","itemListElement":[{"@type":"ListItem","position":1,"name":"Portada","item":"https:\/\/gysfm.com.ar\/inicio\/"},{"@type":"ListItem","position":2,"name":"C\u00f3mo estar\u00e1 el clima hoy lunes 27 de abril en Ciudad de Buenos Aires"}]},{"@type":"WebSite","@id":"https:\/\/gysfm.com.ar\/inicio\/#website","url":"https:\/\/gysfm.com.ar\/inicio\/","name":"GYS NOTICIAS |","description":"DIARIO - RADIO ONLINE SAN JUAN ARGENTINA","publisher":{"@id":"https:\/\/gysfm.com.ar\/inicio\/#organization"},"potentialAction":[{"@type":"SearchAction","target":{"@type":"EntryPoint","urlTemplate":"https:\/\/gysfm.com.ar\/inicio\/?s={search_term_string}"},"query-input":{"@type":"PropertyValueSpecification","valueRequired":true,"valueName":"search_term_string"}}],"inLanguage":"es"},{"@type":"Organization","@id":"https:\/\/gysfm.com.ar\/inicio\/#organization","name":"GYS NOTICIAS |","url":"https:\/\/gysfm.com.ar\/inicio\/","logo":{"@type":"ImageObject","inLanguage":"es","@id":"https:\/\/gysfm.com.ar\/inicio\/#\/schema\/logo\/image\/","url":"https:\/\/gysfm.com.ar\/inicio\/wp-content\/uploads\/2023\/07\/LOGOGYS-OK.png","contentUrl":"https:\/\/gysfm.com.ar\/inicio\/wp-content\/uploads\/2023\/07\/LOGOGYS-OK.png","width":1170,"height":872,"caption":"GYS NOTICIAS |"},"image":{"@id":"https:\/\/gysfm.com.ar\/inicio\/#\/schema\/logo\/image\/"}},{"@type":"Person","@id":"https:\/\/gysfm.com.ar\/inicio\/#\/schema\/person\/3abba7593ef2ad19e1be221d54383dc5","name":"Prensa G&amp;S FM","image":{"@type":"ImageObject","inLanguage":"es","@id":"https:\/\/gysfm.com.ar\/inicio\/#\/schema\/person\/image\/","url":"https:\/\/secure.gravatar.com\/avatar\/096ec78df02049ab018702bb4ccedf659377fa92a26540b5247612077a0dbd29?s=96&d=mm&r=g","contentUrl":"https:\/\/secure.gravatar.com\/avatar\/096ec78df02049ab018702bb4ccedf659377fa92a26540b5247612077a0dbd29?s=96&d=mm&r=g","caption":"Prensa G&amp;S FM"},"sameAs":["https:\/\/gysfm.com.ar\/"],"url":"https:\/\/gysfm.com.ar\/inicio\/author\/lucasm\/"}]}},"_links":{"self":[{"href":"https:\/\/gysfm.com.ar\/inicio\/wp-json\/wp\/v2\/posts\/193250","targetHints":{"allow":["GET"]}}],"collection":[{"href":"https:\/\/gysfm.com.ar\/inicio\/wp-json\/wp\/v2\/posts"}],"about":[{"href":"https:\/\/gysfm.com.ar\/inicio\/wp-json\/wp\/v2\/types\/post"}],"author":[{"embeddable":true,"href":"https:\/\/gysfm.com.ar\/inicio\/wp-json\/wp\/v2\/users\/2"}],"replies":[{"embeddable":true,"href":"https:\/\/gysfm.com.ar\/inicio\/wp-json\/wp\/v2\/comments?post=193250"}],"version-history":[{"count":0,"href":"https:\/\/gysfm.com.ar\/inicio\/wp-json\/wp\/v2\/posts\/193250\/revisions"}],"wp:featuredmedia":[{"embeddable":true,"href":"https:\/\/gysfm.com.ar\/inicio\/wp-json\/wp\/v2\/media\/193251"}],"wp:attachment":[{"href":"https:\/\/gysfm.com.ar\/inicio\/wp-json\/wp\/v2\/media?parent=193250"}],"wp:term":[{"taxonomy":"category","embeddable":true,"href":"https:\/\/gysfm.com.ar\/inicio\/wp-json\/wp\/v2\/categories?post=193250"},{"taxonomy":"post_tag","embeddable":true,"href":"https:\/\/gysfm.com.ar\/inicio\/wp-json\/wp\/v2\/tags?post=193250"}],"curies":[{"name":"wp","href":"https:\/\/api.w.org\/{rel}","templated":true}]}}