{"id":193244,"date":"2026-04-27T07:12:35","date_gmt":"2026-04-27T10:12:35","guid":{"rendered":"https:\/\/gysfm.com.ar\/inicio\/karina-milei-pareja-y-santilli-se-juntaron-y-pusieron-primera-para-el-2027-bonaerense\/"},"modified":"2026-04-27T07:12:35","modified_gmt":"2026-04-27T10:12:35","slug":"karina-milei-pareja-y-santilli-se-juntaron-y-pusieron-primera-para-el-2027-bonaerense","status":"publish","type":"post","link":"https:\/\/gysfm.com.ar\/inicio\/karina-milei-pareja-y-santilli-se-juntaron-y-pusieron-primera-para-el-2027-bonaerense\/","title":{"rendered":"Karina Milei, Pareja y Santilli se juntaron y pusieron primera para el 2027 bonaerense"},"content":{"rendered":"<p><\/p>\n<div id=\"article-content\">\n<p>Este <strong>s\u00e1bado 25,<\/strong> <strong>Karina Milei<\/strong> cerr\u00f3 en <strong>Suipacha<\/strong> el lanzamiento del programa <strong>2026<\/strong> de la <strong>Escuela de Formaci\u00f3n, Debate y An\u00e1lisis Pol\u00edtico (EFDAP)<\/strong> de <strong>La Libertad Avanza<\/strong>. La convocatoria reuni\u00f3 a m\u00e1s de <strong>1500 dirigentes<\/strong> de los <strong>135 distritos bonaerenses<\/strong> y dej\u00f3 claro que el espacio libertario va por la <strong>Provincia de Buenos Aires<\/strong> en <strong>2027<\/strong>.<\/p>\n<p><iframe id=\"vrudo\" class=\"vrudo\" src=\"https:\/\/rudo.video\/vod\/bWqLkZ?volume=0\" width=\"100%\" height=\"100%\" allowscriptaccess=\"always\" allowfullscreen=\"true\" webkitallowfullscreen=\"true\" frameborder=\"0\" scrolling=\"no\" allow=\"autoplay; fullscreen\" loading=\"lazy\" title=\"Contenido embebido\"><\/iframe><\/p>\n<p>El cierre estuvo a cargo de la presidenta del partido junto al ministro del Interior <strong>Diego Santilli<\/strong> y el diputado nacional <a target=\"_blank\" href=\"https:\/\/www.perfil.com\/noticias\/politica\/karina-y-pareja-sacan-musculo-en-pba-y-ya-miran-los-135-distritos-bonaerenses.phtml\">Sebasti\u00e1n Pareja,<\/a> presidente de <strong>LLA<\/strong> en la provincia. La apertura hab\u00eda quedado en manos de la diputada <strong>Miriam Niveyro<\/strong> y el senador provincial <strong>Luciano Olivera<\/strong>.<\/p>\n<div style=\"text-align:center\">\n<figure class=\"image\" style=\"display:inline-block\"><picture><source media=\"(max-width: 440px)\" srcset=\"https:\/\/fotos.perfil.com\/\/2026\/04\/25\/440\/0\/karina-milei-sebastian-pareja-y-diego-santilli-2227606.jpg?webp\"\/><source media=\"(max-width: 1019px)\" srcset=\"https:\/\/fotos.perfil.com\/\/2026\/04\/25\/712\/0\/karina-milei-sebastian-pareja-y-diego-santilli-2227606.jpg?webp\"\/><img decoding=\"async\" style=\"max-width: 100%; width: 100%;\" alt=\"Karina Milei, Sebasti\u00e1n Pareja y Diego Santilli\" src=\"https:\/\/fotos.perfil.com\/\/2026\/04\/25\/900\/0\/karina-milei-sebastian-pareja-y-diego-santilli-2227606.jpg?webp\" loading=\"lazy\"\/><\/picture><figcaption>Karina Milei, Sebasti\u00e1n Pareja y Diego Santilli en Suipacha<\/figcaption><\/figure>\n<\/p><\/div>\n<p>La elecci\u00f3n de <strong>Suipacha<\/strong>, un municipio hist\u00f3ricamente peronista, no fue casual. <strong>La Libertad Avanza,<\/strong> busca profundizar la formaci\u00f3n de nuevos cuadros dirigentes, un activo que escasea en el \u00e1mbito libertario, para competir contra el peronismo de <a target=\"_blank\" href=\"https:\/\/www.perfil.com\/noticias\/politica\/el-trueque-que-nadie-quiere-admitir-reelecciones-por-boleta-unica-en-la-legislatura-bonaerense.phtml\">Axel Kicillof<\/a> por la gobernaci\u00f3n el pr\u00f3ximo a\u00f1o.<\/p>\n<div class=\"subscription\">\n<p>\n        Esto no les gusta a los autoritarios\n    <\/p>\n<div class=\"subscription__container\">\n<div class=\"subscription__text-wrapper\">\n<p>\n                El ejercicio del periodismo profesional y cr\u00edtico es un pilar fundamental de la democracia. Por eso molesta a quienes creen ser los due\u00f1os de la verdad.\n            <\/p>\n<\/p><\/div><\/div>\n<\/div>\n<p class=\"destacadoNota\"><a target=\"_blank\" href=\"https:\/\/www.perfil.com\/noticias\/politica\/villarruel-estallo-en-redes-por-las-criticas-a-su-viaje-a-santa-cruz-y-tambien-cruzo-a-ajmechet-por-malvinas.phtml\">Villarruel estall\u00f3 en redes por las cr\u00edticas a su viaje a Santa Cruz y tambi\u00e9n cruz\u00f3 a Ajmechet por Malvinas<\/a><\/p>\n<p>Karina Milei agradeci\u00f3 la presencia de los dirigentes y subray\u00f3 el compromiso de quienes \u00abdecidieron involucrarse y dar un paso adelante\u00bb. Remarc\u00f3 adem\u00e1s que \u00abesta causa es mucho m\u00e1s grande que cualquiera de nosotros\u00bb y que la construcci\u00f3n en la Provincia no puede pensarse desde un escritorio. Y fue contundente, \u00abnecesitamos dar vuelta la realidad de esta provincia, con las ideas de la libertad, que son las ideas de <strong>Javier Milei<\/strong>\u00ab.<\/p>\n<p style=\"text-align:center\"><picture><source media=\"(max-width: 440px)\" srcset=\"https:\/\/fotos.perfil.com\/\/2026\/04\/25\/440\/0\/karina-milei-sebastian-pareja-y-diego-santilli-2227604.jpg?webp\"\/><source media=\"(max-width: 1019px)\" srcset=\"https:\/\/fotos.perfil.com\/\/2026\/04\/25\/712\/0\/karina-milei-sebastian-pareja-y-diego-santilli-2227604.jpg?webp\"\/><img decoding=\"async\" style=\"max-width: 100%; width: 100%;\" alt=\"Karina Milei, Sebasti\u00e1n Pareja y Diego Santilli\" src=\"https:\/\/fotos.perfil.com\/\/2026\/04\/25\/900\/0\/karina-milei-sebastian-pareja-y-diego-santilli-2227604.jpg?webp\" loading=\"lazy\"\/><\/picture><\/p>\n<p>Pareja, por su parte, fue directo sobre el objetivo, \u00abel Presidente nos pidi\u00f3 alcanzar un objetivo claro: ganar la Provincia de Buenos Aires. Estamos construyendo una alternativa de gobierno amplia que, bajo la conducci\u00f3n de <strong>La Libertad Avanza<\/strong>, est\u00e9 en condiciones de conducir la Provincia y sus <strong>135 municipios<\/strong>\u00ab.<\/p>\n<p><iframe id=\"vrudo\" class=\"vrudo\" src=\"https:\/\/rudo.video\/vod\/bWqLe1?volume=0\" width=\"100%\" height=\"100%\" allowscriptaccess=\"always\" allowfullscreen=\"true\" webkitallowfullscreen=\"true\" frameborder=\"0\" scrolling=\"no\" allow=\"autoplay; fullscreen\" loading=\"lazy\" title=\"Contenido embebido\"><\/iframe><\/p>\n<p>Santilli apunt\u00f3 en la misma direcci\u00f3n y cuestion\u00f3 la gesti\u00f3n de <strong>Kicillof,<\/strong> \u00abhay que prepararse para el camino que viene. Tenemos el desaf\u00edo de transformar una provincia profundamente productiva, pero con un gobierno provincial que la ha llevado al abandono y la decadencia\u00bb.<\/p>\n<h2>Interna, candidaturas y el PRO en la mira<\/h2>\n<p>El acto tambi\u00e9n sirvi\u00f3 para ratificar el liderazgo de <strong>Pareja<\/strong> en el armado bonaerense, en medio de la pulseada interna con el sector de <strong>Santiago Caputo<\/strong> y <strong>Las Fuerzas del Cielo<\/strong>. Con el objetivo de alambrar la provincia frente al sector de Caputo, <strong>Karina Milei<\/strong> instruy\u00f3 a <strong>Pareja<\/strong> para tomar control total de los bloques en la <strong>Legislatura bonaerense<\/strong>.<\/p>\n<p style=\"text-align:center\"><picture><source media=\"(max-width: 440px)\" srcset=\"https:\/\/fotos.perfil.com\/\/2026\/04\/25\/440\/0\/karina-milei-sebastian-pareja-y-diego-santilli-2227611.jpg?webp\"\/><source media=\"(max-width: 1019px)\" srcset=\"https:\/\/fotos.perfil.com\/\/2026\/04\/25\/712\/0\/karina-milei-sebastian-pareja-y-diego-santilli-2227611.jpg?webp\"\/><img decoding=\"async\" style=\"max-width: 100%; width: 100%;\" alt=\"Karina Milei, Sebasti\u00e1n Pareja y Diego Santilli\" src=\"https:\/\/fotos.perfil.com\/\/2026\/04\/25\/900\/0\/karina-milei-sebastian-pareja-y-diego-santilli-2227611.jpg?webp\" loading=\"lazy\"\/><\/picture><\/p>\n<p>La presencia de <strong>Santilli<\/strong> le imprimi\u00f3 adem\u00e1s una impronta electoral concreta al encuentro. El exdirigente del <strong>PRO<\/strong> contin\u00faa afiliado al partido macrista, pero ya no se muestra en actos ni asiste a reuniones del sello amarillo. Su nombre y el de <strong>Pareja<\/strong> son los dos que se barajan para encabezar la boleta libertaria en <strong>2027<\/strong> como candidato a gobernador, pero aun no se ha confirmado oficialmente.<\/p>\n<p class=\"destacadoNota\"><a target=\"_blank\" href=\"https:\/\/www.perfil.com\/noticias\/politica\/villarruel-le-reclamo-union-a-milei-y-dijo-que-sus-diferencias-se-resuelven-en-privado.phtml\">Villarruel le reclam\u00f3 \u00abuni\u00f3n\u00bb a Milei y dijo que sus diferencias se resuelven \u00aben privado\u00bb<\/a><\/p>\n<p>Tambi\u00e9n participaron del encuentro los diputados nacionales <strong>Santiago Santurio<\/strong>, <strong>Joaqu\u00edn Ojeda<\/strong>, <strong>\u00c1lvaro Garc\u00eda<\/strong>, <strong>Alejandro Carrancio<\/strong> y <strong>Rub\u00e9n Torres<\/strong>, junto a los legisladores bonaerenses <strong>Diego Valenzuela<\/strong>, <strong>Nahuel Sotelo<\/strong>, <strong>Carlos Curestis<\/strong> y <strong>Juan Osaba<\/strong>.<\/p>\n<p style=\"text-align:center\"><picture><source media=\"(max-width: 440px)\" srcset=\"https:\/\/fotos.perfil.com\/\/2026\/04\/25\/440\/0\/karina-milei-sebastian-pareja-y-diego-santilli-2227610.jpg?webp\"\/><source media=\"(max-width: 1019px)\" srcset=\"https:\/\/fotos.perfil.com\/\/2026\/04\/25\/712\/0\/karina-milei-sebastian-pareja-y-diego-santilli-2227610.jpg?webp\"\/><img decoding=\"async\" style=\"max-width: 100%; width: 100%;\" alt=\"Karina Milei, Sebasti\u00e1n Pareja y Diego Santilli\" src=\"https:\/\/fotos.perfil.com\/\/2026\/04\/25\/900\/0\/karina-milei-sebastian-pareja-y-diego-santilli-2227610.jpg?webp\" loading=\"lazy\"\/><\/picture><\/p>\n<p>Durante la jornada se desarrollaron capacitaciones en estrategia pol\u00edtica, comunicaci\u00f3n y organizaci\u00f3n territorial, con presentaci\u00f3n de equipos t\u00e9cnicos y programas de formaci\u00f3n municipal. El ciclo <strong>2026<\/strong> ampli\u00f3 adem\u00e1s los contenidos del a\u00f1o anterior, que ya hab\u00eda capacitado a m\u00e1s de <strong>4000 dirigentes<\/strong> bajo la consigna \u00abconocer para legislar\u00bb.<\/p>\n<p>RG<\/p>\n<\/p><\/div>\n<p><script>\n                !function(f,b,e,v,n,t,s)\n                {if(f.fbq)return;n=f.fbq=function(){n.callMethod?\n                    n.callMethod.apply(n,arguments):n.queue.push(arguments)};\n                    if(!f._fbq)f._fbq=n;n.push=n;n.loaded=!0;n.version='2.0';\n                    n.queue=[];t=b.createElement(e);t.async=!0;\n                    t.src=v;s=b.getElementsByTagName(e)[0];\n                    s.parentNode.insertBefore(t,s)}(window, document,'script',\n                    'https:\/\/connect.facebook.net\/en_US\/fbevents.js');\n                window.paywallConfig.facebook_pixel=\"1000228364089342\"\n            <\/script><\/p>\n","protected":false},"excerpt":{"rendered":"<p>Este s\u00e1bado 25, Karina Milei cerr\u00f3 en Suipacha el lanzamiento del programa 2026 de la Escuela de Formaci\u00f3n, Debate y An\u00e1lisis Pol\u00edtico (EFDAP) de La Libertad Avanza. La convocatoria reuni\u00f3 a m\u00e1s de 1500 dirigentes de los 135 distritos bonaerenses y dej\u00f3 claro que el espacio libertario va por la Provincia de Buenos Aires en [&hellip;]<\/p>\n","protected":false},"author":2,"featured_media":193245,"comment_status":"closed","ping_status":"closed","sticky":false,"template":"","format":"standard","meta":{"footnotes":""},"categories":[25],"tags":[],"class_list":["post-193244","post","type-post","status-publish","format-standard","has-post-thumbnail","hentry","category-nacionales"],"yoast_head":"<!-- This site is optimized with the Yoast SEO plugin v24.4 - https:\/\/yoast.com\/wordpress\/plugins\/seo\/ -->\n<title>Karina Milei, Pareja y Santilli se juntaron y pusieron primera para el 2027 bonaerense - GYS NOTICIAS |<\/title>\n<meta name=\"robots\" content=\"index, follow, max-snippet:-1, max-image-preview:large, max-video-preview:-1\" \/>\n<link rel=\"canonical\" href=\"https:\/\/gysfm.com.ar\/inicio\/karina-milei-pareja-y-santilli-se-juntaron-y-pusieron-primera-para-el-2027-bonaerense\/\" \/>\n<meta property=\"og:locale\" content=\"es_ES\" \/>\n<meta property=\"og:type\" content=\"article\" \/>\n<meta property=\"og:title\" content=\"Karina Milei, Pareja y Santilli se juntaron y pusieron primera para el 2027 bonaerense - GYS NOTICIAS |\" \/>\n<meta property=\"og:description\" content=\"Este s\u00e1bado 25, Karina Milei cerr\u00f3 en Suipacha el lanzamiento del programa 2026 de la Escuela de Formaci\u00f3n, Debate y An\u00e1lisis Pol\u00edtico (EFDAP) de La Libertad Avanza. La convocatoria reuni\u00f3 a m\u00e1s de 1500 dirigentes de los 135 distritos bonaerenses y dej\u00f3 claro que el espacio libertario va por la Provincia de Buenos Aires en [&hellip;]\" \/>\n<meta property=\"og:url\" content=\"https:\/\/gysfm.com.ar\/inicio\/karina-milei-pareja-y-santilli-se-juntaron-y-pusieron-primera-para-el-2027-bonaerense\/\" \/>\n<meta property=\"og:site_name\" content=\"GYS NOTICIAS |\" \/>\n<meta property=\"article:published_time\" content=\"2026-04-27T10:12:35+00:00\" \/>\n<meta property=\"og:image\" content=\"https:\/\/fotos.perfil.com\/\/2026\/04\/25\/900\/0\/karina-milei-sebastian-pareja-y-diego-santilli-2227606.jpg?webp\" \/>\n<meta name=\"author\" content=\"Prensa G&amp;S FM\" \/>\n<meta name=\"twitter:card\" content=\"summary_large_image\" \/>\n<meta name=\"twitter:label1\" content=\"Escrito por\" \/>\n\t<meta name=\"twitter:data1\" content=\"Prensa G&amp;S FM\" \/>\n\t<meta name=\"twitter:label2\" content=\"Tiempo de lectura\" \/>\n\t<meta name=\"twitter:data2\" content=\"3 minutos\" \/>\n<script type=\"application\/ld+json\" class=\"yoast-schema-graph\">{\"@context\":\"https:\/\/schema.org\",\"@graph\":[{\"@type\":\"Article\",\"@id\":\"https:\/\/gysfm.com.ar\/inicio\/karina-milei-pareja-y-santilli-se-juntaron-y-pusieron-primera-para-el-2027-bonaerense\/#article\",\"isPartOf\":{\"@id\":\"https:\/\/gysfm.com.ar\/inicio\/karina-milei-pareja-y-santilli-se-juntaron-y-pusieron-primera-para-el-2027-bonaerense\/\"},\"author\":{\"name\":\"Prensa G&amp;S FM\",\"@id\":\"https:\/\/gysfm.com.ar\/inicio\/#\/schema\/person\/3abba7593ef2ad19e1be221d54383dc5\"},\"headline\":\"Karina Milei, Pareja y Santilli se juntaron y pusieron primera para el 2027 bonaerense\",\"datePublished\":\"2026-04-27T10:12:35+00:00\",\"mainEntityOfPage\":{\"@id\":\"https:\/\/gysfm.com.ar\/inicio\/karina-milei-pareja-y-santilli-se-juntaron-y-pusieron-primera-para-el-2027-bonaerense\/\"},\"wordCount\":647,\"publisher\":{\"@id\":\"https:\/\/gysfm.com.ar\/inicio\/#organization\"},\"image\":{\"@id\":\"https:\/\/gysfm.com.ar\/inicio\/karina-milei-pareja-y-santilli-se-juntaron-y-pusieron-primera-para-el-2027-bonaerense\/#primaryimage\"},\"thumbnailUrl\":\"https:\/\/gysfm.com.ar\/inicio\/wp-content\/uploads\/2026\/04\/karina-milei-sebastian-pareja-y-diego-santilli-2227612.jpg\",\"articleSection\":[\"NACIONALES\"],\"inLanguage\":\"es\"},{\"@type\":\"WebPage\",\"@id\":\"https:\/\/gysfm.com.ar\/inicio\/karina-milei-pareja-y-santilli-se-juntaron-y-pusieron-primera-para-el-2027-bonaerense\/\",\"url\":\"https:\/\/gysfm.com.ar\/inicio\/karina-milei-pareja-y-santilli-se-juntaron-y-pusieron-primera-para-el-2027-bonaerense\/\",\"name\":\"Karina Milei, Pareja y Santilli se juntaron y pusieron primera para el 2027 bonaerense - GYS NOTICIAS |\",\"isPartOf\":{\"@id\":\"https:\/\/gysfm.com.ar\/inicio\/#website\"},\"primaryImageOfPage\":{\"@id\":\"https:\/\/gysfm.com.ar\/inicio\/karina-milei-pareja-y-santilli-se-juntaron-y-pusieron-primera-para-el-2027-bonaerense\/#primaryimage\"},\"image\":{\"@id\":\"https:\/\/gysfm.com.ar\/inicio\/karina-milei-pareja-y-santilli-se-juntaron-y-pusieron-primera-para-el-2027-bonaerense\/#primaryimage\"},\"thumbnailUrl\":\"https:\/\/gysfm.com.ar\/inicio\/wp-content\/uploads\/2026\/04\/karina-milei-sebastian-pareja-y-diego-santilli-2227612.jpg\",\"datePublished\":\"2026-04-27T10:12:35+00:00\",\"breadcrumb\":{\"@id\":\"https:\/\/gysfm.com.ar\/inicio\/karina-milei-pareja-y-santilli-se-juntaron-y-pusieron-primera-para-el-2027-bonaerense\/#breadcrumb\"},\"inLanguage\":\"es\",\"potentialAction\":[{\"@type\":\"ReadAction\",\"target\":[\"https:\/\/gysfm.com.ar\/inicio\/karina-milei-pareja-y-santilli-se-juntaron-y-pusieron-primera-para-el-2027-bonaerense\/\"]}]},{\"@type\":\"ImageObject\",\"inLanguage\":\"es\",\"@id\":\"https:\/\/gysfm.com.ar\/inicio\/karina-milei-pareja-y-santilli-se-juntaron-y-pusieron-primera-para-el-2027-bonaerense\/#primaryimage\",\"url\":\"https:\/\/gysfm.com.ar\/inicio\/wp-content\/uploads\/2026\/04\/karina-milei-sebastian-pareja-y-diego-santilli-2227612.jpg\",\"contentUrl\":\"https:\/\/gysfm.com.ar\/inicio\/wp-content\/uploads\/2026\/04\/karina-milei-sebastian-pareja-y-diego-santilli-2227612.jpg\",\"width\":1140,\"height\":641},{\"@type\":\"BreadcrumbList\",\"@id\":\"https:\/\/gysfm.com.ar\/inicio\/karina-milei-pareja-y-santilli-se-juntaron-y-pusieron-primera-para-el-2027-bonaerense\/#breadcrumb\",\"itemListElement\":[{\"@type\":\"ListItem\",\"position\":1,\"name\":\"Portada\",\"item\":\"https:\/\/gysfm.com.ar\/inicio\/\"},{\"@type\":\"ListItem\",\"position\":2,\"name\":\"Karina Milei, Pareja y Santilli se juntaron y pusieron primera para el 2027 bonaerense\"}]},{\"@type\":\"WebSite\",\"@id\":\"https:\/\/gysfm.com.ar\/inicio\/#website\",\"url\":\"https:\/\/gysfm.com.ar\/inicio\/\",\"name\":\"GYS NOTICIAS |\",\"description\":\"DIARIO - RADIO ONLINE SAN JUAN ARGENTINA\",\"publisher\":{\"@id\":\"https:\/\/gysfm.com.ar\/inicio\/#organization\"},\"potentialAction\":[{\"@type\":\"SearchAction\",\"target\":{\"@type\":\"EntryPoint\",\"urlTemplate\":\"https:\/\/gysfm.com.ar\/inicio\/?s={search_term_string}\"},\"query-input\":{\"@type\":\"PropertyValueSpecification\",\"valueRequired\":true,\"valueName\":\"search_term_string\"}}],\"inLanguage\":\"es\"},{\"@type\":\"Organization\",\"@id\":\"https:\/\/gysfm.com.ar\/inicio\/#organization\",\"name\":\"GYS NOTICIAS |\",\"url\":\"https:\/\/gysfm.com.ar\/inicio\/\",\"logo\":{\"@type\":\"ImageObject\",\"inLanguage\":\"es\",\"@id\":\"https:\/\/gysfm.com.ar\/inicio\/#\/schema\/logo\/image\/\",\"url\":\"https:\/\/gysfm.com.ar\/inicio\/wp-content\/uploads\/2023\/07\/LOGOGYS-OK.png\",\"contentUrl\":\"https:\/\/gysfm.com.ar\/inicio\/wp-content\/uploads\/2023\/07\/LOGOGYS-OK.png\",\"width\":1170,\"height\":872,\"caption\":\"GYS NOTICIAS |\"},\"image\":{\"@id\":\"https:\/\/gysfm.com.ar\/inicio\/#\/schema\/logo\/image\/\"}},{\"@type\":\"Person\",\"@id\":\"https:\/\/gysfm.com.ar\/inicio\/#\/schema\/person\/3abba7593ef2ad19e1be221d54383dc5\",\"name\":\"Prensa G&amp;S FM\",\"image\":{\"@type\":\"ImageObject\",\"inLanguage\":\"es\",\"@id\":\"https:\/\/gysfm.com.ar\/inicio\/#\/schema\/person\/image\/\",\"url\":\"https:\/\/secure.gravatar.com\/avatar\/096ec78df02049ab018702bb4ccedf659377fa92a26540b5247612077a0dbd29?s=96&d=mm&r=g\",\"contentUrl\":\"https:\/\/secure.gravatar.com\/avatar\/096ec78df02049ab018702bb4ccedf659377fa92a26540b5247612077a0dbd29?s=96&d=mm&r=g\",\"caption\":\"Prensa G&amp;S FM\"},\"sameAs\":[\"https:\/\/gysfm.com.ar\/\"],\"url\":\"https:\/\/gysfm.com.ar\/inicio\/author\/lucasm\/\"}]}<\/script>\n<!-- \/ Yoast SEO plugin. -->","yoast_head_json":{"title":"Karina Milei, Pareja y Santilli se juntaron y pusieron primera para el 2027 bonaerense - GYS NOTICIAS |","robots":{"index":"index","follow":"follow","max-snippet":"max-snippet:-1","max-image-preview":"max-image-preview:large","max-video-preview":"max-video-preview:-1"},"canonical":"https:\/\/gysfm.com.ar\/inicio\/karina-milei-pareja-y-santilli-se-juntaron-y-pusieron-primera-para-el-2027-bonaerense\/","og_locale":"es_ES","og_type":"article","og_title":"Karina Milei, Pareja y Santilli se juntaron y pusieron primera para el 2027 bonaerense - GYS NOTICIAS |","og_description":"Este s\u00e1bado 25, Karina Milei cerr\u00f3 en Suipacha el lanzamiento del programa 2026 de la Escuela de Formaci\u00f3n, Debate y An\u00e1lisis Pol\u00edtico (EFDAP) de La Libertad Avanza. La convocatoria reuni\u00f3 a m\u00e1s de 1500 dirigentes de los 135 distritos bonaerenses y dej\u00f3 claro que el espacio libertario va por la Provincia de Buenos Aires en [&hellip;]","og_url":"https:\/\/gysfm.com.ar\/inicio\/karina-milei-pareja-y-santilli-se-juntaron-y-pusieron-primera-para-el-2027-bonaerense\/","og_site_name":"GYS NOTICIAS |","article_published_time":"2026-04-27T10:12:35+00:00","og_image":[{"url":"https:\/\/fotos.perfil.com\/\/2026\/04\/25\/900\/0\/karina-milei-sebastian-pareja-y-diego-santilli-2227606.jpg?webp","type":"","width":"","height":""}],"author":"Prensa G&amp;S FM","twitter_card":"summary_large_image","twitter_misc":{"Escrito por":"Prensa G&amp;S FM","Tiempo de lectura":"3 minutos"},"schema":{"@context":"https:\/\/schema.org","@graph":[{"@type":"Article","@id":"https:\/\/gysfm.com.ar\/inicio\/karina-milei-pareja-y-santilli-se-juntaron-y-pusieron-primera-para-el-2027-bonaerense\/#article","isPartOf":{"@id":"https:\/\/gysfm.com.ar\/inicio\/karina-milei-pareja-y-santilli-se-juntaron-y-pusieron-primera-para-el-2027-bonaerense\/"},"author":{"name":"Prensa G&amp;S FM","@id":"https:\/\/gysfm.com.ar\/inicio\/#\/schema\/person\/3abba7593ef2ad19e1be221d54383dc5"},"headline":"Karina Milei, Pareja y Santilli se juntaron y pusieron primera para el 2027 bonaerense","datePublished":"2026-04-27T10:12:35+00:00","mainEntityOfPage":{"@id":"https:\/\/gysfm.com.ar\/inicio\/karina-milei-pareja-y-santilli-se-juntaron-y-pusieron-primera-para-el-2027-bonaerense\/"},"wordCount":647,"publisher":{"@id":"https:\/\/gysfm.com.ar\/inicio\/#organization"},"image":{"@id":"https:\/\/gysfm.com.ar\/inicio\/karina-milei-pareja-y-santilli-se-juntaron-y-pusieron-primera-para-el-2027-bonaerense\/#primaryimage"},"thumbnailUrl":"https:\/\/gysfm.com.ar\/inicio\/wp-content\/uploads\/2026\/04\/karina-milei-sebastian-pareja-y-diego-santilli-2227612.jpg","articleSection":["NACIONALES"],"inLanguage":"es"},{"@type":"WebPage","@id":"https:\/\/gysfm.com.ar\/inicio\/karina-milei-pareja-y-santilli-se-juntaron-y-pusieron-primera-para-el-2027-bonaerense\/","url":"https:\/\/gysfm.com.ar\/inicio\/karina-milei-pareja-y-santilli-se-juntaron-y-pusieron-primera-para-el-2027-bonaerense\/","name":"Karina Milei, Pareja y Santilli se juntaron y pusieron primera para el 2027 bonaerense - GYS NOTICIAS |","isPartOf":{"@id":"https:\/\/gysfm.com.ar\/inicio\/#website"},"primaryImageOfPage":{"@id":"https:\/\/gysfm.com.ar\/inicio\/karina-milei-pareja-y-santilli-se-juntaron-y-pusieron-primera-para-el-2027-bonaerense\/#primaryimage"},"image":{"@id":"https:\/\/gysfm.com.ar\/inicio\/karina-milei-pareja-y-santilli-se-juntaron-y-pusieron-primera-para-el-2027-bonaerense\/#primaryimage"},"thumbnailUrl":"https:\/\/gysfm.com.ar\/inicio\/wp-content\/uploads\/2026\/04\/karina-milei-sebastian-pareja-y-diego-santilli-2227612.jpg","datePublished":"2026-04-27T10:12:35+00:00","breadcrumb":{"@id":"https:\/\/gysfm.com.ar\/inicio\/karina-milei-pareja-y-santilli-se-juntaron-y-pusieron-primera-para-el-2027-bonaerense\/#breadcrumb"},"inLanguage":"es","potentialAction":[{"@type":"ReadAction","target":["https:\/\/gysfm.com.ar\/inicio\/karina-milei-pareja-y-santilli-se-juntaron-y-pusieron-primera-para-el-2027-bonaerense\/"]}]},{"@type":"ImageObject","inLanguage":"es","@id":"https:\/\/gysfm.com.ar\/inicio\/karina-milei-pareja-y-santilli-se-juntaron-y-pusieron-primera-para-el-2027-bonaerense\/#primaryimage","url":"https:\/\/gysfm.com.ar\/inicio\/wp-content\/uploads\/2026\/04\/karina-milei-sebastian-pareja-y-diego-santilli-2227612.jpg","contentUrl":"https:\/\/gysfm.com.ar\/inicio\/wp-content\/uploads\/2026\/04\/karina-milei-sebastian-pareja-y-diego-santilli-2227612.jpg","width":1140,"height":641},{"@type":"BreadcrumbList","@id":"https:\/\/gysfm.com.ar\/inicio\/karina-milei-pareja-y-santilli-se-juntaron-y-pusieron-primera-para-el-2027-bonaerense\/#breadcrumb","itemListElement":[{"@type":"ListItem","position":1,"name":"Portada","item":"https:\/\/gysfm.com.ar\/inicio\/"},{"@type":"ListItem","position":2,"name":"Karina Milei, Pareja y Santilli se juntaron y pusieron primera para el 2027 bonaerense"}]},{"@type":"WebSite","@id":"https:\/\/gysfm.com.ar\/inicio\/#website","url":"https:\/\/gysfm.com.ar\/inicio\/","name":"GYS NOTICIAS |","description":"DIARIO - RADIO ONLINE SAN JUAN ARGENTINA","publisher":{"@id":"https:\/\/gysfm.com.ar\/inicio\/#organization"},"potentialAction":[{"@type":"SearchAction","target":{"@type":"EntryPoint","urlTemplate":"https:\/\/gysfm.com.ar\/inicio\/?s={search_term_string}"},"query-input":{"@type":"PropertyValueSpecification","valueRequired":true,"valueName":"search_term_string"}}],"inLanguage":"es"},{"@type":"Organization","@id":"https:\/\/gysfm.com.ar\/inicio\/#organization","name":"GYS NOTICIAS |","url":"https:\/\/gysfm.com.ar\/inicio\/","logo":{"@type":"ImageObject","inLanguage":"es","@id":"https:\/\/gysfm.com.ar\/inicio\/#\/schema\/logo\/image\/","url":"https:\/\/gysfm.com.ar\/inicio\/wp-content\/uploads\/2023\/07\/LOGOGYS-OK.png","contentUrl":"https:\/\/gysfm.com.ar\/inicio\/wp-content\/uploads\/2023\/07\/LOGOGYS-OK.png","width":1170,"height":872,"caption":"GYS NOTICIAS |"},"image":{"@id":"https:\/\/gysfm.com.ar\/inicio\/#\/schema\/logo\/image\/"}},{"@type":"Person","@id":"https:\/\/gysfm.com.ar\/inicio\/#\/schema\/person\/3abba7593ef2ad19e1be221d54383dc5","name":"Prensa G&amp;S FM","image":{"@type":"ImageObject","inLanguage":"es","@id":"https:\/\/gysfm.com.ar\/inicio\/#\/schema\/person\/image\/","url":"https:\/\/secure.gravatar.com\/avatar\/096ec78df02049ab018702bb4ccedf659377fa92a26540b5247612077a0dbd29?s=96&d=mm&r=g","contentUrl":"https:\/\/secure.gravatar.com\/avatar\/096ec78df02049ab018702bb4ccedf659377fa92a26540b5247612077a0dbd29?s=96&d=mm&r=g","caption":"Prensa G&amp;S FM"},"sameAs":["https:\/\/gysfm.com.ar\/"],"url":"https:\/\/gysfm.com.ar\/inicio\/author\/lucasm\/"}]}},"_links":{"self":[{"href":"https:\/\/gysfm.com.ar\/inicio\/wp-json\/wp\/v2\/posts\/193244","targetHints":{"allow":["GET"]}}],"collection":[{"href":"https:\/\/gysfm.com.ar\/inicio\/wp-json\/wp\/v2\/posts"}],"about":[{"href":"https:\/\/gysfm.com.ar\/inicio\/wp-json\/wp\/v2\/types\/post"}],"author":[{"embeddable":true,"href":"https:\/\/gysfm.com.ar\/inicio\/wp-json\/wp\/v2\/users\/2"}],"replies":[{"embeddable":true,"href":"https:\/\/gysfm.com.ar\/inicio\/wp-json\/wp\/v2\/comments?post=193244"}],"version-history":[{"count":0,"href":"https:\/\/gysfm.com.ar\/inicio\/wp-json\/wp\/v2\/posts\/193244\/revisions"}],"wp:featuredmedia":[{"embeddable":true,"href":"https:\/\/gysfm.com.ar\/inicio\/wp-json\/wp\/v2\/media\/193245"}],"wp:attachment":[{"href":"https:\/\/gysfm.com.ar\/inicio\/wp-json\/wp\/v2\/media?parent=193244"}],"wp:term":[{"taxonomy":"category","embeddable":true,"href":"https:\/\/gysfm.com.ar\/inicio\/wp-json\/wp\/v2\/categories?post=193244"},{"taxonomy":"post_tag","embeddable":true,"href":"https:\/\/gysfm.com.ar\/inicio\/wp-json\/wp\/v2\/tags?post=193244"}],"curies":[{"name":"wp","href":"https:\/\/api.w.org\/{rel}","templated":true}]}}