{"id":193242,"date":"2026-04-27T07:06:18","date_gmt":"2026-04-27T10:06:18","guid":{"rendered":"https:\/\/gysfm.com.ar\/inicio\/trump-no-despeja-ormuz-pero-si-el-acceso-de-warsh-a-la-fed\/"},"modified":"2026-04-27T07:06:18","modified_gmt":"2026-04-27T10:06:18","slug":"trump-no-despeja-ormuz-pero-si-el-acceso-de-warsh-a-la-fed","status":"publish","type":"post","link":"https:\/\/gysfm.com.ar\/inicio\/trump-no-despeja-ormuz-pero-si-el-acceso-de-warsh-a-la-fed\/","title":{"rendered":"Trump no despeja Ormuz, pero s\u00ed el acceso de Warsh a la Fed"},"content":{"rendered":"<p> <br \/>\n<\/p>\n<div>\t\t<!-- { REGION4 --> <\/p>\n<header class=\"news-headline\">\n<h2 class=\"news-headline__article-summary\">\t\t<\/h2>\n<p id=\"p-1777243324489-62901\" class=\"ignore-parser\">Persisten las tensiones en Medio Oriente mientras avanza el recambio en la Fed y Wall Street mantiene su rally, impulsado por resultados s\u00f3lidos y expectativas optimistas.<\/p>\n<\/header>\n<div class=\"detail-highlighted-multimedia content-protected-false\">\n<figure class=\"detail-highlighted-multimedia__figure\">  <img decoding=\"async\" src=\"https:\/\/media.ambito.com\/p\/6bb44a6d07896cb681f683883231bab6\/adjuntos\/239\/imagenes\/043\/317\/0043317620\/655x368\/smart\/image-1776770878744.webp\" class=\"detail-highlighted-multimedia__figure-img img-fluid\" alt=\"Trump, entre la tensi\u00f3n en Ormuz y el avance para colocar a Warsh al frente de la Fed.\" width=\"800\" height=\"600\" crossorigin=\"anonymous\" fetchpriority=\"high\" decode=\"async\"\/><figcaption class=\"detail-highlighted-multimedia__figcaption\">  <\/figcaption><\/figure>\n<\/p><\/div>\n<article class=\"article-body article-body--first-paragraph content-protected-false\" data-td-script-src=\"https:\/\/www.ambito.com\/td\/modulos\/encuestas\/js\/function-embeds-min-version-1777176486.js\">\n<p id=\"p-1777243568346-52375\">Sin novedad en el frente. el estrecho de Ormuz contin\u00faa cerrado con doble candado. La tregua original venci\u00f3 el martes 21, pero se extendi\u00f3 de facto. Lo hizo bajo los auspicios entusiastas del presidente Donald Trump y el silencio intrincado de Teher\u00e1n (pero el que calla, otorga). El cese de fuego prosigue, aunque lo salpiquen hostilidades n\u00e1uticas de baja intensidad. No fue posible reunirse en Pakist\u00e1n. Y el vicepresidente <strong>JD Vance<\/strong> debi\u00f3 cancelar su viaje a \u00faltimo minuto porque, Trump dixit, Ir\u00e1n no sabe qui\u00e9n lo gobierna. Da igual. \u201cSomos todos iran\u00edes y revolucionarios\u201d, contestaron sin sorna. Por supuesto, los nombres cambian y el nuevo ayatola no da se\u00f1ales de vida, pero el \u00e9mulo de Delcy Rodr\u00edguez tampoco aparece. \u00bfQu\u00e9 nos espera? M\u00e1s de lo mismo. El cruce de Ormuz, mayormente paralizado (aunque no falten los audaces que desaf\u00eden, con suerte diversa, la clausura). Las negociaciones, en el trabajoso intento de reactivarlas. Las dos delegaciones, algo raleadas y sin Vance, se encontrar\u00e1n probablemente esta semana en Islamabad, aunque no es seguro que se vean las caras en un mismo sal\u00f3n si EEUU no levanta el bloqueo naval (y eso no est\u00e1 en sus planes). El s\u00e1bado Trump pospuso el mitin previsto para hoy, insatisfecho con las respuestas esquivas de Ir\u00e1n. No es grave. El cese de hostilidades puede convivir con el cese de negociaciones sin romperse.<\/p>\n<\/article>\n<section class=\"suscription-false printed-edition\" style=\"display:none\">\n<p> El contenido al que quiere acceder es exclusivo para suscriptores.<\/p>\n<p>  <span> <button type=\"button\" name=\"button\" class=\"subscribe-btn mercadopago-btn\">suscribirse<\/button><\/span>  <span class=\"btns\"><button type=\"button\" name=\"button\" class=\"subscribe-btn reload-login\"> ya estoy suscripto<\/button><\/span>  <\/p>\n<\/section>\n<article class=\"article-body article-body--second-paragraph content-protected-false\">\n<p id=\"p-1777243568346-74307\">La guerra que iba a ser breve ingresa en su novena semana, exhausta, pero sin visos de soluci\u00f3n tampoco. Ya estar\u00eda concluida de no ser porque se atasc\u00f3 en el recodo de Ormuz. Una tregua el\u00e1stica manda por inercia. Por lo menos, se economizan vidas, sufrimientos y munici\u00f3n. Tambi\u00e9n rige un impasse en el L\u00edbano. All\u00ed, la pausa culminaba el domingo. Israel y el L\u00edbano acordaron prorrogarla tres semanas m\u00e1s tras una reuni\u00f3n en el Sal\u00f3n Oval. Trump tom\u00f3 la iniciativa, en su faceta ahora menos castrense y m\u00e1s propia del autor de El Arte de la Negociaci\u00f3n. El fogoso Netanyahu, el m\u00e1s propenso a los combates, no saca los pies del plato.<\/p>\n<\/article>\n<section class=\"related-news\">\t\t<span class=\"related-news__title\">Informate m\u00e1s<\/span>\t\t<\/p>\n<div class=\"row row--eq-height\">\n<div class=\"col-12 col-md-6\">\n<article class=\"news-article news-article--landscape-news news-article--landscape-news\">\n<figure class=\"news-article__figure figure\">\n\t\t\t\t\t\t\t\t\t\t\t<img loading=\"lazy\" decoding=\"async\" src=\"https:\/\/media.ambito.com\/p\/1ffde4cc1e2d79d671f6b9061c2b9e6a\/adjuntos\/239\/imagenes\/043\/329\/0043329159\/cole-allen-tiroteo-donald-trump-atacante.jpg\" alt=\"La familia del sospechoso alert\u00f3 a la polic\u00eda minutos antes del tiroteo en la cena de corresponsales.\" title=\"La familia del sospechoso alert\u00f3 a la polic\u00eda minutos antes del tiroteo en la cena de corresponsales.\" width=\"93\" height=\"52\" class=\"news-article__figure-img figure-img img-fluid\"\/>  <span class=\"news-article__media-badge news-article__media-badge--video\"\/>\t\t<\/figure>\n<\/article><\/div>\n<div class=\"col-12 col-md-6\">\n<article class=\"news-article news-article--landscape-news news-article--landscape-news\">\n<figure class=\"news-article__figure figure\">\n\t\t\t\t\t\t\t\t\t\t\t<img loading=\"lazy\" decoding=\"async\" src=\"https:\/\/media.ambito.com\/p\/9d5d76d3ecc92f04d83e095126b2fdbf\/adjuntos\/239\/imagenes\/043\/329\/0043329079\/93x52\/1078x534:1098x554\/donald-trump-cena-tiroteo.jpg\" alt=\"Donald Trump confes\u00f3 qu\u00e9 sinti\u00f3 tras el ataque.\" title=\"Donald Trump confes\u00f3 qu\u00e9 sinti\u00f3 tras el ataque.\" width=\"93\" height=\"52\" class=\"news-article__figure-img figure-img img-fluid\"\/>\t\t<\/figure>\n<\/article><\/div>\n<\/div>\n<\/section>\n<article class=\"article-body article-body--third-paragraph content-protected-false\">\n<p id=\"p-1777243568346-93967\">Sin novedad en el frente iran\u00ed. Pero esa no es la \u00fanica guerra. La Administraci\u00f3n <strong>Trump<\/strong> batalla contra la Fed y la independencia de la pol\u00edtica monetaria desde su primer mandato. Es otra cruzada perdida pero que la Casa Blanca mantiene en vigencia. Y esta semana se registraron avances importantes. Recordemos: en Ir\u00e1n, el presidente no pudo designar al sucesor del l\u00edder supremo. En el banco central, s\u00ed. En noviembre de 2017, el presidente nomin\u00f3 a Jerome Powell, a la saz\u00f3n gobernador de la instituci\u00f3n desde 2012, para suceder a Janet Yellen al tim\u00f3n de la Fed luego de su per\u00edodo inicial de cuatro a\u00f1os. Powell, un votante republicano registrado, asumi\u00f3 en febrero de 2018. Trump lo escogi\u00f3 personalmente, tras varias entrevistas previas, asesorado por su secretario del Tesoro de entonces, Steve Mnuchin. Fue una decisi\u00f3n rupturista con su sello, que quit\u00f3 a Yellen de funciones y le neg\u00f3 un segundo mandato. \u201cEs fuerte, decidido e inteligente\u201d, lo ponder\u00f3. Y no se equivoc\u00f3. Lo lamentar\u00eda de inmediato.<\/p>\n<\/article>\n<article class=\"article-body article-body--fourth-paragraph content-protected-false\">\n<p id=\"p-1777243568346-26731\">El error fue creer que Powell seguir\u00eda las instrucciones del presidente al pie de la letra. Trump, un hombre que proviene del negocio inmobiliario, tiene una \u00fanica exigencia en materia de pol\u00edtica monetaria. Que bajen las tasas. No importa cuando leas esto. De febrero a diciembre de 2018, Powell subi\u00f3 las tasas cuatro veces. Nadie dud\u00f3 de su voluntad independiente. Trump no ahorr\u00f3 las cr\u00edticas m\u00e1s feroces. Su furia rompi\u00f3 el molde usual de la convivencia entre la Fed y la Casa Blanca, pero no torci\u00f3 la voluntad de su elegido (quien en 2019 debi\u00f3 bajar las tasas deprisa para estabilizar la p\u00e9rdida de br\u00edos de la actividad econ\u00f3mica). \u201cMnuchin me aconsej\u00f3 muy mal\u201d, se exculp\u00f3 siempre Trump, quien nunca dej\u00f3 de pelear esta guerra personal a pesar de los nulos resultados.<\/p>\n<\/article>\n<article class=\"article-body article-body--fifth-paragraph content-protected-false\">\n<p id=\"p-1777243568346-46240\">El segundo mandato de Powell termina el 15 de mayo. Trump ya design\u00f3 a su reemplazante, otro ex gobernador, aunque anterior (2006-2011), en tiempos de Ben Bernanke, <strong>Kevin Warsh<\/strong>. Curiosamente, un finalista del proceso de selecci\u00f3n de 2017 que Trump desech\u00f3 para consagrar a Powell. Su verdadero favorito, Kevin Hassett, resultaba una apuesta temeraria. Y Trump, a sugerencia de Scott Bessent, su actual secretario del Tesoro, as\u00ed lo entendi\u00f3. Warsh a diferencia de Hasset super\u00f3 la prueba de fuego. Recu\u00e9rdese el principio tutelar de que las tasas deben bajar. Su nombre no alter\u00f3 la paz de las tasas largas. Cont\u00f3 con el benepl\u00e1cito de los bond vigilantes.<\/p>\n<\/article>\n<article class=\"article-body article-body--remaining-paragraph content-protected-false\">\n<p id=\"p-1777243568346-90906\">Esta semana Warsh se present\u00f3 ante el Comit\u00e9 Bancario del Senado. Contest\u00f3 un extenso interrogatorio y se ocup\u00f3 de manifestar su celo por preservar la libertad de acci\u00f3n de la Fed. Corresponde al propio banco central mantenerse por fuera de la influencia pol\u00edtica, dijo. Y a\u00f1adi\u00f3: \u201cno creo que la independencia de la pol\u00edtica monetaria se vea amenazada cuando los funcionarios electos expresan sus opiniones sobre las tasas de inter\u00e9s\u201d. Nadie le repregunt\u00f3 si el intento del Ejecutivo de despedir a un gobernador (el caso de Lisa Cook, en suspenso, se discute ante la Corte Suprema) o iniciarle una investigaci\u00f3n penal al chairman s\u00ed constituyen amenazas. As\u00ed, Warsh qued\u00f3 bien con todos sin demasiado esfuerzo.<\/p>\n<p id=\"p-1777243568346-40192\">De conseguirse el dictamen de comisi\u00f3n, restar\u00e1 la votaci\u00f3n del pleno del Senado para consagrar su nombramiento. El principal obst\u00e1culo, la referida querella penal a Powell por los sobrecostos de la refacci\u00f3n inmobiliaria de la Fed, se cancel\u00f3 este viernes. El senador republicano Thom Tillis hab\u00eda se\u00f1alado que no le dar\u00eda curso al tratamiento de ninguna designaci\u00f3n en la Fed hasta que no se resolviera esa cuesti\u00f3n. Y sin su apoyo, no hab\u00eda qu\u00f3rum para franquear el pasaje por comisi\u00f3n. Oh sorpresa, la fiscal Jeanine Pirr\u00f3 cerr\u00f3 el caso (y despej\u00f3 as\u00ed la hoja de ruta de Warsh). En particular, Tillis no objeta su candidatura y votar\u00e1 a favor. Con su aporte, se estima que el mi\u00e9rcoles la comisi\u00f3n la aprobar\u00e1 13 a 11 y que la mayor\u00eda republicana le allanar\u00e1 en mayo el camino en el Senado. Esta semana ser\u00eda entonces la \u00faltima reuni\u00f3n de la Fed presidida por Powell. Para la pr\u00f3xima, a mediados de junio, Kevin Warsh deber\u00eda estar a cargo de la conducci\u00f3n de la orquesta, aunque quiz\u00e1s con Powell todav\u00eda como gobernador (cuenta con mandato hasta 2028) y, por ende, con voz y voto en la toma de decisiones.<\/p>\n<p id=\"p-1777243568346-47805\">Ajena a estas vicisitudes, <strong>Wall Street<\/strong> no tiene problemas de navegaci\u00f3n. No la aflige el bloqueo de Ormuz ni el desbloqueo del cambio de guardia en la Fed. Nobleza obliga, nunca dud\u00f3 de la suerte de su independencia. No necesita confiar en Warsh, s\u00ed en la aritm\u00e9tica de un cuerpo colegiado en el cual una docena de votantes, no solo el chairman, adopta las decisiones.<\/p>\n<p id=\"p-1777243568346-9834\">El <strong>S&amp;P 500<\/strong> sum\u00f3 su cuarta semana consecutiva en alza, la seguidilla m\u00e1s prolongada desde 2024. El viernes estamp\u00f3 un nuevo r\u00e9cord para que no haya dudas sobre su convicci\u00f3n. La tregua en Medio Oriente le sienta particularmente bien, despu\u00e9s de una muy breve correcci\u00f3n en marzo \u2013 al calor del nutrido intercambio de misiles &#8211; que orill\u00f3 10%. El rally se abre paso raudo a caballo de balances muy robustos. Las ganancias por acci\u00f3n del S&amp;P 500 proyectan un crecimiento interanual que desborda 15% en el primer trimestre (con un notable aumento de los ingresos que roza 10%). Para todo el a\u00f1o se vislumbra un poco m\u00e1s: 18,6%. Los m\u00e1rgenes de utilidad no dejan de ensancharse. Si se verifica la estimaci\u00f3n actual de 13,4% ser\u00e1 la cifra trimestral m\u00e1s elevada desde 2009.<\/p>\n<p id=\"p-1777243568346-53979\">La inteligencia artificial (IA), lejos de ser el demonio destructivo de principios de a\u00f1o, ahora se percibe primordialmente como una fuerza del bien. El boom de los semiconductores instal\u00f3 la euforia. <strong>Nvidia<\/strong> quiebra r\u00e9cords. <strong>Intel<\/strong> regres\u00f3 a los titulares laudatorios de primera plana. El \u00edndice SOX creci\u00f3 48% en lo que va del a\u00f1o y el sector es el principal contribuyente del alud de la rentabilidad (con una expectativa de expansi\u00f3n de +28%). \u00bfEn qu\u00e9 qued\u00f3 el temor a la destrucci\u00f3n de empleo por causa de la IA? \u00bfY la angustia que despert\u00f3 en su momento el informe de Citrini Research? Esta semana <strong>Meta<\/strong> y <strong>Microsoft<\/strong> anunciaron recortes de plantilla que podr\u00edan superar las 20 mil posiciones. Confirmaron los riesgos, pero el temor visible fue quedarse afuera del rally y no la guada\u00f1a sobre el empleo.<\/p>\n<p id=\"p-1777243568346-65428\">La crisis de la energ\u00eda, cr\u00e9ase o no, tambi\u00e9n tiene a la Bolsa sin cuidado. Si al 31 de marzo, se esperaba que las empresas de energ\u00eda del S&amp;P 500 aumentasen sus utilidades 8% interanual, ahora se descuenta una ca\u00edda de 14% (mayormente explicada por una sola firma, Exxon). Ese impacto directo est\u00e1 incorporado en los c\u00e1lculos. Pero no se advierte para nada la incidencia que tendr\u00e1 la crisis en los pr\u00f3ximos meses a lo largo y ancho de la econom\u00eda global. Las compa\u00f1\u00edas no reflejan los mayores costos que deber\u00e1n enfrentar ni problemas serios de abastecimiento. Tampoco anticipan una merma de demanda significativa (ni siquiera las empresas de consumo discrecional). Las proyecciones que sigue Wall Street est\u00e1n blindadas a prueba de balas. Es dif\u00edcil creer que podr\u00e1 ser enteramente as\u00ed, aunque hasta ahora sea as\u00ed. Pero, ya se dijo, la Bolsa no tiene dudas. Encandilada por la expansi\u00f3n incesante de los m\u00e1rgenes de ganancias, no vaticina tampoco un Sell in May inminente, y trepa pujante. Se vienen los balances de las Siete Magn\u00edficas y los inversores prefieren descubrir su contenido subidos al convoy en marcha y no esperar a que se detenga, de pie, en el and\u00e9n.<\/p>\n<\/article>\n<p>\t\t\t\t<!-- REGION4 } -->\n\t\t\t\t\t\t<\/div>\n<p><script>\n!function(f,b,e,v,n,t,s)\n{if(f.fbq)return;n=f.fbq=function(){n.callMethod?\nn.callMethod.apply(n,arguments):n.queue.push(arguments)};\nif(!f._fbq)f._fbq=n;n.push=n;n.loaded=!0;n.version='2.0';\nn.queue=[];t=b.createElement(e);t.async=!0;\nt.src=v;s=b.getElementsByTagName(e)[0];\ns.parentNode.insertBefore(t,s)}(window,document,'script',\n'https:\/\/connect.facebook.net\/en_US\/fbevents.js');\nfbq('init', '2047048335588113');\nfbq('track', 'PageView');\n<\/script><br \/>\n<br \/><\/p>\n","protected":false},"excerpt":{"rendered":"<p>Persisten las tensiones en Medio Oriente mientras avanza el recambio en la Fed y Wall Street mantiene su rally, impulsado por resultados s\u00f3lidos y expectativas optimistas. Sin novedad en el frente. el estrecho de Ormuz contin\u00faa cerrado con doble candado. La tregua original venci\u00f3 el martes 21, pero se extendi\u00f3 de facto. Lo hizo bajo [&hellip;]<\/p>\n","protected":false},"author":1,"featured_media":193243,"comment_status":"closed","ping_status":"closed","sticky":false,"template":"","format":"standard","meta":{"footnotes":""},"categories":[28],"tags":[],"class_list":["post-193242","post","type-post","status-publish","format-standard","has-post-thumbnail","hentry","category-economia"],"yoast_head":"<!-- This site is optimized with the Yoast SEO plugin v24.4 - https:\/\/yoast.com\/wordpress\/plugins\/seo\/ -->\n<title>Trump no despeja Ormuz, pero s\u00ed el acceso de Warsh a la Fed - GYS NOTICIAS |<\/title>\n<meta name=\"robots\" content=\"index, follow, max-snippet:-1, max-image-preview:large, max-video-preview:-1\" \/>\n<link rel=\"canonical\" href=\"https:\/\/gysfm.com.ar\/inicio\/trump-no-despeja-ormuz-pero-si-el-acceso-de-warsh-a-la-fed\/\" \/>\n<meta property=\"og:locale\" content=\"es_ES\" \/>\n<meta property=\"og:type\" content=\"article\" \/>\n<meta property=\"og:title\" content=\"Trump no despeja Ormuz, pero s\u00ed el acceso de Warsh a la Fed - GYS NOTICIAS |\" \/>\n<meta property=\"og:description\" content=\"Persisten las tensiones en Medio Oriente mientras avanza el recambio en la Fed y Wall Street mantiene su rally, impulsado por resultados s\u00f3lidos y expectativas optimistas. Sin novedad en el frente. el estrecho de Ormuz contin\u00faa cerrado con doble candado. La tregua original venci\u00f3 el martes 21, pero se extendi\u00f3 de facto. Lo hizo bajo [&hellip;]\" \/>\n<meta property=\"og:url\" content=\"https:\/\/gysfm.com.ar\/inicio\/trump-no-despeja-ormuz-pero-si-el-acceso-de-warsh-a-la-fed\/\" \/>\n<meta property=\"og:site_name\" content=\"GYS NOTICIAS |\" \/>\n<meta property=\"article:published_time\" content=\"2026-04-27T10:06:18+00:00\" \/>\n<meta property=\"og:image\" content=\"https:\/\/media.ambito.com\/p\/6bb44a6d07896cb681f683883231bab6\/adjuntos\/239\/imagenes\/043\/317\/0043317620\/655x368\/smart\/image-1776770878744.webp\" \/>\n<meta name=\"author\" content=\"admin\" \/>\n<meta name=\"twitter:card\" content=\"summary_large_image\" \/>\n<meta name=\"twitter:label1\" content=\"Escrito por\" \/>\n\t<meta name=\"twitter:data1\" content=\"admin\" \/>\n\t<meta name=\"twitter:label2\" content=\"Tiempo de lectura\" \/>\n\t<meta name=\"twitter:data2\" content=\"9 minutos\" \/>\n<script type=\"application\/ld+json\" class=\"yoast-schema-graph\">{\"@context\":\"https:\/\/schema.org\",\"@graph\":[{\"@type\":\"Article\",\"@id\":\"https:\/\/gysfm.com.ar\/inicio\/trump-no-despeja-ormuz-pero-si-el-acceso-de-warsh-a-la-fed\/#article\",\"isPartOf\":{\"@id\":\"https:\/\/gysfm.com.ar\/inicio\/trump-no-despeja-ormuz-pero-si-el-acceso-de-warsh-a-la-fed\/\"},\"author\":{\"name\":\"admin\",\"@id\":\"https:\/\/gysfm.com.ar\/inicio\/#\/schema\/person\/5bedd7ecd35cc35548d89effafa23696\"},\"headline\":\"Trump no despeja Ormuz, pero s\u00ed el acceso de Warsh a la Fed\",\"datePublished\":\"2026-04-27T10:06:18+00:00\",\"mainEntityOfPage\":{\"@id\":\"https:\/\/gysfm.com.ar\/inicio\/trump-no-despeja-ormuz-pero-si-el-acceso-de-warsh-a-la-fed\/\"},\"wordCount\":1736,\"publisher\":{\"@id\":\"https:\/\/gysfm.com.ar\/inicio\/#organization\"},\"image\":{\"@id\":\"https:\/\/gysfm.com.ar\/inicio\/trump-no-despeja-ormuz-pero-si-el-acceso-de-warsh-a-la-fed\/#primaryimage\"},\"thumbnailUrl\":\"https:\/\/gysfm.com.ar\/inicio\/wp-content\/uploads\/2026\/04\/image-1776770878744.webp.webp\",\"articleSection\":[\"ECONOMIA\"],\"inLanguage\":\"es\"},{\"@type\":\"WebPage\",\"@id\":\"https:\/\/gysfm.com.ar\/inicio\/trump-no-despeja-ormuz-pero-si-el-acceso-de-warsh-a-la-fed\/\",\"url\":\"https:\/\/gysfm.com.ar\/inicio\/trump-no-despeja-ormuz-pero-si-el-acceso-de-warsh-a-la-fed\/\",\"name\":\"Trump no despeja Ormuz, pero s\u00ed el acceso de Warsh a la Fed - GYS NOTICIAS |\",\"isPartOf\":{\"@id\":\"https:\/\/gysfm.com.ar\/inicio\/#website\"},\"primaryImageOfPage\":{\"@id\":\"https:\/\/gysfm.com.ar\/inicio\/trump-no-despeja-ormuz-pero-si-el-acceso-de-warsh-a-la-fed\/#primaryimage\"},\"image\":{\"@id\":\"https:\/\/gysfm.com.ar\/inicio\/trump-no-despeja-ormuz-pero-si-el-acceso-de-warsh-a-la-fed\/#primaryimage\"},\"thumbnailUrl\":\"https:\/\/gysfm.com.ar\/inicio\/wp-content\/uploads\/2026\/04\/image-1776770878744.webp.webp\",\"datePublished\":\"2026-04-27T10:06:18+00:00\",\"breadcrumb\":{\"@id\":\"https:\/\/gysfm.com.ar\/inicio\/trump-no-despeja-ormuz-pero-si-el-acceso-de-warsh-a-la-fed\/#breadcrumb\"},\"inLanguage\":\"es\",\"potentialAction\":[{\"@type\":\"ReadAction\",\"target\":[\"https:\/\/gysfm.com.ar\/inicio\/trump-no-despeja-ormuz-pero-si-el-acceso-de-warsh-a-la-fed\/\"]}]},{\"@type\":\"ImageObject\",\"inLanguage\":\"es\",\"@id\":\"https:\/\/gysfm.com.ar\/inicio\/trump-no-despeja-ormuz-pero-si-el-acceso-de-warsh-a-la-fed\/#primaryimage\",\"url\":\"https:\/\/gysfm.com.ar\/inicio\/wp-content\/uploads\/2026\/04\/image-1776770878744.webp.webp\",\"contentUrl\":\"https:\/\/gysfm.com.ar\/inicio\/wp-content\/uploads\/2026\/04\/image-1776770878744.webp.webp\",\"width\":1200,\"height\":675},{\"@type\":\"BreadcrumbList\",\"@id\":\"https:\/\/gysfm.com.ar\/inicio\/trump-no-despeja-ormuz-pero-si-el-acceso-de-warsh-a-la-fed\/#breadcrumb\",\"itemListElement\":[{\"@type\":\"ListItem\",\"position\":1,\"name\":\"Portada\",\"item\":\"https:\/\/gysfm.com.ar\/inicio\/\"},{\"@type\":\"ListItem\",\"position\":2,\"name\":\"Trump no despeja Ormuz, pero s\u00ed el acceso de Warsh a la Fed\"}]},{\"@type\":\"WebSite\",\"@id\":\"https:\/\/gysfm.com.ar\/inicio\/#website\",\"url\":\"https:\/\/gysfm.com.ar\/inicio\/\",\"name\":\"GYS NOTICIAS |\",\"description\":\"DIARIO - RADIO ONLINE SAN JUAN ARGENTINA\",\"publisher\":{\"@id\":\"https:\/\/gysfm.com.ar\/inicio\/#organization\"},\"potentialAction\":[{\"@type\":\"SearchAction\",\"target\":{\"@type\":\"EntryPoint\",\"urlTemplate\":\"https:\/\/gysfm.com.ar\/inicio\/?s={search_term_string}\"},\"query-input\":{\"@type\":\"PropertyValueSpecification\",\"valueRequired\":true,\"valueName\":\"search_term_string\"}}],\"inLanguage\":\"es\"},{\"@type\":\"Organization\",\"@id\":\"https:\/\/gysfm.com.ar\/inicio\/#organization\",\"name\":\"GYS NOTICIAS |\",\"url\":\"https:\/\/gysfm.com.ar\/inicio\/\",\"logo\":{\"@type\":\"ImageObject\",\"inLanguage\":\"es\",\"@id\":\"https:\/\/gysfm.com.ar\/inicio\/#\/schema\/logo\/image\/\",\"url\":\"https:\/\/gysfm.com.ar\/inicio\/wp-content\/uploads\/2023\/07\/LOGOGYS-OK.png\",\"contentUrl\":\"https:\/\/gysfm.com.ar\/inicio\/wp-content\/uploads\/2023\/07\/LOGOGYS-OK.png\",\"width\":1170,\"height\":872,\"caption\":\"GYS NOTICIAS |\"},\"image\":{\"@id\":\"https:\/\/gysfm.com.ar\/inicio\/#\/schema\/logo\/image\/\"}},{\"@type\":\"Person\",\"@id\":\"https:\/\/gysfm.com.ar\/inicio\/#\/schema\/person\/5bedd7ecd35cc35548d89effafa23696\",\"name\":\"admin\",\"image\":{\"@type\":\"ImageObject\",\"inLanguage\":\"es\",\"@id\":\"https:\/\/gysfm.com.ar\/inicio\/#\/schema\/person\/image\/\",\"url\":\"https:\/\/secure.gravatar.com\/avatar\/c331d312b5243fb64d5ba28108a447b27c925295129a363082c9ea52c28d32c2?s=96&d=mm&r=g\",\"contentUrl\":\"https:\/\/secure.gravatar.com\/avatar\/c331d312b5243fb64d5ba28108a447b27c925295129a363082c9ea52c28d32c2?s=96&d=mm&r=g\",\"caption\":\"admin\"},\"sameAs\":[\"https:\/\/gysfm.com.ar\/inicio\"],\"url\":\"https:\/\/gysfm.com.ar\/inicio\/author\/admin\/\"}]}<\/script>\n<!-- \/ Yoast SEO plugin. -->","yoast_head_json":{"title":"Trump no despeja Ormuz, pero s\u00ed el acceso de Warsh a la Fed - GYS NOTICIAS |","robots":{"index":"index","follow":"follow","max-snippet":"max-snippet:-1","max-image-preview":"max-image-preview:large","max-video-preview":"max-video-preview:-1"},"canonical":"https:\/\/gysfm.com.ar\/inicio\/trump-no-despeja-ormuz-pero-si-el-acceso-de-warsh-a-la-fed\/","og_locale":"es_ES","og_type":"article","og_title":"Trump no despeja Ormuz, pero s\u00ed el acceso de Warsh a la Fed - GYS NOTICIAS |","og_description":"Persisten las tensiones en Medio Oriente mientras avanza el recambio en la Fed y Wall Street mantiene su rally, impulsado por resultados s\u00f3lidos y expectativas optimistas. Sin novedad en el frente. el estrecho de Ormuz contin\u00faa cerrado con doble candado. La tregua original venci\u00f3 el martes 21, pero se extendi\u00f3 de facto. Lo hizo bajo [&hellip;]","og_url":"https:\/\/gysfm.com.ar\/inicio\/trump-no-despeja-ormuz-pero-si-el-acceso-de-warsh-a-la-fed\/","og_site_name":"GYS NOTICIAS |","article_published_time":"2026-04-27T10:06:18+00:00","og_image":[{"url":"https:\/\/media.ambito.com\/p\/6bb44a6d07896cb681f683883231bab6\/adjuntos\/239\/imagenes\/043\/317\/0043317620\/655x368\/smart\/image-1776770878744.webp","type":"","width":"","height":""}],"author":"admin","twitter_card":"summary_large_image","twitter_misc":{"Escrito por":"admin","Tiempo de lectura":"9 minutos"},"schema":{"@context":"https:\/\/schema.org","@graph":[{"@type":"Article","@id":"https:\/\/gysfm.com.ar\/inicio\/trump-no-despeja-ormuz-pero-si-el-acceso-de-warsh-a-la-fed\/#article","isPartOf":{"@id":"https:\/\/gysfm.com.ar\/inicio\/trump-no-despeja-ormuz-pero-si-el-acceso-de-warsh-a-la-fed\/"},"author":{"name":"admin","@id":"https:\/\/gysfm.com.ar\/inicio\/#\/schema\/person\/5bedd7ecd35cc35548d89effafa23696"},"headline":"Trump no despeja Ormuz, pero s\u00ed el acceso de Warsh a la Fed","datePublished":"2026-04-27T10:06:18+00:00","mainEntityOfPage":{"@id":"https:\/\/gysfm.com.ar\/inicio\/trump-no-despeja-ormuz-pero-si-el-acceso-de-warsh-a-la-fed\/"},"wordCount":1736,"publisher":{"@id":"https:\/\/gysfm.com.ar\/inicio\/#organization"},"image":{"@id":"https:\/\/gysfm.com.ar\/inicio\/trump-no-despeja-ormuz-pero-si-el-acceso-de-warsh-a-la-fed\/#primaryimage"},"thumbnailUrl":"https:\/\/gysfm.com.ar\/inicio\/wp-content\/uploads\/2026\/04\/image-1776770878744.webp.webp","articleSection":["ECONOMIA"],"inLanguage":"es"},{"@type":"WebPage","@id":"https:\/\/gysfm.com.ar\/inicio\/trump-no-despeja-ormuz-pero-si-el-acceso-de-warsh-a-la-fed\/","url":"https:\/\/gysfm.com.ar\/inicio\/trump-no-despeja-ormuz-pero-si-el-acceso-de-warsh-a-la-fed\/","name":"Trump no despeja Ormuz, pero s\u00ed el acceso de Warsh a la Fed - GYS NOTICIAS |","isPartOf":{"@id":"https:\/\/gysfm.com.ar\/inicio\/#website"},"primaryImageOfPage":{"@id":"https:\/\/gysfm.com.ar\/inicio\/trump-no-despeja-ormuz-pero-si-el-acceso-de-warsh-a-la-fed\/#primaryimage"},"image":{"@id":"https:\/\/gysfm.com.ar\/inicio\/trump-no-despeja-ormuz-pero-si-el-acceso-de-warsh-a-la-fed\/#primaryimage"},"thumbnailUrl":"https:\/\/gysfm.com.ar\/inicio\/wp-content\/uploads\/2026\/04\/image-1776770878744.webp.webp","datePublished":"2026-04-27T10:06:18+00:00","breadcrumb":{"@id":"https:\/\/gysfm.com.ar\/inicio\/trump-no-despeja-ormuz-pero-si-el-acceso-de-warsh-a-la-fed\/#breadcrumb"},"inLanguage":"es","potentialAction":[{"@type":"ReadAction","target":["https:\/\/gysfm.com.ar\/inicio\/trump-no-despeja-ormuz-pero-si-el-acceso-de-warsh-a-la-fed\/"]}]},{"@type":"ImageObject","inLanguage":"es","@id":"https:\/\/gysfm.com.ar\/inicio\/trump-no-despeja-ormuz-pero-si-el-acceso-de-warsh-a-la-fed\/#primaryimage","url":"https:\/\/gysfm.com.ar\/inicio\/wp-content\/uploads\/2026\/04\/image-1776770878744.webp.webp","contentUrl":"https:\/\/gysfm.com.ar\/inicio\/wp-content\/uploads\/2026\/04\/image-1776770878744.webp.webp","width":1200,"height":675},{"@type":"BreadcrumbList","@id":"https:\/\/gysfm.com.ar\/inicio\/trump-no-despeja-ormuz-pero-si-el-acceso-de-warsh-a-la-fed\/#breadcrumb","itemListElement":[{"@type":"ListItem","position":1,"name":"Portada","item":"https:\/\/gysfm.com.ar\/inicio\/"},{"@type":"ListItem","position":2,"name":"Trump no despeja Ormuz, pero s\u00ed el acceso de Warsh a la Fed"}]},{"@type":"WebSite","@id":"https:\/\/gysfm.com.ar\/inicio\/#website","url":"https:\/\/gysfm.com.ar\/inicio\/","name":"GYS NOTICIAS |","description":"DIARIO - RADIO ONLINE SAN JUAN ARGENTINA","publisher":{"@id":"https:\/\/gysfm.com.ar\/inicio\/#organization"},"potentialAction":[{"@type":"SearchAction","target":{"@type":"EntryPoint","urlTemplate":"https:\/\/gysfm.com.ar\/inicio\/?s={search_term_string}"},"query-input":{"@type":"PropertyValueSpecification","valueRequired":true,"valueName":"search_term_string"}}],"inLanguage":"es"},{"@type":"Organization","@id":"https:\/\/gysfm.com.ar\/inicio\/#organization","name":"GYS NOTICIAS |","url":"https:\/\/gysfm.com.ar\/inicio\/","logo":{"@type":"ImageObject","inLanguage":"es","@id":"https:\/\/gysfm.com.ar\/inicio\/#\/schema\/logo\/image\/","url":"https:\/\/gysfm.com.ar\/inicio\/wp-content\/uploads\/2023\/07\/LOGOGYS-OK.png","contentUrl":"https:\/\/gysfm.com.ar\/inicio\/wp-content\/uploads\/2023\/07\/LOGOGYS-OK.png","width":1170,"height":872,"caption":"GYS NOTICIAS |"},"image":{"@id":"https:\/\/gysfm.com.ar\/inicio\/#\/schema\/logo\/image\/"}},{"@type":"Person","@id":"https:\/\/gysfm.com.ar\/inicio\/#\/schema\/person\/5bedd7ecd35cc35548d89effafa23696","name":"admin","image":{"@type":"ImageObject","inLanguage":"es","@id":"https:\/\/gysfm.com.ar\/inicio\/#\/schema\/person\/image\/","url":"https:\/\/secure.gravatar.com\/avatar\/c331d312b5243fb64d5ba28108a447b27c925295129a363082c9ea52c28d32c2?s=96&d=mm&r=g","contentUrl":"https:\/\/secure.gravatar.com\/avatar\/c331d312b5243fb64d5ba28108a447b27c925295129a363082c9ea52c28d32c2?s=96&d=mm&r=g","caption":"admin"},"sameAs":["https:\/\/gysfm.com.ar\/inicio"],"url":"https:\/\/gysfm.com.ar\/inicio\/author\/admin\/"}]}},"_links":{"self":[{"href":"https:\/\/gysfm.com.ar\/inicio\/wp-json\/wp\/v2\/posts\/193242","targetHints":{"allow":["GET"]}}],"collection":[{"href":"https:\/\/gysfm.com.ar\/inicio\/wp-json\/wp\/v2\/posts"}],"about":[{"href":"https:\/\/gysfm.com.ar\/inicio\/wp-json\/wp\/v2\/types\/post"}],"author":[{"embeddable":true,"href":"https:\/\/gysfm.com.ar\/inicio\/wp-json\/wp\/v2\/users\/1"}],"replies":[{"embeddable":true,"href":"https:\/\/gysfm.com.ar\/inicio\/wp-json\/wp\/v2\/comments?post=193242"}],"version-history":[{"count":0,"href":"https:\/\/gysfm.com.ar\/inicio\/wp-json\/wp\/v2\/posts\/193242\/revisions"}],"wp:featuredmedia":[{"embeddable":true,"href":"https:\/\/gysfm.com.ar\/inicio\/wp-json\/wp\/v2\/media\/193243"}],"wp:attachment":[{"href":"https:\/\/gysfm.com.ar\/inicio\/wp-json\/wp\/v2\/media?parent=193242"}],"wp:term":[{"taxonomy":"category","embeddable":true,"href":"https:\/\/gysfm.com.ar\/inicio\/wp-json\/wp\/v2\/categories?post=193242"},{"taxonomy":"post_tag","embeddable":true,"href":"https:\/\/gysfm.com.ar\/inicio\/wp-json\/wp\/v2\/tags?post=193242"}],"curies":[{"name":"wp","href":"https:\/\/api.w.org\/{rel}","templated":true}]}}