{"id":193234,"date":"2026-04-27T05:39:10","date_gmt":"2026-04-27T08:39:10","guid":{"rendered":"https:\/\/gysfm.com.ar\/inicio\/el-loco-no-puede-reelegir\/"},"modified":"2026-04-27T05:39:10","modified_gmt":"2026-04-27T08:39:10","slug":"el-loco-no-puede-reelegir","status":"publish","type":"post","link":"https:\/\/gysfm.com.ar\/inicio\/el-loco-no-puede-reelegir\/","title":{"rendered":"El loco no puede reelegir"},"content":{"rendered":"<p><\/p>\n<div id=\"article-content\">\n<p>Escribe <strong>Oberd\u00e1n Rocamora<\/strong>, redactor estrella, especial para<em> <a target=\"_blank\" href=\"https:\/\/jorgeasisdigital.com\/\">JorgeAsisDigital.com<\/a>.<\/em><\/p>\n<h2>Cargarse a Rocca<\/h2>\n<p>Al Fen\u00f3meno Solitario se le advirti\u00f3 que <strong>cargarse a don Paolo Rocca<\/strong>, El Cientista, <strong>no es lo mismo<\/strong> que atacar a la se\u00f1ora Luciana Geuna, la se\u00f1ora Mar\u00eda Laura Santill\u00e1n, o al ensayista ic\u00f3nico Joaqu\u00edn Morales Sol\u00e1. <\/p>\n<p>El conflicto con los colegas agudiza a lo sumo la <strong>b\u00e1rbara atm\u00f3sfera de crisis <\/strong>del Gobierno de Consultores.<\/p>\n<div class=\"subscription\">\n<p>\n        Esto no les gusta a los autoritarios\n    <\/p>\n<div class=\"subscription__container\">\n<div class=\"subscription__text-wrapper\">\n<p>\n                El ejercicio del periodismo profesional y cr\u00edtico es un pilar fundamental de la democracia. Por eso molesta a quienes creen ser los due\u00f1os de la verdad.\n            <\/p>\n<\/p><\/div><\/div>\n<\/div>\n<p>En cambio, Rocca mantiene la ascendencia superior que permite generar el estrat\u00e9gico ep\u00edlogo del \u201cmejor Gobierno de la historia que sac\u00f3 de la pobreza a 15 millones de argentinos (y a cuatro de la indigencia)\u201d.<\/p>\n<p class=\"destacadoNota\"><a target=\"_blank\" href=\"https:\/\/www.perfil.com\/noticias\/opinion\/les-gusta-la-pelusa-como-a-nosotros.phtml\">Les gusta la pelusa como a nosotros<\/a><\/p>\n<p>Es pesado, no solo precisamente, como industrial. Un jugador con fichas cargadas que padeci\u00f3 la infortunada contingencia de perder en el negocio de los ca\u00f1os de Vaca Muerta, contra los institucionalizados del pa\u00eds potente de los <strong>BRICS<\/strong>, la <strong>India<\/strong>, que junto con Rusia, China, Brasil y Sud\u00e1frica se abrieron espiritualmente para que la Argentina ingresara. Pero se les dijo, con inflamada torpeza, que no.<\/p>\n<p>Los libertarios se encuentran enrolados con Estados Unidos e Israel. Formidable teor\u00eda sectaria que no comparte <strong>Mauricio, repentinamente revalorado<\/strong> \u00c1ngel Exterminador, que hasta la \u00faltima semana aparec\u00eda \u201cabducido\u201d por el Tertuliano.<\/p>\n<p>Acaso lo peor fue la osad\u00eda irresponsable de clavarle a Rocca el seud\u00f3nimo \u201coberdaniano\u201d Don Chatarr\u00edn. Para colmo, el Tertuliano se esmer\u00f3 despu\u00e9s en la pat\u00e9tica faena de maltratar a don Paolo durante la desastrosa semana promocional en Nueva York. Justo cuando arranc\u00f3 el calvario sistem\u00e1ticamente inagotable de <strong>Manuel Adorni, el Premier.<\/strong><\/p>\n<div style=\"text-align:center\">\n<figure class=\"image\" style=\"display:inline-block\"><picture><source media=\"(max-width: 440px)\" srcset=\"https:\/\/fotos.perfil.com\/\/2026\/04\/26\/440\/0\/260426macripaoloroccanag-2227716.jpg?webp\"\/><source media=\"(max-width: 1019px)\" srcset=\"https:\/\/fotos.perfil.com\/\/2026\/04\/26\/712\/0\/260426macripaoloroccanag-2227716.jpg?webp\"\/><img decoding=\"async\" style=\"max-width: 100%; width: 100%;\" alt=\"260426_macri_paolo_rocca_na_g\" src=\"https:\/\/fotos.perfil.com\/\/2026\/04\/26\/900\/0\/260426macripaoloroccanag-2227716.jpg?webp\" loading=\"lazy\"\/><\/picture><figcaption>El entrevero del Tertuliano con Rocca result\u00f3 fundamental para consolidar la revaloraci\u00f3n de Mauricio<\/figcaption><\/figure>\n<\/p><\/div>\n<p>Mientras masacraba con perversidad a don Paolo, cierto empresario abrumado, de los que abonaron el pasaje con la suya, le coment\u00f3 despu\u00e9s al consultor insigne, en la proximidad de Times Square:<strong> \u201cEl loco este no puede reelegir\u201d. <\/strong>Hab\u00eda que inventar, en efecto, otra alternativa.<\/p>\n<p>El entrevero del Tertuliano con Rocca result\u00f3 fundamental para consolidar la revaloraci\u00f3n de Mauricio. En plena declinaci\u00f3n, miembros de n\u00famero del <strong>C\u00edrculo Rojo<\/strong> (que en su momento lo cagaron) ya prefieren mantener a Mauricio frontalmente en pugna por el <strong>\u00abregreso glorioso a la presidencia\u00bb<\/strong>.<\/p>\n<p>Trasciende que en la comida \u00edntima \u2014pollo asado con ensaladas y pur\u00e9\u2014 el gastr\u00f3nomo Rocca trat\u00f3 cordialmente con el \u00c1ngel el pragmatismo del tema. Trasciende tambi\u00e9n que Mauricio volvi\u00f3 a demorar la toma de decisiones hasta <strong>despu\u00e9s del Mundial<\/strong>.<\/p>\n<h2>El laberinto del 8<\/h2>\n<p>Pero no por nada Mauricio es el <strong>\u00c1ngel Exterminador<\/strong>. Extermin\u00f3, sin ir m\u00e1s lejos, a <strong>Horacio Rodr\u00edguez Larreta, Geniol<\/strong>. <\/p>\n<p>Larreta es el expl\u00edcito perdedor que fue expulsado de la cancha por la instrumentada se\u00f1ora<strong> Patricia, La Montonera del Bien<\/strong>, durante las PASO serviciales de 2023. Elecciones primarias y obligatorias que benefician a los oficialismos.<\/p>\n<p>Como fuma debajo del agua, el Tertuliano se dispone obstinadamente a eliminarla. Al cierre del despacho, para algarab\u00eda del peronismo,<strong> los votos no les alcanzan<\/strong> para cancelar nada.<\/p>\n<div style=\"text-align:center\">\n<figure class=\"image\" style=\"display:inline-block\"><picture><source media=\"(max-width: 440px)\" srcset=\"https:\/\/fotos.perfil.com\/\/2026\/03\/19\/440\/0\/horacio-rodriguez-larreta-2206129.jpg?webp\"\/><source media=\"(max-width: 1019px)\" srcset=\"https:\/\/fotos.perfil.com\/\/2026\/03\/19\/712\/0\/horacio-rodriguez-larreta-2206129.jpg?webp\"\/><img decoding=\"async\" style=\"max-width: 100%; width: 100%;\" alt=\"Horacio Rodriguez Larreta\" src=\"https:\/\/fotos.perfil.com\/\/2026\/03\/19\/900\/0\/horacio-rodriguez-larreta-2206129.jpg?webp\" loading=\"lazy\"\/><\/picture><figcaption>Larreta persiste en el extra\u00f1o laberinto del 8<\/figcaption><\/figure>\n<\/p><\/div>\n<p>Pero <strong>Larreta persiste en el extra\u00f1o laberinto del 8<\/strong>. Con 8 a\u00f1os de experiencia como Premier de Mauricio, cuando era en realidad quien trabajaba. Con 8 a\u00f1os como jefe de gobierno del Artificio Aut\u00f3nomo que supo transformar en Maxiquiosco. Y captur\u00f3 8 puntos al intentar el ambicioso regreso a las grandes ligas, en las legislativas de 2025. 8 puntos meritorios que resultan insuficientes para la utop\u00eda de volver.<\/p>\n<p><strong>Necesita al menos 30<\/strong> para competir en segunda vuelta con quien sea. El alica\u00eddo Adorni, Patricia o acaso la se\u00f1ora Pilar de La Guantanamera.<\/p>\n<p>Larreta recorre la ciudad degradada que huele profundamente a or\u00edn. L\u00edcita consecuencia de la indigencia multiplicada que utiliza los nada pl\u00e1cidos estantes del Maxiquiosco como dormitorio. Recurso vulgar para las decenas de miles de <strong>arrojados sociales del \u201cmejor Gobierno de la historia\u201d<\/strong> que teoriza sin rigor sobre los atributos de la econom\u00eda austriaca (que en Viena, asombrosamente, desconocen).<\/p>\n<p class=\"destacadoNota\"><a target=\"_blank\" href=\"https:\/\/www.perfil.com\/noticias\/opinion\/manteca-en-el-asfalto-del-mediodia-de-enero.phtml\">Manteca en el asfalto del mediod\u00eda de enero<\/a><\/p>\n<h2>Hegemon\u00eda de Los Primos<\/h2>\n<p>Geniol se emociona con el 2027 porque contiene una compulsa ejecutiva. Ideal para quienes se hayan destacado en la gesti\u00f3n. Delira con perforar el laberinto del 8. <\/p>\n<p>Debe competir tambi\u00e9n con <strong>Jorge Macri, El Primo (que era) Pobre<\/strong>. Antiguo funcionario que no fue de los ministros memorables. Pero hoy Jorge es el \u00abmaire\u00bb que mantiene el formidable derecho constitucional de ser reelecto, aunque en las legislativas le fue para el demonio por la prestancia del mejor Adorni.<\/p>\n<p>Al Primo ahora le cuesta escandalosamente \u201crendirse\u201d ante el Tertuliano que <strong>supo humillarlo, al rechazar el saludo<\/strong> cinematogr\u00e1ficamente protocolar en la Bas\u00edlica. Lejos de ser el momento inolvidable para el activo conocedor de las reglas del suburbio que supo hacer la gigantesca diferencia (pol\u00edtica) en Vicente L\u00f3pez, distrito del que fue mini gobernador.<\/p>\n<p style=\"text-align:center\"><picture><source media=\"(max-width: 440px)\" srcset=\"https:\/\/fotos.perfil.com\/\/2026\/04\/14\/440\/0\/mauricio-macri-maria-eugenia-vidal-jorge-macri-20260413-2219897.jpg?webp\"\/><source media=\"(max-width: 1019px)\" srcset=\"https:\/\/fotos.perfil.com\/\/2026\/04\/14\/712\/0\/mauricio-macri-maria-eugenia-vidal-jorge-macri-20260413-2219897.jpg?webp\"\/><img decoding=\"async\" style=\"max-width: 100%; width: 100%;\" alt=\"Mauricio Macri, Mar\u00eda Eugenia Vidal, Jorge Macri 20260413\" src=\"https:\/\/fotos.perfil.com\/\/2026\/04\/14\/900\/0\/mauricio-macri-maria-eugenia-vidal-jorge-macri-20260413-2219897.jpg?webp\" loading=\"lazy\"\/><\/picture><\/p>\n<p>La se\u00f1ora Karina, la Guantanamera poderosa, no lo quiere ni siquiera de regalo en el armado. Aunque se le desintegre el Premier Adorni,<strong> la Guantanamera planifica acabar con la hegemon\u00eda de Los Primos <\/strong>en el Maxiquiosco.<\/p>\n<p>Para colmo Los Primos casi no se hablan y mantienen la tensa relaci\u00f3n intensa, conflictivamente natural entre el Chancho (Mauricio) y la Serpiente (Jorge). Ambos mantienen de t\u00e1cito intermediario al jurista l\u00fadico <strong>Daniel Angelici, Memo Carotenuto<\/strong>, extendido hombre fuerte que talla entre los chocolatines judiciales del Maxiquiosco.<\/p>\n<h2>Sin tiempo de revancha<\/h2>\n<p>Entonces <strong>Patricia <\/strong>fue el instrumento eficaz que, despu\u00e9s de ser usado para deshacerse de Horacio, <strong>abandon\u00f3 pronto a Mauricio.<\/strong><\/p>\n<p>Corresponde probablemente que Patricia, por lealtad sublime a su historia, <strong>abandone pronto tambi\u00e9n al Tertuliano<\/strong>. Sobre todo si se profundizan las ceremonias rituales del desdibujamiento del proyecto. <\/p>\n<p>La exclusiva obsesi\u00f3n pendiente de la Montonera del Bien es la <strong>presidencia<\/strong>. Nada le interesa brindarle la oportunidad de revancha a su entra\u00f1able vencido que a\u00fan aspira, en efecto, al regreso glorioso y triunfal, en una alianza imposible, al menos, con el peronismo.<\/p>\n<p>Pero es material para un pr\u00f3ximo cap\u00edtulo de la miniserie.<\/p>\n<p><em>ML<\/em><\/p>\n<\/p><\/div>\n<p><script>\n                !function(f,b,e,v,n,t,s)\n                {if(f.fbq)return;n=f.fbq=function(){n.callMethod?\n                    n.callMethod.apply(n,arguments):n.queue.push(arguments)};\n                    if(!f._fbq)f._fbq=n;n.push=n;n.loaded=!0;n.version='2.0';\n                    n.queue=[];t=b.createElement(e);t.async=!0;\n                    t.src=v;s=b.getElementsByTagName(e)[0];\n                    s.parentNode.insertBefore(t,s)}(window, document,'script',\n                    'https:\/\/connect.facebook.net\/en_US\/fbevents.js');\n                window.paywallConfig.facebook_pixel=\"1000228364089342\"\n            <\/script><\/p>\n","protected":false},"excerpt":{"rendered":"<p>Escribe Oberd\u00e1n Rocamora, redactor estrella, especial para JorgeAsisDigital.com. Cargarse a Rocca Al Fen\u00f3meno Solitario se le advirti\u00f3 que cargarse a don Paolo Rocca, El Cientista, no es lo mismo que atacar a la se\u00f1ora Luciana Geuna, la se\u00f1ora Mar\u00eda Laura Santill\u00e1n, o al ensayista ic\u00f3nico Joaqu\u00edn Morales Sol\u00e1. El conflicto con los colegas agudiza a [&hellip;]<\/p>\n","protected":false},"author":2,"featured_media":193235,"comment_status":"closed","ping_status":"closed","sticky":false,"template":"","format":"standard","meta":{"footnotes":""},"categories":[25],"tags":[],"class_list":["post-193234","post","type-post","status-publish","format-standard","has-post-thumbnail","hentry","category-nacionales"],"yoast_head":"<!-- This site is optimized with the Yoast SEO plugin v24.4 - https:\/\/yoast.com\/wordpress\/plugins\/seo\/ -->\n<title>El loco no puede reelegir - GYS NOTICIAS |<\/title>\n<meta name=\"robots\" content=\"index, follow, max-snippet:-1, max-image-preview:large, max-video-preview:-1\" \/>\n<link rel=\"canonical\" href=\"https:\/\/gysfm.com.ar\/inicio\/el-loco-no-puede-reelegir\/\" \/>\n<meta property=\"og:locale\" content=\"es_ES\" \/>\n<meta property=\"og:type\" content=\"article\" \/>\n<meta property=\"og:title\" content=\"El loco no puede reelegir - GYS NOTICIAS |\" \/>\n<meta property=\"og:description\" content=\"Escribe Oberd\u00e1n Rocamora, redactor estrella, especial para JorgeAsisDigital.com. Cargarse a Rocca Al Fen\u00f3meno Solitario se le advirti\u00f3 que cargarse a don Paolo Rocca, El Cientista, no es lo mismo que atacar a la se\u00f1ora Luciana Geuna, la se\u00f1ora Mar\u00eda Laura Santill\u00e1n, o al ensayista ic\u00f3nico Joaqu\u00edn Morales Sol\u00e1. El conflicto con los colegas agudiza a [&hellip;]\" \/>\n<meta property=\"og:url\" content=\"https:\/\/gysfm.com.ar\/inicio\/el-loco-no-puede-reelegir\/\" \/>\n<meta property=\"og:site_name\" content=\"GYS NOTICIAS |\" \/>\n<meta property=\"article:published_time\" content=\"2026-04-27T08:39:10+00:00\" \/>\n<meta property=\"og:image\" content=\"https:\/\/fotos.perfil.com\/\/2026\/04\/26\/900\/0\/260426macripaoloroccanag-2227716.jpg?webp\" \/>\n<meta name=\"author\" content=\"Prensa G&amp;S FM\" \/>\n<meta name=\"twitter:card\" content=\"summary_large_image\" \/>\n<meta name=\"twitter:label1\" content=\"Escrito por\" \/>\n\t<meta name=\"twitter:data1\" content=\"Prensa G&amp;S FM\" \/>\n\t<meta name=\"twitter:label2\" content=\"Tiempo de lectura\" \/>\n\t<meta name=\"twitter:data2\" content=\"5 minutos\" \/>\n<script type=\"application\/ld+json\" class=\"yoast-schema-graph\">{\"@context\":\"https:\/\/schema.org\",\"@graph\":[{\"@type\":\"Article\",\"@id\":\"https:\/\/gysfm.com.ar\/inicio\/el-loco-no-puede-reelegir\/#article\",\"isPartOf\":{\"@id\":\"https:\/\/gysfm.com.ar\/inicio\/el-loco-no-puede-reelegir\/\"},\"author\":{\"name\":\"Prensa G&amp;S FM\",\"@id\":\"https:\/\/gysfm.com.ar\/inicio\/#\/schema\/person\/3abba7593ef2ad19e1be221d54383dc5\"},\"headline\":\"El loco no puede reelegir\",\"datePublished\":\"2026-04-27T08:39:10+00:00\",\"mainEntityOfPage\":{\"@id\":\"https:\/\/gysfm.com.ar\/inicio\/el-loco-no-puede-reelegir\/\"},\"wordCount\":1067,\"publisher\":{\"@id\":\"https:\/\/gysfm.com.ar\/inicio\/#organization\"},\"image\":{\"@id\":\"https:\/\/gysfm.com.ar\/inicio\/el-loco-no-puede-reelegir\/#primaryimage\"},\"thumbnailUrl\":\"https:\/\/gysfm.com.ar\/inicio\/wp-content\/uploads\/2026\/04\/javier-milei-2224262.jpg\",\"articleSection\":[\"NACIONALES\"],\"inLanguage\":\"es\"},{\"@type\":\"WebPage\",\"@id\":\"https:\/\/gysfm.com.ar\/inicio\/el-loco-no-puede-reelegir\/\",\"url\":\"https:\/\/gysfm.com.ar\/inicio\/el-loco-no-puede-reelegir\/\",\"name\":\"El loco no puede reelegir - GYS NOTICIAS |\",\"isPartOf\":{\"@id\":\"https:\/\/gysfm.com.ar\/inicio\/#website\"},\"primaryImageOfPage\":{\"@id\":\"https:\/\/gysfm.com.ar\/inicio\/el-loco-no-puede-reelegir\/#primaryimage\"},\"image\":{\"@id\":\"https:\/\/gysfm.com.ar\/inicio\/el-loco-no-puede-reelegir\/#primaryimage\"},\"thumbnailUrl\":\"https:\/\/gysfm.com.ar\/inicio\/wp-content\/uploads\/2026\/04\/javier-milei-2224262.jpg\",\"datePublished\":\"2026-04-27T08:39:10+00:00\",\"breadcrumb\":{\"@id\":\"https:\/\/gysfm.com.ar\/inicio\/el-loco-no-puede-reelegir\/#breadcrumb\"},\"inLanguage\":\"es\",\"potentialAction\":[{\"@type\":\"ReadAction\",\"target\":[\"https:\/\/gysfm.com.ar\/inicio\/el-loco-no-puede-reelegir\/\"]}]},{\"@type\":\"ImageObject\",\"inLanguage\":\"es\",\"@id\":\"https:\/\/gysfm.com.ar\/inicio\/el-loco-no-puede-reelegir\/#primaryimage\",\"url\":\"https:\/\/gysfm.com.ar\/inicio\/wp-content\/uploads\/2026\/04\/javier-milei-2224262.jpg\",\"contentUrl\":\"https:\/\/gysfm.com.ar\/inicio\/wp-content\/uploads\/2026\/04\/javier-milei-2224262.jpg\",\"width\":1140,\"height\":641},{\"@type\":\"BreadcrumbList\",\"@id\":\"https:\/\/gysfm.com.ar\/inicio\/el-loco-no-puede-reelegir\/#breadcrumb\",\"itemListElement\":[{\"@type\":\"ListItem\",\"position\":1,\"name\":\"Portada\",\"item\":\"https:\/\/gysfm.com.ar\/inicio\/\"},{\"@type\":\"ListItem\",\"position\":2,\"name\":\"El loco no puede reelegir\"}]},{\"@type\":\"WebSite\",\"@id\":\"https:\/\/gysfm.com.ar\/inicio\/#website\",\"url\":\"https:\/\/gysfm.com.ar\/inicio\/\",\"name\":\"GYS NOTICIAS |\",\"description\":\"DIARIO - RADIO ONLINE SAN JUAN ARGENTINA\",\"publisher\":{\"@id\":\"https:\/\/gysfm.com.ar\/inicio\/#organization\"},\"potentialAction\":[{\"@type\":\"SearchAction\",\"target\":{\"@type\":\"EntryPoint\",\"urlTemplate\":\"https:\/\/gysfm.com.ar\/inicio\/?s={search_term_string}\"},\"query-input\":{\"@type\":\"PropertyValueSpecification\",\"valueRequired\":true,\"valueName\":\"search_term_string\"}}],\"inLanguage\":\"es\"},{\"@type\":\"Organization\",\"@id\":\"https:\/\/gysfm.com.ar\/inicio\/#organization\",\"name\":\"GYS NOTICIAS |\",\"url\":\"https:\/\/gysfm.com.ar\/inicio\/\",\"logo\":{\"@type\":\"ImageObject\",\"inLanguage\":\"es\",\"@id\":\"https:\/\/gysfm.com.ar\/inicio\/#\/schema\/logo\/image\/\",\"url\":\"https:\/\/gysfm.com.ar\/inicio\/wp-content\/uploads\/2023\/07\/LOGOGYS-OK.png\",\"contentUrl\":\"https:\/\/gysfm.com.ar\/inicio\/wp-content\/uploads\/2023\/07\/LOGOGYS-OK.png\",\"width\":1170,\"height\":872,\"caption\":\"GYS NOTICIAS |\"},\"image\":{\"@id\":\"https:\/\/gysfm.com.ar\/inicio\/#\/schema\/logo\/image\/\"}},{\"@type\":\"Person\",\"@id\":\"https:\/\/gysfm.com.ar\/inicio\/#\/schema\/person\/3abba7593ef2ad19e1be221d54383dc5\",\"name\":\"Prensa G&amp;S FM\",\"image\":{\"@type\":\"ImageObject\",\"inLanguage\":\"es\",\"@id\":\"https:\/\/gysfm.com.ar\/inicio\/#\/schema\/person\/image\/\",\"url\":\"https:\/\/secure.gravatar.com\/avatar\/096ec78df02049ab018702bb4ccedf659377fa92a26540b5247612077a0dbd29?s=96&d=mm&r=g\",\"contentUrl\":\"https:\/\/secure.gravatar.com\/avatar\/096ec78df02049ab018702bb4ccedf659377fa92a26540b5247612077a0dbd29?s=96&d=mm&r=g\",\"caption\":\"Prensa G&amp;S FM\"},\"sameAs\":[\"https:\/\/gysfm.com.ar\/\"],\"url\":\"https:\/\/gysfm.com.ar\/inicio\/author\/lucasm\/\"}]}<\/script>\n<!-- \/ Yoast SEO plugin. -->","yoast_head_json":{"title":"El loco no puede reelegir - GYS NOTICIAS |","robots":{"index":"index","follow":"follow","max-snippet":"max-snippet:-1","max-image-preview":"max-image-preview:large","max-video-preview":"max-video-preview:-1"},"canonical":"https:\/\/gysfm.com.ar\/inicio\/el-loco-no-puede-reelegir\/","og_locale":"es_ES","og_type":"article","og_title":"El loco no puede reelegir - GYS NOTICIAS |","og_description":"Escribe Oberd\u00e1n Rocamora, redactor estrella, especial para JorgeAsisDigital.com. Cargarse a Rocca Al Fen\u00f3meno Solitario se le advirti\u00f3 que cargarse a don Paolo Rocca, El Cientista, no es lo mismo que atacar a la se\u00f1ora Luciana Geuna, la se\u00f1ora Mar\u00eda Laura Santill\u00e1n, o al ensayista ic\u00f3nico Joaqu\u00edn Morales Sol\u00e1. El conflicto con los colegas agudiza a [&hellip;]","og_url":"https:\/\/gysfm.com.ar\/inicio\/el-loco-no-puede-reelegir\/","og_site_name":"GYS NOTICIAS |","article_published_time":"2026-04-27T08:39:10+00:00","og_image":[{"url":"https:\/\/fotos.perfil.com\/\/2026\/04\/26\/900\/0\/260426macripaoloroccanag-2227716.jpg?webp","type":"","width":"","height":""}],"author":"Prensa G&amp;S FM","twitter_card":"summary_large_image","twitter_misc":{"Escrito por":"Prensa G&amp;S FM","Tiempo de lectura":"5 minutos"},"schema":{"@context":"https:\/\/schema.org","@graph":[{"@type":"Article","@id":"https:\/\/gysfm.com.ar\/inicio\/el-loco-no-puede-reelegir\/#article","isPartOf":{"@id":"https:\/\/gysfm.com.ar\/inicio\/el-loco-no-puede-reelegir\/"},"author":{"name":"Prensa G&amp;S FM","@id":"https:\/\/gysfm.com.ar\/inicio\/#\/schema\/person\/3abba7593ef2ad19e1be221d54383dc5"},"headline":"El loco no puede reelegir","datePublished":"2026-04-27T08:39:10+00:00","mainEntityOfPage":{"@id":"https:\/\/gysfm.com.ar\/inicio\/el-loco-no-puede-reelegir\/"},"wordCount":1067,"publisher":{"@id":"https:\/\/gysfm.com.ar\/inicio\/#organization"},"image":{"@id":"https:\/\/gysfm.com.ar\/inicio\/el-loco-no-puede-reelegir\/#primaryimage"},"thumbnailUrl":"https:\/\/gysfm.com.ar\/inicio\/wp-content\/uploads\/2026\/04\/javier-milei-2224262.jpg","articleSection":["NACIONALES"],"inLanguage":"es"},{"@type":"WebPage","@id":"https:\/\/gysfm.com.ar\/inicio\/el-loco-no-puede-reelegir\/","url":"https:\/\/gysfm.com.ar\/inicio\/el-loco-no-puede-reelegir\/","name":"El loco no puede reelegir - GYS NOTICIAS |","isPartOf":{"@id":"https:\/\/gysfm.com.ar\/inicio\/#website"},"primaryImageOfPage":{"@id":"https:\/\/gysfm.com.ar\/inicio\/el-loco-no-puede-reelegir\/#primaryimage"},"image":{"@id":"https:\/\/gysfm.com.ar\/inicio\/el-loco-no-puede-reelegir\/#primaryimage"},"thumbnailUrl":"https:\/\/gysfm.com.ar\/inicio\/wp-content\/uploads\/2026\/04\/javier-milei-2224262.jpg","datePublished":"2026-04-27T08:39:10+00:00","breadcrumb":{"@id":"https:\/\/gysfm.com.ar\/inicio\/el-loco-no-puede-reelegir\/#breadcrumb"},"inLanguage":"es","potentialAction":[{"@type":"ReadAction","target":["https:\/\/gysfm.com.ar\/inicio\/el-loco-no-puede-reelegir\/"]}]},{"@type":"ImageObject","inLanguage":"es","@id":"https:\/\/gysfm.com.ar\/inicio\/el-loco-no-puede-reelegir\/#primaryimage","url":"https:\/\/gysfm.com.ar\/inicio\/wp-content\/uploads\/2026\/04\/javier-milei-2224262.jpg","contentUrl":"https:\/\/gysfm.com.ar\/inicio\/wp-content\/uploads\/2026\/04\/javier-milei-2224262.jpg","width":1140,"height":641},{"@type":"BreadcrumbList","@id":"https:\/\/gysfm.com.ar\/inicio\/el-loco-no-puede-reelegir\/#breadcrumb","itemListElement":[{"@type":"ListItem","position":1,"name":"Portada","item":"https:\/\/gysfm.com.ar\/inicio\/"},{"@type":"ListItem","position":2,"name":"El loco no puede reelegir"}]},{"@type":"WebSite","@id":"https:\/\/gysfm.com.ar\/inicio\/#website","url":"https:\/\/gysfm.com.ar\/inicio\/","name":"GYS NOTICIAS |","description":"DIARIO - RADIO ONLINE SAN JUAN ARGENTINA","publisher":{"@id":"https:\/\/gysfm.com.ar\/inicio\/#organization"},"potentialAction":[{"@type":"SearchAction","target":{"@type":"EntryPoint","urlTemplate":"https:\/\/gysfm.com.ar\/inicio\/?s={search_term_string}"},"query-input":{"@type":"PropertyValueSpecification","valueRequired":true,"valueName":"search_term_string"}}],"inLanguage":"es"},{"@type":"Organization","@id":"https:\/\/gysfm.com.ar\/inicio\/#organization","name":"GYS NOTICIAS |","url":"https:\/\/gysfm.com.ar\/inicio\/","logo":{"@type":"ImageObject","inLanguage":"es","@id":"https:\/\/gysfm.com.ar\/inicio\/#\/schema\/logo\/image\/","url":"https:\/\/gysfm.com.ar\/inicio\/wp-content\/uploads\/2023\/07\/LOGOGYS-OK.png","contentUrl":"https:\/\/gysfm.com.ar\/inicio\/wp-content\/uploads\/2023\/07\/LOGOGYS-OK.png","width":1170,"height":872,"caption":"GYS NOTICIAS |"},"image":{"@id":"https:\/\/gysfm.com.ar\/inicio\/#\/schema\/logo\/image\/"}},{"@type":"Person","@id":"https:\/\/gysfm.com.ar\/inicio\/#\/schema\/person\/3abba7593ef2ad19e1be221d54383dc5","name":"Prensa G&amp;S FM","image":{"@type":"ImageObject","inLanguage":"es","@id":"https:\/\/gysfm.com.ar\/inicio\/#\/schema\/person\/image\/","url":"https:\/\/secure.gravatar.com\/avatar\/096ec78df02049ab018702bb4ccedf659377fa92a26540b5247612077a0dbd29?s=96&d=mm&r=g","contentUrl":"https:\/\/secure.gravatar.com\/avatar\/096ec78df02049ab018702bb4ccedf659377fa92a26540b5247612077a0dbd29?s=96&d=mm&r=g","caption":"Prensa G&amp;S FM"},"sameAs":["https:\/\/gysfm.com.ar\/"],"url":"https:\/\/gysfm.com.ar\/inicio\/author\/lucasm\/"}]}},"_links":{"self":[{"href":"https:\/\/gysfm.com.ar\/inicio\/wp-json\/wp\/v2\/posts\/193234","targetHints":{"allow":["GET"]}}],"collection":[{"href":"https:\/\/gysfm.com.ar\/inicio\/wp-json\/wp\/v2\/posts"}],"about":[{"href":"https:\/\/gysfm.com.ar\/inicio\/wp-json\/wp\/v2\/types\/post"}],"author":[{"embeddable":true,"href":"https:\/\/gysfm.com.ar\/inicio\/wp-json\/wp\/v2\/users\/2"}],"replies":[{"embeddable":true,"href":"https:\/\/gysfm.com.ar\/inicio\/wp-json\/wp\/v2\/comments?post=193234"}],"version-history":[{"count":0,"href":"https:\/\/gysfm.com.ar\/inicio\/wp-json\/wp\/v2\/posts\/193234\/revisions"}],"wp:featuredmedia":[{"embeddable":true,"href":"https:\/\/gysfm.com.ar\/inicio\/wp-json\/wp\/v2\/media\/193235"}],"wp:attachment":[{"href":"https:\/\/gysfm.com.ar\/inicio\/wp-json\/wp\/v2\/media?parent=193234"}],"wp:term":[{"taxonomy":"category","embeddable":true,"href":"https:\/\/gysfm.com.ar\/inicio\/wp-json\/wp\/v2\/categories?post=193234"},{"taxonomy":"post_tag","embeddable":true,"href":"https:\/\/gysfm.com.ar\/inicio\/wp-json\/wp\/v2\/tags?post=193234"}],"curies":[{"name":"wp","href":"https:\/\/api.w.org\/{rel}","templated":true}]}}