{"id":193227,"date":"2026-04-27T04:36:04","date_gmt":"2026-04-27T07:36:04","guid":{"rendered":"https:\/\/gysfm.com.ar\/inicio\/la-cgt-y-techint-negocian-un-pronunciamiento\/"},"modified":"2026-04-27T04:36:04","modified_gmt":"2026-04-27T07:36:04","slug":"la-cgt-y-techint-negocian-un-pronunciamiento","status":"publish","type":"post","link":"https:\/\/gysfm.com.ar\/inicio\/la-cgt-y-techint-negocian-un-pronunciamiento\/","title":{"rendered":"La CGT y Techint negocian un pronunciamiento"},"content":{"rendered":"<p><\/p>\n<div id=\"article-content\">\n<p>\u201c\u00bfQu\u00e9 tienen en com\u00fan la CGT y Techint? Por el momento, comparten diagn\u00f3stico sobre el rumbo econ\u00f3mico de Javier Milei y la necesidad de realizar acciones en conjunto. Un v\u00ednculo que naci\u00f3 al calor de la crisis libertaria y que puede profundizarse en las pr\u00f3ximas semanas. La Iglesia Cat\u00f3lica no es ajena y suma conversaciones con diferentes actores pero sus representantes pol\u00edticos ya aclararon que no pretenden jugar a fondo en este momento.<\/p>\n<p>Seg\u00fan pudo saber PERFIL, desde marzo los popes de la calle Azopardo se re\u00fanen de manera peri\u00f3dica con representantes del grupo empresario. En los encuentros, muy reservados, abunda la preocupaci\u00f3n por el aumento del desempleo y un modelo econ\u00f3mico que no le da respuestas, seg\u00fan coinciden, a la clase trabajadora.<\/p>\n<p>El aluvi\u00f3n importador que gener\u00f3 la gesti\u00f3n de La Libertad Avanza es otro tema que circula en las conversaciones. \u201cProductos de plataformas chinas ingresan con demasiada facilidad para los consumidores, no pagan impuestos y se destruye el tejido productivo, sobre todo el de la provincia de Buenos Aires\u201d, lamentan en ambos lados del mostrador.<\/p>\n<div class=\"subscription\">\n<p>\n        Esto no les gusta a los autoritarios\n    <\/p>\n<div class=\"subscription__container\">\n<div class=\"subscription__text-wrapper\">\n<p>\n                El ejercicio del periodismo profesional y cr\u00edtico es un pilar fundamental de la democracia. Por eso molesta a quienes creen ser los due\u00f1os de la verdad.\n            <\/p>\n<\/p><\/div><\/div>\n<\/div>\n<p>Pero tanto en la central obrera como en el grupo multinacional no quieren quedarse solamente con las cr\u00edticas: apuestan a emitir un documento con propuestas para fomentar la producci\u00f3n y el empleo en las pr\u00f3ximas semanas. En caso de concretarse, ser\u00eda la primera vez que sindicalistas y empresarios coinciden en caminar juntos para capear el temporal libertario.<\/p>\n<p>Cuando se consulta en Techint por el peso de los dardos del Presidente hacia el CEO de la compa\u00f1\u00eda, Paolo Rocca, en esta confluencia con la calle Azopardo, hay una respuesta. Dicen, y de manera tajante, que no hay correlaci\u00f3n. \u201cLo que piensa Paolo de Milei est\u00e1 solamente en la cabeza de \u00e9l. Los ataques del Presidente hablan m\u00e1s del Presidente que de Paolo\u201d, describe un empresario del grupo que tambi\u00e9n lanza cr\u00edticas hacia el gobierno de Axel Kicillof de la provincia de Buenos Aires.<\/p>\n<p>La principal cr\u00edtica que se escucha contra el mandatario de Uni\u00f3n por la Patria desde el conglomerado empresarial es que \u201cla carga impositiva est\u00e1 asfixiando a much\u00edsimas empresas\u201d. Remarcan que hay di\u00e1logo con funcionarios de su administraci\u00f3n aunque sin soluciones. \u201cTenemos a un Gobierno nacional que te mata con las importaciones y a un provincial que con los tributos no te deja sobrevivir. Es una situaci\u00f3n dif\u00edcil, un panorama que no es alentador y as\u00ed muchas empresas van a quebrar\u201d, anticipa.<\/p>\n<p>En la calle Azopardo no son tan categ\u00f3ricos con el mandatario, a diferencia de aquellos que se mueven en Techint. Rescatan que \u201ces honesto, que tiene vocaci\u00f3n y di\u00e1logo\u201d. Aunque lo ven demasiado enfrascado en la interna mientras el tiempo transcurre a gran velocidad y el partido Justicialista necesita orden. Un miembro de la mesa chica cree que Kicillof terminar\u00e1 \u201cfagocitado en la interna con el kirchnerismo\u201d. Por eso, le dice a sus pares que hoy la central no puede jugar pol\u00edticamente y a fondo con nadie hasta que despeje el panorama.<\/p>\n<p>En ese marco, aparece en el radar cegetista el empresario y ex presidente del club River Plate Jorge Brito. (ver P\u00e1gina 2). El magnate controla la mayor\u00eda accionaria del Banco Macro. Es un hombre que posee di\u00e1logo con la dirigencia sindical y que genera empat\u00eda en sus interlocutores, m\u00e1s all\u00e1 de no haber saltado formalmente a la arena pol\u00edtica. Incluso, en la CGT hay quienes le valoran la gesti\u00f3n en la instituci\u00f3n \u201cmillonaria\u201d pese a no haber ganado t\u00edtulos deportivos de relevancia bajo su era.  Todos omiten con elegancia que Brito es uno de los banqueros m\u00e1s importantes del pa\u00eds que tiene una muy buena relaci\u00f3n con Sergio Massa.<\/p>\n<p>Hay otro actor social de peso que tuvo conversaciones con la central obrera, tal como confirman fuentes sindicales: la Conferencia Epicscopal Argentina (CEA) que tiene como presidente al arzobispo Marcelo Colombo. La intenci\u00f3n que tuvo la mesa chica fue que se sumen de manera formal a la movilizaci\u00f3n a Plaza de Mayo en conmemoraci\u00f3n del D\u00eda del Trabajador, que se desarrollar\u00e1 el 30 de abril.<\/p>\n<p>Sin embargo, se llevaron evasivas y negativas, lo que alter\u00f3 \u00e1nimos de dirigentes sindicales. \u201cNo puede ser que especulen en este contexto de hambre y falta de trabajo de la gente\u201d, dijo un representante gremial sobre la actitud eclesi\u00e1stica.<\/p>\n<p>En la CEA contestaron que nunca hubo chance de que la Iglesia apoye la marcha cegetista. \u201c Nunca la Iglesia se sumar\u00eda a algo as\u00ed, no hubo ni siquiera una conversaci\u00f3n\u201d, indicaron.<\/p>\n<\/p><\/div>\n<p><script>\n                !function(f,b,e,v,n,t,s)\n                {if(f.fbq)return;n=f.fbq=function(){n.callMethod?\n                    n.callMethod.apply(n,arguments):n.queue.push(arguments)};\n                    if(!f._fbq)f._fbq=n;n.push=n;n.loaded=!0;n.version='2.0';\n                    n.queue=[];t=b.createElement(e);t.async=!0;\n                    t.src=v;s=b.getElementsByTagName(e)[0];\n                    s.parentNode.insertBefore(t,s)}(window, document,'script',\n                    'https:\/\/connect.facebook.net\/en_US\/fbevents.js');\n                window.paywallConfig.facebook_pixel=\"1000228364089342\"\n            <\/script><\/p>\n","protected":false},"excerpt":{"rendered":"<p>\u201c\u00bfQu\u00e9 tienen en com\u00fan la CGT y Techint? Por el momento, comparten diagn\u00f3stico sobre el rumbo econ\u00f3mico de Javier Milei y la necesidad de realizar acciones en conjunto. Un v\u00ednculo que naci\u00f3 al calor de la crisis libertaria y que puede profundizarse en las pr\u00f3ximas semanas. La Iglesia Cat\u00f3lica no es ajena y suma conversaciones [&hellip;]<\/p>\n","protected":false},"author":2,"featured_media":193228,"comment_status":"closed","ping_status":"closed","sticky":false,"template":"","format":"standard","meta":{"footnotes":""},"categories":[25],"tags":[],"class_list":["post-193227","post","type-post","status-publish","format-standard","has-post-thumbnail","hentry","category-nacionales"],"yoast_head":"<!-- This site is optimized with the Yoast SEO plugin v24.4 - https:\/\/yoast.com\/wordpress\/plugins\/seo\/ -->\n<title>La CGT y Techint negocian un pronunciamiento - GYS NOTICIAS |<\/title>\n<meta name=\"robots\" content=\"index, follow, max-snippet:-1, max-image-preview:large, max-video-preview:-1\" \/>\n<link rel=\"canonical\" href=\"https:\/\/gysfm.com.ar\/inicio\/la-cgt-y-techint-negocian-un-pronunciamiento\/\" \/>\n<meta property=\"og:locale\" content=\"es_ES\" \/>\n<meta property=\"og:type\" content=\"article\" \/>\n<meta property=\"og:title\" content=\"La CGT y Techint negocian un pronunciamiento - GYS NOTICIAS |\" \/>\n<meta property=\"og:description\" content=\"\u201c\u00bfQu\u00e9 tienen en com\u00fan la CGT y Techint? Por el momento, comparten diagn\u00f3stico sobre el rumbo econ\u00f3mico de Javier Milei y la necesidad de realizar acciones en conjunto. Un v\u00ednculo que naci\u00f3 al calor de la crisis libertaria y que puede profundizarse en las pr\u00f3ximas semanas. La Iglesia Cat\u00f3lica no es ajena y suma conversaciones [&hellip;]\" \/>\n<meta property=\"og:url\" content=\"https:\/\/gysfm.com.ar\/inicio\/la-cgt-y-techint-negocian-un-pronunciamiento\/\" \/>\n<meta property=\"og:site_name\" content=\"GYS NOTICIAS |\" \/>\n<meta property=\"article:published_time\" content=\"2026-04-27T07:36:04+00:00\" \/>\n<meta name=\"author\" content=\"Prensa G&amp;S FM\" \/>\n<meta name=\"twitter:card\" content=\"summary_large_image\" \/>\n<meta name=\"twitter:label1\" content=\"Escrito por\" \/>\n\t<meta name=\"twitter:data1\" content=\"Prensa G&amp;S FM\" \/>\n\t<meta name=\"twitter:label2\" content=\"Tiempo de lectura\" \/>\n\t<meta name=\"twitter:data2\" content=\"4 minutos\" \/>\n<script type=\"application\/ld+json\" class=\"yoast-schema-graph\">{\"@context\":\"https:\/\/schema.org\",\"@graph\":[{\"@type\":\"Article\",\"@id\":\"https:\/\/gysfm.com.ar\/inicio\/la-cgt-y-techint-negocian-un-pronunciamiento\/#article\",\"isPartOf\":{\"@id\":\"https:\/\/gysfm.com.ar\/inicio\/la-cgt-y-techint-negocian-un-pronunciamiento\/\"},\"author\":{\"name\":\"Prensa G&amp;S FM\",\"@id\":\"https:\/\/gysfm.com.ar\/inicio\/#\/schema\/person\/3abba7593ef2ad19e1be221d54383dc5\"},\"headline\":\"La CGT y Techint negocian un pronunciamiento\",\"datePublished\":\"2026-04-27T07:36:04+00:00\",\"mainEntityOfPage\":{\"@id\":\"https:\/\/gysfm.com.ar\/inicio\/la-cgt-y-techint-negocian-un-pronunciamiento\/\"},\"wordCount\":830,\"publisher\":{\"@id\":\"https:\/\/gysfm.com.ar\/inicio\/#organization\"},\"image\":{\"@id\":\"https:\/\/gysfm.com.ar\/inicio\/la-cgt-y-techint-negocian-un-pronunciamiento\/#primaryimage\"},\"thumbnailUrl\":\"https:\/\/gysfm.com.ar\/inicio\/wp-content\/uploads\/2026\/04\/260426cgtpaoloroccacedocg-2227724.jpg\",\"articleSection\":[\"NACIONALES\"],\"inLanguage\":\"es\"},{\"@type\":\"WebPage\",\"@id\":\"https:\/\/gysfm.com.ar\/inicio\/la-cgt-y-techint-negocian-un-pronunciamiento\/\",\"url\":\"https:\/\/gysfm.com.ar\/inicio\/la-cgt-y-techint-negocian-un-pronunciamiento\/\",\"name\":\"La CGT y Techint negocian un pronunciamiento - GYS NOTICIAS |\",\"isPartOf\":{\"@id\":\"https:\/\/gysfm.com.ar\/inicio\/#website\"},\"primaryImageOfPage\":{\"@id\":\"https:\/\/gysfm.com.ar\/inicio\/la-cgt-y-techint-negocian-un-pronunciamiento\/#primaryimage\"},\"image\":{\"@id\":\"https:\/\/gysfm.com.ar\/inicio\/la-cgt-y-techint-negocian-un-pronunciamiento\/#primaryimage\"},\"thumbnailUrl\":\"https:\/\/gysfm.com.ar\/inicio\/wp-content\/uploads\/2026\/04\/260426cgtpaoloroccacedocg-2227724.jpg\",\"datePublished\":\"2026-04-27T07:36:04+00:00\",\"breadcrumb\":{\"@id\":\"https:\/\/gysfm.com.ar\/inicio\/la-cgt-y-techint-negocian-un-pronunciamiento\/#breadcrumb\"},\"inLanguage\":\"es\",\"potentialAction\":[{\"@type\":\"ReadAction\",\"target\":[\"https:\/\/gysfm.com.ar\/inicio\/la-cgt-y-techint-negocian-un-pronunciamiento\/\"]}]},{\"@type\":\"ImageObject\",\"inLanguage\":\"es\",\"@id\":\"https:\/\/gysfm.com.ar\/inicio\/la-cgt-y-techint-negocian-un-pronunciamiento\/#primaryimage\",\"url\":\"https:\/\/gysfm.com.ar\/inicio\/wp-content\/uploads\/2026\/04\/260426cgtpaoloroccacedocg-2227724.jpg\",\"contentUrl\":\"https:\/\/gysfm.com.ar\/inicio\/wp-content\/uploads\/2026\/04\/260426cgtpaoloroccacedocg-2227724.jpg\",\"width\":1140,\"height\":641},{\"@type\":\"BreadcrumbList\",\"@id\":\"https:\/\/gysfm.com.ar\/inicio\/la-cgt-y-techint-negocian-un-pronunciamiento\/#breadcrumb\",\"itemListElement\":[{\"@type\":\"ListItem\",\"position\":1,\"name\":\"Portada\",\"item\":\"https:\/\/gysfm.com.ar\/inicio\/\"},{\"@type\":\"ListItem\",\"position\":2,\"name\":\"La CGT y Techint negocian un pronunciamiento\"}]},{\"@type\":\"WebSite\",\"@id\":\"https:\/\/gysfm.com.ar\/inicio\/#website\",\"url\":\"https:\/\/gysfm.com.ar\/inicio\/\",\"name\":\"GYS NOTICIAS |\",\"description\":\"DIARIO - RADIO ONLINE SAN JUAN ARGENTINA\",\"publisher\":{\"@id\":\"https:\/\/gysfm.com.ar\/inicio\/#organization\"},\"potentialAction\":[{\"@type\":\"SearchAction\",\"target\":{\"@type\":\"EntryPoint\",\"urlTemplate\":\"https:\/\/gysfm.com.ar\/inicio\/?s={search_term_string}\"},\"query-input\":{\"@type\":\"PropertyValueSpecification\",\"valueRequired\":true,\"valueName\":\"search_term_string\"}}],\"inLanguage\":\"es\"},{\"@type\":\"Organization\",\"@id\":\"https:\/\/gysfm.com.ar\/inicio\/#organization\",\"name\":\"GYS NOTICIAS |\",\"url\":\"https:\/\/gysfm.com.ar\/inicio\/\",\"logo\":{\"@type\":\"ImageObject\",\"inLanguage\":\"es\",\"@id\":\"https:\/\/gysfm.com.ar\/inicio\/#\/schema\/logo\/image\/\",\"url\":\"https:\/\/gysfm.com.ar\/inicio\/wp-content\/uploads\/2023\/07\/LOGOGYS-OK.png\",\"contentUrl\":\"https:\/\/gysfm.com.ar\/inicio\/wp-content\/uploads\/2023\/07\/LOGOGYS-OK.png\",\"width\":1170,\"height\":872,\"caption\":\"GYS NOTICIAS |\"},\"image\":{\"@id\":\"https:\/\/gysfm.com.ar\/inicio\/#\/schema\/logo\/image\/\"}},{\"@type\":\"Person\",\"@id\":\"https:\/\/gysfm.com.ar\/inicio\/#\/schema\/person\/3abba7593ef2ad19e1be221d54383dc5\",\"name\":\"Prensa G&amp;S FM\",\"image\":{\"@type\":\"ImageObject\",\"inLanguage\":\"es\",\"@id\":\"https:\/\/gysfm.com.ar\/inicio\/#\/schema\/person\/image\/\",\"url\":\"https:\/\/secure.gravatar.com\/avatar\/096ec78df02049ab018702bb4ccedf659377fa92a26540b5247612077a0dbd29?s=96&d=mm&r=g\",\"contentUrl\":\"https:\/\/secure.gravatar.com\/avatar\/096ec78df02049ab018702bb4ccedf659377fa92a26540b5247612077a0dbd29?s=96&d=mm&r=g\",\"caption\":\"Prensa G&amp;S FM\"},\"sameAs\":[\"https:\/\/gysfm.com.ar\/\"],\"url\":\"https:\/\/gysfm.com.ar\/inicio\/author\/lucasm\/\"}]}<\/script>\n<!-- \/ Yoast SEO plugin. -->","yoast_head_json":{"title":"La CGT y Techint negocian un pronunciamiento - GYS NOTICIAS |","robots":{"index":"index","follow":"follow","max-snippet":"max-snippet:-1","max-image-preview":"max-image-preview:large","max-video-preview":"max-video-preview:-1"},"canonical":"https:\/\/gysfm.com.ar\/inicio\/la-cgt-y-techint-negocian-un-pronunciamiento\/","og_locale":"es_ES","og_type":"article","og_title":"La CGT y Techint negocian un pronunciamiento - GYS NOTICIAS |","og_description":"\u201c\u00bfQu\u00e9 tienen en com\u00fan la CGT y Techint? Por el momento, comparten diagn\u00f3stico sobre el rumbo econ\u00f3mico de Javier Milei y la necesidad de realizar acciones en conjunto. Un v\u00ednculo que naci\u00f3 al calor de la crisis libertaria y que puede profundizarse en las pr\u00f3ximas semanas. La Iglesia Cat\u00f3lica no es ajena y suma conversaciones [&hellip;]","og_url":"https:\/\/gysfm.com.ar\/inicio\/la-cgt-y-techint-negocian-un-pronunciamiento\/","og_site_name":"GYS NOTICIAS |","article_published_time":"2026-04-27T07:36:04+00:00","author":"Prensa G&amp;S FM","twitter_card":"summary_large_image","twitter_misc":{"Escrito por":"Prensa G&amp;S FM","Tiempo de lectura":"4 minutos"},"schema":{"@context":"https:\/\/schema.org","@graph":[{"@type":"Article","@id":"https:\/\/gysfm.com.ar\/inicio\/la-cgt-y-techint-negocian-un-pronunciamiento\/#article","isPartOf":{"@id":"https:\/\/gysfm.com.ar\/inicio\/la-cgt-y-techint-negocian-un-pronunciamiento\/"},"author":{"name":"Prensa G&amp;S FM","@id":"https:\/\/gysfm.com.ar\/inicio\/#\/schema\/person\/3abba7593ef2ad19e1be221d54383dc5"},"headline":"La CGT y Techint negocian un pronunciamiento","datePublished":"2026-04-27T07:36:04+00:00","mainEntityOfPage":{"@id":"https:\/\/gysfm.com.ar\/inicio\/la-cgt-y-techint-negocian-un-pronunciamiento\/"},"wordCount":830,"publisher":{"@id":"https:\/\/gysfm.com.ar\/inicio\/#organization"},"image":{"@id":"https:\/\/gysfm.com.ar\/inicio\/la-cgt-y-techint-negocian-un-pronunciamiento\/#primaryimage"},"thumbnailUrl":"https:\/\/gysfm.com.ar\/inicio\/wp-content\/uploads\/2026\/04\/260426cgtpaoloroccacedocg-2227724.jpg","articleSection":["NACIONALES"],"inLanguage":"es"},{"@type":"WebPage","@id":"https:\/\/gysfm.com.ar\/inicio\/la-cgt-y-techint-negocian-un-pronunciamiento\/","url":"https:\/\/gysfm.com.ar\/inicio\/la-cgt-y-techint-negocian-un-pronunciamiento\/","name":"La CGT y Techint negocian un pronunciamiento - GYS NOTICIAS |","isPartOf":{"@id":"https:\/\/gysfm.com.ar\/inicio\/#website"},"primaryImageOfPage":{"@id":"https:\/\/gysfm.com.ar\/inicio\/la-cgt-y-techint-negocian-un-pronunciamiento\/#primaryimage"},"image":{"@id":"https:\/\/gysfm.com.ar\/inicio\/la-cgt-y-techint-negocian-un-pronunciamiento\/#primaryimage"},"thumbnailUrl":"https:\/\/gysfm.com.ar\/inicio\/wp-content\/uploads\/2026\/04\/260426cgtpaoloroccacedocg-2227724.jpg","datePublished":"2026-04-27T07:36:04+00:00","breadcrumb":{"@id":"https:\/\/gysfm.com.ar\/inicio\/la-cgt-y-techint-negocian-un-pronunciamiento\/#breadcrumb"},"inLanguage":"es","potentialAction":[{"@type":"ReadAction","target":["https:\/\/gysfm.com.ar\/inicio\/la-cgt-y-techint-negocian-un-pronunciamiento\/"]}]},{"@type":"ImageObject","inLanguage":"es","@id":"https:\/\/gysfm.com.ar\/inicio\/la-cgt-y-techint-negocian-un-pronunciamiento\/#primaryimage","url":"https:\/\/gysfm.com.ar\/inicio\/wp-content\/uploads\/2026\/04\/260426cgtpaoloroccacedocg-2227724.jpg","contentUrl":"https:\/\/gysfm.com.ar\/inicio\/wp-content\/uploads\/2026\/04\/260426cgtpaoloroccacedocg-2227724.jpg","width":1140,"height":641},{"@type":"BreadcrumbList","@id":"https:\/\/gysfm.com.ar\/inicio\/la-cgt-y-techint-negocian-un-pronunciamiento\/#breadcrumb","itemListElement":[{"@type":"ListItem","position":1,"name":"Portada","item":"https:\/\/gysfm.com.ar\/inicio\/"},{"@type":"ListItem","position":2,"name":"La CGT y Techint negocian un pronunciamiento"}]},{"@type":"WebSite","@id":"https:\/\/gysfm.com.ar\/inicio\/#website","url":"https:\/\/gysfm.com.ar\/inicio\/","name":"GYS NOTICIAS |","description":"DIARIO - RADIO ONLINE SAN JUAN ARGENTINA","publisher":{"@id":"https:\/\/gysfm.com.ar\/inicio\/#organization"},"potentialAction":[{"@type":"SearchAction","target":{"@type":"EntryPoint","urlTemplate":"https:\/\/gysfm.com.ar\/inicio\/?s={search_term_string}"},"query-input":{"@type":"PropertyValueSpecification","valueRequired":true,"valueName":"search_term_string"}}],"inLanguage":"es"},{"@type":"Organization","@id":"https:\/\/gysfm.com.ar\/inicio\/#organization","name":"GYS NOTICIAS |","url":"https:\/\/gysfm.com.ar\/inicio\/","logo":{"@type":"ImageObject","inLanguage":"es","@id":"https:\/\/gysfm.com.ar\/inicio\/#\/schema\/logo\/image\/","url":"https:\/\/gysfm.com.ar\/inicio\/wp-content\/uploads\/2023\/07\/LOGOGYS-OK.png","contentUrl":"https:\/\/gysfm.com.ar\/inicio\/wp-content\/uploads\/2023\/07\/LOGOGYS-OK.png","width":1170,"height":872,"caption":"GYS NOTICIAS |"},"image":{"@id":"https:\/\/gysfm.com.ar\/inicio\/#\/schema\/logo\/image\/"}},{"@type":"Person","@id":"https:\/\/gysfm.com.ar\/inicio\/#\/schema\/person\/3abba7593ef2ad19e1be221d54383dc5","name":"Prensa G&amp;S FM","image":{"@type":"ImageObject","inLanguage":"es","@id":"https:\/\/gysfm.com.ar\/inicio\/#\/schema\/person\/image\/","url":"https:\/\/secure.gravatar.com\/avatar\/096ec78df02049ab018702bb4ccedf659377fa92a26540b5247612077a0dbd29?s=96&d=mm&r=g","contentUrl":"https:\/\/secure.gravatar.com\/avatar\/096ec78df02049ab018702bb4ccedf659377fa92a26540b5247612077a0dbd29?s=96&d=mm&r=g","caption":"Prensa G&amp;S FM"},"sameAs":["https:\/\/gysfm.com.ar\/"],"url":"https:\/\/gysfm.com.ar\/inicio\/author\/lucasm\/"}]}},"_links":{"self":[{"href":"https:\/\/gysfm.com.ar\/inicio\/wp-json\/wp\/v2\/posts\/193227","targetHints":{"allow":["GET"]}}],"collection":[{"href":"https:\/\/gysfm.com.ar\/inicio\/wp-json\/wp\/v2\/posts"}],"about":[{"href":"https:\/\/gysfm.com.ar\/inicio\/wp-json\/wp\/v2\/types\/post"}],"author":[{"embeddable":true,"href":"https:\/\/gysfm.com.ar\/inicio\/wp-json\/wp\/v2\/users\/2"}],"replies":[{"embeddable":true,"href":"https:\/\/gysfm.com.ar\/inicio\/wp-json\/wp\/v2\/comments?post=193227"}],"version-history":[{"count":0,"href":"https:\/\/gysfm.com.ar\/inicio\/wp-json\/wp\/v2\/posts\/193227\/revisions"}],"wp:featuredmedia":[{"embeddable":true,"href":"https:\/\/gysfm.com.ar\/inicio\/wp-json\/wp\/v2\/media\/193228"}],"wp:attachment":[{"href":"https:\/\/gysfm.com.ar\/inicio\/wp-json\/wp\/v2\/media?parent=193227"}],"wp:term":[{"taxonomy":"category","embeddable":true,"href":"https:\/\/gysfm.com.ar\/inicio\/wp-json\/wp\/v2\/categories?post=193227"},{"taxonomy":"post_tag","embeddable":true,"href":"https:\/\/gysfm.com.ar\/inicio\/wp-json\/wp\/v2\/tags?post=193227"}],"curies":[{"name":"wp","href":"https:\/\/api.w.org\/{rel}","templated":true}]}}