{"id":193213,"date":"2026-04-27T02:32:06","date_gmt":"2026-04-27T05:32:06","guid":{"rendered":"https:\/\/gysfm.com.ar\/inicio\/israel-lanzo-nuevos-ataques-en-libano-y-benjamin-netanyahu-acusa-a-hezbollah-de-desintegrar-el-alto-el-fuego\/"},"modified":"2026-04-27T02:32:06","modified_gmt":"2026-04-27T05:32:06","slug":"israel-lanzo-nuevos-ataques-en-libano-y-benjamin-netanyahu-acusa-a-hezbollah-de-desintegrar-el-alto-el-fuego","status":"publish","type":"post","link":"https:\/\/gysfm.com.ar\/inicio\/israel-lanzo-nuevos-ataques-en-libano-y-benjamin-netanyahu-acusa-a-hezbollah-de-desintegrar-el-alto-el-fuego\/","title":{"rendered":"Israel lanz\u00f3 nuevos ataques en L\u00edbano y Benjamin Netanyahu acusa a Hezbollah de \u201cdesintegrar\u201d el alto el fuego"},"content":{"rendered":"<p><\/p>\n<div id=\"article-content\">\n<p>La tensi\u00f3n en<a target=\"_blank\" href=\"https:\/\/www.perfil.com\/noticias\/salud\/benjamin-netanyahu-confirma-que-padecio-cancer-de-prostata-en-secreto-estoy-libre-de-la-enfermedad-a35.phtml\"><strong> <\/strong><\/a><strong><a target=\"_blank\" href=\"https:\/\/www.perfil.com\/noticias\/internacional\/guerra-en-medio-oriente-cual-es-la-nueva-estrategia-de-iran-en-el-estrecho-de-ormuz-segun-andres-repetto-en-ln.phtml\">Medio Oriente<\/a><\/strong><a target=\"_blank\" href=\"https:\/\/www.perfil.com\/noticias\/internacional\/guerra-en-medio-oriente-cual-es-la-nueva-estrategia-de-iran-en-el-estrecho-de-ormuz-segun-andres-repetto-en-ln.phtml\"> <\/a>volvi\u00f3 a escalar luego de que Israel lanzara una nueva serie de <strong>ataques en el sur del L\u00edbano<\/strong>, en un contexto marcado por la fragilidad del alto el fuego vigente entre ambos pa\u00edses. El primer ministro israel\u00ed, <strong><a target=\"_blank\" href=\"https:\/\/www.perfil.com\/noticias\/salud\/benjamin-netanyahu-confirma-que-padecio-cancer-de-prostata-en-secreto-estoy-libre-de-la-enfermedad-a35.phtml\">Benjamin Netanyahu<\/a><\/strong>, acus\u00f3 al grupo<strong> Hezbollah<\/strong> de estar \u201cdesintegrando\u201d la tregua alcanzada con mediaci\u00f3n internacional.<\/p>\n<p>Seg\u00fan denunci\u00f3 el gobierno israel\u00ed, en los \u00faltimos d\u00edas se registraron <strong>lanzamientos de proyectiles y drones desde territorio liban\u00e9s<\/strong> hacia el norte de Israel, lo que fue interpretado como una violaci\u00f3n directa del acuerdo de <strong>cese del fuego<\/strong>. En respuesta, las Fuerzas de Defensa de<strong> Israel<\/strong> intensificaron los bombardeos sobre posiciones vinculadas a Hezbollah en el sur del L\u00edbano.<\/p>\n<p>Netanyahu sostuvo que las reiteradas acciones del <strong>grupo chiita<\/strong> est\u00e1n \u201cdesmantelando en la pr\u00e1ctica\u201d el alto el fuego y justific\u00f3 la ofensiva militar como parte del derecho de Israel a defenderse ante amenazas activas o inminentes.<\/p>\n<div class=\"subscription\">\n<p>\n        Esto no les gusta a los autoritarios\n    <\/p>\n<div class=\"subscription__container\">\n<div class=\"subscription__text-wrapper\">\n<p>\n                El ejercicio del periodismo profesional y cr\u00edtico es un pilar fundamental de la democracia. Por eso molesta a quienes creen ser los due\u00f1os de la verdad.\n            <\/p>\n<\/p><\/div><\/div>\n<\/div>\n<p class=\"destacadoNota\"><a target=\"_blank\" href=\"https:\/\/www.perfil.com\/noticias\/actualidad\/trump-amenaza-pero-los-ayatolas-siguen-golpeando-en-ormuz-y-ahorcando-opositores.phtml\">Trump amenaza, pero los ayatolas siguen golpeando en Ormuz y ahorcando opositores<\/a><\/p>\n<h2>Escalada de violencia en L\u00edbano<\/h2>\n<p>La nueva ofensiva israel\u00ed se produce en un escenario de creciente inestabilidad, pese a que recientemente se hab\u00eda extendido por tres semanas el alto el fuego <strong>impulsado con mediaci\u00f3n de Estados Unidos<\/strong>.<\/p>\n<p>Sin embargo, los enfrentamientos nunca se detuvieron completamente. Desde el inicio de la tregua, ambas partes se acusaron mutuamente de<strong> incumplir el acuerdo<\/strong>. Hezbollah, por su parte, rechaz\u00f3 las acusaciones israel\u00edes y afirm\u00f3 que sus ataques constituyen una <strong>\u201crespuesta leg\u00edtima\u201d<\/strong> a las acciones militares de Israel desde el comienzo del cese al fuego.<\/p>\n<div style=\"text-align:center\">\n<figure class=\"image\" style=\"display:inline-block\"><picture><source media=\"(max-width: 440px)\" srcset=\"https:\/\/fotos.perfil.com\/\/2026\/03\/04\/440\/0\/hezbolla-tiro-misiles-a-israel-04032026-2196330.jpg?webp\"\/><source media=\"(max-width: 1019px)\" srcset=\"https:\/\/fotos.perfil.com\/\/2026\/03\/04\/712\/0\/hezbolla-tiro-misiles-a-israel-04032026-2196330.jpg?webp\"\/><img decoding=\"async\" style=\"max-width: 100%; width: 100%;\" alt=\"Hezboll\u00e1 tir\u00f3 misiles a Israel 04032026\" src=\"https:\/\/fotos.perfil.com\/\/2026\/03\/04\/900\/0\/hezbolla-tiro-misiles-a-israel-04032026-2196330.jpg?webp\" loading=\"lazy\"\/><\/picture><figcaption>Netanyahu acus\u00f3 a Hezbolla de violar el acuerdo de cese al fuego.<\/figcaption><\/figure>\n<\/p><\/div>\n<p>Los nuevos bombardeos incluyeron ataques a infraestructuras y posiciones estrat\u00e9gicas del grupo armado, en una din\u00e1mica que vuelve a poner en duda la viabilidad de una soluci\u00f3n diplom\u00e1tica en el corto plazo.<\/p>\n<p class=\"destacadoNota\"><a target=\"_blank\" href=\"https:\/\/www.perfil.com\/noticias\/internacional\/iran-juega-la-guerra-en-modo-lego-y-disputa-el-relato-global-con-ia.phtml\">Ir\u00e1n juega la guerra en modo Lego y disputa el relato global con IA<\/a><\/p>\n<h2>Un conflicto regional en aumento y una tregua cada vez m\u00e1s d\u00e9bil<\/h2>\n<p><strong>El conflicto entre Israel y Hezbollah<\/strong> forma parte de una escalada m\u00e1s amplia en Medio Oriente, enmarcada en tensiones regionales que involucran a m\u00faltiples actores. El alto el fuego vigente \u2014iniciado en abril de 2026\u2014 buscaba frenar las hostilidades tras semanas de intensos enfrentamientos, con miles de muertos y millones de desplazados en el L\u00edbano.<\/p>\n<p>A pesar de los esfuerzos diplom\u00e1ticos, los <strong>ataques cruzados<\/strong> contin\u00faan y debilitan las negociaciones. La situaci\u00f3n en la frontera entre Israel y L\u00edbano sigue siendo altamente vol\u00e1til, con riesgo de una escalada mayor si no se logra consolidar un acuerdo duradero.<\/p>\n<p>MEG \/ EM<\/p>\n<\/p><\/div>\n<p><script>\n                !function(f,b,e,v,n,t,s)\n                {if(f.fbq)return;n=f.fbq=function(){n.callMethod?\n                    n.callMethod.apply(n,arguments):n.queue.push(arguments)};\n                    if(!f._fbq)f._fbq=n;n.push=n;n.loaded=!0;n.version='2.0';\n                    n.queue=[];t=b.createElement(e);t.async=!0;\n                    t.src=v;s=b.getElementsByTagName(e)[0];\n                    s.parentNode.insertBefore(t,s)}(window, document,'script',\n                    'https:\/\/connect.facebook.net\/en_US\/fbevents.js');\n                window.paywallConfig.facebook_pixel=\"1000228364089342\"\n            <\/script><\/p>\n","protected":false},"excerpt":{"rendered":"<p>La tensi\u00f3n en Medio Oriente volvi\u00f3 a escalar luego de que Israel lanzara una nueva serie de ataques en el sur del L\u00edbano, en un contexto marcado por la fragilidad del alto el fuego vigente entre ambos pa\u00edses. El primer ministro israel\u00ed, Benjamin Netanyahu, acus\u00f3 al grupo Hezbollah de estar \u201cdesintegrando\u201d la tregua alcanzada con [&hellip;]<\/p>\n","protected":false},"author":2,"featured_media":193214,"comment_status":"closed","ping_status":"closed","sticky":false,"template":"","format":"standard","meta":{"footnotes":""},"categories":[25],"tags":[],"class_list":["post-193213","post","type-post","status-publish","format-standard","has-post-thumbnail","hentry","category-nacionales"],"yoast_head":"<!-- This site is optimized with the Yoast SEO plugin v24.4 - https:\/\/yoast.com\/wordpress\/plugins\/seo\/ -->\n<title>Israel lanz\u00f3 nuevos ataques en L\u00edbano y Benjamin Netanyahu acusa a Hezbollah de \u201cdesintegrar\u201d el alto el fuego - GYS NOTICIAS |<\/title>\n<meta name=\"robots\" content=\"index, follow, max-snippet:-1, max-image-preview:large, max-video-preview:-1\" \/>\n<link rel=\"canonical\" href=\"https:\/\/gysfm.com.ar\/inicio\/israel-lanzo-nuevos-ataques-en-libano-y-benjamin-netanyahu-acusa-a-hezbollah-de-desintegrar-el-alto-el-fuego\/\" \/>\n<meta property=\"og:locale\" content=\"es_ES\" \/>\n<meta property=\"og:type\" content=\"article\" \/>\n<meta property=\"og:title\" content=\"Israel lanz\u00f3 nuevos ataques en L\u00edbano y Benjamin Netanyahu acusa a Hezbollah de \u201cdesintegrar\u201d el alto el fuego - GYS NOTICIAS |\" \/>\n<meta property=\"og:description\" content=\"La tensi\u00f3n en Medio Oriente volvi\u00f3 a escalar luego de que Israel lanzara una nueva serie de ataques en el sur del L\u00edbano, en un contexto marcado por la fragilidad del alto el fuego vigente entre ambos pa\u00edses. El primer ministro israel\u00ed, Benjamin Netanyahu, acus\u00f3 al grupo Hezbollah de estar \u201cdesintegrando\u201d la tregua alcanzada con [&hellip;]\" \/>\n<meta property=\"og:url\" content=\"https:\/\/gysfm.com.ar\/inicio\/israel-lanzo-nuevos-ataques-en-libano-y-benjamin-netanyahu-acusa-a-hezbollah-de-desintegrar-el-alto-el-fuego\/\" \/>\n<meta property=\"og:site_name\" content=\"GYS NOTICIAS |\" \/>\n<meta property=\"article:published_time\" content=\"2026-04-27T05:32:06+00:00\" \/>\n<meta property=\"og:image\" content=\"https:\/\/fotos.perfil.com\/\/2026\/03\/04\/900\/0\/hezbolla-tiro-misiles-a-israel-04032026-2196330.jpg?webp\" \/>\n<meta name=\"author\" content=\"Prensa G&amp;S FM\" \/>\n<meta name=\"twitter:card\" content=\"summary_large_image\" \/>\n<meta name=\"twitter:label1\" content=\"Escrito por\" \/>\n\t<meta name=\"twitter:data1\" content=\"Prensa G&amp;S FM\" \/>\n\t<meta name=\"twitter:label2\" content=\"Tiempo de lectura\" \/>\n\t<meta name=\"twitter:data2\" content=\"2 minutos\" \/>\n<script type=\"application\/ld+json\" class=\"yoast-schema-graph\">{\"@context\":\"https:\/\/schema.org\",\"@graph\":[{\"@type\":\"Article\",\"@id\":\"https:\/\/gysfm.com.ar\/inicio\/israel-lanzo-nuevos-ataques-en-libano-y-benjamin-netanyahu-acusa-a-hezbollah-de-desintegrar-el-alto-el-fuego\/#article\",\"isPartOf\":{\"@id\":\"https:\/\/gysfm.com.ar\/inicio\/israel-lanzo-nuevos-ataques-en-libano-y-benjamin-netanyahu-acusa-a-hezbollah-de-desintegrar-el-alto-el-fuego\/\"},\"author\":{\"name\":\"Prensa G&amp;S FM\",\"@id\":\"https:\/\/gysfm.com.ar\/inicio\/#\/schema\/person\/3abba7593ef2ad19e1be221d54383dc5\"},\"headline\":\"Israel lanz\u00f3 nuevos ataques en L\u00edbano y Benjamin Netanyahu acusa a Hezbollah de \u201cdesintegrar\u201d el alto el fuego\",\"datePublished\":\"2026-04-27T05:32:06+00:00\",\"mainEntityOfPage\":{\"@id\":\"https:\/\/gysfm.com.ar\/inicio\/israel-lanzo-nuevos-ataques-en-libano-y-benjamin-netanyahu-acusa-a-hezbollah-de-desintegrar-el-alto-el-fuego\/\"},\"wordCount\":506,\"publisher\":{\"@id\":\"https:\/\/gysfm.com.ar\/inicio\/#organization\"},\"image\":{\"@id\":\"https:\/\/gysfm.com.ar\/inicio\/israel-lanzo-nuevos-ataques-en-libano-y-benjamin-netanyahu-acusa-a-hezbollah-de-desintegrar-el-alto-el-fuego\/#primaryimage\"},\"thumbnailUrl\":\"https:\/\/gysfm.com.ar\/inicio\/wp-content\/uploads\/2026\/04\/28062025netanyahucedocg-2051498.jpg\",\"articleSection\":[\"NACIONALES\"],\"inLanguage\":\"es\"},{\"@type\":\"WebPage\",\"@id\":\"https:\/\/gysfm.com.ar\/inicio\/israel-lanzo-nuevos-ataques-en-libano-y-benjamin-netanyahu-acusa-a-hezbollah-de-desintegrar-el-alto-el-fuego\/\",\"url\":\"https:\/\/gysfm.com.ar\/inicio\/israel-lanzo-nuevos-ataques-en-libano-y-benjamin-netanyahu-acusa-a-hezbollah-de-desintegrar-el-alto-el-fuego\/\",\"name\":\"Israel lanz\u00f3 nuevos ataques en L\u00edbano y Benjamin Netanyahu acusa a Hezbollah de \u201cdesintegrar\u201d el alto el fuego - GYS NOTICIAS |\",\"isPartOf\":{\"@id\":\"https:\/\/gysfm.com.ar\/inicio\/#website\"},\"primaryImageOfPage\":{\"@id\":\"https:\/\/gysfm.com.ar\/inicio\/israel-lanzo-nuevos-ataques-en-libano-y-benjamin-netanyahu-acusa-a-hezbollah-de-desintegrar-el-alto-el-fuego\/#primaryimage\"},\"image\":{\"@id\":\"https:\/\/gysfm.com.ar\/inicio\/israel-lanzo-nuevos-ataques-en-libano-y-benjamin-netanyahu-acusa-a-hezbollah-de-desintegrar-el-alto-el-fuego\/#primaryimage\"},\"thumbnailUrl\":\"https:\/\/gysfm.com.ar\/inicio\/wp-content\/uploads\/2026\/04\/28062025netanyahucedocg-2051498.jpg\",\"datePublished\":\"2026-04-27T05:32:06+00:00\",\"breadcrumb\":{\"@id\":\"https:\/\/gysfm.com.ar\/inicio\/israel-lanzo-nuevos-ataques-en-libano-y-benjamin-netanyahu-acusa-a-hezbollah-de-desintegrar-el-alto-el-fuego\/#breadcrumb\"},\"inLanguage\":\"es\",\"potentialAction\":[{\"@type\":\"ReadAction\",\"target\":[\"https:\/\/gysfm.com.ar\/inicio\/israel-lanzo-nuevos-ataques-en-libano-y-benjamin-netanyahu-acusa-a-hezbollah-de-desintegrar-el-alto-el-fuego\/\"]}]},{\"@type\":\"ImageObject\",\"inLanguage\":\"es\",\"@id\":\"https:\/\/gysfm.com.ar\/inicio\/israel-lanzo-nuevos-ataques-en-libano-y-benjamin-netanyahu-acusa-a-hezbollah-de-desintegrar-el-alto-el-fuego\/#primaryimage\",\"url\":\"https:\/\/gysfm.com.ar\/inicio\/wp-content\/uploads\/2026\/04\/28062025netanyahucedocg-2051498.jpg\",\"contentUrl\":\"https:\/\/gysfm.com.ar\/inicio\/wp-content\/uploads\/2026\/04\/28062025netanyahucedocg-2051498.jpg\",\"width\":1140,\"height\":641},{\"@type\":\"BreadcrumbList\",\"@id\":\"https:\/\/gysfm.com.ar\/inicio\/israel-lanzo-nuevos-ataques-en-libano-y-benjamin-netanyahu-acusa-a-hezbollah-de-desintegrar-el-alto-el-fuego\/#breadcrumb\",\"itemListElement\":[{\"@type\":\"ListItem\",\"position\":1,\"name\":\"Portada\",\"item\":\"https:\/\/gysfm.com.ar\/inicio\/\"},{\"@type\":\"ListItem\",\"position\":2,\"name\":\"Israel lanz\u00f3 nuevos ataques en L\u00edbano y Benjamin Netanyahu acusa a Hezbollah de \u201cdesintegrar\u201d el alto el fuego\"}]},{\"@type\":\"WebSite\",\"@id\":\"https:\/\/gysfm.com.ar\/inicio\/#website\",\"url\":\"https:\/\/gysfm.com.ar\/inicio\/\",\"name\":\"GYS NOTICIAS |\",\"description\":\"DIARIO - RADIO ONLINE SAN JUAN ARGENTINA\",\"publisher\":{\"@id\":\"https:\/\/gysfm.com.ar\/inicio\/#organization\"},\"potentialAction\":[{\"@type\":\"SearchAction\",\"target\":{\"@type\":\"EntryPoint\",\"urlTemplate\":\"https:\/\/gysfm.com.ar\/inicio\/?s={search_term_string}\"},\"query-input\":{\"@type\":\"PropertyValueSpecification\",\"valueRequired\":true,\"valueName\":\"search_term_string\"}}],\"inLanguage\":\"es\"},{\"@type\":\"Organization\",\"@id\":\"https:\/\/gysfm.com.ar\/inicio\/#organization\",\"name\":\"GYS NOTICIAS |\",\"url\":\"https:\/\/gysfm.com.ar\/inicio\/\",\"logo\":{\"@type\":\"ImageObject\",\"inLanguage\":\"es\",\"@id\":\"https:\/\/gysfm.com.ar\/inicio\/#\/schema\/logo\/image\/\",\"url\":\"https:\/\/gysfm.com.ar\/inicio\/wp-content\/uploads\/2023\/07\/LOGOGYS-OK.png\",\"contentUrl\":\"https:\/\/gysfm.com.ar\/inicio\/wp-content\/uploads\/2023\/07\/LOGOGYS-OK.png\",\"width\":1170,\"height\":872,\"caption\":\"GYS NOTICIAS |\"},\"image\":{\"@id\":\"https:\/\/gysfm.com.ar\/inicio\/#\/schema\/logo\/image\/\"}},{\"@type\":\"Person\",\"@id\":\"https:\/\/gysfm.com.ar\/inicio\/#\/schema\/person\/3abba7593ef2ad19e1be221d54383dc5\",\"name\":\"Prensa G&amp;S FM\",\"image\":{\"@type\":\"ImageObject\",\"inLanguage\":\"es\",\"@id\":\"https:\/\/gysfm.com.ar\/inicio\/#\/schema\/person\/image\/\",\"url\":\"https:\/\/secure.gravatar.com\/avatar\/096ec78df02049ab018702bb4ccedf659377fa92a26540b5247612077a0dbd29?s=96&d=mm&r=g\",\"contentUrl\":\"https:\/\/secure.gravatar.com\/avatar\/096ec78df02049ab018702bb4ccedf659377fa92a26540b5247612077a0dbd29?s=96&d=mm&r=g\",\"caption\":\"Prensa G&amp;S FM\"},\"sameAs\":[\"https:\/\/gysfm.com.ar\/\"],\"url\":\"https:\/\/gysfm.com.ar\/inicio\/author\/lucasm\/\"}]}<\/script>\n<!-- \/ Yoast SEO plugin. -->","yoast_head_json":{"title":"Israel lanz\u00f3 nuevos ataques en L\u00edbano y Benjamin Netanyahu acusa a Hezbollah de \u201cdesintegrar\u201d el alto el fuego - GYS NOTICIAS |","robots":{"index":"index","follow":"follow","max-snippet":"max-snippet:-1","max-image-preview":"max-image-preview:large","max-video-preview":"max-video-preview:-1"},"canonical":"https:\/\/gysfm.com.ar\/inicio\/israel-lanzo-nuevos-ataques-en-libano-y-benjamin-netanyahu-acusa-a-hezbollah-de-desintegrar-el-alto-el-fuego\/","og_locale":"es_ES","og_type":"article","og_title":"Israel lanz\u00f3 nuevos ataques en L\u00edbano y Benjamin Netanyahu acusa a Hezbollah de \u201cdesintegrar\u201d el alto el fuego - GYS NOTICIAS |","og_description":"La tensi\u00f3n en Medio Oriente volvi\u00f3 a escalar luego de que Israel lanzara una nueva serie de ataques en el sur del L\u00edbano, en un contexto marcado por la fragilidad del alto el fuego vigente entre ambos pa\u00edses. El primer ministro israel\u00ed, Benjamin Netanyahu, acus\u00f3 al grupo Hezbollah de estar \u201cdesintegrando\u201d la tregua alcanzada con [&hellip;]","og_url":"https:\/\/gysfm.com.ar\/inicio\/israel-lanzo-nuevos-ataques-en-libano-y-benjamin-netanyahu-acusa-a-hezbollah-de-desintegrar-el-alto-el-fuego\/","og_site_name":"GYS NOTICIAS |","article_published_time":"2026-04-27T05:32:06+00:00","og_image":[{"url":"https:\/\/fotos.perfil.com\/\/2026\/03\/04\/900\/0\/hezbolla-tiro-misiles-a-israel-04032026-2196330.jpg?webp","type":"","width":"","height":""}],"author":"Prensa G&amp;S FM","twitter_card":"summary_large_image","twitter_misc":{"Escrito por":"Prensa G&amp;S FM","Tiempo de lectura":"2 minutos"},"schema":{"@context":"https:\/\/schema.org","@graph":[{"@type":"Article","@id":"https:\/\/gysfm.com.ar\/inicio\/israel-lanzo-nuevos-ataques-en-libano-y-benjamin-netanyahu-acusa-a-hezbollah-de-desintegrar-el-alto-el-fuego\/#article","isPartOf":{"@id":"https:\/\/gysfm.com.ar\/inicio\/israel-lanzo-nuevos-ataques-en-libano-y-benjamin-netanyahu-acusa-a-hezbollah-de-desintegrar-el-alto-el-fuego\/"},"author":{"name":"Prensa G&amp;S FM","@id":"https:\/\/gysfm.com.ar\/inicio\/#\/schema\/person\/3abba7593ef2ad19e1be221d54383dc5"},"headline":"Israel lanz\u00f3 nuevos ataques en L\u00edbano y Benjamin Netanyahu acusa a Hezbollah de \u201cdesintegrar\u201d el alto el fuego","datePublished":"2026-04-27T05:32:06+00:00","mainEntityOfPage":{"@id":"https:\/\/gysfm.com.ar\/inicio\/israel-lanzo-nuevos-ataques-en-libano-y-benjamin-netanyahu-acusa-a-hezbollah-de-desintegrar-el-alto-el-fuego\/"},"wordCount":506,"publisher":{"@id":"https:\/\/gysfm.com.ar\/inicio\/#organization"},"image":{"@id":"https:\/\/gysfm.com.ar\/inicio\/israel-lanzo-nuevos-ataques-en-libano-y-benjamin-netanyahu-acusa-a-hezbollah-de-desintegrar-el-alto-el-fuego\/#primaryimage"},"thumbnailUrl":"https:\/\/gysfm.com.ar\/inicio\/wp-content\/uploads\/2026\/04\/28062025netanyahucedocg-2051498.jpg","articleSection":["NACIONALES"],"inLanguage":"es"},{"@type":"WebPage","@id":"https:\/\/gysfm.com.ar\/inicio\/israel-lanzo-nuevos-ataques-en-libano-y-benjamin-netanyahu-acusa-a-hezbollah-de-desintegrar-el-alto-el-fuego\/","url":"https:\/\/gysfm.com.ar\/inicio\/israel-lanzo-nuevos-ataques-en-libano-y-benjamin-netanyahu-acusa-a-hezbollah-de-desintegrar-el-alto-el-fuego\/","name":"Israel lanz\u00f3 nuevos ataques en L\u00edbano y Benjamin Netanyahu acusa a Hezbollah de \u201cdesintegrar\u201d el alto el fuego - GYS NOTICIAS |","isPartOf":{"@id":"https:\/\/gysfm.com.ar\/inicio\/#website"},"primaryImageOfPage":{"@id":"https:\/\/gysfm.com.ar\/inicio\/israel-lanzo-nuevos-ataques-en-libano-y-benjamin-netanyahu-acusa-a-hezbollah-de-desintegrar-el-alto-el-fuego\/#primaryimage"},"image":{"@id":"https:\/\/gysfm.com.ar\/inicio\/israel-lanzo-nuevos-ataques-en-libano-y-benjamin-netanyahu-acusa-a-hezbollah-de-desintegrar-el-alto-el-fuego\/#primaryimage"},"thumbnailUrl":"https:\/\/gysfm.com.ar\/inicio\/wp-content\/uploads\/2026\/04\/28062025netanyahucedocg-2051498.jpg","datePublished":"2026-04-27T05:32:06+00:00","breadcrumb":{"@id":"https:\/\/gysfm.com.ar\/inicio\/israel-lanzo-nuevos-ataques-en-libano-y-benjamin-netanyahu-acusa-a-hezbollah-de-desintegrar-el-alto-el-fuego\/#breadcrumb"},"inLanguage":"es","potentialAction":[{"@type":"ReadAction","target":["https:\/\/gysfm.com.ar\/inicio\/israel-lanzo-nuevos-ataques-en-libano-y-benjamin-netanyahu-acusa-a-hezbollah-de-desintegrar-el-alto-el-fuego\/"]}]},{"@type":"ImageObject","inLanguage":"es","@id":"https:\/\/gysfm.com.ar\/inicio\/israel-lanzo-nuevos-ataques-en-libano-y-benjamin-netanyahu-acusa-a-hezbollah-de-desintegrar-el-alto-el-fuego\/#primaryimage","url":"https:\/\/gysfm.com.ar\/inicio\/wp-content\/uploads\/2026\/04\/28062025netanyahucedocg-2051498.jpg","contentUrl":"https:\/\/gysfm.com.ar\/inicio\/wp-content\/uploads\/2026\/04\/28062025netanyahucedocg-2051498.jpg","width":1140,"height":641},{"@type":"BreadcrumbList","@id":"https:\/\/gysfm.com.ar\/inicio\/israel-lanzo-nuevos-ataques-en-libano-y-benjamin-netanyahu-acusa-a-hezbollah-de-desintegrar-el-alto-el-fuego\/#breadcrumb","itemListElement":[{"@type":"ListItem","position":1,"name":"Portada","item":"https:\/\/gysfm.com.ar\/inicio\/"},{"@type":"ListItem","position":2,"name":"Israel lanz\u00f3 nuevos ataques en L\u00edbano y Benjamin Netanyahu acusa a Hezbollah de \u201cdesintegrar\u201d el alto el fuego"}]},{"@type":"WebSite","@id":"https:\/\/gysfm.com.ar\/inicio\/#website","url":"https:\/\/gysfm.com.ar\/inicio\/","name":"GYS NOTICIAS |","description":"DIARIO - RADIO ONLINE SAN JUAN ARGENTINA","publisher":{"@id":"https:\/\/gysfm.com.ar\/inicio\/#organization"},"potentialAction":[{"@type":"SearchAction","target":{"@type":"EntryPoint","urlTemplate":"https:\/\/gysfm.com.ar\/inicio\/?s={search_term_string}"},"query-input":{"@type":"PropertyValueSpecification","valueRequired":true,"valueName":"search_term_string"}}],"inLanguage":"es"},{"@type":"Organization","@id":"https:\/\/gysfm.com.ar\/inicio\/#organization","name":"GYS NOTICIAS |","url":"https:\/\/gysfm.com.ar\/inicio\/","logo":{"@type":"ImageObject","inLanguage":"es","@id":"https:\/\/gysfm.com.ar\/inicio\/#\/schema\/logo\/image\/","url":"https:\/\/gysfm.com.ar\/inicio\/wp-content\/uploads\/2023\/07\/LOGOGYS-OK.png","contentUrl":"https:\/\/gysfm.com.ar\/inicio\/wp-content\/uploads\/2023\/07\/LOGOGYS-OK.png","width":1170,"height":872,"caption":"GYS NOTICIAS |"},"image":{"@id":"https:\/\/gysfm.com.ar\/inicio\/#\/schema\/logo\/image\/"}},{"@type":"Person","@id":"https:\/\/gysfm.com.ar\/inicio\/#\/schema\/person\/3abba7593ef2ad19e1be221d54383dc5","name":"Prensa G&amp;S FM","image":{"@type":"ImageObject","inLanguage":"es","@id":"https:\/\/gysfm.com.ar\/inicio\/#\/schema\/person\/image\/","url":"https:\/\/secure.gravatar.com\/avatar\/096ec78df02049ab018702bb4ccedf659377fa92a26540b5247612077a0dbd29?s=96&d=mm&r=g","contentUrl":"https:\/\/secure.gravatar.com\/avatar\/096ec78df02049ab018702bb4ccedf659377fa92a26540b5247612077a0dbd29?s=96&d=mm&r=g","caption":"Prensa G&amp;S FM"},"sameAs":["https:\/\/gysfm.com.ar\/"],"url":"https:\/\/gysfm.com.ar\/inicio\/author\/lucasm\/"}]}},"_links":{"self":[{"href":"https:\/\/gysfm.com.ar\/inicio\/wp-json\/wp\/v2\/posts\/193213","targetHints":{"allow":["GET"]}}],"collection":[{"href":"https:\/\/gysfm.com.ar\/inicio\/wp-json\/wp\/v2\/posts"}],"about":[{"href":"https:\/\/gysfm.com.ar\/inicio\/wp-json\/wp\/v2\/types\/post"}],"author":[{"embeddable":true,"href":"https:\/\/gysfm.com.ar\/inicio\/wp-json\/wp\/v2\/users\/2"}],"replies":[{"embeddable":true,"href":"https:\/\/gysfm.com.ar\/inicio\/wp-json\/wp\/v2\/comments?post=193213"}],"version-history":[{"count":0,"href":"https:\/\/gysfm.com.ar\/inicio\/wp-json\/wp\/v2\/posts\/193213\/revisions"}],"wp:featuredmedia":[{"embeddable":true,"href":"https:\/\/gysfm.com.ar\/inicio\/wp-json\/wp\/v2\/media\/193214"}],"wp:attachment":[{"href":"https:\/\/gysfm.com.ar\/inicio\/wp-json\/wp\/v2\/media?parent=193213"}],"wp:term":[{"taxonomy":"category","embeddable":true,"href":"https:\/\/gysfm.com.ar\/inicio\/wp-json\/wp\/v2\/categories?post=193213"},{"taxonomy":"post_tag","embeddable":true,"href":"https:\/\/gysfm.com.ar\/inicio\/wp-json\/wp\/v2\/tags?post=193213"}],"curies":[{"name":"wp","href":"https:\/\/api.w.org\/{rel}","templated":true}]}}