{"id":193208,"date":"2026-04-27T02:01:16","date_gmt":"2026-04-27T05:01:16","guid":{"rendered":"https:\/\/gysfm.com.ar\/inicio\/robots-y-politica-el-contrato-del-pentagono-que-vincula-a-eric-trump-con-tecnologia-de-defensa\/"},"modified":"2026-04-27T02:01:16","modified_gmt":"2026-04-27T05:01:16","slug":"robots-y-politica-el-contrato-del-pentagono-que-vincula-a-eric-trump-con-tecnologia-de-defensa","status":"publish","type":"post","link":"https:\/\/gysfm.com.ar\/inicio\/robots-y-politica-el-contrato-del-pentagono-que-vincula-a-eric-trump-con-tecnologia-de-defensa\/","title":{"rendered":"Robots y pol\u00edtica: el contrato del Pent\u00e1gono que vincula a Eric Trump con tecnolog\u00eda de defensa"},"content":{"rendered":"<p><\/p>\n<div id=\"article-content\">\n<p>El <strong>Pent\u00e1gono<\/strong> otorg\u00f3 un <strong>contrato por 24 millones de d\u00f3lares <\/strong>a la startup de rob\u00f3tica vinculada a <a target=\"_blank\" href=\"https:\/\/www.perfil.com\/noticias\/internacional\/donald-trump-echo-al-jefe-del-ejercito-de-estados-unidos-en-plena-guerra-en-medio-oriente-era-hora-de-un-cambio.phtml\"><strong>Eric Trump<\/strong><\/a>, lo que gener\u00f3 un fuerte cruce medi\u00e1tico liderado por el presentador televisivo <strong>Seth Meyers<\/strong>. <\/p>\n<p>La adjudicaci\u00f3n, destinada al desarrollo de <strong>sistemas aut\u00f3nomos de vigilancia<\/strong>, se formaliz\u00f3 tras una revisi\u00f3n de cumplimiento de est\u00e1ndares t\u00e9cnicos exigidos por el <strong>Departamento de Defensa<\/strong> de Estados Unidos. <\/p>\n<p class=\"destacadoNota\"><a target=\"_blank\" href=\"https:\/\/www.perfil.com\/noticias\/internacional\/atentado-contra-trump-como-planifico-el-ataque-el-tirador-que-cruzo-eeuu-para-llegar-a-la-casa-blanca.phtml\">Atentado contra Trump: c\u00f3mo planific\u00f3 el ataque el tirador que cruz\u00f3 EE.UU. para llegar a la Casa Blanca<\/a><\/p>\n<div class=\"subscription\">\n<p>\n        Esto no les gusta a los autoritarios\n    <\/p>\n<div class=\"subscription__container\">\n<div class=\"subscription__text-wrapper\">\n<p>\n                El ejercicio del periodismo profesional y cr\u00edtico es un pilar fundamental de la democracia. Por eso molesta a quienes creen ser los due\u00f1os de la verdad.\n            <\/p>\n<\/p><\/div><\/div>\n<\/div>\n<p>El programa <em>Late Night with Seth Meyers<\/em> difundi\u00f3 los detalles de la licitaci\u00f3n que vinculan al hijo del presidente con la firma tecnol\u00f3gica. Seg\u00fan los registros p\u00fablicos de la administraci\u00f3n federal, la empresa<strong> super\u00f3 las instancias de evaluaci\u00f3n t\u00e9cnica y presupuestaria<\/strong> necesarias para acceder a los fondos asignados para la modernizaci\u00f3n de las fuerzas de seguridad.<\/p>\n<p>\u00abAhora bien, para cualquiera que se sorprenda de que el cargo de Eric Trump sea &#8216;asesor principal de estrategia&#8217;, puedo explicar que era demasiado dif\u00edcil incluir <strong>&#8216;imb\u00e9cil que resulta ser el hijo del presidente&#8217;<\/strong> en la tarjeta de presentaci\u00f3n\u00bb, dispar\u00f3 Meyers.<\/p>\n<p>\u00abAs\u00ed pues, <strong>la familia del presidente se est\u00e1 dando un fest\u00edn a costa de los contribuyentes<\/strong>\u00ab, dijo Meyers y a\u00f1adi\u00f3: \u00abMientras tanto, el resto de nosotros sufrimos subidas de precios y escasez de suministros como consecuencia de la guerra de Trump contra Ir\u00e1n\u00bb. <\/p>\n<h2>El impacto del cuestionamiento de Seth Meyers sobre el contrato<\/h2>\n<p>El conductor televisivo calific\u00f3 la adjudicaci\u00f3n como una <strong>irregularidad <\/strong>dentro del ecosistema de las licitaciones estatales. La respuesta del entorno de Eric Trump se centr\u00f3 en la capacidad operativa de la startup frente a otros competidores del mercado y sostienen que <strong>el contrato se bas\u00f3 exclusivamente en la ventaja competitiva <\/strong>de su hardware de rob\u00f3tica. <\/p>\n<p>La startup se dedica a la fabricaci\u00f3n de sistemas aut\u00f3nomos de patrullaje y vigilancia t\u00e1ctica en zonas de riesgo. Estos dispositivos cuentan con <strong>sensores de movimiento y visi\u00f3n infrarroja integrados<\/strong> para tareas de reconocimiento en \u00e1reas donde la presencia humana resulta comprometida. <\/p>\n<p class=\"destacadoNota\"><a target=\"_blank\" href=\"https:\/\/www.perfil.com\/noticias\/internacional\/israel-lanzo-nuevos-ataques-en-libano-y-benjamin-netanyahu-acusa-a-hezbollah-de-desintegrar-el-alto-el-fuego.phtml\">Israel lanz\u00f3 nuevos ataques en L\u00edbano y Netanyahu acusa a Hezbollah de \u201cdesintegrar\u201d el alto el fuego<\/a><\/p>\n<p>Diversos sectores de la oposici\u00f3n exigieron una <strong>auditor\u00eda independiente<\/strong> para verificar si existi\u00f3 alg\u00fan tipo de trato preferencial o conflicto de intereses. La discusi\u00f3n se enfoca en el papel de las empresas familiares cuando sus propietarios mantienen lazos estrechos con figuras de relevancia p\u00fablica. <\/p>\n<h2>C\u00f3mo funciona la tecnolog\u00eda rob\u00f3tica de la startup de Eric Trump<\/h2>\n<p>La empresa utiliza una arquitectura de <strong>software de c\u00f3digo abierto<\/strong> adaptada para la gesti\u00f3n de flotas de<strong> robots terrestres<\/strong>. Los veh\u00edculos aut\u00f3nomos tienen capacidad para operar en terrenos complejos y enviar datos en tiempo real hacia las bases de mando del ej\u00e9rcito estadounidense. <\/p>\n<p>Este tipo de contratos suele atravesar auditor\u00edas estrictas por parte de la <strong>Oficina de Responsabilidad Gubernamental<\/strong> (GAO). El objetivo principal es asegurar que los <strong>24 millones de d\u00f3lares<\/strong> sean ejecutados bajo estrictos par\u00e1metros de eficiencia. <\/p>\n<p class=\"destacadoNota\"><a target=\"_blank\" href=\"https:\/\/www.perfil.com\/noticias\/internacional\/los-videos-del-caos-tras-los-disparos-en-la-cena-con-trump-en-washington.phtml\">Los videos m\u00e1s impactantes del ataque en la cena con Trump y Vance en Washington<\/a><\/p>\n<p>El mercado de la rob\u00f3tica militar registr\u00f3 un crecimiento sostenido durante los \u00faltimos a\u00f1os, con una participaci\u00f3n creciente de empresas emergentes del sector privado. La startup logr\u00f3 posicionarse mediante una <strong>oferta que redujo los costos operativos<\/strong> en comparaci\u00f3n con proveedores tradicionales de la industria armament\u00edstica nacional.<\/p>\n<p>La relaci\u00f3n entre Eric Trump y el desarrollo de tecnolog\u00edas de defensa permanece bajo la lupa de los organismos de control. La <strong>transparencia gubernamental<\/strong> constituye el eje central de este debate, mientras el ecosistema tecnol\u00f3gico sigue con atenci\u00f3n la ejecuci\u00f3n de los plazos estipulados por el contrato federal. <\/p>\n<p><em>BGD\/ML<\/em><\/p>\n<\/p><\/div>\n<p><script>\n                !function(f,b,e,v,n,t,s)\n                {if(f.fbq)return;n=f.fbq=function(){n.callMethod?\n                    n.callMethod.apply(n,arguments):n.queue.push(arguments)};\n                    if(!f._fbq)f._fbq=n;n.push=n;n.loaded=!0;n.version='2.0';\n                    n.queue=[];t=b.createElement(e);t.async=!0;\n                    t.src=v;s=b.getElementsByTagName(e)[0];\n                    s.parentNode.insertBefore(t,s)}(window, document,'script',\n                    'https:\/\/connect.facebook.net\/en_US\/fbevents.js');\n                window.paywallConfig.facebook_pixel=\"1000228364089342\"\n            <\/script><\/p>\n","protected":false},"excerpt":{"rendered":"<p>El Pent\u00e1gono otorg\u00f3 un contrato por 24 millones de d\u00f3lares a la startup de rob\u00f3tica vinculada a Eric Trump, lo que gener\u00f3 un fuerte cruce medi\u00e1tico liderado por el presentador televisivo Seth Meyers. La adjudicaci\u00f3n, destinada al desarrollo de sistemas aut\u00f3nomos de vigilancia, se formaliz\u00f3 tras una revisi\u00f3n de cumplimiento de est\u00e1ndares t\u00e9cnicos exigidos por [&hellip;]<\/p>\n","protected":false},"author":2,"featured_media":193209,"comment_status":"closed","ping_status":"closed","sticky":false,"template":"","format":"standard","meta":{"footnotes":""},"categories":[25],"tags":[],"class_list":["post-193208","post","type-post","status-publish","format-standard","has-post-thumbnail","hentry","category-nacionales"],"yoast_head":"<!-- This site is optimized with the Yoast SEO plugin v24.4 - https:\/\/yoast.com\/wordpress\/plugins\/seo\/ -->\n<title>Robots y pol\u00edtica: el contrato del Pent\u00e1gono que vincula a Eric Trump con tecnolog\u00eda de defensa - GYS NOTICIAS |<\/title>\n<meta name=\"robots\" content=\"index, follow, max-snippet:-1, max-image-preview:large, max-video-preview:-1\" \/>\n<link rel=\"canonical\" href=\"https:\/\/gysfm.com.ar\/inicio\/robots-y-politica-el-contrato-del-pentagono-que-vincula-a-eric-trump-con-tecnologia-de-defensa\/\" \/>\n<meta property=\"og:locale\" content=\"es_ES\" \/>\n<meta property=\"og:type\" content=\"article\" \/>\n<meta property=\"og:title\" content=\"Robots y pol\u00edtica: el contrato del Pent\u00e1gono que vincula a Eric Trump con tecnolog\u00eda de defensa - GYS NOTICIAS |\" \/>\n<meta property=\"og:description\" content=\"El Pent\u00e1gono otorg\u00f3 un contrato por 24 millones de d\u00f3lares a la startup de rob\u00f3tica vinculada a Eric Trump, lo que gener\u00f3 un fuerte cruce medi\u00e1tico liderado por el presentador televisivo Seth Meyers. La adjudicaci\u00f3n, destinada al desarrollo de sistemas aut\u00f3nomos de vigilancia, se formaliz\u00f3 tras una revisi\u00f3n de cumplimiento de est\u00e1ndares t\u00e9cnicos exigidos por [&hellip;]\" \/>\n<meta property=\"og:url\" content=\"https:\/\/gysfm.com.ar\/inicio\/robots-y-politica-el-contrato-del-pentagono-que-vincula-a-eric-trump-con-tecnologia-de-defensa\/\" \/>\n<meta property=\"og:site_name\" content=\"GYS NOTICIAS |\" \/>\n<meta property=\"article:published_time\" content=\"2026-04-27T05:01:16+00:00\" \/>\n<meta name=\"author\" content=\"Prensa G&amp;S FM\" \/>\n<meta name=\"twitter:card\" content=\"summary_large_image\" \/>\n<meta name=\"twitter:label1\" content=\"Escrito por\" \/>\n\t<meta name=\"twitter:data1\" content=\"Prensa G&amp;S FM\" \/>\n\t<meta name=\"twitter:label2\" content=\"Tiempo de lectura\" \/>\n\t<meta name=\"twitter:data2\" content=\"3 minutos\" \/>\n<script type=\"application\/ld+json\" class=\"yoast-schema-graph\">{\"@context\":\"https:\/\/schema.org\",\"@graph\":[{\"@type\":\"Article\",\"@id\":\"https:\/\/gysfm.com.ar\/inicio\/robots-y-politica-el-contrato-del-pentagono-que-vincula-a-eric-trump-con-tecnologia-de-defensa\/#article\",\"isPartOf\":{\"@id\":\"https:\/\/gysfm.com.ar\/inicio\/robots-y-politica-el-contrato-del-pentagono-que-vincula-a-eric-trump-con-tecnologia-de-defensa\/\"},\"author\":{\"name\":\"Prensa G&amp;S FM\",\"@id\":\"https:\/\/gysfm.com.ar\/inicio\/#\/schema\/person\/3abba7593ef2ad19e1be221d54383dc5\"},\"headline\":\"Robots y pol\u00edtica: el contrato del Pent\u00e1gono que vincula a Eric Trump con tecnolog\u00eda de defensa\",\"datePublished\":\"2026-04-27T05:01:16+00:00\",\"mainEntityOfPage\":{\"@id\":\"https:\/\/gysfm.com.ar\/inicio\/robots-y-politica-el-contrato-del-pentagono-que-vincula-a-eric-trump-con-tecnologia-de-defensa\/\"},\"wordCount\":699,\"publisher\":{\"@id\":\"https:\/\/gysfm.com.ar\/inicio\/#organization\"},\"image\":{\"@id\":\"https:\/\/gysfm.com.ar\/inicio\/robots-y-politica-el-contrato-del-pentagono-que-vincula-a-eric-trump-con-tecnologia-de-defensa\/#primaryimage\"},\"thumbnailUrl\":\"https:\/\/gysfm.com.ar\/inicio\/wp-content\/uploads\/2026\/04\/eric-trump-2228073.jpg\",\"articleSection\":[\"NACIONALES\"],\"inLanguage\":\"es\"},{\"@type\":\"WebPage\",\"@id\":\"https:\/\/gysfm.com.ar\/inicio\/robots-y-politica-el-contrato-del-pentagono-que-vincula-a-eric-trump-con-tecnologia-de-defensa\/\",\"url\":\"https:\/\/gysfm.com.ar\/inicio\/robots-y-politica-el-contrato-del-pentagono-que-vincula-a-eric-trump-con-tecnologia-de-defensa\/\",\"name\":\"Robots y pol\u00edtica: el contrato del Pent\u00e1gono que vincula a Eric Trump con tecnolog\u00eda de defensa - GYS NOTICIAS |\",\"isPartOf\":{\"@id\":\"https:\/\/gysfm.com.ar\/inicio\/#website\"},\"primaryImageOfPage\":{\"@id\":\"https:\/\/gysfm.com.ar\/inicio\/robots-y-politica-el-contrato-del-pentagono-que-vincula-a-eric-trump-con-tecnologia-de-defensa\/#primaryimage\"},\"image\":{\"@id\":\"https:\/\/gysfm.com.ar\/inicio\/robots-y-politica-el-contrato-del-pentagono-que-vincula-a-eric-trump-con-tecnologia-de-defensa\/#primaryimage\"},\"thumbnailUrl\":\"https:\/\/gysfm.com.ar\/inicio\/wp-content\/uploads\/2026\/04\/eric-trump-2228073.jpg\",\"datePublished\":\"2026-04-27T05:01:16+00:00\",\"breadcrumb\":{\"@id\":\"https:\/\/gysfm.com.ar\/inicio\/robots-y-politica-el-contrato-del-pentagono-que-vincula-a-eric-trump-con-tecnologia-de-defensa\/#breadcrumb\"},\"inLanguage\":\"es\",\"potentialAction\":[{\"@type\":\"ReadAction\",\"target\":[\"https:\/\/gysfm.com.ar\/inicio\/robots-y-politica-el-contrato-del-pentagono-que-vincula-a-eric-trump-con-tecnologia-de-defensa\/\"]}]},{\"@type\":\"ImageObject\",\"inLanguage\":\"es\",\"@id\":\"https:\/\/gysfm.com.ar\/inicio\/robots-y-politica-el-contrato-del-pentagono-que-vincula-a-eric-trump-con-tecnologia-de-defensa\/#primaryimage\",\"url\":\"https:\/\/gysfm.com.ar\/inicio\/wp-content\/uploads\/2026\/04\/eric-trump-2228073.jpg\",\"contentUrl\":\"https:\/\/gysfm.com.ar\/inicio\/wp-content\/uploads\/2026\/04\/eric-trump-2228073.jpg\",\"width\":1140,\"height\":641},{\"@type\":\"BreadcrumbList\",\"@id\":\"https:\/\/gysfm.com.ar\/inicio\/robots-y-politica-el-contrato-del-pentagono-que-vincula-a-eric-trump-con-tecnologia-de-defensa\/#breadcrumb\",\"itemListElement\":[{\"@type\":\"ListItem\",\"position\":1,\"name\":\"Portada\",\"item\":\"https:\/\/gysfm.com.ar\/inicio\/\"},{\"@type\":\"ListItem\",\"position\":2,\"name\":\"Robots y pol\u00edtica: el contrato del Pent\u00e1gono que vincula a Eric Trump con tecnolog\u00eda de defensa\"}]},{\"@type\":\"WebSite\",\"@id\":\"https:\/\/gysfm.com.ar\/inicio\/#website\",\"url\":\"https:\/\/gysfm.com.ar\/inicio\/\",\"name\":\"GYS NOTICIAS |\",\"description\":\"DIARIO - RADIO ONLINE SAN JUAN ARGENTINA\",\"publisher\":{\"@id\":\"https:\/\/gysfm.com.ar\/inicio\/#organization\"},\"potentialAction\":[{\"@type\":\"SearchAction\",\"target\":{\"@type\":\"EntryPoint\",\"urlTemplate\":\"https:\/\/gysfm.com.ar\/inicio\/?s={search_term_string}\"},\"query-input\":{\"@type\":\"PropertyValueSpecification\",\"valueRequired\":true,\"valueName\":\"search_term_string\"}}],\"inLanguage\":\"es\"},{\"@type\":\"Organization\",\"@id\":\"https:\/\/gysfm.com.ar\/inicio\/#organization\",\"name\":\"GYS NOTICIAS |\",\"url\":\"https:\/\/gysfm.com.ar\/inicio\/\",\"logo\":{\"@type\":\"ImageObject\",\"inLanguage\":\"es\",\"@id\":\"https:\/\/gysfm.com.ar\/inicio\/#\/schema\/logo\/image\/\",\"url\":\"https:\/\/gysfm.com.ar\/inicio\/wp-content\/uploads\/2023\/07\/LOGOGYS-OK.png\",\"contentUrl\":\"https:\/\/gysfm.com.ar\/inicio\/wp-content\/uploads\/2023\/07\/LOGOGYS-OK.png\",\"width\":1170,\"height\":872,\"caption\":\"GYS NOTICIAS |\"},\"image\":{\"@id\":\"https:\/\/gysfm.com.ar\/inicio\/#\/schema\/logo\/image\/\"}},{\"@type\":\"Person\",\"@id\":\"https:\/\/gysfm.com.ar\/inicio\/#\/schema\/person\/3abba7593ef2ad19e1be221d54383dc5\",\"name\":\"Prensa G&amp;S FM\",\"image\":{\"@type\":\"ImageObject\",\"inLanguage\":\"es\",\"@id\":\"https:\/\/gysfm.com.ar\/inicio\/#\/schema\/person\/image\/\",\"url\":\"https:\/\/secure.gravatar.com\/avatar\/096ec78df02049ab018702bb4ccedf659377fa92a26540b5247612077a0dbd29?s=96&d=mm&r=g\",\"contentUrl\":\"https:\/\/secure.gravatar.com\/avatar\/096ec78df02049ab018702bb4ccedf659377fa92a26540b5247612077a0dbd29?s=96&d=mm&r=g\",\"caption\":\"Prensa G&amp;S FM\"},\"sameAs\":[\"https:\/\/gysfm.com.ar\/\"],\"url\":\"https:\/\/gysfm.com.ar\/inicio\/author\/lucasm\/\"}]}<\/script>\n<!-- \/ Yoast SEO plugin. -->","yoast_head_json":{"title":"Robots y pol\u00edtica: el contrato del Pent\u00e1gono que vincula a Eric Trump con tecnolog\u00eda de defensa - GYS NOTICIAS |","robots":{"index":"index","follow":"follow","max-snippet":"max-snippet:-1","max-image-preview":"max-image-preview:large","max-video-preview":"max-video-preview:-1"},"canonical":"https:\/\/gysfm.com.ar\/inicio\/robots-y-politica-el-contrato-del-pentagono-que-vincula-a-eric-trump-con-tecnologia-de-defensa\/","og_locale":"es_ES","og_type":"article","og_title":"Robots y pol\u00edtica: el contrato del Pent\u00e1gono que vincula a Eric Trump con tecnolog\u00eda de defensa - GYS NOTICIAS |","og_description":"El Pent\u00e1gono otorg\u00f3 un contrato por 24 millones de d\u00f3lares a la startup de rob\u00f3tica vinculada a Eric Trump, lo que gener\u00f3 un fuerte cruce medi\u00e1tico liderado por el presentador televisivo Seth Meyers. La adjudicaci\u00f3n, destinada al desarrollo de sistemas aut\u00f3nomos de vigilancia, se formaliz\u00f3 tras una revisi\u00f3n de cumplimiento de est\u00e1ndares t\u00e9cnicos exigidos por [&hellip;]","og_url":"https:\/\/gysfm.com.ar\/inicio\/robots-y-politica-el-contrato-del-pentagono-que-vincula-a-eric-trump-con-tecnologia-de-defensa\/","og_site_name":"GYS NOTICIAS |","article_published_time":"2026-04-27T05:01:16+00:00","author":"Prensa G&amp;S FM","twitter_card":"summary_large_image","twitter_misc":{"Escrito por":"Prensa G&amp;S FM","Tiempo de lectura":"3 minutos"},"schema":{"@context":"https:\/\/schema.org","@graph":[{"@type":"Article","@id":"https:\/\/gysfm.com.ar\/inicio\/robots-y-politica-el-contrato-del-pentagono-que-vincula-a-eric-trump-con-tecnologia-de-defensa\/#article","isPartOf":{"@id":"https:\/\/gysfm.com.ar\/inicio\/robots-y-politica-el-contrato-del-pentagono-que-vincula-a-eric-trump-con-tecnologia-de-defensa\/"},"author":{"name":"Prensa G&amp;S FM","@id":"https:\/\/gysfm.com.ar\/inicio\/#\/schema\/person\/3abba7593ef2ad19e1be221d54383dc5"},"headline":"Robots y pol\u00edtica: el contrato del Pent\u00e1gono que vincula a Eric Trump con tecnolog\u00eda de defensa","datePublished":"2026-04-27T05:01:16+00:00","mainEntityOfPage":{"@id":"https:\/\/gysfm.com.ar\/inicio\/robots-y-politica-el-contrato-del-pentagono-que-vincula-a-eric-trump-con-tecnologia-de-defensa\/"},"wordCount":699,"publisher":{"@id":"https:\/\/gysfm.com.ar\/inicio\/#organization"},"image":{"@id":"https:\/\/gysfm.com.ar\/inicio\/robots-y-politica-el-contrato-del-pentagono-que-vincula-a-eric-trump-con-tecnologia-de-defensa\/#primaryimage"},"thumbnailUrl":"https:\/\/gysfm.com.ar\/inicio\/wp-content\/uploads\/2026\/04\/eric-trump-2228073.jpg","articleSection":["NACIONALES"],"inLanguage":"es"},{"@type":"WebPage","@id":"https:\/\/gysfm.com.ar\/inicio\/robots-y-politica-el-contrato-del-pentagono-que-vincula-a-eric-trump-con-tecnologia-de-defensa\/","url":"https:\/\/gysfm.com.ar\/inicio\/robots-y-politica-el-contrato-del-pentagono-que-vincula-a-eric-trump-con-tecnologia-de-defensa\/","name":"Robots y pol\u00edtica: el contrato del Pent\u00e1gono que vincula a Eric Trump con tecnolog\u00eda de defensa - GYS NOTICIAS |","isPartOf":{"@id":"https:\/\/gysfm.com.ar\/inicio\/#website"},"primaryImageOfPage":{"@id":"https:\/\/gysfm.com.ar\/inicio\/robots-y-politica-el-contrato-del-pentagono-que-vincula-a-eric-trump-con-tecnologia-de-defensa\/#primaryimage"},"image":{"@id":"https:\/\/gysfm.com.ar\/inicio\/robots-y-politica-el-contrato-del-pentagono-que-vincula-a-eric-trump-con-tecnologia-de-defensa\/#primaryimage"},"thumbnailUrl":"https:\/\/gysfm.com.ar\/inicio\/wp-content\/uploads\/2026\/04\/eric-trump-2228073.jpg","datePublished":"2026-04-27T05:01:16+00:00","breadcrumb":{"@id":"https:\/\/gysfm.com.ar\/inicio\/robots-y-politica-el-contrato-del-pentagono-que-vincula-a-eric-trump-con-tecnologia-de-defensa\/#breadcrumb"},"inLanguage":"es","potentialAction":[{"@type":"ReadAction","target":["https:\/\/gysfm.com.ar\/inicio\/robots-y-politica-el-contrato-del-pentagono-que-vincula-a-eric-trump-con-tecnologia-de-defensa\/"]}]},{"@type":"ImageObject","inLanguage":"es","@id":"https:\/\/gysfm.com.ar\/inicio\/robots-y-politica-el-contrato-del-pentagono-que-vincula-a-eric-trump-con-tecnologia-de-defensa\/#primaryimage","url":"https:\/\/gysfm.com.ar\/inicio\/wp-content\/uploads\/2026\/04\/eric-trump-2228073.jpg","contentUrl":"https:\/\/gysfm.com.ar\/inicio\/wp-content\/uploads\/2026\/04\/eric-trump-2228073.jpg","width":1140,"height":641},{"@type":"BreadcrumbList","@id":"https:\/\/gysfm.com.ar\/inicio\/robots-y-politica-el-contrato-del-pentagono-que-vincula-a-eric-trump-con-tecnologia-de-defensa\/#breadcrumb","itemListElement":[{"@type":"ListItem","position":1,"name":"Portada","item":"https:\/\/gysfm.com.ar\/inicio\/"},{"@type":"ListItem","position":2,"name":"Robots y pol\u00edtica: el contrato del Pent\u00e1gono que vincula a Eric Trump con tecnolog\u00eda de defensa"}]},{"@type":"WebSite","@id":"https:\/\/gysfm.com.ar\/inicio\/#website","url":"https:\/\/gysfm.com.ar\/inicio\/","name":"GYS NOTICIAS |","description":"DIARIO - RADIO ONLINE SAN JUAN ARGENTINA","publisher":{"@id":"https:\/\/gysfm.com.ar\/inicio\/#organization"},"potentialAction":[{"@type":"SearchAction","target":{"@type":"EntryPoint","urlTemplate":"https:\/\/gysfm.com.ar\/inicio\/?s={search_term_string}"},"query-input":{"@type":"PropertyValueSpecification","valueRequired":true,"valueName":"search_term_string"}}],"inLanguage":"es"},{"@type":"Organization","@id":"https:\/\/gysfm.com.ar\/inicio\/#organization","name":"GYS NOTICIAS |","url":"https:\/\/gysfm.com.ar\/inicio\/","logo":{"@type":"ImageObject","inLanguage":"es","@id":"https:\/\/gysfm.com.ar\/inicio\/#\/schema\/logo\/image\/","url":"https:\/\/gysfm.com.ar\/inicio\/wp-content\/uploads\/2023\/07\/LOGOGYS-OK.png","contentUrl":"https:\/\/gysfm.com.ar\/inicio\/wp-content\/uploads\/2023\/07\/LOGOGYS-OK.png","width":1170,"height":872,"caption":"GYS NOTICIAS |"},"image":{"@id":"https:\/\/gysfm.com.ar\/inicio\/#\/schema\/logo\/image\/"}},{"@type":"Person","@id":"https:\/\/gysfm.com.ar\/inicio\/#\/schema\/person\/3abba7593ef2ad19e1be221d54383dc5","name":"Prensa G&amp;S FM","image":{"@type":"ImageObject","inLanguage":"es","@id":"https:\/\/gysfm.com.ar\/inicio\/#\/schema\/person\/image\/","url":"https:\/\/secure.gravatar.com\/avatar\/096ec78df02049ab018702bb4ccedf659377fa92a26540b5247612077a0dbd29?s=96&d=mm&r=g","contentUrl":"https:\/\/secure.gravatar.com\/avatar\/096ec78df02049ab018702bb4ccedf659377fa92a26540b5247612077a0dbd29?s=96&d=mm&r=g","caption":"Prensa G&amp;S FM"},"sameAs":["https:\/\/gysfm.com.ar\/"],"url":"https:\/\/gysfm.com.ar\/inicio\/author\/lucasm\/"}]}},"_links":{"self":[{"href":"https:\/\/gysfm.com.ar\/inicio\/wp-json\/wp\/v2\/posts\/193208","targetHints":{"allow":["GET"]}}],"collection":[{"href":"https:\/\/gysfm.com.ar\/inicio\/wp-json\/wp\/v2\/posts"}],"about":[{"href":"https:\/\/gysfm.com.ar\/inicio\/wp-json\/wp\/v2\/types\/post"}],"author":[{"embeddable":true,"href":"https:\/\/gysfm.com.ar\/inicio\/wp-json\/wp\/v2\/users\/2"}],"replies":[{"embeddable":true,"href":"https:\/\/gysfm.com.ar\/inicio\/wp-json\/wp\/v2\/comments?post=193208"}],"version-history":[{"count":0,"href":"https:\/\/gysfm.com.ar\/inicio\/wp-json\/wp\/v2\/posts\/193208\/revisions"}],"wp:featuredmedia":[{"embeddable":true,"href":"https:\/\/gysfm.com.ar\/inicio\/wp-json\/wp\/v2\/media\/193209"}],"wp:attachment":[{"href":"https:\/\/gysfm.com.ar\/inicio\/wp-json\/wp\/v2\/media?parent=193208"}],"wp:term":[{"taxonomy":"category","embeddable":true,"href":"https:\/\/gysfm.com.ar\/inicio\/wp-json\/wp\/v2\/categories?post=193208"},{"taxonomy":"post_tag","embeddable":true,"href":"https:\/\/gysfm.com.ar\/inicio\/wp-json\/wp\/v2\/tags?post=193208"}],"curies":[{"name":"wp","href":"https:\/\/api.w.org\/{rel}","templated":true}]}}