{"id":193206,"date":"2026-04-27T01:30:04","date_gmt":"2026-04-27T04:30:04","guid":{"rendered":"https:\/\/gysfm.com.ar\/inicio\/no-te-va-gustar-convirtio-ferro-en-una-ceremonia-masiva-40-canciones-tres-horas-y-un-ritual-colectivo\/"},"modified":"2026-04-27T01:30:04","modified_gmt":"2026-04-27T04:30:04","slug":"no-te-va-gustar-convirtio-ferro-en-una-ceremonia-masiva-40-canciones-tres-horas-y-un-ritual-colectivo","status":"publish","type":"post","link":"https:\/\/gysfm.com.ar\/inicio\/no-te-va-gustar-convirtio-ferro-en-una-ceremonia-masiva-40-canciones-tres-horas-y-un-ritual-colectivo\/","title":{"rendered":"No Te Va Gustar convirti\u00f3 Ferro en una ceremonia masiva: 40 canciones, tres horas y un ritual colectivo"},"content":{"rendered":"<p><\/p>\n<div id=\"article-content\">\n<p>\u201cGracias por estar ac\u00e1, esto es de ustedes\u201d, solt\u00f3<strong> <a target=\"_blank\" href=\"https:\/\/www.perfil.com\/noticias\/cultura\/no-te-va-gustar-enciende-una-nueva-era-disco-gira-mundial-y-un-ferro-que-marca-el-regreso.phtml\">Emiliano Brancciari<\/a> <\/strong>en uno de los momentos m\u00e1s celebrados de la noche. La frase, lejos de ser protocolar, funcion\u00f3 como s\u00edntesis de lo que ocurri\u00f3 <strong>el 25 de abril en el Estadio Ferro Carril Oeste<\/strong>, donde<strong> <a target=\"_blank\" href=\"https:\/\/www.perfil.com\/noticias\/cultura\/no-te-va-gustar-enciende-una-nueva-era-disco-gira-mundial-y-un-ferro-que-marca-el-regreso.phtml\">No Te Va Gustar<\/a> <\/strong>present\u00f3 oficialmente<em><strong> Florece en el caos <\/strong><\/em>con un show de tres horas y un repertorio de 40 canciones ante casi 30.000 personas.<\/p>\n<p class=\"destacadoNota\"><a target=\"_blank\" href=\"https:\/\/www.perfil.com\/noticias\/cultura\/motherflowers-regresa-a-buenos-aires-con-un-album-que-mezcla-folclore-pop-y-migracion.phtml\">Motherflowers regresa a Buenos Aires con un \u00e1lbum que mezcla folclore, pop y migraci\u00f3n<\/a><\/p>\n<p>El recital comenz\u00f3 con una declaraci\u00f3n de principios.<strong> \u201cHalcones y payasos\u201d<\/strong> abri\u00f3 la noche con potencia y marc\u00f3 desde el inicio el pulso de un show que combin\u00f3 presente discogr\u00e1fico con historia. Sin pausas innecesarias, la banda avanz\u00f3 hacia <strong>\u201cA las nueve\u201d<\/strong>, uno de los temas m\u00e1s celebrados por el p\u00fablico, consolidando una conexi\u00f3n inmediata con el campo y las plateas.<\/p>\n<div class=\"subscription\">\n<p>\n        Esto no les gusta a los autoritarios\n    <\/p>\n<div class=\"subscription__container\">\n<div class=\"subscription__text-wrapper\">\n<p>\n                El ejercicio del periodismo profesional y cr\u00edtico es un pilar fundamental de la democracia. Por eso molesta a quienes creen ser los due\u00f1os de la verdad.\n            <\/p>\n<\/p><\/div><\/div>\n<\/div>\n<div style=\"text-align:center\">\n<figure class=\"image\" style=\"display:inline-block\"><picture><source media=\"(max-width: 440px)\" srcset=\"https:\/\/fotos.perfil.com\/\/2026\/04\/26\/440\/0\/ntvg-2228046.jpg?webp\"\/><source media=\"(max-width: 1019px)\" srcset=\"https:\/\/fotos.perfil.com\/\/2026\/04\/26\/712\/0\/ntvg-2228046.jpg?webp\"\/><img decoding=\"async\" style=\"max-width: 100%; width: 100%;\" alt=\"NTVG\" src=\"https:\/\/fotos.perfil.com\/\/2026\/04\/26\/900\/0\/ntvg-2228046.jpg?webp\" loading=\"lazy\"\/><\/picture><figcaption>Emiliano Brancciari lider\u00f3 un show de tres horas con un repertorio de 40 canciones que recorri\u00f3 toda la historia del grupo<\/figcaption><\/figure>\n<\/p><\/div>\n<p>Desde temprano, el barrio de Caballito hab\u00eda anticipado la magnitud del evento. La previa incluy\u00f3 visuales con contenido ambiental vinculadas a la Ley de Glaciares, musicalizadas con<strong> \u201cPor el agua\u201d<\/strong>, y la presentaci\u00f3n de <strong>1915 <\/strong>como banda invitada. El contexto no fue accesorio, funcion\u00f3 como marco conceptual de una noche donde la m\u00fasica convivi\u00f3 con un mensaje social expl\u00edcito.<\/p>\n<p>Ya con el estadio colmado, el grupo sostuvo un ritmo constante que evit\u00f3 ca\u00eddas de intensidad.<strong> \u201cEse maldito momento\u201d<\/strong> y <strong>\u201cChau\u201d<\/strong> aparecieron como puntos altos en la primera mitad del show, con un p\u00fablico que respondi\u00f3 en modo coro permanente. La puesta sonora, precisa y envolvente, reforz\u00f3 la contundencia de cada bloque.<\/p>\n<p class=\"destacadoNota\"><a target=\"_blank\" href=\"https:\/\/www.perfil.com\/noticias\/cultura\/midnight-til-morning-debuto-en-buenos-aires-entre-hits-estreno-y-un-homenaje-que-marco-la-noche.phtml\">Midnight Til Morning debut\u00f3 en Buenos Aires entre hits, estreno y un homenaje que marc\u00f3 la noche<\/a><\/p>\n<p>El repertorio avanz\u00f3 con una l\u00f3gica que prioriz\u00f3 la experiencia en vivo por sobre la cronolog\u00eda. <strong>\u201cTan lejos\u201d <\/strong>y<strong> \u201cCero a la izquierda\u201d<\/strong> profundizaron el v\u00ednculo emocional con la audiencia, mientras que<strong> \u201cFuera de control\u201d<\/strong> elev\u00f3 la temperatura del campo, que se movi\u00f3 como un solo cuerpo durante gran parte del concierto.<\/p>\n<div style=\"text-align:center\">\n<figure class=\"image\" style=\"display:inline-block\"><picture><source media=\"(max-width: 440px)\" srcset=\"https:\/\/fotos.perfil.com\/\/2026\/04\/26\/440\/0\/ntvg-2228045.jpg?webp\"\/><source media=\"(max-width: 1019px)\" srcset=\"https:\/\/fotos.perfil.com\/\/2026\/04\/26\/712\/0\/ntvg-2228045.jpg?webp\"\/><img decoding=\"async\" style=\"max-width: 100%; width: 100%;\" alt=\"NTVG\" src=\"https:\/\/fotos.perfil.com\/\/2026\/04\/26\/900\/0\/ntvg-2228045.jpg?webp\" loading=\"lazy\"\/><\/picture><figcaption>No Te Va Gustar convoc\u00f3 a casi 30.000 personas en Ferro en la presentaci\u00f3n de \u00ab<em>Florece en el caos\u00bb<\/em><\/figcaption><\/figure>\n<\/p><\/div>\n<p>Uno de los momentos m\u00e1s significativos lleg\u00f3 con<strong> \u201cJosefina\u201d<\/strong>. Brancciari la dedic\u00f3 a su abuela y la interpret\u00f3 acompa\u00f1ado por su sobrino, en una escena que introdujo un tono \u00edntimo dentro de un show de escala masiva. La reacci\u00f3n del p\u00fablico fue inmediata: silencio respetuoso primero, ovaci\u00f3n despu\u00e9s.<\/p>\n<p>La arquitectura del show permiti\u00f3 que el nuevo material se insertara sin fisuras dentro de un repertorio ya consolidado. Canciones de <em>Florece en el caos<\/em> como<strong> \u201cEn mil pedazos\u201d, \u201cLa noche de ayer\u201d, \u201cSi el mar me ve\u201d<\/strong> y<strong> \u201cEn llamas\u201d<\/strong> se integraron de forma natural en el setlist, reforzando la idea de una banda que no se apoya \u00fanicamente en su pasado, sino que contin\u00faa expandiendo su repertorio.<\/p>\n<div style=\"text-align:center\">\n<figure class=\"image\" style=\"display:inline-block\"><picture><source media=\"(max-width: 440px)\" srcset=\"https:\/\/fotos.perfil.com\/\/2026\/04\/26\/440\/0\/ntvg-2228042.jpg?webp\"\/><source media=\"(max-width: 1019px)\" srcset=\"https:\/\/fotos.perfil.com\/\/2026\/04\/26\/712\/0\/ntvg-2228042.jpg?webp\"\/><img decoding=\"async\" style=\"max-width: 100%; width: 100%;\" alt=\"NTVG\" src=\"https:\/\/fotos.perfil.com\/\/2026\/04\/26\/900\/0\/ntvg-2228042.jpg?webp\" loading=\"lazy\"\/><\/picture><figcaption>Emiliano Brancciari comand\u00f3 el show con solidez y presencia esc\u00e9nica, al frente de un Ferro colmado<\/figcaption><\/figure>\n<\/p><\/div>\n<p>Otro de los pasajes celebrados de la noche fue la interpretaci\u00f3n de<strong> \u201cTodo mal\u201d<\/strong>, una de las canciones de <em>Florece en el caos<\/em> que en su versi\u00f3n de estudio cuenta con la participaci\u00f3n de <strong>Andr\u00e9s Ciro Mart\u00ednez<\/strong>. Aunque en Ferro la banda la ejecut\u00f3 sin invitados, el tema mantuvo su impronta original, con un pulso rockero directo y una l\u00edrica que dialoga con el clima general del disco.<\/p>\n<p>La puesta en escena acompa\u00f1\u00f3 esa premisa. Visuales, luces y una ingenier\u00eda de sonido precisa construyeron un entorno que potenci\u00f3 cada canci\u00f3n sin desviar la atenci\u00f3n del eje central: la m\u00fasica. No hubo excesos innecesarios, sino una narrativa visual al servicio del show.<\/p>\n<div style=\"text-align:center\">\n<figure class=\"image\" style=\"display:inline-block\"><picture><source media=\"(max-width: 440px)\" srcset=\"https:\/\/fotos.perfil.com\/\/2026\/04\/26\/440\/0\/ntvg-2228044.jpg?webp\"\/><source media=\"(max-width: 1019px)\" srcset=\"https:\/\/fotos.perfil.com\/\/2026\/04\/26\/712\/0\/ntvg-2228044.jpg?webp\"\/><img decoding=\"async\" style=\"max-width: 100%; width: 100%;\" alt=\"NTVG\" src=\"https:\/\/fotos.perfil.com\/\/2026\/04\/26\/900\/0\/ntvg-2228044.jpg?webp\" loading=\"lazy\"\/><\/picture><figcaption>La banda completa despleg\u00f3 un sonido contundente y preciso, reafirmando su potencia en vivo ante miles de personas<\/figcaption><\/figure>\n<\/p><\/div>\n<p>A lo largo de las<strong> tres horas<\/strong>, el recital funcion\u00f3 tambi\u00e9n como un repaso por distintas etapas de la carrera del grupo. Cada bloque del setlist pareci\u00f3 dise\u00f1ado para activar una memoria colectiva, en la que conviven distintas generaciones de seguidores.<\/p>\n<p class=\"destacadoNota\"><a target=\"_blank\" href=\"https:\/\/www.perfil.com\/noticias\/cultura\/eze-ramirez-presenta-geometry-en-buenos-aires-una-experiencia-inmersiva-que-redefine-el-formato-electronico.phtml\">Eze Ram\u00edrez presenta \u201cGeometry\u201d en Buenos Aires: una experiencia inmersiva que redefine el formato electr\u00f3nico<\/a><\/p>\n<p>El regreso a un estadio de gran escala en Buenos Aires marc\u00f3, adem\u00e1s, un punto de consolidaci\u00f3n para la banda. Con m\u00e1s de dos d\u00e9cadas de trayectoria, No Te Va Gustar demostr\u00f3 que mantiene intacta su capacidad de convocatoria y su vigencia dentro de la escena regional.<\/p>\n<div style=\"text-align:center\">\n<figure class=\"image\" style=\"display:inline-block\"><picture><source media=\"(max-width: 440px)\" srcset=\"https:\/\/fotos.perfil.com\/\/2026\/04\/26\/440\/0\/ntvg-2228043.jpg?webp\"\/><source media=\"(max-width: 1019px)\" srcset=\"https:\/\/fotos.perfil.com\/\/2026\/04\/26\/712\/0\/ntvg-2228043.jpg?webp\"\/><img decoding=\"async\" style=\"max-width: 100%; width: 100%;\" alt=\"NTVG\" src=\"https:\/\/fotos.perfil.com\/\/2026\/04\/26\/900\/0\/ntvg-2228043.jpg?webp\" loading=\"lazy\"\/><\/picture><figcaption>La puesta en escena combin\u00f3 visuales, luces y un sonido contundente para potenciar la experiencia en vivo<\/figcaption><\/figure>\n<\/p><\/div>\n<p>El tramo final del show reforz\u00f3 esa idea. Sin bajar la intensidad, la banda encaden\u00f3 canciones que sostuvieron el clima festivo y confirmaron que el eje del recital no fue la nostalgia, sino la energ\u00eda compartida.<\/p>\n<p>El concierto en Ferro tambi\u00e9n funcion\u00f3 como punto de partida de la gira nacional de <em>Florece en el caos<\/em>, que recorrer\u00e1 distintas ciudades del pa\u00eds con un enfoque federal. El tour incluye paradas en <strong>C\u00f3rdoba, Rosario, Mendoza, Tucum\u00e1n y Salta<\/strong>, entre otras.<\/p>\n<p>En un contexto atravesado por el consumo digital, el show reafirm\u00f3 el valor del vivo como experiencia colectiva. El estadio, por momentos, se transform\u00f3 en una tribuna donde cada canci\u00f3n fue cantada como un himno.<\/p>\n<p>Con las luces apag\u00e1ndose y el eco de los \u00faltimos acordes todav\u00eda resonando, la noche dej\u00f3 una certeza: m\u00e1s all\u00e1 de los formatos y las plataformas, el v\u00ednculo entre banda y p\u00fablico sigue siendo el n\u00facleo del rock.<\/p>\n<\/p><\/div>\n<p><script>\n                !function(f,b,e,v,n,t,s)\n                {if(f.fbq)return;n=f.fbq=function(){n.callMethod?\n                    n.callMethod.apply(n,arguments):n.queue.push(arguments)};\n                    if(!f._fbq)f._fbq=n;n.push=n;n.loaded=!0;n.version='2.0';\n                    n.queue=[];t=b.createElement(e);t.async=!0;\n                    t.src=v;s=b.getElementsByTagName(e)[0];\n                    s.parentNode.insertBefore(t,s)}(window, document,'script',\n                    'https:\/\/connect.facebook.net\/en_US\/fbevents.js');\n                window.paywallConfig.facebook_pixel=\"1000228364089342\"\n            <\/script><\/p>\n","protected":false},"excerpt":{"rendered":"<p>\u201cGracias por estar ac\u00e1, esto es de ustedes\u201d, solt\u00f3 Emiliano Brancciari en uno de los momentos m\u00e1s celebrados de la noche. La frase, lejos de ser protocolar, funcion\u00f3 como s\u00edntesis de lo que ocurri\u00f3 el 25 de abril en el Estadio Ferro Carril Oeste, donde No Te Va Gustar present\u00f3 oficialmente Florece en el caos [&hellip;]<\/p>\n","protected":false},"author":2,"featured_media":193207,"comment_status":"closed","ping_status":"closed","sticky":false,"template":"","format":"standard","meta":{"footnotes":""},"categories":[25],"tags":[],"class_list":["post-193206","post","type-post","status-publish","format-standard","has-post-thumbnail","hentry","category-nacionales"],"yoast_head":"<!-- This site is optimized with the Yoast SEO plugin v24.4 - https:\/\/yoast.com\/wordpress\/plugins\/seo\/ -->\n<title>No Te Va Gustar convirti\u00f3 Ferro en una ceremonia masiva: 40 canciones, tres horas y un ritual colectivo - GYS NOTICIAS |<\/title>\n<meta name=\"robots\" content=\"index, follow, max-snippet:-1, max-image-preview:large, max-video-preview:-1\" \/>\n<link rel=\"canonical\" href=\"https:\/\/gysfm.com.ar\/inicio\/no-te-va-gustar-convirtio-ferro-en-una-ceremonia-masiva-40-canciones-tres-horas-y-un-ritual-colectivo\/\" \/>\n<meta property=\"og:locale\" content=\"es_ES\" \/>\n<meta property=\"og:type\" content=\"article\" \/>\n<meta property=\"og:title\" content=\"No Te Va Gustar convirti\u00f3 Ferro en una ceremonia masiva: 40 canciones, tres horas y un ritual colectivo - GYS NOTICIAS |\" \/>\n<meta property=\"og:description\" content=\"\u201cGracias por estar ac\u00e1, esto es de ustedes\u201d, solt\u00f3 Emiliano Brancciari en uno de los momentos m\u00e1s celebrados de la noche. La frase, lejos de ser protocolar, funcion\u00f3 como s\u00edntesis de lo que ocurri\u00f3 el 25 de abril en el Estadio Ferro Carril Oeste, donde No Te Va Gustar present\u00f3 oficialmente Florece en el caos [&hellip;]\" \/>\n<meta property=\"og:url\" content=\"https:\/\/gysfm.com.ar\/inicio\/no-te-va-gustar-convirtio-ferro-en-una-ceremonia-masiva-40-canciones-tres-horas-y-un-ritual-colectivo\/\" \/>\n<meta property=\"og:site_name\" content=\"GYS NOTICIAS |\" \/>\n<meta property=\"article:published_time\" content=\"2026-04-27T04:30:04+00:00\" \/>\n<meta property=\"og:image\" content=\"https:\/\/fotos.perfil.com\/\/2026\/04\/26\/900\/0\/ntvg-2228046.jpg?webp\" \/>\n<meta name=\"author\" content=\"Prensa G&amp;S FM\" \/>\n<meta name=\"twitter:card\" content=\"summary_large_image\" \/>\n<meta name=\"twitter:label1\" content=\"Escrito por\" \/>\n\t<meta name=\"twitter:data1\" content=\"Prensa G&amp;S FM\" \/>\n\t<meta name=\"twitter:label2\" content=\"Tiempo de lectura\" \/>\n\t<meta name=\"twitter:data2\" content=\"5 minutos\" \/>\n<script type=\"application\/ld+json\" class=\"yoast-schema-graph\">{\"@context\":\"https:\/\/schema.org\",\"@graph\":[{\"@type\":\"Article\",\"@id\":\"https:\/\/gysfm.com.ar\/inicio\/no-te-va-gustar-convirtio-ferro-en-una-ceremonia-masiva-40-canciones-tres-horas-y-un-ritual-colectivo\/#article\",\"isPartOf\":{\"@id\":\"https:\/\/gysfm.com.ar\/inicio\/no-te-va-gustar-convirtio-ferro-en-una-ceremonia-masiva-40-canciones-tres-horas-y-un-ritual-colectivo\/\"},\"author\":{\"name\":\"Prensa G&amp;S FM\",\"@id\":\"https:\/\/gysfm.com.ar\/inicio\/#\/schema\/person\/3abba7593ef2ad19e1be221d54383dc5\"},\"headline\":\"No Te Va Gustar convirti\u00f3 Ferro en una ceremonia masiva: 40 canciones, tres horas y un ritual colectivo\",\"datePublished\":\"2026-04-27T04:30:04+00:00\",\"mainEntityOfPage\":{\"@id\":\"https:\/\/gysfm.com.ar\/inicio\/no-te-va-gustar-convirtio-ferro-en-una-ceremonia-masiva-40-canciones-tres-horas-y-un-ritual-colectivo\/\"},\"wordCount\":1001,\"publisher\":{\"@id\":\"https:\/\/gysfm.com.ar\/inicio\/#organization\"},\"image\":{\"@id\":\"https:\/\/gysfm.com.ar\/inicio\/no-te-va-gustar-convirtio-ferro-en-una-ceremonia-masiva-40-canciones-tres-horas-y-un-ritual-colectivo\/#primaryimage\"},\"thumbnailUrl\":\"https:\/\/gysfm.com.ar\/inicio\/wp-content\/uploads\/2026\/04\/ntvg-2228047.jpg\",\"articleSection\":[\"NACIONALES\"],\"inLanguage\":\"es\"},{\"@type\":\"WebPage\",\"@id\":\"https:\/\/gysfm.com.ar\/inicio\/no-te-va-gustar-convirtio-ferro-en-una-ceremonia-masiva-40-canciones-tres-horas-y-un-ritual-colectivo\/\",\"url\":\"https:\/\/gysfm.com.ar\/inicio\/no-te-va-gustar-convirtio-ferro-en-una-ceremonia-masiva-40-canciones-tres-horas-y-un-ritual-colectivo\/\",\"name\":\"No Te Va Gustar convirti\u00f3 Ferro en una ceremonia masiva: 40 canciones, tres horas y un ritual colectivo - GYS NOTICIAS |\",\"isPartOf\":{\"@id\":\"https:\/\/gysfm.com.ar\/inicio\/#website\"},\"primaryImageOfPage\":{\"@id\":\"https:\/\/gysfm.com.ar\/inicio\/no-te-va-gustar-convirtio-ferro-en-una-ceremonia-masiva-40-canciones-tres-horas-y-un-ritual-colectivo\/#primaryimage\"},\"image\":{\"@id\":\"https:\/\/gysfm.com.ar\/inicio\/no-te-va-gustar-convirtio-ferro-en-una-ceremonia-masiva-40-canciones-tres-horas-y-un-ritual-colectivo\/#primaryimage\"},\"thumbnailUrl\":\"https:\/\/gysfm.com.ar\/inicio\/wp-content\/uploads\/2026\/04\/ntvg-2228047.jpg\",\"datePublished\":\"2026-04-27T04:30:04+00:00\",\"breadcrumb\":{\"@id\":\"https:\/\/gysfm.com.ar\/inicio\/no-te-va-gustar-convirtio-ferro-en-una-ceremonia-masiva-40-canciones-tres-horas-y-un-ritual-colectivo\/#breadcrumb\"},\"inLanguage\":\"es\",\"potentialAction\":[{\"@type\":\"ReadAction\",\"target\":[\"https:\/\/gysfm.com.ar\/inicio\/no-te-va-gustar-convirtio-ferro-en-una-ceremonia-masiva-40-canciones-tres-horas-y-un-ritual-colectivo\/\"]}]},{\"@type\":\"ImageObject\",\"inLanguage\":\"es\",\"@id\":\"https:\/\/gysfm.com.ar\/inicio\/no-te-va-gustar-convirtio-ferro-en-una-ceremonia-masiva-40-canciones-tres-horas-y-un-ritual-colectivo\/#primaryimage\",\"url\":\"https:\/\/gysfm.com.ar\/inicio\/wp-content\/uploads\/2026\/04\/ntvg-2228047.jpg\",\"contentUrl\":\"https:\/\/gysfm.com.ar\/inicio\/wp-content\/uploads\/2026\/04\/ntvg-2228047.jpg\",\"width\":1140,\"height\":641},{\"@type\":\"BreadcrumbList\",\"@id\":\"https:\/\/gysfm.com.ar\/inicio\/no-te-va-gustar-convirtio-ferro-en-una-ceremonia-masiva-40-canciones-tres-horas-y-un-ritual-colectivo\/#breadcrumb\",\"itemListElement\":[{\"@type\":\"ListItem\",\"position\":1,\"name\":\"Portada\",\"item\":\"https:\/\/gysfm.com.ar\/inicio\/\"},{\"@type\":\"ListItem\",\"position\":2,\"name\":\"No Te Va Gustar convirti\u00f3 Ferro en una ceremonia masiva: 40 canciones, tres horas y un ritual colectivo\"}]},{\"@type\":\"WebSite\",\"@id\":\"https:\/\/gysfm.com.ar\/inicio\/#website\",\"url\":\"https:\/\/gysfm.com.ar\/inicio\/\",\"name\":\"GYS NOTICIAS |\",\"description\":\"DIARIO - RADIO ONLINE SAN JUAN ARGENTINA\",\"publisher\":{\"@id\":\"https:\/\/gysfm.com.ar\/inicio\/#organization\"},\"potentialAction\":[{\"@type\":\"SearchAction\",\"target\":{\"@type\":\"EntryPoint\",\"urlTemplate\":\"https:\/\/gysfm.com.ar\/inicio\/?s={search_term_string}\"},\"query-input\":{\"@type\":\"PropertyValueSpecification\",\"valueRequired\":true,\"valueName\":\"search_term_string\"}}],\"inLanguage\":\"es\"},{\"@type\":\"Organization\",\"@id\":\"https:\/\/gysfm.com.ar\/inicio\/#organization\",\"name\":\"GYS NOTICIAS |\",\"url\":\"https:\/\/gysfm.com.ar\/inicio\/\",\"logo\":{\"@type\":\"ImageObject\",\"inLanguage\":\"es\",\"@id\":\"https:\/\/gysfm.com.ar\/inicio\/#\/schema\/logo\/image\/\",\"url\":\"https:\/\/gysfm.com.ar\/inicio\/wp-content\/uploads\/2023\/07\/LOGOGYS-OK.png\",\"contentUrl\":\"https:\/\/gysfm.com.ar\/inicio\/wp-content\/uploads\/2023\/07\/LOGOGYS-OK.png\",\"width\":1170,\"height\":872,\"caption\":\"GYS NOTICIAS |\"},\"image\":{\"@id\":\"https:\/\/gysfm.com.ar\/inicio\/#\/schema\/logo\/image\/\"}},{\"@type\":\"Person\",\"@id\":\"https:\/\/gysfm.com.ar\/inicio\/#\/schema\/person\/3abba7593ef2ad19e1be221d54383dc5\",\"name\":\"Prensa G&amp;S FM\",\"image\":{\"@type\":\"ImageObject\",\"inLanguage\":\"es\",\"@id\":\"https:\/\/gysfm.com.ar\/inicio\/#\/schema\/person\/image\/\",\"url\":\"https:\/\/secure.gravatar.com\/avatar\/096ec78df02049ab018702bb4ccedf659377fa92a26540b5247612077a0dbd29?s=96&d=mm&r=g\",\"contentUrl\":\"https:\/\/secure.gravatar.com\/avatar\/096ec78df02049ab018702bb4ccedf659377fa92a26540b5247612077a0dbd29?s=96&d=mm&r=g\",\"caption\":\"Prensa G&amp;S FM\"},\"sameAs\":[\"https:\/\/gysfm.com.ar\/\"],\"url\":\"https:\/\/gysfm.com.ar\/inicio\/author\/lucasm\/\"}]}<\/script>\n<!-- \/ Yoast SEO plugin. -->","yoast_head_json":{"title":"No Te Va Gustar convirti\u00f3 Ferro en una ceremonia masiva: 40 canciones, tres horas y un ritual colectivo - GYS NOTICIAS |","robots":{"index":"index","follow":"follow","max-snippet":"max-snippet:-1","max-image-preview":"max-image-preview:large","max-video-preview":"max-video-preview:-1"},"canonical":"https:\/\/gysfm.com.ar\/inicio\/no-te-va-gustar-convirtio-ferro-en-una-ceremonia-masiva-40-canciones-tres-horas-y-un-ritual-colectivo\/","og_locale":"es_ES","og_type":"article","og_title":"No Te Va Gustar convirti\u00f3 Ferro en una ceremonia masiva: 40 canciones, tres horas y un ritual colectivo - GYS NOTICIAS |","og_description":"\u201cGracias por estar ac\u00e1, esto es de ustedes\u201d, solt\u00f3 Emiliano Brancciari en uno de los momentos m\u00e1s celebrados de la noche. La frase, lejos de ser protocolar, funcion\u00f3 como s\u00edntesis de lo que ocurri\u00f3 el 25 de abril en el Estadio Ferro Carril Oeste, donde No Te Va Gustar present\u00f3 oficialmente Florece en el caos [&hellip;]","og_url":"https:\/\/gysfm.com.ar\/inicio\/no-te-va-gustar-convirtio-ferro-en-una-ceremonia-masiva-40-canciones-tres-horas-y-un-ritual-colectivo\/","og_site_name":"GYS NOTICIAS |","article_published_time":"2026-04-27T04:30:04+00:00","og_image":[{"url":"https:\/\/fotos.perfil.com\/\/2026\/04\/26\/900\/0\/ntvg-2228046.jpg?webp","type":"","width":"","height":""}],"author":"Prensa G&amp;S FM","twitter_card":"summary_large_image","twitter_misc":{"Escrito por":"Prensa G&amp;S FM","Tiempo de lectura":"5 minutos"},"schema":{"@context":"https:\/\/schema.org","@graph":[{"@type":"Article","@id":"https:\/\/gysfm.com.ar\/inicio\/no-te-va-gustar-convirtio-ferro-en-una-ceremonia-masiva-40-canciones-tres-horas-y-un-ritual-colectivo\/#article","isPartOf":{"@id":"https:\/\/gysfm.com.ar\/inicio\/no-te-va-gustar-convirtio-ferro-en-una-ceremonia-masiva-40-canciones-tres-horas-y-un-ritual-colectivo\/"},"author":{"name":"Prensa G&amp;S FM","@id":"https:\/\/gysfm.com.ar\/inicio\/#\/schema\/person\/3abba7593ef2ad19e1be221d54383dc5"},"headline":"No Te Va Gustar convirti\u00f3 Ferro en una ceremonia masiva: 40 canciones, tres horas y un ritual colectivo","datePublished":"2026-04-27T04:30:04+00:00","mainEntityOfPage":{"@id":"https:\/\/gysfm.com.ar\/inicio\/no-te-va-gustar-convirtio-ferro-en-una-ceremonia-masiva-40-canciones-tres-horas-y-un-ritual-colectivo\/"},"wordCount":1001,"publisher":{"@id":"https:\/\/gysfm.com.ar\/inicio\/#organization"},"image":{"@id":"https:\/\/gysfm.com.ar\/inicio\/no-te-va-gustar-convirtio-ferro-en-una-ceremonia-masiva-40-canciones-tres-horas-y-un-ritual-colectivo\/#primaryimage"},"thumbnailUrl":"https:\/\/gysfm.com.ar\/inicio\/wp-content\/uploads\/2026\/04\/ntvg-2228047.jpg","articleSection":["NACIONALES"],"inLanguage":"es"},{"@type":"WebPage","@id":"https:\/\/gysfm.com.ar\/inicio\/no-te-va-gustar-convirtio-ferro-en-una-ceremonia-masiva-40-canciones-tres-horas-y-un-ritual-colectivo\/","url":"https:\/\/gysfm.com.ar\/inicio\/no-te-va-gustar-convirtio-ferro-en-una-ceremonia-masiva-40-canciones-tres-horas-y-un-ritual-colectivo\/","name":"No Te Va Gustar convirti\u00f3 Ferro en una ceremonia masiva: 40 canciones, tres horas y un ritual colectivo - GYS NOTICIAS |","isPartOf":{"@id":"https:\/\/gysfm.com.ar\/inicio\/#website"},"primaryImageOfPage":{"@id":"https:\/\/gysfm.com.ar\/inicio\/no-te-va-gustar-convirtio-ferro-en-una-ceremonia-masiva-40-canciones-tres-horas-y-un-ritual-colectivo\/#primaryimage"},"image":{"@id":"https:\/\/gysfm.com.ar\/inicio\/no-te-va-gustar-convirtio-ferro-en-una-ceremonia-masiva-40-canciones-tres-horas-y-un-ritual-colectivo\/#primaryimage"},"thumbnailUrl":"https:\/\/gysfm.com.ar\/inicio\/wp-content\/uploads\/2026\/04\/ntvg-2228047.jpg","datePublished":"2026-04-27T04:30:04+00:00","breadcrumb":{"@id":"https:\/\/gysfm.com.ar\/inicio\/no-te-va-gustar-convirtio-ferro-en-una-ceremonia-masiva-40-canciones-tres-horas-y-un-ritual-colectivo\/#breadcrumb"},"inLanguage":"es","potentialAction":[{"@type":"ReadAction","target":["https:\/\/gysfm.com.ar\/inicio\/no-te-va-gustar-convirtio-ferro-en-una-ceremonia-masiva-40-canciones-tres-horas-y-un-ritual-colectivo\/"]}]},{"@type":"ImageObject","inLanguage":"es","@id":"https:\/\/gysfm.com.ar\/inicio\/no-te-va-gustar-convirtio-ferro-en-una-ceremonia-masiva-40-canciones-tres-horas-y-un-ritual-colectivo\/#primaryimage","url":"https:\/\/gysfm.com.ar\/inicio\/wp-content\/uploads\/2026\/04\/ntvg-2228047.jpg","contentUrl":"https:\/\/gysfm.com.ar\/inicio\/wp-content\/uploads\/2026\/04\/ntvg-2228047.jpg","width":1140,"height":641},{"@type":"BreadcrumbList","@id":"https:\/\/gysfm.com.ar\/inicio\/no-te-va-gustar-convirtio-ferro-en-una-ceremonia-masiva-40-canciones-tres-horas-y-un-ritual-colectivo\/#breadcrumb","itemListElement":[{"@type":"ListItem","position":1,"name":"Portada","item":"https:\/\/gysfm.com.ar\/inicio\/"},{"@type":"ListItem","position":2,"name":"No Te Va Gustar convirti\u00f3 Ferro en una ceremonia masiva: 40 canciones, tres horas y un ritual colectivo"}]},{"@type":"WebSite","@id":"https:\/\/gysfm.com.ar\/inicio\/#website","url":"https:\/\/gysfm.com.ar\/inicio\/","name":"GYS NOTICIAS |","description":"DIARIO - RADIO ONLINE SAN JUAN ARGENTINA","publisher":{"@id":"https:\/\/gysfm.com.ar\/inicio\/#organization"},"potentialAction":[{"@type":"SearchAction","target":{"@type":"EntryPoint","urlTemplate":"https:\/\/gysfm.com.ar\/inicio\/?s={search_term_string}"},"query-input":{"@type":"PropertyValueSpecification","valueRequired":true,"valueName":"search_term_string"}}],"inLanguage":"es"},{"@type":"Organization","@id":"https:\/\/gysfm.com.ar\/inicio\/#organization","name":"GYS NOTICIAS |","url":"https:\/\/gysfm.com.ar\/inicio\/","logo":{"@type":"ImageObject","inLanguage":"es","@id":"https:\/\/gysfm.com.ar\/inicio\/#\/schema\/logo\/image\/","url":"https:\/\/gysfm.com.ar\/inicio\/wp-content\/uploads\/2023\/07\/LOGOGYS-OK.png","contentUrl":"https:\/\/gysfm.com.ar\/inicio\/wp-content\/uploads\/2023\/07\/LOGOGYS-OK.png","width":1170,"height":872,"caption":"GYS NOTICIAS |"},"image":{"@id":"https:\/\/gysfm.com.ar\/inicio\/#\/schema\/logo\/image\/"}},{"@type":"Person","@id":"https:\/\/gysfm.com.ar\/inicio\/#\/schema\/person\/3abba7593ef2ad19e1be221d54383dc5","name":"Prensa G&amp;S FM","image":{"@type":"ImageObject","inLanguage":"es","@id":"https:\/\/gysfm.com.ar\/inicio\/#\/schema\/person\/image\/","url":"https:\/\/secure.gravatar.com\/avatar\/096ec78df02049ab018702bb4ccedf659377fa92a26540b5247612077a0dbd29?s=96&d=mm&r=g","contentUrl":"https:\/\/secure.gravatar.com\/avatar\/096ec78df02049ab018702bb4ccedf659377fa92a26540b5247612077a0dbd29?s=96&d=mm&r=g","caption":"Prensa G&amp;S FM"},"sameAs":["https:\/\/gysfm.com.ar\/"],"url":"https:\/\/gysfm.com.ar\/inicio\/author\/lucasm\/"}]}},"_links":{"self":[{"href":"https:\/\/gysfm.com.ar\/inicio\/wp-json\/wp\/v2\/posts\/193206","targetHints":{"allow":["GET"]}}],"collection":[{"href":"https:\/\/gysfm.com.ar\/inicio\/wp-json\/wp\/v2\/posts"}],"about":[{"href":"https:\/\/gysfm.com.ar\/inicio\/wp-json\/wp\/v2\/types\/post"}],"author":[{"embeddable":true,"href":"https:\/\/gysfm.com.ar\/inicio\/wp-json\/wp\/v2\/users\/2"}],"replies":[{"embeddable":true,"href":"https:\/\/gysfm.com.ar\/inicio\/wp-json\/wp\/v2\/comments?post=193206"}],"version-history":[{"count":0,"href":"https:\/\/gysfm.com.ar\/inicio\/wp-json\/wp\/v2\/posts\/193206\/revisions"}],"wp:featuredmedia":[{"embeddable":true,"href":"https:\/\/gysfm.com.ar\/inicio\/wp-json\/wp\/v2\/media\/193207"}],"wp:attachment":[{"href":"https:\/\/gysfm.com.ar\/inicio\/wp-json\/wp\/v2\/media?parent=193206"}],"wp:term":[{"taxonomy":"category","embeddable":true,"href":"https:\/\/gysfm.com.ar\/inicio\/wp-json\/wp\/v2\/categories?post=193206"},{"taxonomy":"post_tag","embeddable":true,"href":"https:\/\/gysfm.com.ar\/inicio\/wp-json\/wp\/v2\/tags?post=193206"}],"curies":[{"name":"wp","href":"https:\/\/api.w.org\/{rel}","templated":true}]}}