{"id":193203,"date":"2026-04-27T01:15:08","date_gmt":"2026-04-27T04:15:08","guid":{"rendered":"https:\/\/gysfm.com.ar\/inicio\/conmocion-en-washington-investigan-el-movil-del-atacante-y-creen-que-tenia-como-objetivo-a-trump-y-funcionarios-del-gobierno\/"},"modified":"2026-04-27T01:15:12","modified_gmt":"2026-04-27T04:15:12","slug":"conmocion-en-washington-investigan-el-movil-del-atacante-y-creen-que-tenia-como-objetivo-a-trump-y-funcionarios-del-gobierno","status":"publish","type":"post","link":"https:\/\/gysfm.com.ar\/inicio\/conmocion-en-washington-investigan-el-movil-del-atacante-y-creen-que-tenia-como-objetivo-a-trump-y-funcionarios-del-gobierno\/","title":{"rendered":"Conmoci\u00f3n en Washington: investigan el m\u00f3vil del atacante y creen que ten\u00eda como \u201cobjetivo\u201d a Trump y funcionarios del gobierno"},"content":{"rendered":"<p> <br \/>\n<\/p>\n<div>\n<p class=\"com-paragraph  --capital --s\">WASHINGTON.- Mientras Estados Unidos a\u00fan no sal\u00eda de su estado de asombro luego de las <a href=\"https:\/\/www.lanacion.com.ar\/estados-unidos\/evacuaron-a-trump-de-la-casa-blanca-por-una-amenaza-durante-una-cena-con-periodistas-nid25042026\/\" target=\"_self\" title=\"https:\/\/www.lanacion.com.ar\/estados-unidos\/evacuaron-a-trump-de-la-casa-blanca-por-una-amenaza-durante-una-cena-con-periodistas-nid25042026\/\" class=\"com-link break-word\" data-mrf-recirculation=\"n_link_parrafo\">escenas de p\u00e1nico de anoche<\/a> en un hotel en esta capital, donde <strong>Donald Trump y toda la plana mayor del gobierno fueron evacuados<\/strong> de la cena de corresponsales de la Casa Blanca tras la irrupci\u00f3n de un hombre armado, las autoridades contin\u00faan con la investigaci\u00f3n para <strong>determinar el m\u00f3vil del agresor<\/strong> -detenido e identificado-, mientras los <strong>hallazgos preliminares, como un manifiesto con duras consignas contra el gobierno, <\/strong>sugieren que ten\u00eda como <strong>\u201cobjetivo a funcionarios de la administraci\u00f3n\u201d<\/strong>.<\/p>\n<p class=\"com-paragraph   --s\">\u201c<strong>Todav\u00eda estamos investigando el m\u00f3vil<\/strong>, y eso es algo que necesariamente llevar\u00e1 al menos un par de d\u00edas\u201d, se\u00f1al\u00f3 el<strong> fiscal general interino, Todd Blanche<\/strong>, quien anoche se encontraba en gala en el hotel Hilton. <\/p>\n<div class=\"content-media\">\n<section role=\"button\" class=\"mod-media   \">\n<figure role=\"button\" tabindex=\"0\" class=\"mod-figure \"><figcaption class=\"mod-figcaption\"><span class=\"com-text --caption --twoxs\">El despliegue del Servicio Secreto tras el incidente en la cena de corresponsales de la Casa Blanca, en Washington.<\/span><span class=\"com-text --credit --twoxs\">Alex Brandon &#8211; AP<\/span><\/figcaption><\/figure>\n<\/section>\n<\/div>\n<p class=\"com-paragraph   --s\"><strong>\u201cCreemos que ten\u00eda como objetivo a funcionarios de la administraci\u00f3n en este ataque \u2014o intento de ataque\u2014, pero esto es bastante preliminar\u201d<\/strong>, explic\u00f3 el funcionario sobre <strong>Cole Tomas Allen, de 31 a\u00f1os y oriundo de California<\/strong>, que fue neutralizado por los agentes del Servicio Secreto tras cruzar corriendo un control de seguridad. El agresor habr\u00eda actuado solo y, seg\u00fan indicios de la investigaci\u00f3n, habr\u00eda planeado el ataque durante mucho tiempo.<\/p>\n<p class=\"com-paragraph   --s\">Los funcionarios que el agresor busc\u00f3 atacar \u00ab<strong>probablemente incluyan al presidente, pero prefiero esperar y no adelantarnos a los hechos en ese aspecto<\/strong>\u201d, a\u00f1adi\u00f3 Blanche. En el manifiesto, Allen mencion\u00f3 que buscaba alcanzar a <strong>\u201cfuncionarios de la administraci\u00f3n priorizados desde el rango m\u00e1s alto hasta el m\u00e1s bajo\u201d<\/strong>. Sin embargo, no hizo menciones expl\u00edcitas con nombres.<\/p>\n<div class=\"content-media cursor-pointer container-center-100\">\n<section class=\"media-container relative ratio-16-9 mod-media pb-32\">\n<figure class=\"mod-video\">\n<div class=\"video-player bg-black ratio-16-9\" data-has-jwplayer=\"true\" data-video-id-jw=\"PsJjaauZ\" data-config=\"{&quot;title&quot;:&quot;Gif - Donald Trump sobre el episodio: &quot;El Servicio Secreto y las fuerzas del orden han realizado un trabajo fant\u00e1stico&quot;&quot;,&quot;mediaId&quot;:&quot;PsJjaauZ&quot;,&quot;playerId&quot;:&quot;ih0086X3&quot;,&quot;playlist&quot;:[{&quot;mediaid&quot;:&quot;PsJjaauZ&quot;,&quot;sources&quot;:[{&quot;file&quot;:&quot;https:\/\/cdn.jwplayer.com\/manifests\/PsJjaauZ.m3u8&quot;,&quot;type&quot;:&quot;application\/vnd.apple.mpegurl&quot;},{&quot;bitrate&quot;:673269,&quot;file&quot;:&quot;https:\/\/cdn.jwplayer.com\/videos\/PsJjaauZ-kTExGaWf.mp4&quot;,&quot;filesize&quot;:252476,&quot;framerate&quot;:30,&quot;height&quot;:180,&quot;label&quot;:&quot;180p&quot;,&quot;type&quot;:&quot;video\/mp4&quot;,&quot;width&quot;:320},{&quot;bitrate&quot;:1018925,&quot;file&quot;:&quot;https:\/\/cdn.jwplayer.com\/videos\/PsJjaauZ-K8B0kybS.mp4&quot;,&quot;filesize&quot;:382097,&quot;framerate&quot;:30,&quot;height&quot;:270,&quot;label&quot;:&quot;270p&quot;,&quot;type&quot;:&quot;video\/mp4&quot;,&quot;width&quot;:480},{&quot;bitrate&quot;:2781896,&quot;file&quot;:&quot;https:\/\/cdn.jwplayer.com\/videos\/PsJjaauZ-46NIuRKO.mp4&quot;,&quot;filesize&quot;:1043211,&quot;framerate&quot;:30,&quot;height&quot;:720,&quot;label&quot;:&quot;720p&quot;,&quot;type&quot;:&quot;video\/mp4&quot;,&quot;width&quot;:1280},{&quot;bitrate&quot;:152746,&quot;file&quot;:&quot;https:\/\/cdn.jwplayer.com\/videos\/PsJjaauZ-hz5z2Tv4.m4a&quot;,&quot;filesize&quot;:57280,&quot;label&quot;:&quot;AAC Audio&quot;,&quot;type&quot;:&quot;audio\/mp4&quot;},{&quot;bitrate&quot;:1106192,&quot;file&quot;:&quot;https:\/\/cdn.jwplayer.com\/videos\/PsJjaauZ-FnZGUVnC.mp4&quot;,&quot;filesize&quot;:414822,&quot;framerate&quot;:30,&quot;height&quot;:360,&quot;label&quot;:&quot;360p&quot;,&quot;type&quot;:&quot;video\/mp4&quot;,&quot;width&quot;:640},{&quot;bitrate&quot;:1901400,&quot;file&quot;:&quot;https:\/\/cdn.jwplayer.com\/videos\/PsJjaauZ-0G6Pwvlw.mp4&quot;,&quot;filesize&quot;:713025,&quot;framerate&quot;:30,&quot;height&quot;:540,&quot;label&quot;:&quot;540p&quot;,&quot;type&quot;:&quot;video\/mp4&quot;,&quot;width&quot;:960}]}],&quot;hasAutoplay&quot;:false,&quot;autostart&quot;:true,&quot;tagsUrl&quot;:&quot;https:\/\/pubads.g.doubleclick.net\/gampad\/ads?slotname=\/133919216\/la_nacion_video\/nota\/preroll&amp;sz=640x480|400x300&amp;ciu_szs=300x250&amp;unviewed_position_start=1&amp;output=vast&amp;impl=s&amp;env=vp&amp;gdfp_req=1&amp;ad_rule=0&amp;vad_type=linear&amp;vpos=preroll&amp;cust_params=tags_nuevos%3Dte_donald_trump%2Cte_washington%2Cte_casa_blanca%2Cca_estados_unidos%2Cca_el_mundo%2Cau_guillermo_idiart%2CCMUR3HHVB5DY3HHEHIZVAMPELE&amp;pod=3&amp;ppos=1&amp;lip=true&amp;min_ad_duration=0&amp;max_ad_duration=30000&amp;vrid=6256&amp;url=https%3A%2F%2Fwww.lanacion.com.ar%2Festados-unidos%2Fconmocion-en-washington-investigan-el-movil-del-atacante-y-creen-que-tenia-como-objetivo-a-trump-y-nid26042026%2F%3Fvariant%3DA&amp;description_url=https%3A%2F%2Fwww.lanacion.com.ar%2Festados-unidos%2Fconmocion-en-washington-investigan-el-movil-del-atacante-y-creen-que-tenia-como-objetivo-a-trump-y-nid26042026%2F%3Fvariant%3DA&amp;video_doc_id=short_onecue&amp;cmsid=496&amp;kfa=0&amp;tfcd=0&amp;correlator=1777263275616&quot;,&quot;arcSite&quot;:&quot;la-nacion-ar&quot;,&quot;duration&quot;:&quot;3000&quot;}\">\n<div id=\"facade-PsJjaauZ\" class=\"content-facade-jw relative bg-black ratio-16-9\"><picture><source media=\"(max-width: 767px)\" srcset=\"https:\/\/resizer.glanacion.com\/resizer\/v2\/https%3A%2F%2Fcdn.jwplayer.com%2Fv2%2Fmedia%2FPsJjaauZ%2Fposter.jpg%3Fwidth%3D720?auth=56cf33f68dee3a093e16e284d8aadb6691e1e187bc9269f67fdcbf9a7478ebeb&amp;width=480&amp;quality=70&amp;smart=false\"\/><\/picture><\/div>\n<\/div><figcaption class=\"border border-1 border-bottom border-light-300 relative px-16 py-8 min-h-36 w-100_md px-0_l mb-8 bg-white\"><span class=\"text ln-text text-16 block\">Gif &#8211; Donald Trump sobre el episodio: \u00abEl Servicio Secreto y las fuerzas del orden han realizado un trabajo fant\u00e1stico\u00bb<\/span><\/figcaption><\/figure>\n<\/section>\n<\/div>\n<p class=\"com-paragraph   --s\">Al ser consultado en el programa <em>60 Minutes<\/em> sobre si \u00e9l era el objetivo del ataque, Trump respondi\u00f3: \u201cNo lo s\u00e9. A m\u00ed me pareci\u00f3 que s\u00ed\u201d<\/p>\n<p class=\"com-paragraph   --s\">\u201cLe\u00ed un manifiesto. Se trata de alguien que se radicaliz\u00f3. Era un creyente cristiano, pero luego se volvi\u00f3 anticristiano y experiment\u00f3 un gran cambio. Su hermano se quej\u00f3 de \u00e9l y creo que lo denunci\u00f3 a la polic\u00eda. Y su hermana, del mismo modo, se quej\u00f3 de \u00e9l. Su familia estaba muy preocupada. Probablemente era un individuo bastante perturbado\u201d, dijo el presidente.<\/p>\n<p class=\"com-paragraph   --s\">En un pasaje del manifiesto, clave en la investigaci\u00f3n de las autoridades, Allen detall\u00f3 que <strong>\u201cpara minimizar las bajas\u201d usar\u00eda \u201cperdigones en lugar de balas (tienen menor penetraci\u00f3n a trav\u00e9s de las paredes)\u201d<\/strong>.<\/p>\n<p class=\"com-paragraph   --s\">El incidente en Washington suscit\u00f3 amplios interrogantes en materia de seguridad presidencial, luego de que el agresor lograra vulnerar el per\u00edmetro portando con<strong> una escopeta, una pistola y m\u00faltiples cuchillos<\/strong>. Trump lo describi\u00f3 como un \u201cloco\u201d y un <strong>\u201clobo solitario\u201d<\/strong>, y este domingo, en di\u00e1logo con <em>Fox News<\/em>, asegur\u00f3 actu\u00f3 motivado por un<strong> \u201codio profundo\u201d <\/strong>hacia los cristianos.<\/p>\n<p class=\"com-paragraph   --s\"><strong>Trump se bas\u00f3 en el manifiesto que las autoridades hab\u00edan hallado en una computadora del sospechoso<\/strong>. El presidente describi\u00f3 a Allen como un <strong>\u201ctipo muy problem\u00e1tico\u201d <\/strong>cuyas motivaciones -asegur\u00f3- ten\u00edan un trasfondo religioso radical.<\/p>\n<p class=\"com-paragraph   --s\"><strong>\u201cAl leer su manifiesto, te das cuenta de que odia a los cristianos. Eso es seguro. Es un odio fuerte, anticristiano\u201d<\/strong>, insisti\u00f3 el presidente.<\/p>\n<p class=\"com-paragraph   --s\"><strong>En el texto, Allen se\u00f1ala que ya no dispuesto \u201ca permitir que un ped\u00f3filo, violador y traidor manche mis manos con sus cr\u00edmenes\u201d<\/strong>, en una presunta referencia a Trump.<\/p>\n<div class=\"content-media\">\n<section role=\"button\" class=\"mod-media   \">\n<figure role=\"button\" tabindex=\"0\" class=\"mod-figure \"><figcaption class=\"mod-figcaption\"><span class=\"com-text --caption --twoxs\">Cole Tomas Allen, tras ser detenido en un hotel de Washington.<\/span><\/figcaption><\/figure>\n<\/section>\n<\/div>\n<p class=\"com-paragraph   --s\">Poco antes del ataque, el sospechoso envi\u00f3 mensajes a sus familiares en los que denunciaba las pol\u00edticas de la administraci\u00f3n Trump y<strong> suger\u00eda que ten\u00eda la intenci\u00f3n de emprender acciones violentas<\/strong>, seg\u00fan una persona familiarizada con la investigaci\u00f3n citada por <em>The New York Times<\/em>. Otros materiales escritos hallados en su habitaci\u00f3n del hotel conten\u00edan declaraciones similares, a\u00f1adi\u00f3.<\/p>\n<p class=\"com-paragraph   --s\">La alcaldesa del distrito de Columbia, <strong>Muriel Bowser<\/strong>, y el jefe de polic\u00eda del distrito de la capital norteamericana, <strong>Jeffery Carroll<\/strong>, apuntaron que \u201chasta el momento\u201d pareciera que Allen <strong>\u201ces un actor solitario\u201d<\/strong>.<\/p>\n<p class=\"com-paragraph   --s\">Blanche indic\u00f3 que los investigadores est\u00e1n examinando informes que <strong>sugieren que el sospechoso hab\u00eda ensamblado el arma en alg\u00fan lugar del hotel, pero que \u201cno lleg\u00f3 muy lejos\u201d<\/strong>. Allen fue detenido tras atravesar corriendo un puesto de control de seguridad e intercambiar disparos con efectivos en el interior del Hotel Hilton. Un agente del Servicio Secreto fue impactado por una proyectil, pero se salv\u00f3 por su chaleco antibalas.<\/p>\n<div class=\"content-media cursor-pointer container-center-100\">\n<section class=\"media-container relative ratio-16-9 mod-media pb-32\">\n<figure class=\"mod-video\">\n<div class=\"video-player bg-black ratio-16-9\" data-has-jwplayer=\"true\" data-video-id-jw=\"gZSLamct\" data-config=\"{&quot;title&quot;:&quot;Donald Trump sobre el episodio: &quot;El Servicio Secreto y las fuerzas del orden han realizado un trabajo fant\u00e1stico&quot;&quot;,&quot;mediaId&quot;:&quot;gZSLamct&quot;,&quot;playerId&quot;:&quot;ih0086X3&quot;,&quot;playlist&quot;:[{&quot;mediaid&quot;:&quot;gZSLamct&quot;,&quot;sources&quot;:[{&quot;file&quot;:&quot;https:\/\/cdn.jwplayer.com\/manifests\/gZSLamct.m3u8&quot;,&quot;type&quot;:&quot;application\/vnd.apple.mpegurl&quot;},{&quot;bitrate&quot;:573986,&quot;file&quot;:&quot;https:\/\/cdn.jwplayer.com\/videos\/gZSLamct-kTExGaWf.mp4&quot;,&quot;filesize&quot;:789232,&quot;framerate&quot;:30,&quot;height&quot;:180,&quot;label&quot;:&quot;180p&quot;,&quot;type&quot;:&quot;video\/mp4&quot;,&quot;width&quot;:320},{&quot;bitrate&quot;:811286,&quot;file&quot;:&quot;https:\/\/cdn.jwplayer.com\/videos\/gZSLamct-K8B0kybS.mp4&quot;,&quot;filesize&quot;:1115519,&quot;framerate&quot;:30,&quot;height&quot;:270,&quot;label&quot;:&quot;270p&quot;,&quot;type&quot;:&quot;video\/mp4&quot;,&quot;width&quot;:480},{&quot;bitrate&quot;:2510573,&quot;file&quot;:&quot;https:\/\/cdn.jwplayer.com\/videos\/gZSLamct-46NIuRKO.mp4&quot;,&quot;filesize&quot;:3452038,&quot;framerate&quot;:30,&quot;height&quot;:720,&quot;label&quot;:&quot;720p&quot;,&quot;type&quot;:&quot;video\/mp4&quot;,&quot;width&quot;:1280},{&quot;bitrate&quot;:123177,&quot;file&quot;:&quot;https:\/\/cdn.jwplayer.com\/videos\/gZSLamct-hz5z2Tv4.m4a&quot;,&quot;filesize&quot;:169369,&quot;label&quot;:&quot;AAC Audio&quot;,&quot;type&quot;:&quot;audio\/mp4&quot;},{&quot;bitrate&quot;:979445,&quot;file&quot;:&quot;https:\/\/cdn.jwplayer.com\/videos\/gZSLamct-FnZGUVnC.mp4&quot;,&quot;filesize&quot;:1346738,&quot;framerate&quot;:30,&quot;height&quot;:360,&quot;label&quot;:&quot;360p&quot;,&quot;type&quot;:&quot;video\/mp4&quot;,&quot;width&quot;:640},{&quot;bitrate&quot;:1674816,&quot;file&quot;:&quot;https:\/\/cdn.jwplayer.com\/videos\/gZSLamct-0G6Pwvlw.mp4&quot;,&quot;filesize&quot;:2302872,&quot;framerate&quot;:30,&quot;height&quot;:540,&quot;label&quot;:&quot;540p&quot;,&quot;type&quot;:&quot;video\/mp4&quot;,&quot;width&quot;:960}]}],&quot;hasAutoplay&quot;:false,&quot;autostart&quot;:true,&quot;tagsUrl&quot;:&quot;https:\/\/pubads.g.doubleclick.net\/gampad\/ads?slotname=\/133919216\/la_nacion_video\/nota\/preroll&amp;sz=640x480|400x300&amp;ciu_szs=300x250&amp;unviewed_position_start=1&amp;output=vast&amp;impl=s&amp;env=vp&amp;gdfp_req=1&amp;ad_rule=0&amp;vad_type=linear&amp;vpos=preroll&amp;cust_params=tags_nuevos%3Dte_donald_trump%2Cte_washington%2Cte_casa_blanca%2Cca_estados_unidos%2Cca_el_mundo%2Cau_guillermo_idiart%2CCMUR3HHVB5DY3HHEHIZVAMPELE&amp;pod=3&amp;ppos=1&amp;lip=true&amp;min_ad_duration=0&amp;max_ad_duration=30000&amp;vrid=6256&amp;url=https%3A%2F%2Fwww.lanacion.com.ar%2Festados-unidos%2Fconmocion-en-washington-investigan-el-movil-del-atacante-y-creen-que-tenia-como-objetivo-a-trump-y-nid26042026%2F%3Fvariant%3DA&amp;description_url=https%3A%2F%2Fwww.lanacion.com.ar%2Festados-unidos%2Fconmocion-en-washington-investigan-el-movil-del-atacante-y-creen-que-tenia-como-objetivo-a-trump-y-nid26042026%2F%3Fvariant%3DA&amp;video_doc_id=short_onecue&amp;cmsid=496&amp;kfa=0&amp;tfcd=0&amp;correlator=1777263275617&quot;,&quot;arcSite&quot;:&quot;la-nacion-ar&quot;,&quot;duration&quot;:&quot;11000&quot;}\">\n<div id=\"facade-gZSLamct\" class=\"content-facade-jw relative bg-black ratio-16-9\"><picture><source media=\"(max-width: 767px)\" srcset=\"https:\/\/resizer.glanacion.com\/resizer\/v2\/https%3A%2F%2Fcdn.jwplayer.com%2Fv2%2Fmedia%2FgZSLamct%2Fposter.jpg%3Fwidth%3D720?auth=a5ff09ad8c415df68f166e11a46bc37bcb352a468d05cadff2f1d48bc9a0eb8f&amp;width=480&amp;quality=70&amp;smart=false\"\/><img class=\"image com-image flex --cover\" decoding=\"async\" fetchpriority=\"low\" loading=\"lazy\" src=\"https:\/\/gysfm.com.ar\/inicio\/wp-content\/uploads\/2026\/04\/https:\/\/cdn.jwplayer.com\/v2\/media\/gZSLamct\/poster.jpg\" alt=\"Donald Trump sobre el episodio: &quot;El Servicio Secreto y las fuerzas del orden han realizado un trabajo fant\u00e1stico&quot;\"\/><\/picture><\/div>\n<\/div><figcaption class=\"border border-1 border-bottom border-light-300 relative px-16 py-8 min-h-36 w-100_md px-0_l mb-8 bg-white\"><span class=\"text ln-text text-16 block\">Donald Trump sobre el episodio: \u00abEl Servicio Secreto y las fuerzas del orden han realizado un trabajo fant\u00e1stico\u00bb<\/span><\/figcaption><\/figure>\n<\/section>\n<\/div>\n<p class=\"com-paragraph   --s\"><strong>\u201cApenas logr\u00f3 vulnerar el per\u00edmetro. Y al decir \u2018apenas\u2019, me refiero a una distancia de tan solo unos pocos metros\u201d<\/strong>, dijo Blanche. No lleg\u00f3 a entrar en el sal\u00f3n donde se desarrollaba el evento, que contaba con la presencia de cientos de invitados. El mandatario; su esposa, <strong>Melania Trump<\/strong>, y el vicepresidente <strong>JD Vance<\/strong> estaban sentados en una mesa sobre el estrado, lejos de las entradas al sal\u00f3n.<\/p>\n<div class=\"content-media\">\n<section role=\"button\" class=\"mod-media   \">\n<figure role=\"button\" tabindex=\"0\" class=\"mod-figure \"><figcaption class=\"mod-figcaption\"><span class=\"com-text --caption --twoxs\">Agentes del Servicio Secreto, en el hotel en Washington en el que se desarroll\u00f3 la gala de corresponsales.<\/span><span class=\"com-text --credit --twoxs\">Tom Brenner &#8211; FR117851 AP<\/span><\/figcaption><\/figure>\n<\/section>\n<\/div>\n<p class=\"com-paragraph   --s\">Blanche confirm\u00f3 que el sospechoso ser\u00e1 imputado formalmente el lunes en Washington. Allen enfrentar\u00e1 dos cargos, seg\u00fan hab\u00eda anticipado anoche la fiscal federal Jeanine Pirro: <strong>uso de un arma de fuego durante un delito violento y agresi\u00f3n a un agente federal con un arma peligrosa<\/strong>.<\/p>\n<p class=\"com-paragraph   --s\">Los investigadores lograron extraer cierta <strong>informaci\u00f3n de los dispositivos electr\u00f3nicos del detenido y entrevistaron a algunas personas que lo conocen<\/strong>, declar\u00f3 tambi\u00e9n el fiscal general interino. Blanche precis\u00f3 que el agresor hab\u00eda adquirido las dos armas que llevaba consigo <strong>\u201cen el transcurso de los \u00faltimos dos a\u00f1os\u201d<\/strong>.<\/p>\n<div class=\"content-media cursor-pointer container-center-100\">\n<section class=\"media-container relative ratio-16-9 mod-media pb-32\">\n<figure class=\"mod-video\">\n<div class=\"video-player bg-black ratio-16-9\" data-has-jwplayer=\"true\" data-video-id-jw=\"eoqX0DsN\" data-config=\"{&quot;title&quot;:&quot;Polic\u00edas corrieron armados por los pasillos del hotel en el que se encontraba Trump&quot;,&quot;mediaId&quot;:&quot;eoqX0DsN&quot;,&quot;playerId&quot;:&quot;ih0086X3&quot;,&quot;playlist&quot;:[{&quot;mediaid&quot;:&quot;eoqX0DsN&quot;,&quot;sources&quot;:[{&quot;file&quot;:&quot;https:\/\/cdn.jwplayer.com\/manifests\/eoqX0DsN.m3u8&quot;,&quot;type&quot;:&quot;application\/vnd.apple.mpegurl&quot;},{&quot;bitrate&quot;:549426,&quot;file&quot;:&quot;https:\/\/cdn.jwplayer.com\/videos\/eoqX0DsN-kTExGaWf.mp4&quot;,&quot;filesize&quot;:892818,&quot;framerate&quot;:30,&quot;height&quot;:320,&quot;label&quot;:&quot;180p&quot;,&quot;type&quot;:&quot;video\/mp4&quot;,&quot;width&quot;:180},{&quot;bitrate&quot;:780723,&quot;file&quot;:&quot;https:\/\/cdn.jwplayer.com\/videos\/eoqX0DsN-K8B0kybS.mp4&quot;,&quot;filesize&quot;:1268676,&quot;framerate&quot;:30,&quot;height&quot;:480,&quot;label&quot;:&quot;270p&quot;,&quot;type&quot;:&quot;video\/mp4&quot;,&quot;width&quot;:270},{&quot;bitrate&quot;:2367536,&quot;file&quot;:&quot;https:\/\/cdn.jwplayer.com\/videos\/eoqX0DsN-46NIuRKO.mp4&quot;,&quot;filesize&quot;:3847246,&quot;framerate&quot;:30,&quot;height&quot;:1280,&quot;label&quot;:&quot;720p&quot;,&quot;type&quot;:&quot;video\/mp4&quot;,&quot;width&quot;:720},{&quot;bitrate&quot;:117400,&quot;file&quot;:&quot;https:\/\/cdn.jwplayer.com\/videos\/eoqX0DsN-hz5z2Tv4.m4a&quot;,&quot;filesize&quot;:190775,&quot;label&quot;:&quot;AAC Audio&quot;,&quot;type&quot;:&quot;audio\/mp4&quot;},{&quot;bitrate&quot;:1012802,&quot;file&quot;:&quot;https:\/\/cdn.jwplayer.com\/videos\/eoqX0DsN-FnZGUVnC.mp4&quot;,&quot;filesize&quot;:1645804,&quot;framerate&quot;:30,&quot;height&quot;:640,&quot;label&quot;:&quot;360p&quot;,&quot;type&quot;:&quot;video\/mp4&quot;,&quot;width&quot;:360},{&quot;bitrate&quot;:1703889,&quot;file&quot;:&quot;https:\/\/cdn.jwplayer.com\/videos\/eoqX0DsN-0G6Pwvlw.mp4&quot;,&quot;filesize&quot;:2768821,&quot;framerate&quot;:30,&quot;height&quot;:960,&quot;label&quot;:&quot;540p&quot;,&quot;type&quot;:&quot;video\/mp4&quot;,&quot;width&quot;:540}]}],&quot;hasAutoplay&quot;:false,&quot;autostart&quot;:true,&quot;tagsUrl&quot;:&quot;https:\/\/pubads.g.doubleclick.net\/gampad\/ads?slotname=\/133919216\/la_nacion_video\/nota\/preroll&amp;sz=640x480|400x300&amp;ciu_szs=300x250&amp;unviewed_position_start=1&amp;output=vast&amp;impl=s&amp;env=vp&amp;gdfp_req=1&amp;ad_rule=0&amp;vad_type=linear&amp;vpos=preroll&amp;cust_params=tags_nuevos%3Dte_donald_trump%2Cte_washington%2Cte_casa_blanca%2Cca_estados_unidos%2Cca_el_mundo%2Cau_guillermo_idiart%2CCMUR3HHVB5DY3HHEHIZVAMPELE&amp;pod=3&amp;ppos=1&amp;lip=true&amp;min_ad_duration=0&amp;max_ad_duration=30000&amp;vrid=6256&amp;url=https%3A%2F%2Fwww.lanacion.com.ar%2Festados-unidos%2Fconmocion-en-washington-investigan-el-movil-del-atacante-y-creen-que-tenia-como-objetivo-a-trump-y-nid26042026%2F%3Fvariant%3DA&amp;description_url=https%3A%2F%2Fwww.lanacion.com.ar%2Festados-unidos%2Fconmocion-en-washington-investigan-el-movil-del-atacante-y-creen-que-tenia-como-objetivo-a-trump-y-nid26042026%2F%3Fvariant%3DA&amp;video_doc_id=short_onecue&amp;cmsid=496&amp;kfa=0&amp;tfcd=0&amp;correlator=1777263275618&quot;,&quot;arcSite&quot;:&quot;la-nacion-ar&quot;,&quot;duration&quot;:&quot;13000&quot;}\">\n<div id=\"facade-eoqX0DsN\" class=\"content-facade-jw relative bg-black ratio-16-9\"><picture><source media=\"(max-width: 767px)\" srcset=\"https:\/\/resizer.glanacion.com\/resizer\/v2\/https%3A%2F%2Fcdn.jwplayer.com%2Fv2%2Fmedia%2FeoqX0DsN%2Fposter.jpg%3Fwidth%3D720?auth=a2760699ed56497dbaf379e70c88f901236651a63758a6718eed68cd4b5d4504&amp;width=480&amp;quality=70&amp;smart=false\"\/><img class=\"image com-image flex --cover\" decoding=\"async\" fetchpriority=\"low\" loading=\"lazy\" src=\"https:\/\/gysfm.com.ar\/inicio\/wp-content\/uploads\/2026\/04\/https:\/\/cdn.jwplayer.com\/v2\/media\/eoqX0DsN\/poster.jpg\" alt=\"Polic\u00edas corrieron armados por los pasillos del hotel en el que se encontraba Trump\"\/><\/picture><\/div>\n<\/div><figcaption class=\"border border-1 border-bottom border-light-300 relative px-16 py-8 min-h-36 w-100_md px-0_l mb-8 bg-white\"><span class=\"text ln-text text-16 block\">Polic\u00edas corrieron armados por los pasillos del hotel en el que se encontraba Trump<\/span><\/figcaption><\/figure>\n<\/section>\n<\/div>\n<p class=\"com-paragraph   --s\">Anoche, las autoridades federales de los suburbios de Los \u00c1ngeles rodearon una vivienda de dos plantas donde, seg\u00fan los registros, reside <a href=\"https:\/\/www.lanacion.com.ar\/el-mundo\/que-se-sabe-del-hombre-detenido-por-abrir-fuego-en-la-cena-encabezada-por-donald-trump-nid26042026\/\" target=\"_self\" title=\"https:\/\/www.lanacion.com.ar\/el-mundo\/que-se-sabe-del-hombre-detenido-por-abrir-fuego-en-la-cena-encabezada-por-donald-trump-nid26042026\/\" class=\"com-link break-word\" data-mrf-recirculation=\"n_link_parrafo\">Allen<\/a>. Helic\u00f3pteros de la polic\u00eda sobrevolaban la zona y veh\u00edculos de las fuerzas del seguridad bloquearon las calles.<\/p>\n<div class=\"content-media\">\n<section role=\"button\" class=\"mod-media   \">\n<figure role=\"button\" tabindex=\"0\" class=\"mod-figure \"><figcaption class=\"mod-figcaption\"><span class=\"com-text --caption --twoxs\">Los agentes del Servicio Secreto, en el Hotel Hilton en Washington.<\/span><span class=\"com-text --credit --twoxs\">Tom Brenner &#8211; FR117851 AP<\/span><\/figcaption><\/figure>\n<\/section>\n<\/div>\n<p class=\"com-paragraph   --s\">En medio de las<strong> cr\u00edticas al operativo de seguridad en el evento<\/strong>, la prensa local revel\u00f3 que no se hab\u00edan instalado detectores de metales en las entradas del hotel, sino que el per\u00edmetro de seguridad se estableci\u00f3 \u00fanicamente en las inmediaciones del sal\u00f3n principal done se desarrollaba la gala.<\/p>\n<p class=\"com-paragraph   --s\">Blanche defendi\u00f3 las medidas de seguridad implementadas en el evento, haciendo hincapi\u00e9 en que el sospechoso no logr\u00f3 acceder al sal\u00f3n donde se encontraba Trump y la plana mayor del gabinete.<\/p>\n<div class=\"content-media cursor-pointer container-center-100\">\n<section class=\"media-container relative ratio-16-9 mod-media pb-32\">\n<figure class=\"mod-video\">\n<div class=\"video-player bg-black ratio-16-9\" data-has-jwplayer=\"true\" data-video-id-jw=\"7kiBjqZV\" data-config=\"{&quot;title&quot;:&quot;Donald Trump debi\u00f3 ser evacuado&quot;,&quot;mediaId&quot;:&quot;7kiBjqZV&quot;,&quot;playerId&quot;:&quot;ih0086X3&quot;,&quot;playlist&quot;:[{&quot;mediaid&quot;:&quot;7kiBjqZV&quot;,&quot;sources&quot;:[{&quot;file&quot;:&quot;https:\/\/cdn.jwplayer.com\/manifests\/7kiBjqZV.m3u8&quot;,&quot;type&quot;:&quot;application\/vnd.apple.mpegurl&quot;},{&quot;bitrate&quot;:325115,&quot;file&quot;:&quot;https:\/\/cdn.jwplayer.com\/videos\/7kiBjqZV-kTExGaWf.mp4&quot;,&quot;filesize&quot;:3413713,&quot;framerate&quot;:30,&quot;height&quot;:180,&quot;label&quot;:&quot;180p&quot;,&quot;type&quot;:&quot;video\/mp4&quot;,&quot;width&quot;:320},{&quot;bitrate&quot;:473356,&quot;file&quot;:&quot;https:\/\/cdn.jwplayer.com\/videos\/7kiBjqZV-K8B0kybS.mp4&quot;,&quot;filesize&quot;:4970243,&quot;framerate&quot;:30,&quot;height&quot;:270,&quot;label&quot;:&quot;270p&quot;,&quot;type&quot;:&quot;video\/mp4&quot;,&quot;width&quot;:480},{&quot;bitrate&quot;:1131107,&quot;file&quot;:&quot;https:\/\/cdn.jwplayer.com\/videos\/7kiBjqZV-46NIuRKO.mp4&quot;,&quot;filesize&quot;:11876626,&quot;framerate&quot;:30,&quot;height&quot;:720,&quot;label&quot;:&quot;720p&quot;,&quot;type&quot;:&quot;video\/mp4&quot;,&quot;width&quot;:1280},{&quot;bitrate&quot;:113939,&quot;file&quot;:&quot;https:\/\/cdn.jwplayer.com\/videos\/7kiBjqZV-hz5z2Tv4.m4a&quot;,&quot;filesize&quot;:1196364,&quot;label&quot;:&quot;AAC Audio&quot;,&quot;type&quot;:&quot;audio\/mp4&quot;},{&quot;bitrate&quot;:539214,&quot;file&quot;:&quot;https:\/\/cdn.jwplayer.com\/videos\/7kiBjqZV-FnZGUVnC.mp4&quot;,&quot;filesize&quot;:5661755,&quot;framerate&quot;:30,&quot;height&quot;:360,&quot;label&quot;:&quot;360p&quot;,&quot;type&quot;:&quot;video\/mp4&quot;,&quot;width&quot;:640},{&quot;bitrate&quot;:871045,&quot;file&quot;:&quot;https:\/\/cdn.jwplayer.com\/videos\/7kiBjqZV-0G6Pwvlw.mp4&quot;,&quot;filesize&quot;:9145978,&quot;framerate&quot;:30,&quot;height&quot;:540,&quot;label&quot;:&quot;540p&quot;,&quot;type&quot;:&quot;video\/mp4&quot;,&quot;width&quot;:960}]}],&quot;hasAutoplay&quot;:false,&quot;autostart&quot;:true,&quot;tagsUrl&quot;:&quot;https:\/\/pubads.g.doubleclick.net\/gampad\/ads?slotname=\/133919216\/la_nacion_video\/nota\/preroll&amp;sz=640x480|400x300&amp;ciu_szs=300x250&amp;unviewed_position_start=1&amp;output=vast&amp;impl=s&amp;env=vp&amp;gdfp_req=1&amp;ad_rule=0&amp;vad_type=linear&amp;vpos=preroll&amp;cust_params=tags_nuevos%3Dte_donald_trump%2Cte_washington%2Cte_casa_blanca%2Cca_estados_unidos%2Cca_el_mundo%2Cau_guillermo_idiart%2CCMUR3HHVB5DY3HHEHIZVAMPELE&amp;pod=3&amp;ppos=1&amp;lip=true&amp;min_ad_duration=0&amp;max_ad_duration=30000&amp;vrid=6256&amp;url=https%3A%2F%2Fwww.lanacion.com.ar%2Festados-unidos%2Fconmocion-en-washington-investigan-el-movil-del-atacante-y-creen-que-tenia-como-objetivo-a-trump-y-nid26042026%2F%3Fvariant%3DA&amp;description_url=https%3A%2F%2Fwww.lanacion.com.ar%2Festados-unidos%2Fconmocion-en-washington-investigan-el-movil-del-atacante-y-creen-que-tenia-como-objetivo-a-trump-y-nid26042026%2F%3Fvariant%3DA&amp;video_doc_id=short_onecue&amp;cmsid=496&amp;kfa=0&amp;tfcd=0&amp;correlator=1777263275619&quot;,&quot;arcSite&quot;:&quot;la-nacion-ar&quot;,&quot;duration&quot;:&quot;84000&quot;}\">\n<div id=\"facade-7kiBjqZV\" class=\"content-facade-jw relative bg-black ratio-16-9\"><picture><source media=\"(max-width: 767px)\" srcset=\"https:\/\/resizer.glanacion.com\/resizer\/v2\/https%3A%2F%2Fcdn.jwplayer.com%2Fv2%2Fmedia%2F7kiBjqZV%2Fposter.jpg%3Fwidth%3D720?auth=d944a530b6b7e83fee893f944b437825e5d82ef37d4820730fa3cc479ee3a8a5&amp;width=480&amp;quality=70&amp;smart=false\"\/><img class=\"image com-image flex --cover\" decoding=\"async\" fetchpriority=\"low\" loading=\"lazy\" src=\"https:\/\/gysfm.com.ar\/inicio\/wp-content\/uploads\/2026\/04\/https:\/\/cdn.jwplayer.com\/v2\/media\/7kiBjqZV\/poster.jpg\" alt=\"Donald Trump debi\u00f3 ser evacuado\"\/><\/picture><\/div>\n<\/div><figcaption class=\"border border-1 border-bottom border-light-300 relative px-16 py-8 min-h-36 w-100_md px-0_l mb-8 bg-white\"><span class=\"text ln-text text-16 block\">Donald Trump debi\u00f3 ser evacuado<\/span><\/figcaption><\/figure>\n<\/section>\n<\/div>\n<p class=\"com-paragraph   --s\"><strong>\u201cSi bien esto fue extraordinariamente peligroso y puso en riesgo muchas vidas, el sistema funcion\u00f3\u201d<\/strong>, afirm\u00f3 Blanche. <strong>\u201cTodos nosotros estuvimos a salvo. El presidente Trump estuvo a salvo\u201c,<\/strong> remarc\u00f3.<\/p>\n<p class=\"com-paragraph   --s\">En el manifiesto, Allen se burl\u00f3 del operativo de seguridad en el hotel Hilton, al considerar que <strong>se centraba \u201cen los manifestantes y los asistentes que llegaban\u201d, pero que nunca puso atenci\u00f3n \u201ca alguien como yo, que hab\u00eda hecho el check-in el d\u00eda anterior\u201d.<\/strong><\/p>\n<p class=\"com-paragraph   --s\">\u201cEste nivel de incompetencia es incre\u00edble, y espero sinceramente que se corrija para cuando este pa\u00eds vuelva a tener un liderazgo competente\u201d, escribi\u00f3.<\/p>\n<div class=\"content-media\">\n<section role=\"button\" class=\"mod-media   \">\n<figure role=\"button\" tabindex=\"0\" class=\"mod-figure \"><figcaption class=\"mod-figcaption\"><span class=\"com-text --caption --twoxs\">Los asistentes abandonan el hotel Washington Hilton tras el incidente del s\u00e1bado.<\/span><span class=\"com-text --credit --twoxs\">Kent Nishimura\/AFP\/Getty Images<\/span><\/figcaption><\/figure>\n<\/section>\n<\/div>\n<p class=\"com-paragraph   --s\">Los investigadores creen \u2014a\u00f1adi\u00f3 Blanche\u2014 que el agresor viaj\u00f3 en tren desde Los \u00c1ngeles hasta Chicago y, posteriormente, de all\u00ed a Washington, antes de registrarse en el hotel donde se celebr\u00f3 la gala. <strong>Allen no est\u00e1 cooperando con la investigaci\u00f3n<\/strong>, dijo el funcionario.<\/p>\n<p class=\"com-paragraph   --s\">Allen trabajaba como profesor<strong> <\/strong>a tiempo parcial en C2 Education, y hab\u00eda sido distinguido como \u201cprofesor del mes\u201d, de acuerdo publicaciones de la empresa en redes sociales. Tambi\u00e9n se presentaba como <strong>desarrollador de videojuegos<\/strong>.<\/p>\n<p class=\"com-paragraph   --s\">En un perfil de LinkedIn que se le adjudica figura que Allen es <strong>autor de un videojuego <\/strong>independiente llamado \u201cBohrdom\u201d, disponible en la plataforma Steam, cuyo nombre fue registrado como marca en 2018.<\/p>\n<p class=\"com-paragraph   --s\">Allen tiene estudios en<strong> ingenier\u00eda mec\u00e1nica <\/strong>en el <strong>Instituto Tecnol\u00f3gico de California<\/strong>, de donde egres\u00f3 en 2017. Posteriormente obtuvo una maestr\u00eda en inform\u00e1tica en la Universidad Estatal de California en Dominguez Hills. <\/p>\n<div class=\"content-media\">\n<section role=\"button\" class=\"mod-media   \">\n<figure role=\"button\" tabindex=\"0\" class=\"mod-figure \"><figcaption class=\"mod-figcaption\"><span class=\"com-text --caption --twoxs\">El escenario en el que estaba Donald Trump en el hotel en el que se desarroll\u00f3 la gala, en Washington.<\/span><span class=\"com-text --credit --twoxs\">Zeke Miller &#8211; AP<\/span><\/figcaption><\/figure>\n<\/section>\n<\/div>\n<p class=\"com-paragraph   --s\">Adem\u00e1s, registros de la Comisi\u00f3n Federal Electoral indican que Allen realiz\u00f3 una <strong>donaci\u00f3n de US$25 <\/strong>a la <strong>campa\u00f1a presidencial de la entonces vicepresidenta y candidata dem\u00f3crata Kamala Harris <\/strong>en octubre de 2024, para las elecciones de noviembre de ese a\u00f1o ganadas por Trump.<\/p>\n<p class=\"com-paragraph   --s\">\u201cLo que se supon\u00eda que ser\u00eda una noche divertida con Trump haciendo chistes y celebrando la libertad de expresi\u00f3n fue secuestrada por <strong>una persona depravada y loca que busc\u00f3 asesinar al presidente y matar a tantos altos funcionarios de la administraci\u00f3n como fuera posible\u00bb<\/strong>, escribi\u00f3 esta ma\u00f1ana en su cuenta de X la secretaria de Prensa de la Casa Blanca<strong>, Karoline Leavitt<\/strong>, quien estaba presente en la gala.<\/p>\n<p class=\"com-paragraph   --s\">\u201cTrump fue verdaderamente intr\u00e9pido, pero como dijo anoche, <strong>esta violencia pol\u00edtica necesita terminar<\/strong>\u201c, a\u00f1adi\u00f3.<\/p>\n<p class=\"com-paragraph   --s\">Por su parte, Trump volvi\u00f3 esta ma\u00f1ana a usar su red Truth Social para hacer referencia al incidente de anoche, que seg\u00fan el presidente demuestra la <strong>necesidad del nuevo sal\u00f3n de baile (<\/strong><em><strong>ballroom<\/strong><\/em><strong>) en la Casa Blanca<\/strong>, una obra que se emprendi\u00f3 bajo su segunda administraci\u00f3n.<\/p>\n<p class=\"com-paragraph   --s\">\u201cLo que sucedi\u00f3 es precisamente la raz\u00f3n por la cual nuestras magn\u00edficas Fuerzas Armadas, el Servicio Secreto, las fuerzas del orden y \u2014por diferentes motivos\u2014 todos los presidentes de los \u00faltimos 150 a\u00f1os <strong>han estado exigiendo que se construya un gran sal\u00f3n de baile, seguro y protegido<\/strong>, dentro de los recintos de la Casa Blanca\u00bb, escribi\u00f3 el mandatario.<\/p>\n<p class=\"com-paragraph   --s\">\u201cEste incidente jam\u00e1s habr\u00eda ocurrido de contar con el sal\u00f3n de baile \u2014clasificado como de alto secreto militar\u2014 que actualmente se encuentra en construcci\u00f3n, que no avanza con la suficiente rapidez\u00bb, ampli\u00f3.<\/p>\n<p class=\"com-paragraph   --s\">Trump se\u00f1al\u00f3 anoche que volver\u00e1 a participar en la cena de los corresponsales de la Casa Blanca que se suspendi\u00f3 ayer y que, seg\u00fan dijo, deber\u00eda <strong>reprogramarse en un plazo de 30 d\u00edas<\/strong>.<\/p>\n<p class=\"com-paragraph   --s\">El evento, organizado por la Asociaci\u00f3n de Corresponsales de la Casa Blanca, re\u00fane cada a\u00f1o a representantes de la prensa y autoridades en una de las citas m\u00e1s tradicionales del calendario pol\u00edtico estadounidense.<\/p>\n<div class=\"content-media\">\n<section role=\"button\" class=\"mod-media   \">\n<figure role=\"button\" tabindex=\"0\" class=\"mod-figure \"><figcaption class=\"mod-figcaption\"><span class=\"com-text --caption --twoxs\">El presidente Donald Trump llegando a la sala de prensa de la Casa Blanca en Washington, el 25 de abril del 2026.<\/span><span class=\"com-text --credit --twoxs\">Tom Brenner &#8211; FR117851 AP<\/span><\/figcaption><\/figure>\n<\/section>\n<\/div>\n<p class=\"com-paragraph   --s\">La asistencia de Trump a la <strong>cena anual de la Asociaci\u00f3n de Corresponsales de la Casa Blanca<\/strong> -su primera vez como presidente en el evento\u2014 era un momento muy esperado a ra\u00edz de la conflictiva relaci\u00f3n que el l\u00edder republicano mantiene con los periodistas de muchos medios, a los que suele dedicar fuertes cr\u00edpticas y ataques.<\/p>\n<section class=\"container-center-100 mb-40 border border-bottom border-thin border-neutral-light-700\">\n<hr\/>\n<\/section>\n<\/div>\n<p><script id=\"facebookpixel\" defer=\"\" type=\"text\/javascript\">\n        !function(f,b,e,v,n,t,s)\n        {if(f.fbq)return;n=f.fbq=function(){n.callMethod?\n        n.callMethod.apply(n,arguments):n.queue.push(arguments)};\n        if(!f._fbq)f._fbq=n;n.push=n;n.loaded=!0;n.version='2.0';\n        n.queue=[];t=b.createElement(e);t.async=!0;\n        t.src=v;s=b.getElementsByTagName(e)[0];\n        s.parentNode.insertBefore(t,s)}(window, document,'script',\n        'https:\/\/connect.facebook.net\/en_US\/fbevents.js');\n        fbq('init', '492459597522335');\n        fbq('track', 'PageView');\n    <\/script><br \/>\n<br \/><\/p>\n","protected":false},"excerpt":{"rendered":"<p>WASHINGTON.- Mientras Estados Unidos a\u00fan no sal\u00eda de su estado de asombro luego de las escenas de p\u00e1nico de anoche en un hotel en esta capital, donde Donald Trump y toda la plana mayor del gobierno fueron evacuados de la cena de corresponsales de la Casa Blanca tras la irrupci\u00f3n de un hombre armado, las [&hellip;]<\/p>\n","protected":false},"author":2,"featured_media":193204,"comment_status":"closed","ping_status":"closed","sticky":false,"template":"","format":"standard","meta":{"footnotes":""},"categories":[26],"tags":[],"class_list":["post-193203","post","type-post","status-publish","format-standard","has-post-thumbnail","hentry","category-internacionales"],"yoast_head":"<!-- This site is optimized with the Yoast SEO plugin v24.4 - https:\/\/yoast.com\/wordpress\/plugins\/seo\/ -->\n<title>Conmoci\u00f3n en Washington: investigan el m\u00f3vil del atacante y creen que ten\u00eda como \u201cobjetivo\u201d a Trump y funcionarios del gobierno - GYS NOTICIAS |<\/title>\n<meta name=\"robots\" content=\"index, follow, max-snippet:-1, max-image-preview:large, max-video-preview:-1\" \/>\n<link rel=\"canonical\" href=\"https:\/\/gysfm.com.ar\/inicio\/conmocion-en-washington-investigan-el-movil-del-atacante-y-creen-que-tenia-como-objetivo-a-trump-y-funcionarios-del-gobierno\/\" \/>\n<meta property=\"og:locale\" content=\"es_ES\" \/>\n<meta property=\"og:type\" content=\"article\" \/>\n<meta property=\"og:title\" content=\"Conmoci\u00f3n en Washington: investigan el m\u00f3vil del atacante y creen que ten\u00eda como \u201cobjetivo\u201d a Trump y funcionarios del gobierno - GYS NOTICIAS |\" \/>\n<meta property=\"og:description\" content=\"WASHINGTON.- Mientras Estados Unidos a\u00fan no sal\u00eda de su estado de asombro luego de las escenas de p\u00e1nico de anoche en un hotel en esta capital, donde Donald Trump y toda la plana mayor del gobierno fueron evacuados de la cena de corresponsales de la Casa Blanca tras la irrupci\u00f3n de un hombre armado, las [&hellip;]\" \/>\n<meta property=\"og:url\" content=\"https:\/\/gysfm.com.ar\/inicio\/conmocion-en-washington-investigan-el-movil-del-atacante-y-creen-que-tenia-como-objetivo-a-trump-y-funcionarios-del-gobierno\/\" \/>\n<meta property=\"og:site_name\" content=\"GYS NOTICIAS |\" \/>\n<meta property=\"article:published_time\" content=\"2026-04-27T04:15:08+00:00\" \/>\n<meta property=\"article:modified_time\" content=\"2026-04-27T04:15:12+00:00\" \/>\n<meta property=\"og:image\" content=\"https:\/\/gysfm.com.ar\/inicio\/wp-content\/uploads\/2026\/04\/el-presidente-donald-trump-junto-al-director-del-62YH2EXK5RD4PAGOW7O6UIDCVI.jpg\" \/>\n\t<meta property=\"og:image:width\" content=\"1200\" \/>\n\t<meta property=\"og:image:height\" content=\"800\" \/>\n\t<meta property=\"og:image:type\" content=\"image\/jpeg\" \/>\n<meta name=\"author\" content=\"Prensa G&amp;S FM\" \/>\n<meta name=\"twitter:card\" content=\"summary_large_image\" \/>\n<meta name=\"twitter:label1\" content=\"Escrito por\" \/>\n\t<meta name=\"twitter:data1\" content=\"Prensa G&amp;S FM\" \/>\n\t<meta name=\"twitter:label2\" content=\"Tiempo de lectura\" \/>\n\t<meta name=\"twitter:data2\" content=\"9 minutos\" \/>\n<script type=\"application\/ld+json\" class=\"yoast-schema-graph\">{\"@context\":\"https:\/\/schema.org\",\"@graph\":[{\"@type\":\"Article\",\"@id\":\"https:\/\/gysfm.com.ar\/inicio\/conmocion-en-washington-investigan-el-movil-del-atacante-y-creen-que-tenia-como-objetivo-a-trump-y-funcionarios-del-gobierno\/#article\",\"isPartOf\":{\"@id\":\"https:\/\/gysfm.com.ar\/inicio\/conmocion-en-washington-investigan-el-movil-del-atacante-y-creen-que-tenia-como-objetivo-a-trump-y-funcionarios-del-gobierno\/\"},\"author\":{\"name\":\"Prensa G&amp;S FM\",\"@id\":\"https:\/\/gysfm.com.ar\/inicio\/#\/schema\/person\/3abba7593ef2ad19e1be221d54383dc5\"},\"headline\":\"Conmoci\u00f3n en Washington: investigan el m\u00f3vil del atacante y creen que ten\u00eda como \u201cobjetivo\u201d a Trump y funcionarios del gobierno\",\"datePublished\":\"2026-04-27T04:15:08+00:00\",\"dateModified\":\"2026-04-27T04:15:12+00:00\",\"mainEntityOfPage\":{\"@id\":\"https:\/\/gysfm.com.ar\/inicio\/conmocion-en-washington-investigan-el-movil-del-atacante-y-creen-que-tenia-como-objetivo-a-trump-y-funcionarios-del-gobierno\/\"},\"wordCount\":1925,\"publisher\":{\"@id\":\"https:\/\/gysfm.com.ar\/inicio\/#organization\"},\"image\":{\"@id\":\"https:\/\/gysfm.com.ar\/inicio\/conmocion-en-washington-investigan-el-movil-del-atacante-y-creen-que-tenia-como-objetivo-a-trump-y-funcionarios-del-gobierno\/#primaryimage\"},\"thumbnailUrl\":\"https:\/\/gysfm.com.ar\/inicio\/wp-content\/uploads\/2026\/04\/el-presidente-donald-trump-junto-al-director-del-62YH2EXK5RD4PAGOW7O6UIDCVI.jpg\",\"articleSection\":[\"INTERNACIONALES\"],\"inLanguage\":\"es\"},{\"@type\":\"WebPage\",\"@id\":\"https:\/\/gysfm.com.ar\/inicio\/conmocion-en-washington-investigan-el-movil-del-atacante-y-creen-que-tenia-como-objetivo-a-trump-y-funcionarios-del-gobierno\/\",\"url\":\"https:\/\/gysfm.com.ar\/inicio\/conmocion-en-washington-investigan-el-movil-del-atacante-y-creen-que-tenia-como-objetivo-a-trump-y-funcionarios-del-gobierno\/\",\"name\":\"Conmoci\u00f3n en Washington: investigan el m\u00f3vil del atacante y creen que ten\u00eda como \u201cobjetivo\u201d a Trump y funcionarios del gobierno - GYS NOTICIAS |\",\"isPartOf\":{\"@id\":\"https:\/\/gysfm.com.ar\/inicio\/#website\"},\"primaryImageOfPage\":{\"@id\":\"https:\/\/gysfm.com.ar\/inicio\/conmocion-en-washington-investigan-el-movil-del-atacante-y-creen-que-tenia-como-objetivo-a-trump-y-funcionarios-del-gobierno\/#primaryimage\"},\"image\":{\"@id\":\"https:\/\/gysfm.com.ar\/inicio\/conmocion-en-washington-investigan-el-movil-del-atacante-y-creen-que-tenia-como-objetivo-a-trump-y-funcionarios-del-gobierno\/#primaryimage\"},\"thumbnailUrl\":\"https:\/\/gysfm.com.ar\/inicio\/wp-content\/uploads\/2026\/04\/el-presidente-donald-trump-junto-al-director-del-62YH2EXK5RD4PAGOW7O6UIDCVI.jpg\",\"datePublished\":\"2026-04-27T04:15:08+00:00\",\"dateModified\":\"2026-04-27T04:15:12+00:00\",\"breadcrumb\":{\"@id\":\"https:\/\/gysfm.com.ar\/inicio\/conmocion-en-washington-investigan-el-movil-del-atacante-y-creen-que-tenia-como-objetivo-a-trump-y-funcionarios-del-gobierno\/#breadcrumb\"},\"inLanguage\":\"es\",\"potentialAction\":[{\"@type\":\"ReadAction\",\"target\":[\"https:\/\/gysfm.com.ar\/inicio\/conmocion-en-washington-investigan-el-movil-del-atacante-y-creen-que-tenia-como-objetivo-a-trump-y-funcionarios-del-gobierno\/\"]}]},{\"@type\":\"ImageObject\",\"inLanguage\":\"es\",\"@id\":\"https:\/\/gysfm.com.ar\/inicio\/conmocion-en-washington-investigan-el-movil-del-atacante-y-creen-que-tenia-como-objetivo-a-trump-y-funcionarios-del-gobierno\/#primaryimage\",\"url\":\"https:\/\/gysfm.com.ar\/inicio\/wp-content\/uploads\/2026\/04\/el-presidente-donald-trump-junto-al-director-del-62YH2EXK5RD4PAGOW7O6UIDCVI.jpg\",\"contentUrl\":\"https:\/\/gysfm.com.ar\/inicio\/wp-content\/uploads\/2026\/04\/el-presidente-donald-trump-junto-al-director-del-62YH2EXK5RD4PAGOW7O6UIDCVI.jpg\",\"width\":1200,\"height\":800},{\"@type\":\"BreadcrumbList\",\"@id\":\"https:\/\/gysfm.com.ar\/inicio\/conmocion-en-washington-investigan-el-movil-del-atacante-y-creen-que-tenia-como-objetivo-a-trump-y-funcionarios-del-gobierno\/#breadcrumb\",\"itemListElement\":[{\"@type\":\"ListItem\",\"position\":1,\"name\":\"Portada\",\"item\":\"https:\/\/gysfm.com.ar\/inicio\/\"},{\"@type\":\"ListItem\",\"position\":2,\"name\":\"Conmoci\u00f3n en Washington: investigan el m\u00f3vil del atacante y creen que ten\u00eda como \u201cobjetivo\u201d a Trump y funcionarios del gobierno\"}]},{\"@type\":\"WebSite\",\"@id\":\"https:\/\/gysfm.com.ar\/inicio\/#website\",\"url\":\"https:\/\/gysfm.com.ar\/inicio\/\",\"name\":\"GYS NOTICIAS |\",\"description\":\"DIARIO - RADIO ONLINE SAN JUAN ARGENTINA\",\"publisher\":{\"@id\":\"https:\/\/gysfm.com.ar\/inicio\/#organization\"},\"potentialAction\":[{\"@type\":\"SearchAction\",\"target\":{\"@type\":\"EntryPoint\",\"urlTemplate\":\"https:\/\/gysfm.com.ar\/inicio\/?s={search_term_string}\"},\"query-input\":{\"@type\":\"PropertyValueSpecification\",\"valueRequired\":true,\"valueName\":\"search_term_string\"}}],\"inLanguage\":\"es\"},{\"@type\":\"Organization\",\"@id\":\"https:\/\/gysfm.com.ar\/inicio\/#organization\",\"name\":\"GYS NOTICIAS |\",\"url\":\"https:\/\/gysfm.com.ar\/inicio\/\",\"logo\":{\"@type\":\"ImageObject\",\"inLanguage\":\"es\",\"@id\":\"https:\/\/gysfm.com.ar\/inicio\/#\/schema\/logo\/image\/\",\"url\":\"https:\/\/gysfm.com.ar\/inicio\/wp-content\/uploads\/2023\/07\/LOGOGYS-OK.png\",\"contentUrl\":\"https:\/\/gysfm.com.ar\/inicio\/wp-content\/uploads\/2023\/07\/LOGOGYS-OK.png\",\"width\":1170,\"height\":872,\"caption\":\"GYS NOTICIAS |\"},\"image\":{\"@id\":\"https:\/\/gysfm.com.ar\/inicio\/#\/schema\/logo\/image\/\"}},{\"@type\":\"Person\",\"@id\":\"https:\/\/gysfm.com.ar\/inicio\/#\/schema\/person\/3abba7593ef2ad19e1be221d54383dc5\",\"name\":\"Prensa G&amp;S FM\",\"image\":{\"@type\":\"ImageObject\",\"inLanguage\":\"es\",\"@id\":\"https:\/\/gysfm.com.ar\/inicio\/#\/schema\/person\/image\/\",\"url\":\"https:\/\/secure.gravatar.com\/avatar\/096ec78df02049ab018702bb4ccedf659377fa92a26540b5247612077a0dbd29?s=96&d=mm&r=g\",\"contentUrl\":\"https:\/\/secure.gravatar.com\/avatar\/096ec78df02049ab018702bb4ccedf659377fa92a26540b5247612077a0dbd29?s=96&d=mm&r=g\",\"caption\":\"Prensa G&amp;S FM\"},\"sameAs\":[\"https:\/\/gysfm.com.ar\/\"],\"url\":\"https:\/\/gysfm.com.ar\/inicio\/author\/lucasm\/\"}]}<\/script>\n<!-- \/ Yoast SEO plugin. -->","yoast_head_json":{"title":"Conmoci\u00f3n en Washington: investigan el m\u00f3vil del atacante y creen que ten\u00eda como \u201cobjetivo\u201d a Trump y funcionarios del gobierno - GYS NOTICIAS |","robots":{"index":"index","follow":"follow","max-snippet":"max-snippet:-1","max-image-preview":"max-image-preview:large","max-video-preview":"max-video-preview:-1"},"canonical":"https:\/\/gysfm.com.ar\/inicio\/conmocion-en-washington-investigan-el-movil-del-atacante-y-creen-que-tenia-como-objetivo-a-trump-y-funcionarios-del-gobierno\/","og_locale":"es_ES","og_type":"article","og_title":"Conmoci\u00f3n en Washington: investigan el m\u00f3vil del atacante y creen que ten\u00eda como \u201cobjetivo\u201d a Trump y funcionarios del gobierno - GYS NOTICIAS |","og_description":"WASHINGTON.- Mientras Estados Unidos a\u00fan no sal\u00eda de su estado de asombro luego de las escenas de p\u00e1nico de anoche en un hotel en esta capital, donde Donald Trump y toda la plana mayor del gobierno fueron evacuados de la cena de corresponsales de la Casa Blanca tras la irrupci\u00f3n de un hombre armado, las [&hellip;]","og_url":"https:\/\/gysfm.com.ar\/inicio\/conmocion-en-washington-investigan-el-movil-del-atacante-y-creen-que-tenia-como-objetivo-a-trump-y-funcionarios-del-gobierno\/","og_site_name":"GYS NOTICIAS |","article_published_time":"2026-04-27T04:15:08+00:00","article_modified_time":"2026-04-27T04:15:12+00:00","og_image":[{"width":1200,"height":800,"url":"https:\/\/gysfm.com.ar\/inicio\/wp-content\/uploads\/2026\/04\/el-presidente-donald-trump-junto-al-director-del-62YH2EXK5RD4PAGOW7O6UIDCVI.jpg","type":"image\/jpeg"}],"author":"Prensa G&amp;S FM","twitter_card":"summary_large_image","twitter_misc":{"Escrito por":"Prensa G&amp;S FM","Tiempo de lectura":"9 minutos"},"schema":{"@context":"https:\/\/schema.org","@graph":[{"@type":"Article","@id":"https:\/\/gysfm.com.ar\/inicio\/conmocion-en-washington-investigan-el-movil-del-atacante-y-creen-que-tenia-como-objetivo-a-trump-y-funcionarios-del-gobierno\/#article","isPartOf":{"@id":"https:\/\/gysfm.com.ar\/inicio\/conmocion-en-washington-investigan-el-movil-del-atacante-y-creen-que-tenia-como-objetivo-a-trump-y-funcionarios-del-gobierno\/"},"author":{"name":"Prensa G&amp;S FM","@id":"https:\/\/gysfm.com.ar\/inicio\/#\/schema\/person\/3abba7593ef2ad19e1be221d54383dc5"},"headline":"Conmoci\u00f3n en Washington: investigan el m\u00f3vil del atacante y creen que ten\u00eda como \u201cobjetivo\u201d a Trump y funcionarios del gobierno","datePublished":"2026-04-27T04:15:08+00:00","dateModified":"2026-04-27T04:15:12+00:00","mainEntityOfPage":{"@id":"https:\/\/gysfm.com.ar\/inicio\/conmocion-en-washington-investigan-el-movil-del-atacante-y-creen-que-tenia-como-objetivo-a-trump-y-funcionarios-del-gobierno\/"},"wordCount":1925,"publisher":{"@id":"https:\/\/gysfm.com.ar\/inicio\/#organization"},"image":{"@id":"https:\/\/gysfm.com.ar\/inicio\/conmocion-en-washington-investigan-el-movil-del-atacante-y-creen-que-tenia-como-objetivo-a-trump-y-funcionarios-del-gobierno\/#primaryimage"},"thumbnailUrl":"https:\/\/gysfm.com.ar\/inicio\/wp-content\/uploads\/2026\/04\/el-presidente-donald-trump-junto-al-director-del-62YH2EXK5RD4PAGOW7O6UIDCVI.jpg","articleSection":["INTERNACIONALES"],"inLanguage":"es"},{"@type":"WebPage","@id":"https:\/\/gysfm.com.ar\/inicio\/conmocion-en-washington-investigan-el-movil-del-atacante-y-creen-que-tenia-como-objetivo-a-trump-y-funcionarios-del-gobierno\/","url":"https:\/\/gysfm.com.ar\/inicio\/conmocion-en-washington-investigan-el-movil-del-atacante-y-creen-que-tenia-como-objetivo-a-trump-y-funcionarios-del-gobierno\/","name":"Conmoci\u00f3n en Washington: investigan el m\u00f3vil del atacante y creen que ten\u00eda como \u201cobjetivo\u201d a Trump y funcionarios del gobierno - GYS NOTICIAS |","isPartOf":{"@id":"https:\/\/gysfm.com.ar\/inicio\/#website"},"primaryImageOfPage":{"@id":"https:\/\/gysfm.com.ar\/inicio\/conmocion-en-washington-investigan-el-movil-del-atacante-y-creen-que-tenia-como-objetivo-a-trump-y-funcionarios-del-gobierno\/#primaryimage"},"image":{"@id":"https:\/\/gysfm.com.ar\/inicio\/conmocion-en-washington-investigan-el-movil-del-atacante-y-creen-que-tenia-como-objetivo-a-trump-y-funcionarios-del-gobierno\/#primaryimage"},"thumbnailUrl":"https:\/\/gysfm.com.ar\/inicio\/wp-content\/uploads\/2026\/04\/el-presidente-donald-trump-junto-al-director-del-62YH2EXK5RD4PAGOW7O6UIDCVI.jpg","datePublished":"2026-04-27T04:15:08+00:00","dateModified":"2026-04-27T04:15:12+00:00","breadcrumb":{"@id":"https:\/\/gysfm.com.ar\/inicio\/conmocion-en-washington-investigan-el-movil-del-atacante-y-creen-que-tenia-como-objetivo-a-trump-y-funcionarios-del-gobierno\/#breadcrumb"},"inLanguage":"es","potentialAction":[{"@type":"ReadAction","target":["https:\/\/gysfm.com.ar\/inicio\/conmocion-en-washington-investigan-el-movil-del-atacante-y-creen-que-tenia-como-objetivo-a-trump-y-funcionarios-del-gobierno\/"]}]},{"@type":"ImageObject","inLanguage":"es","@id":"https:\/\/gysfm.com.ar\/inicio\/conmocion-en-washington-investigan-el-movil-del-atacante-y-creen-que-tenia-como-objetivo-a-trump-y-funcionarios-del-gobierno\/#primaryimage","url":"https:\/\/gysfm.com.ar\/inicio\/wp-content\/uploads\/2026\/04\/el-presidente-donald-trump-junto-al-director-del-62YH2EXK5RD4PAGOW7O6UIDCVI.jpg","contentUrl":"https:\/\/gysfm.com.ar\/inicio\/wp-content\/uploads\/2026\/04\/el-presidente-donald-trump-junto-al-director-del-62YH2EXK5RD4PAGOW7O6UIDCVI.jpg","width":1200,"height":800},{"@type":"BreadcrumbList","@id":"https:\/\/gysfm.com.ar\/inicio\/conmocion-en-washington-investigan-el-movil-del-atacante-y-creen-que-tenia-como-objetivo-a-trump-y-funcionarios-del-gobierno\/#breadcrumb","itemListElement":[{"@type":"ListItem","position":1,"name":"Portada","item":"https:\/\/gysfm.com.ar\/inicio\/"},{"@type":"ListItem","position":2,"name":"Conmoci\u00f3n en Washington: investigan el m\u00f3vil del atacante y creen que ten\u00eda como \u201cobjetivo\u201d a Trump y funcionarios del gobierno"}]},{"@type":"WebSite","@id":"https:\/\/gysfm.com.ar\/inicio\/#website","url":"https:\/\/gysfm.com.ar\/inicio\/","name":"GYS NOTICIAS |","description":"DIARIO - RADIO ONLINE SAN JUAN ARGENTINA","publisher":{"@id":"https:\/\/gysfm.com.ar\/inicio\/#organization"},"potentialAction":[{"@type":"SearchAction","target":{"@type":"EntryPoint","urlTemplate":"https:\/\/gysfm.com.ar\/inicio\/?s={search_term_string}"},"query-input":{"@type":"PropertyValueSpecification","valueRequired":true,"valueName":"search_term_string"}}],"inLanguage":"es"},{"@type":"Organization","@id":"https:\/\/gysfm.com.ar\/inicio\/#organization","name":"GYS NOTICIAS |","url":"https:\/\/gysfm.com.ar\/inicio\/","logo":{"@type":"ImageObject","inLanguage":"es","@id":"https:\/\/gysfm.com.ar\/inicio\/#\/schema\/logo\/image\/","url":"https:\/\/gysfm.com.ar\/inicio\/wp-content\/uploads\/2023\/07\/LOGOGYS-OK.png","contentUrl":"https:\/\/gysfm.com.ar\/inicio\/wp-content\/uploads\/2023\/07\/LOGOGYS-OK.png","width":1170,"height":872,"caption":"GYS NOTICIAS |"},"image":{"@id":"https:\/\/gysfm.com.ar\/inicio\/#\/schema\/logo\/image\/"}},{"@type":"Person","@id":"https:\/\/gysfm.com.ar\/inicio\/#\/schema\/person\/3abba7593ef2ad19e1be221d54383dc5","name":"Prensa G&amp;S FM","image":{"@type":"ImageObject","inLanguage":"es","@id":"https:\/\/gysfm.com.ar\/inicio\/#\/schema\/person\/image\/","url":"https:\/\/secure.gravatar.com\/avatar\/096ec78df02049ab018702bb4ccedf659377fa92a26540b5247612077a0dbd29?s=96&d=mm&r=g","contentUrl":"https:\/\/secure.gravatar.com\/avatar\/096ec78df02049ab018702bb4ccedf659377fa92a26540b5247612077a0dbd29?s=96&d=mm&r=g","caption":"Prensa G&amp;S FM"},"sameAs":["https:\/\/gysfm.com.ar\/"],"url":"https:\/\/gysfm.com.ar\/inicio\/author\/lucasm\/"}]}},"_links":{"self":[{"href":"https:\/\/gysfm.com.ar\/inicio\/wp-json\/wp\/v2\/posts\/193203","targetHints":{"allow":["GET"]}}],"collection":[{"href":"https:\/\/gysfm.com.ar\/inicio\/wp-json\/wp\/v2\/posts"}],"about":[{"href":"https:\/\/gysfm.com.ar\/inicio\/wp-json\/wp\/v2\/types\/post"}],"author":[{"embeddable":true,"href":"https:\/\/gysfm.com.ar\/inicio\/wp-json\/wp\/v2\/users\/2"}],"replies":[{"embeddable":true,"href":"https:\/\/gysfm.com.ar\/inicio\/wp-json\/wp\/v2\/comments?post=193203"}],"version-history":[{"count":1,"href":"https:\/\/gysfm.com.ar\/inicio\/wp-json\/wp\/v2\/posts\/193203\/revisions"}],"predecessor-version":[{"id":193205,"href":"https:\/\/gysfm.com.ar\/inicio\/wp-json\/wp\/v2\/posts\/193203\/revisions\/193205"}],"wp:featuredmedia":[{"embeddable":true,"href":"https:\/\/gysfm.com.ar\/inicio\/wp-json\/wp\/v2\/media\/193204"}],"wp:attachment":[{"href":"https:\/\/gysfm.com.ar\/inicio\/wp-json\/wp\/v2\/media?parent=193203"}],"wp:term":[{"taxonomy":"category","embeddable":true,"href":"https:\/\/gysfm.com.ar\/inicio\/wp-json\/wp\/v2\/categories?post=193203"},{"taxonomy":"post_tag","embeddable":true,"href":"https:\/\/gysfm.com.ar\/inicio\/wp-json\/wp\/v2\/tags?post=193203"}],"curies":[{"name":"wp","href":"https:\/\/api.w.org\/{rel}","templated":true}]}}