{"id":193201,"date":"2026-04-27T00:59:07","date_gmt":"2026-04-27T03:59:07","guid":{"rendered":"https:\/\/gysfm.com.ar\/inicio\/hoteles-estancias-y-departamentos-los-111-bienes-que-la-justicia-le-decomisara-a-cristina-kirchner-y-a-lazaro-baez\/"},"modified":"2026-04-27T00:59:07","modified_gmt":"2026-04-27T03:59:07","slug":"hoteles-estancias-y-departamentos-los-111-bienes-que-la-justicia-le-decomisara-a-cristina-kirchner-y-a-lazaro-baez","status":"publish","type":"post","link":"https:\/\/gysfm.com.ar\/inicio\/hoteles-estancias-y-departamentos-los-111-bienes-que-la-justicia-le-decomisara-a-cristina-kirchner-y-a-lazaro-baez\/","title":{"rendered":"Hoteles, estancias y departamentos: los 111 bienes que la Justicia le decomisar\u00e1 a Cristina Kirchner y a L\u00e1zaro B\u00e1ez"},"content":{"rendered":"<p><\/p>\n<div id=\"article-content\">\n<p>El golpe final de la <a target=\"_blank\" href=\"https:\/\/perfil.com\/noticias\/politica\/la-justicia-ordeno-decomisar-los-bienes-de-cristina-maximo-y-florencia-por-la-causa-vialidad.phtml\"><strong>causa Vialidad<\/strong> <\/a>no es solo penal, sino estrictamente patrimonial. La <strong>Sala IV de la C\u00e1mara de Casaci\u00f3n Penal <\/strong>orden\u00f3 avanzar con la ejecuci\u00f3n de 111 propiedades vinculadas a <a target=\"_blank\" href=\"https:\/\/www.perfil.com\/noticias\/politica\/esto-se-va-a-terminar-la-trastienda-de-la-encendida-declaracion-de-cristina-fernandez-de-kirchner-en-comodoro-py.phtml\"><strong>Cristina Fern\u00e1ndez de Kirchner<\/strong><\/a>, sus hijos <strong>M\u00e1ximo <\/strong>y <strong>Florencia<\/strong>, y el empresario<strong> L\u00e1zaro B\u00e1ez<\/strong>. Con este fallo hist\u00f3rico, terrenos en <strong>El Calafate<\/strong>, complejos de departamentos y estancias patag\u00f3nicas pasar\u00e1n a la \u00f3rbita de la <strong>Corte Suprema de Justicia <\/strong>para intentar reparar el <a target=\"_blank\" href=\"https:\/\/www.perfil.com\/noticias\/politica\/reves-judicial-para-el-gobierno-la-justicia-ordeno-a-vialidad-actualizar-los-salarios-tras-mas-de-un-ano-de-congelamiento.phtml\">da\u00f1o econ\u00f3mico<\/a> que el fraude a la obra p\u00fablica le caus\u00f3 al Estado nacional.<\/p>\n<p>Para los jueces, la respuesta frente a la corrupci\u00f3n <strong>\u00abno puede limitarse al valor simb\u00f3lico de la condena\u00bb.<\/strong> En su resoluci\u00f3n, remarcaron que la pena s\u00f3lo adquiere eficacia institucional si logra neutralizar de manera concreta el beneficio econ\u00f3mico obtenido il\u00edcitamente por los acusados. Por ese motivo, el<strong> Tribunal Oral Federal 2<\/strong> estableci\u00f3 que el monto total a resarcir mediante el remate de estos bienes asciende a la astron\u00f3mica cifra de <strong>$684.990 millones.<\/strong><\/p>\n<div style=\"text-align:center\">\n<figure class=\"image\" style=\"display:inline-block\"><picture><source media=\"(max-width: 440px)\" srcset=\"https:\/\/fotos.perfil.com\/\/2026\/04\/24\/440\/0\/bienes-decomisados-a-cfk-2227144.jpg?webp\"\/><source media=\"(max-width: 1019px)\" srcset=\"https:\/\/fotos.perfil.com\/\/2026\/04\/24\/712\/0\/bienes-decomisados-a-cfk-2227144.jpg?webp\"\/><img decoding=\"async\" style=\"max-width: 100%; width: 100%;\" alt=\"Bienes decomisados a CFK\" src=\"https:\/\/fotos.perfil.com\/\/2026\/04\/24\/900\/0\/bienes-decomisados-a-cfk-2227144.jpg?webp\" loading=\"lazy\"\/><\/picture><figcaption>Hotel Los Sauces<\/figcaption><\/figure>\n<\/p><\/div>\n<p><a target=\"_blank\" href=\"https:\/\/www.perfil.com\/noticias\/politica\/ano-por-ano-la-cronologia-de-la-causa-vialidad-contra-cristina-kirchner.phtml\">La red de negocios e interconexi\u00f3n econ\u00f3mica <\/a>entre la ex presidenta y su ex socio comercial qued\u00f3 plasmada en el <strong>listado de inmuebles a decomisar.<\/strong> En esta primera tanda de ejecuciones, Cristina y sus herederos <strong>perder\u00e1n joyas de su patrimonio<\/strong> como el lujoso hotel <strong>Los Sauces Casa Patag\u00f3nica<\/strong>. Este complejo boutique, lindante a la residencia familiar en El Calafate, lleg\u00f3 a estar alquilado por <strong>90.000 d\u00f3lares mensuales<\/strong>, generando ingresos millonarios para la familia durante a\u00f1os.<\/p>\n<div class=\"subscription\">\n<p>\n        Esto no les gusta a los autoritarios\n    <\/p>\n<div class=\"subscription__container\">\n<div class=\"subscription__text-wrapper\">\n<p>\n                El ejercicio del periodismo profesional y cr\u00edtico es un pilar fundamental de la democracia. Por eso molesta a quienes creen ser los due\u00f1os de la verdad.\n            <\/p>\n<\/p><\/div><\/div>\n<\/div>\n<p>El listado de bienes vinculados al entorno de M\u00e1ximo y Florencia Kirchner tambi\u00e9n incluye un<strong> complejo de once departamentos<\/strong> construido por B\u00e1ez en la calle Mitre de R\u00edo Gallegos, y otros terrenos en Punta Soberana originados tras permutas de parcelas con el propio empresario. La Justicia determin\u00f3 que <strong>no hace falta probar la ruta contable exacta de cada peso robado<\/strong>, sino que alcanza con demostrar una coincidencia temporal razonable entre el enriquecimiento y el fraude sistem\u00e1tico.<\/p>\n<p>Por su parte, L\u00e1zaro B\u00e1ez ser\u00e1 el mayor perjudicado por el desprendimiento patrimonial, <strong>perdiendo 84 propiedades <\/strong>que estaban escrituradas a su nombre. El ex contratista, que amas\u00f3 una enorme fortuna inmobiliaria a lo largo de todo el territorio nacional, deber\u00e1 <strong>entregar gran parte de su imperio patag\u00f3nico a la Justicia <\/strong>para poder cumplir con el resarcimiento oficial.<\/p>\n<p class=\"destacadoNota\"><a target=\"_blank\" href=\"https:\/\/www.perfil.com\/noticias\/judiciales\/comodoro-py-en-vivo-cristina-kirchner-declara-por-la-causa-cuadernos.phtml\">Cristina Kirchner no acept\u00f3 preguntas y se retir\u00f3: \u00abMe puedo morir presa con este sistema judicial\u00bb<\/a><\/p>\n<h2><strong>La ca\u00edda del imperio patag\u00f3nico de B\u00e1ez<\/strong><\/h2>\n<p>Entre los inmuebles m\u00e1s emblem\u00e1ticos que perder\u00e1 el titular del<strong> Grupo Austral <\/strong>se encuentra la famosa <strong>Chacra 39<\/strong>. Ubicada a quince minutos del centro de la capital santacruce\u00f1a, esta propiedad de <strong>14.250 metros cuadrados<\/strong> cuenta con quinchos, una cancha de f\u00fatbol iluminada, un gimnasio de \u00faltima generaci\u00f3n, hidromasajes y hasta un invernadero valuado en m\u00e1s de 52 millones de pesos. Durante a\u00f1os, este lugar exclusivo supo ser el punto de encuentro predilecto para los habituales partidos de<a target=\"_blank\" href=\"https:\/\/www.perfil.com\/noticias\/internacional\/venezuela-delcy-rodriguez-desmantelo-el-salon-nestor-kirchner.phtml\"> <strong>N\u00e9stor Kirchner<\/strong><\/a>.<\/p>\n<p>La orden de Casaci\u00f3n tambi\u00e9n alcanz\u00f3 a la estancia patag\u00f3nica denominada <strong>\u00abLos Gurises\u00bb<\/strong>, junto a decenas de casas, cocheras y terrenos distribuidos entre El Calafate y R\u00edo Gallegos. Esta nueva ejecuci\u00f3n se suma al remate de<strong> otras 40 propiedades <\/strong>que ya hab\u00eda ordenado el juez <strong>N\u00e9stor Costabel <\/strong>hace apenas un mes atr\u00e1s, en el marco del hist\u00f3rico expediente conocido como \u201c<strong>La Ruta del Dinero K\u201d,<\/strong> buscando cubrir otro decomiso por 55 millones de d\u00f3lares.<\/p>\n<p>El destino final de todo este patrimonio millonario recuperado quedar\u00e1 en manos de la Corte Suprema de Justicia de la Naci\u00f3n. En una acci\u00f3n directamente reparadora, el m\u00e1ximo tribunal del pa\u00eds tendr\u00e1 la potestad y la responsabilidad de asignar estos inmensos recursos , incluso de forma parcial, <strong> en favor de la propia ciudadan\u00eda santacruce\u00f1a<\/strong>, al ser la principal damnificada indirecta por la causa investigada.<\/p>\n<p><em>TC\/DCQ<\/em><\/p>\n<\/p><\/div>\n<p><script>\n                !function(f,b,e,v,n,t,s)\n                {if(f.fbq)return;n=f.fbq=function(){n.callMethod?\n                    n.callMethod.apply(n,arguments):n.queue.push(arguments)};\n                    if(!f._fbq)f._fbq=n;n.push=n;n.loaded=!0;n.version='2.0';\n                    n.queue=[];t=b.createElement(e);t.async=!0;\n                    t.src=v;s=b.getElementsByTagName(e)[0];\n                    s.parentNode.insertBefore(t,s)}(window, document,'script',\n                    'https:\/\/connect.facebook.net\/en_US\/fbevents.js');\n                window.paywallConfig.facebook_pixel=\"1000228364089342\"\n            <\/script><\/p>\n","protected":false},"excerpt":{"rendered":"<p>El golpe final de la causa Vialidad no es solo penal, sino estrictamente patrimonial. La Sala IV de la C\u00e1mara de Casaci\u00f3n Penal orden\u00f3 avanzar con la ejecuci\u00f3n de 111 propiedades vinculadas a Cristina Fern\u00e1ndez de Kirchner, sus hijos M\u00e1ximo y Florencia, y el empresario L\u00e1zaro B\u00e1ez. Con este fallo hist\u00f3rico, terrenos en El Calafate, [&hellip;]<\/p>\n","protected":false},"author":2,"featured_media":193202,"comment_status":"closed","ping_status":"closed","sticky":false,"template":"","format":"standard","meta":{"footnotes":""},"categories":[25],"tags":[],"class_list":["post-193201","post","type-post","status-publish","format-standard","has-post-thumbnail","hentry","category-nacionales"],"yoast_head":"<!-- This site is optimized with the Yoast SEO plugin v24.4 - https:\/\/yoast.com\/wordpress\/plugins\/seo\/ -->\n<title>Hoteles, estancias y departamentos: los 111 bienes que la Justicia le decomisar\u00e1 a Cristina Kirchner y a L\u00e1zaro B\u00e1ez - GYS NOTICIAS |<\/title>\n<meta name=\"robots\" content=\"index, follow, max-snippet:-1, max-image-preview:large, max-video-preview:-1\" \/>\n<link rel=\"canonical\" href=\"https:\/\/gysfm.com.ar\/inicio\/hoteles-estancias-y-departamentos-los-111-bienes-que-la-justicia-le-decomisara-a-cristina-kirchner-y-a-lazaro-baez\/\" \/>\n<meta property=\"og:locale\" content=\"es_ES\" \/>\n<meta property=\"og:type\" content=\"article\" \/>\n<meta property=\"og:title\" content=\"Hoteles, estancias y departamentos: los 111 bienes que la Justicia le decomisar\u00e1 a Cristina Kirchner y a L\u00e1zaro B\u00e1ez - GYS NOTICIAS |\" \/>\n<meta property=\"og:description\" content=\"El golpe final de la causa Vialidad no es solo penal, sino estrictamente patrimonial. La Sala IV de la C\u00e1mara de Casaci\u00f3n Penal orden\u00f3 avanzar con la ejecuci\u00f3n de 111 propiedades vinculadas a Cristina Fern\u00e1ndez de Kirchner, sus hijos M\u00e1ximo y Florencia, y el empresario L\u00e1zaro B\u00e1ez. Con este fallo hist\u00f3rico, terrenos en El Calafate, [&hellip;]\" \/>\n<meta property=\"og:url\" content=\"https:\/\/gysfm.com.ar\/inicio\/hoteles-estancias-y-departamentos-los-111-bienes-que-la-justicia-le-decomisara-a-cristina-kirchner-y-a-lazaro-baez\/\" \/>\n<meta property=\"og:site_name\" content=\"GYS NOTICIAS |\" \/>\n<meta property=\"article:published_time\" content=\"2026-04-27T03:59:07+00:00\" \/>\n<meta property=\"og:image\" content=\"https:\/\/fotos.perfil.com\/\/2026\/04\/24\/900\/0\/bienes-decomisados-a-cfk-2227144.jpg?webp\" \/>\n<meta name=\"author\" content=\"Prensa G&amp;S FM\" \/>\n<meta name=\"twitter:card\" content=\"summary_large_image\" \/>\n<meta name=\"twitter:label1\" content=\"Escrito por\" \/>\n\t<meta name=\"twitter:data1\" content=\"Prensa G&amp;S FM\" \/>\n\t<meta name=\"twitter:label2\" content=\"Tiempo de lectura\" \/>\n\t<meta name=\"twitter:data2\" content=\"3 minutos\" \/>\n<script type=\"application\/ld+json\" class=\"yoast-schema-graph\">{\"@context\":\"https:\/\/schema.org\",\"@graph\":[{\"@type\":\"Article\",\"@id\":\"https:\/\/gysfm.com.ar\/inicio\/hoteles-estancias-y-departamentos-los-111-bienes-que-la-justicia-le-decomisara-a-cristina-kirchner-y-a-lazaro-baez\/#article\",\"isPartOf\":{\"@id\":\"https:\/\/gysfm.com.ar\/inicio\/hoteles-estancias-y-departamentos-los-111-bienes-que-la-justicia-le-decomisara-a-cristina-kirchner-y-a-lazaro-baez\/\"},\"author\":{\"name\":\"Prensa G&amp;S FM\",\"@id\":\"https:\/\/gysfm.com.ar\/inicio\/#\/schema\/person\/3abba7593ef2ad19e1be221d54383dc5\"},\"headline\":\"Hoteles, estancias y departamentos: los 111 bienes que la Justicia le decomisar\u00e1 a Cristina Kirchner y a L\u00e1zaro B\u00e1ez\",\"datePublished\":\"2026-04-27T03:59:07+00:00\",\"mainEntityOfPage\":{\"@id\":\"https:\/\/gysfm.com.ar\/inicio\/hoteles-estancias-y-departamentos-los-111-bienes-que-la-justicia-le-decomisara-a-cristina-kirchner-y-a-lazaro-baez\/\"},\"wordCount\":719,\"publisher\":{\"@id\":\"https:\/\/gysfm.com.ar\/inicio\/#organization\"},\"image\":{\"@id\":\"https:\/\/gysfm.com.ar\/inicio\/hoteles-estancias-y-departamentos-los-111-bienes-que-la-justicia-le-decomisara-a-cristina-kirchner-y-a-lazaro-baez\/#primaryimage\"},\"thumbnailUrl\":\"https:\/\/gysfm.com.ar\/inicio\/wp-content\/uploads\/2026\/04\/hotel-los-sauces-20241230-1939890.jpg\",\"articleSection\":[\"NACIONALES\"],\"inLanguage\":\"es\"},{\"@type\":\"WebPage\",\"@id\":\"https:\/\/gysfm.com.ar\/inicio\/hoteles-estancias-y-departamentos-los-111-bienes-que-la-justicia-le-decomisara-a-cristina-kirchner-y-a-lazaro-baez\/\",\"url\":\"https:\/\/gysfm.com.ar\/inicio\/hoteles-estancias-y-departamentos-los-111-bienes-que-la-justicia-le-decomisara-a-cristina-kirchner-y-a-lazaro-baez\/\",\"name\":\"Hoteles, estancias y departamentos: los 111 bienes que la Justicia le decomisar\u00e1 a Cristina Kirchner y a L\u00e1zaro B\u00e1ez - GYS NOTICIAS |\",\"isPartOf\":{\"@id\":\"https:\/\/gysfm.com.ar\/inicio\/#website\"},\"primaryImageOfPage\":{\"@id\":\"https:\/\/gysfm.com.ar\/inicio\/hoteles-estancias-y-departamentos-los-111-bienes-que-la-justicia-le-decomisara-a-cristina-kirchner-y-a-lazaro-baez\/#primaryimage\"},\"image\":{\"@id\":\"https:\/\/gysfm.com.ar\/inicio\/hoteles-estancias-y-departamentos-los-111-bienes-que-la-justicia-le-decomisara-a-cristina-kirchner-y-a-lazaro-baez\/#primaryimage\"},\"thumbnailUrl\":\"https:\/\/gysfm.com.ar\/inicio\/wp-content\/uploads\/2026\/04\/hotel-los-sauces-20241230-1939890.jpg\",\"datePublished\":\"2026-04-27T03:59:07+00:00\",\"breadcrumb\":{\"@id\":\"https:\/\/gysfm.com.ar\/inicio\/hoteles-estancias-y-departamentos-los-111-bienes-que-la-justicia-le-decomisara-a-cristina-kirchner-y-a-lazaro-baez\/#breadcrumb\"},\"inLanguage\":\"es\",\"potentialAction\":[{\"@type\":\"ReadAction\",\"target\":[\"https:\/\/gysfm.com.ar\/inicio\/hoteles-estancias-y-departamentos-los-111-bienes-que-la-justicia-le-decomisara-a-cristina-kirchner-y-a-lazaro-baez\/\"]}]},{\"@type\":\"ImageObject\",\"inLanguage\":\"es\",\"@id\":\"https:\/\/gysfm.com.ar\/inicio\/hoteles-estancias-y-departamentos-los-111-bienes-que-la-justicia-le-decomisara-a-cristina-kirchner-y-a-lazaro-baez\/#primaryimage\",\"url\":\"https:\/\/gysfm.com.ar\/inicio\/wp-content\/uploads\/2026\/04\/hotel-los-sauces-20241230-1939890.jpg\",\"contentUrl\":\"https:\/\/gysfm.com.ar\/inicio\/wp-content\/uploads\/2026\/04\/hotel-los-sauces-20241230-1939890.jpg\",\"width\":1140,\"height\":641},{\"@type\":\"BreadcrumbList\",\"@id\":\"https:\/\/gysfm.com.ar\/inicio\/hoteles-estancias-y-departamentos-los-111-bienes-que-la-justicia-le-decomisara-a-cristina-kirchner-y-a-lazaro-baez\/#breadcrumb\",\"itemListElement\":[{\"@type\":\"ListItem\",\"position\":1,\"name\":\"Portada\",\"item\":\"https:\/\/gysfm.com.ar\/inicio\/\"},{\"@type\":\"ListItem\",\"position\":2,\"name\":\"Hoteles, estancias y departamentos: los 111 bienes que la Justicia le decomisar\u00e1 a Cristina Kirchner y a L\u00e1zaro B\u00e1ez\"}]},{\"@type\":\"WebSite\",\"@id\":\"https:\/\/gysfm.com.ar\/inicio\/#website\",\"url\":\"https:\/\/gysfm.com.ar\/inicio\/\",\"name\":\"GYS NOTICIAS |\",\"description\":\"DIARIO - RADIO ONLINE SAN JUAN ARGENTINA\",\"publisher\":{\"@id\":\"https:\/\/gysfm.com.ar\/inicio\/#organization\"},\"potentialAction\":[{\"@type\":\"SearchAction\",\"target\":{\"@type\":\"EntryPoint\",\"urlTemplate\":\"https:\/\/gysfm.com.ar\/inicio\/?s={search_term_string}\"},\"query-input\":{\"@type\":\"PropertyValueSpecification\",\"valueRequired\":true,\"valueName\":\"search_term_string\"}}],\"inLanguage\":\"es\"},{\"@type\":\"Organization\",\"@id\":\"https:\/\/gysfm.com.ar\/inicio\/#organization\",\"name\":\"GYS NOTICIAS |\",\"url\":\"https:\/\/gysfm.com.ar\/inicio\/\",\"logo\":{\"@type\":\"ImageObject\",\"inLanguage\":\"es\",\"@id\":\"https:\/\/gysfm.com.ar\/inicio\/#\/schema\/logo\/image\/\",\"url\":\"https:\/\/gysfm.com.ar\/inicio\/wp-content\/uploads\/2023\/07\/LOGOGYS-OK.png\",\"contentUrl\":\"https:\/\/gysfm.com.ar\/inicio\/wp-content\/uploads\/2023\/07\/LOGOGYS-OK.png\",\"width\":1170,\"height\":872,\"caption\":\"GYS NOTICIAS |\"},\"image\":{\"@id\":\"https:\/\/gysfm.com.ar\/inicio\/#\/schema\/logo\/image\/\"}},{\"@type\":\"Person\",\"@id\":\"https:\/\/gysfm.com.ar\/inicio\/#\/schema\/person\/3abba7593ef2ad19e1be221d54383dc5\",\"name\":\"Prensa G&amp;S FM\",\"image\":{\"@type\":\"ImageObject\",\"inLanguage\":\"es\",\"@id\":\"https:\/\/gysfm.com.ar\/inicio\/#\/schema\/person\/image\/\",\"url\":\"https:\/\/secure.gravatar.com\/avatar\/096ec78df02049ab018702bb4ccedf659377fa92a26540b5247612077a0dbd29?s=96&d=mm&r=g\",\"contentUrl\":\"https:\/\/secure.gravatar.com\/avatar\/096ec78df02049ab018702bb4ccedf659377fa92a26540b5247612077a0dbd29?s=96&d=mm&r=g\",\"caption\":\"Prensa G&amp;S FM\"},\"sameAs\":[\"https:\/\/gysfm.com.ar\/\"],\"url\":\"https:\/\/gysfm.com.ar\/inicio\/author\/lucasm\/\"}]}<\/script>\n<!-- \/ Yoast SEO plugin. -->","yoast_head_json":{"title":"Hoteles, estancias y departamentos: los 111 bienes que la Justicia le decomisar\u00e1 a Cristina Kirchner y a L\u00e1zaro B\u00e1ez - GYS NOTICIAS |","robots":{"index":"index","follow":"follow","max-snippet":"max-snippet:-1","max-image-preview":"max-image-preview:large","max-video-preview":"max-video-preview:-1"},"canonical":"https:\/\/gysfm.com.ar\/inicio\/hoteles-estancias-y-departamentos-los-111-bienes-que-la-justicia-le-decomisara-a-cristina-kirchner-y-a-lazaro-baez\/","og_locale":"es_ES","og_type":"article","og_title":"Hoteles, estancias y departamentos: los 111 bienes que la Justicia le decomisar\u00e1 a Cristina Kirchner y a L\u00e1zaro B\u00e1ez - GYS NOTICIAS |","og_description":"El golpe final de la causa Vialidad no es solo penal, sino estrictamente patrimonial. La Sala IV de la C\u00e1mara de Casaci\u00f3n Penal orden\u00f3 avanzar con la ejecuci\u00f3n de 111 propiedades vinculadas a Cristina Fern\u00e1ndez de Kirchner, sus hijos M\u00e1ximo y Florencia, y el empresario L\u00e1zaro B\u00e1ez. Con este fallo hist\u00f3rico, terrenos en El Calafate, [&hellip;]","og_url":"https:\/\/gysfm.com.ar\/inicio\/hoteles-estancias-y-departamentos-los-111-bienes-que-la-justicia-le-decomisara-a-cristina-kirchner-y-a-lazaro-baez\/","og_site_name":"GYS NOTICIAS |","article_published_time":"2026-04-27T03:59:07+00:00","og_image":[{"url":"https:\/\/fotos.perfil.com\/\/2026\/04\/24\/900\/0\/bienes-decomisados-a-cfk-2227144.jpg?webp","type":"","width":"","height":""}],"author":"Prensa G&amp;S FM","twitter_card":"summary_large_image","twitter_misc":{"Escrito por":"Prensa G&amp;S FM","Tiempo de lectura":"3 minutos"},"schema":{"@context":"https:\/\/schema.org","@graph":[{"@type":"Article","@id":"https:\/\/gysfm.com.ar\/inicio\/hoteles-estancias-y-departamentos-los-111-bienes-que-la-justicia-le-decomisara-a-cristina-kirchner-y-a-lazaro-baez\/#article","isPartOf":{"@id":"https:\/\/gysfm.com.ar\/inicio\/hoteles-estancias-y-departamentos-los-111-bienes-que-la-justicia-le-decomisara-a-cristina-kirchner-y-a-lazaro-baez\/"},"author":{"name":"Prensa G&amp;S FM","@id":"https:\/\/gysfm.com.ar\/inicio\/#\/schema\/person\/3abba7593ef2ad19e1be221d54383dc5"},"headline":"Hoteles, estancias y departamentos: los 111 bienes que la Justicia le decomisar\u00e1 a Cristina Kirchner y a L\u00e1zaro B\u00e1ez","datePublished":"2026-04-27T03:59:07+00:00","mainEntityOfPage":{"@id":"https:\/\/gysfm.com.ar\/inicio\/hoteles-estancias-y-departamentos-los-111-bienes-que-la-justicia-le-decomisara-a-cristina-kirchner-y-a-lazaro-baez\/"},"wordCount":719,"publisher":{"@id":"https:\/\/gysfm.com.ar\/inicio\/#organization"},"image":{"@id":"https:\/\/gysfm.com.ar\/inicio\/hoteles-estancias-y-departamentos-los-111-bienes-que-la-justicia-le-decomisara-a-cristina-kirchner-y-a-lazaro-baez\/#primaryimage"},"thumbnailUrl":"https:\/\/gysfm.com.ar\/inicio\/wp-content\/uploads\/2026\/04\/hotel-los-sauces-20241230-1939890.jpg","articleSection":["NACIONALES"],"inLanguage":"es"},{"@type":"WebPage","@id":"https:\/\/gysfm.com.ar\/inicio\/hoteles-estancias-y-departamentos-los-111-bienes-que-la-justicia-le-decomisara-a-cristina-kirchner-y-a-lazaro-baez\/","url":"https:\/\/gysfm.com.ar\/inicio\/hoteles-estancias-y-departamentos-los-111-bienes-que-la-justicia-le-decomisara-a-cristina-kirchner-y-a-lazaro-baez\/","name":"Hoteles, estancias y departamentos: los 111 bienes que la Justicia le decomisar\u00e1 a Cristina Kirchner y a L\u00e1zaro B\u00e1ez - GYS NOTICIAS |","isPartOf":{"@id":"https:\/\/gysfm.com.ar\/inicio\/#website"},"primaryImageOfPage":{"@id":"https:\/\/gysfm.com.ar\/inicio\/hoteles-estancias-y-departamentos-los-111-bienes-que-la-justicia-le-decomisara-a-cristina-kirchner-y-a-lazaro-baez\/#primaryimage"},"image":{"@id":"https:\/\/gysfm.com.ar\/inicio\/hoteles-estancias-y-departamentos-los-111-bienes-que-la-justicia-le-decomisara-a-cristina-kirchner-y-a-lazaro-baez\/#primaryimage"},"thumbnailUrl":"https:\/\/gysfm.com.ar\/inicio\/wp-content\/uploads\/2026\/04\/hotel-los-sauces-20241230-1939890.jpg","datePublished":"2026-04-27T03:59:07+00:00","breadcrumb":{"@id":"https:\/\/gysfm.com.ar\/inicio\/hoteles-estancias-y-departamentos-los-111-bienes-que-la-justicia-le-decomisara-a-cristina-kirchner-y-a-lazaro-baez\/#breadcrumb"},"inLanguage":"es","potentialAction":[{"@type":"ReadAction","target":["https:\/\/gysfm.com.ar\/inicio\/hoteles-estancias-y-departamentos-los-111-bienes-que-la-justicia-le-decomisara-a-cristina-kirchner-y-a-lazaro-baez\/"]}]},{"@type":"ImageObject","inLanguage":"es","@id":"https:\/\/gysfm.com.ar\/inicio\/hoteles-estancias-y-departamentos-los-111-bienes-que-la-justicia-le-decomisara-a-cristina-kirchner-y-a-lazaro-baez\/#primaryimage","url":"https:\/\/gysfm.com.ar\/inicio\/wp-content\/uploads\/2026\/04\/hotel-los-sauces-20241230-1939890.jpg","contentUrl":"https:\/\/gysfm.com.ar\/inicio\/wp-content\/uploads\/2026\/04\/hotel-los-sauces-20241230-1939890.jpg","width":1140,"height":641},{"@type":"BreadcrumbList","@id":"https:\/\/gysfm.com.ar\/inicio\/hoteles-estancias-y-departamentos-los-111-bienes-que-la-justicia-le-decomisara-a-cristina-kirchner-y-a-lazaro-baez\/#breadcrumb","itemListElement":[{"@type":"ListItem","position":1,"name":"Portada","item":"https:\/\/gysfm.com.ar\/inicio\/"},{"@type":"ListItem","position":2,"name":"Hoteles, estancias y departamentos: los 111 bienes que la Justicia le decomisar\u00e1 a Cristina Kirchner y a L\u00e1zaro B\u00e1ez"}]},{"@type":"WebSite","@id":"https:\/\/gysfm.com.ar\/inicio\/#website","url":"https:\/\/gysfm.com.ar\/inicio\/","name":"GYS NOTICIAS |","description":"DIARIO - RADIO ONLINE SAN JUAN ARGENTINA","publisher":{"@id":"https:\/\/gysfm.com.ar\/inicio\/#organization"},"potentialAction":[{"@type":"SearchAction","target":{"@type":"EntryPoint","urlTemplate":"https:\/\/gysfm.com.ar\/inicio\/?s={search_term_string}"},"query-input":{"@type":"PropertyValueSpecification","valueRequired":true,"valueName":"search_term_string"}}],"inLanguage":"es"},{"@type":"Organization","@id":"https:\/\/gysfm.com.ar\/inicio\/#organization","name":"GYS NOTICIAS |","url":"https:\/\/gysfm.com.ar\/inicio\/","logo":{"@type":"ImageObject","inLanguage":"es","@id":"https:\/\/gysfm.com.ar\/inicio\/#\/schema\/logo\/image\/","url":"https:\/\/gysfm.com.ar\/inicio\/wp-content\/uploads\/2023\/07\/LOGOGYS-OK.png","contentUrl":"https:\/\/gysfm.com.ar\/inicio\/wp-content\/uploads\/2023\/07\/LOGOGYS-OK.png","width":1170,"height":872,"caption":"GYS NOTICIAS |"},"image":{"@id":"https:\/\/gysfm.com.ar\/inicio\/#\/schema\/logo\/image\/"}},{"@type":"Person","@id":"https:\/\/gysfm.com.ar\/inicio\/#\/schema\/person\/3abba7593ef2ad19e1be221d54383dc5","name":"Prensa G&amp;S FM","image":{"@type":"ImageObject","inLanguage":"es","@id":"https:\/\/gysfm.com.ar\/inicio\/#\/schema\/person\/image\/","url":"https:\/\/secure.gravatar.com\/avatar\/096ec78df02049ab018702bb4ccedf659377fa92a26540b5247612077a0dbd29?s=96&d=mm&r=g","contentUrl":"https:\/\/secure.gravatar.com\/avatar\/096ec78df02049ab018702bb4ccedf659377fa92a26540b5247612077a0dbd29?s=96&d=mm&r=g","caption":"Prensa G&amp;S FM"},"sameAs":["https:\/\/gysfm.com.ar\/"],"url":"https:\/\/gysfm.com.ar\/inicio\/author\/lucasm\/"}]}},"_links":{"self":[{"href":"https:\/\/gysfm.com.ar\/inicio\/wp-json\/wp\/v2\/posts\/193201","targetHints":{"allow":["GET"]}}],"collection":[{"href":"https:\/\/gysfm.com.ar\/inicio\/wp-json\/wp\/v2\/posts"}],"about":[{"href":"https:\/\/gysfm.com.ar\/inicio\/wp-json\/wp\/v2\/types\/post"}],"author":[{"embeddable":true,"href":"https:\/\/gysfm.com.ar\/inicio\/wp-json\/wp\/v2\/users\/2"}],"replies":[{"embeddable":true,"href":"https:\/\/gysfm.com.ar\/inicio\/wp-json\/wp\/v2\/comments?post=193201"}],"version-history":[{"count":0,"href":"https:\/\/gysfm.com.ar\/inicio\/wp-json\/wp\/v2\/posts\/193201\/revisions"}],"wp:featuredmedia":[{"embeddable":true,"href":"https:\/\/gysfm.com.ar\/inicio\/wp-json\/wp\/v2\/media\/193202"}],"wp:attachment":[{"href":"https:\/\/gysfm.com.ar\/inicio\/wp-json\/wp\/v2\/media?parent=193201"}],"wp:term":[{"taxonomy":"category","embeddable":true,"href":"https:\/\/gysfm.com.ar\/inicio\/wp-json\/wp\/v2\/categories?post=193201"},{"taxonomy":"post_tag","embeddable":true,"href":"https:\/\/gysfm.com.ar\/inicio\/wp-json\/wp\/v2\/tags?post=193201"}],"curies":[{"name":"wp","href":"https:\/\/api.w.org\/{rel}","templated":true}]}}