{"id":193195,"date":"2026-04-26T23:57:23","date_gmt":"2026-04-27T02:57:23","guid":{"rendered":"https:\/\/gysfm.com.ar\/inicio\/malba-to-showcase-150-works-in-25th-anniversary-exhibition-revamp\/"},"modified":"2026-04-26T23:57:23","modified_gmt":"2026-04-27T02:57:23","slug":"malba-to-showcase-150-works-in-25th-anniversary-exhibition-revamp","status":"publish","type":"post","link":"https:\/\/gysfm.com.ar\/inicio\/malba-to-showcase-150-works-in-25th-anniversary-exhibition-revamp\/","title":{"rendered":"MALBA to showcase 150 works in 25th anniversary exhibition revamp"},"content":{"rendered":"<p><\/p>\n<div id=\"news-body\" style=\"overflow-x: hidden;\">\n<p>The Museum of Latin American Art of Buenos Aires (MALBA) will open a major exhibition on May 1 to mark its 25th anniversary, bringing together around 150 works in a wide-ranging rehang of its core collection.<\/p>\n<p><em>Latinoam\u00e9rica en expansi\u00f3n<\/em> (\u201cLatin America in Expansion\u201d) draws on both the museum\u2019s institutional holdings and the private collection of its founder, Eduardo F. Costantini, offering a survey of regional art from 1900 through to the 1970s.<\/p>\n<p>The exhibition will take over Gallery 2 on Level 1, with a public opening scheduled for April 30 at 7pm. The launch will be preceded by a conversation between Costantini and curators Mar\u00eda Amalia Garc\u00eda and Alejandra Aguado, which will be streamed live on YouTube.<\/p>\n<p>Curated by Garc\u00eda, Aguado and Nancy Rojas, the exhibition is structured around 10 thematic sections, each anchored by emblematic works. The approach frames Latin American art as both interconnected and internally diverse.<\/p>\n<p>According to the museum, the curatorial concept revisits the idea of \u201canthropophagy\u201d developed by Brazilian writer Oswald de Andrade \u2013 a notion of critically absorbing Western modernity while asserting local identities. The exhibition uses that lens to explore how artists across the region engaged with, adapted and reshaped global artistic currents.<\/p>\n<p>The rehang incorporates key works acquired through the purchase of the Daros Latinamerica Collection, including pieces by Joaqu\u00edn Torres Garc\u00eda, Lygia Clark, H\u00e9lio Oiticica, Carlos Cruz-Diez, Jes\u00fas Rafael Soto, Gego, Mira Schendel and Julio Le Parc.\u00a0<\/p>\n<p>The exhibition will also feature major works by artists such as Frida Kahlo, Diego Rivera, Tarsila do Amaral, Xul Solar, Emilio Pettoruti, Wifredo Lam, Roberto Matta, Remedios Varo, Leonora Carrington and Antonio Berni.<\/p>\n<p>Costantini said the exhibition reflects \u201ca moment of expansion\u201d for the museum, pointing to ongoing plans for an underground extension beneath Plaza Per\u00fa.<\/p>\n<p>From September 18, the show will expand into Gallery 3 with a new section focused on works produced from the 1960s onwards. That extension will run until February 8, 2027.<\/p>\n<p>Malba\u2019s anniversary programme will also feature seminars, concerts, screenings, workshops and a gala scheduled for September 17, 2026.<\/p>\n<section class=\"row noticias-relacionadas\">\n<p><h6>related news<\/h6>\n<\/p>\n<\/section>\n<p>\t\t\t\t\t\t\t\t<!-- e-planning v3 - Comienzo espacio _ articulo _ teads --><\/p>\n<p><noscript><a href=\"https:\/\/ads.us.e-planning.net\/ei\/3\/212f2\/articulo\/teads?it=i&amp;rnd=$RANDOM\" target=\"_blank\"><img loading=\"lazy\" decoding=\"async\" width=\"1\" height=\"1\" alt=\"e-planning ad\" src=\"https:\/\/ads.us.e-planning.net\/eb\/3\/212f2\/articulo\/teads?o=i&amp;rnd=$RANDOM\" border=\"0\"\/><\/a><\/noscript><br \/>\n<!-- e-planning v3 - Fin espacio _ articulo _ teads --><\/p><\/div>\n<p><script>(function(d, s, id) {\n\t\tvar js, fjs = d.getElementsByTagName(s)[0];\n\t\tif (d.getElementById(id)) return;\n\t\tjs = d.createElement(s); js.id = id;\n\t\tjs.src=\"https:\/\/connect.facebook.net\/es_LA\/sdk.js#xfbml=1&version=v3.1\";\n\t\tfjs.parentNode.insertBefore(js, fjs);\n\t}(document, 'script', 'facebook-jssdk'));<\/script><\/p>\n","protected":false},"excerpt":{"rendered":"<p>The Museum of Latin American Art of Buenos Aires (MALBA) will open a major exhibition on May 1 to mark its 25th anniversary, bringing together around 150 works in a wide-ranging rehang of its core collection. Latinoam\u00e9rica en expansi\u00f3n (\u201cLatin America in Expansion\u201d) draws on both the museum\u2019s institutional holdings and the private collection of [&hellip;]<\/p>\n","protected":false},"author":2,"featured_media":193196,"comment_status":"closed","ping_status":"closed","sticky":false,"template":"","format":"standard","meta":{"footnotes":""},"categories":[25],"tags":[],"class_list":["post-193195","post","type-post","status-publish","format-standard","has-post-thumbnail","hentry","category-nacionales"],"yoast_head":"<!-- This site is optimized with the Yoast SEO plugin v24.4 - https:\/\/yoast.com\/wordpress\/plugins\/seo\/ -->\n<title>MALBA to showcase 150 works in 25th anniversary exhibition revamp - GYS NOTICIAS |<\/title>\n<meta name=\"robots\" content=\"index, follow, max-snippet:-1, max-image-preview:large, max-video-preview:-1\" \/>\n<link rel=\"canonical\" href=\"https:\/\/gysfm.com.ar\/inicio\/malba-to-showcase-150-works-in-25th-anniversary-exhibition-revamp\/\" \/>\n<meta property=\"og:locale\" content=\"es_ES\" \/>\n<meta property=\"og:type\" content=\"article\" \/>\n<meta property=\"og:title\" content=\"MALBA to showcase 150 works in 25th anniversary exhibition revamp - GYS NOTICIAS |\" \/>\n<meta property=\"og:description\" content=\"The Museum of Latin American Art of Buenos Aires (MALBA) will open a major exhibition on May 1 to mark its 25th anniversary, bringing together around 150 works in a wide-ranging rehang of its core collection. Latinoam\u00e9rica en expansi\u00f3n (\u201cLatin America in Expansion\u201d) draws on both the museum\u2019s institutional holdings and the private collection of [&hellip;]\" \/>\n<meta property=\"og:url\" content=\"https:\/\/gysfm.com.ar\/inicio\/malba-to-showcase-150-works-in-25th-anniversary-exhibition-revamp\/\" \/>\n<meta property=\"og:site_name\" content=\"GYS NOTICIAS |\" \/>\n<meta property=\"article:published_time\" content=\"2026-04-27T02:57:23+00:00\" \/>\n<meta property=\"og:image\" content=\"https:\/\/ads.us.e-planning.net\/eb\/3\/212f2\/articulo\/teads?o=i&amp;rnd=$RANDOM\" \/>\n<meta name=\"author\" content=\"Prensa G&amp;S FM\" \/>\n<meta name=\"twitter:card\" content=\"summary_large_image\" \/>\n<meta name=\"twitter:label1\" content=\"Escrito por\" \/>\n\t<meta name=\"twitter:data1\" content=\"Prensa G&amp;S FM\" \/>\n\t<meta name=\"twitter:label2\" content=\"Tiempo de lectura\" \/>\n\t<meta name=\"twitter:data2\" content=\"2 minutos\" \/>\n<script type=\"application\/ld+json\" class=\"yoast-schema-graph\">{\"@context\":\"https:\/\/schema.org\",\"@graph\":[{\"@type\":\"Article\",\"@id\":\"https:\/\/gysfm.com.ar\/inicio\/malba-to-showcase-150-works-in-25th-anniversary-exhibition-revamp\/#article\",\"isPartOf\":{\"@id\":\"https:\/\/gysfm.com.ar\/inicio\/malba-to-showcase-150-works-in-25th-anniversary-exhibition-revamp\/\"},\"author\":{\"name\":\"Prensa G&amp;S FM\",\"@id\":\"https:\/\/gysfm.com.ar\/inicio\/#\/schema\/person\/3abba7593ef2ad19e1be221d54383dc5\"},\"headline\":\"MALBA to showcase 150 works in 25th anniversary exhibition revamp\",\"datePublished\":\"2026-04-27T02:57:23+00:00\",\"mainEntityOfPage\":{\"@id\":\"https:\/\/gysfm.com.ar\/inicio\/malba-to-showcase-150-works-in-25th-anniversary-exhibition-revamp\/\"},\"wordCount\":348,\"publisher\":{\"@id\":\"https:\/\/gysfm.com.ar\/inicio\/#organization\"},\"image\":{\"@id\":\"https:\/\/gysfm.com.ar\/inicio\/malba-to-showcase-150-works-in-25th-anniversary-exhibition-revamp\/#primaryimage\"},\"thumbnailUrl\":\"https:\/\/gysfm.com.ar\/inicio\/wp-content\/uploads\/2026\/04\/malba-buenos-aires-stock-2227777.jpg\",\"articleSection\":[\"NACIONALES\"],\"inLanguage\":\"es\"},{\"@type\":\"WebPage\",\"@id\":\"https:\/\/gysfm.com.ar\/inicio\/malba-to-showcase-150-works-in-25th-anniversary-exhibition-revamp\/\",\"url\":\"https:\/\/gysfm.com.ar\/inicio\/malba-to-showcase-150-works-in-25th-anniversary-exhibition-revamp\/\",\"name\":\"MALBA to showcase 150 works in 25th anniversary exhibition revamp - GYS NOTICIAS |\",\"isPartOf\":{\"@id\":\"https:\/\/gysfm.com.ar\/inicio\/#website\"},\"primaryImageOfPage\":{\"@id\":\"https:\/\/gysfm.com.ar\/inicio\/malba-to-showcase-150-works-in-25th-anniversary-exhibition-revamp\/#primaryimage\"},\"image\":{\"@id\":\"https:\/\/gysfm.com.ar\/inicio\/malba-to-showcase-150-works-in-25th-anniversary-exhibition-revamp\/#primaryimage\"},\"thumbnailUrl\":\"https:\/\/gysfm.com.ar\/inicio\/wp-content\/uploads\/2026\/04\/malba-buenos-aires-stock-2227777.jpg\",\"datePublished\":\"2026-04-27T02:57:23+00:00\",\"breadcrumb\":{\"@id\":\"https:\/\/gysfm.com.ar\/inicio\/malba-to-showcase-150-works-in-25th-anniversary-exhibition-revamp\/#breadcrumb\"},\"inLanguage\":\"es\",\"potentialAction\":[{\"@type\":\"ReadAction\",\"target\":[\"https:\/\/gysfm.com.ar\/inicio\/malba-to-showcase-150-works-in-25th-anniversary-exhibition-revamp\/\"]}]},{\"@type\":\"ImageObject\",\"inLanguage\":\"es\",\"@id\":\"https:\/\/gysfm.com.ar\/inicio\/malba-to-showcase-150-works-in-25th-anniversary-exhibition-revamp\/#primaryimage\",\"url\":\"https:\/\/gysfm.com.ar\/inicio\/wp-content\/uploads\/2026\/04\/malba-buenos-aires-stock-2227777.jpg\",\"contentUrl\":\"https:\/\/gysfm.com.ar\/inicio\/wp-content\/uploads\/2026\/04\/malba-buenos-aires-stock-2227777.jpg\",\"width\":1140,\"height\":641},{\"@type\":\"BreadcrumbList\",\"@id\":\"https:\/\/gysfm.com.ar\/inicio\/malba-to-showcase-150-works-in-25th-anniversary-exhibition-revamp\/#breadcrumb\",\"itemListElement\":[{\"@type\":\"ListItem\",\"position\":1,\"name\":\"Portada\",\"item\":\"https:\/\/gysfm.com.ar\/inicio\/\"},{\"@type\":\"ListItem\",\"position\":2,\"name\":\"MALBA to showcase 150 works in 25th anniversary exhibition revamp\"}]},{\"@type\":\"WebSite\",\"@id\":\"https:\/\/gysfm.com.ar\/inicio\/#website\",\"url\":\"https:\/\/gysfm.com.ar\/inicio\/\",\"name\":\"GYS NOTICIAS |\",\"description\":\"DIARIO - RADIO ONLINE SAN JUAN ARGENTINA\",\"publisher\":{\"@id\":\"https:\/\/gysfm.com.ar\/inicio\/#organization\"},\"potentialAction\":[{\"@type\":\"SearchAction\",\"target\":{\"@type\":\"EntryPoint\",\"urlTemplate\":\"https:\/\/gysfm.com.ar\/inicio\/?s={search_term_string}\"},\"query-input\":{\"@type\":\"PropertyValueSpecification\",\"valueRequired\":true,\"valueName\":\"search_term_string\"}}],\"inLanguage\":\"es\"},{\"@type\":\"Organization\",\"@id\":\"https:\/\/gysfm.com.ar\/inicio\/#organization\",\"name\":\"GYS NOTICIAS |\",\"url\":\"https:\/\/gysfm.com.ar\/inicio\/\",\"logo\":{\"@type\":\"ImageObject\",\"inLanguage\":\"es\",\"@id\":\"https:\/\/gysfm.com.ar\/inicio\/#\/schema\/logo\/image\/\",\"url\":\"https:\/\/gysfm.com.ar\/inicio\/wp-content\/uploads\/2023\/07\/LOGOGYS-OK.png\",\"contentUrl\":\"https:\/\/gysfm.com.ar\/inicio\/wp-content\/uploads\/2023\/07\/LOGOGYS-OK.png\",\"width\":1170,\"height\":872,\"caption\":\"GYS NOTICIAS |\"},\"image\":{\"@id\":\"https:\/\/gysfm.com.ar\/inicio\/#\/schema\/logo\/image\/\"}},{\"@type\":\"Person\",\"@id\":\"https:\/\/gysfm.com.ar\/inicio\/#\/schema\/person\/3abba7593ef2ad19e1be221d54383dc5\",\"name\":\"Prensa G&amp;S FM\",\"image\":{\"@type\":\"ImageObject\",\"inLanguage\":\"es\",\"@id\":\"https:\/\/gysfm.com.ar\/inicio\/#\/schema\/person\/image\/\",\"url\":\"https:\/\/secure.gravatar.com\/avatar\/096ec78df02049ab018702bb4ccedf659377fa92a26540b5247612077a0dbd29?s=96&d=mm&r=g\",\"contentUrl\":\"https:\/\/secure.gravatar.com\/avatar\/096ec78df02049ab018702bb4ccedf659377fa92a26540b5247612077a0dbd29?s=96&d=mm&r=g\",\"caption\":\"Prensa G&amp;S FM\"},\"sameAs\":[\"https:\/\/gysfm.com.ar\/\"],\"url\":\"https:\/\/gysfm.com.ar\/inicio\/author\/lucasm\/\"}]}<\/script>\n<!-- \/ Yoast SEO plugin. -->","yoast_head_json":{"title":"MALBA to showcase 150 works in 25th anniversary exhibition revamp - GYS NOTICIAS |","robots":{"index":"index","follow":"follow","max-snippet":"max-snippet:-1","max-image-preview":"max-image-preview:large","max-video-preview":"max-video-preview:-1"},"canonical":"https:\/\/gysfm.com.ar\/inicio\/malba-to-showcase-150-works-in-25th-anniversary-exhibition-revamp\/","og_locale":"es_ES","og_type":"article","og_title":"MALBA to showcase 150 works in 25th anniversary exhibition revamp - GYS NOTICIAS |","og_description":"The Museum of Latin American Art of Buenos Aires (MALBA) will open a major exhibition on May 1 to mark its 25th anniversary, bringing together around 150 works in a wide-ranging rehang of its core collection. Latinoam\u00e9rica en expansi\u00f3n (\u201cLatin America in Expansion\u201d) draws on both the museum\u2019s institutional holdings and the private collection of [&hellip;]","og_url":"https:\/\/gysfm.com.ar\/inicio\/malba-to-showcase-150-works-in-25th-anniversary-exhibition-revamp\/","og_site_name":"GYS NOTICIAS |","article_published_time":"2026-04-27T02:57:23+00:00","og_image":[{"url":"https:\/\/ads.us.e-planning.net\/eb\/3\/212f2\/articulo\/teads?o=i&amp;rnd=$RANDOM","type":"","width":"","height":""}],"author":"Prensa G&amp;S FM","twitter_card":"summary_large_image","twitter_misc":{"Escrito por":"Prensa G&amp;S FM","Tiempo de lectura":"2 minutos"},"schema":{"@context":"https:\/\/schema.org","@graph":[{"@type":"Article","@id":"https:\/\/gysfm.com.ar\/inicio\/malba-to-showcase-150-works-in-25th-anniversary-exhibition-revamp\/#article","isPartOf":{"@id":"https:\/\/gysfm.com.ar\/inicio\/malba-to-showcase-150-works-in-25th-anniversary-exhibition-revamp\/"},"author":{"name":"Prensa G&amp;S FM","@id":"https:\/\/gysfm.com.ar\/inicio\/#\/schema\/person\/3abba7593ef2ad19e1be221d54383dc5"},"headline":"MALBA to showcase 150 works in 25th anniversary exhibition revamp","datePublished":"2026-04-27T02:57:23+00:00","mainEntityOfPage":{"@id":"https:\/\/gysfm.com.ar\/inicio\/malba-to-showcase-150-works-in-25th-anniversary-exhibition-revamp\/"},"wordCount":348,"publisher":{"@id":"https:\/\/gysfm.com.ar\/inicio\/#organization"},"image":{"@id":"https:\/\/gysfm.com.ar\/inicio\/malba-to-showcase-150-works-in-25th-anniversary-exhibition-revamp\/#primaryimage"},"thumbnailUrl":"https:\/\/gysfm.com.ar\/inicio\/wp-content\/uploads\/2026\/04\/malba-buenos-aires-stock-2227777.jpg","articleSection":["NACIONALES"],"inLanguage":"es"},{"@type":"WebPage","@id":"https:\/\/gysfm.com.ar\/inicio\/malba-to-showcase-150-works-in-25th-anniversary-exhibition-revamp\/","url":"https:\/\/gysfm.com.ar\/inicio\/malba-to-showcase-150-works-in-25th-anniversary-exhibition-revamp\/","name":"MALBA to showcase 150 works in 25th anniversary exhibition revamp - GYS NOTICIAS |","isPartOf":{"@id":"https:\/\/gysfm.com.ar\/inicio\/#website"},"primaryImageOfPage":{"@id":"https:\/\/gysfm.com.ar\/inicio\/malba-to-showcase-150-works-in-25th-anniversary-exhibition-revamp\/#primaryimage"},"image":{"@id":"https:\/\/gysfm.com.ar\/inicio\/malba-to-showcase-150-works-in-25th-anniversary-exhibition-revamp\/#primaryimage"},"thumbnailUrl":"https:\/\/gysfm.com.ar\/inicio\/wp-content\/uploads\/2026\/04\/malba-buenos-aires-stock-2227777.jpg","datePublished":"2026-04-27T02:57:23+00:00","breadcrumb":{"@id":"https:\/\/gysfm.com.ar\/inicio\/malba-to-showcase-150-works-in-25th-anniversary-exhibition-revamp\/#breadcrumb"},"inLanguage":"es","potentialAction":[{"@type":"ReadAction","target":["https:\/\/gysfm.com.ar\/inicio\/malba-to-showcase-150-works-in-25th-anniversary-exhibition-revamp\/"]}]},{"@type":"ImageObject","inLanguage":"es","@id":"https:\/\/gysfm.com.ar\/inicio\/malba-to-showcase-150-works-in-25th-anniversary-exhibition-revamp\/#primaryimage","url":"https:\/\/gysfm.com.ar\/inicio\/wp-content\/uploads\/2026\/04\/malba-buenos-aires-stock-2227777.jpg","contentUrl":"https:\/\/gysfm.com.ar\/inicio\/wp-content\/uploads\/2026\/04\/malba-buenos-aires-stock-2227777.jpg","width":1140,"height":641},{"@type":"BreadcrumbList","@id":"https:\/\/gysfm.com.ar\/inicio\/malba-to-showcase-150-works-in-25th-anniversary-exhibition-revamp\/#breadcrumb","itemListElement":[{"@type":"ListItem","position":1,"name":"Portada","item":"https:\/\/gysfm.com.ar\/inicio\/"},{"@type":"ListItem","position":2,"name":"MALBA to showcase 150 works in 25th anniversary exhibition revamp"}]},{"@type":"WebSite","@id":"https:\/\/gysfm.com.ar\/inicio\/#website","url":"https:\/\/gysfm.com.ar\/inicio\/","name":"GYS NOTICIAS |","description":"DIARIO - RADIO ONLINE SAN JUAN ARGENTINA","publisher":{"@id":"https:\/\/gysfm.com.ar\/inicio\/#organization"},"potentialAction":[{"@type":"SearchAction","target":{"@type":"EntryPoint","urlTemplate":"https:\/\/gysfm.com.ar\/inicio\/?s={search_term_string}"},"query-input":{"@type":"PropertyValueSpecification","valueRequired":true,"valueName":"search_term_string"}}],"inLanguage":"es"},{"@type":"Organization","@id":"https:\/\/gysfm.com.ar\/inicio\/#organization","name":"GYS NOTICIAS |","url":"https:\/\/gysfm.com.ar\/inicio\/","logo":{"@type":"ImageObject","inLanguage":"es","@id":"https:\/\/gysfm.com.ar\/inicio\/#\/schema\/logo\/image\/","url":"https:\/\/gysfm.com.ar\/inicio\/wp-content\/uploads\/2023\/07\/LOGOGYS-OK.png","contentUrl":"https:\/\/gysfm.com.ar\/inicio\/wp-content\/uploads\/2023\/07\/LOGOGYS-OK.png","width":1170,"height":872,"caption":"GYS NOTICIAS |"},"image":{"@id":"https:\/\/gysfm.com.ar\/inicio\/#\/schema\/logo\/image\/"}},{"@type":"Person","@id":"https:\/\/gysfm.com.ar\/inicio\/#\/schema\/person\/3abba7593ef2ad19e1be221d54383dc5","name":"Prensa G&amp;S FM","image":{"@type":"ImageObject","inLanguage":"es","@id":"https:\/\/gysfm.com.ar\/inicio\/#\/schema\/person\/image\/","url":"https:\/\/secure.gravatar.com\/avatar\/096ec78df02049ab018702bb4ccedf659377fa92a26540b5247612077a0dbd29?s=96&d=mm&r=g","contentUrl":"https:\/\/secure.gravatar.com\/avatar\/096ec78df02049ab018702bb4ccedf659377fa92a26540b5247612077a0dbd29?s=96&d=mm&r=g","caption":"Prensa G&amp;S FM"},"sameAs":["https:\/\/gysfm.com.ar\/"],"url":"https:\/\/gysfm.com.ar\/inicio\/author\/lucasm\/"}]}},"_links":{"self":[{"href":"https:\/\/gysfm.com.ar\/inicio\/wp-json\/wp\/v2\/posts\/193195","targetHints":{"allow":["GET"]}}],"collection":[{"href":"https:\/\/gysfm.com.ar\/inicio\/wp-json\/wp\/v2\/posts"}],"about":[{"href":"https:\/\/gysfm.com.ar\/inicio\/wp-json\/wp\/v2\/types\/post"}],"author":[{"embeddable":true,"href":"https:\/\/gysfm.com.ar\/inicio\/wp-json\/wp\/v2\/users\/2"}],"replies":[{"embeddable":true,"href":"https:\/\/gysfm.com.ar\/inicio\/wp-json\/wp\/v2\/comments?post=193195"}],"version-history":[{"count":0,"href":"https:\/\/gysfm.com.ar\/inicio\/wp-json\/wp\/v2\/posts\/193195\/revisions"}],"wp:featuredmedia":[{"embeddable":true,"href":"https:\/\/gysfm.com.ar\/inicio\/wp-json\/wp\/v2\/media\/193196"}],"wp:attachment":[{"href":"https:\/\/gysfm.com.ar\/inicio\/wp-json\/wp\/v2\/media?parent=193195"}],"wp:term":[{"taxonomy":"category","embeddable":true,"href":"https:\/\/gysfm.com.ar\/inicio\/wp-json\/wp\/v2\/categories?post=193195"},{"taxonomy":"post_tag","embeddable":true,"href":"https:\/\/gysfm.com.ar\/inicio\/wp-json\/wp\/v2\/tags?post=193195"}],"curies":[{"name":"wp","href":"https:\/\/api.w.org\/{rel}","templated":true}]}}