{"id":193193,"date":"2026-04-26T23:26:05","date_gmt":"2026-04-27T02:26:05","guid":{"rendered":"https:\/\/gysfm.com.ar\/inicio\/el-sorpresivo-manifiesto-mistico-de-milei\/"},"modified":"2026-04-26T23:26:05","modified_gmt":"2026-04-27T02:26:05","slug":"el-sorpresivo-manifiesto-mistico-de-milei","status":"publish","type":"post","link":"https:\/\/gysfm.com.ar\/inicio\/el-sorpresivo-manifiesto-mistico-de-milei\/","title":{"rendered":"El sorpresivo Manifiesto m\u00edstico de Milei"},"content":{"rendered":"<p><\/p>\n<div id=\"article-content\">\n<p>Pas\u00f3 casi desapercibido. Quiz\u00e1 porque las continuas excentricidades de este gobierno ya generaron cierta inmunidad colectiva. <\/p>\n<p>Pero el Manifiesto m\u00edstico que Javier Milei expuso en la Universidad Bar-Ilan de Israel representa una sorpresiva radicalizaci\u00f3n de sus teor\u00edas mesi\u00e1nicas. Ya no solo es el primer presidente anarcocapitalista de la historia, sino el primer mandatario que oficialmente sustenta esa ideolog\u00eda en preceptos b\u00edblicos y designios divinos. <\/p>\n<p>Milei titul\u00f3 su charla \u201cCapitalismo: la divina maquinaria del Para\u00edso\u201d. Mencion\u00f3 40 veces a Dios, 31 al Para\u00edso, 9 a la Ca\u00edda (como sin\u00f3nimo del \u201cpecado original\u201d), 5 veces los Diez Mandamientos y 4 veces la Tierra Prometida. M\u00e1s otras 30 referencias b\u00edblicas.<\/p>\n<div class=\"subscription\">\n<p>\n        Esto no les gusta a los autoritarios\n    <\/p>\n<div class=\"subscription__container\">\n<div class=\"subscription__text-wrapper\">\n<p>\n                El ejercicio del periodismo profesional y cr\u00edtico es un pilar fundamental de la democracia. Por eso molesta a quienes creen ser los due\u00f1os de la verdad.\n            <\/p>\n<\/p><\/div><\/div>\n<\/div>\n<p>El sistema. Estas fueron algunas de sus definiciones:<\/p>\n<p>\u2022 \u201cEl capitalismo es el sistema que Dios prepar\u00f3 a trav\u00e9s de su ley para que despu\u00e9s de la Ca\u00edda el trabajo continuara. No lo invent\u00f3 el hombre. El hombre lo descubri\u00f3 al obedecer. Est\u00e1 inscripto en los Diez Mandamientos. Esto no es una met\u00e1fora\u201d.<\/p>\n<p>\u2022 \u201cEl capitalismo es una m\u00e1quina divina para generar prosperidad y estar m\u00e1s cerca del Para\u00edso\u201d.<\/p>\n<p class=\"destacadoNota\">El texto profundiza su mesianismo. Dice que Dios invent\u00f3 el capitalismo y que los Diez Mandamientos&#8230;<\/p>\n<p>\u2022 \u201cSi uno cumple la ley de Dios habr\u00e1 prosperidad. Habr\u00e1 un sistema econ\u00f3mico que es justo, eficiente, maximiza el crecimiento y deriva abundancia\u201d.<\/p>\n<p>\u2022 \u201cEl mundo que Dios dise\u00f1\u00f3 no era un mundo de escasez, era de abundancia. Eso es el Para\u00edso\u201d.<\/p>\n<p>\u2022 \u201cEl Infierno es la miseria radicalizada, extrema. No solo la ausencia de bienes, sino la presencia del tiempo como tormento\u201d.<\/p>\n<p>\u2022 \u201cEl almacenamiento,  procesamiento y comprensi\u00f3n en Ad\u00e1n era incomparablemente superior a cualquier inteligencia artificial actual y a todas juntas\u201d.<\/p>\n<p>\u2022 \u201cCon la Ca\u00edda vino la p\u00e9rdida. Se perdi\u00f3 la dotaci\u00f3n divina con la que el hombre trabajaba. Las dotaciones pasaron a ser finitas, la capacidad cerebral se redujo a una fracci\u00f3n de lo que era. Antes de la Ca\u00edda, el hombre ten\u00eda acceso a la provisi\u00f3n del Creador. Dotaciones infinitas, capacidad cognitiva sin l\u00edmite, conocimiento sin esfuerzos\u201d.<\/p>\n<p>\u2022 \u201cCuando uno rechaza la ley de Dios, adscribe al marxismo. El marxismo se autodeclara como una teor\u00eda sat\u00e1nica. Marx era satanista\u201d.<\/p>\n<p>\u2022 \u201cLo que el marxismo hace es ocupar el lugar de Creador. Es el Estado como Dios sustituto. Es el intento m\u00e1s ambicioso y devastador de reemplazar el orden divino por el orden humano\u201d.<\/p>\n<p>\u2022 \u201cHay que dejar de lado el relativismo moral. Hay cosas que est\u00e1n bien y hay cosas que est\u00e1n mal. Es decir, con determinadas culturas no vamos a poder convivir\u201d.<\/p>\n<p>Dudas sist\u00e9micas. El pensamiento mesi\u00e1nico est\u00e1 hecho a prueba de cualquier refutaci\u00f3n cient\u00edfica. Por eso, nada de lo que aqu\u00ed se diga har\u00e1 mella en las teor\u00edas m\u00edsticas de Milei y de quienes las compartan. <\/p>\n<p>Pero al menos se podr\u00edan mencionar ciertas dudas. <\/p>\n<p>Si Dios invent\u00f3 al capitalismo, por qu\u00e9 demor\u00f3 300 mil a\u00f1os para que los humanos lo aplicaran y en el medio existieron otros sistemas que, seg\u00fan Milei, Dios no hab\u00eda inventado. <\/p>\n<p>Los esfuerzos del Presidente por apoyar sus teor\u00edas en el Antiguo y el Nuevo Testamento chocan con el insalvable problema de que los textos sagrados no hacen referencia al capitalismo ni a nada remotamente parecido. En principio, porque los m\u00e1s antiguos fueron escritos unos 2.500 a\u00f1os antes de ese sistema y los del Nuevo Testamento, hasta unos diecis\u00e9is siglos antes.<\/p>\n<p>Tambi\u00e9n es extra\u00f1a su afirmaci\u00f3n de que los Diez Mandamientos son el sustento que Dios defini\u00f3 para el capitalismo. <\/p>\n<p>\u00bfEn qu\u00e9 pasajes de esos mandamientos se habr\u00e1 basado Milei? \u00bfEn \u201cAmar\u00e1s a Dios por sobre todas las cosas\u201d? \u00bfEn \u201cSantificar\u00e1s las fiestas\u201d? \u00bfEn \u201cHonrar\u00e1s a tu padre y a tu madre\u201d? \u00bfO en \u201cNo desear\u00e1s la mujer del pr\u00f3jimo\u201d?<\/p>\n<p>Milei s\u00ed cree encontrar un parang\u00f3n en el s\u00e9ptimo mandamiento, \u201cNo robar\u00e1s\u201d. Lo refiere para justificar los monopolios y rechazar cualquier regulaci\u00f3n sobre ellos: \u201cSi yo regulo, estoy violentando los derechos de propiedad. \u00bfC\u00f3mo voy a justificar que, en aras de la eficiencia, voy a estar robando? Robar est\u00e1 mal\u201d.<\/p>\n<p>De la mano del \u201cNo robar\u00e1s\u201d tambi\u00e9n repite su riesgosa idea de que la democracia es una dictadura de las mayor\u00edas. Lo ejemplifica as\u00ed: \u201cHay cinco personas, una tiene 500 d\u00f3lares y las otras cuatro, cero. Entonces, a un pol\u00edtico se le ocurre una idea brillante llamada \u2018justicia social\u2019 y le quita 400 al que tiene 500, y le da 100 a cada uno de los cuatro restantes. Ahora todos tienen 100 d\u00f3lares. Si van a una elecci\u00f3n, va a ganar (el pol\u00edtico) con el 80% de los votos\u201d. <\/p>\n<p class=\"destacadoNota\">&#8230; son su sustento. Los usa para avalar los monopolios y criticar la justicia social<\/p>\n<p>Su tesis: la justicia social es un \u201crobo\u201d por el cual se le quita dinero a una persona para d\u00e1rselo a otras. Y la \u201cdictadura de las mayor\u00edas\u201d es ese sistema que les permite votar a los que usufruct\u00faan de ese \u201crobo\u201d y que elegir\u00e1n al ladr\u00f3n que los benefici\u00f3.<\/p>\n<p>Justo despu\u00e9s de regresar al pa\u00eds, Milei recibi\u00f3 a Peter Thiel, el tecnoempresario que dice que \u201cla democracia es incompatible con la libertad\u201d y que \u201cfrena el desarrollo tecnol\u00f3gico\u201d (tambi\u00e9n afirma que los hippies y los ecologistas son el \u201canticristo\u201d).<\/p>\n<p>Por su lado, el pasaje del discurso en el que asocia a Marx con el rey de las tinieblas resulta toda una novedad: entre los cientos de cr\u00edticas que le lleva dedicadas al autor de El capital, nunca hab\u00eda mencionado el tema. <\/p>\n<p>Pero en Israel record\u00f3 un texto de ficci\u00f3n de Marx, cuando ten\u00eda 18 a\u00f1os, en el que dice: \u201cPronto abrazar\u00e9 la eternidad y lanzar\u00e9 gigantescas maldiciones a la humanidad\u201d. <\/p>\n<p>Si busca, encontrar\u00eda en \u00e9l otras menciones al demonio de la misma \u00e9poca, de seguro inspiradas en Goethe, el c\u00e9lebre autor de Fausto, a quien Marx tanto admiraba. Hasta ahora nadie denunci\u00f3 a Goethe de haber hecho un pacto con el diablo, pese a que en ese libro su protagonista s\u00ed lo hac\u00eda.<\/p>\n<p>Malignos. Es posible que la idea de Milei de vincular a Dios con el capitalismo est\u00e9 inspirada en las teor\u00edas de su amigo Jes\u00fas Huerta de Soto, el economista espa\u00f1ol que escribi\u00f3 que Dios es anarcocapitalista. El texto de De Soto es de 2018 y lo presenta como una respuesta a las cr\u00edticas del papa Francisco a los libertarios y al individualismo extremo (antes de que Milei fuera Milei). <\/p>\n<p>De la misma inspiraci\u00f3n habr\u00e1 surgido probablemente la afirmaci\u00f3n presidencial posterior de que Francisco era \u201cel enviado del Maligno en la Tierra\u201d. <\/p>\n<p>Hoy, el Manifiesto ayuda a entender mejor la l\u00f3gica de tal delirio m\u00edstico: si la justicia social y el Estado son entidades demon\u00edacas para enfrentar el plan de Dios, quienes las defienda son envidados de Satan\u00e1s. Aunque se trate de un papa cocmo Bergoglio, a quien Milei tambi\u00e9n llam\u00f3 \u201ccomunista\u201d.<\/p>\n<p>De nuestro presidente ya sab\u00edamos que cree que el Uno le dio la misi\u00f3n de gobernar el pa\u00eds tras anticiparle que ganar\u00eda en 2023. De la misma forma que dice que su hermana es la reencarnaci\u00f3n de Mois\u00e9s y quien la conecta con Dios a trav\u00e9s de su perro muerto.<\/p>\n<p>Y este verano, en el \u00faltimo foro de Davos, ya hab\u00eda explicado que el derecho natural surgido de Dios deb\u00eda estar por encima de las leyes humanas. Esta semana agreg\u00f3: \u201cAlgo por ser legal no necesariamente es leg\u00edtimo, lo que hay que buscar es que el derecho natural y el derecho positivo est\u00e9n en consonancia. Cuando no hay consonancia, por m\u00e1s legal que sea, no lo hace leg\u00edtimo\u201d.<\/p>\n<p>Ahora, el Manifiesto de Israel profundiza sus derivas mesi\u00e1nicas al plantear un sustento teol\u00f3gico totalizador detr\u00e1s de sus concepciones ideol\u00f3gicas.<\/p>\n<p>Es un enigma qu\u00e9 otra sorpresa nos deparar\u00e1 la mente de este hombre cat\u00f3lico que reza con los evangelistas y se autopercibe jud\u00edo.<\/p>\n<p>\u00bfSer\u00e1 una teocracia? Esa forma de gobierno donde el poder pol\u00edtico es ejercido por l\u00edderes que gobiernan en nombre de Dios.<\/p>\n<\/p><\/div>\n<p><script>\n                !function(f,b,e,v,n,t,s)\n                {if(f.fbq)return;n=f.fbq=function(){n.callMethod?\n                    n.callMethod.apply(n,arguments):n.queue.push(arguments)};\n                    if(!f._fbq)f._fbq=n;n.push=n;n.loaded=!0;n.version='2.0';\n                    n.queue=[];t=b.createElement(e);t.async=!0;\n                    t.src=v;s=b.getElementsByTagName(e)[0];\n                    s.parentNode.insertBefore(t,s)}(window, document,'script',\n                    'https:\/\/connect.facebook.net\/en_US\/fbevents.js');\n                window.paywallConfig.facebook_pixel=\"1000228364089342\"\n            <\/script><\/p>\n","protected":false},"excerpt":{"rendered":"<p>Pas\u00f3 casi desapercibido. Quiz\u00e1 porque las continuas excentricidades de este gobierno ya generaron cierta inmunidad colectiva. Pero el Manifiesto m\u00edstico que Javier Milei expuso en la Universidad Bar-Ilan de Israel representa una sorpresiva radicalizaci\u00f3n de sus teor\u00edas mesi\u00e1nicas. Ya no solo es el primer presidente anarcocapitalista de la historia, sino el primer mandatario que oficialmente [&hellip;]<\/p>\n","protected":false},"author":2,"featured_media":193194,"comment_status":"closed","ping_status":"closed","sticky":false,"template":"","format":"standard","meta":{"footnotes":""},"categories":[25],"tags":[],"class_list":["post-193193","post","type-post","status-publish","format-standard","has-post-thumbnail","hentry","category-nacionales"],"yoast_head":"<!-- This site is optimized with the Yoast SEO plugin v24.4 - https:\/\/yoast.com\/wordpress\/plugins\/seo\/ -->\n<title>El sorpresivo Manifiesto m\u00edstico de Milei - GYS NOTICIAS |<\/title>\n<meta name=\"robots\" content=\"index, follow, max-snippet:-1, max-image-preview:large, max-video-preview:-1\" \/>\n<link rel=\"canonical\" href=\"https:\/\/gysfm.com.ar\/inicio\/el-sorpresivo-manifiesto-mistico-de-milei\/\" \/>\n<meta property=\"og:locale\" content=\"es_ES\" \/>\n<meta property=\"og:type\" content=\"article\" \/>\n<meta property=\"og:title\" content=\"El sorpresivo Manifiesto m\u00edstico de Milei - GYS NOTICIAS |\" \/>\n<meta property=\"og:description\" content=\"Pas\u00f3 casi desapercibido. Quiz\u00e1 porque las continuas excentricidades de este gobierno ya generaron cierta inmunidad colectiva. Pero el Manifiesto m\u00edstico que Javier Milei expuso en la Universidad Bar-Ilan de Israel representa una sorpresiva radicalizaci\u00f3n de sus teor\u00edas mesi\u00e1nicas. Ya no solo es el primer presidente anarcocapitalista de la historia, sino el primer mandatario que oficialmente [&hellip;]\" \/>\n<meta property=\"og:url\" content=\"https:\/\/gysfm.com.ar\/inicio\/el-sorpresivo-manifiesto-mistico-de-milei\/\" \/>\n<meta property=\"og:site_name\" content=\"GYS NOTICIAS |\" \/>\n<meta property=\"article:published_time\" content=\"2026-04-27T02:26:05+00:00\" \/>\n<meta name=\"author\" content=\"Prensa G&amp;S FM\" \/>\n<meta name=\"twitter:card\" content=\"summary_large_image\" \/>\n<meta name=\"twitter:label1\" content=\"Escrito por\" \/>\n\t<meta name=\"twitter:data1\" content=\"Prensa G&amp;S FM\" \/>\n\t<meta name=\"twitter:label2\" content=\"Tiempo de lectura\" \/>\n\t<meta name=\"twitter:data2\" content=\"7 minutos\" \/>\n<script type=\"application\/ld+json\" class=\"yoast-schema-graph\">{\"@context\":\"https:\/\/schema.org\",\"@graph\":[{\"@type\":\"Article\",\"@id\":\"https:\/\/gysfm.com.ar\/inicio\/el-sorpresivo-manifiesto-mistico-de-milei\/#article\",\"isPartOf\":{\"@id\":\"https:\/\/gysfm.com.ar\/inicio\/el-sorpresivo-manifiesto-mistico-de-milei\/\"},\"author\":{\"name\":\"Prensa G&amp;S FM\",\"@id\":\"https:\/\/gysfm.com.ar\/inicio\/#\/schema\/person\/3abba7593ef2ad19e1be221d54383dc5\"},\"headline\":\"El sorpresivo Manifiesto m\u00edstico de Milei\",\"datePublished\":\"2026-04-27T02:26:05+00:00\",\"mainEntityOfPage\":{\"@id\":\"https:\/\/gysfm.com.ar\/inicio\/el-sorpresivo-manifiesto-mistico-de-milei\/\"},\"wordCount\":1438,\"publisher\":{\"@id\":\"https:\/\/gysfm.com.ar\/inicio\/#organization\"},\"image\":{\"@id\":\"https:\/\/gysfm.com.ar\/inicio\/el-sorpresivo-manifiesto-mistico-de-milei\/#primaryimage\"},\"thumbnailUrl\":\"https:\/\/gysfm.com.ar\/inicio\/wp-content\/uploads\/2026\/04\/260426mileimurolamentospresidenciag-2227678.jpg\",\"articleSection\":[\"NACIONALES\"],\"inLanguage\":\"es\"},{\"@type\":\"WebPage\",\"@id\":\"https:\/\/gysfm.com.ar\/inicio\/el-sorpresivo-manifiesto-mistico-de-milei\/\",\"url\":\"https:\/\/gysfm.com.ar\/inicio\/el-sorpresivo-manifiesto-mistico-de-milei\/\",\"name\":\"El sorpresivo Manifiesto m\u00edstico de Milei - GYS NOTICIAS |\",\"isPartOf\":{\"@id\":\"https:\/\/gysfm.com.ar\/inicio\/#website\"},\"primaryImageOfPage\":{\"@id\":\"https:\/\/gysfm.com.ar\/inicio\/el-sorpresivo-manifiesto-mistico-de-milei\/#primaryimage\"},\"image\":{\"@id\":\"https:\/\/gysfm.com.ar\/inicio\/el-sorpresivo-manifiesto-mistico-de-milei\/#primaryimage\"},\"thumbnailUrl\":\"https:\/\/gysfm.com.ar\/inicio\/wp-content\/uploads\/2026\/04\/260426mileimurolamentospresidenciag-2227678.jpg\",\"datePublished\":\"2026-04-27T02:26:05+00:00\",\"breadcrumb\":{\"@id\":\"https:\/\/gysfm.com.ar\/inicio\/el-sorpresivo-manifiesto-mistico-de-milei\/#breadcrumb\"},\"inLanguage\":\"es\",\"potentialAction\":[{\"@type\":\"ReadAction\",\"target\":[\"https:\/\/gysfm.com.ar\/inicio\/el-sorpresivo-manifiesto-mistico-de-milei\/\"]}]},{\"@type\":\"ImageObject\",\"inLanguage\":\"es\",\"@id\":\"https:\/\/gysfm.com.ar\/inicio\/el-sorpresivo-manifiesto-mistico-de-milei\/#primaryimage\",\"url\":\"https:\/\/gysfm.com.ar\/inicio\/wp-content\/uploads\/2026\/04\/260426mileimurolamentospresidenciag-2227678.jpg\",\"contentUrl\":\"https:\/\/gysfm.com.ar\/inicio\/wp-content\/uploads\/2026\/04\/260426mileimurolamentospresidenciag-2227678.jpg\",\"width\":1140,\"height\":641},{\"@type\":\"BreadcrumbList\",\"@id\":\"https:\/\/gysfm.com.ar\/inicio\/el-sorpresivo-manifiesto-mistico-de-milei\/#breadcrumb\",\"itemListElement\":[{\"@type\":\"ListItem\",\"position\":1,\"name\":\"Portada\",\"item\":\"https:\/\/gysfm.com.ar\/inicio\/\"},{\"@type\":\"ListItem\",\"position\":2,\"name\":\"El sorpresivo Manifiesto m\u00edstico de Milei\"}]},{\"@type\":\"WebSite\",\"@id\":\"https:\/\/gysfm.com.ar\/inicio\/#website\",\"url\":\"https:\/\/gysfm.com.ar\/inicio\/\",\"name\":\"GYS NOTICIAS |\",\"description\":\"DIARIO - RADIO ONLINE SAN JUAN ARGENTINA\",\"publisher\":{\"@id\":\"https:\/\/gysfm.com.ar\/inicio\/#organization\"},\"potentialAction\":[{\"@type\":\"SearchAction\",\"target\":{\"@type\":\"EntryPoint\",\"urlTemplate\":\"https:\/\/gysfm.com.ar\/inicio\/?s={search_term_string}\"},\"query-input\":{\"@type\":\"PropertyValueSpecification\",\"valueRequired\":true,\"valueName\":\"search_term_string\"}}],\"inLanguage\":\"es\"},{\"@type\":\"Organization\",\"@id\":\"https:\/\/gysfm.com.ar\/inicio\/#organization\",\"name\":\"GYS NOTICIAS |\",\"url\":\"https:\/\/gysfm.com.ar\/inicio\/\",\"logo\":{\"@type\":\"ImageObject\",\"inLanguage\":\"es\",\"@id\":\"https:\/\/gysfm.com.ar\/inicio\/#\/schema\/logo\/image\/\",\"url\":\"https:\/\/gysfm.com.ar\/inicio\/wp-content\/uploads\/2023\/07\/LOGOGYS-OK.png\",\"contentUrl\":\"https:\/\/gysfm.com.ar\/inicio\/wp-content\/uploads\/2023\/07\/LOGOGYS-OK.png\",\"width\":1170,\"height\":872,\"caption\":\"GYS NOTICIAS |\"},\"image\":{\"@id\":\"https:\/\/gysfm.com.ar\/inicio\/#\/schema\/logo\/image\/\"}},{\"@type\":\"Person\",\"@id\":\"https:\/\/gysfm.com.ar\/inicio\/#\/schema\/person\/3abba7593ef2ad19e1be221d54383dc5\",\"name\":\"Prensa G&amp;S FM\",\"image\":{\"@type\":\"ImageObject\",\"inLanguage\":\"es\",\"@id\":\"https:\/\/gysfm.com.ar\/inicio\/#\/schema\/person\/image\/\",\"url\":\"https:\/\/secure.gravatar.com\/avatar\/096ec78df02049ab018702bb4ccedf659377fa92a26540b5247612077a0dbd29?s=96&d=mm&r=g\",\"contentUrl\":\"https:\/\/secure.gravatar.com\/avatar\/096ec78df02049ab018702bb4ccedf659377fa92a26540b5247612077a0dbd29?s=96&d=mm&r=g\",\"caption\":\"Prensa G&amp;S FM\"},\"sameAs\":[\"https:\/\/gysfm.com.ar\/\"],\"url\":\"https:\/\/gysfm.com.ar\/inicio\/author\/lucasm\/\"}]}<\/script>\n<!-- \/ Yoast SEO plugin. -->","yoast_head_json":{"title":"El sorpresivo Manifiesto m\u00edstico de Milei - GYS NOTICIAS |","robots":{"index":"index","follow":"follow","max-snippet":"max-snippet:-1","max-image-preview":"max-image-preview:large","max-video-preview":"max-video-preview:-1"},"canonical":"https:\/\/gysfm.com.ar\/inicio\/el-sorpresivo-manifiesto-mistico-de-milei\/","og_locale":"es_ES","og_type":"article","og_title":"El sorpresivo Manifiesto m\u00edstico de Milei - GYS NOTICIAS |","og_description":"Pas\u00f3 casi desapercibido. Quiz\u00e1 porque las continuas excentricidades de este gobierno ya generaron cierta inmunidad colectiva. Pero el Manifiesto m\u00edstico que Javier Milei expuso en la Universidad Bar-Ilan de Israel representa una sorpresiva radicalizaci\u00f3n de sus teor\u00edas mesi\u00e1nicas. Ya no solo es el primer presidente anarcocapitalista de la historia, sino el primer mandatario que oficialmente [&hellip;]","og_url":"https:\/\/gysfm.com.ar\/inicio\/el-sorpresivo-manifiesto-mistico-de-milei\/","og_site_name":"GYS NOTICIAS |","article_published_time":"2026-04-27T02:26:05+00:00","author":"Prensa G&amp;S FM","twitter_card":"summary_large_image","twitter_misc":{"Escrito por":"Prensa G&amp;S FM","Tiempo de lectura":"7 minutos"},"schema":{"@context":"https:\/\/schema.org","@graph":[{"@type":"Article","@id":"https:\/\/gysfm.com.ar\/inicio\/el-sorpresivo-manifiesto-mistico-de-milei\/#article","isPartOf":{"@id":"https:\/\/gysfm.com.ar\/inicio\/el-sorpresivo-manifiesto-mistico-de-milei\/"},"author":{"name":"Prensa G&amp;S FM","@id":"https:\/\/gysfm.com.ar\/inicio\/#\/schema\/person\/3abba7593ef2ad19e1be221d54383dc5"},"headline":"El sorpresivo Manifiesto m\u00edstico de Milei","datePublished":"2026-04-27T02:26:05+00:00","mainEntityOfPage":{"@id":"https:\/\/gysfm.com.ar\/inicio\/el-sorpresivo-manifiesto-mistico-de-milei\/"},"wordCount":1438,"publisher":{"@id":"https:\/\/gysfm.com.ar\/inicio\/#organization"},"image":{"@id":"https:\/\/gysfm.com.ar\/inicio\/el-sorpresivo-manifiesto-mistico-de-milei\/#primaryimage"},"thumbnailUrl":"https:\/\/gysfm.com.ar\/inicio\/wp-content\/uploads\/2026\/04\/260426mileimurolamentospresidenciag-2227678.jpg","articleSection":["NACIONALES"],"inLanguage":"es"},{"@type":"WebPage","@id":"https:\/\/gysfm.com.ar\/inicio\/el-sorpresivo-manifiesto-mistico-de-milei\/","url":"https:\/\/gysfm.com.ar\/inicio\/el-sorpresivo-manifiesto-mistico-de-milei\/","name":"El sorpresivo Manifiesto m\u00edstico de Milei - GYS NOTICIAS |","isPartOf":{"@id":"https:\/\/gysfm.com.ar\/inicio\/#website"},"primaryImageOfPage":{"@id":"https:\/\/gysfm.com.ar\/inicio\/el-sorpresivo-manifiesto-mistico-de-milei\/#primaryimage"},"image":{"@id":"https:\/\/gysfm.com.ar\/inicio\/el-sorpresivo-manifiesto-mistico-de-milei\/#primaryimage"},"thumbnailUrl":"https:\/\/gysfm.com.ar\/inicio\/wp-content\/uploads\/2026\/04\/260426mileimurolamentospresidenciag-2227678.jpg","datePublished":"2026-04-27T02:26:05+00:00","breadcrumb":{"@id":"https:\/\/gysfm.com.ar\/inicio\/el-sorpresivo-manifiesto-mistico-de-milei\/#breadcrumb"},"inLanguage":"es","potentialAction":[{"@type":"ReadAction","target":["https:\/\/gysfm.com.ar\/inicio\/el-sorpresivo-manifiesto-mistico-de-milei\/"]}]},{"@type":"ImageObject","inLanguage":"es","@id":"https:\/\/gysfm.com.ar\/inicio\/el-sorpresivo-manifiesto-mistico-de-milei\/#primaryimage","url":"https:\/\/gysfm.com.ar\/inicio\/wp-content\/uploads\/2026\/04\/260426mileimurolamentospresidenciag-2227678.jpg","contentUrl":"https:\/\/gysfm.com.ar\/inicio\/wp-content\/uploads\/2026\/04\/260426mileimurolamentospresidenciag-2227678.jpg","width":1140,"height":641},{"@type":"BreadcrumbList","@id":"https:\/\/gysfm.com.ar\/inicio\/el-sorpresivo-manifiesto-mistico-de-milei\/#breadcrumb","itemListElement":[{"@type":"ListItem","position":1,"name":"Portada","item":"https:\/\/gysfm.com.ar\/inicio\/"},{"@type":"ListItem","position":2,"name":"El sorpresivo Manifiesto m\u00edstico de Milei"}]},{"@type":"WebSite","@id":"https:\/\/gysfm.com.ar\/inicio\/#website","url":"https:\/\/gysfm.com.ar\/inicio\/","name":"GYS NOTICIAS |","description":"DIARIO - RADIO ONLINE SAN JUAN ARGENTINA","publisher":{"@id":"https:\/\/gysfm.com.ar\/inicio\/#organization"},"potentialAction":[{"@type":"SearchAction","target":{"@type":"EntryPoint","urlTemplate":"https:\/\/gysfm.com.ar\/inicio\/?s={search_term_string}"},"query-input":{"@type":"PropertyValueSpecification","valueRequired":true,"valueName":"search_term_string"}}],"inLanguage":"es"},{"@type":"Organization","@id":"https:\/\/gysfm.com.ar\/inicio\/#organization","name":"GYS NOTICIAS |","url":"https:\/\/gysfm.com.ar\/inicio\/","logo":{"@type":"ImageObject","inLanguage":"es","@id":"https:\/\/gysfm.com.ar\/inicio\/#\/schema\/logo\/image\/","url":"https:\/\/gysfm.com.ar\/inicio\/wp-content\/uploads\/2023\/07\/LOGOGYS-OK.png","contentUrl":"https:\/\/gysfm.com.ar\/inicio\/wp-content\/uploads\/2023\/07\/LOGOGYS-OK.png","width":1170,"height":872,"caption":"GYS NOTICIAS |"},"image":{"@id":"https:\/\/gysfm.com.ar\/inicio\/#\/schema\/logo\/image\/"}},{"@type":"Person","@id":"https:\/\/gysfm.com.ar\/inicio\/#\/schema\/person\/3abba7593ef2ad19e1be221d54383dc5","name":"Prensa G&amp;S FM","image":{"@type":"ImageObject","inLanguage":"es","@id":"https:\/\/gysfm.com.ar\/inicio\/#\/schema\/person\/image\/","url":"https:\/\/secure.gravatar.com\/avatar\/096ec78df02049ab018702bb4ccedf659377fa92a26540b5247612077a0dbd29?s=96&d=mm&r=g","contentUrl":"https:\/\/secure.gravatar.com\/avatar\/096ec78df02049ab018702bb4ccedf659377fa92a26540b5247612077a0dbd29?s=96&d=mm&r=g","caption":"Prensa G&amp;S FM"},"sameAs":["https:\/\/gysfm.com.ar\/"],"url":"https:\/\/gysfm.com.ar\/inicio\/author\/lucasm\/"}]}},"_links":{"self":[{"href":"https:\/\/gysfm.com.ar\/inicio\/wp-json\/wp\/v2\/posts\/193193","targetHints":{"allow":["GET"]}}],"collection":[{"href":"https:\/\/gysfm.com.ar\/inicio\/wp-json\/wp\/v2\/posts"}],"about":[{"href":"https:\/\/gysfm.com.ar\/inicio\/wp-json\/wp\/v2\/types\/post"}],"author":[{"embeddable":true,"href":"https:\/\/gysfm.com.ar\/inicio\/wp-json\/wp\/v2\/users\/2"}],"replies":[{"embeddable":true,"href":"https:\/\/gysfm.com.ar\/inicio\/wp-json\/wp\/v2\/comments?post=193193"}],"version-history":[{"count":0,"href":"https:\/\/gysfm.com.ar\/inicio\/wp-json\/wp\/v2\/posts\/193193\/revisions"}],"wp:featuredmedia":[{"embeddable":true,"href":"https:\/\/gysfm.com.ar\/inicio\/wp-json\/wp\/v2\/media\/193194"}],"wp:attachment":[{"href":"https:\/\/gysfm.com.ar\/inicio\/wp-json\/wp\/v2\/media?parent=193193"}],"wp:term":[{"taxonomy":"category","embeddable":true,"href":"https:\/\/gysfm.com.ar\/inicio\/wp-json\/wp\/v2\/categories?post=193193"},{"taxonomy":"post_tag","embeddable":true,"href":"https:\/\/gysfm.com.ar\/inicio\/wp-json\/wp\/v2\/tags?post=193193"}],"curies":[{"name":"wp","href":"https:\/\/api.w.org\/{rel}","templated":true}]}}