{"id":193190,"date":"2026-04-26T23:13:16","date_gmt":"2026-04-27T02:13:16","guid":{"rendered":"https:\/\/gysfm.com.ar\/inicio\/ningun-odio-politico-tiene-cabida-en-nuestras-democracias-las-condena-de-los-lideres-al-ataque-fallido-a-trump\/"},"modified":"2026-04-26T23:13:17","modified_gmt":"2026-04-27T02:13:17","slug":"ningun-odio-politico-tiene-cabida-en-nuestras-democracias-las-condena-de-los-lideres-al-ataque-fallido-a-trump","status":"publish","type":"post","link":"https:\/\/gysfm.com.ar\/inicio\/ningun-odio-politico-tiene-cabida-en-nuestras-democracias-las-condena-de-los-lideres-al-ataque-fallido-a-trump\/","title":{"rendered":"\u201cNing\u00fan odio pol\u00edtico tiene cabida en nuestras democracias\u201d: las condena de los l\u00edderes al ataque fallido a Trump"},"content":{"rendered":"<p> <br \/>\n<\/p>\n<div>\n<p class=\"com-paragraph  --capital --s\">WASHINGTON.\u2013 La noche de gala en<a href=\"https:\/\/www.lanacion.com.ar\/el-mundo\/que-se-sabe-del-hombre-detenido-por-abrir-fuego-en-la-cena-encabezada-por-donald-trump-nid26042026\/\" target=\"_self\" title=\"https:\/\/www.lanacion.com.ar\/el-mundo\/que-se-sabe-del-hombre-detenido-por-abrir-fuego-en-la-cena-encabezada-por-donald-trump-nid26042026\/\" class=\"com-link break-word\" data-mrf-recirculation=\"n_link_parrafo\"> Washington,<\/a> que deb\u00eda celebrar el v\u00ednculo entre el poder y la prensa, termin\u00f3 en un escenario de <strong>p\u00e1nico y caos<\/strong>. El intento de asesinato contra el presidente Donald <a href=\"https:\/\/www.lanacion.com.ar\/estados-unidos\/evacuaron-a-trump-de-la-casa-blanca-por-una-amenaza-durante-una-cena-con-periodistas-nid25042026\/\" target=\"_self\" title=\"https:\/\/www.lanacion.com.ar\/estados-unidos\/evacuaron-a-trump-de-la-casa-blanca-por-una-amenaza-durante-una-cena-con-periodistas-nid25042026\/\" class=\"com-link break-word\" data-mrf-recirculation=\"n_link_parrafo\">Trump <\/a>durante la cena de la <strong>Asociaci\u00f3n de Corresponsales<\/strong> dej\u00f3 un saldo de un agente herido y una comunidad internacional en estado de alerta m\u00e1xima. <\/p>\n<div class=\"content-media\">\n<section role=\"button\" class=\"mod-media   \">\n<figure role=\"button\" tabindex=\"0\" class=\"mod-figure \"><figcaption class=\"mod-figcaption\"><span class=\"com-text --caption --twoxs\">Trump comparti\u00f3 esta foto que aparentemente muestra al sospechoso sin camisa en el suelo del hotel Washington Hilton.<\/span><\/figcaption><\/figure>\n<\/section>\n<\/div>\n<p class=\"com-paragraph   --s\">Los cables diplom\u00e1ticos y las redes sociales registraron mensajes que exigen el fin de la <strong>intolerancia pol\u00edtica<\/strong> en el siglo XXI.<\/p>\n<p class=\"com-paragraph   --s\">La primera ministra <strong>Giorgia Meloni<\/strong> envi\u00f3 su solidaridad y analiz\u00f3 el impacto del ataque en las democracias. \u201cDeseo expresar mi plena solidaridad y sincera condena al presidente Trump, a la primera dama Melania, al vicepresidente Vance y a todos los presentes por lo ocurrido anoche en la cena de corresponsales de la Casa Blanca. Ning\u00fan <strong>odio pol\u00edtico<\/strong> tiene cabida en nuestras democracias\u00bb, redact\u00f3 Meloni. <\/p>\n<p class=\"com-paragraph   --s\">Su mensaje incluy\u00f3 una advertencia sobre el futuro: \u201cNo permitiremos que el fanatismo envenene los espacios de debate y de informaci\u00f3n libres. La defensa de la civilizaci\u00f3n del debate debe seguir siendo la barrera infranqueable contra cualquier deriva intolerante, protegiendo los valores que sustentan nuestras naciones\u201d.<\/p>\n<div class=\"content-media\">\n<section role=\"button\" class=\"mod-media   \">\n<figure role=\"button\" tabindex=\"0\" class=\"mod-figure \"><figcaption class=\"mod-figcaption\"><span class=\"com-text --caption --twoxs\">El presidente de Estados Unidos, Donald Trump, y la primera dama, Melania Trump, fueron evacuados de la Cena de Corresponsales de la Casa Blanca el s\u00e1bado por la noche<\/span><\/figcaption><\/figure>\n<\/section>\n<\/div>\n<p class=\"com-paragraph   --s\">El canciller italiano <strong>Antonio Tajani<\/strong> destac\u00f3 la labor del <strong>Servicio Secreto<\/strong>, que evit\u00f3 una tragedia mayor. Tajani manifest\u00f3: \u201cSolidaridad con el presidente Trump, su esposa Melania, el vicepresidente Vance y todos los presentes en la Cena de Corresponsales de la Casa Blanca donde ocurri\u00f3 el tiroteo. Nuestras condolencias al agente herido y nuestro agradecimiento al Servicio Secreto por haber detenido al atacante sin mayores consecuencias\u201d. <\/p>\n<p class=\"com-paragraph   --s\">En Francia, el presidente <strong>Emmanuel Macron<\/strong> brind\u00f3 su apoyo inmediato. \u201cEl ataque armado contra el Presidente de los Estados Unidos anoche es inaceptable. La violencia no tiene cabida en una democracia. Expreso mi pleno apoyo a Donald Trump\u201d, sostuvo el mandatario franc\u00e9s. <\/p>\n<p class=\"com-paragraph   --s\">En sinton\u00eda, el primer ministro del Reino Unido, <strong>Keir Starmer<\/strong>, mostr\u00f3 su estupor ante las escenas de Washington. Starmer afirm\u00f3: \u201cCualquier ataque contra las <strong>instituciones democr\u00e1ticas<\/strong> o la libertad de prensa debe ser condenado en los t\u00e9rminos m\u00e1s en\u00e9rgicos\u00bb. El premier brit\u00e1nico manifest\u00f3 alivio ante el hecho de que el matrimonio presidencial est\u00e9 a salvo.<\/p>\n<div class=\"content-media\">\n<section role=\"button\" class=\"mod-media   \">\n<figure role=\"button\" tabindex=\"0\" class=\"mod-figure \"><figcaption class=\"mod-figcaption\"><span class=\"com-text --caption --twoxs\">El presidente Donald Trump aplaude junto a la primera dama Melania Trump antes del tiroteo.<\/span><span class=\"com-text --credit --twoxs\">Mandel Ngan\/AFP\/Getty Images<\/span><\/figcaption><\/figure>\n<\/section>\n<\/div>\n<p class=\"com-paragraph   --s\">Los m\u00e1ximos representantes de la <strong>Uni\u00f3n Europea<\/strong> publicaron comunicados oficiales. <strong>Ursula von der Leyen<\/strong> resalt\u00f3 que el uso de la fuerza es ajeno a la pol\u00edtica civilizada. <\/p>\n<p class=\"com-paragraph   --s\">Por su parte, la diplom\u00e1tica <strong>Kaja Kallas, vicepresidente de la Comisi\u00f3n Europea,<\/strong> lament\u00f3 que un evento que honra la prensa se convierta en un foco de <strong>miedo y angustia<\/strong>. <\/p>\n<p class=\"com-paragraph   --s\">En tanto, <strong>Antonio Costa<\/strong>, presidente del Consejo Europeo, elogi\u00f3 la evacuaci\u00f3n segura de la pareja presidencial y sus invitados tras la oportuna intervenci\u00f3n policial.<\/p>\n<p class=\"com-paragraph   --s\">Desde Espa\u00f1a, el presidente <strong>Pedro S\u00e1nchez<\/strong> se\u00f1al\u00f3 que el progreso de la humanidad depende de la democracia y la paz. \u201cCondenamos el ataque contra el presidente Donald Trump. La violencia nunca es la soluci\u00f3n. La humanidad solo puede progresar a trav\u00e9s de la democracia, la convivencia y la paz\u201d, escribi\u00f3 el l\u00edder espa\u00f1ol. <\/p>\n<div class=\"content-media\">\n<section role=\"button\" class=\"mod-media   \">\n<figure role=\"button\" tabindex=\"0\" class=\"mod-figure \"><figcaption class=\"mod-figcaption\"><span class=\"com-text --caption --twoxs\">Los asistentes abandonan el hotel Washington Hilton tras el tiroteo del s\u00e1bado.<\/span><span class=\"com-text --credit --twoxs\">Kent Nishimura\/AFP\/Getty Images<\/span><\/figcaption><\/figure>\n<\/section>\n<\/div>\n<p class=\"com-paragraph   --s\">En Alemania, el canciller <strong>Friedrich Merz<\/strong> advirti\u00f3 que las armas no deben reemplazar a las <strong>urnas electorales<\/strong>. Merz declar\u00f3: \u201cLa violencia no tiene cabida en una democracia. Las decisiones se toman por mayor\u00eda de votos, no por la fuerza de las armas\u201d.<\/p>\n<p class=\"com-paragraph   --s\">En otras latitudes, la preocupaci\u00f3n fue igual de intensa. El primer ministro israel\u00ed, <strong>Benjam\u00edn Netanyahu<\/strong>, se declar\u00f3 \u201cconmocionado\u201d. <\/p>\n<p class=\"com-paragraph   --s\">Su mensaje, en nombre propio y de su esposa Sara, rez\u00f3: \u201cNos alivia que el presidente y la primera dama est\u00e9n sanos y salvos. Extendemos nuestros mejores deseos de una pronta y completa recuperaci\u00f3n al agente de polic\u00eda herido y rendimos homenaje al <strong>Servicio Secreto de Estados Unidos<\/strong> por su r\u00e1pida y decisiva actuaci\u00f3n\u00bb.<\/p>\n<p class=\"com-paragraph   --s\">Desde Asia, el mandatario paquistan\u00ed <strong>Shehbaz Sharif<\/strong> describi\u00f3 el tiroteo como un hecho \u201chorrible\u201d y envi\u00f3 sus oraciones por la salud de Trump. <\/p>\n<div class=\"content-media\">\n<section role=\"button\" class=\"mod-media   \">\n<figure role=\"button\" tabindex=\"0\" class=\"mod-figure \"><figcaption class=\"mod-figcaption\"><span class=\"com-text --caption --twoxs\">Un polic\u00eda pone cinta policial cerca de una vivienda relacionada con Cole Tomas Allen, sospechoso de disparar en la Cena de Corresponsales de la Casa Blanca el s\u00e1bado 25 de abril de 2026 en Torrance, California. (AP Foto\/Ethan Swope)<\/span><span class=\"com-text --credit --twoxs\">Ethan Swope &#8211; FR171736 AP<\/span><\/figcaption><\/figure>\n<\/section>\n<\/div>\n<p class=\"com-paragraph   --s\">El presidente de Turqu\u00eda, <strong>Recep Tayyip Erdogan<\/strong>, transmiti\u00f3 su tranquilidad ante la noticia de que nadie de la comitiva sufri\u00f3 lesiones directas. <\/p>\n<p class=\"com-paragraph   --s\">En Hungr\u00eda, <strong>Viktor Orban<\/strong> se uni\u00f3 al coro de voces aliadas: \u201cEstamos profundamente consternados por la noticia del intento de asesinato del presidente Donald Trump durante un evento en Washington. Nuestros pensamientos y oraciones est\u00e1n con \u00e9l y Melania. \u00a1La violencia no tiene cabida en la pol\u00edtica!\u201d.<\/p>\n<p class=\"com-paragraph   --s\">Am\u00e9rica Latina tambi\u00e9n fij\u00f3 su posici\u00f3n ante el atentado en suelo estadounidense. La presidenta interina de Venezuela, <strong>Delcy Rodr\u00edguez<\/strong>, manifest\u00f3 su condena oficial: \u201cCondenamos en\u00e9rgicamente el intento de ataque contra el presidente @realDonaldTrump y su esposa, Melania Trump. Extendemos nuestros mejores deseos a ellos y a todos los asistentes a la Cena de Corresponsales. La violencia nunca es una opci\u00f3n para quienes defienden los <strong>valores de la paz<\/strong>\u201c.<\/p>\n<div class=\"content-media\">\n<section role=\"button\" class=\"mod-media   \">\n<figure role=\"button\" tabindex=\"0\" class=\"mod-figure \"><figcaption class=\"mod-figcaption\"><span class=\"com-text --caption --twoxs\">Miembros del Servicio Secreto de EEUU se ven en el escenario tras disparos en el sal\u00f3n de baile de la Casa Blanca el s\u00e1bado 25 de abril de 2026, en Washington. (AP Foto\/Alex Brandon)<\/span><span class=\"com-text --credit --twoxs\">Alex Brandon &#8211; AP<\/span><\/figcaption><\/figure>\n<\/section>\n<\/div>\n<p class=\"com-paragraph   --s\">Por \u00faltimo, la presidenta de M\u00e9xico, <strong>Claudia Sheinbaum<\/strong>, cerr\u00f3 la jornada de declaraciones internacionales con un mensaje de respeto. <\/p>\n<p class=\"com-paragraph   --s\">\u201cQu\u00e9 bueno que el presidente Trump y su esposa se encuentren bien, tras los recientes acontecimientos. Le enviamos nuestro respeto. La violencia no debe ser nunca el <strong>camino<\/strong>\u201c, concluy\u00f3 la mandataria mexicana. <\/p>\n<p class=\"com-paragraph   --s\">Este consenso global subraya que la <strong>paz institucional<\/strong> es un bien que el mundo no est\u00e1 dispuesto a perder.<\/p>\n<p class=\"com-paragraph   --s\"><strong>Agencias ANSA y AP<\/strong><\/p>\n<section class=\"container-center-100 mb-40 border border-bottom border-thin border-neutral-light-700\">\n<hr\/>\n<\/section>\n<\/div>\n<p><script id=\"facebookpixel\" defer=\"\" type=\"text\/javascript\">\n        !function(f,b,e,v,n,t,s)\n        {if(f.fbq)return;n=f.fbq=function(){n.callMethod?\n        n.callMethod.apply(n,arguments):n.queue.push(arguments)};\n        if(!f._fbq)f._fbq=n;n.push=n;n.loaded=!0;n.version='2.0';\n        n.queue=[];t=b.createElement(e);t.async=!0;\n        t.src=v;s=b.getElementsByTagName(e)[0];\n        s.parentNode.insertBefore(t,s)}(window, document,'script',\n        'https:\/\/connect.facebook.net\/en_US\/fbevents.js');\n        fbq('init', '492459597522335');\n        fbq('track', 'PageView');\n    <\/script><br \/>\n<br \/><\/p>\n","protected":false},"excerpt":{"rendered":"<p>WASHINGTON.\u2013 La noche de gala en Washington, que deb\u00eda celebrar el v\u00ednculo entre el poder y la prensa, termin\u00f3 en un escenario de p\u00e1nico y caos. El intento de asesinato contra el presidente Donald Trump durante la cena de la Asociaci\u00f3n de Corresponsales dej\u00f3 un saldo de un agente herido y una comunidad internacional en [&hellip;]<\/p>\n","protected":false},"author":2,"featured_media":193191,"comment_status":"closed","ping_status":"closed","sticky":false,"template":"","format":"standard","meta":{"footnotes":""},"categories":[26],"tags":[],"class_list":["post-193190","post","type-post","status-publish","format-standard","has-post-thumbnail","hentry","category-internacionales"],"yoast_head":"<!-- This site is optimized with the Yoast SEO plugin v24.4 - https:\/\/yoast.com\/wordpress\/plugins\/seo\/ -->\n<title>\u201cNing\u00fan odio pol\u00edtico tiene cabida en nuestras democracias\u201d: las condena de los l\u00edderes al ataque fallido a Trump - GYS NOTICIAS |<\/title>\n<meta name=\"robots\" content=\"index, follow, max-snippet:-1, max-image-preview:large, max-video-preview:-1\" \/>\n<link rel=\"canonical\" href=\"https:\/\/gysfm.com.ar\/inicio\/ningun-odio-politico-tiene-cabida-en-nuestras-democracias-las-condena-de-los-lideres-al-ataque-fallido-a-trump\/\" \/>\n<meta property=\"og:locale\" content=\"es_ES\" \/>\n<meta property=\"og:type\" content=\"article\" \/>\n<meta property=\"og:title\" content=\"\u201cNing\u00fan odio pol\u00edtico tiene cabida en nuestras democracias\u201d: las condena de los l\u00edderes al ataque fallido a Trump - GYS NOTICIAS |\" \/>\n<meta property=\"og:description\" content=\"WASHINGTON.\u2013 La noche de gala en Washington, que deb\u00eda celebrar el v\u00ednculo entre el poder y la prensa, termin\u00f3 en un escenario de p\u00e1nico y caos. El intento de asesinato contra el presidente Donald Trump durante la cena de la Asociaci\u00f3n de Corresponsales dej\u00f3 un saldo de un agente herido y una comunidad internacional en [&hellip;]\" \/>\n<meta property=\"og:url\" content=\"https:\/\/gysfm.com.ar\/inicio\/ningun-odio-politico-tiene-cabida-en-nuestras-democracias-las-condena-de-los-lideres-al-ataque-fallido-a-trump\/\" \/>\n<meta property=\"og:site_name\" content=\"GYS NOTICIAS |\" \/>\n<meta property=\"article:published_time\" content=\"2026-04-27T02:13:16+00:00\" \/>\n<meta property=\"article:modified_time\" content=\"2026-04-27T02:13:17+00:00\" \/>\n<meta property=\"og:image\" content=\"https:\/\/gysfm.com.ar\/inicio\/wp-content\/uploads\/2026\/04\/el-presidente-donald-trump-llegando-a-la-sala-de-P2QYGWVJWNACVEMQ7HN76BXQ24.jpg\" \/>\n\t<meta property=\"og:image:width\" content=\"1200\" \/>\n\t<meta property=\"og:image:height\" content=\"800\" \/>\n\t<meta property=\"og:image:type\" content=\"image\/jpeg\" \/>\n<meta name=\"author\" content=\"Prensa G&amp;S FM\" \/>\n<meta name=\"twitter:card\" content=\"summary_large_image\" \/>\n<meta name=\"twitter:label1\" content=\"Escrito por\" \/>\n\t<meta name=\"twitter:data1\" content=\"Prensa G&amp;S FM\" \/>\n\t<meta name=\"twitter:label2\" content=\"Tiempo de lectura\" \/>\n\t<meta name=\"twitter:data2\" content=\"5 minutos\" \/>\n<script type=\"application\/ld+json\" class=\"yoast-schema-graph\">{\"@context\":\"https:\/\/schema.org\",\"@graph\":[{\"@type\":\"Article\",\"@id\":\"https:\/\/gysfm.com.ar\/inicio\/ningun-odio-politico-tiene-cabida-en-nuestras-democracias-las-condena-de-los-lideres-al-ataque-fallido-a-trump\/#article\",\"isPartOf\":{\"@id\":\"https:\/\/gysfm.com.ar\/inicio\/ningun-odio-politico-tiene-cabida-en-nuestras-democracias-las-condena-de-los-lideres-al-ataque-fallido-a-trump\/\"},\"author\":{\"name\":\"Prensa G&amp;S FM\",\"@id\":\"https:\/\/gysfm.com.ar\/inicio\/#\/schema\/person\/3abba7593ef2ad19e1be221d54383dc5\"},\"headline\":\"\u201cNing\u00fan odio pol\u00edtico tiene cabida en nuestras democracias\u201d: las condena de los l\u00edderes al ataque fallido a Trump\",\"datePublished\":\"2026-04-27T02:13:16+00:00\",\"dateModified\":\"2026-04-27T02:13:17+00:00\",\"mainEntityOfPage\":{\"@id\":\"https:\/\/gysfm.com.ar\/inicio\/ningun-odio-politico-tiene-cabida-en-nuestras-democracias-las-condena-de-los-lideres-al-ataque-fallido-a-trump\/\"},\"wordCount\":1077,\"publisher\":{\"@id\":\"https:\/\/gysfm.com.ar\/inicio\/#organization\"},\"image\":{\"@id\":\"https:\/\/gysfm.com.ar\/inicio\/ningun-odio-politico-tiene-cabida-en-nuestras-democracias-las-condena-de-los-lideres-al-ataque-fallido-a-trump\/#primaryimage\"},\"thumbnailUrl\":\"https:\/\/gysfm.com.ar\/inicio\/wp-content\/uploads\/2026\/04\/el-presidente-donald-trump-llegando-a-la-sala-de-P2QYGWVJWNACVEMQ7HN76BXQ24.jpg\",\"articleSection\":[\"INTERNACIONALES\"],\"inLanguage\":\"es\"},{\"@type\":\"WebPage\",\"@id\":\"https:\/\/gysfm.com.ar\/inicio\/ningun-odio-politico-tiene-cabida-en-nuestras-democracias-las-condena-de-los-lideres-al-ataque-fallido-a-trump\/\",\"url\":\"https:\/\/gysfm.com.ar\/inicio\/ningun-odio-politico-tiene-cabida-en-nuestras-democracias-las-condena-de-los-lideres-al-ataque-fallido-a-trump\/\",\"name\":\"\u201cNing\u00fan odio pol\u00edtico tiene cabida en nuestras democracias\u201d: las condena de los l\u00edderes al ataque fallido a Trump - GYS NOTICIAS |\",\"isPartOf\":{\"@id\":\"https:\/\/gysfm.com.ar\/inicio\/#website\"},\"primaryImageOfPage\":{\"@id\":\"https:\/\/gysfm.com.ar\/inicio\/ningun-odio-politico-tiene-cabida-en-nuestras-democracias-las-condena-de-los-lideres-al-ataque-fallido-a-trump\/#primaryimage\"},\"image\":{\"@id\":\"https:\/\/gysfm.com.ar\/inicio\/ningun-odio-politico-tiene-cabida-en-nuestras-democracias-las-condena-de-los-lideres-al-ataque-fallido-a-trump\/#primaryimage\"},\"thumbnailUrl\":\"https:\/\/gysfm.com.ar\/inicio\/wp-content\/uploads\/2026\/04\/el-presidente-donald-trump-llegando-a-la-sala-de-P2QYGWVJWNACVEMQ7HN76BXQ24.jpg\",\"datePublished\":\"2026-04-27T02:13:16+00:00\",\"dateModified\":\"2026-04-27T02:13:17+00:00\",\"breadcrumb\":{\"@id\":\"https:\/\/gysfm.com.ar\/inicio\/ningun-odio-politico-tiene-cabida-en-nuestras-democracias-las-condena-de-los-lideres-al-ataque-fallido-a-trump\/#breadcrumb\"},\"inLanguage\":\"es\",\"potentialAction\":[{\"@type\":\"ReadAction\",\"target\":[\"https:\/\/gysfm.com.ar\/inicio\/ningun-odio-politico-tiene-cabida-en-nuestras-democracias-las-condena-de-los-lideres-al-ataque-fallido-a-trump\/\"]}]},{\"@type\":\"ImageObject\",\"inLanguage\":\"es\",\"@id\":\"https:\/\/gysfm.com.ar\/inicio\/ningun-odio-politico-tiene-cabida-en-nuestras-democracias-las-condena-de-los-lideres-al-ataque-fallido-a-trump\/#primaryimage\",\"url\":\"https:\/\/gysfm.com.ar\/inicio\/wp-content\/uploads\/2026\/04\/el-presidente-donald-trump-llegando-a-la-sala-de-P2QYGWVJWNACVEMQ7HN76BXQ24.jpg\",\"contentUrl\":\"https:\/\/gysfm.com.ar\/inicio\/wp-content\/uploads\/2026\/04\/el-presidente-donald-trump-llegando-a-la-sala-de-P2QYGWVJWNACVEMQ7HN76BXQ24.jpg\",\"width\":1200,\"height\":800},{\"@type\":\"BreadcrumbList\",\"@id\":\"https:\/\/gysfm.com.ar\/inicio\/ningun-odio-politico-tiene-cabida-en-nuestras-democracias-las-condena-de-los-lideres-al-ataque-fallido-a-trump\/#breadcrumb\",\"itemListElement\":[{\"@type\":\"ListItem\",\"position\":1,\"name\":\"Portada\",\"item\":\"https:\/\/gysfm.com.ar\/inicio\/\"},{\"@type\":\"ListItem\",\"position\":2,\"name\":\"\u201cNing\u00fan odio pol\u00edtico tiene cabida en nuestras democracias\u201d: las condena de los l\u00edderes al ataque fallido a Trump\"}]},{\"@type\":\"WebSite\",\"@id\":\"https:\/\/gysfm.com.ar\/inicio\/#website\",\"url\":\"https:\/\/gysfm.com.ar\/inicio\/\",\"name\":\"GYS NOTICIAS |\",\"description\":\"DIARIO - RADIO ONLINE SAN JUAN ARGENTINA\",\"publisher\":{\"@id\":\"https:\/\/gysfm.com.ar\/inicio\/#organization\"},\"potentialAction\":[{\"@type\":\"SearchAction\",\"target\":{\"@type\":\"EntryPoint\",\"urlTemplate\":\"https:\/\/gysfm.com.ar\/inicio\/?s={search_term_string}\"},\"query-input\":{\"@type\":\"PropertyValueSpecification\",\"valueRequired\":true,\"valueName\":\"search_term_string\"}}],\"inLanguage\":\"es\"},{\"@type\":\"Organization\",\"@id\":\"https:\/\/gysfm.com.ar\/inicio\/#organization\",\"name\":\"GYS NOTICIAS |\",\"url\":\"https:\/\/gysfm.com.ar\/inicio\/\",\"logo\":{\"@type\":\"ImageObject\",\"inLanguage\":\"es\",\"@id\":\"https:\/\/gysfm.com.ar\/inicio\/#\/schema\/logo\/image\/\",\"url\":\"https:\/\/gysfm.com.ar\/inicio\/wp-content\/uploads\/2023\/07\/LOGOGYS-OK.png\",\"contentUrl\":\"https:\/\/gysfm.com.ar\/inicio\/wp-content\/uploads\/2023\/07\/LOGOGYS-OK.png\",\"width\":1170,\"height\":872,\"caption\":\"GYS NOTICIAS |\"},\"image\":{\"@id\":\"https:\/\/gysfm.com.ar\/inicio\/#\/schema\/logo\/image\/\"}},{\"@type\":\"Person\",\"@id\":\"https:\/\/gysfm.com.ar\/inicio\/#\/schema\/person\/3abba7593ef2ad19e1be221d54383dc5\",\"name\":\"Prensa G&amp;S FM\",\"image\":{\"@type\":\"ImageObject\",\"inLanguage\":\"es\",\"@id\":\"https:\/\/gysfm.com.ar\/inicio\/#\/schema\/person\/image\/\",\"url\":\"https:\/\/secure.gravatar.com\/avatar\/096ec78df02049ab018702bb4ccedf659377fa92a26540b5247612077a0dbd29?s=96&d=mm&r=g\",\"contentUrl\":\"https:\/\/secure.gravatar.com\/avatar\/096ec78df02049ab018702bb4ccedf659377fa92a26540b5247612077a0dbd29?s=96&d=mm&r=g\",\"caption\":\"Prensa G&amp;S FM\"},\"sameAs\":[\"https:\/\/gysfm.com.ar\/\"],\"url\":\"https:\/\/gysfm.com.ar\/inicio\/author\/lucasm\/\"}]}<\/script>\n<!-- \/ Yoast SEO plugin. -->","yoast_head_json":{"title":"\u201cNing\u00fan odio pol\u00edtico tiene cabida en nuestras democracias\u201d: las condena de los l\u00edderes al ataque fallido a Trump - GYS NOTICIAS |","robots":{"index":"index","follow":"follow","max-snippet":"max-snippet:-1","max-image-preview":"max-image-preview:large","max-video-preview":"max-video-preview:-1"},"canonical":"https:\/\/gysfm.com.ar\/inicio\/ningun-odio-politico-tiene-cabida-en-nuestras-democracias-las-condena-de-los-lideres-al-ataque-fallido-a-trump\/","og_locale":"es_ES","og_type":"article","og_title":"\u201cNing\u00fan odio pol\u00edtico tiene cabida en nuestras democracias\u201d: las condena de los l\u00edderes al ataque fallido a Trump - GYS NOTICIAS |","og_description":"WASHINGTON.\u2013 La noche de gala en Washington, que deb\u00eda celebrar el v\u00ednculo entre el poder y la prensa, termin\u00f3 en un escenario de p\u00e1nico y caos. El intento de asesinato contra el presidente Donald Trump durante la cena de la Asociaci\u00f3n de Corresponsales dej\u00f3 un saldo de un agente herido y una comunidad internacional en [&hellip;]","og_url":"https:\/\/gysfm.com.ar\/inicio\/ningun-odio-politico-tiene-cabida-en-nuestras-democracias-las-condena-de-los-lideres-al-ataque-fallido-a-trump\/","og_site_name":"GYS NOTICIAS |","article_published_time":"2026-04-27T02:13:16+00:00","article_modified_time":"2026-04-27T02:13:17+00:00","og_image":[{"width":1200,"height":800,"url":"https:\/\/gysfm.com.ar\/inicio\/wp-content\/uploads\/2026\/04\/el-presidente-donald-trump-llegando-a-la-sala-de-P2QYGWVJWNACVEMQ7HN76BXQ24.jpg","type":"image\/jpeg"}],"author":"Prensa G&amp;S FM","twitter_card":"summary_large_image","twitter_misc":{"Escrito por":"Prensa G&amp;S FM","Tiempo de lectura":"5 minutos"},"schema":{"@context":"https:\/\/schema.org","@graph":[{"@type":"Article","@id":"https:\/\/gysfm.com.ar\/inicio\/ningun-odio-politico-tiene-cabida-en-nuestras-democracias-las-condena-de-los-lideres-al-ataque-fallido-a-trump\/#article","isPartOf":{"@id":"https:\/\/gysfm.com.ar\/inicio\/ningun-odio-politico-tiene-cabida-en-nuestras-democracias-las-condena-de-los-lideres-al-ataque-fallido-a-trump\/"},"author":{"name":"Prensa G&amp;S FM","@id":"https:\/\/gysfm.com.ar\/inicio\/#\/schema\/person\/3abba7593ef2ad19e1be221d54383dc5"},"headline":"\u201cNing\u00fan odio pol\u00edtico tiene cabida en nuestras democracias\u201d: las condena de los l\u00edderes al ataque fallido a Trump","datePublished":"2026-04-27T02:13:16+00:00","dateModified":"2026-04-27T02:13:17+00:00","mainEntityOfPage":{"@id":"https:\/\/gysfm.com.ar\/inicio\/ningun-odio-politico-tiene-cabida-en-nuestras-democracias-las-condena-de-los-lideres-al-ataque-fallido-a-trump\/"},"wordCount":1077,"publisher":{"@id":"https:\/\/gysfm.com.ar\/inicio\/#organization"},"image":{"@id":"https:\/\/gysfm.com.ar\/inicio\/ningun-odio-politico-tiene-cabida-en-nuestras-democracias-las-condena-de-los-lideres-al-ataque-fallido-a-trump\/#primaryimage"},"thumbnailUrl":"https:\/\/gysfm.com.ar\/inicio\/wp-content\/uploads\/2026\/04\/el-presidente-donald-trump-llegando-a-la-sala-de-P2QYGWVJWNACVEMQ7HN76BXQ24.jpg","articleSection":["INTERNACIONALES"],"inLanguage":"es"},{"@type":"WebPage","@id":"https:\/\/gysfm.com.ar\/inicio\/ningun-odio-politico-tiene-cabida-en-nuestras-democracias-las-condena-de-los-lideres-al-ataque-fallido-a-trump\/","url":"https:\/\/gysfm.com.ar\/inicio\/ningun-odio-politico-tiene-cabida-en-nuestras-democracias-las-condena-de-los-lideres-al-ataque-fallido-a-trump\/","name":"\u201cNing\u00fan odio pol\u00edtico tiene cabida en nuestras democracias\u201d: las condena de los l\u00edderes al ataque fallido a Trump - GYS NOTICIAS |","isPartOf":{"@id":"https:\/\/gysfm.com.ar\/inicio\/#website"},"primaryImageOfPage":{"@id":"https:\/\/gysfm.com.ar\/inicio\/ningun-odio-politico-tiene-cabida-en-nuestras-democracias-las-condena-de-los-lideres-al-ataque-fallido-a-trump\/#primaryimage"},"image":{"@id":"https:\/\/gysfm.com.ar\/inicio\/ningun-odio-politico-tiene-cabida-en-nuestras-democracias-las-condena-de-los-lideres-al-ataque-fallido-a-trump\/#primaryimage"},"thumbnailUrl":"https:\/\/gysfm.com.ar\/inicio\/wp-content\/uploads\/2026\/04\/el-presidente-donald-trump-llegando-a-la-sala-de-P2QYGWVJWNACVEMQ7HN76BXQ24.jpg","datePublished":"2026-04-27T02:13:16+00:00","dateModified":"2026-04-27T02:13:17+00:00","breadcrumb":{"@id":"https:\/\/gysfm.com.ar\/inicio\/ningun-odio-politico-tiene-cabida-en-nuestras-democracias-las-condena-de-los-lideres-al-ataque-fallido-a-trump\/#breadcrumb"},"inLanguage":"es","potentialAction":[{"@type":"ReadAction","target":["https:\/\/gysfm.com.ar\/inicio\/ningun-odio-politico-tiene-cabida-en-nuestras-democracias-las-condena-de-los-lideres-al-ataque-fallido-a-trump\/"]}]},{"@type":"ImageObject","inLanguage":"es","@id":"https:\/\/gysfm.com.ar\/inicio\/ningun-odio-politico-tiene-cabida-en-nuestras-democracias-las-condena-de-los-lideres-al-ataque-fallido-a-trump\/#primaryimage","url":"https:\/\/gysfm.com.ar\/inicio\/wp-content\/uploads\/2026\/04\/el-presidente-donald-trump-llegando-a-la-sala-de-P2QYGWVJWNACVEMQ7HN76BXQ24.jpg","contentUrl":"https:\/\/gysfm.com.ar\/inicio\/wp-content\/uploads\/2026\/04\/el-presidente-donald-trump-llegando-a-la-sala-de-P2QYGWVJWNACVEMQ7HN76BXQ24.jpg","width":1200,"height":800},{"@type":"BreadcrumbList","@id":"https:\/\/gysfm.com.ar\/inicio\/ningun-odio-politico-tiene-cabida-en-nuestras-democracias-las-condena-de-los-lideres-al-ataque-fallido-a-trump\/#breadcrumb","itemListElement":[{"@type":"ListItem","position":1,"name":"Portada","item":"https:\/\/gysfm.com.ar\/inicio\/"},{"@type":"ListItem","position":2,"name":"\u201cNing\u00fan odio pol\u00edtico tiene cabida en nuestras democracias\u201d: las condena de los l\u00edderes al ataque fallido a Trump"}]},{"@type":"WebSite","@id":"https:\/\/gysfm.com.ar\/inicio\/#website","url":"https:\/\/gysfm.com.ar\/inicio\/","name":"GYS NOTICIAS |","description":"DIARIO - RADIO ONLINE SAN JUAN ARGENTINA","publisher":{"@id":"https:\/\/gysfm.com.ar\/inicio\/#organization"},"potentialAction":[{"@type":"SearchAction","target":{"@type":"EntryPoint","urlTemplate":"https:\/\/gysfm.com.ar\/inicio\/?s={search_term_string}"},"query-input":{"@type":"PropertyValueSpecification","valueRequired":true,"valueName":"search_term_string"}}],"inLanguage":"es"},{"@type":"Organization","@id":"https:\/\/gysfm.com.ar\/inicio\/#organization","name":"GYS NOTICIAS |","url":"https:\/\/gysfm.com.ar\/inicio\/","logo":{"@type":"ImageObject","inLanguage":"es","@id":"https:\/\/gysfm.com.ar\/inicio\/#\/schema\/logo\/image\/","url":"https:\/\/gysfm.com.ar\/inicio\/wp-content\/uploads\/2023\/07\/LOGOGYS-OK.png","contentUrl":"https:\/\/gysfm.com.ar\/inicio\/wp-content\/uploads\/2023\/07\/LOGOGYS-OK.png","width":1170,"height":872,"caption":"GYS NOTICIAS |"},"image":{"@id":"https:\/\/gysfm.com.ar\/inicio\/#\/schema\/logo\/image\/"}},{"@type":"Person","@id":"https:\/\/gysfm.com.ar\/inicio\/#\/schema\/person\/3abba7593ef2ad19e1be221d54383dc5","name":"Prensa G&amp;S FM","image":{"@type":"ImageObject","inLanguage":"es","@id":"https:\/\/gysfm.com.ar\/inicio\/#\/schema\/person\/image\/","url":"https:\/\/secure.gravatar.com\/avatar\/096ec78df02049ab018702bb4ccedf659377fa92a26540b5247612077a0dbd29?s=96&d=mm&r=g","contentUrl":"https:\/\/secure.gravatar.com\/avatar\/096ec78df02049ab018702bb4ccedf659377fa92a26540b5247612077a0dbd29?s=96&d=mm&r=g","caption":"Prensa G&amp;S FM"},"sameAs":["https:\/\/gysfm.com.ar\/"],"url":"https:\/\/gysfm.com.ar\/inicio\/author\/lucasm\/"}]}},"_links":{"self":[{"href":"https:\/\/gysfm.com.ar\/inicio\/wp-json\/wp\/v2\/posts\/193190","targetHints":{"allow":["GET"]}}],"collection":[{"href":"https:\/\/gysfm.com.ar\/inicio\/wp-json\/wp\/v2\/posts"}],"about":[{"href":"https:\/\/gysfm.com.ar\/inicio\/wp-json\/wp\/v2\/types\/post"}],"author":[{"embeddable":true,"href":"https:\/\/gysfm.com.ar\/inicio\/wp-json\/wp\/v2\/users\/2"}],"replies":[{"embeddable":true,"href":"https:\/\/gysfm.com.ar\/inicio\/wp-json\/wp\/v2\/comments?post=193190"}],"version-history":[{"count":1,"href":"https:\/\/gysfm.com.ar\/inicio\/wp-json\/wp\/v2\/posts\/193190\/revisions"}],"predecessor-version":[{"id":193192,"href":"https:\/\/gysfm.com.ar\/inicio\/wp-json\/wp\/v2\/posts\/193190\/revisions\/193192"}],"wp:featuredmedia":[{"embeddable":true,"href":"https:\/\/gysfm.com.ar\/inicio\/wp-json\/wp\/v2\/media\/193191"}],"wp:attachment":[{"href":"https:\/\/gysfm.com.ar\/inicio\/wp-json\/wp\/v2\/media?parent=193190"}],"wp:term":[{"taxonomy":"category","embeddable":true,"href":"https:\/\/gysfm.com.ar\/inicio\/wp-json\/wp\/v2\/categories?post=193190"},{"taxonomy":"post_tag","embeddable":true,"href":"https:\/\/gysfm.com.ar\/inicio\/wp-json\/wp\/v2\/tags?post=193190"}],"curies":[{"name":"wp","href":"https:\/\/api.w.org\/{rel}","templated":true}]}}