{"id":193188,"date":"2026-04-26T22:55:29","date_gmt":"2026-04-27T01:55:29","guid":{"rendered":"https:\/\/gysfm.com.ar\/inicio\/la-policia-encontro-fetos-en-bolsas-en-un-allanamiento-en-una-clinica\/"},"modified":"2026-04-26T22:55:29","modified_gmt":"2026-04-27T01:55:29","slug":"la-policia-encontro-fetos-en-bolsas-en-un-allanamiento-en-una-clinica","status":"publish","type":"post","link":"https:\/\/gysfm.com.ar\/inicio\/la-policia-encontro-fetos-en-bolsas-en-un-allanamiento-en-una-clinica\/","title":{"rendered":"La polic\u00eda encontr\u00f3 fetos en bolsas en un allanamiento en una cl\u00ednica"},"content":{"rendered":"<p><\/p>\n<div id=\"article-content\">\n<p><strong>Tras un pedido <\/strong>del <strong>Poder Judicial de Santiago del Estero<\/strong>, el viernes 24 se realiz\u00f3 un allanamiento en la Cl\u00ednica Santa Mar\u00eda, en Villa Ballester, en el que se encontraron bolsas con restos de fetos humanos. En las \u00faltimas horas ingres\u00f3 a la causa otro dato clave, seg\u00fan fuentes del caso, hay <strong>una ONG involucrada<\/strong> en el traslado de la menor. La informaci\u00f3n lleg\u00f3 a la fuerza provincial a trav\u00e9s de un intercambio con la <strong>Polic\u00eda de Santiago del Estero<\/strong>.<\/p>\n<p><iframe id=\"vrudo\" class=\"vrudo\" src=\"https:\/\/rudo.video\/vod\/bWqM7t?volume=0\" width=\"100%\" height=\"100%\" allowscriptaccess=\"always\" allowfullscreen=\"true\" webkitallowfullscreen=\"true\" frameborder=\"0\" scrolling=\"no\" allow=\"autoplay; fullscreen\" loading=\"lazy\" title=\"Contenido embebido\"><\/iframe><\/p>\n<p>El pedido estaba vinculado a un caso de violaci\u00f3n en perjuicio de una <strong>nena de 12 a\u00f1os<\/strong>, oriunda de <strong>Monte Quemado, Chaco<\/strong>, que cursaba un <strong>embarazo de ocho meses<\/strong>. La menor fue ubicada ese viernes en el sanatorio del partido de <strong>San Mart\u00edn<\/strong>, junto a su <strong>madre<\/strong> de <strong>48 a\u00f1os<\/strong>.<\/p>\n<p class=\"destacadoNota\"><a target=\"_blank\" href=\"https:\/\/www.perfil.com\/noticias\/sociedad\/chernobyl-la-irradiacion-de-alimentos-a-40-anos-del-accidente-nuclear.phtml\">Chernobyl: la irradiaci\u00f3n de alimentos a 40 a\u00f1os del accidente nuclear<\/a><\/p>\n<div class=\"subscription\">\n<p>\n        Esto no les gusta a los autoritarios\n    <\/p>\n<div class=\"subscription__container\">\n<div class=\"subscription__text-wrapper\">\n<p>\n                El ejercicio del periodismo profesional y cr\u00edtico es un pilar fundamental de la democracia. Por eso molesta a quienes creen ser los due\u00f1os de la verdad.\n            <\/p>\n<\/p><\/div><\/div>\n<\/div>\n<p>Al ser consultado, el director del establecimiento <strong>neg\u00f3 la presencia de ambas <\/strong><strong>y a<\/strong>nte la insistencia de las autoridades, efectivos de la <strong>Direcci\u00f3n de Investigaciones de Trata de Personas<\/strong> corroboraron que s\u00ed estaban internadas.<\/p>\n<p>La madre declar\u00f3 que <strong>desconoc\u00eda el paradero de su nieto<\/strong>, pero para cuando se formaliz\u00f3 el <strong>allanamiento<\/strong>, madre e hija hab\u00edan sido dadas de alta a las <strong>3 de la tarde<\/strong> y <strong>abandonado <\/strong>el lugar.<\/p>\n<p>La organizaci\u00f3n habr\u00eda <strong>pagado el pasaje de la nena y su madre<\/strong>, as\u00ed como su alojamiento en <strong>Palermo. <\/strong>Adem\u00e1s, habr\u00eda sido ingresada a<strong> <\/strong>una <strong>cl\u00ednica ginecol\u00f3gica<\/strong>.<\/p>\n<p class=\"destacadoNota\"><a target=\"_blank\" href=\"https:\/\/442.perfil.com\/noticias\/automovilismo\/como-esta-avenida-libertador-a-horas-del-road-show-de-franco-colapinto-las-calles-de-buenos-aires-se-transforman-en-un-circuito-de-f1.phtml\">C\u00f3mo est\u00e1 Avenida Libertador a horas del Road Show de Franco Colapinto: las calles de Buenos Aires se transforman en un circuito de F1<\/a><\/p>\n<p>La ONG en cuesti\u00f3n, se dedica a la <strong>salud reproductiva<\/strong> seg\u00fan su sitio web y ofrece <strong>interrupciones del embarazo<\/strong> mediante misoprostol y aspiraciones manuales endouterinas, en el marco de la <strong>Ley de Interrupci\u00f3n Voluntaria del Embarazo<\/strong>.<\/p>\n<h2>La hip\u00f3tesis: venta de beb\u00e9s<\/h2>\n<p>El <strong>Juzgado Federal de Tres de Febrero<\/strong>, a trav\u00e9s de la <strong>Secretar\u00eda N\u00b09<\/strong>, emiti\u00f3 una orden de allanamiento inmediata. Los efectivos inspeccionaron el lugar, se dirigieron a un dep\u00f3sito y hallaron <strong>ocho fetos humanos dentro de bolsas de basura<\/strong>. <strong>Cinco estaban completamente formados; dos presentaban signos de haber sido desmembrados<\/strong>. Los restantes se encontraban en un estado inicial de desarrollo.<\/p>\n<p><iframe id=\"vrudo\" class=\"vrudo\" src=\"https:\/\/rudo.video\/vod\/bWqM7P?volume=0\" width=\"100%\" height=\"100%\" allowscriptaccess=\"always\" allowfullscreen=\"true\" webkitallowfullscreen=\"true\" frameborder=\"0\" scrolling=\"no\" allow=\"autoplay; fullscreen\" loading=\"lazy\" title=\"Contenido embebido\"><\/iframe><\/p>\n<p>Asimismo, incautaron <strong>anotaciones y registros<\/strong> que podr\u00edan revelar la sistematicidad de estas pr\u00e1cticas en el inmueble. La investigaci\u00f3n busca determinar si entre esos fetos formados est\u00e1 el beb\u00e9 que gestaba la menor.<\/p>\n<p class=\"destacadoNota\"><a target=\"_blank\" href=\"https:\/\/www.perfil.com\/noticias\/ciencia\/las-ias-desplegaron-armas-nucleares-en-la-mayoria-de-juegos-de-guerra.phtml\">Las IAs desplegaron armas nucleares en la mayor\u00eda de juegos de guerra<\/a><\/p>\n<p> La hip\u00f3tesis m\u00e1s inquietante apunta a que el beb\u00e9 <strong>haya nacido vivo y haya sido entregado<\/strong>, lo que configurar\u00eda un caso de <strong>trata de personas o sustracci\u00f3n de menores<\/strong>. En paralelo a la causa federal, se iniciaron diligencias por <strong>averiguaci\u00f3n de il\u00edcito<\/strong> con intervenci\u00f3n de la <strong>UFI N\u00b07 del Departamento Judicial de San Mart\u00edn<\/strong>, con jurisdicci\u00f3n en <strong>Malvinas Argentinas<\/strong>.<\/p>\n<p>RG<\/p>\n<\/p><\/div>\n<p><script>\n                !function(f,b,e,v,n,t,s)\n                {if(f.fbq)return;n=f.fbq=function(){n.callMethod?\n                    n.callMethod.apply(n,arguments):n.queue.push(arguments)};\n                    if(!f._fbq)f._fbq=n;n.push=n;n.loaded=!0;n.version='2.0';\n                    n.queue=[];t=b.createElement(e);t.async=!0;\n                    t.src=v;s=b.getElementsByTagName(e)[0];\n                    s.parentNode.insertBefore(t,s)}(window, document,'script',\n                    'https:\/\/connect.facebook.net\/en_US\/fbevents.js');\n                window.paywallConfig.facebook_pixel=\"1000228364089342\"\n            <\/script><\/p>\n","protected":false},"excerpt":{"rendered":"<p>Tras un pedido del Poder Judicial de Santiago del Estero, el viernes 24 se realiz\u00f3 un allanamiento en la Cl\u00ednica Santa Mar\u00eda, en Villa Ballester, en el que se encontraron bolsas con restos de fetos humanos. En las \u00faltimas horas ingres\u00f3 a la causa otro dato clave, seg\u00fan fuentes del caso, hay una ONG involucrada [&hellip;]<\/p>\n","protected":false},"author":2,"featured_media":193189,"comment_status":"closed","ping_status":"closed","sticky":false,"template":"","format":"standard","meta":{"footnotes":""},"categories":[25],"tags":[],"class_list":["post-193188","post","type-post","status-publish","format-standard","has-post-thumbnail","hentry","category-nacionales"],"yoast_head":"<!-- This site is optimized with the Yoast SEO plugin v24.4 - https:\/\/yoast.com\/wordpress\/plugins\/seo\/ -->\n<title>La polic\u00eda encontr\u00f3 fetos en bolsas en un allanamiento en una cl\u00ednica - GYS NOTICIAS |<\/title>\n<meta name=\"robots\" content=\"index, follow, max-snippet:-1, max-image-preview:large, max-video-preview:-1\" \/>\n<link rel=\"canonical\" href=\"https:\/\/gysfm.com.ar\/inicio\/la-policia-encontro-fetos-en-bolsas-en-un-allanamiento-en-una-clinica\/\" \/>\n<meta property=\"og:locale\" content=\"es_ES\" \/>\n<meta property=\"og:type\" content=\"article\" \/>\n<meta property=\"og:title\" content=\"La polic\u00eda encontr\u00f3 fetos en bolsas en un allanamiento en una cl\u00ednica - GYS NOTICIAS |\" \/>\n<meta property=\"og:description\" content=\"Tras un pedido del Poder Judicial de Santiago del Estero, el viernes 24 se realiz\u00f3 un allanamiento en la Cl\u00ednica Santa Mar\u00eda, en Villa Ballester, en el que se encontraron bolsas con restos de fetos humanos. En las \u00faltimas horas ingres\u00f3 a la causa otro dato clave, seg\u00fan fuentes del caso, hay una ONG involucrada [&hellip;]\" \/>\n<meta property=\"og:url\" content=\"https:\/\/gysfm.com.ar\/inicio\/la-policia-encontro-fetos-en-bolsas-en-un-allanamiento-en-una-clinica\/\" \/>\n<meta property=\"og:site_name\" content=\"GYS NOTICIAS |\" \/>\n<meta property=\"article:published_time\" content=\"2026-04-27T01:55:29+00:00\" \/>\n<meta name=\"author\" content=\"Prensa G&amp;S FM\" \/>\n<meta name=\"twitter:card\" content=\"summary_large_image\" \/>\n<meta name=\"twitter:label1\" content=\"Escrito por\" \/>\n\t<meta name=\"twitter:data1\" content=\"Prensa G&amp;S FM\" \/>\n\t<meta name=\"twitter:label2\" content=\"Tiempo de lectura\" \/>\n\t<meta name=\"twitter:data2\" content=\"3 minutos\" \/>\n<script type=\"application\/ld+json\" class=\"yoast-schema-graph\">{\"@context\":\"https:\/\/schema.org\",\"@graph\":[{\"@type\":\"Article\",\"@id\":\"https:\/\/gysfm.com.ar\/inicio\/la-policia-encontro-fetos-en-bolsas-en-un-allanamiento-en-una-clinica\/#article\",\"isPartOf\":{\"@id\":\"https:\/\/gysfm.com.ar\/inicio\/la-policia-encontro-fetos-en-bolsas-en-un-allanamiento-en-una-clinica\/\"},\"author\":{\"name\":\"Prensa G&amp;S FM\",\"@id\":\"https:\/\/gysfm.com.ar\/inicio\/#\/schema\/person\/3abba7593ef2ad19e1be221d54383dc5\"},\"headline\":\"La polic\u00eda encontr\u00f3 fetos en bolsas en un allanamiento en una cl\u00ednica\",\"datePublished\":\"2026-04-27T01:55:29+00:00\",\"mainEntityOfPage\":{\"@id\":\"https:\/\/gysfm.com.ar\/inicio\/la-policia-encontro-fetos-en-bolsas-en-un-allanamiento-en-una-clinica\/\"},\"wordCount\":552,\"publisher\":{\"@id\":\"https:\/\/gysfm.com.ar\/inicio\/#organization\"},\"image\":{\"@id\":\"https:\/\/gysfm.com.ar\/inicio\/la-policia-encontro-fetos-en-bolsas-en-un-allanamiento-en-una-clinica\/#primaryimage\"},\"thumbnailUrl\":\"https:\/\/gysfm.com.ar\/inicio\/wp-content\/uploads\/2026\/04\/clinica-santa-maria-2227636.jpg\",\"articleSection\":[\"NACIONALES\"],\"inLanguage\":\"es\"},{\"@type\":\"WebPage\",\"@id\":\"https:\/\/gysfm.com.ar\/inicio\/la-policia-encontro-fetos-en-bolsas-en-un-allanamiento-en-una-clinica\/\",\"url\":\"https:\/\/gysfm.com.ar\/inicio\/la-policia-encontro-fetos-en-bolsas-en-un-allanamiento-en-una-clinica\/\",\"name\":\"La polic\u00eda encontr\u00f3 fetos en bolsas en un allanamiento en una cl\u00ednica - GYS NOTICIAS |\",\"isPartOf\":{\"@id\":\"https:\/\/gysfm.com.ar\/inicio\/#website\"},\"primaryImageOfPage\":{\"@id\":\"https:\/\/gysfm.com.ar\/inicio\/la-policia-encontro-fetos-en-bolsas-en-un-allanamiento-en-una-clinica\/#primaryimage\"},\"image\":{\"@id\":\"https:\/\/gysfm.com.ar\/inicio\/la-policia-encontro-fetos-en-bolsas-en-un-allanamiento-en-una-clinica\/#primaryimage\"},\"thumbnailUrl\":\"https:\/\/gysfm.com.ar\/inicio\/wp-content\/uploads\/2026\/04\/clinica-santa-maria-2227636.jpg\",\"datePublished\":\"2026-04-27T01:55:29+00:00\",\"breadcrumb\":{\"@id\":\"https:\/\/gysfm.com.ar\/inicio\/la-policia-encontro-fetos-en-bolsas-en-un-allanamiento-en-una-clinica\/#breadcrumb\"},\"inLanguage\":\"es\",\"potentialAction\":[{\"@type\":\"ReadAction\",\"target\":[\"https:\/\/gysfm.com.ar\/inicio\/la-policia-encontro-fetos-en-bolsas-en-un-allanamiento-en-una-clinica\/\"]}]},{\"@type\":\"ImageObject\",\"inLanguage\":\"es\",\"@id\":\"https:\/\/gysfm.com.ar\/inicio\/la-policia-encontro-fetos-en-bolsas-en-un-allanamiento-en-una-clinica\/#primaryimage\",\"url\":\"https:\/\/gysfm.com.ar\/inicio\/wp-content\/uploads\/2026\/04\/clinica-santa-maria-2227636.jpg\",\"contentUrl\":\"https:\/\/gysfm.com.ar\/inicio\/wp-content\/uploads\/2026\/04\/clinica-santa-maria-2227636.jpg\",\"width\":1140,\"height\":641},{\"@type\":\"BreadcrumbList\",\"@id\":\"https:\/\/gysfm.com.ar\/inicio\/la-policia-encontro-fetos-en-bolsas-en-un-allanamiento-en-una-clinica\/#breadcrumb\",\"itemListElement\":[{\"@type\":\"ListItem\",\"position\":1,\"name\":\"Portada\",\"item\":\"https:\/\/gysfm.com.ar\/inicio\/\"},{\"@type\":\"ListItem\",\"position\":2,\"name\":\"La polic\u00eda encontr\u00f3 fetos en bolsas en un allanamiento en una cl\u00ednica\"}]},{\"@type\":\"WebSite\",\"@id\":\"https:\/\/gysfm.com.ar\/inicio\/#website\",\"url\":\"https:\/\/gysfm.com.ar\/inicio\/\",\"name\":\"GYS NOTICIAS |\",\"description\":\"DIARIO - RADIO ONLINE SAN JUAN ARGENTINA\",\"publisher\":{\"@id\":\"https:\/\/gysfm.com.ar\/inicio\/#organization\"},\"potentialAction\":[{\"@type\":\"SearchAction\",\"target\":{\"@type\":\"EntryPoint\",\"urlTemplate\":\"https:\/\/gysfm.com.ar\/inicio\/?s={search_term_string}\"},\"query-input\":{\"@type\":\"PropertyValueSpecification\",\"valueRequired\":true,\"valueName\":\"search_term_string\"}}],\"inLanguage\":\"es\"},{\"@type\":\"Organization\",\"@id\":\"https:\/\/gysfm.com.ar\/inicio\/#organization\",\"name\":\"GYS NOTICIAS |\",\"url\":\"https:\/\/gysfm.com.ar\/inicio\/\",\"logo\":{\"@type\":\"ImageObject\",\"inLanguage\":\"es\",\"@id\":\"https:\/\/gysfm.com.ar\/inicio\/#\/schema\/logo\/image\/\",\"url\":\"https:\/\/gysfm.com.ar\/inicio\/wp-content\/uploads\/2023\/07\/LOGOGYS-OK.png\",\"contentUrl\":\"https:\/\/gysfm.com.ar\/inicio\/wp-content\/uploads\/2023\/07\/LOGOGYS-OK.png\",\"width\":1170,\"height\":872,\"caption\":\"GYS NOTICIAS |\"},\"image\":{\"@id\":\"https:\/\/gysfm.com.ar\/inicio\/#\/schema\/logo\/image\/\"}},{\"@type\":\"Person\",\"@id\":\"https:\/\/gysfm.com.ar\/inicio\/#\/schema\/person\/3abba7593ef2ad19e1be221d54383dc5\",\"name\":\"Prensa G&amp;S FM\",\"image\":{\"@type\":\"ImageObject\",\"inLanguage\":\"es\",\"@id\":\"https:\/\/gysfm.com.ar\/inicio\/#\/schema\/person\/image\/\",\"url\":\"https:\/\/secure.gravatar.com\/avatar\/096ec78df02049ab018702bb4ccedf659377fa92a26540b5247612077a0dbd29?s=96&d=mm&r=g\",\"contentUrl\":\"https:\/\/secure.gravatar.com\/avatar\/096ec78df02049ab018702bb4ccedf659377fa92a26540b5247612077a0dbd29?s=96&d=mm&r=g\",\"caption\":\"Prensa G&amp;S FM\"},\"sameAs\":[\"https:\/\/gysfm.com.ar\/\"],\"url\":\"https:\/\/gysfm.com.ar\/inicio\/author\/lucasm\/\"}]}<\/script>\n<!-- \/ Yoast SEO plugin. -->","yoast_head_json":{"title":"La polic\u00eda encontr\u00f3 fetos en bolsas en un allanamiento en una cl\u00ednica - GYS NOTICIAS |","robots":{"index":"index","follow":"follow","max-snippet":"max-snippet:-1","max-image-preview":"max-image-preview:large","max-video-preview":"max-video-preview:-1"},"canonical":"https:\/\/gysfm.com.ar\/inicio\/la-policia-encontro-fetos-en-bolsas-en-un-allanamiento-en-una-clinica\/","og_locale":"es_ES","og_type":"article","og_title":"La polic\u00eda encontr\u00f3 fetos en bolsas en un allanamiento en una cl\u00ednica - GYS NOTICIAS |","og_description":"Tras un pedido del Poder Judicial de Santiago del Estero, el viernes 24 se realiz\u00f3 un allanamiento en la Cl\u00ednica Santa Mar\u00eda, en Villa Ballester, en el que se encontraron bolsas con restos de fetos humanos. En las \u00faltimas horas ingres\u00f3 a la causa otro dato clave, seg\u00fan fuentes del caso, hay una ONG involucrada [&hellip;]","og_url":"https:\/\/gysfm.com.ar\/inicio\/la-policia-encontro-fetos-en-bolsas-en-un-allanamiento-en-una-clinica\/","og_site_name":"GYS NOTICIAS |","article_published_time":"2026-04-27T01:55:29+00:00","author":"Prensa G&amp;S FM","twitter_card":"summary_large_image","twitter_misc":{"Escrito por":"Prensa G&amp;S FM","Tiempo de lectura":"3 minutos"},"schema":{"@context":"https:\/\/schema.org","@graph":[{"@type":"Article","@id":"https:\/\/gysfm.com.ar\/inicio\/la-policia-encontro-fetos-en-bolsas-en-un-allanamiento-en-una-clinica\/#article","isPartOf":{"@id":"https:\/\/gysfm.com.ar\/inicio\/la-policia-encontro-fetos-en-bolsas-en-un-allanamiento-en-una-clinica\/"},"author":{"name":"Prensa G&amp;S FM","@id":"https:\/\/gysfm.com.ar\/inicio\/#\/schema\/person\/3abba7593ef2ad19e1be221d54383dc5"},"headline":"La polic\u00eda encontr\u00f3 fetos en bolsas en un allanamiento en una cl\u00ednica","datePublished":"2026-04-27T01:55:29+00:00","mainEntityOfPage":{"@id":"https:\/\/gysfm.com.ar\/inicio\/la-policia-encontro-fetos-en-bolsas-en-un-allanamiento-en-una-clinica\/"},"wordCount":552,"publisher":{"@id":"https:\/\/gysfm.com.ar\/inicio\/#organization"},"image":{"@id":"https:\/\/gysfm.com.ar\/inicio\/la-policia-encontro-fetos-en-bolsas-en-un-allanamiento-en-una-clinica\/#primaryimage"},"thumbnailUrl":"https:\/\/gysfm.com.ar\/inicio\/wp-content\/uploads\/2026\/04\/clinica-santa-maria-2227636.jpg","articleSection":["NACIONALES"],"inLanguage":"es"},{"@type":"WebPage","@id":"https:\/\/gysfm.com.ar\/inicio\/la-policia-encontro-fetos-en-bolsas-en-un-allanamiento-en-una-clinica\/","url":"https:\/\/gysfm.com.ar\/inicio\/la-policia-encontro-fetos-en-bolsas-en-un-allanamiento-en-una-clinica\/","name":"La polic\u00eda encontr\u00f3 fetos en bolsas en un allanamiento en una cl\u00ednica - GYS NOTICIAS |","isPartOf":{"@id":"https:\/\/gysfm.com.ar\/inicio\/#website"},"primaryImageOfPage":{"@id":"https:\/\/gysfm.com.ar\/inicio\/la-policia-encontro-fetos-en-bolsas-en-un-allanamiento-en-una-clinica\/#primaryimage"},"image":{"@id":"https:\/\/gysfm.com.ar\/inicio\/la-policia-encontro-fetos-en-bolsas-en-un-allanamiento-en-una-clinica\/#primaryimage"},"thumbnailUrl":"https:\/\/gysfm.com.ar\/inicio\/wp-content\/uploads\/2026\/04\/clinica-santa-maria-2227636.jpg","datePublished":"2026-04-27T01:55:29+00:00","breadcrumb":{"@id":"https:\/\/gysfm.com.ar\/inicio\/la-policia-encontro-fetos-en-bolsas-en-un-allanamiento-en-una-clinica\/#breadcrumb"},"inLanguage":"es","potentialAction":[{"@type":"ReadAction","target":["https:\/\/gysfm.com.ar\/inicio\/la-policia-encontro-fetos-en-bolsas-en-un-allanamiento-en-una-clinica\/"]}]},{"@type":"ImageObject","inLanguage":"es","@id":"https:\/\/gysfm.com.ar\/inicio\/la-policia-encontro-fetos-en-bolsas-en-un-allanamiento-en-una-clinica\/#primaryimage","url":"https:\/\/gysfm.com.ar\/inicio\/wp-content\/uploads\/2026\/04\/clinica-santa-maria-2227636.jpg","contentUrl":"https:\/\/gysfm.com.ar\/inicio\/wp-content\/uploads\/2026\/04\/clinica-santa-maria-2227636.jpg","width":1140,"height":641},{"@type":"BreadcrumbList","@id":"https:\/\/gysfm.com.ar\/inicio\/la-policia-encontro-fetos-en-bolsas-en-un-allanamiento-en-una-clinica\/#breadcrumb","itemListElement":[{"@type":"ListItem","position":1,"name":"Portada","item":"https:\/\/gysfm.com.ar\/inicio\/"},{"@type":"ListItem","position":2,"name":"La polic\u00eda encontr\u00f3 fetos en bolsas en un allanamiento en una cl\u00ednica"}]},{"@type":"WebSite","@id":"https:\/\/gysfm.com.ar\/inicio\/#website","url":"https:\/\/gysfm.com.ar\/inicio\/","name":"GYS NOTICIAS |","description":"DIARIO - RADIO ONLINE SAN JUAN ARGENTINA","publisher":{"@id":"https:\/\/gysfm.com.ar\/inicio\/#organization"},"potentialAction":[{"@type":"SearchAction","target":{"@type":"EntryPoint","urlTemplate":"https:\/\/gysfm.com.ar\/inicio\/?s={search_term_string}"},"query-input":{"@type":"PropertyValueSpecification","valueRequired":true,"valueName":"search_term_string"}}],"inLanguage":"es"},{"@type":"Organization","@id":"https:\/\/gysfm.com.ar\/inicio\/#organization","name":"GYS NOTICIAS |","url":"https:\/\/gysfm.com.ar\/inicio\/","logo":{"@type":"ImageObject","inLanguage":"es","@id":"https:\/\/gysfm.com.ar\/inicio\/#\/schema\/logo\/image\/","url":"https:\/\/gysfm.com.ar\/inicio\/wp-content\/uploads\/2023\/07\/LOGOGYS-OK.png","contentUrl":"https:\/\/gysfm.com.ar\/inicio\/wp-content\/uploads\/2023\/07\/LOGOGYS-OK.png","width":1170,"height":872,"caption":"GYS NOTICIAS |"},"image":{"@id":"https:\/\/gysfm.com.ar\/inicio\/#\/schema\/logo\/image\/"}},{"@type":"Person","@id":"https:\/\/gysfm.com.ar\/inicio\/#\/schema\/person\/3abba7593ef2ad19e1be221d54383dc5","name":"Prensa G&amp;S FM","image":{"@type":"ImageObject","inLanguage":"es","@id":"https:\/\/gysfm.com.ar\/inicio\/#\/schema\/person\/image\/","url":"https:\/\/secure.gravatar.com\/avatar\/096ec78df02049ab018702bb4ccedf659377fa92a26540b5247612077a0dbd29?s=96&d=mm&r=g","contentUrl":"https:\/\/secure.gravatar.com\/avatar\/096ec78df02049ab018702bb4ccedf659377fa92a26540b5247612077a0dbd29?s=96&d=mm&r=g","caption":"Prensa G&amp;S FM"},"sameAs":["https:\/\/gysfm.com.ar\/"],"url":"https:\/\/gysfm.com.ar\/inicio\/author\/lucasm\/"}]}},"_links":{"self":[{"href":"https:\/\/gysfm.com.ar\/inicio\/wp-json\/wp\/v2\/posts\/193188","targetHints":{"allow":["GET"]}}],"collection":[{"href":"https:\/\/gysfm.com.ar\/inicio\/wp-json\/wp\/v2\/posts"}],"about":[{"href":"https:\/\/gysfm.com.ar\/inicio\/wp-json\/wp\/v2\/types\/post"}],"author":[{"embeddable":true,"href":"https:\/\/gysfm.com.ar\/inicio\/wp-json\/wp\/v2\/users\/2"}],"replies":[{"embeddable":true,"href":"https:\/\/gysfm.com.ar\/inicio\/wp-json\/wp\/v2\/comments?post=193188"}],"version-history":[{"count":0,"href":"https:\/\/gysfm.com.ar\/inicio\/wp-json\/wp\/v2\/posts\/193188\/revisions"}],"wp:featuredmedia":[{"embeddable":true,"href":"https:\/\/gysfm.com.ar\/inicio\/wp-json\/wp\/v2\/media\/193189"}],"wp:attachment":[{"href":"https:\/\/gysfm.com.ar\/inicio\/wp-json\/wp\/v2\/media?parent=193188"}],"wp:term":[{"taxonomy":"category","embeddable":true,"href":"https:\/\/gysfm.com.ar\/inicio\/wp-json\/wp\/v2\/categories?post=193188"},{"taxonomy":"post_tag","embeddable":true,"href":"https:\/\/gysfm.com.ar\/inicio\/wp-json\/wp\/v2\/tags?post=193188"}],"curies":[{"name":"wp","href":"https:\/\/api.w.org\/{rel}","templated":true}]}}