{"id":193182,"date":"2026-04-26T22:02:36","date_gmt":"2026-04-27T01:02:36","guid":{"rendered":"https:\/\/gysfm.com.ar\/inicio\/tiroteo-en-la-cena-anual-de-la-asociacion-de-corresponsales-trump-evacuado-tras-ingreso-de-un-tirador-al-hotel\/"},"modified":"2026-04-26T22:02:36","modified_gmt":"2026-04-27T01:02:36","slug":"tiroteo-en-la-cena-anual-de-la-asociacion-de-corresponsales-trump-evacuado-tras-ingreso-de-un-tirador-al-hotel","status":"publish","type":"post","link":"https:\/\/gysfm.com.ar\/inicio\/tiroteo-en-la-cena-anual-de-la-asociacion-de-corresponsales-trump-evacuado-tras-ingreso-de-un-tirador-al-hotel\/","title":{"rendered":"Tiroteo en la cena anual de la Asociaci\u00f3n de Corresponsales: Trump evacuado tras ingreso de un tirador al hotel"},"content":{"rendered":"<div><img loading=\"lazy\" decoding=\"async\" width=\"1440\" height=\"806\" src=\"https:\/\/diariosanjuan19.com.ar\/wp-content\/uploads\/2026\/04\/image-296.png\" class=\"attachment-post-thumbnail size-post-thumbnail wp-post-image\" alt=\"\"><\/div>\n<h4 class=\"wp-block-heading\"><em>Un hombre armado irrumpi\u00f3 en el evento donde el expresidente Donald Trump cenaba con periodistas en Washington D.C. Las c\u00e1maras de seguridad captaron su ingreso y la r\u00e1pida respuesta de los guardias. El atacante fue detenido; Trump y Melania fueron evacuados ilesos. El Servicio Secreto recibi\u00f3 reconocimiento p\u00fablico por su actuaci\u00f3n.<\/em><\/h4>\n<p>Las c\u00e1maras de seguridad del hotel The Ritz-Carlton en Washington D.C. registraron \u00edntegramente el momento en que un hombre armado ingres\u00f3 al recinto durante la cena anual de la Asociaci\u00f3n de Corresponsales de la Casa Blanca un evento al que asist\u00edan Donald Trump, su esposa Melania, el vicepresidente JD Vance y varios miembros de su gabinete. El video, posteriormente compartido por Trump en su red social Truth Social, muestra c\u00f3mo el individuo avanz\u00f3 por el vest\u00edbulo y fue inmediatamente identificado y contenido por los agentes de seguridad presentes.<\/p>\n<p>Aunque el tiroteo dur\u00f3 apenas unos segundos, gener\u00f3 caos inmediato dentro del sal\u00f3n: im\u00e1genes filtradas desde el interior muestran a los asistentes agach\u00e1ndose bajo las mesas, buscando refugio mientras se activaban los protocolos de emergencia. En cuesti\u00f3n de minutos, todo el recinto fue evacuado de forma ordenada. Trump y Melania fueron trasladados a un lugar seguro por el Servicio Secreto, y poco despu\u00e9s se confirm\u00f3 oficialmente que ambos se encontraban \u201ca salvo\u201d.<\/p>\n<p>El atacante fue reducido sin uso letal de armas, detenido en el acto y puesta su situaci\u00f3n a disposici\u00f3n de la Justicia federal. Las autoridades no han revelado a\u00fan su identidad ni sus motivaciones, aunque se inform\u00f3 que est\u00e1 siendo investigado por cargos federales relacionados con intento de asesinato y violaci\u00f3n de medidas de seguridad presidencial.<\/p>\n<p>En un mensaje publicado minutos despu\u00e9s del incidente, Trump destac\u00f3 la labor de los cuerpos de seguridad:\u00a0<em>\u201cUna noche memorable en Washington D.C. El Servicio Secreto y las fuerzas del orden hicieron un trabajo fant\u00e1stico. Actuaron con rapidez y valent\u00eda\u201d<\/em>. La AFP y otros medios internacionales corroboraron que el episodio ocurri\u00f3 en el marco del tradicional evento period\u00edstico \u2014una reuni\u00f3n que, hist\u00f3ricamente, busca fomentar el di\u00e1logo entre la prensa y figuras pol\u00edticas, pero que esta vez se convirti\u00f3 en escenario de una grave alerta de seguridad.<\/p>\n<p>La investigaci\u00f3n contin\u00faa bajo la supervisi\u00f3n del Departamento de Justicia y la Oficina del Fiscal Federal para el Distrito de Columbia. #PresuntoAtentadoAlPresidenteDeEE.UU <\/p>\n<div class=\"wp-block-image\">\n<figure class=\"aligncenter size-large\"><img loading=\"lazy\" decoding=\"async\" width=\"1024\" height=\"769\" src=\"https:\/\/diariosanjuan19.com.ar\/wp-content\/uploads\/2026\/04\/image-295-1024x769.png\" alt=\"\" class=\"wp-image-38605\"><\/figure>\n<\/div>\n<p>La entrada <a href=\"https:\/\/diariosanjuan19.com.ar\/tiroteo-en-la-cena-anual-de-la-asociacion-de-corresponsales-trump-evacuado-tras-ingreso-de-un-tirador-al-hotel\/\">Tiroteo en la cena anual de la Asociaci\u00f3n de Corresponsales: Trump evacuado tras ingreso de un tirador al hotel<\/a> se public\u00f3 primero en <a href=\"https:\/\/diariosanjuan19.com.ar\/\">DIARIO SAN JUAN 19<\/a>.<\/p>\n","protected":false},"excerpt":{"rendered":"<p>Un hombre armado irrumpi\u00f3 en el evento donde el expresidente Donald Trump cenaba con periodistas en Washington D.C. Las c\u00e1maras de seguridad captaron su ingreso y la r\u00e1pida respuesta de los guardias. El atacante fue detenido; Trump y Melania fueron evacuados ilesos. El Servicio Secreto recibi\u00f3 reconocimiento p\u00fablico por su actuaci\u00f3n. Las c\u00e1maras de seguridad [&hellip;]<\/p>\n","protected":false},"author":2,"featured_media":0,"comment_status":"closed","ping_status":"closed","sticky":false,"template":"","format":"standard","meta":{"footnotes":""},"categories":[26],"tags":[],"class_list":["post-193182","post","type-post","status-publish","format-standard","hentry","category-internacionales"],"yoast_head":"<!-- This site is optimized with the Yoast SEO plugin v24.4 - https:\/\/yoast.com\/wordpress\/plugins\/seo\/ -->\n<title>Tiroteo en la cena anual de la Asociaci\u00f3n de Corresponsales: Trump evacuado tras ingreso de un tirador al hotel - GYS NOTICIAS |<\/title>\n<meta name=\"robots\" content=\"index, follow, max-snippet:-1, max-image-preview:large, max-video-preview:-1\" \/>\n<link rel=\"canonical\" href=\"https:\/\/gysfm.com.ar\/inicio\/tiroteo-en-la-cena-anual-de-la-asociacion-de-corresponsales-trump-evacuado-tras-ingreso-de-un-tirador-al-hotel\/\" \/>\n<meta property=\"og:locale\" content=\"es_ES\" \/>\n<meta property=\"og:type\" content=\"article\" \/>\n<meta property=\"og:title\" content=\"Tiroteo en la cena anual de la Asociaci\u00f3n de Corresponsales: Trump evacuado tras ingreso de un tirador al hotel - GYS NOTICIAS |\" \/>\n<meta property=\"og:description\" content=\"Un hombre armado irrumpi\u00f3 en el evento donde el expresidente Donald Trump cenaba con periodistas en Washington D.C. Las c\u00e1maras de seguridad captaron su ingreso y la r\u00e1pida respuesta de los guardias. El atacante fue detenido; Trump y Melania fueron evacuados ilesos. El Servicio Secreto recibi\u00f3 reconocimiento p\u00fablico por su actuaci\u00f3n. Las c\u00e1maras de seguridad [&hellip;]\" \/>\n<meta property=\"og:url\" content=\"https:\/\/gysfm.com.ar\/inicio\/tiroteo-en-la-cena-anual-de-la-asociacion-de-corresponsales-trump-evacuado-tras-ingreso-de-un-tirador-al-hotel\/\" \/>\n<meta property=\"og:site_name\" content=\"GYS NOTICIAS |\" \/>\n<meta property=\"article:published_time\" content=\"2026-04-27T01:02:36+00:00\" \/>\n<meta property=\"og:image\" content=\"https:\/\/diariosanjuan19.com.ar\/wp-content\/uploads\/2026\/04\/image-296.png\" \/>\n<meta name=\"author\" content=\"Prensa G&amp;S FM\" \/>\n<meta name=\"twitter:card\" content=\"summary_large_image\" \/>\n<meta name=\"twitter:label1\" content=\"Escrito por\" \/>\n\t<meta name=\"twitter:data1\" content=\"Prensa G&amp;S FM\" \/>\n\t<meta name=\"twitter:label2\" content=\"Tiempo de lectura\" \/>\n\t<meta name=\"twitter:data2\" content=\"2 minutos\" \/>\n<script type=\"application\/ld+json\" class=\"yoast-schema-graph\">{\"@context\":\"https:\/\/schema.org\",\"@graph\":[{\"@type\":\"Article\",\"@id\":\"https:\/\/gysfm.com.ar\/inicio\/tiroteo-en-la-cena-anual-de-la-asociacion-de-corresponsales-trump-evacuado-tras-ingreso-de-un-tirador-al-hotel\/#article\",\"isPartOf\":{\"@id\":\"https:\/\/gysfm.com.ar\/inicio\/tiroteo-en-la-cena-anual-de-la-asociacion-de-corresponsales-trump-evacuado-tras-ingreso-de-un-tirador-al-hotel\/\"},\"author\":{\"name\":\"Prensa G&amp;S FM\",\"@id\":\"https:\/\/gysfm.com.ar\/inicio\/#\/schema\/person\/3abba7593ef2ad19e1be221d54383dc5\"},\"headline\":\"Tiroteo en la cena anual de la Asociaci\u00f3n de Corresponsales: Trump evacuado tras ingreso de un tirador al hotel\",\"datePublished\":\"2026-04-27T01:02:36+00:00\",\"mainEntityOfPage\":{\"@id\":\"https:\/\/gysfm.com.ar\/inicio\/tiroteo-en-la-cena-anual-de-la-asociacion-de-corresponsales-trump-evacuado-tras-ingreso-de-un-tirador-al-hotel\/\"},\"wordCount\":457,\"publisher\":{\"@id\":\"https:\/\/gysfm.com.ar\/inicio\/#organization\"},\"image\":{\"@id\":\"https:\/\/gysfm.com.ar\/inicio\/tiroteo-en-la-cena-anual-de-la-asociacion-de-corresponsales-trump-evacuado-tras-ingreso-de-un-tirador-al-hotel\/#primaryimage\"},\"thumbnailUrl\":\"https:\/\/diariosanjuan19.com.ar\/wp-content\/uploads\/2026\/04\/image-296.png\",\"articleSection\":[\"INTERNACIONALES\"],\"inLanguage\":\"es\"},{\"@type\":\"WebPage\",\"@id\":\"https:\/\/gysfm.com.ar\/inicio\/tiroteo-en-la-cena-anual-de-la-asociacion-de-corresponsales-trump-evacuado-tras-ingreso-de-un-tirador-al-hotel\/\",\"url\":\"https:\/\/gysfm.com.ar\/inicio\/tiroteo-en-la-cena-anual-de-la-asociacion-de-corresponsales-trump-evacuado-tras-ingreso-de-un-tirador-al-hotel\/\",\"name\":\"Tiroteo en la cena anual de la Asociaci\u00f3n de Corresponsales: Trump evacuado tras ingreso de un tirador al hotel - GYS NOTICIAS |\",\"isPartOf\":{\"@id\":\"https:\/\/gysfm.com.ar\/inicio\/#website\"},\"primaryImageOfPage\":{\"@id\":\"https:\/\/gysfm.com.ar\/inicio\/tiroteo-en-la-cena-anual-de-la-asociacion-de-corresponsales-trump-evacuado-tras-ingreso-de-un-tirador-al-hotel\/#primaryimage\"},\"image\":{\"@id\":\"https:\/\/gysfm.com.ar\/inicio\/tiroteo-en-la-cena-anual-de-la-asociacion-de-corresponsales-trump-evacuado-tras-ingreso-de-un-tirador-al-hotel\/#primaryimage\"},\"thumbnailUrl\":\"https:\/\/diariosanjuan19.com.ar\/wp-content\/uploads\/2026\/04\/image-296.png\",\"datePublished\":\"2026-04-27T01:02:36+00:00\",\"breadcrumb\":{\"@id\":\"https:\/\/gysfm.com.ar\/inicio\/tiroteo-en-la-cena-anual-de-la-asociacion-de-corresponsales-trump-evacuado-tras-ingreso-de-un-tirador-al-hotel\/#breadcrumb\"},\"inLanguage\":\"es\",\"potentialAction\":[{\"@type\":\"ReadAction\",\"target\":[\"https:\/\/gysfm.com.ar\/inicio\/tiroteo-en-la-cena-anual-de-la-asociacion-de-corresponsales-trump-evacuado-tras-ingreso-de-un-tirador-al-hotel\/\"]}]},{\"@type\":\"ImageObject\",\"inLanguage\":\"es\",\"@id\":\"https:\/\/gysfm.com.ar\/inicio\/tiroteo-en-la-cena-anual-de-la-asociacion-de-corresponsales-trump-evacuado-tras-ingreso-de-un-tirador-al-hotel\/#primaryimage\",\"url\":\"https:\/\/diariosanjuan19.com.ar\/wp-content\/uploads\/2026\/04\/image-296.png\",\"contentUrl\":\"https:\/\/diariosanjuan19.com.ar\/wp-content\/uploads\/2026\/04\/image-296.png\"},{\"@type\":\"BreadcrumbList\",\"@id\":\"https:\/\/gysfm.com.ar\/inicio\/tiroteo-en-la-cena-anual-de-la-asociacion-de-corresponsales-trump-evacuado-tras-ingreso-de-un-tirador-al-hotel\/#breadcrumb\",\"itemListElement\":[{\"@type\":\"ListItem\",\"position\":1,\"name\":\"Portada\",\"item\":\"https:\/\/gysfm.com.ar\/inicio\/\"},{\"@type\":\"ListItem\",\"position\":2,\"name\":\"Tiroteo en la cena anual de la Asociaci\u00f3n de Corresponsales: Trump evacuado tras ingreso de un tirador al hotel\"}]},{\"@type\":\"WebSite\",\"@id\":\"https:\/\/gysfm.com.ar\/inicio\/#website\",\"url\":\"https:\/\/gysfm.com.ar\/inicio\/\",\"name\":\"GYS NOTICIAS |\",\"description\":\"DIARIO - RADIO ONLINE SAN JUAN ARGENTINA\",\"publisher\":{\"@id\":\"https:\/\/gysfm.com.ar\/inicio\/#organization\"},\"potentialAction\":[{\"@type\":\"SearchAction\",\"target\":{\"@type\":\"EntryPoint\",\"urlTemplate\":\"https:\/\/gysfm.com.ar\/inicio\/?s={search_term_string}\"},\"query-input\":{\"@type\":\"PropertyValueSpecification\",\"valueRequired\":true,\"valueName\":\"search_term_string\"}}],\"inLanguage\":\"es\"},{\"@type\":\"Organization\",\"@id\":\"https:\/\/gysfm.com.ar\/inicio\/#organization\",\"name\":\"GYS NOTICIAS |\",\"url\":\"https:\/\/gysfm.com.ar\/inicio\/\",\"logo\":{\"@type\":\"ImageObject\",\"inLanguage\":\"es\",\"@id\":\"https:\/\/gysfm.com.ar\/inicio\/#\/schema\/logo\/image\/\",\"url\":\"https:\/\/gysfm.com.ar\/inicio\/wp-content\/uploads\/2023\/07\/LOGOGYS-OK.png\",\"contentUrl\":\"https:\/\/gysfm.com.ar\/inicio\/wp-content\/uploads\/2023\/07\/LOGOGYS-OK.png\",\"width\":1170,\"height\":872,\"caption\":\"GYS NOTICIAS |\"},\"image\":{\"@id\":\"https:\/\/gysfm.com.ar\/inicio\/#\/schema\/logo\/image\/\"}},{\"@type\":\"Person\",\"@id\":\"https:\/\/gysfm.com.ar\/inicio\/#\/schema\/person\/3abba7593ef2ad19e1be221d54383dc5\",\"name\":\"Prensa G&amp;S FM\",\"image\":{\"@type\":\"ImageObject\",\"inLanguage\":\"es\",\"@id\":\"https:\/\/gysfm.com.ar\/inicio\/#\/schema\/person\/image\/\",\"url\":\"https:\/\/secure.gravatar.com\/avatar\/096ec78df02049ab018702bb4ccedf659377fa92a26540b5247612077a0dbd29?s=96&d=mm&r=g\",\"contentUrl\":\"https:\/\/secure.gravatar.com\/avatar\/096ec78df02049ab018702bb4ccedf659377fa92a26540b5247612077a0dbd29?s=96&d=mm&r=g\",\"caption\":\"Prensa G&amp;S FM\"},\"sameAs\":[\"https:\/\/gysfm.com.ar\/\"],\"url\":\"https:\/\/gysfm.com.ar\/inicio\/author\/lucasm\/\"}]}<\/script>\n<!-- \/ Yoast SEO plugin. -->","yoast_head_json":{"title":"Tiroteo en la cena anual de la Asociaci\u00f3n de Corresponsales: Trump evacuado tras ingreso de un tirador al hotel - GYS NOTICIAS |","robots":{"index":"index","follow":"follow","max-snippet":"max-snippet:-1","max-image-preview":"max-image-preview:large","max-video-preview":"max-video-preview:-1"},"canonical":"https:\/\/gysfm.com.ar\/inicio\/tiroteo-en-la-cena-anual-de-la-asociacion-de-corresponsales-trump-evacuado-tras-ingreso-de-un-tirador-al-hotel\/","og_locale":"es_ES","og_type":"article","og_title":"Tiroteo en la cena anual de la Asociaci\u00f3n de Corresponsales: Trump evacuado tras ingreso de un tirador al hotel - GYS NOTICIAS |","og_description":"Un hombre armado irrumpi\u00f3 en el evento donde el expresidente Donald Trump cenaba con periodistas en Washington D.C. Las c\u00e1maras de seguridad captaron su ingreso y la r\u00e1pida respuesta de los guardias. El atacante fue detenido; Trump y Melania fueron evacuados ilesos. El Servicio Secreto recibi\u00f3 reconocimiento p\u00fablico por su actuaci\u00f3n. Las c\u00e1maras de seguridad [&hellip;]","og_url":"https:\/\/gysfm.com.ar\/inicio\/tiroteo-en-la-cena-anual-de-la-asociacion-de-corresponsales-trump-evacuado-tras-ingreso-de-un-tirador-al-hotel\/","og_site_name":"GYS NOTICIAS |","article_published_time":"2026-04-27T01:02:36+00:00","og_image":[{"url":"https:\/\/diariosanjuan19.com.ar\/wp-content\/uploads\/2026\/04\/image-296.png","type":"","width":"","height":""}],"author":"Prensa G&amp;S FM","twitter_card":"summary_large_image","twitter_misc":{"Escrito por":"Prensa G&amp;S FM","Tiempo de lectura":"2 minutos"},"schema":{"@context":"https:\/\/schema.org","@graph":[{"@type":"Article","@id":"https:\/\/gysfm.com.ar\/inicio\/tiroteo-en-la-cena-anual-de-la-asociacion-de-corresponsales-trump-evacuado-tras-ingreso-de-un-tirador-al-hotel\/#article","isPartOf":{"@id":"https:\/\/gysfm.com.ar\/inicio\/tiroteo-en-la-cena-anual-de-la-asociacion-de-corresponsales-trump-evacuado-tras-ingreso-de-un-tirador-al-hotel\/"},"author":{"name":"Prensa G&amp;S FM","@id":"https:\/\/gysfm.com.ar\/inicio\/#\/schema\/person\/3abba7593ef2ad19e1be221d54383dc5"},"headline":"Tiroteo en la cena anual de la Asociaci\u00f3n de Corresponsales: Trump evacuado tras ingreso de un tirador al hotel","datePublished":"2026-04-27T01:02:36+00:00","mainEntityOfPage":{"@id":"https:\/\/gysfm.com.ar\/inicio\/tiroteo-en-la-cena-anual-de-la-asociacion-de-corresponsales-trump-evacuado-tras-ingreso-de-un-tirador-al-hotel\/"},"wordCount":457,"publisher":{"@id":"https:\/\/gysfm.com.ar\/inicio\/#organization"},"image":{"@id":"https:\/\/gysfm.com.ar\/inicio\/tiroteo-en-la-cena-anual-de-la-asociacion-de-corresponsales-trump-evacuado-tras-ingreso-de-un-tirador-al-hotel\/#primaryimage"},"thumbnailUrl":"https:\/\/diariosanjuan19.com.ar\/wp-content\/uploads\/2026\/04\/image-296.png","articleSection":["INTERNACIONALES"],"inLanguage":"es"},{"@type":"WebPage","@id":"https:\/\/gysfm.com.ar\/inicio\/tiroteo-en-la-cena-anual-de-la-asociacion-de-corresponsales-trump-evacuado-tras-ingreso-de-un-tirador-al-hotel\/","url":"https:\/\/gysfm.com.ar\/inicio\/tiroteo-en-la-cena-anual-de-la-asociacion-de-corresponsales-trump-evacuado-tras-ingreso-de-un-tirador-al-hotel\/","name":"Tiroteo en la cena anual de la Asociaci\u00f3n de Corresponsales: Trump evacuado tras ingreso de un tirador al hotel - GYS NOTICIAS |","isPartOf":{"@id":"https:\/\/gysfm.com.ar\/inicio\/#website"},"primaryImageOfPage":{"@id":"https:\/\/gysfm.com.ar\/inicio\/tiroteo-en-la-cena-anual-de-la-asociacion-de-corresponsales-trump-evacuado-tras-ingreso-de-un-tirador-al-hotel\/#primaryimage"},"image":{"@id":"https:\/\/gysfm.com.ar\/inicio\/tiroteo-en-la-cena-anual-de-la-asociacion-de-corresponsales-trump-evacuado-tras-ingreso-de-un-tirador-al-hotel\/#primaryimage"},"thumbnailUrl":"https:\/\/diariosanjuan19.com.ar\/wp-content\/uploads\/2026\/04\/image-296.png","datePublished":"2026-04-27T01:02:36+00:00","breadcrumb":{"@id":"https:\/\/gysfm.com.ar\/inicio\/tiroteo-en-la-cena-anual-de-la-asociacion-de-corresponsales-trump-evacuado-tras-ingreso-de-un-tirador-al-hotel\/#breadcrumb"},"inLanguage":"es","potentialAction":[{"@type":"ReadAction","target":["https:\/\/gysfm.com.ar\/inicio\/tiroteo-en-la-cena-anual-de-la-asociacion-de-corresponsales-trump-evacuado-tras-ingreso-de-un-tirador-al-hotel\/"]}]},{"@type":"ImageObject","inLanguage":"es","@id":"https:\/\/gysfm.com.ar\/inicio\/tiroteo-en-la-cena-anual-de-la-asociacion-de-corresponsales-trump-evacuado-tras-ingreso-de-un-tirador-al-hotel\/#primaryimage","url":"https:\/\/diariosanjuan19.com.ar\/wp-content\/uploads\/2026\/04\/image-296.png","contentUrl":"https:\/\/diariosanjuan19.com.ar\/wp-content\/uploads\/2026\/04\/image-296.png"},{"@type":"BreadcrumbList","@id":"https:\/\/gysfm.com.ar\/inicio\/tiroteo-en-la-cena-anual-de-la-asociacion-de-corresponsales-trump-evacuado-tras-ingreso-de-un-tirador-al-hotel\/#breadcrumb","itemListElement":[{"@type":"ListItem","position":1,"name":"Portada","item":"https:\/\/gysfm.com.ar\/inicio\/"},{"@type":"ListItem","position":2,"name":"Tiroteo en la cena anual de la Asociaci\u00f3n de Corresponsales: Trump evacuado tras ingreso de un tirador al hotel"}]},{"@type":"WebSite","@id":"https:\/\/gysfm.com.ar\/inicio\/#website","url":"https:\/\/gysfm.com.ar\/inicio\/","name":"GYS NOTICIAS |","description":"DIARIO - RADIO ONLINE SAN JUAN ARGENTINA","publisher":{"@id":"https:\/\/gysfm.com.ar\/inicio\/#organization"},"potentialAction":[{"@type":"SearchAction","target":{"@type":"EntryPoint","urlTemplate":"https:\/\/gysfm.com.ar\/inicio\/?s={search_term_string}"},"query-input":{"@type":"PropertyValueSpecification","valueRequired":true,"valueName":"search_term_string"}}],"inLanguage":"es"},{"@type":"Organization","@id":"https:\/\/gysfm.com.ar\/inicio\/#organization","name":"GYS NOTICIAS |","url":"https:\/\/gysfm.com.ar\/inicio\/","logo":{"@type":"ImageObject","inLanguage":"es","@id":"https:\/\/gysfm.com.ar\/inicio\/#\/schema\/logo\/image\/","url":"https:\/\/gysfm.com.ar\/inicio\/wp-content\/uploads\/2023\/07\/LOGOGYS-OK.png","contentUrl":"https:\/\/gysfm.com.ar\/inicio\/wp-content\/uploads\/2023\/07\/LOGOGYS-OK.png","width":1170,"height":872,"caption":"GYS NOTICIAS |"},"image":{"@id":"https:\/\/gysfm.com.ar\/inicio\/#\/schema\/logo\/image\/"}},{"@type":"Person","@id":"https:\/\/gysfm.com.ar\/inicio\/#\/schema\/person\/3abba7593ef2ad19e1be221d54383dc5","name":"Prensa G&amp;S FM","image":{"@type":"ImageObject","inLanguage":"es","@id":"https:\/\/gysfm.com.ar\/inicio\/#\/schema\/person\/image\/","url":"https:\/\/secure.gravatar.com\/avatar\/096ec78df02049ab018702bb4ccedf659377fa92a26540b5247612077a0dbd29?s=96&d=mm&r=g","contentUrl":"https:\/\/secure.gravatar.com\/avatar\/096ec78df02049ab018702bb4ccedf659377fa92a26540b5247612077a0dbd29?s=96&d=mm&r=g","caption":"Prensa G&amp;S FM"},"sameAs":["https:\/\/gysfm.com.ar\/"],"url":"https:\/\/gysfm.com.ar\/inicio\/author\/lucasm\/"}]}},"_links":{"self":[{"href":"https:\/\/gysfm.com.ar\/inicio\/wp-json\/wp\/v2\/posts\/193182","targetHints":{"allow":["GET"]}}],"collection":[{"href":"https:\/\/gysfm.com.ar\/inicio\/wp-json\/wp\/v2\/posts"}],"about":[{"href":"https:\/\/gysfm.com.ar\/inicio\/wp-json\/wp\/v2\/types\/post"}],"author":[{"embeddable":true,"href":"https:\/\/gysfm.com.ar\/inicio\/wp-json\/wp\/v2\/users\/2"}],"replies":[{"embeddable":true,"href":"https:\/\/gysfm.com.ar\/inicio\/wp-json\/wp\/v2\/comments?post=193182"}],"version-history":[{"count":0,"href":"https:\/\/gysfm.com.ar\/inicio\/wp-json\/wp\/v2\/posts\/193182\/revisions"}],"wp:attachment":[{"href":"https:\/\/gysfm.com.ar\/inicio\/wp-json\/wp\/v2\/media?parent=193182"}],"wp:term":[{"taxonomy":"category","embeddable":true,"href":"https:\/\/gysfm.com.ar\/inicio\/wp-json\/wp\/v2\/categories?post=193182"},{"taxonomy":"post_tag","embeddable":true,"href":"https:\/\/gysfm.com.ar\/inicio\/wp-json\/wp\/v2\/tags?post=193182"}],"curies":[{"name":"wp","href":"https:\/\/api.w.org\/{rel}","templated":true}]}}