{"id":193180,"date":"2026-04-26T21:52:28","date_gmt":"2026-04-27T00:52:28","guid":{"rendered":"https:\/\/gysfm.com.ar\/inicio\/esteban-andrada-agredio-a-un-rival-tras-recibir-una-tarjeta-roja-y-sentencio-su-salida-de-espana\/"},"modified":"2026-04-26T21:52:28","modified_gmt":"2026-04-27T00:52:28","slug":"esteban-andrada-agredio-a-un-rival-tras-recibir-una-tarjeta-roja-y-sentencio-su-salida-de-espana","status":"publish","type":"post","link":"https:\/\/gysfm.com.ar\/inicio\/esteban-andrada-agredio-a-un-rival-tras-recibir-una-tarjeta-roja-y-sentencio-su-salida-de-espana\/","title":{"rendered":"Esteban Andrada agredi\u00f3 a un rival tras recibir una tarjeta roja y sentenci\u00f3 su salida de Espa\u00f1a"},"content":{"rendered":"<p><\/p>\n<div>\n<p>El ex arquero de <a target=\"_blank\" href=\"https:\/\/442.perfil.com\/noticias\/futbol\/boca-apabullo-a-defensa-en-florencio-varela-y-los-memes-inundaron-las-redes-sociales.phtml\"><strong>Boca Juniors<\/strong><\/a>, <strong>Esteban Andrada<\/strong>, protagoniz\u00f3 un episodio lamentable en el cierre del encuentro donde su equipo, el <strong>Real Zaragoza<\/strong>, cay\u00f3 por 1-0 ante el <strong>Huesca<\/strong>. Cerca de los 99 minutos, tras recibir una tarjeta roja por doble amarilla, el guardameta perdi\u00f3 los estribos y le asest\u00f3 un directo pu\u00f1etazo al capit\u00e1n rival, <strong>Jorge Pulido<\/strong>, en una imagen que r\u00e1pidamente se viraliz\u00f3 en todas las redes sociales.<\/p>\n<p><iframe id=\"vrudo\" class=\"vrudo\" src=\"https:\/\/rudo.video\/vod\/bWrf9V?volume=0\" width=\"100%\" height=\"100%\" allowscriptaccess=\"always\" allowfullscreen=\"true\" webkitallowfullscreen=\"true\" frameborder=\"0\" scrolling=\"no\" allow=\"autoplay; fullscreen\" loading=\"lazy\"><\/iframe><\/p>\n<p class=\"destacadoNota\"><a target=\"_blank\" href=\"https:\/\/442.perfil.com\/noticias\/futbol\/chelsea-finalista-de-la-fa-cup-le-gano-al-leeds-en-wembley-con-gol-de-enzo-fernandez.phtml\">Chelsea finalista de la FA Cup: le gan\u00f3 al Leeds en Wembley con gol de Enzo Fern\u00e1ndez<\/a><\/p>\n<p>Esta reacci\u00f3n desmedida se suma a una temporada para el olvido, donde <strong>Andrada<\/strong> no ha logrado consolidar el nivel que supo mostrar en el f\u00fatbol sudamericano. Su desempe\u00f1o en esta campa\u00f1a ha sido irregular, con actuaciones que dejaron dudas bajo los tres palos y una marcada falta de continuidad que erosion\u00f3 su confianza, dej\u00e1ndolo lejos de ser aquel referente de seguridad que supo brillar a\u00f1os atr\u00e1s.<\/p>\n<h2><em><strong>Un presente marcado por la inestabilidad<\/strong><\/em><\/h2>\n<p>El paso del mendocino por el f\u00fatbol ib\u00e9rico est\u00e1 siendo, cuanto menos, decepcionante. Con el <strong>Zaragoza<\/strong> peleando desesperadamente por la permanencia en la segunda categor\u00eda, el arquero ha sumado minutos que no se tradujeron en solidez para el equipo. La falta de regularidad y errores t\u00e1cticos lo pusieron bajo la lupa de la prensa local y de los hinchas, que hoy ven en su salida de la cancha una mancha dif\u00edcil de borrar para el escudo.<\/p>\n<div style=\"text-align:center\">\n<figure class=\"image\" style=\"display:inline-block\"><img decoding=\"async\" style=\"max-width: 100%; width: 100%;\" alt=\"Esteban Andrada en Zaragoza\" src=\"https:\/\/fotos.perfil.com\/\/2026\/04\/26\/900\/0\/esteban-andrada-en-zaragoza-2227997.jpg\" loading=\"lazy\"\/>&#13;<figcaption>Esteban Andrada en Zaragoza<\/figcaption>&#13;<br \/>\n<\/figure>\n<\/div>\n<p class=\"destacadoNota\"><a target=\"_blank\" href=\"https:\/\/442.perfil.com\/noticias\/mundial-2026\/alerta-mundial-xavi-simons-duda-por-lesion.phtml\">Otra baja para el Mundial 2026: un jugador neerland\u00e9s de la Premier League encendi\u00f3 las alarmas<\/a><\/p>\n<p>Tras el incidente, el clima en el vestuario es de m\u00e1xima tensi\u00f3n y el cuerpo t\u00e9cnico deber\u00e1 evaluar el impacto de esta sanci\u00f3n, que se prev\u00e9 ser\u00e1 hist\u00f3rica. Con el club al borde del descenso a la <strong>Primera RFEF<\/strong>, la situaci\u00f3n de <strong>Andrada<\/strong> parece haber llegado a un punto de no retorno. El futuro del jugador, cuyo pr\u00e9stamo finaliza pr\u00f3ximamente, es una inc\u00f3gnita total en medio de un contexto deportivo cr\u00edtico.<\/p>\n<p><em><strong>LT.<\/strong><\/em><\/p>\n<p>\t\t\t\t\t<!-- tags --><\/p><\/div>\n<p><script async defer crossorigin=\"anonymous\" src=\"https:\/\/connect.facebook.net\/es_LA\/sdk.js#xfbml=1&#038;version=v10.0&#038;appId=2243118389309392&#038;autoLogAppEvents=1\" nonce=\"9rD4vd6X\"><\/script><\/p>\n","protected":false},"excerpt":{"rendered":"<p>El ex arquero de Boca Juniors, Esteban Andrada, protagoniz\u00f3 un episodio lamentable en el cierre del encuentro donde su equipo, el Real Zaragoza, cay\u00f3 por 1-0 ante el Huesca. Cerca de los 99 minutos, tras recibir una tarjeta roja por doble amarilla, el guardameta perdi\u00f3 los estribos y le asest\u00f3 un directo pu\u00f1etazo al capit\u00e1n [&hellip;]<\/p>\n","protected":false},"author":2,"featured_media":193181,"comment_status":"closed","ping_status":"closed","sticky":false,"template":"","format":"standard","meta":{"footnotes":""},"categories":[25],"tags":[],"class_list":["post-193180","post","type-post","status-publish","format-standard","has-post-thumbnail","hentry","category-nacionales"],"yoast_head":"<!-- This site is optimized with the Yoast SEO plugin v24.4 - https:\/\/yoast.com\/wordpress\/plugins\/seo\/ -->\n<title>Esteban Andrada agredi\u00f3 a un rival tras recibir una tarjeta roja y sentenci\u00f3 su salida de Espa\u00f1a - GYS NOTICIAS |<\/title>\n<meta name=\"robots\" content=\"index, follow, max-snippet:-1, max-image-preview:large, max-video-preview:-1\" \/>\n<link rel=\"canonical\" href=\"https:\/\/gysfm.com.ar\/inicio\/esteban-andrada-agredio-a-un-rival-tras-recibir-una-tarjeta-roja-y-sentencio-su-salida-de-espana\/\" \/>\n<meta property=\"og:locale\" content=\"es_ES\" \/>\n<meta property=\"og:type\" content=\"article\" \/>\n<meta property=\"og:title\" content=\"Esteban Andrada agredi\u00f3 a un rival tras recibir una tarjeta roja y sentenci\u00f3 su salida de Espa\u00f1a - GYS NOTICIAS |\" \/>\n<meta property=\"og:description\" content=\"El ex arquero de Boca Juniors, Esteban Andrada, protagoniz\u00f3 un episodio lamentable en el cierre del encuentro donde su equipo, el Real Zaragoza, cay\u00f3 por 1-0 ante el Huesca. Cerca de los 99 minutos, tras recibir una tarjeta roja por doble amarilla, el guardameta perdi\u00f3 los estribos y le asest\u00f3 un directo pu\u00f1etazo al capit\u00e1n [&hellip;]\" \/>\n<meta property=\"og:url\" content=\"https:\/\/gysfm.com.ar\/inicio\/esteban-andrada-agredio-a-un-rival-tras-recibir-una-tarjeta-roja-y-sentencio-su-salida-de-espana\/\" \/>\n<meta property=\"og:site_name\" content=\"GYS NOTICIAS |\" \/>\n<meta property=\"article:published_time\" content=\"2026-04-27T00:52:28+00:00\" \/>\n<meta property=\"og:image\" content=\"https:\/\/fotos.perfil.com\/\/2026\/04\/26\/900\/0\/esteban-andrada-en-zaragoza-2227997.jpg\" \/>\n<meta name=\"author\" content=\"Prensa G&amp;S FM\" \/>\n<meta name=\"twitter:card\" content=\"summary_large_image\" \/>\n<meta name=\"twitter:label1\" content=\"Escrito por\" \/>\n\t<meta name=\"twitter:data1\" content=\"Prensa G&amp;S FM\" \/>\n\t<meta name=\"twitter:label2\" content=\"Tiempo de lectura\" \/>\n\t<meta name=\"twitter:data2\" content=\"2 minutos\" \/>\n<script type=\"application\/ld+json\" class=\"yoast-schema-graph\">{\"@context\":\"https:\/\/schema.org\",\"@graph\":[{\"@type\":\"Article\",\"@id\":\"https:\/\/gysfm.com.ar\/inicio\/esteban-andrada-agredio-a-un-rival-tras-recibir-una-tarjeta-roja-y-sentencio-su-salida-de-espana\/#article\",\"isPartOf\":{\"@id\":\"https:\/\/gysfm.com.ar\/inicio\/esteban-andrada-agredio-a-un-rival-tras-recibir-una-tarjeta-roja-y-sentencio-su-salida-de-espana\/\"},\"author\":{\"name\":\"Prensa G&amp;S FM\",\"@id\":\"https:\/\/gysfm.com.ar\/inicio\/#\/schema\/person\/3abba7593ef2ad19e1be221d54383dc5\"},\"headline\":\"Esteban Andrada agredi\u00f3 a un rival tras recibir una tarjeta roja y sentenci\u00f3 su salida de Espa\u00f1a\",\"datePublished\":\"2026-04-27T00:52:28+00:00\",\"mainEntityOfPage\":{\"@id\":\"https:\/\/gysfm.com.ar\/inicio\/esteban-andrada-agredio-a-un-rival-tras-recibir-una-tarjeta-roja-y-sentencio-su-salida-de-espana\/\"},\"wordCount\":370,\"publisher\":{\"@id\":\"https:\/\/gysfm.com.ar\/inicio\/#organization\"},\"image\":{\"@id\":\"https:\/\/gysfm.com.ar\/inicio\/esteban-andrada-agredio-a-un-rival-tras-recibir-una-tarjeta-roja-y-sentencio-su-salida-de-espana\/#primaryimage\"},\"thumbnailUrl\":\"https:\/\/gysfm.com.ar\/inicio\/wp-content\/uploads\/2026\/04\/esteban-andrada-en-zaragoza-2227999.jpg\",\"articleSection\":[\"NACIONALES\"],\"inLanguage\":\"es\"},{\"@type\":\"WebPage\",\"@id\":\"https:\/\/gysfm.com.ar\/inicio\/esteban-andrada-agredio-a-un-rival-tras-recibir-una-tarjeta-roja-y-sentencio-su-salida-de-espana\/\",\"url\":\"https:\/\/gysfm.com.ar\/inicio\/esteban-andrada-agredio-a-un-rival-tras-recibir-una-tarjeta-roja-y-sentencio-su-salida-de-espana\/\",\"name\":\"Esteban Andrada agredi\u00f3 a un rival tras recibir una tarjeta roja y sentenci\u00f3 su salida de Espa\u00f1a - GYS NOTICIAS |\",\"isPartOf\":{\"@id\":\"https:\/\/gysfm.com.ar\/inicio\/#website\"},\"primaryImageOfPage\":{\"@id\":\"https:\/\/gysfm.com.ar\/inicio\/esteban-andrada-agredio-a-un-rival-tras-recibir-una-tarjeta-roja-y-sentencio-su-salida-de-espana\/#primaryimage\"},\"image\":{\"@id\":\"https:\/\/gysfm.com.ar\/inicio\/esteban-andrada-agredio-a-un-rival-tras-recibir-una-tarjeta-roja-y-sentencio-su-salida-de-espana\/#primaryimage\"},\"thumbnailUrl\":\"https:\/\/gysfm.com.ar\/inicio\/wp-content\/uploads\/2026\/04\/esteban-andrada-en-zaragoza-2227999.jpg\",\"datePublished\":\"2026-04-27T00:52:28+00:00\",\"breadcrumb\":{\"@id\":\"https:\/\/gysfm.com.ar\/inicio\/esteban-andrada-agredio-a-un-rival-tras-recibir-una-tarjeta-roja-y-sentencio-su-salida-de-espana\/#breadcrumb\"},\"inLanguage\":\"es\",\"potentialAction\":[{\"@type\":\"ReadAction\",\"target\":[\"https:\/\/gysfm.com.ar\/inicio\/esteban-andrada-agredio-a-un-rival-tras-recibir-una-tarjeta-roja-y-sentencio-su-salida-de-espana\/\"]}]},{\"@type\":\"ImageObject\",\"inLanguage\":\"es\",\"@id\":\"https:\/\/gysfm.com.ar\/inicio\/esteban-andrada-agredio-a-un-rival-tras-recibir-una-tarjeta-roja-y-sentencio-su-salida-de-espana\/#primaryimage\",\"url\":\"https:\/\/gysfm.com.ar\/inicio\/wp-content\/uploads\/2026\/04\/esteban-andrada-en-zaragoza-2227999.jpg\",\"contentUrl\":\"https:\/\/gysfm.com.ar\/inicio\/wp-content\/uploads\/2026\/04\/esteban-andrada-en-zaragoza-2227999.jpg\",\"width\":1140,\"height\":641},{\"@type\":\"BreadcrumbList\",\"@id\":\"https:\/\/gysfm.com.ar\/inicio\/esteban-andrada-agredio-a-un-rival-tras-recibir-una-tarjeta-roja-y-sentencio-su-salida-de-espana\/#breadcrumb\",\"itemListElement\":[{\"@type\":\"ListItem\",\"position\":1,\"name\":\"Portada\",\"item\":\"https:\/\/gysfm.com.ar\/inicio\/\"},{\"@type\":\"ListItem\",\"position\":2,\"name\":\"Esteban Andrada agredi\u00f3 a un rival tras recibir una tarjeta roja y sentenci\u00f3 su salida de Espa\u00f1a\"}]},{\"@type\":\"WebSite\",\"@id\":\"https:\/\/gysfm.com.ar\/inicio\/#website\",\"url\":\"https:\/\/gysfm.com.ar\/inicio\/\",\"name\":\"GYS NOTICIAS |\",\"description\":\"DIARIO - RADIO ONLINE SAN JUAN ARGENTINA\",\"publisher\":{\"@id\":\"https:\/\/gysfm.com.ar\/inicio\/#organization\"},\"potentialAction\":[{\"@type\":\"SearchAction\",\"target\":{\"@type\":\"EntryPoint\",\"urlTemplate\":\"https:\/\/gysfm.com.ar\/inicio\/?s={search_term_string}\"},\"query-input\":{\"@type\":\"PropertyValueSpecification\",\"valueRequired\":true,\"valueName\":\"search_term_string\"}}],\"inLanguage\":\"es\"},{\"@type\":\"Organization\",\"@id\":\"https:\/\/gysfm.com.ar\/inicio\/#organization\",\"name\":\"GYS NOTICIAS |\",\"url\":\"https:\/\/gysfm.com.ar\/inicio\/\",\"logo\":{\"@type\":\"ImageObject\",\"inLanguage\":\"es\",\"@id\":\"https:\/\/gysfm.com.ar\/inicio\/#\/schema\/logo\/image\/\",\"url\":\"https:\/\/gysfm.com.ar\/inicio\/wp-content\/uploads\/2023\/07\/LOGOGYS-OK.png\",\"contentUrl\":\"https:\/\/gysfm.com.ar\/inicio\/wp-content\/uploads\/2023\/07\/LOGOGYS-OK.png\",\"width\":1170,\"height\":872,\"caption\":\"GYS NOTICIAS |\"},\"image\":{\"@id\":\"https:\/\/gysfm.com.ar\/inicio\/#\/schema\/logo\/image\/\"}},{\"@type\":\"Person\",\"@id\":\"https:\/\/gysfm.com.ar\/inicio\/#\/schema\/person\/3abba7593ef2ad19e1be221d54383dc5\",\"name\":\"Prensa G&amp;S FM\",\"image\":{\"@type\":\"ImageObject\",\"inLanguage\":\"es\",\"@id\":\"https:\/\/gysfm.com.ar\/inicio\/#\/schema\/person\/image\/\",\"url\":\"https:\/\/secure.gravatar.com\/avatar\/096ec78df02049ab018702bb4ccedf659377fa92a26540b5247612077a0dbd29?s=96&d=mm&r=g\",\"contentUrl\":\"https:\/\/secure.gravatar.com\/avatar\/096ec78df02049ab018702bb4ccedf659377fa92a26540b5247612077a0dbd29?s=96&d=mm&r=g\",\"caption\":\"Prensa G&amp;S FM\"},\"sameAs\":[\"https:\/\/gysfm.com.ar\/\"],\"url\":\"https:\/\/gysfm.com.ar\/inicio\/author\/lucasm\/\"}]}<\/script>\n<!-- \/ Yoast SEO plugin. -->","yoast_head_json":{"title":"Esteban Andrada agredi\u00f3 a un rival tras recibir una tarjeta roja y sentenci\u00f3 su salida de Espa\u00f1a - GYS NOTICIAS |","robots":{"index":"index","follow":"follow","max-snippet":"max-snippet:-1","max-image-preview":"max-image-preview:large","max-video-preview":"max-video-preview:-1"},"canonical":"https:\/\/gysfm.com.ar\/inicio\/esteban-andrada-agredio-a-un-rival-tras-recibir-una-tarjeta-roja-y-sentencio-su-salida-de-espana\/","og_locale":"es_ES","og_type":"article","og_title":"Esteban Andrada agredi\u00f3 a un rival tras recibir una tarjeta roja y sentenci\u00f3 su salida de Espa\u00f1a - GYS NOTICIAS |","og_description":"El ex arquero de Boca Juniors, Esteban Andrada, protagoniz\u00f3 un episodio lamentable en el cierre del encuentro donde su equipo, el Real Zaragoza, cay\u00f3 por 1-0 ante el Huesca. Cerca de los 99 minutos, tras recibir una tarjeta roja por doble amarilla, el guardameta perdi\u00f3 los estribos y le asest\u00f3 un directo pu\u00f1etazo al capit\u00e1n [&hellip;]","og_url":"https:\/\/gysfm.com.ar\/inicio\/esteban-andrada-agredio-a-un-rival-tras-recibir-una-tarjeta-roja-y-sentencio-su-salida-de-espana\/","og_site_name":"GYS NOTICIAS |","article_published_time":"2026-04-27T00:52:28+00:00","og_image":[{"url":"https:\/\/fotos.perfil.com\/\/2026\/04\/26\/900\/0\/esteban-andrada-en-zaragoza-2227997.jpg","type":"","width":"","height":""}],"author":"Prensa G&amp;S FM","twitter_card":"summary_large_image","twitter_misc":{"Escrito por":"Prensa G&amp;S FM","Tiempo de lectura":"2 minutos"},"schema":{"@context":"https:\/\/schema.org","@graph":[{"@type":"Article","@id":"https:\/\/gysfm.com.ar\/inicio\/esteban-andrada-agredio-a-un-rival-tras-recibir-una-tarjeta-roja-y-sentencio-su-salida-de-espana\/#article","isPartOf":{"@id":"https:\/\/gysfm.com.ar\/inicio\/esteban-andrada-agredio-a-un-rival-tras-recibir-una-tarjeta-roja-y-sentencio-su-salida-de-espana\/"},"author":{"name":"Prensa G&amp;S FM","@id":"https:\/\/gysfm.com.ar\/inicio\/#\/schema\/person\/3abba7593ef2ad19e1be221d54383dc5"},"headline":"Esteban Andrada agredi\u00f3 a un rival tras recibir una tarjeta roja y sentenci\u00f3 su salida de Espa\u00f1a","datePublished":"2026-04-27T00:52:28+00:00","mainEntityOfPage":{"@id":"https:\/\/gysfm.com.ar\/inicio\/esteban-andrada-agredio-a-un-rival-tras-recibir-una-tarjeta-roja-y-sentencio-su-salida-de-espana\/"},"wordCount":370,"publisher":{"@id":"https:\/\/gysfm.com.ar\/inicio\/#organization"},"image":{"@id":"https:\/\/gysfm.com.ar\/inicio\/esteban-andrada-agredio-a-un-rival-tras-recibir-una-tarjeta-roja-y-sentencio-su-salida-de-espana\/#primaryimage"},"thumbnailUrl":"https:\/\/gysfm.com.ar\/inicio\/wp-content\/uploads\/2026\/04\/esteban-andrada-en-zaragoza-2227999.jpg","articleSection":["NACIONALES"],"inLanguage":"es"},{"@type":"WebPage","@id":"https:\/\/gysfm.com.ar\/inicio\/esteban-andrada-agredio-a-un-rival-tras-recibir-una-tarjeta-roja-y-sentencio-su-salida-de-espana\/","url":"https:\/\/gysfm.com.ar\/inicio\/esteban-andrada-agredio-a-un-rival-tras-recibir-una-tarjeta-roja-y-sentencio-su-salida-de-espana\/","name":"Esteban Andrada agredi\u00f3 a un rival tras recibir una tarjeta roja y sentenci\u00f3 su salida de Espa\u00f1a - GYS NOTICIAS |","isPartOf":{"@id":"https:\/\/gysfm.com.ar\/inicio\/#website"},"primaryImageOfPage":{"@id":"https:\/\/gysfm.com.ar\/inicio\/esteban-andrada-agredio-a-un-rival-tras-recibir-una-tarjeta-roja-y-sentencio-su-salida-de-espana\/#primaryimage"},"image":{"@id":"https:\/\/gysfm.com.ar\/inicio\/esteban-andrada-agredio-a-un-rival-tras-recibir-una-tarjeta-roja-y-sentencio-su-salida-de-espana\/#primaryimage"},"thumbnailUrl":"https:\/\/gysfm.com.ar\/inicio\/wp-content\/uploads\/2026\/04\/esteban-andrada-en-zaragoza-2227999.jpg","datePublished":"2026-04-27T00:52:28+00:00","breadcrumb":{"@id":"https:\/\/gysfm.com.ar\/inicio\/esteban-andrada-agredio-a-un-rival-tras-recibir-una-tarjeta-roja-y-sentencio-su-salida-de-espana\/#breadcrumb"},"inLanguage":"es","potentialAction":[{"@type":"ReadAction","target":["https:\/\/gysfm.com.ar\/inicio\/esteban-andrada-agredio-a-un-rival-tras-recibir-una-tarjeta-roja-y-sentencio-su-salida-de-espana\/"]}]},{"@type":"ImageObject","inLanguage":"es","@id":"https:\/\/gysfm.com.ar\/inicio\/esteban-andrada-agredio-a-un-rival-tras-recibir-una-tarjeta-roja-y-sentencio-su-salida-de-espana\/#primaryimage","url":"https:\/\/gysfm.com.ar\/inicio\/wp-content\/uploads\/2026\/04\/esteban-andrada-en-zaragoza-2227999.jpg","contentUrl":"https:\/\/gysfm.com.ar\/inicio\/wp-content\/uploads\/2026\/04\/esteban-andrada-en-zaragoza-2227999.jpg","width":1140,"height":641},{"@type":"BreadcrumbList","@id":"https:\/\/gysfm.com.ar\/inicio\/esteban-andrada-agredio-a-un-rival-tras-recibir-una-tarjeta-roja-y-sentencio-su-salida-de-espana\/#breadcrumb","itemListElement":[{"@type":"ListItem","position":1,"name":"Portada","item":"https:\/\/gysfm.com.ar\/inicio\/"},{"@type":"ListItem","position":2,"name":"Esteban Andrada agredi\u00f3 a un rival tras recibir una tarjeta roja y sentenci\u00f3 su salida de Espa\u00f1a"}]},{"@type":"WebSite","@id":"https:\/\/gysfm.com.ar\/inicio\/#website","url":"https:\/\/gysfm.com.ar\/inicio\/","name":"GYS NOTICIAS |","description":"DIARIO - RADIO ONLINE SAN JUAN ARGENTINA","publisher":{"@id":"https:\/\/gysfm.com.ar\/inicio\/#organization"},"potentialAction":[{"@type":"SearchAction","target":{"@type":"EntryPoint","urlTemplate":"https:\/\/gysfm.com.ar\/inicio\/?s={search_term_string}"},"query-input":{"@type":"PropertyValueSpecification","valueRequired":true,"valueName":"search_term_string"}}],"inLanguage":"es"},{"@type":"Organization","@id":"https:\/\/gysfm.com.ar\/inicio\/#organization","name":"GYS NOTICIAS |","url":"https:\/\/gysfm.com.ar\/inicio\/","logo":{"@type":"ImageObject","inLanguage":"es","@id":"https:\/\/gysfm.com.ar\/inicio\/#\/schema\/logo\/image\/","url":"https:\/\/gysfm.com.ar\/inicio\/wp-content\/uploads\/2023\/07\/LOGOGYS-OK.png","contentUrl":"https:\/\/gysfm.com.ar\/inicio\/wp-content\/uploads\/2023\/07\/LOGOGYS-OK.png","width":1170,"height":872,"caption":"GYS NOTICIAS |"},"image":{"@id":"https:\/\/gysfm.com.ar\/inicio\/#\/schema\/logo\/image\/"}},{"@type":"Person","@id":"https:\/\/gysfm.com.ar\/inicio\/#\/schema\/person\/3abba7593ef2ad19e1be221d54383dc5","name":"Prensa G&amp;S FM","image":{"@type":"ImageObject","inLanguage":"es","@id":"https:\/\/gysfm.com.ar\/inicio\/#\/schema\/person\/image\/","url":"https:\/\/secure.gravatar.com\/avatar\/096ec78df02049ab018702bb4ccedf659377fa92a26540b5247612077a0dbd29?s=96&d=mm&r=g","contentUrl":"https:\/\/secure.gravatar.com\/avatar\/096ec78df02049ab018702bb4ccedf659377fa92a26540b5247612077a0dbd29?s=96&d=mm&r=g","caption":"Prensa G&amp;S FM"},"sameAs":["https:\/\/gysfm.com.ar\/"],"url":"https:\/\/gysfm.com.ar\/inicio\/author\/lucasm\/"}]}},"_links":{"self":[{"href":"https:\/\/gysfm.com.ar\/inicio\/wp-json\/wp\/v2\/posts\/193180","targetHints":{"allow":["GET"]}}],"collection":[{"href":"https:\/\/gysfm.com.ar\/inicio\/wp-json\/wp\/v2\/posts"}],"about":[{"href":"https:\/\/gysfm.com.ar\/inicio\/wp-json\/wp\/v2\/types\/post"}],"author":[{"embeddable":true,"href":"https:\/\/gysfm.com.ar\/inicio\/wp-json\/wp\/v2\/users\/2"}],"replies":[{"embeddable":true,"href":"https:\/\/gysfm.com.ar\/inicio\/wp-json\/wp\/v2\/comments?post=193180"}],"version-history":[{"count":0,"href":"https:\/\/gysfm.com.ar\/inicio\/wp-json\/wp\/v2\/posts\/193180\/revisions"}],"wp:featuredmedia":[{"embeddable":true,"href":"https:\/\/gysfm.com.ar\/inicio\/wp-json\/wp\/v2\/media\/193181"}],"wp:attachment":[{"href":"https:\/\/gysfm.com.ar\/inicio\/wp-json\/wp\/v2\/media?parent=193180"}],"wp:term":[{"taxonomy":"category","embeddable":true,"href":"https:\/\/gysfm.com.ar\/inicio\/wp-json\/wp\/v2\/categories?post=193180"},{"taxonomy":"post_tag","embeddable":true,"href":"https:\/\/gysfm.com.ar\/inicio\/wp-json\/wp\/v2\/tags?post=193180"}],"curies":[{"name":"wp","href":"https:\/\/api.w.org\/{rel}","templated":true}]}}