{"id":193172,"date":"2026-04-26T20:19:23","date_gmt":"2026-04-26T23:19:23","guid":{"rendered":"https:\/\/gysfm.com.ar\/inicio\/el-italpark-de-chernobyl-que-no-pudo-ser\/"},"modified":"2026-04-26T20:19:23","modified_gmt":"2026-04-26T23:19:23","slug":"el-italpark-de-chernobyl-que-no-pudo-ser","status":"publish","type":"post","link":"https:\/\/gysfm.com.ar\/inicio\/el-italpark-de-chernobyl-que-no-pudo-ser\/","title":{"rendered":"El \u00abItalpark\u00bb de Chernobyl que no pudo ser"},"content":{"rendered":"<p><\/p>\n<div id=\"article-content\">\n<p>Como un reloj con un hilo de fuerza en la pila, las g\u00f3ndolas amarillas cada tanto ensayan un le movimiento, pero es solo cuando se le antoja al viento. Incluso pueden llegar a tener un ocupante encima, porque desde que se flexibilizaron las prevenciones por la radiaci\u00f3n el <strong>parque de diversiones de Pripyat<\/strong>, la ciudad ucraniana sovi\u00e9tica donde viv\u00edan los trabajadores de la central de<a target=\"_blank\" href=\"https:\/\/www.perfil.com\/noticias\/ciencia\/a35-cuales-fueron-los-errores-que-provocaron-el-desastre-de-chernobyl-hace-40-anos.phtml\"> <strong>Chernobyl<\/strong><\/a>, est\u00e1 habilitado para las visitas organizadas.<\/p>\n<p>Im\u00e1genes que se ven en las redes sociales muestran que algunos turistas se atreven a subirse a las g\u00f3ndolas para tener la foto. Y es eso, ya est\u00e1, a otra cosa, porque nadie apretar\u00e1 un bot\u00f3n. Ni la vuelta al mundo, ni los otros juegos mec\u00e1nicos de este \u00abmini Italpark\u00bb abandonado <strong>jam\u00e1s arrancar\u00e1n<\/strong>. Nunca pasar\u00e1n de atractivo tur\u00edstico para pasajeros en trance envueltos por el morbo, o en b\u00fasqueda de alguna experiencia v\u00e1lida de la angustia.<\/p>\n<p>Las escenas del parque abandonado son m\u00e1s sobrecogedoras que otras en la ciudad porque golpean con la idea de la<strong> felicidad que no fue<\/strong>. El presente ser\u00e1 su alcance final. Bastante para los pron\u00f3stico iniciales sobre un sitio que, advert\u00edan, no<strong> se iba a poder pisar por miles de a\u00f1os<\/strong>.      <\/p>\n<div class=\"subscription\">\n<p>\n        Esto no les gusta a los autoritarios\n    <\/p>\n<div class=\"subscription__container\">\n<div class=\"subscription__text-wrapper\">\n<p>\n                El ejercicio del periodismo profesional y cr\u00edtico es un pilar fundamental de la democracia. Por eso molesta a quienes creen ser los due\u00f1os de la verdad.\n            <\/p>\n<\/p><\/div><\/div>\n<\/div>\n<p class=\"destacadoNota\"><a target=\"_blank\" href=\"https:\/\/Cinco cosas que hay que saber 40 a\u00f1os despu\u00e9s de la cat\u00e1strofe de Chernobyl\">Cinco cosas que hay que saber 40 a\u00f1os despu\u00e9s de la cat\u00e1strofe de Chernobyl<\/a><\/p>\n<p>El parque de diversiones de Pripyat, a tres kil\u00f3metros de la central nuclear, se convirti\u00f3 con el paso del tiempo en <strong>una de las postales m\u00e1s representativas del desastre<\/strong>, ocurrido el 26 de abril de 1986. La imagen de la rueda con los hierros oxidadados pero con un perdurable amarillo en las g\u00f3ndolas, patentiza el impacto humano de la <strong>evacuaci\u00f3n masiva <\/strong>que sigui\u00f3 a la explosi\u00f3n del reactor 4.<\/p>\n<figure class=\"image\"><picture><source media=\"(max-width: 440px)\" srcset=\"https:\/\/fotos.perfil.com\/\/2026\/04\/16\/440\/0\/el-parque-de-la-ciudad-de-pripyat-chernobyl-16042026-2221718.jpg?webp\"\/><source media=\"(max-width: 1019px)\" srcset=\"https:\/\/fotos.perfil.com\/\/2026\/04\/16\/712\/0\/el-parque-de-la-ciudad-de-pripyat-chernobyl-16042026-2221718.jpg?webp\"\/><img decoding=\"async\" style=\"max-width: 100%; width: 100%;\" alt=\"El parque de la ciudad de Pripyat Chernobyl 16042026\" src=\"https:\/\/fotos.perfil.com\/\/2026\/04\/16\/900\/0\/el-parque-de-la-ciudad-de-pripyat-chernobyl-16042026-2221718.jpg?webp\" loading=\"lazy\"\/><\/picture><figcaption>La vuelta al mundo, s\u00edmbolo de una ciudad abandonada<\/figcaption><\/figure>\n<p>El predio hab\u00eda sido concebido como un espacio recreativo para los habitantes de la ciudad, con la inauguraci\u00f3n prevista para el 1 de mayo de 1986. Es decir, <strong>cinco d\u00edas despu\u00e9s de la explosi\u00f3n<\/strong> y en coincidencia con el D\u00eda Internacional del Trabajador, una de las principales celebraciones de la entonces Uni\u00f3n Sovi\u00e9tica. <strong>Pero no hubo fiesta<\/strong>: la explosi\u00f3n en la planta nuclear alter\u00f3 esos planes. Y todo lo dem\u00e1s tambi\u00e9n.<\/p>\n<p>Hay distintas versiones que dicen que el parque lleg\u00f3 a funcionar al menos unas horas porque las autoridades, ante las circunstancias, decidieron adelantar la apertura al 27 de abril, un d\u00eda despu\u00e9s del accidente. Ya se estaban ejecutando las primeras medidas evacuaci\u00f3n, pero la escala del desastre era dif\u00edcil de dimensionar. Entonces, seg\u00fan testimonios, el parque funcion\u00f3 durante esa jornada como parte de una estrategia<strong> para contener la inquietud social<\/strong>.<\/p>\n<figure class=\"image\"><picture><source media=\"(max-width: 440px)\" srcset=\"https:\/\/fotos.perfil.com\/\/2026\/04\/16\/440\/0\/el-parque-de-la-ciudad-de-pripyat-chernobyl-16042026-2221716.jpg?webp\"\/><source media=\"(max-width: 1019px)\" srcset=\"https:\/\/fotos.perfil.com\/\/2026\/04\/16\/712\/0\/el-parque-de-la-ciudad-de-pripyat-chernobyl-16042026-2221716.jpg?webp\"\/><img decoding=\"async\" style=\"max-width: 100%; width: 100%;\" alt=\"El parque de la ciudad de Pripyat Chernobyl 16042026\" src=\"https:\/\/fotos.perfil.com\/\/2026\/04\/16\/900\/0\/el-parque-de-la-ciudad-de-pripyat-chernobyl-16042026-2221716.jpg?webp\" loading=\"lazy\"\/><\/picture><figcaption>Con los a\u00f1os, la vegetaci\u00f3n fue tomando su lugar en Pripyat<\/figcaption><\/figure>\n<p>El parque ten\u00eda cuatro atracciones principales: la <strong>vuelta al mundo<\/strong>, los <strong>autos chocadores<\/strong>,<strong> <\/strong>un<strong> carrusel<\/strong> y un <strong>barco que se balanceaba<\/strong>. La rueda nunca gir\u00f3, los autos quedaron dispersos en la pista, arruinados pero cero kil\u00f3metro; la calesita no dio vueltas, el barco no pendul\u00f3.<\/p>\n<p>La evacuaci\u00f3n de Pripyat fue presentada en un primer momento como temporaria, pero sus habitantes nunca volvieron. En los meses posteriores, el \u00e1rea fue blanco de saqueos: iintrusos robaron butacas de cine y distintos objetos de valor. Con el paso de las d\u00e9cadas, la vegetaci\u00f3n <strong>avanz\u00f3 sobre los espacios urbanos<\/strong> y el parque qued\u00f3 integrado al paisaje de una ciudad deshabitada. <\/p>\n<p class=\"destacadoNota\"><a target=\"_blank\" href=\"https:\/\/https:\/\/www.perfil.com\/noticias\/sociedad\/bosque-rojo-chernobil-cicatriz-que-dejo-naturaleza.phtml\">\u201cBosque Rojo\u201d de Chernobyl, la cicatriz que dej\u00f3 la naturaleza<\/a><\/p>\n<p>Los ni\u00f1os y ni\u00f1as que no llegaron a usar los juegos al menos tienen qui\u00e9nes intentan reparar la p\u00e9rdida. Visitantes y fot\u00f3grafos suelen dejar <strong>peluches y juguetes<\/strong>, tal vez como un recurso para no pasar por desalmados. <\/p>\n<p>La rueda tal vez es la imagen m\u00e1s ic\u00f3nica porque emerge por encima de los \u00e1rboles y contrasta con el amarillo con la ciudad de monoblocks entre blancos y grises. Es la \u00abestrella\u00bb de las im\u00e1genes a\u00e9reas.<\/p>\n<figure class=\"image\"><picture><source media=\"(max-width: 440px)\" srcset=\"https:\/\/fotos.perfil.com\/\/2026\/04\/16\/440\/0\/el-parque-de-la-ciudad-de-pripyat-chernobyl-16042026-2221719.jpg?webp\"\/><source media=\"(max-width: 1019px)\" srcset=\"https:\/\/fotos.perfil.com\/\/2026\/04\/16\/712\/0\/el-parque-de-la-ciudad-de-pripyat-chernobyl-16042026-2221719.jpg?webp\"\/><img decoding=\"async\" style=\"max-width: 100%; width: 100%;\" alt=\"El parque de la ciudad de Pripyat Chernobyl 16042026\" src=\"https:\/\/fotos.perfil.com\/\/2026\/04\/16\/900\/0\/el-parque-de-la-ciudad-de-pripyat-chernobyl-16042026-2221719.jpg?webp\" loading=\"lazy\"\/><\/picture><figcaption>Los autos chocadores quedaros dispersos en la pista, en el parque que seg\u00fan relatos s\u00f3lo funcion\u00f3 unas horas<\/figcaption><\/figure>\n<p>Los niveles de radiaci\u00f3n en el parque<strong> var\u00edan seg\u00fan el sector<\/strong>. Despues del accidente, los llamados \u201cliquidadores\u201d realizaron tareas de limpieza y el predio fue usado como \u00e1rea de aterrizaje para helic\u00f3pteros.<\/p>\n<p>En algunas superficies asfaltadas, los valores son relativamente bajos. En otros puntos se registran niveles que pueden alcanzar hasta 25 microsieverts por hora, considerados <strong>peligrosos para la exposici\u00f3n humana prolongada<\/strong>. <\/p>\n<h2>Pripyat, la ciudad que naci\u00f3 como un modelo de \u00abensue\u00f1o\u00bb sovi\u00e9tico<\/h2>\n<p>Pripyat no naci\u00f3 por azar ni por la deriva urbana. Fue una decisi\u00f3n pol\u00edtica, planificada desde arriba. El 4 de febrero de 1970, en pleno apogeo del proyecto sovi\u00e9tico, la ciudad ucraniana empez\u00f3 a levantarse con un objetivo concreto: alojar a los trabajadores de la central nuclear Vlad\u00edmir Ilich Lenin de Chernobyl y a sus familias. No era un asentamiento improvisado, sino una pieza m\u00e1s dentro de una arquitectura mayor, dise\u00f1ada bajo la l\u00f3gica del<strong> Partido Comunista de la Uni\u00f3n Sovi\u00e9tica<\/strong>, durante los a\u00f1os de <strong>Leonid Br\u00e9zhnev<\/strong> en el poder.<\/p>\n<figure class=\"image\"><picture><source media=\"(max-width: 440px)\" srcset=\"https:\/\/fotos.perfil.com\/\/2026\/04\/25\/440\/0\/ciudad-de-pripyat-2227472.jpg?webp\"\/><source media=\"(max-width: 1019px)\" srcset=\"https:\/\/fotos.perfil.com\/\/2026\/04\/25\/712\/0\/ciudad-de-pripyat-2227472.jpg?webp\"\/><img decoding=\"async\" style=\"max-width: 100%; width: 100%;\" alt=\"Ciudad de Pripyat\" src=\"https:\/\/fotos.perfil.com\/\/2026\/04\/25\/900\/0\/ciudad-de-pripyat-2227472.jpg?webp\" loading=\"lazy\"\/><\/picture><figcaption>La ruinas de Pripyat, un im\u00e1n para los turistas<\/figcaption><\/figure>\n<p>La ubicaci\u00f3n<strong> no fue casual<\/strong>. Suelos f\u00e9rtiles, clima relativamente benigno, conexi\u00f3n ferroviaria, acceso por autopista y la cercan\u00eda del r\u00edo Pripyat, que le dio el nombra. Condiciones que, en la narrativa oficial, garantizaban desarrollo y bienestar. En poco m\u00e1s de una d\u00e9cada y media, esa promesa pareci\u00f3 cumplirse. La poblaci\u00f3n super\u00f3 los <strong>40 mil habitantes <\/strong>y la ciudad se consolid\u00f3 como uno de los enclaves m\u00e1s modernos del urbanismo sovi\u00e9tico tard\u00edo.<\/p>\n<p>El promedio de edad de los habitantes era de 30 a\u00f1os. Las parejas con ni\u00f1os chiquitos formaban parte del paisaje hegem\u00f3nico. Pripyat era, en esencia, una vidriera; bulevares amplios, bloques residenciales funcionales, infraestructura p\u00fablica -escuelas, piscina, cine- y el famoso parque de diversiones que nunca llegar\u00eda a cumplir con su prop\u00f3sito. Todo estaba orientado a construir una imagen: <strong>la del progreso ordenado, la del futuro bajo control<\/strong>. Una ciudad joven, con salarios por encima de la media y una vida cotidiana atravesada por una idea de estabilidad.<\/p>\n<figure class=\"image\"><picture><source media=\"(max-width: 440px)\" srcset=\"https:\/\/fotos.perfil.com\/\/2026\/04\/25\/440\/0\/ciudad-de-pripyat-2227471.jpg?webp\"\/><source media=\"(max-width: 1019px)\" srcset=\"https:\/\/fotos.perfil.com\/\/2026\/04\/25\/712\/0\/ciudad-de-pripyat-2227471.jpg?webp\"\/><img decoding=\"async\" style=\"max-width: 100%; width: 100%;\" alt=\"Ciudad de Pripyat\" src=\"https:\/\/fotos.perfil.com\/\/2026\/04\/25\/900\/0\/ciudad-de-pripyat-2227471.jpg?webp\" loading=\"lazy\"\/><\/picture><figcaption>La \u00abbelleza angustiante\u00bb de Prypiat, una ciudad congelada en el tiempo<\/figcaption><\/figure>\n<p><strong>Ese equilibrio vol\u00f3 literalmente por los aires en abril de 1986 <\/strong>con la explosi\u00f3n del reactor n\u00famero 4 de la central nuclear. La evacuaci\u00f3n, que se hizo en poco m\u00e1s de tres horas con un enorme despliegue de micros y barcos, lleg\u00f3 tarde, <strong>36 horas despu\u00e9s<\/strong>. Y mal: les prometieron a los ahabitantes promesa de que ser\u00eda temporal.<\/p>\n<p>No lo fue. Cerca de 49 mil personas dejaron sus casas con lo puesto <strong>y no volvieron<\/strong>. Unas 20 resistieron el desalojo. D\u00edas despu\u00e9s todas fueron halladas muertas.<\/p>\n<p class=\"destacadoNota\"><a target=\"_blank\" href=\"https:\/\/https:\/\/www.perfil.com\/noticias\/sociedad\/chernobyl-la-irradiacion-de-alimentos-a-40-anos-del-accidente-nuclear.phtml\">Chernobyl: la irradiaci\u00f3n de alimentos a 40 a\u00f1os del accidente nuclear<\/a><\/p>\n<p>Desde entonces, la ciudad qued\u00f3 suspendida en el tiempo. Dentro de la llamada <strong>Zona de Exclusi\u00f3n de Chernobyl<\/strong>, Pripyat se transform\u00f3 en una postal inc\u00f3moda y a la vez magn\u00e9tica, con sus edificios vac\u00edos, estructuras corro\u00eddas y un silencio que no es natural sino la consecuencia de un desastre. El gris domina por abandono.<\/p>\n<p>El vac\u00edo humano no implic\u00f3 ausencia de vida. Con el correr de los a\u00f1os, el territorio se reconfigur\u00f3 como un ecosistema inesperado. Perros salvajes -descendientes de los abandonados en la evacuaci\u00f3n, para que no se llevaron la radiaci\u00f3n en el pelaje-, lobos, jabal\u00edes y especies de mayor porte comenzaron a ocupar el espacio. La naturaleza avanz\u00f3 y, en muchos casos, con <strong>niveles de adaptaci\u00f3n que contradicen la imagen de devastaci\u00f3n total<\/strong>.<\/p>\n<p>LT<\/p>\n<\/p><\/div>\n<p><script>\n                !function(f,b,e,v,n,t,s)\n                {if(f.fbq)return;n=f.fbq=function(){n.callMethod?\n                    n.callMethod.apply(n,arguments):n.queue.push(arguments)};\n                    if(!f._fbq)f._fbq=n;n.push=n;n.loaded=!0;n.version='2.0';\n                    n.queue=[];t=b.createElement(e);t.async=!0;\n                    t.src=v;s=b.getElementsByTagName(e)[0];\n                    s.parentNode.insertBefore(t,s)}(window, document,'script',\n                    'https:\/\/connect.facebook.net\/en_US\/fbevents.js');\n                window.paywallConfig.facebook_pixel=\"1000228364089342\"\n            <\/script><\/p>\n","protected":false},"excerpt":{"rendered":"<p>Como un reloj con un hilo de fuerza en la pila, las g\u00f3ndolas amarillas cada tanto ensayan un le movimiento, pero es solo cuando se le antoja al viento. Incluso pueden llegar a tener un ocupante encima, porque desde que se flexibilizaron las prevenciones por la radiaci\u00f3n el parque de diversiones de Pripyat, la ciudad [&hellip;]<\/p>\n","protected":false},"author":2,"featured_media":193173,"comment_status":"closed","ping_status":"closed","sticky":false,"template":"","format":"standard","meta":{"footnotes":""},"categories":[25],"tags":[],"class_list":["post-193172","post","type-post","status-publish","format-standard","has-post-thumbnail","hentry","category-nacionales"],"yoast_head":"<!-- This site is optimized with the Yoast SEO plugin v24.4 - https:\/\/yoast.com\/wordpress\/plugins\/seo\/ -->\n<title>El &quot;Italpark&quot; de Chernobyl que no pudo ser - GYS NOTICIAS |<\/title>\n<meta name=\"robots\" content=\"index, follow, max-snippet:-1, max-image-preview:large, max-video-preview:-1\" \/>\n<link rel=\"canonical\" href=\"https:\/\/gysfm.com.ar\/inicio\/el-italpark-de-chernobyl-que-no-pudo-ser\/\" \/>\n<meta property=\"og:locale\" content=\"es_ES\" \/>\n<meta property=\"og:type\" content=\"article\" \/>\n<meta property=\"og:title\" content=\"El &quot;Italpark&quot; de Chernobyl que no pudo ser - GYS NOTICIAS |\" \/>\n<meta property=\"og:description\" content=\"Como un reloj con un hilo de fuerza en la pila, las g\u00f3ndolas amarillas cada tanto ensayan un le movimiento, pero es solo cuando se le antoja al viento. Incluso pueden llegar a tener un ocupante encima, porque desde que se flexibilizaron las prevenciones por la radiaci\u00f3n el parque de diversiones de Pripyat, la ciudad [&hellip;]\" \/>\n<meta property=\"og:url\" content=\"https:\/\/gysfm.com.ar\/inicio\/el-italpark-de-chernobyl-que-no-pudo-ser\/\" \/>\n<meta property=\"og:site_name\" content=\"GYS NOTICIAS |\" \/>\n<meta property=\"article:published_time\" content=\"2026-04-26T23:19:23+00:00\" \/>\n<meta property=\"og:image\" content=\"https:\/\/fotos.perfil.com\/\/2026\/04\/16\/900\/0\/el-parque-de-la-ciudad-de-pripyat-chernobyl-16042026-2221718.jpg?webp\" \/>\n<meta name=\"author\" content=\"Prensa G&amp;S FM\" \/>\n<meta name=\"twitter:card\" content=\"summary_large_image\" \/>\n<meta name=\"twitter:label1\" content=\"Escrito por\" \/>\n\t<meta name=\"twitter:data1\" content=\"Prensa G&amp;S FM\" \/>\n\t<meta name=\"twitter:label2\" content=\"Tiempo de lectura\" \/>\n\t<meta name=\"twitter:data2\" content=\"7 minutos\" \/>\n<script type=\"application\/ld+json\" class=\"yoast-schema-graph\">{\"@context\":\"https:\/\/schema.org\",\"@graph\":[{\"@type\":\"Article\",\"@id\":\"https:\/\/gysfm.com.ar\/inicio\/el-italpark-de-chernobyl-que-no-pudo-ser\/#article\",\"isPartOf\":{\"@id\":\"https:\/\/gysfm.com.ar\/inicio\/el-italpark-de-chernobyl-que-no-pudo-ser\/\"},\"author\":{\"name\":\"Prensa G&amp;S FM\",\"@id\":\"https:\/\/gysfm.com.ar\/inicio\/#\/schema\/person\/3abba7593ef2ad19e1be221d54383dc5\"},\"headline\":\"El \u00abItalpark\u00bb de Chernobyl que no pudo ser\",\"datePublished\":\"2026-04-26T23:19:23+00:00\",\"mainEntityOfPage\":{\"@id\":\"https:\/\/gysfm.com.ar\/inicio\/el-italpark-de-chernobyl-que-no-pudo-ser\/\"},\"wordCount\":1358,\"publisher\":{\"@id\":\"https:\/\/gysfm.com.ar\/inicio\/#organization\"},\"image\":{\"@id\":\"https:\/\/gysfm.com.ar\/inicio\/el-italpark-de-chernobyl-que-no-pudo-ser\/#primaryimage\"},\"thumbnailUrl\":\"https:\/\/gysfm.com.ar\/inicio\/wp-content\/uploads\/2026\/04\/el-parque-de-la-ciudad-de-pripyat-chernobyl-16042026-2221719.jpg\",\"articleSection\":[\"NACIONALES\"],\"inLanguage\":\"es\"},{\"@type\":\"WebPage\",\"@id\":\"https:\/\/gysfm.com.ar\/inicio\/el-italpark-de-chernobyl-que-no-pudo-ser\/\",\"url\":\"https:\/\/gysfm.com.ar\/inicio\/el-italpark-de-chernobyl-que-no-pudo-ser\/\",\"name\":\"El \\\"Italpark\\\" de Chernobyl que no pudo ser - GYS NOTICIAS |\",\"isPartOf\":{\"@id\":\"https:\/\/gysfm.com.ar\/inicio\/#website\"},\"primaryImageOfPage\":{\"@id\":\"https:\/\/gysfm.com.ar\/inicio\/el-italpark-de-chernobyl-que-no-pudo-ser\/#primaryimage\"},\"image\":{\"@id\":\"https:\/\/gysfm.com.ar\/inicio\/el-italpark-de-chernobyl-que-no-pudo-ser\/#primaryimage\"},\"thumbnailUrl\":\"https:\/\/gysfm.com.ar\/inicio\/wp-content\/uploads\/2026\/04\/el-parque-de-la-ciudad-de-pripyat-chernobyl-16042026-2221719.jpg\",\"datePublished\":\"2026-04-26T23:19:23+00:00\",\"breadcrumb\":{\"@id\":\"https:\/\/gysfm.com.ar\/inicio\/el-italpark-de-chernobyl-que-no-pudo-ser\/#breadcrumb\"},\"inLanguage\":\"es\",\"potentialAction\":[{\"@type\":\"ReadAction\",\"target\":[\"https:\/\/gysfm.com.ar\/inicio\/el-italpark-de-chernobyl-que-no-pudo-ser\/\"]}]},{\"@type\":\"ImageObject\",\"inLanguage\":\"es\",\"@id\":\"https:\/\/gysfm.com.ar\/inicio\/el-italpark-de-chernobyl-que-no-pudo-ser\/#primaryimage\",\"url\":\"https:\/\/gysfm.com.ar\/inicio\/wp-content\/uploads\/2026\/04\/el-parque-de-la-ciudad-de-pripyat-chernobyl-16042026-2221719.jpg\",\"contentUrl\":\"https:\/\/gysfm.com.ar\/inicio\/wp-content\/uploads\/2026\/04\/el-parque-de-la-ciudad-de-pripyat-chernobyl-16042026-2221719.jpg\",\"width\":1140,\"height\":641},{\"@type\":\"BreadcrumbList\",\"@id\":\"https:\/\/gysfm.com.ar\/inicio\/el-italpark-de-chernobyl-que-no-pudo-ser\/#breadcrumb\",\"itemListElement\":[{\"@type\":\"ListItem\",\"position\":1,\"name\":\"Portada\",\"item\":\"https:\/\/gysfm.com.ar\/inicio\/\"},{\"@type\":\"ListItem\",\"position\":2,\"name\":\"El \u00abItalpark\u00bb de Chernobyl que no pudo ser\"}]},{\"@type\":\"WebSite\",\"@id\":\"https:\/\/gysfm.com.ar\/inicio\/#website\",\"url\":\"https:\/\/gysfm.com.ar\/inicio\/\",\"name\":\"GYS NOTICIAS |\",\"description\":\"DIARIO - RADIO ONLINE SAN JUAN ARGENTINA\",\"publisher\":{\"@id\":\"https:\/\/gysfm.com.ar\/inicio\/#organization\"},\"potentialAction\":[{\"@type\":\"SearchAction\",\"target\":{\"@type\":\"EntryPoint\",\"urlTemplate\":\"https:\/\/gysfm.com.ar\/inicio\/?s={search_term_string}\"},\"query-input\":{\"@type\":\"PropertyValueSpecification\",\"valueRequired\":true,\"valueName\":\"search_term_string\"}}],\"inLanguage\":\"es\"},{\"@type\":\"Organization\",\"@id\":\"https:\/\/gysfm.com.ar\/inicio\/#organization\",\"name\":\"GYS NOTICIAS |\",\"url\":\"https:\/\/gysfm.com.ar\/inicio\/\",\"logo\":{\"@type\":\"ImageObject\",\"inLanguage\":\"es\",\"@id\":\"https:\/\/gysfm.com.ar\/inicio\/#\/schema\/logo\/image\/\",\"url\":\"https:\/\/gysfm.com.ar\/inicio\/wp-content\/uploads\/2023\/07\/LOGOGYS-OK.png\",\"contentUrl\":\"https:\/\/gysfm.com.ar\/inicio\/wp-content\/uploads\/2023\/07\/LOGOGYS-OK.png\",\"width\":1170,\"height\":872,\"caption\":\"GYS NOTICIAS |\"},\"image\":{\"@id\":\"https:\/\/gysfm.com.ar\/inicio\/#\/schema\/logo\/image\/\"}},{\"@type\":\"Person\",\"@id\":\"https:\/\/gysfm.com.ar\/inicio\/#\/schema\/person\/3abba7593ef2ad19e1be221d54383dc5\",\"name\":\"Prensa G&amp;S FM\",\"image\":{\"@type\":\"ImageObject\",\"inLanguage\":\"es\",\"@id\":\"https:\/\/gysfm.com.ar\/inicio\/#\/schema\/person\/image\/\",\"url\":\"https:\/\/secure.gravatar.com\/avatar\/096ec78df02049ab018702bb4ccedf659377fa92a26540b5247612077a0dbd29?s=96&d=mm&r=g\",\"contentUrl\":\"https:\/\/secure.gravatar.com\/avatar\/096ec78df02049ab018702bb4ccedf659377fa92a26540b5247612077a0dbd29?s=96&d=mm&r=g\",\"caption\":\"Prensa G&amp;S FM\"},\"sameAs\":[\"https:\/\/gysfm.com.ar\/\"],\"url\":\"https:\/\/gysfm.com.ar\/inicio\/author\/lucasm\/\"}]}<\/script>\n<!-- \/ Yoast SEO plugin. -->","yoast_head_json":{"title":"El \"Italpark\" de Chernobyl que no pudo ser - GYS NOTICIAS |","robots":{"index":"index","follow":"follow","max-snippet":"max-snippet:-1","max-image-preview":"max-image-preview:large","max-video-preview":"max-video-preview:-1"},"canonical":"https:\/\/gysfm.com.ar\/inicio\/el-italpark-de-chernobyl-que-no-pudo-ser\/","og_locale":"es_ES","og_type":"article","og_title":"El \"Italpark\" de Chernobyl que no pudo ser - GYS NOTICIAS |","og_description":"Como un reloj con un hilo de fuerza en la pila, las g\u00f3ndolas amarillas cada tanto ensayan un le movimiento, pero es solo cuando se le antoja al viento. Incluso pueden llegar a tener un ocupante encima, porque desde que se flexibilizaron las prevenciones por la radiaci\u00f3n el parque de diversiones de Pripyat, la ciudad [&hellip;]","og_url":"https:\/\/gysfm.com.ar\/inicio\/el-italpark-de-chernobyl-que-no-pudo-ser\/","og_site_name":"GYS NOTICIAS |","article_published_time":"2026-04-26T23:19:23+00:00","og_image":[{"url":"https:\/\/fotos.perfil.com\/\/2026\/04\/16\/900\/0\/el-parque-de-la-ciudad-de-pripyat-chernobyl-16042026-2221718.jpg?webp","type":"","width":"","height":""}],"author":"Prensa G&amp;S FM","twitter_card":"summary_large_image","twitter_misc":{"Escrito por":"Prensa G&amp;S FM","Tiempo de lectura":"7 minutos"},"schema":{"@context":"https:\/\/schema.org","@graph":[{"@type":"Article","@id":"https:\/\/gysfm.com.ar\/inicio\/el-italpark-de-chernobyl-que-no-pudo-ser\/#article","isPartOf":{"@id":"https:\/\/gysfm.com.ar\/inicio\/el-italpark-de-chernobyl-que-no-pudo-ser\/"},"author":{"name":"Prensa G&amp;S FM","@id":"https:\/\/gysfm.com.ar\/inicio\/#\/schema\/person\/3abba7593ef2ad19e1be221d54383dc5"},"headline":"El \u00abItalpark\u00bb de Chernobyl que no pudo ser","datePublished":"2026-04-26T23:19:23+00:00","mainEntityOfPage":{"@id":"https:\/\/gysfm.com.ar\/inicio\/el-italpark-de-chernobyl-que-no-pudo-ser\/"},"wordCount":1358,"publisher":{"@id":"https:\/\/gysfm.com.ar\/inicio\/#organization"},"image":{"@id":"https:\/\/gysfm.com.ar\/inicio\/el-italpark-de-chernobyl-que-no-pudo-ser\/#primaryimage"},"thumbnailUrl":"https:\/\/gysfm.com.ar\/inicio\/wp-content\/uploads\/2026\/04\/el-parque-de-la-ciudad-de-pripyat-chernobyl-16042026-2221719.jpg","articleSection":["NACIONALES"],"inLanguage":"es"},{"@type":"WebPage","@id":"https:\/\/gysfm.com.ar\/inicio\/el-italpark-de-chernobyl-que-no-pudo-ser\/","url":"https:\/\/gysfm.com.ar\/inicio\/el-italpark-de-chernobyl-que-no-pudo-ser\/","name":"El \"Italpark\" de Chernobyl que no pudo ser - GYS NOTICIAS |","isPartOf":{"@id":"https:\/\/gysfm.com.ar\/inicio\/#website"},"primaryImageOfPage":{"@id":"https:\/\/gysfm.com.ar\/inicio\/el-italpark-de-chernobyl-que-no-pudo-ser\/#primaryimage"},"image":{"@id":"https:\/\/gysfm.com.ar\/inicio\/el-italpark-de-chernobyl-que-no-pudo-ser\/#primaryimage"},"thumbnailUrl":"https:\/\/gysfm.com.ar\/inicio\/wp-content\/uploads\/2026\/04\/el-parque-de-la-ciudad-de-pripyat-chernobyl-16042026-2221719.jpg","datePublished":"2026-04-26T23:19:23+00:00","breadcrumb":{"@id":"https:\/\/gysfm.com.ar\/inicio\/el-italpark-de-chernobyl-que-no-pudo-ser\/#breadcrumb"},"inLanguage":"es","potentialAction":[{"@type":"ReadAction","target":["https:\/\/gysfm.com.ar\/inicio\/el-italpark-de-chernobyl-que-no-pudo-ser\/"]}]},{"@type":"ImageObject","inLanguage":"es","@id":"https:\/\/gysfm.com.ar\/inicio\/el-italpark-de-chernobyl-que-no-pudo-ser\/#primaryimage","url":"https:\/\/gysfm.com.ar\/inicio\/wp-content\/uploads\/2026\/04\/el-parque-de-la-ciudad-de-pripyat-chernobyl-16042026-2221719.jpg","contentUrl":"https:\/\/gysfm.com.ar\/inicio\/wp-content\/uploads\/2026\/04\/el-parque-de-la-ciudad-de-pripyat-chernobyl-16042026-2221719.jpg","width":1140,"height":641},{"@type":"BreadcrumbList","@id":"https:\/\/gysfm.com.ar\/inicio\/el-italpark-de-chernobyl-que-no-pudo-ser\/#breadcrumb","itemListElement":[{"@type":"ListItem","position":1,"name":"Portada","item":"https:\/\/gysfm.com.ar\/inicio\/"},{"@type":"ListItem","position":2,"name":"El \u00abItalpark\u00bb de Chernobyl que no pudo ser"}]},{"@type":"WebSite","@id":"https:\/\/gysfm.com.ar\/inicio\/#website","url":"https:\/\/gysfm.com.ar\/inicio\/","name":"GYS NOTICIAS |","description":"DIARIO - RADIO ONLINE SAN JUAN ARGENTINA","publisher":{"@id":"https:\/\/gysfm.com.ar\/inicio\/#organization"},"potentialAction":[{"@type":"SearchAction","target":{"@type":"EntryPoint","urlTemplate":"https:\/\/gysfm.com.ar\/inicio\/?s={search_term_string}"},"query-input":{"@type":"PropertyValueSpecification","valueRequired":true,"valueName":"search_term_string"}}],"inLanguage":"es"},{"@type":"Organization","@id":"https:\/\/gysfm.com.ar\/inicio\/#organization","name":"GYS NOTICIAS |","url":"https:\/\/gysfm.com.ar\/inicio\/","logo":{"@type":"ImageObject","inLanguage":"es","@id":"https:\/\/gysfm.com.ar\/inicio\/#\/schema\/logo\/image\/","url":"https:\/\/gysfm.com.ar\/inicio\/wp-content\/uploads\/2023\/07\/LOGOGYS-OK.png","contentUrl":"https:\/\/gysfm.com.ar\/inicio\/wp-content\/uploads\/2023\/07\/LOGOGYS-OK.png","width":1170,"height":872,"caption":"GYS NOTICIAS |"},"image":{"@id":"https:\/\/gysfm.com.ar\/inicio\/#\/schema\/logo\/image\/"}},{"@type":"Person","@id":"https:\/\/gysfm.com.ar\/inicio\/#\/schema\/person\/3abba7593ef2ad19e1be221d54383dc5","name":"Prensa G&amp;S FM","image":{"@type":"ImageObject","inLanguage":"es","@id":"https:\/\/gysfm.com.ar\/inicio\/#\/schema\/person\/image\/","url":"https:\/\/secure.gravatar.com\/avatar\/096ec78df02049ab018702bb4ccedf659377fa92a26540b5247612077a0dbd29?s=96&d=mm&r=g","contentUrl":"https:\/\/secure.gravatar.com\/avatar\/096ec78df02049ab018702bb4ccedf659377fa92a26540b5247612077a0dbd29?s=96&d=mm&r=g","caption":"Prensa G&amp;S FM"},"sameAs":["https:\/\/gysfm.com.ar\/"],"url":"https:\/\/gysfm.com.ar\/inicio\/author\/lucasm\/"}]}},"_links":{"self":[{"href":"https:\/\/gysfm.com.ar\/inicio\/wp-json\/wp\/v2\/posts\/193172","targetHints":{"allow":["GET"]}}],"collection":[{"href":"https:\/\/gysfm.com.ar\/inicio\/wp-json\/wp\/v2\/posts"}],"about":[{"href":"https:\/\/gysfm.com.ar\/inicio\/wp-json\/wp\/v2\/types\/post"}],"author":[{"embeddable":true,"href":"https:\/\/gysfm.com.ar\/inicio\/wp-json\/wp\/v2\/users\/2"}],"replies":[{"embeddable":true,"href":"https:\/\/gysfm.com.ar\/inicio\/wp-json\/wp\/v2\/comments?post=193172"}],"version-history":[{"count":0,"href":"https:\/\/gysfm.com.ar\/inicio\/wp-json\/wp\/v2\/posts\/193172\/revisions"}],"wp:featuredmedia":[{"embeddable":true,"href":"https:\/\/gysfm.com.ar\/inicio\/wp-json\/wp\/v2\/media\/193173"}],"wp:attachment":[{"href":"https:\/\/gysfm.com.ar\/inicio\/wp-json\/wp\/v2\/media?parent=193172"}],"wp:term":[{"taxonomy":"category","embeddable":true,"href":"https:\/\/gysfm.com.ar\/inicio\/wp-json\/wp\/v2\/categories?post=193172"},{"taxonomy":"post_tag","embeddable":true,"href":"https:\/\/gysfm.com.ar\/inicio\/wp-json\/wp\/v2\/tags?post=193172"}],"curies":[{"name":"wp","href":"https:\/\/api.w.org\/{rel}","templated":true}]}}