{"id":193169,"date":"2026-04-26T20:11:52","date_gmt":"2026-04-26T23:11:52","guid":{"rendered":"https:\/\/gysfm.com.ar\/inicio\/raul-prebisch-fallecio-hace-40-anos-pero-esta-muerto\/"},"modified":"2026-04-26T20:11:53","modified_gmt":"2026-04-26T23:11:53","slug":"raul-prebisch-fallecio-hace-40-anos-pero-esta-muerto","status":"publish","type":"post","link":"https:\/\/gysfm.com.ar\/inicio\/raul-prebisch-fallecio-hace-40-anos-pero-esta-muerto\/","title":{"rendered":"Ra\u00fal Prebisch falleci\u00f3 hace 40 a\u00f1os, pero \u00bfest\u00e1 muerto?"},"content":{"rendered":"<p><\/p>\n<div>\n<p class=\"com-paragraph  --capital --s\">Ra\u00fal Prebisch falleci\u00f3 el 29 de abril de 1986, a los 85 a\u00f1os. Como John Maynard Keynes, fue una personalidad multifac\u00e9tica, tan aplaudido como criticado. Tuvo una prolongada carrera p\u00fablica, tanto nacional como internacional. Por eso, como hace siete d\u00edas, a prop\u00f3sito de nuestro compatriota, pregunto: \u00bfc\u00f3mo utiliz\u00f3 y, eventualmente, cre\u00f3 el an\u00e1lisis econ\u00f3mico una persona de acci\u00f3n? Tuve oportunidad de tratarlo a partir de 1980: era un atractivo conversador, adem\u00e1s de seductor total.<\/p>\n<p class=\"com-paragraph   --s\">Al respecto, convers\u00e9 con el canadiense David H. Pollock (1922 &#8211; 2001), quien en 1951 fue contratado por Prebisch para fortalecer la oficina que la Comisi\u00f3n Econ\u00f3mica para Am\u00e9rica Latina (CEPAL) acababa de abrir en Washington. Seg\u00fan Edgar J. Dosman, en su pa\u00eds Pollock fue conocido como el \u201cSr. Latinoam\u00e9rica\u201d. En aquel entonces, Washington estaba dominado por una histeria anticomunista. En ese contexto, el desarrollismo de Prebisch resultaba sospechoso. Su tarea consisti\u00f3 en presentar las pol\u00edticas y los proyectos elaborados en Santiago de Chile, confrontar los mitos y la distorsi\u00f3n internacional de los hechos y ser los ojos y los o\u00eddos de Prebisch para disipar potenciales controversias que en forma constante amenazaban con socavar las relaciones entre Estados Unidos y la CEPAL. <\/p>\n<p class=\"com-paragraph   --s\"><strong>\u2013 \u00bfCu\u00e1l fue la trayectoria p\u00fablica de Prebisch?<\/strong><\/p>\n<p class=\"com-paragraph   --s\">\u2013 Arranc\u00f3 a comienzos de la d\u00e9cada de 1930. Fue subsecretario de finanzas, asesor de los ministros Luis Antonio Duhau y Federico Pinedo, gerente general del Banco Central (BCRA), y secretario general de la CEPAL y luego de la UNCTAD. Asesor\u00f3 a la Revoluci\u00f3n Libertadora y al presidente Ra\u00fal Ricardo Alfons\u00edn. Su obra escrita reconoce dos etapas muy diferenciadas. La primera, centrada en problemas monetarios y financieros; la segunda, focalizada en el proceso de desarrollo econ\u00f3mico. La <em>Fundaci\u00f3n Ra\u00fal Prebisch<\/em> public\u00f3 sus monograf\u00edas en cuatro tomos, a las que deben adicionarse sus libros y tambi\u00e9n los cap\u00edtulos iniciales de las <em>Memorias<\/em> del BCRA, durante su paso por la instituci\u00f3n.<\/p>\n<p class=\"com-paragraph   --s\"><strong>\u2013 Comencemos por el plano local.<\/strong><\/p>\n<p class=\"com-paragraph   --s\">\u2013 La crisis de la d\u00e9cada de 1930 no la vivi\u00f3 sino que \u00a1la sufri\u00f3! En 1931 el mensaje que ven\u00eda del Primer Mundo era que \u201cla reactivaci\u00f3n est\u00e1 a la vuelta de la esquina\u201d, pero en 1932 la novedad fue que en Ottawa, Canad\u00e1, los pa\u00edses que integraban el Commonwealth acordaron el establecimiento de las Preferencias imperiales. El pacto Roca-Runciman, firmado en 1933, s\u00f3lo se puede entender en las referidas circunstancias. Cuando el BCRA abri\u00f3 sus puertas en 1935 le ofrecieron la presidencia, cargo que declin\u00f3 por su juventud (ten\u00eda 34 a\u00f1os). El banco fue presidido por Ernesto Bosch, actuando Prebisch como gerente general, cargo que ocup\u00f3 hasta 1943, cuando fue echado por Juan Domingo Per\u00f3n. Nadie habla del BCRA de Bosch, sino del de Prebisch.<\/p>\n<p class=\"com-paragraph   --s\"><strong>\u2013 \u00bfQu\u00e9 plante\u00f3 en la monograf\u00eda de 1949?<\/strong><\/p>\n<p class=\"com-paragraph   --s\">\u2013 La CEPAL lo contrat\u00f3 para que redactara el cap\u00edtulo introductorio del Informe anual. Entonces dijo lo siguiente: \u201cLa realidad est\u00e1 destruyendo en la Am\u00e9rica Latina aquel pret\u00e9rito esquema de la divisi\u00f3n internacional del trabajo. En ese esquema a la Am\u00e9rica Latina ven\u00eda a corresponderle, como parte de la periferia del sistema econ\u00f3mico mundial, el papel espec\u00edfico de producir alimentos y materias primas para los grandes centros industriales. No ten\u00eda cabida all\u00ed la industrializaci\u00f3n de los pa\u00edses nuevos. Los hechos la est\u00e1n imponiendo. Dos guerras en el curso de una generaci\u00f3n, y una profunda crisis econ\u00f3mica entre ellas, han demostrado sus posibilidades a los pa\u00edses de Am\u00e9rica Latina, ense\u00f1\u00e1ndoles positivamente el camino de la actividad industrial\u201d. La literatura especializada conoce esto como tesis Prebisch-Singer. <\/p>\n<p class=\"com-paragraph   --s\"><strong>\u2013 No dej\u00f3 de ocuparse de la Argentina.<\/strong><\/p>\n<p class=\"com-paragraph   --s\">\u2013 As\u00ed es. En su condici\u00f3n de secretario ejecutivo de la CEPAL, fue convocado por la <em>Revoluci\u00f3n Libertadora. <\/em>Entonces afirm\u00f3: \u201cHay que dar fuerte incentivo a la producci\u00f3n agropecuaria, v\u00eda precios, construcci\u00f3n de silos y la creaci\u00f3n del INTA. La Argentina debe ingresar al FMI y al Banco Mundial\u201d. El mismo Prebisch que en 1949 le aconsejaba a Am\u00e9rica Latina que no desmantelara unilateralmente la sustituci\u00f3n de importaciones, seis a\u00f1os despu\u00e9s le indicaba a la Argentina que se le hab\u00eda ido la mano en el castigo a su producci\u00f3n agropecuaria y a la ineficiencia estatal. Y el 10 abril de 1984, a pesar de ser asesor personal del presidente Alfons\u00edn, dijo p\u00fablicamente que lo que estaba tratando de hacer el ministro de econom\u00eda Bernardo Grinspun no era viable.<\/p>\n<p class=\"com-paragraph   --s\"><strong>\u2013 \u00bfCu\u00e1nta teor\u00eda econ\u00f3mica conoc\u00eda?<\/strong><\/p>\n<p class=\"com-paragraph   --s\">\u2013 Al igual que Adam Smith (\u00e9ste en Oxford, Prebisch en la UBA), no encontr\u00f3 excitantes los cursos que tuvo que tomar, pero aprovech\u00f3 la bien dotada biblioteca. Antes de que se recibiera \u00a1lo quisieron nombrar profesor <em>titular<\/em>!, as\u00ed que se destac\u00f3 desde el vamos.<\/p>\n<p class=\"com-paragraph   --s\"><strong>\u2013 La Gran crisis lo impact\u00f3.<\/strong><\/p>\n<p class=\"com-paragraph   --s\">\u2013 Como a casi todo el mundo, lo que ocurri\u00f3 en la d\u00e9cada de 1930 mat\u00f3 la confianza que pod\u00eda existir en los mecanismos autom\u00e1ticos de correcci\u00f3n de los desequilibrios. No me lo imagino a Prebisch desculando las ecuaciones del equilibrio general planteado por Marie Esprit Leon Walras, pero era consciente de la implicancia referida a la autocorrecci\u00f3n de los desequilibrios; y de lo lejos que estaba la realidad. <\/p>\n<p class=\"com-paragraph   --s\"><strong>\u2013 \u00bfC\u00f3mo analizaba la realidad?<\/strong><\/p>\n<p class=\"com-paragraph   --s\">\u2013 Sus escritos anteriores a su etapa internacional muestran vivo inter\u00e9s en explicar el funcionamiento de la econom\u00eda argentina, a partir de los limitados datos estad\u00edsticos con los cuales contaba (comercio exterior, actividad financiera por ejemplo), buscando identificar un modo de comportamiento c\u00edclico, con vistas a su posible morigeraci\u00f3n, dada la imposibilidad de eliminarlo. El esfuerzo aparece muy claro en el cap\u00edtulo introductorio de la edici\u00f3n 1938 de la <em>Memoria anual<\/em> del Banco Central. Su an\u00e1lisis de las series de tiempo es gr\u00e1fico, aunque no econom\u00e9trico (\u00a1era la \u00e9poca!), pero sobre todo din\u00e1mico, en el sentido de entender la realidad como movimiento, evoluci\u00f3n, combinando elementos ex\u00f3genos y end\u00f3genos.<\/p>\n<p class=\"com-paragraph   --s\"><strong>\u2013 \u00bfPor qu\u00e9 es importante la idea de centro y periferia?<\/strong><\/p>\n<p class=\"com-paragraph   --s\">\u2013 Porque los mismos hechos impactan de manera diferente a distintos pa\u00edses. En la crisis de la d\u00e9cada de 1930 todos los pa\u00edses vieron disminuidas sus exportaciones e importaciones de bienes. Pero mientras algunos argentinos quer\u00edan sacarse de encima algunos pesos, atesorando libras esterlinas, ning\u00fan ingl\u00e9s quer\u00eda sacarse de encima algunas libras esterlinas, atesorando pesos. Por lo cual el ajuste externo fue m\u00e1s severo en la Argentina que en Inglaterra. Lo mismo pas\u00f3 en 2008, con la crisis <em>subprime<\/em>. La \u201cautarqu\u00eda intelectual\u201d no es una buena idea, pero el trasplante de los modelos desarrollados en otros pa\u00edses no es una tarea mec\u00e1nica. <\/p>\n<p class=\"com-paragraph   --s\"><strong>\u2013 Don David, muchas gracias.<\/strong><\/p>\n<section class=\"container-center-100 mb-40 border border-bottom border-thin border-neutral-light-700\">\n<hr\/>\n<\/section>\n<\/div>\n<p><script id=\"facebookpixel\" defer=\"\" type=\"text\/javascript\">\n        !function(f,b,e,v,n,t,s)\n        {if(f.fbq)return;n=f.fbq=function(){n.callMethod?\n        n.callMethod.apply(n,arguments):n.queue.push(arguments)};\n        if(!f._fbq)f._fbq=n;n.push=n;n.loaded=!0;n.version='2.0';\n        n.queue=[];t=b.createElement(e);t.async=!0;\n        t.src=v;s=b.getElementsByTagName(e)[0];\n        s.parentNode.insertBefore(t,s)}(window, document,'script',\n        'https:\/\/connect.facebook.net\/en_US\/fbevents.js');\n        fbq('init', '492459597522335');\n        fbq('track', 'PageView');\n    <\/script><\/p>\n","protected":false},"excerpt":{"rendered":"<p>Ra\u00fal Prebisch falleci\u00f3 el 29 de abril de 1986, a los 85 a\u00f1os. Como John Maynard Keynes, fue una personalidad multifac\u00e9tica, tan aplaudido como criticado. Tuvo una prolongada carrera p\u00fablica, tanto nacional como internacional. Por eso, como hace siete d\u00edas, a prop\u00f3sito de nuestro compatriota, pregunto: \u00bfc\u00f3mo utiliz\u00f3 y, eventualmente, cre\u00f3 el an\u00e1lisis econ\u00f3mico una [&hellip;]<\/p>\n","protected":false},"author":1,"featured_media":193170,"comment_status":"closed","ping_status":"closed","sticky":false,"template":"","format":"standard","meta":{"footnotes":""},"categories":[28],"tags":[],"class_list":["post-193169","post","type-post","status-publish","format-standard","has-post-thumbnail","hentry","category-economia"],"yoast_head":"<!-- This site is optimized with the Yoast SEO plugin v24.4 - https:\/\/yoast.com\/wordpress\/plugins\/seo\/ -->\n<title>Ra\u00fal Prebisch falleci\u00f3 hace 40 a\u00f1os, pero \u00bfest\u00e1 muerto? - GYS NOTICIAS |<\/title>\n<meta name=\"robots\" content=\"index, follow, max-snippet:-1, max-image-preview:large, max-video-preview:-1\" \/>\n<link rel=\"canonical\" href=\"https:\/\/gysfm.com.ar\/inicio\/raul-prebisch-fallecio-hace-40-anos-pero-esta-muerto\/\" \/>\n<meta property=\"og:locale\" content=\"es_ES\" \/>\n<meta property=\"og:type\" content=\"article\" \/>\n<meta property=\"og:title\" content=\"Ra\u00fal Prebisch falleci\u00f3 hace 40 a\u00f1os, pero \u00bfest\u00e1 muerto? - GYS NOTICIAS |\" \/>\n<meta property=\"og:description\" content=\"Ra\u00fal Prebisch falleci\u00f3 el 29 de abril de 1986, a los 85 a\u00f1os. Como John Maynard Keynes, fue una personalidad multifac\u00e9tica, tan aplaudido como criticado. Tuvo una prolongada carrera p\u00fablica, tanto nacional como internacional. Por eso, como hace siete d\u00edas, a prop\u00f3sito de nuestro compatriota, pregunto: \u00bfc\u00f3mo utiliz\u00f3 y, eventualmente, cre\u00f3 el an\u00e1lisis econ\u00f3mico una [&hellip;]\" \/>\n<meta property=\"og:url\" content=\"https:\/\/gysfm.com.ar\/inicio\/raul-prebisch-fallecio-hace-40-anos-pero-esta-muerto\/\" \/>\n<meta property=\"og:site_name\" content=\"GYS NOTICIAS |\" \/>\n<meta property=\"article:published_time\" content=\"2026-04-26T23:11:52+00:00\" \/>\n<meta property=\"article:modified_time\" content=\"2026-04-26T23:11:53+00:00\" \/>\n<meta property=\"og:image\" content=\"https:\/\/gysfm.com.ar\/inicio\/wp-content\/uploads\/2026\/04\/raul-MVFLOVIYTZHRLEVGXDGEVBLZPA.jpg\" \/>\n\t<meta property=\"og:image:width\" content=\"1200\" \/>\n\t<meta property=\"og:image:height\" content=\"800\" \/>\n\t<meta property=\"og:image:type\" content=\"image\/jpeg\" \/>\n<meta name=\"author\" content=\"admin\" \/>\n<meta name=\"twitter:card\" content=\"summary_large_image\" \/>\n<meta name=\"twitter:label1\" content=\"Escrito por\" \/>\n\t<meta name=\"twitter:data1\" content=\"admin\" \/>\n\t<meta name=\"twitter:label2\" content=\"Tiempo de lectura\" \/>\n\t<meta name=\"twitter:data2\" content=\"6 minutos\" \/>\n<script type=\"application\/ld+json\" class=\"yoast-schema-graph\">{\"@context\":\"https:\/\/schema.org\",\"@graph\":[{\"@type\":\"Article\",\"@id\":\"https:\/\/gysfm.com.ar\/inicio\/raul-prebisch-fallecio-hace-40-anos-pero-esta-muerto\/#article\",\"isPartOf\":{\"@id\":\"https:\/\/gysfm.com.ar\/inicio\/raul-prebisch-fallecio-hace-40-anos-pero-esta-muerto\/\"},\"author\":{\"name\":\"admin\",\"@id\":\"https:\/\/gysfm.com.ar\/inicio\/#\/schema\/person\/5bedd7ecd35cc35548d89effafa23696\"},\"headline\":\"Ra\u00fal Prebisch falleci\u00f3 hace 40 a\u00f1os, pero \u00bfest\u00e1 muerto?\",\"datePublished\":\"2026-04-26T23:11:52+00:00\",\"dateModified\":\"2026-04-26T23:11:53+00:00\",\"mainEntityOfPage\":{\"@id\":\"https:\/\/gysfm.com.ar\/inicio\/raul-prebisch-fallecio-hace-40-anos-pero-esta-muerto\/\"},\"wordCount\":1149,\"publisher\":{\"@id\":\"https:\/\/gysfm.com.ar\/inicio\/#organization\"},\"image\":{\"@id\":\"https:\/\/gysfm.com.ar\/inicio\/raul-prebisch-fallecio-hace-40-anos-pero-esta-muerto\/#primaryimage\"},\"thumbnailUrl\":\"https:\/\/gysfm.com.ar\/inicio\/wp-content\/uploads\/2026\/04\/raul-MVFLOVIYTZHRLEVGXDGEVBLZPA.jpg\",\"articleSection\":[\"ECONOMIA\"],\"inLanguage\":\"es\"},{\"@type\":\"WebPage\",\"@id\":\"https:\/\/gysfm.com.ar\/inicio\/raul-prebisch-fallecio-hace-40-anos-pero-esta-muerto\/\",\"url\":\"https:\/\/gysfm.com.ar\/inicio\/raul-prebisch-fallecio-hace-40-anos-pero-esta-muerto\/\",\"name\":\"Ra\u00fal Prebisch falleci\u00f3 hace 40 a\u00f1os, pero \u00bfest\u00e1 muerto? - GYS NOTICIAS |\",\"isPartOf\":{\"@id\":\"https:\/\/gysfm.com.ar\/inicio\/#website\"},\"primaryImageOfPage\":{\"@id\":\"https:\/\/gysfm.com.ar\/inicio\/raul-prebisch-fallecio-hace-40-anos-pero-esta-muerto\/#primaryimage\"},\"image\":{\"@id\":\"https:\/\/gysfm.com.ar\/inicio\/raul-prebisch-fallecio-hace-40-anos-pero-esta-muerto\/#primaryimage\"},\"thumbnailUrl\":\"https:\/\/gysfm.com.ar\/inicio\/wp-content\/uploads\/2026\/04\/raul-MVFLOVIYTZHRLEVGXDGEVBLZPA.jpg\",\"datePublished\":\"2026-04-26T23:11:52+00:00\",\"dateModified\":\"2026-04-26T23:11:53+00:00\",\"breadcrumb\":{\"@id\":\"https:\/\/gysfm.com.ar\/inicio\/raul-prebisch-fallecio-hace-40-anos-pero-esta-muerto\/#breadcrumb\"},\"inLanguage\":\"es\",\"potentialAction\":[{\"@type\":\"ReadAction\",\"target\":[\"https:\/\/gysfm.com.ar\/inicio\/raul-prebisch-fallecio-hace-40-anos-pero-esta-muerto\/\"]}]},{\"@type\":\"ImageObject\",\"inLanguage\":\"es\",\"@id\":\"https:\/\/gysfm.com.ar\/inicio\/raul-prebisch-fallecio-hace-40-anos-pero-esta-muerto\/#primaryimage\",\"url\":\"https:\/\/gysfm.com.ar\/inicio\/wp-content\/uploads\/2026\/04\/raul-MVFLOVIYTZHRLEVGXDGEVBLZPA.jpg\",\"contentUrl\":\"https:\/\/gysfm.com.ar\/inicio\/wp-content\/uploads\/2026\/04\/raul-MVFLOVIYTZHRLEVGXDGEVBLZPA.jpg\",\"width\":1200,\"height\":800},{\"@type\":\"BreadcrumbList\",\"@id\":\"https:\/\/gysfm.com.ar\/inicio\/raul-prebisch-fallecio-hace-40-anos-pero-esta-muerto\/#breadcrumb\",\"itemListElement\":[{\"@type\":\"ListItem\",\"position\":1,\"name\":\"Portada\",\"item\":\"https:\/\/gysfm.com.ar\/inicio\/\"},{\"@type\":\"ListItem\",\"position\":2,\"name\":\"Ra\u00fal Prebisch falleci\u00f3 hace 40 a\u00f1os, pero \u00bfest\u00e1 muerto?\"}]},{\"@type\":\"WebSite\",\"@id\":\"https:\/\/gysfm.com.ar\/inicio\/#website\",\"url\":\"https:\/\/gysfm.com.ar\/inicio\/\",\"name\":\"GYS NOTICIAS |\",\"description\":\"DIARIO - RADIO ONLINE SAN JUAN ARGENTINA\",\"publisher\":{\"@id\":\"https:\/\/gysfm.com.ar\/inicio\/#organization\"},\"potentialAction\":[{\"@type\":\"SearchAction\",\"target\":{\"@type\":\"EntryPoint\",\"urlTemplate\":\"https:\/\/gysfm.com.ar\/inicio\/?s={search_term_string}\"},\"query-input\":{\"@type\":\"PropertyValueSpecification\",\"valueRequired\":true,\"valueName\":\"search_term_string\"}}],\"inLanguage\":\"es\"},{\"@type\":\"Organization\",\"@id\":\"https:\/\/gysfm.com.ar\/inicio\/#organization\",\"name\":\"GYS NOTICIAS |\",\"url\":\"https:\/\/gysfm.com.ar\/inicio\/\",\"logo\":{\"@type\":\"ImageObject\",\"inLanguage\":\"es\",\"@id\":\"https:\/\/gysfm.com.ar\/inicio\/#\/schema\/logo\/image\/\",\"url\":\"https:\/\/gysfm.com.ar\/inicio\/wp-content\/uploads\/2023\/07\/LOGOGYS-OK.png\",\"contentUrl\":\"https:\/\/gysfm.com.ar\/inicio\/wp-content\/uploads\/2023\/07\/LOGOGYS-OK.png\",\"width\":1170,\"height\":872,\"caption\":\"GYS NOTICIAS |\"},\"image\":{\"@id\":\"https:\/\/gysfm.com.ar\/inicio\/#\/schema\/logo\/image\/\"}},{\"@type\":\"Person\",\"@id\":\"https:\/\/gysfm.com.ar\/inicio\/#\/schema\/person\/5bedd7ecd35cc35548d89effafa23696\",\"name\":\"admin\",\"image\":{\"@type\":\"ImageObject\",\"inLanguage\":\"es\",\"@id\":\"https:\/\/gysfm.com.ar\/inicio\/#\/schema\/person\/image\/\",\"url\":\"https:\/\/secure.gravatar.com\/avatar\/c331d312b5243fb64d5ba28108a447b27c925295129a363082c9ea52c28d32c2?s=96&d=mm&r=g\",\"contentUrl\":\"https:\/\/secure.gravatar.com\/avatar\/c331d312b5243fb64d5ba28108a447b27c925295129a363082c9ea52c28d32c2?s=96&d=mm&r=g\",\"caption\":\"admin\"},\"sameAs\":[\"https:\/\/gysfm.com.ar\/inicio\"],\"url\":\"https:\/\/gysfm.com.ar\/inicio\/author\/admin\/\"}]}<\/script>\n<!-- \/ Yoast SEO plugin. -->","yoast_head_json":{"title":"Ra\u00fal Prebisch falleci\u00f3 hace 40 a\u00f1os, pero \u00bfest\u00e1 muerto? - GYS NOTICIAS |","robots":{"index":"index","follow":"follow","max-snippet":"max-snippet:-1","max-image-preview":"max-image-preview:large","max-video-preview":"max-video-preview:-1"},"canonical":"https:\/\/gysfm.com.ar\/inicio\/raul-prebisch-fallecio-hace-40-anos-pero-esta-muerto\/","og_locale":"es_ES","og_type":"article","og_title":"Ra\u00fal Prebisch falleci\u00f3 hace 40 a\u00f1os, pero \u00bfest\u00e1 muerto? - GYS NOTICIAS |","og_description":"Ra\u00fal Prebisch falleci\u00f3 el 29 de abril de 1986, a los 85 a\u00f1os. Como John Maynard Keynes, fue una personalidad multifac\u00e9tica, tan aplaudido como criticado. Tuvo una prolongada carrera p\u00fablica, tanto nacional como internacional. Por eso, como hace siete d\u00edas, a prop\u00f3sito de nuestro compatriota, pregunto: \u00bfc\u00f3mo utiliz\u00f3 y, eventualmente, cre\u00f3 el an\u00e1lisis econ\u00f3mico una [&hellip;]","og_url":"https:\/\/gysfm.com.ar\/inicio\/raul-prebisch-fallecio-hace-40-anos-pero-esta-muerto\/","og_site_name":"GYS NOTICIAS |","article_published_time":"2026-04-26T23:11:52+00:00","article_modified_time":"2026-04-26T23:11:53+00:00","og_image":[{"width":1200,"height":800,"url":"https:\/\/gysfm.com.ar\/inicio\/wp-content\/uploads\/2026\/04\/raul-MVFLOVIYTZHRLEVGXDGEVBLZPA.jpg","type":"image\/jpeg"}],"author":"admin","twitter_card":"summary_large_image","twitter_misc":{"Escrito por":"admin","Tiempo de lectura":"6 minutos"},"schema":{"@context":"https:\/\/schema.org","@graph":[{"@type":"Article","@id":"https:\/\/gysfm.com.ar\/inicio\/raul-prebisch-fallecio-hace-40-anos-pero-esta-muerto\/#article","isPartOf":{"@id":"https:\/\/gysfm.com.ar\/inicio\/raul-prebisch-fallecio-hace-40-anos-pero-esta-muerto\/"},"author":{"name":"admin","@id":"https:\/\/gysfm.com.ar\/inicio\/#\/schema\/person\/5bedd7ecd35cc35548d89effafa23696"},"headline":"Ra\u00fal Prebisch falleci\u00f3 hace 40 a\u00f1os, pero \u00bfest\u00e1 muerto?","datePublished":"2026-04-26T23:11:52+00:00","dateModified":"2026-04-26T23:11:53+00:00","mainEntityOfPage":{"@id":"https:\/\/gysfm.com.ar\/inicio\/raul-prebisch-fallecio-hace-40-anos-pero-esta-muerto\/"},"wordCount":1149,"publisher":{"@id":"https:\/\/gysfm.com.ar\/inicio\/#organization"},"image":{"@id":"https:\/\/gysfm.com.ar\/inicio\/raul-prebisch-fallecio-hace-40-anos-pero-esta-muerto\/#primaryimage"},"thumbnailUrl":"https:\/\/gysfm.com.ar\/inicio\/wp-content\/uploads\/2026\/04\/raul-MVFLOVIYTZHRLEVGXDGEVBLZPA.jpg","articleSection":["ECONOMIA"],"inLanguage":"es"},{"@type":"WebPage","@id":"https:\/\/gysfm.com.ar\/inicio\/raul-prebisch-fallecio-hace-40-anos-pero-esta-muerto\/","url":"https:\/\/gysfm.com.ar\/inicio\/raul-prebisch-fallecio-hace-40-anos-pero-esta-muerto\/","name":"Ra\u00fal Prebisch falleci\u00f3 hace 40 a\u00f1os, pero \u00bfest\u00e1 muerto? - GYS NOTICIAS |","isPartOf":{"@id":"https:\/\/gysfm.com.ar\/inicio\/#website"},"primaryImageOfPage":{"@id":"https:\/\/gysfm.com.ar\/inicio\/raul-prebisch-fallecio-hace-40-anos-pero-esta-muerto\/#primaryimage"},"image":{"@id":"https:\/\/gysfm.com.ar\/inicio\/raul-prebisch-fallecio-hace-40-anos-pero-esta-muerto\/#primaryimage"},"thumbnailUrl":"https:\/\/gysfm.com.ar\/inicio\/wp-content\/uploads\/2026\/04\/raul-MVFLOVIYTZHRLEVGXDGEVBLZPA.jpg","datePublished":"2026-04-26T23:11:52+00:00","dateModified":"2026-04-26T23:11:53+00:00","breadcrumb":{"@id":"https:\/\/gysfm.com.ar\/inicio\/raul-prebisch-fallecio-hace-40-anos-pero-esta-muerto\/#breadcrumb"},"inLanguage":"es","potentialAction":[{"@type":"ReadAction","target":["https:\/\/gysfm.com.ar\/inicio\/raul-prebisch-fallecio-hace-40-anos-pero-esta-muerto\/"]}]},{"@type":"ImageObject","inLanguage":"es","@id":"https:\/\/gysfm.com.ar\/inicio\/raul-prebisch-fallecio-hace-40-anos-pero-esta-muerto\/#primaryimage","url":"https:\/\/gysfm.com.ar\/inicio\/wp-content\/uploads\/2026\/04\/raul-MVFLOVIYTZHRLEVGXDGEVBLZPA.jpg","contentUrl":"https:\/\/gysfm.com.ar\/inicio\/wp-content\/uploads\/2026\/04\/raul-MVFLOVIYTZHRLEVGXDGEVBLZPA.jpg","width":1200,"height":800},{"@type":"BreadcrumbList","@id":"https:\/\/gysfm.com.ar\/inicio\/raul-prebisch-fallecio-hace-40-anos-pero-esta-muerto\/#breadcrumb","itemListElement":[{"@type":"ListItem","position":1,"name":"Portada","item":"https:\/\/gysfm.com.ar\/inicio\/"},{"@type":"ListItem","position":2,"name":"Ra\u00fal Prebisch falleci\u00f3 hace 40 a\u00f1os, pero \u00bfest\u00e1 muerto?"}]},{"@type":"WebSite","@id":"https:\/\/gysfm.com.ar\/inicio\/#website","url":"https:\/\/gysfm.com.ar\/inicio\/","name":"GYS NOTICIAS |","description":"DIARIO - RADIO ONLINE SAN JUAN ARGENTINA","publisher":{"@id":"https:\/\/gysfm.com.ar\/inicio\/#organization"},"potentialAction":[{"@type":"SearchAction","target":{"@type":"EntryPoint","urlTemplate":"https:\/\/gysfm.com.ar\/inicio\/?s={search_term_string}"},"query-input":{"@type":"PropertyValueSpecification","valueRequired":true,"valueName":"search_term_string"}}],"inLanguage":"es"},{"@type":"Organization","@id":"https:\/\/gysfm.com.ar\/inicio\/#organization","name":"GYS NOTICIAS |","url":"https:\/\/gysfm.com.ar\/inicio\/","logo":{"@type":"ImageObject","inLanguage":"es","@id":"https:\/\/gysfm.com.ar\/inicio\/#\/schema\/logo\/image\/","url":"https:\/\/gysfm.com.ar\/inicio\/wp-content\/uploads\/2023\/07\/LOGOGYS-OK.png","contentUrl":"https:\/\/gysfm.com.ar\/inicio\/wp-content\/uploads\/2023\/07\/LOGOGYS-OK.png","width":1170,"height":872,"caption":"GYS NOTICIAS |"},"image":{"@id":"https:\/\/gysfm.com.ar\/inicio\/#\/schema\/logo\/image\/"}},{"@type":"Person","@id":"https:\/\/gysfm.com.ar\/inicio\/#\/schema\/person\/5bedd7ecd35cc35548d89effafa23696","name":"admin","image":{"@type":"ImageObject","inLanguage":"es","@id":"https:\/\/gysfm.com.ar\/inicio\/#\/schema\/person\/image\/","url":"https:\/\/secure.gravatar.com\/avatar\/c331d312b5243fb64d5ba28108a447b27c925295129a363082c9ea52c28d32c2?s=96&d=mm&r=g","contentUrl":"https:\/\/secure.gravatar.com\/avatar\/c331d312b5243fb64d5ba28108a447b27c925295129a363082c9ea52c28d32c2?s=96&d=mm&r=g","caption":"admin"},"sameAs":["https:\/\/gysfm.com.ar\/inicio"],"url":"https:\/\/gysfm.com.ar\/inicio\/author\/admin\/"}]}},"_links":{"self":[{"href":"https:\/\/gysfm.com.ar\/inicio\/wp-json\/wp\/v2\/posts\/193169","targetHints":{"allow":["GET"]}}],"collection":[{"href":"https:\/\/gysfm.com.ar\/inicio\/wp-json\/wp\/v2\/posts"}],"about":[{"href":"https:\/\/gysfm.com.ar\/inicio\/wp-json\/wp\/v2\/types\/post"}],"author":[{"embeddable":true,"href":"https:\/\/gysfm.com.ar\/inicio\/wp-json\/wp\/v2\/users\/1"}],"replies":[{"embeddable":true,"href":"https:\/\/gysfm.com.ar\/inicio\/wp-json\/wp\/v2\/comments?post=193169"}],"version-history":[{"count":1,"href":"https:\/\/gysfm.com.ar\/inicio\/wp-json\/wp\/v2\/posts\/193169\/revisions"}],"predecessor-version":[{"id":193171,"href":"https:\/\/gysfm.com.ar\/inicio\/wp-json\/wp\/v2\/posts\/193169\/revisions\/193171"}],"wp:featuredmedia":[{"embeddable":true,"href":"https:\/\/gysfm.com.ar\/inicio\/wp-json\/wp\/v2\/media\/193170"}],"wp:attachment":[{"href":"https:\/\/gysfm.com.ar\/inicio\/wp-json\/wp\/v2\/media?parent=193169"}],"wp:term":[{"taxonomy":"category","embeddable":true,"href":"https:\/\/gysfm.com.ar\/inicio\/wp-json\/wp\/v2\/categories?post=193169"},{"taxonomy":"post_tag","embeddable":true,"href":"https:\/\/gysfm.com.ar\/inicio\/wp-json\/wp\/v2\/tags?post=193169"}],"curies":[{"name":"wp","href":"https:\/\/api.w.org\/{rel}","templated":true}]}}