{"id":193166,"date":"2026-04-26T20:10:22","date_gmt":"2026-04-26T23:10:22","guid":{"rendered":"https:\/\/gysfm.com.ar\/inicio\/el-reclamo-de-trump-y-el-extrano-posteo-que-anticipo-el-nombre-del-atacante-en-2023\/"},"modified":"2026-04-26T20:10:23","modified_gmt":"2026-04-26T23:10:23","slug":"el-reclamo-de-trump-y-el-extrano-posteo-que-anticipo-el-nombre-del-atacante-en-2023","status":"publish","type":"post","link":"https:\/\/gysfm.com.ar\/inicio\/el-reclamo-de-trump-y-el-extrano-posteo-que-anticipo-el-nombre-del-atacante-en-2023\/","title":{"rendered":"El reclamo de Trump y el extra\u00f1o posteo que anticip\u00f3 el nombre del atacante en 2023"},"content":{"rendered":"<p> <br \/>\n<\/p>\n<div>\n<p class=\"com-paragraph  --capital --s\">Tras el<strong> tiroteo<\/strong> en la cena de corresponsales, el presidente <a href=\"https:\/\/www.lanacion.com.ar\/politica\/los-mensajes-que-compartio-milei-tras-el-intento-de-asesinato-de-trump-insultos-y-criticas-a-la-nid26042026\/\" target=\"_self\" title=\"https:\/\/www.lanacion.com.ar\/politica\/los-mensajes-que-compartio-milei-tras-el-intento-de-asesinato-de-trump-insultos-y-criticas-a-la-nid26042026\/\" class=\"com-link break-word\" data-mrf-recirculation=\"n_link_parrafo\"><strong>Donald Trump <\/strong><\/a>exigi\u00f3 la reanudaci\u00f3n de la construcci\u00f3n de un sal\u00f3n de baile en el Ala Este de la Casa Blanca, una obra iniciada en octubre pasado que se encuentra paralizada desde fines de marzo por una resoluci\u00f3n judicial.<\/p>\n<p class=\"com-paragraph   --s\">A trav\u00e9s de sus redes sociales, el mandatario asegur\u00f3 que el incidente<strong> \u201cnunca habr\u00eda ocurrido\u201d<\/strong> si el evento se hubiese realizado en dicho espacio.<\/p>\n<div class=\"content-media\">\n<section role=\"button\" class=\"mod-media   \">\n<figure role=\"button\" tabindex=\"0\" class=\"mod-figure \"><figcaption class=\"mod-figcaption\"><span class=\"com-text --caption --twoxs\">El posteo de Donald Trump  en Truth Social tras el tiroteo<\/span><\/figcaption><\/figure>\n<\/section>\n<\/div>\n<p class=\"com-paragraph   --s\">\u201c<strong>Lo ocurrido anoche es precisamente la raz\u00f3n <\/strong>por la que nuestras magn\u00edficas Fuerzas Armadas, el Servicio Secreto, las fuerzas del orden y, por diferentes motivos, todos los presidentes de los \u00faltimos 150 a\u00f1os,<strong> han estado exigiendo que se construya un gran sal\u00f3n de baile seguro en los terrenos de la Casa Blanca<\/strong>\u201d, afirm\u00f3 Trump a trav\u00e9s de su cuenta de <em>Truth Social.<\/em><\/p>\n<p class=\"com-paragraph   --s\">Y a\u00f1adi\u00f3: \u201cSi bien es hermoso, tiene todas las <strong>caracter\u00edsticas de seguridad del m\u00e1s alto nivel <\/strong>que existen, adem\u00e1s, no hay habitaciones en la parte superior para que entren personas sin seguridad, y est\u00e1 dentro de las puertas del edificio m\u00e1s seguro del mundo, la Casa Blanca [..]\u00a1<strong>No se debe permitir que nada interfiera con su construcci\u00f3n<\/strong>, que est\u00e1 dentro del presupuesto y sustancialmente antes de lo previsto!\u201d.<\/p>\n<p class=\"com-paragraph   --s\">El ala este <a href=\"https:\/\/www.lanacion.com.ar\/estados-unidos\/concluye-demolicion-del-ala-este-de-la-casa-blanca-para-construir-un-salon-de-baile-de-us300-nid23102025\/\" target=\"_self\" title=\"https:\/\/www.lanacion.com.ar\/estados-unidos\/concluye-demolicion-del-ala-este-de-la-casa-blanca-para-construir-un-salon-de-baile-de-us300-nid23102025\/\" class=\"com-link break-word\" data-mrf-recirculation=\"n_link_parrafo\">fue demolida en octubre de 2025<\/a> para dar paso al sal\u00f3n de baile, que seg\u00fan Trump est\u00e1 siendo financiado por donantes privados. Dise\u00f1ado para una capacidad de<strong> 650 personas y valuado en 400 millones de d\u00f3lares<\/strong>, no es solo un espacio social: <strong>incluye refugios antibombas, instalaciones militares y un centro m\u00e9dico<\/strong>. <\/p>\n<p class=\"com-paragraph   --s\">Seg\u00fan los detalles sobre el proyecto presentados por la Casa Blanca, la estructura contendr\u00e1: \u201cColumnas y vigas de acero resistentes a misiles, materiales de techado a prueba de drones y vidrios antibalas, bal\u00edsticos y a prueba de explosiones\u201d.<\/p>\n<div class=\"content-media\">\n<section role=\"button\" class=\"mod-media   \">\n<figure role=\"button\" tabindex=\"0\" class=\"mod-figure \"><figcaption class=\"mod-figcaption\"><span class=\"com-text --caption --twoxs\">Una ilustraci\u00f3n de la sal\u00f3n de baile con capacidad en el ala Este de la Casa Blanca<\/span><\/figcaption><\/figure>\n<\/section>\n<\/div>\n<p class=\"com-paragraph   --s\">El proyecto sufri\u00f3 un rev\u00e9s en marzo cuando el<strong> <\/strong>National Trust for Historic Preservation<strong> (Fondo Nacional para la Preservaci\u00f3n Hist\u00f3rica)<\/strong> logr\u00f3 una cautelar alegando que Trump se extralimit\u00f3 al demoler parte del Ala Este sin aval del Congreso.<\/p>\n<p class=\"com-paragraph   --s\"> Semanas atr\u00e1s, el Servicio de Parques Nacionales (NPS) respald\u00f3 la urgencia de su edificaci\u00f3n, calificando la suspensi\u00f3n como un<strong> \u201criesgo grave para la seguridad nacional\u201d.<\/strong><\/p>\n<p class=\"com-paragraph   --s\">\u201cAmenaza con graves da\u00f1os a la seguridad nacional de la Casa Blanca, el presidente y su familia, y el personal del presidente\u201d, sostuvo. <\/p>\n<p class=\"com-paragraph   --s\">Sin embargo, un tribunal de apelaciones en abril permiti\u00f3 retomar los trabajos temporalmente <strong>hasta el 5 de junio<\/strong>, fecha en la que se fij\u00f3 la audiencia oral sobre la legalidad de la construcci\u00f3n.<\/p>\n<p class=\"com-paragraph   --s\">Mientras la investigaci\u00f3n de las fuerzas federales de Estados Unidos avanza, <strong>un tuit gener\u00f3 desconcierto e inter\u00e9s en las redes<\/strong>. Una cuenta de<em> X<\/em> a nombre de<strong> Henry Martinez<\/strong>, creada en 2023, contiene un \u00fanico posteo publicado en diciembre de ese mismo a\u00f1o con el nombre del sospechoso: <a href=\"https:\/\/www.lanacion.com.ar\/estados-unidos\/conmocion-en-washington-investigan-el-movil-del-atacante-y-creen-que-tenia-como-objetivo-a-trump-y-nid26042026\/\" target=\"_self\" title=\"https:\/\/www.lanacion.com.ar\/estados-unidos\/conmocion-en-washington-investigan-el-movil-del-atacante-y-creen-que-tenia-como-objetivo-a-trump-y-nid26042026\/\" class=\"com-link break-word\" data-mrf-recirculation=\"n_link_parrafo\"><strong>Cole Allen<\/strong><\/a>. La cuenta no registra m\u00e1s actividad, lo que gener\u00f3 un sinf\u00edn de teor\u00edas sobre qu\u00e9 escond\u00eda ese mensaje.<\/p>\n<p class=\"com-paragraph   --s\">Algunos usuarios comentaron: \u201cHenry ten\u00e9s que hablar con el FBI\u201d, \u201c\u00bfEstabas en una m\u00e1quina del tiempo?\u201c, \u00bfC\u00f3mo es posible?\u201c, \u201d\u00bfC\u00f3mo hizo para saber\u201d.<\/p>\n<div class=\"content-media\">\n<section role=\"button\" class=\"mod-media   \">\n<figure role=\"button\" tabindex=\"0\" class=\"mod-figure \"><figcaption class=\"mod-figcaption\"><span class=\"com-text --caption --twoxs\">El tuit premonitorio que desconcert\u00f3 a los internautas<\/span><\/figcaption><\/figure>\n<\/section>\n<\/div>\n<p class=\"com-paragraph   --s\">El tirador, de 31 a\u00f1os y residente de California, <strong>logr\u00f3 vulnerar el per\u00edmetro portando una escopeta, una pistola y varios cuchillos<\/strong>. Trump lo calific\u00f3 como un \u201clobo solitario\u201d y asegur\u00f3 en <em>Fox News <\/em>que el atacante actu\u00f3 movido por un \u201codio profundo hacia los cristianos\u201d.<\/p>\n<p class=\"com-paragraph   --s\">Seg\u00fan consign\u00f3 <em>CNN<\/em>,<strong> Allen trabajaba como profesor a tiempo parcial <\/strong>en C2 Education. La compa\u00f1\u00eda lo hab\u00eda distinguido meses atr\u00e1s como \u201cprofesor del mes\u201d, de acuerdo a publicaciones de la empresa en redes sociales. Tambi\u00e9n se presentaba como desarrollador de videojuegos.<\/p>\n<p class=\"com-paragraph   --s\">En un perfil de <em>Linkedin<\/em> que se le adjudica figura que es <strong>autor de un videojuego independiente <\/strong>titulado <em>Bohrdom<\/em>, disponible en la plataforma Steam, cuyo nombre fue registrado como marca en 2018.<\/p>\n<div class=\"content-media\">\n<section role=\"button\" class=\"mod-media   \">\n<figure role=\"button\" tabindex=\"0\" class=\"mod-figure \"><figcaption class=\"mod-figcaption\"><span class=\"com-text --caption --twoxs\">Detuvieron al agresor de Trump<\/span><\/figcaption><\/figure>\n<\/section>\n<\/div>\n<p class=\"com-paragraph   --s\">El sospechoso cuenta con estudios en ingenier\u00eda mec\u00e1nica en el Instituto Tecnol\u00f3gico de California, de donde egres\u00f3 en 2017. Posteriormente obtuvo una maestr\u00eda en inform\u00e1tica en la Universidad Estatal de California en Dominguez Hills. <\/p>\n<p class=\"com-paragraph   --s\">Durante su etapa universitaria particip\u00f3 en el desarrollo de un prototipo de freno de emergencia para sillas de ruedas, proyecto que fue difundido en un medio local.<\/p>\n<p class=\"com-paragraph   --s\">Por otra parte, registros de la Comisi\u00f3n Federal Electoral indican que Allen realiz\u00f3 una<strong> donaci\u00f3n de US$25 a la campa\u00f1a presidencial de Kamala Harris<\/strong> en octubre de 2024.<\/p>\n<section class=\"container-center-100 mb-40 border border-bottom border-thin border-neutral-light-700\">\n<hr\/>\n<\/section>\n<\/div>\n<p><script id=\"facebookpixel\" defer=\"\" type=\"text\/javascript\">\n        !function(f,b,e,v,n,t,s)\n        {if(f.fbq)return;n=f.fbq=function(){n.callMethod?\n        n.callMethod.apply(n,arguments):n.queue.push(arguments)};\n        if(!f._fbq)f._fbq=n;n.push=n;n.loaded=!0;n.version='2.0';\n        n.queue=[];t=b.createElement(e);t.async=!0;\n        t.src=v;s=b.getElementsByTagName(e)[0];\n        s.parentNode.insertBefore(t,s)}(window, document,'script',\n        'https:\/\/connect.facebook.net\/en_US\/fbevents.js');\n        fbq('init', '492459597522335');\n        fbq('track', 'PageView');\n    <\/script><br \/>\n<br \/><\/p>\n","protected":false},"excerpt":{"rendered":"<p>Tras el tiroteo en la cena de corresponsales, el presidente Donald Trump exigi\u00f3 la reanudaci\u00f3n de la construcci\u00f3n de un sal\u00f3n de baile en el Ala Este de la Casa Blanca, una obra iniciada en octubre pasado que se encuentra paralizada desde fines de marzo por una resoluci\u00f3n judicial. A trav\u00e9s de sus redes sociales, [&hellip;]<\/p>\n","protected":false},"author":2,"featured_media":193167,"comment_status":"closed","ping_status":"closed","sticky":false,"template":"","format":"standard","meta":{"footnotes":""},"categories":[26],"tags":[],"class_list":["post-193166","post","type-post","status-publish","format-standard","has-post-thumbnail","hentry","category-internacionales"],"yoast_head":"<!-- This site is optimized with the Yoast SEO plugin v24.4 - https:\/\/yoast.com\/wordpress\/plugins\/seo\/ -->\n<title>El reclamo de Trump y el extra\u00f1o posteo que anticip\u00f3 el nombre del atacante en 2023 - GYS NOTICIAS |<\/title>\n<meta name=\"robots\" content=\"index, follow, max-snippet:-1, max-image-preview:large, max-video-preview:-1\" \/>\n<link rel=\"canonical\" href=\"https:\/\/gysfm.com.ar\/inicio\/el-reclamo-de-trump-y-el-extrano-posteo-que-anticipo-el-nombre-del-atacante-en-2023\/\" \/>\n<meta property=\"og:locale\" content=\"es_ES\" \/>\n<meta property=\"og:type\" content=\"article\" \/>\n<meta property=\"og:title\" content=\"El reclamo de Trump y el extra\u00f1o posteo que anticip\u00f3 el nombre del atacante en 2023 - GYS NOTICIAS |\" \/>\n<meta property=\"og:description\" content=\"Tras el tiroteo en la cena de corresponsales, el presidente Donald Trump exigi\u00f3 la reanudaci\u00f3n de la construcci\u00f3n de un sal\u00f3n de baile en el Ala Este de la Casa Blanca, una obra iniciada en octubre pasado que se encuentra paralizada desde fines de marzo por una resoluci\u00f3n judicial. A trav\u00e9s de sus redes sociales, [&hellip;]\" \/>\n<meta property=\"og:url\" content=\"https:\/\/gysfm.com.ar\/inicio\/el-reclamo-de-trump-y-el-extrano-posteo-que-anticipo-el-nombre-del-atacante-en-2023\/\" \/>\n<meta property=\"og:site_name\" content=\"GYS NOTICIAS |\" \/>\n<meta property=\"article:published_time\" content=\"2026-04-26T23:10:22+00:00\" \/>\n<meta property=\"article:modified_time\" content=\"2026-04-26T23:10:23+00:00\" \/>\n<meta property=\"og:image\" content=\"https:\/\/gysfm.com.ar\/inicio\/wp-content\/uploads\/2026\/04\/donald-trump-destaco-la-importancia-de-la-DPBF6PRCP5DB3FE2DWZZBIE42A.jpg\" \/>\n\t<meta property=\"og:image:width\" content=\"1200\" \/>\n\t<meta property=\"og:image:height\" content=\"800\" \/>\n\t<meta property=\"og:image:type\" content=\"image\/jpeg\" \/>\n<meta name=\"author\" content=\"Prensa G&amp;S FM\" \/>\n<meta name=\"twitter:card\" content=\"summary_large_image\" \/>\n<meta name=\"twitter:label1\" content=\"Escrito por\" \/>\n\t<meta name=\"twitter:data1\" content=\"Prensa G&amp;S FM\" \/>\n\t<meta name=\"twitter:label2\" content=\"Tiempo de lectura\" \/>\n\t<meta name=\"twitter:data2\" content=\"4 minutos\" \/>\n<script type=\"application\/ld+json\" class=\"yoast-schema-graph\">{\"@context\":\"https:\/\/schema.org\",\"@graph\":[{\"@type\":\"Article\",\"@id\":\"https:\/\/gysfm.com.ar\/inicio\/el-reclamo-de-trump-y-el-extrano-posteo-que-anticipo-el-nombre-del-atacante-en-2023\/#article\",\"isPartOf\":{\"@id\":\"https:\/\/gysfm.com.ar\/inicio\/el-reclamo-de-trump-y-el-extrano-posteo-que-anticipo-el-nombre-del-atacante-en-2023\/\"},\"author\":{\"name\":\"Prensa G&amp;S FM\",\"@id\":\"https:\/\/gysfm.com.ar\/inicio\/#\/schema\/person\/3abba7593ef2ad19e1be221d54383dc5\"},\"headline\":\"El reclamo de Trump y el extra\u00f1o posteo que anticip\u00f3 el nombre del atacante en 2023\",\"datePublished\":\"2026-04-26T23:10:22+00:00\",\"dateModified\":\"2026-04-26T23:10:23+00:00\",\"mainEntityOfPage\":{\"@id\":\"https:\/\/gysfm.com.ar\/inicio\/el-reclamo-de-trump-y-el-extrano-posteo-que-anticipo-el-nombre-del-atacante-en-2023\/\"},\"wordCount\":821,\"publisher\":{\"@id\":\"https:\/\/gysfm.com.ar\/inicio\/#organization\"},\"image\":{\"@id\":\"https:\/\/gysfm.com.ar\/inicio\/el-reclamo-de-trump-y-el-extrano-posteo-que-anticipo-el-nombre-del-atacante-en-2023\/#primaryimage\"},\"thumbnailUrl\":\"https:\/\/gysfm.com.ar\/inicio\/wp-content\/uploads\/2026\/04\/donald-trump-destaco-la-importancia-de-la-DPBF6PRCP5DB3FE2DWZZBIE42A.jpg\",\"articleSection\":[\"INTERNACIONALES\"],\"inLanguage\":\"es\"},{\"@type\":\"WebPage\",\"@id\":\"https:\/\/gysfm.com.ar\/inicio\/el-reclamo-de-trump-y-el-extrano-posteo-que-anticipo-el-nombre-del-atacante-en-2023\/\",\"url\":\"https:\/\/gysfm.com.ar\/inicio\/el-reclamo-de-trump-y-el-extrano-posteo-que-anticipo-el-nombre-del-atacante-en-2023\/\",\"name\":\"El reclamo de Trump y el extra\u00f1o posteo que anticip\u00f3 el nombre del atacante en 2023 - GYS NOTICIAS |\",\"isPartOf\":{\"@id\":\"https:\/\/gysfm.com.ar\/inicio\/#website\"},\"primaryImageOfPage\":{\"@id\":\"https:\/\/gysfm.com.ar\/inicio\/el-reclamo-de-trump-y-el-extrano-posteo-que-anticipo-el-nombre-del-atacante-en-2023\/#primaryimage\"},\"image\":{\"@id\":\"https:\/\/gysfm.com.ar\/inicio\/el-reclamo-de-trump-y-el-extrano-posteo-que-anticipo-el-nombre-del-atacante-en-2023\/#primaryimage\"},\"thumbnailUrl\":\"https:\/\/gysfm.com.ar\/inicio\/wp-content\/uploads\/2026\/04\/donald-trump-destaco-la-importancia-de-la-DPBF6PRCP5DB3FE2DWZZBIE42A.jpg\",\"datePublished\":\"2026-04-26T23:10:22+00:00\",\"dateModified\":\"2026-04-26T23:10:23+00:00\",\"breadcrumb\":{\"@id\":\"https:\/\/gysfm.com.ar\/inicio\/el-reclamo-de-trump-y-el-extrano-posteo-que-anticipo-el-nombre-del-atacante-en-2023\/#breadcrumb\"},\"inLanguage\":\"es\",\"potentialAction\":[{\"@type\":\"ReadAction\",\"target\":[\"https:\/\/gysfm.com.ar\/inicio\/el-reclamo-de-trump-y-el-extrano-posteo-que-anticipo-el-nombre-del-atacante-en-2023\/\"]}]},{\"@type\":\"ImageObject\",\"inLanguage\":\"es\",\"@id\":\"https:\/\/gysfm.com.ar\/inicio\/el-reclamo-de-trump-y-el-extrano-posteo-que-anticipo-el-nombre-del-atacante-en-2023\/#primaryimage\",\"url\":\"https:\/\/gysfm.com.ar\/inicio\/wp-content\/uploads\/2026\/04\/donald-trump-destaco-la-importancia-de-la-DPBF6PRCP5DB3FE2DWZZBIE42A.jpg\",\"contentUrl\":\"https:\/\/gysfm.com.ar\/inicio\/wp-content\/uploads\/2026\/04\/donald-trump-destaco-la-importancia-de-la-DPBF6PRCP5DB3FE2DWZZBIE42A.jpg\",\"width\":1200,\"height\":800},{\"@type\":\"BreadcrumbList\",\"@id\":\"https:\/\/gysfm.com.ar\/inicio\/el-reclamo-de-trump-y-el-extrano-posteo-que-anticipo-el-nombre-del-atacante-en-2023\/#breadcrumb\",\"itemListElement\":[{\"@type\":\"ListItem\",\"position\":1,\"name\":\"Portada\",\"item\":\"https:\/\/gysfm.com.ar\/inicio\/\"},{\"@type\":\"ListItem\",\"position\":2,\"name\":\"El reclamo de Trump y el extra\u00f1o posteo que anticip\u00f3 el nombre del atacante en 2023\"}]},{\"@type\":\"WebSite\",\"@id\":\"https:\/\/gysfm.com.ar\/inicio\/#website\",\"url\":\"https:\/\/gysfm.com.ar\/inicio\/\",\"name\":\"GYS NOTICIAS |\",\"description\":\"DIARIO - RADIO ONLINE SAN JUAN ARGENTINA\",\"publisher\":{\"@id\":\"https:\/\/gysfm.com.ar\/inicio\/#organization\"},\"potentialAction\":[{\"@type\":\"SearchAction\",\"target\":{\"@type\":\"EntryPoint\",\"urlTemplate\":\"https:\/\/gysfm.com.ar\/inicio\/?s={search_term_string}\"},\"query-input\":{\"@type\":\"PropertyValueSpecification\",\"valueRequired\":true,\"valueName\":\"search_term_string\"}}],\"inLanguage\":\"es\"},{\"@type\":\"Organization\",\"@id\":\"https:\/\/gysfm.com.ar\/inicio\/#organization\",\"name\":\"GYS NOTICIAS |\",\"url\":\"https:\/\/gysfm.com.ar\/inicio\/\",\"logo\":{\"@type\":\"ImageObject\",\"inLanguage\":\"es\",\"@id\":\"https:\/\/gysfm.com.ar\/inicio\/#\/schema\/logo\/image\/\",\"url\":\"https:\/\/gysfm.com.ar\/inicio\/wp-content\/uploads\/2023\/07\/LOGOGYS-OK.png\",\"contentUrl\":\"https:\/\/gysfm.com.ar\/inicio\/wp-content\/uploads\/2023\/07\/LOGOGYS-OK.png\",\"width\":1170,\"height\":872,\"caption\":\"GYS NOTICIAS |\"},\"image\":{\"@id\":\"https:\/\/gysfm.com.ar\/inicio\/#\/schema\/logo\/image\/\"}},{\"@type\":\"Person\",\"@id\":\"https:\/\/gysfm.com.ar\/inicio\/#\/schema\/person\/3abba7593ef2ad19e1be221d54383dc5\",\"name\":\"Prensa G&amp;S FM\",\"image\":{\"@type\":\"ImageObject\",\"inLanguage\":\"es\",\"@id\":\"https:\/\/gysfm.com.ar\/inicio\/#\/schema\/person\/image\/\",\"url\":\"https:\/\/secure.gravatar.com\/avatar\/096ec78df02049ab018702bb4ccedf659377fa92a26540b5247612077a0dbd29?s=96&d=mm&r=g\",\"contentUrl\":\"https:\/\/secure.gravatar.com\/avatar\/096ec78df02049ab018702bb4ccedf659377fa92a26540b5247612077a0dbd29?s=96&d=mm&r=g\",\"caption\":\"Prensa G&amp;S FM\"},\"sameAs\":[\"https:\/\/gysfm.com.ar\/\"],\"url\":\"https:\/\/gysfm.com.ar\/inicio\/author\/lucasm\/\"}]}<\/script>\n<!-- \/ Yoast SEO plugin. -->","yoast_head_json":{"title":"El reclamo de Trump y el extra\u00f1o posteo que anticip\u00f3 el nombre del atacante en 2023 - GYS NOTICIAS |","robots":{"index":"index","follow":"follow","max-snippet":"max-snippet:-1","max-image-preview":"max-image-preview:large","max-video-preview":"max-video-preview:-1"},"canonical":"https:\/\/gysfm.com.ar\/inicio\/el-reclamo-de-trump-y-el-extrano-posteo-que-anticipo-el-nombre-del-atacante-en-2023\/","og_locale":"es_ES","og_type":"article","og_title":"El reclamo de Trump y el extra\u00f1o posteo que anticip\u00f3 el nombre del atacante en 2023 - GYS NOTICIAS |","og_description":"Tras el tiroteo en la cena de corresponsales, el presidente Donald Trump exigi\u00f3 la reanudaci\u00f3n de la construcci\u00f3n de un sal\u00f3n de baile en el Ala Este de la Casa Blanca, una obra iniciada en octubre pasado que se encuentra paralizada desde fines de marzo por una resoluci\u00f3n judicial. A trav\u00e9s de sus redes sociales, [&hellip;]","og_url":"https:\/\/gysfm.com.ar\/inicio\/el-reclamo-de-trump-y-el-extrano-posteo-que-anticipo-el-nombre-del-atacante-en-2023\/","og_site_name":"GYS NOTICIAS |","article_published_time":"2026-04-26T23:10:22+00:00","article_modified_time":"2026-04-26T23:10:23+00:00","og_image":[{"width":1200,"height":800,"url":"https:\/\/gysfm.com.ar\/inicio\/wp-content\/uploads\/2026\/04\/donald-trump-destaco-la-importancia-de-la-DPBF6PRCP5DB3FE2DWZZBIE42A.jpg","type":"image\/jpeg"}],"author":"Prensa G&amp;S FM","twitter_card":"summary_large_image","twitter_misc":{"Escrito por":"Prensa G&amp;S FM","Tiempo de lectura":"4 minutos"},"schema":{"@context":"https:\/\/schema.org","@graph":[{"@type":"Article","@id":"https:\/\/gysfm.com.ar\/inicio\/el-reclamo-de-trump-y-el-extrano-posteo-que-anticipo-el-nombre-del-atacante-en-2023\/#article","isPartOf":{"@id":"https:\/\/gysfm.com.ar\/inicio\/el-reclamo-de-trump-y-el-extrano-posteo-que-anticipo-el-nombre-del-atacante-en-2023\/"},"author":{"name":"Prensa G&amp;S FM","@id":"https:\/\/gysfm.com.ar\/inicio\/#\/schema\/person\/3abba7593ef2ad19e1be221d54383dc5"},"headline":"El reclamo de Trump y el extra\u00f1o posteo que anticip\u00f3 el nombre del atacante en 2023","datePublished":"2026-04-26T23:10:22+00:00","dateModified":"2026-04-26T23:10:23+00:00","mainEntityOfPage":{"@id":"https:\/\/gysfm.com.ar\/inicio\/el-reclamo-de-trump-y-el-extrano-posteo-que-anticipo-el-nombre-del-atacante-en-2023\/"},"wordCount":821,"publisher":{"@id":"https:\/\/gysfm.com.ar\/inicio\/#organization"},"image":{"@id":"https:\/\/gysfm.com.ar\/inicio\/el-reclamo-de-trump-y-el-extrano-posteo-que-anticipo-el-nombre-del-atacante-en-2023\/#primaryimage"},"thumbnailUrl":"https:\/\/gysfm.com.ar\/inicio\/wp-content\/uploads\/2026\/04\/donald-trump-destaco-la-importancia-de-la-DPBF6PRCP5DB3FE2DWZZBIE42A.jpg","articleSection":["INTERNACIONALES"],"inLanguage":"es"},{"@type":"WebPage","@id":"https:\/\/gysfm.com.ar\/inicio\/el-reclamo-de-trump-y-el-extrano-posteo-que-anticipo-el-nombre-del-atacante-en-2023\/","url":"https:\/\/gysfm.com.ar\/inicio\/el-reclamo-de-trump-y-el-extrano-posteo-que-anticipo-el-nombre-del-atacante-en-2023\/","name":"El reclamo de Trump y el extra\u00f1o posteo que anticip\u00f3 el nombre del atacante en 2023 - GYS NOTICIAS |","isPartOf":{"@id":"https:\/\/gysfm.com.ar\/inicio\/#website"},"primaryImageOfPage":{"@id":"https:\/\/gysfm.com.ar\/inicio\/el-reclamo-de-trump-y-el-extrano-posteo-que-anticipo-el-nombre-del-atacante-en-2023\/#primaryimage"},"image":{"@id":"https:\/\/gysfm.com.ar\/inicio\/el-reclamo-de-trump-y-el-extrano-posteo-que-anticipo-el-nombre-del-atacante-en-2023\/#primaryimage"},"thumbnailUrl":"https:\/\/gysfm.com.ar\/inicio\/wp-content\/uploads\/2026\/04\/donald-trump-destaco-la-importancia-de-la-DPBF6PRCP5DB3FE2DWZZBIE42A.jpg","datePublished":"2026-04-26T23:10:22+00:00","dateModified":"2026-04-26T23:10:23+00:00","breadcrumb":{"@id":"https:\/\/gysfm.com.ar\/inicio\/el-reclamo-de-trump-y-el-extrano-posteo-que-anticipo-el-nombre-del-atacante-en-2023\/#breadcrumb"},"inLanguage":"es","potentialAction":[{"@type":"ReadAction","target":["https:\/\/gysfm.com.ar\/inicio\/el-reclamo-de-trump-y-el-extrano-posteo-que-anticipo-el-nombre-del-atacante-en-2023\/"]}]},{"@type":"ImageObject","inLanguage":"es","@id":"https:\/\/gysfm.com.ar\/inicio\/el-reclamo-de-trump-y-el-extrano-posteo-que-anticipo-el-nombre-del-atacante-en-2023\/#primaryimage","url":"https:\/\/gysfm.com.ar\/inicio\/wp-content\/uploads\/2026\/04\/donald-trump-destaco-la-importancia-de-la-DPBF6PRCP5DB3FE2DWZZBIE42A.jpg","contentUrl":"https:\/\/gysfm.com.ar\/inicio\/wp-content\/uploads\/2026\/04\/donald-trump-destaco-la-importancia-de-la-DPBF6PRCP5DB3FE2DWZZBIE42A.jpg","width":1200,"height":800},{"@type":"BreadcrumbList","@id":"https:\/\/gysfm.com.ar\/inicio\/el-reclamo-de-trump-y-el-extrano-posteo-que-anticipo-el-nombre-del-atacante-en-2023\/#breadcrumb","itemListElement":[{"@type":"ListItem","position":1,"name":"Portada","item":"https:\/\/gysfm.com.ar\/inicio\/"},{"@type":"ListItem","position":2,"name":"El reclamo de Trump y el extra\u00f1o posteo que anticip\u00f3 el nombre del atacante en 2023"}]},{"@type":"WebSite","@id":"https:\/\/gysfm.com.ar\/inicio\/#website","url":"https:\/\/gysfm.com.ar\/inicio\/","name":"GYS NOTICIAS |","description":"DIARIO - RADIO ONLINE SAN JUAN ARGENTINA","publisher":{"@id":"https:\/\/gysfm.com.ar\/inicio\/#organization"},"potentialAction":[{"@type":"SearchAction","target":{"@type":"EntryPoint","urlTemplate":"https:\/\/gysfm.com.ar\/inicio\/?s={search_term_string}"},"query-input":{"@type":"PropertyValueSpecification","valueRequired":true,"valueName":"search_term_string"}}],"inLanguage":"es"},{"@type":"Organization","@id":"https:\/\/gysfm.com.ar\/inicio\/#organization","name":"GYS NOTICIAS |","url":"https:\/\/gysfm.com.ar\/inicio\/","logo":{"@type":"ImageObject","inLanguage":"es","@id":"https:\/\/gysfm.com.ar\/inicio\/#\/schema\/logo\/image\/","url":"https:\/\/gysfm.com.ar\/inicio\/wp-content\/uploads\/2023\/07\/LOGOGYS-OK.png","contentUrl":"https:\/\/gysfm.com.ar\/inicio\/wp-content\/uploads\/2023\/07\/LOGOGYS-OK.png","width":1170,"height":872,"caption":"GYS NOTICIAS |"},"image":{"@id":"https:\/\/gysfm.com.ar\/inicio\/#\/schema\/logo\/image\/"}},{"@type":"Person","@id":"https:\/\/gysfm.com.ar\/inicio\/#\/schema\/person\/3abba7593ef2ad19e1be221d54383dc5","name":"Prensa G&amp;S FM","image":{"@type":"ImageObject","inLanguage":"es","@id":"https:\/\/gysfm.com.ar\/inicio\/#\/schema\/person\/image\/","url":"https:\/\/secure.gravatar.com\/avatar\/096ec78df02049ab018702bb4ccedf659377fa92a26540b5247612077a0dbd29?s=96&d=mm&r=g","contentUrl":"https:\/\/secure.gravatar.com\/avatar\/096ec78df02049ab018702bb4ccedf659377fa92a26540b5247612077a0dbd29?s=96&d=mm&r=g","caption":"Prensa G&amp;S FM"},"sameAs":["https:\/\/gysfm.com.ar\/"],"url":"https:\/\/gysfm.com.ar\/inicio\/author\/lucasm\/"}]}},"_links":{"self":[{"href":"https:\/\/gysfm.com.ar\/inicio\/wp-json\/wp\/v2\/posts\/193166","targetHints":{"allow":["GET"]}}],"collection":[{"href":"https:\/\/gysfm.com.ar\/inicio\/wp-json\/wp\/v2\/posts"}],"about":[{"href":"https:\/\/gysfm.com.ar\/inicio\/wp-json\/wp\/v2\/types\/post"}],"author":[{"embeddable":true,"href":"https:\/\/gysfm.com.ar\/inicio\/wp-json\/wp\/v2\/users\/2"}],"replies":[{"embeddable":true,"href":"https:\/\/gysfm.com.ar\/inicio\/wp-json\/wp\/v2\/comments?post=193166"}],"version-history":[{"count":1,"href":"https:\/\/gysfm.com.ar\/inicio\/wp-json\/wp\/v2\/posts\/193166\/revisions"}],"predecessor-version":[{"id":193168,"href":"https:\/\/gysfm.com.ar\/inicio\/wp-json\/wp\/v2\/posts\/193166\/revisions\/193168"}],"wp:featuredmedia":[{"embeddable":true,"href":"https:\/\/gysfm.com.ar\/inicio\/wp-json\/wp\/v2\/media\/193167"}],"wp:attachment":[{"href":"https:\/\/gysfm.com.ar\/inicio\/wp-json\/wp\/v2\/media?parent=193166"}],"wp:term":[{"taxonomy":"category","embeddable":true,"href":"https:\/\/gysfm.com.ar\/inicio\/wp-json\/wp\/v2\/categories?post=193166"},{"taxonomy":"post_tag","embeddable":true,"href":"https:\/\/gysfm.com.ar\/inicio\/wp-json\/wp\/v2\/tags?post=193166"}],"curies":[{"name":"wp","href":"https:\/\/api.w.org\/{rel}","templated":true}]}}