{"id":193162,"date":"2026-04-26T19:18:06","date_gmt":"2026-04-26T22:18:06","guid":{"rendered":"https:\/\/gysfm.com.ar\/inicio\/maestro-del-mes-quien-es-el-universitario-que-disparo-en-la-gala-con-trump-en-washington\/"},"modified":"2026-04-26T19:18:06","modified_gmt":"2026-04-26T22:18:06","slug":"maestro-del-mes-quien-es-el-universitario-que-disparo-en-la-gala-con-trump-en-washington","status":"publish","type":"post","link":"https:\/\/gysfm.com.ar\/inicio\/maestro-del-mes-quien-es-el-universitario-que-disparo-en-la-gala-con-trump-en-washington\/","title":{"rendered":"\u00abMaestro del Mes\u00bb: Qui\u00e9n es el universitario que dispar\u00f3 en la gala con Trump en Washington"},"content":{"rendered":"<p><\/p>\n<div id=\"article-content\">\n<p>El presidente <a target=\"_blank\" href=\"https:\/\/www.perfil.com\/noticias\/actualidad\/trump-y-el-ataque-en-washington-creo-que-re-aun-lobo-solitario-estos-tipos-son-unos-chiflados.phtml\"><strong>Donald Trump<\/strong><\/a> comparti\u00f3, en sus redes sociales, dos fotos del <strong>sospechoso de haber intentado atentar contra su vida<\/strong> la noche del s\u00e1bado 25 de abril, cuando encabezaba la cena anual de la <strong><a target=\"_blank\" href=\"https:\/\/www.perfil.com\/noticias\/actualidad\/disparos-corridas-y-tension-en-una-cena-de-trump-con-corresponsales-en-la-casa-blanca-no-hubo-heridos.phtml\">Asociaci\u00f3n de Corresponsales de la Casa Blanca<\/a><\/strong> en el Hotel Hilton, de Washington. En las im\u00e1genes puede verse a un hombre con las manos esposadas a las espaldas, acostado boca abajo en el piso, con el torso desnudo.<\/p>\n<p>Seg\u00fan el peri\u00f3dico espa\u00f1ol <em>ABC<\/em>, que recoge el testimonio de varios medios norteamericanos, se trata es <strong><a target=\"_blank\" href=\"https:\/\/www.perfil.com\/noticias\/internacional\/los-videos-del-caos-tras-los-disparos-en-la-cena-con-trump-en-washington.phtml\">Cole Tomas Allen<\/a><\/strong>, de <strong>31 a\u00f1os<\/strong>, un <strong>maestro<\/strong> de Torrance, una localidad que se encuentra al sur de Los \u00c1ngeles, la ciudad m\u00e1s importante del estado de California.<\/p>\n<p style=\"text-align:center\"><picture><source media=\"(max-width: 440px)\" srcset=\"https:\/\/fotos.perfil.com\/\/2026\/04\/26\/440\/0\/cole-tomas-allen-2227702.jpg?webp\"\/><source media=\"(max-width: 1019px)\" srcset=\"https:\/\/fotos.perfil.com\/\/2026\/04\/26\/712\/0\/cole-tomas-allen-2227702.jpg?webp\"\/><img decoding=\"async\" style=\"max-width: 100%; width: 100%;\" alt=\"Cole Tomas Allen\" src=\"https:\/\/fotos.perfil.com\/\/2026\/04\/26\/900\/0\/cole-tomas-allen-2227702.jpg?webp\" loading=\"lazy\"\/><\/picture><\/p>\n<div class=\"subscription\">\n<p>\n        Esto no les gusta a los autoritarios\n    <\/p>\n<div class=\"subscription__container\">\n<div class=\"subscription__text-wrapper\">\n<p>\n                El ejercicio del periodismo profesional y cr\u00edtico es un pilar fundamental de la democracia. Por eso molesta a quienes creen ser los due\u00f1os de la verdad.\n            <\/p>\n<\/p><\/div><\/div>\n<\/div>\n<p>Allen <strong>estudi\u00f3 en dos universidades<\/strong>: California Tech y la Universidad Estatal de California. En su perfil de LinkedIn se define como maestro, desarrollador de videojuegos, cient\u00edfico e ingeniero. Trabajaba para C2 Education, una compa\u00f1\u00eda que brinda servicios personalizados de tutor\u00eda y tambi\u00e9n prepara alumnos para rendir ex\u00e1menes. Por su buen desempe\u00f1o, fue elegido \u201c<strong>maestro del mes\u201d en diciembre de 2024.<\/strong><\/p>\n<p style=\"text-align:center\"><picture><source media=\"(max-width: 440px)\" srcset=\"https:\/\/fotos.perfil.com\/\/2026\/04\/26\/440\/0\/cole-tomas-allen-graduado-2227705.jpg?webp\"\/><source media=\"(max-width: 1019px)\" srcset=\"https:\/\/fotos.perfil.com\/\/2026\/04\/26\/712\/0\/cole-tomas-allen-graduado-2227705.jpg?webp\"\/><img decoding=\"async\" style=\"max-width: 100%; width: 100%;\" alt=\"Cole Tomas Allen graduado\" src=\"https:\/\/fotos.perfil.com\/\/2026\/04\/26\/900\/0\/cole-tomas-allen-graduado-2227705.jpg?webp\" loading=\"lazy\"\/><\/picture><\/p>\n<p>Seg\u00fan <em>ABC<\/em>, Jeffrey Carroll, jefe de la polic\u00eda del Distrito de Columbia, revel\u00f3 que Allen hab\u00eda reservado una habitaci\u00f3n en el hotel Hilton, donde se realizaba la ceremonia que encabezaba Trump, y eso le podr\u00eda haber permitido planificar su ataque. El funcionario explic\u00f3 que<strong> el sospechoso llevaba varios cuchillos, una pistola y un rifle recortado.<\/strong><\/p>\n<p>Las c\u00e1maras de seguridad del hotel muestran como Allen pasa corriendo por el control de seguridad y parece disparar directamente contra el pecho de uno de los miembros del Servicio Secreto, la fuerza de seguridad que se encarga de proteger al presidente de Estados Unidos.<\/p>\n<p>Seg\u00fan el reporte oficial, <strong>el agente recibi\u00f3 el balazo en su chaleco antibalas<\/strong> y se recupera de la herida en el hospital. Allen tambi\u00e9n fue enviado al centro m\u00e9dico, pero la polic\u00eda aclar\u00f3 que no recibi\u00f3 disparos en su enfrentamiento con las fuerzas de seguridad.<\/p>\n<p style=\"text-align:center\"><picture><source media=\"(max-width: 440px)\" srcset=\"https:\/\/fotos.perfil.com\/\/2026\/04\/26\/440\/0\/cole-tomas-allen-elegido-maestro-del-mes-2227706.jpg?webp\"\/><source media=\"(max-width: 1019px)\" srcset=\"https:\/\/fotos.perfil.com\/\/2026\/04\/26\/712\/0\/cole-tomas-allen-elegido-maestro-del-mes-2227706.jpg?webp\"\/><img decoding=\"async\" style=\"max-width: 100%; width: 100%;\" alt=\"Cole Tomas Allen elegido maestro del mes\" src=\"https:\/\/fotos.perfil.com\/\/2026\/04\/26\/900\/0\/cole-tomas-allen-elegido-maestro-del-mes-2227706.jpg?webp\" loading=\"lazy\"\/><\/picture><\/p>\n<p>Carroll explic\u00f3 que, por ahora, la polic\u00eda todav\u00eda n<strong>o pudo establecerse el motivo detr\u00e1s de este ataque.<\/strong> Por su parte, Jeanine Pirro, fiscal del Distrito de Columbia, adelant\u00f3 que <strong>Allen ser\u00e1 imputado por tres cargos<\/strong>: dos vinculados a la posesi\u00f3n de armas y uno por agredir a un agente federal.<\/p>\n<p><iframe id=\"vrudo\" class=\"vrudo\" src=\"https:\/\/rudo.video\/vod\/bWqRhx?volume=0\" width=\"100%\" height=\"100%\" allowscriptaccess=\"always\" allowfullscreen=\"true\" webkitallowfullscreen=\"true\" frameborder=\"0\" scrolling=\"no\" allow=\"autoplay; fullscreen\" loading=\"lazy\" title=\"Contenido embebido\"><\/iframe><\/p>\n<h2>Las declaraciones de Trump sobre el hombre que lo atac\u00f3 en el hotel Hilton<\/h2>\n<p>El presidente Donald Trump habl\u00f3 de Collen Tomas Allen, el hombre que intent\u00f3 irrumpir, fuertemente armado, en la cena anual de la Asociaci\u00f3n de Corresponsales de la Casa Blanca que \u00e9l encabezaba.<\/p>\n<p>\u201cTengo la impresi\u00f3n de que era <strong>un lobo solitario, un chiflado<\/strong>. Va a pasar su vida en prisi\u00f3n porque si sale en 10, 15 a\u00f1os, va a intentarlo de nuevo.<strong> Es una persona enferma<\/strong>. Esta gente horrible cambia el curso de los acontecimientos. La gente que protagoniza estos hechos va por la gente que causa mayor impacto\u201d, asegur\u00f3 el mandatario.<\/p>\n<p><iframe id=\"vrudo\" class=\"vrudo\" src=\"https:\/\/rudo.video\/vod\/bWqP9m?volume=0\" width=\"100%\" height=\"100%\" allowscriptaccess=\"always\" allowfullscreen=\"true\" webkitallowfullscreen=\"true\" frameborder=\"0\" scrolling=\"no\" allow=\"autoplay; fullscreen\" loading=\"lazy\" title=\"Contenido embebido\"><\/iframe><\/p>\n<p>Sobre el momento en que se oyeron los disparos explic\u00f3: \u201c<strong>Fue realmente un ruido muy impactante.<\/strong> Algunas personas entendieron r\u00e1pido lo que suced\u00eda, otros no. Melania estaba muy consciente de lo que suced\u00eda. El trabajo del Servicio Secreto y de todas las fuerzas de seguridad fue realmente muy r\u00e1pido\u201d.<\/p>\n<\/p><\/div>\n<p><script>\n                !function(f,b,e,v,n,t,s)\n                {if(f.fbq)return;n=f.fbq=function(){n.callMethod?\n                    n.callMethod.apply(n,arguments):n.queue.push(arguments)};\n                    if(!f._fbq)f._fbq=n;n.push=n;n.loaded=!0;n.version='2.0';\n                    n.queue=[];t=b.createElement(e);t.async=!0;\n                    t.src=v;s=b.getElementsByTagName(e)[0];\n                    s.parentNode.insertBefore(t,s)}(window, document,'script',\n                    'https:\/\/connect.facebook.net\/en_US\/fbevents.js');\n                window.paywallConfig.facebook_pixel=\"1000228364089342\"\n            <\/script><\/p>\n","protected":false},"excerpt":{"rendered":"<p>El presidente Donald Trump comparti\u00f3, en sus redes sociales, dos fotos del sospechoso de haber intentado atentar contra su vida la noche del s\u00e1bado 25 de abril, cuando encabezaba la cena anual de la Asociaci\u00f3n de Corresponsales de la Casa Blanca en el Hotel Hilton, de Washington. En las im\u00e1genes puede verse a un hombre [&hellip;]<\/p>\n","protected":false},"author":2,"featured_media":193163,"comment_status":"closed","ping_status":"closed","sticky":false,"template":"","format":"standard","meta":{"footnotes":""},"categories":[25],"tags":[],"class_list":["post-193162","post","type-post","status-publish","format-standard","has-post-thumbnail","hentry","category-nacionales"],"yoast_head":"<!-- This site is optimized with the Yoast SEO plugin v24.4 - https:\/\/yoast.com\/wordpress\/plugins\/seo\/ -->\n<title>&quot;Maestro del Mes&quot;: Qui\u00e9n es el universitario que dispar\u00f3 en la gala con Trump en Washington - GYS NOTICIAS |<\/title>\n<meta name=\"robots\" content=\"index, follow, max-snippet:-1, max-image-preview:large, max-video-preview:-1\" \/>\n<link rel=\"canonical\" href=\"https:\/\/gysfm.com.ar\/inicio\/maestro-del-mes-quien-es-el-universitario-que-disparo-en-la-gala-con-trump-en-washington\/\" \/>\n<meta property=\"og:locale\" content=\"es_ES\" \/>\n<meta property=\"og:type\" content=\"article\" \/>\n<meta property=\"og:title\" content=\"&quot;Maestro del Mes&quot;: Qui\u00e9n es el universitario que dispar\u00f3 en la gala con Trump en Washington - GYS NOTICIAS |\" \/>\n<meta property=\"og:description\" content=\"El presidente Donald Trump comparti\u00f3, en sus redes sociales, dos fotos del sospechoso de haber intentado atentar contra su vida la noche del s\u00e1bado 25 de abril, cuando encabezaba la cena anual de la Asociaci\u00f3n de Corresponsales de la Casa Blanca en el Hotel Hilton, de Washington. En las im\u00e1genes puede verse a un hombre [&hellip;]\" \/>\n<meta property=\"og:url\" content=\"https:\/\/gysfm.com.ar\/inicio\/maestro-del-mes-quien-es-el-universitario-que-disparo-en-la-gala-con-trump-en-washington\/\" \/>\n<meta property=\"og:site_name\" content=\"GYS NOTICIAS |\" \/>\n<meta property=\"article:published_time\" content=\"2026-04-26T22:18:06+00:00\" \/>\n<meta property=\"og:image\" content=\"https:\/\/fotos.perfil.com\/\/2026\/04\/26\/900\/0\/cole-tomas-allen-2227702.jpg?webp\" \/>\n<meta name=\"author\" content=\"Prensa G&amp;S FM\" \/>\n<meta name=\"twitter:card\" content=\"summary_large_image\" \/>\n<meta name=\"twitter:label1\" content=\"Escrito por\" \/>\n\t<meta name=\"twitter:data1\" content=\"Prensa G&amp;S FM\" \/>\n\t<meta name=\"twitter:label2\" content=\"Tiempo de lectura\" \/>\n\t<meta name=\"twitter:data2\" content=\"3 minutos\" \/>\n<script type=\"application\/ld+json\" class=\"yoast-schema-graph\">{\"@context\":\"https:\/\/schema.org\",\"@graph\":[{\"@type\":\"Article\",\"@id\":\"https:\/\/gysfm.com.ar\/inicio\/maestro-del-mes-quien-es-el-universitario-que-disparo-en-la-gala-con-trump-en-washington\/#article\",\"isPartOf\":{\"@id\":\"https:\/\/gysfm.com.ar\/inicio\/maestro-del-mes-quien-es-el-universitario-que-disparo-en-la-gala-con-trump-en-washington\/\"},\"author\":{\"name\":\"Prensa G&amp;S FM\",\"@id\":\"https:\/\/gysfm.com.ar\/inicio\/#\/schema\/person\/3abba7593ef2ad19e1be221d54383dc5\"},\"headline\":\"\u00abMaestro del Mes\u00bb: Qui\u00e9n es el universitario que dispar\u00f3 en la gala con Trump en Washington\",\"datePublished\":\"2026-04-26T22:18:06+00:00\",\"mainEntityOfPage\":{\"@id\":\"https:\/\/gysfm.com.ar\/inicio\/maestro-del-mes-quien-es-el-universitario-que-disparo-en-la-gala-con-trump-en-washington\/\"},\"wordCount\":609,\"publisher\":{\"@id\":\"https:\/\/gysfm.com.ar\/inicio\/#organization\"},\"image\":{\"@id\":\"https:\/\/gysfm.com.ar\/inicio\/maestro-del-mes-quien-es-el-universitario-que-disparo-en-la-gala-con-trump-en-washington\/#primaryimage\"},\"thumbnailUrl\":\"https:\/\/gysfm.com.ar\/inicio\/wp-content\/uploads\/2026\/04\/cole-tomas-allen-el-atacante-en-la-cena-de-trump-con-la-prensa-en-washington-2227710.jpg\",\"articleSection\":[\"NACIONALES\"],\"inLanguage\":\"es\"},{\"@type\":\"WebPage\",\"@id\":\"https:\/\/gysfm.com.ar\/inicio\/maestro-del-mes-quien-es-el-universitario-que-disparo-en-la-gala-con-trump-en-washington\/\",\"url\":\"https:\/\/gysfm.com.ar\/inicio\/maestro-del-mes-quien-es-el-universitario-que-disparo-en-la-gala-con-trump-en-washington\/\",\"name\":\"\\\"Maestro del Mes\\\": Qui\u00e9n es el universitario que dispar\u00f3 en la gala con Trump en Washington - GYS NOTICIAS |\",\"isPartOf\":{\"@id\":\"https:\/\/gysfm.com.ar\/inicio\/#website\"},\"primaryImageOfPage\":{\"@id\":\"https:\/\/gysfm.com.ar\/inicio\/maestro-del-mes-quien-es-el-universitario-que-disparo-en-la-gala-con-trump-en-washington\/#primaryimage\"},\"image\":{\"@id\":\"https:\/\/gysfm.com.ar\/inicio\/maestro-del-mes-quien-es-el-universitario-que-disparo-en-la-gala-con-trump-en-washington\/#primaryimage\"},\"thumbnailUrl\":\"https:\/\/gysfm.com.ar\/inicio\/wp-content\/uploads\/2026\/04\/cole-tomas-allen-el-atacante-en-la-cena-de-trump-con-la-prensa-en-washington-2227710.jpg\",\"datePublished\":\"2026-04-26T22:18:06+00:00\",\"breadcrumb\":{\"@id\":\"https:\/\/gysfm.com.ar\/inicio\/maestro-del-mes-quien-es-el-universitario-que-disparo-en-la-gala-con-trump-en-washington\/#breadcrumb\"},\"inLanguage\":\"es\",\"potentialAction\":[{\"@type\":\"ReadAction\",\"target\":[\"https:\/\/gysfm.com.ar\/inicio\/maestro-del-mes-quien-es-el-universitario-que-disparo-en-la-gala-con-trump-en-washington\/\"]}]},{\"@type\":\"ImageObject\",\"inLanguage\":\"es\",\"@id\":\"https:\/\/gysfm.com.ar\/inicio\/maestro-del-mes-quien-es-el-universitario-que-disparo-en-la-gala-con-trump-en-washington\/#primaryimage\",\"url\":\"https:\/\/gysfm.com.ar\/inicio\/wp-content\/uploads\/2026\/04\/cole-tomas-allen-el-atacante-en-la-cena-de-trump-con-la-prensa-en-washington-2227710.jpg\",\"contentUrl\":\"https:\/\/gysfm.com.ar\/inicio\/wp-content\/uploads\/2026\/04\/cole-tomas-allen-el-atacante-en-la-cena-de-trump-con-la-prensa-en-washington-2227710.jpg\",\"width\":1140,\"height\":641},{\"@type\":\"BreadcrumbList\",\"@id\":\"https:\/\/gysfm.com.ar\/inicio\/maestro-del-mes-quien-es-el-universitario-que-disparo-en-la-gala-con-trump-en-washington\/#breadcrumb\",\"itemListElement\":[{\"@type\":\"ListItem\",\"position\":1,\"name\":\"Portada\",\"item\":\"https:\/\/gysfm.com.ar\/inicio\/\"},{\"@type\":\"ListItem\",\"position\":2,\"name\":\"\u00abMaestro del Mes\u00bb: Qui\u00e9n es el universitario que dispar\u00f3 en la gala con Trump en Washington\"}]},{\"@type\":\"WebSite\",\"@id\":\"https:\/\/gysfm.com.ar\/inicio\/#website\",\"url\":\"https:\/\/gysfm.com.ar\/inicio\/\",\"name\":\"GYS NOTICIAS |\",\"description\":\"DIARIO - RADIO ONLINE SAN JUAN ARGENTINA\",\"publisher\":{\"@id\":\"https:\/\/gysfm.com.ar\/inicio\/#organization\"},\"potentialAction\":[{\"@type\":\"SearchAction\",\"target\":{\"@type\":\"EntryPoint\",\"urlTemplate\":\"https:\/\/gysfm.com.ar\/inicio\/?s={search_term_string}\"},\"query-input\":{\"@type\":\"PropertyValueSpecification\",\"valueRequired\":true,\"valueName\":\"search_term_string\"}}],\"inLanguage\":\"es\"},{\"@type\":\"Organization\",\"@id\":\"https:\/\/gysfm.com.ar\/inicio\/#organization\",\"name\":\"GYS NOTICIAS |\",\"url\":\"https:\/\/gysfm.com.ar\/inicio\/\",\"logo\":{\"@type\":\"ImageObject\",\"inLanguage\":\"es\",\"@id\":\"https:\/\/gysfm.com.ar\/inicio\/#\/schema\/logo\/image\/\",\"url\":\"https:\/\/gysfm.com.ar\/inicio\/wp-content\/uploads\/2023\/07\/LOGOGYS-OK.png\",\"contentUrl\":\"https:\/\/gysfm.com.ar\/inicio\/wp-content\/uploads\/2023\/07\/LOGOGYS-OK.png\",\"width\":1170,\"height\":872,\"caption\":\"GYS NOTICIAS |\"},\"image\":{\"@id\":\"https:\/\/gysfm.com.ar\/inicio\/#\/schema\/logo\/image\/\"}},{\"@type\":\"Person\",\"@id\":\"https:\/\/gysfm.com.ar\/inicio\/#\/schema\/person\/3abba7593ef2ad19e1be221d54383dc5\",\"name\":\"Prensa G&amp;S FM\",\"image\":{\"@type\":\"ImageObject\",\"inLanguage\":\"es\",\"@id\":\"https:\/\/gysfm.com.ar\/inicio\/#\/schema\/person\/image\/\",\"url\":\"https:\/\/secure.gravatar.com\/avatar\/096ec78df02049ab018702bb4ccedf659377fa92a26540b5247612077a0dbd29?s=96&d=mm&r=g\",\"contentUrl\":\"https:\/\/secure.gravatar.com\/avatar\/096ec78df02049ab018702bb4ccedf659377fa92a26540b5247612077a0dbd29?s=96&d=mm&r=g\",\"caption\":\"Prensa G&amp;S FM\"},\"sameAs\":[\"https:\/\/gysfm.com.ar\/\"],\"url\":\"https:\/\/gysfm.com.ar\/inicio\/author\/lucasm\/\"}]}<\/script>\n<!-- \/ Yoast SEO plugin. -->","yoast_head_json":{"title":"\"Maestro del Mes\": Qui\u00e9n es el universitario que dispar\u00f3 en la gala con Trump en Washington - GYS NOTICIAS |","robots":{"index":"index","follow":"follow","max-snippet":"max-snippet:-1","max-image-preview":"max-image-preview:large","max-video-preview":"max-video-preview:-1"},"canonical":"https:\/\/gysfm.com.ar\/inicio\/maestro-del-mes-quien-es-el-universitario-que-disparo-en-la-gala-con-trump-en-washington\/","og_locale":"es_ES","og_type":"article","og_title":"\"Maestro del Mes\": Qui\u00e9n es el universitario que dispar\u00f3 en la gala con Trump en Washington - GYS NOTICIAS |","og_description":"El presidente Donald Trump comparti\u00f3, en sus redes sociales, dos fotos del sospechoso de haber intentado atentar contra su vida la noche del s\u00e1bado 25 de abril, cuando encabezaba la cena anual de la Asociaci\u00f3n de Corresponsales de la Casa Blanca en el Hotel Hilton, de Washington. En las im\u00e1genes puede verse a un hombre [&hellip;]","og_url":"https:\/\/gysfm.com.ar\/inicio\/maestro-del-mes-quien-es-el-universitario-que-disparo-en-la-gala-con-trump-en-washington\/","og_site_name":"GYS NOTICIAS |","article_published_time":"2026-04-26T22:18:06+00:00","og_image":[{"url":"https:\/\/fotos.perfil.com\/\/2026\/04\/26\/900\/0\/cole-tomas-allen-2227702.jpg?webp","type":"","width":"","height":""}],"author":"Prensa G&amp;S FM","twitter_card":"summary_large_image","twitter_misc":{"Escrito por":"Prensa G&amp;S FM","Tiempo de lectura":"3 minutos"},"schema":{"@context":"https:\/\/schema.org","@graph":[{"@type":"Article","@id":"https:\/\/gysfm.com.ar\/inicio\/maestro-del-mes-quien-es-el-universitario-que-disparo-en-la-gala-con-trump-en-washington\/#article","isPartOf":{"@id":"https:\/\/gysfm.com.ar\/inicio\/maestro-del-mes-quien-es-el-universitario-que-disparo-en-la-gala-con-trump-en-washington\/"},"author":{"name":"Prensa G&amp;S FM","@id":"https:\/\/gysfm.com.ar\/inicio\/#\/schema\/person\/3abba7593ef2ad19e1be221d54383dc5"},"headline":"\u00abMaestro del Mes\u00bb: Qui\u00e9n es el universitario que dispar\u00f3 en la gala con Trump en Washington","datePublished":"2026-04-26T22:18:06+00:00","mainEntityOfPage":{"@id":"https:\/\/gysfm.com.ar\/inicio\/maestro-del-mes-quien-es-el-universitario-que-disparo-en-la-gala-con-trump-en-washington\/"},"wordCount":609,"publisher":{"@id":"https:\/\/gysfm.com.ar\/inicio\/#organization"},"image":{"@id":"https:\/\/gysfm.com.ar\/inicio\/maestro-del-mes-quien-es-el-universitario-que-disparo-en-la-gala-con-trump-en-washington\/#primaryimage"},"thumbnailUrl":"https:\/\/gysfm.com.ar\/inicio\/wp-content\/uploads\/2026\/04\/cole-tomas-allen-el-atacante-en-la-cena-de-trump-con-la-prensa-en-washington-2227710.jpg","articleSection":["NACIONALES"],"inLanguage":"es"},{"@type":"WebPage","@id":"https:\/\/gysfm.com.ar\/inicio\/maestro-del-mes-quien-es-el-universitario-que-disparo-en-la-gala-con-trump-en-washington\/","url":"https:\/\/gysfm.com.ar\/inicio\/maestro-del-mes-quien-es-el-universitario-que-disparo-en-la-gala-con-trump-en-washington\/","name":"\"Maestro del Mes\": Qui\u00e9n es el universitario que dispar\u00f3 en la gala con Trump en Washington - GYS NOTICIAS |","isPartOf":{"@id":"https:\/\/gysfm.com.ar\/inicio\/#website"},"primaryImageOfPage":{"@id":"https:\/\/gysfm.com.ar\/inicio\/maestro-del-mes-quien-es-el-universitario-que-disparo-en-la-gala-con-trump-en-washington\/#primaryimage"},"image":{"@id":"https:\/\/gysfm.com.ar\/inicio\/maestro-del-mes-quien-es-el-universitario-que-disparo-en-la-gala-con-trump-en-washington\/#primaryimage"},"thumbnailUrl":"https:\/\/gysfm.com.ar\/inicio\/wp-content\/uploads\/2026\/04\/cole-tomas-allen-el-atacante-en-la-cena-de-trump-con-la-prensa-en-washington-2227710.jpg","datePublished":"2026-04-26T22:18:06+00:00","breadcrumb":{"@id":"https:\/\/gysfm.com.ar\/inicio\/maestro-del-mes-quien-es-el-universitario-que-disparo-en-la-gala-con-trump-en-washington\/#breadcrumb"},"inLanguage":"es","potentialAction":[{"@type":"ReadAction","target":["https:\/\/gysfm.com.ar\/inicio\/maestro-del-mes-quien-es-el-universitario-que-disparo-en-la-gala-con-trump-en-washington\/"]}]},{"@type":"ImageObject","inLanguage":"es","@id":"https:\/\/gysfm.com.ar\/inicio\/maestro-del-mes-quien-es-el-universitario-que-disparo-en-la-gala-con-trump-en-washington\/#primaryimage","url":"https:\/\/gysfm.com.ar\/inicio\/wp-content\/uploads\/2026\/04\/cole-tomas-allen-el-atacante-en-la-cena-de-trump-con-la-prensa-en-washington-2227710.jpg","contentUrl":"https:\/\/gysfm.com.ar\/inicio\/wp-content\/uploads\/2026\/04\/cole-tomas-allen-el-atacante-en-la-cena-de-trump-con-la-prensa-en-washington-2227710.jpg","width":1140,"height":641},{"@type":"BreadcrumbList","@id":"https:\/\/gysfm.com.ar\/inicio\/maestro-del-mes-quien-es-el-universitario-que-disparo-en-la-gala-con-trump-en-washington\/#breadcrumb","itemListElement":[{"@type":"ListItem","position":1,"name":"Portada","item":"https:\/\/gysfm.com.ar\/inicio\/"},{"@type":"ListItem","position":2,"name":"\u00abMaestro del Mes\u00bb: Qui\u00e9n es el universitario que dispar\u00f3 en la gala con Trump en Washington"}]},{"@type":"WebSite","@id":"https:\/\/gysfm.com.ar\/inicio\/#website","url":"https:\/\/gysfm.com.ar\/inicio\/","name":"GYS NOTICIAS |","description":"DIARIO - RADIO ONLINE SAN JUAN ARGENTINA","publisher":{"@id":"https:\/\/gysfm.com.ar\/inicio\/#organization"},"potentialAction":[{"@type":"SearchAction","target":{"@type":"EntryPoint","urlTemplate":"https:\/\/gysfm.com.ar\/inicio\/?s={search_term_string}"},"query-input":{"@type":"PropertyValueSpecification","valueRequired":true,"valueName":"search_term_string"}}],"inLanguage":"es"},{"@type":"Organization","@id":"https:\/\/gysfm.com.ar\/inicio\/#organization","name":"GYS NOTICIAS |","url":"https:\/\/gysfm.com.ar\/inicio\/","logo":{"@type":"ImageObject","inLanguage":"es","@id":"https:\/\/gysfm.com.ar\/inicio\/#\/schema\/logo\/image\/","url":"https:\/\/gysfm.com.ar\/inicio\/wp-content\/uploads\/2023\/07\/LOGOGYS-OK.png","contentUrl":"https:\/\/gysfm.com.ar\/inicio\/wp-content\/uploads\/2023\/07\/LOGOGYS-OK.png","width":1170,"height":872,"caption":"GYS NOTICIAS |"},"image":{"@id":"https:\/\/gysfm.com.ar\/inicio\/#\/schema\/logo\/image\/"}},{"@type":"Person","@id":"https:\/\/gysfm.com.ar\/inicio\/#\/schema\/person\/3abba7593ef2ad19e1be221d54383dc5","name":"Prensa G&amp;S FM","image":{"@type":"ImageObject","inLanguage":"es","@id":"https:\/\/gysfm.com.ar\/inicio\/#\/schema\/person\/image\/","url":"https:\/\/secure.gravatar.com\/avatar\/096ec78df02049ab018702bb4ccedf659377fa92a26540b5247612077a0dbd29?s=96&d=mm&r=g","contentUrl":"https:\/\/secure.gravatar.com\/avatar\/096ec78df02049ab018702bb4ccedf659377fa92a26540b5247612077a0dbd29?s=96&d=mm&r=g","caption":"Prensa G&amp;S FM"},"sameAs":["https:\/\/gysfm.com.ar\/"],"url":"https:\/\/gysfm.com.ar\/inicio\/author\/lucasm\/"}]}},"_links":{"self":[{"href":"https:\/\/gysfm.com.ar\/inicio\/wp-json\/wp\/v2\/posts\/193162","targetHints":{"allow":["GET"]}}],"collection":[{"href":"https:\/\/gysfm.com.ar\/inicio\/wp-json\/wp\/v2\/posts"}],"about":[{"href":"https:\/\/gysfm.com.ar\/inicio\/wp-json\/wp\/v2\/types\/post"}],"author":[{"embeddable":true,"href":"https:\/\/gysfm.com.ar\/inicio\/wp-json\/wp\/v2\/users\/2"}],"replies":[{"embeddable":true,"href":"https:\/\/gysfm.com.ar\/inicio\/wp-json\/wp\/v2\/comments?post=193162"}],"version-history":[{"count":0,"href":"https:\/\/gysfm.com.ar\/inicio\/wp-json\/wp\/v2\/posts\/193162\/revisions"}],"wp:featuredmedia":[{"embeddable":true,"href":"https:\/\/gysfm.com.ar\/inicio\/wp-json\/wp\/v2\/media\/193163"}],"wp:attachment":[{"href":"https:\/\/gysfm.com.ar\/inicio\/wp-json\/wp\/v2\/media?parent=193162"}],"wp:term":[{"taxonomy":"category","embeddable":true,"href":"https:\/\/gysfm.com.ar\/inicio\/wp-json\/wp\/v2\/categories?post=193162"},{"taxonomy":"post_tag","embeddable":true,"href":"https:\/\/gysfm.com.ar\/inicio\/wp-json\/wp\/v2\/tags?post=193162"}],"curies":[{"name":"wp","href":"https:\/\/api.w.org\/{rel}","templated":true}]}}