{"id":193159,"date":"2026-04-26T19:07:30","date_gmt":"2026-04-26T22:07:30","guid":{"rendered":"https:\/\/gysfm.com.ar\/inicio\/el-manifiesto-que-cole-allen-envio-a-su-familia-antes-de-abrir-fuego-en-la-gala-que-encabezo-trump\/"},"modified":"2026-04-26T19:07:30","modified_gmt":"2026-04-26T22:07:30","slug":"el-manifiesto-que-cole-allen-envio-a-su-familia-antes-de-abrir-fuego-en-la-gala-que-encabezo-trump","status":"publish","type":"post","link":"https:\/\/gysfm.com.ar\/inicio\/el-manifiesto-que-cole-allen-envio-a-su-familia-antes-de-abrir-fuego-en-la-gala-que-encabezo-trump\/","title":{"rendered":"El manifiesto que Cole Allen envi\u00f3 a su familia antes de abrir fuego en la gala que encabez\u00f3 Trump"},"content":{"rendered":"<p> <br \/>\n<\/p>\n<div>\n<p class=\"com-paragraph  --capital --s\">WASHINGTON.- <strong>Cole Tomas Allen<\/strong>, el hombre que abri\u00f3 fuego en la <a href=\"https:\/\/www.lanacion.com.ar\/estados-unidos\/evacuaron-a-trump-de-la-casa-blanca-por-una-amenaza-durante-una-cena-con-periodistas-nid25042026\/\" target=\"_self\" title=\"https:\/\/www.lanacion.com.ar\/estados-unidos\/evacuaron-a-trump-de-la-casa-blanca-por-una-amenaza-durante-una-cena-con-periodistas-nid25042026\/\" class=\"com-link break-word\" data-mrf-recirculation=\"n_link_parrafo\">cena anual de corresponsales de la Casa Blanca<\/a>, le envi\u00f3 un manifiesto a su familia minutos antes de protagonizar el intento de ataque contra el presidente Donald Trump en el Washington Hilton. En el documento, Allen se define como un \u201cAsesino Federal Amistoso\u201d, enumera sus motivos para querer hacerle da\u00f1o al jefe de Estado y revela que no era su \u00fanico objetivo.<\/p>\n<p class=\"com-paragraph   --s\"><strong>\u201cYa no estoy dispuesto a permitir que un ped\u00f3filo, violador y traidor manche mis manos con sus cr\u00edmenes\u201d<\/strong>, dice el primero de los p\u00e1rrafos del documento, difundido por <a href=\"https:\/\/nypost.com\/2026\/04\/26\/us-news\/whcd-gunman-cole-allen-sent-anti-trump-manifesto-to-family-just-before-opening\/\" target=\"_blank\" title=\"https:\/\/nypost.com\/2026\/04\/26\/us-news\/whcd-gunman-cole-allen-sent-anti-trump-manifesto-to-family-just-before-opening\/\" class=\"com-link break-word\" data-mrf-recirculation=\"n_link_parrafo\" rel=\"nofollow\"><em>New York Post<\/em><\/a>, en referencia al jefe de Estado, de 79 a\u00f1os. A continuaci\u00f3n, Allen escribi\u00f3: \u201cNo soy un ni\u00f1o de escuela v\u00edctima de una explosi\u00f3n, ni un ni\u00f1o que muere de hambre, ni una adolescente abusada por los muchos criminales de esta administraci\u00f3n.<strong> Poner la otra mejilla cuando una persona es oprimida no es un comportamiento cristiano; es complicidad en los cr\u00edmenes<\/strong>\u201c.<\/p>\n<div class=\"content-media\">\n<section role=\"button\" class=\"mod-media   \">\n<figure role=\"button\" tabindex=\"0\" class=\"mod-figure \"><figcaption class=\"mod-figcaption\"><span class=\"com-text --caption --twoxs\">El manifiesto que Allen envi\u00f3 a su familia poco antes de abrir fuego en el Washington Hilton, en un intento de ataque contra el presidente Donald Trump<\/span><\/figcaption><\/figure>\n<\/section>\n<\/div>\n<p class=\"com-paragraph   --s\">El docente de 31 a\u00f1os oriundo de Torrance, California, precisa adem\u00e1s que no ten\u00eda al mandatario estadounidense como \u00fanico blanco.<strong> <\/strong>En el texto, habla de alcanzar a <strong>\u201cfuncionarios de la Administraci\u00f3n priorizados desde el rango m\u00e1s alto hasta el m\u00e1s bajo\u201d<\/strong>. Sin embargo, no hace menci\u00f3n expl\u00edcita de sus nombres ni los identifica.<\/p>\n<p class=\"com-paragraph   --s\"><strong>\u201cPara minimizar las bajas, usar\u00e9 perdigones en lugar de balas (tienen menor penetraci\u00f3n a trav\u00e9s de las paredes)\u201d<\/strong>, detalla en un pasaje del manifiesto, a la vez que asegura estar dispuesto a matar a todos los presentes en las instalaciones del hotel con tal de lograr su acometido: <strong>\u201cSeguir\u00eda pasando por casi todos los presentes para llegar a los objetivos si fuera absolutamente necesario<\/strong> (partiendo de la base de que la mayor\u00eda de la gente eligi\u00f3 asistir a un discurso de un ped\u00f3filo, violador y traidor, y por lo tanto son c\u00f3mplices)\u201d.<\/p>\n<p class=\"com-paragraph   --s\">A lo largo del escrito, Allen hace asimismo referencia a su fe cristiana y menciona temas como los ataques del gobierno de Trump contra barcos venezolanos que transportaban drogas y la detenci\u00f3n de inmigrantes.<\/p>\n<div class=\"content-media\">\n<section role=\"button\" class=\"mod-media   \">\n<figure role=\"button\" tabindex=\"0\" class=\"mod-figure \"><figcaption class=\"mod-figcaption\"><span class=\"com-text --caption --twoxs\">Cole Tomas Allen, el hombre que abri\u00f3 fuego en la cena anual de corresponsales de la Casa Blanca<\/span><\/figcaption><\/figure>\n<\/section>\n<\/div>\n<p class=\"com-paragraph   --s\">Se burla tambi\u00e9n del operativo de seguridad apostado en el Hilton, al considerar que <strong>\u201cse centra en los manifestantes y los asistentes que llegaban pero jam\u00e1s pusieron atenci\u00f3n a alguien como yo, que hab\u00eda hecho el check-in el d\u00eda anterior\u201d.<\/strong> \u201cEste nivel de incompetencia es incre\u00edble, y espero sinceramente que se corrija para cuando este pa\u00eds vuelva a tener un liderazgo competente\u201d, alude entonces el agresor.<\/p>\n<p class=\"com-paragraph   --s\">Y cierra el manifiesto con una reflexi\u00f3n: \u201c<strong>Si alguien tiene curiosidad por saber c\u00f3mo se siente hacer algo as\u00ed: es horrible. <\/strong>Me dan ganas de vomitar; me dan ganas de llorar por todas las cosas que quer\u00eda hacer y que nunca har\u00e9, por todas las personas cuya confianza traicion\u00e9. Siento rabia por lo hecho por esta administraci\u00f3n\u00bb.<\/p>\n<div class=\"content-media\">\n<section role=\"button\" class=\"mod-media   \">\n<figure role=\"button\" tabindex=\"0\" class=\"mod-figure \"><figcaption class=\"mod-figcaption\"><span class=\"com-text --caption --twoxs\">El presidente Donald Trump llegando a la sala de prensa de la Casa Blanca en Washington<\/span><span class=\"com-text --credit --twoxs\">Tom Brenner &#8211; FR117851 AP<\/span><\/figcaption><\/figure>\n<\/section>\n<\/div>\n<p class=\"com-paragraph   --s\"><strong>Seg\u00fan consign\u00f3 <\/strong><a href=\"https:\/\/cnnespanol.cnn.com\/2026\/04\/26\/eeuu\/sospechoso-tiroteo-cena-corresponsales-casa-blanca-profesor-california-trax\" target=\"_blank\" title=\"https:\/\/cnnespanol.cnn.com\/2026\/04\/26\/eeuu\/sospechoso-tiroteo-cena-corresponsales-casa-blanca-profesor-california-trax\" class=\"com-link break-word\" data-mrf-recirculation=\"n_link_parrafo\" rel=\"nofollow\"><em><strong>CNN<\/strong><\/em><\/a><strong>, el hombre de 31 a\u00f1os trabajaba como profesor de tiempo parcial en C2 Education. <\/strong>La compa\u00f1\u00eda lo hab\u00eda distinguido meses atr\u00e1s como \u201cprofesor del mes\u201d, de acuerdo a publicaciones de la empresa en redes sociales.<strong> Tambi\u00e9n se presentaba como desarrollador de videojuegos.<\/strong><\/p>\n<p class=\"com-paragraph   --s\">En un perfil de<em> LinkedIn <\/em>que se le adjudica, figura que es autor del t\u00edtulo independiente bajo el nombre de \u201cBohrdom\u201d, disponible en la plataforma <em>Steam<\/em>, cuyo nombre fue registrado como marca en 2018.<\/p>\n<div class=\"content-media\">\n<section role=\"button\" class=\"mod-media   \">\n<figure role=\"button\" tabindex=\"0\" class=\"mod-figure \"><figcaption class=\"mod-figcaption\"><span class=\"com-text --caption --twoxs\">Trump y la primera dama fueron evacuados de la Cena de Corresponsales de la Casa Blanca tras producirse el tiroteo<\/span><\/figcaption><\/figure>\n<\/section>\n<\/div>\n<p class=\"com-paragraph   --s\">En el plano acad\u00e9mico, el sospechoso cuenta con estudios en<strong> ingenier\u00eda mec\u00e1nica <\/strong>en el <strong>Instituto Tecnol\u00f3gico de California<\/strong>, de donde egres\u00f3 en 2017. Posteriormente obtuvo una maestr\u00eda en inform\u00e1tica en la Universidad Estatal de California en Dominguez Hills. Durante su etapa universitaria particip\u00f3 en el desarrollo de un prototipo de freno de emergencia para sillas de ruedas, proyecto que fue difundido en un medio local.<\/p>\n<p class=\"com-paragraph   --s\">Por \u00faltimo, registros de la Comisi\u00f3n Federal Electoral indican que Allen realiz\u00f3 una<strong> donaci\u00f3n de US$25 <\/strong>a la <strong>campa\u00f1a presidencial de Kamala Harris <\/strong>en octubre de 2024. El agresor se encuentra bajo custodia.<\/p>\n<p class=\"com-paragraph   --s\"><em><strong>Con informaci\u00f3n de AFP<\/strong><\/em><\/p>\n<section class=\"container-center-100 mb-40 border border-bottom border-thin border-neutral-light-700\">\n<hr\/>\n<\/section>\n<\/div>\n<p><script id=\"facebookpixel\" defer=\"\" type=\"text\/javascript\">\n        !function(f,b,e,v,n,t,s)\n        {if(f.fbq)return;n=f.fbq=function(){n.callMethod?\n        n.callMethod.apply(n,arguments):n.queue.push(arguments)};\n        if(!f._fbq)f._fbq=n;n.push=n;n.loaded=!0;n.version='2.0';\n        n.queue=[];t=b.createElement(e);t.async=!0;\n        t.src=v;s=b.getElementsByTagName(e)[0];\n        s.parentNode.insertBefore(t,s)}(window, document,'script',\n        'https:\/\/connect.facebook.net\/en_US\/fbevents.js');\n        fbq('init', '492459597522335');\n        fbq('track', 'PageView');\n    <\/script><br \/>\n<br \/><\/p>\n","protected":false},"excerpt":{"rendered":"<p>WASHINGTON.- Cole Tomas Allen, el hombre que abri\u00f3 fuego en la cena anual de corresponsales de la Casa Blanca, le envi\u00f3 un manifiesto a su familia minutos antes de protagonizar el intento de ataque contra el presidente Donald Trump en el Washington Hilton. En el documento, Allen se define como un \u201cAsesino Federal Amistoso\u201d, enumera [&hellip;]<\/p>\n","protected":false},"author":2,"featured_media":193160,"comment_status":"closed","ping_status":"closed","sticky":false,"template":"","format":"standard","meta":{"footnotes":""},"categories":[26],"tags":[],"class_list":["post-193159","post","type-post","status-publish","format-standard","has-post-thumbnail","hentry","category-internacionales"],"yoast_head":"<!-- This site is optimized with the Yoast SEO plugin v24.4 - https:\/\/yoast.com\/wordpress\/plugins\/seo\/ -->\n<title>El manifiesto que Cole Allen envi\u00f3 a su familia antes de abrir fuego en la gala que encabez\u00f3 Trump - GYS NOTICIAS |<\/title>\n<meta name=\"robots\" content=\"index, follow, max-snippet:-1, max-image-preview:large, max-video-preview:-1\" \/>\n<link rel=\"canonical\" href=\"https:\/\/gysfm.com.ar\/inicio\/el-manifiesto-que-cole-allen-envio-a-su-familia-antes-de-abrir-fuego-en-la-gala-que-encabezo-trump\/\" \/>\n<meta property=\"og:locale\" content=\"es_ES\" \/>\n<meta property=\"og:type\" content=\"article\" \/>\n<meta property=\"og:title\" content=\"El manifiesto que Cole Allen envi\u00f3 a su familia antes de abrir fuego en la gala que encabez\u00f3 Trump - GYS NOTICIAS |\" \/>\n<meta property=\"og:description\" content=\"WASHINGTON.- Cole Tomas Allen, el hombre que abri\u00f3 fuego en la cena anual de corresponsales de la Casa Blanca, le envi\u00f3 un manifiesto a su familia minutos antes de protagonizar el intento de ataque contra el presidente Donald Trump en el Washington Hilton. En el documento, Allen se define como un \u201cAsesino Federal Amistoso\u201d, enumera [&hellip;]\" \/>\n<meta property=\"og:url\" content=\"https:\/\/gysfm.com.ar\/inicio\/el-manifiesto-que-cole-allen-envio-a-su-familia-antes-de-abrir-fuego-en-la-gala-que-encabezo-trump\/\" \/>\n<meta property=\"og:site_name\" content=\"GYS NOTICIAS |\" \/>\n<meta property=\"article:published_time\" content=\"2026-04-26T22:07:30+00:00\" \/>\n<meta property=\"og:image\" content=\"https:\/\/gysfm.com.ar\/inicio\/wp-content\/uploads\/2026\/04\/cole-tomas-allen-el-hombre-que-abrio-fuego-GULUZUCMQVHGBLMV35SZJQTKXU.jpg\" \/>\n\t<meta property=\"og:image:width\" content=\"1200\" \/>\n\t<meta property=\"og:image:height\" content=\"800\" \/>\n\t<meta property=\"og:image:type\" content=\"image\/jpeg\" \/>\n<meta name=\"author\" content=\"Prensa G&amp;S FM\" \/>\n<meta name=\"twitter:card\" content=\"summary_large_image\" \/>\n<meta name=\"twitter:label1\" content=\"Escrito por\" \/>\n\t<meta name=\"twitter:data1\" content=\"Prensa G&amp;S FM\" \/>\n\t<meta name=\"twitter:label2\" content=\"Tiempo de lectura\" \/>\n\t<meta name=\"twitter:data2\" content=\"4 minutos\" \/>\n<script type=\"application\/ld+json\" class=\"yoast-schema-graph\">{\"@context\":\"https:\/\/schema.org\",\"@graph\":[{\"@type\":\"Article\",\"@id\":\"https:\/\/gysfm.com.ar\/inicio\/el-manifiesto-que-cole-allen-envio-a-su-familia-antes-de-abrir-fuego-en-la-gala-que-encabezo-trump\/#article\",\"isPartOf\":{\"@id\":\"https:\/\/gysfm.com.ar\/inicio\/el-manifiesto-que-cole-allen-envio-a-su-familia-antes-de-abrir-fuego-en-la-gala-que-encabezo-trump\/\"},\"author\":{\"name\":\"Prensa G&amp;S FM\",\"@id\":\"https:\/\/gysfm.com.ar\/inicio\/#\/schema\/person\/3abba7593ef2ad19e1be221d54383dc5\"},\"headline\":\"El manifiesto que Cole Allen envi\u00f3 a su familia antes de abrir fuego en la gala que encabez\u00f3 Trump\",\"datePublished\":\"2026-04-26T22:07:30+00:00\",\"mainEntityOfPage\":{\"@id\":\"https:\/\/gysfm.com.ar\/inicio\/el-manifiesto-que-cole-allen-envio-a-su-familia-antes-de-abrir-fuego-en-la-gala-que-encabezo-trump\/\"},\"wordCount\":804,\"publisher\":{\"@id\":\"https:\/\/gysfm.com.ar\/inicio\/#organization\"},\"image\":{\"@id\":\"https:\/\/gysfm.com.ar\/inicio\/el-manifiesto-que-cole-allen-envio-a-su-familia-antes-de-abrir-fuego-en-la-gala-que-encabezo-trump\/#primaryimage\"},\"thumbnailUrl\":\"https:\/\/gysfm.com.ar\/inicio\/wp-content\/uploads\/2026\/04\/cole-tomas-allen-el-hombre-que-abrio-fuego-GULUZUCMQVHGBLMV35SZJQTKXU.jpg\",\"articleSection\":[\"INTERNACIONALES\"],\"inLanguage\":\"es\"},{\"@type\":\"WebPage\",\"@id\":\"https:\/\/gysfm.com.ar\/inicio\/el-manifiesto-que-cole-allen-envio-a-su-familia-antes-de-abrir-fuego-en-la-gala-que-encabezo-trump\/\",\"url\":\"https:\/\/gysfm.com.ar\/inicio\/el-manifiesto-que-cole-allen-envio-a-su-familia-antes-de-abrir-fuego-en-la-gala-que-encabezo-trump\/\",\"name\":\"El manifiesto que Cole Allen envi\u00f3 a su familia antes de abrir fuego en la gala que encabez\u00f3 Trump - GYS NOTICIAS |\",\"isPartOf\":{\"@id\":\"https:\/\/gysfm.com.ar\/inicio\/#website\"},\"primaryImageOfPage\":{\"@id\":\"https:\/\/gysfm.com.ar\/inicio\/el-manifiesto-que-cole-allen-envio-a-su-familia-antes-de-abrir-fuego-en-la-gala-que-encabezo-trump\/#primaryimage\"},\"image\":{\"@id\":\"https:\/\/gysfm.com.ar\/inicio\/el-manifiesto-que-cole-allen-envio-a-su-familia-antes-de-abrir-fuego-en-la-gala-que-encabezo-trump\/#primaryimage\"},\"thumbnailUrl\":\"https:\/\/gysfm.com.ar\/inicio\/wp-content\/uploads\/2026\/04\/cole-tomas-allen-el-hombre-que-abrio-fuego-GULUZUCMQVHGBLMV35SZJQTKXU.jpg\",\"datePublished\":\"2026-04-26T22:07:30+00:00\",\"breadcrumb\":{\"@id\":\"https:\/\/gysfm.com.ar\/inicio\/el-manifiesto-que-cole-allen-envio-a-su-familia-antes-de-abrir-fuego-en-la-gala-que-encabezo-trump\/#breadcrumb\"},\"inLanguage\":\"es\",\"potentialAction\":[{\"@type\":\"ReadAction\",\"target\":[\"https:\/\/gysfm.com.ar\/inicio\/el-manifiesto-que-cole-allen-envio-a-su-familia-antes-de-abrir-fuego-en-la-gala-que-encabezo-trump\/\"]}]},{\"@type\":\"ImageObject\",\"inLanguage\":\"es\",\"@id\":\"https:\/\/gysfm.com.ar\/inicio\/el-manifiesto-que-cole-allen-envio-a-su-familia-antes-de-abrir-fuego-en-la-gala-que-encabezo-trump\/#primaryimage\",\"url\":\"https:\/\/gysfm.com.ar\/inicio\/wp-content\/uploads\/2026\/04\/cole-tomas-allen-el-hombre-que-abrio-fuego-GULUZUCMQVHGBLMV35SZJQTKXU.jpg\",\"contentUrl\":\"https:\/\/gysfm.com.ar\/inicio\/wp-content\/uploads\/2026\/04\/cole-tomas-allen-el-hombre-que-abrio-fuego-GULUZUCMQVHGBLMV35SZJQTKXU.jpg\",\"width\":1200,\"height\":800},{\"@type\":\"BreadcrumbList\",\"@id\":\"https:\/\/gysfm.com.ar\/inicio\/el-manifiesto-que-cole-allen-envio-a-su-familia-antes-de-abrir-fuego-en-la-gala-que-encabezo-trump\/#breadcrumb\",\"itemListElement\":[{\"@type\":\"ListItem\",\"position\":1,\"name\":\"Portada\",\"item\":\"https:\/\/gysfm.com.ar\/inicio\/\"},{\"@type\":\"ListItem\",\"position\":2,\"name\":\"El manifiesto que Cole Allen envi\u00f3 a su familia antes de abrir fuego en la gala que encabez\u00f3 Trump\"}]},{\"@type\":\"WebSite\",\"@id\":\"https:\/\/gysfm.com.ar\/inicio\/#website\",\"url\":\"https:\/\/gysfm.com.ar\/inicio\/\",\"name\":\"GYS NOTICIAS |\",\"description\":\"DIARIO - RADIO ONLINE SAN JUAN ARGENTINA\",\"publisher\":{\"@id\":\"https:\/\/gysfm.com.ar\/inicio\/#organization\"},\"potentialAction\":[{\"@type\":\"SearchAction\",\"target\":{\"@type\":\"EntryPoint\",\"urlTemplate\":\"https:\/\/gysfm.com.ar\/inicio\/?s={search_term_string}\"},\"query-input\":{\"@type\":\"PropertyValueSpecification\",\"valueRequired\":true,\"valueName\":\"search_term_string\"}}],\"inLanguage\":\"es\"},{\"@type\":\"Organization\",\"@id\":\"https:\/\/gysfm.com.ar\/inicio\/#organization\",\"name\":\"GYS NOTICIAS |\",\"url\":\"https:\/\/gysfm.com.ar\/inicio\/\",\"logo\":{\"@type\":\"ImageObject\",\"inLanguage\":\"es\",\"@id\":\"https:\/\/gysfm.com.ar\/inicio\/#\/schema\/logo\/image\/\",\"url\":\"https:\/\/gysfm.com.ar\/inicio\/wp-content\/uploads\/2023\/07\/LOGOGYS-OK.png\",\"contentUrl\":\"https:\/\/gysfm.com.ar\/inicio\/wp-content\/uploads\/2023\/07\/LOGOGYS-OK.png\",\"width\":1170,\"height\":872,\"caption\":\"GYS NOTICIAS |\"},\"image\":{\"@id\":\"https:\/\/gysfm.com.ar\/inicio\/#\/schema\/logo\/image\/\"}},{\"@type\":\"Person\",\"@id\":\"https:\/\/gysfm.com.ar\/inicio\/#\/schema\/person\/3abba7593ef2ad19e1be221d54383dc5\",\"name\":\"Prensa G&amp;S FM\",\"image\":{\"@type\":\"ImageObject\",\"inLanguage\":\"es\",\"@id\":\"https:\/\/gysfm.com.ar\/inicio\/#\/schema\/person\/image\/\",\"url\":\"https:\/\/secure.gravatar.com\/avatar\/096ec78df02049ab018702bb4ccedf659377fa92a26540b5247612077a0dbd29?s=96&d=mm&r=g\",\"contentUrl\":\"https:\/\/secure.gravatar.com\/avatar\/096ec78df02049ab018702bb4ccedf659377fa92a26540b5247612077a0dbd29?s=96&d=mm&r=g\",\"caption\":\"Prensa G&amp;S FM\"},\"sameAs\":[\"https:\/\/gysfm.com.ar\/\"],\"url\":\"https:\/\/gysfm.com.ar\/inicio\/author\/lucasm\/\"}]}<\/script>\n<!-- \/ Yoast SEO plugin. -->","yoast_head_json":{"title":"El manifiesto que Cole Allen envi\u00f3 a su familia antes de abrir fuego en la gala que encabez\u00f3 Trump - GYS NOTICIAS |","robots":{"index":"index","follow":"follow","max-snippet":"max-snippet:-1","max-image-preview":"max-image-preview:large","max-video-preview":"max-video-preview:-1"},"canonical":"https:\/\/gysfm.com.ar\/inicio\/el-manifiesto-que-cole-allen-envio-a-su-familia-antes-de-abrir-fuego-en-la-gala-que-encabezo-trump\/","og_locale":"es_ES","og_type":"article","og_title":"El manifiesto que Cole Allen envi\u00f3 a su familia antes de abrir fuego en la gala que encabez\u00f3 Trump - GYS NOTICIAS |","og_description":"WASHINGTON.- Cole Tomas Allen, el hombre que abri\u00f3 fuego en la cena anual de corresponsales de la Casa Blanca, le envi\u00f3 un manifiesto a su familia minutos antes de protagonizar el intento de ataque contra el presidente Donald Trump en el Washington Hilton. En el documento, Allen se define como un \u201cAsesino Federal Amistoso\u201d, enumera [&hellip;]","og_url":"https:\/\/gysfm.com.ar\/inicio\/el-manifiesto-que-cole-allen-envio-a-su-familia-antes-de-abrir-fuego-en-la-gala-que-encabezo-trump\/","og_site_name":"GYS NOTICIAS |","article_published_time":"2026-04-26T22:07:30+00:00","og_image":[{"width":1200,"height":800,"url":"https:\/\/gysfm.com.ar\/inicio\/wp-content\/uploads\/2026\/04\/cole-tomas-allen-el-hombre-que-abrio-fuego-GULUZUCMQVHGBLMV35SZJQTKXU.jpg","type":"image\/jpeg"}],"author":"Prensa G&amp;S FM","twitter_card":"summary_large_image","twitter_misc":{"Escrito por":"Prensa G&amp;S FM","Tiempo de lectura":"4 minutos"},"schema":{"@context":"https:\/\/schema.org","@graph":[{"@type":"Article","@id":"https:\/\/gysfm.com.ar\/inicio\/el-manifiesto-que-cole-allen-envio-a-su-familia-antes-de-abrir-fuego-en-la-gala-que-encabezo-trump\/#article","isPartOf":{"@id":"https:\/\/gysfm.com.ar\/inicio\/el-manifiesto-que-cole-allen-envio-a-su-familia-antes-de-abrir-fuego-en-la-gala-que-encabezo-trump\/"},"author":{"name":"Prensa G&amp;S FM","@id":"https:\/\/gysfm.com.ar\/inicio\/#\/schema\/person\/3abba7593ef2ad19e1be221d54383dc5"},"headline":"El manifiesto que Cole Allen envi\u00f3 a su familia antes de abrir fuego en la gala que encabez\u00f3 Trump","datePublished":"2026-04-26T22:07:30+00:00","mainEntityOfPage":{"@id":"https:\/\/gysfm.com.ar\/inicio\/el-manifiesto-que-cole-allen-envio-a-su-familia-antes-de-abrir-fuego-en-la-gala-que-encabezo-trump\/"},"wordCount":804,"publisher":{"@id":"https:\/\/gysfm.com.ar\/inicio\/#organization"},"image":{"@id":"https:\/\/gysfm.com.ar\/inicio\/el-manifiesto-que-cole-allen-envio-a-su-familia-antes-de-abrir-fuego-en-la-gala-que-encabezo-trump\/#primaryimage"},"thumbnailUrl":"https:\/\/gysfm.com.ar\/inicio\/wp-content\/uploads\/2026\/04\/cole-tomas-allen-el-hombre-que-abrio-fuego-GULUZUCMQVHGBLMV35SZJQTKXU.jpg","articleSection":["INTERNACIONALES"],"inLanguage":"es"},{"@type":"WebPage","@id":"https:\/\/gysfm.com.ar\/inicio\/el-manifiesto-que-cole-allen-envio-a-su-familia-antes-de-abrir-fuego-en-la-gala-que-encabezo-trump\/","url":"https:\/\/gysfm.com.ar\/inicio\/el-manifiesto-que-cole-allen-envio-a-su-familia-antes-de-abrir-fuego-en-la-gala-que-encabezo-trump\/","name":"El manifiesto que Cole Allen envi\u00f3 a su familia antes de abrir fuego en la gala que encabez\u00f3 Trump - GYS NOTICIAS |","isPartOf":{"@id":"https:\/\/gysfm.com.ar\/inicio\/#website"},"primaryImageOfPage":{"@id":"https:\/\/gysfm.com.ar\/inicio\/el-manifiesto-que-cole-allen-envio-a-su-familia-antes-de-abrir-fuego-en-la-gala-que-encabezo-trump\/#primaryimage"},"image":{"@id":"https:\/\/gysfm.com.ar\/inicio\/el-manifiesto-que-cole-allen-envio-a-su-familia-antes-de-abrir-fuego-en-la-gala-que-encabezo-trump\/#primaryimage"},"thumbnailUrl":"https:\/\/gysfm.com.ar\/inicio\/wp-content\/uploads\/2026\/04\/cole-tomas-allen-el-hombre-que-abrio-fuego-GULUZUCMQVHGBLMV35SZJQTKXU.jpg","datePublished":"2026-04-26T22:07:30+00:00","breadcrumb":{"@id":"https:\/\/gysfm.com.ar\/inicio\/el-manifiesto-que-cole-allen-envio-a-su-familia-antes-de-abrir-fuego-en-la-gala-que-encabezo-trump\/#breadcrumb"},"inLanguage":"es","potentialAction":[{"@type":"ReadAction","target":["https:\/\/gysfm.com.ar\/inicio\/el-manifiesto-que-cole-allen-envio-a-su-familia-antes-de-abrir-fuego-en-la-gala-que-encabezo-trump\/"]}]},{"@type":"ImageObject","inLanguage":"es","@id":"https:\/\/gysfm.com.ar\/inicio\/el-manifiesto-que-cole-allen-envio-a-su-familia-antes-de-abrir-fuego-en-la-gala-que-encabezo-trump\/#primaryimage","url":"https:\/\/gysfm.com.ar\/inicio\/wp-content\/uploads\/2026\/04\/cole-tomas-allen-el-hombre-que-abrio-fuego-GULUZUCMQVHGBLMV35SZJQTKXU.jpg","contentUrl":"https:\/\/gysfm.com.ar\/inicio\/wp-content\/uploads\/2026\/04\/cole-tomas-allen-el-hombre-que-abrio-fuego-GULUZUCMQVHGBLMV35SZJQTKXU.jpg","width":1200,"height":800},{"@type":"BreadcrumbList","@id":"https:\/\/gysfm.com.ar\/inicio\/el-manifiesto-que-cole-allen-envio-a-su-familia-antes-de-abrir-fuego-en-la-gala-que-encabezo-trump\/#breadcrumb","itemListElement":[{"@type":"ListItem","position":1,"name":"Portada","item":"https:\/\/gysfm.com.ar\/inicio\/"},{"@type":"ListItem","position":2,"name":"El manifiesto que Cole Allen envi\u00f3 a su familia antes de abrir fuego en la gala que encabez\u00f3 Trump"}]},{"@type":"WebSite","@id":"https:\/\/gysfm.com.ar\/inicio\/#website","url":"https:\/\/gysfm.com.ar\/inicio\/","name":"GYS NOTICIAS |","description":"DIARIO - RADIO ONLINE SAN JUAN ARGENTINA","publisher":{"@id":"https:\/\/gysfm.com.ar\/inicio\/#organization"},"potentialAction":[{"@type":"SearchAction","target":{"@type":"EntryPoint","urlTemplate":"https:\/\/gysfm.com.ar\/inicio\/?s={search_term_string}"},"query-input":{"@type":"PropertyValueSpecification","valueRequired":true,"valueName":"search_term_string"}}],"inLanguage":"es"},{"@type":"Organization","@id":"https:\/\/gysfm.com.ar\/inicio\/#organization","name":"GYS NOTICIAS |","url":"https:\/\/gysfm.com.ar\/inicio\/","logo":{"@type":"ImageObject","inLanguage":"es","@id":"https:\/\/gysfm.com.ar\/inicio\/#\/schema\/logo\/image\/","url":"https:\/\/gysfm.com.ar\/inicio\/wp-content\/uploads\/2023\/07\/LOGOGYS-OK.png","contentUrl":"https:\/\/gysfm.com.ar\/inicio\/wp-content\/uploads\/2023\/07\/LOGOGYS-OK.png","width":1170,"height":872,"caption":"GYS NOTICIAS |"},"image":{"@id":"https:\/\/gysfm.com.ar\/inicio\/#\/schema\/logo\/image\/"}},{"@type":"Person","@id":"https:\/\/gysfm.com.ar\/inicio\/#\/schema\/person\/3abba7593ef2ad19e1be221d54383dc5","name":"Prensa G&amp;S FM","image":{"@type":"ImageObject","inLanguage":"es","@id":"https:\/\/gysfm.com.ar\/inicio\/#\/schema\/person\/image\/","url":"https:\/\/secure.gravatar.com\/avatar\/096ec78df02049ab018702bb4ccedf659377fa92a26540b5247612077a0dbd29?s=96&d=mm&r=g","contentUrl":"https:\/\/secure.gravatar.com\/avatar\/096ec78df02049ab018702bb4ccedf659377fa92a26540b5247612077a0dbd29?s=96&d=mm&r=g","caption":"Prensa G&amp;S FM"},"sameAs":["https:\/\/gysfm.com.ar\/"],"url":"https:\/\/gysfm.com.ar\/inicio\/author\/lucasm\/"}]}},"_links":{"self":[{"href":"https:\/\/gysfm.com.ar\/inicio\/wp-json\/wp\/v2\/posts\/193159","targetHints":{"allow":["GET"]}}],"collection":[{"href":"https:\/\/gysfm.com.ar\/inicio\/wp-json\/wp\/v2\/posts"}],"about":[{"href":"https:\/\/gysfm.com.ar\/inicio\/wp-json\/wp\/v2\/types\/post"}],"author":[{"embeddable":true,"href":"https:\/\/gysfm.com.ar\/inicio\/wp-json\/wp\/v2\/users\/2"}],"replies":[{"embeddable":true,"href":"https:\/\/gysfm.com.ar\/inicio\/wp-json\/wp\/v2\/comments?post=193159"}],"version-history":[{"count":1,"href":"https:\/\/gysfm.com.ar\/inicio\/wp-json\/wp\/v2\/posts\/193159\/revisions"}],"predecessor-version":[{"id":193161,"href":"https:\/\/gysfm.com.ar\/inicio\/wp-json\/wp\/v2\/posts\/193159\/revisions\/193161"}],"wp:featuredmedia":[{"embeddable":true,"href":"https:\/\/gysfm.com.ar\/inicio\/wp-json\/wp\/v2\/media\/193160"}],"wp:attachment":[{"href":"https:\/\/gysfm.com.ar\/inicio\/wp-json\/wp\/v2\/media?parent=193159"}],"wp:term":[{"taxonomy":"category","embeddable":true,"href":"https:\/\/gysfm.com.ar\/inicio\/wp-json\/wp\/v2\/categories?post=193159"},{"taxonomy":"post_tag","embeddable":true,"href":"https:\/\/gysfm.com.ar\/inicio\/wp-json\/wp\/v2\/tags?post=193159"}],"curies":[{"name":"wp","href":"https:\/\/api.w.org\/{rel}","templated":true}]}}