{"id":193156,"date":"2026-04-26T18:37:32","date_gmt":"2026-04-26T21:37:32","guid":{"rendered":"https:\/\/gysfm.com.ar\/inicio\/los-puntajes-ole-de-la-fecha-16-del-torneo-apertura-ole\/"},"modified":"2026-04-26T18:37:32","modified_gmt":"2026-04-26T21:37:32","slug":"los-puntajes-ole-de-la-fecha-16-del-torneo-apertura-ole","status":"publish","type":"post","link":"https:\/\/gysfm.com.ar\/inicio\/los-puntajes-ole-de-la-fecha-16-del-torneo-apertura-ole\/","title":{"rendered":"Los puntajes Ol\u00e9 de la fecha 16 del Torneo Apertura :: Ol\u00e9"},"content":{"rendered":"<p> <br \/>\n<\/p>\n<p><span class=\"createDate\">24\/04\/2026 20:11hs.<\/span><time class=\"modificatedDate\" datetime=\"2026-04-25T20:25:24-03:00\"> Actualizado al 25\/04\/2026 20:25hs.<\/time><\/p>\n<div id=\"storyBody\">\n<div id=\"element-body-0\" class=\"sc-136cd478-0 ekTCfV\">\n<p>Arranc\u00f3 la fecha 16 y el <strong>Torneo Apertura<\/strong> est\u00e1 que arde de cara a los playoffs: al entrar en la recta final (resta jugarse la fecha 9, pendiente por el paro de la AFA) ya hay varios equipos clasificados y otros que se juegan la vida. <strong>Ol\u00e9 <\/strong> te trae los puntajes, las formaciones y los goleadores de cada partido.<\/p>\n<\/div>\n<p><h2><strong>Estudiantes 0 vs. Talleres 0<\/strong><\/h2>\n<\/p>\n<div id=\"element-body-2\" class=\"sc-136cd478-0 ekTCfV\">\n<p><strong>Estudiantes:<\/strong> F. Muslera (5); E. Mancuso (5), L. Gonz\u00e1lez Pirez (6), T. Palacios (5,5), G. Benedetti (5); E. Piovi (6), G. Neves (4,5), M. Amondarain (6,5), F. Far\u00edas (5); E. Cetr\u00e9 (4), A. Gaich (4). <strong>DT<\/strong>: A. Medina (6). <strong>Ingresaron:<\/strong> T. Palacios (5), B. Aguirre (5,5), G. Carrillo (5), A. Castro (4), Neves.<\/p>\n<\/div>\n<div id=\"element-body-3\" class=\"sc-136cd478-0 ekTCfV\">\n<p><strong>Talleres<\/strong>: G. Herrera (6); A. Vigo (4), M. Catal\u00e1n (6), S. Fern\u00e1ndez (5), A. Maidana (5); M. C\u00e1ceres (5,5), M. Galarza (6), D. Valoyes (5), F. Cristaldo (3,5); Rick (5), R. Mart\u00ednez (4). <strong>DT:<\/strong> C. T\u00e9vez (6). <strong>Ingresaron:<\/strong> J. Palomino (5), V. De Pietri (5), J. Sforza (5), V. Davila (4), G. Baroni.<\/p>\n<\/div>\n<p><h2><strong>Estudiantes RC 1 vs. Rosario Central 2<\/strong><\/h2>\n<\/p>\n<div id=\"element-body-6\" class=\"sc-136cd478-0 ekTCfV\">\n<p><strong>Estudiantes RC<\/strong>: A. Lastra (7); J. Antonini (2), G. Maffini (4), S. Ojeda (5), F. Cobos (5); T. Gonz\u00e1lez (6), A. Cabrera (5), F. Gallardo (5), G. Alan\u00eds (4); M. Valiente (7), J. Ferreira (6). <strong>DT<\/strong>: G. Acu\u00f1a (5). <strong>Ingresaron<\/strong>: M. Bajamich (5), M. Garnerone (4), N. Talpone, F. Galv\u00e1n, M. Yalenti.<\/p>\n<\/div>\n<div id=\"element-body-7\" class=\"sc-136cd478-0 ekTCfV\">\n<p><strong>Rosario Central<\/strong>: J. Ledesma (5); E. Coronel (4,5), I. Ovando (6), G. \u00c1vila (6), A. Soto (5); F. Ibarra (4,5), W. Pizarro (6,5); G. Duarte (5), J. Fern\u00e1ndez (8), J. Campaz (6); E. Copetti (7). <strong>DT<\/strong>: J. Almir\u00f3n (5). <strong>Ingresaron<\/strong>: \u00c1. Di Mar\u00eda (7), A. V\u00e9liz (5), F. Mallo (5), C. Quintana (5), F. Navarro.<\/p>\n<\/div>\n<div id=\"element-body-8\" class=\"sc-136cd478-0 ekTCfV\">\n<p><strong>Goles<\/strong>: PT 5&#8242; E. Copetti (R); ST 10&#8242; J. Fern\u00e1ndez (R) y 15&#8242; M. Valiente (E).<\/p>\n<\/div>\n<div class=\"sc-e7b891c4-0 ifHnQL image-embed\" id=\"element-body-9\"><img alt=\"El Canalla asegur\u00f3 el pase a octavos (prensa CARC).\" loading=\"lazy\" width=\"720\" height=\"100\" decoding=\"async\" data-nimg=\"1\" style=\"color:transparent\" src=\"https:\/\/www.ole.com.ar\/images\/2026\/04\/24\/1Opq724qP_720x0__1.jpg\"\/><span class=\"epigraphe\">El Canalla asegur\u00f3 el pase a octavos (prensa CARC).<\/span><\/div>\n<p><h2><strong>Defensa 0 vs. Boca 4<\/strong><\/h2>\n<\/p>\n<div id=\"element-body-11\" class=\"sc-136cd478-0 ekTCfV\">\n<p><strong>Defensa:<\/strong> C. Fiermar\u00edn (6); D. C\u00e1ceres (4), A. Portillo (6), D. Fern\u00e1ndez (3), E. Amor (3); L. Souto (4), S. Sosa (3), R. Botta (4); A. Molinas (4), A. Hausch (6); J. Guti\u00e9rrez (4). <strong>DT: <\/strong> M. Soso (4). <strong>Ingresaron:<\/strong> A. Coria (4), E. Banega (4), E. Pereyra (5), L. Gonz\u00e1lez, M. Aguiar.<\/p>\n<\/div>\n<div id=\"element-body-12\" class=\"sc-136cd478-0 ekTCfV\">\n<p><strong>Boca<\/strong>: L. Brey (6); J. Barinaga (5,5), N. Figal (6), M. Pellegrino (6), M. Braida (6,5); T. Belmonte (6,5), M. Delgado (7), A. Velasco (8); \u00c1. Romero (4), E. Zeballos (6,5); M. Gim\u00e9nez (7). <strong>DT<\/strong>: C. Ubeda (8). <strong>Ingresaron:<\/strong> S. Ascacibar (7), L. Paredes (8), A. Bareiro (7), T. Aranda (7), M. Merentiel.<\/p>\n<\/div>\n<div id=\"element-body-13\" class=\"sc-136cd478-0 ekTCfV\">\n<p><strong>Goles:<\/strong> PT 22&#8242; M. Gim\u00e9nez (B), ST 32&#8242; A. Velasco (B), ST 35&#8242; A. Bareiro (B) y ST 47&#8242; M. Merentiel (B).<\/p>\n<\/div>\n<div class=\"sc-e7b891c4-0 ifHnQL image-embed\" id=\"element-body-14\"><img alt=\"Boca gole\u00f3 a Defensa (Fotos Emmanuel Fern\u00e1ndez).\" loading=\"lazy\" width=\"720\" height=\"100\" decoding=\"async\" data-nimg=\"1\" style=\"color:transparent\" src=\"https:\/\/www.ole.com.ar\/images\/2026\/04\/23\/GaA0_WuJ9_720x0__1.jpg\"\/><span class=\"epigraphe\">Boca gole\u00f3 a Defensa (Fotos Emmanuel Fern\u00e1ndez).<\/span><\/div>\n<p><h2><strong>Riestra 2 &#8211; Independiente 0<\/strong><\/h2>\n<\/p>\n<div id=\"element-body-16\" class=\"sc-136cd478-0 ekTCfV\">\n<p><strong>Riestra:<\/strong> I. Arce (4); M. Bracamonte (6,5), F. Mi\u00f1o (5), J. Randazzo (5,5), C. Paz (5), P. Ram\u00edrez (7); J. Goit\u00eda (5,5), P. Monje (4,5), A. Alonso (5); J. Herrera (4,5), M. Smarra (5). DT: G. Dur\u00f3 (6). <strong>Ingresaron: <\/strong> G. Obredor (4,5), N. Watson (5), G. Flores, R. Sayavedra, \u00c1. Stringa.<\/p>\n<\/div>\n<div id=\"element-body-17\" class=\"sc-136cd478-0 ekTCfV\">\n<p><strong>Independiente:<\/strong> R. Rey (3); S. Arias (4), K. Lom\u00f3naco (3), S. Vald\u00e9z (2), F. Zabala (4); M. P\u00e9rez Curci (5), M. Marcone (6); M. Guti\u00e9rrez (4,5), S. Montiel (3), M. Abaldo (4,5); G. \u00c1valos (4). DT: G. Quinteros (3). <strong>Ingresaron:<\/strong> F. Tempone (5), L. Mill\u00e1n (4,5), M. Valenzuela, F. Vald\u00e9z.<\/p>\n<\/div>\n<div id=\"element-body-18\" class=\"sc-136cd478-0 ekTCfV\">\n<p><strong> Goles: <\/strong> PT 13&#8242; M. Bracamonte (R) y ST 35&#8242; Pedro David Ram\u00edrez (R).<\/p>\n<\/div>\n<p><h2><strong>Lan\u00fas 0 &#8211; Central C\u00f3rdoba 0<\/strong><\/h2>\n<\/p>\n<div id=\"element-body-20\" class=\"sc-136cd478-0 ekTCfV\">\n<p><strong>Lan\u00fas<\/strong>: N. Losada (6); G. P\u00e9rez (5,5), C. Izquierdoz (4), J. Canale (5) y S. Marcich (6); F. Pe\u00f1a Biafore (7), A. Medina (6), E. Salvio (7,5) y M. Moreno (7); R. Carrera (6) y Y. Valois (5). <strong>DT<\/strong>: M. Pellegrino (6). <strong>Ingresaron<\/strong>: D. Aquino (5), T. Guidara (5) y L. Besozzi (6).<\/p>\n<\/div>\n<div id=\"element-body-21\" class=\"sc-136cd478-0 ekTCfV\">\n<p><strong>C. C\u00f3rdoba<\/strong>: A. Aguerre (8); F. Mart\u00ednez (6), A. Maciel (5), Y. Casermeiro (6) y A. Quiroga (5,5); M. Vera (5), L. Gonz\u00e1lez (5,5), T. Cravero (7,5) y D. Barrera (6); E. Naya (7) y L. Varaldo (6,5). <strong>DT<\/strong>: L. Pusineri (6). <strong>Ingresaron<\/strong>: H. Tijanovich (5), M. Santos y J. Cardozo.<\/p>\n<\/div>\n<p><h2><strong>Racing 1 &#8211; Barracas Central 1<\/strong><\/h2>\n<\/p>\n<div id=\"element-body-24\" class=\"sc-136cd478-0 ekTCfV\">\n<p><strong>Racing<\/strong>: F. Cambeses (6); F. Pardo (6,5), S. Sosa (7) y M. Di Cesare (7); E. Cannavo (8), B. Zuculini (6,5), A. Fern\u00e1ndez (1) y T. Conechny (6); S. Solari (6,5), A. Mart\u00ednez (5) y M. Zaracho (8,5). <strong>DT<\/strong>: G. Costas (5). <strong>Ingresaron<\/strong>: B. Rodr\u00edguez (6), A. Forneris (5), D. Vergara y M. Miljevic.<\/p>\n<\/div>\n<div id=\"element-body-25\" class=\"sc-136cd478-0 ekTCfV\">\n<p><strong>Barracas<\/strong>: J. Esp\u00ednola (5); N. Capraro (4), F. Tobio (7) y N. Demartini (5,5); D. Mart\u00ednez (5), D. Miloc (5), I. Tapia (3) y R. Insua (6); T. Porra (5,5) y N. Briasco (4); J. Candia (4). <strong>DT<\/strong>: R. Dar\u00edo Insua (6). <strong>Ingresaron<\/strong>: R. Bogar\u00edn (7), K. Jappert (6), E. Taborda (8), F. Bruera (7) y G. Maroni (6).<\/p>\n<\/div>\n<div id=\"element-body-26\" class=\"sc-136cd478-0 ekTCfV\">\n<p><strong>Goles<\/strong>: PT 29&#8242; M. Zaracho (R) y ST 35&#8242; F. Tobio (B).<\/p>\n<\/div>\n<p><h2><strong>Platense 0 &#8211; San Lorenzo 1<\/strong><\/h2>\n<\/p>\n<div id=\"element-body-28\" class=\"sc-136cd478-0 ekTCfV\">\n<p><strong>Platense<\/strong>: M. Borgogno (6,5); J. I. Saborido (5,5), M. Mend\u00eda (4), V. Cuesta (4,5) y T. Silva (6); F. Amarfil (6) y P. Ferreira (6,5); G. Mainero (6,5), K. Retamar (6) y F. Zapiola (6,5); T. Nasif (5). <strong>DT<\/strong>: W. Zunino (5). <strong>Ingresaron<\/strong>: A. Lagos (5), B. Merlini (6,5), G. Lencina (5) y J. Gauto.<\/p>\n<\/div>\n<div id=\"element-body-29\" class=\"sc-136cd478-0 ekTCfV\">\n<p><strong>San Lorenzo<\/strong>: O. Gill (7,5); E. Herrera (4,5), J. Roma\u00f1a (7,5) y L. Montenegro (8); N. Tripichio (6,5), F. Gulli (5), M. Insaurralde (7) y M. De Ritis (4); A. Cuello (6,5) y M. Reali (6); R. Auzmendi (7). <strong>DT<\/strong>: G. \u00c1lvarez (8). <strong>Ingresaron<\/strong>: M. Hern\u00e1ndez (6), G. Rodr\u00edguez (6), N. Barrios y D. Herazo.<\/p>\n<\/div>\n<div id=\"element-body-31\" class=\"sc-a7166897-0 eoLsBE\"><a href=\"https:\/\/www.ole.com.ar\/futbol-primera\/llave-apertura-cruces_0_YdGSzMP3V0.html\" aria-label=\"Con cl\u00e1sico de C\u00f3rdoba y River - Independiente, as\u00ed ser\u00edan los cruces de octavos del Apertura en la fecha 16\" class=\"sc-3c11979e-0 dqpgzy\"\/><\/p>\n<section><picture><img alt=\"Con cl\u00e1sico de C\u00f3rdoba y River - Independiente, as\u00ed ser\u00edan los cruces de octavos del Apertura en la fecha 16\" loading=\"lazy\" width=\"290\" height=\"290\" decoding=\"async\" data-nimg=\"1\" style=\"color:transparent\" src=\"https:\/\/www.ole.com.ar\/images\/2026\/04\/09\/jTqmB7_qX_290x290__1.jpg\"\/><\/picture>\n<p><span>Mir\u00e1 tambi\u00e9n<\/span><\/p>\n<hr\/>\n<h3>Con cl\u00e1sico de C\u00f3rdoba y River &#8211; Independiente, as\u00ed ser\u00edan los cruces de octavos del Apertura en la fecha 16<\/h3>\n<\/p>\n<\/section>\n<\/div>\n<div id=\"element-body-32\" class=\"sc-a7166897-0 eoLsBE\"><a href=\"https:\/\/www.ole.com.ar\/futbol-primera\/torneo-apertura-anual-fecha-16-apertura-tabla-libertadores-sudamericana-descenso_0_4uWWs1Zme3.html\" aria-label=\"Tabla anual: Independiente Rivadavia arriba, River segundo y Boca en zona de Sudamericana\" class=\"sc-3c11979e-0 dqpgzy\"\/><\/p>\n<section><picture><img alt=\"Tabla anual: Independiente Rivadavia arriba, River segundo y Boca en zona de Sudamericana\" loading=\"lazy\" width=\"290\" height=\"290\" decoding=\"async\" data-nimg=\"1\" style=\"color:transparent\" src=\"https:\/\/www.ole.com.ar\/images\/2026\/02\/15\/ST6BbhJuX_290x290__1.jpg\"\/><\/picture>\n<p><span>Mir\u00e1 tambi\u00e9n<\/span><\/p>\n<hr\/>\n<h3>Tabla anual: Independiente Rivadavia arriba, River segundo y Boca en zona de Sudamericana<\/h3>\n<\/p>\n<\/section>\n<\/div>\n<div id=\"element-body-33\" class=\"sc-a7166897-0 eoLsBE\"><a href=\"https:\/\/www.ole.com.ar\/futbol-primera\/resultados-posiciones-fecha16-apertura-clasificados-octavos-playoffs_0_HsBRKYbphL.html\" aria-label=\"Torneo Apertura: resultados, posiciones y ya son nueve los clasificados a octavos de final en esta fecha 16\" class=\"sc-3c11979e-0 dqpgzy\"\/><\/p>\n<section><picture><img alt=\"Torneo Apertura: resultados, posiciones y ya son nueve los clasificados a octavos de final en esta fecha 16\" loading=\"lazy\" width=\"290\" height=\"290\" decoding=\"async\" data-nimg=\"1\" style=\"color:transparent\" src=\"https:\/\/www.ole.com.ar\/images\/2026\/01\/22\/HpgmKv43A_290x290__1.jpg\"\/><\/picture>\n<p><span>Mir\u00e1 tambi\u00e9n<\/span><\/p>\n<hr\/>\n<h3>Torneo Apertura: resultados, posiciones y ya son nueve los clasificados a octavos de final en esta fecha 16<\/h3>\n<\/p>\n<\/section>\n<\/div>\n<\/div>\n\n","protected":false},"excerpt":{"rendered":"<p>24\/04\/2026 20:11hs. Actualizado al 25\/04\/2026 20:25hs. Arranc\u00f3 la fecha 16 y el Torneo Apertura est\u00e1 que arde de cara a los playoffs: al entrar en la recta final (resta jugarse la fecha 9, pendiente por el paro de la AFA) ya hay varios equipos clasificados y otros que se juegan la vida. Ol\u00e9 te trae [&hellip;]<\/p>\n","protected":false},"author":1,"featured_media":177761,"comment_status":"closed","ping_status":"closed","sticky":false,"template":"","format":"standard","meta":{"footnotes":""},"categories":[27],"tags":[],"class_list":["post-193156","post","type-post","status-publish","format-standard","has-post-thumbnail","hentry","category-deportes"],"yoast_head":"<!-- This site is optimized with the Yoast SEO plugin v24.4 - https:\/\/yoast.com\/wordpress\/plugins\/seo\/ -->\n<title>Los puntajes Ol\u00e9 de la fecha 16 del Torneo Apertura :: Ol\u00e9 - GYS NOTICIAS |<\/title>\n<meta name=\"robots\" content=\"index, follow, max-snippet:-1, max-image-preview:large, max-video-preview:-1\" \/>\n<link rel=\"canonical\" href=\"https:\/\/gysfm.com.ar\/inicio\/los-puntajes-ole-de-la-fecha-16-del-torneo-apertura-ole\/\" \/>\n<meta property=\"og:locale\" content=\"es_ES\" \/>\n<meta property=\"og:type\" content=\"article\" \/>\n<meta property=\"og:title\" content=\"Los puntajes Ol\u00e9 de la fecha 16 del Torneo Apertura :: Ol\u00e9 - GYS NOTICIAS |\" \/>\n<meta property=\"og:description\" content=\"24\/04\/2026 20:11hs. Actualizado al 25\/04\/2026 20:25hs. Arranc\u00f3 la fecha 16 y el Torneo Apertura est\u00e1 que arde de cara a los playoffs: al entrar en la recta final (resta jugarse la fecha 9, pendiente por el paro de la AFA) ya hay varios equipos clasificados y otros que se juegan la vida. Ol\u00e9 te trae [&hellip;]\" \/>\n<meta property=\"og:url\" content=\"https:\/\/gysfm.com.ar\/inicio\/los-puntajes-ole-de-la-fecha-16-del-torneo-apertura-ole\/\" \/>\n<meta property=\"og:site_name\" content=\"GYS NOTICIAS |\" \/>\n<meta property=\"article:published_time\" content=\"2026-04-26T21:37:32+00:00\" \/>\n<meta property=\"og:image\" content=\"https:\/\/www.ole.com.ar\/images\/2026\/04\/24\/1Opq724qP_720x0__1.jpg\" \/>\n<meta name=\"author\" content=\"admin\" \/>\n<meta name=\"twitter:card\" content=\"summary_large_image\" \/>\n<meta name=\"twitter:label1\" content=\"Escrito por\" \/>\n\t<meta name=\"twitter:data1\" content=\"admin\" \/>\n\t<meta name=\"twitter:label2\" content=\"Tiempo de lectura\" \/>\n\t<meta name=\"twitter:data2\" content=\"4 minutos\" \/>\n<script type=\"application\/ld+json\" class=\"yoast-schema-graph\">{\"@context\":\"https:\/\/schema.org\",\"@graph\":[{\"@type\":\"Article\",\"@id\":\"https:\/\/gysfm.com.ar\/inicio\/los-puntajes-ole-de-la-fecha-16-del-torneo-apertura-ole\/#article\",\"isPartOf\":{\"@id\":\"https:\/\/gysfm.com.ar\/inicio\/los-puntajes-ole-de-la-fecha-16-del-torneo-apertura-ole\/\"},\"author\":{\"name\":\"admin\",\"@id\":\"https:\/\/gysfm.com.ar\/inicio\/#\/schema\/person\/5bedd7ecd35cc35548d89effafa23696\"},\"headline\":\"Los puntajes Ol\u00e9 de la fecha 16 del Torneo Apertura :: Ol\u00e9\",\"datePublished\":\"2026-04-26T21:37:32+00:00\",\"mainEntityOfPage\":{\"@id\":\"https:\/\/gysfm.com.ar\/inicio\/los-puntajes-ole-de-la-fecha-16-del-torneo-apertura-ole\/\"},\"wordCount\":815,\"publisher\":{\"@id\":\"https:\/\/gysfm.com.ar\/inicio\/#organization\"},\"image\":{\"@id\":\"https:\/\/gysfm.com.ar\/inicio\/los-puntajes-ole-de-la-fecha-16-del-torneo-apertura-ole\/#primaryimage\"},\"thumbnailUrl\":\"https:\/\/gysfm.com.ar\/inicio\/wp-content\/uploads\/2026\/01\/sAFIUAfLk_2000x1500__1.jpg\",\"articleSection\":[\"DEPORTES\"],\"inLanguage\":\"es\"},{\"@type\":\"WebPage\",\"@id\":\"https:\/\/gysfm.com.ar\/inicio\/los-puntajes-ole-de-la-fecha-16-del-torneo-apertura-ole\/\",\"url\":\"https:\/\/gysfm.com.ar\/inicio\/los-puntajes-ole-de-la-fecha-16-del-torneo-apertura-ole\/\",\"name\":\"Los puntajes Ol\u00e9 de la fecha 16 del Torneo Apertura :: Ol\u00e9 - GYS NOTICIAS |\",\"isPartOf\":{\"@id\":\"https:\/\/gysfm.com.ar\/inicio\/#website\"},\"primaryImageOfPage\":{\"@id\":\"https:\/\/gysfm.com.ar\/inicio\/los-puntajes-ole-de-la-fecha-16-del-torneo-apertura-ole\/#primaryimage\"},\"image\":{\"@id\":\"https:\/\/gysfm.com.ar\/inicio\/los-puntajes-ole-de-la-fecha-16-del-torneo-apertura-ole\/#primaryimage\"},\"thumbnailUrl\":\"https:\/\/gysfm.com.ar\/inicio\/wp-content\/uploads\/2026\/01\/sAFIUAfLk_2000x1500__1.jpg\",\"datePublished\":\"2026-04-26T21:37:32+00:00\",\"breadcrumb\":{\"@id\":\"https:\/\/gysfm.com.ar\/inicio\/los-puntajes-ole-de-la-fecha-16-del-torneo-apertura-ole\/#breadcrumb\"},\"inLanguage\":\"es\",\"potentialAction\":[{\"@type\":\"ReadAction\",\"target\":[\"https:\/\/gysfm.com.ar\/inicio\/los-puntajes-ole-de-la-fecha-16-del-torneo-apertura-ole\/\"]}]},{\"@type\":\"ImageObject\",\"inLanguage\":\"es\",\"@id\":\"https:\/\/gysfm.com.ar\/inicio\/los-puntajes-ole-de-la-fecha-16-del-torneo-apertura-ole\/#primaryimage\",\"url\":\"https:\/\/gysfm.com.ar\/inicio\/wp-content\/uploads\/2026\/01\/sAFIUAfLk_2000x1500__1.jpg\",\"contentUrl\":\"https:\/\/gysfm.com.ar\/inicio\/wp-content\/uploads\/2026\/01\/sAFIUAfLk_2000x1500__1.jpg\",\"width\":2000,\"height\":1500},{\"@type\":\"BreadcrumbList\",\"@id\":\"https:\/\/gysfm.com.ar\/inicio\/los-puntajes-ole-de-la-fecha-16-del-torneo-apertura-ole\/#breadcrumb\",\"itemListElement\":[{\"@type\":\"ListItem\",\"position\":1,\"name\":\"Portada\",\"item\":\"https:\/\/gysfm.com.ar\/inicio\/\"},{\"@type\":\"ListItem\",\"position\":2,\"name\":\"Los puntajes Ol\u00e9 de la fecha 16 del Torneo Apertura :: Ol\u00e9\"}]},{\"@type\":\"WebSite\",\"@id\":\"https:\/\/gysfm.com.ar\/inicio\/#website\",\"url\":\"https:\/\/gysfm.com.ar\/inicio\/\",\"name\":\"GYS NOTICIAS |\",\"description\":\"DIARIO - RADIO ONLINE SAN JUAN ARGENTINA\",\"publisher\":{\"@id\":\"https:\/\/gysfm.com.ar\/inicio\/#organization\"},\"potentialAction\":[{\"@type\":\"SearchAction\",\"target\":{\"@type\":\"EntryPoint\",\"urlTemplate\":\"https:\/\/gysfm.com.ar\/inicio\/?s={search_term_string}\"},\"query-input\":{\"@type\":\"PropertyValueSpecification\",\"valueRequired\":true,\"valueName\":\"search_term_string\"}}],\"inLanguage\":\"es\"},{\"@type\":\"Organization\",\"@id\":\"https:\/\/gysfm.com.ar\/inicio\/#organization\",\"name\":\"GYS NOTICIAS |\",\"url\":\"https:\/\/gysfm.com.ar\/inicio\/\",\"logo\":{\"@type\":\"ImageObject\",\"inLanguage\":\"es\",\"@id\":\"https:\/\/gysfm.com.ar\/inicio\/#\/schema\/logo\/image\/\",\"url\":\"https:\/\/gysfm.com.ar\/inicio\/wp-content\/uploads\/2023\/07\/LOGOGYS-OK.png\",\"contentUrl\":\"https:\/\/gysfm.com.ar\/inicio\/wp-content\/uploads\/2023\/07\/LOGOGYS-OK.png\",\"width\":1170,\"height\":872,\"caption\":\"GYS NOTICIAS |\"},\"image\":{\"@id\":\"https:\/\/gysfm.com.ar\/inicio\/#\/schema\/logo\/image\/\"}},{\"@type\":\"Person\",\"@id\":\"https:\/\/gysfm.com.ar\/inicio\/#\/schema\/person\/5bedd7ecd35cc35548d89effafa23696\",\"name\":\"admin\",\"image\":{\"@type\":\"ImageObject\",\"inLanguage\":\"es\",\"@id\":\"https:\/\/gysfm.com.ar\/inicio\/#\/schema\/person\/image\/\",\"url\":\"https:\/\/secure.gravatar.com\/avatar\/c331d312b5243fb64d5ba28108a447b27c925295129a363082c9ea52c28d32c2?s=96&d=mm&r=g\",\"contentUrl\":\"https:\/\/secure.gravatar.com\/avatar\/c331d312b5243fb64d5ba28108a447b27c925295129a363082c9ea52c28d32c2?s=96&d=mm&r=g\",\"caption\":\"admin\"},\"sameAs\":[\"https:\/\/gysfm.com.ar\/inicio\"],\"url\":\"https:\/\/gysfm.com.ar\/inicio\/author\/admin\/\"}]}<\/script>\n<!-- \/ Yoast SEO plugin. -->","yoast_head_json":{"title":"Los puntajes Ol\u00e9 de la fecha 16 del Torneo Apertura :: Ol\u00e9 - GYS NOTICIAS |","robots":{"index":"index","follow":"follow","max-snippet":"max-snippet:-1","max-image-preview":"max-image-preview:large","max-video-preview":"max-video-preview:-1"},"canonical":"https:\/\/gysfm.com.ar\/inicio\/los-puntajes-ole-de-la-fecha-16-del-torneo-apertura-ole\/","og_locale":"es_ES","og_type":"article","og_title":"Los puntajes Ol\u00e9 de la fecha 16 del Torneo Apertura :: Ol\u00e9 - GYS NOTICIAS |","og_description":"24\/04\/2026 20:11hs. Actualizado al 25\/04\/2026 20:25hs. Arranc\u00f3 la fecha 16 y el Torneo Apertura est\u00e1 que arde de cara a los playoffs: al entrar en la recta final (resta jugarse la fecha 9, pendiente por el paro de la AFA) ya hay varios equipos clasificados y otros que se juegan la vida. Ol\u00e9 te trae [&hellip;]","og_url":"https:\/\/gysfm.com.ar\/inicio\/los-puntajes-ole-de-la-fecha-16-del-torneo-apertura-ole\/","og_site_name":"GYS NOTICIAS |","article_published_time":"2026-04-26T21:37:32+00:00","og_image":[{"url":"https:\/\/www.ole.com.ar\/images\/2026\/04\/24\/1Opq724qP_720x0__1.jpg","type":"","width":"","height":""}],"author":"admin","twitter_card":"summary_large_image","twitter_misc":{"Escrito por":"admin","Tiempo de lectura":"4 minutos"},"schema":{"@context":"https:\/\/schema.org","@graph":[{"@type":"Article","@id":"https:\/\/gysfm.com.ar\/inicio\/los-puntajes-ole-de-la-fecha-16-del-torneo-apertura-ole\/#article","isPartOf":{"@id":"https:\/\/gysfm.com.ar\/inicio\/los-puntajes-ole-de-la-fecha-16-del-torneo-apertura-ole\/"},"author":{"name":"admin","@id":"https:\/\/gysfm.com.ar\/inicio\/#\/schema\/person\/5bedd7ecd35cc35548d89effafa23696"},"headline":"Los puntajes Ol\u00e9 de la fecha 16 del Torneo Apertura :: Ol\u00e9","datePublished":"2026-04-26T21:37:32+00:00","mainEntityOfPage":{"@id":"https:\/\/gysfm.com.ar\/inicio\/los-puntajes-ole-de-la-fecha-16-del-torneo-apertura-ole\/"},"wordCount":815,"publisher":{"@id":"https:\/\/gysfm.com.ar\/inicio\/#organization"},"image":{"@id":"https:\/\/gysfm.com.ar\/inicio\/los-puntajes-ole-de-la-fecha-16-del-torneo-apertura-ole\/#primaryimage"},"thumbnailUrl":"https:\/\/gysfm.com.ar\/inicio\/wp-content\/uploads\/2026\/01\/sAFIUAfLk_2000x1500__1.jpg","articleSection":["DEPORTES"],"inLanguage":"es"},{"@type":"WebPage","@id":"https:\/\/gysfm.com.ar\/inicio\/los-puntajes-ole-de-la-fecha-16-del-torneo-apertura-ole\/","url":"https:\/\/gysfm.com.ar\/inicio\/los-puntajes-ole-de-la-fecha-16-del-torneo-apertura-ole\/","name":"Los puntajes Ol\u00e9 de la fecha 16 del Torneo Apertura :: Ol\u00e9 - GYS NOTICIAS |","isPartOf":{"@id":"https:\/\/gysfm.com.ar\/inicio\/#website"},"primaryImageOfPage":{"@id":"https:\/\/gysfm.com.ar\/inicio\/los-puntajes-ole-de-la-fecha-16-del-torneo-apertura-ole\/#primaryimage"},"image":{"@id":"https:\/\/gysfm.com.ar\/inicio\/los-puntajes-ole-de-la-fecha-16-del-torneo-apertura-ole\/#primaryimage"},"thumbnailUrl":"https:\/\/gysfm.com.ar\/inicio\/wp-content\/uploads\/2026\/01\/sAFIUAfLk_2000x1500__1.jpg","datePublished":"2026-04-26T21:37:32+00:00","breadcrumb":{"@id":"https:\/\/gysfm.com.ar\/inicio\/los-puntajes-ole-de-la-fecha-16-del-torneo-apertura-ole\/#breadcrumb"},"inLanguage":"es","potentialAction":[{"@type":"ReadAction","target":["https:\/\/gysfm.com.ar\/inicio\/los-puntajes-ole-de-la-fecha-16-del-torneo-apertura-ole\/"]}]},{"@type":"ImageObject","inLanguage":"es","@id":"https:\/\/gysfm.com.ar\/inicio\/los-puntajes-ole-de-la-fecha-16-del-torneo-apertura-ole\/#primaryimage","url":"https:\/\/gysfm.com.ar\/inicio\/wp-content\/uploads\/2026\/01\/sAFIUAfLk_2000x1500__1.jpg","contentUrl":"https:\/\/gysfm.com.ar\/inicio\/wp-content\/uploads\/2026\/01\/sAFIUAfLk_2000x1500__1.jpg","width":2000,"height":1500},{"@type":"BreadcrumbList","@id":"https:\/\/gysfm.com.ar\/inicio\/los-puntajes-ole-de-la-fecha-16-del-torneo-apertura-ole\/#breadcrumb","itemListElement":[{"@type":"ListItem","position":1,"name":"Portada","item":"https:\/\/gysfm.com.ar\/inicio\/"},{"@type":"ListItem","position":2,"name":"Los puntajes Ol\u00e9 de la fecha 16 del Torneo Apertura :: Ol\u00e9"}]},{"@type":"WebSite","@id":"https:\/\/gysfm.com.ar\/inicio\/#website","url":"https:\/\/gysfm.com.ar\/inicio\/","name":"GYS NOTICIAS |","description":"DIARIO - RADIO ONLINE SAN JUAN ARGENTINA","publisher":{"@id":"https:\/\/gysfm.com.ar\/inicio\/#organization"},"potentialAction":[{"@type":"SearchAction","target":{"@type":"EntryPoint","urlTemplate":"https:\/\/gysfm.com.ar\/inicio\/?s={search_term_string}"},"query-input":{"@type":"PropertyValueSpecification","valueRequired":true,"valueName":"search_term_string"}}],"inLanguage":"es"},{"@type":"Organization","@id":"https:\/\/gysfm.com.ar\/inicio\/#organization","name":"GYS NOTICIAS |","url":"https:\/\/gysfm.com.ar\/inicio\/","logo":{"@type":"ImageObject","inLanguage":"es","@id":"https:\/\/gysfm.com.ar\/inicio\/#\/schema\/logo\/image\/","url":"https:\/\/gysfm.com.ar\/inicio\/wp-content\/uploads\/2023\/07\/LOGOGYS-OK.png","contentUrl":"https:\/\/gysfm.com.ar\/inicio\/wp-content\/uploads\/2023\/07\/LOGOGYS-OK.png","width":1170,"height":872,"caption":"GYS NOTICIAS |"},"image":{"@id":"https:\/\/gysfm.com.ar\/inicio\/#\/schema\/logo\/image\/"}},{"@type":"Person","@id":"https:\/\/gysfm.com.ar\/inicio\/#\/schema\/person\/5bedd7ecd35cc35548d89effafa23696","name":"admin","image":{"@type":"ImageObject","inLanguage":"es","@id":"https:\/\/gysfm.com.ar\/inicio\/#\/schema\/person\/image\/","url":"https:\/\/secure.gravatar.com\/avatar\/c331d312b5243fb64d5ba28108a447b27c925295129a363082c9ea52c28d32c2?s=96&d=mm&r=g","contentUrl":"https:\/\/secure.gravatar.com\/avatar\/c331d312b5243fb64d5ba28108a447b27c925295129a363082c9ea52c28d32c2?s=96&d=mm&r=g","caption":"admin"},"sameAs":["https:\/\/gysfm.com.ar\/inicio"],"url":"https:\/\/gysfm.com.ar\/inicio\/author\/admin\/"}]}},"_links":{"self":[{"href":"https:\/\/gysfm.com.ar\/inicio\/wp-json\/wp\/v2\/posts\/193156","targetHints":{"allow":["GET"]}}],"collection":[{"href":"https:\/\/gysfm.com.ar\/inicio\/wp-json\/wp\/v2\/posts"}],"about":[{"href":"https:\/\/gysfm.com.ar\/inicio\/wp-json\/wp\/v2\/types\/post"}],"author":[{"embeddable":true,"href":"https:\/\/gysfm.com.ar\/inicio\/wp-json\/wp\/v2\/users\/1"}],"replies":[{"embeddable":true,"href":"https:\/\/gysfm.com.ar\/inicio\/wp-json\/wp\/v2\/comments?post=193156"}],"version-history":[{"count":0,"href":"https:\/\/gysfm.com.ar\/inicio\/wp-json\/wp\/v2\/posts\/193156\/revisions"}],"wp:featuredmedia":[{"embeddable":true,"href":"https:\/\/gysfm.com.ar\/inicio\/wp-json\/wp\/v2\/media\/177761"}],"wp:attachment":[{"href":"https:\/\/gysfm.com.ar\/inicio\/wp-json\/wp\/v2\/media?parent=193156"}],"wp:term":[{"taxonomy":"category","embeddable":true,"href":"https:\/\/gysfm.com.ar\/inicio\/wp-json\/wp\/v2\/categories?post=193156"},{"taxonomy":"post_tag","embeddable":true,"href":"https:\/\/gysfm.com.ar\/inicio\/wp-json\/wp\/v2\/tags?post=193156"}],"curies":[{"name":"wp","href":"https:\/\/api.w.org\/{rel}","templated":true}]}}