{"id":193152,"date":"2026-04-26T18:15:28","date_gmt":"2026-04-26T21:15:28","guid":{"rendered":"https:\/\/gysfm.com.ar\/inicio\/nueva-frontera-de-violencia-perfil\/"},"modified":"2026-04-26T18:15:28","modified_gmt":"2026-04-26T21:15:28","slug":"nueva-frontera-de-violencia-perfil","status":"publish","type":"post","link":"https:\/\/gysfm.com.ar\/inicio\/nueva-frontera-de-violencia-perfil\/","title":{"rendered":"Nueva frontera de violencia | Perfil"},"content":{"rendered":"<p><\/p>\n<div id=\"article-content\">\n<p>Hoy no alcanza con hablar de internet como una herramienta. Debemos entenderla como un ecosistema donde conviven el aprendizaje y el peligro extremo. Durante a\u00f1os pusimos el foco en el grooming, el bullying y, m\u00e1s recientemente, en la ludopat\u00eda infantil. Sin embargo, estamos asistiendo a una mutaci\u00f3n mucho m\u00e1s oscura: la consolidaci\u00f3n de las \u201ccomunidades del horror\u201d. Los hechos recientes en San Crist\u00f3bal (Santa Fe), donde un adolescente de 15 a\u00f1os protagoniz\u00f3 un tiroteo en la Escuela N\u00b0 40 vinculado a la red internacional True Crime Community (TCC), confirman lo que venimos advirtiendo: estamos ante una nueva frontera de violencia digital.<\/p>\n<p>Estos grupos, que operan en las sombras de foros y redes sociales, no son hechos aislados. Son el puerto de llegada de una cadena de violencias desatendidas. El proceso suele empezar en el patio del colegio con un bullying que hoy no termina al sonar el timbre, sino que se potencia 24\/7 en el mundo digital. Ese chico o chica que sufre acoso y no encuentra refugio en el mundo anal\u00f3gico, se vuelve el blanco perfecto para el grooming o para el reclutamiento en redes de odio.<\/p>\n<p>Es ah\u00ed donde aparecen las comunidades que reivindican masacres o cr\u00edmenes reales (como la True Crime Community). En estos espacios, la vulnerabilidad del adolescente es capitalizada por adultos o pares radicalizados que transforman el dolor en resentimiento y la soledad en violencia. El menor, muchas veces afectado tambi\u00e9n por la ansiedad que genera la ludopat\u00eda digital \u2013ese consumo problem\u00e1tico de apuestas que desregula sus emociones\u2013, encuentra en estas comunidades un sentido de \u201cpertenencia\u201d que el Estado, la escuela y\/o la familia dej\u00f3 vacante.<\/p>\n<div class=\"subscription\">\n<p>\n        Esto no les gusta a los autoritarios\n    <\/p>\n<div class=\"subscription__container\">\n<div class=\"subscription__text-wrapper\">\n<p>\n                El ejercicio del periodismo profesional y cr\u00edtico es un pilar fundamental de la democracia. Por eso molesta a quienes creen ser los due\u00f1os de la verdad.\n            <\/p>\n<\/p><\/div><\/div>\n<\/div>\n<p>Otros ejemplos de llegar tarde lo vemos en casos de bullying grave o suicidios adolescentes. El caso de la Escuela Secundaria N\u00b0 38 de Mar del Plata es una muestra brutal de esta desidia. Un alumno de 14 a\u00f1os termin\u00f3 internado con fracturas en el rostro tras ser atacado en el aula con un banco. No fue un \u201checho aislado\u201d; fue la consecuencia de protocolos que no se aplican y de una mirada que prefiere ignorar la agresi\u00f3n temprana antes que escale. Cuando el sistema no interviene a tiempo ante el bullying, el resultado es la tragedia f\u00edsica o, peor a\u00fan, el suicidio, como el doloroso caso ocurrido en Merlo, que nos recuerda que la falta de acompa\u00f1amiento institucional es letal.<\/p>\n<p>Prevenir el bullying garantizando una sana convivencia escolar, as\u00ed como diversos riesgos virtuales promoviendo el uso responsable de las nuevas tecnolog\u00edas, es en \u00faltima instancia, evitar que nuestros j\u00f3venes caigan en estos abismos de horror que prometen una identidad falsa a cambio de su salud mental o de la seguridad de terceros. La alfabetizaci\u00f3n digital es la urgencia de nuestro tiempo; es la \u00fanica forma que la tecnolog\u00eda sea un puente y no una trampa. Para ello, el Estado debe ponerse los pantalones para con los pibes y las familias: aplicar la mano justa (ni blanda ni dura), sino la necesaria para prevenir y asistir, as\u00ed como para hacer valer las responsabilidades ante la tragedia.<\/p>\n<p>Es momento que desde toda la sociedad nos hartemos de seguir llegando tarde. Debemos entender que, si un chico se a\u00edsla, se vuelve agresivo, si sus consumos cambian dr\u00e1sticamente hacia est\u00e9ticas violentas o si se sumerge en el mundo de las apuestas online, estamos ante un grito de auxilio. Familia, escuela y Estado deben estar ah\u00ed para acompa\u00f1arlo.<\/p>\n<p>*Abogado y docente especialista en problem\u00e1ticas digitales. Colaborador de Fundaci\u00f3n Lea y Fundaci\u00f3n Metropolitana.<\/p>\n<\/p><\/div>\n<p><script>\n                !function(f,b,e,v,n,t,s)\n                {if(f.fbq)return;n=f.fbq=function(){n.callMethod?\n                    n.callMethod.apply(n,arguments):n.queue.push(arguments)};\n                    if(!f._fbq)f._fbq=n;n.push=n;n.loaded=!0;n.version='2.0';\n                    n.queue=[];t=b.createElement(e);t.async=!0;\n                    t.src=v;s=b.getElementsByTagName(e)[0];\n                    s.parentNode.insertBefore(t,s)}(window, document,'script',\n                    'https:\/\/connect.facebook.net\/en_US\/fbevents.js');\n                window.paywallConfig.facebook_pixel=\"1000228364089342\"\n            <\/script><\/p>\n","protected":false},"excerpt":{"rendered":"<p>Hoy no alcanza con hablar de internet como una herramienta. Debemos entenderla como un ecosistema donde conviven el aprendizaje y el peligro extremo. Durante a\u00f1os pusimos el foco en el grooming, el bullying y, m\u00e1s recientemente, en la ludopat\u00eda infantil. Sin embargo, estamos asistiendo a una mutaci\u00f3n mucho m\u00e1s oscura: la consolidaci\u00f3n de las \u201ccomunidades [&hellip;]<\/p>\n","protected":false},"author":2,"featured_media":193153,"comment_status":"closed","ping_status":"closed","sticky":false,"template":"","format":"standard","meta":{"footnotes":""},"categories":[25],"tags":[],"class_list":["post-193152","post","type-post","status-publish","format-standard","has-post-thumbnail","hentry","category-nacionales"],"yoast_head":"<!-- This site is optimized with the Yoast SEO plugin v24.4 - https:\/\/yoast.com\/wordpress\/plugins\/seo\/ -->\n<title>Nueva frontera de violencia | Perfil - GYS NOTICIAS |<\/title>\n<meta name=\"robots\" content=\"index, follow, max-snippet:-1, max-image-preview:large, max-video-preview:-1\" \/>\n<link rel=\"canonical\" href=\"https:\/\/gysfm.com.ar\/inicio\/nueva-frontera-de-violencia-perfil\/\" \/>\n<meta property=\"og:locale\" content=\"es_ES\" \/>\n<meta property=\"og:type\" content=\"article\" \/>\n<meta property=\"og:title\" content=\"Nueva frontera de violencia | Perfil - GYS NOTICIAS |\" \/>\n<meta property=\"og:description\" content=\"Hoy no alcanza con hablar de internet como una herramienta. Debemos entenderla como un ecosistema donde conviven el aprendizaje y el peligro extremo. Durante a\u00f1os pusimos el foco en el grooming, el bullying y, m\u00e1s recientemente, en la ludopat\u00eda infantil. Sin embargo, estamos asistiendo a una mutaci\u00f3n mucho m\u00e1s oscura: la consolidaci\u00f3n de las \u201ccomunidades [&hellip;]\" \/>\n<meta property=\"og:url\" content=\"https:\/\/gysfm.com.ar\/inicio\/nueva-frontera-de-violencia-perfil\/\" \/>\n<meta property=\"og:site_name\" content=\"GYS NOTICIAS |\" \/>\n<meta property=\"article:published_time\" content=\"2026-04-26T21:15:28+00:00\" \/>\n<meta name=\"author\" content=\"Prensa G&amp;S FM\" \/>\n<meta name=\"twitter:card\" content=\"summary_large_image\" \/>\n<meta name=\"twitter:label1\" content=\"Escrito por\" \/>\n\t<meta name=\"twitter:data1\" content=\"Prensa G&amp;S FM\" \/>\n\t<meta name=\"twitter:label2\" content=\"Tiempo de lectura\" \/>\n\t<meta name=\"twitter:data2\" content=\"3 minutos\" \/>\n<script type=\"application\/ld+json\" class=\"yoast-schema-graph\">{\"@context\":\"https:\/\/schema.org\",\"@graph\":[{\"@type\":\"Article\",\"@id\":\"https:\/\/gysfm.com.ar\/inicio\/nueva-frontera-de-violencia-perfil\/#article\",\"isPartOf\":{\"@id\":\"https:\/\/gysfm.com.ar\/inicio\/nueva-frontera-de-violencia-perfil\/\"},\"author\":{\"name\":\"Prensa G&amp;S FM\",\"@id\":\"https:\/\/gysfm.com.ar\/inicio\/#\/schema\/person\/3abba7593ef2ad19e1be221d54383dc5\"},\"headline\":\"Nueva frontera de violencia | Perfil\",\"datePublished\":\"2026-04-26T21:15:28+00:00\",\"mainEntityOfPage\":{\"@id\":\"https:\/\/gysfm.com.ar\/inicio\/nueva-frontera-de-violencia-perfil\/\"},\"wordCount\":644,\"publisher\":{\"@id\":\"https:\/\/gysfm.com.ar\/inicio\/#organization\"},\"image\":{\"@id\":\"https:\/\/gysfm.com.ar\/inicio\/nueva-frontera-de-violencia-perfil\/#primaryimage\"},\"thumbnailUrl\":\"https:\/\/gysfm.com.ar\/inicio\/wp-content\/uploads\/2026\/04\/260426tiroteoescuelasantafecapturapantallag-2227688.jpg\",\"articleSection\":[\"NACIONALES\"],\"inLanguage\":\"es\"},{\"@type\":\"WebPage\",\"@id\":\"https:\/\/gysfm.com.ar\/inicio\/nueva-frontera-de-violencia-perfil\/\",\"url\":\"https:\/\/gysfm.com.ar\/inicio\/nueva-frontera-de-violencia-perfil\/\",\"name\":\"Nueva frontera de violencia | Perfil - GYS NOTICIAS |\",\"isPartOf\":{\"@id\":\"https:\/\/gysfm.com.ar\/inicio\/#website\"},\"primaryImageOfPage\":{\"@id\":\"https:\/\/gysfm.com.ar\/inicio\/nueva-frontera-de-violencia-perfil\/#primaryimage\"},\"image\":{\"@id\":\"https:\/\/gysfm.com.ar\/inicio\/nueva-frontera-de-violencia-perfil\/#primaryimage\"},\"thumbnailUrl\":\"https:\/\/gysfm.com.ar\/inicio\/wp-content\/uploads\/2026\/04\/260426tiroteoescuelasantafecapturapantallag-2227688.jpg\",\"datePublished\":\"2026-04-26T21:15:28+00:00\",\"breadcrumb\":{\"@id\":\"https:\/\/gysfm.com.ar\/inicio\/nueva-frontera-de-violencia-perfil\/#breadcrumb\"},\"inLanguage\":\"es\",\"potentialAction\":[{\"@type\":\"ReadAction\",\"target\":[\"https:\/\/gysfm.com.ar\/inicio\/nueva-frontera-de-violencia-perfil\/\"]}]},{\"@type\":\"ImageObject\",\"inLanguage\":\"es\",\"@id\":\"https:\/\/gysfm.com.ar\/inicio\/nueva-frontera-de-violencia-perfil\/#primaryimage\",\"url\":\"https:\/\/gysfm.com.ar\/inicio\/wp-content\/uploads\/2026\/04\/260426tiroteoescuelasantafecapturapantallag-2227688.jpg\",\"contentUrl\":\"https:\/\/gysfm.com.ar\/inicio\/wp-content\/uploads\/2026\/04\/260426tiroteoescuelasantafecapturapantallag-2227688.jpg\",\"width\":1140,\"height\":641},{\"@type\":\"BreadcrumbList\",\"@id\":\"https:\/\/gysfm.com.ar\/inicio\/nueva-frontera-de-violencia-perfil\/#breadcrumb\",\"itemListElement\":[{\"@type\":\"ListItem\",\"position\":1,\"name\":\"Portada\",\"item\":\"https:\/\/gysfm.com.ar\/inicio\/\"},{\"@type\":\"ListItem\",\"position\":2,\"name\":\"Nueva frontera de violencia | Perfil\"}]},{\"@type\":\"WebSite\",\"@id\":\"https:\/\/gysfm.com.ar\/inicio\/#website\",\"url\":\"https:\/\/gysfm.com.ar\/inicio\/\",\"name\":\"GYS NOTICIAS |\",\"description\":\"DIARIO - RADIO ONLINE SAN JUAN ARGENTINA\",\"publisher\":{\"@id\":\"https:\/\/gysfm.com.ar\/inicio\/#organization\"},\"potentialAction\":[{\"@type\":\"SearchAction\",\"target\":{\"@type\":\"EntryPoint\",\"urlTemplate\":\"https:\/\/gysfm.com.ar\/inicio\/?s={search_term_string}\"},\"query-input\":{\"@type\":\"PropertyValueSpecification\",\"valueRequired\":true,\"valueName\":\"search_term_string\"}}],\"inLanguage\":\"es\"},{\"@type\":\"Organization\",\"@id\":\"https:\/\/gysfm.com.ar\/inicio\/#organization\",\"name\":\"GYS NOTICIAS |\",\"url\":\"https:\/\/gysfm.com.ar\/inicio\/\",\"logo\":{\"@type\":\"ImageObject\",\"inLanguage\":\"es\",\"@id\":\"https:\/\/gysfm.com.ar\/inicio\/#\/schema\/logo\/image\/\",\"url\":\"https:\/\/gysfm.com.ar\/inicio\/wp-content\/uploads\/2023\/07\/LOGOGYS-OK.png\",\"contentUrl\":\"https:\/\/gysfm.com.ar\/inicio\/wp-content\/uploads\/2023\/07\/LOGOGYS-OK.png\",\"width\":1170,\"height\":872,\"caption\":\"GYS NOTICIAS |\"},\"image\":{\"@id\":\"https:\/\/gysfm.com.ar\/inicio\/#\/schema\/logo\/image\/\"}},{\"@type\":\"Person\",\"@id\":\"https:\/\/gysfm.com.ar\/inicio\/#\/schema\/person\/3abba7593ef2ad19e1be221d54383dc5\",\"name\":\"Prensa G&amp;S FM\",\"image\":{\"@type\":\"ImageObject\",\"inLanguage\":\"es\",\"@id\":\"https:\/\/gysfm.com.ar\/inicio\/#\/schema\/person\/image\/\",\"url\":\"https:\/\/secure.gravatar.com\/avatar\/096ec78df02049ab018702bb4ccedf659377fa92a26540b5247612077a0dbd29?s=96&d=mm&r=g\",\"contentUrl\":\"https:\/\/secure.gravatar.com\/avatar\/096ec78df02049ab018702bb4ccedf659377fa92a26540b5247612077a0dbd29?s=96&d=mm&r=g\",\"caption\":\"Prensa G&amp;S FM\"},\"sameAs\":[\"https:\/\/gysfm.com.ar\/\"],\"url\":\"https:\/\/gysfm.com.ar\/inicio\/author\/lucasm\/\"}]}<\/script>\n<!-- \/ Yoast SEO plugin. -->","yoast_head_json":{"title":"Nueva frontera de violencia | Perfil - GYS NOTICIAS |","robots":{"index":"index","follow":"follow","max-snippet":"max-snippet:-1","max-image-preview":"max-image-preview:large","max-video-preview":"max-video-preview:-1"},"canonical":"https:\/\/gysfm.com.ar\/inicio\/nueva-frontera-de-violencia-perfil\/","og_locale":"es_ES","og_type":"article","og_title":"Nueva frontera de violencia | Perfil - GYS NOTICIAS |","og_description":"Hoy no alcanza con hablar de internet como una herramienta. Debemos entenderla como un ecosistema donde conviven el aprendizaje y el peligro extremo. Durante a\u00f1os pusimos el foco en el grooming, el bullying y, m\u00e1s recientemente, en la ludopat\u00eda infantil. Sin embargo, estamos asistiendo a una mutaci\u00f3n mucho m\u00e1s oscura: la consolidaci\u00f3n de las \u201ccomunidades [&hellip;]","og_url":"https:\/\/gysfm.com.ar\/inicio\/nueva-frontera-de-violencia-perfil\/","og_site_name":"GYS NOTICIAS |","article_published_time":"2026-04-26T21:15:28+00:00","author":"Prensa G&amp;S FM","twitter_card":"summary_large_image","twitter_misc":{"Escrito por":"Prensa G&amp;S FM","Tiempo de lectura":"3 minutos"},"schema":{"@context":"https:\/\/schema.org","@graph":[{"@type":"Article","@id":"https:\/\/gysfm.com.ar\/inicio\/nueva-frontera-de-violencia-perfil\/#article","isPartOf":{"@id":"https:\/\/gysfm.com.ar\/inicio\/nueva-frontera-de-violencia-perfil\/"},"author":{"name":"Prensa G&amp;S FM","@id":"https:\/\/gysfm.com.ar\/inicio\/#\/schema\/person\/3abba7593ef2ad19e1be221d54383dc5"},"headline":"Nueva frontera de violencia | Perfil","datePublished":"2026-04-26T21:15:28+00:00","mainEntityOfPage":{"@id":"https:\/\/gysfm.com.ar\/inicio\/nueva-frontera-de-violencia-perfil\/"},"wordCount":644,"publisher":{"@id":"https:\/\/gysfm.com.ar\/inicio\/#organization"},"image":{"@id":"https:\/\/gysfm.com.ar\/inicio\/nueva-frontera-de-violencia-perfil\/#primaryimage"},"thumbnailUrl":"https:\/\/gysfm.com.ar\/inicio\/wp-content\/uploads\/2026\/04\/260426tiroteoescuelasantafecapturapantallag-2227688.jpg","articleSection":["NACIONALES"],"inLanguage":"es"},{"@type":"WebPage","@id":"https:\/\/gysfm.com.ar\/inicio\/nueva-frontera-de-violencia-perfil\/","url":"https:\/\/gysfm.com.ar\/inicio\/nueva-frontera-de-violencia-perfil\/","name":"Nueva frontera de violencia | Perfil - GYS NOTICIAS |","isPartOf":{"@id":"https:\/\/gysfm.com.ar\/inicio\/#website"},"primaryImageOfPage":{"@id":"https:\/\/gysfm.com.ar\/inicio\/nueva-frontera-de-violencia-perfil\/#primaryimage"},"image":{"@id":"https:\/\/gysfm.com.ar\/inicio\/nueva-frontera-de-violencia-perfil\/#primaryimage"},"thumbnailUrl":"https:\/\/gysfm.com.ar\/inicio\/wp-content\/uploads\/2026\/04\/260426tiroteoescuelasantafecapturapantallag-2227688.jpg","datePublished":"2026-04-26T21:15:28+00:00","breadcrumb":{"@id":"https:\/\/gysfm.com.ar\/inicio\/nueva-frontera-de-violencia-perfil\/#breadcrumb"},"inLanguage":"es","potentialAction":[{"@type":"ReadAction","target":["https:\/\/gysfm.com.ar\/inicio\/nueva-frontera-de-violencia-perfil\/"]}]},{"@type":"ImageObject","inLanguage":"es","@id":"https:\/\/gysfm.com.ar\/inicio\/nueva-frontera-de-violencia-perfil\/#primaryimage","url":"https:\/\/gysfm.com.ar\/inicio\/wp-content\/uploads\/2026\/04\/260426tiroteoescuelasantafecapturapantallag-2227688.jpg","contentUrl":"https:\/\/gysfm.com.ar\/inicio\/wp-content\/uploads\/2026\/04\/260426tiroteoescuelasantafecapturapantallag-2227688.jpg","width":1140,"height":641},{"@type":"BreadcrumbList","@id":"https:\/\/gysfm.com.ar\/inicio\/nueva-frontera-de-violencia-perfil\/#breadcrumb","itemListElement":[{"@type":"ListItem","position":1,"name":"Portada","item":"https:\/\/gysfm.com.ar\/inicio\/"},{"@type":"ListItem","position":2,"name":"Nueva frontera de violencia | Perfil"}]},{"@type":"WebSite","@id":"https:\/\/gysfm.com.ar\/inicio\/#website","url":"https:\/\/gysfm.com.ar\/inicio\/","name":"GYS NOTICIAS |","description":"DIARIO - RADIO ONLINE SAN JUAN ARGENTINA","publisher":{"@id":"https:\/\/gysfm.com.ar\/inicio\/#organization"},"potentialAction":[{"@type":"SearchAction","target":{"@type":"EntryPoint","urlTemplate":"https:\/\/gysfm.com.ar\/inicio\/?s={search_term_string}"},"query-input":{"@type":"PropertyValueSpecification","valueRequired":true,"valueName":"search_term_string"}}],"inLanguage":"es"},{"@type":"Organization","@id":"https:\/\/gysfm.com.ar\/inicio\/#organization","name":"GYS NOTICIAS |","url":"https:\/\/gysfm.com.ar\/inicio\/","logo":{"@type":"ImageObject","inLanguage":"es","@id":"https:\/\/gysfm.com.ar\/inicio\/#\/schema\/logo\/image\/","url":"https:\/\/gysfm.com.ar\/inicio\/wp-content\/uploads\/2023\/07\/LOGOGYS-OK.png","contentUrl":"https:\/\/gysfm.com.ar\/inicio\/wp-content\/uploads\/2023\/07\/LOGOGYS-OK.png","width":1170,"height":872,"caption":"GYS NOTICIAS |"},"image":{"@id":"https:\/\/gysfm.com.ar\/inicio\/#\/schema\/logo\/image\/"}},{"@type":"Person","@id":"https:\/\/gysfm.com.ar\/inicio\/#\/schema\/person\/3abba7593ef2ad19e1be221d54383dc5","name":"Prensa G&amp;S FM","image":{"@type":"ImageObject","inLanguage":"es","@id":"https:\/\/gysfm.com.ar\/inicio\/#\/schema\/person\/image\/","url":"https:\/\/secure.gravatar.com\/avatar\/096ec78df02049ab018702bb4ccedf659377fa92a26540b5247612077a0dbd29?s=96&d=mm&r=g","contentUrl":"https:\/\/secure.gravatar.com\/avatar\/096ec78df02049ab018702bb4ccedf659377fa92a26540b5247612077a0dbd29?s=96&d=mm&r=g","caption":"Prensa G&amp;S FM"},"sameAs":["https:\/\/gysfm.com.ar\/"],"url":"https:\/\/gysfm.com.ar\/inicio\/author\/lucasm\/"}]}},"_links":{"self":[{"href":"https:\/\/gysfm.com.ar\/inicio\/wp-json\/wp\/v2\/posts\/193152","targetHints":{"allow":["GET"]}}],"collection":[{"href":"https:\/\/gysfm.com.ar\/inicio\/wp-json\/wp\/v2\/posts"}],"about":[{"href":"https:\/\/gysfm.com.ar\/inicio\/wp-json\/wp\/v2\/types\/post"}],"author":[{"embeddable":true,"href":"https:\/\/gysfm.com.ar\/inicio\/wp-json\/wp\/v2\/users\/2"}],"replies":[{"embeddable":true,"href":"https:\/\/gysfm.com.ar\/inicio\/wp-json\/wp\/v2\/comments?post=193152"}],"version-history":[{"count":0,"href":"https:\/\/gysfm.com.ar\/inicio\/wp-json\/wp\/v2\/posts\/193152\/revisions"}],"wp:featuredmedia":[{"embeddable":true,"href":"https:\/\/gysfm.com.ar\/inicio\/wp-json\/wp\/v2\/media\/193153"}],"wp:attachment":[{"href":"https:\/\/gysfm.com.ar\/inicio\/wp-json\/wp\/v2\/media?parent=193152"}],"wp:term":[{"taxonomy":"category","embeddable":true,"href":"https:\/\/gysfm.com.ar\/inicio\/wp-json\/wp\/v2\/categories?post=193152"},{"taxonomy":"post_tag","embeddable":true,"href":"https:\/\/gysfm.com.ar\/inicio\/wp-json\/wp\/v2\/tags?post=193152"}],"curies":[{"name":"wp","href":"https:\/\/api.w.org\/{rel}","templated":true}]}}