{"id":193149,"date":"2026-04-26T18:05:33","date_gmt":"2026-04-26T21:05:33","guid":{"rendered":"https:\/\/gysfm.com.ar\/inicio\/lo-mejor-y-lo-peor-de-estados-unidos-se-exhibio-en-la-cena-de-corresponsales-de-la-casa-blanca\/"},"modified":"2026-04-26T18:05:34","modified_gmt":"2026-04-26T21:05:34","slug":"lo-mejor-y-lo-peor-de-estados-unidos-se-exhibio-en-la-cena-de-corresponsales-de-la-casa-blanca","status":"publish","type":"post","link":"https:\/\/gysfm.com.ar\/inicio\/lo-mejor-y-lo-peor-de-estados-unidos-se-exhibio-en-la-cena-de-corresponsales-de-la-casa-blanca\/","title":{"rendered":"Lo mejor y lo peor de Estados Unidos se exhibi\u00f3 en la cena de corresponsales de la Casa Blanca"},"content":{"rendered":"<p> <br \/>\n<\/p>\n<div>\n<p class=\"com-paragraph  --capital --s\">WASHINGTON.\u2013 Es un <a href=\"https:\/\/www.lanacion.com.ar\/estados-unidos\/conmocion-en-washington-investigan-el-movil-del-atacante-y-creen-que-tenia-como-objetivo-a-trump-y-nid26042026\/\" target=\"_self\" title=\"https:\/\/www.lanacion.com.ar\/estados-unidos\/conmocion-en-washington-investigan-el-movil-del-atacante-y-creen-que-tenia-como-objetivo-a-trump-y-nid26042026\/\" class=\"com-link break-word\" data-mrf-recirculation=\"n_link_parrafo\"><strong>milagro que nadie haya muerto la noche del s\u00e1bado en el Washington Hilton<\/strong><\/a>, donde m\u00e1s de 2000 periodistas, funcionarios del gobierno e invitados de alto perfil se hab\u00edan reunido para la cena anual de la Asociaci\u00f3n de Corresponsales de la <a href=\"https:\/\/www.lanacion.com.ar\/el-mundo\/el-reclamo-de-trump-y-el-extrano-posteo-que-anticipo-el-nombre-del-atacante-en-2023-nid26042026\/\" target=\"_self\" title=\"https:\/\/www.lanacion.com.ar\/el-mundo\/el-reclamo-de-trump-y-el-extrano-posteo-que-anticipo-el-nombre-del-atacante-en-2023-nid26042026\/\" class=\"com-link break-word\" data-mrf-recirculation=\"n_link_parrafo\">Casa Blanca<\/a>. <strong>Este tipo de incidentes se ha vuelto demasiado com\u00fan y, a menudo, contrasta lo peor de Estados Unidos con lo mejor del pa\u00eds<\/strong>.<\/p>\n<p class=\"com-paragraph   --s\"><strong>Cole Tomas Allen<\/strong>, un hombre de 31 a\u00f1os de California, <strong>irrumpi\u00f3 a trav\u00e9s de un control de seguridad en el hotel y corri\u00f3 hacia el sal\u00f3n de baile <\/strong>cuando la cena comenzaba, seg\u00fan las autoridades. <strong>Llevaba una escopeta, una pistola y cuchillos, y fue detenido r\u00e1pidamente<\/strong>. <a href=\"https:\/\/www.lanacion.com.ar\/estados-unidos\/el-manifiesto-que-cole-allen-envio-a-su-familia-antes-de-abrir-fuego-en-la-gala-que-encabezo-trump-nid26042026\/\" target=\"_self\" title=\"https:\/\/www.lanacion.com.ar\/estados-unidos\/el-manifiesto-que-cole-allen-envio-a-su-familia-antes-de-abrir-fuego-en-la-gala-que-encabezo-trump-nid26042026\/\" class=\"com-link break-word\" data-mrf-recirculation=\"n_link_parrafo\">Escritos encontrados en su habitaci\u00f3n de hotel<\/a> en Washington D.C. y en su casa a las afueras de Los \u00c1ngeles indican que <strong>ten\u00eda como objetivo a funcionarios de la administraci\u00f3n Trump<\/strong>.<\/p>\n<p class=\"com-paragraph   --s\">Un<strong> agente del <\/strong><a href=\"https:\/\/www.lanacion.com.ar\/estados-unidos\/el-servicio-secreto-vuelve-a-estar-bajo-escrutinio-tras-la-irrupcion-un-atacante-en-la-cena-de-nid26042026\/\" target=\"_self\" title=\"https:\/\/www.lanacion.com.ar\/estados-unidos\/el-servicio-secreto-vuelve-a-estar-bajo-escrutinio-tras-la-irrupcion-un-atacante-en-la-cena-de-nid26042026\/\" class=\"com-link break-word\" data-mrf-recirculation=\"n_link_parrafo\"><strong>Servicio Secreto<\/strong><\/a>, que llevaba un chaleco antibalas,<strong> result\u00f3 herido <\/strong>pero se recuperar\u00e1. El sal\u00f3n de baile en los momentos posteriores a los disparos estuvo tenso y, para muchos, aterrador. Pero las <strong>fuerzas federales actuaron con rapidez y profesionalismo<\/strong>.<\/p>\n<div class=\"content-media\">\n<section role=\"button\" class=\"mod-media   \">\n<figure role=\"button\" tabindex=\"0\" class=\"mod-figure \"><figcaption class=\"mod-figcaption\"><span class=\"com-text --caption --twoxs\">El presidente Donald Trump habla en la sala de prensa James Brady de la Casa Blanca tras una amenaza no especificada durante la cena anual de la Asociaci\u00f3n de Corresponsales de la Casa Blanca<\/span><span class=\"com-text --credit --twoxs\">Tom Brenner &#8211; FR117851 AP<\/span><\/figcaption><\/figure>\n<\/section>\n<\/div>\n<p class=\"com-paragraph   --s\">El presidente <strong>Donald Trump<\/strong>, quien ha sido repetidamente objetivo de aspirantes a asesinos, <strong>se mostr\u00f3 sereno <\/strong>mientras su equipo lo evacuaba. Asist\u00eda a la cena por primera vez como presidente y planeaba hacer bromas sobre la prensa. En cambio, en una conferencia de prensa improvisada, el presidente fue amable y expres\u00f3 su deseo de reprogramar el evento pronto.<\/p>\n<p class=\"com-paragraph   --s\"><strong>\u201cHan sido muy responsables en su cobertura\u201d<\/strong>, dijo a los reporteros, a\u00fan vestidos con trajes de gala y esmoquin en la sala de prensa de la Casa Blanca. <strong>\u201cDebo decir que he estado viendo lo que se ha publicado. Han sido muy responsables\u201d<\/strong>.<\/p>\n<p class=\"com-paragraph   --s\">De hecho, la <strong>noticia m\u00e1s importante del pa\u00eds se estaba desarrollando en una sala llena de periodistas destacados<\/strong>, y ellos se pusieron a trabajar. A pesar del caos, los <strong>reporteros comenzaron a recopilar informaci\u00f3n y preparar art\u00edculos para informar al mundo sobre lo que acababa de suceder<\/strong>. Nuestros colegas en la redacci\u00f3n, en particular, produjeron una cobertura formidable.<\/p>\n<div class=\"content-media\">\n<section role=\"button\" class=\"mod-media   \">\n<figure role=\"button\" tabindex=\"0\" class=\"mod-figure \"><figcaption class=\"mod-figcaption\"><span class=\"com-text --caption --twoxs\">Los periodistas que se encontraban en el evento r\u00e1pidamente debieron ponerse a trabajar para informar lo que estaba sucediendo<\/span><span class=\"com-text --credit --twoxs\">ALEX WROBLEWSKI &#8211; AFP<\/span><\/figcaption><\/figure>\n<\/section>\n<\/div>\n<p class=\"com-paragraph   --s\">Quedan muchas preguntas sobre lo ocurrido. Allen era hu\u00e9sped en el hotel, pero <strong>\u00bfpor qu\u00e9 alguien pudo ingresar armas al mismo edificio que el presidente? \u00bfEstaba en el radar de las fuerzas del orden antes del incidente? \u00bfQu\u00e9 lo motiv\u00f3 a llevar a cabo un acto tan peligroso y destructivo?<\/strong><\/p>\n<p class=\"com-paragraph   --s\">La <strong>violencia pol\u00edtica es intolerable en cualquier circunstancia<\/strong>, y el <strong>servicio p\u00fablico no deber\u00eda ser tan peligroso como se ha vuelto<\/strong>.<\/p>\n<p class=\"com-paragraph   --s\">Siempre es tentador, despu\u00e9s de sustos como este, simplemente levantar m\u00e1s barreras y crear m\u00e1s distancia entre los pol\u00edticos y las personas a las que representan. Pero la<strong> accesibilidad es uno de los secretos del \u00e9xito de Estados Unidos, y es esencial encontrar el equilibrio adecuado<\/strong>. Xi Jinping y Vladimir Putin no podr\u00edan concebir asistir a una cena con los periodistas independientes que los cubren de manera agresiva, porque tal cuerpo de prensa no existe en China o Rusia.<\/p>\n<p class=\"com-paragraph   --s\"><strong>Man\u00edacos como Allen buscan desgarrar el tejido de una sociedad libre, pero lo que est\u00e1 en juego es demasiado importante como para permitir que lo logren<\/strong>.<\/p>\n<section class=\"container-center-100 mb-40 border border-bottom border-thin border-neutral-light-700\">\n<hr\/>\n<\/section>\n<\/div>\n<p><script id=\"facebookpixel\" defer=\"\" type=\"text\/javascript\">\n        !function(f,b,e,v,n,t,s)\n        {if(f.fbq)return;n=f.fbq=function(){n.callMethod?\n        n.callMethod.apply(n,arguments):n.queue.push(arguments)};\n        if(!f._fbq)f._fbq=n;n.push=n;n.loaded=!0;n.version='2.0';\n        n.queue=[];t=b.createElement(e);t.async=!0;\n        t.src=v;s=b.getElementsByTagName(e)[0];\n        s.parentNode.insertBefore(t,s)}(window, document,'script',\n        'https:\/\/connect.facebook.net\/en_US\/fbevents.js');\n        fbq('init', '492459597522335');\n        fbq('track', 'PageView');\n    <\/script><br \/>\n<br \/><\/p>\n","protected":false},"excerpt":{"rendered":"<p>WASHINGTON.\u2013 Es un milagro que nadie haya muerto la noche del s\u00e1bado en el Washington Hilton, donde m\u00e1s de 2000 periodistas, funcionarios del gobierno e invitados de alto perfil se hab\u00edan reunido para la cena anual de la Asociaci\u00f3n de Corresponsales de la Casa Blanca. Este tipo de incidentes se ha vuelto demasiado com\u00fan y, [&hellip;]<\/p>\n","protected":false},"author":2,"featured_media":193150,"comment_status":"closed","ping_status":"closed","sticky":false,"template":"","format":"standard","meta":{"footnotes":""},"categories":[26],"tags":[],"class_list":["post-193149","post","type-post","status-publish","format-standard","has-post-thumbnail","hentry","category-internacionales"],"yoast_head":"<!-- This site is optimized with the Yoast SEO plugin v24.4 - https:\/\/yoast.com\/wordpress\/plugins\/seo\/ -->\n<title>Lo mejor y lo peor de Estados Unidos se exhibi\u00f3 en la cena de corresponsales de la Casa Blanca - GYS NOTICIAS |<\/title>\n<meta name=\"robots\" content=\"index, follow, max-snippet:-1, max-image-preview:large, max-video-preview:-1\" \/>\n<link rel=\"canonical\" href=\"https:\/\/gysfm.com.ar\/inicio\/lo-mejor-y-lo-peor-de-estados-unidos-se-exhibio-en-la-cena-de-corresponsales-de-la-casa-blanca\/\" \/>\n<meta property=\"og:locale\" content=\"es_ES\" \/>\n<meta property=\"og:type\" content=\"article\" \/>\n<meta property=\"og:title\" content=\"Lo mejor y lo peor de Estados Unidos se exhibi\u00f3 en la cena de corresponsales de la Casa Blanca - GYS NOTICIAS |\" \/>\n<meta property=\"og:description\" content=\"WASHINGTON.\u2013 Es un milagro que nadie haya muerto la noche del s\u00e1bado en el Washington Hilton, donde m\u00e1s de 2000 periodistas, funcionarios del gobierno e invitados de alto perfil se hab\u00edan reunido para la cena anual de la Asociaci\u00f3n de Corresponsales de la Casa Blanca. Este tipo de incidentes se ha vuelto demasiado com\u00fan y, [&hellip;]\" \/>\n<meta property=\"og:url\" content=\"https:\/\/gysfm.com.ar\/inicio\/lo-mejor-y-lo-peor-de-estados-unidos-se-exhibio-en-la-cena-de-corresponsales-de-la-casa-blanca\/\" \/>\n<meta property=\"og:site_name\" content=\"GYS NOTICIAS |\" \/>\n<meta property=\"article:published_time\" content=\"2026-04-26T21:05:33+00:00\" \/>\n<meta property=\"article:modified_time\" content=\"2026-04-26T21:05:34+00:00\" \/>\n<meta property=\"og:image\" content=\"https:\/\/gysfm.com.ar\/inicio\/wp-content\/uploads\/2026\/04\/el-presidente-donald-trump-se-encontraba-en-el-MZLSK7WVWVHSZFT5D5UQMJV3MQ.PNG\" \/>\n\t<meta property=\"og:image:width\" content=\"1200\" \/>\n\t<meta property=\"og:image:height\" content=\"800\" \/>\n\t<meta property=\"og:image:type\" content=\"image\/png\" \/>\n<meta name=\"author\" content=\"Prensa G&amp;S FM\" \/>\n<meta name=\"twitter:card\" content=\"summary_large_image\" \/>\n<meta name=\"twitter:label1\" content=\"Escrito por\" \/>\n\t<meta name=\"twitter:data1\" content=\"Prensa G&amp;S FM\" \/>\n\t<meta name=\"twitter:label2\" content=\"Tiempo de lectura\" \/>\n\t<meta name=\"twitter:data2\" content=\"3 minutos\" \/>\n<script type=\"application\/ld+json\" class=\"yoast-schema-graph\">{\"@context\":\"https:\/\/schema.org\",\"@graph\":[{\"@type\":\"Article\",\"@id\":\"https:\/\/gysfm.com.ar\/inicio\/lo-mejor-y-lo-peor-de-estados-unidos-se-exhibio-en-la-cena-de-corresponsales-de-la-casa-blanca\/#article\",\"isPartOf\":{\"@id\":\"https:\/\/gysfm.com.ar\/inicio\/lo-mejor-y-lo-peor-de-estados-unidos-se-exhibio-en-la-cena-de-corresponsales-de-la-casa-blanca\/\"},\"author\":{\"name\":\"Prensa G&amp;S FM\",\"@id\":\"https:\/\/gysfm.com.ar\/inicio\/#\/schema\/person\/3abba7593ef2ad19e1be221d54383dc5\"},\"headline\":\"Lo mejor y lo peor de Estados Unidos se exhibi\u00f3 en la cena de corresponsales de la Casa Blanca\",\"datePublished\":\"2026-04-26T21:05:33+00:00\",\"dateModified\":\"2026-04-26T21:05:34+00:00\",\"mainEntityOfPage\":{\"@id\":\"https:\/\/gysfm.com.ar\/inicio\/lo-mejor-y-lo-peor-de-estados-unidos-se-exhibio-en-la-cena-de-corresponsales-de-la-casa-blanca\/\"},\"wordCount\":637,\"publisher\":{\"@id\":\"https:\/\/gysfm.com.ar\/inicio\/#organization\"},\"image\":{\"@id\":\"https:\/\/gysfm.com.ar\/inicio\/lo-mejor-y-lo-peor-de-estados-unidos-se-exhibio-en-la-cena-de-corresponsales-de-la-casa-blanca\/#primaryimage\"},\"thumbnailUrl\":\"https:\/\/gysfm.com.ar\/inicio\/wp-content\/uploads\/2026\/04\/el-presidente-donald-trump-se-encontraba-en-el-MZLSK7WVWVHSZFT5D5UQMJV3MQ.PNG\",\"articleSection\":[\"INTERNACIONALES\"],\"inLanguage\":\"es\"},{\"@type\":\"WebPage\",\"@id\":\"https:\/\/gysfm.com.ar\/inicio\/lo-mejor-y-lo-peor-de-estados-unidos-se-exhibio-en-la-cena-de-corresponsales-de-la-casa-blanca\/\",\"url\":\"https:\/\/gysfm.com.ar\/inicio\/lo-mejor-y-lo-peor-de-estados-unidos-se-exhibio-en-la-cena-de-corresponsales-de-la-casa-blanca\/\",\"name\":\"Lo mejor y lo peor de Estados Unidos se exhibi\u00f3 en la cena de corresponsales de la Casa Blanca - GYS NOTICIAS |\",\"isPartOf\":{\"@id\":\"https:\/\/gysfm.com.ar\/inicio\/#website\"},\"primaryImageOfPage\":{\"@id\":\"https:\/\/gysfm.com.ar\/inicio\/lo-mejor-y-lo-peor-de-estados-unidos-se-exhibio-en-la-cena-de-corresponsales-de-la-casa-blanca\/#primaryimage\"},\"image\":{\"@id\":\"https:\/\/gysfm.com.ar\/inicio\/lo-mejor-y-lo-peor-de-estados-unidos-se-exhibio-en-la-cena-de-corresponsales-de-la-casa-blanca\/#primaryimage\"},\"thumbnailUrl\":\"https:\/\/gysfm.com.ar\/inicio\/wp-content\/uploads\/2026\/04\/el-presidente-donald-trump-se-encontraba-en-el-MZLSK7WVWVHSZFT5D5UQMJV3MQ.PNG\",\"datePublished\":\"2026-04-26T21:05:33+00:00\",\"dateModified\":\"2026-04-26T21:05:34+00:00\",\"breadcrumb\":{\"@id\":\"https:\/\/gysfm.com.ar\/inicio\/lo-mejor-y-lo-peor-de-estados-unidos-se-exhibio-en-la-cena-de-corresponsales-de-la-casa-blanca\/#breadcrumb\"},\"inLanguage\":\"es\",\"potentialAction\":[{\"@type\":\"ReadAction\",\"target\":[\"https:\/\/gysfm.com.ar\/inicio\/lo-mejor-y-lo-peor-de-estados-unidos-se-exhibio-en-la-cena-de-corresponsales-de-la-casa-blanca\/\"]}]},{\"@type\":\"ImageObject\",\"inLanguage\":\"es\",\"@id\":\"https:\/\/gysfm.com.ar\/inicio\/lo-mejor-y-lo-peor-de-estados-unidos-se-exhibio-en-la-cena-de-corresponsales-de-la-casa-blanca\/#primaryimage\",\"url\":\"https:\/\/gysfm.com.ar\/inicio\/wp-content\/uploads\/2026\/04\/el-presidente-donald-trump-se-encontraba-en-el-MZLSK7WVWVHSZFT5D5UQMJV3MQ.PNG\",\"contentUrl\":\"https:\/\/gysfm.com.ar\/inicio\/wp-content\/uploads\/2026\/04\/el-presidente-donald-trump-se-encontraba-en-el-MZLSK7WVWVHSZFT5D5UQMJV3MQ.PNG\",\"width\":1200,\"height\":800},{\"@type\":\"BreadcrumbList\",\"@id\":\"https:\/\/gysfm.com.ar\/inicio\/lo-mejor-y-lo-peor-de-estados-unidos-se-exhibio-en-la-cena-de-corresponsales-de-la-casa-blanca\/#breadcrumb\",\"itemListElement\":[{\"@type\":\"ListItem\",\"position\":1,\"name\":\"Portada\",\"item\":\"https:\/\/gysfm.com.ar\/inicio\/\"},{\"@type\":\"ListItem\",\"position\":2,\"name\":\"Lo mejor y lo peor de Estados Unidos se exhibi\u00f3 en la cena de corresponsales de la Casa Blanca\"}]},{\"@type\":\"WebSite\",\"@id\":\"https:\/\/gysfm.com.ar\/inicio\/#website\",\"url\":\"https:\/\/gysfm.com.ar\/inicio\/\",\"name\":\"GYS NOTICIAS |\",\"description\":\"DIARIO - RADIO ONLINE SAN JUAN ARGENTINA\",\"publisher\":{\"@id\":\"https:\/\/gysfm.com.ar\/inicio\/#organization\"},\"potentialAction\":[{\"@type\":\"SearchAction\",\"target\":{\"@type\":\"EntryPoint\",\"urlTemplate\":\"https:\/\/gysfm.com.ar\/inicio\/?s={search_term_string}\"},\"query-input\":{\"@type\":\"PropertyValueSpecification\",\"valueRequired\":true,\"valueName\":\"search_term_string\"}}],\"inLanguage\":\"es\"},{\"@type\":\"Organization\",\"@id\":\"https:\/\/gysfm.com.ar\/inicio\/#organization\",\"name\":\"GYS NOTICIAS |\",\"url\":\"https:\/\/gysfm.com.ar\/inicio\/\",\"logo\":{\"@type\":\"ImageObject\",\"inLanguage\":\"es\",\"@id\":\"https:\/\/gysfm.com.ar\/inicio\/#\/schema\/logo\/image\/\",\"url\":\"https:\/\/gysfm.com.ar\/inicio\/wp-content\/uploads\/2023\/07\/LOGOGYS-OK.png\",\"contentUrl\":\"https:\/\/gysfm.com.ar\/inicio\/wp-content\/uploads\/2023\/07\/LOGOGYS-OK.png\",\"width\":1170,\"height\":872,\"caption\":\"GYS NOTICIAS |\"},\"image\":{\"@id\":\"https:\/\/gysfm.com.ar\/inicio\/#\/schema\/logo\/image\/\"}},{\"@type\":\"Person\",\"@id\":\"https:\/\/gysfm.com.ar\/inicio\/#\/schema\/person\/3abba7593ef2ad19e1be221d54383dc5\",\"name\":\"Prensa G&amp;S FM\",\"image\":{\"@type\":\"ImageObject\",\"inLanguage\":\"es\",\"@id\":\"https:\/\/gysfm.com.ar\/inicio\/#\/schema\/person\/image\/\",\"url\":\"https:\/\/secure.gravatar.com\/avatar\/096ec78df02049ab018702bb4ccedf659377fa92a26540b5247612077a0dbd29?s=96&d=mm&r=g\",\"contentUrl\":\"https:\/\/secure.gravatar.com\/avatar\/096ec78df02049ab018702bb4ccedf659377fa92a26540b5247612077a0dbd29?s=96&d=mm&r=g\",\"caption\":\"Prensa G&amp;S FM\"},\"sameAs\":[\"https:\/\/gysfm.com.ar\/\"],\"url\":\"https:\/\/gysfm.com.ar\/inicio\/author\/lucasm\/\"}]}<\/script>\n<!-- \/ Yoast SEO plugin. -->","yoast_head_json":{"title":"Lo mejor y lo peor de Estados Unidos se exhibi\u00f3 en la cena de corresponsales de la Casa Blanca - GYS NOTICIAS |","robots":{"index":"index","follow":"follow","max-snippet":"max-snippet:-1","max-image-preview":"max-image-preview:large","max-video-preview":"max-video-preview:-1"},"canonical":"https:\/\/gysfm.com.ar\/inicio\/lo-mejor-y-lo-peor-de-estados-unidos-se-exhibio-en-la-cena-de-corresponsales-de-la-casa-blanca\/","og_locale":"es_ES","og_type":"article","og_title":"Lo mejor y lo peor de Estados Unidos se exhibi\u00f3 en la cena de corresponsales de la Casa Blanca - GYS NOTICIAS |","og_description":"WASHINGTON.\u2013 Es un milagro que nadie haya muerto la noche del s\u00e1bado en el Washington Hilton, donde m\u00e1s de 2000 periodistas, funcionarios del gobierno e invitados de alto perfil se hab\u00edan reunido para la cena anual de la Asociaci\u00f3n de Corresponsales de la Casa Blanca. Este tipo de incidentes se ha vuelto demasiado com\u00fan y, [&hellip;]","og_url":"https:\/\/gysfm.com.ar\/inicio\/lo-mejor-y-lo-peor-de-estados-unidos-se-exhibio-en-la-cena-de-corresponsales-de-la-casa-blanca\/","og_site_name":"GYS NOTICIAS |","article_published_time":"2026-04-26T21:05:33+00:00","article_modified_time":"2026-04-26T21:05:34+00:00","og_image":[{"width":1200,"height":800,"url":"https:\/\/gysfm.com.ar\/inicio\/wp-content\/uploads\/2026\/04\/el-presidente-donald-trump-se-encontraba-en-el-MZLSK7WVWVHSZFT5D5UQMJV3MQ.PNG","type":"image\/png"}],"author":"Prensa G&amp;S FM","twitter_card":"summary_large_image","twitter_misc":{"Escrito por":"Prensa G&amp;S FM","Tiempo de lectura":"3 minutos"},"schema":{"@context":"https:\/\/schema.org","@graph":[{"@type":"Article","@id":"https:\/\/gysfm.com.ar\/inicio\/lo-mejor-y-lo-peor-de-estados-unidos-se-exhibio-en-la-cena-de-corresponsales-de-la-casa-blanca\/#article","isPartOf":{"@id":"https:\/\/gysfm.com.ar\/inicio\/lo-mejor-y-lo-peor-de-estados-unidos-se-exhibio-en-la-cena-de-corresponsales-de-la-casa-blanca\/"},"author":{"name":"Prensa G&amp;S FM","@id":"https:\/\/gysfm.com.ar\/inicio\/#\/schema\/person\/3abba7593ef2ad19e1be221d54383dc5"},"headline":"Lo mejor y lo peor de Estados Unidos se exhibi\u00f3 en la cena de corresponsales de la Casa Blanca","datePublished":"2026-04-26T21:05:33+00:00","dateModified":"2026-04-26T21:05:34+00:00","mainEntityOfPage":{"@id":"https:\/\/gysfm.com.ar\/inicio\/lo-mejor-y-lo-peor-de-estados-unidos-se-exhibio-en-la-cena-de-corresponsales-de-la-casa-blanca\/"},"wordCount":637,"publisher":{"@id":"https:\/\/gysfm.com.ar\/inicio\/#organization"},"image":{"@id":"https:\/\/gysfm.com.ar\/inicio\/lo-mejor-y-lo-peor-de-estados-unidos-se-exhibio-en-la-cena-de-corresponsales-de-la-casa-blanca\/#primaryimage"},"thumbnailUrl":"https:\/\/gysfm.com.ar\/inicio\/wp-content\/uploads\/2026\/04\/el-presidente-donald-trump-se-encontraba-en-el-MZLSK7WVWVHSZFT5D5UQMJV3MQ.PNG","articleSection":["INTERNACIONALES"],"inLanguage":"es"},{"@type":"WebPage","@id":"https:\/\/gysfm.com.ar\/inicio\/lo-mejor-y-lo-peor-de-estados-unidos-se-exhibio-en-la-cena-de-corresponsales-de-la-casa-blanca\/","url":"https:\/\/gysfm.com.ar\/inicio\/lo-mejor-y-lo-peor-de-estados-unidos-se-exhibio-en-la-cena-de-corresponsales-de-la-casa-blanca\/","name":"Lo mejor y lo peor de Estados Unidos se exhibi\u00f3 en la cena de corresponsales de la Casa Blanca - GYS NOTICIAS |","isPartOf":{"@id":"https:\/\/gysfm.com.ar\/inicio\/#website"},"primaryImageOfPage":{"@id":"https:\/\/gysfm.com.ar\/inicio\/lo-mejor-y-lo-peor-de-estados-unidos-se-exhibio-en-la-cena-de-corresponsales-de-la-casa-blanca\/#primaryimage"},"image":{"@id":"https:\/\/gysfm.com.ar\/inicio\/lo-mejor-y-lo-peor-de-estados-unidos-se-exhibio-en-la-cena-de-corresponsales-de-la-casa-blanca\/#primaryimage"},"thumbnailUrl":"https:\/\/gysfm.com.ar\/inicio\/wp-content\/uploads\/2026\/04\/el-presidente-donald-trump-se-encontraba-en-el-MZLSK7WVWVHSZFT5D5UQMJV3MQ.PNG","datePublished":"2026-04-26T21:05:33+00:00","dateModified":"2026-04-26T21:05:34+00:00","breadcrumb":{"@id":"https:\/\/gysfm.com.ar\/inicio\/lo-mejor-y-lo-peor-de-estados-unidos-se-exhibio-en-la-cena-de-corresponsales-de-la-casa-blanca\/#breadcrumb"},"inLanguage":"es","potentialAction":[{"@type":"ReadAction","target":["https:\/\/gysfm.com.ar\/inicio\/lo-mejor-y-lo-peor-de-estados-unidos-se-exhibio-en-la-cena-de-corresponsales-de-la-casa-blanca\/"]}]},{"@type":"ImageObject","inLanguage":"es","@id":"https:\/\/gysfm.com.ar\/inicio\/lo-mejor-y-lo-peor-de-estados-unidos-se-exhibio-en-la-cena-de-corresponsales-de-la-casa-blanca\/#primaryimage","url":"https:\/\/gysfm.com.ar\/inicio\/wp-content\/uploads\/2026\/04\/el-presidente-donald-trump-se-encontraba-en-el-MZLSK7WVWVHSZFT5D5UQMJV3MQ.PNG","contentUrl":"https:\/\/gysfm.com.ar\/inicio\/wp-content\/uploads\/2026\/04\/el-presidente-donald-trump-se-encontraba-en-el-MZLSK7WVWVHSZFT5D5UQMJV3MQ.PNG","width":1200,"height":800},{"@type":"BreadcrumbList","@id":"https:\/\/gysfm.com.ar\/inicio\/lo-mejor-y-lo-peor-de-estados-unidos-se-exhibio-en-la-cena-de-corresponsales-de-la-casa-blanca\/#breadcrumb","itemListElement":[{"@type":"ListItem","position":1,"name":"Portada","item":"https:\/\/gysfm.com.ar\/inicio\/"},{"@type":"ListItem","position":2,"name":"Lo mejor y lo peor de Estados Unidos se exhibi\u00f3 en la cena de corresponsales de la Casa Blanca"}]},{"@type":"WebSite","@id":"https:\/\/gysfm.com.ar\/inicio\/#website","url":"https:\/\/gysfm.com.ar\/inicio\/","name":"GYS NOTICIAS |","description":"DIARIO - RADIO ONLINE SAN JUAN ARGENTINA","publisher":{"@id":"https:\/\/gysfm.com.ar\/inicio\/#organization"},"potentialAction":[{"@type":"SearchAction","target":{"@type":"EntryPoint","urlTemplate":"https:\/\/gysfm.com.ar\/inicio\/?s={search_term_string}"},"query-input":{"@type":"PropertyValueSpecification","valueRequired":true,"valueName":"search_term_string"}}],"inLanguage":"es"},{"@type":"Organization","@id":"https:\/\/gysfm.com.ar\/inicio\/#organization","name":"GYS NOTICIAS |","url":"https:\/\/gysfm.com.ar\/inicio\/","logo":{"@type":"ImageObject","inLanguage":"es","@id":"https:\/\/gysfm.com.ar\/inicio\/#\/schema\/logo\/image\/","url":"https:\/\/gysfm.com.ar\/inicio\/wp-content\/uploads\/2023\/07\/LOGOGYS-OK.png","contentUrl":"https:\/\/gysfm.com.ar\/inicio\/wp-content\/uploads\/2023\/07\/LOGOGYS-OK.png","width":1170,"height":872,"caption":"GYS NOTICIAS |"},"image":{"@id":"https:\/\/gysfm.com.ar\/inicio\/#\/schema\/logo\/image\/"}},{"@type":"Person","@id":"https:\/\/gysfm.com.ar\/inicio\/#\/schema\/person\/3abba7593ef2ad19e1be221d54383dc5","name":"Prensa G&amp;S FM","image":{"@type":"ImageObject","inLanguage":"es","@id":"https:\/\/gysfm.com.ar\/inicio\/#\/schema\/person\/image\/","url":"https:\/\/secure.gravatar.com\/avatar\/096ec78df02049ab018702bb4ccedf659377fa92a26540b5247612077a0dbd29?s=96&d=mm&r=g","contentUrl":"https:\/\/secure.gravatar.com\/avatar\/096ec78df02049ab018702bb4ccedf659377fa92a26540b5247612077a0dbd29?s=96&d=mm&r=g","caption":"Prensa G&amp;S FM"},"sameAs":["https:\/\/gysfm.com.ar\/"],"url":"https:\/\/gysfm.com.ar\/inicio\/author\/lucasm\/"}]}},"_links":{"self":[{"href":"https:\/\/gysfm.com.ar\/inicio\/wp-json\/wp\/v2\/posts\/193149","targetHints":{"allow":["GET"]}}],"collection":[{"href":"https:\/\/gysfm.com.ar\/inicio\/wp-json\/wp\/v2\/posts"}],"about":[{"href":"https:\/\/gysfm.com.ar\/inicio\/wp-json\/wp\/v2\/types\/post"}],"author":[{"embeddable":true,"href":"https:\/\/gysfm.com.ar\/inicio\/wp-json\/wp\/v2\/users\/2"}],"replies":[{"embeddable":true,"href":"https:\/\/gysfm.com.ar\/inicio\/wp-json\/wp\/v2\/comments?post=193149"}],"version-history":[{"count":1,"href":"https:\/\/gysfm.com.ar\/inicio\/wp-json\/wp\/v2\/posts\/193149\/revisions"}],"predecessor-version":[{"id":193151,"href":"https:\/\/gysfm.com.ar\/inicio\/wp-json\/wp\/v2\/posts\/193149\/revisions\/193151"}],"wp:featuredmedia":[{"embeddable":true,"href":"https:\/\/gysfm.com.ar\/inicio\/wp-json\/wp\/v2\/media\/193150"}],"wp:attachment":[{"href":"https:\/\/gysfm.com.ar\/inicio\/wp-json\/wp\/v2\/media?parent=193149"}],"wp:term":[{"taxonomy":"category","embeddable":true,"href":"https:\/\/gysfm.com.ar\/inicio\/wp-json\/wp\/v2\/categories?post=193149"},{"taxonomy":"post_tag","embeddable":true,"href":"https:\/\/gysfm.com.ar\/inicio\/wp-json\/wp\/v2\/tags?post=193149"}],"curies":[{"name":"wp","href":"https:\/\/api.w.org\/{rel}","templated":true}]}}