{"id":193147,"date":"2026-04-26T17:44:10","date_gmt":"2026-04-26T20:44:10","guid":{"rendered":"https:\/\/gysfm.com.ar\/inicio\/el-derecho-a-la-educacion-en-riesgo\/"},"modified":"2026-04-26T17:44:10","modified_gmt":"2026-04-26T20:44:10","slug":"el-derecho-a-la-educacion-en-riesgo","status":"publish","type":"post","link":"https:\/\/gysfm.com.ar\/inicio\/el-derecho-a-la-educacion-en-riesgo\/","title":{"rendered":"El derecho a la educaci\u00f3n, en riesgo"},"content":{"rendered":"<p><\/p>\n<div>\n<div class=\"author\">\n<p>\n                Patricio Cabezas *, Eva Da Porta ** y Marcela Browne ***\n            <\/p>\n<\/p><\/div>\n<p>        <time class=\"article__date\" datetime=\"2026-04-26T04:14:36.000000Z\"><br \/>\n        Hoy 01:14<br \/>\n    <\/time>\n<\/div>\n<div id=\"article-content\">\n<p>El sistema educativo argentino atraviesa una de las crisis m\u00e1s profundas de su historia. Lo que hoy se reclama en universidades, escuelas y hogares no es una cifra t\u00e9cnica ni una simple partida presupuestaria, sino la vigencia de la educaci\u00f3n como derecho humano fundamental. Detr\u00e1s de cada decisi\u00f3n sobre c\u00f3mo el Estado distribuye sus recursos se define qui\u00e9n accede a la educaci\u00f3n, qu\u00e9 formaci\u00f3n recibe y en qu\u00e9 condiciones la transita.<\/p>\n<p>El retroceso es evidente. El desfinanciamiento sostenido y los recortes presupuestarios de los \u00faltimos a\u00f1os impactan de lleno en todo el sistema. Un hito especialmente alarmante es el proyecto de Presupuesto 2026, que propone suspender el art\u00edculo 9 de la Ley de Educaci\u00f3n Nacional (26.206), que fija una inversi\u00f3n m\u00ednima del 6% del PBI. Al eliminar ese piso legal, el Estado nacional renuncia a su papel de garante. A esto se suma la desfinanciaci\u00f3n de la Ley de Educaci\u00f3n T\u00e9cnico Profesional (26.058), un fondo clave para el equipamiento de talleres y la actualizaci\u00f3n tecnol\u00f3gica de la educaci\u00f3n secundaria y superior no universitaria. Seg\u00fan el informe de cumplimiento de metas educativas de Campa\u00f1a Argentina por el Derecho a la Educaci\u00f3n (CADE-2025), en 2024 la inversi\u00f3n educativa cay\u00f3 al 4% del PBI, el valor m\u00e1s bajo de los \u00faltimos veinte a\u00f1os: un 0,75% aportado por la Naci\u00f3n y un 3,25% por las provincias.<\/p>\n<p>La situaci\u00f3n de las universidades nacionales y del sistema cient\u00edfico tambi\u00e9n es cr\u00edtica. El Consejo Interuniversitario Nacional (CIN) declar\u00f3 en marzo la emergencia salarial y presupuestaria. Seg\u00fan ese organismo, las transferencias a universidades nacionales acumulan una ca\u00edda real del 45,6% entre 2023 y 2026. A esto se suma el recorte de las Becas Progresar, fundamentales para acompa\u00f1ar las trayectorias estudiantiles: su presupuesto cay\u00f3 un 82% en t\u00e9rminos nominales entre 2025 y 2026 y el gasto real qued\u00f3 un 95% por debajo de 2023. El debilitamiento de programas de apoyo a los estudios superiores agrava a\u00fan m\u00e1s la situaci\u00f3n estudiantil, mientras que el campo cient\u00edfico ve comprometido su presente y su futuro por el congelamiento de la investigaci\u00f3n, el deterioro del equipamiento y la falta de inversi\u00f3n en infraestructura.<\/p>\n<div class=\"subscription\">\n<p>\n        Esto no les gusta a los autoritarios\n    <\/p>\n<div class=\"subscription__container\">\n<div class=\"subscription__text-wrapper\">\n<p>\n                El ejercicio del periodismo profesional y cr\u00edtico es un pilar fundamental de la democracia. Por eso molesta a quienes creen ser los due\u00f1os de la verdad.\n            <\/p>\n<\/p><\/div><\/div>\n<\/div>\n<p>La calidad educativa no puede sostenerse sobre la precariedad de quienes ense\u00f1an. Los salarios docentes se deterioran de manera alarmante. La Ctera advierte que discutir las condiciones de trabajo, incluido el salario, es indispensable para pensar una educaci\u00f3n de calidad. Los ingresos reales docentes cayeron cerca de un 32% y se ubican entre los m\u00e1s bajos de los \u00faltimos treinta a\u00f1os. Con un salario m\u00ednimo docente congelado en $ 500 mil frente a una canasta b\u00e1sica cercana a $ 1.500.000, la pregunta es cu\u00e1ntos cargos o turnos debe asumir un docente para sostener su hogar, y en qu\u00e9 condiciones f\u00edsicas y mentales puede garantizar la ense\u00f1anza. En el \u00e1mbito universitario, la situaci\u00f3n tambi\u00e9n es grave: m\u00e1s del 85% de sus docentes est\u00e1 por debajo de la l\u00ednea de pobreza.<\/p>\n<p>Hablar de financiamiento es hablar de la fuente de los recursos y del tipo de sociedad que se quiere construir. El v\u00ednculo entre financiamiento y justicia social es esencial: en una democracia, quienes m\u00e1s tienen deben contribuir proporcionalmente para que nadie quede afuera. La justicia social se vuelve concreta cuando el Estado garantiza que el c\u00f3digo postal no determine el destino educativo de un estudiante.<\/p>\n<p>Un ejemplo de ese principio fue el Aporte Solidario y Extraordinario (Ley 27.605). Seg\u00fan datos de la AFIP, el 20% de ese tributo a las grandes fortunas se destin\u00f3 a educaci\u00f3n y permiti\u00f3 sostener pol\u00edticas como las Becas Progresar, que llegaron a m\u00e1s de un mill\u00f3n de j\u00f3venes. En sentido contrario, la eliminaci\u00f3n del Fonid y el recorte de transferencias nacionales en 2024 \u2013que, seg\u00fan CADE, oblig\u00f3 a 21 de las 24 provincias a reducir su gasto educativo real\u2013 quebraron ese principio b\u00e1sico de solidaridad.<\/p>\n<p>Aun en este contexto hay esperanza en los equipos docentes que siguen construyendo aprendizajes significativos en condiciones adversas. Pero el esfuerzo individual no alcanza: sin equipamiento, infraestructura y pol\u00edticas sostenidas no hay garant\u00eda efectiva del derecho a la educaci\u00f3n.<\/p>\n<p>Lo que est\u00e1 en juego no es una l\u00ednea del presupuesto, sino la educaci\u00f3n como piso com\u00fan de un pacto social. Cuando el Estado retira financiamiento, decide a qui\u00e9n cuida y a qui\u00e9n abandona. Permitir que ese piso se degrade significa consolidar desigualdades y excluir, sobre todo, a quienes menos recursos tienen para resistir. Invertir en educaci\u00f3n es apostar por el desarrollo de cada persona, de cada comunidad y del pa\u00eds.<\/p>\n<p>*CePaDeHu<\/p>\n<p>**Univ. C\u00f3rdoba\/CADE. <\/p>\n<p>*** Fundaci\u00f3n SES \/CADE<\/p>\n<\/p><\/div>\n<p><script>\n                !function(f,b,e,v,n,t,s)\n                {if(f.fbq)return;n=f.fbq=function(){n.callMethod?\n                    n.callMethod.apply(n,arguments):n.queue.push(arguments)};\n                    if(!f._fbq)f._fbq=n;n.push=n;n.loaded=!0;n.version='2.0';\n                    n.queue=[];t=b.createElement(e);t.async=!0;\n                    t.src=v;s=b.getElementsByTagName(e)[0];\n                    s.parentNode.insertBefore(t,s)}(window, document,'script',\n                    'https:\/\/connect.facebook.net\/en_US\/fbevents.js');\n                window.paywallConfig.facebook_pixel=\"1000228364089342\"\n            <\/script><\/p>\n","protected":false},"excerpt":{"rendered":"<p>Patricio Cabezas *, Eva Da Porta ** y Marcela Browne *** Hoy 01:14 El sistema educativo argentino atraviesa una de las crisis m\u00e1s profundas de su historia. Lo que hoy se reclama en universidades, escuelas y hogares no es una cifra t\u00e9cnica ni una simple partida presupuestaria, sino la vigencia de la educaci\u00f3n como derecho [&hellip;]<\/p>\n","protected":false},"author":2,"featured_media":193148,"comment_status":"closed","ping_status":"closed","sticky":false,"template":"","format":"standard","meta":{"footnotes":""},"categories":[25],"tags":[],"class_list":["post-193147","post","type-post","status-publish","format-standard","has-post-thumbnail","hentry","category-nacionales"],"yoast_head":"<!-- This site is optimized with the Yoast SEO plugin v24.4 - https:\/\/yoast.com\/wordpress\/plugins\/seo\/ -->\n<title>El derecho a la educaci\u00f3n, en riesgo - GYS NOTICIAS |<\/title>\n<meta name=\"robots\" content=\"index, follow, max-snippet:-1, max-image-preview:large, max-video-preview:-1\" \/>\n<link rel=\"canonical\" href=\"https:\/\/gysfm.com.ar\/inicio\/el-derecho-a-la-educacion-en-riesgo\/\" \/>\n<meta property=\"og:locale\" content=\"es_ES\" \/>\n<meta property=\"og:type\" content=\"article\" \/>\n<meta property=\"og:title\" content=\"El derecho a la educaci\u00f3n, en riesgo - GYS NOTICIAS |\" \/>\n<meta property=\"og:description\" content=\"Patricio Cabezas *, Eva Da Porta ** y Marcela Browne *** Hoy 01:14 El sistema educativo argentino atraviesa una de las crisis m\u00e1s profundas de su historia. Lo que hoy se reclama en universidades, escuelas y hogares no es una cifra t\u00e9cnica ni una simple partida presupuestaria, sino la vigencia de la educaci\u00f3n como derecho [&hellip;]\" \/>\n<meta property=\"og:url\" content=\"https:\/\/gysfm.com.ar\/inicio\/el-derecho-a-la-educacion-en-riesgo\/\" \/>\n<meta property=\"og:site_name\" content=\"GYS NOTICIAS |\" \/>\n<meta property=\"article:published_time\" content=\"2026-04-26T20:44:10+00:00\" \/>\n<meta name=\"author\" content=\"Prensa G&amp;S FM\" \/>\n<meta name=\"twitter:card\" content=\"summary_large_image\" \/>\n<meta name=\"twitter:label1\" content=\"Escrito por\" \/>\n\t<meta name=\"twitter:data1\" content=\"Prensa G&amp;S FM\" \/>\n\t<meta name=\"twitter:label2\" content=\"Tiempo de lectura\" \/>\n\t<meta name=\"twitter:data2\" content=\"4 minutos\" \/>\n<script type=\"application\/ld+json\" class=\"yoast-schema-graph\">{\"@context\":\"https:\/\/schema.org\",\"@graph\":[{\"@type\":\"Article\",\"@id\":\"https:\/\/gysfm.com.ar\/inicio\/el-derecho-a-la-educacion-en-riesgo\/#article\",\"isPartOf\":{\"@id\":\"https:\/\/gysfm.com.ar\/inicio\/el-derecho-a-la-educacion-en-riesgo\/\"},\"author\":{\"name\":\"Prensa G&amp;S FM\",\"@id\":\"https:\/\/gysfm.com.ar\/inicio\/#\/schema\/person\/3abba7593ef2ad19e1be221d54383dc5\"},\"headline\":\"El derecho a la educaci\u00f3n, en riesgo\",\"datePublished\":\"2026-04-26T20:44:10+00:00\",\"mainEntityOfPage\":{\"@id\":\"https:\/\/gysfm.com.ar\/inicio\/el-derecho-a-la-educacion-en-riesgo\/\"},\"wordCount\":848,\"publisher\":{\"@id\":\"https:\/\/gysfm.com.ar\/inicio\/#organization\"},\"image\":{\"@id\":\"https:\/\/gysfm.com.ar\/inicio\/el-derecho-a-la-educacion-en-riesgo\/#primaryimage\"},\"thumbnailUrl\":\"https:\/\/gysfm.com.ar\/inicio\/wp-content\/uploads\/2026\/04\/260426protestaeducaciondocentesmarchacterag-2227690.jpg\",\"articleSection\":[\"NACIONALES\"],\"inLanguage\":\"es\"},{\"@type\":\"WebPage\",\"@id\":\"https:\/\/gysfm.com.ar\/inicio\/el-derecho-a-la-educacion-en-riesgo\/\",\"url\":\"https:\/\/gysfm.com.ar\/inicio\/el-derecho-a-la-educacion-en-riesgo\/\",\"name\":\"El derecho a la educaci\u00f3n, en riesgo - GYS NOTICIAS |\",\"isPartOf\":{\"@id\":\"https:\/\/gysfm.com.ar\/inicio\/#website\"},\"primaryImageOfPage\":{\"@id\":\"https:\/\/gysfm.com.ar\/inicio\/el-derecho-a-la-educacion-en-riesgo\/#primaryimage\"},\"image\":{\"@id\":\"https:\/\/gysfm.com.ar\/inicio\/el-derecho-a-la-educacion-en-riesgo\/#primaryimage\"},\"thumbnailUrl\":\"https:\/\/gysfm.com.ar\/inicio\/wp-content\/uploads\/2026\/04\/260426protestaeducaciondocentesmarchacterag-2227690.jpg\",\"datePublished\":\"2026-04-26T20:44:10+00:00\",\"breadcrumb\":{\"@id\":\"https:\/\/gysfm.com.ar\/inicio\/el-derecho-a-la-educacion-en-riesgo\/#breadcrumb\"},\"inLanguage\":\"es\",\"potentialAction\":[{\"@type\":\"ReadAction\",\"target\":[\"https:\/\/gysfm.com.ar\/inicio\/el-derecho-a-la-educacion-en-riesgo\/\"]}]},{\"@type\":\"ImageObject\",\"inLanguage\":\"es\",\"@id\":\"https:\/\/gysfm.com.ar\/inicio\/el-derecho-a-la-educacion-en-riesgo\/#primaryimage\",\"url\":\"https:\/\/gysfm.com.ar\/inicio\/wp-content\/uploads\/2026\/04\/260426protestaeducaciondocentesmarchacterag-2227690.jpg\",\"contentUrl\":\"https:\/\/gysfm.com.ar\/inicio\/wp-content\/uploads\/2026\/04\/260426protestaeducaciondocentesmarchacterag-2227690.jpg\",\"width\":1140,\"height\":641},{\"@type\":\"BreadcrumbList\",\"@id\":\"https:\/\/gysfm.com.ar\/inicio\/el-derecho-a-la-educacion-en-riesgo\/#breadcrumb\",\"itemListElement\":[{\"@type\":\"ListItem\",\"position\":1,\"name\":\"Portada\",\"item\":\"https:\/\/gysfm.com.ar\/inicio\/\"},{\"@type\":\"ListItem\",\"position\":2,\"name\":\"El derecho a la educaci\u00f3n, en riesgo\"}]},{\"@type\":\"WebSite\",\"@id\":\"https:\/\/gysfm.com.ar\/inicio\/#website\",\"url\":\"https:\/\/gysfm.com.ar\/inicio\/\",\"name\":\"GYS NOTICIAS |\",\"description\":\"DIARIO - RADIO ONLINE SAN JUAN ARGENTINA\",\"publisher\":{\"@id\":\"https:\/\/gysfm.com.ar\/inicio\/#organization\"},\"potentialAction\":[{\"@type\":\"SearchAction\",\"target\":{\"@type\":\"EntryPoint\",\"urlTemplate\":\"https:\/\/gysfm.com.ar\/inicio\/?s={search_term_string}\"},\"query-input\":{\"@type\":\"PropertyValueSpecification\",\"valueRequired\":true,\"valueName\":\"search_term_string\"}}],\"inLanguage\":\"es\"},{\"@type\":\"Organization\",\"@id\":\"https:\/\/gysfm.com.ar\/inicio\/#organization\",\"name\":\"GYS NOTICIAS |\",\"url\":\"https:\/\/gysfm.com.ar\/inicio\/\",\"logo\":{\"@type\":\"ImageObject\",\"inLanguage\":\"es\",\"@id\":\"https:\/\/gysfm.com.ar\/inicio\/#\/schema\/logo\/image\/\",\"url\":\"https:\/\/gysfm.com.ar\/inicio\/wp-content\/uploads\/2023\/07\/LOGOGYS-OK.png\",\"contentUrl\":\"https:\/\/gysfm.com.ar\/inicio\/wp-content\/uploads\/2023\/07\/LOGOGYS-OK.png\",\"width\":1170,\"height\":872,\"caption\":\"GYS NOTICIAS |\"},\"image\":{\"@id\":\"https:\/\/gysfm.com.ar\/inicio\/#\/schema\/logo\/image\/\"}},{\"@type\":\"Person\",\"@id\":\"https:\/\/gysfm.com.ar\/inicio\/#\/schema\/person\/3abba7593ef2ad19e1be221d54383dc5\",\"name\":\"Prensa G&amp;S FM\",\"image\":{\"@type\":\"ImageObject\",\"inLanguage\":\"es\",\"@id\":\"https:\/\/gysfm.com.ar\/inicio\/#\/schema\/person\/image\/\",\"url\":\"https:\/\/secure.gravatar.com\/avatar\/096ec78df02049ab018702bb4ccedf659377fa92a26540b5247612077a0dbd29?s=96&d=mm&r=g\",\"contentUrl\":\"https:\/\/secure.gravatar.com\/avatar\/096ec78df02049ab018702bb4ccedf659377fa92a26540b5247612077a0dbd29?s=96&d=mm&r=g\",\"caption\":\"Prensa G&amp;S FM\"},\"sameAs\":[\"https:\/\/gysfm.com.ar\/\"],\"url\":\"https:\/\/gysfm.com.ar\/inicio\/author\/lucasm\/\"}]}<\/script>\n<!-- \/ Yoast SEO plugin. -->","yoast_head_json":{"title":"El derecho a la educaci\u00f3n, en riesgo - GYS NOTICIAS |","robots":{"index":"index","follow":"follow","max-snippet":"max-snippet:-1","max-image-preview":"max-image-preview:large","max-video-preview":"max-video-preview:-1"},"canonical":"https:\/\/gysfm.com.ar\/inicio\/el-derecho-a-la-educacion-en-riesgo\/","og_locale":"es_ES","og_type":"article","og_title":"El derecho a la educaci\u00f3n, en riesgo - GYS NOTICIAS |","og_description":"Patricio Cabezas *, Eva Da Porta ** y Marcela Browne *** Hoy 01:14 El sistema educativo argentino atraviesa una de las crisis m\u00e1s profundas de su historia. Lo que hoy se reclama en universidades, escuelas y hogares no es una cifra t\u00e9cnica ni una simple partida presupuestaria, sino la vigencia de la educaci\u00f3n como derecho [&hellip;]","og_url":"https:\/\/gysfm.com.ar\/inicio\/el-derecho-a-la-educacion-en-riesgo\/","og_site_name":"GYS NOTICIAS |","article_published_time":"2026-04-26T20:44:10+00:00","author":"Prensa G&amp;S FM","twitter_card":"summary_large_image","twitter_misc":{"Escrito por":"Prensa G&amp;S FM","Tiempo de lectura":"4 minutos"},"schema":{"@context":"https:\/\/schema.org","@graph":[{"@type":"Article","@id":"https:\/\/gysfm.com.ar\/inicio\/el-derecho-a-la-educacion-en-riesgo\/#article","isPartOf":{"@id":"https:\/\/gysfm.com.ar\/inicio\/el-derecho-a-la-educacion-en-riesgo\/"},"author":{"name":"Prensa G&amp;S FM","@id":"https:\/\/gysfm.com.ar\/inicio\/#\/schema\/person\/3abba7593ef2ad19e1be221d54383dc5"},"headline":"El derecho a la educaci\u00f3n, en riesgo","datePublished":"2026-04-26T20:44:10+00:00","mainEntityOfPage":{"@id":"https:\/\/gysfm.com.ar\/inicio\/el-derecho-a-la-educacion-en-riesgo\/"},"wordCount":848,"publisher":{"@id":"https:\/\/gysfm.com.ar\/inicio\/#organization"},"image":{"@id":"https:\/\/gysfm.com.ar\/inicio\/el-derecho-a-la-educacion-en-riesgo\/#primaryimage"},"thumbnailUrl":"https:\/\/gysfm.com.ar\/inicio\/wp-content\/uploads\/2026\/04\/260426protestaeducaciondocentesmarchacterag-2227690.jpg","articleSection":["NACIONALES"],"inLanguage":"es"},{"@type":"WebPage","@id":"https:\/\/gysfm.com.ar\/inicio\/el-derecho-a-la-educacion-en-riesgo\/","url":"https:\/\/gysfm.com.ar\/inicio\/el-derecho-a-la-educacion-en-riesgo\/","name":"El derecho a la educaci\u00f3n, en riesgo - GYS NOTICIAS |","isPartOf":{"@id":"https:\/\/gysfm.com.ar\/inicio\/#website"},"primaryImageOfPage":{"@id":"https:\/\/gysfm.com.ar\/inicio\/el-derecho-a-la-educacion-en-riesgo\/#primaryimage"},"image":{"@id":"https:\/\/gysfm.com.ar\/inicio\/el-derecho-a-la-educacion-en-riesgo\/#primaryimage"},"thumbnailUrl":"https:\/\/gysfm.com.ar\/inicio\/wp-content\/uploads\/2026\/04\/260426protestaeducaciondocentesmarchacterag-2227690.jpg","datePublished":"2026-04-26T20:44:10+00:00","breadcrumb":{"@id":"https:\/\/gysfm.com.ar\/inicio\/el-derecho-a-la-educacion-en-riesgo\/#breadcrumb"},"inLanguage":"es","potentialAction":[{"@type":"ReadAction","target":["https:\/\/gysfm.com.ar\/inicio\/el-derecho-a-la-educacion-en-riesgo\/"]}]},{"@type":"ImageObject","inLanguage":"es","@id":"https:\/\/gysfm.com.ar\/inicio\/el-derecho-a-la-educacion-en-riesgo\/#primaryimage","url":"https:\/\/gysfm.com.ar\/inicio\/wp-content\/uploads\/2026\/04\/260426protestaeducaciondocentesmarchacterag-2227690.jpg","contentUrl":"https:\/\/gysfm.com.ar\/inicio\/wp-content\/uploads\/2026\/04\/260426protestaeducaciondocentesmarchacterag-2227690.jpg","width":1140,"height":641},{"@type":"BreadcrumbList","@id":"https:\/\/gysfm.com.ar\/inicio\/el-derecho-a-la-educacion-en-riesgo\/#breadcrumb","itemListElement":[{"@type":"ListItem","position":1,"name":"Portada","item":"https:\/\/gysfm.com.ar\/inicio\/"},{"@type":"ListItem","position":2,"name":"El derecho a la educaci\u00f3n, en riesgo"}]},{"@type":"WebSite","@id":"https:\/\/gysfm.com.ar\/inicio\/#website","url":"https:\/\/gysfm.com.ar\/inicio\/","name":"GYS NOTICIAS |","description":"DIARIO - RADIO ONLINE SAN JUAN ARGENTINA","publisher":{"@id":"https:\/\/gysfm.com.ar\/inicio\/#organization"},"potentialAction":[{"@type":"SearchAction","target":{"@type":"EntryPoint","urlTemplate":"https:\/\/gysfm.com.ar\/inicio\/?s={search_term_string}"},"query-input":{"@type":"PropertyValueSpecification","valueRequired":true,"valueName":"search_term_string"}}],"inLanguage":"es"},{"@type":"Organization","@id":"https:\/\/gysfm.com.ar\/inicio\/#organization","name":"GYS NOTICIAS |","url":"https:\/\/gysfm.com.ar\/inicio\/","logo":{"@type":"ImageObject","inLanguage":"es","@id":"https:\/\/gysfm.com.ar\/inicio\/#\/schema\/logo\/image\/","url":"https:\/\/gysfm.com.ar\/inicio\/wp-content\/uploads\/2023\/07\/LOGOGYS-OK.png","contentUrl":"https:\/\/gysfm.com.ar\/inicio\/wp-content\/uploads\/2023\/07\/LOGOGYS-OK.png","width":1170,"height":872,"caption":"GYS NOTICIAS |"},"image":{"@id":"https:\/\/gysfm.com.ar\/inicio\/#\/schema\/logo\/image\/"}},{"@type":"Person","@id":"https:\/\/gysfm.com.ar\/inicio\/#\/schema\/person\/3abba7593ef2ad19e1be221d54383dc5","name":"Prensa G&amp;S FM","image":{"@type":"ImageObject","inLanguage":"es","@id":"https:\/\/gysfm.com.ar\/inicio\/#\/schema\/person\/image\/","url":"https:\/\/secure.gravatar.com\/avatar\/096ec78df02049ab018702bb4ccedf659377fa92a26540b5247612077a0dbd29?s=96&d=mm&r=g","contentUrl":"https:\/\/secure.gravatar.com\/avatar\/096ec78df02049ab018702bb4ccedf659377fa92a26540b5247612077a0dbd29?s=96&d=mm&r=g","caption":"Prensa G&amp;S FM"},"sameAs":["https:\/\/gysfm.com.ar\/"],"url":"https:\/\/gysfm.com.ar\/inicio\/author\/lucasm\/"}]}},"_links":{"self":[{"href":"https:\/\/gysfm.com.ar\/inicio\/wp-json\/wp\/v2\/posts\/193147","targetHints":{"allow":["GET"]}}],"collection":[{"href":"https:\/\/gysfm.com.ar\/inicio\/wp-json\/wp\/v2\/posts"}],"about":[{"href":"https:\/\/gysfm.com.ar\/inicio\/wp-json\/wp\/v2\/types\/post"}],"author":[{"embeddable":true,"href":"https:\/\/gysfm.com.ar\/inicio\/wp-json\/wp\/v2\/users\/2"}],"replies":[{"embeddable":true,"href":"https:\/\/gysfm.com.ar\/inicio\/wp-json\/wp\/v2\/comments?post=193147"}],"version-history":[{"count":0,"href":"https:\/\/gysfm.com.ar\/inicio\/wp-json\/wp\/v2\/posts\/193147\/revisions"}],"wp:featuredmedia":[{"embeddable":true,"href":"https:\/\/gysfm.com.ar\/inicio\/wp-json\/wp\/v2\/media\/193148"}],"wp:attachment":[{"href":"https:\/\/gysfm.com.ar\/inicio\/wp-json\/wp\/v2\/media?parent=193147"}],"wp:term":[{"taxonomy":"category","embeddable":true,"href":"https:\/\/gysfm.com.ar\/inicio\/wp-json\/wp\/v2\/categories?post=193147"},{"taxonomy":"post_tag","embeddable":true,"href":"https:\/\/gysfm.com.ar\/inicio\/wp-json\/wp\/v2\/tags?post=193147"}],"curies":[{"name":"wp","href":"https:\/\/api.w.org\/{rel}","templated":true}]}}