{"id":193144,"date":"2026-04-26T17:12:48","date_gmt":"2026-04-26T20:12:48","guid":{"rendered":"https:\/\/gysfm.com.ar\/inicio\/la-caja-de-herramientas-de-kicillof-como-piensa-el-economista-que-desafia-la-ortodoxia\/"},"modified":"2026-04-26T17:12:48","modified_gmt":"2026-04-26T20:12:48","slug":"la-caja-de-herramientas-de-kicillof-como-piensa-el-economista-que-desafia-la-ortodoxia","status":"publish","type":"post","link":"https:\/\/gysfm.com.ar\/inicio\/la-caja-de-herramientas-de-kicillof-como-piensa-el-economista-que-desafia-la-ortodoxia\/","title":{"rendered":"La \u201ccaja de herramientas\u201d de Kicillof: \u00bfc\u00f3mo piensa el economista que desaf\u00eda la ortodoxia?"},"content":{"rendered":"<p><\/p>\n<div id=\"article-content\">\n<p>En el debate econ\u00f3mico argentino, pocos nombres polarizan tanto como el de Axel Kicillof. Con una formaci\u00f3n intelectual que se aleja de los manuales de la ortodoxia econ\u00f3mica, busca retomar un modelo propio elaborado en base a autores que se ubican en las ant\u00edpodas de la ortodoxia liberal. El an\u00e1lisis de sus influencias intelectuales revela su visi\u00f3n sobre el mercado y el Estado, al tiempo que expone las herramientas con las que busca disputar el sentido com\u00fan de la econom\u00eda oficial. Su pensamiento econ\u00f3mico abreva en las ideas de Karl Marx y John Maynard Keynes. En efecto, en una entrevista que realizada en el a\u00f1o 2019, el gobernador bonaerense explica que Karl Marx resulta un autor fundamental para describir y entender c\u00f3mo funciona el mundo. De Keynes, en cambio, le interes\u00f3 su lucha contra la reducci\u00f3n fan\u00e1tica del gasto p\u00fablico, el monetarismo, el achicamiento del Estado y, finalmente, contra la teor\u00eda del derrame.<\/p>\n<p>La tr\u00edada de intelectuales que cimentaron el pensamiento econ\u00f3mico de Kicillof se completa con la escuela desarrollista de Ra\u00fal Prebisch. Para el economista egresado de la UBA, el desarrollismo crea una visi\u00f3n del Estado como resorte y locomotora de la industrializaci\u00f3n. Seg\u00fan su mirada, grandes empresas argentinas como Aluar y  Techint, al igual que la estructura energ\u00e9tica argentina, son una realidad gracias al desarrollismo. Con ello, reafirma el concepto que es al Estado a quien corresponde se\u00f1alar qu\u00e9 sectores tienen valor estrat\u00e9gico.  En tanto la obra de Marx es v\u00e1lida para decodificar en clave materialista la realidad puesto que, seg\u00fan sus dichos, \u201cla pol\u00edtica no puede explicarse sin la econom\u00eda\u201d, la producci\u00f3n de Keynes constituye la fuente intelectual necesaria para operar en ella, es  su principal insumo como policymaker. El pensamiento de Prebisch suma la idea que sin planificaci\u00f3n y direcci\u00f3n estatal, no hay camino posible al desarrollo econ\u00f3mico.<\/p>\n<p>Por ello, al expresar su opini\u00f3n sobre la coyuntura argentina, Kicillof afirma cinco puntos que componen su canon econ\u00f3mico: (1) la inflaci\u00f3n no se produce exclusivamente por emisi\u00f3n monetaria; (2) el mentado \u201cclima de negocios\u201d no alcanza para impulsar la inversi\u00f3n; (3) la teor\u00eda del derrame no mejora la distribuci\u00f3n del ingreso; (4) la inserci\u00f3n en el mundo de un pa\u00eds como la Argentina no debe ser pasiva; y (5) la apertura y el libre comercio no garantizan el desarrollo. Otro eje del pensamiento de Kicillof refiere al rol de las instituciones que articulan la gobernanza de la econom\u00eda internacional. Para Kicillof, organizaciones internacionales como el FMI o la OMC no son promotoras, sino escollos para el desarrollo. Sus reglas limitan o incluso impiden el crecimiento de un pa\u00eds atrasado como el nuestro. Desde su perspectiva, existe un claro cortocircuito entre los Estados nacionales, las instituciones de Bretton Woods y las demandas sociales. De tal forma, la pol\u00edtica comercial externa de un pa\u00eds como la Argentina tambi\u00e9n debe estar fuertemente centralizada y administrada por el Estado. Incluso admite que, por una extra\u00f1a coincidencia en el diagn\u00f3stico, una de las principales expresiones pol\u00edticas de estas ideas es el mism\u00edsimo Donald Trump. El l\u00edder norteamericano se ha transformado en el actual palad\u00edn del proteccionismo al liderar una cruzada contra las exportaciones chinas, a cuyo fin busca relanzar una industria norteamericana que ya no es competitiva.<\/p>\n<div class=\"subscription\">\n<p>\n        Esto no les gusta a los autoritarios\n    <\/p>\n<div class=\"subscription__container\">\n<div class=\"subscription__text-wrapper\">\n<p>\n                El ejercicio del periodismo profesional y cr\u00edtico es un pilar fundamental de la democracia. Por eso molesta a quienes creen ser los due\u00f1os de la verdad.\n            <\/p>\n<\/p><\/div><\/div>\n<\/div>\n<p>Debe recordarse que el proteccionismo, la sustituci\u00f3n de importaciones, la preservaci\u00f3n de la industria nacional a trav\u00e9s de subsidios y la contrataci\u00f3n de empresas locales, conforman el n\u00facleo duro de la denominada \u201cescuela nacionalista\u201d del comercio internacional, otra de las gu\u00edas intelectuales del pensamiento axelista. El denominado comercio administrado, cuya implementaci\u00f3n nos remite al \u00faltimo mandato de Cristina Kirchner, sigue siendo para el gobernador la herramienta indicada. En \u00faltima instancia, la visi\u00f3n de Kicillof supone que el desarrollo no es un proceso espont\u00e1neo del mercado, sino un acto de voluntad pol\u00edtica y planificaci\u00f3n estatal. Al combinar el marxismo con los enfoques estatistas de Keynes y Prebisch, su propuesta invita a desempolvar una vez m\u00e1s la caja de herramientas del nacionalismo econ\u00f3mico.<\/p>\n<p>*Polit\u00f3logo y abogado. Doctor en Ciencias Sociales (Flacso Argentina).<\/p>\n<\/p><\/div>\n<p><script>\n                !function(f,b,e,v,n,t,s)\n                {if(f.fbq)return;n=f.fbq=function(){n.callMethod?\n                    n.callMethod.apply(n,arguments):n.queue.push(arguments)};\n                    if(!f._fbq)f._fbq=n;n.push=n;n.loaded=!0;n.version='2.0';\n                    n.queue=[];t=b.createElement(e);t.async=!0;\n                    t.src=v;s=b.getElementsByTagName(e)[0];\n                    s.parentNode.insertBefore(t,s)}(window, document,'script',\n                    'https:\/\/connect.facebook.net\/en_US\/fbevents.js');\n                window.paywallConfig.facebook_pixel=\"1000228364089342\"\n            <\/script><\/p>\n","protected":false},"excerpt":{"rendered":"<p>En el debate econ\u00f3mico argentino, pocos nombres polarizan tanto como el de Axel Kicillof. Con una formaci\u00f3n intelectual que se aleja de los manuales de la ortodoxia econ\u00f3mica, busca retomar un modelo propio elaborado en base a autores que se ubican en las ant\u00edpodas de la ortodoxia liberal. El an\u00e1lisis de sus influencias intelectuales revela [&hellip;]<\/p>\n","protected":false},"author":2,"featured_media":193145,"comment_status":"closed","ping_status":"closed","sticky":false,"template":"","format":"standard","meta":{"footnotes":""},"categories":[25],"tags":[],"class_list":["post-193144","post","type-post","status-publish","format-standard","has-post-thumbnail","hentry","category-nacionales"],"yoast_head":"<!-- This site is optimized with the Yoast SEO plugin v24.4 - https:\/\/yoast.com\/wordpress\/plugins\/seo\/ -->\n<title>La \u201ccaja de herramientas\u201d de Kicillof: \u00bfc\u00f3mo piensa el economista que desaf\u00eda la ortodoxia? - GYS NOTICIAS |<\/title>\n<meta name=\"robots\" content=\"index, follow, max-snippet:-1, max-image-preview:large, max-video-preview:-1\" \/>\n<link rel=\"canonical\" href=\"https:\/\/gysfm.com.ar\/inicio\/la-caja-de-herramientas-de-kicillof-como-piensa-el-economista-que-desafia-la-ortodoxia\/\" \/>\n<meta property=\"og:locale\" content=\"es_ES\" \/>\n<meta property=\"og:type\" content=\"article\" \/>\n<meta property=\"og:title\" content=\"La \u201ccaja de herramientas\u201d de Kicillof: \u00bfc\u00f3mo piensa el economista que desaf\u00eda la ortodoxia? - GYS NOTICIAS |\" \/>\n<meta property=\"og:description\" content=\"En el debate econ\u00f3mico argentino, pocos nombres polarizan tanto como el de Axel Kicillof. Con una formaci\u00f3n intelectual que se aleja de los manuales de la ortodoxia econ\u00f3mica, busca retomar un modelo propio elaborado en base a autores que se ubican en las ant\u00edpodas de la ortodoxia liberal. El an\u00e1lisis de sus influencias intelectuales revela [&hellip;]\" \/>\n<meta property=\"og:url\" content=\"https:\/\/gysfm.com.ar\/inicio\/la-caja-de-herramientas-de-kicillof-como-piensa-el-economista-que-desafia-la-ortodoxia\/\" \/>\n<meta property=\"og:site_name\" content=\"GYS NOTICIAS |\" \/>\n<meta property=\"article:published_time\" content=\"2026-04-26T20:12:48+00:00\" \/>\n<meta name=\"author\" content=\"Prensa G&amp;S FM\" \/>\n<meta name=\"twitter:card\" content=\"summary_large_image\" \/>\n<meta name=\"twitter:label1\" content=\"Escrito por\" \/>\n\t<meta name=\"twitter:data1\" content=\"Prensa G&amp;S FM\" \/>\n\t<meta name=\"twitter:label2\" content=\"Tiempo de lectura\" \/>\n\t<meta name=\"twitter:data2\" content=\"4 minutos\" \/>\n<script type=\"application\/ld+json\" class=\"yoast-schema-graph\">{\"@context\":\"https:\/\/schema.org\",\"@graph\":[{\"@type\":\"Article\",\"@id\":\"https:\/\/gysfm.com.ar\/inicio\/la-caja-de-herramientas-de-kicillof-como-piensa-el-economista-que-desafia-la-ortodoxia\/#article\",\"isPartOf\":{\"@id\":\"https:\/\/gysfm.com.ar\/inicio\/la-caja-de-herramientas-de-kicillof-como-piensa-el-economista-que-desafia-la-ortodoxia\/\"},\"author\":{\"name\":\"Prensa G&amp;S FM\",\"@id\":\"https:\/\/gysfm.com.ar\/inicio\/#\/schema\/person\/3abba7593ef2ad19e1be221d54383dc5\"},\"headline\":\"La \u201ccaja de herramientas\u201d de Kicillof: \u00bfc\u00f3mo piensa el economista que desaf\u00eda la ortodoxia?\",\"datePublished\":\"2026-04-26T20:12:48+00:00\",\"mainEntityOfPage\":{\"@id\":\"https:\/\/gysfm.com.ar\/inicio\/la-caja-de-herramientas-de-kicillof-como-piensa-el-economista-que-desafia-la-ortodoxia\/\"},\"wordCount\":776,\"publisher\":{\"@id\":\"https:\/\/gysfm.com.ar\/inicio\/#organization\"},\"image\":{\"@id\":\"https:\/\/gysfm.com.ar\/inicio\/la-caja-de-herramientas-de-kicillof-como-piensa-el-economista-que-desafia-la-ortodoxia\/#primaryimage\"},\"thumbnailUrl\":\"https:\/\/gysfm.com.ar\/inicio\/wp-content\/uploads\/2026\/04\/260426kicillofcedocg-2227734.jpg\",\"articleSection\":[\"NACIONALES\"],\"inLanguage\":\"es\"},{\"@type\":\"WebPage\",\"@id\":\"https:\/\/gysfm.com.ar\/inicio\/la-caja-de-herramientas-de-kicillof-como-piensa-el-economista-que-desafia-la-ortodoxia\/\",\"url\":\"https:\/\/gysfm.com.ar\/inicio\/la-caja-de-herramientas-de-kicillof-como-piensa-el-economista-que-desafia-la-ortodoxia\/\",\"name\":\"La \u201ccaja de herramientas\u201d de Kicillof: \u00bfc\u00f3mo piensa el economista que desaf\u00eda la ortodoxia? - GYS NOTICIAS |\",\"isPartOf\":{\"@id\":\"https:\/\/gysfm.com.ar\/inicio\/#website\"},\"primaryImageOfPage\":{\"@id\":\"https:\/\/gysfm.com.ar\/inicio\/la-caja-de-herramientas-de-kicillof-como-piensa-el-economista-que-desafia-la-ortodoxia\/#primaryimage\"},\"image\":{\"@id\":\"https:\/\/gysfm.com.ar\/inicio\/la-caja-de-herramientas-de-kicillof-como-piensa-el-economista-que-desafia-la-ortodoxia\/#primaryimage\"},\"thumbnailUrl\":\"https:\/\/gysfm.com.ar\/inicio\/wp-content\/uploads\/2026\/04\/260426kicillofcedocg-2227734.jpg\",\"datePublished\":\"2026-04-26T20:12:48+00:00\",\"breadcrumb\":{\"@id\":\"https:\/\/gysfm.com.ar\/inicio\/la-caja-de-herramientas-de-kicillof-como-piensa-el-economista-que-desafia-la-ortodoxia\/#breadcrumb\"},\"inLanguage\":\"es\",\"potentialAction\":[{\"@type\":\"ReadAction\",\"target\":[\"https:\/\/gysfm.com.ar\/inicio\/la-caja-de-herramientas-de-kicillof-como-piensa-el-economista-que-desafia-la-ortodoxia\/\"]}]},{\"@type\":\"ImageObject\",\"inLanguage\":\"es\",\"@id\":\"https:\/\/gysfm.com.ar\/inicio\/la-caja-de-herramientas-de-kicillof-como-piensa-el-economista-que-desafia-la-ortodoxia\/#primaryimage\",\"url\":\"https:\/\/gysfm.com.ar\/inicio\/wp-content\/uploads\/2026\/04\/260426kicillofcedocg-2227734.jpg\",\"contentUrl\":\"https:\/\/gysfm.com.ar\/inicio\/wp-content\/uploads\/2026\/04\/260426kicillofcedocg-2227734.jpg\",\"width\":1140,\"height\":641},{\"@type\":\"BreadcrumbList\",\"@id\":\"https:\/\/gysfm.com.ar\/inicio\/la-caja-de-herramientas-de-kicillof-como-piensa-el-economista-que-desafia-la-ortodoxia\/#breadcrumb\",\"itemListElement\":[{\"@type\":\"ListItem\",\"position\":1,\"name\":\"Portada\",\"item\":\"https:\/\/gysfm.com.ar\/inicio\/\"},{\"@type\":\"ListItem\",\"position\":2,\"name\":\"La \u201ccaja de herramientas\u201d de Kicillof: \u00bfc\u00f3mo piensa el economista que desaf\u00eda la ortodoxia?\"}]},{\"@type\":\"WebSite\",\"@id\":\"https:\/\/gysfm.com.ar\/inicio\/#website\",\"url\":\"https:\/\/gysfm.com.ar\/inicio\/\",\"name\":\"GYS NOTICIAS |\",\"description\":\"DIARIO - RADIO ONLINE SAN JUAN ARGENTINA\",\"publisher\":{\"@id\":\"https:\/\/gysfm.com.ar\/inicio\/#organization\"},\"potentialAction\":[{\"@type\":\"SearchAction\",\"target\":{\"@type\":\"EntryPoint\",\"urlTemplate\":\"https:\/\/gysfm.com.ar\/inicio\/?s={search_term_string}\"},\"query-input\":{\"@type\":\"PropertyValueSpecification\",\"valueRequired\":true,\"valueName\":\"search_term_string\"}}],\"inLanguage\":\"es\"},{\"@type\":\"Organization\",\"@id\":\"https:\/\/gysfm.com.ar\/inicio\/#organization\",\"name\":\"GYS NOTICIAS |\",\"url\":\"https:\/\/gysfm.com.ar\/inicio\/\",\"logo\":{\"@type\":\"ImageObject\",\"inLanguage\":\"es\",\"@id\":\"https:\/\/gysfm.com.ar\/inicio\/#\/schema\/logo\/image\/\",\"url\":\"https:\/\/gysfm.com.ar\/inicio\/wp-content\/uploads\/2023\/07\/LOGOGYS-OK.png\",\"contentUrl\":\"https:\/\/gysfm.com.ar\/inicio\/wp-content\/uploads\/2023\/07\/LOGOGYS-OK.png\",\"width\":1170,\"height\":872,\"caption\":\"GYS NOTICIAS |\"},\"image\":{\"@id\":\"https:\/\/gysfm.com.ar\/inicio\/#\/schema\/logo\/image\/\"}},{\"@type\":\"Person\",\"@id\":\"https:\/\/gysfm.com.ar\/inicio\/#\/schema\/person\/3abba7593ef2ad19e1be221d54383dc5\",\"name\":\"Prensa G&amp;S FM\",\"image\":{\"@type\":\"ImageObject\",\"inLanguage\":\"es\",\"@id\":\"https:\/\/gysfm.com.ar\/inicio\/#\/schema\/person\/image\/\",\"url\":\"https:\/\/secure.gravatar.com\/avatar\/096ec78df02049ab018702bb4ccedf659377fa92a26540b5247612077a0dbd29?s=96&d=mm&r=g\",\"contentUrl\":\"https:\/\/secure.gravatar.com\/avatar\/096ec78df02049ab018702bb4ccedf659377fa92a26540b5247612077a0dbd29?s=96&d=mm&r=g\",\"caption\":\"Prensa G&amp;S FM\"},\"sameAs\":[\"https:\/\/gysfm.com.ar\/\"],\"url\":\"https:\/\/gysfm.com.ar\/inicio\/author\/lucasm\/\"}]}<\/script>\n<!-- \/ Yoast SEO plugin. -->","yoast_head_json":{"title":"La \u201ccaja de herramientas\u201d de Kicillof: \u00bfc\u00f3mo piensa el economista que desaf\u00eda la ortodoxia? - GYS NOTICIAS |","robots":{"index":"index","follow":"follow","max-snippet":"max-snippet:-1","max-image-preview":"max-image-preview:large","max-video-preview":"max-video-preview:-1"},"canonical":"https:\/\/gysfm.com.ar\/inicio\/la-caja-de-herramientas-de-kicillof-como-piensa-el-economista-que-desafia-la-ortodoxia\/","og_locale":"es_ES","og_type":"article","og_title":"La \u201ccaja de herramientas\u201d de Kicillof: \u00bfc\u00f3mo piensa el economista que desaf\u00eda la ortodoxia? - GYS NOTICIAS |","og_description":"En el debate econ\u00f3mico argentino, pocos nombres polarizan tanto como el de Axel Kicillof. Con una formaci\u00f3n intelectual que se aleja de los manuales de la ortodoxia econ\u00f3mica, busca retomar un modelo propio elaborado en base a autores que se ubican en las ant\u00edpodas de la ortodoxia liberal. El an\u00e1lisis de sus influencias intelectuales revela [&hellip;]","og_url":"https:\/\/gysfm.com.ar\/inicio\/la-caja-de-herramientas-de-kicillof-como-piensa-el-economista-que-desafia-la-ortodoxia\/","og_site_name":"GYS NOTICIAS |","article_published_time":"2026-04-26T20:12:48+00:00","author":"Prensa G&amp;S FM","twitter_card":"summary_large_image","twitter_misc":{"Escrito por":"Prensa G&amp;S FM","Tiempo de lectura":"4 minutos"},"schema":{"@context":"https:\/\/schema.org","@graph":[{"@type":"Article","@id":"https:\/\/gysfm.com.ar\/inicio\/la-caja-de-herramientas-de-kicillof-como-piensa-el-economista-que-desafia-la-ortodoxia\/#article","isPartOf":{"@id":"https:\/\/gysfm.com.ar\/inicio\/la-caja-de-herramientas-de-kicillof-como-piensa-el-economista-que-desafia-la-ortodoxia\/"},"author":{"name":"Prensa G&amp;S FM","@id":"https:\/\/gysfm.com.ar\/inicio\/#\/schema\/person\/3abba7593ef2ad19e1be221d54383dc5"},"headline":"La \u201ccaja de herramientas\u201d de Kicillof: \u00bfc\u00f3mo piensa el economista que desaf\u00eda la ortodoxia?","datePublished":"2026-04-26T20:12:48+00:00","mainEntityOfPage":{"@id":"https:\/\/gysfm.com.ar\/inicio\/la-caja-de-herramientas-de-kicillof-como-piensa-el-economista-que-desafia-la-ortodoxia\/"},"wordCount":776,"publisher":{"@id":"https:\/\/gysfm.com.ar\/inicio\/#organization"},"image":{"@id":"https:\/\/gysfm.com.ar\/inicio\/la-caja-de-herramientas-de-kicillof-como-piensa-el-economista-que-desafia-la-ortodoxia\/#primaryimage"},"thumbnailUrl":"https:\/\/gysfm.com.ar\/inicio\/wp-content\/uploads\/2026\/04\/260426kicillofcedocg-2227734.jpg","articleSection":["NACIONALES"],"inLanguage":"es"},{"@type":"WebPage","@id":"https:\/\/gysfm.com.ar\/inicio\/la-caja-de-herramientas-de-kicillof-como-piensa-el-economista-que-desafia-la-ortodoxia\/","url":"https:\/\/gysfm.com.ar\/inicio\/la-caja-de-herramientas-de-kicillof-como-piensa-el-economista-que-desafia-la-ortodoxia\/","name":"La \u201ccaja de herramientas\u201d de Kicillof: \u00bfc\u00f3mo piensa el economista que desaf\u00eda la ortodoxia? - GYS NOTICIAS |","isPartOf":{"@id":"https:\/\/gysfm.com.ar\/inicio\/#website"},"primaryImageOfPage":{"@id":"https:\/\/gysfm.com.ar\/inicio\/la-caja-de-herramientas-de-kicillof-como-piensa-el-economista-que-desafia-la-ortodoxia\/#primaryimage"},"image":{"@id":"https:\/\/gysfm.com.ar\/inicio\/la-caja-de-herramientas-de-kicillof-como-piensa-el-economista-que-desafia-la-ortodoxia\/#primaryimage"},"thumbnailUrl":"https:\/\/gysfm.com.ar\/inicio\/wp-content\/uploads\/2026\/04\/260426kicillofcedocg-2227734.jpg","datePublished":"2026-04-26T20:12:48+00:00","breadcrumb":{"@id":"https:\/\/gysfm.com.ar\/inicio\/la-caja-de-herramientas-de-kicillof-como-piensa-el-economista-que-desafia-la-ortodoxia\/#breadcrumb"},"inLanguage":"es","potentialAction":[{"@type":"ReadAction","target":["https:\/\/gysfm.com.ar\/inicio\/la-caja-de-herramientas-de-kicillof-como-piensa-el-economista-que-desafia-la-ortodoxia\/"]}]},{"@type":"ImageObject","inLanguage":"es","@id":"https:\/\/gysfm.com.ar\/inicio\/la-caja-de-herramientas-de-kicillof-como-piensa-el-economista-que-desafia-la-ortodoxia\/#primaryimage","url":"https:\/\/gysfm.com.ar\/inicio\/wp-content\/uploads\/2026\/04\/260426kicillofcedocg-2227734.jpg","contentUrl":"https:\/\/gysfm.com.ar\/inicio\/wp-content\/uploads\/2026\/04\/260426kicillofcedocg-2227734.jpg","width":1140,"height":641},{"@type":"BreadcrumbList","@id":"https:\/\/gysfm.com.ar\/inicio\/la-caja-de-herramientas-de-kicillof-como-piensa-el-economista-que-desafia-la-ortodoxia\/#breadcrumb","itemListElement":[{"@type":"ListItem","position":1,"name":"Portada","item":"https:\/\/gysfm.com.ar\/inicio\/"},{"@type":"ListItem","position":2,"name":"La \u201ccaja de herramientas\u201d de Kicillof: \u00bfc\u00f3mo piensa el economista que desaf\u00eda la ortodoxia?"}]},{"@type":"WebSite","@id":"https:\/\/gysfm.com.ar\/inicio\/#website","url":"https:\/\/gysfm.com.ar\/inicio\/","name":"GYS NOTICIAS |","description":"DIARIO - RADIO ONLINE SAN JUAN ARGENTINA","publisher":{"@id":"https:\/\/gysfm.com.ar\/inicio\/#organization"},"potentialAction":[{"@type":"SearchAction","target":{"@type":"EntryPoint","urlTemplate":"https:\/\/gysfm.com.ar\/inicio\/?s={search_term_string}"},"query-input":{"@type":"PropertyValueSpecification","valueRequired":true,"valueName":"search_term_string"}}],"inLanguage":"es"},{"@type":"Organization","@id":"https:\/\/gysfm.com.ar\/inicio\/#organization","name":"GYS NOTICIAS |","url":"https:\/\/gysfm.com.ar\/inicio\/","logo":{"@type":"ImageObject","inLanguage":"es","@id":"https:\/\/gysfm.com.ar\/inicio\/#\/schema\/logo\/image\/","url":"https:\/\/gysfm.com.ar\/inicio\/wp-content\/uploads\/2023\/07\/LOGOGYS-OK.png","contentUrl":"https:\/\/gysfm.com.ar\/inicio\/wp-content\/uploads\/2023\/07\/LOGOGYS-OK.png","width":1170,"height":872,"caption":"GYS NOTICIAS |"},"image":{"@id":"https:\/\/gysfm.com.ar\/inicio\/#\/schema\/logo\/image\/"}},{"@type":"Person","@id":"https:\/\/gysfm.com.ar\/inicio\/#\/schema\/person\/3abba7593ef2ad19e1be221d54383dc5","name":"Prensa G&amp;S FM","image":{"@type":"ImageObject","inLanguage":"es","@id":"https:\/\/gysfm.com.ar\/inicio\/#\/schema\/person\/image\/","url":"https:\/\/secure.gravatar.com\/avatar\/096ec78df02049ab018702bb4ccedf659377fa92a26540b5247612077a0dbd29?s=96&d=mm&r=g","contentUrl":"https:\/\/secure.gravatar.com\/avatar\/096ec78df02049ab018702bb4ccedf659377fa92a26540b5247612077a0dbd29?s=96&d=mm&r=g","caption":"Prensa G&amp;S FM"},"sameAs":["https:\/\/gysfm.com.ar\/"],"url":"https:\/\/gysfm.com.ar\/inicio\/author\/lucasm\/"}]}},"_links":{"self":[{"href":"https:\/\/gysfm.com.ar\/inicio\/wp-json\/wp\/v2\/posts\/193144","targetHints":{"allow":["GET"]}}],"collection":[{"href":"https:\/\/gysfm.com.ar\/inicio\/wp-json\/wp\/v2\/posts"}],"about":[{"href":"https:\/\/gysfm.com.ar\/inicio\/wp-json\/wp\/v2\/types\/post"}],"author":[{"embeddable":true,"href":"https:\/\/gysfm.com.ar\/inicio\/wp-json\/wp\/v2\/users\/2"}],"replies":[{"embeddable":true,"href":"https:\/\/gysfm.com.ar\/inicio\/wp-json\/wp\/v2\/comments?post=193144"}],"version-history":[{"count":0,"href":"https:\/\/gysfm.com.ar\/inicio\/wp-json\/wp\/v2\/posts\/193144\/revisions"}],"wp:featuredmedia":[{"embeddable":true,"href":"https:\/\/gysfm.com.ar\/inicio\/wp-json\/wp\/v2\/media\/193145"}],"wp:attachment":[{"href":"https:\/\/gysfm.com.ar\/inicio\/wp-json\/wp\/v2\/media?parent=193144"}],"wp:term":[{"taxonomy":"category","embeddable":true,"href":"https:\/\/gysfm.com.ar\/inicio\/wp-json\/wp\/v2\/categories?post=193144"},{"taxonomy":"post_tag","embeddable":true,"href":"https:\/\/gysfm.com.ar\/inicio\/wp-json\/wp\/v2\/tags?post=193144"}],"curies":[{"name":"wp","href":"https:\/\/api.w.org\/{rel}","templated":true}]}}