{"id":193140,"date":"2026-04-26T16:24:30","date_gmt":"2026-04-26T19:24:30","guid":{"rendered":"https:\/\/gysfm.com.ar\/inicio\/la-industria-repunto-en-marzo-y-corto-racha-de-ocho-meses-de-caidas-interanuales-segun-orlando-ferreres\/"},"modified":"2026-04-26T16:24:30","modified_gmt":"2026-04-26T19:24:30","slug":"la-industria-repunto-en-marzo-y-corto-racha-de-ocho-meses-de-caidas-interanuales-segun-orlando-ferreres","status":"publish","type":"post","link":"https:\/\/gysfm.com.ar\/inicio\/la-industria-repunto-en-marzo-y-corto-racha-de-ocho-meses-de-caidas-interanuales-segun-orlando-ferreres\/","title":{"rendered":"La industria repunt\u00f3 en marzo y cort\u00f3 racha de ocho meses de ca\u00eddas interanuales, seg\u00fan Orlando Ferreres"},"content":{"rendered":"<p> <br \/>\n<\/p>\n<div>\t\t<!-- { REGION4 --> <\/p>\n<header class=\"news-headline\">\n<h2 class=\"news-headline__article-summary\">\t\t<\/h2>\n<p id=\"p-1777223890188-37741\" class=\"ignore-parser\">Seg\u00fan el \u00cdndice de Producci\u00f3n Industrial, la actividad fabril subi\u00f3 0,8% mensual desestacionalizado y 0,7% interanual. Pese a la mejora de marzo, el primer trimestre cerr\u00f3 con saldo negativo y persisten dudas sobre la demanda.<\/p>\n<\/header>\n<div class=\"detail-highlighted-multimedia content-protected-false\">\n<figure class=\"detail-highlighted-multimedia__figure\">  <img loading=\"lazy\" decoding=\"async\" src=\"https:\/\/media.ambito.com\/p\/470cef3626522ee072c7fc3fc978bfee\/adjuntos\/239\/imagenes\/037\/174\/0037174101\/produccion-industrialjpg.jpg\" class=\"detail-highlighted-multimedia__figure-img img-fluid\" alt=\"La industria tuvo un crecimiento del 0,7% y mejor\u00f3 en algunos sectores puntuales.\u00a0\" width=\"540\" height=\"405\"\/><figcaption class=\"detail-highlighted-multimedia__figcaption\">  <span class=\"detail-highlighted-multimedia__copyright\">Foto NA<\/span><\/figcaption><\/figure>\n<\/div>\n<article class=\"article-body article-body--first-paragraph content-protected-false\" data-td-script-src=\"https:\/\/www.ambito.com\/td\/modulos\/encuestas\/js\/function-embeds-min-version-1777090099.js\">\n<p id=\"p-1777223934429-67685\" data-start=\"368\" data-end=\"727\">La<strong> actividad industrial <\/strong> mostr\u00f3 se\u00f1ales de recuperaci\u00f3n en marzo, luego del retroceso registrado en febrero. De acuerdo con el \u00cdndice de Producci\u00f3n Industrial (IPI) elaborado por la consultora Orlando J. Ferreres y Asociados, la <strong>producci\u00f3n fabril avanz\u00f3 0,8% en la medici\u00f3n desestacionalizada<\/strong> frente al mes anterior. El dato implic\u00f3 una mejora respecto de febrero, cuando el indicador hab\u00eda mostrado una ca\u00edda mensual de 3,1%.<\/p>\n<\/article>\n<section class=\"suscription-false printed-edition\" style=\"display:none\">\n<p> El contenido al que quiere acceder es exclusivo para suscriptores.<\/p>\n<p>  <span> <button type=\"button\" name=\"button\" class=\"subscribe-btn mercadopago-btn\">suscribirse<\/button><\/span>  <span class=\"btns\"><button type=\"button\" name=\"button\" class=\"subscribe-btn reload-login\"> ya estoy suscripto<\/button><\/span>  <\/p>\n<\/section>\n<article class=\"article-body article-body--second-paragraph content-protected-false\">\n<p id=\"p-1777223934429-33348\" data-start=\"840\" data-end=\"1045\">En la comparaci\u00f3n interanual,<strong> la industria registr\u00f3 un crecimiento de 0,7%,<\/strong> lo que permiti\u00f3 interrumpir una racha de ocho meses consecutivos con variaciones negativas.<\/p>\n<\/article>\n<section class=\"related-news\">\t\t<span class=\"related-news__title\">Informate m\u00e1s<\/span>\t\t<\/p>\n<div class=\"row row--eq-height\">\n<div class=\"col-12 col-md-6\">\n<article class=\"news-article news-article--landscape-news news-article--landscape-news\">\n<figure class=\"news-article__figure figure\">\n\t\t\t\t\t\t\t\t\t\t\t<img loading=\"lazy\" decoding=\"async\" src=\"https:\/\/media.ambito.com\/p\/3cb1f8e5c6e06e3982048b1ea86b9ce9\/adjuntos\/239\/imagenes\/043\/327\/0043327020\/93x52\/smart\/screenshot_20260304_072032_gallery.jpg\" alt=\"Su planta ubicada en La Tablada, provincia de Buenos Aires, es alquilada y la empresa debe tres meses de contrato.\u00a0\" title=\"Su planta ubicada en La Tablada, provincia de Buenos Aires, es alquilada y la empresa debe tres meses de contrato.\u00a0\" width=\"93\" height=\"52\" class=\"news-article__figure-img figure-img img-fluid\"\/>\t\t<\/figure>\n<\/article><\/div>\n<div class=\"col-12 col-md-6\">\n<article class=\"news-article news-article--landscape-news news-article--landscape-news\">\n<figure class=\"news-article__figure figure\">\n\t\t\t\t\t\t\t\t\t\t\t<img loading=\"lazy\" decoding=\"async\" src=\"https:\/\/media.ambito.com\/p\/5387c45ba2a7a1a6ddc7e36782d4fd89\/adjuntos\/239\/imagenes\/042\/991\/0042991334\/empleo-industria-reforma-laboral-trabajo-actividad.jpg\" alt=\"La actividad econ\u00f3mica sufri\u00f3 una fuerte ca\u00edda en el segundo mes del a\u00f1o\" title=\"La actividad econ\u00f3mica sufri\u00f3 una fuerte ca\u00edda en el segundo mes del a\u00f1o\" width=\"93\" height=\"52\" class=\"news-article__figure-img figure-img img-fluid\"\/>\t\t<\/figure>\n<\/article><\/div>\n<\/div>\n<\/section>\n<article class=\"article-body article-body--third-paragraph content-protected-false\">\n<p id=\"p-1777223934429-84409\" data-start=\"1091\" data-end=\"1187\">Pese a la mejora puntual de marzo, el balance del primer trimestre continu\u00f3 siendo desfavorable. Seg\u00fan la consultora, el acumulado enero-marzo <strong>mostr\u00f3 una baja de 3,1% interanual.<\/strong> Adem\u00e1s, al comparar el primer trimestre con el \u00faltimo tramo de 2025, la actividad industrial exhibi\u00f3 una contracci\u00f3n de 0,4%. Esto sugiere que la recuperaci\u00f3n del <strong>sector todav\u00eda es parcial y heterog\u00e9nea.<\/strong><\/p>\n<\/article>\n<article class=\"article-body article-body--fourth-paragraph content-protected-false\">\n<div contenteditable=\"false\" class=\"embed_cont type_imagen\" id=\"8216536-Libre-1311812944_wrap\">\n<p>Captura de pantalla 2026-04-26 141915 <span onclick=\"parent.parent.TinyMCETdcuerpo.preview_embed('8216536-Libre-1311812944')\" class=\"embed_colapse less\" id=\"8216536-Libre-1311812944_colapse\"> <\/span> <span onclick=\"parent.parent.TinyMCETdcuerpo.delete_embed('8216536-Libre-1311812944')\" class=\"embed_delete less\" id=\"8216536-Libre-1311812944_delete\"\/><\/p>\n<div id=\"8216536-Libre-1311812944_content\" class=\"embed_content\"><img decoding=\"async\" src=\"https:\/\/media.ambito.com\/p\/04e0a770e115a33cc0560a8c3422c5ea\/adjuntos\/239\/imagenes\/043\/329\/0043329181\/730x0\/smart\/captura-pantalla-2026-04-26-141915.png\" alt=\"De acuerdo a Orlando Ferreres, la recuperaci\u00f3n sigue siendo heterog\u00e9nea\" title=\"De acuerdo a Orlando Ferreres, la recuperaci\u00f3n sigue siendo heterog\u00e9nea\" width=\"730\" height=\"undefined\" id=\"8216536-Libre-1311812944_embed\"\/><\/div>\n<div class=\"embed_wrapper-cont\" id=\"p-1777223969771-13263\">\n<div id=\"8216536-Libre-1311812944_epigrafe\" class=\"embed_epigrafe\">\n<p id=\"p-1777224055782-54930\">De acuerdo a Orlando Ferreres, la recuperaci\u00f3n sigue siendo heterog\u00e9nea<\/p>\n<\/div><\/div><\/div>\n<\/article>\n<article class=\"article-body article-body--fifth-paragraph content-protected-false\">\n<h2 id=\"p-1777223934429-53719\"> Cu\u00e1les fueron los sectores con los mejores desempe\u00f1os<\/h2>\n<p id=\"p-1777223934429-25433\" data-start=\"1564\" data-end=\"1687\">Entre los sectores con mejor desempe\u00f1o se destac\u00f3 el de <strong>minerales no met\u00e1licos,<\/strong> vinculado principalmente a la construcci\u00f3n. Ese rubro creci\u00f3 7,3% interanual en marzo, impulsado por un aumento de 11% en los despachos de cemento portland. Con este resultado, logr\u00f3 revertir cuatro meses consecutivos de ca\u00eddas. De todos modos, el acumulado del trimestre todav\u00eda reflej\u00f3 una baja de 2,7%.<\/p>\n<\/article>\n<article class=\"article-body article-body--remaining-paragraph content-protected-false\">\n<p id=\"p-1777223934429-45035\" data-start=\"2026\" data-end=\"2122\">El sector de<strong> alimentos, bebidas y tabaco registr\u00f3 un crecimiento interanual de 2% durante marzo. <\/strong>El principal motor fue la producci\u00f3n de aceites, que avanz\u00f3 5,2%. En paralelo, la faena bovina mostr\u00f3 una leve ca\u00edda, aunque menor a las bajas superiores al 10% observadas en enero y febrero.<\/p>\n<p id=\"p-1777223934429-25376\" data-start=\"2409\" data-end=\"2510\">El rubro <strong>maquinaria y equipo continu\u00f3 en terreno negativo<\/strong>, con una ca\u00edda interanual de 5,3% en marzo. Sin embargo, la magnitud del descenso fue menor a la observada en los primeros dos meses del a\u00f1o, cuando las bajas hab\u00edan superado el 20%.<\/p>\n<p id=\"p-1777223934429-86487\" data-start=\"2690\" data-end=\"2885\">Dentro del sector, la consultora destac\u00f3 <strong>una mejora en la industria automotriz<\/strong>, que mostr\u00f3 una suba marginal de 0,4% interanual y logr\u00f3 cortar cuatro meses consecutivos de ca\u00eddas cercanas al 30%. Aun as\u00ed, el acumulado trimestral del segmento automotor continu\u00f3 negativo, con una contracci\u00f3n de 16,8%.<\/p>\n<p id=\"p-1777223934429-79626\" data-start=\"3036\" data-end=\"3174\">El sector de <strong>metales b\u00e1sicos cay\u00f3 2% interanual en marzo<\/strong> y acumul\u00f3 una baja de 1,2% en el trimestre. Dentro de ese rubro, el acero crudo se destac\u00f3 con una expansi\u00f3n de 17,1%, aunque otros productos laminados mostraron retrocesos relevantes.<\/p>\n<h2 id=\"p-1777223934429-9165\">Perspectivas con cautela<\/h2>\n<p id=\"p-1777223934429-99915\" data-start=\"3348\" data-end=\"3512\">Desde Orlando Ferreres advirtieron que la mejora de marzo debe interpretarse con prudencia, ya que <strong>los principales motores de demanda todav\u00eda muestran limitaciones <\/strong>Entre los factores mencionados aparece la desaceleraci\u00f3n prevista para la econom\u00eda de Brasil, principal socio comercial industrial de la Argentina. Tambi\u00e9n se\u00f1alaron que la construcci\u00f3n presenta se\u00f1ales positivas, aunque a\u00fan se ubica por debajo de los niveles promedio de a\u00f1os anteriores. A eso se suma que <strong>los ingresos de las familias todav\u00eda no muestran una recuperaci\u00f3n <\/strong>suficiente como para impulsar con fuerza el consumo interno.<\/p>\n<\/article>\n<p>\t\t\t\t<!-- REGION4 } -->\n\t\t\t\t\t\t<\/div>\n<p><script>\n!function(f,b,e,v,n,t,s)\n{if(f.fbq)return;n=f.fbq=function(){n.callMethod?\nn.callMethod.apply(n,arguments):n.queue.push(arguments)};\nif(!f._fbq)f._fbq=n;n.push=n;n.loaded=!0;n.version='2.0';\nn.queue=[];t=b.createElement(e);t.async=!0;\nt.src=v;s=b.getElementsByTagName(e)[0];\ns.parentNode.insertBefore(t,s)}(window,document,'script',\n'https:\/\/connect.facebook.net\/en_US\/fbevents.js');\nfbq('init', '2047048335588113');\nfbq('track', 'PageView');\n<\/script><br \/>\n<br \/><\/p>\n","protected":false},"excerpt":{"rendered":"<p>Seg\u00fan el \u00cdndice de Producci\u00f3n Industrial, la actividad fabril subi\u00f3 0,8% mensual desestacionalizado y 0,7% interanual. Pese a la mejora de marzo, el primer trimestre cerr\u00f3 con saldo negativo y persisten dudas sobre la demanda. Foto NA La actividad industrial mostr\u00f3 se\u00f1ales de recuperaci\u00f3n en marzo, luego del retroceso registrado en febrero. De acuerdo con [&hellip;]<\/p>\n","protected":false},"author":1,"featured_media":193141,"comment_status":"closed","ping_status":"closed","sticky":false,"template":"","format":"standard","meta":{"footnotes":""},"categories":[28],"tags":[],"class_list":["post-193140","post","type-post","status-publish","format-standard","has-post-thumbnail","hentry","category-economia"],"yoast_head":"<!-- This site is optimized with the Yoast SEO plugin v24.4 - https:\/\/yoast.com\/wordpress\/plugins\/seo\/ -->\n<title>La industria repunt\u00f3 en marzo y cort\u00f3 racha de ocho meses de ca\u00eddas interanuales, seg\u00fan Orlando Ferreres - GYS NOTICIAS |<\/title>\n<meta name=\"robots\" content=\"index, follow, max-snippet:-1, max-image-preview:large, max-video-preview:-1\" \/>\n<link rel=\"canonical\" href=\"https:\/\/gysfm.com.ar\/inicio\/la-industria-repunto-en-marzo-y-corto-racha-de-ocho-meses-de-caidas-interanuales-segun-orlando-ferreres\/\" \/>\n<meta property=\"og:locale\" content=\"es_ES\" \/>\n<meta property=\"og:type\" content=\"article\" \/>\n<meta property=\"og:title\" content=\"La industria repunt\u00f3 en marzo y cort\u00f3 racha de ocho meses de ca\u00eddas interanuales, seg\u00fan Orlando Ferreres - GYS NOTICIAS |\" \/>\n<meta property=\"og:description\" content=\"Seg\u00fan el \u00cdndice de Producci\u00f3n Industrial, la actividad fabril subi\u00f3 0,8% mensual desestacionalizado y 0,7% interanual. Pese a la mejora de marzo, el primer trimestre cerr\u00f3 con saldo negativo y persisten dudas sobre la demanda. Foto NA La actividad industrial mostr\u00f3 se\u00f1ales de recuperaci\u00f3n en marzo, luego del retroceso registrado en febrero. De acuerdo con [&hellip;]\" \/>\n<meta property=\"og:url\" content=\"https:\/\/gysfm.com.ar\/inicio\/la-industria-repunto-en-marzo-y-corto-racha-de-ocho-meses-de-caidas-interanuales-segun-orlando-ferreres\/\" \/>\n<meta property=\"og:site_name\" content=\"GYS NOTICIAS |\" \/>\n<meta property=\"article:published_time\" content=\"2026-04-26T19:24:30+00:00\" \/>\n<meta property=\"og:image\" content=\"https:\/\/media.ambito.com\/p\/470cef3626522ee072c7fc3fc978bfee\/adjuntos\/239\/imagenes\/037\/174\/0037174101\/produccion-industrialjpg.jpg\" \/>\n<meta name=\"author\" content=\"admin\" \/>\n<meta name=\"twitter:card\" content=\"summary_large_image\" \/>\n<meta name=\"twitter:label1\" content=\"Escrito por\" \/>\n\t<meta name=\"twitter:data1\" content=\"admin\" \/>\n\t<meta name=\"twitter:label2\" content=\"Tiempo de lectura\" \/>\n\t<meta name=\"twitter:data2\" content=\"3 minutos\" \/>\n<script type=\"application\/ld+json\" class=\"yoast-schema-graph\">{\"@context\":\"https:\/\/schema.org\",\"@graph\":[{\"@type\":\"Article\",\"@id\":\"https:\/\/gysfm.com.ar\/inicio\/la-industria-repunto-en-marzo-y-corto-racha-de-ocho-meses-de-caidas-interanuales-segun-orlando-ferreres\/#article\",\"isPartOf\":{\"@id\":\"https:\/\/gysfm.com.ar\/inicio\/la-industria-repunto-en-marzo-y-corto-racha-de-ocho-meses-de-caidas-interanuales-segun-orlando-ferreres\/\"},\"author\":{\"name\":\"admin\",\"@id\":\"https:\/\/gysfm.com.ar\/inicio\/#\/schema\/person\/5bedd7ecd35cc35548d89effafa23696\"},\"headline\":\"La industria repunt\u00f3 en marzo y cort\u00f3 racha de ocho meses de ca\u00eddas interanuales, seg\u00fan Orlando Ferreres\",\"datePublished\":\"2026-04-26T19:24:30+00:00\",\"mainEntityOfPage\":{\"@id\":\"https:\/\/gysfm.com.ar\/inicio\/la-industria-repunto-en-marzo-y-corto-racha-de-ocho-meses-de-caidas-interanuales-segun-orlando-ferreres\/\"},\"wordCount\":595,\"publisher\":{\"@id\":\"https:\/\/gysfm.com.ar\/inicio\/#organization\"},\"image\":{\"@id\":\"https:\/\/gysfm.com.ar\/inicio\/la-industria-repunto-en-marzo-y-corto-racha-de-ocho-meses-de-caidas-interanuales-segun-orlando-ferreres\/#primaryimage\"},\"thumbnailUrl\":\"https:\/\/gysfm.com.ar\/inicio\/wp-content\/uploads\/2026\/04\/produccion-industrialjpg.jpg\",\"articleSection\":[\"ECONOMIA\"],\"inLanguage\":\"es\"},{\"@type\":\"WebPage\",\"@id\":\"https:\/\/gysfm.com.ar\/inicio\/la-industria-repunto-en-marzo-y-corto-racha-de-ocho-meses-de-caidas-interanuales-segun-orlando-ferreres\/\",\"url\":\"https:\/\/gysfm.com.ar\/inicio\/la-industria-repunto-en-marzo-y-corto-racha-de-ocho-meses-de-caidas-interanuales-segun-orlando-ferreres\/\",\"name\":\"La industria repunt\u00f3 en marzo y cort\u00f3 racha de ocho meses de ca\u00eddas interanuales, seg\u00fan Orlando Ferreres - GYS NOTICIAS |\",\"isPartOf\":{\"@id\":\"https:\/\/gysfm.com.ar\/inicio\/#website\"},\"primaryImageOfPage\":{\"@id\":\"https:\/\/gysfm.com.ar\/inicio\/la-industria-repunto-en-marzo-y-corto-racha-de-ocho-meses-de-caidas-interanuales-segun-orlando-ferreres\/#primaryimage\"},\"image\":{\"@id\":\"https:\/\/gysfm.com.ar\/inicio\/la-industria-repunto-en-marzo-y-corto-racha-de-ocho-meses-de-caidas-interanuales-segun-orlando-ferreres\/#primaryimage\"},\"thumbnailUrl\":\"https:\/\/gysfm.com.ar\/inicio\/wp-content\/uploads\/2026\/04\/produccion-industrialjpg.jpg\",\"datePublished\":\"2026-04-26T19:24:30+00:00\",\"breadcrumb\":{\"@id\":\"https:\/\/gysfm.com.ar\/inicio\/la-industria-repunto-en-marzo-y-corto-racha-de-ocho-meses-de-caidas-interanuales-segun-orlando-ferreres\/#breadcrumb\"},\"inLanguage\":\"es\",\"potentialAction\":[{\"@type\":\"ReadAction\",\"target\":[\"https:\/\/gysfm.com.ar\/inicio\/la-industria-repunto-en-marzo-y-corto-racha-de-ocho-meses-de-caidas-interanuales-segun-orlando-ferreres\/\"]}]},{\"@type\":\"ImageObject\",\"inLanguage\":\"es\",\"@id\":\"https:\/\/gysfm.com.ar\/inicio\/la-industria-repunto-en-marzo-y-corto-racha-de-ocho-meses-de-caidas-interanuales-segun-orlando-ferreres\/#primaryimage\",\"url\":\"https:\/\/gysfm.com.ar\/inicio\/wp-content\/uploads\/2026\/04\/produccion-industrialjpg.jpg\",\"contentUrl\":\"https:\/\/gysfm.com.ar\/inicio\/wp-content\/uploads\/2026\/04\/produccion-industrialjpg.jpg\",\"width\":1200,\"height\":675},{\"@type\":\"BreadcrumbList\",\"@id\":\"https:\/\/gysfm.com.ar\/inicio\/la-industria-repunto-en-marzo-y-corto-racha-de-ocho-meses-de-caidas-interanuales-segun-orlando-ferreres\/#breadcrumb\",\"itemListElement\":[{\"@type\":\"ListItem\",\"position\":1,\"name\":\"Portada\",\"item\":\"https:\/\/gysfm.com.ar\/inicio\/\"},{\"@type\":\"ListItem\",\"position\":2,\"name\":\"La industria repunt\u00f3 en marzo y cort\u00f3 racha de ocho meses de ca\u00eddas interanuales, seg\u00fan Orlando Ferreres\"}]},{\"@type\":\"WebSite\",\"@id\":\"https:\/\/gysfm.com.ar\/inicio\/#website\",\"url\":\"https:\/\/gysfm.com.ar\/inicio\/\",\"name\":\"GYS NOTICIAS |\",\"description\":\"DIARIO - RADIO ONLINE SAN JUAN ARGENTINA\",\"publisher\":{\"@id\":\"https:\/\/gysfm.com.ar\/inicio\/#organization\"},\"potentialAction\":[{\"@type\":\"SearchAction\",\"target\":{\"@type\":\"EntryPoint\",\"urlTemplate\":\"https:\/\/gysfm.com.ar\/inicio\/?s={search_term_string}\"},\"query-input\":{\"@type\":\"PropertyValueSpecification\",\"valueRequired\":true,\"valueName\":\"search_term_string\"}}],\"inLanguage\":\"es\"},{\"@type\":\"Organization\",\"@id\":\"https:\/\/gysfm.com.ar\/inicio\/#organization\",\"name\":\"GYS NOTICIAS |\",\"url\":\"https:\/\/gysfm.com.ar\/inicio\/\",\"logo\":{\"@type\":\"ImageObject\",\"inLanguage\":\"es\",\"@id\":\"https:\/\/gysfm.com.ar\/inicio\/#\/schema\/logo\/image\/\",\"url\":\"https:\/\/gysfm.com.ar\/inicio\/wp-content\/uploads\/2023\/07\/LOGOGYS-OK.png\",\"contentUrl\":\"https:\/\/gysfm.com.ar\/inicio\/wp-content\/uploads\/2023\/07\/LOGOGYS-OK.png\",\"width\":1170,\"height\":872,\"caption\":\"GYS NOTICIAS |\"},\"image\":{\"@id\":\"https:\/\/gysfm.com.ar\/inicio\/#\/schema\/logo\/image\/\"}},{\"@type\":\"Person\",\"@id\":\"https:\/\/gysfm.com.ar\/inicio\/#\/schema\/person\/5bedd7ecd35cc35548d89effafa23696\",\"name\":\"admin\",\"image\":{\"@type\":\"ImageObject\",\"inLanguage\":\"es\",\"@id\":\"https:\/\/gysfm.com.ar\/inicio\/#\/schema\/person\/image\/\",\"url\":\"https:\/\/secure.gravatar.com\/avatar\/c331d312b5243fb64d5ba28108a447b27c925295129a363082c9ea52c28d32c2?s=96&d=mm&r=g\",\"contentUrl\":\"https:\/\/secure.gravatar.com\/avatar\/c331d312b5243fb64d5ba28108a447b27c925295129a363082c9ea52c28d32c2?s=96&d=mm&r=g\",\"caption\":\"admin\"},\"sameAs\":[\"https:\/\/gysfm.com.ar\/inicio\"],\"url\":\"https:\/\/gysfm.com.ar\/inicio\/author\/admin\/\"}]}<\/script>\n<!-- \/ Yoast SEO plugin. -->","yoast_head_json":{"title":"La industria repunt\u00f3 en marzo y cort\u00f3 racha de ocho meses de ca\u00eddas interanuales, seg\u00fan Orlando Ferreres - GYS NOTICIAS |","robots":{"index":"index","follow":"follow","max-snippet":"max-snippet:-1","max-image-preview":"max-image-preview:large","max-video-preview":"max-video-preview:-1"},"canonical":"https:\/\/gysfm.com.ar\/inicio\/la-industria-repunto-en-marzo-y-corto-racha-de-ocho-meses-de-caidas-interanuales-segun-orlando-ferreres\/","og_locale":"es_ES","og_type":"article","og_title":"La industria repunt\u00f3 en marzo y cort\u00f3 racha de ocho meses de ca\u00eddas interanuales, seg\u00fan Orlando Ferreres - GYS NOTICIAS |","og_description":"Seg\u00fan el \u00cdndice de Producci\u00f3n Industrial, la actividad fabril subi\u00f3 0,8% mensual desestacionalizado y 0,7% interanual. Pese a la mejora de marzo, el primer trimestre cerr\u00f3 con saldo negativo y persisten dudas sobre la demanda. Foto NA La actividad industrial mostr\u00f3 se\u00f1ales de recuperaci\u00f3n en marzo, luego del retroceso registrado en febrero. De acuerdo con [&hellip;]","og_url":"https:\/\/gysfm.com.ar\/inicio\/la-industria-repunto-en-marzo-y-corto-racha-de-ocho-meses-de-caidas-interanuales-segun-orlando-ferreres\/","og_site_name":"GYS NOTICIAS |","article_published_time":"2026-04-26T19:24:30+00:00","og_image":[{"url":"https:\/\/media.ambito.com\/p\/470cef3626522ee072c7fc3fc978bfee\/adjuntos\/239\/imagenes\/037\/174\/0037174101\/produccion-industrialjpg.jpg","type":"","width":"","height":""}],"author":"admin","twitter_card":"summary_large_image","twitter_misc":{"Escrito por":"admin","Tiempo de lectura":"3 minutos"},"schema":{"@context":"https:\/\/schema.org","@graph":[{"@type":"Article","@id":"https:\/\/gysfm.com.ar\/inicio\/la-industria-repunto-en-marzo-y-corto-racha-de-ocho-meses-de-caidas-interanuales-segun-orlando-ferreres\/#article","isPartOf":{"@id":"https:\/\/gysfm.com.ar\/inicio\/la-industria-repunto-en-marzo-y-corto-racha-de-ocho-meses-de-caidas-interanuales-segun-orlando-ferreres\/"},"author":{"name":"admin","@id":"https:\/\/gysfm.com.ar\/inicio\/#\/schema\/person\/5bedd7ecd35cc35548d89effafa23696"},"headline":"La industria repunt\u00f3 en marzo y cort\u00f3 racha de ocho meses de ca\u00eddas interanuales, seg\u00fan Orlando Ferreres","datePublished":"2026-04-26T19:24:30+00:00","mainEntityOfPage":{"@id":"https:\/\/gysfm.com.ar\/inicio\/la-industria-repunto-en-marzo-y-corto-racha-de-ocho-meses-de-caidas-interanuales-segun-orlando-ferreres\/"},"wordCount":595,"publisher":{"@id":"https:\/\/gysfm.com.ar\/inicio\/#organization"},"image":{"@id":"https:\/\/gysfm.com.ar\/inicio\/la-industria-repunto-en-marzo-y-corto-racha-de-ocho-meses-de-caidas-interanuales-segun-orlando-ferreres\/#primaryimage"},"thumbnailUrl":"https:\/\/gysfm.com.ar\/inicio\/wp-content\/uploads\/2026\/04\/produccion-industrialjpg.jpg","articleSection":["ECONOMIA"],"inLanguage":"es"},{"@type":"WebPage","@id":"https:\/\/gysfm.com.ar\/inicio\/la-industria-repunto-en-marzo-y-corto-racha-de-ocho-meses-de-caidas-interanuales-segun-orlando-ferreres\/","url":"https:\/\/gysfm.com.ar\/inicio\/la-industria-repunto-en-marzo-y-corto-racha-de-ocho-meses-de-caidas-interanuales-segun-orlando-ferreres\/","name":"La industria repunt\u00f3 en marzo y cort\u00f3 racha de ocho meses de ca\u00eddas interanuales, seg\u00fan Orlando Ferreres - GYS NOTICIAS |","isPartOf":{"@id":"https:\/\/gysfm.com.ar\/inicio\/#website"},"primaryImageOfPage":{"@id":"https:\/\/gysfm.com.ar\/inicio\/la-industria-repunto-en-marzo-y-corto-racha-de-ocho-meses-de-caidas-interanuales-segun-orlando-ferreres\/#primaryimage"},"image":{"@id":"https:\/\/gysfm.com.ar\/inicio\/la-industria-repunto-en-marzo-y-corto-racha-de-ocho-meses-de-caidas-interanuales-segun-orlando-ferreres\/#primaryimage"},"thumbnailUrl":"https:\/\/gysfm.com.ar\/inicio\/wp-content\/uploads\/2026\/04\/produccion-industrialjpg.jpg","datePublished":"2026-04-26T19:24:30+00:00","breadcrumb":{"@id":"https:\/\/gysfm.com.ar\/inicio\/la-industria-repunto-en-marzo-y-corto-racha-de-ocho-meses-de-caidas-interanuales-segun-orlando-ferreres\/#breadcrumb"},"inLanguage":"es","potentialAction":[{"@type":"ReadAction","target":["https:\/\/gysfm.com.ar\/inicio\/la-industria-repunto-en-marzo-y-corto-racha-de-ocho-meses-de-caidas-interanuales-segun-orlando-ferreres\/"]}]},{"@type":"ImageObject","inLanguage":"es","@id":"https:\/\/gysfm.com.ar\/inicio\/la-industria-repunto-en-marzo-y-corto-racha-de-ocho-meses-de-caidas-interanuales-segun-orlando-ferreres\/#primaryimage","url":"https:\/\/gysfm.com.ar\/inicio\/wp-content\/uploads\/2026\/04\/produccion-industrialjpg.jpg","contentUrl":"https:\/\/gysfm.com.ar\/inicio\/wp-content\/uploads\/2026\/04\/produccion-industrialjpg.jpg","width":1200,"height":675},{"@type":"BreadcrumbList","@id":"https:\/\/gysfm.com.ar\/inicio\/la-industria-repunto-en-marzo-y-corto-racha-de-ocho-meses-de-caidas-interanuales-segun-orlando-ferreres\/#breadcrumb","itemListElement":[{"@type":"ListItem","position":1,"name":"Portada","item":"https:\/\/gysfm.com.ar\/inicio\/"},{"@type":"ListItem","position":2,"name":"La industria repunt\u00f3 en marzo y cort\u00f3 racha de ocho meses de ca\u00eddas interanuales, seg\u00fan Orlando Ferreres"}]},{"@type":"WebSite","@id":"https:\/\/gysfm.com.ar\/inicio\/#website","url":"https:\/\/gysfm.com.ar\/inicio\/","name":"GYS NOTICIAS |","description":"DIARIO - RADIO ONLINE SAN JUAN ARGENTINA","publisher":{"@id":"https:\/\/gysfm.com.ar\/inicio\/#organization"},"potentialAction":[{"@type":"SearchAction","target":{"@type":"EntryPoint","urlTemplate":"https:\/\/gysfm.com.ar\/inicio\/?s={search_term_string}"},"query-input":{"@type":"PropertyValueSpecification","valueRequired":true,"valueName":"search_term_string"}}],"inLanguage":"es"},{"@type":"Organization","@id":"https:\/\/gysfm.com.ar\/inicio\/#organization","name":"GYS NOTICIAS |","url":"https:\/\/gysfm.com.ar\/inicio\/","logo":{"@type":"ImageObject","inLanguage":"es","@id":"https:\/\/gysfm.com.ar\/inicio\/#\/schema\/logo\/image\/","url":"https:\/\/gysfm.com.ar\/inicio\/wp-content\/uploads\/2023\/07\/LOGOGYS-OK.png","contentUrl":"https:\/\/gysfm.com.ar\/inicio\/wp-content\/uploads\/2023\/07\/LOGOGYS-OK.png","width":1170,"height":872,"caption":"GYS NOTICIAS |"},"image":{"@id":"https:\/\/gysfm.com.ar\/inicio\/#\/schema\/logo\/image\/"}},{"@type":"Person","@id":"https:\/\/gysfm.com.ar\/inicio\/#\/schema\/person\/5bedd7ecd35cc35548d89effafa23696","name":"admin","image":{"@type":"ImageObject","inLanguage":"es","@id":"https:\/\/gysfm.com.ar\/inicio\/#\/schema\/person\/image\/","url":"https:\/\/secure.gravatar.com\/avatar\/c331d312b5243fb64d5ba28108a447b27c925295129a363082c9ea52c28d32c2?s=96&d=mm&r=g","contentUrl":"https:\/\/secure.gravatar.com\/avatar\/c331d312b5243fb64d5ba28108a447b27c925295129a363082c9ea52c28d32c2?s=96&d=mm&r=g","caption":"admin"},"sameAs":["https:\/\/gysfm.com.ar\/inicio"],"url":"https:\/\/gysfm.com.ar\/inicio\/author\/admin\/"}]}},"_links":{"self":[{"href":"https:\/\/gysfm.com.ar\/inicio\/wp-json\/wp\/v2\/posts\/193140","targetHints":{"allow":["GET"]}}],"collection":[{"href":"https:\/\/gysfm.com.ar\/inicio\/wp-json\/wp\/v2\/posts"}],"about":[{"href":"https:\/\/gysfm.com.ar\/inicio\/wp-json\/wp\/v2\/types\/post"}],"author":[{"embeddable":true,"href":"https:\/\/gysfm.com.ar\/inicio\/wp-json\/wp\/v2\/users\/1"}],"replies":[{"embeddable":true,"href":"https:\/\/gysfm.com.ar\/inicio\/wp-json\/wp\/v2\/comments?post=193140"}],"version-history":[{"count":0,"href":"https:\/\/gysfm.com.ar\/inicio\/wp-json\/wp\/v2\/posts\/193140\/revisions"}],"wp:featuredmedia":[{"embeddable":true,"href":"https:\/\/gysfm.com.ar\/inicio\/wp-json\/wp\/v2\/media\/193141"}],"wp:attachment":[{"href":"https:\/\/gysfm.com.ar\/inicio\/wp-json\/wp\/v2\/media?parent=193140"}],"wp:term":[{"taxonomy":"category","embeddable":true,"href":"https:\/\/gysfm.com.ar\/inicio\/wp-json\/wp\/v2\/categories?post=193140"},{"taxonomy":"post_tag","embeddable":true,"href":"https:\/\/gysfm.com.ar\/inicio\/wp-json\/wp\/v2\/tags?post=193140"}],"curies":[{"name":"wp","href":"https:\/\/api.w.org\/{rel}","templated":true}]}}