{"id":193138,"date":"2026-04-26T16:10:09","date_gmt":"2026-04-26T19:10:09","guid":{"rendered":"https:\/\/gysfm.com.ar\/inicio\/el-trueque-que-nadie-quiere-admitir-reelecciones-por-boleta-unica-en-la-legislatura-bonaerense\/"},"modified":"2026-04-26T16:10:09","modified_gmt":"2026-04-26T19:10:09","slug":"el-trueque-que-nadie-quiere-admitir-reelecciones-por-boleta-unica-en-la-legislatura-bonaerense","status":"publish","type":"post","link":"https:\/\/gysfm.com.ar\/inicio\/el-trueque-que-nadie-quiere-admitir-reelecciones-por-boleta-unica-en-la-legislatura-bonaerense\/","title":{"rendered":"El trueque que nadie quiere admitir: reelecciones por boleta \u00fanica en la Legislatura bonaerense"},"content":{"rendered":"<p><\/p>\n<div id=\"article-content\">\n<p>En los pasillos de la <a target=\"_blank\" href=\"https:\/\/www.perfil.com\/noticias\/politica\/kicillof-asumio-en-el-pj-bonaerense-pero-maximo-kirchner-hizo-la-gran-cristina-y-no-fue-para-evitar-la-foto.phtml\">Legislatura bonaerense<\/a> circula una propuesta de la que nadie se hace cargo, pero que varios reconocen haber escuchado. Los intendentes garantizar\u00edan los votos para aprobar la <strong>Boleta \u00danica de Papel (BUP)<\/strong> a cambio del respaldo libertario para obtener reelecciones indefinidas.<\/p>\n<p>Dos diputados de <strong>La Libertad Avanza<\/strong> confirmaron que la versi\u00f3n circula. \u00abS\u00ed, se ha comentado esa idea. Para la gente de <strong>Kicillof<\/strong> es m\u00e1s f\u00e1cil hablar con nosotros que con <strong>La C\u00e1mpora<\/strong>\u00ab, desliz\u00f3 uno de los legisladores que ingres\u00f3 en <strong>diciembre pasado<\/strong>, en di\u00e1logo con <em>Clar\u00edn<\/em>.<\/p>\n<p style=\"text-align:center\"><picture><source media=\"(max-width: 440px)\" srcset=\"https:\/\/fotos.perfil.com\/\/2025\/05\/31\/440\/0\/kicillof-y-magario-la-cupula-del-poder-bonaerense-2034092.jpg?webp\"\/><source media=\"(max-width: 1019px)\" srcset=\"https:\/\/fotos.perfil.com\/\/2025\/05\/31\/712\/0\/kicillof-y-magario-la-cupula-del-poder-bonaerense-2034092.jpg?webp\"\/><img decoding=\"async\" style=\"max-width: 100%; width: 100%;\" alt=\"Kicillof y Magario, la c\u00fapula del poder bonaerense.\" src=\"https:\/\/fotos.perfil.com\/\/2025\/05\/31\/900\/0\/kicillof-y-magario-la-cupula-del-poder-bonaerense-2034092.jpg?webp\" loading=\"lazy\"\/><\/picture><\/p>\n<div class=\"subscription\">\n<p>\n        Esto no les gusta a los autoritarios\n    <\/p>\n<div class=\"subscription__container\">\n<div class=\"subscription__text-wrapper\">\n<p>\n                El ejercicio del periodismo profesional y cr\u00edtico es un pilar fundamental de la democracia. Por eso molesta a quienes creen ser los due\u00f1os de la verdad.\n            <\/p>\n<\/p><\/div><\/div>\n<\/div>\n<p>Desde el entorno del diputado nacional <strong><a target=\"_blank\" href=\"https:\/\/www.perfil.com\/noticias\/politica\/cruce-entre-lemoine-y-gordo-dan-expone-la-interna-libertaria-tras-la-citacion-a-twitteros.phtml\">Sebasti\u00e1n Pareja<\/a><\/strong>, presidente de LLA en la provincia, lo desmintieron. Legisladores massistas, camporistas y funcionarios del gobierno provincial dijeron lo mismo, que escucharon el rumor, pero le endilgan el origen al campo contrario.<\/p>\n<p class=\"destacadoNota\"><a target=\"_blank\" href=\"https:\/\/www.perfil.com\/noticias\/politica\/en-medio-del-escandalo-adorni-la-oficina-anticorrupcion-extendio-el-plazo-para-presentar-las-declaraciones-juradas.phtml\">En medio del esc\u00e1ndalo Adorni, la Oficina Anticorrupci\u00f3n extendi\u00f3 el plazo para presentar las declaraciones juradas<\/a><\/p>\n<p>La intenci\u00f3n de modificar la ley <strong>15.315<\/strong> es que, si no se modifica, <strong>82 jefes comunales<\/strong> quedan autom\u00e1ticamente fuera de carrera en <strong>2027<\/strong>.<\/p>\n<p>La lista esta conformada por representantes de todos los partidos, <strong>53 peronistas<\/strong>, <strong>17 radicales<\/strong>, <strong>5 libertarios<\/strong>, <strong>3 macristas<\/strong> y <strong>4 vecinalistas<\/strong>. Entre los afectados hay nombres de peso como <strong>Fernando Espinoza<\/strong> en <strong>La Matanza<\/strong>, <strong>Jorge Ferraresi<\/strong> en <strong>Avellaneda<\/strong>, <strong>Diego Valenzuela<\/strong> en <strong>Tres de Febrero<\/strong> o <strong>Guillermo Montenegro<\/strong> en <strong>General Pueyrred\u00f3n<\/strong>, entre otros.<\/p>\n<p style=\"text-align:center\"><picture><source media=\"(max-width: 440px)\" srcset=\"https:\/\/fotos.perfil.com\/\/2026\/04\/08\/440\/0\/intendentes-del-pj-2216797.jpg?webp\"\/><source media=\"(max-width: 1019px)\" srcset=\"https:\/\/fotos.perfil.com\/\/2026\/04\/08\/712\/0\/intendentes-del-pj-2216797.jpg?webp\"\/><img decoding=\"async\" style=\"max-width: 100%; width: 100%;\" alt=\"Intendentes del PJ\" src=\"https:\/\/fotos.perfil.com\/\/2026\/04\/08\/900\/0\/intendentes-del-pj-2216797.jpg?webp\" loading=\"lazy\"\/><\/picture><\/p>\n<p>En <strong>2016<\/strong>, durante la gesti\u00f3n de <strong>Mar\u00eda Eugenia Vidal<\/strong> y con el apoyo de <strong>Sergio Massa<\/strong>, se sancion\u00f3 la ley <strong>14.836<\/strong>, que fij\u00f3 un tope de dos mandatos consecutivos. En <strong>2021<\/strong> la retocaron para que no rigiera retroactivamente y todos tuvieron una vuelta m\u00e1s. Adem\u00e1s encontraron un atajo mediante el cual, no terminar el mandato significa la posibilidad de presentarse nuevamente, motivo por el cual muchos decidieron tomarse licencias.<\/p>\n<p class=\"destacadoNota\"><a target=\"_blank\" href=\"https:\/\/www.perfil.com\/noticias\/modo-fontevecchia\/conflicto-provincia-nacion-intendente-denuncia-a-milei-por-querer-quebrar-el-territorio-bonaerense-modof.phtml\">Conflicto Provincia-Naci\u00f3n: intendente denuncia a Milei por querer \u00abquebrar\u00bb el territorio bonaerense<\/a><\/p>\n<p>El a\u00f1o pasado, desde el espacio liderado por <strong>Axel Kicillof, Movimiento Derecho al Futuro (MDF),<\/strong> se llev\u00f3 al <strong>Congreso <\/strong>provincial la propuesta de reformar la ley. Sin embargo, <strong>La C\u00e1mpora<\/strong> rechaz\u00f3 el proyecto, ya que inclu\u00eda a legisladores, concejales y consejeros escolares y ellos solo quer\u00edan abarcar cargos legislativos. Tras esta experiencia, actualmente la discusi\u00f3n quiere <strong>instalarse con tiempo <\/strong>para no volver a perderla.<\/p>\n<h2><strong>Los que bloquean y los que negocian<\/strong><\/h2>\n<p>El <strong>Frente Renovador<\/strong> fue coautor de la ley original junto al <strong>PRO<\/strong> y mantiene su rechazo a cualquier cambio. <strong>La C\u00e1mpora<\/strong>, asimismo, no se opone en principio, pero insiste en discutir todo el paquete electoral en bloque, incluyendo el posible desdoblamiento.<\/p>\n<p>Cerca de <strong>M\u00e1ximo Kirchner<\/strong> remarcan que el l\u00edder camporista tiene la llave de la negociaci\u00f3n y no piensa soltarla f\u00e1cil. Los intendentes alineados con <strong>Kicillof<\/strong>, en tanto, cada vez tienen menos votos propios y necesitan m\u00e1s aliados para avanzar.<\/p>\n<p style=\"text-align:center\"><picture><source media=\"(max-width: 440px)\" srcset=\"https:\/\/fotos.perfil.com\/\/2026\/04\/06\/440\/0\/axel-kicillof-oficializo-el-fondo-para-intendentes-y-creo-tres-programas-de-inversion-municipal-20260406-2215697.jpg?webp\"\/><source media=\"(max-width: 1019px)\" srcset=\"https:\/\/fotos.perfil.com\/\/2026\/04\/06\/712\/0\/axel-kicillof-oficializo-el-fondo-para-intendentes-y-creo-tres-programas-de-inversion-municipal-20260406-2215697.jpg?webp\"\/><img decoding=\"async\" style=\"max-width: 100%; width: 100%;\" alt=\"Axel Kicillof oficializ\u00f3 el fondo para intendentes y cre\u00f3 tres programas de inversi\u00f3n municipal 20260406\" src=\"https:\/\/fotos.perfil.com\/\/2026\/04\/06\/900\/0\/axel-kicillof-oficializo-el-fondo-para-intendentes-y-creo-tres-programas-de-inversion-municipal-20260406-2215697.jpg?webp\" loading=\"lazy\"\/><\/picture><\/p>\n<p>El gobierno provincial ya blanque\u00f3 su postura, el ministro <strong>Carlos Bianco<\/strong> fue directo, \u00abimpedir la reelecci\u00f3n de una persona es proscriptivo. Si la gente los vuelve a elegir, es porque tuvieron una buena gesti\u00f3n\u00bb.<\/p>\n<p class=\"destacadoNota\"><a target=\"_blank\" href=\"https:\/\/www.perfil.com\/noticias\/modo-fontevecchia\/obra-publica-en-tension-katopodis-denuncia-que-el-gobierno-entrega-las-rutas-nacionales-a-empresarios-amigos-modof.phtml\">Obra p\u00fablica: Katopodis denuncia que el Gobierno entrega las rutas nacionales a empresarios amigos<\/a><\/p>\n<p>Ante la dificultad legislativa, algunos intendentes exploran la v\u00eda judicial. La idea es recurrir a la <strong>Suprema Corte bonaerense<\/strong> para que defina la constitucionalidad de la ley o interprete el art\u00edculo reformado en <strong>2021<\/strong>.<\/p>\n<p>El problema es que el tribunal atraviesa un momento cr\u00edtico. Tiene solo <strong>tres de sus siete integrantes<\/strong> en funciones, <strong>Hilda Kogan<\/strong>, <strong>Daniel Soria<\/strong> y <strong>Sergio Torres<\/strong>. Acumula m\u00e1s de <strong>800 d\u00edas<\/strong> operando a \u201cmedia m\u00e1quina\u201d y las cuatro vacantes no se cubren por los mismos bloqueos pol\u00edticos que traban la Legislatura.<\/p>\n<p><em>RG\/DCQ<\/em><\/p>\n<\/p><\/div>\n<p><script>\n                !function(f,b,e,v,n,t,s)\n                {if(f.fbq)return;n=f.fbq=function(){n.callMethod?\n                    n.callMethod.apply(n,arguments):n.queue.push(arguments)};\n                    if(!f._fbq)f._fbq=n;n.push=n;n.loaded=!0;n.version='2.0';\n                    n.queue=[];t=b.createElement(e);t.async=!0;\n                    t.src=v;s=b.getElementsByTagName(e)[0];\n                    s.parentNode.insertBefore(t,s)}(window, document,'script',\n                    'https:\/\/connect.facebook.net\/en_US\/fbevents.js');\n                window.paywallConfig.facebook_pixel=\"1000228364089342\"\n            <\/script><\/p>\n","protected":false},"excerpt":{"rendered":"<p>En los pasillos de la Legislatura bonaerense circula una propuesta de la que nadie se hace cargo, pero que varios reconocen haber escuchado. Los intendentes garantizar\u00edan los votos para aprobar la Boleta \u00danica de Papel (BUP) a cambio del respaldo libertario para obtener reelecciones indefinidas. Dos diputados de La Libertad Avanza confirmaron que la versi\u00f3n [&hellip;]<\/p>\n","protected":false},"author":2,"featured_media":193139,"comment_status":"closed","ping_status":"closed","sticky":false,"template":"","format":"standard","meta":{"footnotes":""},"categories":[25],"tags":[],"class_list":["post-193138","post","type-post","status-publish","format-standard","has-post-thumbnail","hentry","category-nacionales"],"yoast_head":"<!-- This site is optimized with the Yoast SEO plugin v24.4 - https:\/\/yoast.com\/wordpress\/plugins\/seo\/ -->\n<title>El trueque que nadie quiere admitir: reelecciones por boleta \u00fanica en la Legislatura bonaerense - GYS NOTICIAS |<\/title>\n<meta name=\"robots\" content=\"index, follow, max-snippet:-1, max-image-preview:large, max-video-preview:-1\" \/>\n<link rel=\"canonical\" href=\"https:\/\/gysfm.com.ar\/inicio\/el-trueque-que-nadie-quiere-admitir-reelecciones-por-boleta-unica-en-la-legislatura-bonaerense\/\" \/>\n<meta property=\"og:locale\" content=\"es_ES\" \/>\n<meta property=\"og:type\" content=\"article\" \/>\n<meta property=\"og:title\" content=\"El trueque que nadie quiere admitir: reelecciones por boleta \u00fanica en la Legislatura bonaerense - GYS NOTICIAS |\" \/>\n<meta property=\"og:description\" content=\"En los pasillos de la Legislatura bonaerense circula una propuesta de la que nadie se hace cargo, pero que varios reconocen haber escuchado. Los intendentes garantizar\u00edan los votos para aprobar la Boleta \u00danica de Papel (BUP) a cambio del respaldo libertario para obtener reelecciones indefinidas. Dos diputados de La Libertad Avanza confirmaron que la versi\u00f3n [&hellip;]\" \/>\n<meta property=\"og:url\" content=\"https:\/\/gysfm.com.ar\/inicio\/el-trueque-que-nadie-quiere-admitir-reelecciones-por-boleta-unica-en-la-legislatura-bonaerense\/\" \/>\n<meta property=\"og:site_name\" content=\"GYS NOTICIAS |\" \/>\n<meta property=\"article:published_time\" content=\"2026-04-26T19:10:09+00:00\" \/>\n<meta property=\"og:image\" content=\"https:\/\/fotos.perfil.com\/\/2025\/05\/31\/900\/0\/kicillof-y-magario-la-cupula-del-poder-bonaerense-2034092.jpg?webp\" \/>\n<meta name=\"author\" content=\"Prensa G&amp;S FM\" \/>\n<meta name=\"twitter:card\" content=\"summary_large_image\" \/>\n<meta name=\"twitter:label1\" content=\"Escrito por\" \/>\n\t<meta name=\"twitter:data1\" content=\"Prensa G&amp;S FM\" \/>\n\t<meta name=\"twitter:label2\" content=\"Tiempo de lectura\" \/>\n\t<meta name=\"twitter:data2\" content=\"3 minutos\" \/>\n<script type=\"application\/ld+json\" class=\"yoast-schema-graph\">{\"@context\":\"https:\/\/schema.org\",\"@graph\":[{\"@type\":\"Article\",\"@id\":\"https:\/\/gysfm.com.ar\/inicio\/el-trueque-que-nadie-quiere-admitir-reelecciones-por-boleta-unica-en-la-legislatura-bonaerense\/#article\",\"isPartOf\":{\"@id\":\"https:\/\/gysfm.com.ar\/inicio\/el-trueque-que-nadie-quiere-admitir-reelecciones-por-boleta-unica-en-la-legislatura-bonaerense\/\"},\"author\":{\"name\":\"Prensa G&amp;S FM\",\"@id\":\"https:\/\/gysfm.com.ar\/inicio\/#\/schema\/person\/3abba7593ef2ad19e1be221d54383dc5\"},\"headline\":\"El trueque que nadie quiere admitir: reelecciones por boleta \u00fanica en la Legislatura bonaerense\",\"datePublished\":\"2026-04-26T19:10:09+00:00\",\"mainEntityOfPage\":{\"@id\":\"https:\/\/gysfm.com.ar\/inicio\/el-trueque-que-nadie-quiere-admitir-reelecciones-por-boleta-unica-en-la-legislatura-bonaerense\/\"},\"wordCount\":663,\"publisher\":{\"@id\":\"https:\/\/gysfm.com.ar\/inicio\/#organization\"},\"image\":{\"@id\":\"https:\/\/gysfm.com.ar\/inicio\/el-trueque-que-nadie-quiere-admitir-reelecciones-por-boleta-unica-en-la-legislatura-bonaerense\/#primaryimage\"},\"thumbnailUrl\":\"https:\/\/gysfm.com.ar\/inicio\/wp-content\/uploads\/2026\/04\/120426kicillofintendentescedocg-2218964.jpg\",\"articleSection\":[\"NACIONALES\"],\"inLanguage\":\"es\"},{\"@type\":\"WebPage\",\"@id\":\"https:\/\/gysfm.com.ar\/inicio\/el-trueque-que-nadie-quiere-admitir-reelecciones-por-boleta-unica-en-la-legislatura-bonaerense\/\",\"url\":\"https:\/\/gysfm.com.ar\/inicio\/el-trueque-que-nadie-quiere-admitir-reelecciones-por-boleta-unica-en-la-legislatura-bonaerense\/\",\"name\":\"El trueque que nadie quiere admitir: reelecciones por boleta \u00fanica en la Legislatura bonaerense - GYS NOTICIAS |\",\"isPartOf\":{\"@id\":\"https:\/\/gysfm.com.ar\/inicio\/#website\"},\"primaryImageOfPage\":{\"@id\":\"https:\/\/gysfm.com.ar\/inicio\/el-trueque-que-nadie-quiere-admitir-reelecciones-por-boleta-unica-en-la-legislatura-bonaerense\/#primaryimage\"},\"image\":{\"@id\":\"https:\/\/gysfm.com.ar\/inicio\/el-trueque-que-nadie-quiere-admitir-reelecciones-por-boleta-unica-en-la-legislatura-bonaerense\/#primaryimage\"},\"thumbnailUrl\":\"https:\/\/gysfm.com.ar\/inicio\/wp-content\/uploads\/2026\/04\/120426kicillofintendentescedocg-2218964.jpg\",\"datePublished\":\"2026-04-26T19:10:09+00:00\",\"breadcrumb\":{\"@id\":\"https:\/\/gysfm.com.ar\/inicio\/el-trueque-que-nadie-quiere-admitir-reelecciones-por-boleta-unica-en-la-legislatura-bonaerense\/#breadcrumb\"},\"inLanguage\":\"es\",\"potentialAction\":[{\"@type\":\"ReadAction\",\"target\":[\"https:\/\/gysfm.com.ar\/inicio\/el-trueque-que-nadie-quiere-admitir-reelecciones-por-boleta-unica-en-la-legislatura-bonaerense\/\"]}]},{\"@type\":\"ImageObject\",\"inLanguage\":\"es\",\"@id\":\"https:\/\/gysfm.com.ar\/inicio\/el-trueque-que-nadie-quiere-admitir-reelecciones-por-boleta-unica-en-la-legislatura-bonaerense\/#primaryimage\",\"url\":\"https:\/\/gysfm.com.ar\/inicio\/wp-content\/uploads\/2026\/04\/120426kicillofintendentescedocg-2218964.jpg\",\"contentUrl\":\"https:\/\/gysfm.com.ar\/inicio\/wp-content\/uploads\/2026\/04\/120426kicillofintendentescedocg-2218964.jpg\",\"width\":1140,\"height\":641},{\"@type\":\"BreadcrumbList\",\"@id\":\"https:\/\/gysfm.com.ar\/inicio\/el-trueque-que-nadie-quiere-admitir-reelecciones-por-boleta-unica-en-la-legislatura-bonaerense\/#breadcrumb\",\"itemListElement\":[{\"@type\":\"ListItem\",\"position\":1,\"name\":\"Portada\",\"item\":\"https:\/\/gysfm.com.ar\/inicio\/\"},{\"@type\":\"ListItem\",\"position\":2,\"name\":\"El trueque que nadie quiere admitir: reelecciones por boleta \u00fanica en la Legislatura bonaerense\"}]},{\"@type\":\"WebSite\",\"@id\":\"https:\/\/gysfm.com.ar\/inicio\/#website\",\"url\":\"https:\/\/gysfm.com.ar\/inicio\/\",\"name\":\"GYS NOTICIAS |\",\"description\":\"DIARIO - RADIO ONLINE SAN JUAN ARGENTINA\",\"publisher\":{\"@id\":\"https:\/\/gysfm.com.ar\/inicio\/#organization\"},\"potentialAction\":[{\"@type\":\"SearchAction\",\"target\":{\"@type\":\"EntryPoint\",\"urlTemplate\":\"https:\/\/gysfm.com.ar\/inicio\/?s={search_term_string}\"},\"query-input\":{\"@type\":\"PropertyValueSpecification\",\"valueRequired\":true,\"valueName\":\"search_term_string\"}}],\"inLanguage\":\"es\"},{\"@type\":\"Organization\",\"@id\":\"https:\/\/gysfm.com.ar\/inicio\/#organization\",\"name\":\"GYS NOTICIAS |\",\"url\":\"https:\/\/gysfm.com.ar\/inicio\/\",\"logo\":{\"@type\":\"ImageObject\",\"inLanguage\":\"es\",\"@id\":\"https:\/\/gysfm.com.ar\/inicio\/#\/schema\/logo\/image\/\",\"url\":\"https:\/\/gysfm.com.ar\/inicio\/wp-content\/uploads\/2023\/07\/LOGOGYS-OK.png\",\"contentUrl\":\"https:\/\/gysfm.com.ar\/inicio\/wp-content\/uploads\/2023\/07\/LOGOGYS-OK.png\",\"width\":1170,\"height\":872,\"caption\":\"GYS NOTICIAS |\"},\"image\":{\"@id\":\"https:\/\/gysfm.com.ar\/inicio\/#\/schema\/logo\/image\/\"}},{\"@type\":\"Person\",\"@id\":\"https:\/\/gysfm.com.ar\/inicio\/#\/schema\/person\/3abba7593ef2ad19e1be221d54383dc5\",\"name\":\"Prensa G&amp;S FM\",\"image\":{\"@type\":\"ImageObject\",\"inLanguage\":\"es\",\"@id\":\"https:\/\/gysfm.com.ar\/inicio\/#\/schema\/person\/image\/\",\"url\":\"https:\/\/secure.gravatar.com\/avatar\/096ec78df02049ab018702bb4ccedf659377fa92a26540b5247612077a0dbd29?s=96&d=mm&r=g\",\"contentUrl\":\"https:\/\/secure.gravatar.com\/avatar\/096ec78df02049ab018702bb4ccedf659377fa92a26540b5247612077a0dbd29?s=96&d=mm&r=g\",\"caption\":\"Prensa G&amp;S FM\"},\"sameAs\":[\"https:\/\/gysfm.com.ar\/\"],\"url\":\"https:\/\/gysfm.com.ar\/inicio\/author\/lucasm\/\"}]}<\/script>\n<!-- \/ Yoast SEO plugin. -->","yoast_head_json":{"title":"El trueque que nadie quiere admitir: reelecciones por boleta \u00fanica en la Legislatura bonaerense - GYS NOTICIAS |","robots":{"index":"index","follow":"follow","max-snippet":"max-snippet:-1","max-image-preview":"max-image-preview:large","max-video-preview":"max-video-preview:-1"},"canonical":"https:\/\/gysfm.com.ar\/inicio\/el-trueque-que-nadie-quiere-admitir-reelecciones-por-boleta-unica-en-la-legislatura-bonaerense\/","og_locale":"es_ES","og_type":"article","og_title":"El trueque que nadie quiere admitir: reelecciones por boleta \u00fanica en la Legislatura bonaerense - GYS NOTICIAS |","og_description":"En los pasillos de la Legislatura bonaerense circula una propuesta de la que nadie se hace cargo, pero que varios reconocen haber escuchado. Los intendentes garantizar\u00edan los votos para aprobar la Boleta \u00danica de Papel (BUP) a cambio del respaldo libertario para obtener reelecciones indefinidas. Dos diputados de La Libertad Avanza confirmaron que la versi\u00f3n [&hellip;]","og_url":"https:\/\/gysfm.com.ar\/inicio\/el-trueque-que-nadie-quiere-admitir-reelecciones-por-boleta-unica-en-la-legislatura-bonaerense\/","og_site_name":"GYS NOTICIAS |","article_published_time":"2026-04-26T19:10:09+00:00","og_image":[{"url":"https:\/\/fotos.perfil.com\/\/2025\/05\/31\/900\/0\/kicillof-y-magario-la-cupula-del-poder-bonaerense-2034092.jpg?webp","type":"","width":"","height":""}],"author":"Prensa G&amp;S FM","twitter_card":"summary_large_image","twitter_misc":{"Escrito por":"Prensa G&amp;S FM","Tiempo de lectura":"3 minutos"},"schema":{"@context":"https:\/\/schema.org","@graph":[{"@type":"Article","@id":"https:\/\/gysfm.com.ar\/inicio\/el-trueque-que-nadie-quiere-admitir-reelecciones-por-boleta-unica-en-la-legislatura-bonaerense\/#article","isPartOf":{"@id":"https:\/\/gysfm.com.ar\/inicio\/el-trueque-que-nadie-quiere-admitir-reelecciones-por-boleta-unica-en-la-legislatura-bonaerense\/"},"author":{"name":"Prensa G&amp;S FM","@id":"https:\/\/gysfm.com.ar\/inicio\/#\/schema\/person\/3abba7593ef2ad19e1be221d54383dc5"},"headline":"El trueque que nadie quiere admitir: reelecciones por boleta \u00fanica en la Legislatura bonaerense","datePublished":"2026-04-26T19:10:09+00:00","mainEntityOfPage":{"@id":"https:\/\/gysfm.com.ar\/inicio\/el-trueque-que-nadie-quiere-admitir-reelecciones-por-boleta-unica-en-la-legislatura-bonaerense\/"},"wordCount":663,"publisher":{"@id":"https:\/\/gysfm.com.ar\/inicio\/#organization"},"image":{"@id":"https:\/\/gysfm.com.ar\/inicio\/el-trueque-que-nadie-quiere-admitir-reelecciones-por-boleta-unica-en-la-legislatura-bonaerense\/#primaryimage"},"thumbnailUrl":"https:\/\/gysfm.com.ar\/inicio\/wp-content\/uploads\/2026\/04\/120426kicillofintendentescedocg-2218964.jpg","articleSection":["NACIONALES"],"inLanguage":"es"},{"@type":"WebPage","@id":"https:\/\/gysfm.com.ar\/inicio\/el-trueque-que-nadie-quiere-admitir-reelecciones-por-boleta-unica-en-la-legislatura-bonaerense\/","url":"https:\/\/gysfm.com.ar\/inicio\/el-trueque-que-nadie-quiere-admitir-reelecciones-por-boleta-unica-en-la-legislatura-bonaerense\/","name":"El trueque que nadie quiere admitir: reelecciones por boleta \u00fanica en la Legislatura bonaerense - GYS NOTICIAS |","isPartOf":{"@id":"https:\/\/gysfm.com.ar\/inicio\/#website"},"primaryImageOfPage":{"@id":"https:\/\/gysfm.com.ar\/inicio\/el-trueque-que-nadie-quiere-admitir-reelecciones-por-boleta-unica-en-la-legislatura-bonaerense\/#primaryimage"},"image":{"@id":"https:\/\/gysfm.com.ar\/inicio\/el-trueque-que-nadie-quiere-admitir-reelecciones-por-boleta-unica-en-la-legislatura-bonaerense\/#primaryimage"},"thumbnailUrl":"https:\/\/gysfm.com.ar\/inicio\/wp-content\/uploads\/2026\/04\/120426kicillofintendentescedocg-2218964.jpg","datePublished":"2026-04-26T19:10:09+00:00","breadcrumb":{"@id":"https:\/\/gysfm.com.ar\/inicio\/el-trueque-que-nadie-quiere-admitir-reelecciones-por-boleta-unica-en-la-legislatura-bonaerense\/#breadcrumb"},"inLanguage":"es","potentialAction":[{"@type":"ReadAction","target":["https:\/\/gysfm.com.ar\/inicio\/el-trueque-que-nadie-quiere-admitir-reelecciones-por-boleta-unica-en-la-legislatura-bonaerense\/"]}]},{"@type":"ImageObject","inLanguage":"es","@id":"https:\/\/gysfm.com.ar\/inicio\/el-trueque-que-nadie-quiere-admitir-reelecciones-por-boleta-unica-en-la-legislatura-bonaerense\/#primaryimage","url":"https:\/\/gysfm.com.ar\/inicio\/wp-content\/uploads\/2026\/04\/120426kicillofintendentescedocg-2218964.jpg","contentUrl":"https:\/\/gysfm.com.ar\/inicio\/wp-content\/uploads\/2026\/04\/120426kicillofintendentescedocg-2218964.jpg","width":1140,"height":641},{"@type":"BreadcrumbList","@id":"https:\/\/gysfm.com.ar\/inicio\/el-trueque-que-nadie-quiere-admitir-reelecciones-por-boleta-unica-en-la-legislatura-bonaerense\/#breadcrumb","itemListElement":[{"@type":"ListItem","position":1,"name":"Portada","item":"https:\/\/gysfm.com.ar\/inicio\/"},{"@type":"ListItem","position":2,"name":"El trueque que nadie quiere admitir: reelecciones por boleta \u00fanica en la Legislatura bonaerense"}]},{"@type":"WebSite","@id":"https:\/\/gysfm.com.ar\/inicio\/#website","url":"https:\/\/gysfm.com.ar\/inicio\/","name":"GYS NOTICIAS |","description":"DIARIO - RADIO ONLINE SAN JUAN ARGENTINA","publisher":{"@id":"https:\/\/gysfm.com.ar\/inicio\/#organization"},"potentialAction":[{"@type":"SearchAction","target":{"@type":"EntryPoint","urlTemplate":"https:\/\/gysfm.com.ar\/inicio\/?s={search_term_string}"},"query-input":{"@type":"PropertyValueSpecification","valueRequired":true,"valueName":"search_term_string"}}],"inLanguage":"es"},{"@type":"Organization","@id":"https:\/\/gysfm.com.ar\/inicio\/#organization","name":"GYS NOTICIAS |","url":"https:\/\/gysfm.com.ar\/inicio\/","logo":{"@type":"ImageObject","inLanguage":"es","@id":"https:\/\/gysfm.com.ar\/inicio\/#\/schema\/logo\/image\/","url":"https:\/\/gysfm.com.ar\/inicio\/wp-content\/uploads\/2023\/07\/LOGOGYS-OK.png","contentUrl":"https:\/\/gysfm.com.ar\/inicio\/wp-content\/uploads\/2023\/07\/LOGOGYS-OK.png","width":1170,"height":872,"caption":"GYS NOTICIAS |"},"image":{"@id":"https:\/\/gysfm.com.ar\/inicio\/#\/schema\/logo\/image\/"}},{"@type":"Person","@id":"https:\/\/gysfm.com.ar\/inicio\/#\/schema\/person\/3abba7593ef2ad19e1be221d54383dc5","name":"Prensa G&amp;S FM","image":{"@type":"ImageObject","inLanguage":"es","@id":"https:\/\/gysfm.com.ar\/inicio\/#\/schema\/person\/image\/","url":"https:\/\/secure.gravatar.com\/avatar\/096ec78df02049ab018702bb4ccedf659377fa92a26540b5247612077a0dbd29?s=96&d=mm&r=g","contentUrl":"https:\/\/secure.gravatar.com\/avatar\/096ec78df02049ab018702bb4ccedf659377fa92a26540b5247612077a0dbd29?s=96&d=mm&r=g","caption":"Prensa G&amp;S FM"},"sameAs":["https:\/\/gysfm.com.ar\/"],"url":"https:\/\/gysfm.com.ar\/inicio\/author\/lucasm\/"}]}},"_links":{"self":[{"href":"https:\/\/gysfm.com.ar\/inicio\/wp-json\/wp\/v2\/posts\/193138","targetHints":{"allow":["GET"]}}],"collection":[{"href":"https:\/\/gysfm.com.ar\/inicio\/wp-json\/wp\/v2\/posts"}],"about":[{"href":"https:\/\/gysfm.com.ar\/inicio\/wp-json\/wp\/v2\/types\/post"}],"author":[{"embeddable":true,"href":"https:\/\/gysfm.com.ar\/inicio\/wp-json\/wp\/v2\/users\/2"}],"replies":[{"embeddable":true,"href":"https:\/\/gysfm.com.ar\/inicio\/wp-json\/wp\/v2\/comments?post=193138"}],"version-history":[{"count":0,"href":"https:\/\/gysfm.com.ar\/inicio\/wp-json\/wp\/v2\/posts\/193138\/revisions"}],"wp:featuredmedia":[{"embeddable":true,"href":"https:\/\/gysfm.com.ar\/inicio\/wp-json\/wp\/v2\/media\/193139"}],"wp:attachment":[{"href":"https:\/\/gysfm.com.ar\/inicio\/wp-json\/wp\/v2\/media?parent=193138"}],"wp:term":[{"taxonomy":"category","embeddable":true,"href":"https:\/\/gysfm.com.ar\/inicio\/wp-json\/wp\/v2\/categories?post=193138"},{"taxonomy":"post_tag","embeddable":true,"href":"https:\/\/gysfm.com.ar\/inicio\/wp-json\/wp\/v2\/tags?post=193138"}],"curies":[{"name":"wp","href":"https:\/\/api.w.org\/{rel}","templated":true}]}}