{"id":193131,"date":"2026-04-26T15:22:44","date_gmt":"2026-04-26T18:22:44","guid":{"rendered":"https:\/\/gysfm.com.ar\/inicio\/se-disparo-el-precio-mundial-del-pistacho\/"},"modified":"2026-04-26T15:22:44","modified_gmt":"2026-04-26T18:22:44","slug":"se-disparo-el-precio-mundial-del-pistacho","status":"publish","type":"post","link":"https:\/\/gysfm.com.ar\/inicio\/se-disparo-el-precio-mundial-del-pistacho\/","title":{"rendered":"se dispar\u00f3 el precio mundial del pistacho"},"content":{"rendered":"<p> <br \/>\n<\/p>\n<div id=\"\">\n<p id=\"p-1777226031707-62175\" data-start=\"479\" data-end=\"700\">La<strong> guerra en Medio Oriente <\/strong> no solo alter\u00f3 los precios internacionales del petr\u00f3leo, el gas y los fertilizantes. Tambi\u00e9n comenz\u00f3 a impactar en otro mercado menos visible, pero en fuerte crecimiento global: el del pistacho. El conflicto iniciado a fines de febrero entre Estados Unidos, Israel e Ir\u00e1n tension\u00f3 una cadena de suministro clave para este fruto seco, cuya <strong>producci\u00f3n mundial est\u00e1 altamente concentrada en pocos pa\u00edses <\/strong>y depende, en gran medida, del tr\u00e1nsito comercial por el Estrecho de Ormuz.<\/p>\n<\/div>\n<div id=\"\">\n<p id=\"p-1777226031707-95674\" data-start=\"1110\" data-end=\"1209\">Como resultado, el precio internacional del pistacho alcanz\u00f3 en marzo su nivel m\u00e1s alto desde 2018. Estados Unidos es el principal productor mundial de pistacho en la campa\u00f1a 2025\/26, con cerca de 713.000 toneladas, equivalentes al 65% de la oferta global. La mayor parte proviene del estado de California. En segundo lugar aparece Ir\u00e1n, con unas 200.000 toneladas, que representan otro 13% del total mundial. A su vez, Turqu\u00eda aporta cerca del 11%. De esta manera,<strong> tres pa\u00edses explican alrededor del 94% de la producci\u00f3n global de pistacho.<\/strong><\/p>\n<\/p><\/div>\n<div id=\"\">\n<p id=\"p-1777226031707-26726\" data-start=\"1778\" data-end=\"2000\">La relevancia iran\u00ed es incluso mayor en el comercio internacional: mientras Estados Unidos consume una porci\u00f3n importante de su producci\u00f3n dom\u00e9stica, Ir\u00e1n concentra cerca del 30% de las exportaciones globales del producto.<\/p>\n<\/div>\n<div id=\"\">\n<h2 id=\"p-1777226031707-72964\"> El Estrecho de Ormuz, eje del comercio<\/h2>\n<p id=\"p-1777226031707-92134\" data-start=\"2046\" data-end=\"2218\">El conflicto agreg\u00f3 un factor log\u00edstico central: gran parte del comercio regional pasa por el Estrecho de Ormuz, una v\u00eda estrat\u00e9gica para embarques energ\u00e9ticos y agr\u00edcolas.<\/p>\n<\/div>\n<div id=\"\">\n<p id=\"p-1777226031707-67125\" data-start=\"2220\" data-end=\"2403\">Las interrupciones en el tr\u00e1nsito mar\u00edtimo y las dificultades operativas elevaron los costos y redujeron la disponibilidad global del fruto seco.<\/p>\n<p id=\"p-1777226031707-97730\" data-start=\"2405\" data-end=\"2459\">A eso se sumaron otros condicionantes previos en Ir\u00e1n como una sequ\u00eda que afect\u00f3 la cosecha 2025, sanciones internacionales, tensiones internas y cortes de internet que complicaron operaciones comerciales con compradores externos<\/p>\n<h2 id=\"p-1777226031707-50884\">Precio r\u00e9cord en ocho a\u00f1os<\/h2>\n<p id=\"p-1777226031707-35081\" data-start=\"2709\" data-end=\"2896\">Seg\u00fan el Financial Times, el precio del pistacho trep\u00f3 hasta u$s4,57 por libra en marzo, equivalente a algo m\u00e1s de u$s10 por kilo. Se trat\u00f3 del valor m\u00e1s alto desde 2018. La tendencia tambi\u00e9n qued\u00f3 reflejada en las series de Federal Reserve Economic Data (FRED), donde tras un largo per\u00edodo de estabilidad los valores comenzaron a acelerarse luego del inicio del conflicto.<\/p>\n<p id=\"p-1777226031707-71877\" data-start=\"3256\" data-end=\"3326\">Adem\u00e1s del shock de oferta, el mercado enfrenta una demanda creciente. Entre los factores mencionados aparece la popularidad de productos elaborados con pistacho, como chocolates premium, postres y preparaciones gourmet, entre ellos el llamado \u201cchocolate de Dub\u00e1i\u201d, que impuls\u00f3 el consumo internacional.<\/p>\n<p id=\"p-1777226031707-49827\" data-start=\"3562\" data-end=\"3658\">En paralelo, el pistacho gan\u00f3 espacio como alimento funcional por sus propiedades nutricionales por su alto contenido proteico, grasas saludables, minerales y aporte energ\u00e9tico.<\/p>\n<p id=\"p-1777226031707-33368\" data-start=\"3815\" data-end=\"3883\">En este contexto, Argentina busca posicionarse como nuevo proveedor. El cultivo creci\u00f3 con fuerza en los \u00faltimos a\u00f1os y se concentra principalmente en <strong>San Juan, que re\u00fane unas 6.500 hect\u00e1reas, cerca del 90% de la superficie implantada<\/strong> y de la producci\u00f3n nacional.Le sigue Mendoza, con alrededor de 770 hect\u00e1reas. Tambi\u00e9n existen desarrollos menores en La Rioja y La Pampa. La superficie plantada en Argentina creci\u00f3 cerca de 500% en los \u00faltimos a\u00f1os. El inter\u00e9s inversor se explica por una demanda mundial sostenida y por barreras de entrada elevadas, especialmente agroclim\u00e1ticas y de capital inicial.<\/p>\n<\/p><\/div>\n<p><script>\n!function(f,b,e,v,n,t,s)\n{if(f.fbq)return;n=f.fbq=function(){n.callMethod?\nn.callMethod.apply(n,arguments):n.queue.push(arguments)};\nif(!f._fbq)f._fbq=n;n.push=n;n.loaded=!0;n.version='2.0';\nn.queue=[];t=b.createElement(e);t.async=!0;\nt.src=v;s=b.getElementsByTagName(e)[0];\ns.parentNode.insertBefore(t,s)}(window,document,'script',\n'https:\/\/connect.facebook.net\/en_US\/fbevents.js');\nfbq('init', '2047048335588113');\nfbq('track', 'PageView');\n<\/script><br \/>\n<br \/><\/p>\n","protected":false},"excerpt":{"rendered":"<p>La guerra en Medio Oriente no solo alter\u00f3 los precios internacionales del petr\u00f3leo, el gas y los fertilizantes. Tambi\u00e9n comenz\u00f3 a impactar en otro mercado menos visible, pero en fuerte crecimiento global: el del pistacho. El conflicto iniciado a fines de febrero entre Estados Unidos, Israel e Ir\u00e1n tension\u00f3 una cadena de suministro clave para [&hellip;]<\/p>\n","protected":false},"author":1,"featured_media":193132,"comment_status":"closed","ping_status":"closed","sticky":false,"template":"","format":"standard","meta":{"footnotes":""},"categories":[28],"tags":[],"class_list":["post-193131","post","type-post","status-publish","format-standard","has-post-thumbnail","hentry","category-economia"],"yoast_head":"<!-- This site is optimized with the Yoast SEO plugin v24.4 - https:\/\/yoast.com\/wordpress\/plugins\/seo\/ -->\n<title>se dispar\u00f3 el precio mundial del pistacho - GYS NOTICIAS |<\/title>\n<meta name=\"robots\" content=\"index, follow, max-snippet:-1, max-image-preview:large, max-video-preview:-1\" \/>\n<link rel=\"canonical\" href=\"https:\/\/gysfm.com.ar\/inicio\/se-disparo-el-precio-mundial-del-pistacho\/\" \/>\n<meta property=\"og:locale\" content=\"es_ES\" \/>\n<meta property=\"og:type\" content=\"article\" \/>\n<meta property=\"og:title\" content=\"se dispar\u00f3 el precio mundial del pistacho - GYS NOTICIAS |\" \/>\n<meta property=\"og:description\" content=\"La guerra en Medio Oriente no solo alter\u00f3 los precios internacionales del petr\u00f3leo, el gas y los fertilizantes. Tambi\u00e9n comenz\u00f3 a impactar en otro mercado menos visible, pero en fuerte crecimiento global: el del pistacho. El conflicto iniciado a fines de febrero entre Estados Unidos, Israel e Ir\u00e1n tension\u00f3 una cadena de suministro clave para [&hellip;]\" \/>\n<meta property=\"og:url\" content=\"https:\/\/gysfm.com.ar\/inicio\/se-disparo-el-precio-mundial-del-pistacho\/\" \/>\n<meta property=\"og:site_name\" content=\"GYS NOTICIAS |\" \/>\n<meta property=\"article:published_time\" content=\"2026-04-26T18:22:44+00:00\" \/>\n<meta name=\"author\" content=\"admin\" \/>\n<meta name=\"twitter:card\" content=\"summary_large_image\" \/>\n<meta name=\"twitter:label1\" content=\"Escrito por\" \/>\n\t<meta name=\"twitter:data1\" content=\"admin\" \/>\n\t<meta name=\"twitter:label2\" content=\"Tiempo de lectura\" \/>\n\t<meta name=\"twitter:data2\" content=\"3 minutos\" \/>\n<script type=\"application\/ld+json\" class=\"yoast-schema-graph\">{\"@context\":\"https:\/\/schema.org\",\"@graph\":[{\"@type\":\"Article\",\"@id\":\"https:\/\/gysfm.com.ar\/inicio\/se-disparo-el-precio-mundial-del-pistacho\/#article\",\"isPartOf\":{\"@id\":\"https:\/\/gysfm.com.ar\/inicio\/se-disparo-el-precio-mundial-del-pistacho\/\"},\"author\":{\"name\":\"admin\",\"@id\":\"https:\/\/gysfm.com.ar\/inicio\/#\/schema\/person\/5bedd7ecd35cc35548d89effafa23696\"},\"headline\":\"se dispar\u00f3 el precio mundial del pistacho\",\"datePublished\":\"2026-04-26T18:22:44+00:00\",\"mainEntityOfPage\":{\"@id\":\"https:\/\/gysfm.com.ar\/inicio\/se-disparo-el-precio-mundial-del-pistacho\/\"},\"wordCount\":554,\"publisher\":{\"@id\":\"https:\/\/gysfm.com.ar\/inicio\/#organization\"},\"image\":{\"@id\":\"https:\/\/gysfm.com.ar\/inicio\/se-disparo-el-precio-mundial-del-pistacho\/#primaryimage\"},\"thumbnailUrl\":\"https:\/\/gysfm.com.ar\/inicio\/wp-content\/uploads\/2026\/04\/pistachos-1jpg.jpg\",\"articleSection\":[\"ECONOMIA\"],\"inLanguage\":\"es\"},{\"@type\":\"WebPage\",\"@id\":\"https:\/\/gysfm.com.ar\/inicio\/se-disparo-el-precio-mundial-del-pistacho\/\",\"url\":\"https:\/\/gysfm.com.ar\/inicio\/se-disparo-el-precio-mundial-del-pistacho\/\",\"name\":\"se dispar\u00f3 el precio mundial del pistacho - GYS NOTICIAS |\",\"isPartOf\":{\"@id\":\"https:\/\/gysfm.com.ar\/inicio\/#website\"},\"primaryImageOfPage\":{\"@id\":\"https:\/\/gysfm.com.ar\/inicio\/se-disparo-el-precio-mundial-del-pistacho\/#primaryimage\"},\"image\":{\"@id\":\"https:\/\/gysfm.com.ar\/inicio\/se-disparo-el-precio-mundial-del-pistacho\/#primaryimage\"},\"thumbnailUrl\":\"https:\/\/gysfm.com.ar\/inicio\/wp-content\/uploads\/2026\/04\/pistachos-1jpg.jpg\",\"datePublished\":\"2026-04-26T18:22:44+00:00\",\"breadcrumb\":{\"@id\":\"https:\/\/gysfm.com.ar\/inicio\/se-disparo-el-precio-mundial-del-pistacho\/#breadcrumb\"},\"inLanguage\":\"es\",\"potentialAction\":[{\"@type\":\"ReadAction\",\"target\":[\"https:\/\/gysfm.com.ar\/inicio\/se-disparo-el-precio-mundial-del-pistacho\/\"]}]},{\"@type\":\"ImageObject\",\"inLanguage\":\"es\",\"@id\":\"https:\/\/gysfm.com.ar\/inicio\/se-disparo-el-precio-mundial-del-pistacho\/#primaryimage\",\"url\":\"https:\/\/gysfm.com.ar\/inicio\/wp-content\/uploads\/2026\/04\/pistachos-1jpg.jpg\",\"contentUrl\":\"https:\/\/gysfm.com.ar\/inicio\/wp-content\/uploads\/2026\/04\/pistachos-1jpg.jpg\",\"width\":1200,\"height\":675},{\"@type\":\"BreadcrumbList\",\"@id\":\"https:\/\/gysfm.com.ar\/inicio\/se-disparo-el-precio-mundial-del-pistacho\/#breadcrumb\",\"itemListElement\":[{\"@type\":\"ListItem\",\"position\":1,\"name\":\"Portada\",\"item\":\"https:\/\/gysfm.com.ar\/inicio\/\"},{\"@type\":\"ListItem\",\"position\":2,\"name\":\"se dispar\u00f3 el precio mundial del pistacho\"}]},{\"@type\":\"WebSite\",\"@id\":\"https:\/\/gysfm.com.ar\/inicio\/#website\",\"url\":\"https:\/\/gysfm.com.ar\/inicio\/\",\"name\":\"GYS NOTICIAS |\",\"description\":\"DIARIO - RADIO ONLINE SAN JUAN ARGENTINA\",\"publisher\":{\"@id\":\"https:\/\/gysfm.com.ar\/inicio\/#organization\"},\"potentialAction\":[{\"@type\":\"SearchAction\",\"target\":{\"@type\":\"EntryPoint\",\"urlTemplate\":\"https:\/\/gysfm.com.ar\/inicio\/?s={search_term_string}\"},\"query-input\":{\"@type\":\"PropertyValueSpecification\",\"valueRequired\":true,\"valueName\":\"search_term_string\"}}],\"inLanguage\":\"es\"},{\"@type\":\"Organization\",\"@id\":\"https:\/\/gysfm.com.ar\/inicio\/#organization\",\"name\":\"GYS NOTICIAS |\",\"url\":\"https:\/\/gysfm.com.ar\/inicio\/\",\"logo\":{\"@type\":\"ImageObject\",\"inLanguage\":\"es\",\"@id\":\"https:\/\/gysfm.com.ar\/inicio\/#\/schema\/logo\/image\/\",\"url\":\"https:\/\/gysfm.com.ar\/inicio\/wp-content\/uploads\/2023\/07\/LOGOGYS-OK.png\",\"contentUrl\":\"https:\/\/gysfm.com.ar\/inicio\/wp-content\/uploads\/2023\/07\/LOGOGYS-OK.png\",\"width\":1170,\"height\":872,\"caption\":\"GYS NOTICIAS |\"},\"image\":{\"@id\":\"https:\/\/gysfm.com.ar\/inicio\/#\/schema\/logo\/image\/\"}},{\"@type\":\"Person\",\"@id\":\"https:\/\/gysfm.com.ar\/inicio\/#\/schema\/person\/5bedd7ecd35cc35548d89effafa23696\",\"name\":\"admin\",\"image\":{\"@type\":\"ImageObject\",\"inLanguage\":\"es\",\"@id\":\"https:\/\/gysfm.com.ar\/inicio\/#\/schema\/person\/image\/\",\"url\":\"https:\/\/secure.gravatar.com\/avatar\/c331d312b5243fb64d5ba28108a447b27c925295129a363082c9ea52c28d32c2?s=96&d=mm&r=g\",\"contentUrl\":\"https:\/\/secure.gravatar.com\/avatar\/c331d312b5243fb64d5ba28108a447b27c925295129a363082c9ea52c28d32c2?s=96&d=mm&r=g\",\"caption\":\"admin\"},\"sameAs\":[\"https:\/\/gysfm.com.ar\/inicio\"],\"url\":\"https:\/\/gysfm.com.ar\/inicio\/author\/admin\/\"}]}<\/script>\n<!-- \/ Yoast SEO plugin. -->","yoast_head_json":{"title":"se dispar\u00f3 el precio mundial del pistacho - GYS NOTICIAS |","robots":{"index":"index","follow":"follow","max-snippet":"max-snippet:-1","max-image-preview":"max-image-preview:large","max-video-preview":"max-video-preview:-1"},"canonical":"https:\/\/gysfm.com.ar\/inicio\/se-disparo-el-precio-mundial-del-pistacho\/","og_locale":"es_ES","og_type":"article","og_title":"se dispar\u00f3 el precio mundial del pistacho - GYS NOTICIAS |","og_description":"La guerra en Medio Oriente no solo alter\u00f3 los precios internacionales del petr\u00f3leo, el gas y los fertilizantes. Tambi\u00e9n comenz\u00f3 a impactar en otro mercado menos visible, pero en fuerte crecimiento global: el del pistacho. El conflicto iniciado a fines de febrero entre Estados Unidos, Israel e Ir\u00e1n tension\u00f3 una cadena de suministro clave para [&hellip;]","og_url":"https:\/\/gysfm.com.ar\/inicio\/se-disparo-el-precio-mundial-del-pistacho\/","og_site_name":"GYS NOTICIAS |","article_published_time":"2026-04-26T18:22:44+00:00","author":"admin","twitter_card":"summary_large_image","twitter_misc":{"Escrito por":"admin","Tiempo de lectura":"3 minutos"},"schema":{"@context":"https:\/\/schema.org","@graph":[{"@type":"Article","@id":"https:\/\/gysfm.com.ar\/inicio\/se-disparo-el-precio-mundial-del-pistacho\/#article","isPartOf":{"@id":"https:\/\/gysfm.com.ar\/inicio\/se-disparo-el-precio-mundial-del-pistacho\/"},"author":{"name":"admin","@id":"https:\/\/gysfm.com.ar\/inicio\/#\/schema\/person\/5bedd7ecd35cc35548d89effafa23696"},"headline":"se dispar\u00f3 el precio mundial del pistacho","datePublished":"2026-04-26T18:22:44+00:00","mainEntityOfPage":{"@id":"https:\/\/gysfm.com.ar\/inicio\/se-disparo-el-precio-mundial-del-pistacho\/"},"wordCount":554,"publisher":{"@id":"https:\/\/gysfm.com.ar\/inicio\/#organization"},"image":{"@id":"https:\/\/gysfm.com.ar\/inicio\/se-disparo-el-precio-mundial-del-pistacho\/#primaryimage"},"thumbnailUrl":"https:\/\/gysfm.com.ar\/inicio\/wp-content\/uploads\/2026\/04\/pistachos-1jpg.jpg","articleSection":["ECONOMIA"],"inLanguage":"es"},{"@type":"WebPage","@id":"https:\/\/gysfm.com.ar\/inicio\/se-disparo-el-precio-mundial-del-pistacho\/","url":"https:\/\/gysfm.com.ar\/inicio\/se-disparo-el-precio-mundial-del-pistacho\/","name":"se dispar\u00f3 el precio mundial del pistacho - GYS NOTICIAS |","isPartOf":{"@id":"https:\/\/gysfm.com.ar\/inicio\/#website"},"primaryImageOfPage":{"@id":"https:\/\/gysfm.com.ar\/inicio\/se-disparo-el-precio-mundial-del-pistacho\/#primaryimage"},"image":{"@id":"https:\/\/gysfm.com.ar\/inicio\/se-disparo-el-precio-mundial-del-pistacho\/#primaryimage"},"thumbnailUrl":"https:\/\/gysfm.com.ar\/inicio\/wp-content\/uploads\/2026\/04\/pistachos-1jpg.jpg","datePublished":"2026-04-26T18:22:44+00:00","breadcrumb":{"@id":"https:\/\/gysfm.com.ar\/inicio\/se-disparo-el-precio-mundial-del-pistacho\/#breadcrumb"},"inLanguage":"es","potentialAction":[{"@type":"ReadAction","target":["https:\/\/gysfm.com.ar\/inicio\/se-disparo-el-precio-mundial-del-pistacho\/"]}]},{"@type":"ImageObject","inLanguage":"es","@id":"https:\/\/gysfm.com.ar\/inicio\/se-disparo-el-precio-mundial-del-pistacho\/#primaryimage","url":"https:\/\/gysfm.com.ar\/inicio\/wp-content\/uploads\/2026\/04\/pistachos-1jpg.jpg","contentUrl":"https:\/\/gysfm.com.ar\/inicio\/wp-content\/uploads\/2026\/04\/pistachos-1jpg.jpg","width":1200,"height":675},{"@type":"BreadcrumbList","@id":"https:\/\/gysfm.com.ar\/inicio\/se-disparo-el-precio-mundial-del-pistacho\/#breadcrumb","itemListElement":[{"@type":"ListItem","position":1,"name":"Portada","item":"https:\/\/gysfm.com.ar\/inicio\/"},{"@type":"ListItem","position":2,"name":"se dispar\u00f3 el precio mundial del pistacho"}]},{"@type":"WebSite","@id":"https:\/\/gysfm.com.ar\/inicio\/#website","url":"https:\/\/gysfm.com.ar\/inicio\/","name":"GYS NOTICIAS |","description":"DIARIO - RADIO ONLINE SAN JUAN ARGENTINA","publisher":{"@id":"https:\/\/gysfm.com.ar\/inicio\/#organization"},"potentialAction":[{"@type":"SearchAction","target":{"@type":"EntryPoint","urlTemplate":"https:\/\/gysfm.com.ar\/inicio\/?s={search_term_string}"},"query-input":{"@type":"PropertyValueSpecification","valueRequired":true,"valueName":"search_term_string"}}],"inLanguage":"es"},{"@type":"Organization","@id":"https:\/\/gysfm.com.ar\/inicio\/#organization","name":"GYS NOTICIAS |","url":"https:\/\/gysfm.com.ar\/inicio\/","logo":{"@type":"ImageObject","inLanguage":"es","@id":"https:\/\/gysfm.com.ar\/inicio\/#\/schema\/logo\/image\/","url":"https:\/\/gysfm.com.ar\/inicio\/wp-content\/uploads\/2023\/07\/LOGOGYS-OK.png","contentUrl":"https:\/\/gysfm.com.ar\/inicio\/wp-content\/uploads\/2023\/07\/LOGOGYS-OK.png","width":1170,"height":872,"caption":"GYS NOTICIAS |"},"image":{"@id":"https:\/\/gysfm.com.ar\/inicio\/#\/schema\/logo\/image\/"}},{"@type":"Person","@id":"https:\/\/gysfm.com.ar\/inicio\/#\/schema\/person\/5bedd7ecd35cc35548d89effafa23696","name":"admin","image":{"@type":"ImageObject","inLanguage":"es","@id":"https:\/\/gysfm.com.ar\/inicio\/#\/schema\/person\/image\/","url":"https:\/\/secure.gravatar.com\/avatar\/c331d312b5243fb64d5ba28108a447b27c925295129a363082c9ea52c28d32c2?s=96&d=mm&r=g","contentUrl":"https:\/\/secure.gravatar.com\/avatar\/c331d312b5243fb64d5ba28108a447b27c925295129a363082c9ea52c28d32c2?s=96&d=mm&r=g","caption":"admin"},"sameAs":["https:\/\/gysfm.com.ar\/inicio"],"url":"https:\/\/gysfm.com.ar\/inicio\/author\/admin\/"}]}},"_links":{"self":[{"href":"https:\/\/gysfm.com.ar\/inicio\/wp-json\/wp\/v2\/posts\/193131","targetHints":{"allow":["GET"]}}],"collection":[{"href":"https:\/\/gysfm.com.ar\/inicio\/wp-json\/wp\/v2\/posts"}],"about":[{"href":"https:\/\/gysfm.com.ar\/inicio\/wp-json\/wp\/v2\/types\/post"}],"author":[{"embeddable":true,"href":"https:\/\/gysfm.com.ar\/inicio\/wp-json\/wp\/v2\/users\/1"}],"replies":[{"embeddable":true,"href":"https:\/\/gysfm.com.ar\/inicio\/wp-json\/wp\/v2\/comments?post=193131"}],"version-history":[{"count":0,"href":"https:\/\/gysfm.com.ar\/inicio\/wp-json\/wp\/v2\/posts\/193131\/revisions"}],"wp:featuredmedia":[{"embeddable":true,"href":"https:\/\/gysfm.com.ar\/inicio\/wp-json\/wp\/v2\/media\/193132"}],"wp:attachment":[{"href":"https:\/\/gysfm.com.ar\/inicio\/wp-json\/wp\/v2\/media?parent=193131"}],"wp:term":[{"taxonomy":"category","embeddable":true,"href":"https:\/\/gysfm.com.ar\/inicio\/wp-json\/wp\/v2\/categories?post=193131"},{"taxonomy":"post_tag","embeddable":true,"href":"https:\/\/gysfm.com.ar\/inicio\/wp-json\/wp\/v2\/tags?post=193131"}],"curies":[{"name":"wp","href":"https:\/\/api.w.org\/{rel}","templated":true}]}}