{"id":193129,"date":"2026-04-26T15:07:05","date_gmt":"2026-04-26T18:07:05","guid":{"rendered":"https:\/\/gysfm.com.ar\/inicio\/rafael-grossi-la-maraton-del-hombre-nuclear-argentino-que-puede-terminar-en-la-onu\/"},"modified":"2026-04-26T15:07:05","modified_gmt":"2026-04-26T18:07:05","slug":"rafael-grossi-la-maraton-del-hombre-nuclear-argentino-que-puede-terminar-en-la-onu","status":"publish","type":"post","link":"https:\/\/gysfm.com.ar\/inicio\/rafael-grossi-la-maraton-del-hombre-nuclear-argentino-que-puede-terminar-en-la-onu\/","title":{"rendered":"Rafael Grossi, la marat\u00f3n del \u00abhombre nuclear\u00bb argentino que puede terminar en la ONU"},"content":{"rendered":"<p><\/p>\n<div id=\"article-content\">\n<p>El 19 de abril, en Viena, <strong><a target=\"_blank\" href=\"https:\/\/www.perfil.com\/noticias\/internacional\/grossi-avanza-en-la-carrera-por-la-onu-guinos-de-francia-el-factor-de-genero-y-una-eleccion-marcada-por-la-crisis-global-a39.phtml\">Rafael Grossi<\/a> <\/strong>volvi\u00f3 a ponerse las zapatillas y sali\u00f3 a las calles. Por unas horas, los custodios que lo acompa\u00f1aban aflojaron el protocolo para que pudiera practicar una de sus pasiones: <strong>correr<\/strong>. Pero esta vez al aire libre y no puertas adentro, algo que implement\u00f3 tras ser amenazado en 2025.<\/p>\n<p>\u201cJunto a miles de personas de todo el mundo, unidos por el mismo desaf\u00edo y por un esp\u00edritu de unidad\u201d, escribi\u00f3 ese d\u00eda. Hab\u00eda participado de la ic\u00f3nica marat\u00f3n de la ciudad donde opera la <strong>Organizaci\u00f3n Internacional de Energ\u00eda At\u00f3mica (OIEA)<\/strong>. La frase, le\u00edda m\u00e1s all\u00e1 del deporte, condensa la mirada que Grossi aplica desde que asumi\u00f3 su conducci\u00f3n del organismo que vela por la no proliferaci\u00f3n nuclear en 2019, de creciente protagonismo por la dimensi\u00f3n nuclear de las guerras en Ucrania y Medio Oriente, y que volc\u00f3 d\u00edas despu\u00e9s en su discurso ante las Naciones Unidas donde <strong>compite en una carrera muy distinta<\/strong>: asumir la secretar\u00eda general del organismo, en un momento de descr\u00e9dito del multilateralismo como herramienta para resolver conflictos globales.<\/p>\n<p class=\"destacadoNota\"><a target=\"_blank\" href=\"https:\/\/https:\/\/www.perfil.com\/noticias\/politica\/rafael-grossi-explico-por-que-deberia-ser-el-nuevo-secretario-general-de-la-onu-se-necesita-un-cambio-de-direccion.phtml\">Rafael Grossi: \u00abIr\u00e1n tiene material para 10 armas nucleares\u00bb<\/a><\/p>\n<div class=\"subscription\">\n<p>\n        Esto no les gusta a los autoritarios\n    <\/p>\n<div class=\"subscription__container\">\n<div class=\"subscription__text-wrapper\">\n<p>\n                El ejercicio del periodismo profesional y cr\u00edtico es un pilar fundamental de la democracia. Por eso molesta a quienes creen ser los due\u00f1os de la verdad.\n            <\/p>\n<\/p><\/div><\/div>\n<\/div>\n<p>\u201c<strong>Hay una casa com\u00fan y esa son las Naciones Unidas<\/strong>\u201d, hab\u00eda dicho Grossi en diciembre de 2025, ante la atenta mirada del establishment empresarial y diplom\u00e1tico reunido en el predio de La Rural, cuando Argentina formaliz\u00f3 su candidatura. Grossi compite por el m\u00e1ximo cargo diplom\u00e1tico global ante figuras como la expresidenta chilena Michelle Bachelet, en un contexto que favorece que el cargo lo ocupe una mujer seg\u00fan una recomendaci\u00f3n del organismo. <\/p>\n<p>Grossi, de 64 a\u00f1os, se r\u00ede ante el apodo \u201c<strong>Papa nuclear<\/strong>\u201d, como lo conocen en \u00e1mbitos diplom\u00e1ticos en alusi\u00f3n al papa Francisco, quien supo construir un liderazgo pol\u00edtico in\u00e9dito y necesario a medida que el mundo registraba un pico de conflictividad global desde 1945, seg\u00fan cifras del reconocido think tank australiano, el Instituto para la Econom\u00eda y la Paz. Asegura que quiere liderar la organizaci\u00f3n creada en las ruinas de la Segunda Guerra Mundial partiendo de la experiencia en el terreno, desde la ocupada Zaporiyia a Natanz y Fordo, en Ir\u00e1n. <\/p>\n<figure class=\"image\"><picture><source media=\"(max-width: 440px)\" srcset=\"https:\/\/fotos.perfil.com\/\/2026\/04\/22\/440\/0\/rafael-mariano-grossi-20260422-2225941.jpg?webp\"\/><source media=\"(max-width: 1019px)\" srcset=\"https:\/\/fotos.perfil.com\/\/2026\/04\/22\/712\/0\/rafael-mariano-grossi-20260422-2225941.jpg?webp\"\/><img decoding=\"async\" style=\"max-width: 100%; width: 100%;\" alt=\"Rafael Mariano Grossi 20260422\" src=\"https:\/\/fotos.perfil.com\/\/2026\/04\/22\/900\/0\/rafael-mariano-grossi-20260422-2225941.jpg?webp\" loading=\"lazy\"\/><\/picture><figcaption>El diplom\u00e1tico argentino es un serio aspirante al sill\u00f3n principal de la ONI, en tiempos de baja del multilateralismo <\/figcaption><\/figure>\n<p>La imagen <strong>funciona como s\u00edntesis<\/strong>. Porque en un mundo que tiende a la fragmentaci\u00f3n, Grossi apela a los valores del deporte: mediaci\u00f3n, di\u00e1logo, unidad. As\u00ed, insiste en una idea que repite tambi\u00e9n en una entrevista con PERFIL cuando su candidatura apenas circulaba en las principales capitales del mundo. \u201cLa esencia de la diplomacia es hablar con todos, no la cancelaci\u00f3n del otro\u201d, plante\u00f3.<\/p>\n<p>Desde ese lugar, su rol lo ubica en una zona inc\u00f3moda: la de interlocutor entre actores que no se reconocen entre s\u00ed. Inspecciones, negociaciones, advertencias. Todo bajo una presi\u00f3n creciente. Su planteo es <strong>\u201cponerse las botas<\/strong>\u201d e ir a las zonas de conflicto para hablar con todos.<\/p>\n<h2>Rafael Grossi y los pa\u00edses con armas nucleares<\/h2>\n<p>\u201cLa dimensi\u00f3n nuclear de las tensiones internacionales est\u00e1 creciendo, indudablemente\u201d, y advirti\u00f3 en esa charla, contra la posibilidad de que m\u00e1s pa\u00edses accedan al <strong>bot\u00f3n nuclear <\/strong>en un contexto en el que la guerra contra Ir\u00e1n reaviv\u00f3 ese debate.<\/p>\n<p> \u201cSi en vez de haber siete pa\u00edses con armas nucleares hubiese 37, el mundo <strong>ser\u00eda mucho m\u00e1s inestable<\/strong>\u201d, explic\u00f3 en otra de las numerosas entrevistas que dio en los \u00faltimos a\u00f1os, a medida que se elevaba su perfil internacional, al poner el foco en la proliferaci\u00f3n como uno de los desaf\u00edos centrales de su gesti\u00f3n desde que reemplaz\u00f3 al japon\u00e9s <strong>Yukiya Amano <\/strong>al frente de la OIEA.<\/p>\n<p class=\"destacadoNota\"><a target=\"_blank\" href=\"https:\/\/https:\/\/www.perfil.com\/noticias\/internacional\/el-argentino-rafael-grossi-y-otros-3-candidatos-se-disputan-el-liderazgo-de-la-onu-en-dos-audiencias-clave-a39.phtml\">El argentino Rafael Grossi y otros 3 candidatos se disputan el liderazgo de la ONU en dos audiencias clave<\/a><\/p>\n<p>Pero el poder y la exposici\u00f3n tambi\u00e9n tienen su contracara. Y su figura incomoda: para algunos, demasiado cercano a Occidente; para otros, excesivamente pragm\u00e1tico frente a actores como Rusia. <\/p>\n<p>En ese juego de percepciones, no es extra\u00f1o que sea se\u00f1alado, seg\u00fan qui\u00e9n hable, como \u201c<strong>t\u00edtere sionista\u201d<\/strong> o como alguien \u201c<strong>en el bolsillo de Putin<\/strong>\u201d. \u201cEn el puesto que ocupo es com\u00fan ser criticado por unos y por otros (\u2026) Esta es la labor de la diplomacia internacional: dialogar, conversar, proponer soluciones concretas a los problemas graves\u201d.<\/p>\n<h2>La vida cotidiana de un candidato<\/h2>\n<p>Lejos de ese ruido, su vida cotidiana se organiza bajo una disciplina casi r\u00edgida. La marat\u00f3n forma parte de una rutina que empieza temprano, con entrenamiento f\u00edsico, caf\u00e9 y una agenda que se extiende durante todo el d\u00eda. Habla siete idiomas, juega al tenis, corre y mantiene un esquema que combina <strong>exigencia f\u00edsica con concentraci\u00f3n intelectual<\/strong>.<\/p>\n<p>Padre de ocho hijos y casado con una diplom\u00e1tica con quien comparte el rubro nuclear, encuentra en ese universo dom\u00e9stico una forma de equilibrio frente a la presi\u00f3n permanente de su rol. Hay, sin embargo, <strong>un espacio que aparece como refugio<\/strong>. Los fines de semana, cuando puede, co-entrena al equipo de f\u00fatbol de Benjam\u00edn, su hijo menor, en la liga local. En ese contraste, entre la gesti\u00f3n de crisis globales y la cotidianidad, se juega parte de su perfil. Tambi\u00e9n, en clave argentina, su singularidad. En un pa\u00eds atravesado por la polarizaci\u00f3n, Grossi logr\u00f3 construir una trayectoria que, con matices, atraves\u00f3 gobiernos de distinto signo. Hijo de un periodista y de una escultora, nacido en el barrio porte\u00f1o de Almagro, su formaci\u00f3n en la Universidad Cat\u00f3lica Argentina y en el Servicio Exterior cont\u00f3 con una temprana especializaci\u00f3n t\u00e9cnica en el campo nuclear a trav\u00e9s de instituciones como el Invap.<\/p>\n<h2>Un carrera que no qued\u00f3 atrapada en la grieta<\/h2>\n<p>Su carrera hasta los m\u00e1ximos puestos en la diplomacia internacional fue avanzando<strong> sin quedar atrapada del todo en la l\u00f3gica de la grieta partidaria<\/strong> local. <strong>Cristina Kirchner<\/strong> lo nombr\u00f3 embajador en Viena y lo proyect\u00f3 en el universo del organismo at\u00f3mico; <strong>Mauricio Macri <\/strong>sostuvo esa l\u00ednea y termin\u00f3 respaldando su llegada a la direcci\u00f3n general de la OIEA; la transici\u00f3n pol\u00edtica posterior no alter\u00f3 ese consenso b\u00e1sico. <\/p>\n<p>Incluso bajo la presidencia de <strong>Javier Milei <\/strong>\u2013marcada por un escepticismo expl\u00edcito hacia el multilateralismo\u2013, Grossi obtuvo el respaldo que necesitaba cuando apoy\u00f3, desde Casa Rosada, el plan nuclear libertario. En un ecosistema donde pocas trayectorias sobreviven a los cambios de signo pol\u00edtico, su nombre qued\u00f3 asociado a la continuidad, una virtud caracter\u00edstica de la diplomacia argentina contempor\u00e1nea.<\/p>\n<p>Esa trayectoria es la que hoy intenta proyectar hacia un objetivo mayor:<strong> la secretar\u00eda general de la ONU<\/strong>. \u201cLa postulaci\u00f3n surge de mi convencimiento personal, forjado no a trav\u00e9s de bibliotecas sino de mi experiencia\u201d, explic\u00f3. <\/p>\n<p>\u201cLas Naciones Unidas se encuentran en una profunda crisis de credibilidad y de efectividad\u201d, plante\u00f3 sin eufemismos, invocando la necesidad de recuperar un rol activo en el manejo de la paz y la seguridad internacional ante el avance del uso de la fuerza como mecanismo de soluci\u00f3n de conflictos.<\/p>\n<p>En ese contexto, su apuesta se apoya en una idea que atraviesa toda su carrera. \u201cSomos actores sobre la realidad geopol\u00edtica, que tenemos que modelar para evitar el conflicto\u201d, resumi\u00f3. Mientras tanto, la rutina sigue. Lejos de las armas nucleares, Grossi corre, entrena, lee y escucha podcasts. Habla con periodistas y se mantiene al tanto de la liga de f\u00fatbol como embajador de <strong>Estudiantes de La Plata<\/strong>. <\/p>\n<p>Pero, sobre todo, disfruta de pasar tiempo con su familia entre viajes, negociaciones y crisis internacionales, siguiendo los pasos de Francisco en la proyecci\u00f3n de Argentina en el escenario internacional.<\/p>\n<p>LT<\/p>\n<\/p><\/div>\n<p><script>\n                !function(f,b,e,v,n,t,s)\n                {if(f.fbq)return;n=f.fbq=function(){n.callMethod?\n                    n.callMethod.apply(n,arguments):n.queue.push(arguments)};\n                    if(!f._fbq)f._fbq=n;n.push=n;n.loaded=!0;n.version='2.0';\n                    n.queue=[];t=b.createElement(e);t.async=!0;\n                    t.src=v;s=b.getElementsByTagName(e)[0];\n                    s.parentNode.insertBefore(t,s)}(window, document,'script',\n                    'https:\/\/connect.facebook.net\/en_US\/fbevents.js');\n                window.paywallConfig.facebook_pixel=\"1000228364089342\"\n            <\/script><\/p>\n","protected":false},"excerpt":{"rendered":"<p>El 19 de abril, en Viena, Rafael Grossi volvi\u00f3 a ponerse las zapatillas y sali\u00f3 a las calles. Por unas horas, los custodios que lo acompa\u00f1aban aflojaron el protocolo para que pudiera practicar una de sus pasiones: correr. Pero esta vez al aire libre y no puertas adentro, algo que implement\u00f3 tras ser amenazado en [&hellip;]<\/p>\n","protected":false},"author":2,"featured_media":193130,"comment_status":"closed","ping_status":"closed","sticky":false,"template":"","format":"standard","meta":{"footnotes":""},"categories":[25],"tags":[],"class_list":["post-193129","post","type-post","status-publish","format-standard","has-post-thumbnail","hentry","category-nacionales"],"yoast_head":"<!-- This site is optimized with the Yoast SEO plugin v24.4 - https:\/\/yoast.com\/wordpress\/plugins\/seo\/ -->\n<title>Rafael Grossi, la marat\u00f3n del &quot;hombre nuclear&quot; argentino que puede terminar en la ONU - GYS NOTICIAS |<\/title>\n<meta name=\"robots\" content=\"index, follow, max-snippet:-1, max-image-preview:large, max-video-preview:-1\" \/>\n<link rel=\"canonical\" href=\"https:\/\/gysfm.com.ar\/inicio\/rafael-grossi-la-maraton-del-hombre-nuclear-argentino-que-puede-terminar-en-la-onu\/\" \/>\n<meta property=\"og:locale\" content=\"es_ES\" \/>\n<meta property=\"og:type\" content=\"article\" \/>\n<meta property=\"og:title\" content=\"Rafael Grossi, la marat\u00f3n del &quot;hombre nuclear&quot; argentino que puede terminar en la ONU - GYS NOTICIAS |\" \/>\n<meta property=\"og:description\" content=\"El 19 de abril, en Viena, Rafael Grossi volvi\u00f3 a ponerse las zapatillas y sali\u00f3 a las calles. Por unas horas, los custodios que lo acompa\u00f1aban aflojaron el protocolo para que pudiera practicar una de sus pasiones: correr. Pero esta vez al aire libre y no puertas adentro, algo que implement\u00f3 tras ser amenazado en [&hellip;]\" \/>\n<meta property=\"og:url\" content=\"https:\/\/gysfm.com.ar\/inicio\/rafael-grossi-la-maraton-del-hombre-nuclear-argentino-que-puede-terminar-en-la-onu\/\" \/>\n<meta property=\"og:site_name\" content=\"GYS NOTICIAS |\" \/>\n<meta property=\"article:published_time\" content=\"2026-04-26T18:07:05+00:00\" \/>\n<meta property=\"og:image\" content=\"https:\/\/fotos.perfil.com\/\/2026\/04\/22\/900\/0\/rafael-mariano-grossi-20260422-2225941.jpg?webp\" \/>\n<meta name=\"author\" content=\"Prensa G&amp;S FM\" \/>\n<meta name=\"twitter:card\" content=\"summary_large_image\" \/>\n<meta name=\"twitter:label1\" content=\"Escrito por\" \/>\n\t<meta name=\"twitter:data1\" content=\"Prensa G&amp;S FM\" \/>\n\t<meta name=\"twitter:label2\" content=\"Tiempo de lectura\" \/>\n\t<meta name=\"twitter:data2\" content=\"7 minutos\" \/>\n<script type=\"application\/ld+json\" class=\"yoast-schema-graph\">{\"@context\":\"https:\/\/schema.org\",\"@graph\":[{\"@type\":\"Article\",\"@id\":\"https:\/\/gysfm.com.ar\/inicio\/rafael-grossi-la-maraton-del-hombre-nuclear-argentino-que-puede-terminar-en-la-onu\/#article\",\"isPartOf\":{\"@id\":\"https:\/\/gysfm.com.ar\/inicio\/rafael-grossi-la-maraton-del-hombre-nuclear-argentino-que-puede-terminar-en-la-onu\/\"},\"author\":{\"name\":\"Prensa G&amp;S FM\",\"@id\":\"https:\/\/gysfm.com.ar\/inicio\/#\/schema\/person\/3abba7593ef2ad19e1be221d54383dc5\"},\"headline\":\"Rafael Grossi, la marat\u00f3n del \u00abhombre nuclear\u00bb argentino que puede terminar en la ONU\",\"datePublished\":\"2026-04-26T18:07:05+00:00\",\"mainEntityOfPage\":{\"@id\":\"https:\/\/gysfm.com.ar\/inicio\/rafael-grossi-la-maraton-del-hombre-nuclear-argentino-que-puede-terminar-en-la-onu\/\"},\"wordCount\":1376,\"publisher\":{\"@id\":\"https:\/\/gysfm.com.ar\/inicio\/#organization\"},\"image\":{\"@id\":\"https:\/\/gysfm.com.ar\/inicio\/rafael-grossi-la-maraton-del-hombre-nuclear-argentino-que-puede-terminar-en-la-onu\/#primaryimage\"},\"thumbnailUrl\":\"https:\/\/gysfm.com.ar\/inicio\/wp-content\/uploads\/2026\/04\/250426rafaelgrossimileicedocg-2227421.jpg\",\"articleSection\":[\"NACIONALES\"],\"inLanguage\":\"es\"},{\"@type\":\"WebPage\",\"@id\":\"https:\/\/gysfm.com.ar\/inicio\/rafael-grossi-la-maraton-del-hombre-nuclear-argentino-que-puede-terminar-en-la-onu\/\",\"url\":\"https:\/\/gysfm.com.ar\/inicio\/rafael-grossi-la-maraton-del-hombre-nuclear-argentino-que-puede-terminar-en-la-onu\/\",\"name\":\"Rafael Grossi, la marat\u00f3n del \\\"hombre nuclear\\\" argentino que puede terminar en la ONU - GYS NOTICIAS |\",\"isPartOf\":{\"@id\":\"https:\/\/gysfm.com.ar\/inicio\/#website\"},\"primaryImageOfPage\":{\"@id\":\"https:\/\/gysfm.com.ar\/inicio\/rafael-grossi-la-maraton-del-hombre-nuclear-argentino-que-puede-terminar-en-la-onu\/#primaryimage\"},\"image\":{\"@id\":\"https:\/\/gysfm.com.ar\/inicio\/rafael-grossi-la-maraton-del-hombre-nuclear-argentino-que-puede-terminar-en-la-onu\/#primaryimage\"},\"thumbnailUrl\":\"https:\/\/gysfm.com.ar\/inicio\/wp-content\/uploads\/2026\/04\/250426rafaelgrossimileicedocg-2227421.jpg\",\"datePublished\":\"2026-04-26T18:07:05+00:00\",\"breadcrumb\":{\"@id\":\"https:\/\/gysfm.com.ar\/inicio\/rafael-grossi-la-maraton-del-hombre-nuclear-argentino-que-puede-terminar-en-la-onu\/#breadcrumb\"},\"inLanguage\":\"es\",\"potentialAction\":[{\"@type\":\"ReadAction\",\"target\":[\"https:\/\/gysfm.com.ar\/inicio\/rafael-grossi-la-maraton-del-hombre-nuclear-argentino-que-puede-terminar-en-la-onu\/\"]}]},{\"@type\":\"ImageObject\",\"inLanguage\":\"es\",\"@id\":\"https:\/\/gysfm.com.ar\/inicio\/rafael-grossi-la-maraton-del-hombre-nuclear-argentino-que-puede-terminar-en-la-onu\/#primaryimage\",\"url\":\"https:\/\/gysfm.com.ar\/inicio\/wp-content\/uploads\/2026\/04\/250426rafaelgrossimileicedocg-2227421.jpg\",\"contentUrl\":\"https:\/\/gysfm.com.ar\/inicio\/wp-content\/uploads\/2026\/04\/250426rafaelgrossimileicedocg-2227421.jpg\",\"width\":1140,\"height\":641},{\"@type\":\"BreadcrumbList\",\"@id\":\"https:\/\/gysfm.com.ar\/inicio\/rafael-grossi-la-maraton-del-hombre-nuclear-argentino-que-puede-terminar-en-la-onu\/#breadcrumb\",\"itemListElement\":[{\"@type\":\"ListItem\",\"position\":1,\"name\":\"Portada\",\"item\":\"https:\/\/gysfm.com.ar\/inicio\/\"},{\"@type\":\"ListItem\",\"position\":2,\"name\":\"Rafael Grossi, la marat\u00f3n del \u00abhombre nuclear\u00bb argentino que puede terminar en la ONU\"}]},{\"@type\":\"WebSite\",\"@id\":\"https:\/\/gysfm.com.ar\/inicio\/#website\",\"url\":\"https:\/\/gysfm.com.ar\/inicio\/\",\"name\":\"GYS NOTICIAS |\",\"description\":\"DIARIO - RADIO ONLINE SAN JUAN ARGENTINA\",\"publisher\":{\"@id\":\"https:\/\/gysfm.com.ar\/inicio\/#organization\"},\"potentialAction\":[{\"@type\":\"SearchAction\",\"target\":{\"@type\":\"EntryPoint\",\"urlTemplate\":\"https:\/\/gysfm.com.ar\/inicio\/?s={search_term_string}\"},\"query-input\":{\"@type\":\"PropertyValueSpecification\",\"valueRequired\":true,\"valueName\":\"search_term_string\"}}],\"inLanguage\":\"es\"},{\"@type\":\"Organization\",\"@id\":\"https:\/\/gysfm.com.ar\/inicio\/#organization\",\"name\":\"GYS NOTICIAS |\",\"url\":\"https:\/\/gysfm.com.ar\/inicio\/\",\"logo\":{\"@type\":\"ImageObject\",\"inLanguage\":\"es\",\"@id\":\"https:\/\/gysfm.com.ar\/inicio\/#\/schema\/logo\/image\/\",\"url\":\"https:\/\/gysfm.com.ar\/inicio\/wp-content\/uploads\/2023\/07\/LOGOGYS-OK.png\",\"contentUrl\":\"https:\/\/gysfm.com.ar\/inicio\/wp-content\/uploads\/2023\/07\/LOGOGYS-OK.png\",\"width\":1170,\"height\":872,\"caption\":\"GYS NOTICIAS |\"},\"image\":{\"@id\":\"https:\/\/gysfm.com.ar\/inicio\/#\/schema\/logo\/image\/\"}},{\"@type\":\"Person\",\"@id\":\"https:\/\/gysfm.com.ar\/inicio\/#\/schema\/person\/3abba7593ef2ad19e1be221d54383dc5\",\"name\":\"Prensa G&amp;S FM\",\"image\":{\"@type\":\"ImageObject\",\"inLanguage\":\"es\",\"@id\":\"https:\/\/gysfm.com.ar\/inicio\/#\/schema\/person\/image\/\",\"url\":\"https:\/\/secure.gravatar.com\/avatar\/096ec78df02049ab018702bb4ccedf659377fa92a26540b5247612077a0dbd29?s=96&d=mm&r=g\",\"contentUrl\":\"https:\/\/secure.gravatar.com\/avatar\/096ec78df02049ab018702bb4ccedf659377fa92a26540b5247612077a0dbd29?s=96&d=mm&r=g\",\"caption\":\"Prensa G&amp;S FM\"},\"sameAs\":[\"https:\/\/gysfm.com.ar\/\"],\"url\":\"https:\/\/gysfm.com.ar\/inicio\/author\/lucasm\/\"}]}<\/script>\n<!-- \/ Yoast SEO plugin. -->","yoast_head_json":{"title":"Rafael Grossi, la marat\u00f3n del \"hombre nuclear\" argentino que puede terminar en la ONU - GYS NOTICIAS |","robots":{"index":"index","follow":"follow","max-snippet":"max-snippet:-1","max-image-preview":"max-image-preview:large","max-video-preview":"max-video-preview:-1"},"canonical":"https:\/\/gysfm.com.ar\/inicio\/rafael-grossi-la-maraton-del-hombre-nuclear-argentino-que-puede-terminar-en-la-onu\/","og_locale":"es_ES","og_type":"article","og_title":"Rafael Grossi, la marat\u00f3n del \"hombre nuclear\" argentino que puede terminar en la ONU - GYS NOTICIAS |","og_description":"El 19 de abril, en Viena, Rafael Grossi volvi\u00f3 a ponerse las zapatillas y sali\u00f3 a las calles. Por unas horas, los custodios que lo acompa\u00f1aban aflojaron el protocolo para que pudiera practicar una de sus pasiones: correr. Pero esta vez al aire libre y no puertas adentro, algo que implement\u00f3 tras ser amenazado en [&hellip;]","og_url":"https:\/\/gysfm.com.ar\/inicio\/rafael-grossi-la-maraton-del-hombre-nuclear-argentino-que-puede-terminar-en-la-onu\/","og_site_name":"GYS NOTICIAS |","article_published_time":"2026-04-26T18:07:05+00:00","og_image":[{"url":"https:\/\/fotos.perfil.com\/\/2026\/04\/22\/900\/0\/rafael-mariano-grossi-20260422-2225941.jpg?webp","type":"","width":"","height":""}],"author":"Prensa G&amp;S FM","twitter_card":"summary_large_image","twitter_misc":{"Escrito por":"Prensa G&amp;S FM","Tiempo de lectura":"7 minutos"},"schema":{"@context":"https:\/\/schema.org","@graph":[{"@type":"Article","@id":"https:\/\/gysfm.com.ar\/inicio\/rafael-grossi-la-maraton-del-hombre-nuclear-argentino-que-puede-terminar-en-la-onu\/#article","isPartOf":{"@id":"https:\/\/gysfm.com.ar\/inicio\/rafael-grossi-la-maraton-del-hombre-nuclear-argentino-que-puede-terminar-en-la-onu\/"},"author":{"name":"Prensa G&amp;S FM","@id":"https:\/\/gysfm.com.ar\/inicio\/#\/schema\/person\/3abba7593ef2ad19e1be221d54383dc5"},"headline":"Rafael Grossi, la marat\u00f3n del \u00abhombre nuclear\u00bb argentino que puede terminar en la ONU","datePublished":"2026-04-26T18:07:05+00:00","mainEntityOfPage":{"@id":"https:\/\/gysfm.com.ar\/inicio\/rafael-grossi-la-maraton-del-hombre-nuclear-argentino-que-puede-terminar-en-la-onu\/"},"wordCount":1376,"publisher":{"@id":"https:\/\/gysfm.com.ar\/inicio\/#organization"},"image":{"@id":"https:\/\/gysfm.com.ar\/inicio\/rafael-grossi-la-maraton-del-hombre-nuclear-argentino-que-puede-terminar-en-la-onu\/#primaryimage"},"thumbnailUrl":"https:\/\/gysfm.com.ar\/inicio\/wp-content\/uploads\/2026\/04\/250426rafaelgrossimileicedocg-2227421.jpg","articleSection":["NACIONALES"],"inLanguage":"es"},{"@type":"WebPage","@id":"https:\/\/gysfm.com.ar\/inicio\/rafael-grossi-la-maraton-del-hombre-nuclear-argentino-que-puede-terminar-en-la-onu\/","url":"https:\/\/gysfm.com.ar\/inicio\/rafael-grossi-la-maraton-del-hombre-nuclear-argentino-que-puede-terminar-en-la-onu\/","name":"Rafael Grossi, la marat\u00f3n del \"hombre nuclear\" argentino que puede terminar en la ONU - GYS NOTICIAS |","isPartOf":{"@id":"https:\/\/gysfm.com.ar\/inicio\/#website"},"primaryImageOfPage":{"@id":"https:\/\/gysfm.com.ar\/inicio\/rafael-grossi-la-maraton-del-hombre-nuclear-argentino-que-puede-terminar-en-la-onu\/#primaryimage"},"image":{"@id":"https:\/\/gysfm.com.ar\/inicio\/rafael-grossi-la-maraton-del-hombre-nuclear-argentino-que-puede-terminar-en-la-onu\/#primaryimage"},"thumbnailUrl":"https:\/\/gysfm.com.ar\/inicio\/wp-content\/uploads\/2026\/04\/250426rafaelgrossimileicedocg-2227421.jpg","datePublished":"2026-04-26T18:07:05+00:00","breadcrumb":{"@id":"https:\/\/gysfm.com.ar\/inicio\/rafael-grossi-la-maraton-del-hombre-nuclear-argentino-que-puede-terminar-en-la-onu\/#breadcrumb"},"inLanguage":"es","potentialAction":[{"@type":"ReadAction","target":["https:\/\/gysfm.com.ar\/inicio\/rafael-grossi-la-maraton-del-hombre-nuclear-argentino-que-puede-terminar-en-la-onu\/"]}]},{"@type":"ImageObject","inLanguage":"es","@id":"https:\/\/gysfm.com.ar\/inicio\/rafael-grossi-la-maraton-del-hombre-nuclear-argentino-que-puede-terminar-en-la-onu\/#primaryimage","url":"https:\/\/gysfm.com.ar\/inicio\/wp-content\/uploads\/2026\/04\/250426rafaelgrossimileicedocg-2227421.jpg","contentUrl":"https:\/\/gysfm.com.ar\/inicio\/wp-content\/uploads\/2026\/04\/250426rafaelgrossimileicedocg-2227421.jpg","width":1140,"height":641},{"@type":"BreadcrumbList","@id":"https:\/\/gysfm.com.ar\/inicio\/rafael-grossi-la-maraton-del-hombre-nuclear-argentino-que-puede-terminar-en-la-onu\/#breadcrumb","itemListElement":[{"@type":"ListItem","position":1,"name":"Portada","item":"https:\/\/gysfm.com.ar\/inicio\/"},{"@type":"ListItem","position":2,"name":"Rafael Grossi, la marat\u00f3n del \u00abhombre nuclear\u00bb argentino que puede terminar en la ONU"}]},{"@type":"WebSite","@id":"https:\/\/gysfm.com.ar\/inicio\/#website","url":"https:\/\/gysfm.com.ar\/inicio\/","name":"GYS NOTICIAS |","description":"DIARIO - RADIO ONLINE SAN JUAN ARGENTINA","publisher":{"@id":"https:\/\/gysfm.com.ar\/inicio\/#organization"},"potentialAction":[{"@type":"SearchAction","target":{"@type":"EntryPoint","urlTemplate":"https:\/\/gysfm.com.ar\/inicio\/?s={search_term_string}"},"query-input":{"@type":"PropertyValueSpecification","valueRequired":true,"valueName":"search_term_string"}}],"inLanguage":"es"},{"@type":"Organization","@id":"https:\/\/gysfm.com.ar\/inicio\/#organization","name":"GYS NOTICIAS |","url":"https:\/\/gysfm.com.ar\/inicio\/","logo":{"@type":"ImageObject","inLanguage":"es","@id":"https:\/\/gysfm.com.ar\/inicio\/#\/schema\/logo\/image\/","url":"https:\/\/gysfm.com.ar\/inicio\/wp-content\/uploads\/2023\/07\/LOGOGYS-OK.png","contentUrl":"https:\/\/gysfm.com.ar\/inicio\/wp-content\/uploads\/2023\/07\/LOGOGYS-OK.png","width":1170,"height":872,"caption":"GYS NOTICIAS |"},"image":{"@id":"https:\/\/gysfm.com.ar\/inicio\/#\/schema\/logo\/image\/"}},{"@type":"Person","@id":"https:\/\/gysfm.com.ar\/inicio\/#\/schema\/person\/3abba7593ef2ad19e1be221d54383dc5","name":"Prensa G&amp;S FM","image":{"@type":"ImageObject","inLanguage":"es","@id":"https:\/\/gysfm.com.ar\/inicio\/#\/schema\/person\/image\/","url":"https:\/\/secure.gravatar.com\/avatar\/096ec78df02049ab018702bb4ccedf659377fa92a26540b5247612077a0dbd29?s=96&d=mm&r=g","contentUrl":"https:\/\/secure.gravatar.com\/avatar\/096ec78df02049ab018702bb4ccedf659377fa92a26540b5247612077a0dbd29?s=96&d=mm&r=g","caption":"Prensa G&amp;S FM"},"sameAs":["https:\/\/gysfm.com.ar\/"],"url":"https:\/\/gysfm.com.ar\/inicio\/author\/lucasm\/"}]}},"_links":{"self":[{"href":"https:\/\/gysfm.com.ar\/inicio\/wp-json\/wp\/v2\/posts\/193129","targetHints":{"allow":["GET"]}}],"collection":[{"href":"https:\/\/gysfm.com.ar\/inicio\/wp-json\/wp\/v2\/posts"}],"about":[{"href":"https:\/\/gysfm.com.ar\/inicio\/wp-json\/wp\/v2\/types\/post"}],"author":[{"embeddable":true,"href":"https:\/\/gysfm.com.ar\/inicio\/wp-json\/wp\/v2\/users\/2"}],"replies":[{"embeddable":true,"href":"https:\/\/gysfm.com.ar\/inicio\/wp-json\/wp\/v2\/comments?post=193129"}],"version-history":[{"count":0,"href":"https:\/\/gysfm.com.ar\/inicio\/wp-json\/wp\/v2\/posts\/193129\/revisions"}],"wp:featuredmedia":[{"embeddable":true,"href":"https:\/\/gysfm.com.ar\/inicio\/wp-json\/wp\/v2\/media\/193130"}],"wp:attachment":[{"href":"https:\/\/gysfm.com.ar\/inicio\/wp-json\/wp\/v2\/media?parent=193129"}],"wp:term":[{"taxonomy":"category","embeddable":true,"href":"https:\/\/gysfm.com.ar\/inicio\/wp-json\/wp\/v2\/categories?post=193129"},{"taxonomy":"post_tag","embeddable":true,"href":"https:\/\/gysfm.com.ar\/inicio\/wp-json\/wp\/v2\/tags?post=193129"}],"curies":[{"name":"wp","href":"https:\/\/api.w.org\/{rel}","templated":true}]}}