{"id":193127,"date":"2026-04-26T14:59:10","date_gmt":"2026-04-26T17:59:10","guid":{"rendered":"https:\/\/gysfm.com.ar\/inicio\/la-nasa-adelanto-como-sera-el-cohete-de-artemis-iii-que-enviara-con-astronautas-al-espacio\/"},"modified":"2026-04-26T14:59:11","modified_gmt":"2026-04-26T17:59:11","slug":"la-nasa-adelanto-como-sera-el-cohete-de-artemis-iii-que-enviara-con-astronautas-al-espacio","status":"publish","type":"post","link":"https:\/\/gysfm.com.ar\/inicio\/la-nasa-adelanto-como-sera-el-cohete-de-artemis-iii-que-enviara-con-astronautas-al-espacio\/","title":{"rendered":"La NASA adelant\u00f3 c\u00f3mo ser\u00e1 el cohete de Artemis III que enviar\u00e1 con astronautas al espacio"},"content":{"rendered":"<p> <br \/>\n<\/p>\n<div>\n<p class=\"com-paragraph  --capital --s\">La <strong>NASA <\/strong>dio un <strong>nuevo paso en su plan para <\/strong><a href=\"https:\/\/www.lanacion.com.ar\/ciencia\/es-oficial-la-nasa-ya-tiene-fecha-para-la-mision-artemis-que-bajara-a-la-luna-nid20042026\/\" target=\"_self\" title=\"https:\/\/www.lanacion.com.ar\/ciencia\/es-oficial-la-nasa-ya-tiene-fecha-para-la-mision-artemis-que-bajara-a-la-luna-nid20042026\/\" class=\"com-link break-word\" data-mrf-recirculation=\"n_link_parrafo\"><strong>volver a llevar humanos a la Luna<\/strong><\/a> con la presentaci\u00f3n de la etapa central del cohete que se utilizar\u00e1 en la misi\u00f3n<strong> Artemis III<\/strong>, prevista dentro del programa Artemis.<\/p>\n<p class=\"com-paragraph   --s\">Se trata de la secci\u00f3n m\u00e1s grande y potente del cohete <em>Space Launch System<\/em> (SLS), considerada la <strong>\u201ccolumna vertebral\u201d<\/strong> del sistema de lanzamiento, seg\u00fan indic\u00f3 el portal <a href=\"https:\/\/www.20minutos.es\/tecnologia\/actualidad\/siguiente-gran-hito-nasa-marcha-cohete-sls-comienza-su-camino-para-hacer-realidad-artemis-iii_6958017_0.html?utm_rs=AP_z8x9azm9TCyPb-C2DG1pIA\" target=\"_blank\" title=\"https:\/\/www.20minutos.es\/tecnologia\/actualidad\/siguiente-gran-hito-nasa-marcha-cohete-sls-comienza-su-camino-para-hacer-realidad-artemis-iii_6958017_0.html?utm_rs=AP_z8x9azm9TCyPb-C2DG1pIA\" class=\"com-link break-word\" data-mrf-recirculation=\"n_link_parrafo\" rel=\"nofollow\"><em>20 minutos<\/em><\/a>.<\/p>\n<div class=\"content-media\">\n<section role=\"button\" class=\"mod-media   \">\n<figure role=\"button\" tabindex=\"0\" class=\"mod-figure \"><figcaption class=\"mod-figcaption\"><span class=\"com-text --caption --twoxs\">Etapa central del cohete Artemis III (NASA\/Michael DeMocker)<\/span><\/figcaption><\/figure>\n<\/section>\n<\/div>\n<p class=\"com-paragraph   --s\">La etapa central del SLS concentra la mayor parte de la estructura del veh\u00edculo y es fundamental para <strong>impulsar la nave durante el despegue<\/strong>.<\/p>\n<p class=\"com-paragraph   --s\">Seg\u00fan detall\u00f3 la agencia,<strong> incluye los tanques de hidr\u00f3geno y ox\u00edgeno l\u00edquido, el intertanque y la estructura frontal<\/strong>, componentes esenciales para el funcionamiento del sistema.<\/p>\n<p class=\"com-paragraph   --s\">Esta secci\u00f3n fue trasladada desde el centro de ensamblaje Michoud, en Nueva Orleans, hasta el Centro Espacial Kennedy, en Florida, donde ser\u00e1 integrada al resto del cohete.<\/p>\n<p class=\"com-paragraph   --s\">La misi\u00f3n denominada <strong>Artemis III<\/strong> tiene su <a href=\"https:\/\/www.lanacion.com.ar\/ciencia\/es-oficial-la-nasa-ya-tiene-fecha-para-la-mision-artemis-que-bajara-a-la-luna-nid20042026\/\" target=\"_self\" title=\"https:\/\/www.lanacion.com.ar\/ciencia\/es-oficial-la-nasa-ya-tiene-fecha-para-la-mision-artemis-que-bajara-a-la-luna-nid20042026\/\" class=\"com-link break-word\" data-mrf-recirculation=\"n_link_parrafo\">fecha de ejecuci\u00f3n prevista<\/a> para <strong>mediados de 2027<\/strong>. Esta fase del proyecto resulta fundamental porque constituye el momento en el que la c\u00e1psula de tripulaci\u00f3n Ori\u00f3n deber\u00e1 realizar una maniobra de acoplamiento en la \u00f3rbita terrestre. Seg\u00fan los datos provistos por <a href=\"https:\/\/www.bbc.com\/mundo\/articles\/ce35eynplj7o\" target=\"_blank\" title=\"https:\/\/www.bbc.com\/mundo\/articles\/ce35eynplj7o\" class=\"com-link break-word\" data-mrf-recirculation=\"n_link_parrafo\" rel=\"nofollow\"><em>BBC<\/em><\/a>, <strong>el plan integra el uso de uno o dos m\u00f3dulos de aterrizaje para concretar el descenso<\/strong>.<\/p>\n<div class=\"content-media cursor-pointer container-center-100\">\n<section class=\"media-container relative ratio-16-9 mod-media pb-32\">\n<figure class=\"mod-video\">\n<div class=\"video-player bg-black ratio-16-9\" data-has-jwplayer=\"true\" data-video-id-jw=\"WXJCuodm\" data-config=\"{&quot;title&quot;:&quot;El lanzamiento del cohete del Artemis II&quot;,&quot;mediaId&quot;:&quot;WXJCuodm&quot;,&quot;playerId&quot;:&quot;ih0086X3&quot;,&quot;playlist&quot;:[{&quot;mediaid&quot;:&quot;WXJCuodm&quot;,&quot;sources&quot;:[{&quot;file&quot;:&quot;https:\/\/cdn.jwplayer.com\/manifests\/WXJCuodm.m3u8&quot;,&quot;type&quot;:&quot;application\/vnd.apple.mpegurl&quot;},{&quot;bitrate&quot;:187250,&quot;file&quot;:&quot;https:\/\/cdn.jwplayer.com\/videos\/WXJCuodm-kTExGaWf.mp4&quot;,&quot;filesize&quot;:3510952,&quot;framerate&quot;:30,&quot;height&quot;:320,&quot;label&quot;:&quot;180p&quot;,&quot;type&quot;:&quot;video\/mp4&quot;,&quot;width&quot;:180},{&quot;bitrate&quot;:245905,&quot;file&quot;:&quot;https:\/\/cdn.jwplayer.com\/videos\/WXJCuodm-K8B0kybS.mp4&quot;,&quot;filesize&quot;:4610735,&quot;framerate&quot;:30,&quot;height&quot;:480,&quot;label&quot;:&quot;270p&quot;,&quot;type&quot;:&quot;video\/mp4&quot;,&quot;width&quot;:270},{&quot;bitrate&quot;:512407,&quot;file&quot;:&quot;https:\/\/cdn.jwplayer.com\/videos\/WXJCuodm-46NIuRKO.mp4&quot;,&quot;filesize&quot;:9607641,&quot;framerate&quot;:30,&quot;height&quot;:1280,&quot;label&quot;:&quot;720p&quot;,&quot;type&quot;:&quot;video\/mp4&quot;,&quot;width&quot;:720},{&quot;bitrate&quot;:113419,&quot;file&quot;:&quot;https:\/\/cdn.jwplayer.com\/videos\/WXJCuodm-hz5z2Tv4.m4a&quot;,&quot;filesize&quot;:2126624,&quot;label&quot;:&quot;AAC Audio&quot;,&quot;type&quot;:&quot;audio\/mp4&quot;},{&quot;bitrate&quot;:283162,&quot;file&quot;:&quot;https:\/\/cdn.jwplayer.com\/videos\/WXJCuodm-FnZGUVnC.mp4&quot;,&quot;filesize&quot;:5309289,&quot;framerate&quot;:30,&quot;height&quot;:640,&quot;label&quot;:&quot;360p&quot;,&quot;type&quot;:&quot;video\/mp4&quot;,&quot;width&quot;:360},{&quot;bitrate&quot;:425260,&quot;file&quot;:&quot;https:\/\/cdn.jwplayer.com\/videos\/WXJCuodm-0G6Pwvlw.mp4&quot;,&quot;filesize&quot;:7973637,&quot;framerate&quot;:30,&quot;height&quot;:960,&quot;label&quot;:&quot;540p&quot;,&quot;type&quot;:&quot;video\/mp4&quot;,&quot;width&quot;:540}]}],&quot;hasAutoplay&quot;:false,&quot;autostart&quot;:true,&quot;tagsUrl&quot;:&quot;https:\/\/pubads.g.doubleclick.net\/gampad\/ads?slotname=\/133919216\/la_nacion_video\/nota\/preroll&amp;sz=640x480|400x300&amp;ciu_szs=300x250&amp;unviewed_position_start=1&amp;output=vast&amp;impl=s&amp;env=vp&amp;gdfp_req=1&amp;ad_rule=0&amp;vad_type=linear&amp;vpos=preroll&amp;cust_params=tags_nuevos%3Dte_nasa%2Cte_artemis_ii%2Cte_ln_%2Cte_audiencia%2Cca_el_mundo%2Cca_ln_%2C%2CLGXU2ES7ERE75EFE6V3DRKSWSI&amp;pod=3&amp;ppos=1&amp;lip=true&amp;min_ad_duration=0&amp;max_ad_duration=30000&amp;vrid=6256&amp;url=https%3A%2F%2Fwww.lanacion.com.ar%2Fel-mundo%2Fartemis-iii-asi-sera-la-columna-vertebral-del-nuevo-cohete-que-la-nasa-enviara-al-espacio-nid25042026%2F%3Fvariant%3DA&amp;description_url=https%3A%2F%2Fwww.lanacion.com.ar%2Fel-mundo%2Fartemis-iii-asi-sera-la-columna-vertebral-del-nuevo-cohete-que-la-nasa-enviara-al-espacio-nid25042026%2F%3Fvariant%3DA&amp;video_doc_id=short_onecue&amp;cmsid=496&amp;kfa=0&amp;tfcd=0&amp;correlator=1777225831027&quot;,&quot;arcSite&quot;:&quot;la-nacion-ar&quot;,&quot;duration&quot;:&quot;150000&quot;}\">\n<div id=\"facade-WXJCuodm\" class=\"content-facade-jw relative bg-black ratio-16-9\"><picture><source media=\"(max-width: 767px)\" srcset=\"https:\/\/resizer.glanacion.com\/resizer\/v2\/https%3A%2F%2Fcdn.jwplayer.com%2Fv2%2Fmedia%2FWXJCuodm%2Fposter.jpg%3Fwidth%3D720?auth=6819d848200a96c8a4dac1dcc1a15efb433f5d6480d233fcf4b48bd888c2b9e6&amp;width=480&amp;quality=70&amp;smart=false\"\/><\/picture><\/div>\n<\/div><figcaption class=\"border border-1 border-bottom border-light-300 relative px-16 py-8 min-h-36 w-100_md px-0_l mb-8 bg-white\"><span class=\"text ln-text text-16 block\">El lanzamiento del cohete del Artemis II<\/span><\/figcaption><\/figure>\n<\/section>\n<\/div>\n<p class=\"com-paragraph   --s\">Este hito representa el punto culminante de una serie de pruebas previas. La complejidad de la operaci\u00f3n reside en la necesidad de sincronizar veh\u00edculos espaciales desarrollados por distintos proveedores. Actualmente,<strong> el cronograma oficial fija ese horizonte temporal, aunque la viabilidad de la fecha depende de la superaci\u00f3n de diversos fallos t\u00e9cnicos <\/strong>registrados en los componentes de propulsi\u00f3n y transporte.<\/p>\n<p class=\"com-paragraph   --s\">La <strong>NASA<\/strong> deleg\u00f3 la construcci\u00f3n de los veh\u00edculos de descenso en dos compa\u00f1\u00edas privadas de gran relevancia en el sector aeroespacial. La empresa <em><strong>SpaceX<\/strong><\/em><em>, <\/em>propiedad de Elon Musk, desarrolla una versi\u00f3n lunar del cohete <strong>Starship<\/strong>. Esta estructura destaca por sus dimensiones, con una altura total de 35 metros.<\/p>\n<p class=\"com-paragraph   --s\">Por otro lado, la firma <strong>Blue Origin<\/strong>, liderada por Jeff Bezos, trabaja en la nave <strong>Blue Moon Mark 2<\/strong>. Este modelo presenta un dise\u00f1o m\u00e1s compacto en comparaci\u00f3n con su competidor, pero mantiene niveles de ambici\u00f3n t\u00e9cnica similares para la exploraci\u00f3n lunar.<\/p>\n<section class=\"container-center-100 mb-40 border border-bottom border-thin border-neutral-light-700\">\n<hr\/>\n<\/section>\n<\/div>\n<p><script id=\"facebookpixel\" defer=\"\" type=\"text\/javascript\">\n        !function(f,b,e,v,n,t,s)\n        {if(f.fbq)return;n=f.fbq=function(){n.callMethod?\n        n.callMethod.apply(n,arguments):n.queue.push(arguments)};\n        if(!f._fbq)f._fbq=n;n.push=n;n.loaded=!0;n.version='2.0';\n        n.queue=[];t=b.createElement(e);t.async=!0;\n        t.src=v;s=b.getElementsByTagName(e)[0];\n        s.parentNode.insertBefore(t,s)}(window, document,'script',\n        'https:\/\/connect.facebook.net\/en_US\/fbevents.js');\n        fbq('init', '492459597522335');\n        fbq('track', 'PageView');\n    <\/script><br \/>\n<br \/><\/p>\n","protected":false},"excerpt":{"rendered":"<p>La NASA dio un nuevo paso en su plan para volver a llevar humanos a la Luna con la presentaci\u00f3n de la etapa central del cohete que se utilizar\u00e1 en la misi\u00f3n Artemis III, prevista dentro del programa Artemis. Se trata de la secci\u00f3n m\u00e1s grande y potente del cohete Space Launch System (SLS), considerada [&hellip;]<\/p>\n","protected":false},"author":2,"featured_media":193051,"comment_status":"closed","ping_status":"closed","sticky":false,"template":"","format":"standard","meta":{"footnotes":""},"categories":[26],"tags":[],"class_list":["post-193127","post","type-post","status-publish","format-standard","has-post-thumbnail","hentry","category-internacionales"],"yoast_head":"<!-- This site is optimized with the Yoast SEO plugin v24.4 - https:\/\/yoast.com\/wordpress\/plugins\/seo\/ -->\n<title>La NASA adelant\u00f3 c\u00f3mo ser\u00e1 el cohete de Artemis III que enviar\u00e1 con astronautas al espacio - GYS NOTICIAS |<\/title>\n<meta name=\"robots\" content=\"index, follow, max-snippet:-1, max-image-preview:large, max-video-preview:-1\" \/>\n<link rel=\"canonical\" href=\"https:\/\/gysfm.com.ar\/inicio\/la-nasa-adelanto-como-sera-el-cohete-de-artemis-iii-que-enviara-con-astronautas-al-espacio\/\" \/>\n<meta property=\"og:locale\" content=\"es_ES\" \/>\n<meta property=\"og:type\" content=\"article\" \/>\n<meta property=\"og:title\" content=\"La NASA adelant\u00f3 c\u00f3mo ser\u00e1 el cohete de Artemis III que enviar\u00e1 con astronautas al espacio - GYS NOTICIAS |\" \/>\n<meta property=\"og:description\" content=\"La NASA dio un nuevo paso en su plan para volver a llevar humanos a la Luna con la presentaci\u00f3n de la etapa central del cohete que se utilizar\u00e1 en la misi\u00f3n Artemis III, prevista dentro del programa Artemis. Se trata de la secci\u00f3n m\u00e1s grande y potente del cohete Space Launch System (SLS), considerada [&hellip;]\" \/>\n<meta property=\"og:url\" content=\"https:\/\/gysfm.com.ar\/inicio\/la-nasa-adelanto-como-sera-el-cohete-de-artemis-iii-que-enviara-con-astronautas-al-espacio\/\" \/>\n<meta property=\"og:site_name\" content=\"GYS NOTICIAS |\" \/>\n<meta property=\"article:published_time\" content=\"2026-04-26T17:59:10+00:00\" \/>\n<meta property=\"article:modified_time\" content=\"2026-04-26T17:59:11+00:00\" \/>\n<meta property=\"og:image\" content=\"https:\/\/gysfm.com.ar\/inicio\/wp-content\/uploads\/2026\/04\/la-mision-artemis-ii-despego-el-1-de-abril-de-7JMD5OQRQBD4FAAELS7BBFSTTA.jpg\" \/>\n\t<meta property=\"og:image:width\" content=\"1200\" \/>\n\t<meta property=\"og:image:height\" content=\"800\" \/>\n\t<meta property=\"og:image:type\" content=\"image\/jpeg\" \/>\n<meta name=\"author\" content=\"Prensa G&amp;S FM\" \/>\n<meta name=\"twitter:card\" content=\"summary_large_image\" \/>\n<meta name=\"twitter:label1\" content=\"Escrito por\" \/>\n\t<meta name=\"twitter:data1\" content=\"Prensa G&amp;S FM\" \/>\n\t<meta name=\"twitter:label2\" content=\"Tiempo de lectura\" \/>\n\t<meta name=\"twitter:data2\" content=\"2 minutos\" \/>\n<script type=\"application\/ld+json\" class=\"yoast-schema-graph\">{\"@context\":\"https:\/\/schema.org\",\"@graph\":[{\"@type\":\"Article\",\"@id\":\"https:\/\/gysfm.com.ar\/inicio\/la-nasa-adelanto-como-sera-el-cohete-de-artemis-iii-que-enviara-con-astronautas-al-espacio\/#article\",\"isPartOf\":{\"@id\":\"https:\/\/gysfm.com.ar\/inicio\/la-nasa-adelanto-como-sera-el-cohete-de-artemis-iii-que-enviara-con-astronautas-al-espacio\/\"},\"author\":{\"name\":\"Prensa G&amp;S FM\",\"@id\":\"https:\/\/gysfm.com.ar\/inicio\/#\/schema\/person\/3abba7593ef2ad19e1be221d54383dc5\"},\"headline\":\"La NASA adelant\u00f3 c\u00f3mo ser\u00e1 el cohete de Artemis III que enviar\u00e1 con astronautas al espacio\",\"datePublished\":\"2026-04-26T17:59:10+00:00\",\"dateModified\":\"2026-04-26T17:59:11+00:00\",\"mainEntityOfPage\":{\"@id\":\"https:\/\/gysfm.com.ar\/inicio\/la-nasa-adelanto-como-sera-el-cohete-de-artemis-iii-que-enviara-con-astronautas-al-espacio\/\"},\"wordCount\":422,\"publisher\":{\"@id\":\"https:\/\/gysfm.com.ar\/inicio\/#organization\"},\"image\":{\"@id\":\"https:\/\/gysfm.com.ar\/inicio\/la-nasa-adelanto-como-sera-el-cohete-de-artemis-iii-que-enviara-con-astronautas-al-espacio\/#primaryimage\"},\"thumbnailUrl\":\"https:\/\/gysfm.com.ar\/inicio\/wp-content\/uploads\/2026\/04\/la-mision-artemis-ii-despego-el-1-de-abril-de-7JMD5OQRQBD4FAAELS7BBFSTTA.jpg\",\"articleSection\":[\"INTERNACIONALES\"],\"inLanguage\":\"es\"},{\"@type\":\"WebPage\",\"@id\":\"https:\/\/gysfm.com.ar\/inicio\/la-nasa-adelanto-como-sera-el-cohete-de-artemis-iii-que-enviara-con-astronautas-al-espacio\/\",\"url\":\"https:\/\/gysfm.com.ar\/inicio\/la-nasa-adelanto-como-sera-el-cohete-de-artemis-iii-que-enviara-con-astronautas-al-espacio\/\",\"name\":\"La NASA adelant\u00f3 c\u00f3mo ser\u00e1 el cohete de Artemis III que enviar\u00e1 con astronautas al espacio - GYS NOTICIAS |\",\"isPartOf\":{\"@id\":\"https:\/\/gysfm.com.ar\/inicio\/#website\"},\"primaryImageOfPage\":{\"@id\":\"https:\/\/gysfm.com.ar\/inicio\/la-nasa-adelanto-como-sera-el-cohete-de-artemis-iii-que-enviara-con-astronautas-al-espacio\/#primaryimage\"},\"image\":{\"@id\":\"https:\/\/gysfm.com.ar\/inicio\/la-nasa-adelanto-como-sera-el-cohete-de-artemis-iii-que-enviara-con-astronautas-al-espacio\/#primaryimage\"},\"thumbnailUrl\":\"https:\/\/gysfm.com.ar\/inicio\/wp-content\/uploads\/2026\/04\/la-mision-artemis-ii-despego-el-1-de-abril-de-7JMD5OQRQBD4FAAELS7BBFSTTA.jpg\",\"datePublished\":\"2026-04-26T17:59:10+00:00\",\"dateModified\":\"2026-04-26T17:59:11+00:00\",\"breadcrumb\":{\"@id\":\"https:\/\/gysfm.com.ar\/inicio\/la-nasa-adelanto-como-sera-el-cohete-de-artemis-iii-que-enviara-con-astronautas-al-espacio\/#breadcrumb\"},\"inLanguage\":\"es\",\"potentialAction\":[{\"@type\":\"ReadAction\",\"target\":[\"https:\/\/gysfm.com.ar\/inicio\/la-nasa-adelanto-como-sera-el-cohete-de-artemis-iii-que-enviara-con-astronautas-al-espacio\/\"]}]},{\"@type\":\"ImageObject\",\"inLanguage\":\"es\",\"@id\":\"https:\/\/gysfm.com.ar\/inicio\/la-nasa-adelanto-como-sera-el-cohete-de-artemis-iii-que-enviara-con-astronautas-al-espacio\/#primaryimage\",\"url\":\"https:\/\/gysfm.com.ar\/inicio\/wp-content\/uploads\/2026\/04\/la-mision-artemis-ii-despego-el-1-de-abril-de-7JMD5OQRQBD4FAAELS7BBFSTTA.jpg\",\"contentUrl\":\"https:\/\/gysfm.com.ar\/inicio\/wp-content\/uploads\/2026\/04\/la-mision-artemis-ii-despego-el-1-de-abril-de-7JMD5OQRQBD4FAAELS7BBFSTTA.jpg\",\"width\":1200,\"height\":800},{\"@type\":\"BreadcrumbList\",\"@id\":\"https:\/\/gysfm.com.ar\/inicio\/la-nasa-adelanto-como-sera-el-cohete-de-artemis-iii-que-enviara-con-astronautas-al-espacio\/#breadcrumb\",\"itemListElement\":[{\"@type\":\"ListItem\",\"position\":1,\"name\":\"Portada\",\"item\":\"https:\/\/gysfm.com.ar\/inicio\/\"},{\"@type\":\"ListItem\",\"position\":2,\"name\":\"La NASA adelant\u00f3 c\u00f3mo ser\u00e1 el cohete de Artemis III que enviar\u00e1 con astronautas al espacio\"}]},{\"@type\":\"WebSite\",\"@id\":\"https:\/\/gysfm.com.ar\/inicio\/#website\",\"url\":\"https:\/\/gysfm.com.ar\/inicio\/\",\"name\":\"GYS NOTICIAS |\",\"description\":\"DIARIO - RADIO ONLINE SAN JUAN ARGENTINA\",\"publisher\":{\"@id\":\"https:\/\/gysfm.com.ar\/inicio\/#organization\"},\"potentialAction\":[{\"@type\":\"SearchAction\",\"target\":{\"@type\":\"EntryPoint\",\"urlTemplate\":\"https:\/\/gysfm.com.ar\/inicio\/?s={search_term_string}\"},\"query-input\":{\"@type\":\"PropertyValueSpecification\",\"valueRequired\":true,\"valueName\":\"search_term_string\"}}],\"inLanguage\":\"es\"},{\"@type\":\"Organization\",\"@id\":\"https:\/\/gysfm.com.ar\/inicio\/#organization\",\"name\":\"GYS NOTICIAS |\",\"url\":\"https:\/\/gysfm.com.ar\/inicio\/\",\"logo\":{\"@type\":\"ImageObject\",\"inLanguage\":\"es\",\"@id\":\"https:\/\/gysfm.com.ar\/inicio\/#\/schema\/logo\/image\/\",\"url\":\"https:\/\/gysfm.com.ar\/inicio\/wp-content\/uploads\/2023\/07\/LOGOGYS-OK.png\",\"contentUrl\":\"https:\/\/gysfm.com.ar\/inicio\/wp-content\/uploads\/2023\/07\/LOGOGYS-OK.png\",\"width\":1170,\"height\":872,\"caption\":\"GYS NOTICIAS |\"},\"image\":{\"@id\":\"https:\/\/gysfm.com.ar\/inicio\/#\/schema\/logo\/image\/\"}},{\"@type\":\"Person\",\"@id\":\"https:\/\/gysfm.com.ar\/inicio\/#\/schema\/person\/3abba7593ef2ad19e1be221d54383dc5\",\"name\":\"Prensa G&amp;S FM\",\"image\":{\"@type\":\"ImageObject\",\"inLanguage\":\"es\",\"@id\":\"https:\/\/gysfm.com.ar\/inicio\/#\/schema\/person\/image\/\",\"url\":\"https:\/\/secure.gravatar.com\/avatar\/096ec78df02049ab018702bb4ccedf659377fa92a26540b5247612077a0dbd29?s=96&d=mm&r=g\",\"contentUrl\":\"https:\/\/secure.gravatar.com\/avatar\/096ec78df02049ab018702bb4ccedf659377fa92a26540b5247612077a0dbd29?s=96&d=mm&r=g\",\"caption\":\"Prensa G&amp;S FM\"},\"sameAs\":[\"https:\/\/gysfm.com.ar\/\"],\"url\":\"https:\/\/gysfm.com.ar\/inicio\/author\/lucasm\/\"}]}<\/script>\n<!-- \/ Yoast SEO plugin. -->","yoast_head_json":{"title":"La NASA adelant\u00f3 c\u00f3mo ser\u00e1 el cohete de Artemis III que enviar\u00e1 con astronautas al espacio - GYS NOTICIAS |","robots":{"index":"index","follow":"follow","max-snippet":"max-snippet:-1","max-image-preview":"max-image-preview:large","max-video-preview":"max-video-preview:-1"},"canonical":"https:\/\/gysfm.com.ar\/inicio\/la-nasa-adelanto-como-sera-el-cohete-de-artemis-iii-que-enviara-con-astronautas-al-espacio\/","og_locale":"es_ES","og_type":"article","og_title":"La NASA adelant\u00f3 c\u00f3mo ser\u00e1 el cohete de Artemis III que enviar\u00e1 con astronautas al espacio - GYS NOTICIAS |","og_description":"La NASA dio un nuevo paso en su plan para volver a llevar humanos a la Luna con la presentaci\u00f3n de la etapa central del cohete que se utilizar\u00e1 en la misi\u00f3n Artemis III, prevista dentro del programa Artemis. Se trata de la secci\u00f3n m\u00e1s grande y potente del cohete Space Launch System (SLS), considerada [&hellip;]","og_url":"https:\/\/gysfm.com.ar\/inicio\/la-nasa-adelanto-como-sera-el-cohete-de-artemis-iii-que-enviara-con-astronautas-al-espacio\/","og_site_name":"GYS NOTICIAS |","article_published_time":"2026-04-26T17:59:10+00:00","article_modified_time":"2026-04-26T17:59:11+00:00","og_image":[{"width":1200,"height":800,"url":"https:\/\/gysfm.com.ar\/inicio\/wp-content\/uploads\/2026\/04\/la-mision-artemis-ii-despego-el-1-de-abril-de-7JMD5OQRQBD4FAAELS7BBFSTTA.jpg","type":"image\/jpeg"}],"author":"Prensa G&amp;S FM","twitter_card":"summary_large_image","twitter_misc":{"Escrito por":"Prensa G&amp;S FM","Tiempo de lectura":"2 minutos"},"schema":{"@context":"https:\/\/schema.org","@graph":[{"@type":"Article","@id":"https:\/\/gysfm.com.ar\/inicio\/la-nasa-adelanto-como-sera-el-cohete-de-artemis-iii-que-enviara-con-astronautas-al-espacio\/#article","isPartOf":{"@id":"https:\/\/gysfm.com.ar\/inicio\/la-nasa-adelanto-como-sera-el-cohete-de-artemis-iii-que-enviara-con-astronautas-al-espacio\/"},"author":{"name":"Prensa G&amp;S FM","@id":"https:\/\/gysfm.com.ar\/inicio\/#\/schema\/person\/3abba7593ef2ad19e1be221d54383dc5"},"headline":"La NASA adelant\u00f3 c\u00f3mo ser\u00e1 el cohete de Artemis III que enviar\u00e1 con astronautas al espacio","datePublished":"2026-04-26T17:59:10+00:00","dateModified":"2026-04-26T17:59:11+00:00","mainEntityOfPage":{"@id":"https:\/\/gysfm.com.ar\/inicio\/la-nasa-adelanto-como-sera-el-cohete-de-artemis-iii-que-enviara-con-astronautas-al-espacio\/"},"wordCount":422,"publisher":{"@id":"https:\/\/gysfm.com.ar\/inicio\/#organization"},"image":{"@id":"https:\/\/gysfm.com.ar\/inicio\/la-nasa-adelanto-como-sera-el-cohete-de-artemis-iii-que-enviara-con-astronautas-al-espacio\/#primaryimage"},"thumbnailUrl":"https:\/\/gysfm.com.ar\/inicio\/wp-content\/uploads\/2026\/04\/la-mision-artemis-ii-despego-el-1-de-abril-de-7JMD5OQRQBD4FAAELS7BBFSTTA.jpg","articleSection":["INTERNACIONALES"],"inLanguage":"es"},{"@type":"WebPage","@id":"https:\/\/gysfm.com.ar\/inicio\/la-nasa-adelanto-como-sera-el-cohete-de-artemis-iii-que-enviara-con-astronautas-al-espacio\/","url":"https:\/\/gysfm.com.ar\/inicio\/la-nasa-adelanto-como-sera-el-cohete-de-artemis-iii-que-enviara-con-astronautas-al-espacio\/","name":"La NASA adelant\u00f3 c\u00f3mo ser\u00e1 el cohete de Artemis III que enviar\u00e1 con astronautas al espacio - GYS NOTICIAS |","isPartOf":{"@id":"https:\/\/gysfm.com.ar\/inicio\/#website"},"primaryImageOfPage":{"@id":"https:\/\/gysfm.com.ar\/inicio\/la-nasa-adelanto-como-sera-el-cohete-de-artemis-iii-que-enviara-con-astronautas-al-espacio\/#primaryimage"},"image":{"@id":"https:\/\/gysfm.com.ar\/inicio\/la-nasa-adelanto-como-sera-el-cohete-de-artemis-iii-que-enviara-con-astronautas-al-espacio\/#primaryimage"},"thumbnailUrl":"https:\/\/gysfm.com.ar\/inicio\/wp-content\/uploads\/2026\/04\/la-mision-artemis-ii-despego-el-1-de-abril-de-7JMD5OQRQBD4FAAELS7BBFSTTA.jpg","datePublished":"2026-04-26T17:59:10+00:00","dateModified":"2026-04-26T17:59:11+00:00","breadcrumb":{"@id":"https:\/\/gysfm.com.ar\/inicio\/la-nasa-adelanto-como-sera-el-cohete-de-artemis-iii-que-enviara-con-astronautas-al-espacio\/#breadcrumb"},"inLanguage":"es","potentialAction":[{"@type":"ReadAction","target":["https:\/\/gysfm.com.ar\/inicio\/la-nasa-adelanto-como-sera-el-cohete-de-artemis-iii-que-enviara-con-astronautas-al-espacio\/"]}]},{"@type":"ImageObject","inLanguage":"es","@id":"https:\/\/gysfm.com.ar\/inicio\/la-nasa-adelanto-como-sera-el-cohete-de-artemis-iii-que-enviara-con-astronautas-al-espacio\/#primaryimage","url":"https:\/\/gysfm.com.ar\/inicio\/wp-content\/uploads\/2026\/04\/la-mision-artemis-ii-despego-el-1-de-abril-de-7JMD5OQRQBD4FAAELS7BBFSTTA.jpg","contentUrl":"https:\/\/gysfm.com.ar\/inicio\/wp-content\/uploads\/2026\/04\/la-mision-artemis-ii-despego-el-1-de-abril-de-7JMD5OQRQBD4FAAELS7BBFSTTA.jpg","width":1200,"height":800},{"@type":"BreadcrumbList","@id":"https:\/\/gysfm.com.ar\/inicio\/la-nasa-adelanto-como-sera-el-cohete-de-artemis-iii-que-enviara-con-astronautas-al-espacio\/#breadcrumb","itemListElement":[{"@type":"ListItem","position":1,"name":"Portada","item":"https:\/\/gysfm.com.ar\/inicio\/"},{"@type":"ListItem","position":2,"name":"La NASA adelant\u00f3 c\u00f3mo ser\u00e1 el cohete de Artemis III que enviar\u00e1 con astronautas al espacio"}]},{"@type":"WebSite","@id":"https:\/\/gysfm.com.ar\/inicio\/#website","url":"https:\/\/gysfm.com.ar\/inicio\/","name":"GYS NOTICIAS |","description":"DIARIO - RADIO ONLINE SAN JUAN ARGENTINA","publisher":{"@id":"https:\/\/gysfm.com.ar\/inicio\/#organization"},"potentialAction":[{"@type":"SearchAction","target":{"@type":"EntryPoint","urlTemplate":"https:\/\/gysfm.com.ar\/inicio\/?s={search_term_string}"},"query-input":{"@type":"PropertyValueSpecification","valueRequired":true,"valueName":"search_term_string"}}],"inLanguage":"es"},{"@type":"Organization","@id":"https:\/\/gysfm.com.ar\/inicio\/#organization","name":"GYS NOTICIAS |","url":"https:\/\/gysfm.com.ar\/inicio\/","logo":{"@type":"ImageObject","inLanguage":"es","@id":"https:\/\/gysfm.com.ar\/inicio\/#\/schema\/logo\/image\/","url":"https:\/\/gysfm.com.ar\/inicio\/wp-content\/uploads\/2023\/07\/LOGOGYS-OK.png","contentUrl":"https:\/\/gysfm.com.ar\/inicio\/wp-content\/uploads\/2023\/07\/LOGOGYS-OK.png","width":1170,"height":872,"caption":"GYS NOTICIAS |"},"image":{"@id":"https:\/\/gysfm.com.ar\/inicio\/#\/schema\/logo\/image\/"}},{"@type":"Person","@id":"https:\/\/gysfm.com.ar\/inicio\/#\/schema\/person\/3abba7593ef2ad19e1be221d54383dc5","name":"Prensa G&amp;S FM","image":{"@type":"ImageObject","inLanguage":"es","@id":"https:\/\/gysfm.com.ar\/inicio\/#\/schema\/person\/image\/","url":"https:\/\/secure.gravatar.com\/avatar\/096ec78df02049ab018702bb4ccedf659377fa92a26540b5247612077a0dbd29?s=96&d=mm&r=g","contentUrl":"https:\/\/secure.gravatar.com\/avatar\/096ec78df02049ab018702bb4ccedf659377fa92a26540b5247612077a0dbd29?s=96&d=mm&r=g","caption":"Prensa G&amp;S FM"},"sameAs":["https:\/\/gysfm.com.ar\/"],"url":"https:\/\/gysfm.com.ar\/inicio\/author\/lucasm\/"}]}},"_links":{"self":[{"href":"https:\/\/gysfm.com.ar\/inicio\/wp-json\/wp\/v2\/posts\/193127","targetHints":{"allow":["GET"]}}],"collection":[{"href":"https:\/\/gysfm.com.ar\/inicio\/wp-json\/wp\/v2\/posts"}],"about":[{"href":"https:\/\/gysfm.com.ar\/inicio\/wp-json\/wp\/v2\/types\/post"}],"author":[{"embeddable":true,"href":"https:\/\/gysfm.com.ar\/inicio\/wp-json\/wp\/v2\/users\/2"}],"replies":[{"embeddable":true,"href":"https:\/\/gysfm.com.ar\/inicio\/wp-json\/wp\/v2\/comments?post=193127"}],"version-history":[{"count":1,"href":"https:\/\/gysfm.com.ar\/inicio\/wp-json\/wp\/v2\/posts\/193127\/revisions"}],"predecessor-version":[{"id":193128,"href":"https:\/\/gysfm.com.ar\/inicio\/wp-json\/wp\/v2\/posts\/193127\/revisions\/193128"}],"wp:featuredmedia":[{"embeddable":true,"href":"https:\/\/gysfm.com.ar\/inicio\/wp-json\/wp\/v2\/media\/193051"}],"wp:attachment":[{"href":"https:\/\/gysfm.com.ar\/inicio\/wp-json\/wp\/v2\/media?parent=193127"}],"wp:term":[{"taxonomy":"category","embeddable":true,"href":"https:\/\/gysfm.com.ar\/inicio\/wp-json\/wp\/v2\/categories?post=193127"},{"taxonomy":"post_tag","embeddable":true,"href":"https:\/\/gysfm.com.ar\/inicio\/wp-json\/wp\/v2\/tags?post=193127"}],"curies":[{"name":"wp","href":"https:\/\/api.w.org\/{rel}","templated":true}]}}