{"id":193125,"date":"2026-04-26T14:36:14","date_gmt":"2026-04-26T17:36:14","guid":{"rendered":"https:\/\/gysfm.com.ar\/inicio\/franco-colapinto-probo-la-mitica-flecha-de-plata-de-fangio\/"},"modified":"2026-04-26T14:36:14","modified_gmt":"2026-04-26T17:36:14","slug":"franco-colapinto-probo-la-mitica-flecha-de-plata-de-fangio","status":"publish","type":"post","link":"https:\/\/gysfm.com.ar\/inicio\/franco-colapinto-probo-la-mitica-flecha-de-plata-de-fangio\/","title":{"rendered":"Franco Colapinto prob\u00f3 la m\u00edtica \u00abFlecha de Plata\u00bb de Fangio"},"content":{"rendered":"<p><\/p>\n<div>\n<p><a target=\"_blank\" href=\"https:\/\/442.perfil.com\/noticias\/automovilismo\/franco-colapinto-a-full-en-la-previa-del-road-show-en-buenos-aires-a35.phtml\"><strong>Franco Colapinto<\/strong><\/a>\u00a0protagonizar\u00e1 este domingo un hecho hist\u00f3rico: <strong>ser\u00e1 el primer argentino en conducir un monoplaza de F\u00f3rmula 1 en las calles de la Ciudad de Buenos Aires<\/strong>.<\/p>\n<p>En las horas previas al evento, el actual piloto de Alpine se mostr\u00f3 distendido, tomando mate y charlando con su equipo antes de subirse a la<strong>\u00a0\u201cFlecha de Plata\u201d, el emblem\u00e1tico auto con el que\u00a0Juan Manuel Fangio\u00a0conquist\u00f3 el mundo.<\/strong><\/p>\n<p class=\"destacadoNota\"><a target=\"_blank\" href=\"http:\/\/https:\/\/442.perfil.com\/noticias\/automovilismo\/como-esta-avenida-libertador-a-horas-del-road-show-de-franco-colapinto-las-calles-de-buenos-aires-se-transforman-en-un-circuito-de-f1.phtml\">Los detalles del Road Show de Franco Colapinto: las calles de Buenos Aires se transforman en un circuito de F1<\/a><\/p>\n<h2><strong>El homenaje a Fangio<\/strong><\/h2>\n<p>Uno de los momentos m\u00e1s esperados de la exhibici\u00f3n ser\u00e1 el tributo al qu\u00edntuple campe\u00f3n mundial.<strong> Colapinto recorrer\u00e1 el circuito de Palermo a bordo de una r\u00e9plica del\u00a0Mercedes Benz W196 Roadster,<\/strong> modelo con el que la leyenda de Balcarce se coron\u00f3 en 1954 y 1955.<\/p>\n<p>Aunque el motor es una versi\u00f3n moderna de Mercedes por cuestiones de materiales, la estructura respeta fielmente el dise\u00f1o original, permitiendo que el sonido y la est\u00e9tica de la \u00e9poca dorada vuelvan a las calles porte\u00f1as.<\/p>\n<p><iframe id=\"vrudo\" class=\"vrudo\" src=\"https:\/\/rudo.video\/vod\/bWqZ8Z?volume=0\" width=\"100%\" height=\"100%\" allowscriptaccess=\"always\" allowfullscreen=\"true\" webkitallowfullscreen=\"true\" frameborder=\"0\" scrolling=\"no\" allow=\"autoplay; fullscreen\" loading=\"lazy\"><\/iframe><\/p>\n<h2><strong>Cronograma y d\u00f3nde ver el Road Show<\/strong><\/h2>\n<p>El evento contar\u00e1 con pantallas gigantes en puntos estrat\u00e9gicos como Av. del Libertador, Casares, Sarmiento y el Planetario. El cronograma principal destaca los siguientes horarios:<\/p>\n<ul>&#13;<\/p>\n<li>11:25\u00a0\u2013 Entrevista a Franco Colapinto.<\/li>\n<p>&#13;<\/p>\n<li>12:45\u00a0\u2013 Primera salida en el\u00a0Lotus E20 (2012).<\/li>\n<p>&#13;<\/p>\n<li>14:30\u00a0\u2013 Exhibici\u00f3n con la\u00a0Flecha de Plata\u00a0de Fangio.<\/li>\n<p>&#13;<\/p>\n<li>15:15\u00a0\u2013 Segunda vuelta con el Lotus de F1.<\/li>\n<p>&#13;<\/p>\n<li>16:15\u00a0\u2013 Cierre del evento tras un desfile en bus descapotable.<\/li>\n<p>&#13;\n<\/ul>\n<p>Adem\u00e1s de la acci\u00f3n en pista, el p\u00fablico podr\u00e1 disfrutar de shows musicales en vivo de\u00a0Soledad\u00a0(11:50) y\u00a0Luck Ra\u00a0(13:55).<\/p>\n<p>BP<\/p>\n<p>\t\t\t\t\t<!-- tags --><\/p><\/div>\n<p><script async defer crossorigin=\"anonymous\" src=\"https:\/\/connect.facebook.net\/es_LA\/sdk.js#xfbml=1&#038;version=v10.0&#038;appId=2243118389309392&#038;autoLogAppEvents=1\" nonce=\"9rD4vd6X\"><\/script><\/p>\n","protected":false},"excerpt":{"rendered":"<p>Franco Colapinto\u00a0protagonizar\u00e1 este domingo un hecho hist\u00f3rico: ser\u00e1 el primer argentino en conducir un monoplaza de F\u00f3rmula 1 en las calles de la Ciudad de Buenos Aires. En las horas previas al evento, el actual piloto de Alpine se mostr\u00f3 distendido, tomando mate y charlando con su equipo antes de subirse a la\u00a0\u201cFlecha de Plata\u201d, [&hellip;]<\/p>\n","protected":false},"author":2,"featured_media":193126,"comment_status":"closed","ping_status":"closed","sticky":false,"template":"","format":"standard","meta":{"footnotes":""},"categories":[25],"tags":[],"class_list":["post-193125","post","type-post","status-publish","format-standard","has-post-thumbnail","hentry","category-nacionales"],"yoast_head":"<!-- This site is optimized with the Yoast SEO plugin v24.4 - https:\/\/yoast.com\/wordpress\/plugins\/seo\/ -->\n<title>Franco Colapinto prob\u00f3 la m\u00edtica &quot;Flecha de Plata&quot; de Fangio - GYS NOTICIAS |<\/title>\n<meta name=\"robots\" content=\"index, follow, max-snippet:-1, max-image-preview:large, max-video-preview:-1\" \/>\n<link rel=\"canonical\" href=\"https:\/\/gysfm.com.ar\/inicio\/franco-colapinto-probo-la-mitica-flecha-de-plata-de-fangio\/\" \/>\n<meta property=\"og:locale\" content=\"es_ES\" \/>\n<meta property=\"og:type\" content=\"article\" \/>\n<meta property=\"og:title\" content=\"Franco Colapinto prob\u00f3 la m\u00edtica &quot;Flecha de Plata&quot; de Fangio - GYS NOTICIAS |\" \/>\n<meta property=\"og:description\" content=\"Franco Colapinto\u00a0protagonizar\u00e1 este domingo un hecho hist\u00f3rico: ser\u00e1 el primer argentino en conducir un monoplaza de F\u00f3rmula 1 en las calles de la Ciudad de Buenos Aires. En las horas previas al evento, el actual piloto de Alpine se mostr\u00f3 distendido, tomando mate y charlando con su equipo antes de subirse a la\u00a0\u201cFlecha de Plata\u201d, [&hellip;]\" \/>\n<meta property=\"og:url\" content=\"https:\/\/gysfm.com.ar\/inicio\/franco-colapinto-probo-la-mitica-flecha-de-plata-de-fangio\/\" \/>\n<meta property=\"og:site_name\" content=\"GYS NOTICIAS |\" \/>\n<meta property=\"article:published_time\" content=\"2026-04-26T17:36:14+00:00\" \/>\n<meta name=\"author\" content=\"Prensa G&amp;S FM\" \/>\n<meta name=\"twitter:card\" content=\"summary_large_image\" \/>\n<meta name=\"twitter:label1\" content=\"Escrito por\" \/>\n\t<meta name=\"twitter:data1\" content=\"Prensa G&amp;S FM\" \/>\n\t<meta name=\"twitter:label2\" content=\"Tiempo de lectura\" \/>\n\t<meta name=\"twitter:data2\" content=\"1 minuto\" \/>\n<script type=\"application\/ld+json\" class=\"yoast-schema-graph\">{\"@context\":\"https:\/\/schema.org\",\"@graph\":[{\"@type\":\"Article\",\"@id\":\"https:\/\/gysfm.com.ar\/inicio\/franco-colapinto-probo-la-mitica-flecha-de-plata-de-fangio\/#article\",\"isPartOf\":{\"@id\":\"https:\/\/gysfm.com.ar\/inicio\/franco-colapinto-probo-la-mitica-flecha-de-plata-de-fangio\/\"},\"author\":{\"name\":\"Prensa G&amp;S FM\",\"@id\":\"https:\/\/gysfm.com.ar\/inicio\/#\/schema\/person\/3abba7593ef2ad19e1be221d54383dc5\"},\"headline\":\"Franco Colapinto prob\u00f3 la m\u00edtica \u00abFlecha de Plata\u00bb de Fangio\",\"datePublished\":\"2026-04-26T17:36:14+00:00\",\"mainEntityOfPage\":{\"@id\":\"https:\/\/gysfm.com.ar\/inicio\/franco-colapinto-probo-la-mitica-flecha-de-plata-de-fangio\/\"},\"wordCount\":288,\"publisher\":{\"@id\":\"https:\/\/gysfm.com.ar\/inicio\/#organization\"},\"image\":{\"@id\":\"https:\/\/gysfm.com.ar\/inicio\/franco-colapinto-probo-la-mitica-flecha-de-plata-de-fangio\/#primaryimage\"},\"thumbnailUrl\":\"https:\/\/gysfm.com.ar\/inicio\/wp-content\/uploads\/2026\/04\/colapinto-en-la-flecha-de-plata-2227789.jpg\",\"articleSection\":[\"NACIONALES\"],\"inLanguage\":\"es\"},{\"@type\":\"WebPage\",\"@id\":\"https:\/\/gysfm.com.ar\/inicio\/franco-colapinto-probo-la-mitica-flecha-de-plata-de-fangio\/\",\"url\":\"https:\/\/gysfm.com.ar\/inicio\/franco-colapinto-probo-la-mitica-flecha-de-plata-de-fangio\/\",\"name\":\"Franco Colapinto prob\u00f3 la m\u00edtica \\\"Flecha de Plata\\\" de Fangio - GYS NOTICIAS |\",\"isPartOf\":{\"@id\":\"https:\/\/gysfm.com.ar\/inicio\/#website\"},\"primaryImageOfPage\":{\"@id\":\"https:\/\/gysfm.com.ar\/inicio\/franco-colapinto-probo-la-mitica-flecha-de-plata-de-fangio\/#primaryimage\"},\"image\":{\"@id\":\"https:\/\/gysfm.com.ar\/inicio\/franco-colapinto-probo-la-mitica-flecha-de-plata-de-fangio\/#primaryimage\"},\"thumbnailUrl\":\"https:\/\/gysfm.com.ar\/inicio\/wp-content\/uploads\/2026\/04\/colapinto-en-la-flecha-de-plata-2227789.jpg\",\"datePublished\":\"2026-04-26T17:36:14+00:00\",\"breadcrumb\":{\"@id\":\"https:\/\/gysfm.com.ar\/inicio\/franco-colapinto-probo-la-mitica-flecha-de-plata-de-fangio\/#breadcrumb\"},\"inLanguage\":\"es\",\"potentialAction\":[{\"@type\":\"ReadAction\",\"target\":[\"https:\/\/gysfm.com.ar\/inicio\/franco-colapinto-probo-la-mitica-flecha-de-plata-de-fangio\/\"]}]},{\"@type\":\"ImageObject\",\"inLanguage\":\"es\",\"@id\":\"https:\/\/gysfm.com.ar\/inicio\/franco-colapinto-probo-la-mitica-flecha-de-plata-de-fangio\/#primaryimage\",\"url\":\"https:\/\/gysfm.com.ar\/inicio\/wp-content\/uploads\/2026\/04\/colapinto-en-la-flecha-de-plata-2227789.jpg\",\"contentUrl\":\"https:\/\/gysfm.com.ar\/inicio\/wp-content\/uploads\/2026\/04\/colapinto-en-la-flecha-de-plata-2227789.jpg\",\"width\":1140,\"height\":641},{\"@type\":\"BreadcrumbList\",\"@id\":\"https:\/\/gysfm.com.ar\/inicio\/franco-colapinto-probo-la-mitica-flecha-de-plata-de-fangio\/#breadcrumb\",\"itemListElement\":[{\"@type\":\"ListItem\",\"position\":1,\"name\":\"Portada\",\"item\":\"https:\/\/gysfm.com.ar\/inicio\/\"},{\"@type\":\"ListItem\",\"position\":2,\"name\":\"Franco Colapinto prob\u00f3 la m\u00edtica \u00abFlecha de Plata\u00bb de Fangio\"}]},{\"@type\":\"WebSite\",\"@id\":\"https:\/\/gysfm.com.ar\/inicio\/#website\",\"url\":\"https:\/\/gysfm.com.ar\/inicio\/\",\"name\":\"GYS NOTICIAS |\",\"description\":\"DIARIO - RADIO ONLINE SAN JUAN ARGENTINA\",\"publisher\":{\"@id\":\"https:\/\/gysfm.com.ar\/inicio\/#organization\"},\"potentialAction\":[{\"@type\":\"SearchAction\",\"target\":{\"@type\":\"EntryPoint\",\"urlTemplate\":\"https:\/\/gysfm.com.ar\/inicio\/?s={search_term_string}\"},\"query-input\":{\"@type\":\"PropertyValueSpecification\",\"valueRequired\":true,\"valueName\":\"search_term_string\"}}],\"inLanguage\":\"es\"},{\"@type\":\"Organization\",\"@id\":\"https:\/\/gysfm.com.ar\/inicio\/#organization\",\"name\":\"GYS NOTICIAS |\",\"url\":\"https:\/\/gysfm.com.ar\/inicio\/\",\"logo\":{\"@type\":\"ImageObject\",\"inLanguage\":\"es\",\"@id\":\"https:\/\/gysfm.com.ar\/inicio\/#\/schema\/logo\/image\/\",\"url\":\"https:\/\/gysfm.com.ar\/inicio\/wp-content\/uploads\/2023\/07\/LOGOGYS-OK.png\",\"contentUrl\":\"https:\/\/gysfm.com.ar\/inicio\/wp-content\/uploads\/2023\/07\/LOGOGYS-OK.png\",\"width\":1170,\"height\":872,\"caption\":\"GYS NOTICIAS |\"},\"image\":{\"@id\":\"https:\/\/gysfm.com.ar\/inicio\/#\/schema\/logo\/image\/\"}},{\"@type\":\"Person\",\"@id\":\"https:\/\/gysfm.com.ar\/inicio\/#\/schema\/person\/3abba7593ef2ad19e1be221d54383dc5\",\"name\":\"Prensa G&amp;S FM\",\"image\":{\"@type\":\"ImageObject\",\"inLanguage\":\"es\",\"@id\":\"https:\/\/gysfm.com.ar\/inicio\/#\/schema\/person\/image\/\",\"url\":\"https:\/\/secure.gravatar.com\/avatar\/096ec78df02049ab018702bb4ccedf659377fa92a26540b5247612077a0dbd29?s=96&d=mm&r=g\",\"contentUrl\":\"https:\/\/secure.gravatar.com\/avatar\/096ec78df02049ab018702bb4ccedf659377fa92a26540b5247612077a0dbd29?s=96&d=mm&r=g\",\"caption\":\"Prensa G&amp;S FM\"},\"sameAs\":[\"https:\/\/gysfm.com.ar\/\"],\"url\":\"https:\/\/gysfm.com.ar\/inicio\/author\/lucasm\/\"}]}<\/script>\n<!-- \/ Yoast SEO plugin. -->","yoast_head_json":{"title":"Franco Colapinto prob\u00f3 la m\u00edtica \"Flecha de Plata\" de Fangio - GYS NOTICIAS |","robots":{"index":"index","follow":"follow","max-snippet":"max-snippet:-1","max-image-preview":"max-image-preview:large","max-video-preview":"max-video-preview:-1"},"canonical":"https:\/\/gysfm.com.ar\/inicio\/franco-colapinto-probo-la-mitica-flecha-de-plata-de-fangio\/","og_locale":"es_ES","og_type":"article","og_title":"Franco Colapinto prob\u00f3 la m\u00edtica \"Flecha de Plata\" de Fangio - GYS NOTICIAS |","og_description":"Franco Colapinto\u00a0protagonizar\u00e1 este domingo un hecho hist\u00f3rico: ser\u00e1 el primer argentino en conducir un monoplaza de F\u00f3rmula 1 en las calles de la Ciudad de Buenos Aires. En las horas previas al evento, el actual piloto de Alpine se mostr\u00f3 distendido, tomando mate y charlando con su equipo antes de subirse a la\u00a0\u201cFlecha de Plata\u201d, [&hellip;]","og_url":"https:\/\/gysfm.com.ar\/inicio\/franco-colapinto-probo-la-mitica-flecha-de-plata-de-fangio\/","og_site_name":"GYS NOTICIAS |","article_published_time":"2026-04-26T17:36:14+00:00","author":"Prensa G&amp;S FM","twitter_card":"summary_large_image","twitter_misc":{"Escrito por":"Prensa G&amp;S FM","Tiempo de lectura":"1 minuto"},"schema":{"@context":"https:\/\/schema.org","@graph":[{"@type":"Article","@id":"https:\/\/gysfm.com.ar\/inicio\/franco-colapinto-probo-la-mitica-flecha-de-plata-de-fangio\/#article","isPartOf":{"@id":"https:\/\/gysfm.com.ar\/inicio\/franco-colapinto-probo-la-mitica-flecha-de-plata-de-fangio\/"},"author":{"name":"Prensa G&amp;S FM","@id":"https:\/\/gysfm.com.ar\/inicio\/#\/schema\/person\/3abba7593ef2ad19e1be221d54383dc5"},"headline":"Franco Colapinto prob\u00f3 la m\u00edtica \u00abFlecha de Plata\u00bb de Fangio","datePublished":"2026-04-26T17:36:14+00:00","mainEntityOfPage":{"@id":"https:\/\/gysfm.com.ar\/inicio\/franco-colapinto-probo-la-mitica-flecha-de-plata-de-fangio\/"},"wordCount":288,"publisher":{"@id":"https:\/\/gysfm.com.ar\/inicio\/#organization"},"image":{"@id":"https:\/\/gysfm.com.ar\/inicio\/franco-colapinto-probo-la-mitica-flecha-de-plata-de-fangio\/#primaryimage"},"thumbnailUrl":"https:\/\/gysfm.com.ar\/inicio\/wp-content\/uploads\/2026\/04\/colapinto-en-la-flecha-de-plata-2227789.jpg","articleSection":["NACIONALES"],"inLanguage":"es"},{"@type":"WebPage","@id":"https:\/\/gysfm.com.ar\/inicio\/franco-colapinto-probo-la-mitica-flecha-de-plata-de-fangio\/","url":"https:\/\/gysfm.com.ar\/inicio\/franco-colapinto-probo-la-mitica-flecha-de-plata-de-fangio\/","name":"Franco Colapinto prob\u00f3 la m\u00edtica \"Flecha de Plata\" de Fangio - GYS NOTICIAS |","isPartOf":{"@id":"https:\/\/gysfm.com.ar\/inicio\/#website"},"primaryImageOfPage":{"@id":"https:\/\/gysfm.com.ar\/inicio\/franco-colapinto-probo-la-mitica-flecha-de-plata-de-fangio\/#primaryimage"},"image":{"@id":"https:\/\/gysfm.com.ar\/inicio\/franco-colapinto-probo-la-mitica-flecha-de-plata-de-fangio\/#primaryimage"},"thumbnailUrl":"https:\/\/gysfm.com.ar\/inicio\/wp-content\/uploads\/2026\/04\/colapinto-en-la-flecha-de-plata-2227789.jpg","datePublished":"2026-04-26T17:36:14+00:00","breadcrumb":{"@id":"https:\/\/gysfm.com.ar\/inicio\/franco-colapinto-probo-la-mitica-flecha-de-plata-de-fangio\/#breadcrumb"},"inLanguage":"es","potentialAction":[{"@type":"ReadAction","target":["https:\/\/gysfm.com.ar\/inicio\/franco-colapinto-probo-la-mitica-flecha-de-plata-de-fangio\/"]}]},{"@type":"ImageObject","inLanguage":"es","@id":"https:\/\/gysfm.com.ar\/inicio\/franco-colapinto-probo-la-mitica-flecha-de-plata-de-fangio\/#primaryimage","url":"https:\/\/gysfm.com.ar\/inicio\/wp-content\/uploads\/2026\/04\/colapinto-en-la-flecha-de-plata-2227789.jpg","contentUrl":"https:\/\/gysfm.com.ar\/inicio\/wp-content\/uploads\/2026\/04\/colapinto-en-la-flecha-de-plata-2227789.jpg","width":1140,"height":641},{"@type":"BreadcrumbList","@id":"https:\/\/gysfm.com.ar\/inicio\/franco-colapinto-probo-la-mitica-flecha-de-plata-de-fangio\/#breadcrumb","itemListElement":[{"@type":"ListItem","position":1,"name":"Portada","item":"https:\/\/gysfm.com.ar\/inicio\/"},{"@type":"ListItem","position":2,"name":"Franco Colapinto prob\u00f3 la m\u00edtica \u00abFlecha de Plata\u00bb de Fangio"}]},{"@type":"WebSite","@id":"https:\/\/gysfm.com.ar\/inicio\/#website","url":"https:\/\/gysfm.com.ar\/inicio\/","name":"GYS NOTICIAS |","description":"DIARIO - RADIO ONLINE SAN JUAN ARGENTINA","publisher":{"@id":"https:\/\/gysfm.com.ar\/inicio\/#organization"},"potentialAction":[{"@type":"SearchAction","target":{"@type":"EntryPoint","urlTemplate":"https:\/\/gysfm.com.ar\/inicio\/?s={search_term_string}"},"query-input":{"@type":"PropertyValueSpecification","valueRequired":true,"valueName":"search_term_string"}}],"inLanguage":"es"},{"@type":"Organization","@id":"https:\/\/gysfm.com.ar\/inicio\/#organization","name":"GYS NOTICIAS |","url":"https:\/\/gysfm.com.ar\/inicio\/","logo":{"@type":"ImageObject","inLanguage":"es","@id":"https:\/\/gysfm.com.ar\/inicio\/#\/schema\/logo\/image\/","url":"https:\/\/gysfm.com.ar\/inicio\/wp-content\/uploads\/2023\/07\/LOGOGYS-OK.png","contentUrl":"https:\/\/gysfm.com.ar\/inicio\/wp-content\/uploads\/2023\/07\/LOGOGYS-OK.png","width":1170,"height":872,"caption":"GYS NOTICIAS |"},"image":{"@id":"https:\/\/gysfm.com.ar\/inicio\/#\/schema\/logo\/image\/"}},{"@type":"Person","@id":"https:\/\/gysfm.com.ar\/inicio\/#\/schema\/person\/3abba7593ef2ad19e1be221d54383dc5","name":"Prensa G&amp;S FM","image":{"@type":"ImageObject","inLanguage":"es","@id":"https:\/\/gysfm.com.ar\/inicio\/#\/schema\/person\/image\/","url":"https:\/\/secure.gravatar.com\/avatar\/096ec78df02049ab018702bb4ccedf659377fa92a26540b5247612077a0dbd29?s=96&d=mm&r=g","contentUrl":"https:\/\/secure.gravatar.com\/avatar\/096ec78df02049ab018702bb4ccedf659377fa92a26540b5247612077a0dbd29?s=96&d=mm&r=g","caption":"Prensa G&amp;S FM"},"sameAs":["https:\/\/gysfm.com.ar\/"],"url":"https:\/\/gysfm.com.ar\/inicio\/author\/lucasm\/"}]}},"_links":{"self":[{"href":"https:\/\/gysfm.com.ar\/inicio\/wp-json\/wp\/v2\/posts\/193125","targetHints":{"allow":["GET"]}}],"collection":[{"href":"https:\/\/gysfm.com.ar\/inicio\/wp-json\/wp\/v2\/posts"}],"about":[{"href":"https:\/\/gysfm.com.ar\/inicio\/wp-json\/wp\/v2\/types\/post"}],"author":[{"embeddable":true,"href":"https:\/\/gysfm.com.ar\/inicio\/wp-json\/wp\/v2\/users\/2"}],"replies":[{"embeddable":true,"href":"https:\/\/gysfm.com.ar\/inicio\/wp-json\/wp\/v2\/comments?post=193125"}],"version-history":[{"count":0,"href":"https:\/\/gysfm.com.ar\/inicio\/wp-json\/wp\/v2\/posts\/193125\/revisions"}],"wp:featuredmedia":[{"embeddable":true,"href":"https:\/\/gysfm.com.ar\/inicio\/wp-json\/wp\/v2\/media\/193126"}],"wp:attachment":[{"href":"https:\/\/gysfm.com.ar\/inicio\/wp-json\/wp\/v2\/media?parent=193125"}],"wp:term":[{"taxonomy":"category","embeddable":true,"href":"https:\/\/gysfm.com.ar\/inicio\/wp-json\/wp\/v2\/categories?post=193125"},{"taxonomy":"post_tag","embeddable":true,"href":"https:\/\/gysfm.com.ar\/inicio\/wp-json\/wp\/v2\/tags?post=193125"}],"curies":[{"name":"wp","href":"https:\/\/api.w.org\/{rel}","templated":true}]}}