{"id":193123,"date":"2026-04-26T14:03:09","date_gmt":"2026-04-26T17:03:09","guid":{"rendered":"https:\/\/gysfm.com.ar\/inicio\/los-detalles-del-road-show-de-franco-colapinto-las-calles-de-buenos-aires-se-transforman-en-un-circuito-de-f1\/"},"modified":"2026-04-26T14:03:09","modified_gmt":"2026-04-26T17:03:09","slug":"los-detalles-del-road-show-de-franco-colapinto-las-calles-de-buenos-aires-se-transforman-en-un-circuito-de-f1","status":"publish","type":"post","link":"https:\/\/gysfm.com.ar\/inicio\/los-detalles-del-road-show-de-franco-colapinto-las-calles-de-buenos-aires-se-transforman-en-un-circuito-de-f1\/","title":{"rendered":"Los detalles del Road Show de Franco Colapinto: las calles de Buenos Aires se transforman en un circuito de F1"},"content":{"rendered":"<p><\/p>\n<div>\n<p>A horas de que<a target=\"_blank\" href=\"https:\/\/442.perfil.com\/noticias\/automovilismo\/franco-colapinto-a-full-en-la-previa-del-road-show-en-buenos-aires-a35.phtml\"><strong> Franco Colapinto<\/strong><\/a> ruede en un <a target=\"_blank\" href=\"https:\/\/442.perfil.com\/noticias\/automovilismo\/alpine-censuro-un-video-donde-franco-colapinto-cantaba-por-las-islas-malvinas-y-genero-una-ola-de-polemicas-a35.phtml\"><strong>Alpine<\/strong> <\/a>modificado por las calles de Buenos Aires, miles de usuarios compartieron en redes sociales como las calles porte\u00f1as se transformaron\u00a0en un mini circuito de <strong>F1<\/strong>. La ciudad se prepara para un evento que quedar\u00e1 marcado en la historia deportiva nacional: el <strong>Road Show de Franco Colapinto\u00a0<\/strong>este domingo 26 de abril<\/p>\n<p><iframe id=\"vrudo\" class=\"vrudo\" src=\"https:\/\/rudo.video\/vod\/bWqLl3?volume=0\" width=\"100%\" height=\"100%\" allowscriptaccess=\"always\" allowfullscreen=\"true\" webkitallowfullscreen=\"true\" frameborder=\"0\" scrolling=\"no\" allow=\"autoplay; fullscreen\" loading=\"lazy\"><\/iframe><\/p>\n<p class=\"destacadoNota\"><a target=\"_blank\" href=\"https:\/\/442.perfil.com\/noticias\/automovilismo\/como-estara-el-clima-para-el-road-show-de-franco-colapinto-en-palermo.phtml\">Road Show de Franco Colapinto en Palermo: \u00bfqu\u00e9 dice el pron\u00f3stico sobre la amenaza de lluvia?<\/a><\/p>\n<h2><strong><em>El escenario de un sue\u00f1o hist\u00f3rico<\/em><\/strong><\/h2>\n<p>La zona de los Bosques de Palermo es el epicentro de esta mega producci\u00f3n. La intersecci\u00f3n de las <strong>avenidas Del Libertador y Sarmiento<\/strong> se convirti\u00f3 en el eje de un trazado de aproximadamente 3,5 kil\u00f3metros. El circuito abarca Libertador desde Dorrego hasta Casares, extendi\u00e9ndose tambi\u00e9n por Sarmiento hasta llegar a Figueroa Alcorta, pasando frente al ic\u00f3nico Monumento a los Espa\u00f1oles.<\/p>\n<p>El operativo log\u00edstico ha sido tit\u00e1nico: desde el vallado perimetral progresivo hasta la instalaci\u00f3n de tribunas y zonas de <em>hospitality<\/em> que emulan un verdadero <em>paddock<\/em> de F1. Para el p\u00fablico general que no cuenta con entradas, la organizaci\u00f3n dispuso dos zonas gratuitas en las <strong>Plazas Seeber y Sicilia<\/strong>, equipadas con escenarios y pantallas gigantes para no perder detalle de cada giro del pilarense.<\/p>\n<p>\u00a0<\/p>\n<p>\u00a0<\/p>\n<h2><em><strong>La hoja de ruta del evento<\/strong><\/em><\/h2>\n<p>El cronograma de actividades busca replicar la atm\u00f3sfera de un Gran Premio, comenzando con la apertura de puertas a las <strong>8:30 h<\/strong>. El momento estelar de la jornada ser\u00e1 el despliegue del <strong>Lotus E20 de 2012<\/strong> (con motor Renault V8) y el emotivo homenaje al legendario <strong>Mercedes W196 (\u00abFlecha de Plata\u00bb)<\/strong> que inmortaliz\u00f3 Juan Manuel Fangio.<\/p>\n<p><strong>Cronograma principal de pista:<\/strong><\/p>\n<p><strong>&#8211; 12:45 h:<\/strong> Primera salida con el Lotus E20.<\/p>\n<p><strong>&#8211; 14:30 h:<\/strong> Homenaje hist\u00f3rico a bordo de la \u00abFlecha de Plata\u00bb.<\/p>\n<p><strong>&#8211; 15:15 h:<\/strong> Segunda pasada de velocidad con el Lotus E20.<\/p>\n<p><strong>&#8211; 15:55 h:<\/strong> Cierre con recorrida en micro descapotable para saludar a la multitud.<\/p>\n<p><strong><em>LT.<\/em><\/strong><\/p>\n<p>\t\t\t\t\t<!-- tags --><\/p><\/div>\n<p><script async defer crossorigin=\"anonymous\" src=\"https:\/\/connect.facebook.net\/es_LA\/sdk.js#xfbml=1&#038;version=v10.0&#038;appId=2243118389309392&#038;autoLogAppEvents=1\" nonce=\"9rD4vd6X\"><\/script><\/p>\n","protected":false},"excerpt":{"rendered":"<p>A horas de que Franco Colapinto ruede en un Alpine modificado por las calles de Buenos Aires, miles de usuarios compartieron en redes sociales como las calles porte\u00f1as se transformaron\u00a0en un mini circuito de F1. La ciudad se prepara para un evento que quedar\u00e1 marcado en la historia deportiva nacional: el Road Show de Franco [&hellip;]<\/p>\n","protected":false},"author":2,"featured_media":193124,"comment_status":"closed","ping_status":"closed","sticky":false,"template":"","format":"standard","meta":{"footnotes":""},"categories":[25],"tags":[],"class_list":["post-193123","post","type-post","status-publish","format-standard","has-post-thumbnail","hentry","category-nacionales"],"yoast_head":"<!-- This site is optimized with the Yoast SEO plugin v24.4 - https:\/\/yoast.com\/wordpress\/plugins\/seo\/ -->\n<title>Los detalles del Road Show de Franco Colapinto: las calles de Buenos Aires se transforman en un circuito de F1 - GYS NOTICIAS |<\/title>\n<meta name=\"robots\" content=\"index, follow, max-snippet:-1, max-image-preview:large, max-video-preview:-1\" \/>\n<link rel=\"canonical\" href=\"https:\/\/gysfm.com.ar\/inicio\/los-detalles-del-road-show-de-franco-colapinto-las-calles-de-buenos-aires-se-transforman-en-un-circuito-de-f1\/\" \/>\n<meta property=\"og:locale\" content=\"es_ES\" \/>\n<meta property=\"og:type\" content=\"article\" \/>\n<meta property=\"og:title\" content=\"Los detalles del Road Show de Franco Colapinto: las calles de Buenos Aires se transforman en un circuito de F1 - GYS NOTICIAS |\" \/>\n<meta property=\"og:description\" content=\"A horas de que Franco Colapinto ruede en un Alpine modificado por las calles de Buenos Aires, miles de usuarios compartieron en redes sociales como las calles porte\u00f1as se transformaron\u00a0en un mini circuito de F1. La ciudad se prepara para un evento que quedar\u00e1 marcado en la historia deportiva nacional: el Road Show de Franco [&hellip;]\" \/>\n<meta property=\"og:url\" content=\"https:\/\/gysfm.com.ar\/inicio\/los-detalles-del-road-show-de-franco-colapinto-las-calles-de-buenos-aires-se-transforman-en-un-circuito-de-f1\/\" \/>\n<meta property=\"og:site_name\" content=\"GYS NOTICIAS |\" \/>\n<meta property=\"article:published_time\" content=\"2026-04-26T17:03:09+00:00\" \/>\n<meta name=\"author\" content=\"Prensa G&amp;S FM\" \/>\n<meta name=\"twitter:card\" content=\"summary_large_image\" \/>\n<meta name=\"twitter:label1\" content=\"Escrito por\" \/>\n\t<meta name=\"twitter:data1\" content=\"Prensa G&amp;S FM\" \/>\n\t<meta name=\"twitter:label2\" content=\"Tiempo de lectura\" \/>\n\t<meta name=\"twitter:data2\" content=\"2 minutos\" \/>\n<script type=\"application\/ld+json\" class=\"yoast-schema-graph\">{\"@context\":\"https:\/\/schema.org\",\"@graph\":[{\"@type\":\"Article\",\"@id\":\"https:\/\/gysfm.com.ar\/inicio\/los-detalles-del-road-show-de-franco-colapinto-las-calles-de-buenos-aires-se-transforman-en-un-circuito-de-f1\/#article\",\"isPartOf\":{\"@id\":\"https:\/\/gysfm.com.ar\/inicio\/los-detalles-del-road-show-de-franco-colapinto-las-calles-de-buenos-aires-se-transforman-en-un-circuito-de-f1\/\"},\"author\":{\"name\":\"Prensa G&amp;S FM\",\"@id\":\"https:\/\/gysfm.com.ar\/inicio\/#\/schema\/person\/3abba7593ef2ad19e1be221d54383dc5\"},\"headline\":\"Los detalles del Road Show de Franco Colapinto: las calles de Buenos Aires se transforman en un circuito de F1\",\"datePublished\":\"2026-04-26T17:03:09+00:00\",\"mainEntityOfPage\":{\"@id\":\"https:\/\/gysfm.com.ar\/inicio\/los-detalles-del-road-show-de-franco-colapinto-las-calles-de-buenos-aires-se-transforman-en-un-circuito-de-f1\/\"},\"wordCount\":350,\"publisher\":{\"@id\":\"https:\/\/gysfm.com.ar\/inicio\/#organization\"},\"image\":{\"@id\":\"https:\/\/gysfm.com.ar\/inicio\/los-detalles-del-road-show-de-franco-colapinto-las-calles-de-buenos-aires-se-transforman-en-un-circuito-de-f1\/#primaryimage\"},\"thumbnailUrl\":\"https:\/\/gysfm.com.ar\/inicio\/wp-content\/uploads\/2026\/04\/franco-colapinto-2227613.jpg\",\"articleSection\":[\"NACIONALES\"],\"inLanguage\":\"es\"},{\"@type\":\"WebPage\",\"@id\":\"https:\/\/gysfm.com.ar\/inicio\/los-detalles-del-road-show-de-franco-colapinto-las-calles-de-buenos-aires-se-transforman-en-un-circuito-de-f1\/\",\"url\":\"https:\/\/gysfm.com.ar\/inicio\/los-detalles-del-road-show-de-franco-colapinto-las-calles-de-buenos-aires-se-transforman-en-un-circuito-de-f1\/\",\"name\":\"Los detalles del Road Show de Franco Colapinto: las calles de Buenos Aires se transforman en un circuito de F1 - GYS NOTICIAS |\",\"isPartOf\":{\"@id\":\"https:\/\/gysfm.com.ar\/inicio\/#website\"},\"primaryImageOfPage\":{\"@id\":\"https:\/\/gysfm.com.ar\/inicio\/los-detalles-del-road-show-de-franco-colapinto-las-calles-de-buenos-aires-se-transforman-en-un-circuito-de-f1\/#primaryimage\"},\"image\":{\"@id\":\"https:\/\/gysfm.com.ar\/inicio\/los-detalles-del-road-show-de-franco-colapinto-las-calles-de-buenos-aires-se-transforman-en-un-circuito-de-f1\/#primaryimage\"},\"thumbnailUrl\":\"https:\/\/gysfm.com.ar\/inicio\/wp-content\/uploads\/2026\/04\/franco-colapinto-2227613.jpg\",\"datePublished\":\"2026-04-26T17:03:09+00:00\",\"breadcrumb\":{\"@id\":\"https:\/\/gysfm.com.ar\/inicio\/los-detalles-del-road-show-de-franco-colapinto-las-calles-de-buenos-aires-se-transforman-en-un-circuito-de-f1\/#breadcrumb\"},\"inLanguage\":\"es\",\"potentialAction\":[{\"@type\":\"ReadAction\",\"target\":[\"https:\/\/gysfm.com.ar\/inicio\/los-detalles-del-road-show-de-franco-colapinto-las-calles-de-buenos-aires-se-transforman-en-un-circuito-de-f1\/\"]}]},{\"@type\":\"ImageObject\",\"inLanguage\":\"es\",\"@id\":\"https:\/\/gysfm.com.ar\/inicio\/los-detalles-del-road-show-de-franco-colapinto-las-calles-de-buenos-aires-se-transforman-en-un-circuito-de-f1\/#primaryimage\",\"url\":\"https:\/\/gysfm.com.ar\/inicio\/wp-content\/uploads\/2026\/04\/franco-colapinto-2227613.jpg\",\"contentUrl\":\"https:\/\/gysfm.com.ar\/inicio\/wp-content\/uploads\/2026\/04\/franco-colapinto-2227613.jpg\",\"width\":1140,\"height\":641},{\"@type\":\"BreadcrumbList\",\"@id\":\"https:\/\/gysfm.com.ar\/inicio\/los-detalles-del-road-show-de-franco-colapinto-las-calles-de-buenos-aires-se-transforman-en-un-circuito-de-f1\/#breadcrumb\",\"itemListElement\":[{\"@type\":\"ListItem\",\"position\":1,\"name\":\"Portada\",\"item\":\"https:\/\/gysfm.com.ar\/inicio\/\"},{\"@type\":\"ListItem\",\"position\":2,\"name\":\"Los detalles del Road Show de Franco Colapinto: las calles de Buenos Aires se transforman en un circuito de F1\"}]},{\"@type\":\"WebSite\",\"@id\":\"https:\/\/gysfm.com.ar\/inicio\/#website\",\"url\":\"https:\/\/gysfm.com.ar\/inicio\/\",\"name\":\"GYS NOTICIAS |\",\"description\":\"DIARIO - RADIO ONLINE SAN JUAN ARGENTINA\",\"publisher\":{\"@id\":\"https:\/\/gysfm.com.ar\/inicio\/#organization\"},\"potentialAction\":[{\"@type\":\"SearchAction\",\"target\":{\"@type\":\"EntryPoint\",\"urlTemplate\":\"https:\/\/gysfm.com.ar\/inicio\/?s={search_term_string}\"},\"query-input\":{\"@type\":\"PropertyValueSpecification\",\"valueRequired\":true,\"valueName\":\"search_term_string\"}}],\"inLanguage\":\"es\"},{\"@type\":\"Organization\",\"@id\":\"https:\/\/gysfm.com.ar\/inicio\/#organization\",\"name\":\"GYS NOTICIAS |\",\"url\":\"https:\/\/gysfm.com.ar\/inicio\/\",\"logo\":{\"@type\":\"ImageObject\",\"inLanguage\":\"es\",\"@id\":\"https:\/\/gysfm.com.ar\/inicio\/#\/schema\/logo\/image\/\",\"url\":\"https:\/\/gysfm.com.ar\/inicio\/wp-content\/uploads\/2023\/07\/LOGOGYS-OK.png\",\"contentUrl\":\"https:\/\/gysfm.com.ar\/inicio\/wp-content\/uploads\/2023\/07\/LOGOGYS-OK.png\",\"width\":1170,\"height\":872,\"caption\":\"GYS NOTICIAS |\"},\"image\":{\"@id\":\"https:\/\/gysfm.com.ar\/inicio\/#\/schema\/logo\/image\/\"}},{\"@type\":\"Person\",\"@id\":\"https:\/\/gysfm.com.ar\/inicio\/#\/schema\/person\/3abba7593ef2ad19e1be221d54383dc5\",\"name\":\"Prensa G&amp;S FM\",\"image\":{\"@type\":\"ImageObject\",\"inLanguage\":\"es\",\"@id\":\"https:\/\/gysfm.com.ar\/inicio\/#\/schema\/person\/image\/\",\"url\":\"https:\/\/secure.gravatar.com\/avatar\/096ec78df02049ab018702bb4ccedf659377fa92a26540b5247612077a0dbd29?s=96&d=mm&r=g\",\"contentUrl\":\"https:\/\/secure.gravatar.com\/avatar\/096ec78df02049ab018702bb4ccedf659377fa92a26540b5247612077a0dbd29?s=96&d=mm&r=g\",\"caption\":\"Prensa G&amp;S FM\"},\"sameAs\":[\"https:\/\/gysfm.com.ar\/\"],\"url\":\"https:\/\/gysfm.com.ar\/inicio\/author\/lucasm\/\"}]}<\/script>\n<!-- \/ Yoast SEO plugin. -->","yoast_head_json":{"title":"Los detalles del Road Show de Franco Colapinto: las calles de Buenos Aires se transforman en un circuito de F1 - GYS NOTICIAS |","robots":{"index":"index","follow":"follow","max-snippet":"max-snippet:-1","max-image-preview":"max-image-preview:large","max-video-preview":"max-video-preview:-1"},"canonical":"https:\/\/gysfm.com.ar\/inicio\/los-detalles-del-road-show-de-franco-colapinto-las-calles-de-buenos-aires-se-transforman-en-un-circuito-de-f1\/","og_locale":"es_ES","og_type":"article","og_title":"Los detalles del Road Show de Franco Colapinto: las calles de Buenos Aires se transforman en un circuito de F1 - GYS NOTICIAS |","og_description":"A horas de que Franco Colapinto ruede en un Alpine modificado por las calles de Buenos Aires, miles de usuarios compartieron en redes sociales como las calles porte\u00f1as se transformaron\u00a0en un mini circuito de F1. La ciudad se prepara para un evento que quedar\u00e1 marcado en la historia deportiva nacional: el Road Show de Franco [&hellip;]","og_url":"https:\/\/gysfm.com.ar\/inicio\/los-detalles-del-road-show-de-franco-colapinto-las-calles-de-buenos-aires-se-transforman-en-un-circuito-de-f1\/","og_site_name":"GYS NOTICIAS |","article_published_time":"2026-04-26T17:03:09+00:00","author":"Prensa G&amp;S FM","twitter_card":"summary_large_image","twitter_misc":{"Escrito por":"Prensa G&amp;S FM","Tiempo de lectura":"2 minutos"},"schema":{"@context":"https:\/\/schema.org","@graph":[{"@type":"Article","@id":"https:\/\/gysfm.com.ar\/inicio\/los-detalles-del-road-show-de-franco-colapinto-las-calles-de-buenos-aires-se-transforman-en-un-circuito-de-f1\/#article","isPartOf":{"@id":"https:\/\/gysfm.com.ar\/inicio\/los-detalles-del-road-show-de-franco-colapinto-las-calles-de-buenos-aires-se-transforman-en-un-circuito-de-f1\/"},"author":{"name":"Prensa G&amp;S FM","@id":"https:\/\/gysfm.com.ar\/inicio\/#\/schema\/person\/3abba7593ef2ad19e1be221d54383dc5"},"headline":"Los detalles del Road Show de Franco Colapinto: las calles de Buenos Aires se transforman en un circuito de F1","datePublished":"2026-04-26T17:03:09+00:00","mainEntityOfPage":{"@id":"https:\/\/gysfm.com.ar\/inicio\/los-detalles-del-road-show-de-franco-colapinto-las-calles-de-buenos-aires-se-transforman-en-un-circuito-de-f1\/"},"wordCount":350,"publisher":{"@id":"https:\/\/gysfm.com.ar\/inicio\/#organization"},"image":{"@id":"https:\/\/gysfm.com.ar\/inicio\/los-detalles-del-road-show-de-franco-colapinto-las-calles-de-buenos-aires-se-transforman-en-un-circuito-de-f1\/#primaryimage"},"thumbnailUrl":"https:\/\/gysfm.com.ar\/inicio\/wp-content\/uploads\/2026\/04\/franco-colapinto-2227613.jpg","articleSection":["NACIONALES"],"inLanguage":"es"},{"@type":"WebPage","@id":"https:\/\/gysfm.com.ar\/inicio\/los-detalles-del-road-show-de-franco-colapinto-las-calles-de-buenos-aires-se-transforman-en-un-circuito-de-f1\/","url":"https:\/\/gysfm.com.ar\/inicio\/los-detalles-del-road-show-de-franco-colapinto-las-calles-de-buenos-aires-se-transforman-en-un-circuito-de-f1\/","name":"Los detalles del Road Show de Franco Colapinto: las calles de Buenos Aires se transforman en un circuito de F1 - GYS NOTICIAS |","isPartOf":{"@id":"https:\/\/gysfm.com.ar\/inicio\/#website"},"primaryImageOfPage":{"@id":"https:\/\/gysfm.com.ar\/inicio\/los-detalles-del-road-show-de-franco-colapinto-las-calles-de-buenos-aires-se-transforman-en-un-circuito-de-f1\/#primaryimage"},"image":{"@id":"https:\/\/gysfm.com.ar\/inicio\/los-detalles-del-road-show-de-franco-colapinto-las-calles-de-buenos-aires-se-transforman-en-un-circuito-de-f1\/#primaryimage"},"thumbnailUrl":"https:\/\/gysfm.com.ar\/inicio\/wp-content\/uploads\/2026\/04\/franco-colapinto-2227613.jpg","datePublished":"2026-04-26T17:03:09+00:00","breadcrumb":{"@id":"https:\/\/gysfm.com.ar\/inicio\/los-detalles-del-road-show-de-franco-colapinto-las-calles-de-buenos-aires-se-transforman-en-un-circuito-de-f1\/#breadcrumb"},"inLanguage":"es","potentialAction":[{"@type":"ReadAction","target":["https:\/\/gysfm.com.ar\/inicio\/los-detalles-del-road-show-de-franco-colapinto-las-calles-de-buenos-aires-se-transforman-en-un-circuito-de-f1\/"]}]},{"@type":"ImageObject","inLanguage":"es","@id":"https:\/\/gysfm.com.ar\/inicio\/los-detalles-del-road-show-de-franco-colapinto-las-calles-de-buenos-aires-se-transforman-en-un-circuito-de-f1\/#primaryimage","url":"https:\/\/gysfm.com.ar\/inicio\/wp-content\/uploads\/2026\/04\/franco-colapinto-2227613.jpg","contentUrl":"https:\/\/gysfm.com.ar\/inicio\/wp-content\/uploads\/2026\/04\/franco-colapinto-2227613.jpg","width":1140,"height":641},{"@type":"BreadcrumbList","@id":"https:\/\/gysfm.com.ar\/inicio\/los-detalles-del-road-show-de-franco-colapinto-las-calles-de-buenos-aires-se-transforman-en-un-circuito-de-f1\/#breadcrumb","itemListElement":[{"@type":"ListItem","position":1,"name":"Portada","item":"https:\/\/gysfm.com.ar\/inicio\/"},{"@type":"ListItem","position":2,"name":"Los detalles del Road Show de Franco Colapinto: las calles de Buenos Aires se transforman en un circuito de F1"}]},{"@type":"WebSite","@id":"https:\/\/gysfm.com.ar\/inicio\/#website","url":"https:\/\/gysfm.com.ar\/inicio\/","name":"GYS NOTICIAS |","description":"DIARIO - RADIO ONLINE SAN JUAN ARGENTINA","publisher":{"@id":"https:\/\/gysfm.com.ar\/inicio\/#organization"},"potentialAction":[{"@type":"SearchAction","target":{"@type":"EntryPoint","urlTemplate":"https:\/\/gysfm.com.ar\/inicio\/?s={search_term_string}"},"query-input":{"@type":"PropertyValueSpecification","valueRequired":true,"valueName":"search_term_string"}}],"inLanguage":"es"},{"@type":"Organization","@id":"https:\/\/gysfm.com.ar\/inicio\/#organization","name":"GYS NOTICIAS |","url":"https:\/\/gysfm.com.ar\/inicio\/","logo":{"@type":"ImageObject","inLanguage":"es","@id":"https:\/\/gysfm.com.ar\/inicio\/#\/schema\/logo\/image\/","url":"https:\/\/gysfm.com.ar\/inicio\/wp-content\/uploads\/2023\/07\/LOGOGYS-OK.png","contentUrl":"https:\/\/gysfm.com.ar\/inicio\/wp-content\/uploads\/2023\/07\/LOGOGYS-OK.png","width":1170,"height":872,"caption":"GYS NOTICIAS |"},"image":{"@id":"https:\/\/gysfm.com.ar\/inicio\/#\/schema\/logo\/image\/"}},{"@type":"Person","@id":"https:\/\/gysfm.com.ar\/inicio\/#\/schema\/person\/3abba7593ef2ad19e1be221d54383dc5","name":"Prensa G&amp;S FM","image":{"@type":"ImageObject","inLanguage":"es","@id":"https:\/\/gysfm.com.ar\/inicio\/#\/schema\/person\/image\/","url":"https:\/\/secure.gravatar.com\/avatar\/096ec78df02049ab018702bb4ccedf659377fa92a26540b5247612077a0dbd29?s=96&d=mm&r=g","contentUrl":"https:\/\/secure.gravatar.com\/avatar\/096ec78df02049ab018702bb4ccedf659377fa92a26540b5247612077a0dbd29?s=96&d=mm&r=g","caption":"Prensa G&amp;S FM"},"sameAs":["https:\/\/gysfm.com.ar\/"],"url":"https:\/\/gysfm.com.ar\/inicio\/author\/lucasm\/"}]}},"_links":{"self":[{"href":"https:\/\/gysfm.com.ar\/inicio\/wp-json\/wp\/v2\/posts\/193123","targetHints":{"allow":["GET"]}}],"collection":[{"href":"https:\/\/gysfm.com.ar\/inicio\/wp-json\/wp\/v2\/posts"}],"about":[{"href":"https:\/\/gysfm.com.ar\/inicio\/wp-json\/wp\/v2\/types\/post"}],"author":[{"embeddable":true,"href":"https:\/\/gysfm.com.ar\/inicio\/wp-json\/wp\/v2\/users\/2"}],"replies":[{"embeddable":true,"href":"https:\/\/gysfm.com.ar\/inicio\/wp-json\/wp\/v2\/comments?post=193123"}],"version-history":[{"count":0,"href":"https:\/\/gysfm.com.ar\/inicio\/wp-json\/wp\/v2\/posts\/193123\/revisions"}],"wp:featuredmedia":[{"embeddable":true,"href":"https:\/\/gysfm.com.ar\/inicio\/wp-json\/wp\/v2\/media\/193124"}],"wp:attachment":[{"href":"https:\/\/gysfm.com.ar\/inicio\/wp-json\/wp\/v2\/media?parent=193123"}],"wp:term":[{"taxonomy":"category","embeddable":true,"href":"https:\/\/gysfm.com.ar\/inicio\/wp-json\/wp\/v2\/categories?post=193123"},{"taxonomy":"post_tag","embeddable":true,"href":"https:\/\/gysfm.com.ar\/inicio\/wp-json\/wp\/v2\/tags?post=193123"}],"curies":[{"name":"wp","href":"https:\/\/api.w.org\/{rel}","templated":true}]}}