{"id":193110,"date":"2026-04-26T12:22:06","date_gmt":"2026-04-26T15:22:06","guid":{"rendered":"https:\/\/gysfm.com.ar\/inicio\/segui-en-vivo-la-exhibicion-de-franco-colapinto-horarios-como-ver-y-la-agenda-completa-ole\/"},"modified":"2026-04-26T12:22:06","modified_gmt":"2026-04-26T15:22:06","slug":"segui-en-vivo-la-exhibicion-de-franco-colapinto-horarios-como-ver-y-la-agenda-completa-ole","status":"publish","type":"post","link":"https:\/\/gysfm.com.ar\/inicio\/segui-en-vivo-la-exhibicion-de-franco-colapinto-horarios-como-ver-y-la-agenda-completa-ole\/","title":{"rendered":"Segu\u00ed EN VIVO la exhibici\u00f3n de Franco Colapinto: horarios, c\u00f3mo ver y la agenda completa :: Ol\u00e9"},"content":{"rendered":"<p> <br \/>\n<\/p>\n<div id=\"Post1\">\n<p><h2><strong>Franco Colapinto ya tiene su box listo y rugieron los motores del V8 y la Flecha de Plata<\/strong><\/h2>\n<\/p>\n<div class=\"sc-136cd478-0 ekTCfV\">\n<p>La previa de la exhibici\u00f3n de Franco Colapinto en Palermo ya se vive como si fuera un Gran Premio, pero sin los otros 21 pilotos. En pleno coraz\u00f3n del circuito callejero, el box montado para el evento -sobre la Avendia Del Libertador- replica casi a la perfecci\u00f3n la estructura de la Formula 1: autos, ingenieros, mec\u00e1nicos y hasta el ritual del encendido que eriza la piel.<\/p>\n<\/div>\n<div class=\"sc-136cd478-0 ekTCfV\">\n<p>Dentro del box -abierto especialmente para la prensa en una visita de unos minutos- se pudieron ver de cerca las dos grandes joyas del d\u00eda: <strong>el Lotus de F1 con el n\u00famero 43 que manejar\u00e1 dos veces Colapinto y la r\u00e9plica de la hist\u00f3rica \u201cFlecha de Plata\u201d, identificada con el n\u00famero 16, con una salida<\/strong>. Todo dispuesto como en un fin de semana de carrera, con herramientas, aspiradoras, computadoras y un equipo t\u00e9cnico trabajando en cada detalle.<\/p>\n<\/div>\n<div class=\"sc-136cd478-0 ekTCfV\">\n<p>Pero el momento que marc\u00f3 la ma\u00f1ana fue el encendido.<\/p>\n<\/div>\n<div class=\"sc-136cd478-0 ekTCfV\">\n<p>Primero, el del F\u00f3rmula 1. El V8 se puso en marcha y el impacto fue inmediato: <strong>un sonido brutal, de otra \u00e9poca, muy distinto al de los actuales motores h\u00edbridos<\/strong>. Fuerte, seco, envolvente. De los que hacen vibrar el cuerpo. Como en los viejos tiempos de la categor\u00eda.<\/p>\n<\/div>\n<div class=\"sc-136cd478-0 ekTCfV\">\n<p>Y cuando la recorrida ya terminaba, lleg\u00f3 otro momento especial: <strong>tambi\u00e9n encendieron la Flecha de Plata<\/strong>. Otro gui\u00f1o a la historia que completa una puesta en escena pensada al detalle. M\u00e1s modesto pero melodioso.<\/p>\n<\/div>\n<div class=\"sc-e7b891c4-0 ifHnQL image-embed\"><img alt=\"El Auto de Colapinto, al lado del Mercedes-Benz.\" loading=\"lazy\" width=\"720\" height=\"100\" decoding=\"async\" data-nimg=\"1\" style=\"color:transparent\" src=\"https:\/\/www.ole.com.ar\/images\/2026\/04\/26\/h8vbyBkSS_720x0__1.jpg\"\/><span class=\"epigraphe\">El Auto de Colapinto, al lado del Mercedes-Benz.<\/span><\/div>\n<\/div>\n\n","protected":false},"excerpt":{"rendered":"<p>Franco Colapinto ya tiene su box listo y rugieron los motores del V8 y la Flecha de Plata La previa de la exhibici\u00f3n de Franco Colapinto en Palermo ya se vive como si fuera un Gran Premio, pero sin los otros 21 pilotos. En pleno coraz\u00f3n del circuito callejero, el box montado para el evento [&hellip;]<\/p>\n","protected":false},"author":1,"featured_media":193111,"comment_status":"closed","ping_status":"closed","sticky":false,"template":"","format":"standard","meta":{"footnotes":""},"categories":[27],"tags":[],"class_list":["post-193110","post","type-post","status-publish","format-standard","has-post-thumbnail","hentry","category-deportes"],"yoast_head":"<!-- This site is optimized with the Yoast SEO plugin v24.4 - https:\/\/yoast.com\/wordpress\/plugins\/seo\/ -->\n<title>Segu\u00ed EN VIVO la exhibici\u00f3n de Franco Colapinto: horarios, c\u00f3mo ver y la agenda completa :: Ol\u00e9 - GYS NOTICIAS |<\/title>\n<meta name=\"robots\" content=\"index, follow, max-snippet:-1, max-image-preview:large, max-video-preview:-1\" \/>\n<link rel=\"canonical\" href=\"https:\/\/gysfm.com.ar\/inicio\/segui-en-vivo-la-exhibicion-de-franco-colapinto-horarios-como-ver-y-la-agenda-completa-ole\/\" \/>\n<meta property=\"og:locale\" content=\"es_ES\" \/>\n<meta property=\"og:type\" content=\"article\" \/>\n<meta property=\"og:title\" content=\"Segu\u00ed EN VIVO la exhibici\u00f3n de Franco Colapinto: horarios, c\u00f3mo ver y la agenda completa :: Ol\u00e9 - GYS NOTICIAS |\" \/>\n<meta property=\"og:description\" content=\"Franco Colapinto ya tiene su box listo y rugieron los motores del V8 y la Flecha de Plata La previa de la exhibici\u00f3n de Franco Colapinto en Palermo ya se vive como si fuera un Gran Premio, pero sin los otros 21 pilotos. En pleno coraz\u00f3n del circuito callejero, el box montado para el evento [&hellip;]\" \/>\n<meta property=\"og:url\" content=\"https:\/\/gysfm.com.ar\/inicio\/segui-en-vivo-la-exhibicion-de-franco-colapinto-horarios-como-ver-y-la-agenda-completa-ole\/\" \/>\n<meta property=\"og:site_name\" content=\"GYS NOTICIAS |\" \/>\n<meta property=\"article:published_time\" content=\"2026-04-26T15:22:06+00:00\" \/>\n<meta property=\"og:image\" content=\"https:\/\/www.ole.com.ar\/images\/2026\/04\/26\/h8vbyBkSS_720x0__1.jpg\" \/>\n<meta name=\"author\" content=\"admin\" \/>\n<meta name=\"twitter:card\" content=\"summary_large_image\" \/>\n<meta name=\"twitter:label1\" content=\"Escrito por\" \/>\n\t<meta name=\"twitter:data1\" content=\"admin\" \/>\n\t<meta name=\"twitter:label2\" content=\"Tiempo de lectura\" \/>\n\t<meta name=\"twitter:data2\" content=\"1 minuto\" \/>\n<script type=\"application\/ld+json\" class=\"yoast-schema-graph\">{\"@context\":\"https:\/\/schema.org\",\"@graph\":[{\"@type\":\"Article\",\"@id\":\"https:\/\/gysfm.com.ar\/inicio\/segui-en-vivo-la-exhibicion-de-franco-colapinto-horarios-como-ver-y-la-agenda-completa-ole\/#article\",\"isPartOf\":{\"@id\":\"https:\/\/gysfm.com.ar\/inicio\/segui-en-vivo-la-exhibicion-de-franco-colapinto-horarios-como-ver-y-la-agenda-completa-ole\/\"},\"author\":{\"name\":\"admin\",\"@id\":\"https:\/\/gysfm.com.ar\/inicio\/#\/schema\/person\/5bedd7ecd35cc35548d89effafa23696\"},\"headline\":\"Segu\u00ed EN VIVO la exhibici\u00f3n de Franco Colapinto: horarios, c\u00f3mo ver y la agenda completa :: Ol\u00e9\",\"datePublished\":\"2026-04-26T15:22:06+00:00\",\"mainEntityOfPage\":{\"@id\":\"https:\/\/gysfm.com.ar\/inicio\/segui-en-vivo-la-exhibicion-de-franco-colapinto-horarios-como-ver-y-la-agenda-completa-ole\/\"},\"wordCount\":293,\"publisher\":{\"@id\":\"https:\/\/gysfm.com.ar\/inicio\/#organization\"},\"image\":{\"@id\":\"https:\/\/gysfm.com.ar\/inicio\/segui-en-vivo-la-exhibicion-de-franco-colapinto-horarios-como-ver-y-la-agenda-completa-ole\/#primaryimage\"},\"thumbnailUrl\":\"https:\/\/gysfm.com.ar\/inicio\/wp-content\/uploads\/2026\/04\/PzQsBOKa1_2000x1500__1.jpg\",\"articleSection\":[\"DEPORTES\"],\"inLanguage\":\"es\"},{\"@type\":\"WebPage\",\"@id\":\"https:\/\/gysfm.com.ar\/inicio\/segui-en-vivo-la-exhibicion-de-franco-colapinto-horarios-como-ver-y-la-agenda-completa-ole\/\",\"url\":\"https:\/\/gysfm.com.ar\/inicio\/segui-en-vivo-la-exhibicion-de-franco-colapinto-horarios-como-ver-y-la-agenda-completa-ole\/\",\"name\":\"Segu\u00ed EN VIVO la exhibici\u00f3n de Franco Colapinto: horarios, c\u00f3mo ver y la agenda completa :: Ol\u00e9 - GYS NOTICIAS |\",\"isPartOf\":{\"@id\":\"https:\/\/gysfm.com.ar\/inicio\/#website\"},\"primaryImageOfPage\":{\"@id\":\"https:\/\/gysfm.com.ar\/inicio\/segui-en-vivo-la-exhibicion-de-franco-colapinto-horarios-como-ver-y-la-agenda-completa-ole\/#primaryimage\"},\"image\":{\"@id\":\"https:\/\/gysfm.com.ar\/inicio\/segui-en-vivo-la-exhibicion-de-franco-colapinto-horarios-como-ver-y-la-agenda-completa-ole\/#primaryimage\"},\"thumbnailUrl\":\"https:\/\/gysfm.com.ar\/inicio\/wp-content\/uploads\/2026\/04\/PzQsBOKa1_2000x1500__1.jpg\",\"datePublished\":\"2026-04-26T15:22:06+00:00\",\"breadcrumb\":{\"@id\":\"https:\/\/gysfm.com.ar\/inicio\/segui-en-vivo-la-exhibicion-de-franco-colapinto-horarios-como-ver-y-la-agenda-completa-ole\/#breadcrumb\"},\"inLanguage\":\"es\",\"potentialAction\":[{\"@type\":\"ReadAction\",\"target\":[\"https:\/\/gysfm.com.ar\/inicio\/segui-en-vivo-la-exhibicion-de-franco-colapinto-horarios-como-ver-y-la-agenda-completa-ole\/\"]}]},{\"@type\":\"ImageObject\",\"inLanguage\":\"es\",\"@id\":\"https:\/\/gysfm.com.ar\/inicio\/segui-en-vivo-la-exhibicion-de-franco-colapinto-horarios-como-ver-y-la-agenda-completa-ole\/#primaryimage\",\"url\":\"https:\/\/gysfm.com.ar\/inicio\/wp-content\/uploads\/2026\/04\/PzQsBOKa1_2000x1500__1.jpg\",\"contentUrl\":\"https:\/\/gysfm.com.ar\/inicio\/wp-content\/uploads\/2026\/04\/PzQsBOKa1_2000x1500__1.jpg\",\"width\":2000,\"height\":1500},{\"@type\":\"BreadcrumbList\",\"@id\":\"https:\/\/gysfm.com.ar\/inicio\/segui-en-vivo-la-exhibicion-de-franco-colapinto-horarios-como-ver-y-la-agenda-completa-ole\/#breadcrumb\",\"itemListElement\":[{\"@type\":\"ListItem\",\"position\":1,\"name\":\"Portada\",\"item\":\"https:\/\/gysfm.com.ar\/inicio\/\"},{\"@type\":\"ListItem\",\"position\":2,\"name\":\"Segu\u00ed EN VIVO la exhibici\u00f3n de Franco Colapinto: horarios, c\u00f3mo ver y la agenda completa :: Ol\u00e9\"}]},{\"@type\":\"WebSite\",\"@id\":\"https:\/\/gysfm.com.ar\/inicio\/#website\",\"url\":\"https:\/\/gysfm.com.ar\/inicio\/\",\"name\":\"GYS NOTICIAS |\",\"description\":\"DIARIO - RADIO ONLINE SAN JUAN ARGENTINA\",\"publisher\":{\"@id\":\"https:\/\/gysfm.com.ar\/inicio\/#organization\"},\"potentialAction\":[{\"@type\":\"SearchAction\",\"target\":{\"@type\":\"EntryPoint\",\"urlTemplate\":\"https:\/\/gysfm.com.ar\/inicio\/?s={search_term_string}\"},\"query-input\":{\"@type\":\"PropertyValueSpecification\",\"valueRequired\":true,\"valueName\":\"search_term_string\"}}],\"inLanguage\":\"es\"},{\"@type\":\"Organization\",\"@id\":\"https:\/\/gysfm.com.ar\/inicio\/#organization\",\"name\":\"GYS NOTICIAS |\",\"url\":\"https:\/\/gysfm.com.ar\/inicio\/\",\"logo\":{\"@type\":\"ImageObject\",\"inLanguage\":\"es\",\"@id\":\"https:\/\/gysfm.com.ar\/inicio\/#\/schema\/logo\/image\/\",\"url\":\"https:\/\/gysfm.com.ar\/inicio\/wp-content\/uploads\/2023\/07\/LOGOGYS-OK.png\",\"contentUrl\":\"https:\/\/gysfm.com.ar\/inicio\/wp-content\/uploads\/2023\/07\/LOGOGYS-OK.png\",\"width\":1170,\"height\":872,\"caption\":\"GYS NOTICIAS |\"},\"image\":{\"@id\":\"https:\/\/gysfm.com.ar\/inicio\/#\/schema\/logo\/image\/\"}},{\"@type\":\"Person\",\"@id\":\"https:\/\/gysfm.com.ar\/inicio\/#\/schema\/person\/5bedd7ecd35cc35548d89effafa23696\",\"name\":\"admin\",\"image\":{\"@type\":\"ImageObject\",\"inLanguage\":\"es\",\"@id\":\"https:\/\/gysfm.com.ar\/inicio\/#\/schema\/person\/image\/\",\"url\":\"https:\/\/secure.gravatar.com\/avatar\/c331d312b5243fb64d5ba28108a447b27c925295129a363082c9ea52c28d32c2?s=96&d=mm&r=g\",\"contentUrl\":\"https:\/\/secure.gravatar.com\/avatar\/c331d312b5243fb64d5ba28108a447b27c925295129a363082c9ea52c28d32c2?s=96&d=mm&r=g\",\"caption\":\"admin\"},\"sameAs\":[\"https:\/\/gysfm.com.ar\/inicio\"],\"url\":\"https:\/\/gysfm.com.ar\/inicio\/author\/admin\/\"}]}<\/script>\n<!-- \/ Yoast SEO plugin. -->","yoast_head_json":{"title":"Segu\u00ed EN VIVO la exhibici\u00f3n de Franco Colapinto: horarios, c\u00f3mo ver y la agenda completa :: Ol\u00e9 - GYS NOTICIAS |","robots":{"index":"index","follow":"follow","max-snippet":"max-snippet:-1","max-image-preview":"max-image-preview:large","max-video-preview":"max-video-preview:-1"},"canonical":"https:\/\/gysfm.com.ar\/inicio\/segui-en-vivo-la-exhibicion-de-franco-colapinto-horarios-como-ver-y-la-agenda-completa-ole\/","og_locale":"es_ES","og_type":"article","og_title":"Segu\u00ed EN VIVO la exhibici\u00f3n de Franco Colapinto: horarios, c\u00f3mo ver y la agenda completa :: Ol\u00e9 - GYS NOTICIAS |","og_description":"Franco Colapinto ya tiene su box listo y rugieron los motores del V8 y la Flecha de Plata La previa de la exhibici\u00f3n de Franco Colapinto en Palermo ya se vive como si fuera un Gran Premio, pero sin los otros 21 pilotos. En pleno coraz\u00f3n del circuito callejero, el box montado para el evento [&hellip;]","og_url":"https:\/\/gysfm.com.ar\/inicio\/segui-en-vivo-la-exhibicion-de-franco-colapinto-horarios-como-ver-y-la-agenda-completa-ole\/","og_site_name":"GYS NOTICIAS |","article_published_time":"2026-04-26T15:22:06+00:00","og_image":[{"url":"https:\/\/www.ole.com.ar\/images\/2026\/04\/26\/h8vbyBkSS_720x0__1.jpg","type":"","width":"","height":""}],"author":"admin","twitter_card":"summary_large_image","twitter_misc":{"Escrito por":"admin","Tiempo de lectura":"1 minuto"},"schema":{"@context":"https:\/\/schema.org","@graph":[{"@type":"Article","@id":"https:\/\/gysfm.com.ar\/inicio\/segui-en-vivo-la-exhibicion-de-franco-colapinto-horarios-como-ver-y-la-agenda-completa-ole\/#article","isPartOf":{"@id":"https:\/\/gysfm.com.ar\/inicio\/segui-en-vivo-la-exhibicion-de-franco-colapinto-horarios-como-ver-y-la-agenda-completa-ole\/"},"author":{"name":"admin","@id":"https:\/\/gysfm.com.ar\/inicio\/#\/schema\/person\/5bedd7ecd35cc35548d89effafa23696"},"headline":"Segu\u00ed EN VIVO la exhibici\u00f3n de Franco Colapinto: horarios, c\u00f3mo ver y la agenda completa :: Ol\u00e9","datePublished":"2026-04-26T15:22:06+00:00","mainEntityOfPage":{"@id":"https:\/\/gysfm.com.ar\/inicio\/segui-en-vivo-la-exhibicion-de-franco-colapinto-horarios-como-ver-y-la-agenda-completa-ole\/"},"wordCount":293,"publisher":{"@id":"https:\/\/gysfm.com.ar\/inicio\/#organization"},"image":{"@id":"https:\/\/gysfm.com.ar\/inicio\/segui-en-vivo-la-exhibicion-de-franco-colapinto-horarios-como-ver-y-la-agenda-completa-ole\/#primaryimage"},"thumbnailUrl":"https:\/\/gysfm.com.ar\/inicio\/wp-content\/uploads\/2026\/04\/PzQsBOKa1_2000x1500__1.jpg","articleSection":["DEPORTES"],"inLanguage":"es"},{"@type":"WebPage","@id":"https:\/\/gysfm.com.ar\/inicio\/segui-en-vivo-la-exhibicion-de-franco-colapinto-horarios-como-ver-y-la-agenda-completa-ole\/","url":"https:\/\/gysfm.com.ar\/inicio\/segui-en-vivo-la-exhibicion-de-franco-colapinto-horarios-como-ver-y-la-agenda-completa-ole\/","name":"Segu\u00ed EN VIVO la exhibici\u00f3n de Franco Colapinto: horarios, c\u00f3mo ver y la agenda completa :: Ol\u00e9 - GYS NOTICIAS |","isPartOf":{"@id":"https:\/\/gysfm.com.ar\/inicio\/#website"},"primaryImageOfPage":{"@id":"https:\/\/gysfm.com.ar\/inicio\/segui-en-vivo-la-exhibicion-de-franco-colapinto-horarios-como-ver-y-la-agenda-completa-ole\/#primaryimage"},"image":{"@id":"https:\/\/gysfm.com.ar\/inicio\/segui-en-vivo-la-exhibicion-de-franco-colapinto-horarios-como-ver-y-la-agenda-completa-ole\/#primaryimage"},"thumbnailUrl":"https:\/\/gysfm.com.ar\/inicio\/wp-content\/uploads\/2026\/04\/PzQsBOKa1_2000x1500__1.jpg","datePublished":"2026-04-26T15:22:06+00:00","breadcrumb":{"@id":"https:\/\/gysfm.com.ar\/inicio\/segui-en-vivo-la-exhibicion-de-franco-colapinto-horarios-como-ver-y-la-agenda-completa-ole\/#breadcrumb"},"inLanguage":"es","potentialAction":[{"@type":"ReadAction","target":["https:\/\/gysfm.com.ar\/inicio\/segui-en-vivo-la-exhibicion-de-franco-colapinto-horarios-como-ver-y-la-agenda-completa-ole\/"]}]},{"@type":"ImageObject","inLanguage":"es","@id":"https:\/\/gysfm.com.ar\/inicio\/segui-en-vivo-la-exhibicion-de-franco-colapinto-horarios-como-ver-y-la-agenda-completa-ole\/#primaryimage","url":"https:\/\/gysfm.com.ar\/inicio\/wp-content\/uploads\/2026\/04\/PzQsBOKa1_2000x1500__1.jpg","contentUrl":"https:\/\/gysfm.com.ar\/inicio\/wp-content\/uploads\/2026\/04\/PzQsBOKa1_2000x1500__1.jpg","width":2000,"height":1500},{"@type":"BreadcrumbList","@id":"https:\/\/gysfm.com.ar\/inicio\/segui-en-vivo-la-exhibicion-de-franco-colapinto-horarios-como-ver-y-la-agenda-completa-ole\/#breadcrumb","itemListElement":[{"@type":"ListItem","position":1,"name":"Portada","item":"https:\/\/gysfm.com.ar\/inicio\/"},{"@type":"ListItem","position":2,"name":"Segu\u00ed EN VIVO la exhibici\u00f3n de Franco Colapinto: horarios, c\u00f3mo ver y la agenda completa :: Ol\u00e9"}]},{"@type":"WebSite","@id":"https:\/\/gysfm.com.ar\/inicio\/#website","url":"https:\/\/gysfm.com.ar\/inicio\/","name":"GYS NOTICIAS |","description":"DIARIO - RADIO ONLINE SAN JUAN ARGENTINA","publisher":{"@id":"https:\/\/gysfm.com.ar\/inicio\/#organization"},"potentialAction":[{"@type":"SearchAction","target":{"@type":"EntryPoint","urlTemplate":"https:\/\/gysfm.com.ar\/inicio\/?s={search_term_string}"},"query-input":{"@type":"PropertyValueSpecification","valueRequired":true,"valueName":"search_term_string"}}],"inLanguage":"es"},{"@type":"Organization","@id":"https:\/\/gysfm.com.ar\/inicio\/#organization","name":"GYS NOTICIAS |","url":"https:\/\/gysfm.com.ar\/inicio\/","logo":{"@type":"ImageObject","inLanguage":"es","@id":"https:\/\/gysfm.com.ar\/inicio\/#\/schema\/logo\/image\/","url":"https:\/\/gysfm.com.ar\/inicio\/wp-content\/uploads\/2023\/07\/LOGOGYS-OK.png","contentUrl":"https:\/\/gysfm.com.ar\/inicio\/wp-content\/uploads\/2023\/07\/LOGOGYS-OK.png","width":1170,"height":872,"caption":"GYS NOTICIAS |"},"image":{"@id":"https:\/\/gysfm.com.ar\/inicio\/#\/schema\/logo\/image\/"}},{"@type":"Person","@id":"https:\/\/gysfm.com.ar\/inicio\/#\/schema\/person\/5bedd7ecd35cc35548d89effafa23696","name":"admin","image":{"@type":"ImageObject","inLanguage":"es","@id":"https:\/\/gysfm.com.ar\/inicio\/#\/schema\/person\/image\/","url":"https:\/\/secure.gravatar.com\/avatar\/c331d312b5243fb64d5ba28108a447b27c925295129a363082c9ea52c28d32c2?s=96&d=mm&r=g","contentUrl":"https:\/\/secure.gravatar.com\/avatar\/c331d312b5243fb64d5ba28108a447b27c925295129a363082c9ea52c28d32c2?s=96&d=mm&r=g","caption":"admin"},"sameAs":["https:\/\/gysfm.com.ar\/inicio"],"url":"https:\/\/gysfm.com.ar\/inicio\/author\/admin\/"}]}},"_links":{"self":[{"href":"https:\/\/gysfm.com.ar\/inicio\/wp-json\/wp\/v2\/posts\/193110","targetHints":{"allow":["GET"]}}],"collection":[{"href":"https:\/\/gysfm.com.ar\/inicio\/wp-json\/wp\/v2\/posts"}],"about":[{"href":"https:\/\/gysfm.com.ar\/inicio\/wp-json\/wp\/v2\/types\/post"}],"author":[{"embeddable":true,"href":"https:\/\/gysfm.com.ar\/inicio\/wp-json\/wp\/v2\/users\/1"}],"replies":[{"embeddable":true,"href":"https:\/\/gysfm.com.ar\/inicio\/wp-json\/wp\/v2\/comments?post=193110"}],"version-history":[{"count":0,"href":"https:\/\/gysfm.com.ar\/inicio\/wp-json\/wp\/v2\/posts\/193110\/revisions"}],"wp:featuredmedia":[{"embeddable":true,"href":"https:\/\/gysfm.com.ar\/inicio\/wp-json\/wp\/v2\/media\/193111"}],"wp:attachment":[{"href":"https:\/\/gysfm.com.ar\/inicio\/wp-json\/wp\/v2\/media?parent=193110"}],"wp:term":[{"taxonomy":"category","embeddable":true,"href":"https:\/\/gysfm.com.ar\/inicio\/wp-json\/wp\/v2\/categories?post=193110"},{"taxonomy":"post_tag","embeddable":true,"href":"https:\/\/gysfm.com.ar\/inicio\/wp-json\/wp\/v2\/tags?post=193110"}],"curies":[{"name":"wp","href":"https:\/\/api.w.org\/{rel}","templated":true}]}}