{"id":193109,"date":"2026-04-26T12:17:56","date_gmt":"2026-04-26T15:17:56","guid":{"rendered":"https:\/\/gysfm.com.ar\/inicio\/el-pbi-por-habitante-cayo-y-crecen-las-senales-de-alarma-sobre-la-economia\/"},"modified":"2026-04-26T12:17:56","modified_gmt":"2026-04-26T15:17:56","slug":"el-pbi-por-habitante-cayo-y-crecen-las-senales-de-alarma-sobre-la-economia","status":"publish","type":"post","link":"https:\/\/gysfm.com.ar\/inicio\/el-pbi-por-habitante-cayo-y-crecen-las-senales-de-alarma-sobre-la-economia\/","title":{"rendered":"El PBI por habitante cay\u00f3 y crecen las se\u00f1ales de alarma sobre la econom\u00eda"},"content":{"rendered":"<p> <br \/>\n<\/p>\n<div>\t\t<!-- { REGION4 --> <\/p>\n<header class=\"news-headline\">\n<h2 class=\"news-headline__article-summary\">\t\t<\/h2>\n<p id=\"p-1777215374492-27665\" class=\"ignore-parser\">Aunque algunos sectores muestran dinamismo, el deterioro del PBI per c\u00e1pita expone un problema estructural: los argentinos producen y consumen menos por habitante que hace diez a\u00f1os. Economistas advierten por una tendencia que no encuentra piso.<\/p>\n<\/header>\n<div class=\"detail-highlighted-multimedia content-protected-false\">\n<figure class=\"detail-highlighted-multimedia__figure\">  <img decoding=\"async\" src=\"https:\/\/media.ambito.com\/p\/d2e17e30b9ba151f7172fcdf354bb964\/adjuntos\/239\/imagenes\/042\/916\/0042916188\/655x368\/778x231:798x251\/industria-construccion.jpg\" class=\"detail-highlighted-multimedia__figure-img img-fluid\" alt=\"La actividad econ\u00f3mica sigue dando malas se\u00f1ales: qu\u00e9 puede pasar.\" width=\"1202\" height=\"675\" crossorigin=\"anonymous\" fetchpriority=\"high\" decode=\"async\"\/><figcaption class=\"detail-highlighted-multimedia__figcaption\">  <\/figcaption><\/figure>\n<\/p><\/div>\n<article class=\"article-body article-body--first-paragraph content-protected-false\" data-td-script-src=\"https:\/\/www.ambito.com\/td\/modulos\/encuestas\/js\/function-embeds-min-version-1777090099.js\">\n<p id=\"p-1777215379815-82183\" data-start=\"385\" data-end=\"783\">Los \u00faltimos datos de actividad dejaron una se\u00f1al que va m\u00e1s all\u00e1 de la coyuntura: detr\u00e1s de los vaivenes mensuales, la econom\u00eda argentina arrastra un problema m\u00e1s profundo. En la \u00faltima d\u00e9cada, el <strong data-start=\"582\" data-end=\"619\">PBI per c\u00e1pita retrocedi\u00f3 casi 6%<\/strong>, una ca\u00edda que refleja no solo estancamiento, sino un deterioro persistente en la capacidad de generar riqueza por habitante.<\/p>\n<\/article>\n<section class=\"suscription-false printed-edition\" style=\"display:none\">\n<p> El contenido al que quiere acceder es exclusivo para suscriptores.<\/p>\n<p>  <span> <button type=\"button\" name=\"button\" class=\"subscribe-btn mercadopago-btn\">suscribirse<\/button><\/span>  <span class=\"btns\"><button type=\"button\" name=\"button\" class=\"subscribe-btn reload-login\"> ya estoy suscripto<\/button><\/span>  <\/p>\n<\/section>\n<article class=\"article-body article-body--second-paragraph content-protected-false\">\n<p id=\"p-1777215379815-43971\" data-start=\"785\" data-end=\"1072\">El dato surge en paralelo a una nueva contracci\u00f3n de la actividad: en febrero, el EMAE registr\u00f3 una ca\u00edda mensual de 2,6%, la peor desde fines de 2023, y volvi\u00f3 a encender alarmas sobre la consistencia del rebote econ\u00f3mico que promet\u00eda consolidarse.<\/p>\n<\/article>\n<section class=\"related-news\">\t\t<span class=\"related-news__title\">Informate m\u00e1s<\/span>\t\t<\/p>\n<div class=\"row row--eq-height\">\n<div class=\"col-12 col-md-6\">\n<article class=\"news-article news-article--landscape-news news-article--landscape-news\">\n<figure class=\"news-article__figure figure\">\n\t\t\t\t\t\t\t\t\t\t\t<img loading=\"lazy\" decoding=\"async\" src=\"https:\/\/media.ambito.com\/p\/1b57f77eeeada42b5cc9984e1113d994\/adjuntos\/351\/imagenes\/041\/337\/0041337206\/93x52\/smart\/empleo-demanda-laboral-trabajojpg.jpg\" alt=\"La demanda laboral cae por primera vez en dos a\u00f1os y preocupa una nueva tendencia de decrecimiento.\" title=\"La demanda laboral cae por primera vez en dos a\u00f1os y preocupa una nueva tendencia de decrecimiento.\" width=\"93\" height=\"52\" class=\"news-article__figure-img figure-img img-fluid\"\/>\t\t<\/figure>\n<\/article><\/div>\n<div class=\"col-12 col-md-6\">\n<article class=\"news-article news-article--landscape-news news-article--landscape-news\">\n<figure class=\"news-article__figure figure\">\n\t\t\t\t\t\t\t\t\t\t\t<img loading=\"lazy\" decoding=\"async\" src=\"https:\/\/media.ambito.com\/p\/4b6f73207d15548cfc670ea022a4c88d\/adjuntos\/239\/imagenes\/037\/533\/0037533370\/metalurgicosjpg.jpg\" alt=\"El mercado laboral del sector tambi\u00e9n continu\u00f3 deterior\u00e1ndose durante marzo.\" title=\"El mercado laboral del sector tambi\u00e9n continu\u00f3 deterior\u00e1ndose durante marzo.\" width=\"93\" height=\"52\" class=\"news-article__figure-img figure-img img-fluid\"\/>\t\t<\/figure>\n<\/article><\/div>\n<\/div>\n<\/section>\n<article class=\"article-body article-body--third-paragraph content-protected-false\">\n<h2 id=\"p-1777215379815-26292\" data-start=\"113\" data-end=\"371\">M\u00e1s poblaci\u00f3n, menos riqueza por habitante<\/h2>\n<p id=\"p-1777215379815-26879\" data-start=\"1122\" data-end=\"1321\">El dato central que inquieta a los economistas es que, aunque la producci\u00f3n agregada est\u00e1 por encima de los niveles promedio de comienzos de la d\u00e9cada pasada, la poblaci\u00f3n creci\u00f3 m\u00e1s que la econom\u00eda.<\/p>\n<\/article>\n<article class=\"article-body article-body--fourth-paragraph content-protected-false\">\n<p id=\"p-1777215379815-19271\" data-start=\"1323\" data-end=\"1424\">La consecuencia es contundente: cada argentino, en promedio, genera menos riqueza que hace diez a\u00f1os. No es un dato abstracto. Traducido en t\u00e9rminos cotidianos, supone menor capacidad de consumo, menor productividad y una econom\u00eda que, aun cuando crece por momentos, no logra mejorar estructuralmente el bienestar. Para varios analistas, es la marca de una \u201cd\u00e9cada perdida\u201d.<\/p>\n<\/article>\n<article class=\"article-body article-body--fifth-paragraph content-protected-false\">\n<h2 id=\"p-1777215379815-29295\" data-start=\"113\" data-end=\"371\">Qu\u00e9 sectores ganan y cu\u00e1les siguen en ca\u00edda<\/h2>\n<p id=\"p-1777215379815-91597\" data-start=\"1755\" data-end=\"1808\">El deterioro adem\u00e1s convive con una econom\u00eda partida. Del lado de los sectores que empujan aparecen energ\u00eda, miner\u00eda, agro e intermediaci\u00f3n financiera. Del otro, persisten rubros golpeados por la baja demanda y el ajuste: industria, comercio y construcci\u00f3n.<\/p>\n<\/article>\n<article class=\"article-body article-body--remaining-paragraph content-protected-false\">\n<p id=\"p-1777215379815-15577\" data-start=\"2015\" data-end=\"2186\">Esa fractura, advierten consultoras privadas, vuelve m\u00e1s d\u00e9bil cualquier recuperaci\u00f3n porque el crecimiento queda concentrado en pocos motores y no derrama sobre el resto. Se trata de uno de los mayores interrogantes sobre el programa econ\u00f3mico.<\/p>\n<h2 id=\"p-1777215379815-83857\" data-start=\"113\" data-end=\"371\">El problema que preocupa m\u00e1s que la recesi\u00f3n y la situaci\u00f3n en la regi\u00f3n<\/h2>\n<p id=\"p-1777215379815-75904\" data-start=\"2314\" data-end=\"2443\">Para varios economistas el tema ya no es solo la ca\u00edda puntual de actividad, sino la falta de tendencia de crecimiento sostenido. La advertencia es que Argentina no enfrenta \u00fanicamente un ciclo recesivo, sino un problema estructural de bajo crecimiento.<\/p>\n<p id=\"p-1777215379815-97098\" data-start=\"2733\" data-end=\"2787\">Otro dato inquietante es la comparaci\u00f3n con la regi\u00f3n. Mientras buena parte de Sudam\u00e9rica logr\u00f3 mejorar sus niveles de ingreso por habitante en la \u00faltima d\u00e9cada, Argentina aparece entre los peores desempe\u00f1os, s\u00f3lo superada por casos cr\u00edticos. Esa divergencia rompe con una vieja explicaci\u00f3n: ya no alcanza atribuir el estancamiento a shocks externos.<\/p>\n<h2 id=\"p-1777215379815-9408\" data-start=\"113\" data-end=\"371\">D\u00f3lar barato, apertura y consumo d\u00e9bil<\/h2>\n<p id=\"p-1777215379815-47763\" data-start=\"3220\" data-end=\"3413\">Entre las causas que aparecen en los diagn\u00f3sticos privados hay una combinaci\u00f3n repetida: apreciaci\u00f3n cambiaria, apertura comercial, debilidad del mercado interno y p\u00e9rdida de poder adquisitivo.<\/p>\n<p id=\"p-1777215379815-77865\" data-start=\"3415\" data-end=\"3543\">En ese esquema, parte del consumo migra hacia bienes importados mientras sectores orientados al mercado local pierden dinamismo.<\/p>\n<p id=\"p-1777215379815-75971\" data-start=\"3545\" data-end=\"3697\">Eso alimenta otra tensi\u00f3n: los sectores que crecen no necesariamente generan empleo masivo ni compensan el deterioro en ramas m\u00e1s intensivas en trabajo.<\/p>\n<h2 id=\"p-1777215379815-84807\" data-start=\"113\" data-end=\"371\">Una se\u00f1al de alerta para el futuro<\/h2>\n<p id=\"p-1777215379815-55025\" data-start=\"3739\" data-end=\"3807\">El retroceso del PBI per c\u00e1pita tiene adem\u00e1s una dimensi\u00f3n pol\u00edtica. Porque cuestiona una idea central de cualquier programa econ\u00f3mico: que los sacrificios presentes redundar\u00e1n en una mejora futura.<\/p>\n<p id=\"p-1777215379815-86958\" data-start=\"3940\" data-end=\"4007\">Si la riqueza por habitante cae, esa promesa empieza a tensionarse. Y por eso el dato empez\u00f3 a ser le\u00eddo como algo m\u00e1s que una estad\u00edstica.<\/p>\n<p id=\"p-1777215379815-42560\" data-start=\"4129\" data-end=\"4197\">El problema ya no es s\u00f3lo cu\u00e1nto cae o rebota la actividad este a\u00f1o. La pregunta es si la econom\u00eda argentina puede salir del estancamiento de fondo que arrastra desde hace m\u00e1s de una d\u00e9cada.<\/p>\n<\/article>\n<p>\t\t\t\t<!-- REGION4 } -->\n\t\t\t\t\t\t<\/div>\n<p><script>\n!function(f,b,e,v,n,t,s)\n{if(f.fbq)return;n=f.fbq=function(){n.callMethod?\nn.callMethod.apply(n,arguments):n.queue.push(arguments)};\nif(!f._fbq)f._fbq=n;n.push=n;n.loaded=!0;n.version='2.0';\nn.queue=[];t=b.createElement(e);t.async=!0;\nt.src=v;s=b.getElementsByTagName(e)[0];\ns.parentNode.insertBefore(t,s)}(window,document,'script',\n'https:\/\/connect.facebook.net\/en_US\/fbevents.js');\nfbq('init', '2047048335588113');\nfbq('track', 'PageView');\n<\/script><br \/>\n<br \/><\/p>\n","protected":false},"excerpt":{"rendered":"<p>Aunque algunos sectores muestran dinamismo, el deterioro del PBI per c\u00e1pita expone un problema estructural: los argentinos producen y consumen menos por habitante que hace diez a\u00f1os. Economistas advierten por una tendencia que no encuentra piso. Los \u00faltimos datos de actividad dejaron una se\u00f1al que va m\u00e1s all\u00e1 de la coyuntura: detr\u00e1s de los vaivenes [&hellip;]<\/p>\n","protected":false},"author":1,"featured_media":181647,"comment_status":"closed","ping_status":"closed","sticky":false,"template":"","format":"standard","meta":{"footnotes":""},"categories":[28],"tags":[],"class_list":["post-193109","post","type-post","status-publish","format-standard","has-post-thumbnail","hentry","category-economia"],"yoast_head":"<!-- This site is optimized with the Yoast SEO plugin v24.4 - https:\/\/yoast.com\/wordpress\/plugins\/seo\/ -->\n<title>El PBI por habitante cay\u00f3 y crecen las se\u00f1ales de alarma sobre la econom\u00eda - GYS NOTICIAS |<\/title>\n<meta name=\"robots\" content=\"index, follow, max-snippet:-1, max-image-preview:large, max-video-preview:-1\" \/>\n<link rel=\"canonical\" href=\"https:\/\/gysfm.com.ar\/inicio\/el-pbi-por-habitante-cayo-y-crecen-las-senales-de-alarma-sobre-la-economia\/\" \/>\n<meta property=\"og:locale\" content=\"es_ES\" \/>\n<meta property=\"og:type\" content=\"article\" \/>\n<meta property=\"og:title\" content=\"El PBI por habitante cay\u00f3 y crecen las se\u00f1ales de alarma sobre la econom\u00eda - GYS NOTICIAS |\" \/>\n<meta property=\"og:description\" content=\"Aunque algunos sectores muestran dinamismo, el deterioro del PBI per c\u00e1pita expone un problema estructural: los argentinos producen y consumen menos por habitante que hace diez a\u00f1os. Economistas advierten por una tendencia que no encuentra piso. Los \u00faltimos datos de actividad dejaron una se\u00f1al que va m\u00e1s all\u00e1 de la coyuntura: detr\u00e1s de los vaivenes [&hellip;]\" \/>\n<meta property=\"og:url\" content=\"https:\/\/gysfm.com.ar\/inicio\/el-pbi-por-habitante-cayo-y-crecen-las-senales-de-alarma-sobre-la-economia\/\" \/>\n<meta property=\"og:site_name\" content=\"GYS NOTICIAS |\" \/>\n<meta property=\"article:published_time\" content=\"2026-04-26T15:17:56+00:00\" \/>\n<meta property=\"og:image\" content=\"https:\/\/media.ambito.com\/p\/d2e17e30b9ba151f7172fcdf354bb964\/adjuntos\/239\/imagenes\/042\/916\/0042916188\/655x368\/778x231:798x251\/industria-construccion.jpg\" \/>\n<meta name=\"author\" content=\"admin\" \/>\n<meta name=\"twitter:card\" content=\"summary_large_image\" \/>\n<meta name=\"twitter:label1\" content=\"Escrito por\" \/>\n\t<meta name=\"twitter:data1\" content=\"admin\" \/>\n\t<meta name=\"twitter:label2\" content=\"Tiempo de lectura\" \/>\n\t<meta name=\"twitter:data2\" content=\"3 minutos\" \/>\n<script type=\"application\/ld+json\" class=\"yoast-schema-graph\">{\"@context\":\"https:\/\/schema.org\",\"@graph\":[{\"@type\":\"Article\",\"@id\":\"https:\/\/gysfm.com.ar\/inicio\/el-pbi-por-habitante-cayo-y-crecen-las-senales-de-alarma-sobre-la-economia\/#article\",\"isPartOf\":{\"@id\":\"https:\/\/gysfm.com.ar\/inicio\/el-pbi-por-habitante-cayo-y-crecen-las-senales-de-alarma-sobre-la-economia\/\"},\"author\":{\"name\":\"admin\",\"@id\":\"https:\/\/gysfm.com.ar\/inicio\/#\/schema\/person\/5bedd7ecd35cc35548d89effafa23696\"},\"headline\":\"El PBI por habitante cay\u00f3 y crecen las se\u00f1ales de alarma sobre la econom\u00eda\",\"datePublished\":\"2026-04-26T15:17:56+00:00\",\"mainEntityOfPage\":{\"@id\":\"https:\/\/gysfm.com.ar\/inicio\/el-pbi-por-habitante-cayo-y-crecen-las-senales-de-alarma-sobre-la-economia\/\"},\"wordCount\":697,\"publisher\":{\"@id\":\"https:\/\/gysfm.com.ar\/inicio\/#organization\"},\"image\":{\"@id\":\"https:\/\/gysfm.com.ar\/inicio\/el-pbi-por-habitante-cayo-y-crecen-las-senales-de-alarma-sobre-la-economia\/#primaryimage\"},\"thumbnailUrl\":\"https:\/\/gysfm.com.ar\/inicio\/wp-content\/uploads\/2026\/02\/industria-construccion.jpg\",\"articleSection\":[\"ECONOMIA\"],\"inLanguage\":\"es\"},{\"@type\":\"WebPage\",\"@id\":\"https:\/\/gysfm.com.ar\/inicio\/el-pbi-por-habitante-cayo-y-crecen-las-senales-de-alarma-sobre-la-economia\/\",\"url\":\"https:\/\/gysfm.com.ar\/inicio\/el-pbi-por-habitante-cayo-y-crecen-las-senales-de-alarma-sobre-la-economia\/\",\"name\":\"El PBI por habitante cay\u00f3 y crecen las se\u00f1ales de alarma sobre la econom\u00eda - GYS NOTICIAS |\",\"isPartOf\":{\"@id\":\"https:\/\/gysfm.com.ar\/inicio\/#website\"},\"primaryImageOfPage\":{\"@id\":\"https:\/\/gysfm.com.ar\/inicio\/el-pbi-por-habitante-cayo-y-crecen-las-senales-de-alarma-sobre-la-economia\/#primaryimage\"},\"image\":{\"@id\":\"https:\/\/gysfm.com.ar\/inicio\/el-pbi-por-habitante-cayo-y-crecen-las-senales-de-alarma-sobre-la-economia\/#primaryimage\"},\"thumbnailUrl\":\"https:\/\/gysfm.com.ar\/inicio\/wp-content\/uploads\/2026\/02\/industria-construccion.jpg\",\"datePublished\":\"2026-04-26T15:17:56+00:00\",\"breadcrumb\":{\"@id\":\"https:\/\/gysfm.com.ar\/inicio\/el-pbi-por-habitante-cayo-y-crecen-las-senales-de-alarma-sobre-la-economia\/#breadcrumb\"},\"inLanguage\":\"es\",\"potentialAction\":[{\"@type\":\"ReadAction\",\"target\":[\"https:\/\/gysfm.com.ar\/inicio\/el-pbi-por-habitante-cayo-y-crecen-las-senales-de-alarma-sobre-la-economia\/\"]}]},{\"@type\":\"ImageObject\",\"inLanguage\":\"es\",\"@id\":\"https:\/\/gysfm.com.ar\/inicio\/el-pbi-por-habitante-cayo-y-crecen-las-senales-de-alarma-sobre-la-economia\/#primaryimage\",\"url\":\"https:\/\/gysfm.com.ar\/inicio\/wp-content\/uploads\/2026\/02\/industria-construccion.jpg\",\"contentUrl\":\"https:\/\/gysfm.com.ar\/inicio\/wp-content\/uploads\/2026\/02\/industria-construccion.jpg\",\"width\":1200,\"height\":675},{\"@type\":\"BreadcrumbList\",\"@id\":\"https:\/\/gysfm.com.ar\/inicio\/el-pbi-por-habitante-cayo-y-crecen-las-senales-de-alarma-sobre-la-economia\/#breadcrumb\",\"itemListElement\":[{\"@type\":\"ListItem\",\"position\":1,\"name\":\"Portada\",\"item\":\"https:\/\/gysfm.com.ar\/inicio\/\"},{\"@type\":\"ListItem\",\"position\":2,\"name\":\"El PBI por habitante cay\u00f3 y crecen las se\u00f1ales de alarma sobre la econom\u00eda\"}]},{\"@type\":\"WebSite\",\"@id\":\"https:\/\/gysfm.com.ar\/inicio\/#website\",\"url\":\"https:\/\/gysfm.com.ar\/inicio\/\",\"name\":\"GYS NOTICIAS |\",\"description\":\"DIARIO - RADIO ONLINE SAN JUAN ARGENTINA\",\"publisher\":{\"@id\":\"https:\/\/gysfm.com.ar\/inicio\/#organization\"},\"potentialAction\":[{\"@type\":\"SearchAction\",\"target\":{\"@type\":\"EntryPoint\",\"urlTemplate\":\"https:\/\/gysfm.com.ar\/inicio\/?s={search_term_string}\"},\"query-input\":{\"@type\":\"PropertyValueSpecification\",\"valueRequired\":true,\"valueName\":\"search_term_string\"}}],\"inLanguage\":\"es\"},{\"@type\":\"Organization\",\"@id\":\"https:\/\/gysfm.com.ar\/inicio\/#organization\",\"name\":\"GYS NOTICIAS |\",\"url\":\"https:\/\/gysfm.com.ar\/inicio\/\",\"logo\":{\"@type\":\"ImageObject\",\"inLanguage\":\"es\",\"@id\":\"https:\/\/gysfm.com.ar\/inicio\/#\/schema\/logo\/image\/\",\"url\":\"https:\/\/gysfm.com.ar\/inicio\/wp-content\/uploads\/2023\/07\/LOGOGYS-OK.png\",\"contentUrl\":\"https:\/\/gysfm.com.ar\/inicio\/wp-content\/uploads\/2023\/07\/LOGOGYS-OK.png\",\"width\":1170,\"height\":872,\"caption\":\"GYS NOTICIAS |\"},\"image\":{\"@id\":\"https:\/\/gysfm.com.ar\/inicio\/#\/schema\/logo\/image\/\"}},{\"@type\":\"Person\",\"@id\":\"https:\/\/gysfm.com.ar\/inicio\/#\/schema\/person\/5bedd7ecd35cc35548d89effafa23696\",\"name\":\"admin\",\"image\":{\"@type\":\"ImageObject\",\"inLanguage\":\"es\",\"@id\":\"https:\/\/gysfm.com.ar\/inicio\/#\/schema\/person\/image\/\",\"url\":\"https:\/\/secure.gravatar.com\/avatar\/c331d312b5243fb64d5ba28108a447b27c925295129a363082c9ea52c28d32c2?s=96&d=mm&r=g\",\"contentUrl\":\"https:\/\/secure.gravatar.com\/avatar\/c331d312b5243fb64d5ba28108a447b27c925295129a363082c9ea52c28d32c2?s=96&d=mm&r=g\",\"caption\":\"admin\"},\"sameAs\":[\"https:\/\/gysfm.com.ar\/inicio\"],\"url\":\"https:\/\/gysfm.com.ar\/inicio\/author\/admin\/\"}]}<\/script>\n<!-- \/ Yoast SEO plugin. -->","yoast_head_json":{"title":"El PBI por habitante cay\u00f3 y crecen las se\u00f1ales de alarma sobre la econom\u00eda - GYS NOTICIAS |","robots":{"index":"index","follow":"follow","max-snippet":"max-snippet:-1","max-image-preview":"max-image-preview:large","max-video-preview":"max-video-preview:-1"},"canonical":"https:\/\/gysfm.com.ar\/inicio\/el-pbi-por-habitante-cayo-y-crecen-las-senales-de-alarma-sobre-la-economia\/","og_locale":"es_ES","og_type":"article","og_title":"El PBI por habitante cay\u00f3 y crecen las se\u00f1ales de alarma sobre la econom\u00eda - GYS NOTICIAS |","og_description":"Aunque algunos sectores muestran dinamismo, el deterioro del PBI per c\u00e1pita expone un problema estructural: los argentinos producen y consumen menos por habitante que hace diez a\u00f1os. Economistas advierten por una tendencia que no encuentra piso. Los \u00faltimos datos de actividad dejaron una se\u00f1al que va m\u00e1s all\u00e1 de la coyuntura: detr\u00e1s de los vaivenes [&hellip;]","og_url":"https:\/\/gysfm.com.ar\/inicio\/el-pbi-por-habitante-cayo-y-crecen-las-senales-de-alarma-sobre-la-economia\/","og_site_name":"GYS NOTICIAS |","article_published_time":"2026-04-26T15:17:56+00:00","og_image":[{"url":"https:\/\/media.ambito.com\/p\/d2e17e30b9ba151f7172fcdf354bb964\/adjuntos\/239\/imagenes\/042\/916\/0042916188\/655x368\/778x231:798x251\/industria-construccion.jpg","type":"","width":"","height":""}],"author":"admin","twitter_card":"summary_large_image","twitter_misc":{"Escrito por":"admin","Tiempo de lectura":"3 minutos"},"schema":{"@context":"https:\/\/schema.org","@graph":[{"@type":"Article","@id":"https:\/\/gysfm.com.ar\/inicio\/el-pbi-por-habitante-cayo-y-crecen-las-senales-de-alarma-sobre-la-economia\/#article","isPartOf":{"@id":"https:\/\/gysfm.com.ar\/inicio\/el-pbi-por-habitante-cayo-y-crecen-las-senales-de-alarma-sobre-la-economia\/"},"author":{"name":"admin","@id":"https:\/\/gysfm.com.ar\/inicio\/#\/schema\/person\/5bedd7ecd35cc35548d89effafa23696"},"headline":"El PBI por habitante cay\u00f3 y crecen las se\u00f1ales de alarma sobre la econom\u00eda","datePublished":"2026-04-26T15:17:56+00:00","mainEntityOfPage":{"@id":"https:\/\/gysfm.com.ar\/inicio\/el-pbi-por-habitante-cayo-y-crecen-las-senales-de-alarma-sobre-la-economia\/"},"wordCount":697,"publisher":{"@id":"https:\/\/gysfm.com.ar\/inicio\/#organization"},"image":{"@id":"https:\/\/gysfm.com.ar\/inicio\/el-pbi-por-habitante-cayo-y-crecen-las-senales-de-alarma-sobre-la-economia\/#primaryimage"},"thumbnailUrl":"https:\/\/gysfm.com.ar\/inicio\/wp-content\/uploads\/2026\/02\/industria-construccion.jpg","articleSection":["ECONOMIA"],"inLanguage":"es"},{"@type":"WebPage","@id":"https:\/\/gysfm.com.ar\/inicio\/el-pbi-por-habitante-cayo-y-crecen-las-senales-de-alarma-sobre-la-economia\/","url":"https:\/\/gysfm.com.ar\/inicio\/el-pbi-por-habitante-cayo-y-crecen-las-senales-de-alarma-sobre-la-economia\/","name":"El PBI por habitante cay\u00f3 y crecen las se\u00f1ales de alarma sobre la econom\u00eda - GYS NOTICIAS |","isPartOf":{"@id":"https:\/\/gysfm.com.ar\/inicio\/#website"},"primaryImageOfPage":{"@id":"https:\/\/gysfm.com.ar\/inicio\/el-pbi-por-habitante-cayo-y-crecen-las-senales-de-alarma-sobre-la-economia\/#primaryimage"},"image":{"@id":"https:\/\/gysfm.com.ar\/inicio\/el-pbi-por-habitante-cayo-y-crecen-las-senales-de-alarma-sobre-la-economia\/#primaryimage"},"thumbnailUrl":"https:\/\/gysfm.com.ar\/inicio\/wp-content\/uploads\/2026\/02\/industria-construccion.jpg","datePublished":"2026-04-26T15:17:56+00:00","breadcrumb":{"@id":"https:\/\/gysfm.com.ar\/inicio\/el-pbi-por-habitante-cayo-y-crecen-las-senales-de-alarma-sobre-la-economia\/#breadcrumb"},"inLanguage":"es","potentialAction":[{"@type":"ReadAction","target":["https:\/\/gysfm.com.ar\/inicio\/el-pbi-por-habitante-cayo-y-crecen-las-senales-de-alarma-sobre-la-economia\/"]}]},{"@type":"ImageObject","inLanguage":"es","@id":"https:\/\/gysfm.com.ar\/inicio\/el-pbi-por-habitante-cayo-y-crecen-las-senales-de-alarma-sobre-la-economia\/#primaryimage","url":"https:\/\/gysfm.com.ar\/inicio\/wp-content\/uploads\/2026\/02\/industria-construccion.jpg","contentUrl":"https:\/\/gysfm.com.ar\/inicio\/wp-content\/uploads\/2026\/02\/industria-construccion.jpg","width":1200,"height":675},{"@type":"BreadcrumbList","@id":"https:\/\/gysfm.com.ar\/inicio\/el-pbi-por-habitante-cayo-y-crecen-las-senales-de-alarma-sobre-la-economia\/#breadcrumb","itemListElement":[{"@type":"ListItem","position":1,"name":"Portada","item":"https:\/\/gysfm.com.ar\/inicio\/"},{"@type":"ListItem","position":2,"name":"El PBI por habitante cay\u00f3 y crecen las se\u00f1ales de alarma sobre la econom\u00eda"}]},{"@type":"WebSite","@id":"https:\/\/gysfm.com.ar\/inicio\/#website","url":"https:\/\/gysfm.com.ar\/inicio\/","name":"GYS NOTICIAS |","description":"DIARIO - RADIO ONLINE SAN JUAN ARGENTINA","publisher":{"@id":"https:\/\/gysfm.com.ar\/inicio\/#organization"},"potentialAction":[{"@type":"SearchAction","target":{"@type":"EntryPoint","urlTemplate":"https:\/\/gysfm.com.ar\/inicio\/?s={search_term_string}"},"query-input":{"@type":"PropertyValueSpecification","valueRequired":true,"valueName":"search_term_string"}}],"inLanguage":"es"},{"@type":"Organization","@id":"https:\/\/gysfm.com.ar\/inicio\/#organization","name":"GYS NOTICIAS |","url":"https:\/\/gysfm.com.ar\/inicio\/","logo":{"@type":"ImageObject","inLanguage":"es","@id":"https:\/\/gysfm.com.ar\/inicio\/#\/schema\/logo\/image\/","url":"https:\/\/gysfm.com.ar\/inicio\/wp-content\/uploads\/2023\/07\/LOGOGYS-OK.png","contentUrl":"https:\/\/gysfm.com.ar\/inicio\/wp-content\/uploads\/2023\/07\/LOGOGYS-OK.png","width":1170,"height":872,"caption":"GYS NOTICIAS |"},"image":{"@id":"https:\/\/gysfm.com.ar\/inicio\/#\/schema\/logo\/image\/"}},{"@type":"Person","@id":"https:\/\/gysfm.com.ar\/inicio\/#\/schema\/person\/5bedd7ecd35cc35548d89effafa23696","name":"admin","image":{"@type":"ImageObject","inLanguage":"es","@id":"https:\/\/gysfm.com.ar\/inicio\/#\/schema\/person\/image\/","url":"https:\/\/secure.gravatar.com\/avatar\/c331d312b5243fb64d5ba28108a447b27c925295129a363082c9ea52c28d32c2?s=96&d=mm&r=g","contentUrl":"https:\/\/secure.gravatar.com\/avatar\/c331d312b5243fb64d5ba28108a447b27c925295129a363082c9ea52c28d32c2?s=96&d=mm&r=g","caption":"admin"},"sameAs":["https:\/\/gysfm.com.ar\/inicio"],"url":"https:\/\/gysfm.com.ar\/inicio\/author\/admin\/"}]}},"_links":{"self":[{"href":"https:\/\/gysfm.com.ar\/inicio\/wp-json\/wp\/v2\/posts\/193109","targetHints":{"allow":["GET"]}}],"collection":[{"href":"https:\/\/gysfm.com.ar\/inicio\/wp-json\/wp\/v2\/posts"}],"about":[{"href":"https:\/\/gysfm.com.ar\/inicio\/wp-json\/wp\/v2\/types\/post"}],"author":[{"embeddable":true,"href":"https:\/\/gysfm.com.ar\/inicio\/wp-json\/wp\/v2\/users\/1"}],"replies":[{"embeddable":true,"href":"https:\/\/gysfm.com.ar\/inicio\/wp-json\/wp\/v2\/comments?post=193109"}],"version-history":[{"count":0,"href":"https:\/\/gysfm.com.ar\/inicio\/wp-json\/wp\/v2\/posts\/193109\/revisions"}],"wp:featuredmedia":[{"embeddable":true,"href":"https:\/\/gysfm.com.ar\/inicio\/wp-json\/wp\/v2\/media\/181647"}],"wp:attachment":[{"href":"https:\/\/gysfm.com.ar\/inicio\/wp-json\/wp\/v2\/media?parent=193109"}],"wp:term":[{"taxonomy":"category","embeddable":true,"href":"https:\/\/gysfm.com.ar\/inicio\/wp-json\/wp\/v2\/categories?post=193109"},{"taxonomy":"post_tag","embeddable":true,"href":"https:\/\/gysfm.com.ar\/inicio\/wp-json\/wp\/v2\/tags?post=193109"}],"curies":[{"name":"wp","href":"https:\/\/api.w.org\/{rel}","templated":true}]}}