{"id":193102,"date":"2026-04-26T11:23:34","date_gmt":"2026-04-26T14:23:34","guid":{"rendered":"https:\/\/gysfm.com.ar\/inicio\/will-the-peronists-resort-to-god-in-2027\/"},"modified":"2026-04-26T11:23:34","modified_gmt":"2026-04-26T14:23:34","slug":"will-the-peronists-resort-to-god-in-2027","status":"publish","type":"post","link":"https:\/\/gysfm.com.ar\/inicio\/will-the-peronists-resort-to-god-in-2027\/","title":{"rendered":"Will the Peronists resort to God in 2027?"},"content":{"rendered":"<p><\/p>\n<div id=\"news-body\" style=\"overflow-x: hidden;\">\n<p>Domestic politics is becoming increasingly religious. This week, President Javier Milei lost his head-of-state posture when he stood in front of the Western Wall in Jerusalem; while in Buenos Aires, a Catholic mass in Luj\u00e1n to mark the first anniversary of the death of Pope Francis gathered ruling party and opposition leaders, something very out of character in Argentina.<\/p>\n<p>Politics here has always had a dose of faith and paganism; Evita Per\u00f3n was a saint to many (the devil to others), but now some people believe that the country\u2019s next leader could be explicitly religious. Enter Dante Gebel.<\/p>\n<p>The natural course of events would lead to a presidential race next year pitting two economists with diametrically opposed intellectual upbringings: Milei and his Hayek-inspired libertarianism versus the Keynesian latecomer to Peronism, Axel Kicillof, the current governor of Buenos Aires Province. But Gebel, an Argentine pastor who built a communications-driven Church empire in North America, is testing the waters to see if he can break this dichotomy and appeal to Argentine voters from a spiritual rather than a rational angle.<\/p>\n<p>Gebel comes from a working-class family in Billinghurst, in the western section of the Buenos Aires suburbs. He can claim to be a self-made man, having succeeded in amassing large crowds and a large social media following with his spiritual and optimistic message. He claims to be on the autism spectrum, with Asperger\u2019s, which he describes as God\u2019s blessing to him.\u00a0<\/p>\n<p>So far, we only know that Gebel has a few friends in Argentine politics who want him to run for president, even as the Peronist candidate. The California-based evangelical pastor is sending mixed messages about his own intentions, hinting that he will only make a decision after the 2026 World Cup.<\/p>\n<p>The Gebel question is at the heart of a larger issue: how the Peronists sort out their leadership dilemma in order to be competitive in next year\u2019s presidential race. All polls show a decline in President Milei\u2019s approval ratings, mostly on the back of an economy that grows in capital-intensive, export-driven sectors like farming, energy, and mining, but falls in labour-intensive, domestic market-oriented sectors like SME (PyMEs), manufacturing and construction. If this trend continues \u2013 or even stays as it is now \u2013 the 2027 election will be competitive. A reminder: none of Argentina\u2019s last two presidents managed to be re-elected.<\/p>\n<p>In that scenario, the opposition\u2019s offering gains relevance. But a united opposition is not the same as a divided opposition. The way the opposition anoints its candidate is important too. Today, about a year out from the start of the next presidential campaign, the Peronists are toying with four courses of action.<\/p>\n<p>The first is good old Forced Unity, which means picking a candidate reluctantly accepted by the majority but without an ample consensus. This is what the Peronists did in the last three presidential votes, losing two of them (2015 and 2023). The obvious candidate for this would be Kicillof, but he would face pushback from the right and the left of the party and would likely find it hard to govern \u2013 like Alberto Fern\u00e1ndez \u2013 if he won.<\/p>\n<p>The second is to go to a primary. The Milei administration is hoping to make this difficult by trying to eliminate the obligatory PASO primaries altogether. But with or without a general primary, an internal election would allow the Peronists to field as many candidates as necessary and to emerge with a new leadership that is validated through votes. The last time something like this happened, however, was as long ago as 1988, when Carlos Menem beat the then-governor of Buenos Aires Province, Antonio Cafiero.<\/p>\n<p>The third alternative is running several candidates in the general election. This could be an option if the PASO primaries are scrapped and there is no agreement on the terms of an internal election and\/or if the Milei administration reaches the electoral season in very bad shape \u2013 which would increase incentives for anybody to fight for the big prize. This is what the Peronists did in 2003, when they fielded three presidential candidates who were not even on speaking terms: Carlos Menem, N\u00e9stor Kirchner, and Adolfo Rodr\u00edguez Sa\u00e1.<\/p>\n<p>The fourth way for the Peronists is to look for their own version of Milei: an outsider. This is where somebody like Gebel could enter the scene, or an establishment figure with little general public awareness, perhaps banker Jorge Brito, the former chair of River Plate football club. That would be a new outsider versus an established outsider (Milei).\u00a0<\/p>\n<p>There is little precedent of an outsider beating an outsider in Latin America in recent years. Betting on Gebel would be asking for a true miracle.<\/p>\n<p>\t\t\t\t\t\t\t\t<!-- e-planning v3 - Comienzo espacio _ articulo _ teads --><\/p>\n<p><noscript><a href=\"https:\/\/ads.us.e-planning.net\/ei\/3\/212f2\/articulo\/teads?it=i&amp;rnd=$RANDOM\" target=\"_blank\"><img loading=\"lazy\" decoding=\"async\" width=\"1\" height=\"1\" alt=\"e-planning ad\" src=\"https:\/\/ads.us.e-planning.net\/eb\/3\/212f2\/articulo\/teads?o=i&amp;rnd=$RANDOM\" border=\"0\"\/><\/a><\/noscript><br \/>\n<!-- e-planning v3 - Fin espacio _ articulo _ teads --><\/p><\/div>\n<p><script>(function(d, s, id) {\n\t\tvar js, fjs = d.getElementsByTagName(s)[0];\n\t\tif (d.getElementById(id)) return;\n\t\tjs = d.createElement(s); js.id = id;\n\t\tjs.src=\"https:\/\/connect.facebook.net\/es_LA\/sdk.js#xfbml=1&version=v3.1\";\n\t\tfjs.parentNode.insertBefore(js, fjs);\n\t}(document, 'script', 'facebook-jssdk'));<\/script><\/p>\n","protected":false},"excerpt":{"rendered":"<p>Domestic politics is becoming increasingly religious. This week, President Javier Milei lost his head-of-state posture when he stood in front of the Western Wall in Jerusalem; while in Buenos Aires, a Catholic mass in Luj\u00e1n to mark the first anniversary of the death of Pope Francis gathered ruling party and opposition leaders, something very out [&hellip;]<\/p>\n","protected":false},"author":2,"featured_media":193103,"comment_status":"closed","ping_status":"closed","sticky":false,"template":"","format":"standard","meta":{"footnotes":""},"categories":[25],"tags":[],"class_list":["post-193102","post","type-post","status-publish","format-standard","has-post-thumbnail","hentry","category-nacionales"],"yoast_head":"<!-- This site is optimized with the Yoast SEO plugin v24.4 - https:\/\/yoast.com\/wordpress\/plugins\/seo\/ -->\n<title>Will the Peronists resort to God in 2027? - GYS NOTICIAS |<\/title>\n<meta name=\"robots\" content=\"index, follow, max-snippet:-1, max-image-preview:large, max-video-preview:-1\" \/>\n<link rel=\"canonical\" href=\"https:\/\/gysfm.com.ar\/inicio\/will-the-peronists-resort-to-god-in-2027\/\" \/>\n<meta property=\"og:locale\" content=\"es_ES\" \/>\n<meta property=\"og:type\" content=\"article\" \/>\n<meta property=\"og:title\" content=\"Will the Peronists resort to God in 2027? - GYS NOTICIAS |\" \/>\n<meta property=\"og:description\" content=\"Domestic politics is becoming increasingly religious. This week, President Javier Milei lost his head-of-state posture when he stood in front of the Western Wall in Jerusalem; while in Buenos Aires, a Catholic mass in Luj\u00e1n to mark the first anniversary of the death of Pope Francis gathered ruling party and opposition leaders, something very out [&hellip;]\" \/>\n<meta property=\"og:url\" content=\"https:\/\/gysfm.com.ar\/inicio\/will-the-peronists-resort-to-god-in-2027\/\" \/>\n<meta property=\"og:site_name\" content=\"GYS NOTICIAS |\" \/>\n<meta property=\"article:published_time\" content=\"2026-04-26T14:23:34+00:00\" \/>\n<meta property=\"og:image\" content=\"https:\/\/ads.us.e-planning.net\/eb\/3\/212f2\/articulo\/teads?o=i&amp;rnd=$RANDOM\" \/>\n<meta name=\"author\" content=\"Prensa G&amp;S FM\" \/>\n<meta name=\"twitter:card\" content=\"summary_large_image\" \/>\n<meta name=\"twitter:label1\" content=\"Escrito por\" \/>\n\t<meta name=\"twitter:data1\" content=\"Prensa G&amp;S FM\" \/>\n\t<meta name=\"twitter:label2\" content=\"Tiempo de lectura\" \/>\n\t<meta name=\"twitter:data2\" content=\"4 minutos\" \/>\n<script type=\"application\/ld+json\" class=\"yoast-schema-graph\">{\"@context\":\"https:\/\/schema.org\",\"@graph\":[{\"@type\":\"Article\",\"@id\":\"https:\/\/gysfm.com.ar\/inicio\/will-the-peronists-resort-to-god-in-2027\/#article\",\"isPartOf\":{\"@id\":\"https:\/\/gysfm.com.ar\/inicio\/will-the-peronists-resort-to-god-in-2027\/\"},\"author\":{\"name\":\"Prensa G&amp;S FM\",\"@id\":\"https:\/\/gysfm.com.ar\/inicio\/#\/schema\/person\/3abba7593ef2ad19e1be221d54383dc5\"},\"headline\":\"Will the Peronists resort to God in 2027?\",\"datePublished\":\"2026-04-26T14:23:34+00:00\",\"mainEntityOfPage\":{\"@id\":\"https:\/\/gysfm.com.ar\/inicio\/will-the-peronists-resort-to-god-in-2027\/\"},\"wordCount\":790,\"publisher\":{\"@id\":\"https:\/\/gysfm.com.ar\/inicio\/#organization\"},\"image\":{\"@id\":\"https:\/\/gysfm.com.ar\/inicio\/will-the-peronists-resort-to-god-in-2027\/#primaryimage\"},\"thumbnailUrl\":\"https:\/\/gysfm.com.ar\/inicio\/wp-content\/uploads\/2026\/04\/dante-gebel-2227439.jpg\",\"articleSection\":[\"NACIONALES\"],\"inLanguage\":\"es\"},{\"@type\":\"WebPage\",\"@id\":\"https:\/\/gysfm.com.ar\/inicio\/will-the-peronists-resort-to-god-in-2027\/\",\"url\":\"https:\/\/gysfm.com.ar\/inicio\/will-the-peronists-resort-to-god-in-2027\/\",\"name\":\"Will the Peronists resort to God in 2027? - GYS NOTICIAS |\",\"isPartOf\":{\"@id\":\"https:\/\/gysfm.com.ar\/inicio\/#website\"},\"primaryImageOfPage\":{\"@id\":\"https:\/\/gysfm.com.ar\/inicio\/will-the-peronists-resort-to-god-in-2027\/#primaryimage\"},\"image\":{\"@id\":\"https:\/\/gysfm.com.ar\/inicio\/will-the-peronists-resort-to-god-in-2027\/#primaryimage\"},\"thumbnailUrl\":\"https:\/\/gysfm.com.ar\/inicio\/wp-content\/uploads\/2026\/04\/dante-gebel-2227439.jpg\",\"datePublished\":\"2026-04-26T14:23:34+00:00\",\"breadcrumb\":{\"@id\":\"https:\/\/gysfm.com.ar\/inicio\/will-the-peronists-resort-to-god-in-2027\/#breadcrumb\"},\"inLanguage\":\"es\",\"potentialAction\":[{\"@type\":\"ReadAction\",\"target\":[\"https:\/\/gysfm.com.ar\/inicio\/will-the-peronists-resort-to-god-in-2027\/\"]}]},{\"@type\":\"ImageObject\",\"inLanguage\":\"es\",\"@id\":\"https:\/\/gysfm.com.ar\/inicio\/will-the-peronists-resort-to-god-in-2027\/#primaryimage\",\"url\":\"https:\/\/gysfm.com.ar\/inicio\/wp-content\/uploads\/2026\/04\/dante-gebel-2227439.jpg\",\"contentUrl\":\"https:\/\/gysfm.com.ar\/inicio\/wp-content\/uploads\/2026\/04\/dante-gebel-2227439.jpg\",\"width\":1140,\"height\":641},{\"@type\":\"BreadcrumbList\",\"@id\":\"https:\/\/gysfm.com.ar\/inicio\/will-the-peronists-resort-to-god-in-2027\/#breadcrumb\",\"itemListElement\":[{\"@type\":\"ListItem\",\"position\":1,\"name\":\"Portada\",\"item\":\"https:\/\/gysfm.com.ar\/inicio\/\"},{\"@type\":\"ListItem\",\"position\":2,\"name\":\"Will the Peronists resort to God in 2027?\"}]},{\"@type\":\"WebSite\",\"@id\":\"https:\/\/gysfm.com.ar\/inicio\/#website\",\"url\":\"https:\/\/gysfm.com.ar\/inicio\/\",\"name\":\"GYS NOTICIAS |\",\"description\":\"DIARIO - RADIO ONLINE SAN JUAN ARGENTINA\",\"publisher\":{\"@id\":\"https:\/\/gysfm.com.ar\/inicio\/#organization\"},\"potentialAction\":[{\"@type\":\"SearchAction\",\"target\":{\"@type\":\"EntryPoint\",\"urlTemplate\":\"https:\/\/gysfm.com.ar\/inicio\/?s={search_term_string}\"},\"query-input\":{\"@type\":\"PropertyValueSpecification\",\"valueRequired\":true,\"valueName\":\"search_term_string\"}}],\"inLanguage\":\"es\"},{\"@type\":\"Organization\",\"@id\":\"https:\/\/gysfm.com.ar\/inicio\/#organization\",\"name\":\"GYS NOTICIAS |\",\"url\":\"https:\/\/gysfm.com.ar\/inicio\/\",\"logo\":{\"@type\":\"ImageObject\",\"inLanguage\":\"es\",\"@id\":\"https:\/\/gysfm.com.ar\/inicio\/#\/schema\/logo\/image\/\",\"url\":\"https:\/\/gysfm.com.ar\/inicio\/wp-content\/uploads\/2023\/07\/LOGOGYS-OK.png\",\"contentUrl\":\"https:\/\/gysfm.com.ar\/inicio\/wp-content\/uploads\/2023\/07\/LOGOGYS-OK.png\",\"width\":1170,\"height\":872,\"caption\":\"GYS NOTICIAS |\"},\"image\":{\"@id\":\"https:\/\/gysfm.com.ar\/inicio\/#\/schema\/logo\/image\/\"}},{\"@type\":\"Person\",\"@id\":\"https:\/\/gysfm.com.ar\/inicio\/#\/schema\/person\/3abba7593ef2ad19e1be221d54383dc5\",\"name\":\"Prensa G&amp;S FM\",\"image\":{\"@type\":\"ImageObject\",\"inLanguage\":\"es\",\"@id\":\"https:\/\/gysfm.com.ar\/inicio\/#\/schema\/person\/image\/\",\"url\":\"https:\/\/secure.gravatar.com\/avatar\/096ec78df02049ab018702bb4ccedf659377fa92a26540b5247612077a0dbd29?s=96&d=mm&r=g\",\"contentUrl\":\"https:\/\/secure.gravatar.com\/avatar\/096ec78df02049ab018702bb4ccedf659377fa92a26540b5247612077a0dbd29?s=96&d=mm&r=g\",\"caption\":\"Prensa G&amp;S FM\"},\"sameAs\":[\"https:\/\/gysfm.com.ar\/\"],\"url\":\"https:\/\/gysfm.com.ar\/inicio\/author\/lucasm\/\"}]}<\/script>\n<!-- \/ Yoast SEO plugin. -->","yoast_head_json":{"title":"Will the Peronists resort to God in 2027? - GYS NOTICIAS |","robots":{"index":"index","follow":"follow","max-snippet":"max-snippet:-1","max-image-preview":"max-image-preview:large","max-video-preview":"max-video-preview:-1"},"canonical":"https:\/\/gysfm.com.ar\/inicio\/will-the-peronists-resort-to-god-in-2027\/","og_locale":"es_ES","og_type":"article","og_title":"Will the Peronists resort to God in 2027? - GYS NOTICIAS |","og_description":"Domestic politics is becoming increasingly religious. This week, President Javier Milei lost his head-of-state posture when he stood in front of the Western Wall in Jerusalem; while in Buenos Aires, a Catholic mass in Luj\u00e1n to mark the first anniversary of the death of Pope Francis gathered ruling party and opposition leaders, something very out [&hellip;]","og_url":"https:\/\/gysfm.com.ar\/inicio\/will-the-peronists-resort-to-god-in-2027\/","og_site_name":"GYS NOTICIAS |","article_published_time":"2026-04-26T14:23:34+00:00","og_image":[{"url":"https:\/\/ads.us.e-planning.net\/eb\/3\/212f2\/articulo\/teads?o=i&amp;rnd=$RANDOM","type":"","width":"","height":""}],"author":"Prensa G&amp;S FM","twitter_card":"summary_large_image","twitter_misc":{"Escrito por":"Prensa G&amp;S FM","Tiempo de lectura":"4 minutos"},"schema":{"@context":"https:\/\/schema.org","@graph":[{"@type":"Article","@id":"https:\/\/gysfm.com.ar\/inicio\/will-the-peronists-resort-to-god-in-2027\/#article","isPartOf":{"@id":"https:\/\/gysfm.com.ar\/inicio\/will-the-peronists-resort-to-god-in-2027\/"},"author":{"name":"Prensa G&amp;S FM","@id":"https:\/\/gysfm.com.ar\/inicio\/#\/schema\/person\/3abba7593ef2ad19e1be221d54383dc5"},"headline":"Will the Peronists resort to God in 2027?","datePublished":"2026-04-26T14:23:34+00:00","mainEntityOfPage":{"@id":"https:\/\/gysfm.com.ar\/inicio\/will-the-peronists-resort-to-god-in-2027\/"},"wordCount":790,"publisher":{"@id":"https:\/\/gysfm.com.ar\/inicio\/#organization"},"image":{"@id":"https:\/\/gysfm.com.ar\/inicio\/will-the-peronists-resort-to-god-in-2027\/#primaryimage"},"thumbnailUrl":"https:\/\/gysfm.com.ar\/inicio\/wp-content\/uploads\/2026\/04\/dante-gebel-2227439.jpg","articleSection":["NACIONALES"],"inLanguage":"es"},{"@type":"WebPage","@id":"https:\/\/gysfm.com.ar\/inicio\/will-the-peronists-resort-to-god-in-2027\/","url":"https:\/\/gysfm.com.ar\/inicio\/will-the-peronists-resort-to-god-in-2027\/","name":"Will the Peronists resort to God in 2027? - GYS NOTICIAS |","isPartOf":{"@id":"https:\/\/gysfm.com.ar\/inicio\/#website"},"primaryImageOfPage":{"@id":"https:\/\/gysfm.com.ar\/inicio\/will-the-peronists-resort-to-god-in-2027\/#primaryimage"},"image":{"@id":"https:\/\/gysfm.com.ar\/inicio\/will-the-peronists-resort-to-god-in-2027\/#primaryimage"},"thumbnailUrl":"https:\/\/gysfm.com.ar\/inicio\/wp-content\/uploads\/2026\/04\/dante-gebel-2227439.jpg","datePublished":"2026-04-26T14:23:34+00:00","breadcrumb":{"@id":"https:\/\/gysfm.com.ar\/inicio\/will-the-peronists-resort-to-god-in-2027\/#breadcrumb"},"inLanguage":"es","potentialAction":[{"@type":"ReadAction","target":["https:\/\/gysfm.com.ar\/inicio\/will-the-peronists-resort-to-god-in-2027\/"]}]},{"@type":"ImageObject","inLanguage":"es","@id":"https:\/\/gysfm.com.ar\/inicio\/will-the-peronists-resort-to-god-in-2027\/#primaryimage","url":"https:\/\/gysfm.com.ar\/inicio\/wp-content\/uploads\/2026\/04\/dante-gebel-2227439.jpg","contentUrl":"https:\/\/gysfm.com.ar\/inicio\/wp-content\/uploads\/2026\/04\/dante-gebel-2227439.jpg","width":1140,"height":641},{"@type":"BreadcrumbList","@id":"https:\/\/gysfm.com.ar\/inicio\/will-the-peronists-resort-to-god-in-2027\/#breadcrumb","itemListElement":[{"@type":"ListItem","position":1,"name":"Portada","item":"https:\/\/gysfm.com.ar\/inicio\/"},{"@type":"ListItem","position":2,"name":"Will the Peronists resort to God in 2027?"}]},{"@type":"WebSite","@id":"https:\/\/gysfm.com.ar\/inicio\/#website","url":"https:\/\/gysfm.com.ar\/inicio\/","name":"GYS NOTICIAS |","description":"DIARIO - RADIO ONLINE SAN JUAN ARGENTINA","publisher":{"@id":"https:\/\/gysfm.com.ar\/inicio\/#organization"},"potentialAction":[{"@type":"SearchAction","target":{"@type":"EntryPoint","urlTemplate":"https:\/\/gysfm.com.ar\/inicio\/?s={search_term_string}"},"query-input":{"@type":"PropertyValueSpecification","valueRequired":true,"valueName":"search_term_string"}}],"inLanguage":"es"},{"@type":"Organization","@id":"https:\/\/gysfm.com.ar\/inicio\/#organization","name":"GYS NOTICIAS |","url":"https:\/\/gysfm.com.ar\/inicio\/","logo":{"@type":"ImageObject","inLanguage":"es","@id":"https:\/\/gysfm.com.ar\/inicio\/#\/schema\/logo\/image\/","url":"https:\/\/gysfm.com.ar\/inicio\/wp-content\/uploads\/2023\/07\/LOGOGYS-OK.png","contentUrl":"https:\/\/gysfm.com.ar\/inicio\/wp-content\/uploads\/2023\/07\/LOGOGYS-OK.png","width":1170,"height":872,"caption":"GYS NOTICIAS |"},"image":{"@id":"https:\/\/gysfm.com.ar\/inicio\/#\/schema\/logo\/image\/"}},{"@type":"Person","@id":"https:\/\/gysfm.com.ar\/inicio\/#\/schema\/person\/3abba7593ef2ad19e1be221d54383dc5","name":"Prensa G&amp;S FM","image":{"@type":"ImageObject","inLanguage":"es","@id":"https:\/\/gysfm.com.ar\/inicio\/#\/schema\/person\/image\/","url":"https:\/\/secure.gravatar.com\/avatar\/096ec78df02049ab018702bb4ccedf659377fa92a26540b5247612077a0dbd29?s=96&d=mm&r=g","contentUrl":"https:\/\/secure.gravatar.com\/avatar\/096ec78df02049ab018702bb4ccedf659377fa92a26540b5247612077a0dbd29?s=96&d=mm&r=g","caption":"Prensa G&amp;S FM"},"sameAs":["https:\/\/gysfm.com.ar\/"],"url":"https:\/\/gysfm.com.ar\/inicio\/author\/lucasm\/"}]}},"_links":{"self":[{"href":"https:\/\/gysfm.com.ar\/inicio\/wp-json\/wp\/v2\/posts\/193102","targetHints":{"allow":["GET"]}}],"collection":[{"href":"https:\/\/gysfm.com.ar\/inicio\/wp-json\/wp\/v2\/posts"}],"about":[{"href":"https:\/\/gysfm.com.ar\/inicio\/wp-json\/wp\/v2\/types\/post"}],"author":[{"embeddable":true,"href":"https:\/\/gysfm.com.ar\/inicio\/wp-json\/wp\/v2\/users\/2"}],"replies":[{"embeddable":true,"href":"https:\/\/gysfm.com.ar\/inicio\/wp-json\/wp\/v2\/comments?post=193102"}],"version-history":[{"count":0,"href":"https:\/\/gysfm.com.ar\/inicio\/wp-json\/wp\/v2\/posts\/193102\/revisions"}],"wp:featuredmedia":[{"embeddable":true,"href":"https:\/\/gysfm.com.ar\/inicio\/wp-json\/wp\/v2\/media\/193103"}],"wp:attachment":[{"href":"https:\/\/gysfm.com.ar\/inicio\/wp-json\/wp\/v2\/media?parent=193102"}],"wp:term":[{"taxonomy":"category","embeddable":true,"href":"https:\/\/gysfm.com.ar\/inicio\/wp-json\/wp\/v2\/categories?post=193102"},{"taxonomy":"post_tag","embeddable":true,"href":"https:\/\/gysfm.com.ar\/inicio\/wp-json\/wp\/v2\/tags?post=193102"}],"curies":[{"name":"wp","href":"https:\/\/api.w.org\/{rel}","templated":true}]}}