{"id":193097,"date":"2026-04-26T10:52:28","date_gmt":"2026-04-26T13:52:28","guid":{"rendered":"https:\/\/gysfm.com.ar\/inicio\/en-medio-del-escandalo-adorni-la-oficina-anticorrupcion-extendio-el-plazo-para-presentar-las-declaraciones-juradas\/"},"modified":"2026-04-26T10:52:28","modified_gmt":"2026-04-26T13:52:28","slug":"en-medio-del-escandalo-adorni-la-oficina-anticorrupcion-extendio-el-plazo-para-presentar-las-declaraciones-juradas","status":"publish","type":"post","link":"https:\/\/gysfm.com.ar\/inicio\/en-medio-del-escandalo-adorni-la-oficina-anticorrupcion-extendio-el-plazo-para-presentar-las-declaraciones-juradas\/","title":{"rendered":"En medio del esc\u00e1ndalo Adorni, la Oficina Anticorrupci\u00f3n extendi\u00f3 el plazo para presentar las declaraciones juradas"},"content":{"rendered":"<p><\/p>\n<div id=\"article-content\">\n<p>En medio de <a target=\"_blank\" href=\"https:\/\/www.perfil.com\/noticias\/politica\/milei-banco-a-adorni-frente-a-las-denuncias-y-confirmo-que-lo-acompanara-al-congreso.phtml\">esc\u00e1ndalo patrimonial <\/a>que involucra a <strong>Manuel Adorni<\/strong>, mediante una resoluci\u00f3n publicada en el Bolet\u00edn Oficial, la nueva jefa de la Oficina Anticorrupci\u00f3n, <strong>Gabriela Carmen Zangaro<\/strong>, extendi\u00f3 dos meses el plazo para que los funcionarios p\u00fablicos presenten sus declaraciones juradas (DDJJ)<\/p>\n<p>El vencimiento previsto para el 31 de mayo <strong>se corri\u00f3 al 31 de julio<\/strong>, seg\u00fan una publicaci\u00f3n de este viernes en el Bolet\u00edn Oficial.<\/p>\n<p><a target=\"_blank\" href=\"https:\/\/https:\/\/www.perfil.com\/noticias\/politica\/boletin-oficial-el-gobierno-designo-oficialmente-a-la-nueva-jefa-de-la-oficina-anticorrupcion.phtml\">Zangaro asumi\u00f3 hace menos de un mes<\/a> promovida  por el nuevo ministro de Justicia, <strong>Juan Bautista Mahiques<\/strong>. Este viernes public\u00f3 la Resoluci\u00f3n 3\/2026 en la que se prorroga el plazo hasta el 31 de julio para las presentaciones de la Declaraci\u00f3n Jurada Patrimonial Integral que corresponde a todo el 2025.<\/p>\n<div class=\"subscription\">\n<p>\n        Esto no les gusta a los autoritarios\n    <\/p>\n<div class=\"subscription__container\">\n<div class=\"subscription__text-wrapper\">\n<p>\n                El ejercicio del periodismo profesional y cr\u00edtico es un pilar fundamental de la democracia. Por eso molesta a quienes creen ser los due\u00f1os de la verdad.\n            <\/p>\n<\/p><\/div><\/div>\n<\/div>\n<p class=\"destacadoNota\"><a target=\"_blank\" href=\"https:\/\/https:\/\/www.perfil.com\/noticias\/politica\/adorni-en-el-congreso-cocina-un-contraataque-y-evadira-preguntas-sobre-sus-propiedades.phtml\">Adorni en el Congreso: cocina un contraataque y evadir\u00e1 preguntas sobre sus propiedades<\/a><\/p>\n<p>La modificaci\u00f3n est\u00e1 sustantada en una resoluci\u00f3n de ARCA. \u00abLa ARCA estableci\u00f3 las fechas de vencimiento de las declaraciones fiscales previstas para el a\u00f1o calendario 2018 y subsiguientes, que en el caso de los impuestos a las Ganancias as\u00ed como sobre los Bienes Personales, se producir\u00e1 durante la primera quincena del mes de junio\u00bb, explica la publicaci\u00f3n en el Bolet\u00edn Oficial.<\/p>\n<p>Agrega: \u00abResulta necesario adecuar la fecha de vencimiento de presentaci\u00f3n de la Declaraci\u00f3n Jurada Patrimonial Integral prevista en la Ley N\u00b0 25.188, a efectos de brindar a los funcionarios declarantes<strong> un plazo factible para completar la aludida informaci\u00f3n antes de su vencimiento<\/strong>\u00ab.<\/p>\n<figure class=\"image\"><picture><source media=\"(max-width: 440px)\" srcset=\"https:\/\/fotos.perfil.com\/\/2026\/03\/27\/440\/0\/gabriela-zangaro-2210480.jpg?webp\"\/><source media=\"(max-width: 1019px)\" srcset=\"https:\/\/fotos.perfil.com\/\/2026\/03\/27\/712\/0\/gabriela-zangaro-2210480.jpg?webp\"\/><img decoding=\"async\" style=\"max-width: 100%; width: 100%;\" alt=\"Gabriela Zangaro\" src=\"https:\/\/fotos.perfil.com\/\/2026\/03\/27\/900\/0\/gabriela-zangaro-2210480.jpg?webp\" loading=\"lazy\"\/><\/picture><figcaption>Gabriela Zangaro: este domingo se cumplir\u00e1 un mes de su designaci\u00f3n al frente de la Oficina Anticorrupci\u00f3n <\/figcaption><\/figure>\n<p>Adem\u00e1s de la resoluci\u00f3n en el BO, la OA emiti\u00f3 un comunicado, donde sostiene:  \u00abLa presentaci\u00f3n se realiza a trav\u00e9s del formulario F-1245 de la Agencia de Recaudaci\u00f3n y Control Aduanero (ARCA), el cual integra, cuando corresponda, la informaci\u00f3n proveniente de las declaraciones juradas impositivas de los impuestos a las Ganancias y sobre los Bienes Personales. En los casos en que dichas presentaciones no se encuentren realizadas, los datos deber\u00e1n ser completados de manera manual\u00bb.<\/p>\n<p>Seg\u00fan el organismo,  la adecuaci\u00f3n del plazo de vencimiento responde a lo dispuesto por la Resoluci\u00f3n General N\u00b0 4354-E\/2018 (ex AFIP, hoy ARCA), que establece que las declaraciones impositivas anuales vencen durante la primera quincena de junio de cada a\u00f1o.<\/p>\n<p>\u00abEn funci\u00f3n de ello, se fij\u00f3 una fecha posterior que permita la correcta integraci\u00f3n de la informaci\u00f3n patrimonial\u00bb, cerr\u00f3 el organismo que conduce Zangaro.<\/p>\n<p class=\"destacadoNota\"><a target=\"_blank\" href=\"https:\/\/https:\/\/www.perfil.com\/noticias\/cordoba\/natalia-de-la-sota-sobre-la-presentacion-de-adorni-en-el-congreso-creo-que-tienen-ganas-de-montar-otro-show.phtml\">Natalia de la Sota sobre la presentaci\u00f3n de Adorni en el Congreso: \u00abCreo que tienen ganas de montar otro show\u00bb<\/a><\/p>\n<h2>Un medida que cae en medio de las investigaciones sobre Manuel Adorni<\/h2>\n<p>En estos d\u00edas, el fiscal federal <strong>Gerardo Pollicita <\/strong>est\u00e1 profundizando la investigaci\u00f3n por presunto <strong>enriquecimiento il\u00edcito<\/strong> contra el jefe de Gabinete, Manuel Adorni. <\/p>\n<p>La fiscal\u00eda trabaja en <strong>dos ejes investigativos<\/strong>: los 17 viajes al exterior del exvocero presidencial y los llamativos pagos en efectivo para adquirir tres propiedades.<\/p>\n<p>LT<\/p>\n<p><em>En desarrollo&#8230;<\/em><\/p>\n<p>LT<\/p>\n<\/p><\/div>\n<p><script>\n                !function(f,b,e,v,n,t,s)\n                {if(f.fbq)return;n=f.fbq=function(){n.callMethod?\n                    n.callMethod.apply(n,arguments):n.queue.push(arguments)};\n                    if(!f._fbq)f._fbq=n;n.push=n;n.loaded=!0;n.version='2.0';\n                    n.queue=[];t=b.createElement(e);t.async=!0;\n                    t.src=v;s=b.getElementsByTagName(e)[0];\n                    s.parentNode.insertBefore(t,s)}(window, document,'script',\n                    'https:\/\/connect.facebook.net\/en_US\/fbevents.js');\n                window.paywallConfig.facebook_pixel=\"1000228364089342\"\n            <\/script><\/p>\n","protected":false},"excerpt":{"rendered":"<p>En medio de esc\u00e1ndalo patrimonial que involucra a Manuel Adorni, mediante una resoluci\u00f3n publicada en el Bolet\u00edn Oficial, la nueva jefa de la Oficina Anticorrupci\u00f3n, Gabriela Carmen Zangaro, extendi\u00f3 dos meses el plazo para que los funcionarios p\u00fablicos presenten sus declaraciones juradas (DDJJ) El vencimiento previsto para el 31 de mayo se corri\u00f3 al 31 [&hellip;]<\/p>\n","protected":false},"author":2,"featured_media":193098,"comment_status":"closed","ping_status":"closed","sticky":false,"template":"","format":"standard","meta":{"footnotes":""},"categories":[25],"tags":[],"class_list":["post-193097","post","type-post","status-publish","format-standard","has-post-thumbnail","hentry","category-nacionales"],"yoast_head":"<!-- This site is optimized with the Yoast SEO plugin v24.4 - https:\/\/yoast.com\/wordpress\/plugins\/seo\/ -->\n<title>En medio del esc\u00e1ndalo Adorni, la Oficina Anticorrupci\u00f3n extendi\u00f3 el plazo para presentar las declaraciones juradas - GYS NOTICIAS |<\/title>\n<meta name=\"robots\" content=\"index, follow, max-snippet:-1, max-image-preview:large, max-video-preview:-1\" \/>\n<link rel=\"canonical\" href=\"https:\/\/gysfm.com.ar\/inicio\/en-medio-del-escandalo-adorni-la-oficina-anticorrupcion-extendio-el-plazo-para-presentar-las-declaraciones-juradas\/\" \/>\n<meta property=\"og:locale\" content=\"es_ES\" \/>\n<meta property=\"og:type\" content=\"article\" \/>\n<meta property=\"og:title\" content=\"En medio del esc\u00e1ndalo Adorni, la Oficina Anticorrupci\u00f3n extendi\u00f3 el plazo para presentar las declaraciones juradas - GYS NOTICIAS |\" \/>\n<meta property=\"og:description\" content=\"En medio de esc\u00e1ndalo patrimonial que involucra a Manuel Adorni, mediante una resoluci\u00f3n publicada en el Bolet\u00edn Oficial, la nueva jefa de la Oficina Anticorrupci\u00f3n, Gabriela Carmen Zangaro, extendi\u00f3 dos meses el plazo para que los funcionarios p\u00fablicos presenten sus declaraciones juradas (DDJJ) El vencimiento previsto para el 31 de mayo se corri\u00f3 al 31 [&hellip;]\" \/>\n<meta property=\"og:url\" content=\"https:\/\/gysfm.com.ar\/inicio\/en-medio-del-escandalo-adorni-la-oficina-anticorrupcion-extendio-el-plazo-para-presentar-las-declaraciones-juradas\/\" \/>\n<meta property=\"og:site_name\" content=\"GYS NOTICIAS |\" \/>\n<meta property=\"article:published_time\" content=\"2026-04-26T13:52:28+00:00\" \/>\n<meta property=\"og:image\" content=\"https:\/\/fotos.perfil.com\/\/2026\/03\/27\/900\/0\/gabriela-zangaro-2210480.jpg?webp\" \/>\n<meta name=\"author\" content=\"Prensa G&amp;S FM\" \/>\n<meta name=\"twitter:card\" content=\"summary_large_image\" \/>\n<meta name=\"twitter:label1\" content=\"Escrito por\" \/>\n\t<meta name=\"twitter:data1\" content=\"Prensa G&amp;S FM\" \/>\n\t<meta name=\"twitter:label2\" content=\"Tiempo de lectura\" \/>\n\t<meta name=\"twitter:data2\" content=\"3 minutos\" \/>\n<script type=\"application\/ld+json\" class=\"yoast-schema-graph\">{\"@context\":\"https:\/\/schema.org\",\"@graph\":[{\"@type\":\"Article\",\"@id\":\"https:\/\/gysfm.com.ar\/inicio\/en-medio-del-escandalo-adorni-la-oficina-anticorrupcion-extendio-el-plazo-para-presentar-las-declaraciones-juradas\/#article\",\"isPartOf\":{\"@id\":\"https:\/\/gysfm.com.ar\/inicio\/en-medio-del-escandalo-adorni-la-oficina-anticorrupcion-extendio-el-plazo-para-presentar-las-declaraciones-juradas\/\"},\"author\":{\"name\":\"Prensa G&amp;S FM\",\"@id\":\"https:\/\/gysfm.com.ar\/inicio\/#\/schema\/person\/3abba7593ef2ad19e1be221d54383dc5\"},\"headline\":\"En medio del esc\u00e1ndalo Adorni, la Oficina Anticorrupci\u00f3n extendi\u00f3 el plazo para presentar las declaraciones juradas\",\"datePublished\":\"2026-04-26T13:52:28+00:00\",\"mainEntityOfPage\":{\"@id\":\"https:\/\/gysfm.com.ar\/inicio\/en-medio-del-escandalo-adorni-la-oficina-anticorrupcion-extendio-el-plazo-para-presentar-las-declaraciones-juradas\/\"},\"wordCount\":557,\"publisher\":{\"@id\":\"https:\/\/gysfm.com.ar\/inicio\/#organization\"},\"image\":{\"@id\":\"https:\/\/gysfm.com.ar\/inicio\/en-medio-del-escandalo-adorni-la-oficina-anticorrupcion-extendio-el-plazo-para-presentar-las-declaraciones-juradas\/#primaryimage\"},\"thumbnailUrl\":\"https:\/\/gysfm.com.ar\/inicio\/wp-content\/uploads\/2026\/04\/manuel-adorni-jefe-de-gabinete-2222237.jpg\",\"articleSection\":[\"NACIONALES\"],\"inLanguage\":\"es\"},{\"@type\":\"WebPage\",\"@id\":\"https:\/\/gysfm.com.ar\/inicio\/en-medio-del-escandalo-adorni-la-oficina-anticorrupcion-extendio-el-plazo-para-presentar-las-declaraciones-juradas\/\",\"url\":\"https:\/\/gysfm.com.ar\/inicio\/en-medio-del-escandalo-adorni-la-oficina-anticorrupcion-extendio-el-plazo-para-presentar-las-declaraciones-juradas\/\",\"name\":\"En medio del esc\u00e1ndalo Adorni, la Oficina Anticorrupci\u00f3n extendi\u00f3 el plazo para presentar las declaraciones juradas - GYS NOTICIAS |\",\"isPartOf\":{\"@id\":\"https:\/\/gysfm.com.ar\/inicio\/#website\"},\"primaryImageOfPage\":{\"@id\":\"https:\/\/gysfm.com.ar\/inicio\/en-medio-del-escandalo-adorni-la-oficina-anticorrupcion-extendio-el-plazo-para-presentar-las-declaraciones-juradas\/#primaryimage\"},\"image\":{\"@id\":\"https:\/\/gysfm.com.ar\/inicio\/en-medio-del-escandalo-adorni-la-oficina-anticorrupcion-extendio-el-plazo-para-presentar-las-declaraciones-juradas\/#primaryimage\"},\"thumbnailUrl\":\"https:\/\/gysfm.com.ar\/inicio\/wp-content\/uploads\/2026\/04\/manuel-adorni-jefe-de-gabinete-2222237.jpg\",\"datePublished\":\"2026-04-26T13:52:28+00:00\",\"breadcrumb\":{\"@id\":\"https:\/\/gysfm.com.ar\/inicio\/en-medio-del-escandalo-adorni-la-oficina-anticorrupcion-extendio-el-plazo-para-presentar-las-declaraciones-juradas\/#breadcrumb\"},\"inLanguage\":\"es\",\"potentialAction\":[{\"@type\":\"ReadAction\",\"target\":[\"https:\/\/gysfm.com.ar\/inicio\/en-medio-del-escandalo-adorni-la-oficina-anticorrupcion-extendio-el-plazo-para-presentar-las-declaraciones-juradas\/\"]}]},{\"@type\":\"ImageObject\",\"inLanguage\":\"es\",\"@id\":\"https:\/\/gysfm.com.ar\/inicio\/en-medio-del-escandalo-adorni-la-oficina-anticorrupcion-extendio-el-plazo-para-presentar-las-declaraciones-juradas\/#primaryimage\",\"url\":\"https:\/\/gysfm.com.ar\/inicio\/wp-content\/uploads\/2026\/04\/manuel-adorni-jefe-de-gabinete-2222237.jpg\",\"contentUrl\":\"https:\/\/gysfm.com.ar\/inicio\/wp-content\/uploads\/2026\/04\/manuel-adorni-jefe-de-gabinete-2222237.jpg\",\"width\":1140,\"height\":641},{\"@type\":\"BreadcrumbList\",\"@id\":\"https:\/\/gysfm.com.ar\/inicio\/en-medio-del-escandalo-adorni-la-oficina-anticorrupcion-extendio-el-plazo-para-presentar-las-declaraciones-juradas\/#breadcrumb\",\"itemListElement\":[{\"@type\":\"ListItem\",\"position\":1,\"name\":\"Portada\",\"item\":\"https:\/\/gysfm.com.ar\/inicio\/\"},{\"@type\":\"ListItem\",\"position\":2,\"name\":\"En medio del esc\u00e1ndalo Adorni, la Oficina Anticorrupci\u00f3n extendi\u00f3 el plazo para presentar las declaraciones juradas\"}]},{\"@type\":\"WebSite\",\"@id\":\"https:\/\/gysfm.com.ar\/inicio\/#website\",\"url\":\"https:\/\/gysfm.com.ar\/inicio\/\",\"name\":\"GYS NOTICIAS |\",\"description\":\"DIARIO - RADIO ONLINE SAN JUAN ARGENTINA\",\"publisher\":{\"@id\":\"https:\/\/gysfm.com.ar\/inicio\/#organization\"},\"potentialAction\":[{\"@type\":\"SearchAction\",\"target\":{\"@type\":\"EntryPoint\",\"urlTemplate\":\"https:\/\/gysfm.com.ar\/inicio\/?s={search_term_string}\"},\"query-input\":{\"@type\":\"PropertyValueSpecification\",\"valueRequired\":true,\"valueName\":\"search_term_string\"}}],\"inLanguage\":\"es\"},{\"@type\":\"Organization\",\"@id\":\"https:\/\/gysfm.com.ar\/inicio\/#organization\",\"name\":\"GYS NOTICIAS |\",\"url\":\"https:\/\/gysfm.com.ar\/inicio\/\",\"logo\":{\"@type\":\"ImageObject\",\"inLanguage\":\"es\",\"@id\":\"https:\/\/gysfm.com.ar\/inicio\/#\/schema\/logo\/image\/\",\"url\":\"https:\/\/gysfm.com.ar\/inicio\/wp-content\/uploads\/2023\/07\/LOGOGYS-OK.png\",\"contentUrl\":\"https:\/\/gysfm.com.ar\/inicio\/wp-content\/uploads\/2023\/07\/LOGOGYS-OK.png\",\"width\":1170,\"height\":872,\"caption\":\"GYS NOTICIAS |\"},\"image\":{\"@id\":\"https:\/\/gysfm.com.ar\/inicio\/#\/schema\/logo\/image\/\"}},{\"@type\":\"Person\",\"@id\":\"https:\/\/gysfm.com.ar\/inicio\/#\/schema\/person\/3abba7593ef2ad19e1be221d54383dc5\",\"name\":\"Prensa G&amp;S FM\",\"image\":{\"@type\":\"ImageObject\",\"inLanguage\":\"es\",\"@id\":\"https:\/\/gysfm.com.ar\/inicio\/#\/schema\/person\/image\/\",\"url\":\"https:\/\/secure.gravatar.com\/avatar\/096ec78df02049ab018702bb4ccedf659377fa92a26540b5247612077a0dbd29?s=96&d=mm&r=g\",\"contentUrl\":\"https:\/\/secure.gravatar.com\/avatar\/096ec78df02049ab018702bb4ccedf659377fa92a26540b5247612077a0dbd29?s=96&d=mm&r=g\",\"caption\":\"Prensa G&amp;S FM\"},\"sameAs\":[\"https:\/\/gysfm.com.ar\/\"],\"url\":\"https:\/\/gysfm.com.ar\/inicio\/author\/lucasm\/\"}]}<\/script>\n<!-- \/ Yoast SEO plugin. -->","yoast_head_json":{"title":"En medio del esc\u00e1ndalo Adorni, la Oficina Anticorrupci\u00f3n extendi\u00f3 el plazo para presentar las declaraciones juradas - GYS NOTICIAS |","robots":{"index":"index","follow":"follow","max-snippet":"max-snippet:-1","max-image-preview":"max-image-preview:large","max-video-preview":"max-video-preview:-1"},"canonical":"https:\/\/gysfm.com.ar\/inicio\/en-medio-del-escandalo-adorni-la-oficina-anticorrupcion-extendio-el-plazo-para-presentar-las-declaraciones-juradas\/","og_locale":"es_ES","og_type":"article","og_title":"En medio del esc\u00e1ndalo Adorni, la Oficina Anticorrupci\u00f3n extendi\u00f3 el plazo para presentar las declaraciones juradas - GYS NOTICIAS |","og_description":"En medio de esc\u00e1ndalo patrimonial que involucra a Manuel Adorni, mediante una resoluci\u00f3n publicada en el Bolet\u00edn Oficial, la nueva jefa de la Oficina Anticorrupci\u00f3n, Gabriela Carmen Zangaro, extendi\u00f3 dos meses el plazo para que los funcionarios p\u00fablicos presenten sus declaraciones juradas (DDJJ) El vencimiento previsto para el 31 de mayo se corri\u00f3 al 31 [&hellip;]","og_url":"https:\/\/gysfm.com.ar\/inicio\/en-medio-del-escandalo-adorni-la-oficina-anticorrupcion-extendio-el-plazo-para-presentar-las-declaraciones-juradas\/","og_site_name":"GYS NOTICIAS |","article_published_time":"2026-04-26T13:52:28+00:00","og_image":[{"url":"https:\/\/fotos.perfil.com\/\/2026\/03\/27\/900\/0\/gabriela-zangaro-2210480.jpg?webp","type":"","width":"","height":""}],"author":"Prensa G&amp;S FM","twitter_card":"summary_large_image","twitter_misc":{"Escrito por":"Prensa G&amp;S FM","Tiempo de lectura":"3 minutos"},"schema":{"@context":"https:\/\/schema.org","@graph":[{"@type":"Article","@id":"https:\/\/gysfm.com.ar\/inicio\/en-medio-del-escandalo-adorni-la-oficina-anticorrupcion-extendio-el-plazo-para-presentar-las-declaraciones-juradas\/#article","isPartOf":{"@id":"https:\/\/gysfm.com.ar\/inicio\/en-medio-del-escandalo-adorni-la-oficina-anticorrupcion-extendio-el-plazo-para-presentar-las-declaraciones-juradas\/"},"author":{"name":"Prensa G&amp;S FM","@id":"https:\/\/gysfm.com.ar\/inicio\/#\/schema\/person\/3abba7593ef2ad19e1be221d54383dc5"},"headline":"En medio del esc\u00e1ndalo Adorni, la Oficina Anticorrupci\u00f3n extendi\u00f3 el plazo para presentar las declaraciones juradas","datePublished":"2026-04-26T13:52:28+00:00","mainEntityOfPage":{"@id":"https:\/\/gysfm.com.ar\/inicio\/en-medio-del-escandalo-adorni-la-oficina-anticorrupcion-extendio-el-plazo-para-presentar-las-declaraciones-juradas\/"},"wordCount":557,"publisher":{"@id":"https:\/\/gysfm.com.ar\/inicio\/#organization"},"image":{"@id":"https:\/\/gysfm.com.ar\/inicio\/en-medio-del-escandalo-adorni-la-oficina-anticorrupcion-extendio-el-plazo-para-presentar-las-declaraciones-juradas\/#primaryimage"},"thumbnailUrl":"https:\/\/gysfm.com.ar\/inicio\/wp-content\/uploads\/2026\/04\/manuel-adorni-jefe-de-gabinete-2222237.jpg","articleSection":["NACIONALES"],"inLanguage":"es"},{"@type":"WebPage","@id":"https:\/\/gysfm.com.ar\/inicio\/en-medio-del-escandalo-adorni-la-oficina-anticorrupcion-extendio-el-plazo-para-presentar-las-declaraciones-juradas\/","url":"https:\/\/gysfm.com.ar\/inicio\/en-medio-del-escandalo-adorni-la-oficina-anticorrupcion-extendio-el-plazo-para-presentar-las-declaraciones-juradas\/","name":"En medio del esc\u00e1ndalo Adorni, la Oficina Anticorrupci\u00f3n extendi\u00f3 el plazo para presentar las declaraciones juradas - GYS NOTICIAS |","isPartOf":{"@id":"https:\/\/gysfm.com.ar\/inicio\/#website"},"primaryImageOfPage":{"@id":"https:\/\/gysfm.com.ar\/inicio\/en-medio-del-escandalo-adorni-la-oficina-anticorrupcion-extendio-el-plazo-para-presentar-las-declaraciones-juradas\/#primaryimage"},"image":{"@id":"https:\/\/gysfm.com.ar\/inicio\/en-medio-del-escandalo-adorni-la-oficina-anticorrupcion-extendio-el-plazo-para-presentar-las-declaraciones-juradas\/#primaryimage"},"thumbnailUrl":"https:\/\/gysfm.com.ar\/inicio\/wp-content\/uploads\/2026\/04\/manuel-adorni-jefe-de-gabinete-2222237.jpg","datePublished":"2026-04-26T13:52:28+00:00","breadcrumb":{"@id":"https:\/\/gysfm.com.ar\/inicio\/en-medio-del-escandalo-adorni-la-oficina-anticorrupcion-extendio-el-plazo-para-presentar-las-declaraciones-juradas\/#breadcrumb"},"inLanguage":"es","potentialAction":[{"@type":"ReadAction","target":["https:\/\/gysfm.com.ar\/inicio\/en-medio-del-escandalo-adorni-la-oficina-anticorrupcion-extendio-el-plazo-para-presentar-las-declaraciones-juradas\/"]}]},{"@type":"ImageObject","inLanguage":"es","@id":"https:\/\/gysfm.com.ar\/inicio\/en-medio-del-escandalo-adorni-la-oficina-anticorrupcion-extendio-el-plazo-para-presentar-las-declaraciones-juradas\/#primaryimage","url":"https:\/\/gysfm.com.ar\/inicio\/wp-content\/uploads\/2026\/04\/manuel-adorni-jefe-de-gabinete-2222237.jpg","contentUrl":"https:\/\/gysfm.com.ar\/inicio\/wp-content\/uploads\/2026\/04\/manuel-adorni-jefe-de-gabinete-2222237.jpg","width":1140,"height":641},{"@type":"BreadcrumbList","@id":"https:\/\/gysfm.com.ar\/inicio\/en-medio-del-escandalo-adorni-la-oficina-anticorrupcion-extendio-el-plazo-para-presentar-las-declaraciones-juradas\/#breadcrumb","itemListElement":[{"@type":"ListItem","position":1,"name":"Portada","item":"https:\/\/gysfm.com.ar\/inicio\/"},{"@type":"ListItem","position":2,"name":"En medio del esc\u00e1ndalo Adorni, la Oficina Anticorrupci\u00f3n extendi\u00f3 el plazo para presentar las declaraciones juradas"}]},{"@type":"WebSite","@id":"https:\/\/gysfm.com.ar\/inicio\/#website","url":"https:\/\/gysfm.com.ar\/inicio\/","name":"GYS NOTICIAS |","description":"DIARIO - RADIO ONLINE SAN JUAN ARGENTINA","publisher":{"@id":"https:\/\/gysfm.com.ar\/inicio\/#organization"},"potentialAction":[{"@type":"SearchAction","target":{"@type":"EntryPoint","urlTemplate":"https:\/\/gysfm.com.ar\/inicio\/?s={search_term_string}"},"query-input":{"@type":"PropertyValueSpecification","valueRequired":true,"valueName":"search_term_string"}}],"inLanguage":"es"},{"@type":"Organization","@id":"https:\/\/gysfm.com.ar\/inicio\/#organization","name":"GYS NOTICIAS |","url":"https:\/\/gysfm.com.ar\/inicio\/","logo":{"@type":"ImageObject","inLanguage":"es","@id":"https:\/\/gysfm.com.ar\/inicio\/#\/schema\/logo\/image\/","url":"https:\/\/gysfm.com.ar\/inicio\/wp-content\/uploads\/2023\/07\/LOGOGYS-OK.png","contentUrl":"https:\/\/gysfm.com.ar\/inicio\/wp-content\/uploads\/2023\/07\/LOGOGYS-OK.png","width":1170,"height":872,"caption":"GYS NOTICIAS |"},"image":{"@id":"https:\/\/gysfm.com.ar\/inicio\/#\/schema\/logo\/image\/"}},{"@type":"Person","@id":"https:\/\/gysfm.com.ar\/inicio\/#\/schema\/person\/3abba7593ef2ad19e1be221d54383dc5","name":"Prensa G&amp;S FM","image":{"@type":"ImageObject","inLanguage":"es","@id":"https:\/\/gysfm.com.ar\/inicio\/#\/schema\/person\/image\/","url":"https:\/\/secure.gravatar.com\/avatar\/096ec78df02049ab018702bb4ccedf659377fa92a26540b5247612077a0dbd29?s=96&d=mm&r=g","contentUrl":"https:\/\/secure.gravatar.com\/avatar\/096ec78df02049ab018702bb4ccedf659377fa92a26540b5247612077a0dbd29?s=96&d=mm&r=g","caption":"Prensa G&amp;S FM"},"sameAs":["https:\/\/gysfm.com.ar\/"],"url":"https:\/\/gysfm.com.ar\/inicio\/author\/lucasm\/"}]}},"_links":{"self":[{"href":"https:\/\/gysfm.com.ar\/inicio\/wp-json\/wp\/v2\/posts\/193097","targetHints":{"allow":["GET"]}}],"collection":[{"href":"https:\/\/gysfm.com.ar\/inicio\/wp-json\/wp\/v2\/posts"}],"about":[{"href":"https:\/\/gysfm.com.ar\/inicio\/wp-json\/wp\/v2\/types\/post"}],"author":[{"embeddable":true,"href":"https:\/\/gysfm.com.ar\/inicio\/wp-json\/wp\/v2\/users\/2"}],"replies":[{"embeddable":true,"href":"https:\/\/gysfm.com.ar\/inicio\/wp-json\/wp\/v2\/comments?post=193097"}],"version-history":[{"count":0,"href":"https:\/\/gysfm.com.ar\/inicio\/wp-json\/wp\/v2\/posts\/193097\/revisions"}],"wp:featuredmedia":[{"embeddable":true,"href":"https:\/\/gysfm.com.ar\/inicio\/wp-json\/wp\/v2\/media\/193098"}],"wp:attachment":[{"href":"https:\/\/gysfm.com.ar\/inicio\/wp-json\/wp\/v2\/media?parent=193097"}],"wp:term":[{"taxonomy":"category","embeddable":true,"href":"https:\/\/gysfm.com.ar\/inicio\/wp-json\/wp\/v2\/categories?post=193097"},{"taxonomy":"post_tag","embeddable":true,"href":"https:\/\/gysfm.com.ar\/inicio\/wp-json\/wp\/v2\/tags?post=193097"}],"curies":[{"name":"wp","href":"https:\/\/api.w.org\/{rel}","templated":true}]}}