{"id":193094,"date":"2026-04-26T10:14:35","date_gmt":"2026-04-26T13:14:35","guid":{"rendered":"https:\/\/gysfm.com.ar\/inicio\/si-clavas-el-dolar-en-1-400-con-inflacion-al-30-un-dia-vas-a-tener-un-problema\/"},"modified":"2026-04-26T10:14:35","modified_gmt":"2026-04-26T13:14:35","slug":"si-clavas-el-dolar-en-1-400-con-inflacion-al-30-un-dia-vas-a-tener-un-problema","status":"publish","type":"post","link":"https:\/\/gysfm.com.ar\/inicio\/si-clavas-el-dolar-en-1-400-con-inflacion-al-30-un-dia-vas-a-tener-un-problema\/","title":{"rendered":"Si clav\u00e1s el d\u00f3lar en $1.400 con inflaci\u00f3n al 30%, un d\u00eda vas a tener un problema"},"content":{"rendered":"<p> <br \/>\n<\/p>\n<div id=\"\">\n<p id=\"p-1777145350597-96879\"> Por otro lado, ni Menem ni Kirchner tuvieron rivales de fuste. <strong>Hoy el mayor activo de esta administraci\u00f3n es que tampoco lo tiene a\u00fan<\/strong>. Si esta gesti\u00f3n fuera de ocho a\u00f1os, es muy temprano para tu pregunta.<\/p>\n<p id=\"p-1777145591586-50530\">Sin embargo, si fuera de cuatro, la respuesta la tengo m\u00e1s clara: algo fall\u00f3. Y ah\u00ed me imagino que tiene que venir la complementaci\u00f3n de lo actual, en el sentido de que el rumbo<strong> capitalista occidental<\/strong> para evitar el p\u00e9ndulo es clave, porque atrasa a la argentina.<\/p>\n<p id=\"p-1777145350597-90672\">He dicho tambi\u00e9n que cualquier progresismo serio necesita saber qu\u00e9 hay cosas que quedaron prehist\u00f3ricas.<strong> El equilibrio del fisco no se discute m\u00e1s.<\/strong> Podemos discutir c\u00f3mo se llega a eso, con hachazo, licuaci\u00f3n, manejo m\u00e1s eficiente, sabiendo que el sector privado no va a hacer lo que el p\u00fablico. Todav\u00eda Argentina tiene en materia fiscal el compromiso de una reducci\u00f3n tributaria. As\u00ed que tampoco le abro eso al progresismo. Puede ser con m\u00e1s impuestos.<\/p>\n<p id=\"p-1777166038284-24809\">Cuando los pa\u00edses han mamado tener equilibrio del fisco, se puede pensar en una pol\u00edtica distributiva. Y hoy, en el camino de ida, ten\u00e9s que ser lo menos carnicero posible, pero el progresismo debe abrazar esas ideas. Sino, <strong>no puede tener lugar, salvo que el Gobierno actual termine en una cat\u00e1strofe<\/strong>. Yo todav\u00eda veo a la sociedad argentina dando respaldo, a\u00fan con la escasez de n\u00fameros exitosos que tiene este Gobierno. No quiere volver a lo que tuvo.<\/p>\n<div contenteditable=\"false\" class=\"embed_cont type_imagen\" id=\"8215216-Libre-639349379_wrap\">\n<p> Carlos Melconian <span onclick=\"parent.parent.TinyMCETdcuerpo.preview_embed('8215216-Libre-639349379')\" class=\"embed_colapse less\" id=\"8215216-Libre-639349379_colapse\"> <\/span> <span onclick=\"parent.parent.TinyMCETdcuerpo.delete_embed('8215216-Libre-639349379')\" class=\"embed_delete less\" id=\"8215216-Libre-639349379_delete\"\/><\/p>\n<div id=\"8215216-Libre-639349379_content\" class=\"embed_content\"><img decoding=\"async\" src=\"https:\/\/media.ambito.com\/p\/953bec1565d293776e586e29f0b62d7a\/adjuntos\/239\/imagenes\/043\/322\/0043322206\/carlos-melconian.jpg?2026-04-22-18-41-51\" alt=\"\" title=\"\" width=\"692\" height=\"460\" id=\"8215216-Libre-639349379_embed\" crossorigin=\"anonymous\" fetchpriority=\"high\" decode=\"async\"\/><\/div><\/div>\n<h2 id=\"p-1777153568269-70128\">\u00abNo est\u00e1 clara la reconstrucci\u00f3n despu\u00e9s de haber pateado el hormiguero\u00bb<\/h2>\n<p id=\"p-1777145350597-8758\"><strong> P.: \u00bfEl equilibrio fiscal es el principal legado que deja la gesti\u00f3n de Milei a un pr\u00f3ximo gobierno? <\/strong><\/p>\n<p id=\"p-1777154080559-46107\"><strong> C.M.:<\/strong> Exactamente. Al Gobierno del Presidente lo circunscribo a \u201cvenir y patear el hormiguero\u201d. Hay que reconstruir ahora. <strong>Pero no est\u00e1 clara la reconstrucci\u00f3n<\/strong> ni en t\u00e9rminos del programa ni en t\u00e9rminos de la mano de obra necesaria, ni en t\u00e9rminos de la visi\u00f3n de estadista -econom\u00eda, pero tambi\u00e9n educaci\u00f3n y salud y dem\u00e1s-. <strong>Yo me imagino todo este per\u00edodo como un largo ciclo donde lo actual es de transici\u00f3n.<\/strong> Cuando miro la transformaci\u00f3n uruguaya, brasile\u00f1a o incluso peruana, son todos procesos de 15 o 20 a\u00f1os. Argentina debe ir a la alternancia no pendular. Y un legado efectivo de esta administraci\u00f3n es el equilibrio del fisco.<\/p>\n<h2 id=\"p-1777153524260-76913\">\u00abTerminar con 15% de inflaci\u00f3n es un \u00e9xito si no es con la mitad del pa\u00eds parado\u00bb<\/h2>\n<p id=\"p-1777145350597-70149\"><strong>P.: \u00bfC\u00f3mo se compatibiliza esta discusi\u00f3n a largo plazo con la urgencia de recuperar salarios y empleo registrado?<\/strong><\/p>\n<p id=\"p-1777145915652-84409\"><strong> C.M.: <\/strong>Bueno, es una situaci\u00f3n conflictiva. Porque justamente, estamos en el medio de una discusi\u00f3n sobre cu\u00e1l es el mix que tiene el trade off. Solo en dos ocasiones no hubo: Menem y Kirchner. Pero <strong>s\u00ed hay trade off entre actividad y desinflaci\u00f3n<\/strong>, y no hablo de crecimiento, solo actividad.<\/p>\n<p id=\"p-1777145350597-46223\">Este propio Gobierno, que lleva dos a\u00f1os con esto y que prometi\u00f3 la inflaci\u00f3n que empezar\u00e1 con 0, trae a un asesor uruguayo (Ernesto Talvi) que dice \u201cnosotros tardamos 20 a\u00f1os\u201d. Si la inflaci\u00f3n al final del Gobierno de Milei termina en 40% es un fracaso, pero 15% es \u00e9xito, y son dos d\u00edgitos. <strong>Pero solo si ese trade off convive no con una recesi\u00f3n o la mitad de pa\u00eds parado<\/strong>, si no con un crecimiento no al 8% o 9%, como con N\u00e9stor Kirchner, pero que est\u00e1 ah\u00ed.<\/p>\n<p id=\"p-1777145350597-23994\">Cuando ves estos procesos largos, los cuatro primeros a\u00f1os pasan a la historia diciendo \u201cempez\u00f3 con este\u201d pero no son recordados en t\u00e9rminos de los mejores n\u00fameros.<\/p>\n<p id=\"p-1777146593281-53903\"><strong>P.: \u00bfJustifica este nivel de desaceleraci\u00f3n de la inflaci\u00f3n medio pa\u00eds parado?<\/strong><\/p>\n<p id=\"p-1777166061316-59175\"><strong> C.M.: <\/strong>El conflicto que tiene el nivel de actividad, m\u00e1s que el n\u00famero, es su composici\u00f3n. <strong>El bienio de Milei da +3%. Si le sac\u00e1s el campo, da 0%<\/strong>. Cuando te met\u00e9s adentro, hay segmentos (industria, construcci\u00f3n, comercio) que est\u00e1n abajo de 2023 y abajo de 2011. Como pregunta vale, pero es incontestable.<\/p>\n<div contenteditable=\"false\" class=\"embed_cont type_imagen\" id=\"8215219-Libre-23211563_wrap\">\n<p> Carlos Melconian <span onclick=\"parent.parent.TinyMCETdcuerpo.preview_embed('8215219-Libre-23211563')\" class=\"embed_colapse less\" id=\"8215219-Libre-23211563_colapse\"> <\/span> <span onclick=\"parent.parent.TinyMCETdcuerpo.delete_embed('8215219-Libre-23211563')\" class=\"embed_delete less\" id=\"8215219-Libre-23211563_delete\"\/><\/p>\n<div id=\"8215219-Libre-23211563_content\" class=\"embed_content\"><img loading=\"lazy\" decoding=\"async\" src=\"https:\/\/media.ambito.com\/p\/2386f1db0b18f8343e3fbafa9125c7ec\/adjuntos\/239\/imagenes\/043\/322\/0043322150\/carlos-melconian.jpg?2026-04-22-18-38-40\" alt=\"\" title=\"\" width=\"690\" height=\"460\" id=\"8215219-Libre-23211563_embed\"\/><\/div><\/div>\n<h2 id=\"p-1777153423967-27151\">\u00abCreo que el equipo econ\u00f3mico entra m\u00e1s en la variante de actividad que el Presidente\u00bb<\/h2>\n<p id=\"p-1777145350597-12596\"><strong>P.: \u00bfPuede ser que, tras iniciar el mandato priorizando la desinflaci\u00f3n, hoy haya perdido relevancia como activo y la actividad cobre m\u00e1s lugar?<\/strong><\/p>\n<p id=\"p-1777145350597-36753\"><strong> C.M.:<\/strong> Lo que te voy a responder no lo s\u00e9, por eso hago la aclaraci\u00f3n. No quiero joder ni herir a nadie. <strong>Tengo la impresi\u00f3n de que el equipo econ\u00f3mico puede estar entrando m\u00e1s que el Presidente en esa variante<\/strong>. Me refiero a postergar la desinflaci\u00f3n para ver un poco m\u00e1s la luz al final del t\u00fanel en materia de actividad.<\/p>\n<p id=\"p-1777145350597-98403\">Estamos en un semestre de prueba, Que debi\u00f3 haber sido el primer trimestre pero no lo fue. Esto es, de la mano del comunicado de diciembre del Banco Central, que dice va a empezar a comprar d\u00f3lares y contra eso emitir\u00e1 pesos de la demanda de dinero de la gente, que va a requerirlos. <strong>Remonetizo, reaparece el cr\u00e9dito y viene el c\u00edrculo virtuoso de reservas y de actividad. <\/strong>No ocurri\u00f3. Ocurri\u00f3 un fen\u00f3meno muy relevante pero que confunde, que es que compr\u00f3 muchos d\u00f3lares. M\u00e1s de los que cualquiera esperaba. Pero no tiene contrapartida monetaria, porque el propio Gobierno se encarg\u00f3 de absorber. <strong>Y la pregunta incontestable es \u00bfpor qu\u00e9 absorbi\u00f3? <\/strong>Quiz\u00e1s por alg\u00fan temor cambiario. O inflacionario. Ahora viene el segundo trimestre, m\u00e1s potente en compra de d\u00f3lares. \u00bfY qu\u00e9 va a hacer? En lo que va de abril, en t\u00e9rminos monetarios, el pescado est\u00e1 todav\u00eda sin vender.<\/p>\n<p id=\"p-1777145350597-92958\">Si tiran la ca\u00f1ita al aire de expansividad, con el riesgo que eso genera, y no est\u00e1 esa expansividad muy soportada por un aumento de la demanda de dinero, entonces ser\u00e1 expl\u00edcito: <strong>\u201cche, no quiero seguir profundizando el quilombo en nivel de actividad, y bueno, que de 30% de nuevo la inflaci\u00f3n.\u201d<\/strong><\/p>\n<h2 id=\"p-1777153386437-90464\">\u00abNo proyecto los mejores 18 meses, pero tampoco los peores\u00bb<\/h2>\n<p id=\"p-1777145350597-78791\"><strong>P: Si un inversor le dijese que escuch\u00f3 a Luis Caputo decir que los pr\u00f3ximos 18 meses ser\u00e1n los mejores de la historia argentina, \u00bfle dir\u00eda que lo considere?<\/strong><\/p>\n<p id=\"p-1777145350597-41105\"><strong> C.M.: <\/strong>No, porque es una <strong>definici\u00f3n de car\u00e1cter pol\u00edtico<\/strong>. Y adem\u00e1s porque Argentina tuvo 18 meses gloriosos creciendo al 9% sin inflaci\u00f3n, pero no va a volver a ocurrir. Pod\u00e9s agarrar 18 meses de Menem o Kirchner y van a dar m\u00e1s que los pr\u00f3ximos 18. Yo tendr\u00eda que agarrar al inversionista y decirle \u201cno le des bola a eso\u201d. <strong>Tampoco vienen los 18 donde nos vamos al carajo, creo<\/strong>.<\/p>\n<p id=\"p-1777147119640-56371\">Mi frase <strong>\u201cojo que esto se puede ir a la mierda\u201d<\/strong> no la puedo decir, porque hay un seguro fiscal muy sometido al asedio. Y hay un fen\u00f3meno externo menos sometido al asedio. En el caso externo est\u00e1 Vaca Muerta, que te financia Punta Cana y la dolarizaci\u00f3n de portafolio, pero te evita un quilombo.<\/p>\n<p id=\"p-1777145350597-61993\">Entonces, <strong>no proyecto los mejores 18 meses<\/strong>, pero dadas estas circunstancias de seguros fiscales y externos, tampoco proyecto los peores.<\/p>\n<p id=\"p-1777145350597-71463\"><strong>P.: \u00bfLe dir\u00eda al inversor que se quede en una postura de \u201cwait and see\u201d?<\/strong><\/p>\n<p id=\"p-1777145350597-21440\"><strong> C.M.: <\/strong>No, eso es lo que ha concentrado el tema en tres cosas: primero la tasa de inflaci\u00f3n, segundo el nivel de actividad, y tercero, con 2% de inflaci\u00f3n por mes <strong>va a volver a estar en el tapete el tipo de cambio real.<\/strong><\/p>\n<h2 id=\"p-1777153347871-32034\">\u00abEl saldo comercial para 2026 ser\u00e1 despampanantemente alto\u00bb<\/h2>\n<p id=\"p-1777145350597-25201\"><strong>P.: \u00bfCu\u00e1l es su proyecci\u00f3n del saldo comercial para este a\u00f1o?<\/strong><\/p>\n<p id=\"p-1777145350597-85932\"><strong> C.M.: <\/strong>Metiste el dedo en la llaga por lo que acabo de decir de los seguros. <strong>Ser\u00e1 despampanantemente alto, por un motivo bueno y otro malo.<\/strong> El bueno es que las exportaciones rinden. El campo, lo regional. La rentabilidad es otro tema. La industria cumple. En exportaci\u00f3n, la industria siempre se caracteriz\u00f3 m\u00e1s por ganar plata que por mantener mercado.<\/p>\n<p id=\"p-1777147554266-48075\">Luego est\u00e1 la cuota Vaca Muerta, la cuota de la miner\u00eda. Es un cambio muy importante para la Argentina. Haciendo cuentas de cu\u00e1nto deber\u00eda exportar la argentina si hubiera seguido la ruta de nuestros vecinos, <strong>da m\u00e1s de u$s100.000 millones<\/strong>. \u00bfLlegamos? No. Pero no obstante eso, es un salto importante. La parte negativa es que est\u00e1n hechas pelotas las importaciones. Hace un mes se discut\u00eda la invasi\u00f3n china, apertura econ\u00f3mica, pero <strong>ac\u00e1 el quilombo que tiene medio pa\u00eds es la falta de demanda, no la invasi\u00f3n china<\/strong>.<\/p>\n<p id=\"p-1777145350597-98141\">Las importaciones ven\u00edan clavadas en u$s5 mil millones, a excepci\u00f3n de marzo, que dio u$s6.100 millones. En un a\u00f1o son u$s60.000 millones, en un pa\u00eds en recesi\u00f3n. Con aspiraciones a que llegue a los u$s70.000 millones. Si la exportaci\u00f3n da u$s95.000 millones, <strong>estamos en un super\u00e1vit de comercio de aproximadamente u$s20-25.000 millones. <\/strong>Oferta de d\u00f3lares m\u00e1s algo de ingreso de capitales va a haber.<\/p>\n<p id=\"p-1777147942849-49129\"><strong>P.: Por otro lado, est\u00e1 el Banco Central comprando d\u00f3lares&#8230;<\/strong><\/p>\n<p id=\"p-1777147942604-83804\"><strong> C.M.: <\/strong>Por primera vez est\u00e1 comprando d\u00f3lares. Por ahora lo sigue haciendo como agente financiero del Tesoro. Los primeros <strong>u$s10.000 millones<\/strong> son para que el Tesoro pague intereses. Y tenemos un problema, que es que las autoridades comparan la dolarizaci\u00f3n de portafolio contra la \u00e9poca electoral, y eso les da la sensaci\u00f3n de alivio.<\/p>\n<p id=\"p-1777148056009-67309\">Pero a eso hay que sumarle turismo y tarjeta, entonces la cuenta est\u00e1 en u$s2.500 millones por mes. Y eso da u$s30.000 millones al a\u00f1o. <strong>Contra el super\u00e1vit de comercio m\u00e1s el ingreso de capitales, no te queda nada. <\/strong><\/p>\n<p id=\"p-1777145350597-85722\"><strong> P.: \u00bfCu\u00e1nto puede durar el alivio de la baja de la dolarizaci\u00f3n de portafolio si en 2027 volvemos a tener elecciones?<\/strong><\/p>\n<p id=\"p-1777200640973-37147\"><strong> C.M.:<\/strong> Es una falsa baja. Porque la dolarizaci\u00f3n de portafolio da u$s1.000 millones por mes, o sea u$s12.000 millones, m\u00e1s turismo. Muestra que la bimonetariedad argentina est\u00e1 viva y coleando, y que en este Gobierno <strong>no ha habido ni un r\u00e9gimen cambiario ni monetario que est\u00e9 claro<\/strong>, visible y que sea el producto del que se ve confianza.<\/p>\n<div contenteditable=\"false\" class=\"embed_cont type_imagen\" id=\"8215212-Libre-817665813_wrap\">\n<p> Carlos Melconian 05 <span onclick=\"parent.parent.TinyMCETdcuerpo.preview_embed('8215212-Libre-817665813')\" class=\"embed_colapse less\" id=\"8215212-Libre-817665813_colapse\"> <\/span> <span onclick=\"parent.parent.TinyMCETdcuerpo.delete_embed('8215212-Libre-817665813')\" class=\"embed_delete less\" id=\"8215212-Libre-817665813_delete\"\/><\/p>\n<div id=\"8215212-Libre-817665813_content\" class=\"embed_content\"><img decoding=\"async\" src=\"https:\/\/media.ambito.com\/p\/c523722add0221e791f58013e9899998\/adjuntos\/239\/imagenes\/043\/322\/0043322094\/730x0\/smart\/carlos-melconian-05.jpg\" alt=\"\" title=\"\" width=\"730\" height=\"undefined\" id=\"8215212-Libre-817665813_embed\"\/><\/div><\/div>\n<h2 id=\"p-1777153307890-96526\">\u00abNi siquiera hay olor a corrida, pero se van u$s25.000 millones\u00bb<\/h2>\n<p id=\"p-1777145350597-21756\"><strong>P.: El nivel de dolarizaci\u00f3n, \u00bfes la principal preocupaci\u00f3n del mercado para el a\u00f1o que viene?<\/strong><\/p>\n<p id=\"p-1777165974584-32775\"><strong> C.M.:<\/strong> Creo que el mercado todav\u00eda no pone en su justo lugar eso, porque tenemos los u$s25.000 millones de comercio. Argentina tiene que resolver estructuralmente que esa plata que se genera, termine quedando ac\u00e1. Ni siquiera hay olor a corrida, pero se van u$s25.000 millones, y no creo que el mercado lo est\u00e9 poniendo en su justo lugar.<\/p>\n<h2 id=\"p-1777145350597-80076\">\u00abSi clav\u00e1s el d\u00f3lar en $1.400 con inflaci\u00f3n al 30%, un d\u00eda vas a tener un problema\u00bb<\/h2>\n<p id=\"p-1777148844408-51081\"><strong>P.: \u00bfEl mayor ingreso de divisas permite transitar una apreciaci\u00f3n cambiaria m\u00e1s sostenible o sigue latente una tensi\u00f3n que podr\u00eda terminar en una devaluaci\u00f3n?<\/strong><\/p>\n<p id=\"p-1777145350597-56943\"><strong> C.M.: <\/strong>Es un buen punto. Justamente esta afluencia de d\u00f3lares lo hace <strong>inconvenientemente insostenible<\/strong>. No pertenezco al club de los devaluadores, pero si clav\u00e1s el cambio en $1.400 e inflaci\u00f3n al 30%, <strong>un d\u00eda vas a tener un problema.<\/strong><\/p>\n<p id=\"p-1777152050516-52301\">La pregunta es si esto que decimos entre oferta y demanda de d\u00f3lares, puede matchear con la compra de d\u00f3lares del BCRA. Est\u00e1 la sensaci\u00f3n de que hay dominio de la situaci\u00f3n, pero si la inflaci\u00f3n sigue a este ritmo, <strong>para la dolarizaci\u00f3n de portafolio el cambio sin modificar es cada vez m\u00e1s atractivo y cada vez menos competitivo<\/strong>. \u00bfEs un objetivo deliberado? No. Pero el Gobierno se mete en ese quilombo solo.<\/p>\n<h2 id=\"p-1777153283850-30748\">\u00abLa pregunta sobre cu\u00e1ndo vuelve Argentina al mercado la hace la timba\u00bb<\/h2>\n<p id=\"p-1777149110682-80773\"><strong>P.: El Gobierno pide garant\u00edas con el Banco Mundial y el BID para bajar el costo del financiamiento. \u00bfEs pragm\u00e1tico o tendr\u00eda que salir a testear con las condiciones que hay para mostrarse que est\u00e1?<\/strong><\/p>\n<p id=\"p-1777145350597-30832\"><strong>C.M.:<\/strong> Me interesa el honramiento de los compromisos. Y s\u00ed hay que saber que este a\u00f1o hay u$s20 mil millones y el a\u00f1o que viene u$s30 mil millones de vencimientos. Me gustar\u00eda tener la guita. <strong>Pero tres meses m\u00e1s, tres meses menos, solo lo pregunta la timba del mercado. <\/strong>No es una situaci\u00f3n relevante para un policymaker. Vos tenes que conseguir bueno y barato.<\/p>\n<p id=\"p-1777145350597-63656\"><strong> P.: Desde que empez\u00f3 el Gobierno hasta esta parte, \u00bfmantuvo siempre el lineamiento de bueno y barato o se fue modificando?<\/strong><\/p>\n<p id=\"p-1777145350597-50822\"><strong>C.M.: <\/strong>Hizo lo que tuvo a mano. Lo que est\u00e1 claro que bueno y barato saliendo al mercado no ten\u00eda. Y fue comprando d\u00f3lares, pero justamente para pagar. <strong>En el segundo semestre tenes que tener un poco m\u00e1s claro de lo que quer\u00e9s para 2027.<\/strong><\/p>\n<p id=\"p-1777145350597-66479\"><strong>P.: Hay algo del programa financiero que no est\u00e1 en detalle.<\/strong><\/p>\n<p id=\"p-1777145350598-59364\"><strong>C.M.: <\/strong>Van a estar. El \u00fanico tema es que el numerazo de vencimientos te mete presi\u00f3n.<\/p>\n<h2 id=\"p-1777153248980-73918\">\u00abLas apariciones de Milei y Caputo diciendo que estamos en un pico son provocadoras e irritantes\u00bb<\/h2>\n<p id=\"p-1777145350598-10623\"><strong>P.: \u00bfSe pueden arreglar m\u00e1s de cincuenta a\u00f1os de desequilibrios econ\u00f3micos a bajo costo?<\/strong><\/p>\n<p id=\"p-1777145350598-9558\"><strong>C.M.: <\/strong>Lo que est\u00e1 costando es que los programas exitosos estaban vinculados a inflaci\u00f3n de un d\u00edgito y crecimiento de 7% u 8%. <strong>Cuando la inflaci\u00f3n es tan baja y el crecimiento tan alto, los programas son expansivos. <\/strong>Se reanudan mucho, casi no tienen costo, por m\u00e1s que te quieras acordar de que Menem tuvo 18% de desempleo y Kirchner dijo que la inflaci\u00f3n era 9%, porque la dibujaba.<\/p>\n<p id=\"p-1777151045921-59248\">No obstante eso, son programas que dejaron la sensaci\u00f3n de que <strong>si vos la peg\u00e1s, a la gente le va bien y este es un programa que fracas\u00f3 en eso<\/strong>. Despu\u00e9s, tenemos que estudiar si lo otro es repetible. Milei no tiene la \u00e9poca bolivariana ni las privatizaciones. Aquello fue expansivo y esto no.<\/p>\n<p id=\"p-1777145350598-86467\">Despu\u00e9s, todas las apariciones del Ministro y el Presidente diciendo que estamos en un pico es <strong>provocador e irritante<\/strong>, pero fuera de ese chamuyo est\u00e1 claro que esto no es aquello. Evidentemente est\u00e1 siendo costoso. Adem\u00e1s genera irritaci\u00f3n dada la posici\u00f3n extrema ideol\u00f3gica del Presidente.<\/p>\n<p id=\"p-1777145350598-57510\"><strong> P.: \u00bfMilei mantiene una posici\u00f3n ideol\u00f3gica extrema y Caputo es m\u00e1s pragm\u00e1tico?<\/strong><\/p>\n<p id=\"p-1777145350598-73342\"><strong> C.M.: <\/strong>No dije eso. Digo que el modelo ideol\u00f3gicamente no le presta atenci\u00f3n al nivel de actividad. Y yo creo que con el super\u00e1vit fiscal no se come, no se cura ni se educa. En el otro extremo ideol\u00f3gico dir\u00eda lo mismo. <strong>Este Gobierno viene precedido de tres Presidentes que no lograron la reelecci\u00f3n<\/strong>. Evidentemente estamos en un proceso diferente al que nos toc\u00f3 vivir antes.<\/p>\n<\/p><\/div>\n<p><script>\n!function(f,b,e,v,n,t,s)\n{if(f.fbq)return;n=f.fbq=function(){n.callMethod?\nn.callMethod.apply(n,arguments):n.queue.push(arguments)};\nif(!f._fbq)f._fbq=n;n.push=n;n.loaded=!0;n.version='2.0';\nn.queue=[];t=b.createElement(e);t.async=!0;\nt.src=v;s=b.getElementsByTagName(e)[0];\ns.parentNode.insertBefore(t,s)}(window,document,'script',\n'https:\/\/connect.facebook.net\/en_US\/fbevents.js');\nfbq('init', '2047048335588113');\nfbq('track', 'PageView');\n<\/script><br \/>\n<br \/><\/p>\n","protected":false},"excerpt":{"rendered":"<p>Por otro lado, ni Menem ni Kirchner tuvieron rivales de fuste. Hoy el mayor activo de esta administraci\u00f3n es que tampoco lo tiene a\u00fan. Si esta gesti\u00f3n fuera de ocho a\u00f1os, es muy temprano para tu pregunta. Sin embargo, si fuera de cuatro, la respuesta la tengo m\u00e1s clara: algo fall\u00f3. Y ah\u00ed me imagino [&hellip;]<\/p>\n","protected":false},"author":1,"featured_media":193095,"comment_status":"closed","ping_status":"closed","sticky":false,"template":"","format":"standard","meta":{"footnotes":""},"categories":[28],"tags":[],"class_list":["post-193094","post","type-post","status-publish","format-standard","has-post-thumbnail","hentry","category-economia"],"yoast_head":"<!-- This site is optimized with the Yoast SEO plugin v24.4 - https:\/\/yoast.com\/wordpress\/plugins\/seo\/ -->\n<title>Si clav\u00e1s el d\u00f3lar en $1.400 con inflaci\u00f3n al 30%, un d\u00eda vas a tener un problema - GYS NOTICIAS |<\/title>\n<meta name=\"robots\" content=\"index, follow, max-snippet:-1, max-image-preview:large, max-video-preview:-1\" \/>\n<link rel=\"canonical\" href=\"https:\/\/gysfm.com.ar\/inicio\/si-clavas-el-dolar-en-1-400-con-inflacion-al-30-un-dia-vas-a-tener-un-problema\/\" \/>\n<meta property=\"og:locale\" content=\"es_ES\" \/>\n<meta property=\"og:type\" content=\"article\" \/>\n<meta property=\"og:title\" content=\"Si clav\u00e1s el d\u00f3lar en $1.400 con inflaci\u00f3n al 30%, un d\u00eda vas a tener un problema - GYS NOTICIAS |\" \/>\n<meta property=\"og:description\" content=\"Por otro lado, ni Menem ni Kirchner tuvieron rivales de fuste. Hoy el mayor activo de esta administraci\u00f3n es que tampoco lo tiene a\u00fan. Si esta gesti\u00f3n fuera de ocho a\u00f1os, es muy temprano para tu pregunta. Sin embargo, si fuera de cuatro, la respuesta la tengo m\u00e1s clara: algo fall\u00f3. Y ah\u00ed me imagino [&hellip;]\" \/>\n<meta property=\"og:url\" content=\"https:\/\/gysfm.com.ar\/inicio\/si-clavas-el-dolar-en-1-400-con-inflacion-al-30-un-dia-vas-a-tener-un-problema\/\" \/>\n<meta property=\"og:site_name\" content=\"GYS NOTICIAS |\" \/>\n<meta property=\"article:published_time\" content=\"2026-04-26T13:14:35+00:00\" \/>\n<meta property=\"og:image\" content=\"https:\/\/media.ambito.com\/p\/953bec1565d293776e586e29f0b62d7a\/adjuntos\/239\/imagenes\/043\/322\/0043322206\/carlos-melconian.jpg?2026-04-22-18-41-51\" \/>\n<meta name=\"author\" content=\"admin\" \/>\n<meta name=\"twitter:card\" content=\"summary_large_image\" \/>\n<meta name=\"twitter:label1\" content=\"Escrito por\" \/>\n\t<meta name=\"twitter:data1\" content=\"admin\" \/>\n\t<meta name=\"twitter:label2\" content=\"Tiempo de lectura\" \/>\n\t<meta name=\"twitter:data2\" content=\"13 minutos\" \/>\n<script type=\"application\/ld+json\" class=\"yoast-schema-graph\">{\"@context\":\"https:\/\/schema.org\",\"@graph\":[{\"@type\":\"Article\",\"@id\":\"https:\/\/gysfm.com.ar\/inicio\/si-clavas-el-dolar-en-1-400-con-inflacion-al-30-un-dia-vas-a-tener-un-problema\/#article\",\"isPartOf\":{\"@id\":\"https:\/\/gysfm.com.ar\/inicio\/si-clavas-el-dolar-en-1-400-con-inflacion-al-30-un-dia-vas-a-tener-un-problema\/\"},\"author\":{\"name\":\"admin\",\"@id\":\"https:\/\/gysfm.com.ar\/inicio\/#\/schema\/person\/5bedd7ecd35cc35548d89effafa23696\"},\"headline\":\"Si clav\u00e1s el d\u00f3lar en $1.400 con inflaci\u00f3n al 30%, un d\u00eda vas a tener un problema\",\"datePublished\":\"2026-04-26T13:14:35+00:00\",\"mainEntityOfPage\":{\"@id\":\"https:\/\/gysfm.com.ar\/inicio\/si-clavas-el-dolar-en-1-400-con-inflacion-al-30-un-dia-vas-a-tener-un-problema\/\"},\"wordCount\":2553,\"publisher\":{\"@id\":\"https:\/\/gysfm.com.ar\/inicio\/#organization\"},\"image\":{\"@id\":\"https:\/\/gysfm.com.ar\/inicio\/si-clavas-el-dolar-en-1-400-con-inflacion-al-30-un-dia-vas-a-tener-un-problema\/#primaryimage\"},\"thumbnailUrl\":\"https:\/\/gysfm.com.ar\/inicio\/wp-content\/uploads\/2026\/04\/carlos-melconian.jpg\",\"articleSection\":[\"ECONOMIA\"],\"inLanguage\":\"es\"},{\"@type\":\"WebPage\",\"@id\":\"https:\/\/gysfm.com.ar\/inicio\/si-clavas-el-dolar-en-1-400-con-inflacion-al-30-un-dia-vas-a-tener-un-problema\/\",\"url\":\"https:\/\/gysfm.com.ar\/inicio\/si-clavas-el-dolar-en-1-400-con-inflacion-al-30-un-dia-vas-a-tener-un-problema\/\",\"name\":\"Si clav\u00e1s el d\u00f3lar en $1.400 con inflaci\u00f3n al 30%, un d\u00eda vas a tener un problema - GYS NOTICIAS |\",\"isPartOf\":{\"@id\":\"https:\/\/gysfm.com.ar\/inicio\/#website\"},\"primaryImageOfPage\":{\"@id\":\"https:\/\/gysfm.com.ar\/inicio\/si-clavas-el-dolar-en-1-400-con-inflacion-al-30-un-dia-vas-a-tener-un-problema\/#primaryimage\"},\"image\":{\"@id\":\"https:\/\/gysfm.com.ar\/inicio\/si-clavas-el-dolar-en-1-400-con-inflacion-al-30-un-dia-vas-a-tener-un-problema\/#primaryimage\"},\"thumbnailUrl\":\"https:\/\/gysfm.com.ar\/inicio\/wp-content\/uploads\/2026\/04\/carlos-melconian.jpg\",\"datePublished\":\"2026-04-26T13:14:35+00:00\",\"breadcrumb\":{\"@id\":\"https:\/\/gysfm.com.ar\/inicio\/si-clavas-el-dolar-en-1-400-con-inflacion-al-30-un-dia-vas-a-tener-un-problema\/#breadcrumb\"},\"inLanguage\":\"es\",\"potentialAction\":[{\"@type\":\"ReadAction\",\"target\":[\"https:\/\/gysfm.com.ar\/inicio\/si-clavas-el-dolar-en-1-400-con-inflacion-al-30-un-dia-vas-a-tener-un-problema\/\"]}]},{\"@type\":\"ImageObject\",\"inLanguage\":\"es\",\"@id\":\"https:\/\/gysfm.com.ar\/inicio\/si-clavas-el-dolar-en-1-400-con-inflacion-al-30-un-dia-vas-a-tener-un-problema\/#primaryimage\",\"url\":\"https:\/\/gysfm.com.ar\/inicio\/wp-content\/uploads\/2026\/04\/carlos-melconian.jpg\",\"contentUrl\":\"https:\/\/gysfm.com.ar\/inicio\/wp-content\/uploads\/2026\/04\/carlos-melconian.jpg\",\"width\":1200,\"height\":675},{\"@type\":\"BreadcrumbList\",\"@id\":\"https:\/\/gysfm.com.ar\/inicio\/si-clavas-el-dolar-en-1-400-con-inflacion-al-30-un-dia-vas-a-tener-un-problema\/#breadcrumb\",\"itemListElement\":[{\"@type\":\"ListItem\",\"position\":1,\"name\":\"Portada\",\"item\":\"https:\/\/gysfm.com.ar\/inicio\/\"},{\"@type\":\"ListItem\",\"position\":2,\"name\":\"Si clav\u00e1s el d\u00f3lar en $1.400 con inflaci\u00f3n al 30%, un d\u00eda vas a tener un problema\"}]},{\"@type\":\"WebSite\",\"@id\":\"https:\/\/gysfm.com.ar\/inicio\/#website\",\"url\":\"https:\/\/gysfm.com.ar\/inicio\/\",\"name\":\"GYS NOTICIAS |\",\"description\":\"DIARIO - RADIO ONLINE SAN JUAN ARGENTINA\",\"publisher\":{\"@id\":\"https:\/\/gysfm.com.ar\/inicio\/#organization\"},\"potentialAction\":[{\"@type\":\"SearchAction\",\"target\":{\"@type\":\"EntryPoint\",\"urlTemplate\":\"https:\/\/gysfm.com.ar\/inicio\/?s={search_term_string}\"},\"query-input\":{\"@type\":\"PropertyValueSpecification\",\"valueRequired\":true,\"valueName\":\"search_term_string\"}}],\"inLanguage\":\"es\"},{\"@type\":\"Organization\",\"@id\":\"https:\/\/gysfm.com.ar\/inicio\/#organization\",\"name\":\"GYS NOTICIAS |\",\"url\":\"https:\/\/gysfm.com.ar\/inicio\/\",\"logo\":{\"@type\":\"ImageObject\",\"inLanguage\":\"es\",\"@id\":\"https:\/\/gysfm.com.ar\/inicio\/#\/schema\/logo\/image\/\",\"url\":\"https:\/\/gysfm.com.ar\/inicio\/wp-content\/uploads\/2023\/07\/LOGOGYS-OK.png\",\"contentUrl\":\"https:\/\/gysfm.com.ar\/inicio\/wp-content\/uploads\/2023\/07\/LOGOGYS-OK.png\",\"width\":1170,\"height\":872,\"caption\":\"GYS NOTICIAS |\"},\"image\":{\"@id\":\"https:\/\/gysfm.com.ar\/inicio\/#\/schema\/logo\/image\/\"}},{\"@type\":\"Person\",\"@id\":\"https:\/\/gysfm.com.ar\/inicio\/#\/schema\/person\/5bedd7ecd35cc35548d89effafa23696\",\"name\":\"admin\",\"image\":{\"@type\":\"ImageObject\",\"inLanguage\":\"es\",\"@id\":\"https:\/\/gysfm.com.ar\/inicio\/#\/schema\/person\/image\/\",\"url\":\"https:\/\/secure.gravatar.com\/avatar\/c331d312b5243fb64d5ba28108a447b27c925295129a363082c9ea52c28d32c2?s=96&d=mm&r=g\",\"contentUrl\":\"https:\/\/secure.gravatar.com\/avatar\/c331d312b5243fb64d5ba28108a447b27c925295129a363082c9ea52c28d32c2?s=96&d=mm&r=g\",\"caption\":\"admin\"},\"sameAs\":[\"https:\/\/gysfm.com.ar\/inicio\"],\"url\":\"https:\/\/gysfm.com.ar\/inicio\/author\/admin\/\"}]}<\/script>\n<!-- \/ Yoast SEO plugin. -->","yoast_head_json":{"title":"Si clav\u00e1s el d\u00f3lar en $1.400 con inflaci\u00f3n al 30%, un d\u00eda vas a tener un problema - GYS NOTICIAS |","robots":{"index":"index","follow":"follow","max-snippet":"max-snippet:-1","max-image-preview":"max-image-preview:large","max-video-preview":"max-video-preview:-1"},"canonical":"https:\/\/gysfm.com.ar\/inicio\/si-clavas-el-dolar-en-1-400-con-inflacion-al-30-un-dia-vas-a-tener-un-problema\/","og_locale":"es_ES","og_type":"article","og_title":"Si clav\u00e1s el d\u00f3lar en $1.400 con inflaci\u00f3n al 30%, un d\u00eda vas a tener un problema - GYS NOTICIAS |","og_description":"Por otro lado, ni Menem ni Kirchner tuvieron rivales de fuste. Hoy el mayor activo de esta administraci\u00f3n es que tampoco lo tiene a\u00fan. Si esta gesti\u00f3n fuera de ocho a\u00f1os, es muy temprano para tu pregunta. Sin embargo, si fuera de cuatro, la respuesta la tengo m\u00e1s clara: algo fall\u00f3. Y ah\u00ed me imagino [&hellip;]","og_url":"https:\/\/gysfm.com.ar\/inicio\/si-clavas-el-dolar-en-1-400-con-inflacion-al-30-un-dia-vas-a-tener-un-problema\/","og_site_name":"GYS NOTICIAS |","article_published_time":"2026-04-26T13:14:35+00:00","og_image":[{"url":"https:\/\/media.ambito.com\/p\/953bec1565d293776e586e29f0b62d7a\/adjuntos\/239\/imagenes\/043\/322\/0043322206\/carlos-melconian.jpg?2026-04-22-18-41-51","type":"","width":"","height":""}],"author":"admin","twitter_card":"summary_large_image","twitter_misc":{"Escrito por":"admin","Tiempo de lectura":"13 minutos"},"schema":{"@context":"https:\/\/schema.org","@graph":[{"@type":"Article","@id":"https:\/\/gysfm.com.ar\/inicio\/si-clavas-el-dolar-en-1-400-con-inflacion-al-30-un-dia-vas-a-tener-un-problema\/#article","isPartOf":{"@id":"https:\/\/gysfm.com.ar\/inicio\/si-clavas-el-dolar-en-1-400-con-inflacion-al-30-un-dia-vas-a-tener-un-problema\/"},"author":{"name":"admin","@id":"https:\/\/gysfm.com.ar\/inicio\/#\/schema\/person\/5bedd7ecd35cc35548d89effafa23696"},"headline":"Si clav\u00e1s el d\u00f3lar en $1.400 con inflaci\u00f3n al 30%, un d\u00eda vas a tener un problema","datePublished":"2026-04-26T13:14:35+00:00","mainEntityOfPage":{"@id":"https:\/\/gysfm.com.ar\/inicio\/si-clavas-el-dolar-en-1-400-con-inflacion-al-30-un-dia-vas-a-tener-un-problema\/"},"wordCount":2553,"publisher":{"@id":"https:\/\/gysfm.com.ar\/inicio\/#organization"},"image":{"@id":"https:\/\/gysfm.com.ar\/inicio\/si-clavas-el-dolar-en-1-400-con-inflacion-al-30-un-dia-vas-a-tener-un-problema\/#primaryimage"},"thumbnailUrl":"https:\/\/gysfm.com.ar\/inicio\/wp-content\/uploads\/2026\/04\/carlos-melconian.jpg","articleSection":["ECONOMIA"],"inLanguage":"es"},{"@type":"WebPage","@id":"https:\/\/gysfm.com.ar\/inicio\/si-clavas-el-dolar-en-1-400-con-inflacion-al-30-un-dia-vas-a-tener-un-problema\/","url":"https:\/\/gysfm.com.ar\/inicio\/si-clavas-el-dolar-en-1-400-con-inflacion-al-30-un-dia-vas-a-tener-un-problema\/","name":"Si clav\u00e1s el d\u00f3lar en $1.400 con inflaci\u00f3n al 30%, un d\u00eda vas a tener un problema - GYS NOTICIAS |","isPartOf":{"@id":"https:\/\/gysfm.com.ar\/inicio\/#website"},"primaryImageOfPage":{"@id":"https:\/\/gysfm.com.ar\/inicio\/si-clavas-el-dolar-en-1-400-con-inflacion-al-30-un-dia-vas-a-tener-un-problema\/#primaryimage"},"image":{"@id":"https:\/\/gysfm.com.ar\/inicio\/si-clavas-el-dolar-en-1-400-con-inflacion-al-30-un-dia-vas-a-tener-un-problema\/#primaryimage"},"thumbnailUrl":"https:\/\/gysfm.com.ar\/inicio\/wp-content\/uploads\/2026\/04\/carlos-melconian.jpg","datePublished":"2026-04-26T13:14:35+00:00","breadcrumb":{"@id":"https:\/\/gysfm.com.ar\/inicio\/si-clavas-el-dolar-en-1-400-con-inflacion-al-30-un-dia-vas-a-tener-un-problema\/#breadcrumb"},"inLanguage":"es","potentialAction":[{"@type":"ReadAction","target":["https:\/\/gysfm.com.ar\/inicio\/si-clavas-el-dolar-en-1-400-con-inflacion-al-30-un-dia-vas-a-tener-un-problema\/"]}]},{"@type":"ImageObject","inLanguage":"es","@id":"https:\/\/gysfm.com.ar\/inicio\/si-clavas-el-dolar-en-1-400-con-inflacion-al-30-un-dia-vas-a-tener-un-problema\/#primaryimage","url":"https:\/\/gysfm.com.ar\/inicio\/wp-content\/uploads\/2026\/04\/carlos-melconian.jpg","contentUrl":"https:\/\/gysfm.com.ar\/inicio\/wp-content\/uploads\/2026\/04\/carlos-melconian.jpg","width":1200,"height":675},{"@type":"BreadcrumbList","@id":"https:\/\/gysfm.com.ar\/inicio\/si-clavas-el-dolar-en-1-400-con-inflacion-al-30-un-dia-vas-a-tener-un-problema\/#breadcrumb","itemListElement":[{"@type":"ListItem","position":1,"name":"Portada","item":"https:\/\/gysfm.com.ar\/inicio\/"},{"@type":"ListItem","position":2,"name":"Si clav\u00e1s el d\u00f3lar en $1.400 con inflaci\u00f3n al 30%, un d\u00eda vas a tener un problema"}]},{"@type":"WebSite","@id":"https:\/\/gysfm.com.ar\/inicio\/#website","url":"https:\/\/gysfm.com.ar\/inicio\/","name":"GYS NOTICIAS |","description":"DIARIO - RADIO ONLINE SAN JUAN ARGENTINA","publisher":{"@id":"https:\/\/gysfm.com.ar\/inicio\/#organization"},"potentialAction":[{"@type":"SearchAction","target":{"@type":"EntryPoint","urlTemplate":"https:\/\/gysfm.com.ar\/inicio\/?s={search_term_string}"},"query-input":{"@type":"PropertyValueSpecification","valueRequired":true,"valueName":"search_term_string"}}],"inLanguage":"es"},{"@type":"Organization","@id":"https:\/\/gysfm.com.ar\/inicio\/#organization","name":"GYS NOTICIAS |","url":"https:\/\/gysfm.com.ar\/inicio\/","logo":{"@type":"ImageObject","inLanguage":"es","@id":"https:\/\/gysfm.com.ar\/inicio\/#\/schema\/logo\/image\/","url":"https:\/\/gysfm.com.ar\/inicio\/wp-content\/uploads\/2023\/07\/LOGOGYS-OK.png","contentUrl":"https:\/\/gysfm.com.ar\/inicio\/wp-content\/uploads\/2023\/07\/LOGOGYS-OK.png","width":1170,"height":872,"caption":"GYS NOTICIAS |"},"image":{"@id":"https:\/\/gysfm.com.ar\/inicio\/#\/schema\/logo\/image\/"}},{"@type":"Person","@id":"https:\/\/gysfm.com.ar\/inicio\/#\/schema\/person\/5bedd7ecd35cc35548d89effafa23696","name":"admin","image":{"@type":"ImageObject","inLanguage":"es","@id":"https:\/\/gysfm.com.ar\/inicio\/#\/schema\/person\/image\/","url":"https:\/\/secure.gravatar.com\/avatar\/c331d312b5243fb64d5ba28108a447b27c925295129a363082c9ea52c28d32c2?s=96&d=mm&r=g","contentUrl":"https:\/\/secure.gravatar.com\/avatar\/c331d312b5243fb64d5ba28108a447b27c925295129a363082c9ea52c28d32c2?s=96&d=mm&r=g","caption":"admin"},"sameAs":["https:\/\/gysfm.com.ar\/inicio"],"url":"https:\/\/gysfm.com.ar\/inicio\/author\/admin\/"}]}},"_links":{"self":[{"href":"https:\/\/gysfm.com.ar\/inicio\/wp-json\/wp\/v2\/posts\/193094","targetHints":{"allow":["GET"]}}],"collection":[{"href":"https:\/\/gysfm.com.ar\/inicio\/wp-json\/wp\/v2\/posts"}],"about":[{"href":"https:\/\/gysfm.com.ar\/inicio\/wp-json\/wp\/v2\/types\/post"}],"author":[{"embeddable":true,"href":"https:\/\/gysfm.com.ar\/inicio\/wp-json\/wp\/v2\/users\/1"}],"replies":[{"embeddable":true,"href":"https:\/\/gysfm.com.ar\/inicio\/wp-json\/wp\/v2\/comments?post=193094"}],"version-history":[{"count":0,"href":"https:\/\/gysfm.com.ar\/inicio\/wp-json\/wp\/v2\/posts\/193094\/revisions"}],"wp:featuredmedia":[{"embeddable":true,"href":"https:\/\/gysfm.com.ar\/inicio\/wp-json\/wp\/v2\/media\/193095"}],"wp:attachment":[{"href":"https:\/\/gysfm.com.ar\/inicio\/wp-json\/wp\/v2\/media?parent=193094"}],"wp:term":[{"taxonomy":"category","embeddable":true,"href":"https:\/\/gysfm.com.ar\/inicio\/wp-json\/wp\/v2\/categories?post=193094"},{"taxonomy":"post_tag","embeddable":true,"href":"https:\/\/gysfm.com.ar\/inicio\/wp-json\/wp\/v2\/tags?post=193094"}],"curies":[{"name":"wp","href":"https:\/\/api.w.org\/{rel}","templated":true}]}}