{"id":193089,"date":"2026-04-26T09:50:05","date_gmt":"2026-04-26T12:50:05","guid":{"rendered":"https:\/\/gysfm.com.ar\/inicio\/luis-caputo-metio-a-messi-y-a-cristiano-ronaldo-para-responderle-a-un-periodista-ingles-por-malvinas\/"},"modified":"2026-04-26T09:50:05","modified_gmt":"2026-04-26T12:50:05","slug":"luis-caputo-metio-a-messi-y-a-cristiano-ronaldo-para-responderle-a-un-periodista-ingles-por-malvinas","status":"publish","type":"post","link":"https:\/\/gysfm.com.ar\/inicio\/luis-caputo-metio-a-messi-y-a-cristiano-ronaldo-para-responderle-a-un-periodista-ingles-por-malvinas\/","title":{"rendered":"Luis Caputo meti\u00f3 a Messi y a Cristiano Ronaldo para responderle a un periodista ingl\u00e9s por Malvinas"},"content":{"rendered":"<p><\/p>\n<div id=\"article-content\">\n<p>El ministro de Econom\u00eda, <strong>Luis Caputo<\/strong>,se incorpor\u00f3 a la pol\u00e9mica que se gener\u00f3 sobre la cuesti\u00f3n Malvinas. Lo hizo al contestarle al locutor y periodista ingl\u00e9s <strong>Piers Morgan<\/strong>, quien se hab\u00eda quejado por los trascendidos acerca de que Estados Unidos podr\u00eda avanzar en un <a target=\"_blank\" href=\"https:\/\/www.perfil.com\/noticias\/internacional\/afirman-que-trump-enojado-por-iran-analiza-retirar-el-apoyo-al-reino-unido-por-malvinas.phtml\">retiro del apoyo <\/a>al Reino Unido, al considerar insuficiente el apoyo en la guerra de Medio Oriente.<\/p>\n<p><picture><source media=\"(max-width: 440px)\" srcset=\"https:\/\/fotos.perfil.com\/\/2026\/04\/25\/440\/0\/posteo-luis-caputo-25042026-2227487.jpg?webp\"\/><source media=\"(max-width: 1019px)\" srcset=\"https:\/\/fotos.perfil.com\/\/2026\/04\/25\/712\/0\/posteo-luis-caputo-25042026-2227487.jpg?webp\"\/><img decoding=\"async\" style=\"max-width: 100%; width: 100%;\" alt=\"Posteo Luis Caputo 25042026\" src=\"https:\/\/fotos.perfil.com\/\/2026\/04\/25\/900\/0\/posteo-luis-caputo-25042026-2227487.jpg?webp\" loading=\"lazy\"\/><\/picture><\/p>\n<p>El ministro meti\u00f3 en la respuesta a <strong>Lionel Messi <\/strong>y a <strong>Cristiano Ronaldo<\/strong>, y de  paso, a Charly Garc\u00eda con su frase m\u00e1s ic\u00f3nica.<\/p>\n<div class=\"subscription\">\n<p>\n        Esto no les gusta a los autoritarios\n    <\/p>\n<div class=\"subscription__container\">\n<div class=\"subscription__text-wrapper\">\n<p>\n                El ejercicio del periodismo profesional y cr\u00edtico es un pilar fundamental de la democracia. Por eso molesta a quienes creen ser los due\u00f1os de la verdad.\n            <\/p>\n<\/p><\/div><\/div>\n<\/div>\n<p class=\"destacadoNota\"><a target=\"_blank\" href=\"https:\/\/https:\/\/www.perfil.com\/noticias\/internacional\/londres-responde-a-las-amenazas-de-trump-sobre-la-soberania-de-las-malvinas-la-soberania-pertenece-al-reino-unido.phtml\">Londres responde a las amenazas de Trump sobre la soberan\u00eda de las Malvinas: \u00abLa soberan\u00eda pertenece al Reino Unido\u00bb<\/a><\/p>\n<p>\u00abTener en cuenta que este comentario viene de <strong>la \u00fanica persona en el mundo que cree que Cristiano Ronaldo es mejor que Messi<\/strong>. Say no more\u2026\u00bb, sentenci\u00f3 Caputo en un mensaje publicado en X.<\/p>\n<p>El ministro aludi\u00f3 a las opiniones de Morgan, en especial durante el Mundial de Qatar 2022, cuando el conductor brit\u00e1nico resaltaba el nivel de Cristiano Ronaldo mientras cuestionaba fallos arbitrales que, seg\u00fan dec\u00eda, hab\u00edan beneficiado al astro argentino. El periodista<strong> ubicaba a Lionel Messi por debajo del portugu\u00e9s en rankings que \u00e9l mismo elaboraba<\/strong>.<\/p>\n<p>En esta ocasi\u00f3n, en su posteo, el periodista y locutor brit\u00e1nico hab\u00eda se\u00f1alado que si <strong>Donald Trump<\/strong> ten\u00eda intenciones de \u00abarrebatarle\u00bb las Malvinas a Gran Breta\u00f1a, entonces Reino Unido deber\u00eda \u00ab<strong>recuperar a Estados Unidos<\/strong>\u00ab, su antigua colonia.<\/p>\n<p>\u00abUna manera perfecta de celebrar el 250 aniversario de la independencia estadounidense, El rey Carlos puede lanzarlo en el Congerso la semana que viene\u00bb, lanz\u00f3 Morgan.<\/p>\n<p class=\"destacadoNota\"><a target=\"_blank\" href=\"https:\/\/https:\/\/www.perfil.com\/noticias\/internacional\/londres-responde-a-las-amenazas-de-trump-sobre-la-soberania-de-las-malvinas-la-soberania-pertenece-al-reino-unido.phtml\">Londres responde a las amenazas de Trump sobre la soberan\u00eda de las Malvinas: \u00abLa soberan\u00eda pertenece al Reino Unido\u00bb<\/a><\/p>\n<h2>El mail del Pent\u00e1gono y los cruces por Malvinas<\/h2>\n<p>El cruce tiene base en la difusi\u00f3n de un correo electr\u00f3nico interno del Pent\u00e1gono que marca opciones para que Estados Unidos castigue a aliados de la OTAN que, seg\u00fan considera, no respaldaron las operaciones estadounidenses en la<a target=\"_blank\" href=\"https:\/\/www.perfil.com\/noticias\/internacional\/guerra-en-medio-oriente-trump-extendio-una-vez-mas-el-plazo-de-alto-el-fuego-con-iran.phtml\"> guerra con Ir\u00e1n<\/a>.<\/p>\n<p>Entre esas medidas se menciona <strong>revisar la postura de Estados Unidos <\/strong>respecto al reclamo sobre las Islas Malvinas,<\/p>\n<p>La informaci\u00f3n reson\u00f3 enseguida en el Reino Unido, replicada por varios medios brit\u00e1nicos de gran alcance, como<em> The Telegraph, Sky News, The Sun, BBC y Daily Mail.<\/em><\/p>\n<p>La respuesta oficial lleg\u00f3 r\u00e1pido: el vocero del primer ministro del Reino Unido, <strong>Keir Starmer<\/strong>, sostuvo  que la soberan\u00eda de las islas Malvinas \u00abrecae en el Reino Unido\u00bb. <\/p>\n<p class=\"destacadoNota\"><a target=\"_blank\" href=\"https:\/\/www.perfil.com\/noticias\/amp\/canal-e\/apelar-a-malvinas-puede-terminar-como-el-efecto-galtieri-advirtio-guillermo-carmona-en-qr.phtml\">\u00abApelar a Malvinas puede terminar como el efecto Galtieri\u00bb, advirti\u00f3 Guillermo Carmona en \u00abQR!\u00bb<\/a><\/p>\n<p>\u00abLas Islas Falkland (el nombre que la ocupaci\u00f3n inglesa usa para las Malvinas) <strong>han votado abrumadoramente a favor <\/strong>de seguir siendo un territorio brit\u00e1nico de ultramar, y siempre hemos apoyado el derecho de los isle\u00f1os a la autodeterminaci\u00f3n y el hecho de que la soberan\u00eda reside en el Reino Unido\u00bb, afirm\u00f3.<\/p>\n<p>El Gobierno argentino <strong>reacci\u00f3no a esa declaraci\u00f3n<\/strong>. \u201cLos actuales habitantes de las Islas Malvinas no han sido nunca reconocidos como un \u00abpueblo\u00bb por las Naciones Unidas\u201d, destac\u00f3 el canciller <strong>Pablo Quirno<\/strong> y agreg\u00f3, \u201cpor ello tampoco tiene validez el pretendido \u201crefer\u00e9ndum\u201d de 2013\u201d.<\/p>\n<p>LT<\/p>\n<\/p><\/div>\n<p><script>\n                !function(f,b,e,v,n,t,s)\n                {if(f.fbq)return;n=f.fbq=function(){n.callMethod?\n                    n.callMethod.apply(n,arguments):n.queue.push(arguments)};\n                    if(!f._fbq)f._fbq=n;n.push=n;n.loaded=!0;n.version='2.0';\n                    n.queue=[];t=b.createElement(e);t.async=!0;\n                    t.src=v;s=b.getElementsByTagName(e)[0];\n                    s.parentNode.insertBefore(t,s)}(window, document,'script',\n                    'https:\/\/connect.facebook.net\/en_US\/fbevents.js');\n                window.paywallConfig.facebook_pixel=\"1000228364089342\"\n            <\/script><\/p>\n","protected":false},"excerpt":{"rendered":"<p>El ministro de Econom\u00eda, Luis Caputo,se incorpor\u00f3 a la pol\u00e9mica que se gener\u00f3 sobre la cuesti\u00f3n Malvinas. Lo hizo al contestarle al locutor y periodista ingl\u00e9s Piers Morgan, quien se hab\u00eda quejado por los trascendidos acerca de que Estados Unidos podr\u00eda avanzar en un retiro del apoyo al Reino Unido, al considerar insuficiente el apoyo [&hellip;]<\/p>\n","protected":false},"author":2,"featured_media":193090,"comment_status":"closed","ping_status":"closed","sticky":false,"template":"","format":"standard","meta":{"footnotes":""},"categories":[25],"tags":[],"class_list":["post-193089","post","type-post","status-publish","format-standard","has-post-thumbnail","hentry","category-nacionales"],"yoast_head":"<!-- This site is optimized with the Yoast SEO plugin v24.4 - https:\/\/yoast.com\/wordpress\/plugins\/seo\/ -->\n<title>Luis Caputo meti\u00f3 a Messi y a Cristiano Ronaldo para responderle a un periodista ingl\u00e9s por Malvinas - GYS NOTICIAS |<\/title>\n<meta name=\"robots\" content=\"index, follow, max-snippet:-1, max-image-preview:large, max-video-preview:-1\" \/>\n<link rel=\"canonical\" href=\"https:\/\/gysfm.com.ar\/inicio\/luis-caputo-metio-a-messi-y-a-cristiano-ronaldo-para-responderle-a-un-periodista-ingles-por-malvinas\/\" \/>\n<meta property=\"og:locale\" content=\"es_ES\" \/>\n<meta property=\"og:type\" content=\"article\" \/>\n<meta property=\"og:title\" content=\"Luis Caputo meti\u00f3 a Messi y a Cristiano Ronaldo para responderle a un periodista ingl\u00e9s por Malvinas - GYS NOTICIAS |\" \/>\n<meta property=\"og:description\" content=\"El ministro de Econom\u00eda, Luis Caputo,se incorpor\u00f3 a la pol\u00e9mica que se gener\u00f3 sobre la cuesti\u00f3n Malvinas. Lo hizo al contestarle al locutor y periodista ingl\u00e9s Piers Morgan, quien se hab\u00eda quejado por los trascendidos acerca de que Estados Unidos podr\u00eda avanzar en un retiro del apoyo al Reino Unido, al considerar insuficiente el apoyo [&hellip;]\" \/>\n<meta property=\"og:url\" content=\"https:\/\/gysfm.com.ar\/inicio\/luis-caputo-metio-a-messi-y-a-cristiano-ronaldo-para-responderle-a-un-periodista-ingles-por-malvinas\/\" \/>\n<meta property=\"og:site_name\" content=\"GYS NOTICIAS |\" \/>\n<meta property=\"article:published_time\" content=\"2026-04-26T12:50:05+00:00\" \/>\n<meta property=\"og:image\" content=\"https:\/\/fotos.perfil.com\/\/2026\/04\/25\/900\/0\/posteo-luis-caputo-25042026-2227487.jpg?webp\" \/>\n<meta name=\"author\" content=\"Prensa G&amp;S FM\" \/>\n<meta name=\"twitter:card\" content=\"summary_large_image\" \/>\n<meta name=\"twitter:label1\" content=\"Escrito por\" \/>\n\t<meta name=\"twitter:data1\" content=\"Prensa G&amp;S FM\" \/>\n\t<meta name=\"twitter:label2\" content=\"Tiempo de lectura\" \/>\n\t<meta name=\"twitter:data2\" content=\"3 minutos\" \/>\n<script type=\"application\/ld+json\" class=\"yoast-schema-graph\">{\"@context\":\"https:\/\/schema.org\",\"@graph\":[{\"@type\":\"Article\",\"@id\":\"https:\/\/gysfm.com.ar\/inicio\/luis-caputo-metio-a-messi-y-a-cristiano-ronaldo-para-responderle-a-un-periodista-ingles-por-malvinas\/#article\",\"isPartOf\":{\"@id\":\"https:\/\/gysfm.com.ar\/inicio\/luis-caputo-metio-a-messi-y-a-cristiano-ronaldo-para-responderle-a-un-periodista-ingles-por-malvinas\/\"},\"author\":{\"name\":\"Prensa G&amp;S FM\",\"@id\":\"https:\/\/gysfm.com.ar\/inicio\/#\/schema\/person\/3abba7593ef2ad19e1be221d54383dc5\"},\"headline\":\"Luis Caputo meti\u00f3 a Messi y a Cristiano Ronaldo para responderle a un periodista ingl\u00e9s por Malvinas\",\"datePublished\":\"2026-04-26T12:50:05+00:00\",\"mainEntityOfPage\":{\"@id\":\"https:\/\/gysfm.com.ar\/inicio\/luis-caputo-metio-a-messi-y-a-cristiano-ronaldo-para-responderle-a-un-periodista-ingles-por-malvinas\/\"},\"wordCount\":599,\"publisher\":{\"@id\":\"https:\/\/gysfm.com.ar\/inicio\/#organization\"},\"image\":{\"@id\":\"https:\/\/gysfm.com.ar\/inicio\/luis-caputo-metio-a-messi-y-a-cristiano-ronaldo-para-responderle-a-un-periodista-ingles-por-malvinas\/#primaryimage\"},\"thumbnailUrl\":\"https:\/\/gysfm.com.ar\/inicio\/wp-content\/uploads\/2026\/04\/luis-caputo-en-amcham-summit-2026-14042026-2219996.jpg\",\"articleSection\":[\"NACIONALES\"],\"inLanguage\":\"es\"},{\"@type\":\"WebPage\",\"@id\":\"https:\/\/gysfm.com.ar\/inicio\/luis-caputo-metio-a-messi-y-a-cristiano-ronaldo-para-responderle-a-un-periodista-ingles-por-malvinas\/\",\"url\":\"https:\/\/gysfm.com.ar\/inicio\/luis-caputo-metio-a-messi-y-a-cristiano-ronaldo-para-responderle-a-un-periodista-ingles-por-malvinas\/\",\"name\":\"Luis Caputo meti\u00f3 a Messi y a Cristiano Ronaldo para responderle a un periodista ingl\u00e9s por Malvinas - GYS NOTICIAS |\",\"isPartOf\":{\"@id\":\"https:\/\/gysfm.com.ar\/inicio\/#website\"},\"primaryImageOfPage\":{\"@id\":\"https:\/\/gysfm.com.ar\/inicio\/luis-caputo-metio-a-messi-y-a-cristiano-ronaldo-para-responderle-a-un-periodista-ingles-por-malvinas\/#primaryimage\"},\"image\":{\"@id\":\"https:\/\/gysfm.com.ar\/inicio\/luis-caputo-metio-a-messi-y-a-cristiano-ronaldo-para-responderle-a-un-periodista-ingles-por-malvinas\/#primaryimage\"},\"thumbnailUrl\":\"https:\/\/gysfm.com.ar\/inicio\/wp-content\/uploads\/2026\/04\/luis-caputo-en-amcham-summit-2026-14042026-2219996.jpg\",\"datePublished\":\"2026-04-26T12:50:05+00:00\",\"breadcrumb\":{\"@id\":\"https:\/\/gysfm.com.ar\/inicio\/luis-caputo-metio-a-messi-y-a-cristiano-ronaldo-para-responderle-a-un-periodista-ingles-por-malvinas\/#breadcrumb\"},\"inLanguage\":\"es\",\"potentialAction\":[{\"@type\":\"ReadAction\",\"target\":[\"https:\/\/gysfm.com.ar\/inicio\/luis-caputo-metio-a-messi-y-a-cristiano-ronaldo-para-responderle-a-un-periodista-ingles-por-malvinas\/\"]}]},{\"@type\":\"ImageObject\",\"inLanguage\":\"es\",\"@id\":\"https:\/\/gysfm.com.ar\/inicio\/luis-caputo-metio-a-messi-y-a-cristiano-ronaldo-para-responderle-a-un-periodista-ingles-por-malvinas\/#primaryimage\",\"url\":\"https:\/\/gysfm.com.ar\/inicio\/wp-content\/uploads\/2026\/04\/luis-caputo-en-amcham-summit-2026-14042026-2219996.jpg\",\"contentUrl\":\"https:\/\/gysfm.com.ar\/inicio\/wp-content\/uploads\/2026\/04\/luis-caputo-en-amcham-summit-2026-14042026-2219996.jpg\",\"width\":1140,\"height\":641},{\"@type\":\"BreadcrumbList\",\"@id\":\"https:\/\/gysfm.com.ar\/inicio\/luis-caputo-metio-a-messi-y-a-cristiano-ronaldo-para-responderle-a-un-periodista-ingles-por-malvinas\/#breadcrumb\",\"itemListElement\":[{\"@type\":\"ListItem\",\"position\":1,\"name\":\"Portada\",\"item\":\"https:\/\/gysfm.com.ar\/inicio\/\"},{\"@type\":\"ListItem\",\"position\":2,\"name\":\"Luis Caputo meti\u00f3 a Messi y a Cristiano Ronaldo para responderle a un periodista ingl\u00e9s por Malvinas\"}]},{\"@type\":\"WebSite\",\"@id\":\"https:\/\/gysfm.com.ar\/inicio\/#website\",\"url\":\"https:\/\/gysfm.com.ar\/inicio\/\",\"name\":\"GYS NOTICIAS |\",\"description\":\"DIARIO - RADIO ONLINE SAN JUAN ARGENTINA\",\"publisher\":{\"@id\":\"https:\/\/gysfm.com.ar\/inicio\/#organization\"},\"potentialAction\":[{\"@type\":\"SearchAction\",\"target\":{\"@type\":\"EntryPoint\",\"urlTemplate\":\"https:\/\/gysfm.com.ar\/inicio\/?s={search_term_string}\"},\"query-input\":{\"@type\":\"PropertyValueSpecification\",\"valueRequired\":true,\"valueName\":\"search_term_string\"}}],\"inLanguage\":\"es\"},{\"@type\":\"Organization\",\"@id\":\"https:\/\/gysfm.com.ar\/inicio\/#organization\",\"name\":\"GYS NOTICIAS |\",\"url\":\"https:\/\/gysfm.com.ar\/inicio\/\",\"logo\":{\"@type\":\"ImageObject\",\"inLanguage\":\"es\",\"@id\":\"https:\/\/gysfm.com.ar\/inicio\/#\/schema\/logo\/image\/\",\"url\":\"https:\/\/gysfm.com.ar\/inicio\/wp-content\/uploads\/2023\/07\/LOGOGYS-OK.png\",\"contentUrl\":\"https:\/\/gysfm.com.ar\/inicio\/wp-content\/uploads\/2023\/07\/LOGOGYS-OK.png\",\"width\":1170,\"height\":872,\"caption\":\"GYS NOTICIAS |\"},\"image\":{\"@id\":\"https:\/\/gysfm.com.ar\/inicio\/#\/schema\/logo\/image\/\"}},{\"@type\":\"Person\",\"@id\":\"https:\/\/gysfm.com.ar\/inicio\/#\/schema\/person\/3abba7593ef2ad19e1be221d54383dc5\",\"name\":\"Prensa G&amp;S FM\",\"image\":{\"@type\":\"ImageObject\",\"inLanguage\":\"es\",\"@id\":\"https:\/\/gysfm.com.ar\/inicio\/#\/schema\/person\/image\/\",\"url\":\"https:\/\/secure.gravatar.com\/avatar\/096ec78df02049ab018702bb4ccedf659377fa92a26540b5247612077a0dbd29?s=96&d=mm&r=g\",\"contentUrl\":\"https:\/\/secure.gravatar.com\/avatar\/096ec78df02049ab018702bb4ccedf659377fa92a26540b5247612077a0dbd29?s=96&d=mm&r=g\",\"caption\":\"Prensa G&amp;S FM\"},\"sameAs\":[\"https:\/\/gysfm.com.ar\/\"],\"url\":\"https:\/\/gysfm.com.ar\/inicio\/author\/lucasm\/\"}]}<\/script>\n<!-- \/ Yoast SEO plugin. -->","yoast_head_json":{"title":"Luis Caputo meti\u00f3 a Messi y a Cristiano Ronaldo para responderle a un periodista ingl\u00e9s por Malvinas - GYS NOTICIAS |","robots":{"index":"index","follow":"follow","max-snippet":"max-snippet:-1","max-image-preview":"max-image-preview:large","max-video-preview":"max-video-preview:-1"},"canonical":"https:\/\/gysfm.com.ar\/inicio\/luis-caputo-metio-a-messi-y-a-cristiano-ronaldo-para-responderle-a-un-periodista-ingles-por-malvinas\/","og_locale":"es_ES","og_type":"article","og_title":"Luis Caputo meti\u00f3 a Messi y a Cristiano Ronaldo para responderle a un periodista ingl\u00e9s por Malvinas - GYS NOTICIAS |","og_description":"El ministro de Econom\u00eda, Luis Caputo,se incorpor\u00f3 a la pol\u00e9mica que se gener\u00f3 sobre la cuesti\u00f3n Malvinas. Lo hizo al contestarle al locutor y periodista ingl\u00e9s Piers Morgan, quien se hab\u00eda quejado por los trascendidos acerca de que Estados Unidos podr\u00eda avanzar en un retiro del apoyo al Reino Unido, al considerar insuficiente el apoyo [&hellip;]","og_url":"https:\/\/gysfm.com.ar\/inicio\/luis-caputo-metio-a-messi-y-a-cristiano-ronaldo-para-responderle-a-un-periodista-ingles-por-malvinas\/","og_site_name":"GYS NOTICIAS |","article_published_time":"2026-04-26T12:50:05+00:00","og_image":[{"url":"https:\/\/fotos.perfil.com\/\/2026\/04\/25\/900\/0\/posteo-luis-caputo-25042026-2227487.jpg?webp","type":"","width":"","height":""}],"author":"Prensa G&amp;S FM","twitter_card":"summary_large_image","twitter_misc":{"Escrito por":"Prensa G&amp;S FM","Tiempo de lectura":"3 minutos"},"schema":{"@context":"https:\/\/schema.org","@graph":[{"@type":"Article","@id":"https:\/\/gysfm.com.ar\/inicio\/luis-caputo-metio-a-messi-y-a-cristiano-ronaldo-para-responderle-a-un-periodista-ingles-por-malvinas\/#article","isPartOf":{"@id":"https:\/\/gysfm.com.ar\/inicio\/luis-caputo-metio-a-messi-y-a-cristiano-ronaldo-para-responderle-a-un-periodista-ingles-por-malvinas\/"},"author":{"name":"Prensa G&amp;S FM","@id":"https:\/\/gysfm.com.ar\/inicio\/#\/schema\/person\/3abba7593ef2ad19e1be221d54383dc5"},"headline":"Luis Caputo meti\u00f3 a Messi y a Cristiano Ronaldo para responderle a un periodista ingl\u00e9s por Malvinas","datePublished":"2026-04-26T12:50:05+00:00","mainEntityOfPage":{"@id":"https:\/\/gysfm.com.ar\/inicio\/luis-caputo-metio-a-messi-y-a-cristiano-ronaldo-para-responderle-a-un-periodista-ingles-por-malvinas\/"},"wordCount":599,"publisher":{"@id":"https:\/\/gysfm.com.ar\/inicio\/#organization"},"image":{"@id":"https:\/\/gysfm.com.ar\/inicio\/luis-caputo-metio-a-messi-y-a-cristiano-ronaldo-para-responderle-a-un-periodista-ingles-por-malvinas\/#primaryimage"},"thumbnailUrl":"https:\/\/gysfm.com.ar\/inicio\/wp-content\/uploads\/2026\/04\/luis-caputo-en-amcham-summit-2026-14042026-2219996.jpg","articleSection":["NACIONALES"],"inLanguage":"es"},{"@type":"WebPage","@id":"https:\/\/gysfm.com.ar\/inicio\/luis-caputo-metio-a-messi-y-a-cristiano-ronaldo-para-responderle-a-un-periodista-ingles-por-malvinas\/","url":"https:\/\/gysfm.com.ar\/inicio\/luis-caputo-metio-a-messi-y-a-cristiano-ronaldo-para-responderle-a-un-periodista-ingles-por-malvinas\/","name":"Luis Caputo meti\u00f3 a Messi y a Cristiano Ronaldo para responderle a un periodista ingl\u00e9s por Malvinas - GYS NOTICIAS |","isPartOf":{"@id":"https:\/\/gysfm.com.ar\/inicio\/#website"},"primaryImageOfPage":{"@id":"https:\/\/gysfm.com.ar\/inicio\/luis-caputo-metio-a-messi-y-a-cristiano-ronaldo-para-responderle-a-un-periodista-ingles-por-malvinas\/#primaryimage"},"image":{"@id":"https:\/\/gysfm.com.ar\/inicio\/luis-caputo-metio-a-messi-y-a-cristiano-ronaldo-para-responderle-a-un-periodista-ingles-por-malvinas\/#primaryimage"},"thumbnailUrl":"https:\/\/gysfm.com.ar\/inicio\/wp-content\/uploads\/2026\/04\/luis-caputo-en-amcham-summit-2026-14042026-2219996.jpg","datePublished":"2026-04-26T12:50:05+00:00","breadcrumb":{"@id":"https:\/\/gysfm.com.ar\/inicio\/luis-caputo-metio-a-messi-y-a-cristiano-ronaldo-para-responderle-a-un-periodista-ingles-por-malvinas\/#breadcrumb"},"inLanguage":"es","potentialAction":[{"@type":"ReadAction","target":["https:\/\/gysfm.com.ar\/inicio\/luis-caputo-metio-a-messi-y-a-cristiano-ronaldo-para-responderle-a-un-periodista-ingles-por-malvinas\/"]}]},{"@type":"ImageObject","inLanguage":"es","@id":"https:\/\/gysfm.com.ar\/inicio\/luis-caputo-metio-a-messi-y-a-cristiano-ronaldo-para-responderle-a-un-periodista-ingles-por-malvinas\/#primaryimage","url":"https:\/\/gysfm.com.ar\/inicio\/wp-content\/uploads\/2026\/04\/luis-caputo-en-amcham-summit-2026-14042026-2219996.jpg","contentUrl":"https:\/\/gysfm.com.ar\/inicio\/wp-content\/uploads\/2026\/04\/luis-caputo-en-amcham-summit-2026-14042026-2219996.jpg","width":1140,"height":641},{"@type":"BreadcrumbList","@id":"https:\/\/gysfm.com.ar\/inicio\/luis-caputo-metio-a-messi-y-a-cristiano-ronaldo-para-responderle-a-un-periodista-ingles-por-malvinas\/#breadcrumb","itemListElement":[{"@type":"ListItem","position":1,"name":"Portada","item":"https:\/\/gysfm.com.ar\/inicio\/"},{"@type":"ListItem","position":2,"name":"Luis Caputo meti\u00f3 a Messi y a Cristiano Ronaldo para responderle a un periodista ingl\u00e9s por Malvinas"}]},{"@type":"WebSite","@id":"https:\/\/gysfm.com.ar\/inicio\/#website","url":"https:\/\/gysfm.com.ar\/inicio\/","name":"GYS NOTICIAS |","description":"DIARIO - RADIO ONLINE SAN JUAN ARGENTINA","publisher":{"@id":"https:\/\/gysfm.com.ar\/inicio\/#organization"},"potentialAction":[{"@type":"SearchAction","target":{"@type":"EntryPoint","urlTemplate":"https:\/\/gysfm.com.ar\/inicio\/?s={search_term_string}"},"query-input":{"@type":"PropertyValueSpecification","valueRequired":true,"valueName":"search_term_string"}}],"inLanguage":"es"},{"@type":"Organization","@id":"https:\/\/gysfm.com.ar\/inicio\/#organization","name":"GYS NOTICIAS |","url":"https:\/\/gysfm.com.ar\/inicio\/","logo":{"@type":"ImageObject","inLanguage":"es","@id":"https:\/\/gysfm.com.ar\/inicio\/#\/schema\/logo\/image\/","url":"https:\/\/gysfm.com.ar\/inicio\/wp-content\/uploads\/2023\/07\/LOGOGYS-OK.png","contentUrl":"https:\/\/gysfm.com.ar\/inicio\/wp-content\/uploads\/2023\/07\/LOGOGYS-OK.png","width":1170,"height":872,"caption":"GYS NOTICIAS |"},"image":{"@id":"https:\/\/gysfm.com.ar\/inicio\/#\/schema\/logo\/image\/"}},{"@type":"Person","@id":"https:\/\/gysfm.com.ar\/inicio\/#\/schema\/person\/3abba7593ef2ad19e1be221d54383dc5","name":"Prensa G&amp;S FM","image":{"@type":"ImageObject","inLanguage":"es","@id":"https:\/\/gysfm.com.ar\/inicio\/#\/schema\/person\/image\/","url":"https:\/\/secure.gravatar.com\/avatar\/096ec78df02049ab018702bb4ccedf659377fa92a26540b5247612077a0dbd29?s=96&d=mm&r=g","contentUrl":"https:\/\/secure.gravatar.com\/avatar\/096ec78df02049ab018702bb4ccedf659377fa92a26540b5247612077a0dbd29?s=96&d=mm&r=g","caption":"Prensa G&amp;S FM"},"sameAs":["https:\/\/gysfm.com.ar\/"],"url":"https:\/\/gysfm.com.ar\/inicio\/author\/lucasm\/"}]}},"_links":{"self":[{"href":"https:\/\/gysfm.com.ar\/inicio\/wp-json\/wp\/v2\/posts\/193089","targetHints":{"allow":["GET"]}}],"collection":[{"href":"https:\/\/gysfm.com.ar\/inicio\/wp-json\/wp\/v2\/posts"}],"about":[{"href":"https:\/\/gysfm.com.ar\/inicio\/wp-json\/wp\/v2\/types\/post"}],"author":[{"embeddable":true,"href":"https:\/\/gysfm.com.ar\/inicio\/wp-json\/wp\/v2\/users\/2"}],"replies":[{"embeddable":true,"href":"https:\/\/gysfm.com.ar\/inicio\/wp-json\/wp\/v2\/comments?post=193089"}],"version-history":[{"count":0,"href":"https:\/\/gysfm.com.ar\/inicio\/wp-json\/wp\/v2\/posts\/193089\/revisions"}],"wp:featuredmedia":[{"embeddable":true,"href":"https:\/\/gysfm.com.ar\/inicio\/wp-json\/wp\/v2\/media\/193090"}],"wp:attachment":[{"href":"https:\/\/gysfm.com.ar\/inicio\/wp-json\/wp\/v2\/media?parent=193089"}],"wp:term":[{"taxonomy":"category","embeddable":true,"href":"https:\/\/gysfm.com.ar\/inicio\/wp-json\/wp\/v2\/categories?post=193089"},{"taxonomy":"post_tag","embeddable":true,"href":"https:\/\/gysfm.com.ar\/inicio\/wp-json\/wp\/v2\/tags?post=193089"}],"curies":[{"name":"wp","href":"https:\/\/api.w.org\/{rel}","templated":true}]}}