{"id":193087,"date":"2026-04-26T09:18:48","date_gmt":"2026-04-26T12:18:48","guid":{"rendered":"https:\/\/gysfm.com.ar\/inicio\/el-gobierno-impulsa-que-uno-de-los-jueces-que-fallo-a-favor-de-la-reforma-laboral-siga-en-su-cargo-despues-de-los-75-anos\/"},"modified":"2026-04-26T09:18:48","modified_gmt":"2026-04-26T12:18:48","slug":"el-gobierno-impulsa-que-uno-de-los-jueces-que-fallo-a-favor-de-la-reforma-laboral-siga-en-su-cargo-despues-de-los-75-anos","status":"publish","type":"post","link":"https:\/\/gysfm.com.ar\/inicio\/el-gobierno-impulsa-que-uno-de-los-jueces-que-fallo-a-favor-de-la-reforma-laboral-siga-en-su-cargo-despues-de-los-75-anos\/","title":{"rendered":"El Gobierno impulsa que uno de los jueces que fall\u00f3 a favor de la reforma laboral siga en su cargo despu\u00e9s de los 75 a\u00f1os"},"content":{"rendered":"<p><\/p>\n<div id=\"article-content\">\n<p>El Gobierno inici\u00f3 este viernes el <strong>tr\u00e1mite para un nuevo acuerdo <\/strong>con el objetivo de que contin\u00faen en sus cargos <strong>dos jueces pr\u00f3ximos a cumplir los 75 a\u00f1os. <\/strong>Se trata de <strong>Leopoldo Rago Gallo,<\/strong> titular del juzgado federal 2 de San Juan y <a target=\"_blank\" href=\"https:\/\/www.perfil.com\/noticias\/politica\/la-reforma-laboral-vuelve-al-ruedo-la-camara-nacional-de-apelaciones-deja-sin-efecto-el-freno-judicial-y-valida-su-aplicacion-inmediata.phtml\"><strong>V\u00edctor Arturo Pesino,<\/strong><\/a> magistrado de la Sala VIII de la C\u00e1mara del Trabajo, uno de los jueces que ratific\u00f3 la <strong>vigencia de la reforma laboral.<\/strong><\/p>\n<p>Pesino es el magistrado que, junto con <strong>Mar\u00eda Dora Gonz\u00e1lez,<\/strong> firm\u00f3 este jueves la sentencia de C\u00e1mara que suspendi\u00f3 la medida cautelar que hab\u00eda dictado el juez <strong>Ra\u00fal Ojeda<\/strong> para frenar m\u00e1s de 80 art\u00edculos de la <strong>Ley de Modernizaci\u00f3n Laboral,<\/strong> que impulsa el Gobierno.<\/p>\n<div class=\"subscription\">\n<p>\n        Esto no les gusta a los autoritarios\n    <\/p>\n<div class=\"subscription__container\">\n<div class=\"subscription__text-wrapper\">\n<p>\n                El ejercicio del periodismo profesional y cr\u00edtico es un pilar fundamental de la democracia. Por eso molesta a quienes creen ser los due\u00f1os de la verdad.\n            <\/p>\n<\/p><\/div><\/div>\n<\/div>\n<p class=\"destacadoNota\"><a target=\"_blank\" href=\"https:\/\/www.perfil.com\/noticias\/politica\/la-reforma-laboral-vuelve-al-ruedo-la-camara-nacional-de-apelaciones-deja-sin-efecto-el-freno-judicial-y-valida-su-aplicacion-inmediata.phtml\">La reforma laboral vuelve al ruedo: la C\u00e1mara Nacional de Apelaciones deja sin efecto el freno judicial y valida su aplicaci\u00f3n inmediata<\/a><\/p>\n<p>\u201cLa Sala VIII ha optado claramente <strong>en contra del trabajador<\/strong>\u201d, afirm\u00f3 la <a target=\"_blank\" href=\"https:\/\/www.perfil.com\/noticias\/politica\/cgt-apela-fallo-justicia-reforma-laboral-milei.phtml\"><strong>Confederaci\u00f3n General del Trabajo (CGT)<\/strong><\/a> en un comunicado luego de que se hiciera p\u00fablico el fallo y destac\u00f3 que Gonz\u00e1lez y Pesino se apartaron de la doctrina de la Corte Suprema de Justicia de la Naci\u00f3n.<\/p>\n<p>La central obrera plante\u00f3 que \u201cresulta impropio de un tribunal de trabajo que decida mantener la vigencia de la ley y la incumpla al<strong> no aplicar los precedentes de la Corte Suprema de Justicia, <\/strong>que reconoce a los trabajadores como sector vulnerable y de preferente tutela\u201d.<\/p>\n<p class=\"destacadoNota\"><a target=\"_blank\" href=\"https:\/\/www.perfil.com\/noticias\/politica\/cgt-apela-fallo-justicia-reforma-laboral-milei.phtml\">La CGT apelar\u00e1 el fallo que rehabilit\u00f3 la reforma laboral de Javier Milei<\/a><\/p>\n<p>En el texto, firmado por el Consejo Directivo nacional, los sindicalistas dejaron abierta la posibilidad de denunciar a ambos jueces laborales ante el Consejo de la Magistratura por <strong>mal desempe\u00f1o de sus funciones.<\/strong><\/p>\n<p>\u201c<strong>Los trabajadores somos sujetos de preferente atenci\u00f3n constitucional<\/strong>\u201d, se\u00f1alaron en el parte de prensa.<\/p>\n<p>Para el pr\u00f3ximo jueves, 30 de abril, <strong>la CGT tiene previsto marchar en la v\u00edspera del D\u00eda del Trabajador <\/strong>y profundizar el reclamo por la reforma laboral,<\/p>\n<h2>Jueces tiempistas<\/h2>\n<p>Apenas un d\u00eda despu\u00e9s de la sentencia, el Gobierno public\u00f3 en el Bolet\u00edn Oficial el pedido de Pesino y Rago Gallo por permanecer en sus cargos una vez que cumplan los 75 a\u00f1os, para lo que requieren acuerdo del Senado, tal como lo solicit\u00f3 en su momento el camarista de Casaci\u00f3n <a target=\"_blank\" href=\"https:\/\/www.perfil.com\/noticias\/politica\/senado-el-pliego-de-mahiques-avanzo-en-medio-de-chispazos-por-lago-escondido-y-la-integracion-de-la-comision.phtml\"><strong>Carlos Mahiques,<\/strong><\/a> el padre del ministro de Justicia, quien defendi\u00f3 su pliego en la C\u00e1mara alta el 16 de abril.<\/p>\n<p class=\"destacadoNota\"><a target=\"_blank\" href=\"https:\/\/www.perfil.com\/noticias\/politica\/senado-el-pliego-de-mahiques-avanzo-en-medio-de-chispazos-por-lago-escondido-y-la-integracion-de-la-comision.phtml\">Senado: el pliego de Mahiques avanz\u00f3 en medio de chispazos por Lago Escondido y la integraci\u00f3n de la comisi\u00f3n<\/a><\/p>\n<p>Durante cinco d\u00edas h\u00e1biles <strong>se podr\u00e1n presentar adhesiones o impugnaciones<\/strong> a su continuidad \u201cpor escrito y de modo fundado y documentado\u201d, seg\u00fan establece la resoluci\u00f3n.<\/p>\n<p>El juez de la C\u00e1mara Federal, <strong>Mart\u00edn Irurzun,<\/strong> tambi\u00e9n pidi\u00f3 por su continuidad luego de que cumpla los 75 a\u00f1os pero todav\u00eda no mandaron su pliego.<\/p>\n<h2>El camino en tribunales de la reforma laboral<\/h2>\n<p>El viernes pasado, el Gobierno a trav\u00e9s de la <strong>Procuraci\u00f3n del Tesoro<\/strong> en representaci\u00f3n de la Secretar\u00eda de Trabajo present\u00f3 un <strong>\u201cper saltum\u201d<\/strong> ante la Corte Suprema para revertir el fallo que fren\u00f3 m\u00e1s de 80 art\u00edculos de la ley tras una demanda que present\u00f3 la CGT.<\/p>\n<p>Aunque el M\u00e1ximo Tribunal a\u00fan no se pronunci\u00f3, este jueves se conoci\u00f3 el<strong> fallo de los jueces de la C\u00e1mara del Trabajo, favorable al Gobierno.<\/strong><\/p>\n<\/p><\/div>\n<p><script>\n                !function(f,b,e,v,n,t,s)\n                {if(f.fbq)return;n=f.fbq=function(){n.callMethod?\n                    n.callMethod.apply(n,arguments):n.queue.push(arguments)};\n                    if(!f._fbq)f._fbq=n;n.push=n;n.loaded=!0;n.version='2.0';\n                    n.queue=[];t=b.createElement(e);t.async=!0;\n                    t.src=v;s=b.getElementsByTagName(e)[0];\n                    s.parentNode.insertBefore(t,s)}(window, document,'script',\n                    'https:\/\/connect.facebook.net\/en_US\/fbevents.js');\n                window.paywallConfig.facebook_pixel=\"1000228364089342\"\n            <\/script><\/p>\n","protected":false},"excerpt":{"rendered":"<p>El Gobierno inici\u00f3 este viernes el tr\u00e1mite para un nuevo acuerdo con el objetivo de que contin\u00faen en sus cargos dos jueces pr\u00f3ximos a cumplir los 75 a\u00f1os. Se trata de Leopoldo Rago Gallo, titular del juzgado federal 2 de San Juan y V\u00edctor Arturo Pesino, magistrado de la Sala VIII de la C\u00e1mara del [&hellip;]<\/p>\n","protected":false},"author":2,"featured_media":193088,"comment_status":"closed","ping_status":"closed","sticky":false,"template":"","format":"standard","meta":{"footnotes":""},"categories":[25],"tags":[],"class_list":["post-193087","post","type-post","status-publish","format-standard","has-post-thumbnail","hentry","category-nacionales"],"yoast_head":"<!-- This site is optimized with the Yoast SEO plugin v24.4 - https:\/\/yoast.com\/wordpress\/plugins\/seo\/ -->\n<title>El Gobierno impulsa que uno de los jueces que fall\u00f3 a favor de la reforma laboral siga en su cargo despu\u00e9s de los 75 a\u00f1os - GYS NOTICIAS |<\/title>\n<meta name=\"robots\" content=\"index, follow, max-snippet:-1, max-image-preview:large, max-video-preview:-1\" \/>\n<link rel=\"canonical\" href=\"https:\/\/gysfm.com.ar\/inicio\/el-gobierno-impulsa-que-uno-de-los-jueces-que-fallo-a-favor-de-la-reforma-laboral-siga-en-su-cargo-despues-de-los-75-anos\/\" \/>\n<meta property=\"og:locale\" content=\"es_ES\" \/>\n<meta property=\"og:type\" content=\"article\" \/>\n<meta property=\"og:title\" content=\"El Gobierno impulsa que uno de los jueces que fall\u00f3 a favor de la reforma laboral siga en su cargo despu\u00e9s de los 75 a\u00f1os - GYS NOTICIAS |\" \/>\n<meta property=\"og:description\" content=\"El Gobierno inici\u00f3 este viernes el tr\u00e1mite para un nuevo acuerdo con el objetivo de que contin\u00faen en sus cargos dos jueces pr\u00f3ximos a cumplir los 75 a\u00f1os. Se trata de Leopoldo Rago Gallo, titular del juzgado federal 2 de San Juan y V\u00edctor Arturo Pesino, magistrado de la Sala VIII de la C\u00e1mara del [&hellip;]\" \/>\n<meta property=\"og:url\" content=\"https:\/\/gysfm.com.ar\/inicio\/el-gobierno-impulsa-que-uno-de-los-jueces-que-fallo-a-favor-de-la-reforma-laboral-siga-en-su-cargo-despues-de-los-75-anos\/\" \/>\n<meta property=\"og:site_name\" content=\"GYS NOTICIAS |\" \/>\n<meta property=\"article:published_time\" content=\"2026-04-26T12:18:48+00:00\" \/>\n<meta name=\"author\" content=\"Prensa G&amp;S FM\" \/>\n<meta name=\"twitter:card\" content=\"summary_large_image\" \/>\n<meta name=\"twitter:label1\" content=\"Escrito por\" \/>\n\t<meta name=\"twitter:data1\" content=\"Prensa G&amp;S FM\" \/>\n\t<meta name=\"twitter:label2\" content=\"Tiempo de lectura\" \/>\n\t<meta name=\"twitter:data2\" content=\"3 minutos\" \/>\n<script type=\"application\/ld+json\" class=\"yoast-schema-graph\">{\"@context\":\"https:\/\/schema.org\",\"@graph\":[{\"@type\":\"Article\",\"@id\":\"https:\/\/gysfm.com.ar\/inicio\/el-gobierno-impulsa-que-uno-de-los-jueces-que-fallo-a-favor-de-la-reforma-laboral-siga-en-su-cargo-despues-de-los-75-anos\/#article\",\"isPartOf\":{\"@id\":\"https:\/\/gysfm.com.ar\/inicio\/el-gobierno-impulsa-que-uno-de-los-jueces-que-fallo-a-favor-de-la-reforma-laboral-siga-en-su-cargo-despues-de-los-75-anos\/\"},\"author\":{\"name\":\"Prensa G&amp;S FM\",\"@id\":\"https:\/\/gysfm.com.ar\/inicio\/#\/schema\/person\/3abba7593ef2ad19e1be221d54383dc5\"},\"headline\":\"El Gobierno impulsa que uno de los jueces que fall\u00f3 a favor de la reforma laboral siga en su cargo despu\u00e9s de los 75 a\u00f1os\",\"datePublished\":\"2026-04-26T12:18:48+00:00\",\"mainEntityOfPage\":{\"@id\":\"https:\/\/gysfm.com.ar\/inicio\/el-gobierno-impulsa-que-uno-de-los-jueces-que-fallo-a-favor-de-la-reforma-laboral-siga-en-su-cargo-despues-de-los-75-anos\/\"},\"wordCount\":645,\"publisher\":{\"@id\":\"https:\/\/gysfm.com.ar\/inicio\/#organization\"},\"image\":{\"@id\":\"https:\/\/gysfm.com.ar\/inicio\/el-gobierno-impulsa-que-uno-de-los-jueces-que-fallo-a-favor-de-la-reforma-laboral-siga-en-su-cargo-despues-de-los-75-anos\/#primaryimage\"},\"thumbnailUrl\":\"https:\/\/gysfm.com.ar\/inicio\/wp-content\/uploads\/2026\/04\/milei-y-adorni-2227001.jpg\",\"articleSection\":[\"NACIONALES\"],\"inLanguage\":\"es\"},{\"@type\":\"WebPage\",\"@id\":\"https:\/\/gysfm.com.ar\/inicio\/el-gobierno-impulsa-que-uno-de-los-jueces-que-fallo-a-favor-de-la-reforma-laboral-siga-en-su-cargo-despues-de-los-75-anos\/\",\"url\":\"https:\/\/gysfm.com.ar\/inicio\/el-gobierno-impulsa-que-uno-de-los-jueces-que-fallo-a-favor-de-la-reforma-laboral-siga-en-su-cargo-despues-de-los-75-anos\/\",\"name\":\"El Gobierno impulsa que uno de los jueces que fall\u00f3 a favor de la reforma laboral siga en su cargo despu\u00e9s de los 75 a\u00f1os - GYS NOTICIAS |\",\"isPartOf\":{\"@id\":\"https:\/\/gysfm.com.ar\/inicio\/#website\"},\"primaryImageOfPage\":{\"@id\":\"https:\/\/gysfm.com.ar\/inicio\/el-gobierno-impulsa-que-uno-de-los-jueces-que-fallo-a-favor-de-la-reforma-laboral-siga-en-su-cargo-despues-de-los-75-anos\/#primaryimage\"},\"image\":{\"@id\":\"https:\/\/gysfm.com.ar\/inicio\/el-gobierno-impulsa-que-uno-de-los-jueces-que-fallo-a-favor-de-la-reforma-laboral-siga-en-su-cargo-despues-de-los-75-anos\/#primaryimage\"},\"thumbnailUrl\":\"https:\/\/gysfm.com.ar\/inicio\/wp-content\/uploads\/2026\/04\/milei-y-adorni-2227001.jpg\",\"datePublished\":\"2026-04-26T12:18:48+00:00\",\"breadcrumb\":{\"@id\":\"https:\/\/gysfm.com.ar\/inicio\/el-gobierno-impulsa-que-uno-de-los-jueces-que-fallo-a-favor-de-la-reforma-laboral-siga-en-su-cargo-despues-de-los-75-anos\/#breadcrumb\"},\"inLanguage\":\"es\",\"potentialAction\":[{\"@type\":\"ReadAction\",\"target\":[\"https:\/\/gysfm.com.ar\/inicio\/el-gobierno-impulsa-que-uno-de-los-jueces-que-fallo-a-favor-de-la-reforma-laboral-siga-en-su-cargo-despues-de-los-75-anos\/\"]}]},{\"@type\":\"ImageObject\",\"inLanguage\":\"es\",\"@id\":\"https:\/\/gysfm.com.ar\/inicio\/el-gobierno-impulsa-que-uno-de-los-jueces-que-fallo-a-favor-de-la-reforma-laboral-siga-en-su-cargo-despues-de-los-75-anos\/#primaryimage\",\"url\":\"https:\/\/gysfm.com.ar\/inicio\/wp-content\/uploads\/2026\/04\/milei-y-adorni-2227001.jpg\",\"contentUrl\":\"https:\/\/gysfm.com.ar\/inicio\/wp-content\/uploads\/2026\/04\/milei-y-adorni-2227001.jpg\",\"width\":1140,\"height\":641},{\"@type\":\"BreadcrumbList\",\"@id\":\"https:\/\/gysfm.com.ar\/inicio\/el-gobierno-impulsa-que-uno-de-los-jueces-que-fallo-a-favor-de-la-reforma-laboral-siga-en-su-cargo-despues-de-los-75-anos\/#breadcrumb\",\"itemListElement\":[{\"@type\":\"ListItem\",\"position\":1,\"name\":\"Portada\",\"item\":\"https:\/\/gysfm.com.ar\/inicio\/\"},{\"@type\":\"ListItem\",\"position\":2,\"name\":\"El Gobierno impulsa que uno de los jueces que fall\u00f3 a favor de la reforma laboral siga en su cargo despu\u00e9s de los 75 a\u00f1os\"}]},{\"@type\":\"WebSite\",\"@id\":\"https:\/\/gysfm.com.ar\/inicio\/#website\",\"url\":\"https:\/\/gysfm.com.ar\/inicio\/\",\"name\":\"GYS NOTICIAS |\",\"description\":\"DIARIO - RADIO ONLINE SAN JUAN ARGENTINA\",\"publisher\":{\"@id\":\"https:\/\/gysfm.com.ar\/inicio\/#organization\"},\"potentialAction\":[{\"@type\":\"SearchAction\",\"target\":{\"@type\":\"EntryPoint\",\"urlTemplate\":\"https:\/\/gysfm.com.ar\/inicio\/?s={search_term_string}\"},\"query-input\":{\"@type\":\"PropertyValueSpecification\",\"valueRequired\":true,\"valueName\":\"search_term_string\"}}],\"inLanguage\":\"es\"},{\"@type\":\"Organization\",\"@id\":\"https:\/\/gysfm.com.ar\/inicio\/#organization\",\"name\":\"GYS NOTICIAS |\",\"url\":\"https:\/\/gysfm.com.ar\/inicio\/\",\"logo\":{\"@type\":\"ImageObject\",\"inLanguage\":\"es\",\"@id\":\"https:\/\/gysfm.com.ar\/inicio\/#\/schema\/logo\/image\/\",\"url\":\"https:\/\/gysfm.com.ar\/inicio\/wp-content\/uploads\/2023\/07\/LOGOGYS-OK.png\",\"contentUrl\":\"https:\/\/gysfm.com.ar\/inicio\/wp-content\/uploads\/2023\/07\/LOGOGYS-OK.png\",\"width\":1170,\"height\":872,\"caption\":\"GYS NOTICIAS |\"},\"image\":{\"@id\":\"https:\/\/gysfm.com.ar\/inicio\/#\/schema\/logo\/image\/\"}},{\"@type\":\"Person\",\"@id\":\"https:\/\/gysfm.com.ar\/inicio\/#\/schema\/person\/3abba7593ef2ad19e1be221d54383dc5\",\"name\":\"Prensa G&amp;S FM\",\"image\":{\"@type\":\"ImageObject\",\"inLanguage\":\"es\",\"@id\":\"https:\/\/gysfm.com.ar\/inicio\/#\/schema\/person\/image\/\",\"url\":\"https:\/\/secure.gravatar.com\/avatar\/096ec78df02049ab018702bb4ccedf659377fa92a26540b5247612077a0dbd29?s=96&d=mm&r=g\",\"contentUrl\":\"https:\/\/secure.gravatar.com\/avatar\/096ec78df02049ab018702bb4ccedf659377fa92a26540b5247612077a0dbd29?s=96&d=mm&r=g\",\"caption\":\"Prensa G&amp;S FM\"},\"sameAs\":[\"https:\/\/gysfm.com.ar\/\"],\"url\":\"https:\/\/gysfm.com.ar\/inicio\/author\/lucasm\/\"}]}<\/script>\n<!-- \/ Yoast SEO plugin. -->","yoast_head_json":{"title":"El Gobierno impulsa que uno de los jueces que fall\u00f3 a favor de la reforma laboral siga en su cargo despu\u00e9s de los 75 a\u00f1os - GYS NOTICIAS |","robots":{"index":"index","follow":"follow","max-snippet":"max-snippet:-1","max-image-preview":"max-image-preview:large","max-video-preview":"max-video-preview:-1"},"canonical":"https:\/\/gysfm.com.ar\/inicio\/el-gobierno-impulsa-que-uno-de-los-jueces-que-fallo-a-favor-de-la-reforma-laboral-siga-en-su-cargo-despues-de-los-75-anos\/","og_locale":"es_ES","og_type":"article","og_title":"El Gobierno impulsa que uno de los jueces que fall\u00f3 a favor de la reforma laboral siga en su cargo despu\u00e9s de los 75 a\u00f1os - GYS NOTICIAS |","og_description":"El Gobierno inici\u00f3 este viernes el tr\u00e1mite para un nuevo acuerdo con el objetivo de que contin\u00faen en sus cargos dos jueces pr\u00f3ximos a cumplir los 75 a\u00f1os. Se trata de Leopoldo Rago Gallo, titular del juzgado federal 2 de San Juan y V\u00edctor Arturo Pesino, magistrado de la Sala VIII de la C\u00e1mara del [&hellip;]","og_url":"https:\/\/gysfm.com.ar\/inicio\/el-gobierno-impulsa-que-uno-de-los-jueces-que-fallo-a-favor-de-la-reforma-laboral-siga-en-su-cargo-despues-de-los-75-anos\/","og_site_name":"GYS NOTICIAS |","article_published_time":"2026-04-26T12:18:48+00:00","author":"Prensa G&amp;S FM","twitter_card":"summary_large_image","twitter_misc":{"Escrito por":"Prensa G&amp;S FM","Tiempo de lectura":"3 minutos"},"schema":{"@context":"https:\/\/schema.org","@graph":[{"@type":"Article","@id":"https:\/\/gysfm.com.ar\/inicio\/el-gobierno-impulsa-que-uno-de-los-jueces-que-fallo-a-favor-de-la-reforma-laboral-siga-en-su-cargo-despues-de-los-75-anos\/#article","isPartOf":{"@id":"https:\/\/gysfm.com.ar\/inicio\/el-gobierno-impulsa-que-uno-de-los-jueces-que-fallo-a-favor-de-la-reforma-laboral-siga-en-su-cargo-despues-de-los-75-anos\/"},"author":{"name":"Prensa G&amp;S FM","@id":"https:\/\/gysfm.com.ar\/inicio\/#\/schema\/person\/3abba7593ef2ad19e1be221d54383dc5"},"headline":"El Gobierno impulsa que uno de los jueces que fall\u00f3 a favor de la reforma laboral siga en su cargo despu\u00e9s de los 75 a\u00f1os","datePublished":"2026-04-26T12:18:48+00:00","mainEntityOfPage":{"@id":"https:\/\/gysfm.com.ar\/inicio\/el-gobierno-impulsa-que-uno-de-los-jueces-que-fallo-a-favor-de-la-reforma-laboral-siga-en-su-cargo-despues-de-los-75-anos\/"},"wordCount":645,"publisher":{"@id":"https:\/\/gysfm.com.ar\/inicio\/#organization"},"image":{"@id":"https:\/\/gysfm.com.ar\/inicio\/el-gobierno-impulsa-que-uno-de-los-jueces-que-fallo-a-favor-de-la-reforma-laboral-siga-en-su-cargo-despues-de-los-75-anos\/#primaryimage"},"thumbnailUrl":"https:\/\/gysfm.com.ar\/inicio\/wp-content\/uploads\/2026\/04\/milei-y-adorni-2227001.jpg","articleSection":["NACIONALES"],"inLanguage":"es"},{"@type":"WebPage","@id":"https:\/\/gysfm.com.ar\/inicio\/el-gobierno-impulsa-que-uno-de-los-jueces-que-fallo-a-favor-de-la-reforma-laboral-siga-en-su-cargo-despues-de-los-75-anos\/","url":"https:\/\/gysfm.com.ar\/inicio\/el-gobierno-impulsa-que-uno-de-los-jueces-que-fallo-a-favor-de-la-reforma-laboral-siga-en-su-cargo-despues-de-los-75-anos\/","name":"El Gobierno impulsa que uno de los jueces que fall\u00f3 a favor de la reforma laboral siga en su cargo despu\u00e9s de los 75 a\u00f1os - GYS NOTICIAS |","isPartOf":{"@id":"https:\/\/gysfm.com.ar\/inicio\/#website"},"primaryImageOfPage":{"@id":"https:\/\/gysfm.com.ar\/inicio\/el-gobierno-impulsa-que-uno-de-los-jueces-que-fallo-a-favor-de-la-reforma-laboral-siga-en-su-cargo-despues-de-los-75-anos\/#primaryimage"},"image":{"@id":"https:\/\/gysfm.com.ar\/inicio\/el-gobierno-impulsa-que-uno-de-los-jueces-que-fallo-a-favor-de-la-reforma-laboral-siga-en-su-cargo-despues-de-los-75-anos\/#primaryimage"},"thumbnailUrl":"https:\/\/gysfm.com.ar\/inicio\/wp-content\/uploads\/2026\/04\/milei-y-adorni-2227001.jpg","datePublished":"2026-04-26T12:18:48+00:00","breadcrumb":{"@id":"https:\/\/gysfm.com.ar\/inicio\/el-gobierno-impulsa-que-uno-de-los-jueces-que-fallo-a-favor-de-la-reforma-laboral-siga-en-su-cargo-despues-de-los-75-anos\/#breadcrumb"},"inLanguage":"es","potentialAction":[{"@type":"ReadAction","target":["https:\/\/gysfm.com.ar\/inicio\/el-gobierno-impulsa-que-uno-de-los-jueces-que-fallo-a-favor-de-la-reforma-laboral-siga-en-su-cargo-despues-de-los-75-anos\/"]}]},{"@type":"ImageObject","inLanguage":"es","@id":"https:\/\/gysfm.com.ar\/inicio\/el-gobierno-impulsa-que-uno-de-los-jueces-que-fallo-a-favor-de-la-reforma-laboral-siga-en-su-cargo-despues-de-los-75-anos\/#primaryimage","url":"https:\/\/gysfm.com.ar\/inicio\/wp-content\/uploads\/2026\/04\/milei-y-adorni-2227001.jpg","contentUrl":"https:\/\/gysfm.com.ar\/inicio\/wp-content\/uploads\/2026\/04\/milei-y-adorni-2227001.jpg","width":1140,"height":641},{"@type":"BreadcrumbList","@id":"https:\/\/gysfm.com.ar\/inicio\/el-gobierno-impulsa-que-uno-de-los-jueces-que-fallo-a-favor-de-la-reforma-laboral-siga-en-su-cargo-despues-de-los-75-anos\/#breadcrumb","itemListElement":[{"@type":"ListItem","position":1,"name":"Portada","item":"https:\/\/gysfm.com.ar\/inicio\/"},{"@type":"ListItem","position":2,"name":"El Gobierno impulsa que uno de los jueces que fall\u00f3 a favor de la reforma laboral siga en su cargo despu\u00e9s de los 75 a\u00f1os"}]},{"@type":"WebSite","@id":"https:\/\/gysfm.com.ar\/inicio\/#website","url":"https:\/\/gysfm.com.ar\/inicio\/","name":"GYS NOTICIAS |","description":"DIARIO - RADIO ONLINE SAN JUAN ARGENTINA","publisher":{"@id":"https:\/\/gysfm.com.ar\/inicio\/#organization"},"potentialAction":[{"@type":"SearchAction","target":{"@type":"EntryPoint","urlTemplate":"https:\/\/gysfm.com.ar\/inicio\/?s={search_term_string}"},"query-input":{"@type":"PropertyValueSpecification","valueRequired":true,"valueName":"search_term_string"}}],"inLanguage":"es"},{"@type":"Organization","@id":"https:\/\/gysfm.com.ar\/inicio\/#organization","name":"GYS NOTICIAS |","url":"https:\/\/gysfm.com.ar\/inicio\/","logo":{"@type":"ImageObject","inLanguage":"es","@id":"https:\/\/gysfm.com.ar\/inicio\/#\/schema\/logo\/image\/","url":"https:\/\/gysfm.com.ar\/inicio\/wp-content\/uploads\/2023\/07\/LOGOGYS-OK.png","contentUrl":"https:\/\/gysfm.com.ar\/inicio\/wp-content\/uploads\/2023\/07\/LOGOGYS-OK.png","width":1170,"height":872,"caption":"GYS NOTICIAS |"},"image":{"@id":"https:\/\/gysfm.com.ar\/inicio\/#\/schema\/logo\/image\/"}},{"@type":"Person","@id":"https:\/\/gysfm.com.ar\/inicio\/#\/schema\/person\/3abba7593ef2ad19e1be221d54383dc5","name":"Prensa G&amp;S FM","image":{"@type":"ImageObject","inLanguage":"es","@id":"https:\/\/gysfm.com.ar\/inicio\/#\/schema\/person\/image\/","url":"https:\/\/secure.gravatar.com\/avatar\/096ec78df02049ab018702bb4ccedf659377fa92a26540b5247612077a0dbd29?s=96&d=mm&r=g","contentUrl":"https:\/\/secure.gravatar.com\/avatar\/096ec78df02049ab018702bb4ccedf659377fa92a26540b5247612077a0dbd29?s=96&d=mm&r=g","caption":"Prensa G&amp;S FM"},"sameAs":["https:\/\/gysfm.com.ar\/"],"url":"https:\/\/gysfm.com.ar\/inicio\/author\/lucasm\/"}]}},"_links":{"self":[{"href":"https:\/\/gysfm.com.ar\/inicio\/wp-json\/wp\/v2\/posts\/193087","targetHints":{"allow":["GET"]}}],"collection":[{"href":"https:\/\/gysfm.com.ar\/inicio\/wp-json\/wp\/v2\/posts"}],"about":[{"href":"https:\/\/gysfm.com.ar\/inicio\/wp-json\/wp\/v2\/types\/post"}],"author":[{"embeddable":true,"href":"https:\/\/gysfm.com.ar\/inicio\/wp-json\/wp\/v2\/users\/2"}],"replies":[{"embeddable":true,"href":"https:\/\/gysfm.com.ar\/inicio\/wp-json\/wp\/v2\/comments?post=193087"}],"version-history":[{"count":0,"href":"https:\/\/gysfm.com.ar\/inicio\/wp-json\/wp\/v2\/posts\/193087\/revisions"}],"wp:featuredmedia":[{"embeddable":true,"href":"https:\/\/gysfm.com.ar\/inicio\/wp-json\/wp\/v2\/media\/193088"}],"wp:attachment":[{"href":"https:\/\/gysfm.com.ar\/inicio\/wp-json\/wp\/v2\/media?parent=193087"}],"wp:term":[{"taxonomy":"category","embeddable":true,"href":"https:\/\/gysfm.com.ar\/inicio\/wp-json\/wp\/v2\/categories?post=193087"},{"taxonomy":"post_tag","embeddable":true,"href":"https:\/\/gysfm.com.ar\/inicio\/wp-json\/wp\/v2\/tags?post=193087"}],"curies":[{"name":"wp","href":"https:\/\/api.w.org\/{rel}","templated":true}]}}