{"id":193085,"date":"2026-04-26T09:11:41","date_gmt":"2026-04-26T12:11:41","guid":{"rendered":"https:\/\/gysfm.com.ar\/inicio\/si-uno-se-presenta-como-progresista-tiene-que-saber-que-el-gasto-no-es-infinito\/"},"modified":"2026-04-26T09:11:41","modified_gmt":"2026-04-26T12:11:41","slug":"si-uno-se-presenta-como-progresista-tiene-que-saber-que-el-gasto-no-es-infinito","status":"publish","type":"post","link":"https:\/\/gysfm.com.ar\/inicio\/si-uno-se-presenta-como-progresista-tiene-que-saber-que-el-gasto-no-es-infinito\/","title":{"rendered":"Si uno se presenta como progresista tiene que saber que el gasto no es infinito"},"content":{"rendered":"<p> <br \/>\n<\/p>\n<div id=\"\">\n<p id=\"p-1777135937528-25521\"><strong> Mario Cimoli es doctor en Econom\u00eda por la Universidad de Sussex del Reino Unido<\/strong>. Fue secretario ejecutivo adjunto de la<strong> Comisi\u00f3n Econ\u00f3mica para Am\u00e9rica Latina y el Caribe (CEPAL) entre 2017 y 2022<\/strong>, y secretario ejecutivo interino en 2022. Es profesor en la Universidad Aut\u00f3noma Metropolitana en M\u00e9xico y profesor invitado en la Escuela de Estudios Avanzados Sant&#8217;Anna en Pisa, Italia.<\/p>\n<\/div>\n<div id=\"\">\n<p id=\"p-1777160319632-22724\">De mirada cr\u00edtica, en su paso por la Ciudad de Buenos Aires dialog\u00f3 durante una hora con <strong>\u00c1mbito<\/strong> sobre las fallas en los planes econ\u00f3micos de los progresismos regionales y la necesidad de aplicar pol\u00edticas industriales para el desarrollo.<\/p>\n<\/div>\n<div id=\"\">\n<p id=\"p-1777135937528-86128\"><strong>Periodista: \u00bfLos progresismos de la regi\u00f3n se agotaron porque aumentaron el gasto social sin tener en cuenta el crecimiento de la productividad?<\/strong><\/p>\n<\/p><\/div>\n<div id=\"\">\n<p id=\"p-1777135937528-60538\"> <strong>Mario Cimoli:<\/strong> La pol\u00edtica social de por s\u00ed no es mala, es buena, hay que hacerla. Hay que tener pol\u00edticas sociales focalizadas y algunas universales. Los modelos de estado de bienestar son sostenibles en la medida que la productividad aumenta, lo ense\u00f1a la historia. Europa logr\u00f3 tener un modelo de Welfare porque la productividad despu\u00e9s de la Segunda Guerra Mundial aument\u00f3 en un modo alucinante. Hoy ese modelo est\u00e1 condicionado porque la productividad no aumenta. Hay una relaci\u00f3n entre productividad y gasto social que es muy importante tener en mente. El progresismo ha cre\u00eddo que cuando hay un problema de desigualdad, gasta y resuelve, pero incluso la teor\u00eda m\u00e1s heterodoxa reconoce que eso no es sostenible si no hay un aumento de la productividad.<\/p>\n<\/div>\n<div id=\"\">\n<p id=\"p-1777135937528-69690\"><strong>P.: \u00bfQu\u00e9 viene antes: el incremento del gasto o la suba de la productividad?<\/strong><\/p>\n<\/p><\/div>\n<div id=\"\">\n<p id=\"p-1777135937528-52942\"> <strong>M.C.:<\/strong> Es como el huevo y la gallina. Muchos pa\u00edses eligieron aumentar primero la productividad y despu\u00e9s el gasto, como los asi\u00e1ticos, tambi\u00e9n en Europa se aument\u00f3 primero la productividad. En otros casos se ha dado casi simult\u00e1neamente. Pero si uno se presenta como progresista tiene que saber que el gasto no es infinito. Supongamos que este Gobierno deja una holgura fiscal y viene una nueva administraci\u00f3n: \u00bfQu\u00e9 va a hacer? \u00bfLa va a redistribuir o la va a utilizar en pol\u00edticas que incrementen la productividad? Cualquier modelo de distribuci\u00f3n requiere una productividad creciente.<\/p>\n<p id=\"p-1777135937528-87735\"><strong>P.: \u00bfHay rechazo a la idea de la restricci\u00f3n presupuestaria dentro del progresismo?<\/strong><\/p>\n<p id=\"p-1777162312686-26697\"><strong> M.C.: <\/strong>No se puede gastar infinitamente. Eso tendr\u00e1 un efecto moment\u00e1neo pero la microeconom\u00eda ense\u00f1a que para cambiar la producci\u00f3n se necesita tiempo, estructura. Los tiempos de la generaci\u00f3n de la demanda son muy r\u00e1pidos respecto a la generaci\u00f3n de la estructura. Para hacerlo simple, cuando suben los salarios o los subsidios y crece la demanda, \u00bfQu\u00e9 es lo primero que la gente compra? Un tel\u00e9fono y esa demanda alimenta a la producci\u00f3n china.<\/p>\n<div contenteditable=\"false\" class=\"embed_cont type_imagen\" id=\"8216377-Libre-1923525824_wrap\">\n<p> Mario Cimoli 2 <span onclick=\"parent.parent.TinyMCETdcuerpo.preview_embed('8216377-Libre-1923525824')\" class=\"embed_colapse less\" id=\"8216377-Libre-1923525824_colapse\"> <\/span> <span onclick=\"parent.parent.TinyMCETdcuerpo.delete_embed('8216377-Libre-1923525824')\" class=\"embed_delete less\" id=\"8216377-Libre-1923525824_delete\"\/><\/p>\n<div id=\"8216377-Libre-1923525824_content\" class=\"embed_content\"><img decoding=\"async\" src=\"https:\/\/media.ambito.com\/p\/3e4515a3a57120363de04fa18efd7f4b\/adjuntos\/239\/imagenes\/043\/328\/0043328567\/730x0\/smart\/mario-cimoli-2.jpg\" alt=\"\" title=\"\" width=\"730\" height=\"undefined\" id=\"8216377-Libre-1923525824_embed\"\/><\/div><\/div>\n<p id=\"p-1777135937528-86730\"><strong> P.: \u00bfQu\u00e9 herramienta podr\u00edan haber utilizado los progresismos para incrementar la productividad?<\/strong><\/p>\n<p id=\"p-1777135937528-52698\"><strong> M.C.: <\/strong>Se razona a partir de la estructura productiva que tenemos y del sistema de Estado. En una econom\u00eda de mercado, una parte la hace el mercado que distribuye end\u00f3genamente alta productividad y una parte la hace el Estado que complementa. Tengo que pensar c\u00f3mo hago eso, si se deja exclusivamente a los precios relativos, no va a suceder. Se requiere una pol\u00edtica industrial y tecnol\u00f3gica. El frente fiscal es un tema importante porque en la econom\u00eda global se compite con la presi\u00f3n fiscal, eso el progresismo tampoco lo quiere reconocer. La protecci\u00f3n por s\u00ed sola no funciona, tiene que estar atada a plazos y objetivos, como en Corea. Tambi\u00e9n hay que tener una formaci\u00f3n del capital humano que permita hacerlo y hay que tener una pol\u00edtica que yo llamar\u00eda \u201cindustrial social\u201d o \u201cinnovativa social\u00bb, para aquellos sectores que son marginados a la informalidad, s\u00ed no la productividad de un pa\u00eds va a ser alta en algunos sectores y baja en el resto.<\/p>\n<p id=\"p-1777135937528-35629\"><strong>P.: \u00bfPodr\u00eda dar un ejemplo de la pol\u00edtica industrial social?<\/strong><\/p>\n<p id=\"p-1777135937528-29631\"><strong> M.C.: <\/strong>Pongamos las provincias que tienen problemas habitacionales, la infraestructura, en lugar de pagar subsidios, \u00bfNo pueden tener empresas del Estado que funcionen de forma eficiente, sin capturas? \u00bfSe podr\u00e1 lograr eso? Que distribuyan y den empleo para construir bienes p\u00fablicos, formaci\u00f3n y que esto permita aumentar la productividad. La pol\u00edtica industrial tiene que tener la componente de los sectores manufactureros de media y alta productividad y la componente de los sectores que est\u00e1n excluidos. Si no, vas a tener siempre una econom\u00eda que aumenta la grieta.<\/p>\n<p id=\"p-1777135937528-54600\"><strong>P.: \u00bfSe debe \u201celegir ganadores\u201d?<\/strong><\/p>\n<p id=\"p-1777135937528-96563\"><strong> M.C.: <\/strong>Todos los pa\u00edses eligen ganadores. Jap\u00f3n eligi\u00f3 ganadores, mir\u00e1 la batalla de semiconductores. \u00bfQui\u00e9n eligi\u00f3 los ganadores en semiconductores y en los J-Balls en Corea? Los mismos coreanos. \u00bfQui\u00e9n eligi\u00f3 los ganadores en Estados Unidos? En la \u00faltima elecci\u00f3n estaban todas las big tech al lado del Presidente. No existe pa\u00eds que se haya desarrollado sin pol\u00edtica industrial, pero si yo sostengo una renta industrial tiene que tener un plazo. Hay que negociar. C\u00f3mo se negocia en todo el mundo. O te cre\u00e9s que Trump no negocia con Meta, con Apple. Eso es pol\u00edtica industrial. Todos est\u00e1n negociando continuamente. Y de pol\u00edtica industrial no tienen que hablar solo los economistas, es importante que est\u00e9n los ingenieros presentes, los que est\u00e1n con los fierros. Hay que construir pol\u00edticas de Estado.<\/p>\n<p id=\"p-1777135937528-72524\"><strong>P.: Con Estado solo no se puede, pero sin Estado tampoco\u2026<\/strong><\/p>\n<p id=\"p-1777135937528-33670\"><strong> M.C.: <\/strong>Para m\u00ed es un debate maliciosamente equivocado. \u00bfDecir que todo lo hace el mercado? Airbus, en Europa, es construido por el Estado, la empresa Leonardo, en Italia, que est\u00e1 a la vanguardia en defensa, es construida por el Estado. La pol\u00edtica industrial de Estados Unidos, y todo el giro que tiene en torno a las Big Techs, y a la industria espacial, es pol\u00edtica del Estado. Entonces, \u00bfC\u00f3mo puede uno decir que el Estado no funciona? Lo que pasa, es que nosotros saltamos de gobiernos que dicen que todo debe hacerlo el mercado a otros donde el problema es la captura del Estado. Estos procesos requieren continuidad.<\/p>\n<p id=\"p-1777135937528-52052\"><strong>P.: En Argentina, lo m\u00e1s parecido a una pol\u00edtica de Estado es el desarrollo de Vaca Muerta\u2026<\/strong><\/p>\n<p id=\"p-1777135937528-3660\"><strong> M.C.:<\/strong> Es cierto. El problema es el siguiente. Supongamos que se desarrolla la miner\u00eda, Vaca Muerta\u2026 \u00bfEsto te resuelve un pa\u00eds de 45 millones de personas o vas a tener que intervenir? Al final, incluso un gobierno de centroderecha va a tener que intervenir con una pol\u00edtica social. Es mucho m\u00e1s de mercado entender que el Estado no puede hacerlo todo pero que puede generar que el mercado impulse esos sectores que hacen falta para que la gente tenga empleo con alta productividad.<\/p>\n<\/p><\/div>\n<p><script>\n!function(f,b,e,v,n,t,s)\n{if(f.fbq)return;n=f.fbq=function(){n.callMethod?\nn.callMethod.apply(n,arguments):n.queue.push(arguments)};\nif(!f._fbq)f._fbq=n;n.push=n;n.loaded=!0;n.version='2.0';\nn.queue=[];t=b.createElement(e);t.async=!0;\nt.src=v;s=b.getElementsByTagName(e)[0];\ns.parentNode.insertBefore(t,s)}(window,document,'script',\n'https:\/\/connect.facebook.net\/en_US\/fbevents.js');\nfbq('init', '2047048335588113');\nfbq('track', 'PageView');\n<\/script><br \/>\n<br \/><\/p>\n","protected":false},"excerpt":{"rendered":"<p>Mario Cimoli es doctor en Econom\u00eda por la Universidad de Sussex del Reino Unido. Fue secretario ejecutivo adjunto de la Comisi\u00f3n Econ\u00f3mica para Am\u00e9rica Latina y el Caribe (CEPAL) entre 2017 y 2022, y secretario ejecutivo interino en 2022. Es profesor en la Universidad Aut\u00f3noma Metropolitana en M\u00e9xico y profesor invitado en la Escuela de [&hellip;]<\/p>\n","protected":false},"author":1,"featured_media":193086,"comment_status":"closed","ping_status":"closed","sticky":false,"template":"","format":"standard","meta":{"footnotes":""},"categories":[28],"tags":[],"class_list":["post-193085","post","type-post","status-publish","format-standard","has-post-thumbnail","hentry","category-economia"],"yoast_head":"<!-- This site is optimized with the Yoast SEO plugin v24.4 - https:\/\/yoast.com\/wordpress\/plugins\/seo\/ -->\n<title>Si uno se presenta como progresista tiene que saber que el gasto no es infinito - GYS NOTICIAS |<\/title>\n<meta name=\"robots\" content=\"index, follow, max-snippet:-1, max-image-preview:large, max-video-preview:-1\" \/>\n<link rel=\"canonical\" href=\"https:\/\/gysfm.com.ar\/inicio\/si-uno-se-presenta-como-progresista-tiene-que-saber-que-el-gasto-no-es-infinito\/\" \/>\n<meta property=\"og:locale\" content=\"es_ES\" \/>\n<meta property=\"og:type\" content=\"article\" \/>\n<meta property=\"og:title\" content=\"Si uno se presenta como progresista tiene que saber que el gasto no es infinito - GYS NOTICIAS |\" \/>\n<meta property=\"og:description\" content=\"Mario Cimoli es doctor en Econom\u00eda por la Universidad de Sussex del Reino Unido. Fue secretario ejecutivo adjunto de la Comisi\u00f3n Econ\u00f3mica para Am\u00e9rica Latina y el Caribe (CEPAL) entre 2017 y 2022, y secretario ejecutivo interino en 2022. Es profesor en la Universidad Aut\u00f3noma Metropolitana en M\u00e9xico y profesor invitado en la Escuela de [&hellip;]\" \/>\n<meta property=\"og:url\" content=\"https:\/\/gysfm.com.ar\/inicio\/si-uno-se-presenta-como-progresista-tiene-que-saber-que-el-gasto-no-es-infinito\/\" \/>\n<meta property=\"og:site_name\" content=\"GYS NOTICIAS |\" \/>\n<meta property=\"article:published_time\" content=\"2026-04-26T12:11:41+00:00\" \/>\n<meta property=\"og:image\" content=\"https:\/\/media.ambito.com\/p\/3e4515a3a57120363de04fa18efd7f4b\/adjuntos\/239\/imagenes\/043\/328\/0043328567\/730x0\/smart\/mario-cimoli-2.jpg\" \/>\n<meta name=\"author\" content=\"admin\" \/>\n<meta name=\"twitter:card\" content=\"summary_large_image\" \/>\n<meta name=\"twitter:label1\" content=\"Escrito por\" \/>\n\t<meta name=\"twitter:data1\" content=\"admin\" \/>\n\t<meta name=\"twitter:label2\" content=\"Tiempo de lectura\" \/>\n\t<meta name=\"twitter:data2\" content=\"6 minutos\" \/>\n<script type=\"application\/ld+json\" class=\"yoast-schema-graph\">{\"@context\":\"https:\/\/schema.org\",\"@graph\":[{\"@type\":\"Article\",\"@id\":\"https:\/\/gysfm.com.ar\/inicio\/si-uno-se-presenta-como-progresista-tiene-que-saber-que-el-gasto-no-es-infinito\/#article\",\"isPartOf\":{\"@id\":\"https:\/\/gysfm.com.ar\/inicio\/si-uno-se-presenta-como-progresista-tiene-que-saber-que-el-gasto-no-es-infinito\/\"},\"author\":{\"name\":\"admin\",\"@id\":\"https:\/\/gysfm.com.ar\/inicio\/#\/schema\/person\/5bedd7ecd35cc35548d89effafa23696\"},\"headline\":\"Si uno se presenta como progresista tiene que saber que el gasto no es infinito\",\"datePublished\":\"2026-04-26T12:11:41+00:00\",\"mainEntityOfPage\":{\"@id\":\"https:\/\/gysfm.com.ar\/inicio\/si-uno-se-presenta-como-progresista-tiene-que-saber-que-el-gasto-no-es-infinito\/\"},\"wordCount\":1171,\"publisher\":{\"@id\":\"https:\/\/gysfm.com.ar\/inicio\/#organization\"},\"image\":{\"@id\":\"https:\/\/gysfm.com.ar\/inicio\/si-uno-se-presenta-como-progresista-tiene-que-saber-que-el-gasto-no-es-infinito\/#primaryimage\"},\"thumbnailUrl\":\"https:\/\/gysfm.com.ar\/inicio\/wp-content\/uploads\/2026\/04\/mario-cimoli.jpg\",\"articleSection\":[\"ECONOMIA\"],\"inLanguage\":\"es\"},{\"@type\":\"WebPage\",\"@id\":\"https:\/\/gysfm.com.ar\/inicio\/si-uno-se-presenta-como-progresista-tiene-que-saber-que-el-gasto-no-es-infinito\/\",\"url\":\"https:\/\/gysfm.com.ar\/inicio\/si-uno-se-presenta-como-progresista-tiene-que-saber-que-el-gasto-no-es-infinito\/\",\"name\":\"Si uno se presenta como progresista tiene que saber que el gasto no es infinito - GYS NOTICIAS |\",\"isPartOf\":{\"@id\":\"https:\/\/gysfm.com.ar\/inicio\/#website\"},\"primaryImageOfPage\":{\"@id\":\"https:\/\/gysfm.com.ar\/inicio\/si-uno-se-presenta-como-progresista-tiene-que-saber-que-el-gasto-no-es-infinito\/#primaryimage\"},\"image\":{\"@id\":\"https:\/\/gysfm.com.ar\/inicio\/si-uno-se-presenta-como-progresista-tiene-que-saber-que-el-gasto-no-es-infinito\/#primaryimage\"},\"thumbnailUrl\":\"https:\/\/gysfm.com.ar\/inicio\/wp-content\/uploads\/2026\/04\/mario-cimoli.jpg\",\"datePublished\":\"2026-04-26T12:11:41+00:00\",\"breadcrumb\":{\"@id\":\"https:\/\/gysfm.com.ar\/inicio\/si-uno-se-presenta-como-progresista-tiene-que-saber-que-el-gasto-no-es-infinito\/#breadcrumb\"},\"inLanguage\":\"es\",\"potentialAction\":[{\"@type\":\"ReadAction\",\"target\":[\"https:\/\/gysfm.com.ar\/inicio\/si-uno-se-presenta-como-progresista-tiene-que-saber-que-el-gasto-no-es-infinito\/\"]}]},{\"@type\":\"ImageObject\",\"inLanguage\":\"es\",\"@id\":\"https:\/\/gysfm.com.ar\/inicio\/si-uno-se-presenta-como-progresista-tiene-que-saber-que-el-gasto-no-es-infinito\/#primaryimage\",\"url\":\"https:\/\/gysfm.com.ar\/inicio\/wp-content\/uploads\/2026\/04\/mario-cimoli.jpg\",\"contentUrl\":\"https:\/\/gysfm.com.ar\/inicio\/wp-content\/uploads\/2026\/04\/mario-cimoli.jpg\",\"width\":1200,\"height\":675},{\"@type\":\"BreadcrumbList\",\"@id\":\"https:\/\/gysfm.com.ar\/inicio\/si-uno-se-presenta-como-progresista-tiene-que-saber-que-el-gasto-no-es-infinito\/#breadcrumb\",\"itemListElement\":[{\"@type\":\"ListItem\",\"position\":1,\"name\":\"Portada\",\"item\":\"https:\/\/gysfm.com.ar\/inicio\/\"},{\"@type\":\"ListItem\",\"position\":2,\"name\":\"Si uno se presenta como progresista tiene que saber que el gasto no es infinito\"}]},{\"@type\":\"WebSite\",\"@id\":\"https:\/\/gysfm.com.ar\/inicio\/#website\",\"url\":\"https:\/\/gysfm.com.ar\/inicio\/\",\"name\":\"GYS NOTICIAS |\",\"description\":\"DIARIO - RADIO ONLINE SAN JUAN ARGENTINA\",\"publisher\":{\"@id\":\"https:\/\/gysfm.com.ar\/inicio\/#organization\"},\"potentialAction\":[{\"@type\":\"SearchAction\",\"target\":{\"@type\":\"EntryPoint\",\"urlTemplate\":\"https:\/\/gysfm.com.ar\/inicio\/?s={search_term_string}\"},\"query-input\":{\"@type\":\"PropertyValueSpecification\",\"valueRequired\":true,\"valueName\":\"search_term_string\"}}],\"inLanguage\":\"es\"},{\"@type\":\"Organization\",\"@id\":\"https:\/\/gysfm.com.ar\/inicio\/#organization\",\"name\":\"GYS NOTICIAS |\",\"url\":\"https:\/\/gysfm.com.ar\/inicio\/\",\"logo\":{\"@type\":\"ImageObject\",\"inLanguage\":\"es\",\"@id\":\"https:\/\/gysfm.com.ar\/inicio\/#\/schema\/logo\/image\/\",\"url\":\"https:\/\/gysfm.com.ar\/inicio\/wp-content\/uploads\/2023\/07\/LOGOGYS-OK.png\",\"contentUrl\":\"https:\/\/gysfm.com.ar\/inicio\/wp-content\/uploads\/2023\/07\/LOGOGYS-OK.png\",\"width\":1170,\"height\":872,\"caption\":\"GYS NOTICIAS |\"},\"image\":{\"@id\":\"https:\/\/gysfm.com.ar\/inicio\/#\/schema\/logo\/image\/\"}},{\"@type\":\"Person\",\"@id\":\"https:\/\/gysfm.com.ar\/inicio\/#\/schema\/person\/5bedd7ecd35cc35548d89effafa23696\",\"name\":\"admin\",\"image\":{\"@type\":\"ImageObject\",\"inLanguage\":\"es\",\"@id\":\"https:\/\/gysfm.com.ar\/inicio\/#\/schema\/person\/image\/\",\"url\":\"https:\/\/secure.gravatar.com\/avatar\/c331d312b5243fb64d5ba28108a447b27c925295129a363082c9ea52c28d32c2?s=96&d=mm&r=g\",\"contentUrl\":\"https:\/\/secure.gravatar.com\/avatar\/c331d312b5243fb64d5ba28108a447b27c925295129a363082c9ea52c28d32c2?s=96&d=mm&r=g\",\"caption\":\"admin\"},\"sameAs\":[\"https:\/\/gysfm.com.ar\/inicio\"],\"url\":\"https:\/\/gysfm.com.ar\/inicio\/author\/admin\/\"}]}<\/script>\n<!-- \/ Yoast SEO plugin. -->","yoast_head_json":{"title":"Si uno se presenta como progresista tiene que saber que el gasto no es infinito - GYS NOTICIAS |","robots":{"index":"index","follow":"follow","max-snippet":"max-snippet:-1","max-image-preview":"max-image-preview:large","max-video-preview":"max-video-preview:-1"},"canonical":"https:\/\/gysfm.com.ar\/inicio\/si-uno-se-presenta-como-progresista-tiene-que-saber-que-el-gasto-no-es-infinito\/","og_locale":"es_ES","og_type":"article","og_title":"Si uno se presenta como progresista tiene que saber que el gasto no es infinito - GYS NOTICIAS |","og_description":"Mario Cimoli es doctor en Econom\u00eda por la Universidad de Sussex del Reino Unido. Fue secretario ejecutivo adjunto de la Comisi\u00f3n Econ\u00f3mica para Am\u00e9rica Latina y el Caribe (CEPAL) entre 2017 y 2022, y secretario ejecutivo interino en 2022. Es profesor en la Universidad Aut\u00f3noma Metropolitana en M\u00e9xico y profesor invitado en la Escuela de [&hellip;]","og_url":"https:\/\/gysfm.com.ar\/inicio\/si-uno-se-presenta-como-progresista-tiene-que-saber-que-el-gasto-no-es-infinito\/","og_site_name":"GYS NOTICIAS |","article_published_time":"2026-04-26T12:11:41+00:00","og_image":[{"url":"https:\/\/media.ambito.com\/p\/3e4515a3a57120363de04fa18efd7f4b\/adjuntos\/239\/imagenes\/043\/328\/0043328567\/730x0\/smart\/mario-cimoli-2.jpg","type":"","width":"","height":""}],"author":"admin","twitter_card":"summary_large_image","twitter_misc":{"Escrito por":"admin","Tiempo de lectura":"6 minutos"},"schema":{"@context":"https:\/\/schema.org","@graph":[{"@type":"Article","@id":"https:\/\/gysfm.com.ar\/inicio\/si-uno-se-presenta-como-progresista-tiene-que-saber-que-el-gasto-no-es-infinito\/#article","isPartOf":{"@id":"https:\/\/gysfm.com.ar\/inicio\/si-uno-se-presenta-como-progresista-tiene-que-saber-que-el-gasto-no-es-infinito\/"},"author":{"name":"admin","@id":"https:\/\/gysfm.com.ar\/inicio\/#\/schema\/person\/5bedd7ecd35cc35548d89effafa23696"},"headline":"Si uno se presenta como progresista tiene que saber que el gasto no es infinito","datePublished":"2026-04-26T12:11:41+00:00","mainEntityOfPage":{"@id":"https:\/\/gysfm.com.ar\/inicio\/si-uno-se-presenta-como-progresista-tiene-que-saber-que-el-gasto-no-es-infinito\/"},"wordCount":1171,"publisher":{"@id":"https:\/\/gysfm.com.ar\/inicio\/#organization"},"image":{"@id":"https:\/\/gysfm.com.ar\/inicio\/si-uno-se-presenta-como-progresista-tiene-que-saber-que-el-gasto-no-es-infinito\/#primaryimage"},"thumbnailUrl":"https:\/\/gysfm.com.ar\/inicio\/wp-content\/uploads\/2026\/04\/mario-cimoli.jpg","articleSection":["ECONOMIA"],"inLanguage":"es"},{"@type":"WebPage","@id":"https:\/\/gysfm.com.ar\/inicio\/si-uno-se-presenta-como-progresista-tiene-que-saber-que-el-gasto-no-es-infinito\/","url":"https:\/\/gysfm.com.ar\/inicio\/si-uno-se-presenta-como-progresista-tiene-que-saber-que-el-gasto-no-es-infinito\/","name":"Si uno se presenta como progresista tiene que saber que el gasto no es infinito - GYS NOTICIAS |","isPartOf":{"@id":"https:\/\/gysfm.com.ar\/inicio\/#website"},"primaryImageOfPage":{"@id":"https:\/\/gysfm.com.ar\/inicio\/si-uno-se-presenta-como-progresista-tiene-que-saber-que-el-gasto-no-es-infinito\/#primaryimage"},"image":{"@id":"https:\/\/gysfm.com.ar\/inicio\/si-uno-se-presenta-como-progresista-tiene-que-saber-que-el-gasto-no-es-infinito\/#primaryimage"},"thumbnailUrl":"https:\/\/gysfm.com.ar\/inicio\/wp-content\/uploads\/2026\/04\/mario-cimoli.jpg","datePublished":"2026-04-26T12:11:41+00:00","breadcrumb":{"@id":"https:\/\/gysfm.com.ar\/inicio\/si-uno-se-presenta-como-progresista-tiene-que-saber-que-el-gasto-no-es-infinito\/#breadcrumb"},"inLanguage":"es","potentialAction":[{"@type":"ReadAction","target":["https:\/\/gysfm.com.ar\/inicio\/si-uno-se-presenta-como-progresista-tiene-que-saber-que-el-gasto-no-es-infinito\/"]}]},{"@type":"ImageObject","inLanguage":"es","@id":"https:\/\/gysfm.com.ar\/inicio\/si-uno-se-presenta-como-progresista-tiene-que-saber-que-el-gasto-no-es-infinito\/#primaryimage","url":"https:\/\/gysfm.com.ar\/inicio\/wp-content\/uploads\/2026\/04\/mario-cimoli.jpg","contentUrl":"https:\/\/gysfm.com.ar\/inicio\/wp-content\/uploads\/2026\/04\/mario-cimoli.jpg","width":1200,"height":675},{"@type":"BreadcrumbList","@id":"https:\/\/gysfm.com.ar\/inicio\/si-uno-se-presenta-como-progresista-tiene-que-saber-que-el-gasto-no-es-infinito\/#breadcrumb","itemListElement":[{"@type":"ListItem","position":1,"name":"Portada","item":"https:\/\/gysfm.com.ar\/inicio\/"},{"@type":"ListItem","position":2,"name":"Si uno se presenta como progresista tiene que saber que el gasto no es infinito"}]},{"@type":"WebSite","@id":"https:\/\/gysfm.com.ar\/inicio\/#website","url":"https:\/\/gysfm.com.ar\/inicio\/","name":"GYS NOTICIAS |","description":"DIARIO - RADIO ONLINE SAN JUAN ARGENTINA","publisher":{"@id":"https:\/\/gysfm.com.ar\/inicio\/#organization"},"potentialAction":[{"@type":"SearchAction","target":{"@type":"EntryPoint","urlTemplate":"https:\/\/gysfm.com.ar\/inicio\/?s={search_term_string}"},"query-input":{"@type":"PropertyValueSpecification","valueRequired":true,"valueName":"search_term_string"}}],"inLanguage":"es"},{"@type":"Organization","@id":"https:\/\/gysfm.com.ar\/inicio\/#organization","name":"GYS NOTICIAS |","url":"https:\/\/gysfm.com.ar\/inicio\/","logo":{"@type":"ImageObject","inLanguage":"es","@id":"https:\/\/gysfm.com.ar\/inicio\/#\/schema\/logo\/image\/","url":"https:\/\/gysfm.com.ar\/inicio\/wp-content\/uploads\/2023\/07\/LOGOGYS-OK.png","contentUrl":"https:\/\/gysfm.com.ar\/inicio\/wp-content\/uploads\/2023\/07\/LOGOGYS-OK.png","width":1170,"height":872,"caption":"GYS NOTICIAS |"},"image":{"@id":"https:\/\/gysfm.com.ar\/inicio\/#\/schema\/logo\/image\/"}},{"@type":"Person","@id":"https:\/\/gysfm.com.ar\/inicio\/#\/schema\/person\/5bedd7ecd35cc35548d89effafa23696","name":"admin","image":{"@type":"ImageObject","inLanguage":"es","@id":"https:\/\/gysfm.com.ar\/inicio\/#\/schema\/person\/image\/","url":"https:\/\/secure.gravatar.com\/avatar\/c331d312b5243fb64d5ba28108a447b27c925295129a363082c9ea52c28d32c2?s=96&d=mm&r=g","contentUrl":"https:\/\/secure.gravatar.com\/avatar\/c331d312b5243fb64d5ba28108a447b27c925295129a363082c9ea52c28d32c2?s=96&d=mm&r=g","caption":"admin"},"sameAs":["https:\/\/gysfm.com.ar\/inicio"],"url":"https:\/\/gysfm.com.ar\/inicio\/author\/admin\/"}]}},"_links":{"self":[{"href":"https:\/\/gysfm.com.ar\/inicio\/wp-json\/wp\/v2\/posts\/193085","targetHints":{"allow":["GET"]}}],"collection":[{"href":"https:\/\/gysfm.com.ar\/inicio\/wp-json\/wp\/v2\/posts"}],"about":[{"href":"https:\/\/gysfm.com.ar\/inicio\/wp-json\/wp\/v2\/types\/post"}],"author":[{"embeddable":true,"href":"https:\/\/gysfm.com.ar\/inicio\/wp-json\/wp\/v2\/users\/1"}],"replies":[{"embeddable":true,"href":"https:\/\/gysfm.com.ar\/inicio\/wp-json\/wp\/v2\/comments?post=193085"}],"version-history":[{"count":0,"href":"https:\/\/gysfm.com.ar\/inicio\/wp-json\/wp\/v2\/posts\/193085\/revisions"}],"wp:featuredmedia":[{"embeddable":true,"href":"https:\/\/gysfm.com.ar\/inicio\/wp-json\/wp\/v2\/media\/193086"}],"wp:attachment":[{"href":"https:\/\/gysfm.com.ar\/inicio\/wp-json\/wp\/v2\/media?parent=193085"}],"wp:term":[{"taxonomy":"category","embeddable":true,"href":"https:\/\/gysfm.com.ar\/inicio\/wp-json\/wp\/v2\/categories?post=193085"},{"taxonomy":"post_tag","embeddable":true,"href":"https:\/\/gysfm.com.ar\/inicio\/wp-json\/wp\/v2\/tags?post=193085"}],"curies":[{"name":"wp","href":"https:\/\/api.w.org\/{rel}","templated":true}]}}